{"id":282034,"date":"2023-10-23T08:39:28","date_gmt":"2023-10-23T13:39:28","guid":{"rendered":"https:\/\/www.fiscalia.gov.co\/colombia\/?p=282034"},"modified":"2023-10-30T12:43:23","modified_gmt":"2023-10-30T17:43:23","slug":"fiscalia-esclarece-amenazas-en-contra-de-la-vicepresidenta-francia-marquez-el-expresidente-de-la-republica-alvaro-uribe-y-el-excongresista-roy-barreras","status":"publish","type":"post","link":"https:\/\/www.fiscalia.gov.co\/colombia\/hay-justicia\/fiscalia-esclarece-amenazas-en-contra-de-la-vicepresidenta-francia-marquez-el-expresidente-de-la-republica-alvaro-uribe-y-el-excongresista-roy-barreras\/","title":{"rendered":"Fiscal\u00eda esclarece amenazas en contra de la vicepresidenta Francia M\u00e1rquez, el expresidente de la Rep\u00fablica \u00c1lvaro Uribe y el excongresista Roy Barreras"},"content":{"rendered":"<h4><strong><em>Los responsables de emitir los mensajes intimidatorios en redes sociales fueron identificados, aceptaron su responsabilidad y ofrecieron excusas a las v\u00edctimas.<\/em><\/strong><\/h4>\n<p>La labor investigativa de la Fiscal\u00eda General de la Naci\u00f3n permiti\u00f3 esclarecer las amenazas de muerte que recibieron por medios virtuales la Vicepresidenta Francia Elena M\u00e1rquez Mina; el expresidente de la Rep\u00fablica, \u00c1lvaro Uribe V\u00e9lez; y el expresidente del Congreso, Roy Leonardo Barreras Montealegre.<\/p>\n<p>En cada uno de los casos, fiscales del Grupo de Amenazas de la Direcci\u00f3n Especializada contra las Violaciones a los Derechos Humanos, con apoyo de un equipo de polic\u00eda judicial, identificaron y lograron la judicializaci\u00f3n de las personas que elaboraron y direccionaron los mensajes intimidatorios.<\/p>\n<p>Ante la contundencia de las pruebas en su contra, los agresores aceptaron su responsabilidad en los hechos. Y en un acto de perd\u00f3n expresaron su arrepentimiento a las v\u00edctimas y su compromiso de no repetici\u00f3n. En ese sentido, la Fiscal\u00eda aplic\u00f3 principios de oportunidad en beneficio de los investigados, los cuales fueron avalados por jueces de la Rep\u00fablica. De esta manera, cesar\u00e1 la acci\u00f3n penal en su contra.<\/p>\n<p>El primer evento involucra a Fabi\u00e1n Id\u00e1rraga Toro, quien amenaz\u00f3 a la Vicepresidenta de la Rep\u00fablica, Francia Elena M\u00e1rquez Mina y acept\u00f3 el delito de amenazas contra defensores de derechos humanos y servidores p\u00fablicos. El pasado 17 de marzo, este hombre envi\u00f3 un correo electr\u00f3nico que conten\u00eda insultos, expresiones intimidatorias y anticipaba acciones criminales en contra de la integridad personal de la vicepresidenta.<\/p>\n<p>En el segundo hecho esclarecido, Deibys P\u00e9rez Ramos reconoci\u00f3 el delito de instigaci\u00f3n para delinquir. En mayo de 2019, esta persona us\u00f3 una red social para promover un mensaje en el cual solicitaba a un grupo ilegal atentar contra del expresidente \u00c1lvaro Uribe V\u00e9lez.<\/p>\n<p>Finalmente, William Andoque Zumaeta reconoci\u00f3 el delito de amenazas contra defensores de derechos humanos y servidores p\u00fablicos. Esta persona, en noviembre de 2019, elabor\u00f3 y divulg\u00f3 mensajes con amenazas de muerte contra el entonces senador Roy Leonardo Barreras Montealegre, en un perfil que el pol\u00edtico tiene en una red social.<\/p>\n<p><strong><u>La Fiscal\u00eda habla con resultados.<\/u><\/strong><\/p>\n<p>&nbsp;<\/p>\n<p>&nbsp;<\/p>\n<p>&nbsp;<\/p>\n<p>&nbsp;<\/p>\n<p>&nbsp;<\/p>\n<p>LAGP\/JARG\/PO\/DECVDH\/MRC<\/p>\n<p>&nbsp;<\/p>\n<p>&nbsp;<\/p>\n<p>&nbsp;<\/p>\n<p>&nbsp;<\/p>\n<p>&nbsp;<\/p>\n<p>&nbsp;<\/p>\n<div class=\"td-post-content tagdiv-type\">\n<p><i>La informaci\u00f3n contenida en este bolet\u00edn de prensa corresponde a la narraci\u00f3n de los hechos noticiosos objetivos, suministrados por los funcionarios encargados de adelantar las investigaciones penales al interior de la Fiscal\u00eda General de la Naci\u00f3n. Para el momento de la divulgaci\u00f3n de este comunicado, la situaci\u00f3n jur\u00eddica de la(s) persona(s) relacionada(s) se encuentra pendiente de resolver por la autoridad judicial competente, siempre bajo los preceptos de la presunci\u00f3n de inocencia, consagrados en el art\u00edculo 29 de la Constituci\u00f3n Pol\u00edtica y el art\u00edculo 7\u00ba de la Ley 906 de 2004.<\/i><\/p>\n<\/div>\n<p>&nbsp;<\/p>\n\n<div class=\"twitter-share\"><a href=\"https:\/\/twitter.com\/intent\/tweet?via=fiscaliacol\" class=\"twitter-share-button\">Tweet<\/a><\/div>\n","protected":false},"excerpt":{"rendered":"<p>Los responsables de emitir los mensajes intimidatorios en redes sociales fueron identificados, aceptaron su responsabilidad y ofrecieron excusas a las v\u00edctimas. La labor investigativa de la Fiscal\u00eda General de la Naci\u00f3n permiti\u00f3 esclarecer las amenazas de muerte que recibieron por medios virtuales la Vicepresidenta Francia Elena M\u00e1rquez Mina; el expresidente de la Rep\u00fablica, \u00c1lvaro Uribe [&hellip;]<\/p>\n","protected":false},"author":177,"featured_media":282423,"comment_status":"closed","ping_status":"open","sticky":false,"template":"","format":"video","meta":{"tdm_status":"","tdm_grid_status":"","footnotes":""},"categories":[24102,24174,1],"tags":[31477,3119,1050,24185,1047,33823,3029,31359],"class_list":{"0":"post-282034","1":"post","2":"type-post","3":"status-publish","4":"format-video","5":"has-post-thumbnail","7":"category-derechos-humanos","8":"category-hay-justicia","9":"category-noticias","10":"tag-alvaro-uribe","11":"tag-amenazas","12":"tag-derechoa-humanos","13":"tag-fiscal-barbosa","14":"tag-fiscalia-general-de-la-nacion","15":"tag-francia-marquez","16":"tag-redes-sociales","17":"tag-roy-barreras","18":"post_format-post-format-video"},"yoast_head":"<!-- This site is optimized with the Yoast SEO plugin v24.3 - https:\/\/yoast.com\/wordpress\/plugins\/seo\/ -->\n<title>Fiscal\u00eda General de la Naci\u00f3n<\/title>\n<meta name=\"description\" content=\"P\u00e1gina oficial de la Fiscal\u00eda General de la Naci\u00f3n \u2013 Colombia. Garantizamos el acceso efectivo a la justicia, la verdad y la reparaci\u00f3n de las v\u00edctimas de los delitos.\" \/>\n<meta name=\"robots\" content=\"noindex, follow\" \/>\n<meta property=\"og:locale\" content=\"es_ES\" \/>\n<meta property=\"og:type\" content=\"article\" \/>\n<meta property=\"og:title\" content=\"Fiscal\u00eda General de la Naci\u00f3n\" \/>\n<meta property=\"og:description\" content=\"P\u00e1gina oficial de la Fiscal\u00eda General de la Naci\u00f3n \u2013 Colombia. Garantizamos el acceso efectivo a la justicia, la verdad y la reparaci\u00f3n de las v\u00edctimas de los delitos.\" \/>\n<meta property=\"og:url\" content=\"https:\/\/www.fiscalia.gov.co\/colombia\/hay-justicia\/fiscalia-esclarece-amenazas-en-contra-de-la-vicepresidenta-francia-marquez-el-expresidente-de-la-republica-alvaro-uribe-y-el-excongresista-roy-barreras\/\" \/>\n<meta property=\"og:site_name\" content=\"Fiscal\u00eda General de la Naci\u00f3n\" \/>\n<meta property=\"article:publisher\" content=\"https:\/\/www.facebook.com\/FiscaliaCol\" \/>\n<meta property=\"article:published_time\" content=\"2023-10-23T13:39:28+00:00\" \/>\n<meta property=\"article:modified_time\" content=\"2023-10-30T17:43:23+00:00\" \/>\n<meta property=\"og:image\" content=\"https:\/\/www.fiscalia.gov.co\/colombia\/wp-content\/uploads\/maxresdefault-1243.jpg\" \/>\n\t<meta property=\"og:image:width\" content=\"1280\" \/>\n\t<meta property=\"og:image:height\" content=\"720\" \/>\n\t<meta property=\"og:image:type\" content=\"image\/jpeg\" \/>\n<meta name=\"author\" content=\"Jordan Leandro Oviedo Anzola\" \/>\n<meta name=\"twitter:card\" content=\"summary_large_image\" \/>\n<meta name=\"twitter:creator\" content=\"@FiscaliaCol\" \/>\n<meta name=\"twitter:site\" content=\"@FiscaliaCol\" \/>\n<meta name=\"twitter:label1\" content=\"Escrito por\" \/>\n\t<meta name=\"twitter:data1\" content=\"Jordan Leandro Oviedo Anzola\" \/>\n\t<meta name=\"twitter:label2\" content=\"Tiempo de lectura\" \/>\n\t<meta name=\"twitter:data2\" content=\"2 minutos\" \/>\n<script type=\"application\/ld+json\" class=\"yoast-schema-graph\">{\"@context\":\"https:\/\/schema.org\",\"@graph\":[{\"@type\":\"Article\",\"@id\":\"https:\/\/www.fiscalia.gov.co\/colombia\/hay-justicia\/fiscalia-esclarece-amenazas-en-contra-de-la-vicepresidenta-francia-marquez-el-expresidente-de-la-republica-alvaro-uribe-y-el-excongresista-roy-barreras\/#article\",\"isPartOf\":{\"@id\":\"https:\/\/www.fiscalia.gov.co\/colombia\/hay-justicia\/fiscalia-esclarece-amenazas-en-contra-de-la-vicepresidenta-francia-marquez-el-expresidente-de-la-republica-alvaro-uribe-y-el-excongresista-roy-barreras\/\"},\"author\":{\"name\":\"Jordan Leandro Oviedo Anzola\",\"@id\":\"https:\/\/www.fiscalia.gov.co\/colombia\/#\/schema\/person\/bf84402cf293a5393e9c70b111020b24\"},\"headline\":\"Fiscal\u00eda esclarece amenazas en contra de la vicepresidenta Francia M\u00e1rquez, el expresidente de la Rep\u00fablica \u00c1lvaro Uribe y el excongresista Roy Barreras\",\"datePublished\":\"2023-10-23T13:39:28+00:00\",\"dateModified\":\"2023-10-30T17:43:23+00:00\",\"mainEntityOfPage\":{\"@id\":\"https:\/\/www.fiscalia.gov.co\/colombia\/hay-justicia\/fiscalia-esclarece-amenazas-en-contra-de-la-vicepresidenta-francia-marquez-el-expresidente-de-la-republica-alvaro-uribe-y-el-excongresista-roy-barreras\/\"},\"wordCount\":509,\"publisher\":{\"@id\":\"https:\/\/www.fiscalia.gov.co\/colombia\/#organization\"},\"image\":{\"@id\":\"https:\/\/www.fiscalia.gov.co\/colombia\/hay-justicia\/fiscalia-esclarece-amenazas-en-contra-de-la-vicepresidenta-francia-marquez-el-expresidente-de-la-republica-alvaro-uribe-y-el-excongresista-roy-barreras\/#primaryimage\"},\"thumbnailUrl\":\"https:\/\/www.fiscalia.gov.co\/colombia\/wp-content\/uploads\/maxresdefault-1243.jpg\",\"keywords\":[\"Alvaro Uribe\",\"Amenazas\",\"Derechos Humanos\",\"Fiscal Barbosa\",\"Fiscal\u00eda General de la Naci\u00f3n\",\"francia marquez\",\"Redes sociales\",\"Roy barreras\"],\"articleSection\":[\"Derechos Humanos\",\"Hay Justicia\",\"Noticias\"],\"inLanguage\":\"es-CO\"},{\"@type\":\"WebPage\",\"@id\":\"https:\/\/www.fiscalia.gov.co\/colombia\/hay-justicia\/fiscalia-esclarece-amenazas-en-contra-de-la-vicepresidenta-francia-marquez-el-expresidente-de-la-republica-alvaro-uribe-y-el-excongresista-roy-barreras\/\",\"url\":\"https:\/\/www.fiscalia.gov.co\/colombia\/hay-justicia\/fiscalia-esclarece-amenazas-en-contra-de-la-vicepresidenta-francia-marquez-el-expresidente-de-la-republica-alvaro-uribe-y-el-excongresista-roy-barreras\/\",\"name\":\"Fiscal\u00eda General de la Naci\u00f3n\",\"isPartOf\":{\"@id\":\"https:\/\/www.fiscalia.gov.co\/colombia\/#website\"},\"primaryImageOfPage\":{\"@id\":\"https:\/\/www.fiscalia.gov.co\/colombia\/hay-justicia\/fiscalia-esclarece-amenazas-en-contra-de-la-vicepresidenta-francia-marquez-el-expresidente-de-la-republica-alvaro-uribe-y-el-excongresista-roy-barreras\/#primaryimage\"},\"image\":{\"@id\":\"https:\/\/www.fiscalia.gov.co\/colombia\/hay-justicia\/fiscalia-esclarece-amenazas-en-contra-de-la-vicepresidenta-francia-marquez-el-expresidente-de-la-republica-alvaro-uribe-y-el-excongresista-roy-barreras\/#primaryimage\"},\"thumbnailUrl\":\"https:\/\/www.fiscalia.gov.co\/colombia\/wp-content\/uploads\/maxresdefault-1243.jpg\",\"datePublished\":\"2023-10-23T13:39:28+00:00\",\"dateModified\":\"2023-10-30T17:43:23+00:00\",\"description\":\"P\u00e1gina oficial de la Fiscal\u00eda General de la Naci\u00f3n \u2013 Colombia. Garantizamos el acceso efectivo a la justicia, la verdad y la reparaci\u00f3n de las v\u00edctimas de los delitos.\",\"breadcrumb\":{\"@id\":\"https:\/\/www.fiscalia.gov.co\/colombia\/hay-justicia\/fiscalia-esclarece-amenazas-en-contra-de-la-vicepresidenta-francia-marquez-el-expresidente-de-la-republica-alvaro-uribe-y-el-excongresista-roy-barreras\/#breadcrumb\"},\"inLanguage\":\"es-CO\",\"potentialAction\":[{\"@type\":\"ReadAction\",\"target\":[\"https:\/\/www.fiscalia.gov.co\/colombia\/hay-justicia\/fiscalia-esclarece-amenazas-en-contra-de-la-vicepresidenta-francia-marquez-el-expresidente-de-la-republica-alvaro-uribe-y-el-excongresista-roy-barreras\/\"]}]},{\"@type\":\"ImageObject\",\"inLanguage\":\"es-CO\",\"@id\":\"https:\/\/www.fiscalia.gov.co\/colombia\/hay-justicia\/fiscalia-esclarece-amenazas-en-contra-de-la-vicepresidenta-francia-marquez-el-expresidente-de-la-republica-alvaro-uribe-y-el-excongresista-roy-barreras\/#primaryimage\",\"url\":\"https:\/\/www.fiscalia.gov.co\/colombia\/wp-content\/uploads\/maxresdefault-1243.jpg\",\"contentUrl\":\"https:\/\/www.fiscalia.gov.co\/colombia\/wp-content\/uploads\/maxresdefault-1243.jpg\",\"width\":1280,\"height\":720},{\"@type\":\"BreadcrumbList\",\"@id\":\"https:\/\/www.fiscalia.gov.co\/colombia\/hay-justicia\/fiscalia-esclarece-amenazas-en-contra-de-la-vicepresidenta-francia-marquez-el-expresidente-de-la-republica-alvaro-uribe-y-el-excongresista-roy-barreras\/#breadcrumb\",\"itemListElement\":[{\"@type\":\"ListItem\",\"position\":1,\"name\":\"Home\",\"item\":\"https:\/\/www.fiscalia.gov.co\/colombia\/\"},{\"@type\":\"ListItem\",\"position\":2,\"name\":\"Fiscal\u00eda esclarece amenazas en contra de la vicepresidenta Francia M\u00e1rquez, el expresidente de la Rep\u00fablica \u00c1lvaro Uribe y el excongresista Roy Barreras\"}]},{\"@type\":\"WebSite\",\"@id\":\"https:\/\/www.fiscalia.gov.co\/colombia\/#website\",\"url\":\"https:\/\/www.fiscalia.gov.co\/colombia\/\",\"name\":\"Fiscal\u00eda General de la Naci\u00f3n\",\"description\":\"P\u00e1gina oficial de la Fiscal\u00eda General de la Naci\u00f3n \u2013 Colombia. Garantizamos el acceso efectivo a la justicia, la verdad y la reparaci\u00f3n de las v\u00edctimas de los delitos.\",\"publisher\":{\"@id\":\"https:\/\/www.fiscalia.gov.co\/colombia\/#organization\"},\"potentialAction\":[{\"@type\":\"SearchAction\",\"target\":{\"@type\":\"EntryPoint\",\"urlTemplate\":\"https:\/\/www.fiscalia.gov.co\/colombia\/?s={search_term_string}\"},\"query-input\":{\"@type\":\"PropertyValueSpecification\",\"valueRequired\":true,\"valueName\":\"search_term_string\"}}],\"inLanguage\":\"es-CO\"},{\"@type\":\"Organization\",\"@id\":\"https:\/\/www.fiscalia.gov.co\/colombia\/#organization\",\"name\":\"Fiscal\u00eda General de la Naci\u00f3n\",\"url\":\"https:\/\/www.fiscalia.gov.co\/colombia\/\",\"logo\":{\"@type\":\"ImageObject\",\"inLanguage\":\"es-CO\",\"@id\":\"https:\/\/www.fiscalia.gov.co\/colombia\/#\/schema\/logo\/image\/\",\"url\":\"https:\/\/www.fiscalia.gov.co\/colombia\/wp-content\/uploads\/LogoHorizontal_1.jpg\",\"contentUrl\":\"https:\/\/www.fiscalia.gov.co\/colombia\/wp-content\/uploads\/LogoHorizontal_1.jpg\",\"width\":300,\"height\":90,\"caption\":\"Fiscal\u00eda General de la Naci\u00f3n\"},\"image\":{\"@id\":\"https:\/\/www.fiscalia.gov.co\/colombia\/#\/schema\/logo\/image\/\"},\"sameAs\":[\"https:\/\/www.facebook.com\/FiscaliaCol\",\"https:\/\/x.com\/FiscaliaCol\",\"https:\/\/www.instagram.com\/fiscaliacol\",\"https:\/\/www.linkedin.com\/company\/fiscalia-general-de-la-naci-n\/\",\"https:\/\/youtube.com\/@fiscaliageneraldelanacion-4668?si=6nN79nyQICPU5iTh\"]},{\"@type\":\"Person\",\"@id\":\"https:\/\/www.fiscalia.gov.co\/colombia\/#\/schema\/person\/bf84402cf293a5393e9c70b111020b24\",\"name\":\"Jordan Leandro Oviedo Anzola\",\"image\":{\"@type\":\"ImageObject\",\"inLanguage\":\"es-CO\",\"@id\":\"https:\/\/www.fiscalia.gov.co\/colombia\/#\/schema\/person\/image\/\",\"url\":\"https:\/\/secure.gravatar.com\/avatar\/dabba4346fa9b9207d96adafa8f92721?s=96&d=mm&r=g\",\"contentUrl\":\"https:\/\/secure.gravatar.com\/avatar\/dabba4346fa9b9207d96adafa8f92721?s=96&d=mm&r=g\",\"caption\":\"Jordan Leandro Oviedo Anzola\"},\"url\":\"https:\/\/www.fiscalia.gov.co\/colombia\/author\/joviedo\/\"}]}<\/script>\n<!-- \/ Yoast SEO plugin. -->","yoast_head_json":{"title":"Fiscal\u00eda General de la Naci\u00f3n","description":"P\u00e1gina oficial de la Fiscal\u00eda General de la Naci\u00f3n \u2013 Colombia. Garantizamos el acceso efectivo a la justicia, la verdad y la reparaci\u00f3n de las v\u00edctimas de los delitos.","robots":{"index":"noindex","follow":"follow"},"og_locale":"es_ES","og_type":"article","og_title":"Fiscal\u00eda General de la Naci\u00f3n","og_description":"P\u00e1gina oficial de la Fiscal\u00eda General de la Naci\u00f3n \u2013 Colombia. Garantizamos el acceso efectivo a la justicia, la verdad y la reparaci\u00f3n de las v\u00edctimas de los delitos.","og_url":"https:\/\/www.fiscalia.gov.co\/colombia\/hay-justicia\/fiscalia-esclarece-amenazas-en-contra-de-la-vicepresidenta-francia-marquez-el-expresidente-de-la-republica-alvaro-uribe-y-el-excongresista-roy-barreras\/","og_site_name":"Fiscal\u00eda General de la Naci\u00f3n","article_publisher":"https:\/\/www.facebook.com\/FiscaliaCol","article_published_time":"2023-10-23T13:39:28+00:00","article_modified_time":"2023-10-30T17:43:23+00:00","og_image":[{"width":1280,"height":720,"url":"https:\/\/www.fiscalia.gov.co\/colombia\/wp-content\/uploads\/maxresdefault-1243.jpg","type":"image\/jpeg"}],"author":"Jordan Leandro Oviedo Anzola","twitter_card":"summary_large_image","twitter_creator":"@FiscaliaCol","twitter_site":"@FiscaliaCol","twitter_misc":{"Escrito por":"Jordan Leandro Oviedo Anzola","Tiempo de lectura":"2 minutos"},"schema":{"@context":"https:\/\/schema.org","@graph":[{"@type":"Article","@id":"https:\/\/www.fiscalia.gov.co\/colombia\/hay-justicia\/fiscalia-esclarece-amenazas-en-contra-de-la-vicepresidenta-francia-marquez-el-expresidente-de-la-republica-alvaro-uribe-y-el-excongresista-roy-barreras\/#article","isPartOf":{"@id":"https:\/\/www.fiscalia.gov.co\/colombia\/hay-justicia\/fiscalia-esclarece-amenazas-en-contra-de-la-vicepresidenta-francia-marquez-el-expresidente-de-la-republica-alvaro-uribe-y-el-excongresista-roy-barreras\/"},"author":{"name":"Jordan Leandro Oviedo Anzola","@id":"https:\/\/www.fiscalia.gov.co\/colombia\/#\/schema\/person\/bf84402cf293a5393e9c70b111020b24"},"headline":"Fiscal\u00eda esclarece amenazas en contra de la vicepresidenta Francia M\u00e1rquez, el expresidente de la Rep\u00fablica \u00c1lvaro Uribe y el excongresista Roy Barreras","datePublished":"2023-10-23T13:39:28+00:00","dateModified":"2023-10-30T17:43:23+00:00","mainEntityOfPage":{"@id":"https:\/\/www.fiscalia.gov.co\/colombia\/hay-justicia\/fiscalia-esclarece-amenazas-en-contra-de-la-vicepresidenta-francia-marquez-el-expresidente-de-la-republica-alvaro-uribe-y-el-excongresista-roy-barreras\/"},"wordCount":509,"publisher":{"@id":"https:\/\/www.fiscalia.gov.co\/colombia\/#organization"},"image":{"@id":"https:\/\/www.fiscalia.gov.co\/colombia\/hay-justicia\/fiscalia-esclarece-amenazas-en-contra-de-la-vicepresidenta-francia-marquez-el-expresidente-de-la-republica-alvaro-uribe-y-el-excongresista-roy-barreras\/#primaryimage"},"thumbnailUrl":"https:\/\/www.fiscalia.gov.co\/colombia\/wp-content\/uploads\/maxresdefault-1243.jpg","keywords":["Alvaro Uribe","Amenazas","Derechos Humanos","Fiscal Barbosa","Fiscal\u00eda General de la Naci\u00f3n","francia marquez","Redes sociales","Roy barreras"],"articleSection":["Derechos Humanos","Hay Justicia","Noticias"],"inLanguage":"es-CO"},{"@type":"WebPage","@id":"https:\/\/www.fiscalia.gov.co\/colombia\/hay-justicia\/fiscalia-esclarece-amenazas-en-contra-de-la-vicepresidenta-francia-marquez-el-expresidente-de-la-republica-alvaro-uribe-y-el-excongresista-roy-barreras\/","url":"https:\/\/www.fiscalia.gov.co\/colombia\/hay-justicia\/fiscalia-esclarece-amenazas-en-contra-de-la-vicepresidenta-francia-marquez-el-expresidente-de-la-republica-alvaro-uribe-y-el-excongresista-roy-barreras\/","name":"Fiscal\u00eda General de la Naci\u00f3n","isPartOf":{"@id":"https:\/\/www.fiscalia.gov.co\/colombia\/#website"},"primaryImageOfPage":{"@id":"https:\/\/www.fiscalia.gov.co\/colombia\/hay-justicia\/fiscalia-esclarece-amenazas-en-contra-de-la-vicepresidenta-francia-marquez-el-expresidente-de-la-republica-alvaro-uribe-y-el-excongresista-roy-barreras\/#primaryimage"},"image":{"@id":"https:\/\/www.fiscalia.gov.co\/colombia\/hay-justicia\/fiscalia-esclarece-amenazas-en-contra-de-la-vicepresidenta-francia-marquez-el-expresidente-de-la-republica-alvaro-uribe-y-el-excongresista-roy-barreras\/#primaryimage"},"thumbnailUrl":"https:\/\/www.fiscalia.gov.co\/colombia\/wp-content\/uploads\/maxresdefault-1243.jpg","datePublished":"2023-10-23T13:39:28+00:00","dateModified":"2023-10-30T17:43:23+00:00","description":"P\u00e1gina oficial de la Fiscal\u00eda General de la Naci\u00f3n \u2013 Colombia. Garantizamos el acceso efectivo a la justicia, la verdad y la reparaci\u00f3n de las v\u00edctimas de los delitos.","breadcrumb":{"@id":"https:\/\/www.fiscalia.gov.co\/colombia\/hay-justicia\/fiscalia-esclarece-amenazas-en-contra-de-la-vicepresidenta-francia-marquez-el-expresidente-de-la-republica-alvaro-uribe-y-el-excongresista-roy-barreras\/#breadcrumb"},"inLanguage":"es-CO","potentialAction":[{"@type":"ReadAction","target":["https:\/\/www.fiscalia.gov.co\/colombia\/hay-justicia\/fiscalia-esclarece-amenazas-en-contra-de-la-vicepresidenta-francia-marquez-el-expresidente-de-la-republica-alvaro-uribe-y-el-excongresista-roy-barreras\/"]}]},{"@type":"ImageObject","inLanguage":"es-CO","@id":"https:\/\/www.fiscalia.gov.co\/colombia\/hay-justicia\/fiscalia-esclarece-amenazas-en-contra-de-la-vicepresidenta-francia-marquez-el-expresidente-de-la-republica-alvaro-uribe-y-el-excongresista-roy-barreras\/#primaryimage","url":"https:\/\/www.fiscalia.gov.co\/colombia\/wp-content\/uploads\/maxresdefault-1243.jpg","contentUrl":"https:\/\/www.fiscalia.gov.co\/colombia\/wp-content\/uploads\/maxresdefault-1243.jpg","width":1280,"height":720},{"@type":"BreadcrumbList","@id":"https:\/\/www.fiscalia.gov.co\/colombia\/hay-justicia\/fiscalia-esclarece-amenazas-en-contra-de-la-vicepresidenta-francia-marquez-el-expresidente-de-la-republica-alvaro-uribe-y-el-excongresista-roy-barreras\/#breadcrumb","itemListElement":[{"@type":"ListItem","position":1,"name":"Home","item":"https:\/\/www.fiscalia.gov.co\/colombia\/"},{"@type":"ListItem","position":2,"name":"Fiscal\u00eda esclarece amenazas en contra de la vicepresidenta Francia M\u00e1rquez, el expresidente de la Rep\u00fablica \u00c1lvaro Uribe y el excongresista Roy Barreras"}]},{"@type":"WebSite","@id":"https:\/\/www.fiscalia.gov.co\/colombia\/#website","url":"https:\/\/www.fiscalia.gov.co\/colombia\/","name":"Fiscal\u00eda General de la Naci\u00f3n","description":"P\u00e1gina oficial de la Fiscal\u00eda General de la Naci\u00f3n \u2013 Colombia. Garantizamos el acceso efectivo a la justicia, la verdad y la reparaci\u00f3n de las v\u00edctimas de los delitos.","publisher":{"@id":"https:\/\/www.fiscalia.gov.co\/colombia\/#organization"},"potentialAction":[{"@type":"SearchAction","target":{"@type":"EntryPoint","urlTemplate":"https:\/\/www.fiscalia.gov.co\/colombia\/?s={search_term_string}"},"query-input":{"@type":"PropertyValueSpecification","valueRequired":true,"valueName":"search_term_string"}}],"inLanguage":"es-CO"},{"@type":"Organization","@id":"https:\/\/www.fiscalia.gov.co\/colombia\/#organization","name":"Fiscal\u00eda General de la Naci\u00f3n","url":"https:\/\/www.fiscalia.gov.co\/colombia\/","logo":{"@type":"ImageObject","inLanguage":"es-CO","@id":"https:\/\/www.fiscalia.gov.co\/colombia\/#\/schema\/logo\/image\/","url":"https:\/\/www.fiscalia.gov.co\/colombia\/wp-content\/uploads\/LogoHorizontal_1.jpg","contentUrl":"https:\/\/www.fiscalia.gov.co\/colombia\/wp-content\/uploads\/LogoHorizontal_1.jpg","width":300,"height":90,"caption":"Fiscal\u00eda General de la Naci\u00f3n"},"image":{"@id":"https:\/\/www.fiscalia.gov.co\/colombia\/#\/schema\/logo\/image\/"},"sameAs":["https:\/\/www.facebook.com\/FiscaliaCol","https:\/\/x.com\/FiscaliaCol","https:\/\/www.instagram.com\/fiscaliacol","https:\/\/www.linkedin.com\/company\/fiscalia-general-de-la-naci-n\/","https:\/\/youtube.com\/@fiscaliageneraldelanacion-4668?si=6nN79nyQICPU5iTh"]},{"@type":"Person","@id":"https:\/\/www.fiscalia.gov.co\/colombia\/#\/schema\/person\/bf84402cf293a5393e9c70b111020b24","name":"Jordan Leandro Oviedo Anzola","image":{"@type":"ImageObject","inLanguage":"es-CO","@id":"https:\/\/www.fiscalia.gov.co\/colombia\/#\/schema\/person\/image\/","url":"https:\/\/secure.gravatar.com\/avatar\/dabba4346fa9b9207d96adafa8f92721?s=96&d=mm&r=g","contentUrl":"https:\/\/secure.gravatar.com\/avatar\/dabba4346fa9b9207d96adafa8f92721?s=96&d=mm&r=g","caption":"Jordan Leandro Oviedo Anzola"},"url":"https:\/\/www.fiscalia.gov.co\/colombia\/author\/joviedo\/"}]}},"_links":{"self":[{"href":"https:\/\/www.fiscalia.gov.co\/colombia\/wp-json\/wp\/v2\/posts\/282034","targetHints":{"allow":["GET"]}}],"collection":[{"href":"https:\/\/www.fiscalia.gov.co\/colombia\/wp-json\/wp\/v2\/posts"}],"about":[{"href":"https:\/\/www.fiscalia.gov.co\/colombia\/wp-json\/wp\/v2\/types\/post"}],"author":[{"embeddable":true,"href":"https:\/\/www.fiscalia.gov.co\/colombia\/wp-json\/wp\/v2\/users\/177"}],"replies":[{"embeddable":true,"href":"https:\/\/www.fiscalia.gov.co\/colombia\/wp-json\/wp\/v2\/comments?post=282034"}],"version-history":[{"count":2,"href":"https:\/\/www.fiscalia.gov.co\/colombia\/wp-json\/wp\/v2\/posts\/282034\/revisions"}],"predecessor-version":[{"id":282424,"href":"https:\/\/www.fiscalia.gov.co\/colombia\/wp-json\/wp\/v2\/posts\/282034\/revisions\/282424"}],"wp:featuredmedia":[{"embeddable":true,"href":"https:\/\/www.fiscalia.gov.co\/colombia\/wp-json\/wp\/v2\/media\/282423"}],"wp:attachment":[{"href":"https:\/\/www.fiscalia.gov.co\/colombia\/wp-json\/wp\/v2\/media?parent=282034"}],"wp:term":[{"taxonomy":"category","embeddable":true,"href":"https:\/\/www.fiscalia.gov.co\/colombia\/wp-json\/wp\/v2\/categories?post=282034"},{"taxonomy":"post_tag","embeddable":true,"href":"https:\/\/www.fiscalia.gov.co\/colombia\/wp-json\/wp\/v2\/tags?post=282034"}],"curies":[{"name":"wp","href":"https:\/\/api.w.org\/{rel}","templated":true}]}}