{"id":281972,"date":"2023-10-20T16:50:17","date_gmt":"2023-10-20T21:50:17","guid":{"rendered":"https:\/\/www.fiscalia.gov.co\/colombia\/?p=281972"},"modified":"2023-10-20T17:47:02","modified_gmt":"2023-10-20T22:47:02","slug":"a-la-carcel-4-extranjeros-investigados-por-homicidio-de-otro-connacional-en-un-hotel-de-medellin","status":"publish","type":"post","link":"https:\/\/www.fiscalia.gov.co\/colombia\/noticias\/a-la-carcel-4-extranjeros-investigados-por-homicidio-de-otro-connacional-en-un-hotel-de-medellin\/","title":{"rendered":"A la c\u00e1rcel 4 extranjeros investigados por homicidio de otro connacional en un hotel de Medell\u00edn"},"content":{"rendered":"<p>&nbsp;<\/p>\n<h4><em><strong>La v\u00edctima habr\u00eda sido amenazado de muerte por el tren de Aragua en Per\u00fa y, al parecer, busc\u00f3 esconderse en la capital antioque\u00f1a.<\/strong><\/em><\/h4>\n<p>Por solicitud de la Fiscal\u00eda General de la Naci\u00f3n, un juez de control de garant\u00edas impuso medida de aseguramiento en centro carcelario en contra de 4 ciudadanos venezolanos, como presuntos responsable del homicidio de otro connacional en un hotel del centro de la capital antioque\u00f1a.<\/p>\n<figure id=\"attachment_281973\" aria-describedby=\"caption-attachment-281973\" style=\"width: 300px\" class=\"wp-caption aligncenter\"><img loading=\"lazy\" decoding=\"async\" class=\"size-medium wp-image-281973\" src=\"https:\/\/www.fiscalia.gov.co\/colombia\/wp-content\/uploads\/venezolanos-por-homicidio-de-un-connacional-300x209.jpg\" alt=\"En la imagen est\u00e1n los 4 procesados con servidores de la Polic\u00eda Nacional a los lados\" width=\"300\" height=\"209\" srcset=\"https:\/\/www.fiscalia.gov.co\/colombia\/wp-content\/uploads\/venezolanos-por-homicidio-de-un-connacional-300x209.jpg 300w, https:\/\/www.fiscalia.gov.co\/colombia\/wp-content\/uploads\/venezolanos-por-homicidio-de-un-connacional-1024x715.jpg 1024w, https:\/\/www.fiscalia.gov.co\/colombia\/wp-content\/uploads\/venezolanos-por-homicidio-de-un-connacional-768x536.jpg 768w, https:\/\/www.fiscalia.gov.co\/colombia\/wp-content\/uploads\/venezolanos-por-homicidio-de-un-connacional-1536x1072.jpg 1536w, https:\/\/www.fiscalia.gov.co\/colombia\/wp-content\/uploads\/venezolanos-por-homicidio-de-un-connacional-696x486.jpg 696w, https:\/\/www.fiscalia.gov.co\/colombia\/wp-content\/uploads\/venezolanos-por-homicidio-de-un-connacional-1068x746.jpg 1068w, https:\/\/www.fiscalia.gov.co\/colombia\/wp-content\/uploads\/venezolanos-por-homicidio-de-un-connacional-602x420.jpg 602w, https:\/\/www.fiscalia.gov.co\/colombia\/wp-content\/uploads\/venezolanos-por-homicidio-de-un-connacional-100x70.jpg 100w, https:\/\/www.fiscalia.gov.co\/colombia\/wp-content\/uploads\/venezolanos-por-homicidio-de-un-connacional.jpg 1600w\" sizes=\"auto, (max-width: 300px) 100vw, 300px\" \/><figcaption id=\"caption-attachment-281973\" class=\"wp-caption-text\">Presuntos responsables del homicidio de un venezolano en Medell\u00edn<\/figcaption><\/figure>\n<p>Con la decisi\u00f3n fueron afectados Jean Carlos Enrique Narv\u00e1ez Mijares, Pedro Jos\u00e9 Madrid Gonz\u00e1lez, Greidy Yulimar Molina P\u00e9rez y\u00a0 Kevin Alberto Peraza Chirinos, alias Yefri, quienes deber\u00e1n responder por los delitos de homicidio agravado, porte ilegal de armas de fuego de defensa personal agravado y hurto calificado y agravado.<\/p>\n<p>Seg\u00fan la investigaci\u00f3n adelantada por un fiscal del Grupo de Alertas Tempranas de Homicidio de la URI, los investigados habr\u00edan participado en el homicidio de Miguel Enrique Bernal Mota, de 24 a\u00f1os de edad, ocurrido la madrugada de este martes 17 de octubre.\u00a0 La v\u00edctima recibi\u00f3 m\u00e1s 40 heridas por arma de fuego.<\/p>\n<p>Las labores de polic\u00eda judicial permitieron establecer que los presuntos homicidas llegaron al establecimiento comercial donde se alojaba el hoy occiso\u00a0 y se hicieron pasar como huespedes.\u00a0 Posteriormente,\u00a0 amordazaron a una mujer que atend\u00eda en el lugar\u00a0 y luego de pedirle las llaves de la habitaci\u00f3n de la victima, la habr\u00edan ejecutado con las armas de fuego que portaban.<\/p>\n<p>Antes de salir de lugar, los presuntos delincuentes se habr\u00edan apoderaron de los discos y los CDR de las c\u00e1maras de seguridad del hotel y arrancaron las hojas de resgistro para no dejar rastros.\u00a0 Tambi\u00e9n habr\u00edan despojado a la trabajadora del hotel de un celular y de 450 mil pesos en efectivo.<\/p>\n<p>Los procesados fueron capturados minutos despu\u00e9s por la Polic\u00eda Nacional y durante las audiencias preliminares no aceptaron los cargos imputados por la Fiscal\u00eda.<\/p>\n<p>La defensa apel\u00f3 la medida de aseguramiento ante la segunda instancia.<\/p>\n<p>Los investigadores determinaron que varias semanas antes Berna Mota, al parecer, fue amenazado en Per\u00fa por integrantes de la organizaci\u00f3n criminal Tren de Aragua que delinque en Venezuela.<\/p>\n<p>&nbsp;<\/p>\n<p><strong>La Fiscal\u00eda habla con resultados<\/strong><\/p>\n<p>&nbsp;<\/p>\n<p>&nbsp;<\/p>\n<p>&nbsp;<\/p>\n<p>LFML\/CM\/HMRM\/DSM<\/p>\n<p>&nbsp;<\/p>\n<p>&nbsp;<\/p>\n<p><i>La informaci\u00f3n contenida en este bolet\u00edn de prensa corresponde a la narraci\u00f3n de los hechos noticiosos objetivos, suministrados por los funcionarios encargados de adelantar las investigaciones penales al interior de la Fiscal\u00eda General de la Naci\u00f3n. Para el momento de la divulgaci\u00f3n de este comunicado, la situaci\u00f3n jur\u00eddica de la(s) persona(s) relacionada(s) se encuentra pendiente de resolver por la autoridad judicial competente, siempre bajo los preceptos de la presunci\u00f3n de inocencia, consagrados en el art\u00edculo 29 de la Constituci\u00f3n Pol\u00edtica y el art\u00edculo 7\u00ba de la Ley 906 de 2004.<\/i><\/p>\n\n<div class=\"twitter-share\"><a href=\"https:\/\/twitter.com\/intent\/tweet?via=fiscaliacol\" class=\"twitter-share-button\">Tweet<\/a><\/div>\n","protected":false},"excerpt":{"rendered":"<p>&nbsp; La v\u00edctima habr\u00eda sido amenazado de muerte por el tren de Aragua en Per\u00fa y, al parecer, busc\u00f3 esconderse en la capital antioque\u00f1a. Por solicitud de la Fiscal\u00eda General [&hellip;]<\/p>\n","protected":false},"author":179,"featured_media":0,"comment_status":"closed","ping_status":"open","sticky":false,"template":"","format":"standard","meta":{"tdm_status":"","tdm_grid_status":"","footnotes":""},"categories":[1,331,303,24099],"tags":[1047,686,35986,2408,35984,558,28322,30248,35985],"class_list":["post-281972","post","type-post","status-publish","format-standard","category-noticias","category-seccional-medellin","category-seccionales","category-seguridad-territorial","tag-fiscalia-general-de-la-nacion","tag-homicidio-agravado","tag-hotel-de-medellin","tag-hurto-calificado","tag-medida-intramuros-contra-4-venezolanos","tag-policia-nacional","tag-porte-ilegal-de-armas-de-defensa-personal","tag-tren-de-aragua","tag-victima-ciudadano-venezolano"],"yoast_head":"<!-- This site is optimized with the Yoast SEO plugin v24.3 - https:\/\/yoast.com\/wordpress\/plugins\/seo\/ -->\n<title>Fiscal\u00eda General de la Naci\u00f3n<\/title>\n<meta name=\"description\" content=\"P\u00e1gina oficial de la Fiscal\u00eda General de la Naci\u00f3n \u2013 Colombia. Garantizamos el acceso efectivo a la justicia, la verdad y la reparaci\u00f3n de las v\u00edctimas de los delitos.\" \/>\n<meta name=\"robots\" content=\"noindex, follow\" \/>\n<meta property=\"og:locale\" content=\"es_ES\" \/>\n<meta property=\"og:type\" content=\"article\" \/>\n<meta property=\"og:title\" content=\"Fiscal\u00eda General de la Naci\u00f3n\" \/>\n<meta property=\"og:description\" content=\"P\u00e1gina oficial de la Fiscal\u00eda General de la Naci\u00f3n \u2013 Colombia. Garantizamos el acceso efectivo a la justicia, la verdad y la reparaci\u00f3n de las v\u00edctimas de los delitos.\" \/>\n<meta property=\"og:url\" content=\"https:\/\/www.fiscalia.gov.co\/colombia\/noticias\/a-la-carcel-4-extranjeros-investigados-por-homicidio-de-otro-connacional-en-un-hotel-de-medellin\/\" \/>\n<meta property=\"og:site_name\" content=\"Fiscal\u00eda General de la Naci\u00f3n\" \/>\n<meta property=\"article:publisher\" content=\"https:\/\/www.facebook.com\/FiscaliaCol\" \/>\n<meta property=\"article:published_time\" content=\"2023-10-20T21:50:17+00:00\" \/>\n<meta property=\"article:modified_time\" content=\"2023-10-20T22:47:02+00:00\" \/>\n<meta property=\"og:image\" content=\"https:\/\/www.fiscalia.gov.co\/colombia\/wp-content\/uploads\/venezolanos-por-homicidio-de-un-connacional-300x209.jpg\" \/>\n<meta name=\"author\" content=\"Lesly Katherine Segura Camargo.\" \/>\n<meta name=\"twitter:card\" content=\"summary_large_image\" \/>\n<meta name=\"twitter:creator\" content=\"@FiscaliaCol\" \/>\n<meta name=\"twitter:site\" content=\"@FiscaliaCol\" \/>\n<meta name=\"twitter:label1\" content=\"Escrito por\" \/>\n\t<meta name=\"twitter:data1\" content=\"Lesly Katherine Segura Camargo.\" \/>\n\t<meta name=\"twitter:label2\" content=\"Tiempo de lectura\" \/>\n\t<meta name=\"twitter:data2\" content=\"3 minutos\" \/>\n<script type=\"application\/ld+json\" class=\"yoast-schema-graph\">{\"@context\":\"https:\/\/schema.org\",\"@graph\":[{\"@type\":\"Article\",\"@id\":\"https:\/\/www.fiscalia.gov.co\/colombia\/noticias\/a-la-carcel-4-extranjeros-investigados-por-homicidio-de-otro-connacional-en-un-hotel-de-medellin\/#article\",\"isPartOf\":{\"@id\":\"https:\/\/www.fiscalia.gov.co\/colombia\/noticias\/a-la-carcel-4-extranjeros-investigados-por-homicidio-de-otro-connacional-en-un-hotel-de-medellin\/\"},\"author\":{\"name\":\"Lesly Katherine Segura Camargo.\",\"@id\":\"https:\/\/www.fiscalia.gov.co\/colombia\/#\/schema\/person\/6be81acb78add0abcbda2c598c1d53e1\"},\"headline\":\"A la c\u00e1rcel 4 extranjeros investigados por homicidio de otro connacional en un hotel de Medell\u00edn\",\"datePublished\":\"2023-10-20T21:50:17+00:00\",\"dateModified\":\"2023-10-20T22:47:02+00:00\",\"mainEntityOfPage\":{\"@id\":\"https:\/\/www.fiscalia.gov.co\/colombia\/noticias\/a-la-carcel-4-extranjeros-investigados-por-homicidio-de-otro-connacional-en-un-hotel-de-medellin\/\"},\"wordCount\":521,\"publisher\":{\"@id\":\"https:\/\/www.fiscalia.gov.co\/colombia\/#organization\"},\"image\":{\"@id\":\"https:\/\/www.fiscalia.gov.co\/colombia\/noticias\/a-la-carcel-4-extranjeros-investigados-por-homicidio-de-otro-connacional-en-un-hotel-de-medellin\/#primaryimage\"},\"thumbnailUrl\":\"https:\/\/www.fiscalia.gov.co\/colombia\/wp-content\/uploads\/venezolanos-por-homicidio-de-un-connacional-300x209.jpg\",\"keywords\":[\"Fiscal\u00eda General de la Naci\u00f3n\",\"Homicidio agravado\",\"hotel de Medell\u00edn\",\"Hurto calificado\",\"Medida intramuros contra 4 venezolanos\",\"Polic\u00eda Nacional\",\"porte ilegal de armas de defensa personal\",\"Tren de Aragua\",\"victima ciudadano venezolano\"],\"articleSection\":[\"Noticias\",\"Seccional Medell\u00edn\",\"Seccionales\",\"Seguridad territorial\"],\"inLanguage\":\"es-CO\"},{\"@type\":\"WebPage\",\"@id\":\"https:\/\/www.fiscalia.gov.co\/colombia\/noticias\/a-la-carcel-4-extranjeros-investigados-por-homicidio-de-otro-connacional-en-un-hotel-de-medellin\/\",\"url\":\"https:\/\/www.fiscalia.gov.co\/colombia\/noticias\/a-la-carcel-4-extranjeros-investigados-por-homicidio-de-otro-connacional-en-un-hotel-de-medellin\/\",\"name\":\"Fiscal\u00eda General de la Naci\u00f3n\",\"isPartOf\":{\"@id\":\"https:\/\/www.fiscalia.gov.co\/colombia\/#website\"},\"primaryImageOfPage\":{\"@id\":\"https:\/\/www.fiscalia.gov.co\/colombia\/noticias\/a-la-carcel-4-extranjeros-investigados-por-homicidio-de-otro-connacional-en-un-hotel-de-medellin\/#primaryimage\"},\"image\":{\"@id\":\"https:\/\/www.fiscalia.gov.co\/colombia\/noticias\/a-la-carcel-4-extranjeros-investigados-por-homicidio-de-otro-connacional-en-un-hotel-de-medellin\/#primaryimage\"},\"thumbnailUrl\":\"https:\/\/www.fiscalia.gov.co\/colombia\/wp-content\/uploads\/venezolanos-por-homicidio-de-un-connacional-300x209.jpg\",\"datePublished\":\"2023-10-20T21:50:17+00:00\",\"dateModified\":\"2023-10-20T22:47:02+00:00\",\"description\":\"P\u00e1gina oficial de la Fiscal\u00eda General de la Naci\u00f3n \u2013 Colombia. Garantizamos el acceso efectivo a la justicia, la verdad y la reparaci\u00f3n de las v\u00edctimas de los delitos.\",\"breadcrumb\":{\"@id\":\"https:\/\/www.fiscalia.gov.co\/colombia\/noticias\/a-la-carcel-4-extranjeros-investigados-por-homicidio-de-otro-connacional-en-un-hotel-de-medellin\/#breadcrumb\"},\"inLanguage\":\"es-CO\",\"potentialAction\":[{\"@type\":\"ReadAction\",\"target\":[\"https:\/\/www.fiscalia.gov.co\/colombia\/noticias\/a-la-carcel-4-extranjeros-investigados-por-homicidio-de-otro-connacional-en-un-hotel-de-medellin\/\"]}]},{\"@type\":\"ImageObject\",\"inLanguage\":\"es-CO\",\"@id\":\"https:\/\/www.fiscalia.gov.co\/colombia\/noticias\/a-la-carcel-4-extranjeros-investigados-por-homicidio-de-otro-connacional-en-un-hotel-de-medellin\/#primaryimage\",\"url\":\"https:\/\/www.fiscalia.gov.co\/colombia\/wp-content\/uploads\/venezolanos-por-homicidio-de-un-connacional.jpg\",\"contentUrl\":\"https:\/\/www.fiscalia.gov.co\/colombia\/wp-content\/uploads\/venezolanos-por-homicidio-de-un-connacional.jpg\",\"width\":1600,\"height\":1117,\"caption\":\"Presuntos responsables del homicidio de un venezolano en Medell\u00edn\"},{\"@type\":\"BreadcrumbList\",\"@id\":\"https:\/\/www.fiscalia.gov.co\/colombia\/noticias\/a-la-carcel-4-extranjeros-investigados-por-homicidio-de-otro-connacional-en-un-hotel-de-medellin\/#breadcrumb\",\"itemListElement\":[{\"@type\":\"ListItem\",\"position\":1,\"name\":\"Home\",\"item\":\"https:\/\/www.fiscalia.gov.co\/colombia\/\"},{\"@type\":\"ListItem\",\"position\":2,\"name\":\"A la c\u00e1rcel 4 extranjeros investigados por homicidio de otro connacional en un hotel de Medell\u00edn\"}]},{\"@type\":\"WebSite\",\"@id\":\"https:\/\/www.fiscalia.gov.co\/colombia\/#website\",\"url\":\"https:\/\/www.fiscalia.gov.co\/colombia\/\",\"name\":\"Fiscal\u00eda General de la Naci\u00f3n\",\"description\":\"P\u00e1gina oficial de la Fiscal\u00eda General de la Naci\u00f3n \u2013 Colombia. Garantizamos el acceso efectivo a la justicia, la verdad y la reparaci\u00f3n de las v\u00edctimas de los delitos.\",\"publisher\":{\"@id\":\"https:\/\/www.fiscalia.gov.co\/colombia\/#organization\"},\"potentialAction\":[{\"@type\":\"SearchAction\",\"target\":{\"@type\":\"EntryPoint\",\"urlTemplate\":\"https:\/\/www.fiscalia.gov.co\/colombia\/?s={search_term_string}\"},\"query-input\":{\"@type\":\"PropertyValueSpecification\",\"valueRequired\":true,\"valueName\":\"search_term_string\"}}],\"inLanguage\":\"es-CO\"},{\"@type\":\"Organization\",\"@id\":\"https:\/\/www.fiscalia.gov.co\/colombia\/#organization\",\"name\":\"Fiscal\u00eda General de la Naci\u00f3n\",\"url\":\"https:\/\/www.fiscalia.gov.co\/colombia\/\",\"logo\":{\"@type\":\"ImageObject\",\"inLanguage\":\"es-CO\",\"@id\":\"https:\/\/www.fiscalia.gov.co\/colombia\/#\/schema\/logo\/image\/\",\"url\":\"https:\/\/www.fiscalia.gov.co\/colombia\/wp-content\/uploads\/LogoHorizontal_1.jpg\",\"contentUrl\":\"https:\/\/www.fiscalia.gov.co\/colombia\/wp-content\/uploads\/LogoHorizontal_1.jpg\",\"width\":300,\"height\":90,\"caption\":\"Fiscal\u00eda General de la Naci\u00f3n\"},\"image\":{\"@id\":\"https:\/\/www.fiscalia.gov.co\/colombia\/#\/schema\/logo\/image\/\"},\"sameAs\":[\"https:\/\/www.facebook.com\/FiscaliaCol\",\"https:\/\/x.com\/FiscaliaCol\",\"https:\/\/www.instagram.com\/fiscaliacol\",\"https:\/\/www.linkedin.com\/company\/fiscalia-general-de-la-naci-n\/\",\"https:\/\/youtube.com\/@fiscaliageneraldelanacion-4668?si=6nN79nyQICPU5iTh\"]},{\"@type\":\"Person\",\"@id\":\"https:\/\/www.fiscalia.gov.co\/colombia\/#\/schema\/person\/6be81acb78add0abcbda2c598c1d53e1\",\"name\":\"Lesly Katherine Segura Camargo.\",\"image\":{\"@type\":\"ImageObject\",\"inLanguage\":\"es-CO\",\"@id\":\"https:\/\/www.fiscalia.gov.co\/colombia\/#\/schema\/person\/image\/\",\"url\":\"https:\/\/secure.gravatar.com\/avatar\/1892091c53ef3b9c2fcb37ca6066e439?s=96&d=mm&r=g\",\"contentUrl\":\"https:\/\/secure.gravatar.com\/avatar\/1892091c53ef3b9c2fcb37ca6066e439?s=96&d=mm&r=g\",\"caption\":\"Lesly Katherine Segura Camargo.\"},\"url\":\"https:\/\/www.fiscalia.gov.co\/colombia\/author\/lesly-segura\/\"}]}<\/script>\n<!-- \/ Yoast SEO plugin. -->","yoast_head_json":{"title":"Fiscal\u00eda General de la Naci\u00f3n","description":"P\u00e1gina oficial de la Fiscal\u00eda General de la Naci\u00f3n \u2013 Colombia. Garantizamos el acceso efectivo a la justicia, la verdad y la reparaci\u00f3n de las v\u00edctimas de los delitos.","robots":{"index":"noindex","follow":"follow"},"og_locale":"es_ES","og_type":"article","og_title":"Fiscal\u00eda General de la Naci\u00f3n","og_description":"P\u00e1gina oficial de la Fiscal\u00eda General de la Naci\u00f3n \u2013 Colombia. Garantizamos el acceso efectivo a la justicia, la verdad y la reparaci\u00f3n de las v\u00edctimas de los delitos.","og_url":"https:\/\/www.fiscalia.gov.co\/colombia\/noticias\/a-la-carcel-4-extranjeros-investigados-por-homicidio-de-otro-connacional-en-un-hotel-de-medellin\/","og_site_name":"Fiscal\u00eda General de la Naci\u00f3n","article_publisher":"https:\/\/www.facebook.com\/FiscaliaCol","article_published_time":"2023-10-20T21:50:17+00:00","article_modified_time":"2023-10-20T22:47:02+00:00","og_image":[{"url":"https:\/\/www.fiscalia.gov.co\/colombia\/wp-content\/uploads\/venezolanos-por-homicidio-de-un-connacional-300x209.jpg","type":"","width":"","height":""}],"author":"Lesly Katherine Segura Camargo.","twitter_card":"summary_large_image","twitter_creator":"@FiscaliaCol","twitter_site":"@FiscaliaCol","twitter_misc":{"Escrito por":"Lesly Katherine Segura Camargo.","Tiempo de lectura":"3 minutos"},"schema":{"@context":"https:\/\/schema.org","@graph":[{"@type":"Article","@id":"https:\/\/www.fiscalia.gov.co\/colombia\/noticias\/a-la-carcel-4-extranjeros-investigados-por-homicidio-de-otro-connacional-en-un-hotel-de-medellin\/#article","isPartOf":{"@id":"https:\/\/www.fiscalia.gov.co\/colombia\/noticias\/a-la-carcel-4-extranjeros-investigados-por-homicidio-de-otro-connacional-en-un-hotel-de-medellin\/"},"author":{"name":"Lesly Katherine Segura Camargo.","@id":"https:\/\/www.fiscalia.gov.co\/colombia\/#\/schema\/person\/6be81acb78add0abcbda2c598c1d53e1"},"headline":"A la c\u00e1rcel 4 extranjeros investigados por homicidio de otro connacional en un hotel de Medell\u00edn","datePublished":"2023-10-20T21:50:17+00:00","dateModified":"2023-10-20T22:47:02+00:00","mainEntityOfPage":{"@id":"https:\/\/www.fiscalia.gov.co\/colombia\/noticias\/a-la-carcel-4-extranjeros-investigados-por-homicidio-de-otro-connacional-en-un-hotel-de-medellin\/"},"wordCount":521,"publisher":{"@id":"https:\/\/www.fiscalia.gov.co\/colombia\/#organization"},"image":{"@id":"https:\/\/www.fiscalia.gov.co\/colombia\/noticias\/a-la-carcel-4-extranjeros-investigados-por-homicidio-de-otro-connacional-en-un-hotel-de-medellin\/#primaryimage"},"thumbnailUrl":"https:\/\/www.fiscalia.gov.co\/colombia\/wp-content\/uploads\/venezolanos-por-homicidio-de-un-connacional-300x209.jpg","keywords":["Fiscal\u00eda General de la Naci\u00f3n","Homicidio agravado","hotel de Medell\u00edn","Hurto calificado","Medida intramuros contra 4 venezolanos","Polic\u00eda Nacional","porte ilegal de armas de defensa personal","Tren de Aragua","victima ciudadano venezolano"],"articleSection":["Noticias","Seccional Medell\u00edn","Seccionales","Seguridad territorial"],"inLanguage":"es-CO"},{"@type":"WebPage","@id":"https:\/\/www.fiscalia.gov.co\/colombia\/noticias\/a-la-carcel-4-extranjeros-investigados-por-homicidio-de-otro-connacional-en-un-hotel-de-medellin\/","url":"https:\/\/www.fiscalia.gov.co\/colombia\/noticias\/a-la-carcel-4-extranjeros-investigados-por-homicidio-de-otro-connacional-en-un-hotel-de-medellin\/","name":"Fiscal\u00eda General de la Naci\u00f3n","isPartOf":{"@id":"https:\/\/www.fiscalia.gov.co\/colombia\/#website"},"primaryImageOfPage":{"@id":"https:\/\/www.fiscalia.gov.co\/colombia\/noticias\/a-la-carcel-4-extranjeros-investigados-por-homicidio-de-otro-connacional-en-un-hotel-de-medellin\/#primaryimage"},"image":{"@id":"https:\/\/www.fiscalia.gov.co\/colombia\/noticias\/a-la-carcel-4-extranjeros-investigados-por-homicidio-de-otro-connacional-en-un-hotel-de-medellin\/#primaryimage"},"thumbnailUrl":"https:\/\/www.fiscalia.gov.co\/colombia\/wp-content\/uploads\/venezolanos-por-homicidio-de-un-connacional-300x209.jpg","datePublished":"2023-10-20T21:50:17+00:00","dateModified":"2023-10-20T22:47:02+00:00","description":"P\u00e1gina oficial de la Fiscal\u00eda General de la Naci\u00f3n \u2013 Colombia. Garantizamos el acceso efectivo a la justicia, la verdad y la reparaci\u00f3n de las v\u00edctimas de los delitos.","breadcrumb":{"@id":"https:\/\/www.fiscalia.gov.co\/colombia\/noticias\/a-la-carcel-4-extranjeros-investigados-por-homicidio-de-otro-connacional-en-un-hotel-de-medellin\/#breadcrumb"},"inLanguage":"es-CO","potentialAction":[{"@type":"ReadAction","target":["https:\/\/www.fiscalia.gov.co\/colombia\/noticias\/a-la-carcel-4-extranjeros-investigados-por-homicidio-de-otro-connacional-en-un-hotel-de-medellin\/"]}]},{"@type":"ImageObject","inLanguage":"es-CO","@id":"https:\/\/www.fiscalia.gov.co\/colombia\/noticias\/a-la-carcel-4-extranjeros-investigados-por-homicidio-de-otro-connacional-en-un-hotel-de-medellin\/#primaryimage","url":"https:\/\/www.fiscalia.gov.co\/colombia\/wp-content\/uploads\/venezolanos-por-homicidio-de-un-connacional.jpg","contentUrl":"https:\/\/www.fiscalia.gov.co\/colombia\/wp-content\/uploads\/venezolanos-por-homicidio-de-un-connacional.jpg","width":1600,"height":1117,"caption":"Presuntos responsables del homicidio de un venezolano en Medell\u00edn"},{"@type":"BreadcrumbList","@id":"https:\/\/www.fiscalia.gov.co\/colombia\/noticias\/a-la-carcel-4-extranjeros-investigados-por-homicidio-de-otro-connacional-en-un-hotel-de-medellin\/#breadcrumb","itemListElement":[{"@type":"ListItem","position":1,"name":"Home","item":"https:\/\/www.fiscalia.gov.co\/colombia\/"},{"@type":"ListItem","position":2,"name":"A la c\u00e1rcel 4 extranjeros investigados por homicidio de otro connacional en un hotel de Medell\u00edn"}]},{"@type":"WebSite","@id":"https:\/\/www.fiscalia.gov.co\/colombia\/#website","url":"https:\/\/www.fiscalia.gov.co\/colombia\/","name":"Fiscal\u00eda General de la Naci\u00f3n","description":"P\u00e1gina oficial de la Fiscal\u00eda General de la Naci\u00f3n \u2013 Colombia. Garantizamos el acceso efectivo a la justicia, la verdad y la reparaci\u00f3n de las v\u00edctimas de los delitos.","publisher":{"@id":"https:\/\/www.fiscalia.gov.co\/colombia\/#organization"},"potentialAction":[{"@type":"SearchAction","target":{"@type":"EntryPoint","urlTemplate":"https:\/\/www.fiscalia.gov.co\/colombia\/?s={search_term_string}"},"query-input":{"@type":"PropertyValueSpecification","valueRequired":true,"valueName":"search_term_string"}}],"inLanguage":"es-CO"},{"@type":"Organization","@id":"https:\/\/www.fiscalia.gov.co\/colombia\/#organization","name":"Fiscal\u00eda General de la Naci\u00f3n","url":"https:\/\/www.fiscalia.gov.co\/colombia\/","logo":{"@type":"ImageObject","inLanguage":"es-CO","@id":"https:\/\/www.fiscalia.gov.co\/colombia\/#\/schema\/logo\/image\/","url":"https:\/\/www.fiscalia.gov.co\/colombia\/wp-content\/uploads\/LogoHorizontal_1.jpg","contentUrl":"https:\/\/www.fiscalia.gov.co\/colombia\/wp-content\/uploads\/LogoHorizontal_1.jpg","width":300,"height":90,"caption":"Fiscal\u00eda General de la Naci\u00f3n"},"image":{"@id":"https:\/\/www.fiscalia.gov.co\/colombia\/#\/schema\/logo\/image\/"},"sameAs":["https:\/\/www.facebook.com\/FiscaliaCol","https:\/\/x.com\/FiscaliaCol","https:\/\/www.instagram.com\/fiscaliacol","https:\/\/www.linkedin.com\/company\/fiscalia-general-de-la-naci-n\/","https:\/\/youtube.com\/@fiscaliageneraldelanacion-4668?si=6nN79nyQICPU5iTh"]},{"@type":"Person","@id":"https:\/\/www.fiscalia.gov.co\/colombia\/#\/schema\/person\/6be81acb78add0abcbda2c598c1d53e1","name":"Lesly Katherine Segura Camargo.","image":{"@type":"ImageObject","inLanguage":"es-CO","@id":"https:\/\/www.fiscalia.gov.co\/colombia\/#\/schema\/person\/image\/","url":"https:\/\/secure.gravatar.com\/avatar\/1892091c53ef3b9c2fcb37ca6066e439?s=96&d=mm&r=g","contentUrl":"https:\/\/secure.gravatar.com\/avatar\/1892091c53ef3b9c2fcb37ca6066e439?s=96&d=mm&r=g","caption":"Lesly Katherine Segura Camargo."},"url":"https:\/\/www.fiscalia.gov.co\/colombia\/author\/lesly-segura\/"}]}},"_links":{"self":[{"href":"https:\/\/www.fiscalia.gov.co\/colombia\/wp-json\/wp\/v2\/posts\/281972","targetHints":{"allow":["GET"]}}],"collection":[{"href":"https:\/\/www.fiscalia.gov.co\/colombia\/wp-json\/wp\/v2\/posts"}],"about":[{"href":"https:\/\/www.fiscalia.gov.co\/colombia\/wp-json\/wp\/v2\/types\/post"}],"author":[{"embeddable":true,"href":"https:\/\/www.fiscalia.gov.co\/colombia\/wp-json\/wp\/v2\/users\/179"}],"replies":[{"embeddable":true,"href":"https:\/\/www.fiscalia.gov.co\/colombia\/wp-json\/wp\/v2\/comments?post=281972"}],"version-history":[{"count":2,"href":"https:\/\/www.fiscalia.gov.co\/colombia\/wp-json\/wp\/v2\/posts\/281972\/revisions"}],"predecessor-version":[{"id":281977,"href":"https:\/\/www.fiscalia.gov.co\/colombia\/wp-json\/wp\/v2\/posts\/281972\/revisions\/281977"}],"wp:attachment":[{"href":"https:\/\/www.fiscalia.gov.co\/colombia\/wp-json\/wp\/v2\/media?parent=281972"}],"wp:term":[{"taxonomy":"category","embeddable":true,"href":"https:\/\/www.fiscalia.gov.co\/colombia\/wp-json\/wp\/v2\/categories?post=281972"},{"taxonomy":"post_tag","embeddable":true,"href":"https:\/\/www.fiscalia.gov.co\/colombia\/wp-json\/wp\/v2\/tags?post=281972"}],"curies":[{"name":"wp","href":"https:\/\/api.w.org\/{rel}","templated":true}]}}