{"id":281939,"date":"2023-10-20T12:01:31","date_gmt":"2023-10-20T17:01:31","guid":{"rendered":"https:\/\/www.fiscalia.gov.co\/colombia\/?p=281939"},"modified":"2023-10-20T12:02:52","modified_gmt":"2023-10-20T17:02:52","slug":"fiscalia-imputa-a-exfuncionarios-de-la-ani-por-su-posible-responsabilidad-en-el-tramite-y-aprobacion-irregular-de-varias-adiciones-al-contrato-de-ruta-del-sol-ii","status":"publish","type":"post","link":"https:\/\/www.fiscalia.gov.co\/colombia\/noticias\/fiscalia-imputa-a-exfuncionarios-de-la-ani-por-su-posible-responsabilidad-en-el-tramite-y-aprobacion-irregular-de-varias-adiciones-al-contrato-de-ruta-del-sol-ii\/","title":{"rendered":"Fiscal\u00eda imputa a exfuncionarios de la ANI por su posible responsabilidad en el tr\u00e1mite y aprobaci\u00f3n irregular de varias adiciones al contrato de \u2018Ruta del Sol II\u2019"},"content":{"rendered":"<h4><em><strong>En el ejercicio de sus cargos y funciones habr\u00edan favorecido econ\u00f3micamente a la concesionaria contratista al flexibilizar condiciones t\u00e9cnicas y financieras.<\/strong><\/em><\/h4>\n<p>La Fiscal\u00eda General de la Naci\u00f3n imput\u00f3 a cuatro exfuncionarios de la Agencia Nacional de Infraestructura (ANI) como presuntos responsables del delito de inter\u00e9s indebido en la celebraci\u00f3n de contratos.<\/p>\n<p>Se trata del ex vicepresidente de Planeaci\u00f3n, Riesgos y Entorno, Andr\u00e9s Figueredo Serpa; del exgerente de Proyectos Carreteros, Daniel Tenjo Suarez; el exgerente financiero, Emerson Leonardo Dur\u00e1n Vargas; y del profesional experto, David Leonardo Monta\u00f1o Garc\u00eda. Estas personas habr\u00edan tramitado y permitido la aprobaci\u00f3n de manera irregular de los otros\u00edes 4, 5, 8 y 10 del contrato de concesi\u00f3n 001 de 2010, \u2018Ruta del Sol II\u2019.<\/p>\n<p>Los elementos de prueba indican que, en el ejercicio de sus cargos, formularon, avalaron, aprobaron y firmaron estudios de conveniencia y actas de comit\u00e9 de contrataci\u00f3n, entre otras actuaciones, que les dieron viabilidad a las adiciones hechas al proyecto vial. De esta manera, fueron modificadas y ajustadas las condiciones financieras y t\u00e9cnicas del contrato en favor del concesionario, del que hac\u00eda parte Odebrecht, sin que existieran estudios serios y completos, propiciando injustificadamente beneficios al contratista.<\/p>\n<p>Peritos especializados de la Fiscal\u00eda constataron que se ampliaron plazos, ajustaron cronogramas de obra, fueron omitidas las sanciones por demoras y no se impusieron multas al concesionario por m\u00e1s de 35.800 millones de pesos; adem\u00e1s, se comprometieron recursos y vigencias futuras sin autorizaci\u00f3n del Consejo Nacional de Pol\u00edtica Econ\u00f3mica y Social (CONPES) y del Consejo Superior de Pol\u00edtica Fiscal (CONFIS), y se desafect\u00f3 un tramo por un valor de 19.976 millones de pesos, cuando debi\u00f3 hacerse por una suma superior a 65.395 millones de pesos. Esto gener\u00f3 un desbalance econ\u00f3mico en el contrato en contra de los intereses del Estado y en beneficio de la concesionaria contratista \u2018Ruta del Sol II\u2019.<\/p>\n<p>Esta informaci\u00f3n se publica por razones de inter\u00e9s general.<\/p>\n<p>&nbsp;<\/p>\n<p><strong>La Fiscal\u00eda habla con resultados<\/strong><\/p>\n<p>&nbsp;<\/p>\n<p>&nbsp;<\/p>\n<p>&nbsp;<\/p>\n<p>JMSV\/JARG\/GRJD\/UFDCSJ\/<\/p>\n<p>&nbsp;<\/p>\n<p>&nbsp;<\/p>\n<p>&nbsp;<\/p>\n<p><i>La informaci\u00f3n contenida en este bolet\u00edn de prensa corresponde a la narraci\u00f3n de los hechos noticiosos objetivos, suministrados por los funcionarios encargados de adelantar las investigaciones penales al interior de la Fiscal\u00eda General de la Naci\u00f3n. Para el momento de la divulgaci\u00f3n de este comunicado, la situaci\u00f3n jur\u00eddica de la(s) persona(s) relacionada(s) se encuentra pendiente de resolver por la autoridad judicial competente, siempre bajo los preceptos de la presunci\u00f3n de inocencia, consagrados en el art\u00edculo 29 de la Constituci\u00f3n Pol\u00edtica y el art\u00edculo 7\u00ba de la Ley 906 de 2004.<\/i><\/p>\n\n<div class=\"twitter-share\"><a href=\"https:\/\/twitter.com\/intent\/tweet?via=fiscaliacol\" class=\"twitter-share-button\">Tweet<\/a><\/div>\n","protected":false},"excerpt":{"rendered":"<p>En el ejercicio de sus cargos y funciones habr\u00edan favorecido econ\u00f3micamente a la concesionaria contratista al flexibilizar condiciones t\u00e9cnicas y financieras. La Fiscal\u00eda General de la Naci\u00f3n imput\u00f3 a cuatro exfuncionarios de la Agencia Nacional de Infraestructura (ANI) como presuntos responsables del delito de inter\u00e9s indebido en la celebraci\u00f3n de contratos. Se trata del ex [&hellip;]<\/p>\n","protected":false},"author":179,"featured_media":0,"comment_status":"closed","ping_status":"open","sticky":false,"template":"","format":"standard","meta":{"tdm_status":"","tdm_grid_status":"","footnotes":""},"categories":[1],"tags":[35623,35635,427,24185,1047,34066],"class_list":{"0":"post-281939","1":"post","2":"type-post","3":"status-publish","4":"format-standard","6":"category-noticias","7":"tag-agencia-nacional-de-infraestructura","8":"tag-ani","9":"tag-corrupcion","10":"tag-fiscal-barbosa","11":"tag-fiscalia-general-de-la-nacion","12":"tag-ruta-del-sol-ii"},"yoast_head":"<!-- This site is optimized with the Yoast SEO plugin v24.3 - https:\/\/yoast.com\/wordpress\/plugins\/seo\/ -->\n<title>Fiscal\u00eda General de la Naci\u00f3n<\/title>\n<meta name=\"description\" content=\"P\u00e1gina oficial de la Fiscal\u00eda General de la Naci\u00f3n \u2013 Colombia. Garantizamos el acceso efectivo a la justicia, la verdad y la reparaci\u00f3n de las v\u00edctimas de los delitos.\" \/>\n<meta name=\"robots\" content=\"noindex, follow\" \/>\n<meta property=\"og:locale\" content=\"es_ES\" \/>\n<meta property=\"og:type\" content=\"article\" \/>\n<meta property=\"og:title\" content=\"Fiscal\u00eda General de la Naci\u00f3n\" \/>\n<meta property=\"og:description\" content=\"P\u00e1gina oficial de la Fiscal\u00eda General de la Naci\u00f3n \u2013 Colombia. Garantizamos el acceso efectivo a la justicia, la verdad y la reparaci\u00f3n de las v\u00edctimas de los delitos.\" \/>\n<meta property=\"og:url\" content=\"https:\/\/www.fiscalia.gov.co\/colombia\/noticias\/fiscalia-imputa-a-exfuncionarios-de-la-ani-por-su-posible-responsabilidad-en-el-tramite-y-aprobacion-irregular-de-varias-adiciones-al-contrato-de-ruta-del-sol-ii\/\" \/>\n<meta property=\"og:site_name\" content=\"Fiscal\u00eda General de la Naci\u00f3n\" \/>\n<meta property=\"article:publisher\" content=\"https:\/\/www.facebook.com\/FiscaliaCol\" \/>\n<meta property=\"article:published_time\" content=\"2023-10-20T17:01:31+00:00\" \/>\n<meta property=\"article:modified_time\" content=\"2023-10-20T17:02:52+00:00\" \/>\n<meta name=\"author\" content=\"Lesly Katherine Segura Camargo.\" \/>\n<meta name=\"twitter:card\" content=\"summary_large_image\" \/>\n<meta name=\"twitter:creator\" content=\"@FiscaliaCol\" \/>\n<meta name=\"twitter:site\" content=\"@FiscaliaCol\" \/>\n<meta name=\"twitter:label1\" content=\"Escrito por\" \/>\n\t<meta name=\"twitter:data1\" content=\"Lesly Katherine Segura Camargo.\" \/>\n\t<meta name=\"twitter:label2\" content=\"Tiempo de lectura\" \/>\n\t<meta name=\"twitter:data2\" content=\"2 minutos\" \/>\n<script type=\"application\/ld+json\" class=\"yoast-schema-graph\">{\"@context\":\"https:\/\/schema.org\",\"@graph\":[{\"@type\":\"Article\",\"@id\":\"https:\/\/www.fiscalia.gov.co\/colombia\/noticias\/fiscalia-imputa-a-exfuncionarios-de-la-ani-por-su-posible-responsabilidad-en-el-tramite-y-aprobacion-irregular-de-varias-adiciones-al-contrato-de-ruta-del-sol-ii\/#article\",\"isPartOf\":{\"@id\":\"https:\/\/www.fiscalia.gov.co\/colombia\/noticias\/fiscalia-imputa-a-exfuncionarios-de-la-ani-por-su-posible-responsabilidad-en-el-tramite-y-aprobacion-irregular-de-varias-adiciones-al-contrato-de-ruta-del-sol-ii\/\"},\"author\":{\"name\":\"Lesly Katherine Segura Camargo.\",\"@id\":\"https:\/\/www.fiscalia.gov.co\/colombia\/#\/schema\/person\/6be81acb78add0abcbda2c598c1d53e1\"},\"headline\":\"Fiscal\u00eda imputa a exfuncionarios de la ANI por su posible responsabilidad en el tr\u00e1mite y aprobaci\u00f3n irregular de varias adiciones al contrato de \u2018Ruta del Sol II\u2019\",\"datePublished\":\"2023-10-20T17:01:31+00:00\",\"dateModified\":\"2023-10-20T17:02:52+00:00\",\"mainEntityOfPage\":{\"@id\":\"https:\/\/www.fiscalia.gov.co\/colombia\/noticias\/fiscalia-imputa-a-exfuncionarios-de-la-ani-por-su-posible-responsabilidad-en-el-tramite-y-aprobacion-irregular-de-varias-adiciones-al-contrato-de-ruta-del-sol-ii\/\"},\"wordCount\":481,\"publisher\":{\"@id\":\"https:\/\/www.fiscalia.gov.co\/colombia\/#organization\"},\"keywords\":[\"agencia nacional de infraestructura\",\"ANI\",\"Corrupci\u00f3n\",\"Fiscal Barbosa\",\"Fiscal\u00eda General de la Naci\u00f3n\",\"Ruta del Sol II\"],\"articleSection\":[\"Noticias\"],\"inLanguage\":\"es-CO\"},{\"@type\":\"WebPage\",\"@id\":\"https:\/\/www.fiscalia.gov.co\/colombia\/noticias\/fiscalia-imputa-a-exfuncionarios-de-la-ani-por-su-posible-responsabilidad-en-el-tramite-y-aprobacion-irregular-de-varias-adiciones-al-contrato-de-ruta-del-sol-ii\/\",\"url\":\"https:\/\/www.fiscalia.gov.co\/colombia\/noticias\/fiscalia-imputa-a-exfuncionarios-de-la-ani-por-su-posible-responsabilidad-en-el-tramite-y-aprobacion-irregular-de-varias-adiciones-al-contrato-de-ruta-del-sol-ii\/\",\"name\":\"Fiscal\u00eda General de la Naci\u00f3n\",\"isPartOf\":{\"@id\":\"https:\/\/www.fiscalia.gov.co\/colombia\/#website\"},\"datePublished\":\"2023-10-20T17:01:31+00:00\",\"dateModified\":\"2023-10-20T17:02:52+00:00\",\"description\":\"P\u00e1gina oficial de la Fiscal\u00eda General de la Naci\u00f3n \u2013 Colombia. Garantizamos el acceso efectivo a la justicia, la verdad y la reparaci\u00f3n de las v\u00edctimas de los delitos.\",\"breadcrumb\":{\"@id\":\"https:\/\/www.fiscalia.gov.co\/colombia\/noticias\/fiscalia-imputa-a-exfuncionarios-de-la-ani-por-su-posible-responsabilidad-en-el-tramite-y-aprobacion-irregular-de-varias-adiciones-al-contrato-de-ruta-del-sol-ii\/#breadcrumb\"},\"inLanguage\":\"es-CO\",\"potentialAction\":[{\"@type\":\"ReadAction\",\"target\":[\"https:\/\/www.fiscalia.gov.co\/colombia\/noticias\/fiscalia-imputa-a-exfuncionarios-de-la-ani-por-su-posible-responsabilidad-en-el-tramite-y-aprobacion-irregular-de-varias-adiciones-al-contrato-de-ruta-del-sol-ii\/\"]}]},{\"@type\":\"BreadcrumbList\",\"@id\":\"https:\/\/www.fiscalia.gov.co\/colombia\/noticias\/fiscalia-imputa-a-exfuncionarios-de-la-ani-por-su-posible-responsabilidad-en-el-tramite-y-aprobacion-irregular-de-varias-adiciones-al-contrato-de-ruta-del-sol-ii\/#breadcrumb\",\"itemListElement\":[{\"@type\":\"ListItem\",\"position\":1,\"name\":\"Home\",\"item\":\"https:\/\/www.fiscalia.gov.co\/colombia\/\"},{\"@type\":\"ListItem\",\"position\":2,\"name\":\"Fiscal\u00eda imputa a exfuncionarios de la ANI por su posible responsabilidad en el tr\u00e1mite y aprobaci\u00f3n irregular de varias adiciones al contrato de \u2018Ruta del Sol II\u2019\"}]},{\"@type\":\"WebSite\",\"@id\":\"https:\/\/www.fiscalia.gov.co\/colombia\/#website\",\"url\":\"https:\/\/www.fiscalia.gov.co\/colombia\/\",\"name\":\"Fiscal\u00eda General de la Naci\u00f3n\",\"description\":\"P\u00e1gina oficial de la Fiscal\u00eda General de la Naci\u00f3n \u2013 Colombia. Garantizamos el acceso efectivo a la justicia, la verdad y la reparaci\u00f3n de las v\u00edctimas de los delitos.\",\"publisher\":{\"@id\":\"https:\/\/www.fiscalia.gov.co\/colombia\/#organization\"},\"potentialAction\":[{\"@type\":\"SearchAction\",\"target\":{\"@type\":\"EntryPoint\",\"urlTemplate\":\"https:\/\/www.fiscalia.gov.co\/colombia\/?s={search_term_string}\"},\"query-input\":{\"@type\":\"PropertyValueSpecification\",\"valueRequired\":true,\"valueName\":\"search_term_string\"}}],\"inLanguage\":\"es-CO\"},{\"@type\":\"Organization\",\"@id\":\"https:\/\/www.fiscalia.gov.co\/colombia\/#organization\",\"name\":\"Fiscal\u00eda General de la Naci\u00f3n\",\"url\":\"https:\/\/www.fiscalia.gov.co\/colombia\/\",\"logo\":{\"@type\":\"ImageObject\",\"inLanguage\":\"es-CO\",\"@id\":\"https:\/\/www.fiscalia.gov.co\/colombia\/#\/schema\/logo\/image\/\",\"url\":\"https:\/\/www.fiscalia.gov.co\/colombia\/wp-content\/uploads\/LogoHorizontal_1.jpg\",\"contentUrl\":\"https:\/\/www.fiscalia.gov.co\/colombia\/wp-content\/uploads\/LogoHorizontal_1.jpg\",\"width\":300,\"height\":90,\"caption\":\"Fiscal\u00eda General de la Naci\u00f3n\"},\"image\":{\"@id\":\"https:\/\/www.fiscalia.gov.co\/colombia\/#\/schema\/logo\/image\/\"},\"sameAs\":[\"https:\/\/www.facebook.com\/FiscaliaCol\",\"https:\/\/x.com\/FiscaliaCol\",\"https:\/\/www.instagram.com\/fiscaliacol\",\"https:\/\/www.linkedin.com\/company\/fiscalia-general-de-la-naci-n\/\",\"https:\/\/youtube.com\/@fiscaliageneraldelanacion-4668?si=6nN79nyQICPU5iTh\"]},{\"@type\":\"Person\",\"@id\":\"https:\/\/www.fiscalia.gov.co\/colombia\/#\/schema\/person\/6be81acb78add0abcbda2c598c1d53e1\",\"name\":\"Lesly Katherine Segura Camargo.\",\"image\":{\"@type\":\"ImageObject\",\"inLanguage\":\"es-CO\",\"@id\":\"https:\/\/www.fiscalia.gov.co\/colombia\/#\/schema\/person\/image\/\",\"url\":\"https:\/\/secure.gravatar.com\/avatar\/1892091c53ef3b9c2fcb37ca6066e439?s=96&d=mm&r=g\",\"contentUrl\":\"https:\/\/secure.gravatar.com\/avatar\/1892091c53ef3b9c2fcb37ca6066e439?s=96&d=mm&r=g\",\"caption\":\"Lesly Katherine Segura Camargo.\"},\"url\":\"https:\/\/www.fiscalia.gov.co\/colombia\/author\/lesly-segura\/\"}]}<\/script>\n<!-- \/ Yoast SEO plugin. -->","yoast_head_json":{"title":"Fiscal\u00eda General de la Naci\u00f3n","description":"P\u00e1gina oficial de la Fiscal\u00eda General de la Naci\u00f3n \u2013 Colombia. Garantizamos el acceso efectivo a la justicia, la verdad y la reparaci\u00f3n de las v\u00edctimas de los delitos.","robots":{"index":"noindex","follow":"follow"},"og_locale":"es_ES","og_type":"article","og_title":"Fiscal\u00eda General de la Naci\u00f3n","og_description":"P\u00e1gina oficial de la Fiscal\u00eda General de la Naci\u00f3n \u2013 Colombia. Garantizamos el acceso efectivo a la justicia, la verdad y la reparaci\u00f3n de las v\u00edctimas de los delitos.","og_url":"https:\/\/www.fiscalia.gov.co\/colombia\/noticias\/fiscalia-imputa-a-exfuncionarios-de-la-ani-por-su-posible-responsabilidad-en-el-tramite-y-aprobacion-irregular-de-varias-adiciones-al-contrato-de-ruta-del-sol-ii\/","og_site_name":"Fiscal\u00eda General de la Naci\u00f3n","article_publisher":"https:\/\/www.facebook.com\/FiscaliaCol","article_published_time":"2023-10-20T17:01:31+00:00","article_modified_time":"2023-10-20T17:02:52+00:00","author":"Lesly Katherine Segura Camargo.","twitter_card":"summary_large_image","twitter_creator":"@FiscaliaCol","twitter_site":"@FiscaliaCol","twitter_misc":{"Escrito por":"Lesly Katherine Segura Camargo.","Tiempo de lectura":"2 minutos"},"schema":{"@context":"https:\/\/schema.org","@graph":[{"@type":"Article","@id":"https:\/\/www.fiscalia.gov.co\/colombia\/noticias\/fiscalia-imputa-a-exfuncionarios-de-la-ani-por-su-posible-responsabilidad-en-el-tramite-y-aprobacion-irregular-de-varias-adiciones-al-contrato-de-ruta-del-sol-ii\/#article","isPartOf":{"@id":"https:\/\/www.fiscalia.gov.co\/colombia\/noticias\/fiscalia-imputa-a-exfuncionarios-de-la-ani-por-su-posible-responsabilidad-en-el-tramite-y-aprobacion-irregular-de-varias-adiciones-al-contrato-de-ruta-del-sol-ii\/"},"author":{"name":"Lesly Katherine Segura Camargo.","@id":"https:\/\/www.fiscalia.gov.co\/colombia\/#\/schema\/person\/6be81acb78add0abcbda2c598c1d53e1"},"headline":"Fiscal\u00eda imputa a exfuncionarios de la ANI por su posible responsabilidad en el tr\u00e1mite y aprobaci\u00f3n irregular de varias adiciones al contrato de \u2018Ruta del Sol II\u2019","datePublished":"2023-10-20T17:01:31+00:00","dateModified":"2023-10-20T17:02:52+00:00","mainEntityOfPage":{"@id":"https:\/\/www.fiscalia.gov.co\/colombia\/noticias\/fiscalia-imputa-a-exfuncionarios-de-la-ani-por-su-posible-responsabilidad-en-el-tramite-y-aprobacion-irregular-de-varias-adiciones-al-contrato-de-ruta-del-sol-ii\/"},"wordCount":481,"publisher":{"@id":"https:\/\/www.fiscalia.gov.co\/colombia\/#organization"},"keywords":["agencia nacional de infraestructura","ANI","Corrupci\u00f3n","Fiscal Barbosa","Fiscal\u00eda General de la Naci\u00f3n","Ruta del Sol II"],"articleSection":["Noticias"],"inLanguage":"es-CO"},{"@type":"WebPage","@id":"https:\/\/www.fiscalia.gov.co\/colombia\/noticias\/fiscalia-imputa-a-exfuncionarios-de-la-ani-por-su-posible-responsabilidad-en-el-tramite-y-aprobacion-irregular-de-varias-adiciones-al-contrato-de-ruta-del-sol-ii\/","url":"https:\/\/www.fiscalia.gov.co\/colombia\/noticias\/fiscalia-imputa-a-exfuncionarios-de-la-ani-por-su-posible-responsabilidad-en-el-tramite-y-aprobacion-irregular-de-varias-adiciones-al-contrato-de-ruta-del-sol-ii\/","name":"Fiscal\u00eda General de la Naci\u00f3n","isPartOf":{"@id":"https:\/\/www.fiscalia.gov.co\/colombia\/#website"},"datePublished":"2023-10-20T17:01:31+00:00","dateModified":"2023-10-20T17:02:52+00:00","description":"P\u00e1gina oficial de la Fiscal\u00eda General de la Naci\u00f3n \u2013 Colombia. Garantizamos el acceso efectivo a la justicia, la verdad y la reparaci\u00f3n de las v\u00edctimas de los delitos.","breadcrumb":{"@id":"https:\/\/www.fiscalia.gov.co\/colombia\/noticias\/fiscalia-imputa-a-exfuncionarios-de-la-ani-por-su-posible-responsabilidad-en-el-tramite-y-aprobacion-irregular-de-varias-adiciones-al-contrato-de-ruta-del-sol-ii\/#breadcrumb"},"inLanguage":"es-CO","potentialAction":[{"@type":"ReadAction","target":["https:\/\/www.fiscalia.gov.co\/colombia\/noticias\/fiscalia-imputa-a-exfuncionarios-de-la-ani-por-su-posible-responsabilidad-en-el-tramite-y-aprobacion-irregular-de-varias-adiciones-al-contrato-de-ruta-del-sol-ii\/"]}]},{"@type":"BreadcrumbList","@id":"https:\/\/www.fiscalia.gov.co\/colombia\/noticias\/fiscalia-imputa-a-exfuncionarios-de-la-ani-por-su-posible-responsabilidad-en-el-tramite-y-aprobacion-irregular-de-varias-adiciones-al-contrato-de-ruta-del-sol-ii\/#breadcrumb","itemListElement":[{"@type":"ListItem","position":1,"name":"Home","item":"https:\/\/www.fiscalia.gov.co\/colombia\/"},{"@type":"ListItem","position":2,"name":"Fiscal\u00eda imputa a exfuncionarios de la ANI por su posible responsabilidad en el tr\u00e1mite y aprobaci\u00f3n irregular de varias adiciones al contrato de \u2018Ruta del Sol II\u2019"}]},{"@type":"WebSite","@id":"https:\/\/www.fiscalia.gov.co\/colombia\/#website","url":"https:\/\/www.fiscalia.gov.co\/colombia\/","name":"Fiscal\u00eda General de la Naci\u00f3n","description":"P\u00e1gina oficial de la Fiscal\u00eda General de la Naci\u00f3n \u2013 Colombia. Garantizamos el acceso efectivo a la justicia, la verdad y la reparaci\u00f3n de las v\u00edctimas de los delitos.","publisher":{"@id":"https:\/\/www.fiscalia.gov.co\/colombia\/#organization"},"potentialAction":[{"@type":"SearchAction","target":{"@type":"EntryPoint","urlTemplate":"https:\/\/www.fiscalia.gov.co\/colombia\/?s={search_term_string}"},"query-input":{"@type":"PropertyValueSpecification","valueRequired":true,"valueName":"search_term_string"}}],"inLanguage":"es-CO"},{"@type":"Organization","@id":"https:\/\/www.fiscalia.gov.co\/colombia\/#organization","name":"Fiscal\u00eda General de la Naci\u00f3n","url":"https:\/\/www.fiscalia.gov.co\/colombia\/","logo":{"@type":"ImageObject","inLanguage":"es-CO","@id":"https:\/\/www.fiscalia.gov.co\/colombia\/#\/schema\/logo\/image\/","url":"https:\/\/www.fiscalia.gov.co\/colombia\/wp-content\/uploads\/LogoHorizontal_1.jpg","contentUrl":"https:\/\/www.fiscalia.gov.co\/colombia\/wp-content\/uploads\/LogoHorizontal_1.jpg","width":300,"height":90,"caption":"Fiscal\u00eda General de la Naci\u00f3n"},"image":{"@id":"https:\/\/www.fiscalia.gov.co\/colombia\/#\/schema\/logo\/image\/"},"sameAs":["https:\/\/www.facebook.com\/FiscaliaCol","https:\/\/x.com\/FiscaliaCol","https:\/\/www.instagram.com\/fiscaliacol","https:\/\/www.linkedin.com\/company\/fiscalia-general-de-la-naci-n\/","https:\/\/youtube.com\/@fiscaliageneraldelanacion-4668?si=6nN79nyQICPU5iTh"]},{"@type":"Person","@id":"https:\/\/www.fiscalia.gov.co\/colombia\/#\/schema\/person\/6be81acb78add0abcbda2c598c1d53e1","name":"Lesly Katherine Segura Camargo.","image":{"@type":"ImageObject","inLanguage":"es-CO","@id":"https:\/\/www.fiscalia.gov.co\/colombia\/#\/schema\/person\/image\/","url":"https:\/\/secure.gravatar.com\/avatar\/1892091c53ef3b9c2fcb37ca6066e439?s=96&d=mm&r=g","contentUrl":"https:\/\/secure.gravatar.com\/avatar\/1892091c53ef3b9c2fcb37ca6066e439?s=96&d=mm&r=g","caption":"Lesly Katherine Segura Camargo."},"url":"https:\/\/www.fiscalia.gov.co\/colombia\/author\/lesly-segura\/"}]}},"_links":{"self":[{"href":"https:\/\/www.fiscalia.gov.co\/colombia\/wp-json\/wp\/v2\/posts\/281939","targetHints":{"allow":["GET"]}}],"collection":[{"href":"https:\/\/www.fiscalia.gov.co\/colombia\/wp-json\/wp\/v2\/posts"}],"about":[{"href":"https:\/\/www.fiscalia.gov.co\/colombia\/wp-json\/wp\/v2\/types\/post"}],"author":[{"embeddable":true,"href":"https:\/\/www.fiscalia.gov.co\/colombia\/wp-json\/wp\/v2\/users\/179"}],"replies":[{"embeddable":true,"href":"https:\/\/www.fiscalia.gov.co\/colombia\/wp-json\/wp\/v2\/comments?post=281939"}],"version-history":[{"count":1,"href":"https:\/\/www.fiscalia.gov.co\/colombia\/wp-json\/wp\/v2\/posts\/281939\/revisions"}],"predecessor-version":[{"id":281940,"href":"https:\/\/www.fiscalia.gov.co\/colombia\/wp-json\/wp\/v2\/posts\/281939\/revisions\/281940"}],"wp:attachment":[{"href":"https:\/\/www.fiscalia.gov.co\/colombia\/wp-json\/wp\/v2\/media?parent=281939"}],"wp:term":[{"taxonomy":"category","embeddable":true,"href":"https:\/\/www.fiscalia.gov.co\/colombia\/wp-json\/wp\/v2\/categories?post=281939"},{"taxonomy":"post_tag","embeddable":true,"href":"https:\/\/www.fiscalia.gov.co\/colombia\/wp-json\/wp\/v2\/tags?post=281939"}],"curies":[{"name":"wp","href":"https:\/\/api.w.org\/{rel}","templated":true}]}}