{"id":281885,"date":"2023-10-19T18:48:08","date_gmt":"2023-10-19T23:48:08","guid":{"rendered":"https:\/\/www.fiscalia.gov.co\/colombia\/?p=281885"},"modified":"2023-10-19T18:48:08","modified_gmt":"2023-10-19T23:48:08","slug":"condenado-a-9-anos-de-prision-por-el-homicidio-de-un-habitante-de-calle-que-habia-atacado-a-su-hermana","status":"publish","type":"post","link":"https:\/\/www.fiscalia.gov.co\/colombia\/noticias\/condenado-a-9-anos-de-prision-por-el-homicidio-de-un-habitante-de-calle-que-habia-atacado-a-su-hermana\/","title":{"rendered":"Condenado a 9 a\u00f1os de prisi\u00f3n por el homicidio de un habitante de calle que hab\u00eda atacado a su hermana"},"content":{"rendered":"<p>La Fiscal\u00eda logr\u00f3 una condena de 9 a\u00f1os y 11 meses de prisi\u00f3n en contra de Luis Alberto D\u00edaz Prada, de 22 a\u00f1os de edad, por el homicidio de un hombre en condici\u00f3n de calle, ocurrido el 4 de septiembre de 2022 en el centro de Neiva (Huila), en medio de una ri\u00f1a por defender a su hermana.<\/p>\n<figure id=\"attachment_281886\" aria-describedby=\"caption-attachment-281886\" style=\"width: 300px\" class=\"wp-caption aligncenter\"><img loading=\"lazy\" decoding=\"async\" class=\"size-medium wp-image-281886\" src=\"https:\/\/www.fiscalia.gov.co\/colombia\/wp-content\/uploads\/luis-alberto-diaz-prada-condenado-por-homicidio-huila-300x236.jpg\" alt=\"en la imagen se ve una persona detenida bajo custodia de un investigador del CTI y un integrante del Ej\u00e9rcito Nacional. Detr\u00e1s suyo backings institucionales.  \" width=\"300\" height=\"236\" srcset=\"https:\/\/www.fiscalia.gov.co\/colombia\/wp-content\/uploads\/luis-alberto-diaz-prada-condenado-por-homicidio-huila-300x236.jpg 300w, https:\/\/www.fiscalia.gov.co\/colombia\/wp-content\/uploads\/luis-alberto-diaz-prada-condenado-por-homicidio-huila-696x548.jpg 696w, https:\/\/www.fiscalia.gov.co\/colombia\/wp-content\/uploads\/luis-alberto-diaz-prada-condenado-por-homicidio-huila-534x420.jpg 534w, https:\/\/www.fiscalia.gov.co\/colombia\/wp-content\/uploads\/luis-alberto-diaz-prada-condenado-por-homicidio-huila.jpg 700w\" sizes=\"auto, (max-width: 300px) 100vw, 300px\" \/><figcaption id=\"caption-attachment-281886\" class=\"wp-caption-text\">Luis Alberto D\u00edaz Prada, de 22 a\u00f1os de edad se encuentra detenido desde noviembre de 2022 cuando fue detenido por el homicidio de un habitante de calle a quien atac\u00f3 con arma blanca por defender a su hermana.<\/figcaption><\/figure>\n<p>El hoy condenado intervino en una discusi\u00f3n que ten\u00eda su hermana con la v\u00edctima identificada como Diego Mauricio Rold\u00e1n Beltr\u00e1n, quienes se estaban agrediendo con arma blanca, y por defenderla lo hiri\u00f3 con un cuchillo por la espalda, muriendo de manera inmediata Rold\u00e1n Beltr\u00e1n.<\/p>\n<p>D\u00edaz Prada fue capturado por uniformados del CTI y Gaula Militar en zona boscosa del sur de la capital huilense en noviembre del mismo a\u00f1o, en cumplimiento a la orden judicial que pesaba en su contra.<\/p>\n<p>La sentencia qued\u00f3 en firme.<\/p>\n<p>&nbsp;<\/p>\n<p><strong>La Fiscal\u00eda habla con resultados.<\/strong><\/p>\n<p>&nbsp;<\/p>\n<p>&nbsp;<\/p>\n<p>&nbsp;<\/p>\n<p>PAAM\/LYBT\/NCS\/DFHI\/DSH<\/p>\n<p>&nbsp;<\/p>\n<p>&nbsp;<\/p>\n<p>&nbsp;<\/p>\n<p><i>La informaci\u00f3n contenida en este bolet\u00edn de prensa corresponde a la narraci\u00f3n de los hechos noticiosos objetivos, suministrados por los funcionarios encargados de adelantar las investigaciones penales al interior de la Fiscal\u00eda General de la Naci\u00f3n. Para el momento de la divulgaci\u00f3n de este comunicado, la situaci\u00f3n jur\u00eddica de la(s) persona(s) relacionada(s) se encuentra pendiente de resolver por la autoridad judicial competente, siempre bajo los preceptos de la presunci\u00f3n de inocencia, consagrados en el art\u00edculo 29 de la Constituci\u00f3n Pol\u00edtica y el art\u00edculo 7\u00ba de la Ley 906 de 2004.<\/i><\/p>\n\n<div class=\"twitter-share\"><a href=\"https:\/\/twitter.com\/intent\/tweet?via=fiscaliacol\" class=\"twitter-share-button\">Tweet<\/a><\/div>\n","protected":false},"excerpt":{"rendered":"<p>La Fiscal\u00eda logr\u00f3 una condena de 9 a\u00f1os y 11 meses de prisi\u00f3n en contra de Luis Alberto D\u00edaz Prada, de 22 a\u00f1os de edad, por el homicidio de un hombre en condici\u00f3n de calle, ocurrido el 4 de septiembre de 2022 en el centro de Neiva (Huila), en medio de una ri\u00f1a por defender [&hellip;]<\/p>\n","protected":false},"author":179,"featured_media":0,"comment_status":"closed","ping_status":"open","sticky":false,"template":"","format":"standard","meta":{"_price":"","_stock":"","_tribe_ticket_header":"","_tribe_default_ticket_provider":"","_tribe_ticket_capacity":"0","_ticket_start_date":"","_ticket_end_date":"","_tribe_ticket_show_description":"","_tribe_ticket_show_not_going":false,"_tribe_ticket_use_global_stock":"","_tribe_ticket_global_stock_level":"","_global_stock_mode":"","_global_stock_cap":"","_tribe_rsvp_for_event":"","_tribe_ticket_going_count":"","_tribe_ticket_not_going_count":"","_tribe_tickets_list":"[]","_tribe_ticket_has_attendee_info_fields":false,"tdm_status":"","tdm_grid_status":"","footnotes":""},"categories":[1,333,303,24099],"tags":[5180,45,20087,24185,1047,26180,26516,409,16,23833,24734,23972,4348,24485],"class_list":{"0":"post-281885","1":"post","2":"type-post","3":"status-publish","4":"format-standard","6":"category-noticias","7":"category-seccional-neiva","8":"category-seccionales","9":"category-seguridad-territorial","10":"tag-arma-blanca","11":"tag-cti","12":"tag-discusion","13":"tag-fiscal-barbosa","14":"tag-fiscalia-general-de-la-nacion","15":"tag-habitante-de-calle","16":"tag-hermana","17":"tag-homicidio","18":"tag-huila","19":"tag-neiva","20":"tag-pelea","21":"tag-policia","22":"tag-rina","23":"tag-seccional-huila"},"yoast_head":"<!-- This site is optimized with the Yoast SEO plugin v24.3 - https:\/\/yoast.com\/wordpress\/plugins\/seo\/ -->\n<title>Fiscal\u00eda General de la Naci\u00f3n<\/title>\n<meta name=\"description\" content=\"P\u00e1gina oficial de la Fiscal\u00eda General de la Naci\u00f3n \u2013 Colombia. Garantizamos el acceso efectivo a la justicia, la verdad y la reparaci\u00f3n de las v\u00edctimas de los delitos.\" \/>\n<meta name=\"robots\" content=\"noindex, follow\" \/>\n<meta property=\"og:locale\" content=\"es_ES\" \/>\n<meta property=\"og:type\" content=\"article\" \/>\n<meta property=\"og:title\" content=\"Fiscal\u00eda General de la Naci\u00f3n\" \/>\n<meta property=\"og:description\" content=\"P\u00e1gina oficial de la Fiscal\u00eda General de la Naci\u00f3n \u2013 Colombia. Garantizamos el acceso efectivo a la justicia, la verdad y la reparaci\u00f3n de las v\u00edctimas de los delitos.\" \/>\n<meta property=\"og:url\" content=\"https:\/\/www.fiscalia.gov.co\/colombia\/noticias\/condenado-a-9-anos-de-prision-por-el-homicidio-de-un-habitante-de-calle-que-habia-atacado-a-su-hermana\/\" \/>\n<meta property=\"og:site_name\" content=\"Fiscal\u00eda General de la Naci\u00f3n\" \/>\n<meta property=\"article:publisher\" content=\"https:\/\/www.facebook.com\/FiscaliaCol\" \/>\n<meta property=\"article:published_time\" content=\"2023-10-19T23:48:08+00:00\" \/>\n<meta property=\"og:image\" content=\"https:\/\/www.fiscalia.gov.co\/colombia\/wp-content\/uploads\/luis-alberto-diaz-prada-condenado-por-homicidio-huila-300x236.jpg\" \/>\n<meta name=\"author\" content=\"Lesly Katherine Segura Camargo.\" \/>\n<meta name=\"twitter:card\" content=\"summary_large_image\" \/>\n<meta name=\"twitter:creator\" content=\"@FiscaliaCol\" \/>\n<meta name=\"twitter:site\" content=\"@FiscaliaCol\" \/>\n<meta name=\"twitter:label1\" content=\"Escrito por\" \/>\n\t<meta name=\"twitter:data1\" content=\"Lesly Katherine Segura Camargo.\" \/>\n\t<meta name=\"twitter:label2\" content=\"Tiempo de lectura\" \/>\n\t<meta name=\"twitter:data2\" content=\"2 minutos\" \/>\n<script type=\"application\/ld+json\" class=\"yoast-schema-graph\">{\"@context\":\"https:\/\/schema.org\",\"@graph\":[{\"@type\":\"Article\",\"@id\":\"https:\/\/www.fiscalia.gov.co\/colombia\/noticias\/condenado-a-9-anos-de-prision-por-el-homicidio-de-un-habitante-de-calle-que-habia-atacado-a-su-hermana\/#article\",\"isPartOf\":{\"@id\":\"https:\/\/www.fiscalia.gov.co\/colombia\/noticias\/condenado-a-9-anos-de-prision-por-el-homicidio-de-un-habitante-de-calle-que-habia-atacado-a-su-hermana\/\"},\"author\":{\"name\":\"Lesly Katherine Segura Camargo.\",\"@id\":\"https:\/\/www.fiscalia.gov.co\/colombia\/#\/schema\/person\/6be81acb78add0abcbda2c598c1d53e1\"},\"headline\":\"Condenado a 9 a\u00f1os de prisi\u00f3n por el homicidio de un habitante de calle que hab\u00eda atacado a su hermana\",\"datePublished\":\"2023-10-19T23:48:08+00:00\",\"dateModified\":\"2023-10-19T23:48:08+00:00\",\"mainEntityOfPage\":{\"@id\":\"https:\/\/www.fiscalia.gov.co\/colombia\/noticias\/condenado-a-9-anos-de-prision-por-el-homicidio-de-un-habitante-de-calle-que-habia-atacado-a-su-hermana\/\"},\"wordCount\":341,\"publisher\":{\"@id\":\"https:\/\/www.fiscalia.gov.co\/colombia\/#organization\"},\"image\":{\"@id\":\"https:\/\/www.fiscalia.gov.co\/colombia\/noticias\/condenado-a-9-anos-de-prision-por-el-homicidio-de-un-habitante-de-calle-que-habia-atacado-a-su-hermana\/#primaryimage\"},\"thumbnailUrl\":\"https:\/\/www.fiscalia.gov.co\/colombia\/wp-content\/uploads\/luis-alberto-diaz-prada-condenado-por-homicidio-huila-300x236.jpg\",\"keywords\":[\"Arma Blanca\",\"CTI\",\"Discusi\u00f3n\",\"Fiscal Barbosa\",\"Fiscal\u00eda General de la Naci\u00f3n\",\"HABITANTE DE CALLE\",\"hermana\",\"Homicidio\",\"Huila\",\"Neiva\",\"pelea\",\"Polic\u00eda\",\"Ri\u00f1a\",\"Seccional Huila\"],\"articleSection\":[\"Noticias\",\"Seccional Neiva\",\"Seccionales\",\"Seguridad territorial\"],\"inLanguage\":\"es-CO\"},{\"@type\":\"WebPage\",\"@id\":\"https:\/\/www.fiscalia.gov.co\/colombia\/noticias\/condenado-a-9-anos-de-prision-por-el-homicidio-de-un-habitante-de-calle-que-habia-atacado-a-su-hermana\/\",\"url\":\"https:\/\/www.fiscalia.gov.co\/colombia\/noticias\/condenado-a-9-anos-de-prision-por-el-homicidio-de-un-habitante-de-calle-que-habia-atacado-a-su-hermana\/\",\"name\":\"Fiscal\u00eda General de la Naci\u00f3n\",\"isPartOf\":{\"@id\":\"https:\/\/www.fiscalia.gov.co\/colombia\/#website\"},\"primaryImageOfPage\":{\"@id\":\"https:\/\/www.fiscalia.gov.co\/colombia\/noticias\/condenado-a-9-anos-de-prision-por-el-homicidio-de-un-habitante-de-calle-que-habia-atacado-a-su-hermana\/#primaryimage\"},\"image\":{\"@id\":\"https:\/\/www.fiscalia.gov.co\/colombia\/noticias\/condenado-a-9-anos-de-prision-por-el-homicidio-de-un-habitante-de-calle-que-habia-atacado-a-su-hermana\/#primaryimage\"},\"thumbnailUrl\":\"https:\/\/www.fiscalia.gov.co\/colombia\/wp-content\/uploads\/luis-alberto-diaz-prada-condenado-por-homicidio-huila-300x236.jpg\",\"datePublished\":\"2023-10-19T23:48:08+00:00\",\"dateModified\":\"2023-10-19T23:48:08+00:00\",\"description\":\"P\u00e1gina oficial de la Fiscal\u00eda General de la Naci\u00f3n \u2013 Colombia. Garantizamos el acceso efectivo a la justicia, la verdad y la reparaci\u00f3n de las v\u00edctimas de los delitos.\",\"breadcrumb\":{\"@id\":\"https:\/\/www.fiscalia.gov.co\/colombia\/noticias\/condenado-a-9-anos-de-prision-por-el-homicidio-de-un-habitante-de-calle-que-habia-atacado-a-su-hermana\/#breadcrumb\"},\"inLanguage\":\"es-CO\",\"potentialAction\":[{\"@type\":\"ReadAction\",\"target\":[\"https:\/\/www.fiscalia.gov.co\/colombia\/noticias\/condenado-a-9-anos-de-prision-por-el-homicidio-de-un-habitante-de-calle-que-habia-atacado-a-su-hermana\/\"]}]},{\"@type\":\"ImageObject\",\"inLanguage\":\"es-CO\",\"@id\":\"https:\/\/www.fiscalia.gov.co\/colombia\/noticias\/condenado-a-9-anos-de-prision-por-el-homicidio-de-un-habitante-de-calle-que-habia-atacado-a-su-hermana\/#primaryimage\",\"url\":\"https:\/\/www.fiscalia.gov.co\/colombia\/wp-content\/uploads\/luis-alberto-diaz-prada-condenado-por-homicidio-huila.jpg\",\"contentUrl\":\"https:\/\/www.fiscalia.gov.co\/colombia\/wp-content\/uploads\/luis-alberto-diaz-prada-condenado-por-homicidio-huila.jpg\",\"width\":700,\"height\":551,\"caption\":\"Luis Alberto D\u00edaz Prada, de 22 a\u00f1os de edad se encuentra detenido desde noviembre de 2022 cuando fue detenido por el homicidio de un habitante de calle a quien atac\u00f3 con arma blanca por defender a su hermana.\"},{\"@type\":\"BreadcrumbList\",\"@id\":\"https:\/\/www.fiscalia.gov.co\/colombia\/noticias\/condenado-a-9-anos-de-prision-por-el-homicidio-de-un-habitante-de-calle-que-habia-atacado-a-su-hermana\/#breadcrumb\",\"itemListElement\":[{\"@type\":\"ListItem\",\"position\":1,\"name\":\"Home\",\"item\":\"https:\/\/www.fiscalia.gov.co\/colombia\/\"},{\"@type\":\"ListItem\",\"position\":2,\"name\":\"Condenado a 9 a\u00f1os de prisi\u00f3n por el homicidio de un habitante de calle que hab\u00eda atacado a su hermana\"}]},{\"@type\":\"WebSite\",\"@id\":\"https:\/\/www.fiscalia.gov.co\/colombia\/#website\",\"url\":\"https:\/\/www.fiscalia.gov.co\/colombia\/\",\"name\":\"Fiscal\u00eda General de la Naci\u00f3n\",\"description\":\"P\u00e1gina oficial de la Fiscal\u00eda General de la Naci\u00f3n \u2013 Colombia. Garantizamos el acceso efectivo a la justicia, la verdad y la reparaci\u00f3n de las v\u00edctimas de los delitos.\",\"publisher\":{\"@id\":\"https:\/\/www.fiscalia.gov.co\/colombia\/#organization\"},\"potentialAction\":[{\"@type\":\"SearchAction\",\"target\":{\"@type\":\"EntryPoint\",\"urlTemplate\":\"https:\/\/www.fiscalia.gov.co\/colombia\/?s={search_term_string}\"},\"query-input\":{\"@type\":\"PropertyValueSpecification\",\"valueRequired\":true,\"valueName\":\"search_term_string\"}}],\"inLanguage\":\"es-CO\"},{\"@type\":\"Organization\",\"@id\":\"https:\/\/www.fiscalia.gov.co\/colombia\/#organization\",\"name\":\"Fiscal\u00eda General de la Naci\u00f3n\",\"url\":\"https:\/\/www.fiscalia.gov.co\/colombia\/\",\"logo\":{\"@type\":\"ImageObject\",\"inLanguage\":\"es-CO\",\"@id\":\"https:\/\/www.fiscalia.gov.co\/colombia\/#\/schema\/logo\/image\/\",\"url\":\"https:\/\/www.fiscalia.gov.co\/colombia\/wp-content\/uploads\/LogoHorizontal_1.jpg\",\"contentUrl\":\"https:\/\/www.fiscalia.gov.co\/colombia\/wp-content\/uploads\/LogoHorizontal_1.jpg\",\"width\":300,\"height\":90,\"caption\":\"Fiscal\u00eda General de la Naci\u00f3n\"},\"image\":{\"@id\":\"https:\/\/www.fiscalia.gov.co\/colombia\/#\/schema\/logo\/image\/\"},\"sameAs\":[\"https:\/\/www.facebook.com\/FiscaliaCol\",\"https:\/\/x.com\/FiscaliaCol\",\"https:\/\/www.instagram.com\/fiscaliacol\",\"https:\/\/www.linkedin.com\/company\/fiscalia-general-de-la-naci-n\/\",\"https:\/\/youtube.com\/@fiscaliageneraldelanacion-4668?si=6nN79nyQICPU5iTh\"]},{\"@type\":\"Person\",\"@id\":\"https:\/\/www.fiscalia.gov.co\/colombia\/#\/schema\/person\/6be81acb78add0abcbda2c598c1d53e1\",\"name\":\"Lesly Katherine Segura Camargo.\",\"image\":{\"@type\":\"ImageObject\",\"inLanguage\":\"es-CO\",\"@id\":\"https:\/\/www.fiscalia.gov.co\/colombia\/#\/schema\/person\/image\/\",\"url\":\"https:\/\/secure.gravatar.com\/avatar\/1892091c53ef3b9c2fcb37ca6066e439?s=96&d=mm&r=g\",\"contentUrl\":\"https:\/\/secure.gravatar.com\/avatar\/1892091c53ef3b9c2fcb37ca6066e439?s=96&d=mm&r=g\",\"caption\":\"Lesly Katherine Segura Camargo.\"},\"url\":\"https:\/\/www.fiscalia.gov.co\/colombia\/author\/lesly-segura\/\"}]}<\/script>\n<!-- \/ Yoast SEO plugin. -->","yoast_head_json":{"title":"Fiscal\u00eda General de la Naci\u00f3n","description":"P\u00e1gina oficial de la Fiscal\u00eda General de la Naci\u00f3n \u2013 Colombia. Garantizamos el acceso efectivo a la justicia, la verdad y la reparaci\u00f3n de las v\u00edctimas de los delitos.","robots":{"index":"noindex","follow":"follow"},"og_locale":"es_ES","og_type":"article","og_title":"Fiscal\u00eda General de la Naci\u00f3n","og_description":"P\u00e1gina oficial de la Fiscal\u00eda General de la Naci\u00f3n \u2013 Colombia. Garantizamos el acceso efectivo a la justicia, la verdad y la reparaci\u00f3n de las v\u00edctimas de los delitos.","og_url":"https:\/\/www.fiscalia.gov.co\/colombia\/noticias\/condenado-a-9-anos-de-prision-por-el-homicidio-de-un-habitante-de-calle-que-habia-atacado-a-su-hermana\/","og_site_name":"Fiscal\u00eda General de la Naci\u00f3n","article_publisher":"https:\/\/www.facebook.com\/FiscaliaCol","article_published_time":"2023-10-19T23:48:08+00:00","og_image":[{"url":"https:\/\/www.fiscalia.gov.co\/colombia\/wp-content\/uploads\/luis-alberto-diaz-prada-condenado-por-homicidio-huila-300x236.jpg","type":"","width":"","height":""}],"author":"Lesly Katherine Segura Camargo.","twitter_card":"summary_large_image","twitter_creator":"@FiscaliaCol","twitter_site":"@FiscaliaCol","twitter_misc":{"Escrito por":"Lesly Katherine Segura Camargo.","Tiempo de lectura":"2 minutos"},"schema":{"@context":"https:\/\/schema.org","@graph":[{"@type":"Article","@id":"https:\/\/www.fiscalia.gov.co\/colombia\/noticias\/condenado-a-9-anos-de-prision-por-el-homicidio-de-un-habitante-de-calle-que-habia-atacado-a-su-hermana\/#article","isPartOf":{"@id":"https:\/\/www.fiscalia.gov.co\/colombia\/noticias\/condenado-a-9-anos-de-prision-por-el-homicidio-de-un-habitante-de-calle-que-habia-atacado-a-su-hermana\/"},"author":{"name":"Lesly Katherine Segura Camargo.","@id":"https:\/\/www.fiscalia.gov.co\/colombia\/#\/schema\/person\/6be81acb78add0abcbda2c598c1d53e1"},"headline":"Condenado a 9 a\u00f1os de prisi\u00f3n por el homicidio de un habitante de calle que hab\u00eda atacado a su hermana","datePublished":"2023-10-19T23:48:08+00:00","dateModified":"2023-10-19T23:48:08+00:00","mainEntityOfPage":{"@id":"https:\/\/www.fiscalia.gov.co\/colombia\/noticias\/condenado-a-9-anos-de-prision-por-el-homicidio-de-un-habitante-de-calle-que-habia-atacado-a-su-hermana\/"},"wordCount":341,"publisher":{"@id":"https:\/\/www.fiscalia.gov.co\/colombia\/#organization"},"image":{"@id":"https:\/\/www.fiscalia.gov.co\/colombia\/noticias\/condenado-a-9-anos-de-prision-por-el-homicidio-de-un-habitante-de-calle-que-habia-atacado-a-su-hermana\/#primaryimage"},"thumbnailUrl":"https:\/\/www.fiscalia.gov.co\/colombia\/wp-content\/uploads\/luis-alberto-diaz-prada-condenado-por-homicidio-huila-300x236.jpg","keywords":["Arma Blanca","CTI","Discusi\u00f3n","Fiscal Barbosa","Fiscal\u00eda General de la Naci\u00f3n","HABITANTE DE CALLE","hermana","Homicidio","Huila","Neiva","pelea","Polic\u00eda","Ri\u00f1a","Seccional Huila"],"articleSection":["Noticias","Seccional Neiva","Seccionales","Seguridad territorial"],"inLanguage":"es-CO"},{"@type":"WebPage","@id":"https:\/\/www.fiscalia.gov.co\/colombia\/noticias\/condenado-a-9-anos-de-prision-por-el-homicidio-de-un-habitante-de-calle-que-habia-atacado-a-su-hermana\/","url":"https:\/\/www.fiscalia.gov.co\/colombia\/noticias\/condenado-a-9-anos-de-prision-por-el-homicidio-de-un-habitante-de-calle-que-habia-atacado-a-su-hermana\/","name":"Fiscal\u00eda General de la Naci\u00f3n","isPartOf":{"@id":"https:\/\/www.fiscalia.gov.co\/colombia\/#website"},"primaryImageOfPage":{"@id":"https:\/\/www.fiscalia.gov.co\/colombia\/noticias\/condenado-a-9-anos-de-prision-por-el-homicidio-de-un-habitante-de-calle-que-habia-atacado-a-su-hermana\/#primaryimage"},"image":{"@id":"https:\/\/www.fiscalia.gov.co\/colombia\/noticias\/condenado-a-9-anos-de-prision-por-el-homicidio-de-un-habitante-de-calle-que-habia-atacado-a-su-hermana\/#primaryimage"},"thumbnailUrl":"https:\/\/www.fiscalia.gov.co\/colombia\/wp-content\/uploads\/luis-alberto-diaz-prada-condenado-por-homicidio-huila-300x236.jpg","datePublished":"2023-10-19T23:48:08+00:00","dateModified":"2023-10-19T23:48:08+00:00","description":"P\u00e1gina oficial de la Fiscal\u00eda General de la Naci\u00f3n \u2013 Colombia. Garantizamos el acceso efectivo a la justicia, la verdad y la reparaci\u00f3n de las v\u00edctimas de los delitos.","breadcrumb":{"@id":"https:\/\/www.fiscalia.gov.co\/colombia\/noticias\/condenado-a-9-anos-de-prision-por-el-homicidio-de-un-habitante-de-calle-que-habia-atacado-a-su-hermana\/#breadcrumb"},"inLanguage":"es-CO","potentialAction":[{"@type":"ReadAction","target":["https:\/\/www.fiscalia.gov.co\/colombia\/noticias\/condenado-a-9-anos-de-prision-por-el-homicidio-de-un-habitante-de-calle-que-habia-atacado-a-su-hermana\/"]}]},{"@type":"ImageObject","inLanguage":"es-CO","@id":"https:\/\/www.fiscalia.gov.co\/colombia\/noticias\/condenado-a-9-anos-de-prision-por-el-homicidio-de-un-habitante-de-calle-que-habia-atacado-a-su-hermana\/#primaryimage","url":"https:\/\/www.fiscalia.gov.co\/colombia\/wp-content\/uploads\/luis-alberto-diaz-prada-condenado-por-homicidio-huila.jpg","contentUrl":"https:\/\/www.fiscalia.gov.co\/colombia\/wp-content\/uploads\/luis-alberto-diaz-prada-condenado-por-homicidio-huila.jpg","width":700,"height":551,"caption":"Luis Alberto D\u00edaz Prada, de 22 a\u00f1os de edad se encuentra detenido desde noviembre de 2022 cuando fue detenido por el homicidio de un habitante de calle a quien atac\u00f3 con arma blanca por defender a su hermana."},{"@type":"BreadcrumbList","@id":"https:\/\/www.fiscalia.gov.co\/colombia\/noticias\/condenado-a-9-anos-de-prision-por-el-homicidio-de-un-habitante-de-calle-que-habia-atacado-a-su-hermana\/#breadcrumb","itemListElement":[{"@type":"ListItem","position":1,"name":"Home","item":"https:\/\/www.fiscalia.gov.co\/colombia\/"},{"@type":"ListItem","position":2,"name":"Condenado a 9 a\u00f1os de prisi\u00f3n por el homicidio de un habitante de calle que hab\u00eda atacado a su hermana"}]},{"@type":"WebSite","@id":"https:\/\/www.fiscalia.gov.co\/colombia\/#website","url":"https:\/\/www.fiscalia.gov.co\/colombia\/","name":"Fiscal\u00eda General de la Naci\u00f3n","description":"P\u00e1gina oficial de la Fiscal\u00eda General de la Naci\u00f3n \u2013 Colombia. Garantizamos el acceso efectivo a la justicia, la verdad y la reparaci\u00f3n de las v\u00edctimas de los delitos.","publisher":{"@id":"https:\/\/www.fiscalia.gov.co\/colombia\/#organization"},"potentialAction":[{"@type":"SearchAction","target":{"@type":"EntryPoint","urlTemplate":"https:\/\/www.fiscalia.gov.co\/colombia\/?s={search_term_string}"},"query-input":{"@type":"PropertyValueSpecification","valueRequired":true,"valueName":"search_term_string"}}],"inLanguage":"es-CO"},{"@type":"Organization","@id":"https:\/\/www.fiscalia.gov.co\/colombia\/#organization","name":"Fiscal\u00eda General de la Naci\u00f3n","url":"https:\/\/www.fiscalia.gov.co\/colombia\/","logo":{"@type":"ImageObject","inLanguage":"es-CO","@id":"https:\/\/www.fiscalia.gov.co\/colombia\/#\/schema\/logo\/image\/","url":"https:\/\/www.fiscalia.gov.co\/colombia\/wp-content\/uploads\/LogoHorizontal_1.jpg","contentUrl":"https:\/\/www.fiscalia.gov.co\/colombia\/wp-content\/uploads\/LogoHorizontal_1.jpg","width":300,"height":90,"caption":"Fiscal\u00eda General de la Naci\u00f3n"},"image":{"@id":"https:\/\/www.fiscalia.gov.co\/colombia\/#\/schema\/logo\/image\/"},"sameAs":["https:\/\/www.facebook.com\/FiscaliaCol","https:\/\/x.com\/FiscaliaCol","https:\/\/www.instagram.com\/fiscaliacol","https:\/\/www.linkedin.com\/company\/fiscalia-general-de-la-naci-n\/","https:\/\/youtube.com\/@fiscaliageneraldelanacion-4668?si=6nN79nyQICPU5iTh"]},{"@type":"Person","@id":"https:\/\/www.fiscalia.gov.co\/colombia\/#\/schema\/person\/6be81acb78add0abcbda2c598c1d53e1","name":"Lesly Katherine Segura Camargo.","image":{"@type":"ImageObject","inLanguage":"es-CO","@id":"https:\/\/www.fiscalia.gov.co\/colombia\/#\/schema\/person\/image\/","url":"https:\/\/secure.gravatar.com\/avatar\/1892091c53ef3b9c2fcb37ca6066e439?s=96&d=mm&r=g","contentUrl":"https:\/\/secure.gravatar.com\/avatar\/1892091c53ef3b9c2fcb37ca6066e439?s=96&d=mm&r=g","caption":"Lesly Katherine Segura Camargo."},"url":"https:\/\/www.fiscalia.gov.co\/colombia\/author\/lesly-segura\/"}]}},"_links":{"self":[{"href":"https:\/\/www.fiscalia.gov.co\/colombia\/wp-json\/wp\/v2\/posts\/281885","targetHints":{"allow":["GET"]}}],"collection":[{"href":"https:\/\/www.fiscalia.gov.co\/colombia\/wp-json\/wp\/v2\/posts"}],"about":[{"href":"https:\/\/www.fiscalia.gov.co\/colombia\/wp-json\/wp\/v2\/types\/post"}],"author":[{"embeddable":true,"href":"https:\/\/www.fiscalia.gov.co\/colombia\/wp-json\/wp\/v2\/users\/179"}],"replies":[{"embeddable":true,"href":"https:\/\/www.fiscalia.gov.co\/colombia\/wp-json\/wp\/v2\/comments?post=281885"}],"version-history":[{"count":1,"href":"https:\/\/www.fiscalia.gov.co\/colombia\/wp-json\/wp\/v2\/posts\/281885\/revisions"}],"predecessor-version":[{"id":281887,"href":"https:\/\/www.fiscalia.gov.co\/colombia\/wp-json\/wp\/v2\/posts\/281885\/revisions\/281887"}],"wp:attachment":[{"href":"https:\/\/www.fiscalia.gov.co\/colombia\/wp-json\/wp\/v2\/media?parent=281885"}],"wp:term":[{"taxonomy":"category","embeddable":true,"href":"https:\/\/www.fiscalia.gov.co\/colombia\/wp-json\/wp\/v2\/categories?post=281885"},{"taxonomy":"post_tag","embeddable":true,"href":"https:\/\/www.fiscalia.gov.co\/colombia\/wp-json\/wp\/v2\/tags?post=281885"}],"curies":[{"name":"wp","href":"https:\/\/api.w.org\/{rel}","templated":true}]}}