{"id":281520,"date":"2023-10-13T14:58:08","date_gmt":"2023-10-13T19:58:08","guid":{"rendered":"https:\/\/www.fiscalia.gov.co\/colombia\/?p=281520"},"modified":"2023-10-13T15:05:45","modified_gmt":"2023-10-13T20:05:45","slug":"principios-de-oportunidad-para-12-procesados-por-violencia-intrafamiliar-sus-familias-los-perdonaron","status":"publish","type":"post","link":"https:\/\/www.fiscalia.gov.co\/colombia\/noticias\/principios-de-oportunidad-para-12-procesados-por-violencia-intrafamiliar-sus-familias-los-perdonaron\/","title":{"rendered":"Principios de oportunidad para 12 procesados por violencia intrafamiliar, sus familias los perdonaron"},"content":{"rendered":"<p>Con el \u00e1nimo de impactar los delitos que m\u00e1s afectan a mujeres, ni\u00f1os, ni\u00f1as y adolescentes, la Seccional Choc\u00f3 de la Fiscal\u00eda General de la Naci\u00f3n pudo realizar 12 principios de oportunidad con igual n\u00famero de procesados por el delito de violencia intrafamiliar.<\/p>\n<p>Estas personas acordaron con la Fiscal\u00eda no volver a maltratar a sus parejas, y previ\u00f3 a esto se analizaron sus antecedentes para verificar que no hayan incurrido en delitos como lesiones personales, porte ilegal de armas de fuego, homicidio, entre otros.<\/p>\n<figure id=\"attachment_281522\" aria-describedby=\"caption-attachment-281522\" style=\"width: 300px\" class=\"wp-caption aligncenter\"><img loading=\"lazy\" decoding=\"async\" class=\"size-medium wp-image-281522\" src=\"https:\/\/www.fiscalia.gov.co\/colombia\/wp-content\/uploads\/WhatsApp-Image-2023-10-13-at-12.09.22-PM-300x169.jpeg\" alt=\"En las fotos aparecen 12 personas que se acogieron en la Fiscal\u00eda en Tad\u00f3 (Choc\u00f3), a principios de oportunidad con igual por el delito de violencia intrafamiliar, ellos pidieron perd\u00f3n p\u00fablico, y deber\u00e1n cumplir con trabajo social y charlas con diferentes instituciones.\" width=\"300\" height=\"169\" srcset=\"https:\/\/www.fiscalia.gov.co\/colombia\/wp-content\/uploads\/WhatsApp-Image-2023-10-13-at-12.09.22-PM-300x169.jpeg 300w, https:\/\/www.fiscalia.gov.co\/colombia\/wp-content\/uploads\/WhatsApp-Image-2023-10-13-at-12.09.22-PM-1024x576.jpeg 1024w, https:\/\/www.fiscalia.gov.co\/colombia\/wp-content\/uploads\/WhatsApp-Image-2023-10-13-at-12.09.22-PM-768x432.jpeg 768w, https:\/\/www.fiscalia.gov.co\/colombia\/wp-content\/uploads\/WhatsApp-Image-2023-10-13-at-12.09.22-PM-1536x864.jpeg 1536w, https:\/\/www.fiscalia.gov.co\/colombia\/wp-content\/uploads\/WhatsApp-Image-2023-10-13-at-12.09.22-PM-696x392.jpeg 696w, https:\/\/www.fiscalia.gov.co\/colombia\/wp-content\/uploads\/WhatsApp-Image-2023-10-13-at-12.09.22-PM-1068x601.jpeg 1068w, https:\/\/www.fiscalia.gov.co\/colombia\/wp-content\/uploads\/WhatsApp-Image-2023-10-13-at-12.09.22-PM-747x420.jpeg 747w, https:\/\/www.fiscalia.gov.co\/colombia\/wp-content\/uploads\/WhatsApp-Image-2023-10-13-at-12.09.22-PM.jpeg 1600w\" sizes=\"auto, (max-width: 300px) 100vw, 300px\" \/><figcaption id=\"caption-attachment-281522\" class=\"wp-caption-text\">La Fiscal\u00eda Seccional Choc\u00f3 realiz\u00f3 en Tad\u00f3 (Choc\u00f3), 12 principios de oportunidad con igual n\u00famero de procesados por el delito de violencia intrafamiliar, ellos pidieron perd\u00f3n p\u00fablico, y deber\u00e1n cumplir con trabajo social y charlas con diferentes instituciones.<\/figcaption><\/figure>\n<figure id=\"attachment_281523\" aria-describedby=\"caption-attachment-281523\" style=\"width: 300px\" class=\"wp-caption aligncenter\"><img loading=\"lazy\" decoding=\"async\" class=\"size-medium wp-image-281523\" src=\"https:\/\/www.fiscalia.gov.co\/colombia\/wp-content\/uploads\/WhatsApp-Image-2023-10-13-at-12.09.22-PM-1-300x169.jpeg\" alt=\"En las fotos aparecen 12 personas que se acogieron en la Fiscal\u00eda en Tad\u00f3 (Choc\u00f3), a principios de oportunidad con igual por el delito de violencia intrafamiliar, ellos pidieron perd\u00f3n p\u00fablico, y deber\u00e1n cumplir con trabajo social y charlas con diferentes instituciones.\" width=\"300\" height=\"169\" srcset=\"https:\/\/www.fiscalia.gov.co\/colombia\/wp-content\/uploads\/WhatsApp-Image-2023-10-13-at-12.09.22-PM-1-300x169.jpeg 300w, https:\/\/www.fiscalia.gov.co\/colombia\/wp-content\/uploads\/WhatsApp-Image-2023-10-13-at-12.09.22-PM-1-1024x576.jpeg 1024w, https:\/\/www.fiscalia.gov.co\/colombia\/wp-content\/uploads\/WhatsApp-Image-2023-10-13-at-12.09.22-PM-1-768x432.jpeg 768w, https:\/\/www.fiscalia.gov.co\/colombia\/wp-content\/uploads\/WhatsApp-Image-2023-10-13-at-12.09.22-PM-1-1536x864.jpeg 1536w, https:\/\/www.fiscalia.gov.co\/colombia\/wp-content\/uploads\/WhatsApp-Image-2023-10-13-at-12.09.22-PM-1-696x392.jpeg 696w, https:\/\/www.fiscalia.gov.co\/colombia\/wp-content\/uploads\/WhatsApp-Image-2023-10-13-at-12.09.22-PM-1-1068x601.jpeg 1068w, https:\/\/www.fiscalia.gov.co\/colombia\/wp-content\/uploads\/WhatsApp-Image-2023-10-13-at-12.09.22-PM-1-747x420.jpeg 747w, https:\/\/www.fiscalia.gov.co\/colombia\/wp-content\/uploads\/WhatsApp-Image-2023-10-13-at-12.09.22-PM-1.jpeg 1600w\" sizes=\"auto, (max-width: 300px) 100vw, 300px\" \/><figcaption id=\"caption-attachment-281523\" class=\"wp-caption-text\">La Fiscal\u00eda Seccional Choc\u00f3 realiz\u00f3 en Tad\u00f3 (Choc\u00f3), 12 principios de oportunidad con igual n\u00famero de procesados por el delito de violencia intrafamiliar, ellos pidieron perd\u00f3n p\u00fablico, y deber\u00e1n cumplir con trabajo social y charlas con diferentes instituciones.<\/figcaption><\/figure>\n<p>Las v\u00edctimas aceptaron que pidieran perd\u00f3n p\u00fablico y sumado a esto deber\u00e1n participar en diferentes labores sociales y tambi\u00e9n asistir a charlas con trabajadores sociales, psic\u00f3logos, abogados, Polic\u00eda Nacional y la Fiscal\u00eda.<\/p>\n<figure id=\"attachment_281524\" aria-describedby=\"caption-attachment-281524\" style=\"width: 300px\" class=\"wp-caption aligncenter\"><img loading=\"lazy\" decoding=\"async\" class=\"size-medium wp-image-281524\" src=\"https:\/\/www.fiscalia.gov.co\/colombia\/wp-content\/uploads\/WhatsApp-Image-2023-10-13-at-12.08.59-PM-1-300x210.jpeg\" alt=\"En las fotos aparecen 12 personas que se acogieron en la Fiscal\u00eda en Tad\u00f3 (Choc\u00f3), a principios de oportunidad con igual por el delito de violencia intrafamiliar, ellos pidieron perd\u00f3n p\u00fablico, y deber\u00e1n cumplir con trabajo social y charlas con diferentes instituciones.\" width=\"300\" height=\"210\" srcset=\"https:\/\/www.fiscalia.gov.co\/colombia\/wp-content\/uploads\/WhatsApp-Image-2023-10-13-at-12.08.59-PM-1-300x210.jpeg 300w, https:\/\/www.fiscalia.gov.co\/colombia\/wp-content\/uploads\/WhatsApp-Image-2023-10-13-at-12.08.59-PM-1-1024x716.jpeg 1024w, https:\/\/www.fiscalia.gov.co\/colombia\/wp-content\/uploads\/WhatsApp-Image-2023-10-13-at-12.08.59-PM-1-768x537.jpeg 768w, https:\/\/www.fiscalia.gov.co\/colombia\/wp-content\/uploads\/WhatsApp-Image-2023-10-13-at-12.08.59-PM-1-1536x1073.jpeg 1536w, https:\/\/www.fiscalia.gov.co\/colombia\/wp-content\/uploads\/WhatsApp-Image-2023-10-13-at-12.08.59-PM-1-696x486.jpeg 696w, https:\/\/www.fiscalia.gov.co\/colombia\/wp-content\/uploads\/WhatsApp-Image-2023-10-13-at-12.08.59-PM-1-1068x746.jpeg 1068w, https:\/\/www.fiscalia.gov.co\/colombia\/wp-content\/uploads\/WhatsApp-Image-2023-10-13-at-12.08.59-PM-1-601x420.jpeg 601w, https:\/\/www.fiscalia.gov.co\/colombia\/wp-content\/uploads\/WhatsApp-Image-2023-10-13-at-12.08.59-PM-1-100x70.jpeg 100w, https:\/\/www.fiscalia.gov.co\/colombia\/wp-content\/uploads\/WhatsApp-Image-2023-10-13-at-12.08.59-PM-1.jpeg 1600w\" sizes=\"auto, (max-width: 300px) 100vw, 300px\" \/><figcaption id=\"caption-attachment-281524\" class=\"wp-caption-text\">La Fiscal\u00eda Seccional Choc\u00f3 realiz\u00f3 en Tad\u00f3 (Choc\u00f3), 12 principios de oportunidad con igual n\u00famero de procesados por el delito de violencia intrafamiliar, ellos pidieron perd\u00f3n p\u00fablico, y deber\u00e1n cumplir con trabajo social y charlas con diferentes instituciones.<\/figcaption><\/figure>\n<figure id=\"attachment_281525\" aria-describedby=\"caption-attachment-281525\" style=\"width: 300px\" class=\"wp-caption aligncenter\"><img loading=\"lazy\" decoding=\"async\" class=\"size-medium wp-image-281525\" src=\"https:\/\/www.fiscalia.gov.co\/colombia\/wp-content\/uploads\/WhatsApp-Image-2023-10-13-at-12.08.59-PM-300x209.jpeg\" alt=\"En las fotos aparecen 12 personas que se acogieron en la Fiscal\u00eda en Tad\u00f3 (Choc\u00f3), a principios de oportunidad con igual por el delito de violencia intrafamiliar, ellos pidieron perd\u00f3n p\u00fablico, y deber\u00e1n cumplir con trabajo social y charlas con diferentes instituciones.\" width=\"300\" height=\"209\" srcset=\"https:\/\/www.fiscalia.gov.co\/colombia\/wp-content\/uploads\/WhatsApp-Image-2023-10-13-at-12.08.59-PM-300x209.jpeg 300w, https:\/\/www.fiscalia.gov.co\/colombia\/wp-content\/uploads\/WhatsApp-Image-2023-10-13-at-12.08.59-PM-1024x713.jpeg 1024w, https:\/\/www.fiscalia.gov.co\/colombia\/wp-content\/uploads\/WhatsApp-Image-2023-10-13-at-12.08.59-PM-768x535.jpeg 768w, https:\/\/www.fiscalia.gov.co\/colombia\/wp-content\/uploads\/WhatsApp-Image-2023-10-13-at-12.08.59-PM-1536x1069.jpeg 1536w, https:\/\/www.fiscalia.gov.co\/colombia\/wp-content\/uploads\/WhatsApp-Image-2023-10-13-at-12.08.59-PM-696x485.jpeg 696w, https:\/\/www.fiscalia.gov.co\/colombia\/wp-content\/uploads\/WhatsApp-Image-2023-10-13-at-12.08.59-PM-1068x744.jpeg 1068w, https:\/\/www.fiscalia.gov.co\/colombia\/wp-content\/uploads\/WhatsApp-Image-2023-10-13-at-12.08.59-PM-603x420.jpeg 603w, https:\/\/www.fiscalia.gov.co\/colombia\/wp-content\/uploads\/WhatsApp-Image-2023-10-13-at-12.08.59-PM-100x70.jpeg 100w, https:\/\/www.fiscalia.gov.co\/colombia\/wp-content\/uploads\/WhatsApp-Image-2023-10-13-at-12.08.59-PM.jpeg 1600w\" sizes=\"auto, (max-width: 300px) 100vw, 300px\" \/><figcaption id=\"caption-attachment-281525\" class=\"wp-caption-text\">La Fiscal\u00eda Seccional Choc\u00f3 realiz\u00f3 en Tad\u00f3 (Choc\u00f3), 12 principios de oportunidad con igual n\u00famero de procesados por el delito de violencia intrafamiliar, ellos pidieron perd\u00f3n p\u00fablico, y deber\u00e1n cumplir con trabajo social y charlas con diferentes instituciones.<\/figcaption><\/figure>\n<p>&nbsp;<\/p>\n<p>La Seccional Choc\u00f3 lleva tres meses visitando los municipios de este departamento buscando un acercamiento con los procesados y apoyarlos en la aceptaci\u00f3n de este principio de oportunidad que les ofrece la Fiscal\u00eda.<\/p>\n<p>Esta actividad se ha desarrollado en Quibd\u00f3, Carmen de Atrato, Tad\u00f3 y en los pr\u00f3ximos meses se har\u00e1 presencia en Condoto e Itsmina.<\/p>\n<p><strong>La Fiscal\u00eda habla con resultados.<\/strong><\/p>\n<p>&nbsp;<\/p>\n<p>&nbsp;<\/p>\n<p>&nbsp;<\/p>\n<p>JLH\/DSC\/FAGH\/JFAV<\/p>\n<p>&nbsp;<\/p>\n<p style=\"font-weight: 400;\"><i>La informaci\u00f3n contenida en este bolet\u00edn de prensa corresponde a la narraci\u00f3n de los hechos noticiosos objetivos, y las investigaciones penales al interior de la Fiscal\u00eda General de la Naci\u00f3n. Para el momento de la divulgaci\u00f3n de este comunicado, la situaci\u00f3n jur\u00eddica de la(s) persona(s) relacionada(s) se encuentra pendiente de resolver por la autoridad judicial competente, siempre bajo los preceptos de la presunci\u00f3n de inocencia, consagrados en el art\u00edculo 29 de la Constituci\u00f3n Pol\u00edtica y el art\u00edculo 7\u00ba de la Ley 906 de 2004.\u00a0<\/i><\/p>\n\n<div class=\"twitter-share\"><a href=\"https:\/\/twitter.com\/intent\/tweet?via=fiscaliacol\" class=\"twitter-share-button\">Tweet<\/a><\/div>\n","protected":false},"excerpt":{"rendered":"<p>Con el \u00e1nimo de impactar los delitos que m\u00e1s afectan a mujeres, ni\u00f1os, ni\u00f1as y adolescentes, la Seccional Choc\u00f3 de la Fiscal\u00eda General de la Naci\u00f3n pudo realizar 12 principios de oportunidad con igual n\u00famero de procesados por el delito de violencia intrafamiliar. Estas personas acordaron con la Fiscal\u00eda no volver a maltratar a sus [&hellip;]<\/p>\n","protected":false},"author":178,"featured_media":0,"comment_status":"closed","ping_status":"open","sticky":false,"template":"","format":"standard","meta":{"_price":"","_stock":"","_tribe_ticket_header":"","_tribe_default_ticket_provider":"","_tribe_ticket_capacity":"0","_ticket_start_date":"","_ticket_end_date":"","_tribe_ticket_show_description":"","_tribe_ticket_show_not_going":false,"_tribe_ticket_use_global_stock":"","_tribe_ticket_global_stock_level":"","_global_stock_mode":"","_global_stock_cap":"","_tribe_rsvp_for_event":"","_tribe_ticket_going_count":"","_tribe_ticket_not_going_count":"","_tribe_tickets_list":"[]","_tribe_ticket_has_attendee_info_fields":false,"tdm_status":"","tdm_grid_status":"","footnotes":""},"categories":[1,2336,303,24099],"tags":[24185,1047,35888],"class_list":{"0":"post-281520","1":"post","2":"type-post","3":"status-publish","4":"format-standard","6":"category-noticias","7":"category-seccional-quibdo","8":"category-seccionales","9":"category-seguridad-territorial","10":"tag-fiscal-barbosa","11":"tag-fiscalia-general-de-la-nacion","12":"tag-quidbo-choco"},"yoast_head":"<!-- This site is optimized with the Yoast SEO plugin v24.3 - https:\/\/yoast.com\/wordpress\/plugins\/seo\/ -->\n<title>Fiscal\u00eda General de la Naci\u00f3n<\/title>\n<meta name=\"description\" content=\"P\u00e1gina oficial de la Fiscal\u00eda General de la Naci\u00f3n \u2013 Colombia. Garantizamos el acceso efectivo a la justicia, la verdad y la reparaci\u00f3n de las v\u00edctimas de los delitos.\" \/>\n<meta name=\"robots\" content=\"noindex, follow\" \/>\n<meta property=\"og:locale\" content=\"es_ES\" \/>\n<meta property=\"og:type\" content=\"article\" \/>\n<meta property=\"og:title\" content=\"Fiscal\u00eda General de la Naci\u00f3n\" \/>\n<meta property=\"og:description\" content=\"P\u00e1gina oficial de la Fiscal\u00eda General de la Naci\u00f3n \u2013 Colombia. Garantizamos el acceso efectivo a la justicia, la verdad y la reparaci\u00f3n de las v\u00edctimas de los delitos.\" \/>\n<meta property=\"og:url\" content=\"https:\/\/www.fiscalia.gov.co\/colombia\/noticias\/principios-de-oportunidad-para-12-procesados-por-violencia-intrafamiliar-sus-familias-los-perdonaron\/\" \/>\n<meta property=\"og:site_name\" content=\"Fiscal\u00eda General de la Naci\u00f3n\" \/>\n<meta property=\"article:publisher\" content=\"https:\/\/www.facebook.com\/FiscaliaCol\" \/>\n<meta property=\"article:published_time\" content=\"2023-10-13T19:58:08+00:00\" \/>\n<meta property=\"article:modified_time\" content=\"2023-10-13T20:05:45+00:00\" \/>\n<meta property=\"og:image\" content=\"https:\/\/www.fiscalia.gov.co\/colombia\/wp-content\/uploads\/WhatsApp-Image-2023-10-13-at-12.09.22-PM-300x169.jpeg\" \/>\n<meta name=\"author\" content=\"Winnie Geraldine Rodr\u00edguez Navarrete\" \/>\n<meta name=\"twitter:card\" content=\"summary_large_image\" \/>\n<meta name=\"twitter:creator\" content=\"@FiscaliaCol\" \/>\n<meta name=\"twitter:site\" content=\"@FiscaliaCol\" \/>\n<meta name=\"twitter:label1\" content=\"Escrito por\" \/>\n\t<meta name=\"twitter:data1\" content=\"Winnie Geraldine Rodr\u00edguez Navarrete\" \/>\n\t<meta name=\"twitter:label2\" content=\"Tiempo de lectura\" \/>\n\t<meta name=\"twitter:data2\" content=\"3 minutos\" \/>\n<script type=\"application\/ld+json\" class=\"yoast-schema-graph\">{\"@context\":\"https:\/\/schema.org\",\"@graph\":[{\"@type\":\"Article\",\"@id\":\"https:\/\/www.fiscalia.gov.co\/colombia\/noticias\/principios-de-oportunidad-para-12-procesados-por-violencia-intrafamiliar-sus-familias-los-perdonaron\/#article\",\"isPartOf\":{\"@id\":\"https:\/\/www.fiscalia.gov.co\/colombia\/noticias\/principios-de-oportunidad-para-12-procesados-por-violencia-intrafamiliar-sus-familias-los-perdonaron\/\"},\"author\":{\"name\":\"Winnie Geraldine Rodr\u00edguez Navarrete\",\"@id\":\"https:\/\/www.fiscalia.gov.co\/colombia\/#\/schema\/person\/176195b99ebab0a52aafa15197e1bf80\"},\"headline\":\"Principios de oportunidad para 12 procesados por violencia intrafamiliar, sus familias los perdonaron\",\"datePublished\":\"2023-10-13T19:58:08+00:00\",\"dateModified\":\"2023-10-13T20:05:45+00:00\",\"mainEntityOfPage\":{\"@id\":\"https:\/\/www.fiscalia.gov.co\/colombia\/noticias\/principios-de-oportunidad-para-12-procesados-por-violencia-intrafamiliar-sus-familias-los-perdonaron\/\"},\"wordCount\":508,\"publisher\":{\"@id\":\"https:\/\/www.fiscalia.gov.co\/colombia\/#organization\"},\"image\":{\"@id\":\"https:\/\/www.fiscalia.gov.co\/colombia\/noticias\/principios-de-oportunidad-para-12-procesados-por-violencia-intrafamiliar-sus-familias-los-perdonaron\/#primaryimage\"},\"thumbnailUrl\":\"https:\/\/www.fiscalia.gov.co\/colombia\/wp-content\/uploads\/WhatsApp-Image-2023-10-13-at-12.09.22-PM-300x169.jpeg\",\"keywords\":[\"Fiscal Barbosa\",\"Fiscal\u00eda General de la Naci\u00f3n\",\"Quidb\u00f3 (Choc\u00f3)\"],\"articleSection\":[\"Noticias\",\"Seccional Quibd\u00f3\",\"Seccionales\",\"Seguridad territorial\"],\"inLanguage\":\"es-CO\"},{\"@type\":\"WebPage\",\"@id\":\"https:\/\/www.fiscalia.gov.co\/colombia\/noticias\/principios-de-oportunidad-para-12-procesados-por-violencia-intrafamiliar-sus-familias-los-perdonaron\/\",\"url\":\"https:\/\/www.fiscalia.gov.co\/colombia\/noticias\/principios-de-oportunidad-para-12-procesados-por-violencia-intrafamiliar-sus-familias-los-perdonaron\/\",\"name\":\"Fiscal\u00eda General de la Naci\u00f3n\",\"isPartOf\":{\"@id\":\"https:\/\/www.fiscalia.gov.co\/colombia\/#website\"},\"primaryImageOfPage\":{\"@id\":\"https:\/\/www.fiscalia.gov.co\/colombia\/noticias\/principios-de-oportunidad-para-12-procesados-por-violencia-intrafamiliar-sus-familias-los-perdonaron\/#primaryimage\"},\"image\":{\"@id\":\"https:\/\/www.fiscalia.gov.co\/colombia\/noticias\/principios-de-oportunidad-para-12-procesados-por-violencia-intrafamiliar-sus-familias-los-perdonaron\/#primaryimage\"},\"thumbnailUrl\":\"https:\/\/www.fiscalia.gov.co\/colombia\/wp-content\/uploads\/WhatsApp-Image-2023-10-13-at-12.09.22-PM-300x169.jpeg\",\"datePublished\":\"2023-10-13T19:58:08+00:00\",\"dateModified\":\"2023-10-13T20:05:45+00:00\",\"description\":\"P\u00e1gina oficial de la Fiscal\u00eda General de la Naci\u00f3n \u2013 Colombia. Garantizamos el acceso efectivo a la justicia, la verdad y la reparaci\u00f3n de las v\u00edctimas de los delitos.\",\"breadcrumb\":{\"@id\":\"https:\/\/www.fiscalia.gov.co\/colombia\/noticias\/principios-de-oportunidad-para-12-procesados-por-violencia-intrafamiliar-sus-familias-los-perdonaron\/#breadcrumb\"},\"inLanguage\":\"es-CO\",\"potentialAction\":[{\"@type\":\"ReadAction\",\"target\":[\"https:\/\/www.fiscalia.gov.co\/colombia\/noticias\/principios-de-oportunidad-para-12-procesados-por-violencia-intrafamiliar-sus-familias-los-perdonaron\/\"]}]},{\"@type\":\"ImageObject\",\"inLanguage\":\"es-CO\",\"@id\":\"https:\/\/www.fiscalia.gov.co\/colombia\/noticias\/principios-de-oportunidad-para-12-procesados-por-violencia-intrafamiliar-sus-familias-los-perdonaron\/#primaryimage\",\"url\":\"https:\/\/www.fiscalia.gov.co\/colombia\/wp-content\/uploads\/WhatsApp-Image-2023-10-13-at-12.09.22-PM-300x169.jpeg\",\"contentUrl\":\"https:\/\/www.fiscalia.gov.co\/colombia\/wp-content\/uploads\/WhatsApp-Image-2023-10-13-at-12.09.22-PM-300x169.jpeg\"},{\"@type\":\"BreadcrumbList\",\"@id\":\"https:\/\/www.fiscalia.gov.co\/colombia\/noticias\/principios-de-oportunidad-para-12-procesados-por-violencia-intrafamiliar-sus-familias-los-perdonaron\/#breadcrumb\",\"itemListElement\":[{\"@type\":\"ListItem\",\"position\":1,\"name\":\"Home\",\"item\":\"https:\/\/www.fiscalia.gov.co\/colombia\/\"},{\"@type\":\"ListItem\",\"position\":2,\"name\":\"Principios de oportunidad para 12 procesados por violencia intrafamiliar, sus familias los perdonaron\"}]},{\"@type\":\"WebSite\",\"@id\":\"https:\/\/www.fiscalia.gov.co\/colombia\/#website\",\"url\":\"https:\/\/www.fiscalia.gov.co\/colombia\/\",\"name\":\"Fiscal\u00eda General de la Naci\u00f3n\",\"description\":\"P\u00e1gina oficial de la Fiscal\u00eda General de la Naci\u00f3n \u2013 Colombia. Garantizamos el acceso efectivo a la justicia, la verdad y la reparaci\u00f3n de las v\u00edctimas de los delitos.\",\"publisher\":{\"@id\":\"https:\/\/www.fiscalia.gov.co\/colombia\/#organization\"},\"potentialAction\":[{\"@type\":\"SearchAction\",\"target\":{\"@type\":\"EntryPoint\",\"urlTemplate\":\"https:\/\/www.fiscalia.gov.co\/colombia\/?s={search_term_string}\"},\"query-input\":{\"@type\":\"PropertyValueSpecification\",\"valueRequired\":true,\"valueName\":\"search_term_string\"}}],\"inLanguage\":\"es-CO\"},{\"@type\":\"Organization\",\"@id\":\"https:\/\/www.fiscalia.gov.co\/colombia\/#organization\",\"name\":\"Fiscal\u00eda General de la Naci\u00f3n\",\"url\":\"https:\/\/www.fiscalia.gov.co\/colombia\/\",\"logo\":{\"@type\":\"ImageObject\",\"inLanguage\":\"es-CO\",\"@id\":\"https:\/\/www.fiscalia.gov.co\/colombia\/#\/schema\/logo\/image\/\",\"url\":\"https:\/\/www.fiscalia.gov.co\/colombia\/wp-content\/uploads\/LogoHorizontal_1.jpg\",\"contentUrl\":\"https:\/\/www.fiscalia.gov.co\/colombia\/wp-content\/uploads\/LogoHorizontal_1.jpg\",\"width\":300,\"height\":90,\"caption\":\"Fiscal\u00eda General de la Naci\u00f3n\"},\"image\":{\"@id\":\"https:\/\/www.fiscalia.gov.co\/colombia\/#\/schema\/logo\/image\/\"},\"sameAs\":[\"https:\/\/www.facebook.com\/FiscaliaCol\",\"https:\/\/x.com\/FiscaliaCol\",\"https:\/\/www.instagram.com\/fiscaliacol\",\"https:\/\/www.linkedin.com\/company\/fiscalia-general-de-la-naci-n\/\",\"https:\/\/youtube.com\/@fiscaliageneraldelanacion-4668?si=6nN79nyQICPU5iTh\"]},{\"@type\":\"Person\",\"@id\":\"https:\/\/www.fiscalia.gov.co\/colombia\/#\/schema\/person\/176195b99ebab0a52aafa15197e1bf80\",\"name\":\"Winnie Geraldine Rodr\u00edguez Navarrete\",\"image\":{\"@type\":\"ImageObject\",\"inLanguage\":\"es-CO\",\"@id\":\"https:\/\/www.fiscalia.gov.co\/colombia\/#\/schema\/person\/image\/\",\"url\":\"https:\/\/secure.gravatar.com\/avatar\/c24cf8481dc84fa5e8c7b20bc95ab0c6?s=96&d=mm&r=g\",\"contentUrl\":\"https:\/\/secure.gravatar.com\/avatar\/c24cf8481dc84fa5e8c7b20bc95ab0c6?s=96&d=mm&r=g\",\"caption\":\"Winnie Geraldine Rodr\u00edguez Navarrete\"},\"url\":\"https:\/\/www.fiscalia.gov.co\/colombia\/author\/winnierodriguez\/\"}]}<\/script>\n<!-- \/ Yoast SEO plugin. -->","yoast_head_json":{"title":"Fiscal\u00eda General de la Naci\u00f3n","description":"P\u00e1gina oficial de la Fiscal\u00eda General de la Naci\u00f3n \u2013 Colombia. Garantizamos el acceso efectivo a la justicia, la verdad y la reparaci\u00f3n de las v\u00edctimas de los delitos.","robots":{"index":"noindex","follow":"follow"},"og_locale":"es_ES","og_type":"article","og_title":"Fiscal\u00eda General de la Naci\u00f3n","og_description":"P\u00e1gina oficial de la Fiscal\u00eda General de la Naci\u00f3n \u2013 Colombia. Garantizamos el acceso efectivo a la justicia, la verdad y la reparaci\u00f3n de las v\u00edctimas de los delitos.","og_url":"https:\/\/www.fiscalia.gov.co\/colombia\/noticias\/principios-de-oportunidad-para-12-procesados-por-violencia-intrafamiliar-sus-familias-los-perdonaron\/","og_site_name":"Fiscal\u00eda General de la Naci\u00f3n","article_publisher":"https:\/\/www.facebook.com\/FiscaliaCol","article_published_time":"2023-10-13T19:58:08+00:00","article_modified_time":"2023-10-13T20:05:45+00:00","og_image":[{"url":"https:\/\/www.fiscalia.gov.co\/colombia\/wp-content\/uploads\/WhatsApp-Image-2023-10-13-at-12.09.22-PM-300x169.jpeg","type":"","width":"","height":""}],"author":"Winnie Geraldine Rodr\u00edguez Navarrete","twitter_card":"summary_large_image","twitter_creator":"@FiscaliaCol","twitter_site":"@FiscaliaCol","twitter_misc":{"Escrito por":"Winnie Geraldine Rodr\u00edguez Navarrete","Tiempo de lectura":"3 minutos"},"schema":{"@context":"https:\/\/schema.org","@graph":[{"@type":"Article","@id":"https:\/\/www.fiscalia.gov.co\/colombia\/noticias\/principios-de-oportunidad-para-12-procesados-por-violencia-intrafamiliar-sus-familias-los-perdonaron\/#article","isPartOf":{"@id":"https:\/\/www.fiscalia.gov.co\/colombia\/noticias\/principios-de-oportunidad-para-12-procesados-por-violencia-intrafamiliar-sus-familias-los-perdonaron\/"},"author":{"name":"Winnie Geraldine Rodr\u00edguez Navarrete","@id":"https:\/\/www.fiscalia.gov.co\/colombia\/#\/schema\/person\/176195b99ebab0a52aafa15197e1bf80"},"headline":"Principios de oportunidad para 12 procesados por violencia intrafamiliar, sus familias los perdonaron","datePublished":"2023-10-13T19:58:08+00:00","dateModified":"2023-10-13T20:05:45+00:00","mainEntityOfPage":{"@id":"https:\/\/www.fiscalia.gov.co\/colombia\/noticias\/principios-de-oportunidad-para-12-procesados-por-violencia-intrafamiliar-sus-familias-los-perdonaron\/"},"wordCount":508,"publisher":{"@id":"https:\/\/www.fiscalia.gov.co\/colombia\/#organization"},"image":{"@id":"https:\/\/www.fiscalia.gov.co\/colombia\/noticias\/principios-de-oportunidad-para-12-procesados-por-violencia-intrafamiliar-sus-familias-los-perdonaron\/#primaryimage"},"thumbnailUrl":"https:\/\/www.fiscalia.gov.co\/colombia\/wp-content\/uploads\/WhatsApp-Image-2023-10-13-at-12.09.22-PM-300x169.jpeg","keywords":["Fiscal Barbosa","Fiscal\u00eda General de la Naci\u00f3n","Quidb\u00f3 (Choc\u00f3)"],"articleSection":["Noticias","Seccional Quibd\u00f3","Seccionales","Seguridad territorial"],"inLanguage":"es-CO"},{"@type":"WebPage","@id":"https:\/\/www.fiscalia.gov.co\/colombia\/noticias\/principios-de-oportunidad-para-12-procesados-por-violencia-intrafamiliar-sus-familias-los-perdonaron\/","url":"https:\/\/www.fiscalia.gov.co\/colombia\/noticias\/principios-de-oportunidad-para-12-procesados-por-violencia-intrafamiliar-sus-familias-los-perdonaron\/","name":"Fiscal\u00eda General de la Naci\u00f3n","isPartOf":{"@id":"https:\/\/www.fiscalia.gov.co\/colombia\/#website"},"primaryImageOfPage":{"@id":"https:\/\/www.fiscalia.gov.co\/colombia\/noticias\/principios-de-oportunidad-para-12-procesados-por-violencia-intrafamiliar-sus-familias-los-perdonaron\/#primaryimage"},"image":{"@id":"https:\/\/www.fiscalia.gov.co\/colombia\/noticias\/principios-de-oportunidad-para-12-procesados-por-violencia-intrafamiliar-sus-familias-los-perdonaron\/#primaryimage"},"thumbnailUrl":"https:\/\/www.fiscalia.gov.co\/colombia\/wp-content\/uploads\/WhatsApp-Image-2023-10-13-at-12.09.22-PM-300x169.jpeg","datePublished":"2023-10-13T19:58:08+00:00","dateModified":"2023-10-13T20:05:45+00:00","description":"P\u00e1gina oficial de la Fiscal\u00eda General de la Naci\u00f3n \u2013 Colombia. Garantizamos el acceso efectivo a la justicia, la verdad y la reparaci\u00f3n de las v\u00edctimas de los delitos.","breadcrumb":{"@id":"https:\/\/www.fiscalia.gov.co\/colombia\/noticias\/principios-de-oportunidad-para-12-procesados-por-violencia-intrafamiliar-sus-familias-los-perdonaron\/#breadcrumb"},"inLanguage":"es-CO","potentialAction":[{"@type":"ReadAction","target":["https:\/\/www.fiscalia.gov.co\/colombia\/noticias\/principios-de-oportunidad-para-12-procesados-por-violencia-intrafamiliar-sus-familias-los-perdonaron\/"]}]},{"@type":"ImageObject","inLanguage":"es-CO","@id":"https:\/\/www.fiscalia.gov.co\/colombia\/noticias\/principios-de-oportunidad-para-12-procesados-por-violencia-intrafamiliar-sus-familias-los-perdonaron\/#primaryimage","url":"https:\/\/www.fiscalia.gov.co\/colombia\/wp-content\/uploads\/WhatsApp-Image-2023-10-13-at-12.09.22-PM-300x169.jpeg","contentUrl":"https:\/\/www.fiscalia.gov.co\/colombia\/wp-content\/uploads\/WhatsApp-Image-2023-10-13-at-12.09.22-PM-300x169.jpeg"},{"@type":"BreadcrumbList","@id":"https:\/\/www.fiscalia.gov.co\/colombia\/noticias\/principios-de-oportunidad-para-12-procesados-por-violencia-intrafamiliar-sus-familias-los-perdonaron\/#breadcrumb","itemListElement":[{"@type":"ListItem","position":1,"name":"Home","item":"https:\/\/www.fiscalia.gov.co\/colombia\/"},{"@type":"ListItem","position":2,"name":"Principios de oportunidad para 12 procesados por violencia intrafamiliar, sus familias los perdonaron"}]},{"@type":"WebSite","@id":"https:\/\/www.fiscalia.gov.co\/colombia\/#website","url":"https:\/\/www.fiscalia.gov.co\/colombia\/","name":"Fiscal\u00eda General de la Naci\u00f3n","description":"P\u00e1gina oficial de la Fiscal\u00eda General de la Naci\u00f3n \u2013 Colombia. Garantizamos el acceso efectivo a la justicia, la verdad y la reparaci\u00f3n de las v\u00edctimas de los delitos.","publisher":{"@id":"https:\/\/www.fiscalia.gov.co\/colombia\/#organization"},"potentialAction":[{"@type":"SearchAction","target":{"@type":"EntryPoint","urlTemplate":"https:\/\/www.fiscalia.gov.co\/colombia\/?s={search_term_string}"},"query-input":{"@type":"PropertyValueSpecification","valueRequired":true,"valueName":"search_term_string"}}],"inLanguage":"es-CO"},{"@type":"Organization","@id":"https:\/\/www.fiscalia.gov.co\/colombia\/#organization","name":"Fiscal\u00eda General de la Naci\u00f3n","url":"https:\/\/www.fiscalia.gov.co\/colombia\/","logo":{"@type":"ImageObject","inLanguage":"es-CO","@id":"https:\/\/www.fiscalia.gov.co\/colombia\/#\/schema\/logo\/image\/","url":"https:\/\/www.fiscalia.gov.co\/colombia\/wp-content\/uploads\/LogoHorizontal_1.jpg","contentUrl":"https:\/\/www.fiscalia.gov.co\/colombia\/wp-content\/uploads\/LogoHorizontal_1.jpg","width":300,"height":90,"caption":"Fiscal\u00eda General de la Naci\u00f3n"},"image":{"@id":"https:\/\/www.fiscalia.gov.co\/colombia\/#\/schema\/logo\/image\/"},"sameAs":["https:\/\/www.facebook.com\/FiscaliaCol","https:\/\/x.com\/FiscaliaCol","https:\/\/www.instagram.com\/fiscaliacol","https:\/\/www.linkedin.com\/company\/fiscalia-general-de-la-naci-n\/","https:\/\/youtube.com\/@fiscaliageneraldelanacion-4668?si=6nN79nyQICPU5iTh"]},{"@type":"Person","@id":"https:\/\/www.fiscalia.gov.co\/colombia\/#\/schema\/person\/176195b99ebab0a52aafa15197e1bf80","name":"Winnie Geraldine Rodr\u00edguez Navarrete","image":{"@type":"ImageObject","inLanguage":"es-CO","@id":"https:\/\/www.fiscalia.gov.co\/colombia\/#\/schema\/person\/image\/","url":"https:\/\/secure.gravatar.com\/avatar\/c24cf8481dc84fa5e8c7b20bc95ab0c6?s=96&d=mm&r=g","contentUrl":"https:\/\/secure.gravatar.com\/avatar\/c24cf8481dc84fa5e8c7b20bc95ab0c6?s=96&d=mm&r=g","caption":"Winnie Geraldine Rodr\u00edguez Navarrete"},"url":"https:\/\/www.fiscalia.gov.co\/colombia\/author\/winnierodriguez\/"}]}},"_links":{"self":[{"href":"https:\/\/www.fiscalia.gov.co\/colombia\/wp-json\/wp\/v2\/posts\/281520","targetHints":{"allow":["GET"]}}],"collection":[{"href":"https:\/\/www.fiscalia.gov.co\/colombia\/wp-json\/wp\/v2\/posts"}],"about":[{"href":"https:\/\/www.fiscalia.gov.co\/colombia\/wp-json\/wp\/v2\/types\/post"}],"author":[{"embeddable":true,"href":"https:\/\/www.fiscalia.gov.co\/colombia\/wp-json\/wp\/v2\/users\/178"}],"replies":[{"embeddable":true,"href":"https:\/\/www.fiscalia.gov.co\/colombia\/wp-json\/wp\/v2\/comments?post=281520"}],"version-history":[{"count":2,"href":"https:\/\/www.fiscalia.gov.co\/colombia\/wp-json\/wp\/v2\/posts\/281520\/revisions"}],"predecessor-version":[{"id":281526,"href":"https:\/\/www.fiscalia.gov.co\/colombia\/wp-json\/wp\/v2\/posts\/281520\/revisions\/281526"}],"wp:attachment":[{"href":"https:\/\/www.fiscalia.gov.co\/colombia\/wp-json\/wp\/v2\/media?parent=281520"}],"wp:term":[{"taxonomy":"category","embeddable":true,"href":"https:\/\/www.fiscalia.gov.co\/colombia\/wp-json\/wp\/v2\/categories?post=281520"},{"taxonomy":"post_tag","embeddable":true,"href":"https:\/\/www.fiscalia.gov.co\/colombia\/wp-json\/wp\/v2\/tags?post=281520"}],"curies":[{"name":"wp","href":"https:\/\/api.w.org\/{rel}","templated":true}]}}