{"id":281429,"date":"2023-10-12T14:58:16","date_gmt":"2023-10-12T19:58:16","guid":{"rendered":"https:\/\/www.fiscalia.gov.co\/colombia\/?p=281429"},"modified":"2023-10-12T14:58:16","modified_gmt":"2023-10-12T19:58:16","slug":"ocho-anos-de-prision-para-un-hombre-que-indujo-a-su-hijastra-a-consumir-estupefacientes-y-la-emborracho-para-abusarla","status":"publish","type":"post","link":"https:\/\/www.fiscalia.gov.co\/colombia\/noticias\/ocho-anos-de-prision-para-un-hombre-que-indujo-a-su-hijastra-a-consumir-estupefacientes-y-la-emborracho-para-abusarla\/","title":{"rendered":"Ocho a\u00f1os de prisi\u00f3n para un hombre que indujo a su hijastra a consumir estupefacientes y la emborrach\u00f3 para abusarla"},"content":{"rendered":"<div>\n<p>A una condena de ocho a\u00f1os de prisi\u00f3n se enfrentar\u00e1 un hombre tras hab\u00e9rsele hallado penalmente responsable del delito de acto sexual abusivo con incapaz de resistir, del que fue v\u00edctima su hijastra de 15 a\u00f1os de edad en mayo de 2022, en Florencia (Caquet\u00e1).<\/p>\n<p>Una fiscal seccional adscrita al Centro Integral de Atenci\u00f3n a V\u00edctimas de Abuso Sexual (Caivas), logr\u00f3 demostrar la culpabilidad del padrastro quien fue condenado luego de llegar a un acuerdo judicial con \u00e9l y su defensa, al aceptar la responsabilidad de los hechos.<\/p>\n<figure id=\"attachment_281431\" aria-describedby=\"caption-attachment-281431\" style=\"width: 333px\" class=\"wp-caption aligncenter\"><img loading=\"lazy\" decoding=\"async\" class=\" wp-image-281431\" src=\"https:\/\/www.fiscalia.gov.co\/colombia\/wp-content\/uploads\/WhatsApp-Image-2023-10-12-at-2.38.01-PM-300x272.jpeg\" alt=\"en la imagen se ve una persona detenida bajo custodia del CTI y la Polic\u00eda. Detr\u00e1s suyo un backing de la Fiscal\u00eda.  \" width=\"333\" height=\"302\" srcset=\"https:\/\/www.fiscalia.gov.co\/colombia\/wp-content\/uploads\/WhatsApp-Image-2023-10-12-at-2.38.01-PM-300x272.jpeg 300w, https:\/\/www.fiscalia.gov.co\/colombia\/wp-content\/uploads\/WhatsApp-Image-2023-10-12-at-2.38.01-PM-768x696.jpeg 768w, https:\/\/www.fiscalia.gov.co\/colombia\/wp-content\/uploads\/WhatsApp-Image-2023-10-12-at-2.38.01-PM-696x631.jpeg 696w, https:\/\/www.fiscalia.gov.co\/colombia\/wp-content\/uploads\/WhatsApp-Image-2023-10-12-at-2.38.01-PM-464x420.jpeg 464w, https:\/\/www.fiscalia.gov.co\/colombia\/wp-content\/uploads\/WhatsApp-Image-2023-10-12-at-2.38.01-PM.jpeg 799w\" sizes=\"auto, (max-width: 333px) 100vw, 333px\" \/><figcaption id=\"caption-attachment-281431\" class=\"wp-caption-text\">el hombre fue capturado en febrero de este a\u00f1o mediante orden judicial por investigadores del CTI de la Seccional Caquet\u00e1 y la Polic\u00eda Nacional.<\/figcaption><\/figure>\n<p>El hombre quien se encuentra detenido desde febrero de este a\u00f1o por servidores del Cuerpo T\u00e9cnico de Investigaci\u00f3n y la Polic\u00eda Nacional, luego de departir con la adolescente en un establecimiento p\u00fablico donde ingirieron bebidas alcoh\u00f3licas, la llev\u00f3 hasta una vivienda del barrio Troncal del Hacha donde la toc\u00f3 de manera inapropiada y violenta en sus partes \u00edntimas.<\/p>\n<p>El sujeto aprovech\u00f3 que la joven se encontraba bajo los efectos del alcohol y de una sustancia estupefaciente, ya que la indujo a que consumiera \u2018perico\u2019, provocando con ello que perdiera el dominio de su cuerpo, y por ende su voluntad, entrando en un estado de somnolencia que no le permit\u00eda defenderse.<\/p>\n<p>La decisi\u00f3n qued\u00f3 en firme.<\/p>\n<p><b><u>La Fiscal\u00eda habla con resultados.\u00a0<\/u><\/b><\/p>\n<p>&nbsp;<\/p>\n<p>&nbsp;<\/p>\n<p>PAAM\/LYBT\/FBC\/NQB\/DSC<\/p>\n<p>&nbsp;<\/p>\n<p>&nbsp;<\/p>\n<p>&nbsp;<\/p>\n<p align=\"center\">\n<p>&nbsp;<\/p>\n<\/div>\n<div>\n<p>&nbsp;<\/p>\n<p><b>Tambi\u00e9n le puede interesar: \u00a0<\/b><\/p>\n<p><a id=\"m_-4718803754308974185OWA36b75906-11a7-48b7-cc42-bde43764ca7f\" href=\"https:\/\/www.fiscalia.gov.co\/colombia\/noticias\/asegurado-por-actos-sexuales-con-menor-de-14-anos-y-acceso-carnal-abusivo-con-persona-incapaz-de-resistir\/\" target=\"_blank\" rel=\"noopener\" data-saferedirecturl=\"https:\/\/www.google.com\/url?q=https:\/\/www.fiscalia.gov.co\/colombia\/noticias\/asegurado-por-actos-sexuales-con-menor-de-14-anos-y-acceso-carnal-abusivo-con-persona-incapaz-de-resistir\/&amp;source=gmail&amp;ust=1697226298889000&amp;usg=AOvVaw1OI9uqJTPsKXAh-hImBUhj\">https:\/\/www.fiscalia.gov.co\/<wbr \/>colombia\/noticias\/asegurado-<wbr \/>por-actos-sexuales-con-menor-<wbr \/>de-14-anos-y-acceso-carnal-<wbr \/>abusivo-con-persona-incapaz-<wbr \/>de-resistir\/<\/a><\/p>\n<p><a id=\"m_-4718803754308974185OWAd1ecdc8a-0d96-5e80-6cb1-655b1ee115d9\" href=\"https:\/\/www.fiscalia.gov.co\/colombia\/noticias\/capturada-por-actos-sexuales-con-incapaz-de-resistir\/\" target=\"_blank\" rel=\"noopener\" data-saferedirecturl=\"https:\/\/www.google.com\/url?q=https:\/\/www.fiscalia.gov.co\/colombia\/noticias\/capturada-por-actos-sexuales-con-incapaz-de-resistir\/&amp;source=gmail&amp;ust=1697226298889000&amp;usg=AOvVaw3QEVAA36FaJPG3F9DLrJie\">https:\/\/www.fiscalia.gov.co\/<wbr \/>colombia\/noticias\/capturada-<wbr \/>por-actos-sexuales-con-<wbr \/>incapaz-de-resistir\/<\/a><\/div>\n<div><\/div>\n<div><\/div>\n<div><em>La informaci\u00f3n contenida en este bolet\u00edn de prensa corresponde a la narraci\u00f3n de los hechos noticiosos objetivos, suministrados por los funcionarios encargados de adelantar las investigaciones penales al interior de la Fiscal\u00eda General de la Naci\u00f3n. Para el momento de la divulgaci\u00f3n de este comunicado, la situaci\u00f3n jur\u00eddica de la(s) persona(s) relacionada(s) se encuentra pendiente de resolver por la autoridad\u00a0judicial competente, siempre bajo los preceptos de la presunci\u00f3n de inocencia, consagrados en el art\u00edculo 29 de la Constituci\u00f3n Pol\u00edtica y el art\u00edculo 7\u00ba de la Ley 906 de 2004.\u00a0<\/em><\/div>\n\n<div class=\"twitter-share\"><a href=\"https:\/\/twitter.com\/intent\/tweet?via=fiscaliacol\" class=\"twitter-share-button\">Tweet<\/a><\/div>\n","protected":false},"excerpt":{"rendered":"<p>A una condena de ocho a\u00f1os de prisi\u00f3n se enfrentar\u00e1 un hombre tras hab\u00e9rsele hallado penalmente responsable del delito de acto sexual abusivo con incapaz de resistir, del que fue v\u00edctima su hijastra de 15 a\u00f1os de edad en mayo de 2022, en Florencia (Caquet\u00e1). Una fiscal seccional adscrita al Centro Integral de Atenci\u00f3n a [&hellip;]<\/p>\n","protected":false},"author":178,"featured_media":0,"comment_status":"closed","ping_status":"open","sticky":false,"template":"","format":"standard","meta":{"_price":"","_stock":"","_tribe_ticket_header":"","_tribe_default_ticket_provider":"","_tribe_ticket_capacity":"0","_ticket_start_date":"","_ticket_end_date":"","_tribe_ticket_show_description":"","_tribe_ticket_show_not_going":false,"_tribe_ticket_use_global_stock":"","_tribe_ticket_global_stock_level":"","_global_stock_mode":"","_global_stock_cap":"","_tribe_rsvp_for_event":"","_tribe_ticket_going_count":"","_tribe_ticket_not_going_count":"","_tribe_tickets_list":"[]","_tribe_ticket_has_attendee_info_fields":false,"tdm_status":"","tdm_grid_status":"","footnotes":""},"categories":[1,24127],"tags":[696,33006,35878,45,1047,23822,24022,693,695,23972,24379,1176,2299],"class_list":{"0":"post-281429","1":"post","2":"type-post","3":"status-publish","4":"format-standard","6":"category-noticias","7":"category-violencia-sexual-e-intrafamiliar","8":"tag-abuso","9":"tag-acto-sexual-abusivo-con-incapaz-de-resistir","10":"tag-barrio-troncal-del-hacha","11":"tag-cti","12":"tag-fiscalia-general-de-la-nacion","13":"tag-florencia","14":"tag-florencia-caqueta","15":"tag-hijastra","16":"tag-padrastro","17":"tag-policia","18":"tag-seccional-caqueta","19":"tag-violencia-de-genero","20":"tag-violencia-sexual"},"yoast_head":"<!-- This site is optimized with the Yoast SEO plugin v24.3 - https:\/\/yoast.com\/wordpress\/plugins\/seo\/ -->\n<title>Fiscal\u00eda General de la Naci\u00f3n<\/title>\n<meta name=\"description\" content=\"P\u00e1gina oficial de la Fiscal\u00eda General de la Naci\u00f3n \u2013 Colombia. Garantizamos el acceso efectivo a la justicia, la verdad y la reparaci\u00f3n de las v\u00edctimas de los delitos.\" \/>\n<meta name=\"robots\" content=\"noindex, follow\" \/>\n<meta property=\"og:locale\" content=\"es_ES\" \/>\n<meta property=\"og:type\" content=\"article\" \/>\n<meta property=\"og:title\" content=\"Fiscal\u00eda General de la Naci\u00f3n\" \/>\n<meta property=\"og:description\" content=\"P\u00e1gina oficial de la Fiscal\u00eda General de la Naci\u00f3n \u2013 Colombia. Garantizamos el acceso efectivo a la justicia, la verdad y la reparaci\u00f3n de las v\u00edctimas de los delitos.\" \/>\n<meta property=\"og:url\" content=\"https:\/\/www.fiscalia.gov.co\/colombia\/noticias\/ocho-anos-de-prision-para-un-hombre-que-indujo-a-su-hijastra-a-consumir-estupefacientes-y-la-emborracho-para-abusarla\/\" \/>\n<meta property=\"og:site_name\" content=\"Fiscal\u00eda General de la Naci\u00f3n\" \/>\n<meta property=\"article:publisher\" content=\"https:\/\/www.facebook.com\/FiscaliaCol\" \/>\n<meta property=\"article:published_time\" content=\"2023-10-12T19:58:16+00:00\" \/>\n<meta property=\"og:image\" content=\"https:\/\/www.fiscalia.gov.co\/colombia\/wp-content\/uploads\/WhatsApp-Image-2023-10-12-at-2.38.01-PM-300x272.jpeg\" \/>\n<meta name=\"author\" content=\"Winnie Geraldine Rodr\u00edguez Navarrete\" \/>\n<meta name=\"twitter:card\" content=\"summary_large_image\" \/>\n<meta name=\"twitter:creator\" content=\"@FiscaliaCol\" \/>\n<meta name=\"twitter:site\" content=\"@FiscaliaCol\" \/>\n<meta name=\"twitter:label1\" content=\"Escrito por\" \/>\n\t<meta name=\"twitter:data1\" content=\"Winnie Geraldine Rodr\u00edguez Navarrete\" \/>\n\t<meta name=\"twitter:label2\" content=\"Tiempo de lectura\" \/>\n\t<meta name=\"twitter:data2\" content=\"2 minutos\" \/>\n<script type=\"application\/ld+json\" class=\"yoast-schema-graph\">{\"@context\":\"https:\/\/schema.org\",\"@graph\":[{\"@type\":\"Article\",\"@id\":\"https:\/\/www.fiscalia.gov.co\/colombia\/noticias\/ocho-anos-de-prision-para-un-hombre-que-indujo-a-su-hijastra-a-consumir-estupefacientes-y-la-emborracho-para-abusarla\/#article\",\"isPartOf\":{\"@id\":\"https:\/\/www.fiscalia.gov.co\/colombia\/noticias\/ocho-anos-de-prision-para-un-hombre-que-indujo-a-su-hijastra-a-consumir-estupefacientes-y-la-emborracho-para-abusarla\/\"},\"author\":{\"name\":\"Winnie Geraldine Rodr\u00edguez Navarrete\",\"@id\":\"https:\/\/www.fiscalia.gov.co\/colombia\/#\/schema\/person\/176195b99ebab0a52aafa15197e1bf80\"},\"headline\":\"Ocho a\u00f1os de prisi\u00f3n para un hombre que indujo a su hijastra a consumir estupefacientes y la emborrach\u00f3 para abusarla\",\"datePublished\":\"2023-10-12T19:58:16+00:00\",\"dateModified\":\"2023-10-12T19:58:16+00:00\",\"mainEntityOfPage\":{\"@id\":\"https:\/\/www.fiscalia.gov.co\/colombia\/noticias\/ocho-anos-de-prision-para-un-hombre-que-indujo-a-su-hijastra-a-consumir-estupefacientes-y-la-emborracho-para-abusarla\/\"},\"wordCount\":413,\"publisher\":{\"@id\":\"https:\/\/www.fiscalia.gov.co\/colombia\/#organization\"},\"image\":{\"@id\":\"https:\/\/www.fiscalia.gov.co\/colombia\/noticias\/ocho-anos-de-prision-para-un-hombre-que-indujo-a-su-hijastra-a-consumir-estupefacientes-y-la-emborracho-para-abusarla\/#primaryimage\"},\"thumbnailUrl\":\"https:\/\/www.fiscalia.gov.co\/colombia\/wp-content\/uploads\/WhatsApp-Image-2023-10-12-at-2.38.01-PM-300x272.jpeg\",\"keywords\":[\"Abuso\",\"acto sexual abusivo con incapaz de resistir\",\"barrio Troncal del Hacha\",\"CTI\",\"Fiscal\u00eda General de la Naci\u00f3n\",\"Florencia\",\"Florencia (Caquet\u00e1)\",\"Hijastra\",\"Padrastro\",\"Polic\u00eda\",\"Seccional Caquet\u00e1.\",\"Violencia de g\u00e9nero\",\"Violencia sexual\"],\"articleSection\":[\"Noticias\",\"Violencia sexual e intrafamiliar\"],\"inLanguage\":\"es-CO\"},{\"@type\":\"WebPage\",\"@id\":\"https:\/\/www.fiscalia.gov.co\/colombia\/noticias\/ocho-anos-de-prision-para-un-hombre-que-indujo-a-su-hijastra-a-consumir-estupefacientes-y-la-emborracho-para-abusarla\/\",\"url\":\"https:\/\/www.fiscalia.gov.co\/colombia\/noticias\/ocho-anos-de-prision-para-un-hombre-que-indujo-a-su-hijastra-a-consumir-estupefacientes-y-la-emborracho-para-abusarla\/\",\"name\":\"Fiscal\u00eda General de la Naci\u00f3n\",\"isPartOf\":{\"@id\":\"https:\/\/www.fiscalia.gov.co\/colombia\/#website\"},\"primaryImageOfPage\":{\"@id\":\"https:\/\/www.fiscalia.gov.co\/colombia\/noticias\/ocho-anos-de-prision-para-un-hombre-que-indujo-a-su-hijastra-a-consumir-estupefacientes-y-la-emborracho-para-abusarla\/#primaryimage\"},\"image\":{\"@id\":\"https:\/\/www.fiscalia.gov.co\/colombia\/noticias\/ocho-anos-de-prision-para-un-hombre-que-indujo-a-su-hijastra-a-consumir-estupefacientes-y-la-emborracho-para-abusarla\/#primaryimage\"},\"thumbnailUrl\":\"https:\/\/www.fiscalia.gov.co\/colombia\/wp-content\/uploads\/WhatsApp-Image-2023-10-12-at-2.38.01-PM-300x272.jpeg\",\"datePublished\":\"2023-10-12T19:58:16+00:00\",\"dateModified\":\"2023-10-12T19:58:16+00:00\",\"description\":\"P\u00e1gina oficial de la Fiscal\u00eda General de la Naci\u00f3n \u2013 Colombia. Garantizamos el acceso efectivo a la justicia, la verdad y la reparaci\u00f3n de las v\u00edctimas de los delitos.\",\"breadcrumb\":{\"@id\":\"https:\/\/www.fiscalia.gov.co\/colombia\/noticias\/ocho-anos-de-prision-para-un-hombre-que-indujo-a-su-hijastra-a-consumir-estupefacientes-y-la-emborracho-para-abusarla\/#breadcrumb\"},\"inLanguage\":\"es-CO\",\"potentialAction\":[{\"@type\":\"ReadAction\",\"target\":[\"https:\/\/www.fiscalia.gov.co\/colombia\/noticias\/ocho-anos-de-prision-para-un-hombre-que-indujo-a-su-hijastra-a-consumir-estupefacientes-y-la-emborracho-para-abusarla\/\"]}]},{\"@type\":\"ImageObject\",\"inLanguage\":\"es-CO\",\"@id\":\"https:\/\/www.fiscalia.gov.co\/colombia\/noticias\/ocho-anos-de-prision-para-un-hombre-que-indujo-a-su-hijastra-a-consumir-estupefacientes-y-la-emborracho-para-abusarla\/#primaryimage\",\"url\":\"https:\/\/www.fiscalia.gov.co\/colombia\/wp-content\/uploads\/WhatsApp-Image-2023-10-12-at-2.38.01-PM-300x272.jpeg\",\"contentUrl\":\"https:\/\/www.fiscalia.gov.co\/colombia\/wp-content\/uploads\/WhatsApp-Image-2023-10-12-at-2.38.01-PM-300x272.jpeg\"},{\"@type\":\"BreadcrumbList\",\"@id\":\"https:\/\/www.fiscalia.gov.co\/colombia\/noticias\/ocho-anos-de-prision-para-un-hombre-que-indujo-a-su-hijastra-a-consumir-estupefacientes-y-la-emborracho-para-abusarla\/#breadcrumb\",\"itemListElement\":[{\"@type\":\"ListItem\",\"position\":1,\"name\":\"Home\",\"item\":\"https:\/\/www.fiscalia.gov.co\/colombia\/\"},{\"@type\":\"ListItem\",\"position\":2,\"name\":\"Ocho a\u00f1os de prisi\u00f3n para un hombre que indujo a su hijastra a consumir estupefacientes y la emborrach\u00f3 para abusarla\"}]},{\"@type\":\"WebSite\",\"@id\":\"https:\/\/www.fiscalia.gov.co\/colombia\/#website\",\"url\":\"https:\/\/www.fiscalia.gov.co\/colombia\/\",\"name\":\"Fiscal\u00eda General de la Naci\u00f3n\",\"description\":\"P\u00e1gina oficial de la Fiscal\u00eda General de la Naci\u00f3n \u2013 Colombia. Garantizamos el acceso efectivo a la justicia, la verdad y la reparaci\u00f3n de las v\u00edctimas de los delitos.\",\"publisher\":{\"@id\":\"https:\/\/www.fiscalia.gov.co\/colombia\/#organization\"},\"potentialAction\":[{\"@type\":\"SearchAction\",\"target\":{\"@type\":\"EntryPoint\",\"urlTemplate\":\"https:\/\/www.fiscalia.gov.co\/colombia\/?s={search_term_string}\"},\"query-input\":{\"@type\":\"PropertyValueSpecification\",\"valueRequired\":true,\"valueName\":\"search_term_string\"}}],\"inLanguage\":\"es-CO\"},{\"@type\":\"Organization\",\"@id\":\"https:\/\/www.fiscalia.gov.co\/colombia\/#organization\",\"name\":\"Fiscal\u00eda General de la Naci\u00f3n\",\"url\":\"https:\/\/www.fiscalia.gov.co\/colombia\/\",\"logo\":{\"@type\":\"ImageObject\",\"inLanguage\":\"es-CO\",\"@id\":\"https:\/\/www.fiscalia.gov.co\/colombia\/#\/schema\/logo\/image\/\",\"url\":\"https:\/\/www.fiscalia.gov.co\/colombia\/wp-content\/uploads\/LogoHorizontal_1.jpg\",\"contentUrl\":\"https:\/\/www.fiscalia.gov.co\/colombia\/wp-content\/uploads\/LogoHorizontal_1.jpg\",\"width\":300,\"height\":90,\"caption\":\"Fiscal\u00eda General de la Naci\u00f3n\"},\"image\":{\"@id\":\"https:\/\/www.fiscalia.gov.co\/colombia\/#\/schema\/logo\/image\/\"},\"sameAs\":[\"https:\/\/www.facebook.com\/FiscaliaCol\",\"https:\/\/x.com\/FiscaliaCol\",\"https:\/\/www.instagram.com\/fiscaliacol\",\"https:\/\/www.linkedin.com\/company\/fiscalia-general-de-la-naci-n\/\",\"https:\/\/youtube.com\/@fiscaliageneraldelanacion-4668?si=6nN79nyQICPU5iTh\"]},{\"@type\":\"Person\",\"@id\":\"https:\/\/www.fiscalia.gov.co\/colombia\/#\/schema\/person\/176195b99ebab0a52aafa15197e1bf80\",\"name\":\"Winnie Geraldine Rodr\u00edguez Navarrete\",\"image\":{\"@type\":\"ImageObject\",\"inLanguage\":\"es-CO\",\"@id\":\"https:\/\/www.fiscalia.gov.co\/colombia\/#\/schema\/person\/image\/\",\"url\":\"https:\/\/secure.gravatar.com\/avatar\/c24cf8481dc84fa5e8c7b20bc95ab0c6?s=96&d=mm&r=g\",\"contentUrl\":\"https:\/\/secure.gravatar.com\/avatar\/c24cf8481dc84fa5e8c7b20bc95ab0c6?s=96&d=mm&r=g\",\"caption\":\"Winnie Geraldine Rodr\u00edguez Navarrete\"},\"url\":\"https:\/\/www.fiscalia.gov.co\/colombia\/author\/winnierodriguez\/\"}]}<\/script>\n<!-- \/ Yoast SEO plugin. -->","yoast_head_json":{"title":"Fiscal\u00eda General de la Naci\u00f3n","description":"P\u00e1gina oficial de la Fiscal\u00eda General de la Naci\u00f3n \u2013 Colombia. Garantizamos el acceso efectivo a la justicia, la verdad y la reparaci\u00f3n de las v\u00edctimas de los delitos.","robots":{"index":"noindex","follow":"follow"},"og_locale":"es_ES","og_type":"article","og_title":"Fiscal\u00eda General de la Naci\u00f3n","og_description":"P\u00e1gina oficial de la Fiscal\u00eda General de la Naci\u00f3n \u2013 Colombia. Garantizamos el acceso efectivo a la justicia, la verdad y la reparaci\u00f3n de las v\u00edctimas de los delitos.","og_url":"https:\/\/www.fiscalia.gov.co\/colombia\/noticias\/ocho-anos-de-prision-para-un-hombre-que-indujo-a-su-hijastra-a-consumir-estupefacientes-y-la-emborracho-para-abusarla\/","og_site_name":"Fiscal\u00eda General de la Naci\u00f3n","article_publisher":"https:\/\/www.facebook.com\/FiscaliaCol","article_published_time":"2023-10-12T19:58:16+00:00","og_image":[{"url":"https:\/\/www.fiscalia.gov.co\/colombia\/wp-content\/uploads\/WhatsApp-Image-2023-10-12-at-2.38.01-PM-300x272.jpeg","type":"","width":"","height":""}],"author":"Winnie Geraldine Rodr\u00edguez Navarrete","twitter_card":"summary_large_image","twitter_creator":"@FiscaliaCol","twitter_site":"@FiscaliaCol","twitter_misc":{"Escrito por":"Winnie Geraldine Rodr\u00edguez Navarrete","Tiempo de lectura":"2 minutos"},"schema":{"@context":"https:\/\/schema.org","@graph":[{"@type":"Article","@id":"https:\/\/www.fiscalia.gov.co\/colombia\/noticias\/ocho-anos-de-prision-para-un-hombre-que-indujo-a-su-hijastra-a-consumir-estupefacientes-y-la-emborracho-para-abusarla\/#article","isPartOf":{"@id":"https:\/\/www.fiscalia.gov.co\/colombia\/noticias\/ocho-anos-de-prision-para-un-hombre-que-indujo-a-su-hijastra-a-consumir-estupefacientes-y-la-emborracho-para-abusarla\/"},"author":{"name":"Winnie Geraldine Rodr\u00edguez Navarrete","@id":"https:\/\/www.fiscalia.gov.co\/colombia\/#\/schema\/person\/176195b99ebab0a52aafa15197e1bf80"},"headline":"Ocho a\u00f1os de prisi\u00f3n para un hombre que indujo a su hijastra a consumir estupefacientes y la emborrach\u00f3 para abusarla","datePublished":"2023-10-12T19:58:16+00:00","dateModified":"2023-10-12T19:58:16+00:00","mainEntityOfPage":{"@id":"https:\/\/www.fiscalia.gov.co\/colombia\/noticias\/ocho-anos-de-prision-para-un-hombre-que-indujo-a-su-hijastra-a-consumir-estupefacientes-y-la-emborracho-para-abusarla\/"},"wordCount":413,"publisher":{"@id":"https:\/\/www.fiscalia.gov.co\/colombia\/#organization"},"image":{"@id":"https:\/\/www.fiscalia.gov.co\/colombia\/noticias\/ocho-anos-de-prision-para-un-hombre-que-indujo-a-su-hijastra-a-consumir-estupefacientes-y-la-emborracho-para-abusarla\/#primaryimage"},"thumbnailUrl":"https:\/\/www.fiscalia.gov.co\/colombia\/wp-content\/uploads\/WhatsApp-Image-2023-10-12-at-2.38.01-PM-300x272.jpeg","keywords":["Abuso","acto sexual abusivo con incapaz de resistir","barrio Troncal del Hacha","CTI","Fiscal\u00eda General de la Naci\u00f3n","Florencia","Florencia (Caquet\u00e1)","Hijastra","Padrastro","Polic\u00eda","Seccional Caquet\u00e1.","Violencia de g\u00e9nero","Violencia sexual"],"articleSection":["Noticias","Violencia sexual e intrafamiliar"],"inLanguage":"es-CO"},{"@type":"WebPage","@id":"https:\/\/www.fiscalia.gov.co\/colombia\/noticias\/ocho-anos-de-prision-para-un-hombre-que-indujo-a-su-hijastra-a-consumir-estupefacientes-y-la-emborracho-para-abusarla\/","url":"https:\/\/www.fiscalia.gov.co\/colombia\/noticias\/ocho-anos-de-prision-para-un-hombre-que-indujo-a-su-hijastra-a-consumir-estupefacientes-y-la-emborracho-para-abusarla\/","name":"Fiscal\u00eda General de la Naci\u00f3n","isPartOf":{"@id":"https:\/\/www.fiscalia.gov.co\/colombia\/#website"},"primaryImageOfPage":{"@id":"https:\/\/www.fiscalia.gov.co\/colombia\/noticias\/ocho-anos-de-prision-para-un-hombre-que-indujo-a-su-hijastra-a-consumir-estupefacientes-y-la-emborracho-para-abusarla\/#primaryimage"},"image":{"@id":"https:\/\/www.fiscalia.gov.co\/colombia\/noticias\/ocho-anos-de-prision-para-un-hombre-que-indujo-a-su-hijastra-a-consumir-estupefacientes-y-la-emborracho-para-abusarla\/#primaryimage"},"thumbnailUrl":"https:\/\/www.fiscalia.gov.co\/colombia\/wp-content\/uploads\/WhatsApp-Image-2023-10-12-at-2.38.01-PM-300x272.jpeg","datePublished":"2023-10-12T19:58:16+00:00","dateModified":"2023-10-12T19:58:16+00:00","description":"P\u00e1gina oficial de la Fiscal\u00eda General de la Naci\u00f3n \u2013 Colombia. Garantizamos el acceso efectivo a la justicia, la verdad y la reparaci\u00f3n de las v\u00edctimas de los delitos.","breadcrumb":{"@id":"https:\/\/www.fiscalia.gov.co\/colombia\/noticias\/ocho-anos-de-prision-para-un-hombre-que-indujo-a-su-hijastra-a-consumir-estupefacientes-y-la-emborracho-para-abusarla\/#breadcrumb"},"inLanguage":"es-CO","potentialAction":[{"@type":"ReadAction","target":["https:\/\/www.fiscalia.gov.co\/colombia\/noticias\/ocho-anos-de-prision-para-un-hombre-que-indujo-a-su-hijastra-a-consumir-estupefacientes-y-la-emborracho-para-abusarla\/"]}]},{"@type":"ImageObject","inLanguage":"es-CO","@id":"https:\/\/www.fiscalia.gov.co\/colombia\/noticias\/ocho-anos-de-prision-para-un-hombre-que-indujo-a-su-hijastra-a-consumir-estupefacientes-y-la-emborracho-para-abusarla\/#primaryimage","url":"https:\/\/www.fiscalia.gov.co\/colombia\/wp-content\/uploads\/WhatsApp-Image-2023-10-12-at-2.38.01-PM-300x272.jpeg","contentUrl":"https:\/\/www.fiscalia.gov.co\/colombia\/wp-content\/uploads\/WhatsApp-Image-2023-10-12-at-2.38.01-PM-300x272.jpeg"},{"@type":"BreadcrumbList","@id":"https:\/\/www.fiscalia.gov.co\/colombia\/noticias\/ocho-anos-de-prision-para-un-hombre-que-indujo-a-su-hijastra-a-consumir-estupefacientes-y-la-emborracho-para-abusarla\/#breadcrumb","itemListElement":[{"@type":"ListItem","position":1,"name":"Home","item":"https:\/\/www.fiscalia.gov.co\/colombia\/"},{"@type":"ListItem","position":2,"name":"Ocho a\u00f1os de prisi\u00f3n para un hombre que indujo a su hijastra a consumir estupefacientes y la emborrach\u00f3 para abusarla"}]},{"@type":"WebSite","@id":"https:\/\/www.fiscalia.gov.co\/colombia\/#website","url":"https:\/\/www.fiscalia.gov.co\/colombia\/","name":"Fiscal\u00eda General de la Naci\u00f3n","description":"P\u00e1gina oficial de la Fiscal\u00eda General de la Naci\u00f3n \u2013 Colombia. Garantizamos el acceso efectivo a la justicia, la verdad y la reparaci\u00f3n de las v\u00edctimas de los delitos.","publisher":{"@id":"https:\/\/www.fiscalia.gov.co\/colombia\/#organization"},"potentialAction":[{"@type":"SearchAction","target":{"@type":"EntryPoint","urlTemplate":"https:\/\/www.fiscalia.gov.co\/colombia\/?s={search_term_string}"},"query-input":{"@type":"PropertyValueSpecification","valueRequired":true,"valueName":"search_term_string"}}],"inLanguage":"es-CO"},{"@type":"Organization","@id":"https:\/\/www.fiscalia.gov.co\/colombia\/#organization","name":"Fiscal\u00eda General de la Naci\u00f3n","url":"https:\/\/www.fiscalia.gov.co\/colombia\/","logo":{"@type":"ImageObject","inLanguage":"es-CO","@id":"https:\/\/www.fiscalia.gov.co\/colombia\/#\/schema\/logo\/image\/","url":"https:\/\/www.fiscalia.gov.co\/colombia\/wp-content\/uploads\/LogoHorizontal_1.jpg","contentUrl":"https:\/\/www.fiscalia.gov.co\/colombia\/wp-content\/uploads\/LogoHorizontal_1.jpg","width":300,"height":90,"caption":"Fiscal\u00eda General de la Naci\u00f3n"},"image":{"@id":"https:\/\/www.fiscalia.gov.co\/colombia\/#\/schema\/logo\/image\/"},"sameAs":["https:\/\/www.facebook.com\/FiscaliaCol","https:\/\/x.com\/FiscaliaCol","https:\/\/www.instagram.com\/fiscaliacol","https:\/\/www.linkedin.com\/company\/fiscalia-general-de-la-naci-n\/","https:\/\/youtube.com\/@fiscaliageneraldelanacion-4668?si=6nN79nyQICPU5iTh"]},{"@type":"Person","@id":"https:\/\/www.fiscalia.gov.co\/colombia\/#\/schema\/person\/176195b99ebab0a52aafa15197e1bf80","name":"Winnie Geraldine Rodr\u00edguez Navarrete","image":{"@type":"ImageObject","inLanguage":"es-CO","@id":"https:\/\/www.fiscalia.gov.co\/colombia\/#\/schema\/person\/image\/","url":"https:\/\/secure.gravatar.com\/avatar\/c24cf8481dc84fa5e8c7b20bc95ab0c6?s=96&d=mm&r=g","contentUrl":"https:\/\/secure.gravatar.com\/avatar\/c24cf8481dc84fa5e8c7b20bc95ab0c6?s=96&d=mm&r=g","caption":"Winnie Geraldine Rodr\u00edguez Navarrete"},"url":"https:\/\/www.fiscalia.gov.co\/colombia\/author\/winnierodriguez\/"}]}},"_links":{"self":[{"href":"https:\/\/www.fiscalia.gov.co\/colombia\/wp-json\/wp\/v2\/posts\/281429","targetHints":{"allow":["GET"]}}],"collection":[{"href":"https:\/\/www.fiscalia.gov.co\/colombia\/wp-json\/wp\/v2\/posts"}],"about":[{"href":"https:\/\/www.fiscalia.gov.co\/colombia\/wp-json\/wp\/v2\/types\/post"}],"author":[{"embeddable":true,"href":"https:\/\/www.fiscalia.gov.co\/colombia\/wp-json\/wp\/v2\/users\/178"}],"replies":[{"embeddable":true,"href":"https:\/\/www.fiscalia.gov.co\/colombia\/wp-json\/wp\/v2\/comments?post=281429"}],"version-history":[{"count":2,"href":"https:\/\/www.fiscalia.gov.co\/colombia\/wp-json\/wp\/v2\/posts\/281429\/revisions"}],"predecessor-version":[{"id":281432,"href":"https:\/\/www.fiscalia.gov.co\/colombia\/wp-json\/wp\/v2\/posts\/281429\/revisions\/281432"}],"wp:attachment":[{"href":"https:\/\/www.fiscalia.gov.co\/colombia\/wp-json\/wp\/v2\/media?parent=281429"}],"wp:term":[{"taxonomy":"category","embeddable":true,"href":"https:\/\/www.fiscalia.gov.co\/colombia\/wp-json\/wp\/v2\/categories?post=281429"},{"taxonomy":"post_tag","embeddable":true,"href":"https:\/\/www.fiscalia.gov.co\/colombia\/wp-json\/wp\/v2\/tags?post=281429"}],"curies":[{"name":"wp","href":"https:\/\/api.w.org\/{rel}","templated":true}]}}