{"id":281384,"date":"2023-10-12T08:35:16","date_gmt":"2023-10-12T13:35:16","guid":{"rendered":"https:\/\/www.fiscalia.gov.co\/colombia\/?p=281384"},"modified":"2023-10-12T08:35:16","modified_gmt":"2023-10-12T13:35:16","slug":"fiscalia-imputa-a-excontratista-de-la-ani-que-habria-participado-en-el-diseno-del-marco-juridico-y-contractual-que-permitio-celebrar-de-manera-irregular-dos-otrosies-al-contrato-ruta-del-sol","status":"publish","type":"post","link":"https:\/\/www.fiscalia.gov.co\/colombia\/noticias\/fiscalia-imputa-a-excontratista-de-la-ani-que-habria-participado-en-el-diseno-del-marco-juridico-y-contractual-que-permitio-celebrar-de-manera-irregular-dos-otrosies-al-contrato-ruta-del-sol\/","title":{"rendered":"Fiscal\u00eda imputa a excontratista de la ANI que habr\u00eda participado en el dise\u00f1o del marco jur\u00eddico y contractual que permiti\u00f3 celebrar de manera irregular dos otros\u00edes al contrato \u2018Ruta del Sol II\u2019"},"content":{"rendered":"<h4><strong><em>Con sus actuaciones, al parecer, benefici\u00f3 a la concesionaria contratista que estaba integrada por la multinacional Odebrecht.<\/em><\/strong><\/h4>\n<p>Un fiscal del Grupo de Tareas de Especiales para el caso Odebrecht present\u00f3 ante un juez de control de garant\u00edas a Harbey Jos\u00e9 Carrascal Quintero, excontratista de la Agencia Nacional de Infraestructura (ANI), que estar\u00eda involucrado en las irregularidades detectadas en el tr\u00e1mite de dos adiciones al contrato \u2018Ruta del Sol II\u2019.<\/p>\n<p>Carrascal Quintero, abogado experto en derecho comercial, trabaj\u00f3 en la Gerencia de Gesti\u00f3n Contractual entre 2008 y 2016. En cumplimiento de sus obligaciones proyect\u00f3 el concepto jur\u00eddico que soport\u00f3 la expedici\u00f3n del otros\u00ed N\u00b03, el cual autoriz\u00f3 la realizaci\u00f3n de los estudios y dise\u00f1os del tramo Oca\u00f1a \u2013 Gamarra; y particip\u00f3 en la configuraci\u00f3n del otros\u00ed N\u00b09, que modific\u00f3 la f\u00f3rmula mensual para el c\u00e1lculo de los traslados de los aportes INCO a la cuenta de aportes concesionaria.<\/p>\n<p>El material de prueba da cuenta que habr\u00eda participado en el dise\u00f1o del marco jur\u00eddico y contractual del proceso de licitaci\u00f3n del contrato N\u00b0001 de 2010 \u2018Ruta del Sol II\u2019. En este sentido, ten\u00eda conocimiento pleno de su estructuraci\u00f3n; y particip\u00f3 en las referidas adiciones sin tener en cuenta principios esenciales de la contrataci\u00f3n p\u00fablica como transparencia, planeaci\u00f3n y responsabilidad. De esta manera, habr\u00eda favorecido los intereses de la concesionaria de la cual hac\u00eda parte la constructora brasile\u00f1a Odebrecht.<\/p>\n<p>Por estos hechos, la Fiscal\u00eda imput\u00f3 a Harbey Jos\u00e9 Carrascal Quintero los delitos de contrato sin cumplimientos de requisitos legales e inter\u00e9s indebido en la celebraci\u00f3n de contratos. Los cargos no fueron aceptados.<\/p>\n<p>Esta informaci\u00f3n se publica por razones de inter\u00e9s general.<\/p>\n<p><strong><u>La Fiscal\u00eda habla con resultados.<\/u><\/strong><\/p>\n<p>&nbsp;<\/p>\n<p>&nbsp;<\/p>\n<p>&nbsp;<\/p>\n<p>LAGP\/JARG\/GRJD\/UFDCSJ\/<\/p>\n<p>&nbsp;<\/p>\n<p>&nbsp;<\/p>\n<p>&nbsp;<\/p>\n<p><i>La informaci\u00f3n contenida en este bolet\u00edn de prensa corresponde a la narraci\u00f3n de los hechos noticiosos objetivos, suministrados por los funcionarios encargados de adelantar las investigaciones penales al interior de la Fiscal\u00eda General de la Naci\u00f3n. Para el momento de la divulgaci\u00f3n de este comunicado, la situaci\u00f3n jur\u00eddica de la(s) persona(s) relacionada(s) se encuentra pendiente de resolver por la autoridad judicial competente, siempre bajo los preceptos de la presunci\u00f3n de inocencia, consagrados en el art\u00edculo 29 de la Constituci\u00f3n Pol\u00edtica y el art\u00edculo 7\u00ba de la Ley 906 de 2004.\u00a0<\/i><\/p>\n\n<div class=\"twitter-share\"><a href=\"https:\/\/twitter.com\/intent\/tweet?via=fiscaliacol\" class=\"twitter-share-button\">Tweet<\/a><\/div>\n","protected":false},"excerpt":{"rendered":"<p>Con sus actuaciones, al parecer, benefici\u00f3 a la concesionaria contratista que estaba integrada por la multinacional Odebrecht. Un fiscal del Grupo de Tareas de Especiales para el caso Odebrecht present\u00f3 ante un juez de control de garant\u00edas a Harbey Jos\u00e9 Carrascal Quintero, excontratista de la Agencia Nacional de Infraestructura (ANI), que estar\u00eda involucrado en las [&hellip;]<\/p>\n","protected":false},"author":178,"featured_media":0,"comment_status":"closed","ping_status":"open","sticky":false,"template":"","format":"standard","meta":{"tdm_status":"","tdm_grid_status":"","footnotes":""},"categories":[1],"tags":[33862,24185,1047,25949],"class_list":{"0":"post-281384","1":"post","2":"type-post","3":"status-publish","4":"format-standard","6":"category-noticias","7":"tag-bogota-d-c","8":"tag-fiscal-barbosa","9":"tag-fiscalia-general-de-la-nacion","10":"tag-odebrecht"},"yoast_head":"<!-- This site is optimized with the Yoast SEO plugin v24.3 - https:\/\/yoast.com\/wordpress\/plugins\/seo\/ -->\n<title>Fiscal\u00eda General de la Naci\u00f3n<\/title>\n<meta name=\"description\" content=\"P\u00e1gina oficial de la Fiscal\u00eda General de la Naci\u00f3n \u2013 Colombia. Garantizamos el acceso efectivo a la justicia, la verdad y la reparaci\u00f3n de las v\u00edctimas de los delitos.\" \/>\n<meta name=\"robots\" content=\"noindex, follow\" \/>\n<meta property=\"og:locale\" content=\"es_ES\" \/>\n<meta property=\"og:type\" content=\"article\" \/>\n<meta property=\"og:title\" content=\"Fiscal\u00eda General de la Naci\u00f3n\" \/>\n<meta property=\"og:description\" content=\"P\u00e1gina oficial de la Fiscal\u00eda General de la Naci\u00f3n \u2013 Colombia. Garantizamos el acceso efectivo a la justicia, la verdad y la reparaci\u00f3n de las v\u00edctimas de los delitos.\" \/>\n<meta property=\"og:url\" content=\"https:\/\/www.fiscalia.gov.co\/colombia\/noticias\/fiscalia-imputa-a-excontratista-de-la-ani-que-habria-participado-en-el-diseno-del-marco-juridico-y-contractual-que-permitio-celebrar-de-manera-irregular-dos-otrosies-al-contrato-ruta-del-sol\/\" \/>\n<meta property=\"og:site_name\" content=\"Fiscal\u00eda General de la Naci\u00f3n\" \/>\n<meta property=\"article:publisher\" content=\"https:\/\/www.facebook.com\/FiscaliaCol\" \/>\n<meta property=\"article:published_time\" content=\"2023-10-12T13:35:16+00:00\" \/>\n<meta name=\"author\" content=\"Winnie Geraldine Rodr\u00edguez Navarrete\" \/>\n<meta name=\"twitter:card\" content=\"summary_large_image\" \/>\n<meta name=\"twitter:creator\" content=\"@FiscaliaCol\" \/>\n<meta name=\"twitter:site\" content=\"@FiscaliaCol\" \/>\n<meta name=\"twitter:label1\" content=\"Escrito por\" \/>\n\t<meta name=\"twitter:data1\" content=\"Winnie Geraldine Rodr\u00edguez Navarrete\" \/>\n\t<meta name=\"twitter:label2\" content=\"Tiempo de lectura\" \/>\n\t<meta name=\"twitter:data2\" content=\"2 minutos\" \/>\n<script type=\"application\/ld+json\" class=\"yoast-schema-graph\">{\"@context\":\"https:\/\/schema.org\",\"@graph\":[{\"@type\":\"Article\",\"@id\":\"https:\/\/www.fiscalia.gov.co\/colombia\/noticias\/fiscalia-imputa-a-excontratista-de-la-ani-que-habria-participado-en-el-diseno-del-marco-juridico-y-contractual-que-permitio-celebrar-de-manera-irregular-dos-otrosies-al-contrato-ruta-del-sol\/#article\",\"isPartOf\":{\"@id\":\"https:\/\/www.fiscalia.gov.co\/colombia\/noticias\/fiscalia-imputa-a-excontratista-de-la-ani-que-habria-participado-en-el-diseno-del-marco-juridico-y-contractual-que-permitio-celebrar-de-manera-irregular-dos-otrosies-al-contrato-ruta-del-sol\/\"},\"author\":{\"name\":\"Winnie Geraldine Rodr\u00edguez Navarrete\",\"@id\":\"https:\/\/www.fiscalia.gov.co\/colombia\/#\/schema\/person\/176195b99ebab0a52aafa15197e1bf80\"},\"headline\":\"Fiscal\u00eda imputa a excontratista de la ANI que habr\u00eda participado en el dise\u00f1o del marco jur\u00eddico y contractual que permiti\u00f3 celebrar de manera irregular dos otros\u00edes al contrato \u2018Ruta del Sol II\u2019\",\"datePublished\":\"2023-10-12T13:35:16+00:00\",\"dateModified\":\"2023-10-12T13:35:16+00:00\",\"mainEntityOfPage\":{\"@id\":\"https:\/\/www.fiscalia.gov.co\/colombia\/noticias\/fiscalia-imputa-a-excontratista-de-la-ani-que-habria-participado-en-el-diseno-del-marco-juridico-y-contractual-que-permitio-celebrar-de-manera-irregular-dos-otrosies-al-contrato-ruta-del-sol\/\"},\"wordCount\":448,\"publisher\":{\"@id\":\"https:\/\/www.fiscalia.gov.co\/colombia\/#organization\"},\"keywords\":[\"Bogot\u00e1 D.C.\",\"Fiscal Barbosa\",\"Fiscal\u00eda General de la Naci\u00f3n\",\"Odebrecht\"],\"articleSection\":[\"Noticias\"],\"inLanguage\":\"es-CO\"},{\"@type\":\"WebPage\",\"@id\":\"https:\/\/www.fiscalia.gov.co\/colombia\/noticias\/fiscalia-imputa-a-excontratista-de-la-ani-que-habria-participado-en-el-diseno-del-marco-juridico-y-contractual-que-permitio-celebrar-de-manera-irregular-dos-otrosies-al-contrato-ruta-del-sol\/\",\"url\":\"https:\/\/www.fiscalia.gov.co\/colombia\/noticias\/fiscalia-imputa-a-excontratista-de-la-ani-que-habria-participado-en-el-diseno-del-marco-juridico-y-contractual-que-permitio-celebrar-de-manera-irregular-dos-otrosies-al-contrato-ruta-del-sol\/\",\"name\":\"Fiscal\u00eda General de la Naci\u00f3n\",\"isPartOf\":{\"@id\":\"https:\/\/www.fiscalia.gov.co\/colombia\/#website\"},\"datePublished\":\"2023-10-12T13:35:16+00:00\",\"dateModified\":\"2023-10-12T13:35:16+00:00\",\"description\":\"P\u00e1gina oficial de la Fiscal\u00eda General de la Naci\u00f3n \u2013 Colombia. Garantizamos el acceso efectivo a la justicia, la verdad y la reparaci\u00f3n de las v\u00edctimas de los delitos.\",\"breadcrumb\":{\"@id\":\"https:\/\/www.fiscalia.gov.co\/colombia\/noticias\/fiscalia-imputa-a-excontratista-de-la-ani-que-habria-participado-en-el-diseno-del-marco-juridico-y-contractual-que-permitio-celebrar-de-manera-irregular-dos-otrosies-al-contrato-ruta-del-sol\/#breadcrumb\"},\"inLanguage\":\"es-CO\",\"potentialAction\":[{\"@type\":\"ReadAction\",\"target\":[\"https:\/\/www.fiscalia.gov.co\/colombia\/noticias\/fiscalia-imputa-a-excontratista-de-la-ani-que-habria-participado-en-el-diseno-del-marco-juridico-y-contractual-que-permitio-celebrar-de-manera-irregular-dos-otrosies-al-contrato-ruta-del-sol\/\"]}]},{\"@type\":\"BreadcrumbList\",\"@id\":\"https:\/\/www.fiscalia.gov.co\/colombia\/noticias\/fiscalia-imputa-a-excontratista-de-la-ani-que-habria-participado-en-el-diseno-del-marco-juridico-y-contractual-que-permitio-celebrar-de-manera-irregular-dos-otrosies-al-contrato-ruta-del-sol\/#breadcrumb\",\"itemListElement\":[{\"@type\":\"ListItem\",\"position\":1,\"name\":\"Home\",\"item\":\"https:\/\/www.fiscalia.gov.co\/colombia\/\"},{\"@type\":\"ListItem\",\"position\":2,\"name\":\"Fiscal\u00eda imputa a excontratista de la ANI que habr\u00eda participado en el dise\u00f1o del marco jur\u00eddico y contractual que permiti\u00f3 celebrar de manera irregular dos otros\u00edes al contrato \u2018Ruta del Sol II\u2019\"}]},{\"@type\":\"WebSite\",\"@id\":\"https:\/\/www.fiscalia.gov.co\/colombia\/#website\",\"url\":\"https:\/\/www.fiscalia.gov.co\/colombia\/\",\"name\":\"Fiscal\u00eda General de la Naci\u00f3n\",\"description\":\"P\u00e1gina oficial de la Fiscal\u00eda General de la Naci\u00f3n \u2013 Colombia. Garantizamos el acceso efectivo a la justicia, la verdad y la reparaci\u00f3n de las v\u00edctimas de los delitos.\",\"publisher\":{\"@id\":\"https:\/\/www.fiscalia.gov.co\/colombia\/#organization\"},\"potentialAction\":[{\"@type\":\"SearchAction\",\"target\":{\"@type\":\"EntryPoint\",\"urlTemplate\":\"https:\/\/www.fiscalia.gov.co\/colombia\/?s={search_term_string}\"},\"query-input\":{\"@type\":\"PropertyValueSpecification\",\"valueRequired\":true,\"valueName\":\"search_term_string\"}}],\"inLanguage\":\"es-CO\"},{\"@type\":\"Organization\",\"@id\":\"https:\/\/www.fiscalia.gov.co\/colombia\/#organization\",\"name\":\"Fiscal\u00eda General de la Naci\u00f3n\",\"url\":\"https:\/\/www.fiscalia.gov.co\/colombia\/\",\"logo\":{\"@type\":\"ImageObject\",\"inLanguage\":\"es-CO\",\"@id\":\"https:\/\/www.fiscalia.gov.co\/colombia\/#\/schema\/logo\/image\/\",\"url\":\"https:\/\/www.fiscalia.gov.co\/colombia\/wp-content\/uploads\/LogoHorizontal_1.jpg\",\"contentUrl\":\"https:\/\/www.fiscalia.gov.co\/colombia\/wp-content\/uploads\/LogoHorizontal_1.jpg\",\"width\":300,\"height\":90,\"caption\":\"Fiscal\u00eda General de la Naci\u00f3n\"},\"image\":{\"@id\":\"https:\/\/www.fiscalia.gov.co\/colombia\/#\/schema\/logo\/image\/\"},\"sameAs\":[\"https:\/\/www.facebook.com\/FiscaliaCol\",\"https:\/\/x.com\/FiscaliaCol\",\"https:\/\/www.instagram.com\/fiscaliacol\",\"https:\/\/www.linkedin.com\/company\/fiscalia-general-de-la-naci-n\/\",\"https:\/\/youtube.com\/@fiscaliageneraldelanacion-4668?si=6nN79nyQICPU5iTh\"]},{\"@type\":\"Person\",\"@id\":\"https:\/\/www.fiscalia.gov.co\/colombia\/#\/schema\/person\/176195b99ebab0a52aafa15197e1bf80\",\"name\":\"Winnie Geraldine Rodr\u00edguez Navarrete\",\"image\":{\"@type\":\"ImageObject\",\"inLanguage\":\"es-CO\",\"@id\":\"https:\/\/www.fiscalia.gov.co\/colombia\/#\/schema\/person\/image\/\",\"url\":\"https:\/\/secure.gravatar.com\/avatar\/c24cf8481dc84fa5e8c7b20bc95ab0c6?s=96&d=mm&r=g\",\"contentUrl\":\"https:\/\/secure.gravatar.com\/avatar\/c24cf8481dc84fa5e8c7b20bc95ab0c6?s=96&d=mm&r=g\",\"caption\":\"Winnie Geraldine Rodr\u00edguez Navarrete\"},\"url\":\"https:\/\/www.fiscalia.gov.co\/colombia\/author\/winnierodriguez\/\"}]}<\/script>\n<!-- \/ Yoast SEO plugin. -->","yoast_head_json":{"title":"Fiscal\u00eda General de la Naci\u00f3n","description":"P\u00e1gina oficial de la Fiscal\u00eda General de la Naci\u00f3n \u2013 Colombia. Garantizamos el acceso efectivo a la justicia, la verdad y la reparaci\u00f3n de las v\u00edctimas de los delitos.","robots":{"index":"noindex","follow":"follow"},"og_locale":"es_ES","og_type":"article","og_title":"Fiscal\u00eda General de la Naci\u00f3n","og_description":"P\u00e1gina oficial de la Fiscal\u00eda General de la Naci\u00f3n \u2013 Colombia. Garantizamos el acceso efectivo a la justicia, la verdad y la reparaci\u00f3n de las v\u00edctimas de los delitos.","og_url":"https:\/\/www.fiscalia.gov.co\/colombia\/noticias\/fiscalia-imputa-a-excontratista-de-la-ani-que-habria-participado-en-el-diseno-del-marco-juridico-y-contractual-que-permitio-celebrar-de-manera-irregular-dos-otrosies-al-contrato-ruta-del-sol\/","og_site_name":"Fiscal\u00eda General de la Naci\u00f3n","article_publisher":"https:\/\/www.facebook.com\/FiscaliaCol","article_published_time":"2023-10-12T13:35:16+00:00","author":"Winnie Geraldine Rodr\u00edguez Navarrete","twitter_card":"summary_large_image","twitter_creator":"@FiscaliaCol","twitter_site":"@FiscaliaCol","twitter_misc":{"Escrito por":"Winnie Geraldine Rodr\u00edguez Navarrete","Tiempo de lectura":"2 minutos"},"schema":{"@context":"https:\/\/schema.org","@graph":[{"@type":"Article","@id":"https:\/\/www.fiscalia.gov.co\/colombia\/noticias\/fiscalia-imputa-a-excontratista-de-la-ani-que-habria-participado-en-el-diseno-del-marco-juridico-y-contractual-que-permitio-celebrar-de-manera-irregular-dos-otrosies-al-contrato-ruta-del-sol\/#article","isPartOf":{"@id":"https:\/\/www.fiscalia.gov.co\/colombia\/noticias\/fiscalia-imputa-a-excontratista-de-la-ani-que-habria-participado-en-el-diseno-del-marco-juridico-y-contractual-que-permitio-celebrar-de-manera-irregular-dos-otrosies-al-contrato-ruta-del-sol\/"},"author":{"name":"Winnie Geraldine Rodr\u00edguez Navarrete","@id":"https:\/\/www.fiscalia.gov.co\/colombia\/#\/schema\/person\/176195b99ebab0a52aafa15197e1bf80"},"headline":"Fiscal\u00eda imputa a excontratista de la ANI que habr\u00eda participado en el dise\u00f1o del marco jur\u00eddico y contractual que permiti\u00f3 celebrar de manera irregular dos otros\u00edes al contrato \u2018Ruta del Sol II\u2019","datePublished":"2023-10-12T13:35:16+00:00","dateModified":"2023-10-12T13:35:16+00:00","mainEntityOfPage":{"@id":"https:\/\/www.fiscalia.gov.co\/colombia\/noticias\/fiscalia-imputa-a-excontratista-de-la-ani-que-habria-participado-en-el-diseno-del-marco-juridico-y-contractual-que-permitio-celebrar-de-manera-irregular-dos-otrosies-al-contrato-ruta-del-sol\/"},"wordCount":448,"publisher":{"@id":"https:\/\/www.fiscalia.gov.co\/colombia\/#organization"},"keywords":["Bogot\u00e1 D.C.","Fiscal Barbosa","Fiscal\u00eda General de la Naci\u00f3n","Odebrecht"],"articleSection":["Noticias"],"inLanguage":"es-CO"},{"@type":"WebPage","@id":"https:\/\/www.fiscalia.gov.co\/colombia\/noticias\/fiscalia-imputa-a-excontratista-de-la-ani-que-habria-participado-en-el-diseno-del-marco-juridico-y-contractual-que-permitio-celebrar-de-manera-irregular-dos-otrosies-al-contrato-ruta-del-sol\/","url":"https:\/\/www.fiscalia.gov.co\/colombia\/noticias\/fiscalia-imputa-a-excontratista-de-la-ani-que-habria-participado-en-el-diseno-del-marco-juridico-y-contractual-que-permitio-celebrar-de-manera-irregular-dos-otrosies-al-contrato-ruta-del-sol\/","name":"Fiscal\u00eda General de la Naci\u00f3n","isPartOf":{"@id":"https:\/\/www.fiscalia.gov.co\/colombia\/#website"},"datePublished":"2023-10-12T13:35:16+00:00","dateModified":"2023-10-12T13:35:16+00:00","description":"P\u00e1gina oficial de la Fiscal\u00eda General de la Naci\u00f3n \u2013 Colombia. Garantizamos el acceso efectivo a la justicia, la verdad y la reparaci\u00f3n de las v\u00edctimas de los delitos.","breadcrumb":{"@id":"https:\/\/www.fiscalia.gov.co\/colombia\/noticias\/fiscalia-imputa-a-excontratista-de-la-ani-que-habria-participado-en-el-diseno-del-marco-juridico-y-contractual-que-permitio-celebrar-de-manera-irregular-dos-otrosies-al-contrato-ruta-del-sol\/#breadcrumb"},"inLanguage":"es-CO","potentialAction":[{"@type":"ReadAction","target":["https:\/\/www.fiscalia.gov.co\/colombia\/noticias\/fiscalia-imputa-a-excontratista-de-la-ani-que-habria-participado-en-el-diseno-del-marco-juridico-y-contractual-que-permitio-celebrar-de-manera-irregular-dos-otrosies-al-contrato-ruta-del-sol\/"]}]},{"@type":"BreadcrumbList","@id":"https:\/\/www.fiscalia.gov.co\/colombia\/noticias\/fiscalia-imputa-a-excontratista-de-la-ani-que-habria-participado-en-el-diseno-del-marco-juridico-y-contractual-que-permitio-celebrar-de-manera-irregular-dos-otrosies-al-contrato-ruta-del-sol\/#breadcrumb","itemListElement":[{"@type":"ListItem","position":1,"name":"Home","item":"https:\/\/www.fiscalia.gov.co\/colombia\/"},{"@type":"ListItem","position":2,"name":"Fiscal\u00eda imputa a excontratista de la ANI que habr\u00eda participado en el dise\u00f1o del marco jur\u00eddico y contractual que permiti\u00f3 celebrar de manera irregular dos otros\u00edes al contrato \u2018Ruta del Sol II\u2019"}]},{"@type":"WebSite","@id":"https:\/\/www.fiscalia.gov.co\/colombia\/#website","url":"https:\/\/www.fiscalia.gov.co\/colombia\/","name":"Fiscal\u00eda General de la Naci\u00f3n","description":"P\u00e1gina oficial de la Fiscal\u00eda General de la Naci\u00f3n \u2013 Colombia. Garantizamos el acceso efectivo a la justicia, la verdad y la reparaci\u00f3n de las v\u00edctimas de los delitos.","publisher":{"@id":"https:\/\/www.fiscalia.gov.co\/colombia\/#organization"},"potentialAction":[{"@type":"SearchAction","target":{"@type":"EntryPoint","urlTemplate":"https:\/\/www.fiscalia.gov.co\/colombia\/?s={search_term_string}"},"query-input":{"@type":"PropertyValueSpecification","valueRequired":true,"valueName":"search_term_string"}}],"inLanguage":"es-CO"},{"@type":"Organization","@id":"https:\/\/www.fiscalia.gov.co\/colombia\/#organization","name":"Fiscal\u00eda General de la Naci\u00f3n","url":"https:\/\/www.fiscalia.gov.co\/colombia\/","logo":{"@type":"ImageObject","inLanguage":"es-CO","@id":"https:\/\/www.fiscalia.gov.co\/colombia\/#\/schema\/logo\/image\/","url":"https:\/\/www.fiscalia.gov.co\/colombia\/wp-content\/uploads\/LogoHorizontal_1.jpg","contentUrl":"https:\/\/www.fiscalia.gov.co\/colombia\/wp-content\/uploads\/LogoHorizontal_1.jpg","width":300,"height":90,"caption":"Fiscal\u00eda General de la Naci\u00f3n"},"image":{"@id":"https:\/\/www.fiscalia.gov.co\/colombia\/#\/schema\/logo\/image\/"},"sameAs":["https:\/\/www.facebook.com\/FiscaliaCol","https:\/\/x.com\/FiscaliaCol","https:\/\/www.instagram.com\/fiscaliacol","https:\/\/www.linkedin.com\/company\/fiscalia-general-de-la-naci-n\/","https:\/\/youtube.com\/@fiscaliageneraldelanacion-4668?si=6nN79nyQICPU5iTh"]},{"@type":"Person","@id":"https:\/\/www.fiscalia.gov.co\/colombia\/#\/schema\/person\/176195b99ebab0a52aafa15197e1bf80","name":"Winnie Geraldine Rodr\u00edguez Navarrete","image":{"@type":"ImageObject","inLanguage":"es-CO","@id":"https:\/\/www.fiscalia.gov.co\/colombia\/#\/schema\/person\/image\/","url":"https:\/\/secure.gravatar.com\/avatar\/c24cf8481dc84fa5e8c7b20bc95ab0c6?s=96&d=mm&r=g","contentUrl":"https:\/\/secure.gravatar.com\/avatar\/c24cf8481dc84fa5e8c7b20bc95ab0c6?s=96&d=mm&r=g","caption":"Winnie Geraldine Rodr\u00edguez Navarrete"},"url":"https:\/\/www.fiscalia.gov.co\/colombia\/author\/winnierodriguez\/"}]}},"_links":{"self":[{"href":"https:\/\/www.fiscalia.gov.co\/colombia\/wp-json\/wp\/v2\/posts\/281384","targetHints":{"allow":["GET"]}}],"collection":[{"href":"https:\/\/www.fiscalia.gov.co\/colombia\/wp-json\/wp\/v2\/posts"}],"about":[{"href":"https:\/\/www.fiscalia.gov.co\/colombia\/wp-json\/wp\/v2\/types\/post"}],"author":[{"embeddable":true,"href":"https:\/\/www.fiscalia.gov.co\/colombia\/wp-json\/wp\/v2\/users\/178"}],"replies":[{"embeddable":true,"href":"https:\/\/www.fiscalia.gov.co\/colombia\/wp-json\/wp\/v2\/comments?post=281384"}],"version-history":[{"count":1,"href":"https:\/\/www.fiscalia.gov.co\/colombia\/wp-json\/wp\/v2\/posts\/281384\/revisions"}],"predecessor-version":[{"id":281385,"href":"https:\/\/www.fiscalia.gov.co\/colombia\/wp-json\/wp\/v2\/posts\/281384\/revisions\/281385"}],"wp:attachment":[{"href":"https:\/\/www.fiscalia.gov.co\/colombia\/wp-json\/wp\/v2\/media?parent=281384"}],"wp:term":[{"taxonomy":"category","embeddable":true,"href":"https:\/\/www.fiscalia.gov.co\/colombia\/wp-json\/wp\/v2\/categories?post=281384"},{"taxonomy":"post_tag","embeddable":true,"href":"https:\/\/www.fiscalia.gov.co\/colombia\/wp-json\/wp\/v2\/tags?post=281384"}],"curies":[{"name":"wp","href":"https:\/\/api.w.org\/{rel}","templated":true}]}}