{"id":281108,"date":"2023-10-09T15:20:30","date_gmt":"2023-10-09T20:20:30","guid":{"rendered":"https:\/\/www.fiscalia.gov.co\/colombia\/?p=281108"},"modified":"2023-10-09T15:20:30","modified_gmt":"2023-10-09T20:20:30","slug":"detencion-intramuros-para-padrastro-por-presuntamente-cometer-delitos-sexuales-en-contra-de-su-hijastra-de-10-anos-de-edad","status":"publish","type":"post","link":"https:\/\/www.fiscalia.gov.co\/colombia\/noticias\/detencion-intramuros-para-padrastro-por-presuntamente-cometer-delitos-sexuales-en-contra-de-su-hijastra-de-10-anos-de-edad\/","title":{"rendered":"Detenci\u00f3n intramuros para padrastro por presuntamente cometer delitos sexuales en contra de su hijastra de 10 a\u00f1os de edad"},"content":{"rendered":"<p><span lang=\"ES\">Tras conocerse los hechos a trav\u00e9s de la denuncia interpuesta por las directivas de una instituci\u00f3n educativa, personal de la Polic\u00eda Nacional, logr\u00f3 la captura de un hombre, en el municipio de Tame (Arauca), por su presunta responsabilidad en los delitos de\u00a0<\/span><span lang=\"ES\">acceso carnal abusivo con\u00a0<\/span><a id=\"m_4364785991479176283OWA9847cfb7-679d-2fba-41f9-7f46c0894c5e\" href=\"https:\/\/www.fiscalia.gov.co\/colombia\/noticias\/asegurados-dos-hombres-investigados-por-delitos-sexuales-ocurridos-en-arauca\/\" target=\"_blank\" rel=\"noopener\" data-saferedirecturl=\"https:\/\/www.google.com\/url?q=https:\/\/www.fiscalia.gov.co\/colombia\/noticias\/asegurados-dos-hombres-investigados-por-delitos-sexuales-ocurridos-en-arauca\/&amp;source=gmail&amp;ust=1696968965139000&amp;usg=AOvVaw3QjhNUsP5N8U8J2-3d7yA5\"><span lang=\"ES\">menor<\/span><\/a><span lang=\"ES\">\u00a0de 14 a\u00f1os agravado en concurso con actos sexuales con menor de 14 a\u00f1os<\/span><span lang=\"ES\">.<\/span><\/p>\n<p><span lang=\"ES\">De acuerdo con las indagaciones adelantadas por la Fiscal\u00eda, se trata del padrastro de la menor, quien\u00a0entre el 2019\u00a0y en abril reciente le habr\u00eda realizado todo tipo de vej\u00e1menes sexuales,\u00a0amenaz\u00e1ndola con atentar contra la vida de su progenitora si contaba lo que estaba sucediendo.\u00a0<\/span><\/p>\n<figure id=\"attachment_281109\" aria-describedby=\"caption-attachment-281109\" style=\"width: 251px\" class=\"wp-caption aligncenter\"><img loading=\"lazy\" decoding=\"async\" class=\"size-medium wp-image-281109\" src=\"https:\/\/www.fiscalia.gov.co\/colombia\/wp-content\/uploads\/image001-11-1-251x300.jpg\" alt=\"En la imagen se observa al capturado con el rostro difuminado. En la parte posterior se ubica un banner que identifica a la Polic\u00eda Nacional.\" width=\"251\" height=\"300\" srcset=\"https:\/\/www.fiscalia.gov.co\/colombia\/wp-content\/uploads\/image001-11-1-251x300.jpg 251w, https:\/\/www.fiscalia.gov.co\/colombia\/wp-content\/uploads\/image001-11-1-352x420.jpg 352w, https:\/\/www.fiscalia.gov.co\/colombia\/wp-content\/uploads\/image001-11-1.jpg 659w\" sizes=\"auto, (max-width: 251px) 100vw, 251px\" \/><figcaption id=\"caption-attachment-281109\" class=\"wp-caption-text\">El hombre habr\u00eda abusado de su hijastra de 10 a\u00f1os por espacio de cuatro a\u00f1os.<\/figcaption><\/figure>\n<p><span lang=\"ES\">Adem\u00e1s, e<\/span><span lang=\"ES\">l ente acusador evidenci\u00f3 que,\u00a0supuestamente,\u00a0de manera sistem\u00e1tica\u00a0la accedi\u00f3, y la obligaba a ver pel\u00edculas de contenido sexual, aprovechando las noches y los momentos en que la menor se quedaba a su cuidado.<\/span><\/p>\n<p><span lang=\"ES\">El investigado detenido el pasado 3 de octubre\u00a0<\/span><a id=\"m_4364785991479176283OWAbebd7a9e-adb1-59d0-f958-65ce55c6de66\" href=\"https:\/\/www.fiscalia.gov.co\/colombia\/noticias\/judicializado-un-hombre-por-presuntas-agresiones-sexuales-contra-su-hijastra-de-11-anos\/\" target=\"_blank\" rel=\"noopener\" data-saferedirecturl=\"https:\/\/www.google.com\/url?q=https:\/\/www.fiscalia.gov.co\/colombia\/noticias\/judicializado-un-hombre-por-presuntas-agresiones-sexuales-contra-su-hijastra-de-11-anos\/&amp;source=gmail&amp;ust=1696968965139000&amp;usg=AOvVaw3iJdnR79zoKlVBBQBvfxrO\"><span lang=\"ES\">no acept\u00f3<\/span><\/a><span lang=\"ES\">\u00a0los cargos formulados por la Fiscal\u00eda y, por su parte, un juez de control de garant\u00edas, le dict\u00f3\u00a0medida de aseguramiento privativa de la libertad<b>,\u00a0<\/b>la cual cumplir\u00e1 en la c\u00e1rcel de la capital araucana.<\/span><\/p>\n<p><b><u><span lang=\"ES\">La Fiscal\u00eda habla con resultados<\/span><\/u><\/b><\/p>\n<p>&nbsp;<\/p>\n<p>&nbsp;<\/p>\n<p>&nbsp;<\/p>\n<p>&nbsp;<\/p>\n<p>&nbsp;<\/p>\n<p><span lang=\"ES\">MPHA\/<\/span>LYBT\/HMCR\/DSA<\/p>\n<p>&nbsp;<\/p>\n<p>&nbsp;<\/p>\n<p>&nbsp;<\/p>\n<p>&nbsp;<\/p>\n<p><i>La informaci\u00f3n contenida en este bolet\u00edn de prensa corresponde a la narraci\u00f3n de los hechos noticiosos objetivos, suministrados por los funcionarios encargados de adelantar las investigaciones penales al interior de la Fiscal\u00eda General de la Naci\u00f3n. Para el momento de la divulgaci\u00f3n de este comunicado, la situaci\u00f3n jur\u00eddica de la(s) persona(s) relacionada(s) se encuentra pendiente de resolver por la autoridad judicial competente, siempre bajo los preceptos de la presunci\u00f3n de inocencia, consagrados en el art\u00edculo 29 de la Constituci\u00f3n Pol\u00edtica y el art\u00edculo 7\u00ba de la Ley 906 de 2004.<\/i><\/p>\n\n<div class=\"twitter-share\"><a href=\"https:\/\/twitter.com\/intent\/tweet?via=fiscaliacol\" class=\"twitter-share-button\">Tweet<\/a><\/div>\n","protected":false},"excerpt":{"rendered":"<p>Tras conocerse los hechos a trav\u00e9s de la denuncia interpuesta por las directivas de una instituci\u00f3n educativa, personal de la Polic\u00eda Nacional, logr\u00f3 la captura de un hombre, en el municipio de Tame (Arauca), por su presunta responsabilidad en los delitos de\u00a0acceso carnal abusivo con\u00a0menor\u00a0de 14 a\u00f1os agravado en concurso con actos sexuales con menor [&hellip;]<\/p>\n","protected":false},"author":178,"featured_media":0,"comment_status":"closed","ping_status":"open","sticky":false,"template":"","format":"standard","meta":{"tdm_status":"","tdm_grid_status":"","footnotes":""},"categories":[1],"tags":[14550,1288,24185,4614,1047,17967,2464,711,1741,2299],"class_list":{"0":"post-281108","1":"post","2":"type-post","3":"status-publish","4":"format-standard","6":"category-noticias","7":"tag-carcel","8":"tag-denuncia","9":"tag-fiscal-barbosa","10":"tag-fiscalia-2","11":"tag-fiscalia-general-de-la-nacion","12":"tag-investigacion","13":"tag-menores","14":"tag-proteccion","15":"tag-tame-arauca","16":"tag-violencia-sexual"},"yoast_head":"<!-- This site is optimized with the Yoast SEO plugin v24.3 - https:\/\/yoast.com\/wordpress\/plugins\/seo\/ -->\n<title>Fiscal\u00eda General de la Naci\u00f3n<\/title>\n<meta name=\"description\" content=\"P\u00e1gina oficial de la Fiscal\u00eda General de la Naci\u00f3n \u2013 Colombia. Garantizamos el acceso efectivo a la justicia, la verdad y la reparaci\u00f3n de las v\u00edctimas de los delitos.\" \/>\n<meta name=\"robots\" content=\"noindex, follow\" \/>\n<meta property=\"og:locale\" content=\"es_ES\" \/>\n<meta property=\"og:type\" content=\"article\" \/>\n<meta property=\"og:title\" content=\"Fiscal\u00eda General de la Naci\u00f3n\" \/>\n<meta property=\"og:description\" content=\"P\u00e1gina oficial de la Fiscal\u00eda General de la Naci\u00f3n \u2013 Colombia. Garantizamos el acceso efectivo a la justicia, la verdad y la reparaci\u00f3n de las v\u00edctimas de los delitos.\" \/>\n<meta property=\"og:url\" content=\"https:\/\/www.fiscalia.gov.co\/colombia\/noticias\/detencion-intramuros-para-padrastro-por-presuntamente-cometer-delitos-sexuales-en-contra-de-su-hijastra-de-10-anos-de-edad\/\" \/>\n<meta property=\"og:site_name\" content=\"Fiscal\u00eda General de la Naci\u00f3n\" \/>\n<meta property=\"article:publisher\" content=\"https:\/\/www.facebook.com\/FiscaliaCol\" \/>\n<meta property=\"article:published_time\" content=\"2023-10-09T20:20:30+00:00\" \/>\n<meta property=\"og:image\" content=\"https:\/\/www.fiscalia.gov.co\/colombia\/wp-content\/uploads\/image001-11-1-251x300.jpg\" \/>\n<meta name=\"author\" content=\"Winnie Geraldine Rodr\u00edguez Navarrete\" \/>\n<meta name=\"twitter:card\" content=\"summary_large_image\" \/>\n<meta name=\"twitter:creator\" content=\"@FiscaliaCol\" \/>\n<meta name=\"twitter:site\" content=\"@FiscaliaCol\" \/>\n<meta name=\"twitter:label1\" content=\"Escrito por\" \/>\n\t<meta name=\"twitter:data1\" content=\"Winnie Geraldine Rodr\u00edguez Navarrete\" \/>\n\t<meta name=\"twitter:label2\" content=\"Tiempo de lectura\" \/>\n\t<meta name=\"twitter:data2\" content=\"2 minutos\" \/>\n<script type=\"application\/ld+json\" class=\"yoast-schema-graph\">{\"@context\":\"https:\/\/schema.org\",\"@graph\":[{\"@type\":\"Article\",\"@id\":\"https:\/\/www.fiscalia.gov.co\/colombia\/noticias\/detencion-intramuros-para-padrastro-por-presuntamente-cometer-delitos-sexuales-en-contra-de-su-hijastra-de-10-anos-de-edad\/#article\",\"isPartOf\":{\"@id\":\"https:\/\/www.fiscalia.gov.co\/colombia\/noticias\/detencion-intramuros-para-padrastro-por-presuntamente-cometer-delitos-sexuales-en-contra-de-su-hijastra-de-10-anos-de-edad\/\"},\"author\":{\"name\":\"Winnie Geraldine Rodr\u00edguez Navarrete\",\"@id\":\"https:\/\/www.fiscalia.gov.co\/colombia\/#\/schema\/person\/176195b99ebab0a52aafa15197e1bf80\"},\"headline\":\"Detenci\u00f3n intramuros para padrastro por presuntamente cometer delitos sexuales en contra de su hijastra de 10 a\u00f1os de edad\",\"datePublished\":\"2023-10-09T20:20:30+00:00\",\"dateModified\":\"2023-10-09T20:20:30+00:00\",\"mainEntityOfPage\":{\"@id\":\"https:\/\/www.fiscalia.gov.co\/colombia\/noticias\/detencion-intramuros-para-padrastro-por-presuntamente-cometer-delitos-sexuales-en-contra-de-su-hijastra-de-10-anos-de-edad\/\"},\"wordCount\":366,\"publisher\":{\"@id\":\"https:\/\/www.fiscalia.gov.co\/colombia\/#organization\"},\"image\":{\"@id\":\"https:\/\/www.fiscalia.gov.co\/colombia\/noticias\/detencion-intramuros-para-padrastro-por-presuntamente-cometer-delitos-sexuales-en-contra-de-su-hijastra-de-10-anos-de-edad\/#primaryimage\"},\"thumbnailUrl\":\"https:\/\/www.fiscalia.gov.co\/colombia\/wp-content\/uploads\/image001-11-1-251x300.jpg\",\"keywords\":[\"C\u00e1rcel\",\"Denuncia\",\"Fiscal Barbosa\",\"Fiscal\u00eda\",\"Fiscal\u00eda General de la Naci\u00f3n\",\"Investigaci\u00f3n\",\"Menores\",\"Protecci\u00f3n\",\"Tame Arauca\",\"Violencia sexual\"],\"articleSection\":[\"Noticias\"],\"inLanguage\":\"es-CO\"},{\"@type\":\"WebPage\",\"@id\":\"https:\/\/www.fiscalia.gov.co\/colombia\/noticias\/detencion-intramuros-para-padrastro-por-presuntamente-cometer-delitos-sexuales-en-contra-de-su-hijastra-de-10-anos-de-edad\/\",\"url\":\"https:\/\/www.fiscalia.gov.co\/colombia\/noticias\/detencion-intramuros-para-padrastro-por-presuntamente-cometer-delitos-sexuales-en-contra-de-su-hijastra-de-10-anos-de-edad\/\",\"name\":\"Fiscal\u00eda General de la Naci\u00f3n\",\"isPartOf\":{\"@id\":\"https:\/\/www.fiscalia.gov.co\/colombia\/#website\"},\"primaryImageOfPage\":{\"@id\":\"https:\/\/www.fiscalia.gov.co\/colombia\/noticias\/detencion-intramuros-para-padrastro-por-presuntamente-cometer-delitos-sexuales-en-contra-de-su-hijastra-de-10-anos-de-edad\/#primaryimage\"},\"image\":{\"@id\":\"https:\/\/www.fiscalia.gov.co\/colombia\/noticias\/detencion-intramuros-para-padrastro-por-presuntamente-cometer-delitos-sexuales-en-contra-de-su-hijastra-de-10-anos-de-edad\/#primaryimage\"},\"thumbnailUrl\":\"https:\/\/www.fiscalia.gov.co\/colombia\/wp-content\/uploads\/image001-11-1-251x300.jpg\",\"datePublished\":\"2023-10-09T20:20:30+00:00\",\"dateModified\":\"2023-10-09T20:20:30+00:00\",\"description\":\"P\u00e1gina oficial de la Fiscal\u00eda General de la Naci\u00f3n \u2013 Colombia. Garantizamos el acceso efectivo a la justicia, la verdad y la reparaci\u00f3n de las v\u00edctimas de los delitos.\",\"breadcrumb\":{\"@id\":\"https:\/\/www.fiscalia.gov.co\/colombia\/noticias\/detencion-intramuros-para-padrastro-por-presuntamente-cometer-delitos-sexuales-en-contra-de-su-hijastra-de-10-anos-de-edad\/#breadcrumb\"},\"inLanguage\":\"es-CO\",\"potentialAction\":[{\"@type\":\"ReadAction\",\"target\":[\"https:\/\/www.fiscalia.gov.co\/colombia\/noticias\/detencion-intramuros-para-padrastro-por-presuntamente-cometer-delitos-sexuales-en-contra-de-su-hijastra-de-10-anos-de-edad\/\"]}]},{\"@type\":\"ImageObject\",\"inLanguage\":\"es-CO\",\"@id\":\"https:\/\/www.fiscalia.gov.co\/colombia\/noticias\/detencion-intramuros-para-padrastro-por-presuntamente-cometer-delitos-sexuales-en-contra-de-su-hijastra-de-10-anos-de-edad\/#primaryimage\",\"url\":\"https:\/\/www.fiscalia.gov.co\/colombia\/wp-content\/uploads\/image001-11-1.jpg\",\"contentUrl\":\"https:\/\/www.fiscalia.gov.co\/colombia\/wp-content\/uploads\/image001-11-1.jpg\",\"width\":659,\"height\":787,\"caption\":\"El hombre habr\u00eda abusado de su hijastra de 10 a\u00f1os por espacio de cuatro a\u00f1os.\"},{\"@type\":\"BreadcrumbList\",\"@id\":\"https:\/\/www.fiscalia.gov.co\/colombia\/noticias\/detencion-intramuros-para-padrastro-por-presuntamente-cometer-delitos-sexuales-en-contra-de-su-hijastra-de-10-anos-de-edad\/#breadcrumb\",\"itemListElement\":[{\"@type\":\"ListItem\",\"position\":1,\"name\":\"Home\",\"item\":\"https:\/\/www.fiscalia.gov.co\/colombia\/\"},{\"@type\":\"ListItem\",\"position\":2,\"name\":\"Detenci\u00f3n intramuros para padrastro por presuntamente cometer delitos sexuales en contra de su hijastra de 10 a\u00f1os de edad\"}]},{\"@type\":\"WebSite\",\"@id\":\"https:\/\/www.fiscalia.gov.co\/colombia\/#website\",\"url\":\"https:\/\/www.fiscalia.gov.co\/colombia\/\",\"name\":\"Fiscal\u00eda General de la Naci\u00f3n\",\"description\":\"P\u00e1gina oficial de la Fiscal\u00eda General de la Naci\u00f3n \u2013 Colombia. Garantizamos el acceso efectivo a la justicia, la verdad y la reparaci\u00f3n de las v\u00edctimas de los delitos.\",\"publisher\":{\"@id\":\"https:\/\/www.fiscalia.gov.co\/colombia\/#organization\"},\"potentialAction\":[{\"@type\":\"SearchAction\",\"target\":{\"@type\":\"EntryPoint\",\"urlTemplate\":\"https:\/\/www.fiscalia.gov.co\/colombia\/?s={search_term_string}\"},\"query-input\":{\"@type\":\"PropertyValueSpecification\",\"valueRequired\":true,\"valueName\":\"search_term_string\"}}],\"inLanguage\":\"es-CO\"},{\"@type\":\"Organization\",\"@id\":\"https:\/\/www.fiscalia.gov.co\/colombia\/#organization\",\"name\":\"Fiscal\u00eda General de la Naci\u00f3n\",\"url\":\"https:\/\/www.fiscalia.gov.co\/colombia\/\",\"logo\":{\"@type\":\"ImageObject\",\"inLanguage\":\"es-CO\",\"@id\":\"https:\/\/www.fiscalia.gov.co\/colombia\/#\/schema\/logo\/image\/\",\"url\":\"https:\/\/www.fiscalia.gov.co\/colombia\/wp-content\/uploads\/LogoHorizontal_1.jpg\",\"contentUrl\":\"https:\/\/www.fiscalia.gov.co\/colombia\/wp-content\/uploads\/LogoHorizontal_1.jpg\",\"width\":300,\"height\":90,\"caption\":\"Fiscal\u00eda General de la Naci\u00f3n\"},\"image\":{\"@id\":\"https:\/\/www.fiscalia.gov.co\/colombia\/#\/schema\/logo\/image\/\"},\"sameAs\":[\"https:\/\/www.facebook.com\/FiscaliaCol\",\"https:\/\/x.com\/FiscaliaCol\",\"https:\/\/www.instagram.com\/fiscaliacol\",\"https:\/\/www.linkedin.com\/company\/fiscalia-general-de-la-naci-n\/\",\"https:\/\/youtube.com\/@fiscaliageneraldelanacion-4668?si=6nN79nyQICPU5iTh\"]},{\"@type\":\"Person\",\"@id\":\"https:\/\/www.fiscalia.gov.co\/colombia\/#\/schema\/person\/176195b99ebab0a52aafa15197e1bf80\",\"name\":\"Winnie Geraldine Rodr\u00edguez Navarrete\",\"image\":{\"@type\":\"ImageObject\",\"inLanguage\":\"es-CO\",\"@id\":\"https:\/\/www.fiscalia.gov.co\/colombia\/#\/schema\/person\/image\/\",\"url\":\"https:\/\/secure.gravatar.com\/avatar\/c24cf8481dc84fa5e8c7b20bc95ab0c6?s=96&d=mm&r=g\",\"contentUrl\":\"https:\/\/secure.gravatar.com\/avatar\/c24cf8481dc84fa5e8c7b20bc95ab0c6?s=96&d=mm&r=g\",\"caption\":\"Winnie Geraldine Rodr\u00edguez Navarrete\"},\"url\":\"https:\/\/www.fiscalia.gov.co\/colombia\/author\/winnierodriguez\/\"}]}<\/script>\n<!-- \/ Yoast SEO plugin. -->","yoast_head_json":{"title":"Fiscal\u00eda General de la Naci\u00f3n","description":"P\u00e1gina oficial de la Fiscal\u00eda General de la Naci\u00f3n \u2013 Colombia. Garantizamos el acceso efectivo a la justicia, la verdad y la reparaci\u00f3n de las v\u00edctimas de los delitos.","robots":{"index":"noindex","follow":"follow"},"og_locale":"es_ES","og_type":"article","og_title":"Fiscal\u00eda General de la Naci\u00f3n","og_description":"P\u00e1gina oficial de la Fiscal\u00eda General de la Naci\u00f3n \u2013 Colombia. Garantizamos el acceso efectivo a la justicia, la verdad y la reparaci\u00f3n de las v\u00edctimas de los delitos.","og_url":"https:\/\/www.fiscalia.gov.co\/colombia\/noticias\/detencion-intramuros-para-padrastro-por-presuntamente-cometer-delitos-sexuales-en-contra-de-su-hijastra-de-10-anos-de-edad\/","og_site_name":"Fiscal\u00eda General de la Naci\u00f3n","article_publisher":"https:\/\/www.facebook.com\/FiscaliaCol","article_published_time":"2023-10-09T20:20:30+00:00","og_image":[{"url":"https:\/\/www.fiscalia.gov.co\/colombia\/wp-content\/uploads\/image001-11-1-251x300.jpg","type":"","width":"","height":""}],"author":"Winnie Geraldine Rodr\u00edguez Navarrete","twitter_card":"summary_large_image","twitter_creator":"@FiscaliaCol","twitter_site":"@FiscaliaCol","twitter_misc":{"Escrito por":"Winnie Geraldine Rodr\u00edguez Navarrete","Tiempo de lectura":"2 minutos"},"schema":{"@context":"https:\/\/schema.org","@graph":[{"@type":"Article","@id":"https:\/\/www.fiscalia.gov.co\/colombia\/noticias\/detencion-intramuros-para-padrastro-por-presuntamente-cometer-delitos-sexuales-en-contra-de-su-hijastra-de-10-anos-de-edad\/#article","isPartOf":{"@id":"https:\/\/www.fiscalia.gov.co\/colombia\/noticias\/detencion-intramuros-para-padrastro-por-presuntamente-cometer-delitos-sexuales-en-contra-de-su-hijastra-de-10-anos-de-edad\/"},"author":{"name":"Winnie Geraldine Rodr\u00edguez Navarrete","@id":"https:\/\/www.fiscalia.gov.co\/colombia\/#\/schema\/person\/176195b99ebab0a52aafa15197e1bf80"},"headline":"Detenci\u00f3n intramuros para padrastro por presuntamente cometer delitos sexuales en contra de su hijastra de 10 a\u00f1os de edad","datePublished":"2023-10-09T20:20:30+00:00","dateModified":"2023-10-09T20:20:30+00:00","mainEntityOfPage":{"@id":"https:\/\/www.fiscalia.gov.co\/colombia\/noticias\/detencion-intramuros-para-padrastro-por-presuntamente-cometer-delitos-sexuales-en-contra-de-su-hijastra-de-10-anos-de-edad\/"},"wordCount":366,"publisher":{"@id":"https:\/\/www.fiscalia.gov.co\/colombia\/#organization"},"image":{"@id":"https:\/\/www.fiscalia.gov.co\/colombia\/noticias\/detencion-intramuros-para-padrastro-por-presuntamente-cometer-delitos-sexuales-en-contra-de-su-hijastra-de-10-anos-de-edad\/#primaryimage"},"thumbnailUrl":"https:\/\/www.fiscalia.gov.co\/colombia\/wp-content\/uploads\/image001-11-1-251x300.jpg","keywords":["C\u00e1rcel","Denuncia","Fiscal Barbosa","Fiscal\u00eda","Fiscal\u00eda General de la Naci\u00f3n","Investigaci\u00f3n","Menores","Protecci\u00f3n","Tame Arauca","Violencia sexual"],"articleSection":["Noticias"],"inLanguage":"es-CO"},{"@type":"WebPage","@id":"https:\/\/www.fiscalia.gov.co\/colombia\/noticias\/detencion-intramuros-para-padrastro-por-presuntamente-cometer-delitos-sexuales-en-contra-de-su-hijastra-de-10-anos-de-edad\/","url":"https:\/\/www.fiscalia.gov.co\/colombia\/noticias\/detencion-intramuros-para-padrastro-por-presuntamente-cometer-delitos-sexuales-en-contra-de-su-hijastra-de-10-anos-de-edad\/","name":"Fiscal\u00eda General de la Naci\u00f3n","isPartOf":{"@id":"https:\/\/www.fiscalia.gov.co\/colombia\/#website"},"primaryImageOfPage":{"@id":"https:\/\/www.fiscalia.gov.co\/colombia\/noticias\/detencion-intramuros-para-padrastro-por-presuntamente-cometer-delitos-sexuales-en-contra-de-su-hijastra-de-10-anos-de-edad\/#primaryimage"},"image":{"@id":"https:\/\/www.fiscalia.gov.co\/colombia\/noticias\/detencion-intramuros-para-padrastro-por-presuntamente-cometer-delitos-sexuales-en-contra-de-su-hijastra-de-10-anos-de-edad\/#primaryimage"},"thumbnailUrl":"https:\/\/www.fiscalia.gov.co\/colombia\/wp-content\/uploads\/image001-11-1-251x300.jpg","datePublished":"2023-10-09T20:20:30+00:00","dateModified":"2023-10-09T20:20:30+00:00","description":"P\u00e1gina oficial de la Fiscal\u00eda General de la Naci\u00f3n \u2013 Colombia. Garantizamos el acceso efectivo a la justicia, la verdad y la reparaci\u00f3n de las v\u00edctimas de los delitos.","breadcrumb":{"@id":"https:\/\/www.fiscalia.gov.co\/colombia\/noticias\/detencion-intramuros-para-padrastro-por-presuntamente-cometer-delitos-sexuales-en-contra-de-su-hijastra-de-10-anos-de-edad\/#breadcrumb"},"inLanguage":"es-CO","potentialAction":[{"@type":"ReadAction","target":["https:\/\/www.fiscalia.gov.co\/colombia\/noticias\/detencion-intramuros-para-padrastro-por-presuntamente-cometer-delitos-sexuales-en-contra-de-su-hijastra-de-10-anos-de-edad\/"]}]},{"@type":"ImageObject","inLanguage":"es-CO","@id":"https:\/\/www.fiscalia.gov.co\/colombia\/noticias\/detencion-intramuros-para-padrastro-por-presuntamente-cometer-delitos-sexuales-en-contra-de-su-hijastra-de-10-anos-de-edad\/#primaryimage","url":"https:\/\/www.fiscalia.gov.co\/colombia\/wp-content\/uploads\/image001-11-1.jpg","contentUrl":"https:\/\/www.fiscalia.gov.co\/colombia\/wp-content\/uploads\/image001-11-1.jpg","width":659,"height":787,"caption":"El hombre habr\u00eda abusado de su hijastra de 10 a\u00f1os por espacio de cuatro a\u00f1os."},{"@type":"BreadcrumbList","@id":"https:\/\/www.fiscalia.gov.co\/colombia\/noticias\/detencion-intramuros-para-padrastro-por-presuntamente-cometer-delitos-sexuales-en-contra-de-su-hijastra-de-10-anos-de-edad\/#breadcrumb","itemListElement":[{"@type":"ListItem","position":1,"name":"Home","item":"https:\/\/www.fiscalia.gov.co\/colombia\/"},{"@type":"ListItem","position":2,"name":"Detenci\u00f3n intramuros para padrastro por presuntamente cometer delitos sexuales en contra de su hijastra de 10 a\u00f1os de edad"}]},{"@type":"WebSite","@id":"https:\/\/www.fiscalia.gov.co\/colombia\/#website","url":"https:\/\/www.fiscalia.gov.co\/colombia\/","name":"Fiscal\u00eda General de la Naci\u00f3n","description":"P\u00e1gina oficial de la Fiscal\u00eda General de la Naci\u00f3n \u2013 Colombia. Garantizamos el acceso efectivo a la justicia, la verdad y la reparaci\u00f3n de las v\u00edctimas de los delitos.","publisher":{"@id":"https:\/\/www.fiscalia.gov.co\/colombia\/#organization"},"potentialAction":[{"@type":"SearchAction","target":{"@type":"EntryPoint","urlTemplate":"https:\/\/www.fiscalia.gov.co\/colombia\/?s={search_term_string}"},"query-input":{"@type":"PropertyValueSpecification","valueRequired":true,"valueName":"search_term_string"}}],"inLanguage":"es-CO"},{"@type":"Organization","@id":"https:\/\/www.fiscalia.gov.co\/colombia\/#organization","name":"Fiscal\u00eda General de la Naci\u00f3n","url":"https:\/\/www.fiscalia.gov.co\/colombia\/","logo":{"@type":"ImageObject","inLanguage":"es-CO","@id":"https:\/\/www.fiscalia.gov.co\/colombia\/#\/schema\/logo\/image\/","url":"https:\/\/www.fiscalia.gov.co\/colombia\/wp-content\/uploads\/LogoHorizontal_1.jpg","contentUrl":"https:\/\/www.fiscalia.gov.co\/colombia\/wp-content\/uploads\/LogoHorizontal_1.jpg","width":300,"height":90,"caption":"Fiscal\u00eda General de la Naci\u00f3n"},"image":{"@id":"https:\/\/www.fiscalia.gov.co\/colombia\/#\/schema\/logo\/image\/"},"sameAs":["https:\/\/www.facebook.com\/FiscaliaCol","https:\/\/x.com\/FiscaliaCol","https:\/\/www.instagram.com\/fiscaliacol","https:\/\/www.linkedin.com\/company\/fiscalia-general-de-la-naci-n\/","https:\/\/youtube.com\/@fiscaliageneraldelanacion-4668?si=6nN79nyQICPU5iTh"]},{"@type":"Person","@id":"https:\/\/www.fiscalia.gov.co\/colombia\/#\/schema\/person\/176195b99ebab0a52aafa15197e1bf80","name":"Winnie Geraldine Rodr\u00edguez Navarrete","image":{"@type":"ImageObject","inLanguage":"es-CO","@id":"https:\/\/www.fiscalia.gov.co\/colombia\/#\/schema\/person\/image\/","url":"https:\/\/secure.gravatar.com\/avatar\/c24cf8481dc84fa5e8c7b20bc95ab0c6?s=96&d=mm&r=g","contentUrl":"https:\/\/secure.gravatar.com\/avatar\/c24cf8481dc84fa5e8c7b20bc95ab0c6?s=96&d=mm&r=g","caption":"Winnie Geraldine Rodr\u00edguez Navarrete"},"url":"https:\/\/www.fiscalia.gov.co\/colombia\/author\/winnierodriguez\/"}]}},"_links":{"self":[{"href":"https:\/\/www.fiscalia.gov.co\/colombia\/wp-json\/wp\/v2\/posts\/281108","targetHints":{"allow":["GET"]}}],"collection":[{"href":"https:\/\/www.fiscalia.gov.co\/colombia\/wp-json\/wp\/v2\/posts"}],"about":[{"href":"https:\/\/www.fiscalia.gov.co\/colombia\/wp-json\/wp\/v2\/types\/post"}],"author":[{"embeddable":true,"href":"https:\/\/www.fiscalia.gov.co\/colombia\/wp-json\/wp\/v2\/users\/178"}],"replies":[{"embeddable":true,"href":"https:\/\/www.fiscalia.gov.co\/colombia\/wp-json\/wp\/v2\/comments?post=281108"}],"version-history":[{"count":1,"href":"https:\/\/www.fiscalia.gov.co\/colombia\/wp-json\/wp\/v2\/posts\/281108\/revisions"}],"predecessor-version":[{"id":281110,"href":"https:\/\/www.fiscalia.gov.co\/colombia\/wp-json\/wp\/v2\/posts\/281108\/revisions\/281110"}],"wp:attachment":[{"href":"https:\/\/www.fiscalia.gov.co\/colombia\/wp-json\/wp\/v2\/media?parent=281108"}],"wp:term":[{"taxonomy":"category","embeddable":true,"href":"https:\/\/www.fiscalia.gov.co\/colombia\/wp-json\/wp\/v2\/categories?post=281108"},{"taxonomy":"post_tag","embeddable":true,"href":"https:\/\/www.fiscalia.gov.co\/colombia\/wp-json\/wp\/v2\/tags?post=281108"}],"curies":[{"name":"wp","href":"https:\/\/api.w.org\/{rel}","templated":true}]}}