{"id":281098,"date":"2023-10-09T14:24:55","date_gmt":"2023-10-09T19:24:55","guid":{"rendered":"https:\/\/www.fiscalia.gov.co\/colombia\/?p=281098"},"modified":"2023-10-09T14:24:55","modified_gmt":"2023-10-09T19:24:55","slug":"fiscalia-imputa-a-exdirectivos-de-la-ani-por-su-posible-responsabilidad-en-el-tramite-y-aprobacion-irregular-de-varias-adiciones-al-contrato-de-ruta-del-sol-ii","status":"publish","type":"post","link":"https:\/\/www.fiscalia.gov.co\/colombia\/noticias\/fiscalia-imputa-a-exdirectivos-de-la-ani-por-su-posible-responsabilidad-en-el-tramite-y-aprobacion-irregular-de-varias-adiciones-al-contrato-de-ruta-del-sol-ii\/","title":{"rendered":"Fiscal\u00eda imputa a exdirectivos de la ANI por su posible responsabilidad en el tr\u00e1mite y aprobaci\u00f3n irregular de varias adiciones al contrato de \u2018Ruta del Sol II\u2019"},"content":{"rendered":"<h4><strong><i>En el ejercicio de sus cargos y funciones habr\u00edan favorecido econ\u00f3micamente a la concesionaria\u00a0\u00a0 contratista al flexibilizar condiciones t\u00e9cnicas y financieras.\u00a0\u00a0<\/i><\/strong><span data-ccp-props=\"{&quot;335551550&quot;:6,&quot;335551620&quot;:6,&quot;335559737&quot;:1,&quot;335559739&quot;:240,&quot;469777462&quot;:[9781],&quot;469777927&quot;:[0],&quot;469777928&quot;:[1]}\">\u00a0<\/span><\/h4>\n<p><span data-contrast=\"none\">La Fiscal\u00eda General de la Naci\u00f3n imput\u00f3 a tres exdirectivos de la Agencia Nacional de Infraestructura (ANI) como presuntos responsables del delito de inter\u00e9s indebido en la celebraci\u00f3n de contratos.<\/span><span data-ccp-props=\"{&quot;335551550&quot;:6,&quot;335551620&quot;:6,&quot;335559737&quot;:1,&quot;335559739&quot;:240,&quot;469777462&quot;:[9781],&quot;469777927&quot;:[0],&quot;469777928&quot;:[1]}\">\u00a0<\/span><\/p>\n<p><span data-contrast=\"none\">Se trata del vicepresidente de Gesti\u00f3n Contractual, Camilo Mendoza Rozo; del exgerente de Proyectos, Jos\u00e9 Andr\u00e9s Torres Rodr\u00edguez; y el exvicepresidente jur\u00eddico, H\u00e9ctor Jaime Pinilla Ortiz. Estas personas habr\u00edan tramitado y permitido la aprobaci\u00f3n de manera irregular de los otros\u00edes 1, 2, 4, 5 y 8 del contrato de concesi\u00f3n 001 de 2010, \u2018Ruta del Sol II\u2019.<\/span><span data-ccp-props=\"{&quot;335551550&quot;:6,&quot;335551620&quot;:6,&quot;335559737&quot;:1,&quot;335559739&quot;:240,&quot;469777462&quot;:[9781],&quot;469777927&quot;:[0],&quot;469777928&quot;:[1]}\">\u00a0<\/span><\/p>\n<p><span data-contrast=\"none\">Los elementos de prueba indican que, en el ejercicio de sus cargos, formularon, avalaron y firmaron estudios de conveniencia, actas de comit\u00e9 de contrataci\u00f3n, entre otras actuaciones que les dieron viabilidad a las adiciones hechas al proyecto vial. De esta manera, fueron modificadas y ajustadas las condiciones financieras y t\u00e9cnicas del contrato en favor del concesionario, del que hac\u00eda parte Odebrecht, sin que existieran estudios serios y completos.<\/span><span data-ccp-props=\"{&quot;335551550&quot;:6,&quot;335551620&quot;:6,&quot;335559737&quot;:1,&quot;335559739&quot;:240,&quot;469777462&quot;:[9781],&quot;469777927&quot;:[0],&quot;469777928&quot;:[1]}\">\u00a0<\/span><\/p>\n<p><span data-contrast=\"none\">Peritos especializados de la Fiscal\u00eda constataron que una de las adiciones aprob\u00f3 la disminuci\u00f3n de la huella asf\u00e1ltica, lo que redujo la calidad de la obra y disminuy\u00f3 los costos de construcci\u00f3n en favor del contratista.\u00a0<\/span><span data-ccp-props=\"{&quot;335551550&quot;:6,&quot;335551620&quot;:6,&quot;335559737&quot;:1,&quot;335559739&quot;:240,&quot;469777462&quot;:[9781],&quot;469777927&quot;:[0],&quot;469777928&quot;:[1]}\">\u00a0<\/span><\/p>\n<p><span data-contrast=\"none\">Asimismo, acreditaron que se autorizaron pagos por trayectos no terminados, se hicieron giros anticipados, se ampliaron plazos, ajustaron cronogramas de obra, fueron omitidas las sanciones por demoras o ausencia de licencias ambientales, se adicion\u00f3 la construcci\u00f3n de la in<\/span><span data-contrast=\"auto\">tersecci\u00f3n de Puerto Boyac\u00e1 <\/span><span data-contrast=\"none\">que no ten\u00eda relaci\u00f3n con el contrato original, y se comprometieron recursos y vigencias futuras sin autorizaci\u00f3n del Consejo Nacional de Pol\u00edtica Econ\u00f3mica y Social (CONPES) y del Consejo Superior de Pol\u00edtica Fiscal (CONFIS).<\/span><span data-ccp-props=\"{&quot;335551550&quot;:6,&quot;335551620&quot;:6,&quot;335559737&quot;:1,&quot;335559739&quot;:240,&quot;469777462&quot;:[9781],&quot;469777927&quot;:[0],&quot;469777928&quot;:[1]}\">\u00a0<\/span><\/p>\n<p><span data-contrast=\"none\">Esta informaci\u00f3n se publica por razones de inter\u00e9s general.<\/span><span data-ccp-props=\"{&quot;335551550&quot;:6,&quot;335551620&quot;:6,&quot;335559737&quot;:1,&quot;469777462&quot;:[9781],&quot;469777927&quot;:[0],&quot;469777928&quot;:[1]}\">\u00a0<\/span><\/p>\n<p><b><span data-contrast=\"none\">La Fiscal\u00eda habla con resultados.\u00a0<\/span><\/b><span data-ccp-props=\"{&quot;335551550&quot;:2,&quot;335551620&quot;:2,&quot;335559737&quot;:1,&quot;335559739&quot;:240,&quot;469777462&quot;:[9071],&quot;469777927&quot;:[0],&quot;469777928&quot;:[1]}\">\u00a0<\/span><\/p>\n<p>&nbsp;<\/p>\n<p>&nbsp;<\/p>\n<p>&nbsp;<\/p>\n<p><span data-contrast=\"none\">LAGP\/JARG\/AGRJD\/UFDCSJ\/MRC<\/span><span data-ccp-props=\"{&quot;335551550&quot;:3,&quot;335551620&quot;:3,&quot;335559737&quot;:1,&quot;469777462&quot;:[9781],&quot;469777927&quot;:[0],&quot;469777928&quot;:[1]}\">\u00a0<\/span><\/p>\n<p>&nbsp;<\/p>\n<p>&nbsp;<\/p>\n<p>&nbsp;<\/p>\n<p><i>La informaci\u00f3n contenida en este bolet\u00edn de prensa corresponde a la narraci\u00f3n de los hechos noticiosos objetivos, suministrados por los funcionarios encargados de adelantar las investigaciones penales al interior de la Fiscal\u00eda General de la Naci\u00f3n. Para el momento de la divulgaci\u00f3n de este comunicado, la situaci\u00f3n jur\u00eddica de la(s) persona(s) relacionada(s) se encuentra pendiente de resolver por la autoridad judicial competente, siempre bajo los preceptos de la presunci\u00f3n de inocencia, consagrados en el art\u00edculo 29 de la Constituci\u00f3n Pol\u00edtica y el art\u00edculo 7\u00ba de la Ley 906 de 2004.<\/i><\/p>\n\n<div class=\"twitter-share\"><a href=\"https:\/\/twitter.com\/intent\/tweet?via=fiscaliacol\" class=\"twitter-share-button\">Tweet<\/a><\/div>\n","protected":false},"excerpt":{"rendered":"<p>En el ejercicio de sus cargos y funciones habr\u00edan favorecido econ\u00f3micamente a la concesionaria\u00a0\u00a0 contratista al flexibilizar condiciones t\u00e9cnicas y financieras.\u00a0\u00a0\u00a0 La Fiscal\u00eda General de la Naci\u00f3n imput\u00f3 a tres exdirectivos de la Agencia Nacional de Infraestructura (ANI) como presuntos responsables del delito de inter\u00e9s indebido en la celebraci\u00f3n de contratos.\u00a0 Se trata del vicepresidente [&hellip;]<\/p>\n","protected":false},"author":178,"featured_media":0,"comment_status":"closed","ping_status":"open","sticky":false,"template":"","format":"standard","meta":{"tdm_status":"","tdm_grid_status":"","footnotes":""},"categories":[1],"tags":[33862,24185,1047,25949],"class_list":{"0":"post-281098","1":"post","2":"type-post","3":"status-publish","4":"format-standard","6":"category-noticias","7":"tag-bogota-d-c","8":"tag-fiscal-barbosa","9":"tag-fiscalia-general-de-la-nacion","10":"tag-odebrecht"},"yoast_head":"<!-- This site is optimized with the Yoast SEO plugin v24.3 - https:\/\/yoast.com\/wordpress\/plugins\/seo\/ -->\n<title>Fiscal\u00eda General de la Naci\u00f3n<\/title>\n<meta name=\"description\" content=\"P\u00e1gina oficial de la Fiscal\u00eda General de la Naci\u00f3n \u2013 Colombia. Garantizamos el acceso efectivo a la justicia, la verdad y la reparaci\u00f3n de las v\u00edctimas de los delitos.\" \/>\n<meta name=\"robots\" content=\"noindex, follow\" \/>\n<meta property=\"og:locale\" content=\"es_ES\" \/>\n<meta property=\"og:type\" content=\"article\" \/>\n<meta property=\"og:title\" content=\"Fiscal\u00eda General de la Naci\u00f3n\" \/>\n<meta property=\"og:description\" content=\"P\u00e1gina oficial de la Fiscal\u00eda General de la Naci\u00f3n \u2013 Colombia. Garantizamos el acceso efectivo a la justicia, la verdad y la reparaci\u00f3n de las v\u00edctimas de los delitos.\" \/>\n<meta property=\"og:url\" content=\"https:\/\/www.fiscalia.gov.co\/colombia\/noticias\/fiscalia-imputa-a-exdirectivos-de-la-ani-por-su-posible-responsabilidad-en-el-tramite-y-aprobacion-irregular-de-varias-adiciones-al-contrato-de-ruta-del-sol-ii\/\" \/>\n<meta property=\"og:site_name\" content=\"Fiscal\u00eda General de la Naci\u00f3n\" \/>\n<meta property=\"article:publisher\" content=\"https:\/\/www.facebook.com\/FiscaliaCol\" \/>\n<meta property=\"article:published_time\" content=\"2023-10-09T19:24:55+00:00\" \/>\n<meta name=\"author\" content=\"Winnie Geraldine Rodr\u00edguez Navarrete\" \/>\n<meta name=\"twitter:card\" content=\"summary_large_image\" \/>\n<meta name=\"twitter:creator\" content=\"@FiscaliaCol\" \/>\n<meta name=\"twitter:site\" content=\"@FiscaliaCol\" \/>\n<meta name=\"twitter:label1\" content=\"Escrito por\" \/>\n\t<meta name=\"twitter:data1\" content=\"Winnie Geraldine Rodr\u00edguez Navarrete\" \/>\n\t<meta name=\"twitter:label2\" content=\"Tiempo de lectura\" \/>\n\t<meta name=\"twitter:data2\" content=\"2 minutos\" \/>\n<script type=\"application\/ld+json\" class=\"yoast-schema-graph\">{\"@context\":\"https:\/\/schema.org\",\"@graph\":[{\"@type\":\"Article\",\"@id\":\"https:\/\/www.fiscalia.gov.co\/colombia\/noticias\/fiscalia-imputa-a-exdirectivos-de-la-ani-por-su-posible-responsabilidad-en-el-tramite-y-aprobacion-irregular-de-varias-adiciones-al-contrato-de-ruta-del-sol-ii\/#article\",\"isPartOf\":{\"@id\":\"https:\/\/www.fiscalia.gov.co\/colombia\/noticias\/fiscalia-imputa-a-exdirectivos-de-la-ani-por-su-posible-responsabilidad-en-el-tramite-y-aprobacion-irregular-de-varias-adiciones-al-contrato-de-ruta-del-sol-ii\/\"},\"author\":{\"name\":\"Winnie Geraldine Rodr\u00edguez Navarrete\",\"@id\":\"https:\/\/www.fiscalia.gov.co\/colombia\/#\/schema\/person\/176195b99ebab0a52aafa15197e1bf80\"},\"headline\":\"Fiscal\u00eda imputa a exdirectivos de la ANI por su posible responsabilidad en el tr\u00e1mite y aprobaci\u00f3n irregular de varias adiciones al contrato de \u2018Ruta del Sol II\u2019\",\"datePublished\":\"2023-10-09T19:24:55+00:00\",\"dateModified\":\"2023-10-09T19:24:55+00:00\",\"mainEntityOfPage\":{\"@id\":\"https:\/\/www.fiscalia.gov.co\/colombia\/noticias\/fiscalia-imputa-a-exdirectivos-de-la-ani-por-su-posible-responsabilidad-en-el-tramite-y-aprobacion-irregular-de-varias-adiciones-al-contrato-de-ruta-del-sol-ii\/\"},\"wordCount\":473,\"publisher\":{\"@id\":\"https:\/\/www.fiscalia.gov.co\/colombia\/#organization\"},\"keywords\":[\"Bogot\u00e1 D.C.\",\"Fiscal Barbosa\",\"Fiscal\u00eda General de la Naci\u00f3n\",\"Odebrecht\"],\"articleSection\":[\"Noticias\"],\"inLanguage\":\"es-CO\"},{\"@type\":\"WebPage\",\"@id\":\"https:\/\/www.fiscalia.gov.co\/colombia\/noticias\/fiscalia-imputa-a-exdirectivos-de-la-ani-por-su-posible-responsabilidad-en-el-tramite-y-aprobacion-irregular-de-varias-adiciones-al-contrato-de-ruta-del-sol-ii\/\",\"url\":\"https:\/\/www.fiscalia.gov.co\/colombia\/noticias\/fiscalia-imputa-a-exdirectivos-de-la-ani-por-su-posible-responsabilidad-en-el-tramite-y-aprobacion-irregular-de-varias-adiciones-al-contrato-de-ruta-del-sol-ii\/\",\"name\":\"Fiscal\u00eda General de la Naci\u00f3n\",\"isPartOf\":{\"@id\":\"https:\/\/www.fiscalia.gov.co\/colombia\/#website\"},\"datePublished\":\"2023-10-09T19:24:55+00:00\",\"dateModified\":\"2023-10-09T19:24:55+00:00\",\"description\":\"P\u00e1gina oficial de la Fiscal\u00eda General de la Naci\u00f3n \u2013 Colombia. Garantizamos el acceso efectivo a la justicia, la verdad y la reparaci\u00f3n de las v\u00edctimas de los delitos.\",\"breadcrumb\":{\"@id\":\"https:\/\/www.fiscalia.gov.co\/colombia\/noticias\/fiscalia-imputa-a-exdirectivos-de-la-ani-por-su-posible-responsabilidad-en-el-tramite-y-aprobacion-irregular-de-varias-adiciones-al-contrato-de-ruta-del-sol-ii\/#breadcrumb\"},\"inLanguage\":\"es-CO\",\"potentialAction\":[{\"@type\":\"ReadAction\",\"target\":[\"https:\/\/www.fiscalia.gov.co\/colombia\/noticias\/fiscalia-imputa-a-exdirectivos-de-la-ani-por-su-posible-responsabilidad-en-el-tramite-y-aprobacion-irregular-de-varias-adiciones-al-contrato-de-ruta-del-sol-ii\/\"]}]},{\"@type\":\"BreadcrumbList\",\"@id\":\"https:\/\/www.fiscalia.gov.co\/colombia\/noticias\/fiscalia-imputa-a-exdirectivos-de-la-ani-por-su-posible-responsabilidad-en-el-tramite-y-aprobacion-irregular-de-varias-adiciones-al-contrato-de-ruta-del-sol-ii\/#breadcrumb\",\"itemListElement\":[{\"@type\":\"ListItem\",\"position\":1,\"name\":\"Home\",\"item\":\"https:\/\/www.fiscalia.gov.co\/colombia\/\"},{\"@type\":\"ListItem\",\"position\":2,\"name\":\"Fiscal\u00eda imputa a exdirectivos de la ANI por su posible responsabilidad en el tr\u00e1mite y aprobaci\u00f3n irregular de varias adiciones al contrato de \u2018Ruta del Sol II\u2019\"}]},{\"@type\":\"WebSite\",\"@id\":\"https:\/\/www.fiscalia.gov.co\/colombia\/#website\",\"url\":\"https:\/\/www.fiscalia.gov.co\/colombia\/\",\"name\":\"Fiscal\u00eda General de la Naci\u00f3n\",\"description\":\"P\u00e1gina oficial de la Fiscal\u00eda General de la Naci\u00f3n \u2013 Colombia. Garantizamos el acceso efectivo a la justicia, la verdad y la reparaci\u00f3n de las v\u00edctimas de los delitos.\",\"publisher\":{\"@id\":\"https:\/\/www.fiscalia.gov.co\/colombia\/#organization\"},\"potentialAction\":[{\"@type\":\"SearchAction\",\"target\":{\"@type\":\"EntryPoint\",\"urlTemplate\":\"https:\/\/www.fiscalia.gov.co\/colombia\/?s={search_term_string}\"},\"query-input\":{\"@type\":\"PropertyValueSpecification\",\"valueRequired\":true,\"valueName\":\"search_term_string\"}}],\"inLanguage\":\"es-CO\"},{\"@type\":\"Organization\",\"@id\":\"https:\/\/www.fiscalia.gov.co\/colombia\/#organization\",\"name\":\"Fiscal\u00eda General de la Naci\u00f3n\",\"url\":\"https:\/\/www.fiscalia.gov.co\/colombia\/\",\"logo\":{\"@type\":\"ImageObject\",\"inLanguage\":\"es-CO\",\"@id\":\"https:\/\/www.fiscalia.gov.co\/colombia\/#\/schema\/logo\/image\/\",\"url\":\"https:\/\/www.fiscalia.gov.co\/colombia\/wp-content\/uploads\/LogoHorizontal_1.jpg\",\"contentUrl\":\"https:\/\/www.fiscalia.gov.co\/colombia\/wp-content\/uploads\/LogoHorizontal_1.jpg\",\"width\":300,\"height\":90,\"caption\":\"Fiscal\u00eda General de la Naci\u00f3n\"},\"image\":{\"@id\":\"https:\/\/www.fiscalia.gov.co\/colombia\/#\/schema\/logo\/image\/\"},\"sameAs\":[\"https:\/\/www.facebook.com\/FiscaliaCol\",\"https:\/\/x.com\/FiscaliaCol\",\"https:\/\/www.instagram.com\/fiscaliacol\",\"https:\/\/www.linkedin.com\/company\/fiscalia-general-de-la-naci-n\/\",\"https:\/\/youtube.com\/@fiscaliageneraldelanacion-4668?si=6nN79nyQICPU5iTh\"]},{\"@type\":\"Person\",\"@id\":\"https:\/\/www.fiscalia.gov.co\/colombia\/#\/schema\/person\/176195b99ebab0a52aafa15197e1bf80\",\"name\":\"Winnie Geraldine Rodr\u00edguez Navarrete\",\"image\":{\"@type\":\"ImageObject\",\"inLanguage\":\"es-CO\",\"@id\":\"https:\/\/www.fiscalia.gov.co\/colombia\/#\/schema\/person\/image\/\",\"url\":\"https:\/\/secure.gravatar.com\/avatar\/c24cf8481dc84fa5e8c7b20bc95ab0c6?s=96&d=mm&r=g\",\"contentUrl\":\"https:\/\/secure.gravatar.com\/avatar\/c24cf8481dc84fa5e8c7b20bc95ab0c6?s=96&d=mm&r=g\",\"caption\":\"Winnie Geraldine Rodr\u00edguez Navarrete\"},\"url\":\"https:\/\/www.fiscalia.gov.co\/colombia\/author\/winnierodriguez\/\"}]}<\/script>\n<!-- \/ Yoast SEO plugin. -->","yoast_head_json":{"title":"Fiscal\u00eda General de la Naci\u00f3n","description":"P\u00e1gina oficial de la Fiscal\u00eda General de la Naci\u00f3n \u2013 Colombia. Garantizamos el acceso efectivo a la justicia, la verdad y la reparaci\u00f3n de las v\u00edctimas de los delitos.","robots":{"index":"noindex","follow":"follow"},"og_locale":"es_ES","og_type":"article","og_title":"Fiscal\u00eda General de la Naci\u00f3n","og_description":"P\u00e1gina oficial de la Fiscal\u00eda General de la Naci\u00f3n \u2013 Colombia. Garantizamos el acceso efectivo a la justicia, la verdad y la reparaci\u00f3n de las v\u00edctimas de los delitos.","og_url":"https:\/\/www.fiscalia.gov.co\/colombia\/noticias\/fiscalia-imputa-a-exdirectivos-de-la-ani-por-su-posible-responsabilidad-en-el-tramite-y-aprobacion-irregular-de-varias-adiciones-al-contrato-de-ruta-del-sol-ii\/","og_site_name":"Fiscal\u00eda General de la Naci\u00f3n","article_publisher":"https:\/\/www.facebook.com\/FiscaliaCol","article_published_time":"2023-10-09T19:24:55+00:00","author":"Winnie Geraldine Rodr\u00edguez Navarrete","twitter_card":"summary_large_image","twitter_creator":"@FiscaliaCol","twitter_site":"@FiscaliaCol","twitter_misc":{"Escrito por":"Winnie Geraldine Rodr\u00edguez Navarrete","Tiempo de lectura":"2 minutos"},"schema":{"@context":"https:\/\/schema.org","@graph":[{"@type":"Article","@id":"https:\/\/www.fiscalia.gov.co\/colombia\/noticias\/fiscalia-imputa-a-exdirectivos-de-la-ani-por-su-posible-responsabilidad-en-el-tramite-y-aprobacion-irregular-de-varias-adiciones-al-contrato-de-ruta-del-sol-ii\/#article","isPartOf":{"@id":"https:\/\/www.fiscalia.gov.co\/colombia\/noticias\/fiscalia-imputa-a-exdirectivos-de-la-ani-por-su-posible-responsabilidad-en-el-tramite-y-aprobacion-irregular-de-varias-adiciones-al-contrato-de-ruta-del-sol-ii\/"},"author":{"name":"Winnie Geraldine Rodr\u00edguez Navarrete","@id":"https:\/\/www.fiscalia.gov.co\/colombia\/#\/schema\/person\/176195b99ebab0a52aafa15197e1bf80"},"headline":"Fiscal\u00eda imputa a exdirectivos de la ANI por su posible responsabilidad en el tr\u00e1mite y aprobaci\u00f3n irregular de varias adiciones al contrato de \u2018Ruta del Sol II\u2019","datePublished":"2023-10-09T19:24:55+00:00","dateModified":"2023-10-09T19:24:55+00:00","mainEntityOfPage":{"@id":"https:\/\/www.fiscalia.gov.co\/colombia\/noticias\/fiscalia-imputa-a-exdirectivos-de-la-ani-por-su-posible-responsabilidad-en-el-tramite-y-aprobacion-irregular-de-varias-adiciones-al-contrato-de-ruta-del-sol-ii\/"},"wordCount":473,"publisher":{"@id":"https:\/\/www.fiscalia.gov.co\/colombia\/#organization"},"keywords":["Bogot\u00e1 D.C.","Fiscal Barbosa","Fiscal\u00eda General de la Naci\u00f3n","Odebrecht"],"articleSection":["Noticias"],"inLanguage":"es-CO"},{"@type":"WebPage","@id":"https:\/\/www.fiscalia.gov.co\/colombia\/noticias\/fiscalia-imputa-a-exdirectivos-de-la-ani-por-su-posible-responsabilidad-en-el-tramite-y-aprobacion-irregular-de-varias-adiciones-al-contrato-de-ruta-del-sol-ii\/","url":"https:\/\/www.fiscalia.gov.co\/colombia\/noticias\/fiscalia-imputa-a-exdirectivos-de-la-ani-por-su-posible-responsabilidad-en-el-tramite-y-aprobacion-irregular-de-varias-adiciones-al-contrato-de-ruta-del-sol-ii\/","name":"Fiscal\u00eda General de la Naci\u00f3n","isPartOf":{"@id":"https:\/\/www.fiscalia.gov.co\/colombia\/#website"},"datePublished":"2023-10-09T19:24:55+00:00","dateModified":"2023-10-09T19:24:55+00:00","description":"P\u00e1gina oficial de la Fiscal\u00eda General de la Naci\u00f3n \u2013 Colombia. Garantizamos el acceso efectivo a la justicia, la verdad y la reparaci\u00f3n de las v\u00edctimas de los delitos.","breadcrumb":{"@id":"https:\/\/www.fiscalia.gov.co\/colombia\/noticias\/fiscalia-imputa-a-exdirectivos-de-la-ani-por-su-posible-responsabilidad-en-el-tramite-y-aprobacion-irregular-de-varias-adiciones-al-contrato-de-ruta-del-sol-ii\/#breadcrumb"},"inLanguage":"es-CO","potentialAction":[{"@type":"ReadAction","target":["https:\/\/www.fiscalia.gov.co\/colombia\/noticias\/fiscalia-imputa-a-exdirectivos-de-la-ani-por-su-posible-responsabilidad-en-el-tramite-y-aprobacion-irregular-de-varias-adiciones-al-contrato-de-ruta-del-sol-ii\/"]}]},{"@type":"BreadcrumbList","@id":"https:\/\/www.fiscalia.gov.co\/colombia\/noticias\/fiscalia-imputa-a-exdirectivos-de-la-ani-por-su-posible-responsabilidad-en-el-tramite-y-aprobacion-irregular-de-varias-adiciones-al-contrato-de-ruta-del-sol-ii\/#breadcrumb","itemListElement":[{"@type":"ListItem","position":1,"name":"Home","item":"https:\/\/www.fiscalia.gov.co\/colombia\/"},{"@type":"ListItem","position":2,"name":"Fiscal\u00eda imputa a exdirectivos de la ANI por su posible responsabilidad en el tr\u00e1mite y aprobaci\u00f3n irregular de varias adiciones al contrato de \u2018Ruta del Sol II\u2019"}]},{"@type":"WebSite","@id":"https:\/\/www.fiscalia.gov.co\/colombia\/#website","url":"https:\/\/www.fiscalia.gov.co\/colombia\/","name":"Fiscal\u00eda General de la Naci\u00f3n","description":"P\u00e1gina oficial de la Fiscal\u00eda General de la Naci\u00f3n \u2013 Colombia. Garantizamos el acceso efectivo a la justicia, la verdad y la reparaci\u00f3n de las v\u00edctimas de los delitos.","publisher":{"@id":"https:\/\/www.fiscalia.gov.co\/colombia\/#organization"},"potentialAction":[{"@type":"SearchAction","target":{"@type":"EntryPoint","urlTemplate":"https:\/\/www.fiscalia.gov.co\/colombia\/?s={search_term_string}"},"query-input":{"@type":"PropertyValueSpecification","valueRequired":true,"valueName":"search_term_string"}}],"inLanguage":"es-CO"},{"@type":"Organization","@id":"https:\/\/www.fiscalia.gov.co\/colombia\/#organization","name":"Fiscal\u00eda General de la Naci\u00f3n","url":"https:\/\/www.fiscalia.gov.co\/colombia\/","logo":{"@type":"ImageObject","inLanguage":"es-CO","@id":"https:\/\/www.fiscalia.gov.co\/colombia\/#\/schema\/logo\/image\/","url":"https:\/\/www.fiscalia.gov.co\/colombia\/wp-content\/uploads\/LogoHorizontal_1.jpg","contentUrl":"https:\/\/www.fiscalia.gov.co\/colombia\/wp-content\/uploads\/LogoHorizontal_1.jpg","width":300,"height":90,"caption":"Fiscal\u00eda General de la Naci\u00f3n"},"image":{"@id":"https:\/\/www.fiscalia.gov.co\/colombia\/#\/schema\/logo\/image\/"},"sameAs":["https:\/\/www.facebook.com\/FiscaliaCol","https:\/\/x.com\/FiscaliaCol","https:\/\/www.instagram.com\/fiscaliacol","https:\/\/www.linkedin.com\/company\/fiscalia-general-de-la-naci-n\/","https:\/\/youtube.com\/@fiscaliageneraldelanacion-4668?si=6nN79nyQICPU5iTh"]},{"@type":"Person","@id":"https:\/\/www.fiscalia.gov.co\/colombia\/#\/schema\/person\/176195b99ebab0a52aafa15197e1bf80","name":"Winnie Geraldine Rodr\u00edguez Navarrete","image":{"@type":"ImageObject","inLanguage":"es-CO","@id":"https:\/\/www.fiscalia.gov.co\/colombia\/#\/schema\/person\/image\/","url":"https:\/\/secure.gravatar.com\/avatar\/c24cf8481dc84fa5e8c7b20bc95ab0c6?s=96&d=mm&r=g","contentUrl":"https:\/\/secure.gravatar.com\/avatar\/c24cf8481dc84fa5e8c7b20bc95ab0c6?s=96&d=mm&r=g","caption":"Winnie Geraldine Rodr\u00edguez Navarrete"},"url":"https:\/\/www.fiscalia.gov.co\/colombia\/author\/winnierodriguez\/"}]}},"_links":{"self":[{"href":"https:\/\/www.fiscalia.gov.co\/colombia\/wp-json\/wp\/v2\/posts\/281098","targetHints":{"allow":["GET"]}}],"collection":[{"href":"https:\/\/www.fiscalia.gov.co\/colombia\/wp-json\/wp\/v2\/posts"}],"about":[{"href":"https:\/\/www.fiscalia.gov.co\/colombia\/wp-json\/wp\/v2\/types\/post"}],"author":[{"embeddable":true,"href":"https:\/\/www.fiscalia.gov.co\/colombia\/wp-json\/wp\/v2\/users\/178"}],"replies":[{"embeddable":true,"href":"https:\/\/www.fiscalia.gov.co\/colombia\/wp-json\/wp\/v2\/comments?post=281098"}],"version-history":[{"count":1,"href":"https:\/\/www.fiscalia.gov.co\/colombia\/wp-json\/wp\/v2\/posts\/281098\/revisions"}],"predecessor-version":[{"id":281099,"href":"https:\/\/www.fiscalia.gov.co\/colombia\/wp-json\/wp\/v2\/posts\/281098\/revisions\/281099"}],"wp:attachment":[{"href":"https:\/\/www.fiscalia.gov.co\/colombia\/wp-json\/wp\/v2\/media?parent=281098"}],"wp:term":[{"taxonomy":"category","embeddable":true,"href":"https:\/\/www.fiscalia.gov.co\/colombia\/wp-json\/wp\/v2\/categories?post=281098"},{"taxonomy":"post_tag","embeddable":true,"href":"https:\/\/www.fiscalia.gov.co\/colombia\/wp-json\/wp\/v2\/tags?post=281098"}],"curies":[{"name":"wp","href":"https:\/\/api.w.org\/{rel}","templated":true}]}}