{"id":280942,"date":"2023-10-06T08:43:21","date_gmt":"2023-10-06T13:43:21","guid":{"rendered":"https:\/\/www.fiscalia.gov.co\/colombia\/?p=280942"},"modified":"2023-10-06T08:43:21","modified_gmt":"2023-10-06T13:43:21","slug":"fiscalia-radica-escrito-de-acusacion-contra-la-exministra-de-transporte-cecilia-alvarez-por-presuntamente-desplegar-acciones-que-permitieron-la-ejecucion-de-dos-modificaciones-irregulares-al-contrato","status":"publish","type":"post","link":"https:\/\/www.fiscalia.gov.co\/colombia\/noticias\/fiscalia-radica-escrito-de-acusacion-contra-la-exministra-de-transporte-cecilia-alvarez-por-presuntamente-desplegar-acciones-que-permitieron-la-ejecucion-de-dos-modificaciones-irregulares-al-contrato\/","title":{"rendered":"Fiscal\u00eda radica escrito de acusaci\u00f3n contra la exministra de transporte Cecilia \u00c1lvarez por presuntamente desplegar acciones que permitieron la ejecuci\u00f3n de dos modificaciones irregulares al contrato vial \u2018Ruta del Sol II\u2019"},"content":{"rendered":"<h4><em><strong>Como m\u00e1xima autoridad del sector transporte habr\u00eda permitido que la ANI modificara el contrato de concesi\u00f3n original, desnaturalizando su objeto inicial y desconociendo que las obras adicionales se deb\u00edan adelantar por licitaci\u00f3n p\u00fablica.<\/strong> <\/em><\/h4>\n<p>Un fiscal delegado ante la Corte Suprema de Justicia radic\u00f3 escrito de acusaci\u00f3n en contra de la exministra de Transporte, Cecilia Elvira \u00c1lvarez &#8211; Correa Glen, como presunta responsable de viabilizar la ejecuci\u00f3n irregular de los otros\u00edes 3 y 6 al contrato \u2018Ruta del Sol II\u2019, los cuales adicionaron el tramo Oca\u00f1a \u2013 Gamarra al proyecto vial.<\/p>\n<p>La exfuncionaria habr\u00eda desconocido las normas contractuales, la jurisprudencia y un concepto de la Sala de Consulta del Consejo de Estado.<\/p>\n<p>Seg\u00fan el escrito de acusaci\u00f3n, la exministra no impidi\u00f3 que la Agencia Nacional de Infraestructura (ANI), entidad adscrita al Ministerio de Transporte, realizara dos adiciones improcedentes que permitieron al Consorcio Ruta del Sol, del que hac\u00eda parte Odebrecht, asumir la construcci\u00f3n del nuevo trayecto sin que mediara un proceso de contrataci\u00f3n en el que concurrieran varios oferentes.<\/p>\n<p>Por lo anterior, la Fiscal\u00eda considera que la exministra de Transporte ser\u00eda responsable del delito de inter\u00e9s indebido en la celebraci\u00f3n de contratos. La audiencia de acusaci\u00f3n ser\u00e1 programada en la fecha que fije la Sala Especial de Primera Instancia de la Corte Suprema de Justicia.<\/p>\n<p>Esta informaci\u00f3n se publica por razones de inter\u00e9s general.<\/p>\n<p><strong><u>La Fiscal\u00eda habla con resultados.<\/u><\/strong><\/p>\n<p>&nbsp;<\/p>\n<p>&nbsp;<\/p>\n<p>&nbsp;<\/p>\n<p>&nbsp;<\/p>\n<p>&nbsp;<\/p>\n<p>&nbsp;<\/p>\n<p>JARG\/GRJD\/UFDCSJ\/MRC.<\/p>\n<p>&nbsp;<\/p>\n<p>&nbsp;<\/p>\n<p>&nbsp;<\/p>\n<p>&nbsp;<\/p>\n<p>&nbsp;<\/p>\n<p>&nbsp;<\/p>\n<div class=\"td-post-content tagdiv-type\">\n<p><i>La informaci\u00f3n contenida en este bolet\u00edn de prensa corresponde a la narraci\u00f3n de los hechos noticiosos objetivos, suministrados por los funcionarios encargados de adelantar las investigaciones penales al interior de la Fiscal\u00eda General de la Naci\u00f3n. Para el momento de la divulgaci\u00f3n de este comunicado, la situaci\u00f3n jur\u00eddica de la(s) persona(s) relacionada(s) se encuentra pendiente de resolver por la autoridad judicial competente, siempre bajo los preceptos de la presunci\u00f3n de inocencia, consagrados en el art\u00edculo 29 de la Constituci\u00f3n Pol\u00edtica y el art\u00edculo 7\u00ba de la Ley 906 de 2004.\u00a0<\/i><\/p>\n<\/div>\n\n<div class=\"twitter-share\"><a href=\"https:\/\/twitter.com\/intent\/tweet?via=fiscaliacol\" class=\"twitter-share-button\">Tweet<\/a><\/div>\n","protected":false},"excerpt":{"rendered":"<p>Como m\u00e1xima autoridad del sector transporte habr\u00eda permitido que la ANI modificara el contrato de concesi\u00f3n original, desnaturalizando su objeto inicial y desconociendo que las obras adicionales se deb\u00edan adelantar por licitaci\u00f3n p\u00fablica. Un fiscal delegado ante la Corte Suprema de Justicia radic\u00f3 escrito de acusaci\u00f3n en contra de la exministra de Transporte, Cecilia Elvira [&hellip;]<\/p>\n","protected":false},"author":177,"featured_media":0,"comment_status":"closed","ping_status":"open","sticky":false,"template":"","format":"standard","meta":{"tdm_status":"","tdm_grid_status":"","footnotes":""},"categories":[1],"tags":[35830,2289,35829,24185,1047,4326,34066,13626],"class_list":{"0":"post-280942","1":"post","2":"type-post","3":"status-publish","4":"format-standard","6":"category-noticias","7":"tag-cecilia-alvarez","8":"tag-contratacion","9":"tag-exministra","10":"tag-fiscal-barbosa","11":"tag-fiscalia-general-de-la-nacion","12":"tag-irregularidades","13":"tag-ruta-del-sol-ii","14":"tag-transporte"},"yoast_head":"<!-- This site is optimized with the Yoast SEO plugin v24.3 - https:\/\/yoast.com\/wordpress\/plugins\/seo\/ -->\n<title>Fiscal\u00eda General de la Naci\u00f3n<\/title>\n<meta name=\"description\" content=\"P\u00e1gina oficial de la Fiscal\u00eda General de la Naci\u00f3n \u2013 Colombia. Garantizamos el acceso efectivo a la justicia, la verdad y la reparaci\u00f3n de las v\u00edctimas de los delitos.\" \/>\n<meta name=\"robots\" content=\"noindex, follow\" \/>\n<meta property=\"og:locale\" content=\"es_ES\" \/>\n<meta property=\"og:type\" content=\"article\" \/>\n<meta property=\"og:title\" content=\"Fiscal\u00eda General de la Naci\u00f3n\" \/>\n<meta property=\"og:description\" content=\"P\u00e1gina oficial de la Fiscal\u00eda General de la Naci\u00f3n \u2013 Colombia. Garantizamos el acceso efectivo a la justicia, la verdad y la reparaci\u00f3n de las v\u00edctimas de los delitos.\" \/>\n<meta property=\"og:url\" content=\"https:\/\/www.fiscalia.gov.co\/colombia\/noticias\/fiscalia-radica-escrito-de-acusacion-contra-la-exministra-de-transporte-cecilia-alvarez-por-presuntamente-desplegar-acciones-que-permitieron-la-ejecucion-de-dos-modificaciones-irregulares-al-contrato\/\" \/>\n<meta property=\"og:site_name\" content=\"Fiscal\u00eda General de la Naci\u00f3n\" \/>\n<meta property=\"article:publisher\" content=\"https:\/\/www.facebook.com\/FiscaliaCol\" \/>\n<meta property=\"article:published_time\" content=\"2023-10-06T13:43:21+00:00\" \/>\n<meta name=\"author\" content=\"Jordan Leandro Oviedo Anzola\" \/>\n<meta name=\"twitter:card\" content=\"summary_large_image\" \/>\n<meta name=\"twitter:creator\" content=\"@FiscaliaCol\" \/>\n<meta name=\"twitter:site\" content=\"@FiscaliaCol\" \/>\n<meta name=\"twitter:label1\" content=\"Escrito por\" \/>\n\t<meta name=\"twitter:data1\" content=\"Jordan Leandro Oviedo Anzola\" \/>\n\t<meta name=\"twitter:label2\" content=\"Tiempo de lectura\" \/>\n\t<meta name=\"twitter:data2\" content=\"2 minutos\" \/>\n<script type=\"application\/ld+json\" class=\"yoast-schema-graph\">{\"@context\":\"https:\/\/schema.org\",\"@graph\":[{\"@type\":\"Article\",\"@id\":\"https:\/\/www.fiscalia.gov.co\/colombia\/noticias\/fiscalia-radica-escrito-de-acusacion-contra-la-exministra-de-transporte-cecilia-alvarez-por-presuntamente-desplegar-acciones-que-permitieron-la-ejecucion-de-dos-modificaciones-irregulares-al-contrato\/#article\",\"isPartOf\":{\"@id\":\"https:\/\/www.fiscalia.gov.co\/colombia\/noticias\/fiscalia-radica-escrito-de-acusacion-contra-la-exministra-de-transporte-cecilia-alvarez-por-presuntamente-desplegar-acciones-que-permitieron-la-ejecucion-de-dos-modificaciones-irregulares-al-contrato\/\"},\"author\":{\"name\":\"Jordan Leandro Oviedo Anzola\",\"@id\":\"https:\/\/www.fiscalia.gov.co\/colombia\/#\/schema\/person\/bf84402cf293a5393e9c70b111020b24\"},\"headline\":\"Fiscal\u00eda radica escrito de acusaci\u00f3n contra la exministra de transporte Cecilia \u00c1lvarez por presuntamente desplegar acciones que permitieron la ejecuci\u00f3n de dos modificaciones irregulares al contrato vial \u2018Ruta del Sol II\u2019\",\"datePublished\":\"2023-10-06T13:43:21+00:00\",\"dateModified\":\"2023-10-06T13:43:21+00:00\",\"mainEntityOfPage\":{\"@id\":\"https:\/\/www.fiscalia.gov.co\/colombia\/noticias\/fiscalia-radica-escrito-de-acusacion-contra-la-exministra-de-transporte-cecilia-alvarez-por-presuntamente-desplegar-acciones-que-permitieron-la-ejecucion-de-dos-modificaciones-irregulares-al-contrato\/\"},\"wordCount\":401,\"publisher\":{\"@id\":\"https:\/\/www.fiscalia.gov.co\/colombia\/#organization\"},\"keywords\":[\"cecilia alvarez\",\"Contrataci\u00f3n\",\"exministra\",\"Fiscal Barbosa\",\"Fiscal\u00eda General de la Naci\u00f3n\",\"Irregularidades\",\"Ruta del Sol II\",\"Transporte\"],\"articleSection\":[\"Noticias\"],\"inLanguage\":\"es-CO\"},{\"@type\":\"WebPage\",\"@id\":\"https:\/\/www.fiscalia.gov.co\/colombia\/noticias\/fiscalia-radica-escrito-de-acusacion-contra-la-exministra-de-transporte-cecilia-alvarez-por-presuntamente-desplegar-acciones-que-permitieron-la-ejecucion-de-dos-modificaciones-irregulares-al-contrato\/\",\"url\":\"https:\/\/www.fiscalia.gov.co\/colombia\/noticias\/fiscalia-radica-escrito-de-acusacion-contra-la-exministra-de-transporte-cecilia-alvarez-por-presuntamente-desplegar-acciones-que-permitieron-la-ejecucion-de-dos-modificaciones-irregulares-al-contrato\/\",\"name\":\"Fiscal\u00eda General de la Naci\u00f3n\",\"isPartOf\":{\"@id\":\"https:\/\/www.fiscalia.gov.co\/colombia\/#website\"},\"datePublished\":\"2023-10-06T13:43:21+00:00\",\"dateModified\":\"2023-10-06T13:43:21+00:00\",\"description\":\"P\u00e1gina oficial de la Fiscal\u00eda General de la Naci\u00f3n \u2013 Colombia. Garantizamos el acceso efectivo a la justicia, la verdad y la reparaci\u00f3n de las v\u00edctimas de los delitos.\",\"breadcrumb\":{\"@id\":\"https:\/\/www.fiscalia.gov.co\/colombia\/noticias\/fiscalia-radica-escrito-de-acusacion-contra-la-exministra-de-transporte-cecilia-alvarez-por-presuntamente-desplegar-acciones-que-permitieron-la-ejecucion-de-dos-modificaciones-irregulares-al-contrato\/#breadcrumb\"},\"inLanguage\":\"es-CO\",\"potentialAction\":[{\"@type\":\"ReadAction\",\"target\":[\"https:\/\/www.fiscalia.gov.co\/colombia\/noticias\/fiscalia-radica-escrito-de-acusacion-contra-la-exministra-de-transporte-cecilia-alvarez-por-presuntamente-desplegar-acciones-que-permitieron-la-ejecucion-de-dos-modificaciones-irregulares-al-contrato\/\"]}]},{\"@type\":\"BreadcrumbList\",\"@id\":\"https:\/\/www.fiscalia.gov.co\/colombia\/noticias\/fiscalia-radica-escrito-de-acusacion-contra-la-exministra-de-transporte-cecilia-alvarez-por-presuntamente-desplegar-acciones-que-permitieron-la-ejecucion-de-dos-modificaciones-irregulares-al-contrato\/#breadcrumb\",\"itemListElement\":[{\"@type\":\"ListItem\",\"position\":1,\"name\":\"Home\",\"item\":\"https:\/\/www.fiscalia.gov.co\/colombia\/\"},{\"@type\":\"ListItem\",\"position\":2,\"name\":\"Fiscal\u00eda radica escrito de acusaci\u00f3n contra la exministra de transporte Cecilia \u00c1lvarez por presuntamente desplegar acciones que permitieron la ejecuci\u00f3n de dos modificaciones irregulares al contrato vial \u2018Ruta del Sol II\u2019\"}]},{\"@type\":\"WebSite\",\"@id\":\"https:\/\/www.fiscalia.gov.co\/colombia\/#website\",\"url\":\"https:\/\/www.fiscalia.gov.co\/colombia\/\",\"name\":\"Fiscal\u00eda General de la Naci\u00f3n\",\"description\":\"P\u00e1gina oficial de la Fiscal\u00eda General de la Naci\u00f3n \u2013 Colombia. Garantizamos el acceso efectivo a la justicia, la verdad y la reparaci\u00f3n de las v\u00edctimas de los delitos.\",\"publisher\":{\"@id\":\"https:\/\/www.fiscalia.gov.co\/colombia\/#organization\"},\"potentialAction\":[{\"@type\":\"SearchAction\",\"target\":{\"@type\":\"EntryPoint\",\"urlTemplate\":\"https:\/\/www.fiscalia.gov.co\/colombia\/?s={search_term_string}\"},\"query-input\":{\"@type\":\"PropertyValueSpecification\",\"valueRequired\":true,\"valueName\":\"search_term_string\"}}],\"inLanguage\":\"es-CO\"},{\"@type\":\"Organization\",\"@id\":\"https:\/\/www.fiscalia.gov.co\/colombia\/#organization\",\"name\":\"Fiscal\u00eda General de la Naci\u00f3n\",\"url\":\"https:\/\/www.fiscalia.gov.co\/colombia\/\",\"logo\":{\"@type\":\"ImageObject\",\"inLanguage\":\"es-CO\",\"@id\":\"https:\/\/www.fiscalia.gov.co\/colombia\/#\/schema\/logo\/image\/\",\"url\":\"https:\/\/www.fiscalia.gov.co\/colombia\/wp-content\/uploads\/LogoHorizontal_1.jpg\",\"contentUrl\":\"https:\/\/www.fiscalia.gov.co\/colombia\/wp-content\/uploads\/LogoHorizontal_1.jpg\",\"width\":300,\"height\":90,\"caption\":\"Fiscal\u00eda General de la Naci\u00f3n\"},\"image\":{\"@id\":\"https:\/\/www.fiscalia.gov.co\/colombia\/#\/schema\/logo\/image\/\"},\"sameAs\":[\"https:\/\/www.facebook.com\/FiscaliaCol\",\"https:\/\/x.com\/FiscaliaCol\",\"https:\/\/www.instagram.com\/fiscaliacol\",\"https:\/\/www.linkedin.com\/company\/fiscalia-general-de-la-naci-n\/\",\"https:\/\/youtube.com\/@fiscaliageneraldelanacion-4668?si=6nN79nyQICPU5iTh\"]},{\"@type\":\"Person\",\"@id\":\"https:\/\/www.fiscalia.gov.co\/colombia\/#\/schema\/person\/bf84402cf293a5393e9c70b111020b24\",\"name\":\"Jordan Leandro Oviedo Anzola\",\"image\":{\"@type\":\"ImageObject\",\"inLanguage\":\"es-CO\",\"@id\":\"https:\/\/www.fiscalia.gov.co\/colombia\/#\/schema\/person\/image\/\",\"url\":\"https:\/\/secure.gravatar.com\/avatar\/dabba4346fa9b9207d96adafa8f92721?s=96&d=mm&r=g\",\"contentUrl\":\"https:\/\/secure.gravatar.com\/avatar\/dabba4346fa9b9207d96adafa8f92721?s=96&d=mm&r=g\",\"caption\":\"Jordan Leandro Oviedo Anzola\"},\"url\":\"https:\/\/www.fiscalia.gov.co\/colombia\/author\/joviedo\/\"}]}<\/script>\n<!-- \/ Yoast SEO plugin. -->","yoast_head_json":{"title":"Fiscal\u00eda General de la Naci\u00f3n","description":"P\u00e1gina oficial de la Fiscal\u00eda General de la Naci\u00f3n \u2013 Colombia. Garantizamos el acceso efectivo a la justicia, la verdad y la reparaci\u00f3n de las v\u00edctimas de los delitos.","robots":{"index":"noindex","follow":"follow"},"og_locale":"es_ES","og_type":"article","og_title":"Fiscal\u00eda General de la Naci\u00f3n","og_description":"P\u00e1gina oficial de la Fiscal\u00eda General de la Naci\u00f3n \u2013 Colombia. Garantizamos el acceso efectivo a la justicia, la verdad y la reparaci\u00f3n de las v\u00edctimas de los delitos.","og_url":"https:\/\/www.fiscalia.gov.co\/colombia\/noticias\/fiscalia-radica-escrito-de-acusacion-contra-la-exministra-de-transporte-cecilia-alvarez-por-presuntamente-desplegar-acciones-que-permitieron-la-ejecucion-de-dos-modificaciones-irregulares-al-contrato\/","og_site_name":"Fiscal\u00eda General de la Naci\u00f3n","article_publisher":"https:\/\/www.facebook.com\/FiscaliaCol","article_published_time":"2023-10-06T13:43:21+00:00","author":"Jordan Leandro Oviedo Anzola","twitter_card":"summary_large_image","twitter_creator":"@FiscaliaCol","twitter_site":"@FiscaliaCol","twitter_misc":{"Escrito por":"Jordan Leandro Oviedo Anzola","Tiempo de lectura":"2 minutos"},"schema":{"@context":"https:\/\/schema.org","@graph":[{"@type":"Article","@id":"https:\/\/www.fiscalia.gov.co\/colombia\/noticias\/fiscalia-radica-escrito-de-acusacion-contra-la-exministra-de-transporte-cecilia-alvarez-por-presuntamente-desplegar-acciones-que-permitieron-la-ejecucion-de-dos-modificaciones-irregulares-al-contrato\/#article","isPartOf":{"@id":"https:\/\/www.fiscalia.gov.co\/colombia\/noticias\/fiscalia-radica-escrito-de-acusacion-contra-la-exministra-de-transporte-cecilia-alvarez-por-presuntamente-desplegar-acciones-que-permitieron-la-ejecucion-de-dos-modificaciones-irregulares-al-contrato\/"},"author":{"name":"Jordan Leandro Oviedo Anzola","@id":"https:\/\/www.fiscalia.gov.co\/colombia\/#\/schema\/person\/bf84402cf293a5393e9c70b111020b24"},"headline":"Fiscal\u00eda radica escrito de acusaci\u00f3n contra la exministra de transporte Cecilia \u00c1lvarez por presuntamente desplegar acciones que permitieron la ejecuci\u00f3n de dos modificaciones irregulares al contrato vial \u2018Ruta del Sol II\u2019","datePublished":"2023-10-06T13:43:21+00:00","dateModified":"2023-10-06T13:43:21+00:00","mainEntityOfPage":{"@id":"https:\/\/www.fiscalia.gov.co\/colombia\/noticias\/fiscalia-radica-escrito-de-acusacion-contra-la-exministra-de-transporte-cecilia-alvarez-por-presuntamente-desplegar-acciones-que-permitieron-la-ejecucion-de-dos-modificaciones-irregulares-al-contrato\/"},"wordCount":401,"publisher":{"@id":"https:\/\/www.fiscalia.gov.co\/colombia\/#organization"},"keywords":["cecilia alvarez","Contrataci\u00f3n","exministra","Fiscal Barbosa","Fiscal\u00eda General de la Naci\u00f3n","Irregularidades","Ruta del Sol II","Transporte"],"articleSection":["Noticias"],"inLanguage":"es-CO"},{"@type":"WebPage","@id":"https:\/\/www.fiscalia.gov.co\/colombia\/noticias\/fiscalia-radica-escrito-de-acusacion-contra-la-exministra-de-transporte-cecilia-alvarez-por-presuntamente-desplegar-acciones-que-permitieron-la-ejecucion-de-dos-modificaciones-irregulares-al-contrato\/","url":"https:\/\/www.fiscalia.gov.co\/colombia\/noticias\/fiscalia-radica-escrito-de-acusacion-contra-la-exministra-de-transporte-cecilia-alvarez-por-presuntamente-desplegar-acciones-que-permitieron-la-ejecucion-de-dos-modificaciones-irregulares-al-contrato\/","name":"Fiscal\u00eda General de la Naci\u00f3n","isPartOf":{"@id":"https:\/\/www.fiscalia.gov.co\/colombia\/#website"},"datePublished":"2023-10-06T13:43:21+00:00","dateModified":"2023-10-06T13:43:21+00:00","description":"P\u00e1gina oficial de la Fiscal\u00eda General de la Naci\u00f3n \u2013 Colombia. Garantizamos el acceso efectivo a la justicia, la verdad y la reparaci\u00f3n de las v\u00edctimas de los delitos.","breadcrumb":{"@id":"https:\/\/www.fiscalia.gov.co\/colombia\/noticias\/fiscalia-radica-escrito-de-acusacion-contra-la-exministra-de-transporte-cecilia-alvarez-por-presuntamente-desplegar-acciones-que-permitieron-la-ejecucion-de-dos-modificaciones-irregulares-al-contrato\/#breadcrumb"},"inLanguage":"es-CO","potentialAction":[{"@type":"ReadAction","target":["https:\/\/www.fiscalia.gov.co\/colombia\/noticias\/fiscalia-radica-escrito-de-acusacion-contra-la-exministra-de-transporte-cecilia-alvarez-por-presuntamente-desplegar-acciones-que-permitieron-la-ejecucion-de-dos-modificaciones-irregulares-al-contrato\/"]}]},{"@type":"BreadcrumbList","@id":"https:\/\/www.fiscalia.gov.co\/colombia\/noticias\/fiscalia-radica-escrito-de-acusacion-contra-la-exministra-de-transporte-cecilia-alvarez-por-presuntamente-desplegar-acciones-que-permitieron-la-ejecucion-de-dos-modificaciones-irregulares-al-contrato\/#breadcrumb","itemListElement":[{"@type":"ListItem","position":1,"name":"Home","item":"https:\/\/www.fiscalia.gov.co\/colombia\/"},{"@type":"ListItem","position":2,"name":"Fiscal\u00eda radica escrito de acusaci\u00f3n contra la exministra de transporte Cecilia \u00c1lvarez por presuntamente desplegar acciones que permitieron la ejecuci\u00f3n de dos modificaciones irregulares al contrato vial \u2018Ruta del Sol II\u2019"}]},{"@type":"WebSite","@id":"https:\/\/www.fiscalia.gov.co\/colombia\/#website","url":"https:\/\/www.fiscalia.gov.co\/colombia\/","name":"Fiscal\u00eda General de la Naci\u00f3n","description":"P\u00e1gina oficial de la Fiscal\u00eda General de la Naci\u00f3n \u2013 Colombia. Garantizamos el acceso efectivo a la justicia, la verdad y la reparaci\u00f3n de las v\u00edctimas de los delitos.","publisher":{"@id":"https:\/\/www.fiscalia.gov.co\/colombia\/#organization"},"potentialAction":[{"@type":"SearchAction","target":{"@type":"EntryPoint","urlTemplate":"https:\/\/www.fiscalia.gov.co\/colombia\/?s={search_term_string}"},"query-input":{"@type":"PropertyValueSpecification","valueRequired":true,"valueName":"search_term_string"}}],"inLanguage":"es-CO"},{"@type":"Organization","@id":"https:\/\/www.fiscalia.gov.co\/colombia\/#organization","name":"Fiscal\u00eda General de la Naci\u00f3n","url":"https:\/\/www.fiscalia.gov.co\/colombia\/","logo":{"@type":"ImageObject","inLanguage":"es-CO","@id":"https:\/\/www.fiscalia.gov.co\/colombia\/#\/schema\/logo\/image\/","url":"https:\/\/www.fiscalia.gov.co\/colombia\/wp-content\/uploads\/LogoHorizontal_1.jpg","contentUrl":"https:\/\/www.fiscalia.gov.co\/colombia\/wp-content\/uploads\/LogoHorizontal_1.jpg","width":300,"height":90,"caption":"Fiscal\u00eda General de la Naci\u00f3n"},"image":{"@id":"https:\/\/www.fiscalia.gov.co\/colombia\/#\/schema\/logo\/image\/"},"sameAs":["https:\/\/www.facebook.com\/FiscaliaCol","https:\/\/x.com\/FiscaliaCol","https:\/\/www.instagram.com\/fiscaliacol","https:\/\/www.linkedin.com\/company\/fiscalia-general-de-la-naci-n\/","https:\/\/youtube.com\/@fiscaliageneraldelanacion-4668?si=6nN79nyQICPU5iTh"]},{"@type":"Person","@id":"https:\/\/www.fiscalia.gov.co\/colombia\/#\/schema\/person\/bf84402cf293a5393e9c70b111020b24","name":"Jordan Leandro Oviedo Anzola","image":{"@type":"ImageObject","inLanguage":"es-CO","@id":"https:\/\/www.fiscalia.gov.co\/colombia\/#\/schema\/person\/image\/","url":"https:\/\/secure.gravatar.com\/avatar\/dabba4346fa9b9207d96adafa8f92721?s=96&d=mm&r=g","contentUrl":"https:\/\/secure.gravatar.com\/avatar\/dabba4346fa9b9207d96adafa8f92721?s=96&d=mm&r=g","caption":"Jordan Leandro Oviedo Anzola"},"url":"https:\/\/www.fiscalia.gov.co\/colombia\/author\/joviedo\/"}]}},"_links":{"self":[{"href":"https:\/\/www.fiscalia.gov.co\/colombia\/wp-json\/wp\/v2\/posts\/280942","targetHints":{"allow":["GET"]}}],"collection":[{"href":"https:\/\/www.fiscalia.gov.co\/colombia\/wp-json\/wp\/v2\/posts"}],"about":[{"href":"https:\/\/www.fiscalia.gov.co\/colombia\/wp-json\/wp\/v2\/types\/post"}],"author":[{"embeddable":true,"href":"https:\/\/www.fiscalia.gov.co\/colombia\/wp-json\/wp\/v2\/users\/177"}],"replies":[{"embeddable":true,"href":"https:\/\/www.fiscalia.gov.co\/colombia\/wp-json\/wp\/v2\/comments?post=280942"}],"version-history":[{"count":1,"href":"https:\/\/www.fiscalia.gov.co\/colombia\/wp-json\/wp\/v2\/posts\/280942\/revisions"}],"predecessor-version":[{"id":280943,"href":"https:\/\/www.fiscalia.gov.co\/colombia\/wp-json\/wp\/v2\/posts\/280942\/revisions\/280943"}],"wp:attachment":[{"href":"https:\/\/www.fiscalia.gov.co\/colombia\/wp-json\/wp\/v2\/media?parent=280942"}],"wp:term":[{"taxonomy":"category","embeddable":true,"href":"https:\/\/www.fiscalia.gov.co\/colombia\/wp-json\/wp\/v2\/categories?post=280942"},{"taxonomy":"post_tag","embeddable":true,"href":"https:\/\/www.fiscalia.gov.co\/colombia\/wp-json\/wp\/v2\/tags?post=280942"}],"curies":[{"name":"wp","href":"https:\/\/api.w.org\/{rel}","templated":true}]}}