{"id":280725,"date":"2023-10-03T10:30:29","date_gmt":"2023-10-03T15:30:29","guid":{"rendered":"https:\/\/www.fiscalia.gov.co\/colombia\/?p=280725"},"modified":"2023-10-10T11:08:55","modified_gmt":"2023-10-10T16:08:55","slug":"fiscalia-logro-condena-a-mas-de-cuatro-anos-para-un-hombre-que-tramitaba-visas-a-estados-unidos-con-informacion-falsa","status":"publish","type":"post","link":"https:\/\/www.fiscalia.gov.co\/colombia\/derechos-humanos\/fiscalia-logro-condena-a-mas-de-cuatro-anos-para-un-hombre-que-tramitaba-visas-a-estados-unidos-con-informacion-falsa\/","title":{"rendered":"Fiscal\u00eda logr\u00f3 condena a m\u00e1s de cuatro a\u00f1os para un hombre que tramitaba visas a Estados Unidos con informaci\u00f3n falsa"},"content":{"rendered":"<ul>\n<li>\n<h4><strong><em>Se trata de Darwin El\u00edas P\u00e1jaro Guzm\u00e1n quien deber\u00e1 cumplir la pena impuesta en un centro carcelario de Cartagena (Bol\u00edvar).<\/em><\/strong><\/h4>\n<\/li>\n<li>\n<h4><strong><em>El juez del conocimiento pidi\u00f3 en su fallo que se investigue a seis personas que habr\u00edan hecho parte de este entramado criminal.<\/em><\/strong><\/h4>\n<\/li>\n<\/ul>\n<p>El material probatorio aportado por la Fiscal\u00eda General de la Naci\u00f3n fue determinante para que un juez de conocimiento de Cartagena condenara a 4 a\u00f1os y 2 meses de prisi\u00f3n a Darwin El\u00edas P\u00e1jaro Guzm\u00e1n, responsable del delito de tr\u00e1fico de migrantes en la costa norte de Colombia.<\/p>\n<p>El material recaudado por un fiscal de la Direcci\u00f3n Especializada contra las Violaciones de los Derechos Humanos evidenci\u00f3 que, durante los a\u00f1os 2021 y 2022, en al menos seis oportunidades, el condenado alter\u00f3 informaci\u00f3n sobre estudios, profesi\u00f3n, experiencia laboral y datos familiares, entre otros, para garantizar la entrega de la visa a Estados Unidos. Tr\u00e1mites por los cuales cobraba 1.000.000 y 1.200.000 de pesos. un porcentaje de este dinero lo tomaba para s\u00ed el hoy condenado.<\/p>\n<p>La contundencia del material de prueba aportado por la Fiscal\u00eda hizo que el procesado, asesorado por su abogado decidi\u00f3 de manera libre, voluntaria y consciente aceptara su responsabilidad en el delito imputado.<\/p>\n<p>Un juez de conocimiento del circuito de Cartagena conden\u00f3 a Darwin El\u00edas P\u00e1jaro Guzm\u00e1n a 4 a\u00f1os y 2 meses de prisi\u00f3n, pena que deber\u00e1 cumplir en un centro carcelario de Cartagena (Bol\u00edvar) y tendr\u00e1 que pagar una multa de 199 salarios m\u00ednimos mensuales legales vigentes (smmlv), adem\u00e1s, de ser inhabilitado para el ejercicio de derechos y funciones p\u00fablicas por 50 meses.<\/p>\n<p>Esta informaci\u00f3n se publica por razones de inter\u00e9s general.<\/p>\n<p><strong><u>La Fiscal\u00eda habla con resultados.<\/u><\/strong><\/p>\n<p>&nbsp;<\/p>\n<p>&nbsp;<\/p>\n<p>&nbsp;<\/p>\n<p>&nbsp;<\/p>\n<p>&nbsp;<\/p>\n<p>LAG\/MAGA\/HTP\/DECDH\/MRC.<\/p>\n<p><strong>\u00a0<\/strong><\/p>\n<p>&nbsp;<\/p>\n<p>&nbsp;<\/p>\n<p>&nbsp;<\/p>\n<div class=\"td-post-content tagdiv-type\">\n<div class=\"td-post-content tagdiv-type\">\n<p><em><span lang=\"ES\">La informaci\u00f3n contenida en este bolet\u00edn de prensa corresponde a la narraci\u00f3n de los hechos noticiosos objetivos, suministrados por los funcionarios encargados de adelantar las investigaciones penales al interior de la Fiscal\u00eda General de la Naci\u00f3n. Para el momento de la divulgaci\u00f3n de este comunicado, la situaci\u00f3n jur\u00eddica de la(s) persona(s) relacionada(s) se encuentra pendiente de resolver por la autoridad judicial competente, siempre bajo los preceptos de la presunci\u00f3n de inocencia, consagrados en el art\u00edculo 29 de la Constituci\u00f3n Pol\u00edtica y el art\u00edculo 7\u00ba de la Ley 906 de 2004.<\/span><\/em><\/p>\n<\/div>\n<\/div>\n<p>&nbsp;<\/p>\n\n<div class=\"twitter-share\"><a href=\"https:\/\/twitter.com\/intent\/tweet?via=fiscaliacol\" class=\"twitter-share-button\">Tweet<\/a><\/div>\n","protected":false},"excerpt":{"rendered":"<p>Se trata de Darwin El\u00edas P\u00e1jaro Guzm\u00e1n quien deber\u00e1 cumplir la pena impuesta en un centro carcelario de Cartagena (Bol\u00edvar). El juez del conocimiento pidi\u00f3 en su fallo que se investigue a seis personas que habr\u00edan hecho parte de este entramado criminal. El material probatorio aportado por la Fiscal\u00eda General de la Naci\u00f3n fue determinante [&hellip;]<\/p>\n","protected":false},"author":177,"featured_media":281180,"comment_status":"closed","ping_status":"open","sticky":false,"template":"","format":"video","meta":{"tdm_status":"","tdm_grid_status":"","footnotes":""},"categories":[24102,24174,1],"tags":[1050,2663,24185,1047,35773,30308],"class_list":{"0":"post-280725","1":"post","2":"type-post","3":"status-publish","4":"format-video","5":"has-post-thumbnail","7":"category-derechos-humanos","8":"category-hay-justicia","9":"category-noticias","10":"tag-derechoa-humanos","11":"tag-estados-unidos","12":"tag-fiscal-barbosa","13":"tag-fiscalia-general-de-la-nacion","14":"tag-informacion-falsa","15":"tag-visas","16":"post_format-post-format-video"},"yoast_head":"<!-- This site is optimized with the Yoast SEO plugin v24.3 - https:\/\/yoast.com\/wordpress\/plugins\/seo\/ -->\n<title>Fiscal\u00eda General de la Naci\u00f3n<\/title>\n<meta name=\"description\" content=\"P\u00e1gina oficial de la Fiscal\u00eda General de la Naci\u00f3n \u2013 Colombia. Garantizamos el acceso efectivo a la justicia, la verdad y la reparaci\u00f3n de las v\u00edctimas de los delitos.\" \/>\n<meta name=\"robots\" content=\"noindex, follow\" \/>\n<meta property=\"og:locale\" content=\"es_ES\" \/>\n<meta property=\"og:type\" content=\"article\" \/>\n<meta property=\"og:title\" content=\"Fiscal\u00eda General de la Naci\u00f3n\" \/>\n<meta property=\"og:description\" content=\"P\u00e1gina oficial de la Fiscal\u00eda General de la Naci\u00f3n \u2013 Colombia. Garantizamos el acceso efectivo a la justicia, la verdad y la reparaci\u00f3n de las v\u00edctimas de los delitos.\" \/>\n<meta property=\"og:url\" content=\"https:\/\/www.fiscalia.gov.co\/colombia\/derechos-humanos\/fiscalia-logro-condena-a-mas-de-cuatro-anos-para-un-hombre-que-tramitaba-visas-a-estados-unidos-con-informacion-falsa\/\" \/>\n<meta property=\"og:site_name\" content=\"Fiscal\u00eda General de la Naci\u00f3n\" \/>\n<meta property=\"article:publisher\" content=\"https:\/\/www.facebook.com\/FiscaliaCol\" \/>\n<meta property=\"article:published_time\" content=\"2023-10-03T15:30:29+00:00\" \/>\n<meta property=\"article:modified_time\" content=\"2023-10-10T16:08:55+00:00\" \/>\n<meta property=\"og:image\" content=\"https:\/\/www.fiscalia.gov.co\/colombia\/wp-content\/uploads\/maxresdefault-1211.jpg\" \/>\n\t<meta property=\"og:image:width\" content=\"1280\" \/>\n\t<meta property=\"og:image:height\" content=\"720\" \/>\n\t<meta property=\"og:image:type\" content=\"image\/jpeg\" \/>\n<meta name=\"author\" content=\"Jordan Leandro Oviedo Anzola\" \/>\n<meta name=\"twitter:card\" content=\"summary_large_image\" \/>\n<meta name=\"twitter:creator\" content=\"@FiscaliaCol\" \/>\n<meta name=\"twitter:site\" content=\"@FiscaliaCol\" \/>\n<meta name=\"twitter:label1\" content=\"Escrito por\" \/>\n\t<meta name=\"twitter:data1\" content=\"Jordan Leandro Oviedo Anzola\" \/>\n\t<meta name=\"twitter:label2\" content=\"Tiempo de lectura\" \/>\n\t<meta name=\"twitter:data2\" content=\"2 minutos\" \/>\n<script type=\"application\/ld+json\" class=\"yoast-schema-graph\">{\"@context\":\"https:\/\/schema.org\",\"@graph\":[{\"@type\":\"Article\",\"@id\":\"https:\/\/www.fiscalia.gov.co\/colombia\/derechos-humanos\/fiscalia-logro-condena-a-mas-de-cuatro-anos-para-un-hombre-que-tramitaba-visas-a-estados-unidos-con-informacion-falsa\/#article\",\"isPartOf\":{\"@id\":\"https:\/\/www.fiscalia.gov.co\/colombia\/derechos-humanos\/fiscalia-logro-condena-a-mas-de-cuatro-anos-para-un-hombre-que-tramitaba-visas-a-estados-unidos-con-informacion-falsa\/\"},\"author\":{\"name\":\"Jordan Leandro Oviedo Anzola\",\"@id\":\"https:\/\/www.fiscalia.gov.co\/colombia\/#\/schema\/person\/bf84402cf293a5393e9c70b111020b24\"},\"headline\":\"Fiscal\u00eda logr\u00f3 condena a m\u00e1s de cuatro a\u00f1os para un hombre que tramitaba visas a Estados Unidos con informaci\u00f3n falsa\",\"datePublished\":\"2023-10-03T15:30:29+00:00\",\"dateModified\":\"2023-10-10T16:08:55+00:00\",\"mainEntityOfPage\":{\"@id\":\"https:\/\/www.fiscalia.gov.co\/colombia\/derechos-humanos\/fiscalia-logro-condena-a-mas-de-cuatro-anos-para-un-hombre-que-tramitaba-visas-a-estados-unidos-con-informacion-falsa\/\"},\"wordCount\":435,\"publisher\":{\"@id\":\"https:\/\/www.fiscalia.gov.co\/colombia\/#organization\"},\"image\":{\"@id\":\"https:\/\/www.fiscalia.gov.co\/colombia\/derechos-humanos\/fiscalia-logro-condena-a-mas-de-cuatro-anos-para-un-hombre-que-tramitaba-visas-a-estados-unidos-con-informacion-falsa\/#primaryimage\"},\"thumbnailUrl\":\"https:\/\/www.fiscalia.gov.co\/colombia\/wp-content\/uploads\/maxresdefault-1211.jpg\",\"keywords\":[\"Derechos Humanos\",\"Estados Unidos\",\"Fiscal Barbosa\",\"Fiscal\u00eda General de la Naci\u00f3n\",\"informaci\u00f3n falsa\",\"Visas\"],\"articleSection\":[\"Derechos Humanos\",\"Hay Justicia\",\"Noticias\"],\"inLanguage\":\"es-CO\"},{\"@type\":\"WebPage\",\"@id\":\"https:\/\/www.fiscalia.gov.co\/colombia\/derechos-humanos\/fiscalia-logro-condena-a-mas-de-cuatro-anos-para-un-hombre-que-tramitaba-visas-a-estados-unidos-con-informacion-falsa\/\",\"url\":\"https:\/\/www.fiscalia.gov.co\/colombia\/derechos-humanos\/fiscalia-logro-condena-a-mas-de-cuatro-anos-para-un-hombre-que-tramitaba-visas-a-estados-unidos-con-informacion-falsa\/\",\"name\":\"Fiscal\u00eda General de la Naci\u00f3n\",\"isPartOf\":{\"@id\":\"https:\/\/www.fiscalia.gov.co\/colombia\/#website\"},\"primaryImageOfPage\":{\"@id\":\"https:\/\/www.fiscalia.gov.co\/colombia\/derechos-humanos\/fiscalia-logro-condena-a-mas-de-cuatro-anos-para-un-hombre-que-tramitaba-visas-a-estados-unidos-con-informacion-falsa\/#primaryimage\"},\"image\":{\"@id\":\"https:\/\/www.fiscalia.gov.co\/colombia\/derechos-humanos\/fiscalia-logro-condena-a-mas-de-cuatro-anos-para-un-hombre-que-tramitaba-visas-a-estados-unidos-con-informacion-falsa\/#primaryimage\"},\"thumbnailUrl\":\"https:\/\/www.fiscalia.gov.co\/colombia\/wp-content\/uploads\/maxresdefault-1211.jpg\",\"datePublished\":\"2023-10-03T15:30:29+00:00\",\"dateModified\":\"2023-10-10T16:08:55+00:00\",\"description\":\"P\u00e1gina oficial de la Fiscal\u00eda General de la Naci\u00f3n \u2013 Colombia. Garantizamos el acceso efectivo a la justicia, la verdad y la reparaci\u00f3n de las v\u00edctimas de los delitos.\",\"breadcrumb\":{\"@id\":\"https:\/\/www.fiscalia.gov.co\/colombia\/derechos-humanos\/fiscalia-logro-condena-a-mas-de-cuatro-anos-para-un-hombre-que-tramitaba-visas-a-estados-unidos-con-informacion-falsa\/#breadcrumb\"},\"inLanguage\":\"es-CO\",\"potentialAction\":[{\"@type\":\"ReadAction\",\"target\":[\"https:\/\/www.fiscalia.gov.co\/colombia\/derechos-humanos\/fiscalia-logro-condena-a-mas-de-cuatro-anos-para-un-hombre-que-tramitaba-visas-a-estados-unidos-con-informacion-falsa\/\"]}]},{\"@type\":\"ImageObject\",\"inLanguage\":\"es-CO\",\"@id\":\"https:\/\/www.fiscalia.gov.co\/colombia\/derechos-humanos\/fiscalia-logro-condena-a-mas-de-cuatro-anos-para-un-hombre-que-tramitaba-visas-a-estados-unidos-con-informacion-falsa\/#primaryimage\",\"url\":\"https:\/\/www.fiscalia.gov.co\/colombia\/wp-content\/uploads\/maxresdefault-1211.jpg\",\"contentUrl\":\"https:\/\/www.fiscalia.gov.co\/colombia\/wp-content\/uploads\/maxresdefault-1211.jpg\",\"width\":1280,\"height\":720},{\"@type\":\"BreadcrumbList\",\"@id\":\"https:\/\/www.fiscalia.gov.co\/colombia\/derechos-humanos\/fiscalia-logro-condena-a-mas-de-cuatro-anos-para-un-hombre-que-tramitaba-visas-a-estados-unidos-con-informacion-falsa\/#breadcrumb\",\"itemListElement\":[{\"@type\":\"ListItem\",\"position\":1,\"name\":\"Home\",\"item\":\"https:\/\/www.fiscalia.gov.co\/colombia\/\"},{\"@type\":\"ListItem\",\"position\":2,\"name\":\"Fiscal\u00eda logr\u00f3 condena a m\u00e1s de cuatro a\u00f1os para un hombre que tramitaba visas a Estados Unidos con informaci\u00f3n falsa\"}]},{\"@type\":\"WebSite\",\"@id\":\"https:\/\/www.fiscalia.gov.co\/colombia\/#website\",\"url\":\"https:\/\/www.fiscalia.gov.co\/colombia\/\",\"name\":\"Fiscal\u00eda General de la Naci\u00f3n\",\"description\":\"P\u00e1gina oficial de la Fiscal\u00eda General de la Naci\u00f3n \u2013 Colombia. Garantizamos el acceso efectivo a la justicia, la verdad y la reparaci\u00f3n de las v\u00edctimas de los delitos.\",\"publisher\":{\"@id\":\"https:\/\/www.fiscalia.gov.co\/colombia\/#organization\"},\"potentialAction\":[{\"@type\":\"SearchAction\",\"target\":{\"@type\":\"EntryPoint\",\"urlTemplate\":\"https:\/\/www.fiscalia.gov.co\/colombia\/?s={search_term_string}\"},\"query-input\":{\"@type\":\"PropertyValueSpecification\",\"valueRequired\":true,\"valueName\":\"search_term_string\"}}],\"inLanguage\":\"es-CO\"},{\"@type\":\"Organization\",\"@id\":\"https:\/\/www.fiscalia.gov.co\/colombia\/#organization\",\"name\":\"Fiscal\u00eda General de la Naci\u00f3n\",\"url\":\"https:\/\/www.fiscalia.gov.co\/colombia\/\",\"logo\":{\"@type\":\"ImageObject\",\"inLanguage\":\"es-CO\",\"@id\":\"https:\/\/www.fiscalia.gov.co\/colombia\/#\/schema\/logo\/image\/\",\"url\":\"https:\/\/www.fiscalia.gov.co\/colombia\/wp-content\/uploads\/LogoHorizontal_1.jpg\",\"contentUrl\":\"https:\/\/www.fiscalia.gov.co\/colombia\/wp-content\/uploads\/LogoHorizontal_1.jpg\",\"width\":300,\"height\":90,\"caption\":\"Fiscal\u00eda General de la Naci\u00f3n\"},\"image\":{\"@id\":\"https:\/\/www.fiscalia.gov.co\/colombia\/#\/schema\/logo\/image\/\"},\"sameAs\":[\"https:\/\/www.facebook.com\/FiscaliaCol\",\"https:\/\/x.com\/FiscaliaCol\",\"https:\/\/www.instagram.com\/fiscaliacol\",\"https:\/\/www.linkedin.com\/company\/fiscalia-general-de-la-naci-n\/\",\"https:\/\/youtube.com\/@fiscaliageneraldelanacion-4668?si=6nN79nyQICPU5iTh\"]},{\"@type\":\"Person\",\"@id\":\"https:\/\/www.fiscalia.gov.co\/colombia\/#\/schema\/person\/bf84402cf293a5393e9c70b111020b24\",\"name\":\"Jordan Leandro Oviedo Anzola\",\"image\":{\"@type\":\"ImageObject\",\"inLanguage\":\"es-CO\",\"@id\":\"https:\/\/www.fiscalia.gov.co\/colombia\/#\/schema\/person\/image\/\",\"url\":\"https:\/\/secure.gravatar.com\/avatar\/dabba4346fa9b9207d96adafa8f92721?s=96&d=mm&r=g\",\"contentUrl\":\"https:\/\/secure.gravatar.com\/avatar\/dabba4346fa9b9207d96adafa8f92721?s=96&d=mm&r=g\",\"caption\":\"Jordan Leandro Oviedo Anzola\"},\"url\":\"https:\/\/www.fiscalia.gov.co\/colombia\/author\/joviedo\/\"}]}<\/script>\n<!-- \/ Yoast SEO plugin. -->","yoast_head_json":{"title":"Fiscal\u00eda General de la Naci\u00f3n","description":"P\u00e1gina oficial de la Fiscal\u00eda General de la Naci\u00f3n \u2013 Colombia. Garantizamos el acceso efectivo a la justicia, la verdad y la reparaci\u00f3n de las v\u00edctimas de los delitos.","robots":{"index":"noindex","follow":"follow"},"og_locale":"es_ES","og_type":"article","og_title":"Fiscal\u00eda General de la Naci\u00f3n","og_description":"P\u00e1gina oficial de la Fiscal\u00eda General de la Naci\u00f3n \u2013 Colombia. Garantizamos el acceso efectivo a la justicia, la verdad y la reparaci\u00f3n de las v\u00edctimas de los delitos.","og_url":"https:\/\/www.fiscalia.gov.co\/colombia\/derechos-humanos\/fiscalia-logro-condena-a-mas-de-cuatro-anos-para-un-hombre-que-tramitaba-visas-a-estados-unidos-con-informacion-falsa\/","og_site_name":"Fiscal\u00eda General de la Naci\u00f3n","article_publisher":"https:\/\/www.facebook.com\/FiscaliaCol","article_published_time":"2023-10-03T15:30:29+00:00","article_modified_time":"2023-10-10T16:08:55+00:00","og_image":[{"width":1280,"height":720,"url":"https:\/\/www.fiscalia.gov.co\/colombia\/wp-content\/uploads\/maxresdefault-1211.jpg","type":"image\/jpeg"}],"author":"Jordan Leandro Oviedo Anzola","twitter_card":"summary_large_image","twitter_creator":"@FiscaliaCol","twitter_site":"@FiscaliaCol","twitter_misc":{"Escrito por":"Jordan Leandro Oviedo Anzola","Tiempo de lectura":"2 minutos"},"schema":{"@context":"https:\/\/schema.org","@graph":[{"@type":"Article","@id":"https:\/\/www.fiscalia.gov.co\/colombia\/derechos-humanos\/fiscalia-logro-condena-a-mas-de-cuatro-anos-para-un-hombre-que-tramitaba-visas-a-estados-unidos-con-informacion-falsa\/#article","isPartOf":{"@id":"https:\/\/www.fiscalia.gov.co\/colombia\/derechos-humanos\/fiscalia-logro-condena-a-mas-de-cuatro-anos-para-un-hombre-que-tramitaba-visas-a-estados-unidos-con-informacion-falsa\/"},"author":{"name":"Jordan Leandro Oviedo Anzola","@id":"https:\/\/www.fiscalia.gov.co\/colombia\/#\/schema\/person\/bf84402cf293a5393e9c70b111020b24"},"headline":"Fiscal\u00eda logr\u00f3 condena a m\u00e1s de cuatro a\u00f1os para un hombre que tramitaba visas a Estados Unidos con informaci\u00f3n falsa","datePublished":"2023-10-03T15:30:29+00:00","dateModified":"2023-10-10T16:08:55+00:00","mainEntityOfPage":{"@id":"https:\/\/www.fiscalia.gov.co\/colombia\/derechos-humanos\/fiscalia-logro-condena-a-mas-de-cuatro-anos-para-un-hombre-que-tramitaba-visas-a-estados-unidos-con-informacion-falsa\/"},"wordCount":435,"publisher":{"@id":"https:\/\/www.fiscalia.gov.co\/colombia\/#organization"},"image":{"@id":"https:\/\/www.fiscalia.gov.co\/colombia\/derechos-humanos\/fiscalia-logro-condena-a-mas-de-cuatro-anos-para-un-hombre-que-tramitaba-visas-a-estados-unidos-con-informacion-falsa\/#primaryimage"},"thumbnailUrl":"https:\/\/www.fiscalia.gov.co\/colombia\/wp-content\/uploads\/maxresdefault-1211.jpg","keywords":["Derechos Humanos","Estados Unidos","Fiscal Barbosa","Fiscal\u00eda General de la Naci\u00f3n","informaci\u00f3n falsa","Visas"],"articleSection":["Derechos Humanos","Hay Justicia","Noticias"],"inLanguage":"es-CO"},{"@type":"WebPage","@id":"https:\/\/www.fiscalia.gov.co\/colombia\/derechos-humanos\/fiscalia-logro-condena-a-mas-de-cuatro-anos-para-un-hombre-que-tramitaba-visas-a-estados-unidos-con-informacion-falsa\/","url":"https:\/\/www.fiscalia.gov.co\/colombia\/derechos-humanos\/fiscalia-logro-condena-a-mas-de-cuatro-anos-para-un-hombre-que-tramitaba-visas-a-estados-unidos-con-informacion-falsa\/","name":"Fiscal\u00eda General de la Naci\u00f3n","isPartOf":{"@id":"https:\/\/www.fiscalia.gov.co\/colombia\/#website"},"primaryImageOfPage":{"@id":"https:\/\/www.fiscalia.gov.co\/colombia\/derechos-humanos\/fiscalia-logro-condena-a-mas-de-cuatro-anos-para-un-hombre-que-tramitaba-visas-a-estados-unidos-con-informacion-falsa\/#primaryimage"},"image":{"@id":"https:\/\/www.fiscalia.gov.co\/colombia\/derechos-humanos\/fiscalia-logro-condena-a-mas-de-cuatro-anos-para-un-hombre-que-tramitaba-visas-a-estados-unidos-con-informacion-falsa\/#primaryimage"},"thumbnailUrl":"https:\/\/www.fiscalia.gov.co\/colombia\/wp-content\/uploads\/maxresdefault-1211.jpg","datePublished":"2023-10-03T15:30:29+00:00","dateModified":"2023-10-10T16:08:55+00:00","description":"P\u00e1gina oficial de la Fiscal\u00eda General de la Naci\u00f3n \u2013 Colombia. Garantizamos el acceso efectivo a la justicia, la verdad y la reparaci\u00f3n de las v\u00edctimas de los delitos.","breadcrumb":{"@id":"https:\/\/www.fiscalia.gov.co\/colombia\/derechos-humanos\/fiscalia-logro-condena-a-mas-de-cuatro-anos-para-un-hombre-que-tramitaba-visas-a-estados-unidos-con-informacion-falsa\/#breadcrumb"},"inLanguage":"es-CO","potentialAction":[{"@type":"ReadAction","target":["https:\/\/www.fiscalia.gov.co\/colombia\/derechos-humanos\/fiscalia-logro-condena-a-mas-de-cuatro-anos-para-un-hombre-que-tramitaba-visas-a-estados-unidos-con-informacion-falsa\/"]}]},{"@type":"ImageObject","inLanguage":"es-CO","@id":"https:\/\/www.fiscalia.gov.co\/colombia\/derechos-humanos\/fiscalia-logro-condena-a-mas-de-cuatro-anos-para-un-hombre-que-tramitaba-visas-a-estados-unidos-con-informacion-falsa\/#primaryimage","url":"https:\/\/www.fiscalia.gov.co\/colombia\/wp-content\/uploads\/maxresdefault-1211.jpg","contentUrl":"https:\/\/www.fiscalia.gov.co\/colombia\/wp-content\/uploads\/maxresdefault-1211.jpg","width":1280,"height":720},{"@type":"BreadcrumbList","@id":"https:\/\/www.fiscalia.gov.co\/colombia\/derechos-humanos\/fiscalia-logro-condena-a-mas-de-cuatro-anos-para-un-hombre-que-tramitaba-visas-a-estados-unidos-con-informacion-falsa\/#breadcrumb","itemListElement":[{"@type":"ListItem","position":1,"name":"Home","item":"https:\/\/www.fiscalia.gov.co\/colombia\/"},{"@type":"ListItem","position":2,"name":"Fiscal\u00eda logr\u00f3 condena a m\u00e1s de cuatro a\u00f1os para un hombre que tramitaba visas a Estados Unidos con informaci\u00f3n falsa"}]},{"@type":"WebSite","@id":"https:\/\/www.fiscalia.gov.co\/colombia\/#website","url":"https:\/\/www.fiscalia.gov.co\/colombia\/","name":"Fiscal\u00eda General de la Naci\u00f3n","description":"P\u00e1gina oficial de la Fiscal\u00eda General de la Naci\u00f3n \u2013 Colombia. Garantizamos el acceso efectivo a la justicia, la verdad y la reparaci\u00f3n de las v\u00edctimas de los delitos.","publisher":{"@id":"https:\/\/www.fiscalia.gov.co\/colombia\/#organization"},"potentialAction":[{"@type":"SearchAction","target":{"@type":"EntryPoint","urlTemplate":"https:\/\/www.fiscalia.gov.co\/colombia\/?s={search_term_string}"},"query-input":{"@type":"PropertyValueSpecification","valueRequired":true,"valueName":"search_term_string"}}],"inLanguage":"es-CO"},{"@type":"Organization","@id":"https:\/\/www.fiscalia.gov.co\/colombia\/#organization","name":"Fiscal\u00eda General de la Naci\u00f3n","url":"https:\/\/www.fiscalia.gov.co\/colombia\/","logo":{"@type":"ImageObject","inLanguage":"es-CO","@id":"https:\/\/www.fiscalia.gov.co\/colombia\/#\/schema\/logo\/image\/","url":"https:\/\/www.fiscalia.gov.co\/colombia\/wp-content\/uploads\/LogoHorizontal_1.jpg","contentUrl":"https:\/\/www.fiscalia.gov.co\/colombia\/wp-content\/uploads\/LogoHorizontal_1.jpg","width":300,"height":90,"caption":"Fiscal\u00eda General de la Naci\u00f3n"},"image":{"@id":"https:\/\/www.fiscalia.gov.co\/colombia\/#\/schema\/logo\/image\/"},"sameAs":["https:\/\/www.facebook.com\/FiscaliaCol","https:\/\/x.com\/FiscaliaCol","https:\/\/www.instagram.com\/fiscaliacol","https:\/\/www.linkedin.com\/company\/fiscalia-general-de-la-naci-n\/","https:\/\/youtube.com\/@fiscaliageneraldelanacion-4668?si=6nN79nyQICPU5iTh"]},{"@type":"Person","@id":"https:\/\/www.fiscalia.gov.co\/colombia\/#\/schema\/person\/bf84402cf293a5393e9c70b111020b24","name":"Jordan Leandro Oviedo Anzola","image":{"@type":"ImageObject","inLanguage":"es-CO","@id":"https:\/\/www.fiscalia.gov.co\/colombia\/#\/schema\/person\/image\/","url":"https:\/\/secure.gravatar.com\/avatar\/dabba4346fa9b9207d96adafa8f92721?s=96&d=mm&r=g","contentUrl":"https:\/\/secure.gravatar.com\/avatar\/dabba4346fa9b9207d96adafa8f92721?s=96&d=mm&r=g","caption":"Jordan Leandro Oviedo Anzola"},"url":"https:\/\/www.fiscalia.gov.co\/colombia\/author\/joviedo\/"}]}},"_links":{"self":[{"href":"https:\/\/www.fiscalia.gov.co\/colombia\/wp-json\/wp\/v2\/posts\/280725","targetHints":{"allow":["GET"]}}],"collection":[{"href":"https:\/\/www.fiscalia.gov.co\/colombia\/wp-json\/wp\/v2\/posts"}],"about":[{"href":"https:\/\/www.fiscalia.gov.co\/colombia\/wp-json\/wp\/v2\/types\/post"}],"author":[{"embeddable":true,"href":"https:\/\/www.fiscalia.gov.co\/colombia\/wp-json\/wp\/v2\/users\/177"}],"replies":[{"embeddable":true,"href":"https:\/\/www.fiscalia.gov.co\/colombia\/wp-json\/wp\/v2\/comments?post=280725"}],"version-history":[{"count":1,"href":"https:\/\/www.fiscalia.gov.co\/colombia\/wp-json\/wp\/v2\/posts\/280725\/revisions"}],"predecessor-version":[{"id":280726,"href":"https:\/\/www.fiscalia.gov.co\/colombia\/wp-json\/wp\/v2\/posts\/280725\/revisions\/280726"}],"wp:featuredmedia":[{"embeddable":true,"href":"https:\/\/www.fiscalia.gov.co\/colombia\/wp-json\/wp\/v2\/media\/281180"}],"wp:attachment":[{"href":"https:\/\/www.fiscalia.gov.co\/colombia\/wp-json\/wp\/v2\/media?parent=280725"}],"wp:term":[{"taxonomy":"category","embeddable":true,"href":"https:\/\/www.fiscalia.gov.co\/colombia\/wp-json\/wp\/v2\/categories?post=280725"},{"taxonomy":"post_tag","embeddable":true,"href":"https:\/\/www.fiscalia.gov.co\/colombia\/wp-json\/wp\/v2\/tags?post=280725"}],"curies":[{"name":"wp","href":"https:\/\/api.w.org\/{rel}","templated":true}]}}