{"id":280506,"date":"2023-09-29T10:27:46","date_gmt":"2023-09-29T15:27:46","guid":{"rendered":"https:\/\/www.fiscalia.gov.co\/colombia\/?p=280506"},"modified":"2023-09-29T10:29:58","modified_gmt":"2023-09-29T15:29:58","slug":"desarticulada-organizacion-delincuencial-los-audor-por-trafico-de-base-de-cocaina-al-interior-del-pais","status":"publish","type":"post","link":"https:\/\/www.fiscalia.gov.co\/colombia\/noticias\/desarticulada-organizacion-delincuencial-los-audor-por-trafico-de-base-de-cocaina-al-interior-del-pais\/","title":{"rendered":"Desarticulada organizaci\u00f3n delincuencial Los Audor por tr\u00e1fico de base de coca\u00edna al interior del pa\u00eds"},"content":{"rendered":"<h4><strong><i>Las autoridades lograron la incautaci\u00f3n de cerca de 400 kilos de esta sustancia a presuntos integrantes de este grupo delincuencial. \u00a0<\/i>\u00a0\u00a0\u00a0<\/strong><\/h4>\n<p>La Fiscal\u00eda, a trav\u00e9s de un despacho especializado en coordinaci\u00f3n entre el Cuerpo T\u00e9cnico de Investigaci\u00f3n y la Polic\u00eda de Caquet\u00e1, logr\u00f3 la desarticulaci\u00f3n del grupo de delincuencia organizada denominado Los Audor, se\u00f1alado del tr\u00e1fico de base de coca\u00edna desde Caquet\u00e1 y Putumayo al interior del pa\u00eds.<\/p>\n<p>Entre abril de 2021 y junio de 2022 se les ha incautado cerca de 400 kilos de coca\u00edna en un total de siete casos.<\/p>\n<p>Las capturas se llevaron a cabo mediante diligencias de registro y allanamientos en El Doncello y El Paujil, Caquet\u00e1; en Puerto Boyac\u00e1, Boyac\u00e1; Medell\u00edn, Antioquia; Ibagu\u00e9 Tolima y Villagarz\u00f3n y Puerto Caicedo, Putumayo.<\/p>\n<p>Los detenidos fueron identificados como\u00a0Ferley Eudor Garc\u00eda; Rubi Alexi Portilla Echeverri; Brayan Adri\u00e1n Pava Pi\u00f1eros; Eduar Marino Mazo Calder\u00f3n; Geraldin Constanza Echeverri Solano; Jos\u00e9 Domingo Largo David; Robinson Eudor Garc\u00eda; Ernesto S\u00e1nchez Hincapi\u00e9;\u00a0Deiby Fabian Oliva Descance.<\/p>\n<figure id=\"attachment_280508\" aria-describedby=\"caption-attachment-280508\" style=\"width: 415px\" class=\"wp-caption aligncenter\"><img loading=\"lazy\" decoding=\"async\" class=\" wp-image-280508\" src=\"https:\/\/www.fiscalia.gov.co\/colombia\/wp-content\/uploads\/los-audor-trafico-cocaina-caqueta-300x169.jpeg\" alt=\"en la imagen se ven varias personas detenidas bajo custodia de integrantes del CTI y la Polic\u00eda Nacional. Detr\u00e1s suyo, backings institucionales. \" width=\"415\" height=\"234\" srcset=\"https:\/\/www.fiscalia.gov.co\/colombia\/wp-content\/uploads\/los-audor-trafico-cocaina-caqueta-300x169.jpeg 300w, https:\/\/www.fiscalia.gov.co\/colombia\/wp-content\/uploads\/los-audor-trafico-cocaina-caqueta-1024x576.jpeg 1024w, https:\/\/www.fiscalia.gov.co\/colombia\/wp-content\/uploads\/los-audor-trafico-cocaina-caqueta-768x432.jpeg 768w, https:\/\/www.fiscalia.gov.co\/colombia\/wp-content\/uploads\/los-audor-trafico-cocaina-caqueta-696x392.jpeg 696w, https:\/\/www.fiscalia.gov.co\/colombia\/wp-content\/uploads\/los-audor-trafico-cocaina-caqueta-1068x601.jpeg 1068w, https:\/\/www.fiscalia.gov.co\/colombia\/wp-content\/uploads\/los-audor-trafico-cocaina-caqueta-747x420.jpeg 747w, https:\/\/www.fiscalia.gov.co\/colombia\/wp-content\/uploads\/los-audor-trafico-cocaina-caqueta.jpeg 1280w\" sizes=\"auto, (max-width: 415px) 100vw, 415px\" \/><figcaption id=\"caption-attachment-280508\" class=\"wp-caption-text\">Los procesados fueron detenidos en una operaci\u00f3n simult\u00e1nea en El Doncello y El Paujil, Caquet\u00e1; Puerto Boyac\u00e1, Boyac\u00e1; Medell\u00edn, Antioquia; Ibagu\u00e9, Tolima y Villagarz\u00f3n y Puerto Caicedo, Putumayo,<\/figcaption><\/figure>\n<p>Cada uno cumplir\u00eda un rol y\/o funci\u00f3n espec\u00edfica en la cadena de distribuci\u00f3n y venta del estupefaciente tales como coordinadores,\u00a0<wbr \/>transportadores, comercializadores y campaneros.<\/p>\n<p>Los hechos por los cuales fueron judicializados ocurrir\u00edan en Florencia a partir de abril de 2021, cuando la secci\u00f3n de investigaciones del CTI y la Direcci\u00f3n Antinarc\u00f3ticos de la Polic\u00eda Nacional, detectaron mediante labores de polic\u00eda judicial la presencia de un grupo de personas que se habr\u00edan concertado con el fin adquirir, transportar y comercializar base de coca desde Puerto Caicedo (Putumayo) y Caquet\u00e1 con destino a Puerto Boyac\u00e1 y Puerto Triunfo (Antioquia), y otras partes del interior del pa\u00eds.<\/p>\n<p>Los delitos imputados fueron concierto para delinquir agravado por darse para narcotr\u00e1fico y tr\u00e1fico, fabricaci\u00f3n o porte de estupefacientes que ninguno acept\u00f3 haber cometido.<\/p>\n<p>A las dos mujeres les fue impuesta medida de aseguramiento domiciliaria, mientras que al resto de los procesados, en centro de reclusi\u00f3n mientras avanza la investigaci\u00f3n que adelanta en su contra un fiscal especializado de la Seccional Caquet\u00e1.<\/p>\n<p><b><u>La Fiscal\u00eda habla con resultados.<\/u><\/b><\/p>\n<p><span lang=\"ES-TRAD\">\u00a0<\/span><\/p>\n<p>&nbsp;<\/p>\n<p>&nbsp;<\/p>\n<p>&nbsp;<\/p>\n<p>PAAM\/LYBT\/KH\/NQB\/DSC<\/p>\n<p>&nbsp;<\/p>\n<p>&nbsp;<\/p>\n<div dir=\"ltr\">\n<div>\n<p>&nbsp;<\/p>\n<\/div>\n<div>\n<div>\n<p><i><span lang=\"ES\">La informaci\u00f3n contenida en este bolet\u00edn de prensa corresponde a la narraci\u00f3n de los hechos noticiosos objetivos, suministrados por los funcionarios encargados de adelantar las investigaciones penales al interior de la Fiscal\u00eda General de la Naci\u00f3n. Para el momento de la divulgaci\u00f3n de este comunicado, la situaci\u00f3n jur\u00eddica de la(s) persona(s) relacionada(s) se encuentra pendiente de resolver por la autoridad\u00a0judicial competente, siempre bajo los preceptos de la presunci\u00f3n de inocencia, consagrados en el art\u00edculo 29 de la Constituci\u00f3n Pol\u00edtica y el art\u00edculo 7\u00ba de la Ley 906 de 2004.\u00a0<\/span><\/i><\/p>\n<\/div>\n<\/div>\n<\/div>\n\n<div class=\"twitter-share\"><a href=\"https:\/\/twitter.com\/intent\/tweet?via=fiscaliacol\" class=\"twitter-share-button\">Tweet<\/a><\/div>\n","protected":false},"excerpt":{"rendered":"<p>Las autoridades lograron la incautaci\u00f3n de cerca de 400 kilos de esta sustancia a presuntos integrantes de este grupo delincuencial. \u00a0\u00a0\u00a0\u00a0 La Fiscal\u00eda, a trav\u00e9s de un despacho especializado en coordinaci\u00f3n entre el Cuerpo T\u00e9cnico de Investigaci\u00f3n y la Polic\u00eda de Caquet\u00e1, logr\u00f3 la desarticulaci\u00f3n del grupo de delincuencia organizada denominado Los Audor, se\u00f1alado del [&hellip;]<\/p>\n","protected":false},"author":178,"featured_media":0,"comment_status":"closed","ping_status":"open","sticky":false,"template":"","format":"standard","meta":{"_price":"","_stock":"","_tribe_ticket_header":"","_tribe_default_ticket_provider":"","_tribe_ticket_capacity":"0","_ticket_start_date":"","_ticket_end_date":"","_tribe_ticket_show_description":"","_tribe_ticket_show_not_going":false,"_tribe_ticket_use_global_stock":"","_tribe_ticket_global_stock_level":"","_global_stock_mode":"","_global_stock_cap":"","_tribe_rsvp_for_event":"","_tribe_ticket_going_count":"","_tribe_ticket_not_going_count":"","_tribe_tickets_list":"[]","_tribe_ticket_has_attendee_info_fields":false,"tdm_status":"","tdm_grid_status":"","footnotes":""},"categories":[1],"tags":[3426,27768,35743,83,45,25268,1047,23822,24022,35742,148,558,2279,24379,30239,155],"class_list":{"0":"post-280506","1":"post","2":"type-post","3":"status-publish","4":"format-standard","6":"category-noticias","7":"tag-antinarcoticos","8":"tag-base-de-cocaina","9":"tag-centro-del-pais","10":"tag-concierto-para-delinquir","11":"tag-cti","12":"tag-fiscal-especializado","13":"tag-fiscalia-general-de-la-nacion","14":"tag-florencia","15":"tag-florencia-caqueta","16":"tag-los-audor","17":"tag-narcotrafico","18":"tag-policia-nacional","19":"tag-putumayo","20":"tag-seccional-caqueta","21":"tag-seguridad-territorial","22":"tag-trafico-de-estupefacientes"},"yoast_head":"<!-- This site is optimized with the Yoast SEO plugin v24.3 - https:\/\/yoast.com\/wordpress\/plugins\/seo\/ -->\n<title>Fiscal\u00eda General de la Naci\u00f3n<\/title>\n<meta name=\"description\" content=\"P\u00e1gina oficial de la Fiscal\u00eda General de la Naci\u00f3n \u2013 Colombia. Garantizamos el acceso efectivo a la justicia, la verdad y la reparaci\u00f3n de las v\u00edctimas de los delitos.\" \/>\n<meta name=\"robots\" content=\"noindex, follow\" \/>\n<meta property=\"og:locale\" content=\"es_ES\" \/>\n<meta property=\"og:type\" content=\"article\" \/>\n<meta property=\"og:title\" content=\"Fiscal\u00eda General de la Naci\u00f3n\" \/>\n<meta property=\"og:description\" content=\"P\u00e1gina oficial de la Fiscal\u00eda General de la Naci\u00f3n \u2013 Colombia. Garantizamos el acceso efectivo a la justicia, la verdad y la reparaci\u00f3n de las v\u00edctimas de los delitos.\" \/>\n<meta property=\"og:url\" content=\"https:\/\/www.fiscalia.gov.co\/colombia\/noticias\/desarticulada-organizacion-delincuencial-los-audor-por-trafico-de-base-de-cocaina-al-interior-del-pais\/\" \/>\n<meta property=\"og:site_name\" content=\"Fiscal\u00eda General de la Naci\u00f3n\" \/>\n<meta property=\"article:publisher\" content=\"https:\/\/www.facebook.com\/FiscaliaCol\" \/>\n<meta property=\"article:published_time\" content=\"2023-09-29T15:27:46+00:00\" \/>\n<meta property=\"article:modified_time\" content=\"2023-09-29T15:29:58+00:00\" \/>\n<meta property=\"og:image\" content=\"https:\/\/www.fiscalia.gov.co\/colombia\/wp-content\/uploads\/los-audor-trafico-cocaina-caqueta-300x169.jpeg\" \/>\n<meta name=\"author\" content=\"Winnie Geraldine Rodr\u00edguez Navarrete\" \/>\n<meta name=\"twitter:card\" content=\"summary_large_image\" \/>\n<meta name=\"twitter:creator\" content=\"@FiscaliaCol\" \/>\n<meta name=\"twitter:site\" content=\"@FiscaliaCol\" \/>\n<meta name=\"twitter:label1\" content=\"Escrito por\" \/>\n\t<meta name=\"twitter:data1\" content=\"Winnie Geraldine Rodr\u00edguez Navarrete\" \/>\n\t<meta name=\"twitter:label2\" content=\"Tiempo de lectura\" \/>\n\t<meta name=\"twitter:data2\" content=\"3 minutos\" \/>\n<script type=\"application\/ld+json\" class=\"yoast-schema-graph\">{\"@context\":\"https:\/\/schema.org\",\"@graph\":[{\"@type\":\"Article\",\"@id\":\"https:\/\/www.fiscalia.gov.co\/colombia\/noticias\/desarticulada-organizacion-delincuencial-los-audor-por-trafico-de-base-de-cocaina-al-interior-del-pais\/#article\",\"isPartOf\":{\"@id\":\"https:\/\/www.fiscalia.gov.co\/colombia\/noticias\/desarticulada-organizacion-delincuencial-los-audor-por-trafico-de-base-de-cocaina-al-interior-del-pais\/\"},\"author\":{\"name\":\"Winnie Geraldine Rodr\u00edguez Navarrete\",\"@id\":\"https:\/\/www.fiscalia.gov.co\/colombia\/#\/schema\/person\/176195b99ebab0a52aafa15197e1bf80\"},\"headline\":\"Desarticulada organizaci\u00f3n delincuencial Los Audor por tr\u00e1fico de base de coca\u00edna al interior del pa\u00eds\",\"datePublished\":\"2023-09-29T15:27:46+00:00\",\"dateModified\":\"2023-09-29T15:29:58+00:00\",\"mainEntityOfPage\":{\"@id\":\"https:\/\/www.fiscalia.gov.co\/colombia\/noticias\/desarticulada-organizacion-delincuencial-los-audor-por-trafico-de-base-de-cocaina-al-interior-del-pais\/\"},\"wordCount\":539,\"publisher\":{\"@id\":\"https:\/\/www.fiscalia.gov.co\/colombia\/#organization\"},\"image\":{\"@id\":\"https:\/\/www.fiscalia.gov.co\/colombia\/noticias\/desarticulada-organizacion-delincuencial-los-audor-por-trafico-de-base-de-cocaina-al-interior-del-pais\/#primaryimage\"},\"thumbnailUrl\":\"https:\/\/www.fiscalia.gov.co\/colombia\/wp-content\/uploads\/los-audor-trafico-cocaina-caqueta-300x169.jpeg\",\"keywords\":[\"Antinarc\u00f3ticos\",\"base de coca\u00edna\",\"centro del pa\u00eds\",\"Concierto para delinquir\",\"CTI\",\"fiscal especializado\",\"Fiscal\u00eda General de la Naci\u00f3n\",\"Florencia\",\"Florencia (Caquet\u00e1)\",\"Los Audor\",\"Narcotr\u00e1fico\",\"Polic\u00eda Nacional\",\"Putumayo\",\"Seccional Caquet\u00e1.\",\"Seguridad territorial\",\"Tr\u00e1fico de estupefacientes\"],\"articleSection\":[\"Noticias\"],\"inLanguage\":\"es-CO\"},{\"@type\":\"WebPage\",\"@id\":\"https:\/\/www.fiscalia.gov.co\/colombia\/noticias\/desarticulada-organizacion-delincuencial-los-audor-por-trafico-de-base-de-cocaina-al-interior-del-pais\/\",\"url\":\"https:\/\/www.fiscalia.gov.co\/colombia\/noticias\/desarticulada-organizacion-delincuencial-los-audor-por-trafico-de-base-de-cocaina-al-interior-del-pais\/\",\"name\":\"Fiscal\u00eda General de la Naci\u00f3n\",\"isPartOf\":{\"@id\":\"https:\/\/www.fiscalia.gov.co\/colombia\/#website\"},\"primaryImageOfPage\":{\"@id\":\"https:\/\/www.fiscalia.gov.co\/colombia\/noticias\/desarticulada-organizacion-delincuencial-los-audor-por-trafico-de-base-de-cocaina-al-interior-del-pais\/#primaryimage\"},\"image\":{\"@id\":\"https:\/\/www.fiscalia.gov.co\/colombia\/noticias\/desarticulada-organizacion-delincuencial-los-audor-por-trafico-de-base-de-cocaina-al-interior-del-pais\/#primaryimage\"},\"thumbnailUrl\":\"https:\/\/www.fiscalia.gov.co\/colombia\/wp-content\/uploads\/los-audor-trafico-cocaina-caqueta-300x169.jpeg\",\"datePublished\":\"2023-09-29T15:27:46+00:00\",\"dateModified\":\"2023-09-29T15:29:58+00:00\",\"description\":\"P\u00e1gina oficial de la Fiscal\u00eda General de la Naci\u00f3n \u2013 Colombia. Garantizamos el acceso efectivo a la justicia, la verdad y la reparaci\u00f3n de las v\u00edctimas de los delitos.\",\"breadcrumb\":{\"@id\":\"https:\/\/www.fiscalia.gov.co\/colombia\/noticias\/desarticulada-organizacion-delincuencial-los-audor-por-trafico-de-base-de-cocaina-al-interior-del-pais\/#breadcrumb\"},\"inLanguage\":\"es-CO\",\"potentialAction\":[{\"@type\":\"ReadAction\",\"target\":[\"https:\/\/www.fiscalia.gov.co\/colombia\/noticias\/desarticulada-organizacion-delincuencial-los-audor-por-trafico-de-base-de-cocaina-al-interior-del-pais\/\"]}]},{\"@type\":\"ImageObject\",\"inLanguage\":\"es-CO\",\"@id\":\"https:\/\/www.fiscalia.gov.co\/colombia\/noticias\/desarticulada-organizacion-delincuencial-los-audor-por-trafico-de-base-de-cocaina-al-interior-del-pais\/#primaryimage\",\"url\":\"https:\/\/www.fiscalia.gov.co\/colombia\/wp-content\/uploads\/los-audor-trafico-cocaina-caqueta-300x169.jpeg\",\"contentUrl\":\"https:\/\/www.fiscalia.gov.co\/colombia\/wp-content\/uploads\/los-audor-trafico-cocaina-caqueta-300x169.jpeg\"},{\"@type\":\"BreadcrumbList\",\"@id\":\"https:\/\/www.fiscalia.gov.co\/colombia\/noticias\/desarticulada-organizacion-delincuencial-los-audor-por-trafico-de-base-de-cocaina-al-interior-del-pais\/#breadcrumb\",\"itemListElement\":[{\"@type\":\"ListItem\",\"position\":1,\"name\":\"Home\",\"item\":\"https:\/\/www.fiscalia.gov.co\/colombia\/\"},{\"@type\":\"ListItem\",\"position\":2,\"name\":\"Desarticulada organizaci\u00f3n delincuencial Los Audor por tr\u00e1fico de base de coca\u00edna al interior del pa\u00eds\"}]},{\"@type\":\"WebSite\",\"@id\":\"https:\/\/www.fiscalia.gov.co\/colombia\/#website\",\"url\":\"https:\/\/www.fiscalia.gov.co\/colombia\/\",\"name\":\"Fiscal\u00eda General de la Naci\u00f3n\",\"description\":\"P\u00e1gina oficial de la Fiscal\u00eda General de la Naci\u00f3n \u2013 Colombia. Garantizamos el acceso efectivo a la justicia, la verdad y la reparaci\u00f3n de las v\u00edctimas de los delitos.\",\"publisher\":{\"@id\":\"https:\/\/www.fiscalia.gov.co\/colombia\/#organization\"},\"potentialAction\":[{\"@type\":\"SearchAction\",\"target\":{\"@type\":\"EntryPoint\",\"urlTemplate\":\"https:\/\/www.fiscalia.gov.co\/colombia\/?s={search_term_string}\"},\"query-input\":{\"@type\":\"PropertyValueSpecification\",\"valueRequired\":true,\"valueName\":\"search_term_string\"}}],\"inLanguage\":\"es-CO\"},{\"@type\":\"Organization\",\"@id\":\"https:\/\/www.fiscalia.gov.co\/colombia\/#organization\",\"name\":\"Fiscal\u00eda General de la Naci\u00f3n\",\"url\":\"https:\/\/www.fiscalia.gov.co\/colombia\/\",\"logo\":{\"@type\":\"ImageObject\",\"inLanguage\":\"es-CO\",\"@id\":\"https:\/\/www.fiscalia.gov.co\/colombia\/#\/schema\/logo\/image\/\",\"url\":\"https:\/\/www.fiscalia.gov.co\/colombia\/wp-content\/uploads\/LogoHorizontal_1.jpg\",\"contentUrl\":\"https:\/\/www.fiscalia.gov.co\/colombia\/wp-content\/uploads\/LogoHorizontal_1.jpg\",\"width\":300,\"height\":90,\"caption\":\"Fiscal\u00eda General de la Naci\u00f3n\"},\"image\":{\"@id\":\"https:\/\/www.fiscalia.gov.co\/colombia\/#\/schema\/logo\/image\/\"},\"sameAs\":[\"https:\/\/www.facebook.com\/FiscaliaCol\",\"https:\/\/x.com\/FiscaliaCol\",\"https:\/\/www.instagram.com\/fiscaliacol\",\"https:\/\/www.linkedin.com\/company\/fiscalia-general-de-la-naci-n\/\",\"https:\/\/youtube.com\/@fiscaliageneraldelanacion-4668?si=6nN79nyQICPU5iTh\"]},{\"@type\":\"Person\",\"@id\":\"https:\/\/www.fiscalia.gov.co\/colombia\/#\/schema\/person\/176195b99ebab0a52aafa15197e1bf80\",\"name\":\"Winnie Geraldine Rodr\u00edguez Navarrete\",\"image\":{\"@type\":\"ImageObject\",\"inLanguage\":\"es-CO\",\"@id\":\"https:\/\/www.fiscalia.gov.co\/colombia\/#\/schema\/person\/image\/\",\"url\":\"https:\/\/secure.gravatar.com\/avatar\/c24cf8481dc84fa5e8c7b20bc95ab0c6?s=96&d=mm&r=g\",\"contentUrl\":\"https:\/\/secure.gravatar.com\/avatar\/c24cf8481dc84fa5e8c7b20bc95ab0c6?s=96&d=mm&r=g\",\"caption\":\"Winnie Geraldine Rodr\u00edguez Navarrete\"},\"url\":\"https:\/\/www.fiscalia.gov.co\/colombia\/author\/winnierodriguez\/\"}]}<\/script>\n<!-- \/ Yoast SEO plugin. -->","yoast_head_json":{"title":"Fiscal\u00eda General de la Naci\u00f3n","description":"P\u00e1gina oficial de la Fiscal\u00eda General de la Naci\u00f3n \u2013 Colombia. Garantizamos el acceso efectivo a la justicia, la verdad y la reparaci\u00f3n de las v\u00edctimas de los delitos.","robots":{"index":"noindex","follow":"follow"},"og_locale":"es_ES","og_type":"article","og_title":"Fiscal\u00eda General de la Naci\u00f3n","og_description":"P\u00e1gina oficial de la Fiscal\u00eda General de la Naci\u00f3n \u2013 Colombia. Garantizamos el acceso efectivo a la justicia, la verdad y la reparaci\u00f3n de las v\u00edctimas de los delitos.","og_url":"https:\/\/www.fiscalia.gov.co\/colombia\/noticias\/desarticulada-organizacion-delincuencial-los-audor-por-trafico-de-base-de-cocaina-al-interior-del-pais\/","og_site_name":"Fiscal\u00eda General de la Naci\u00f3n","article_publisher":"https:\/\/www.facebook.com\/FiscaliaCol","article_published_time":"2023-09-29T15:27:46+00:00","article_modified_time":"2023-09-29T15:29:58+00:00","og_image":[{"url":"https:\/\/www.fiscalia.gov.co\/colombia\/wp-content\/uploads\/los-audor-trafico-cocaina-caqueta-300x169.jpeg","type":"","width":"","height":""}],"author":"Winnie Geraldine Rodr\u00edguez Navarrete","twitter_card":"summary_large_image","twitter_creator":"@FiscaliaCol","twitter_site":"@FiscaliaCol","twitter_misc":{"Escrito por":"Winnie Geraldine Rodr\u00edguez Navarrete","Tiempo de lectura":"3 minutos"},"schema":{"@context":"https:\/\/schema.org","@graph":[{"@type":"Article","@id":"https:\/\/www.fiscalia.gov.co\/colombia\/noticias\/desarticulada-organizacion-delincuencial-los-audor-por-trafico-de-base-de-cocaina-al-interior-del-pais\/#article","isPartOf":{"@id":"https:\/\/www.fiscalia.gov.co\/colombia\/noticias\/desarticulada-organizacion-delincuencial-los-audor-por-trafico-de-base-de-cocaina-al-interior-del-pais\/"},"author":{"name":"Winnie Geraldine Rodr\u00edguez Navarrete","@id":"https:\/\/www.fiscalia.gov.co\/colombia\/#\/schema\/person\/176195b99ebab0a52aafa15197e1bf80"},"headline":"Desarticulada organizaci\u00f3n delincuencial Los Audor por tr\u00e1fico de base de coca\u00edna al interior del pa\u00eds","datePublished":"2023-09-29T15:27:46+00:00","dateModified":"2023-09-29T15:29:58+00:00","mainEntityOfPage":{"@id":"https:\/\/www.fiscalia.gov.co\/colombia\/noticias\/desarticulada-organizacion-delincuencial-los-audor-por-trafico-de-base-de-cocaina-al-interior-del-pais\/"},"wordCount":539,"publisher":{"@id":"https:\/\/www.fiscalia.gov.co\/colombia\/#organization"},"image":{"@id":"https:\/\/www.fiscalia.gov.co\/colombia\/noticias\/desarticulada-organizacion-delincuencial-los-audor-por-trafico-de-base-de-cocaina-al-interior-del-pais\/#primaryimage"},"thumbnailUrl":"https:\/\/www.fiscalia.gov.co\/colombia\/wp-content\/uploads\/los-audor-trafico-cocaina-caqueta-300x169.jpeg","keywords":["Antinarc\u00f3ticos","base de coca\u00edna","centro del pa\u00eds","Concierto para delinquir","CTI","fiscal especializado","Fiscal\u00eda General de la Naci\u00f3n","Florencia","Florencia (Caquet\u00e1)","Los Audor","Narcotr\u00e1fico","Polic\u00eda Nacional","Putumayo","Seccional Caquet\u00e1.","Seguridad territorial","Tr\u00e1fico de estupefacientes"],"articleSection":["Noticias"],"inLanguage":"es-CO"},{"@type":"WebPage","@id":"https:\/\/www.fiscalia.gov.co\/colombia\/noticias\/desarticulada-organizacion-delincuencial-los-audor-por-trafico-de-base-de-cocaina-al-interior-del-pais\/","url":"https:\/\/www.fiscalia.gov.co\/colombia\/noticias\/desarticulada-organizacion-delincuencial-los-audor-por-trafico-de-base-de-cocaina-al-interior-del-pais\/","name":"Fiscal\u00eda General de la Naci\u00f3n","isPartOf":{"@id":"https:\/\/www.fiscalia.gov.co\/colombia\/#website"},"primaryImageOfPage":{"@id":"https:\/\/www.fiscalia.gov.co\/colombia\/noticias\/desarticulada-organizacion-delincuencial-los-audor-por-trafico-de-base-de-cocaina-al-interior-del-pais\/#primaryimage"},"image":{"@id":"https:\/\/www.fiscalia.gov.co\/colombia\/noticias\/desarticulada-organizacion-delincuencial-los-audor-por-trafico-de-base-de-cocaina-al-interior-del-pais\/#primaryimage"},"thumbnailUrl":"https:\/\/www.fiscalia.gov.co\/colombia\/wp-content\/uploads\/los-audor-trafico-cocaina-caqueta-300x169.jpeg","datePublished":"2023-09-29T15:27:46+00:00","dateModified":"2023-09-29T15:29:58+00:00","description":"P\u00e1gina oficial de la Fiscal\u00eda General de la Naci\u00f3n \u2013 Colombia. Garantizamos el acceso efectivo a la justicia, la verdad y la reparaci\u00f3n de las v\u00edctimas de los delitos.","breadcrumb":{"@id":"https:\/\/www.fiscalia.gov.co\/colombia\/noticias\/desarticulada-organizacion-delincuencial-los-audor-por-trafico-de-base-de-cocaina-al-interior-del-pais\/#breadcrumb"},"inLanguage":"es-CO","potentialAction":[{"@type":"ReadAction","target":["https:\/\/www.fiscalia.gov.co\/colombia\/noticias\/desarticulada-organizacion-delincuencial-los-audor-por-trafico-de-base-de-cocaina-al-interior-del-pais\/"]}]},{"@type":"ImageObject","inLanguage":"es-CO","@id":"https:\/\/www.fiscalia.gov.co\/colombia\/noticias\/desarticulada-organizacion-delincuencial-los-audor-por-trafico-de-base-de-cocaina-al-interior-del-pais\/#primaryimage","url":"https:\/\/www.fiscalia.gov.co\/colombia\/wp-content\/uploads\/los-audor-trafico-cocaina-caqueta-300x169.jpeg","contentUrl":"https:\/\/www.fiscalia.gov.co\/colombia\/wp-content\/uploads\/los-audor-trafico-cocaina-caqueta-300x169.jpeg"},{"@type":"BreadcrumbList","@id":"https:\/\/www.fiscalia.gov.co\/colombia\/noticias\/desarticulada-organizacion-delincuencial-los-audor-por-trafico-de-base-de-cocaina-al-interior-del-pais\/#breadcrumb","itemListElement":[{"@type":"ListItem","position":1,"name":"Home","item":"https:\/\/www.fiscalia.gov.co\/colombia\/"},{"@type":"ListItem","position":2,"name":"Desarticulada organizaci\u00f3n delincuencial Los Audor por tr\u00e1fico de base de coca\u00edna al interior del pa\u00eds"}]},{"@type":"WebSite","@id":"https:\/\/www.fiscalia.gov.co\/colombia\/#website","url":"https:\/\/www.fiscalia.gov.co\/colombia\/","name":"Fiscal\u00eda General de la Naci\u00f3n","description":"P\u00e1gina oficial de la Fiscal\u00eda General de la Naci\u00f3n \u2013 Colombia. Garantizamos el acceso efectivo a la justicia, la verdad y la reparaci\u00f3n de las v\u00edctimas de los delitos.","publisher":{"@id":"https:\/\/www.fiscalia.gov.co\/colombia\/#organization"},"potentialAction":[{"@type":"SearchAction","target":{"@type":"EntryPoint","urlTemplate":"https:\/\/www.fiscalia.gov.co\/colombia\/?s={search_term_string}"},"query-input":{"@type":"PropertyValueSpecification","valueRequired":true,"valueName":"search_term_string"}}],"inLanguage":"es-CO"},{"@type":"Organization","@id":"https:\/\/www.fiscalia.gov.co\/colombia\/#organization","name":"Fiscal\u00eda General de la Naci\u00f3n","url":"https:\/\/www.fiscalia.gov.co\/colombia\/","logo":{"@type":"ImageObject","inLanguage":"es-CO","@id":"https:\/\/www.fiscalia.gov.co\/colombia\/#\/schema\/logo\/image\/","url":"https:\/\/www.fiscalia.gov.co\/colombia\/wp-content\/uploads\/LogoHorizontal_1.jpg","contentUrl":"https:\/\/www.fiscalia.gov.co\/colombia\/wp-content\/uploads\/LogoHorizontal_1.jpg","width":300,"height":90,"caption":"Fiscal\u00eda General de la Naci\u00f3n"},"image":{"@id":"https:\/\/www.fiscalia.gov.co\/colombia\/#\/schema\/logo\/image\/"},"sameAs":["https:\/\/www.facebook.com\/FiscaliaCol","https:\/\/x.com\/FiscaliaCol","https:\/\/www.instagram.com\/fiscaliacol","https:\/\/www.linkedin.com\/company\/fiscalia-general-de-la-naci-n\/","https:\/\/youtube.com\/@fiscaliageneraldelanacion-4668?si=6nN79nyQICPU5iTh"]},{"@type":"Person","@id":"https:\/\/www.fiscalia.gov.co\/colombia\/#\/schema\/person\/176195b99ebab0a52aafa15197e1bf80","name":"Winnie Geraldine Rodr\u00edguez Navarrete","image":{"@type":"ImageObject","inLanguage":"es-CO","@id":"https:\/\/www.fiscalia.gov.co\/colombia\/#\/schema\/person\/image\/","url":"https:\/\/secure.gravatar.com\/avatar\/c24cf8481dc84fa5e8c7b20bc95ab0c6?s=96&d=mm&r=g","contentUrl":"https:\/\/secure.gravatar.com\/avatar\/c24cf8481dc84fa5e8c7b20bc95ab0c6?s=96&d=mm&r=g","caption":"Winnie Geraldine Rodr\u00edguez Navarrete"},"url":"https:\/\/www.fiscalia.gov.co\/colombia\/author\/winnierodriguez\/"}]}},"_links":{"self":[{"href":"https:\/\/www.fiscalia.gov.co\/colombia\/wp-json\/wp\/v2\/posts\/280506","targetHints":{"allow":["GET"]}}],"collection":[{"href":"https:\/\/www.fiscalia.gov.co\/colombia\/wp-json\/wp\/v2\/posts"}],"about":[{"href":"https:\/\/www.fiscalia.gov.co\/colombia\/wp-json\/wp\/v2\/types\/post"}],"author":[{"embeddable":true,"href":"https:\/\/www.fiscalia.gov.co\/colombia\/wp-json\/wp\/v2\/users\/178"}],"replies":[{"embeddable":true,"href":"https:\/\/www.fiscalia.gov.co\/colombia\/wp-json\/wp\/v2\/comments?post=280506"}],"version-history":[{"count":2,"href":"https:\/\/www.fiscalia.gov.co\/colombia\/wp-json\/wp\/v2\/posts\/280506\/revisions"}],"predecessor-version":[{"id":280509,"href":"https:\/\/www.fiscalia.gov.co\/colombia\/wp-json\/wp\/v2\/posts\/280506\/revisions\/280509"}],"wp:attachment":[{"href":"https:\/\/www.fiscalia.gov.co\/colombia\/wp-json\/wp\/v2\/media?parent=280506"}],"wp:term":[{"taxonomy":"category","embeddable":true,"href":"https:\/\/www.fiscalia.gov.co\/colombia\/wp-json\/wp\/v2\/categories?post=280506"},{"taxonomy":"post_tag","embeddable":true,"href":"https:\/\/www.fiscalia.gov.co\/colombia\/wp-json\/wp\/v2\/tags?post=280506"}],"curies":[{"name":"wp","href":"https:\/\/api.w.org\/{rel}","templated":true}]}}