{"id":280219,"date":"2023-09-26T14:38:22","date_gmt":"2023-09-26T19:38:22","guid":{"rendered":"https:\/\/www.fiscalia.gov.co\/colombia\/?p=280219"},"modified":"2023-09-26T14:38:22","modified_gmt":"2023-09-26T19:38:22","slug":"fiscalia-desarticula-presunta-organizacion-ilegal-dedicada-al-trafico-de-migrantes-10-de-sus-senalados-integrantes-fueron-judicializados","status":"publish","type":"post","link":"https:\/\/www.fiscalia.gov.co\/colombia\/derechos-humanos\/fiscalia-desarticula-presunta-organizacion-ilegal-dedicada-al-trafico-de-migrantes-10-de-sus-senalados-integrantes-fueron-judicializados\/","title":{"rendered":"Fiscal\u00eda desarticula presunta organizaci\u00f3n ilegal dedicada al tr\u00e1fico de migrantes, 10 de sus se\u00f1alados integrantes fueron judicializados"},"content":{"rendered":"<ul>\n<li>\n<h4><strong><em>La red criminal gestionaba visas y documentos de identidad falsos para los extranjeros, con el prop\u00f3sito de burlar la acci\u00f3n de las autoridades.<\/em><\/strong><\/h4>\n<\/li>\n<\/ul>\n<ul>\n<li>\n<h4><strong><em>Allanamientos adelantados con el apoyo de la Dijin permitieron ubicar ocho extranjeros quienes fueron puestos a disposici\u00f3n de Migraci\u00f3n Colombia.<\/em><\/strong><\/h4>\n<\/li>\n<\/ul>\n<ul>\n<li>\n<h4><strong><em>De acuerdo con la investigaci\u00f3n, los migrantes eran movilizados desde Nari\u00f1o hacia el Urab\u00e1, pasando por Cali, Medell\u00edn y Bogot\u00e1, seg\u00fan la ruta trazada. <\/em><\/strong><\/h4>\n<\/li>\n<\/ul>\n<p>La contundencia del material probatorio aportado por un fiscal adscrito a la Direcci\u00f3n Especializada contra las Violaciones a los Derechos Humanos, permiti\u00f3 judicializar a 10 personas que har\u00edan parte de una organizaci\u00f3n criminal dedicada a movilizar por el territorio nacional extranjeros interesados en cruzar ilegalmente hacia Centro Am\u00e9rica.<\/p>\n<p>La decisi\u00f3n afecta a: Yesid Mauricio Posada Mart\u00ednez, Rubelly Prado Valenzuela, Daniel Mauricio Charfuelan Atis, Yonier David Torres Burgos, Yimi Fernando Gallego Cubides, Emerson Le\u00f3n Berrio, John Ernesto Lemus Jaramillo, Ariana Luz Buelvas Portela, Carlos Andr\u00e9s P\u00e9rez Ballesteros y a Jan Pieter de Vrijer Molina, quien ser\u00eda el cabecilla de la organizaci\u00f3n ilegal.<\/p>\n<p>Seg\u00fan la investigaci\u00f3n, desde hace siete a\u00f1os los procesados vendr\u00edan ubicando en zona de frontera de Nari\u00f1o a migrantes a quienes les cobraban entre 2.000 y 5.000 d\u00f3lares para poder llevarlos hasta Urab\u00e1, pasando por Cali, Medell\u00edn y Bogot\u00e1. La ruta se trazaba dependiendo del destino requerido por cada uno.<\/p>\n<p>Las sumas comprend\u00edan el pago de transporte, hospedaje y alimentaci\u00f3n, adem\u00e1s del tr\u00e1mite de visas y documentos de identificaci\u00f3n falsos para evadir los controles dispuestos por las autoridades.<\/p>\n<p>Tambi\u00e9n se pudo establecer que se presentaron casos en los cuales migrantes que estaban ubicados en la sala de inadmitidos del aeropuerto Eldorado de Bogot\u00e1 D.C., eran contactados por un integrante de la red para ofrecer paquetes de viaje ilegales.<\/p>\n<p>El material probatorio da cuenta que la red ofrec\u00eda documentos falsos para quienes estaban indocumentados, pero tambi\u00e9n identificaci\u00f3n original para que los migrantes suplantaran a sus usuarios reales.<\/p>\n<p>Gracias a la investigaci\u00f3n realizada por la Fiscal\u00eda, se comprob\u00f3 la vinculaci\u00f3n de esta red a por lo menos 10 eventos de tr\u00e1fico de migrantes, y se conoci\u00f3 de otros 27 m\u00e1s que la estructura ilegal no logr\u00f3 concretar.<\/p>\n<p>Las acciones adelantadas de manera coordinada con la Dijin de la Polic\u00eda Nacional permitieron ubicar a 8 ciudadanos cubanos que estaban alojados en una vivienda que al parecer pertenec\u00eda a uno de los capturados.\u00a0 Estos extranjeros fueron puestos a disposici\u00f3n de Migraci\u00f3n Colombia.<\/p>\n<p>De la misma manera, durante las diligencias de allanamiento cumplidas por la Dijin, fueron incautados 19 pasaportes falsos, 11 celulares, 79 millones de pesos y 29.000 euros, en efectivo.<\/p>\n<p>La Fiscal\u00eda imput\u00f3 a los procesados, seg\u00fan su presunta responsabilidad individual, delitos como tr\u00e1fico de migrantes y concierto para delinquir. Ninguno de los cargos fue aceptado. Por decisi\u00f3n del juez del caso los investigados fueron cobijados con medida de aseguramiento de detenci\u00f3n domiciliaria.<\/p>\n<p>Esta informaci\u00f3n se publica por razones de inter\u00e9s general.<\/p>\n<p><strong><u>La Fiscal\u00eda habla con resultados<\/u><\/strong><strong>.<\/strong><\/p>\n<p>&nbsp;<\/p>\n<p>&nbsp;<\/p>\n<p>&nbsp;<\/p>\n<p>LAGP\/MAGA\/CACH\/HTP\/DECVDH\/MRC\/<\/p>\n<p>&nbsp;<\/p>\n<p>&nbsp;<\/p>\n<p>&nbsp;<\/p>\n<p><em>La informaci\u00f3n contenida en este bolet\u00edn de prensa corresponde a la narraci\u00f3n de los hechos noticiosos objetivos, y las investigaciones penales al interior de la Fiscal\u00eda General de la Naci\u00f3n. Para el momento de la divulgaci\u00f3n de este comunicado, la situaci\u00f3n jur\u00eddica de la(s) persona(s) relacionada(s) se encuentra pendiente de resolver por la autoridad judicial competente, siempre bajo los preceptos de la presunci\u00f3n de inocencia, consagrados en el art\u00edculo 29 de la Constituci\u00f3n Pol\u00edtica y el art\u00edculo 7\u00ba de la Ley 906 de 2004.<\/em><\/p>\n\n<div class=\"twitter-share\"><a href=\"https:\/\/twitter.com\/intent\/tweet?via=fiscaliacol\" class=\"twitter-share-button\">Tweet<\/a><\/div>\n","protected":false},"excerpt":{"rendered":"<p>La red criminal gestionaba visas y documentos de identidad falsos para los extranjeros, con el prop\u00f3sito de burlar la acci\u00f3n de las autoridades. Allanamientos adelantados con el apoyo de la Dijin permitieron ubicar ocho extranjeros quienes fueron puestos a disposici\u00f3n de Migraci\u00f3n Colombia. De acuerdo con la investigaci\u00f3n, los migrantes eran movilizados desde Nari\u00f1o hacia [&hellip;]<\/p>\n","protected":false},"author":178,"featured_media":0,"comment_status":"closed","ping_status":"open","sticky":false,"template":"","format":"standard","meta":{"tdm_status":"","tdm_grid_status":"","footnotes":""},"categories":[24102,1],"tags":[33862,24185,1047],"class_list":{"0":"post-280219","1":"post","2":"type-post","3":"status-publish","4":"format-standard","6":"category-derechos-humanos","7":"category-noticias","8":"tag-bogota-d-c","9":"tag-fiscal-barbosa","10":"tag-fiscalia-general-de-la-nacion"},"yoast_head":"<!-- This site is optimized with the Yoast SEO plugin v24.3 - https:\/\/yoast.com\/wordpress\/plugins\/seo\/ -->\n<title>Fiscal\u00eda General de la Naci\u00f3n<\/title>\n<meta name=\"description\" content=\"P\u00e1gina oficial de la Fiscal\u00eda General de la Naci\u00f3n \u2013 Colombia. Garantizamos el acceso efectivo a la justicia, la verdad y la reparaci\u00f3n de las v\u00edctimas de los delitos.\" \/>\n<meta name=\"robots\" content=\"noindex, follow\" \/>\n<meta property=\"og:locale\" content=\"es_ES\" \/>\n<meta property=\"og:type\" content=\"article\" \/>\n<meta property=\"og:title\" content=\"Fiscal\u00eda General de la Naci\u00f3n\" \/>\n<meta property=\"og:description\" content=\"P\u00e1gina oficial de la Fiscal\u00eda General de la Naci\u00f3n \u2013 Colombia. Garantizamos el acceso efectivo a la justicia, la verdad y la reparaci\u00f3n de las v\u00edctimas de los delitos.\" \/>\n<meta property=\"og:url\" content=\"https:\/\/www.fiscalia.gov.co\/colombia\/derechos-humanos\/fiscalia-desarticula-presunta-organizacion-ilegal-dedicada-al-trafico-de-migrantes-10-de-sus-senalados-integrantes-fueron-judicializados\/\" \/>\n<meta property=\"og:site_name\" content=\"Fiscal\u00eda General de la Naci\u00f3n\" \/>\n<meta property=\"article:publisher\" content=\"https:\/\/www.facebook.com\/FiscaliaCol\" \/>\n<meta property=\"article:published_time\" content=\"2023-09-26T19:38:22+00:00\" \/>\n<meta name=\"author\" content=\"Winnie Geraldine Rodr\u00edguez Navarrete\" \/>\n<meta name=\"twitter:card\" content=\"summary_large_image\" \/>\n<meta name=\"twitter:creator\" content=\"@FiscaliaCol\" \/>\n<meta name=\"twitter:site\" content=\"@FiscaliaCol\" \/>\n<meta name=\"twitter:label1\" content=\"Escrito por\" \/>\n\t<meta name=\"twitter:data1\" content=\"Winnie Geraldine Rodr\u00edguez Navarrete\" \/>\n\t<meta name=\"twitter:label2\" content=\"Tiempo de lectura\" \/>\n\t<meta name=\"twitter:data2\" content=\"3 minutos\" \/>\n<script type=\"application\/ld+json\" class=\"yoast-schema-graph\">{\"@context\":\"https:\/\/schema.org\",\"@graph\":[{\"@type\":\"Article\",\"@id\":\"https:\/\/www.fiscalia.gov.co\/colombia\/derechos-humanos\/fiscalia-desarticula-presunta-organizacion-ilegal-dedicada-al-trafico-de-migrantes-10-de-sus-senalados-integrantes-fueron-judicializados\/#article\",\"isPartOf\":{\"@id\":\"https:\/\/www.fiscalia.gov.co\/colombia\/derechos-humanos\/fiscalia-desarticula-presunta-organizacion-ilegal-dedicada-al-trafico-de-migrantes-10-de-sus-senalados-integrantes-fueron-judicializados\/\"},\"author\":{\"name\":\"Winnie Geraldine Rodr\u00edguez Navarrete\",\"@id\":\"https:\/\/www.fiscalia.gov.co\/colombia\/#\/schema\/person\/176195b99ebab0a52aafa15197e1bf80\"},\"headline\":\"Fiscal\u00eda desarticula presunta organizaci\u00f3n ilegal dedicada al tr\u00e1fico de migrantes, 10 de sus se\u00f1alados integrantes fueron judicializados\",\"datePublished\":\"2023-09-26T19:38:22+00:00\",\"dateModified\":\"2023-09-26T19:38:22+00:00\",\"mainEntityOfPage\":{\"@id\":\"https:\/\/www.fiscalia.gov.co\/colombia\/derechos-humanos\/fiscalia-desarticula-presunta-organizacion-ilegal-dedicada-al-trafico-de-migrantes-10-de-sus-senalados-integrantes-fueron-judicializados\/\"},\"wordCount\":653,\"publisher\":{\"@id\":\"https:\/\/www.fiscalia.gov.co\/colombia\/#organization\"},\"keywords\":[\"Bogot\u00e1 D.C.\",\"Fiscal Barbosa\",\"Fiscal\u00eda General de la Naci\u00f3n\"],\"articleSection\":[\"Derechos Humanos\",\"Noticias\"],\"inLanguage\":\"es-CO\"},{\"@type\":\"WebPage\",\"@id\":\"https:\/\/www.fiscalia.gov.co\/colombia\/derechos-humanos\/fiscalia-desarticula-presunta-organizacion-ilegal-dedicada-al-trafico-de-migrantes-10-de-sus-senalados-integrantes-fueron-judicializados\/\",\"url\":\"https:\/\/www.fiscalia.gov.co\/colombia\/derechos-humanos\/fiscalia-desarticula-presunta-organizacion-ilegal-dedicada-al-trafico-de-migrantes-10-de-sus-senalados-integrantes-fueron-judicializados\/\",\"name\":\"Fiscal\u00eda General de la Naci\u00f3n\",\"isPartOf\":{\"@id\":\"https:\/\/www.fiscalia.gov.co\/colombia\/#website\"},\"datePublished\":\"2023-09-26T19:38:22+00:00\",\"dateModified\":\"2023-09-26T19:38:22+00:00\",\"description\":\"P\u00e1gina oficial de la Fiscal\u00eda General de la Naci\u00f3n \u2013 Colombia. Garantizamos el acceso efectivo a la justicia, la verdad y la reparaci\u00f3n de las v\u00edctimas de los delitos.\",\"breadcrumb\":{\"@id\":\"https:\/\/www.fiscalia.gov.co\/colombia\/derechos-humanos\/fiscalia-desarticula-presunta-organizacion-ilegal-dedicada-al-trafico-de-migrantes-10-de-sus-senalados-integrantes-fueron-judicializados\/#breadcrumb\"},\"inLanguage\":\"es-CO\",\"potentialAction\":[{\"@type\":\"ReadAction\",\"target\":[\"https:\/\/www.fiscalia.gov.co\/colombia\/derechos-humanos\/fiscalia-desarticula-presunta-organizacion-ilegal-dedicada-al-trafico-de-migrantes-10-de-sus-senalados-integrantes-fueron-judicializados\/\"]}]},{\"@type\":\"BreadcrumbList\",\"@id\":\"https:\/\/www.fiscalia.gov.co\/colombia\/derechos-humanos\/fiscalia-desarticula-presunta-organizacion-ilegal-dedicada-al-trafico-de-migrantes-10-de-sus-senalados-integrantes-fueron-judicializados\/#breadcrumb\",\"itemListElement\":[{\"@type\":\"ListItem\",\"position\":1,\"name\":\"Home\",\"item\":\"https:\/\/www.fiscalia.gov.co\/colombia\/\"},{\"@type\":\"ListItem\",\"position\":2,\"name\":\"Fiscal\u00eda desarticula presunta organizaci\u00f3n ilegal dedicada al tr\u00e1fico de migrantes, 10 de sus se\u00f1alados integrantes fueron judicializados\"}]},{\"@type\":\"WebSite\",\"@id\":\"https:\/\/www.fiscalia.gov.co\/colombia\/#website\",\"url\":\"https:\/\/www.fiscalia.gov.co\/colombia\/\",\"name\":\"Fiscal\u00eda General de la Naci\u00f3n\",\"description\":\"P\u00e1gina oficial de la Fiscal\u00eda General de la Naci\u00f3n \u2013 Colombia. Garantizamos el acceso efectivo a la justicia, la verdad y la reparaci\u00f3n de las v\u00edctimas de los delitos.\",\"publisher\":{\"@id\":\"https:\/\/www.fiscalia.gov.co\/colombia\/#organization\"},\"potentialAction\":[{\"@type\":\"SearchAction\",\"target\":{\"@type\":\"EntryPoint\",\"urlTemplate\":\"https:\/\/www.fiscalia.gov.co\/colombia\/?s={search_term_string}\"},\"query-input\":{\"@type\":\"PropertyValueSpecification\",\"valueRequired\":true,\"valueName\":\"search_term_string\"}}],\"inLanguage\":\"es-CO\"},{\"@type\":\"Organization\",\"@id\":\"https:\/\/www.fiscalia.gov.co\/colombia\/#organization\",\"name\":\"Fiscal\u00eda General de la Naci\u00f3n\",\"url\":\"https:\/\/www.fiscalia.gov.co\/colombia\/\",\"logo\":{\"@type\":\"ImageObject\",\"inLanguage\":\"es-CO\",\"@id\":\"https:\/\/www.fiscalia.gov.co\/colombia\/#\/schema\/logo\/image\/\",\"url\":\"https:\/\/www.fiscalia.gov.co\/colombia\/wp-content\/uploads\/LogoHorizontal_1.jpg\",\"contentUrl\":\"https:\/\/www.fiscalia.gov.co\/colombia\/wp-content\/uploads\/LogoHorizontal_1.jpg\",\"width\":300,\"height\":90,\"caption\":\"Fiscal\u00eda General de la Naci\u00f3n\"},\"image\":{\"@id\":\"https:\/\/www.fiscalia.gov.co\/colombia\/#\/schema\/logo\/image\/\"},\"sameAs\":[\"https:\/\/www.facebook.com\/FiscaliaCol\",\"https:\/\/x.com\/FiscaliaCol\",\"https:\/\/www.instagram.com\/fiscaliacol\",\"https:\/\/www.linkedin.com\/company\/fiscalia-general-de-la-naci-n\/\",\"https:\/\/youtube.com\/@fiscaliageneraldelanacion-4668?si=6nN79nyQICPU5iTh\"]},{\"@type\":\"Person\",\"@id\":\"https:\/\/www.fiscalia.gov.co\/colombia\/#\/schema\/person\/176195b99ebab0a52aafa15197e1bf80\",\"name\":\"Winnie Geraldine Rodr\u00edguez Navarrete\",\"image\":{\"@type\":\"ImageObject\",\"inLanguage\":\"es-CO\",\"@id\":\"https:\/\/www.fiscalia.gov.co\/colombia\/#\/schema\/person\/image\/\",\"url\":\"https:\/\/secure.gravatar.com\/avatar\/c24cf8481dc84fa5e8c7b20bc95ab0c6?s=96&d=mm&r=g\",\"contentUrl\":\"https:\/\/secure.gravatar.com\/avatar\/c24cf8481dc84fa5e8c7b20bc95ab0c6?s=96&d=mm&r=g\",\"caption\":\"Winnie Geraldine Rodr\u00edguez Navarrete\"},\"url\":\"https:\/\/www.fiscalia.gov.co\/colombia\/author\/winnierodriguez\/\"}]}<\/script>\n<!-- \/ Yoast SEO plugin. -->","yoast_head_json":{"title":"Fiscal\u00eda General de la Naci\u00f3n","description":"P\u00e1gina oficial de la Fiscal\u00eda General de la Naci\u00f3n \u2013 Colombia. Garantizamos el acceso efectivo a la justicia, la verdad y la reparaci\u00f3n de las v\u00edctimas de los delitos.","robots":{"index":"noindex","follow":"follow"},"og_locale":"es_ES","og_type":"article","og_title":"Fiscal\u00eda General de la Naci\u00f3n","og_description":"P\u00e1gina oficial de la Fiscal\u00eda General de la Naci\u00f3n \u2013 Colombia. Garantizamos el acceso efectivo a la justicia, la verdad y la reparaci\u00f3n de las v\u00edctimas de los delitos.","og_url":"https:\/\/www.fiscalia.gov.co\/colombia\/derechos-humanos\/fiscalia-desarticula-presunta-organizacion-ilegal-dedicada-al-trafico-de-migrantes-10-de-sus-senalados-integrantes-fueron-judicializados\/","og_site_name":"Fiscal\u00eda General de la Naci\u00f3n","article_publisher":"https:\/\/www.facebook.com\/FiscaliaCol","article_published_time":"2023-09-26T19:38:22+00:00","author":"Winnie Geraldine Rodr\u00edguez Navarrete","twitter_card":"summary_large_image","twitter_creator":"@FiscaliaCol","twitter_site":"@FiscaliaCol","twitter_misc":{"Escrito por":"Winnie Geraldine Rodr\u00edguez Navarrete","Tiempo de lectura":"3 minutos"},"schema":{"@context":"https:\/\/schema.org","@graph":[{"@type":"Article","@id":"https:\/\/www.fiscalia.gov.co\/colombia\/derechos-humanos\/fiscalia-desarticula-presunta-organizacion-ilegal-dedicada-al-trafico-de-migrantes-10-de-sus-senalados-integrantes-fueron-judicializados\/#article","isPartOf":{"@id":"https:\/\/www.fiscalia.gov.co\/colombia\/derechos-humanos\/fiscalia-desarticula-presunta-organizacion-ilegal-dedicada-al-trafico-de-migrantes-10-de-sus-senalados-integrantes-fueron-judicializados\/"},"author":{"name":"Winnie Geraldine Rodr\u00edguez Navarrete","@id":"https:\/\/www.fiscalia.gov.co\/colombia\/#\/schema\/person\/176195b99ebab0a52aafa15197e1bf80"},"headline":"Fiscal\u00eda desarticula presunta organizaci\u00f3n ilegal dedicada al tr\u00e1fico de migrantes, 10 de sus se\u00f1alados integrantes fueron judicializados","datePublished":"2023-09-26T19:38:22+00:00","dateModified":"2023-09-26T19:38:22+00:00","mainEntityOfPage":{"@id":"https:\/\/www.fiscalia.gov.co\/colombia\/derechos-humanos\/fiscalia-desarticula-presunta-organizacion-ilegal-dedicada-al-trafico-de-migrantes-10-de-sus-senalados-integrantes-fueron-judicializados\/"},"wordCount":653,"publisher":{"@id":"https:\/\/www.fiscalia.gov.co\/colombia\/#organization"},"keywords":["Bogot\u00e1 D.C.","Fiscal Barbosa","Fiscal\u00eda General de la Naci\u00f3n"],"articleSection":["Derechos Humanos","Noticias"],"inLanguage":"es-CO"},{"@type":"WebPage","@id":"https:\/\/www.fiscalia.gov.co\/colombia\/derechos-humanos\/fiscalia-desarticula-presunta-organizacion-ilegal-dedicada-al-trafico-de-migrantes-10-de-sus-senalados-integrantes-fueron-judicializados\/","url":"https:\/\/www.fiscalia.gov.co\/colombia\/derechos-humanos\/fiscalia-desarticula-presunta-organizacion-ilegal-dedicada-al-trafico-de-migrantes-10-de-sus-senalados-integrantes-fueron-judicializados\/","name":"Fiscal\u00eda General de la Naci\u00f3n","isPartOf":{"@id":"https:\/\/www.fiscalia.gov.co\/colombia\/#website"},"datePublished":"2023-09-26T19:38:22+00:00","dateModified":"2023-09-26T19:38:22+00:00","description":"P\u00e1gina oficial de la Fiscal\u00eda General de la Naci\u00f3n \u2013 Colombia. Garantizamos el acceso efectivo a la justicia, la verdad y la reparaci\u00f3n de las v\u00edctimas de los delitos.","breadcrumb":{"@id":"https:\/\/www.fiscalia.gov.co\/colombia\/derechos-humanos\/fiscalia-desarticula-presunta-organizacion-ilegal-dedicada-al-trafico-de-migrantes-10-de-sus-senalados-integrantes-fueron-judicializados\/#breadcrumb"},"inLanguage":"es-CO","potentialAction":[{"@type":"ReadAction","target":["https:\/\/www.fiscalia.gov.co\/colombia\/derechos-humanos\/fiscalia-desarticula-presunta-organizacion-ilegal-dedicada-al-trafico-de-migrantes-10-de-sus-senalados-integrantes-fueron-judicializados\/"]}]},{"@type":"BreadcrumbList","@id":"https:\/\/www.fiscalia.gov.co\/colombia\/derechos-humanos\/fiscalia-desarticula-presunta-organizacion-ilegal-dedicada-al-trafico-de-migrantes-10-de-sus-senalados-integrantes-fueron-judicializados\/#breadcrumb","itemListElement":[{"@type":"ListItem","position":1,"name":"Home","item":"https:\/\/www.fiscalia.gov.co\/colombia\/"},{"@type":"ListItem","position":2,"name":"Fiscal\u00eda desarticula presunta organizaci\u00f3n ilegal dedicada al tr\u00e1fico de migrantes, 10 de sus se\u00f1alados integrantes fueron judicializados"}]},{"@type":"WebSite","@id":"https:\/\/www.fiscalia.gov.co\/colombia\/#website","url":"https:\/\/www.fiscalia.gov.co\/colombia\/","name":"Fiscal\u00eda General de la Naci\u00f3n","description":"P\u00e1gina oficial de la Fiscal\u00eda General de la Naci\u00f3n \u2013 Colombia. Garantizamos el acceso efectivo a la justicia, la verdad y la reparaci\u00f3n de las v\u00edctimas de los delitos.","publisher":{"@id":"https:\/\/www.fiscalia.gov.co\/colombia\/#organization"},"potentialAction":[{"@type":"SearchAction","target":{"@type":"EntryPoint","urlTemplate":"https:\/\/www.fiscalia.gov.co\/colombia\/?s={search_term_string}"},"query-input":{"@type":"PropertyValueSpecification","valueRequired":true,"valueName":"search_term_string"}}],"inLanguage":"es-CO"},{"@type":"Organization","@id":"https:\/\/www.fiscalia.gov.co\/colombia\/#organization","name":"Fiscal\u00eda General de la Naci\u00f3n","url":"https:\/\/www.fiscalia.gov.co\/colombia\/","logo":{"@type":"ImageObject","inLanguage":"es-CO","@id":"https:\/\/www.fiscalia.gov.co\/colombia\/#\/schema\/logo\/image\/","url":"https:\/\/www.fiscalia.gov.co\/colombia\/wp-content\/uploads\/LogoHorizontal_1.jpg","contentUrl":"https:\/\/www.fiscalia.gov.co\/colombia\/wp-content\/uploads\/LogoHorizontal_1.jpg","width":300,"height":90,"caption":"Fiscal\u00eda General de la Naci\u00f3n"},"image":{"@id":"https:\/\/www.fiscalia.gov.co\/colombia\/#\/schema\/logo\/image\/"},"sameAs":["https:\/\/www.facebook.com\/FiscaliaCol","https:\/\/x.com\/FiscaliaCol","https:\/\/www.instagram.com\/fiscaliacol","https:\/\/www.linkedin.com\/company\/fiscalia-general-de-la-naci-n\/","https:\/\/youtube.com\/@fiscaliageneraldelanacion-4668?si=6nN79nyQICPU5iTh"]},{"@type":"Person","@id":"https:\/\/www.fiscalia.gov.co\/colombia\/#\/schema\/person\/176195b99ebab0a52aafa15197e1bf80","name":"Winnie Geraldine Rodr\u00edguez Navarrete","image":{"@type":"ImageObject","inLanguage":"es-CO","@id":"https:\/\/www.fiscalia.gov.co\/colombia\/#\/schema\/person\/image\/","url":"https:\/\/secure.gravatar.com\/avatar\/c24cf8481dc84fa5e8c7b20bc95ab0c6?s=96&d=mm&r=g","contentUrl":"https:\/\/secure.gravatar.com\/avatar\/c24cf8481dc84fa5e8c7b20bc95ab0c6?s=96&d=mm&r=g","caption":"Winnie Geraldine Rodr\u00edguez Navarrete"},"url":"https:\/\/www.fiscalia.gov.co\/colombia\/author\/winnierodriguez\/"}]}},"_links":{"self":[{"href":"https:\/\/www.fiscalia.gov.co\/colombia\/wp-json\/wp\/v2\/posts\/280219","targetHints":{"allow":["GET"]}}],"collection":[{"href":"https:\/\/www.fiscalia.gov.co\/colombia\/wp-json\/wp\/v2\/posts"}],"about":[{"href":"https:\/\/www.fiscalia.gov.co\/colombia\/wp-json\/wp\/v2\/types\/post"}],"author":[{"embeddable":true,"href":"https:\/\/www.fiscalia.gov.co\/colombia\/wp-json\/wp\/v2\/users\/178"}],"replies":[{"embeddable":true,"href":"https:\/\/www.fiscalia.gov.co\/colombia\/wp-json\/wp\/v2\/comments?post=280219"}],"version-history":[{"count":1,"href":"https:\/\/www.fiscalia.gov.co\/colombia\/wp-json\/wp\/v2\/posts\/280219\/revisions"}],"predecessor-version":[{"id":280220,"href":"https:\/\/www.fiscalia.gov.co\/colombia\/wp-json\/wp\/v2\/posts\/280219\/revisions\/280220"}],"wp:attachment":[{"href":"https:\/\/www.fiscalia.gov.co\/colombia\/wp-json\/wp\/v2\/media?parent=280219"}],"wp:term":[{"taxonomy":"category","embeddable":true,"href":"https:\/\/www.fiscalia.gov.co\/colombia\/wp-json\/wp\/v2\/categories?post=280219"},{"taxonomy":"post_tag","embeddable":true,"href":"https:\/\/www.fiscalia.gov.co\/colombia\/wp-json\/wp\/v2\/tags?post=280219"}],"curies":[{"name":"wp","href":"https:\/\/api.w.org\/{rel}","templated":true}]}}