{"id":280204,"date":"2023-09-26T12:41:12","date_gmt":"2023-09-26T17:41:12","guid":{"rendered":"https:\/\/www.fiscalia.gov.co\/colombia\/?p=280204"},"modified":"2023-10-06T14:58:52","modified_gmt":"2023-10-06T19:58:52","slug":"impactados-los-gorriones-por-trafico-de-estupefacientes-y-uso-de-menores-de-edad-para-comercializarlos","status":"publish","type":"post","link":"https:\/\/www.fiscalia.gov.co\/colombia\/noticias\/impactados-los-gorriones-por-trafico-de-estupefacientes-y-uso-de-menores-de-edad-para-comercializarlos\/","title":{"rendered":"Impactados Los Gorriones por tr\u00e1fico de estupefacientes y uso de menores de edad para comercializarlos"},"content":{"rendered":"<p>Por los delitos de concierto para delinquir, tr\u00e1fico, fabricaci\u00f3n y porte de estupefacientes, uso de menores en la comisi\u00f3n de delitos y suministro a menor, fueron privados de la libertad siete adultos y fue aprehendido un adolescente de 15 a\u00f1os de edad.<\/p>\n<p>Mediante diligencias de registro y allanamiento simult\u00e1neas en Pitalito (Huila) la Polic\u00eda en cabeza de una fiscal\u00eda seccional de ese municipio, lograron impactar este grupo de delincuencia organizada denominado Los Gorriones.<\/p>\n<p>Los capturados fueron identificados como:<\/p>\n<ul type=\"disc\">\n<li>Marlo Leonardo Mu\u00f1oz Suaza, alias Chulo, de 20 a\u00f1os de edad.<\/li>\n<li>Angie Paola Burgos Martinez, de 19 a\u00f1os de edad.<\/li>\n<li>Cristian Camilo Burgos Chilito, alias Chilito, de 29 a\u00f1os de edad.<\/li>\n<li>Juan David Valencia Barreto alias Caco, de 19 a\u00f1os de edad.<\/li>\n<li>Luis Arbey Ortiz Palomares alias Wicho, de 26 a\u00f1os de edad.<\/li>\n<li>Jesus Olmedo Burgos Chilito alias Olmedo, de 27 a\u00f1os de edad.<\/li>\n<li>Geiner Duvan Cortez Mu\u00f1oz alias Geiner, de 20 a\u00f1os de edad.<\/li>\n<\/ul>\n<p>Actividades de polic\u00eda judicial dan cuenta que varias personas unieron voluntades para delinquir en torno a la adquisici\u00f3n y comercializaci\u00f3n de sustancias estupefacientes en la calle tercera entre carreras 10\u00b0 y 11\u00b0 del municipio.<\/p>\n<p>Esta actividad il\u00edcita pondr\u00eda en riesgo la seguridad e integridad de los habitantes del sector especialmente ni\u00f1os, ni\u00f1as y adolescentes que transitan por este sector, ya que es paso obligado hacia el colegio.<\/p>\n<p>De igual manera se tiene material probatorio que da cuenta que inducir\u00edan al consumo de drogas a los menores de edad que habitan en la zona.<\/p>\n<p><b>\u00a0<\/b>\u00a0<b>As\u00ed operaban Los Gorriones<\/b><\/p>\n<p>Pese al patrullaje continuo de las autoridades en el sector, los procesados se habr\u00edan organizado a\u00fan m\u00e1s, cumpliendo cada uno roles espec\u00edficos, entre ellos de \u2018campaneros\u2019, encargados de avisar a sus c\u00f3mplices ante la presencia de las autoridades; tambi\u00e9n\u00a0quienes surten y contactan los posibles compradores y portan peque\u00f1as cantidades con el objeto de no ser sorprendidos con la sustancia tan f\u00e1cilmente.<\/p>\n<p>Actividades de investigaci\u00f3n han permitido evidenciar en el lugar 51 eventos de venta de sustancias estupefacientes de los cuales se lograron incautar 20 sustancias que al ser sometidas a an\u00e1lisis\u00a0\u00a0de\u00a0\u00a0las Pruebas de Identificaci\u00f3n Preliminar Homologada\u00a0(PIPH)\u00a0arrojaron resultados positivos para marihuana, bazuco y base de coca.<\/p>\n<figure id=\"attachment_280205\" aria-describedby=\"caption-attachment-280205\" style=\"width: 355px\" class=\"wp-caption aligncenter\"><img loading=\"lazy\" decoding=\"async\" class=\" wp-image-280205\" src=\"https:\/\/www.fiscalia.gov.co\/colombia\/wp-content\/uploads\/los-gorriones-estupefacientes-gdo-huila-300x179.jpeg\" alt=\"en la imagen se ven varias personas detenidas bajo custodia de integrantes de la Polic\u00eda Nacional. Detr\u00e1s suyo backings institucionales. \" width=\"355\" height=\"212\" srcset=\"https:\/\/www.fiscalia.gov.co\/colombia\/wp-content\/uploads\/los-gorriones-estupefacientes-gdo-huila-300x179.jpeg 300w, https:\/\/www.fiscalia.gov.co\/colombia\/wp-content\/uploads\/los-gorriones-estupefacientes-gdo-huila-1024x610.jpeg 1024w, https:\/\/www.fiscalia.gov.co\/colombia\/wp-content\/uploads\/los-gorriones-estupefacientes-gdo-huila-768x457.jpeg 768w, https:\/\/www.fiscalia.gov.co\/colombia\/wp-content\/uploads\/los-gorriones-estupefacientes-gdo-huila-1536x915.jpeg 1536w, https:\/\/www.fiscalia.gov.co\/colombia\/wp-content\/uploads\/los-gorriones-estupefacientes-gdo-huila-696x415.jpeg 696w, https:\/\/www.fiscalia.gov.co\/colombia\/wp-content\/uploads\/los-gorriones-estupefacientes-gdo-huila-1068x636.jpeg 1068w, https:\/\/www.fiscalia.gov.co\/colombia\/wp-content\/uploads\/los-gorriones-estupefacientes-gdo-huila-705x420.jpeg 705w, https:\/\/www.fiscalia.gov.co\/colombia\/wp-content\/uploads\/los-gorriones-estupefacientes-gdo-huila.jpeg 1600w\" sizes=\"auto, (max-width: 355px) 100vw, 355px\" \/><figcaption id=\"caption-attachment-280205\" class=\"wp-caption-text\">Siete adultos y un adolescente de 15 a\u00f1os de edad fue aprehendido por su presunta pertenencia a un grupo de delincuencia organizada denominado Los Gorriones dedicado al aparecer al tr\u00e1fico de estupefacientes en Pitalito, Huila<\/figcaption><\/figure>\n<p>De igual manera se lograron recolectar siete entrevistas de personas consumidoras, que compraron dicha sustancia en el sector, informando que desde hac\u00eda varios meses se surt\u00edan de ella en la zona.<\/p>\n<p>Adem\u00e1s, instrumentalizar\u00edan a menores de edad para la comisi\u00f3n de estos delitos, suministr\u00e1ndoles la droga para que la vendan y a su vez la consuman. Se tiene igualmente que han amenazado a los habitantes del lugar que han tratado de impedir esta situaci\u00f3n.<\/p>\n<p>Al t\u00e9rmino de las audiencias de rigor no aceptaron los cargos enrostrados por la delegada fiscal y todos los hombres fueron afectados con medida de aseguramiento en centro de reclusi\u00f3n y a la mujer le fue otorgada en su domicilio.<\/p>\n<p>Entre tanto, el adolescente deber\u00e1 seguir compareciendo en libertad al proceso mientras se adelanta la audiencia de imposici\u00f3n de sanci\u00f3n.<\/p>\n<p>&nbsp;<\/p>\n<p><b><u>La Fiscal\u00eda habla con resultados.\u00a0<\/u><\/b><\/p>\n<p>PAAM\/LYBT\/SC\/DFHI\/DSH<\/p>\n<p>&nbsp;<\/p>\n<p><span lang=\"ES-TRAD\">\u00a0<\/span><\/p>\n<p><span lang=\"ES-TRAD\"> <em>La informaci\u00f3n contenida en este bolet\u00edn de prensa corresponde a la narraci\u00f3n de los hechos noticiosos objetivos, suministrados por los funcionarios encargados de adelantar las investigaciones penales al interior de la Fiscal\u00eda General de la Naci\u00f3n. Para el momento de la divulgaci\u00f3n de este comunicado, la situaci\u00f3n jur\u00eddica de la(s) persona(s) relacionada(s) se encuentra pendiente de resolver por la autoridad\u00a0judicial competente, siempre bajo los preceptos de la presunci\u00f3n de inocencia, consagrados en el art\u00edculo 29 de la Constituci\u00f3n Pol\u00edtica y el art\u00edculo 7\u00ba de la Ley 906 de 2004.\u00a0<\/em><\/span><\/p>\n<p>&nbsp;<\/p>\n<p>&nbsp;<\/p>\n\n<div class=\"twitter-share\"><a href=\"https:\/\/twitter.com\/intent\/tweet?via=fiscaliacol\" class=\"twitter-share-button\">Tweet<\/a><\/div>\n","protected":false},"excerpt":{"rendered":"<p>Por los delitos de concierto para delinquir, tr\u00e1fico, fabricaci\u00f3n y porte de estupefacientes, uso de menores en la comisi\u00f3n de delitos y suministro a menor, fueron privados de la libertad siete adultos y fue aprehendido un adolescente de 15 a\u00f1os de edad. Mediante diligencias de registro y allanamiento simult\u00e1neas en Pitalito (Huila) la Polic\u00eda en [&hellip;]<\/p>\n","protected":false},"author":178,"featured_media":280970,"comment_status":"closed","ping_status":"open","sticky":false,"template":"","format":"video","meta":{"_price":"","_stock":"","_tribe_ticket_header":"","_tribe_default_ticket_provider":"","_tribe_ticket_capacity":"0","_ticket_start_date":"","_ticket_end_date":"","_tribe_ticket_show_description":"","_tribe_ticket_show_not_going":false,"_tribe_ticket_use_global_stock":"","_tribe_ticket_global_stock_level":"","_global_stock_mode":"","_global_stock_cap":"","_tribe_rsvp_for_event":"","_tribe_ticket_going_count":"","_tribe_ticket_not_going_count":"","_tribe_tickets_list":"[]","_tribe_ticket_has_attendee_info_fields":false,"tdm_status":"","tdm_grid_status":"","footnotes":""},"categories":[1,24099],"tags":[3391,5636,1047,16,1264,1628,11563,2723,31812,558,30239,155,12532],"class_list":{"0":"post-280204","1":"post","2":"type-post","3":"status-publish","4":"format-video","5":"has-post-thumbnail","7":"category-noticias","8":"category-seguridad-territorial","9":"tag-base-de-coca","10":"tag-bazuco","11":"tag-fiscalia-general-de-la-nacion","12":"tag-huila","13":"tag-marihuana","14":"tag-menores-de-edad","15":"tag-narcomenudeo","16":"tag-pitalito","17":"tag-pitalito-huila","18":"tag-policia-nacional","19":"tag-seguridad-territorial","20":"tag-trafico-de-estupefacientes","21":"tag-uso-de-menores-para-la-comision-de-delitos","22":"post_format-post-format-video"},"yoast_head":"<!-- This site is optimized with the Yoast SEO plugin v24.3 - https:\/\/yoast.com\/wordpress\/plugins\/seo\/ -->\n<title>Fiscal\u00eda General de la Naci\u00f3n<\/title>\n<meta name=\"description\" content=\"P\u00e1gina oficial de la Fiscal\u00eda General de la Naci\u00f3n \u2013 Colombia. Garantizamos el acceso efectivo a la justicia, la verdad y la reparaci\u00f3n de las v\u00edctimas de los delitos.\" \/>\n<meta name=\"robots\" content=\"noindex, follow\" \/>\n<meta property=\"og:locale\" content=\"es_ES\" \/>\n<meta property=\"og:type\" content=\"article\" \/>\n<meta property=\"og:title\" content=\"Fiscal\u00eda General de la Naci\u00f3n\" \/>\n<meta property=\"og:description\" content=\"P\u00e1gina oficial de la Fiscal\u00eda General de la Naci\u00f3n \u2013 Colombia. Garantizamos el acceso efectivo a la justicia, la verdad y la reparaci\u00f3n de las v\u00edctimas de los delitos.\" \/>\n<meta property=\"og:url\" content=\"https:\/\/www.fiscalia.gov.co\/colombia\/noticias\/impactados-los-gorriones-por-trafico-de-estupefacientes-y-uso-de-menores-de-edad-para-comercializarlos\/\" \/>\n<meta property=\"og:site_name\" content=\"Fiscal\u00eda General de la Naci\u00f3n\" \/>\n<meta property=\"article:publisher\" content=\"https:\/\/www.facebook.com\/FiscaliaCol\" \/>\n<meta property=\"article:published_time\" content=\"2023-09-26T17:41:12+00:00\" \/>\n<meta property=\"article:modified_time\" content=\"2023-10-06T19:58:52+00:00\" \/>\n<meta property=\"og:image\" content=\"https:\/\/www.fiscalia.gov.co\/colombia\/wp-content\/uploads\/maxresdefault-1201.jpg\" \/>\n\t<meta property=\"og:image:width\" content=\"1280\" \/>\n\t<meta property=\"og:image:height\" content=\"720\" \/>\n\t<meta property=\"og:image:type\" content=\"image\/jpeg\" \/>\n<meta name=\"author\" content=\"Winnie Geraldine Rodr\u00edguez Navarrete\" \/>\n<meta name=\"twitter:card\" content=\"summary_large_image\" \/>\n<meta name=\"twitter:creator\" content=\"@FiscaliaCol\" \/>\n<meta name=\"twitter:site\" content=\"@FiscaliaCol\" \/>\n<meta name=\"twitter:label1\" content=\"Escrito por\" \/>\n\t<meta name=\"twitter:data1\" content=\"Winnie Geraldine Rodr\u00edguez Navarrete\" \/>\n\t<meta name=\"twitter:label2\" content=\"Tiempo de lectura\" \/>\n\t<meta name=\"twitter:data2\" content=\"4 minutos\" \/>\n<script type=\"application\/ld+json\" class=\"yoast-schema-graph\">{\"@context\":\"https:\/\/schema.org\",\"@graph\":[{\"@type\":\"Article\",\"@id\":\"https:\/\/www.fiscalia.gov.co\/colombia\/noticias\/impactados-los-gorriones-por-trafico-de-estupefacientes-y-uso-de-menores-de-edad-para-comercializarlos\/#article\",\"isPartOf\":{\"@id\":\"https:\/\/www.fiscalia.gov.co\/colombia\/noticias\/impactados-los-gorriones-por-trafico-de-estupefacientes-y-uso-de-menores-de-edad-para-comercializarlos\/\"},\"author\":{\"name\":\"Winnie Geraldine Rodr\u00edguez Navarrete\",\"@id\":\"https:\/\/www.fiscalia.gov.co\/colombia\/#\/schema\/person\/176195b99ebab0a52aafa15197e1bf80\"},\"headline\":\"Impactados Los Gorriones por tr\u00e1fico de estupefacientes y uso de menores de edad para comercializarlos\",\"datePublished\":\"2023-09-26T17:41:12+00:00\",\"dateModified\":\"2023-10-06T19:58:52+00:00\",\"mainEntityOfPage\":{\"@id\":\"https:\/\/www.fiscalia.gov.co\/colombia\/noticias\/impactados-los-gorriones-por-trafico-de-estupefacientes-y-uso-de-menores-de-edad-para-comercializarlos\/\"},\"wordCount\":704,\"publisher\":{\"@id\":\"https:\/\/www.fiscalia.gov.co\/colombia\/#organization\"},\"image\":{\"@id\":\"https:\/\/www.fiscalia.gov.co\/colombia\/noticias\/impactados-los-gorriones-por-trafico-de-estupefacientes-y-uso-de-menores-de-edad-para-comercializarlos\/#primaryimage\"},\"thumbnailUrl\":\"https:\/\/www.fiscalia.gov.co\/colombia\/wp-content\/uploads\/maxresdefault-1201.jpg\",\"keywords\":[\"Base de coca\",\"Bazuco\",\"Fiscal\u00eda General de la Naci\u00f3n\",\"Huila\",\"Marihuana\",\"Menores de edad\",\"Narcomenudeo\",\"Pitalito\",\"Pitalito (Huila)\",\"Polic\u00eda Nacional\",\"Seguridad territorial\",\"Tr\u00e1fico de estupefacientes\",\"uso de menores para la comisi\u00f3n de delitos\"],\"articleSection\":[\"Noticias\",\"Seguridad territorial\"],\"inLanguage\":\"es-CO\"},{\"@type\":\"WebPage\",\"@id\":\"https:\/\/www.fiscalia.gov.co\/colombia\/noticias\/impactados-los-gorriones-por-trafico-de-estupefacientes-y-uso-de-menores-de-edad-para-comercializarlos\/\",\"url\":\"https:\/\/www.fiscalia.gov.co\/colombia\/noticias\/impactados-los-gorriones-por-trafico-de-estupefacientes-y-uso-de-menores-de-edad-para-comercializarlos\/\",\"name\":\"Fiscal\u00eda General de la Naci\u00f3n\",\"isPartOf\":{\"@id\":\"https:\/\/www.fiscalia.gov.co\/colombia\/#website\"},\"primaryImageOfPage\":{\"@id\":\"https:\/\/www.fiscalia.gov.co\/colombia\/noticias\/impactados-los-gorriones-por-trafico-de-estupefacientes-y-uso-de-menores-de-edad-para-comercializarlos\/#primaryimage\"},\"image\":{\"@id\":\"https:\/\/www.fiscalia.gov.co\/colombia\/noticias\/impactados-los-gorriones-por-trafico-de-estupefacientes-y-uso-de-menores-de-edad-para-comercializarlos\/#primaryimage\"},\"thumbnailUrl\":\"https:\/\/www.fiscalia.gov.co\/colombia\/wp-content\/uploads\/maxresdefault-1201.jpg\",\"datePublished\":\"2023-09-26T17:41:12+00:00\",\"dateModified\":\"2023-10-06T19:58:52+00:00\",\"description\":\"P\u00e1gina oficial de la Fiscal\u00eda General de la Naci\u00f3n \u2013 Colombia. Garantizamos el acceso efectivo a la justicia, la verdad y la reparaci\u00f3n de las v\u00edctimas de los delitos.\",\"breadcrumb\":{\"@id\":\"https:\/\/www.fiscalia.gov.co\/colombia\/noticias\/impactados-los-gorriones-por-trafico-de-estupefacientes-y-uso-de-menores-de-edad-para-comercializarlos\/#breadcrumb\"},\"inLanguage\":\"es-CO\",\"potentialAction\":[{\"@type\":\"ReadAction\",\"target\":[\"https:\/\/www.fiscalia.gov.co\/colombia\/noticias\/impactados-los-gorriones-por-trafico-de-estupefacientes-y-uso-de-menores-de-edad-para-comercializarlos\/\"]}]},{\"@type\":\"ImageObject\",\"inLanguage\":\"es-CO\",\"@id\":\"https:\/\/www.fiscalia.gov.co\/colombia\/noticias\/impactados-los-gorriones-por-trafico-de-estupefacientes-y-uso-de-menores-de-edad-para-comercializarlos\/#primaryimage\",\"url\":\"https:\/\/www.fiscalia.gov.co\/colombia\/wp-content\/uploads\/maxresdefault-1201.jpg\",\"contentUrl\":\"https:\/\/www.fiscalia.gov.co\/colombia\/wp-content\/uploads\/maxresdefault-1201.jpg\",\"width\":1280,\"height\":720},{\"@type\":\"BreadcrumbList\",\"@id\":\"https:\/\/www.fiscalia.gov.co\/colombia\/noticias\/impactados-los-gorriones-por-trafico-de-estupefacientes-y-uso-de-menores-de-edad-para-comercializarlos\/#breadcrumb\",\"itemListElement\":[{\"@type\":\"ListItem\",\"position\":1,\"name\":\"Home\",\"item\":\"https:\/\/www.fiscalia.gov.co\/colombia\/\"},{\"@type\":\"ListItem\",\"position\":2,\"name\":\"Impactados Los Gorriones por tr\u00e1fico de estupefacientes y uso de menores de edad para comercializarlos\"}]},{\"@type\":\"WebSite\",\"@id\":\"https:\/\/www.fiscalia.gov.co\/colombia\/#website\",\"url\":\"https:\/\/www.fiscalia.gov.co\/colombia\/\",\"name\":\"Fiscal\u00eda General de la Naci\u00f3n\",\"description\":\"P\u00e1gina oficial de la Fiscal\u00eda General de la Naci\u00f3n \u2013 Colombia. Garantizamos el acceso efectivo a la justicia, la verdad y la reparaci\u00f3n de las v\u00edctimas de los delitos.\",\"publisher\":{\"@id\":\"https:\/\/www.fiscalia.gov.co\/colombia\/#organization\"},\"potentialAction\":[{\"@type\":\"SearchAction\",\"target\":{\"@type\":\"EntryPoint\",\"urlTemplate\":\"https:\/\/www.fiscalia.gov.co\/colombia\/?s={search_term_string}\"},\"query-input\":{\"@type\":\"PropertyValueSpecification\",\"valueRequired\":true,\"valueName\":\"search_term_string\"}}],\"inLanguage\":\"es-CO\"},{\"@type\":\"Organization\",\"@id\":\"https:\/\/www.fiscalia.gov.co\/colombia\/#organization\",\"name\":\"Fiscal\u00eda General de la Naci\u00f3n\",\"url\":\"https:\/\/www.fiscalia.gov.co\/colombia\/\",\"logo\":{\"@type\":\"ImageObject\",\"inLanguage\":\"es-CO\",\"@id\":\"https:\/\/www.fiscalia.gov.co\/colombia\/#\/schema\/logo\/image\/\",\"url\":\"https:\/\/www.fiscalia.gov.co\/colombia\/wp-content\/uploads\/LogoHorizontal_1.jpg\",\"contentUrl\":\"https:\/\/www.fiscalia.gov.co\/colombia\/wp-content\/uploads\/LogoHorizontal_1.jpg\",\"width\":300,\"height\":90,\"caption\":\"Fiscal\u00eda General de la Naci\u00f3n\"},\"image\":{\"@id\":\"https:\/\/www.fiscalia.gov.co\/colombia\/#\/schema\/logo\/image\/\"},\"sameAs\":[\"https:\/\/www.facebook.com\/FiscaliaCol\",\"https:\/\/x.com\/FiscaliaCol\",\"https:\/\/www.instagram.com\/fiscaliacol\",\"https:\/\/www.linkedin.com\/company\/fiscalia-general-de-la-naci-n\/\",\"https:\/\/youtube.com\/@fiscaliageneraldelanacion-4668?si=6nN79nyQICPU5iTh\"]},{\"@type\":\"Person\",\"@id\":\"https:\/\/www.fiscalia.gov.co\/colombia\/#\/schema\/person\/176195b99ebab0a52aafa15197e1bf80\",\"name\":\"Winnie Geraldine Rodr\u00edguez Navarrete\",\"image\":{\"@type\":\"ImageObject\",\"inLanguage\":\"es-CO\",\"@id\":\"https:\/\/www.fiscalia.gov.co\/colombia\/#\/schema\/person\/image\/\",\"url\":\"https:\/\/secure.gravatar.com\/avatar\/c24cf8481dc84fa5e8c7b20bc95ab0c6?s=96&d=mm&r=g\",\"contentUrl\":\"https:\/\/secure.gravatar.com\/avatar\/c24cf8481dc84fa5e8c7b20bc95ab0c6?s=96&d=mm&r=g\",\"caption\":\"Winnie Geraldine Rodr\u00edguez Navarrete\"},\"url\":\"https:\/\/www.fiscalia.gov.co\/colombia\/author\/winnierodriguez\/\"}]}<\/script>\n<!-- \/ Yoast SEO plugin. -->","yoast_head_json":{"title":"Fiscal\u00eda General de la Naci\u00f3n","description":"P\u00e1gina oficial de la Fiscal\u00eda General de la Naci\u00f3n \u2013 Colombia. Garantizamos el acceso efectivo a la justicia, la verdad y la reparaci\u00f3n de las v\u00edctimas de los delitos.","robots":{"index":"noindex","follow":"follow"},"og_locale":"es_ES","og_type":"article","og_title":"Fiscal\u00eda General de la Naci\u00f3n","og_description":"P\u00e1gina oficial de la Fiscal\u00eda General de la Naci\u00f3n \u2013 Colombia. Garantizamos el acceso efectivo a la justicia, la verdad y la reparaci\u00f3n de las v\u00edctimas de los delitos.","og_url":"https:\/\/www.fiscalia.gov.co\/colombia\/noticias\/impactados-los-gorriones-por-trafico-de-estupefacientes-y-uso-de-menores-de-edad-para-comercializarlos\/","og_site_name":"Fiscal\u00eda General de la Naci\u00f3n","article_publisher":"https:\/\/www.facebook.com\/FiscaliaCol","article_published_time":"2023-09-26T17:41:12+00:00","article_modified_time":"2023-10-06T19:58:52+00:00","og_image":[{"width":1280,"height":720,"url":"https:\/\/www.fiscalia.gov.co\/colombia\/wp-content\/uploads\/maxresdefault-1201.jpg","type":"image\/jpeg"}],"author":"Winnie Geraldine Rodr\u00edguez Navarrete","twitter_card":"summary_large_image","twitter_creator":"@FiscaliaCol","twitter_site":"@FiscaliaCol","twitter_misc":{"Escrito por":"Winnie Geraldine Rodr\u00edguez Navarrete","Tiempo de lectura":"4 minutos"},"schema":{"@context":"https:\/\/schema.org","@graph":[{"@type":"Article","@id":"https:\/\/www.fiscalia.gov.co\/colombia\/noticias\/impactados-los-gorriones-por-trafico-de-estupefacientes-y-uso-de-menores-de-edad-para-comercializarlos\/#article","isPartOf":{"@id":"https:\/\/www.fiscalia.gov.co\/colombia\/noticias\/impactados-los-gorriones-por-trafico-de-estupefacientes-y-uso-de-menores-de-edad-para-comercializarlos\/"},"author":{"name":"Winnie Geraldine Rodr\u00edguez Navarrete","@id":"https:\/\/www.fiscalia.gov.co\/colombia\/#\/schema\/person\/176195b99ebab0a52aafa15197e1bf80"},"headline":"Impactados Los Gorriones por tr\u00e1fico de estupefacientes y uso de menores de edad para comercializarlos","datePublished":"2023-09-26T17:41:12+00:00","dateModified":"2023-10-06T19:58:52+00:00","mainEntityOfPage":{"@id":"https:\/\/www.fiscalia.gov.co\/colombia\/noticias\/impactados-los-gorriones-por-trafico-de-estupefacientes-y-uso-de-menores-de-edad-para-comercializarlos\/"},"wordCount":704,"publisher":{"@id":"https:\/\/www.fiscalia.gov.co\/colombia\/#organization"},"image":{"@id":"https:\/\/www.fiscalia.gov.co\/colombia\/noticias\/impactados-los-gorriones-por-trafico-de-estupefacientes-y-uso-de-menores-de-edad-para-comercializarlos\/#primaryimage"},"thumbnailUrl":"https:\/\/www.fiscalia.gov.co\/colombia\/wp-content\/uploads\/maxresdefault-1201.jpg","keywords":["Base de coca","Bazuco","Fiscal\u00eda General de la Naci\u00f3n","Huila","Marihuana","Menores de edad","Narcomenudeo","Pitalito","Pitalito (Huila)","Polic\u00eda Nacional","Seguridad territorial","Tr\u00e1fico de estupefacientes","uso de menores para la comisi\u00f3n de delitos"],"articleSection":["Noticias","Seguridad territorial"],"inLanguage":"es-CO"},{"@type":"WebPage","@id":"https:\/\/www.fiscalia.gov.co\/colombia\/noticias\/impactados-los-gorriones-por-trafico-de-estupefacientes-y-uso-de-menores-de-edad-para-comercializarlos\/","url":"https:\/\/www.fiscalia.gov.co\/colombia\/noticias\/impactados-los-gorriones-por-trafico-de-estupefacientes-y-uso-de-menores-de-edad-para-comercializarlos\/","name":"Fiscal\u00eda General de la Naci\u00f3n","isPartOf":{"@id":"https:\/\/www.fiscalia.gov.co\/colombia\/#website"},"primaryImageOfPage":{"@id":"https:\/\/www.fiscalia.gov.co\/colombia\/noticias\/impactados-los-gorriones-por-trafico-de-estupefacientes-y-uso-de-menores-de-edad-para-comercializarlos\/#primaryimage"},"image":{"@id":"https:\/\/www.fiscalia.gov.co\/colombia\/noticias\/impactados-los-gorriones-por-trafico-de-estupefacientes-y-uso-de-menores-de-edad-para-comercializarlos\/#primaryimage"},"thumbnailUrl":"https:\/\/www.fiscalia.gov.co\/colombia\/wp-content\/uploads\/maxresdefault-1201.jpg","datePublished":"2023-09-26T17:41:12+00:00","dateModified":"2023-10-06T19:58:52+00:00","description":"P\u00e1gina oficial de la Fiscal\u00eda General de la Naci\u00f3n \u2013 Colombia. Garantizamos el acceso efectivo a la justicia, la verdad y la reparaci\u00f3n de las v\u00edctimas de los delitos.","breadcrumb":{"@id":"https:\/\/www.fiscalia.gov.co\/colombia\/noticias\/impactados-los-gorriones-por-trafico-de-estupefacientes-y-uso-de-menores-de-edad-para-comercializarlos\/#breadcrumb"},"inLanguage":"es-CO","potentialAction":[{"@type":"ReadAction","target":["https:\/\/www.fiscalia.gov.co\/colombia\/noticias\/impactados-los-gorriones-por-trafico-de-estupefacientes-y-uso-de-menores-de-edad-para-comercializarlos\/"]}]},{"@type":"ImageObject","inLanguage":"es-CO","@id":"https:\/\/www.fiscalia.gov.co\/colombia\/noticias\/impactados-los-gorriones-por-trafico-de-estupefacientes-y-uso-de-menores-de-edad-para-comercializarlos\/#primaryimage","url":"https:\/\/www.fiscalia.gov.co\/colombia\/wp-content\/uploads\/maxresdefault-1201.jpg","contentUrl":"https:\/\/www.fiscalia.gov.co\/colombia\/wp-content\/uploads\/maxresdefault-1201.jpg","width":1280,"height":720},{"@type":"BreadcrumbList","@id":"https:\/\/www.fiscalia.gov.co\/colombia\/noticias\/impactados-los-gorriones-por-trafico-de-estupefacientes-y-uso-de-menores-de-edad-para-comercializarlos\/#breadcrumb","itemListElement":[{"@type":"ListItem","position":1,"name":"Home","item":"https:\/\/www.fiscalia.gov.co\/colombia\/"},{"@type":"ListItem","position":2,"name":"Impactados Los Gorriones por tr\u00e1fico de estupefacientes y uso de menores de edad para comercializarlos"}]},{"@type":"WebSite","@id":"https:\/\/www.fiscalia.gov.co\/colombia\/#website","url":"https:\/\/www.fiscalia.gov.co\/colombia\/","name":"Fiscal\u00eda General de la Naci\u00f3n","description":"P\u00e1gina oficial de la Fiscal\u00eda General de la Naci\u00f3n \u2013 Colombia. Garantizamos el acceso efectivo a la justicia, la verdad y la reparaci\u00f3n de las v\u00edctimas de los delitos.","publisher":{"@id":"https:\/\/www.fiscalia.gov.co\/colombia\/#organization"},"potentialAction":[{"@type":"SearchAction","target":{"@type":"EntryPoint","urlTemplate":"https:\/\/www.fiscalia.gov.co\/colombia\/?s={search_term_string}"},"query-input":{"@type":"PropertyValueSpecification","valueRequired":true,"valueName":"search_term_string"}}],"inLanguage":"es-CO"},{"@type":"Organization","@id":"https:\/\/www.fiscalia.gov.co\/colombia\/#organization","name":"Fiscal\u00eda General de la Naci\u00f3n","url":"https:\/\/www.fiscalia.gov.co\/colombia\/","logo":{"@type":"ImageObject","inLanguage":"es-CO","@id":"https:\/\/www.fiscalia.gov.co\/colombia\/#\/schema\/logo\/image\/","url":"https:\/\/www.fiscalia.gov.co\/colombia\/wp-content\/uploads\/LogoHorizontal_1.jpg","contentUrl":"https:\/\/www.fiscalia.gov.co\/colombia\/wp-content\/uploads\/LogoHorizontal_1.jpg","width":300,"height":90,"caption":"Fiscal\u00eda General de la Naci\u00f3n"},"image":{"@id":"https:\/\/www.fiscalia.gov.co\/colombia\/#\/schema\/logo\/image\/"},"sameAs":["https:\/\/www.facebook.com\/FiscaliaCol","https:\/\/x.com\/FiscaliaCol","https:\/\/www.instagram.com\/fiscaliacol","https:\/\/www.linkedin.com\/company\/fiscalia-general-de-la-naci-n\/","https:\/\/youtube.com\/@fiscaliageneraldelanacion-4668?si=6nN79nyQICPU5iTh"]},{"@type":"Person","@id":"https:\/\/www.fiscalia.gov.co\/colombia\/#\/schema\/person\/176195b99ebab0a52aafa15197e1bf80","name":"Winnie Geraldine Rodr\u00edguez Navarrete","image":{"@type":"ImageObject","inLanguage":"es-CO","@id":"https:\/\/www.fiscalia.gov.co\/colombia\/#\/schema\/person\/image\/","url":"https:\/\/secure.gravatar.com\/avatar\/c24cf8481dc84fa5e8c7b20bc95ab0c6?s=96&d=mm&r=g","contentUrl":"https:\/\/secure.gravatar.com\/avatar\/c24cf8481dc84fa5e8c7b20bc95ab0c6?s=96&d=mm&r=g","caption":"Winnie Geraldine Rodr\u00edguez Navarrete"},"url":"https:\/\/www.fiscalia.gov.co\/colombia\/author\/winnierodriguez\/"}]}},"_links":{"self":[{"href":"https:\/\/www.fiscalia.gov.co\/colombia\/wp-json\/wp\/v2\/posts\/280204","targetHints":{"allow":["GET"]}}],"collection":[{"href":"https:\/\/www.fiscalia.gov.co\/colombia\/wp-json\/wp\/v2\/posts"}],"about":[{"href":"https:\/\/www.fiscalia.gov.co\/colombia\/wp-json\/wp\/v2\/types\/post"}],"author":[{"embeddable":true,"href":"https:\/\/www.fiscalia.gov.co\/colombia\/wp-json\/wp\/v2\/users\/178"}],"replies":[{"embeddable":true,"href":"https:\/\/www.fiscalia.gov.co\/colombia\/wp-json\/wp\/v2\/comments?post=280204"}],"version-history":[{"count":2,"href":"https:\/\/www.fiscalia.gov.co\/colombia\/wp-json\/wp\/v2\/posts\/280204\/revisions"}],"predecessor-version":[{"id":280212,"href":"https:\/\/www.fiscalia.gov.co\/colombia\/wp-json\/wp\/v2\/posts\/280204\/revisions\/280212"}],"wp:featuredmedia":[{"embeddable":true,"href":"https:\/\/www.fiscalia.gov.co\/colombia\/wp-json\/wp\/v2\/media\/280970"}],"wp:attachment":[{"href":"https:\/\/www.fiscalia.gov.co\/colombia\/wp-json\/wp\/v2\/media?parent=280204"}],"wp:term":[{"taxonomy":"category","embeddable":true,"href":"https:\/\/www.fiscalia.gov.co\/colombia\/wp-json\/wp\/v2\/categories?post=280204"},{"taxonomy":"post_tag","embeddable":true,"href":"https:\/\/www.fiscalia.gov.co\/colombia\/wp-json\/wp\/v2\/tags?post=280204"}],"curies":[{"name":"wp","href":"https:\/\/api.w.org\/{rel}","templated":true}]}}