{"id":279877,"date":"2023-09-21T11:32:46","date_gmt":"2023-09-21T16:32:46","guid":{"rendered":"https:\/\/www.fiscalia.gov.co\/colombia\/?p=279877"},"modified":"2023-09-21T16:11:14","modified_gmt":"2023-09-21T21:11:14","slug":"a-la-carcel-cuatro-personas-que-se-movilizaban-en-una-lancha-rapida-en-la-que-eran-transportadas-tres-toneladas-de-cocaina","status":"publish","type":"post","link":"https:\/\/www.fiscalia.gov.co\/colombia\/noticias\/a-la-carcel-cuatro-personas-que-se-movilizaban-en-una-lancha-rapida-en-la-que-eran-transportadas-tres-toneladas-de-cocaina\/","title":{"rendered":"A la c\u00e1rcel cuatro personas que se movilizaban en una lancha r\u00e1pida en la que eran transportadas tres toneladas de coca\u00edna"},"content":{"rendered":"<h4><strong><em>La investigaci\u00f3n evidenci\u00f3 que la sustancia il\u00edcita ser\u00eda llevada a Centro Am\u00e9rica y los Estados Unidos.<\/em><\/strong><\/h4>\n<p>Un fiscal adscrito a la Direcci\u00f3n Especializada contra el Narcotr\u00e1fico judicializ\u00f3 a los ciudadanos colombianos Steve Alex Antonio Britton, Yamir Andr\u00e9s Vel\u00e1squez Bello, \u00c1lvaro Gabriel Mart\u00ednez Hawkins y Eulices Vel\u00e1squez Calvo, como posibles responsables del delito de tr\u00e1fico, fabricaci\u00f3n o porte de estupefacientes agravado. Ninguno de los investigados acept\u00f3 su responsabilidad frente a los cargos.<\/p>\n<p>Los hechos se presentaron el pasado 11 de septiembre. Los procesados fueron interceptados por la Armada Nacional y la Fuerza A\u00e9rea Colombiana, cuando se movilizaban en una lancha tipo Corvina, a 328 kil\u00f3metros de la isla de San Andr\u00e9s.<\/p>\n<figure id=\"attachment_279883\" aria-describedby=\"caption-attachment-279883\" style=\"width: 447px\" class=\"wp-caption aligncenter\"><img loading=\"lazy\" decoding=\"async\" class=\" wp-image-279883\" src=\"https:\/\/www.fiscalia.gov.co\/colombia\/wp-content\/uploads\/WhatsApp-Image-2023-09-21-at-9.53.20-AM-300x169.jpeg\" alt=\"Se ve la lancha incautada con las tres toneladas de coca\u00edna.\" width=\"447\" height=\"252\" srcset=\"https:\/\/www.fiscalia.gov.co\/colombia\/wp-content\/uploads\/WhatsApp-Image-2023-09-21-at-9.53.20-AM-300x169.jpeg 300w, https:\/\/www.fiscalia.gov.co\/colombia\/wp-content\/uploads\/WhatsApp-Image-2023-09-21-at-9.53.20-AM-1024x576.jpeg 1024w, https:\/\/www.fiscalia.gov.co\/colombia\/wp-content\/uploads\/WhatsApp-Image-2023-09-21-at-9.53.20-AM-768x432.jpeg 768w, https:\/\/www.fiscalia.gov.co\/colombia\/wp-content\/uploads\/WhatsApp-Image-2023-09-21-at-9.53.20-AM-696x391.jpeg 696w, https:\/\/www.fiscalia.gov.co\/colombia\/wp-content\/uploads\/WhatsApp-Image-2023-09-21-at-9.53.20-AM-1068x601.jpeg 1068w, https:\/\/www.fiscalia.gov.co\/colombia\/wp-content\/uploads\/WhatsApp-Image-2023-09-21-at-9.53.20-AM-747x420.jpeg 747w, https:\/\/www.fiscalia.gov.co\/colombia\/wp-content\/uploads\/WhatsApp-Image-2023-09-21-at-9.53.20-AM.jpeg 1412w\" sizes=\"auto, (max-width: 447px) 100vw, 447px\" \/><figcaption id=\"caption-attachment-279883\" class=\"wp-caption-text\">Durante los procedimientos de inspecci\u00f3n adelantados por el Cuerpo T\u00e9cnico de Investigaci\u00f3n (CTI), fueron encontrados al interior de la embarcaci\u00f3n 2.994 paquetes con coca\u00edna.<\/figcaption><\/figure>\n<p>Durante los procedimientos de inspecci\u00f3n adelantados por el Cuerpo T\u00e9cnico de Investigaci\u00f3n (CTI), fueron encontrados al interior de la embarcaci\u00f3n 2.994 paquetes con coca\u00edna, cuyo peso total fue de cerca de tres toneladas de la sustancia ilegal.<\/p>\n<p>Tambi\u00e9n fueron hallados 12 millones de pesos en efectivo y varios radiotel\u00e9fonos para uso en altamar.\u00a0 Al parecer, la coca\u00edna era transportada hacia Centro Am\u00e9rica donde ser\u00eda recibida por posibles integrantes de carteles de narcotr\u00e1fico.<\/p>\n<figure id=\"attachment_279884\" aria-describedby=\"caption-attachment-279884\" style=\"width: 459px\" class=\"wp-caption aligncenter\"><img loading=\"lazy\" decoding=\"async\" class=\" wp-image-279884\" src=\"https:\/\/www.fiscalia.gov.co\/colombia\/wp-content\/uploads\/WhatsApp-Image-2023-09-21-at-9.53.24-AM-300x168.jpeg\" alt=\"Se ve la droga incautada con un letrero de las Fuerzas Militares.\" width=\"459\" height=\"257\" srcset=\"https:\/\/www.fiscalia.gov.co\/colombia\/wp-content\/uploads\/WhatsApp-Image-2023-09-21-at-9.53.24-AM-300x168.jpeg 300w, https:\/\/www.fiscalia.gov.co\/colombia\/wp-content\/uploads\/WhatsApp-Image-2023-09-21-at-9.53.24-AM-1024x574.jpeg 1024w, https:\/\/www.fiscalia.gov.co\/colombia\/wp-content\/uploads\/WhatsApp-Image-2023-09-21-at-9.53.24-AM-768x430.jpeg 768w, https:\/\/www.fiscalia.gov.co\/colombia\/wp-content\/uploads\/WhatsApp-Image-2023-09-21-at-9.53.24-AM-696x390.jpeg 696w, https:\/\/www.fiscalia.gov.co\/colombia\/wp-content\/uploads\/WhatsApp-Image-2023-09-21-at-9.53.24-AM-1068x599.jpeg 1068w, https:\/\/www.fiscalia.gov.co\/colombia\/wp-content\/uploads\/WhatsApp-Image-2023-09-21-at-9.53.24-AM-749x420.jpeg 749w, https:\/\/www.fiscalia.gov.co\/colombia\/wp-content\/uploads\/WhatsApp-Image-2023-09-21-at-9.53.24-AM.jpeg 1406w\" sizes=\"auto, (max-width: 459px) 100vw, 459px\" \/><figcaption id=\"caption-attachment-279884\" class=\"wp-caption-text\">Tambi\u00e9n fueron hallados 12 millones de pesos en efectivo y varios radiotel\u00e9fonos para uso en altamar.<\/figcaption><\/figure>\n<p>Ante la contundencia de la Fiscal\u00eda, un juez de control de garant\u00edas los env\u00edo a un centro carcelario de Santa Marta (Magdalena).<\/p>\n<p>Esta informaci\u00f3n se publica por razones de inter\u00e9s general.<\/p>\n<p>&nbsp;<\/p>\n<p><strong><u>La Fiscal\u00eda habla con resultados<\/u><\/strong><strong>.<\/strong><\/p>\n<p>&nbsp;<\/p>\n<p>&nbsp;<\/p>\n<p>&nbsp;<\/p>\n<p>CMRM\/MAGA\/ML\/SM\/DECN\/MRC\/<\/p>\n<p>&nbsp;<\/p>\n<p>&nbsp;<\/p>\n<p>&nbsp;<\/p>\n<p><em>La informaci\u00f3n contenida en este bolet\u00edn de prensa corresponde a la narraci\u00f3n de los hechos noticiosos objetivos, y las investigaciones penales al interior de la Fiscal\u00eda General de la Naci\u00f3n. Para el momento de la divulgaci\u00f3n de este comunicado, la situaci\u00f3n jur\u00eddica de la(s) persona(s) relacionada(s) se encuentra pendiente de resolver por la autoridad judicial competente, siempre bajo los preceptos de la presunci\u00f3n de inocencia, consagrados en el art\u00edculo 29 de la Constituci\u00f3n Pol\u00edtica y el art\u00edculo 7\u00ba de la Ley 906 de 2004.<\/em><\/p>\n\n<div class=\"twitter-share\"><a href=\"https:\/\/twitter.com\/intent\/tweet?via=fiscaliacol\" class=\"twitter-share-button\">Tweet<\/a><\/div>\n","protected":false},"excerpt":{"rendered":"<p>La investigaci\u00f3n evidenci\u00f3 que la sustancia il\u00edcita ser\u00eda llevada a Centro Am\u00e9rica y los Estados Unidos. Un fiscal adscrito a la Direcci\u00f3n Especializada contra el Narcotr\u00e1fico judicializ\u00f3 a los ciudadanos colombianos Steve Alex Antonio Britton, Yamir Andr\u00e9s Vel\u00e1squez Bello, \u00c1lvaro Gabriel Mart\u00ednez Hawkins y Eulices Vel\u00e1squez Calvo, como posibles responsables del delito de tr\u00e1fico, fabricaci\u00f3n [&hellip;]<\/p>\n","protected":false},"author":179,"featured_media":0,"comment_status":"closed","ping_status":"open","sticky":false,"template":"","format":"standard","meta":{"_price":"","_stock":"","_tribe_ticket_header":"","_tribe_default_ticket_provider":"","_tribe_ticket_capacity":"0","_ticket_start_date":"","_ticket_end_date":"","_tribe_ticket_show_description":"","_tribe_ticket_show_not_going":false,"_tribe_ticket_use_global_stock":"","_tribe_ticket_global_stock_level":"","_global_stock_mode":"","_global_stock_cap":"","_tribe_rsvp_for_event":"","_tribe_ticket_going_count":"","_tribe_ticket_not_going_count":"","_tribe_tickets_list":"[]","_tribe_ticket_has_attendee_info_fields":false,"tdm_status":"","tdm_grid_status":"","footnotes":""},"categories":[1,24103],"tags":[24185,1047,23979,148,23839,3808],"class_list":{"0":"post-279877","1":"post","2":"type-post","3":"status-publish","4":"format-standard","6":"category-noticias","7":"category-trafico-de-estupefacientes","8":"tag-fiscal-barbosa","9":"tag-fiscalia-general-de-la-nacion","10":"tag-magdalena","11":"tag-narcotrafico","12":"tag-santa-marta","13":"tag-trafico-de-drogas"},"yoast_head":"<!-- This site is optimized with the Yoast SEO plugin v24.3 - https:\/\/yoast.com\/wordpress\/plugins\/seo\/ -->\n<title>Fiscal\u00eda General de la Naci\u00f3n<\/title>\n<meta name=\"description\" content=\"P\u00e1gina oficial de la Fiscal\u00eda General de la Naci\u00f3n \u2013 Colombia. Garantizamos el acceso efectivo a la justicia, la verdad y la reparaci\u00f3n de las v\u00edctimas de los delitos.\" \/>\n<meta name=\"robots\" content=\"noindex, follow\" \/>\n<meta property=\"og:locale\" content=\"es_ES\" \/>\n<meta property=\"og:type\" content=\"article\" \/>\n<meta property=\"og:title\" content=\"Fiscal\u00eda General de la Naci\u00f3n\" \/>\n<meta property=\"og:description\" content=\"P\u00e1gina oficial de la Fiscal\u00eda General de la Naci\u00f3n \u2013 Colombia. Garantizamos el acceso efectivo a la justicia, la verdad y la reparaci\u00f3n de las v\u00edctimas de los delitos.\" \/>\n<meta property=\"og:url\" content=\"https:\/\/www.fiscalia.gov.co\/colombia\/noticias\/a-la-carcel-cuatro-personas-que-se-movilizaban-en-una-lancha-rapida-en-la-que-eran-transportadas-tres-toneladas-de-cocaina\/\" \/>\n<meta property=\"og:site_name\" content=\"Fiscal\u00eda General de la Naci\u00f3n\" \/>\n<meta property=\"article:publisher\" content=\"https:\/\/www.facebook.com\/FiscaliaCol\" \/>\n<meta property=\"article:published_time\" content=\"2023-09-21T16:32:46+00:00\" \/>\n<meta property=\"article:modified_time\" content=\"2023-09-21T21:11:14+00:00\" \/>\n<meta property=\"og:image\" content=\"https:\/\/www.fiscalia.gov.co\/colombia\/wp-content\/uploads\/WhatsApp-Image-2023-09-21-at-9.53.20-AM-300x169.jpeg\" \/>\n<meta name=\"author\" content=\"Lesly Katherine Segura Camargo.\" \/>\n<meta name=\"twitter:card\" content=\"summary_large_image\" \/>\n<meta name=\"twitter:creator\" content=\"@FiscaliaCol\" \/>\n<meta name=\"twitter:site\" content=\"@FiscaliaCol\" \/>\n<meta name=\"twitter:label1\" content=\"Escrito por\" \/>\n\t<meta name=\"twitter:data1\" content=\"Lesly Katherine Segura Camargo.\" \/>\n\t<meta name=\"twitter:label2\" content=\"Tiempo de lectura\" \/>\n\t<meta name=\"twitter:data2\" content=\"3 minutos\" \/>\n<script type=\"application\/ld+json\" class=\"yoast-schema-graph\">{\"@context\":\"https:\/\/schema.org\",\"@graph\":[{\"@type\":\"Article\",\"@id\":\"https:\/\/www.fiscalia.gov.co\/colombia\/noticias\/a-la-carcel-cuatro-personas-que-se-movilizaban-en-una-lancha-rapida-en-la-que-eran-transportadas-tres-toneladas-de-cocaina\/#article\",\"isPartOf\":{\"@id\":\"https:\/\/www.fiscalia.gov.co\/colombia\/noticias\/a-la-carcel-cuatro-personas-que-se-movilizaban-en-una-lancha-rapida-en-la-que-eran-transportadas-tres-toneladas-de-cocaina\/\"},\"author\":{\"name\":\"Lesly Katherine Segura Camargo.\",\"@id\":\"https:\/\/www.fiscalia.gov.co\/colombia\/#\/schema\/person\/6be81acb78add0abcbda2c598c1d53e1\"},\"headline\":\"A la c\u00e1rcel cuatro personas que se movilizaban en una lancha r\u00e1pida en la que eran transportadas tres toneladas de coca\u00edna\",\"datePublished\":\"2023-09-21T16:32:46+00:00\",\"dateModified\":\"2023-09-21T21:11:14+00:00\",\"mainEntityOfPage\":{\"@id\":\"https:\/\/www.fiscalia.gov.co\/colombia\/noticias\/a-la-carcel-cuatro-personas-que-se-movilizaban-en-una-lancha-rapida-en-la-que-eran-transportadas-tres-toneladas-de-cocaina\/\"},\"wordCount\":438,\"publisher\":{\"@id\":\"https:\/\/www.fiscalia.gov.co\/colombia\/#organization\"},\"image\":{\"@id\":\"https:\/\/www.fiscalia.gov.co\/colombia\/noticias\/a-la-carcel-cuatro-personas-que-se-movilizaban-en-una-lancha-rapida-en-la-que-eran-transportadas-tres-toneladas-de-cocaina\/#primaryimage\"},\"thumbnailUrl\":\"https:\/\/www.fiscalia.gov.co\/colombia\/wp-content\/uploads\/WhatsApp-Image-2023-09-21-at-9.53.20-AM-300x169.jpeg\",\"keywords\":[\"Fiscal Barbosa\",\"Fiscal\u00eda General de la Naci\u00f3n\",\"Magdalena\",\"Narcotr\u00e1fico\",\"Santa Marta\",\"Tr\u00e1fico de drogas\"],\"articleSection\":[\"Noticias\",\"Tr\u00e1fico de estupefacientes\"],\"inLanguage\":\"es-CO\"},{\"@type\":\"WebPage\",\"@id\":\"https:\/\/www.fiscalia.gov.co\/colombia\/noticias\/a-la-carcel-cuatro-personas-que-se-movilizaban-en-una-lancha-rapida-en-la-que-eran-transportadas-tres-toneladas-de-cocaina\/\",\"url\":\"https:\/\/www.fiscalia.gov.co\/colombia\/noticias\/a-la-carcel-cuatro-personas-que-se-movilizaban-en-una-lancha-rapida-en-la-que-eran-transportadas-tres-toneladas-de-cocaina\/\",\"name\":\"Fiscal\u00eda General de la Naci\u00f3n\",\"isPartOf\":{\"@id\":\"https:\/\/www.fiscalia.gov.co\/colombia\/#website\"},\"primaryImageOfPage\":{\"@id\":\"https:\/\/www.fiscalia.gov.co\/colombia\/noticias\/a-la-carcel-cuatro-personas-que-se-movilizaban-en-una-lancha-rapida-en-la-que-eran-transportadas-tres-toneladas-de-cocaina\/#primaryimage\"},\"image\":{\"@id\":\"https:\/\/www.fiscalia.gov.co\/colombia\/noticias\/a-la-carcel-cuatro-personas-que-se-movilizaban-en-una-lancha-rapida-en-la-que-eran-transportadas-tres-toneladas-de-cocaina\/#primaryimage\"},\"thumbnailUrl\":\"https:\/\/www.fiscalia.gov.co\/colombia\/wp-content\/uploads\/WhatsApp-Image-2023-09-21-at-9.53.20-AM-300x169.jpeg\",\"datePublished\":\"2023-09-21T16:32:46+00:00\",\"dateModified\":\"2023-09-21T21:11:14+00:00\",\"description\":\"P\u00e1gina oficial de la Fiscal\u00eda General de la Naci\u00f3n \u2013 Colombia. Garantizamos el acceso efectivo a la justicia, la verdad y la reparaci\u00f3n de las v\u00edctimas de los delitos.\",\"breadcrumb\":{\"@id\":\"https:\/\/www.fiscalia.gov.co\/colombia\/noticias\/a-la-carcel-cuatro-personas-que-se-movilizaban-en-una-lancha-rapida-en-la-que-eran-transportadas-tres-toneladas-de-cocaina\/#breadcrumb\"},\"inLanguage\":\"es-CO\",\"potentialAction\":[{\"@type\":\"ReadAction\",\"target\":[\"https:\/\/www.fiscalia.gov.co\/colombia\/noticias\/a-la-carcel-cuatro-personas-que-se-movilizaban-en-una-lancha-rapida-en-la-que-eran-transportadas-tres-toneladas-de-cocaina\/\"]}]},{\"@type\":\"ImageObject\",\"inLanguage\":\"es-CO\",\"@id\":\"https:\/\/www.fiscalia.gov.co\/colombia\/noticias\/a-la-carcel-cuatro-personas-que-se-movilizaban-en-una-lancha-rapida-en-la-que-eran-transportadas-tres-toneladas-de-cocaina\/#primaryimage\",\"url\":\"https:\/\/www.fiscalia.gov.co\/colombia\/wp-content\/uploads\/WhatsApp-Image-2023-09-21-at-9.53.20-AM-300x169.jpeg\",\"contentUrl\":\"https:\/\/www.fiscalia.gov.co\/colombia\/wp-content\/uploads\/WhatsApp-Image-2023-09-21-at-9.53.20-AM-300x169.jpeg\"},{\"@type\":\"BreadcrumbList\",\"@id\":\"https:\/\/www.fiscalia.gov.co\/colombia\/noticias\/a-la-carcel-cuatro-personas-que-se-movilizaban-en-una-lancha-rapida-en-la-que-eran-transportadas-tres-toneladas-de-cocaina\/#breadcrumb\",\"itemListElement\":[{\"@type\":\"ListItem\",\"position\":1,\"name\":\"Home\",\"item\":\"https:\/\/www.fiscalia.gov.co\/colombia\/\"},{\"@type\":\"ListItem\",\"position\":2,\"name\":\"A la c\u00e1rcel cuatro personas que se movilizaban en una lancha r\u00e1pida en la que eran transportadas tres toneladas de coca\u00edna\"}]},{\"@type\":\"WebSite\",\"@id\":\"https:\/\/www.fiscalia.gov.co\/colombia\/#website\",\"url\":\"https:\/\/www.fiscalia.gov.co\/colombia\/\",\"name\":\"Fiscal\u00eda General de la Naci\u00f3n\",\"description\":\"P\u00e1gina oficial de la Fiscal\u00eda General de la Naci\u00f3n \u2013 Colombia. Garantizamos el acceso efectivo a la justicia, la verdad y la reparaci\u00f3n de las v\u00edctimas de los delitos.\",\"publisher\":{\"@id\":\"https:\/\/www.fiscalia.gov.co\/colombia\/#organization\"},\"potentialAction\":[{\"@type\":\"SearchAction\",\"target\":{\"@type\":\"EntryPoint\",\"urlTemplate\":\"https:\/\/www.fiscalia.gov.co\/colombia\/?s={search_term_string}\"},\"query-input\":{\"@type\":\"PropertyValueSpecification\",\"valueRequired\":true,\"valueName\":\"search_term_string\"}}],\"inLanguage\":\"es-CO\"},{\"@type\":\"Organization\",\"@id\":\"https:\/\/www.fiscalia.gov.co\/colombia\/#organization\",\"name\":\"Fiscal\u00eda General de la Naci\u00f3n\",\"url\":\"https:\/\/www.fiscalia.gov.co\/colombia\/\",\"logo\":{\"@type\":\"ImageObject\",\"inLanguage\":\"es-CO\",\"@id\":\"https:\/\/www.fiscalia.gov.co\/colombia\/#\/schema\/logo\/image\/\",\"url\":\"https:\/\/www.fiscalia.gov.co\/colombia\/wp-content\/uploads\/LogoHorizontal_1.jpg\",\"contentUrl\":\"https:\/\/www.fiscalia.gov.co\/colombia\/wp-content\/uploads\/LogoHorizontal_1.jpg\",\"width\":300,\"height\":90,\"caption\":\"Fiscal\u00eda General de la Naci\u00f3n\"},\"image\":{\"@id\":\"https:\/\/www.fiscalia.gov.co\/colombia\/#\/schema\/logo\/image\/\"},\"sameAs\":[\"https:\/\/www.facebook.com\/FiscaliaCol\",\"https:\/\/x.com\/FiscaliaCol\",\"https:\/\/www.instagram.com\/fiscaliacol\",\"https:\/\/www.linkedin.com\/company\/fiscalia-general-de-la-naci-n\/\",\"https:\/\/youtube.com\/@fiscaliageneraldelanacion-4668?si=6nN79nyQICPU5iTh\"]},{\"@type\":\"Person\",\"@id\":\"https:\/\/www.fiscalia.gov.co\/colombia\/#\/schema\/person\/6be81acb78add0abcbda2c598c1d53e1\",\"name\":\"Lesly Katherine Segura Camargo.\",\"image\":{\"@type\":\"ImageObject\",\"inLanguage\":\"es-CO\",\"@id\":\"https:\/\/www.fiscalia.gov.co\/colombia\/#\/schema\/person\/image\/\",\"url\":\"https:\/\/secure.gravatar.com\/avatar\/1892091c53ef3b9c2fcb37ca6066e439?s=96&d=mm&r=g\",\"contentUrl\":\"https:\/\/secure.gravatar.com\/avatar\/1892091c53ef3b9c2fcb37ca6066e439?s=96&d=mm&r=g\",\"caption\":\"Lesly Katherine Segura Camargo.\"},\"url\":\"https:\/\/www.fiscalia.gov.co\/colombia\/author\/lesly-segura\/\"}]}<\/script>\n<!-- \/ Yoast SEO plugin. -->","yoast_head_json":{"title":"Fiscal\u00eda General de la Naci\u00f3n","description":"P\u00e1gina oficial de la Fiscal\u00eda General de la Naci\u00f3n \u2013 Colombia. Garantizamos el acceso efectivo a la justicia, la verdad y la reparaci\u00f3n de las v\u00edctimas de los delitos.","robots":{"index":"noindex","follow":"follow"},"og_locale":"es_ES","og_type":"article","og_title":"Fiscal\u00eda General de la Naci\u00f3n","og_description":"P\u00e1gina oficial de la Fiscal\u00eda General de la Naci\u00f3n \u2013 Colombia. Garantizamos el acceso efectivo a la justicia, la verdad y la reparaci\u00f3n de las v\u00edctimas de los delitos.","og_url":"https:\/\/www.fiscalia.gov.co\/colombia\/noticias\/a-la-carcel-cuatro-personas-que-se-movilizaban-en-una-lancha-rapida-en-la-que-eran-transportadas-tres-toneladas-de-cocaina\/","og_site_name":"Fiscal\u00eda General de la Naci\u00f3n","article_publisher":"https:\/\/www.facebook.com\/FiscaliaCol","article_published_time":"2023-09-21T16:32:46+00:00","article_modified_time":"2023-09-21T21:11:14+00:00","og_image":[{"url":"https:\/\/www.fiscalia.gov.co\/colombia\/wp-content\/uploads\/WhatsApp-Image-2023-09-21-at-9.53.20-AM-300x169.jpeg","type":"","width":"","height":""}],"author":"Lesly Katherine Segura Camargo.","twitter_card":"summary_large_image","twitter_creator":"@FiscaliaCol","twitter_site":"@FiscaliaCol","twitter_misc":{"Escrito por":"Lesly Katherine Segura Camargo.","Tiempo de lectura":"3 minutos"},"schema":{"@context":"https:\/\/schema.org","@graph":[{"@type":"Article","@id":"https:\/\/www.fiscalia.gov.co\/colombia\/noticias\/a-la-carcel-cuatro-personas-que-se-movilizaban-en-una-lancha-rapida-en-la-que-eran-transportadas-tres-toneladas-de-cocaina\/#article","isPartOf":{"@id":"https:\/\/www.fiscalia.gov.co\/colombia\/noticias\/a-la-carcel-cuatro-personas-que-se-movilizaban-en-una-lancha-rapida-en-la-que-eran-transportadas-tres-toneladas-de-cocaina\/"},"author":{"name":"Lesly Katherine Segura Camargo.","@id":"https:\/\/www.fiscalia.gov.co\/colombia\/#\/schema\/person\/6be81acb78add0abcbda2c598c1d53e1"},"headline":"A la c\u00e1rcel cuatro personas que se movilizaban en una lancha r\u00e1pida en la que eran transportadas tres toneladas de coca\u00edna","datePublished":"2023-09-21T16:32:46+00:00","dateModified":"2023-09-21T21:11:14+00:00","mainEntityOfPage":{"@id":"https:\/\/www.fiscalia.gov.co\/colombia\/noticias\/a-la-carcel-cuatro-personas-que-se-movilizaban-en-una-lancha-rapida-en-la-que-eran-transportadas-tres-toneladas-de-cocaina\/"},"wordCount":438,"publisher":{"@id":"https:\/\/www.fiscalia.gov.co\/colombia\/#organization"},"image":{"@id":"https:\/\/www.fiscalia.gov.co\/colombia\/noticias\/a-la-carcel-cuatro-personas-que-se-movilizaban-en-una-lancha-rapida-en-la-que-eran-transportadas-tres-toneladas-de-cocaina\/#primaryimage"},"thumbnailUrl":"https:\/\/www.fiscalia.gov.co\/colombia\/wp-content\/uploads\/WhatsApp-Image-2023-09-21-at-9.53.20-AM-300x169.jpeg","keywords":["Fiscal Barbosa","Fiscal\u00eda General de la Naci\u00f3n","Magdalena","Narcotr\u00e1fico","Santa Marta","Tr\u00e1fico de drogas"],"articleSection":["Noticias","Tr\u00e1fico de estupefacientes"],"inLanguage":"es-CO"},{"@type":"WebPage","@id":"https:\/\/www.fiscalia.gov.co\/colombia\/noticias\/a-la-carcel-cuatro-personas-que-se-movilizaban-en-una-lancha-rapida-en-la-que-eran-transportadas-tres-toneladas-de-cocaina\/","url":"https:\/\/www.fiscalia.gov.co\/colombia\/noticias\/a-la-carcel-cuatro-personas-que-se-movilizaban-en-una-lancha-rapida-en-la-que-eran-transportadas-tres-toneladas-de-cocaina\/","name":"Fiscal\u00eda General de la Naci\u00f3n","isPartOf":{"@id":"https:\/\/www.fiscalia.gov.co\/colombia\/#website"},"primaryImageOfPage":{"@id":"https:\/\/www.fiscalia.gov.co\/colombia\/noticias\/a-la-carcel-cuatro-personas-que-se-movilizaban-en-una-lancha-rapida-en-la-que-eran-transportadas-tres-toneladas-de-cocaina\/#primaryimage"},"image":{"@id":"https:\/\/www.fiscalia.gov.co\/colombia\/noticias\/a-la-carcel-cuatro-personas-que-se-movilizaban-en-una-lancha-rapida-en-la-que-eran-transportadas-tres-toneladas-de-cocaina\/#primaryimage"},"thumbnailUrl":"https:\/\/www.fiscalia.gov.co\/colombia\/wp-content\/uploads\/WhatsApp-Image-2023-09-21-at-9.53.20-AM-300x169.jpeg","datePublished":"2023-09-21T16:32:46+00:00","dateModified":"2023-09-21T21:11:14+00:00","description":"P\u00e1gina oficial de la Fiscal\u00eda General de la Naci\u00f3n \u2013 Colombia. Garantizamos el acceso efectivo a la justicia, la verdad y la reparaci\u00f3n de las v\u00edctimas de los delitos.","breadcrumb":{"@id":"https:\/\/www.fiscalia.gov.co\/colombia\/noticias\/a-la-carcel-cuatro-personas-que-se-movilizaban-en-una-lancha-rapida-en-la-que-eran-transportadas-tres-toneladas-de-cocaina\/#breadcrumb"},"inLanguage":"es-CO","potentialAction":[{"@type":"ReadAction","target":["https:\/\/www.fiscalia.gov.co\/colombia\/noticias\/a-la-carcel-cuatro-personas-que-se-movilizaban-en-una-lancha-rapida-en-la-que-eran-transportadas-tres-toneladas-de-cocaina\/"]}]},{"@type":"ImageObject","inLanguage":"es-CO","@id":"https:\/\/www.fiscalia.gov.co\/colombia\/noticias\/a-la-carcel-cuatro-personas-que-se-movilizaban-en-una-lancha-rapida-en-la-que-eran-transportadas-tres-toneladas-de-cocaina\/#primaryimage","url":"https:\/\/www.fiscalia.gov.co\/colombia\/wp-content\/uploads\/WhatsApp-Image-2023-09-21-at-9.53.20-AM-300x169.jpeg","contentUrl":"https:\/\/www.fiscalia.gov.co\/colombia\/wp-content\/uploads\/WhatsApp-Image-2023-09-21-at-9.53.20-AM-300x169.jpeg"},{"@type":"BreadcrumbList","@id":"https:\/\/www.fiscalia.gov.co\/colombia\/noticias\/a-la-carcel-cuatro-personas-que-se-movilizaban-en-una-lancha-rapida-en-la-que-eran-transportadas-tres-toneladas-de-cocaina\/#breadcrumb","itemListElement":[{"@type":"ListItem","position":1,"name":"Home","item":"https:\/\/www.fiscalia.gov.co\/colombia\/"},{"@type":"ListItem","position":2,"name":"A la c\u00e1rcel cuatro personas que se movilizaban en una lancha r\u00e1pida en la que eran transportadas tres toneladas de coca\u00edna"}]},{"@type":"WebSite","@id":"https:\/\/www.fiscalia.gov.co\/colombia\/#website","url":"https:\/\/www.fiscalia.gov.co\/colombia\/","name":"Fiscal\u00eda General de la Naci\u00f3n","description":"P\u00e1gina oficial de la Fiscal\u00eda General de la Naci\u00f3n \u2013 Colombia. Garantizamos el acceso efectivo a la justicia, la verdad y la reparaci\u00f3n de las v\u00edctimas de los delitos.","publisher":{"@id":"https:\/\/www.fiscalia.gov.co\/colombia\/#organization"},"potentialAction":[{"@type":"SearchAction","target":{"@type":"EntryPoint","urlTemplate":"https:\/\/www.fiscalia.gov.co\/colombia\/?s={search_term_string}"},"query-input":{"@type":"PropertyValueSpecification","valueRequired":true,"valueName":"search_term_string"}}],"inLanguage":"es-CO"},{"@type":"Organization","@id":"https:\/\/www.fiscalia.gov.co\/colombia\/#organization","name":"Fiscal\u00eda General de la Naci\u00f3n","url":"https:\/\/www.fiscalia.gov.co\/colombia\/","logo":{"@type":"ImageObject","inLanguage":"es-CO","@id":"https:\/\/www.fiscalia.gov.co\/colombia\/#\/schema\/logo\/image\/","url":"https:\/\/www.fiscalia.gov.co\/colombia\/wp-content\/uploads\/LogoHorizontal_1.jpg","contentUrl":"https:\/\/www.fiscalia.gov.co\/colombia\/wp-content\/uploads\/LogoHorizontal_1.jpg","width":300,"height":90,"caption":"Fiscal\u00eda General de la Naci\u00f3n"},"image":{"@id":"https:\/\/www.fiscalia.gov.co\/colombia\/#\/schema\/logo\/image\/"},"sameAs":["https:\/\/www.facebook.com\/FiscaliaCol","https:\/\/x.com\/FiscaliaCol","https:\/\/www.instagram.com\/fiscaliacol","https:\/\/www.linkedin.com\/company\/fiscalia-general-de-la-naci-n\/","https:\/\/youtube.com\/@fiscaliageneraldelanacion-4668?si=6nN79nyQICPU5iTh"]},{"@type":"Person","@id":"https:\/\/www.fiscalia.gov.co\/colombia\/#\/schema\/person\/6be81acb78add0abcbda2c598c1d53e1","name":"Lesly Katherine Segura Camargo.","image":{"@type":"ImageObject","inLanguage":"es-CO","@id":"https:\/\/www.fiscalia.gov.co\/colombia\/#\/schema\/person\/image\/","url":"https:\/\/secure.gravatar.com\/avatar\/1892091c53ef3b9c2fcb37ca6066e439?s=96&d=mm&r=g","contentUrl":"https:\/\/secure.gravatar.com\/avatar\/1892091c53ef3b9c2fcb37ca6066e439?s=96&d=mm&r=g","caption":"Lesly Katherine Segura Camargo."},"url":"https:\/\/www.fiscalia.gov.co\/colombia\/author\/lesly-segura\/"}]}},"_links":{"self":[{"href":"https:\/\/www.fiscalia.gov.co\/colombia\/wp-json\/wp\/v2\/posts\/279877","targetHints":{"allow":["GET"]}}],"collection":[{"href":"https:\/\/www.fiscalia.gov.co\/colombia\/wp-json\/wp\/v2\/posts"}],"about":[{"href":"https:\/\/www.fiscalia.gov.co\/colombia\/wp-json\/wp\/v2\/types\/post"}],"author":[{"embeddable":true,"href":"https:\/\/www.fiscalia.gov.co\/colombia\/wp-json\/wp\/v2\/users\/179"}],"replies":[{"embeddable":true,"href":"https:\/\/www.fiscalia.gov.co\/colombia\/wp-json\/wp\/v2\/comments?post=279877"}],"version-history":[{"count":2,"href":"https:\/\/www.fiscalia.gov.co\/colombia\/wp-json\/wp\/v2\/posts\/279877\/revisions"}],"predecessor-version":[{"id":279885,"href":"https:\/\/www.fiscalia.gov.co\/colombia\/wp-json\/wp\/v2\/posts\/279877\/revisions\/279885"}],"wp:attachment":[{"href":"https:\/\/www.fiscalia.gov.co\/colombia\/wp-json\/wp\/v2\/media?parent=279877"}],"wp:term":[{"taxonomy":"category","embeddable":true,"href":"https:\/\/www.fiscalia.gov.co\/colombia\/wp-json\/wp\/v2\/categories?post=279877"},{"taxonomy":"post_tag","embeddable":true,"href":"https:\/\/www.fiscalia.gov.co\/colombia\/wp-json\/wp\/v2\/tags?post=279877"}],"curies":[{"name":"wp","href":"https:\/\/api.w.org\/{rel}","templated":true}]}}