{"id":279871,"date":"2023-09-21T16:20:34","date_gmt":"2023-09-21T21:20:34","guid":{"rendered":"https:\/\/www.fiscalia.gov.co\/colombia\/?p=279871"},"modified":"2023-09-21T16:20:34","modified_gmt":"2023-09-21T21:20:34","slug":"43-capturados-en-megaoperacion-contra-la-organizacion-criminal-clan-del-golfo-en-el-departamento-de-bolivar","status":"publish","type":"post","link":"https:\/\/www.fiscalia.gov.co\/colombia\/noticias\/43-capturados-en-megaoperacion-contra-la-organizacion-criminal-clan-del-golfo-en-el-departamento-de-bolivar\/","title":{"rendered":"43 capturados en megaoperaci\u00f3n contra la organizaci\u00f3n criminal Clan del Golfo en el departamento de Bol\u00edvar"},"content":{"rendered":"<h4><strong><i>Entre los procesados se encuentran seis uniformados de la Polic\u00eda Nacional. Con este nuevo golpe a esta estructura criminal, la Fiscal\u00eda resolvi\u00f3 33 homicidios y un feminicidio.\u00a0<\/i><\/strong><\/h4>\n<p>En un trabajo interinstitucional en la lucha contra el crimen organizado en Bol\u00edvar, la Fiscal\u00eda General de la Naci\u00f3n logr\u00f3 en el \u00faltimo mes impactar a la estructura criminal Clan del Golfo que tiene injerencia en Cartagena.<\/p>\n<p>El 16 de agosto \u00faltimo, durante un operativo adelantado por el Gaula de la Polic\u00eda Nacional\u00a0fueron capturados 10 presuntos integrantes de la\u00a0subestructura Nicol\u00e1s Urango Reyes del Clan del Golfo, entre los que se encuentran dos polic\u00edas activos. Asimismo, a 13 personas\u00a0m\u00e1s se les notific\u00f3 en los centros carcelarios donde permanecen privadas de la libertad.<\/p>\n<figure id=\"attachment_279890\" aria-describedby=\"caption-attachment-279890\" style=\"width: 696px\" class=\"wp-caption aligncenter\"><img loading=\"lazy\" decoding=\"async\" class=\"size-large wp-image-279890\" src=\"https:\/\/www.fiscalia.gov.co\/colombia\/wp-content\/uploads\/Foto-1-Boletin-21-de-septiembre-Nicolas-Urango-Clan-del-Golfo--1024x372.jpeg\" alt=\"En la imagen aparecen 14 hombres y dos mujeres de pie, con los brazos hacia adelante esposados, custodiados por cuatro agentes de la Polic\u00eda Nacional con una mesa en la que se encuentran unas armas y municiones incautadas. Detr\u00e1s de ellos hay un pend\u00f3n de esa instituci\u00f3n.\" width=\"696\" height=\"253\" srcset=\"https:\/\/www.fiscalia.gov.co\/colombia\/wp-content\/uploads\/Foto-1-Boletin-21-de-septiembre-Nicolas-Urango-Clan-del-Golfo--1024x372.jpeg 1024w, https:\/\/www.fiscalia.gov.co\/colombia\/wp-content\/uploads\/Foto-1-Boletin-21-de-septiembre-Nicolas-Urango-Clan-del-Golfo--300x109.jpeg 300w, https:\/\/www.fiscalia.gov.co\/colombia\/wp-content\/uploads\/Foto-1-Boletin-21-de-septiembre-Nicolas-Urango-Clan-del-Golfo--768x279.jpeg 768w, https:\/\/www.fiscalia.gov.co\/colombia\/wp-content\/uploads\/Foto-1-Boletin-21-de-septiembre-Nicolas-Urango-Clan-del-Golfo--1536x559.jpeg 1536w, https:\/\/www.fiscalia.gov.co\/colombia\/wp-content\/uploads\/Foto-1-Boletin-21-de-septiembre-Nicolas-Urango-Clan-del-Golfo--696x253.jpeg 696w, https:\/\/www.fiscalia.gov.co\/colombia\/wp-content\/uploads\/Foto-1-Boletin-21-de-septiembre-Nicolas-Urango-Clan-del-Golfo--1068x388.jpeg 1068w, https:\/\/www.fiscalia.gov.co\/colombia\/wp-content\/uploads\/Foto-1-Boletin-21-de-septiembre-Nicolas-Urango-Clan-del-Golfo--1155x420.jpeg 1155w, https:\/\/www.fiscalia.gov.co\/colombia\/wp-content\/uploads\/Foto-1-Boletin-21-de-septiembre-Nicolas-Urango-Clan-del-Golfo-.jpeg 1600w\" sizes=\"auto, (max-width: 696px) 100vw, 696px\" \/><figcaption id=\"caption-attachment-279890\" class=\"wp-caption-text\">Algunos de los presuntos integrantes de la subestructura Nicol\u00e1s Urango Reyes, cuando fueron capturados en nueve allanamientos.<\/figcaption><\/figure>\n<p>Las diligencias judiciales se realizaron\u00a0barrios San Jos\u00e9 de los Campanos, Ciudadela La Paz, en los barrios Portales de Alicante y San Fernando de Cartagena, en el corregimiento de Arroyo de Piedra (Bol\u00edvar), en Sincelejo (Sucre) y en Bogot\u00e1.<\/p>\n<p>Abundante evidencia t\u00e9cnica indica que este grupo armado realizaba sicariatos y secuestros. Precisamente, las investigaciones dan cuenta de que \u00a0ser\u00eda el responsable de, por lo menos, 25 asesinatos ocurridos entre el\u00a0 2022 y el \u00faltimo a\u00f1o.<\/p>\n<p>Entre los homicidios esclarecidos se encuentra el de Kevin Novoa Fuentes, quien fue asesinado\u00a0el 7 de noviembre de 2022, en el sector de San Andresito, el de Gerard Alberto Stelle Navas, ocurrido el 8 de diciembre de 2022, en el barrio Nuevo Bosque y el de Marlon David Miranda \u00c1vila, acontecido el 21 de febrero del a\u00f1o en curso en el barrio Fredonia.<\/p>\n<p>Adem\u00e1s, fue resuelto el feminicidio de\u00a0Erika Tatiana Balseiro Pozo, alias La Chiqui, ex integrante de esa organizaci\u00f3n, a quien le dispararon durante un consejo de guerra, luego de ser acusada de la p\u00e9rdida de unas armas de fuego. El asesinato sucedi\u00f3 el 13 de febrero \u00faltimo, en la v\u00eda que de Cartagena conduce al corregimiento de Pasacaballo (Bol\u00edvar).<\/p>\n<p>En audiencias concentradas, la Fiscal\u00eda les imput\u00f3 a los procesados seg\u00fan su responsabilidad los delitos\u00a0de concierto para delinquir agravado,\u00a0homicidio agravado, fabricaci\u00f3n, tr\u00e1fico de arma de fuego, secuestro, concusi\u00f3n y feminicidio agravado.<\/p>\n<p>Por su parte, el juez de control de garant\u00edas priv\u00f3 de la libertad en establecimiento carcelario a siete de los presuntos integrantes; mientras que una mujer y los dos uniformados fueron asegurados en lugar de domicilio.<\/p>\n<p>Durante los operativos les fueron incautados un arma de fuego tipo pistola 9mm, un proveedor, 26 cartuchos calibre 9mm, dos cartuchos calibre 12, 10 cartuchos calibre 38, cinco cartuchos calibre 4\/10, un cartucho calibre 25 y cuatro tel\u00e9fonos celulares.<\/p>\n<p><b><u>Golpe a otra ala sicarial\u00a0<\/u><\/b><\/p>\n<p>La Fiscal\u00eda General de la Naci\u00f3n tambi\u00e9n obtuvo\u00a0medida de aseguramiento en centro carcelario\u00a0contra 8 presuntos integrantes del Clan del Golfo,\u00a0investigados por nueve homicidios, dos tentativas de homicidio y cinco hurtos.<\/p>\n<figure id=\"attachment_279891\" aria-describedby=\"caption-attachment-279891\" style=\"width: 696px\" class=\"wp-caption aligncenter\"><img loading=\"lazy\" decoding=\"async\" class=\"size-large wp-image-279891\" src=\"https:\/\/www.fiscalia.gov.co\/colombia\/wp-content\/uploads\/Foto-3-boletin-21-de-septiembre-Clan-del-Golfo--1024x382.jpeg\" alt=\"En la imagen se encuentran tres mujeres y dos hombres de pie con las cabezas hacia abajo y los brazos atr\u00e1s. Las personas se encuentran custodiadas por uniformados del CTI de la Fiscal\u00eda y la Polic\u00eda Nacional. Detr\u00e1s de ellos hay un pend\u00f3n de la Fiscal\u00eda General de la Naci\u00f3n.\" width=\"696\" height=\"260\" srcset=\"https:\/\/www.fiscalia.gov.co\/colombia\/wp-content\/uploads\/Foto-3-boletin-21-de-septiembre-Clan-del-Golfo--1024x382.jpeg 1024w, https:\/\/www.fiscalia.gov.co\/colombia\/wp-content\/uploads\/Foto-3-boletin-21-de-septiembre-Clan-del-Golfo--300x112.jpeg 300w, https:\/\/www.fiscalia.gov.co\/colombia\/wp-content\/uploads\/Foto-3-boletin-21-de-septiembre-Clan-del-Golfo--768x287.jpeg 768w, https:\/\/www.fiscalia.gov.co\/colombia\/wp-content\/uploads\/Foto-3-boletin-21-de-septiembre-Clan-del-Golfo--1536x573.jpeg 1536w, https:\/\/www.fiscalia.gov.co\/colombia\/wp-content\/uploads\/Foto-3-boletin-21-de-septiembre-Clan-del-Golfo--696x260.jpeg 696w, https:\/\/www.fiscalia.gov.co\/colombia\/wp-content\/uploads\/Foto-3-boletin-21-de-septiembre-Clan-del-Golfo--1068x398.jpeg 1068w, https:\/\/www.fiscalia.gov.co\/colombia\/wp-content\/uploads\/Foto-3-boletin-21-de-septiembre-Clan-del-Golfo--1126x420.jpeg 1126w, https:\/\/www.fiscalia.gov.co\/colombia\/wp-content\/uploads\/Foto-3-boletin-21-de-septiembre-Clan-del-Golfo-.jpeg 1600w\" sizes=\"auto, (max-width: 696px) 100vw, 696px\" \/><figcaption id=\"caption-attachment-279891\" class=\"wp-caption-text\">Supuestos integrantes de la otra ala sicarial del Clan del Golfo que operaba en Cartagena, fueron capturados por servidores del Cuerpo T\u00e9cnico de Investigaci\u00f3n (CTI) y la Polic\u00eda Nacional.<\/figcaption><\/figure>\n<p>Adem\u00e1s,\u00a0fueron capturadas cuatro unidades de la Polic\u00eda Nacional y notificados en establecimiento carcelario ocho personas m\u00e1s.<\/p>\n<p>De acuerdo con la investigaci\u00f3n adelantada por una fiscal especializada de la Seccional Bol\u00edvar, los homicidios y las tentativas de homicidio fueron cometidos por integrantes del Clan del Golfo,\u00a0entre los a\u00f1os 2022 y 2023, en zona rural y urbana de Cartagena.<\/p>\n<p>Los investigadores establecieron que\u00a0la citada estructura criminal ser\u00eda la responsable del homicidio de\u00a0\u00c1lvaro Alfonso Herrera Guerrero, ocurrido el 2 de octubre de 2022, en el barrio Escall\u00f3n de Cartagena y los atentados que sufrieron Juan David Archibold Ozuna y Niel Arturo sucedidos el 8 de septiembre de 2022, en un establecimiento p\u00fablico del municipio de Turbaco.<\/p>\n<p>Asimismo, se determin\u00f3 que los hoy procesados comet\u00edan hurtos en establecimientos comerciales, hoteles, buses de servicio p\u00fablico y una estaci\u00f3n de gasolina, ubicados en los barrios El Poz\u00f3n, Pasacaballo y Blas de Lezo.<\/p>\n<p>Los ocho investigados\u00a0fueron capturados por servidores del Cuerpo T\u00e9cnico de Investigaci\u00f3n (CTI) y la Polic\u00eda Nacional\u00a0luego de cinco allanamientos\u00a0realizados en los barrios Nelson Mandela, Rep\u00fablica de Chile, Olaya Herrera en Cartagena, en Suba (Bogot\u00e1), en el municipio de Villa Garz\u00f3n (Putumayo) y en Chin\u00e1cota (Norte de Santander).<\/p>\n<p>Con la captura de los procesados\u00a0se logr\u00f3 el esclarecimiento de nueve asesinatos.<\/p>\n<p>Por estos hechos, la Fiscal\u00eda les imput\u00f3 seg\u00fan su posible responsabilidad los delitos\u00a0de concierto para delinquir agravado, homicidio agravado, tentativa de homicidio agravado, hurto calificado agravado, cohecho por dar u ofrecer y prevaricato por omisi\u00f3n.<\/p>\n<p>Los ocho capturados fueron asegurados en establecimiento carcelario en lugar de residencia luego que un juez de control de garant\u00edas acogiera la solicitud de la Fiscal\u00eda.\u00a0Por su parte los cuatro polic\u00edas cumplir\u00e1n las medidas en sus lugares de residencias.<\/p>\n<p>Esta informaci\u00f3n se publica por razones de inter\u00e9s general.<\/p>\n<p><b><u>La Fiscal\u00eda habla con resultados.<\/u><\/b><\/p>\n<p><b>Le puede interesar:<\/b><\/p>\n<p><u><a id=\"m_6638770072007763839OWA1f6d12f9-5ef5-7f97-dd45-6f4257b30381\" title=\"A la c\u00e1rcel tres hermanos quienes, al parecer, se dedicaban al abigeato en Atl\u00e1ntico\" href=\"https:\/\/www.fiscalia.gov.co\/colombia\/noticias\/a-la-carcel-tres-hermanos-quienes-al-parecer-se-dedicaban-al-abigeato-en-atlantico\/\" target=\"_blank\" rel=\"noopener\" data-saferedirecturl=\"https:\/\/www.google.com\/url?q=https:\/\/www.fiscalia.gov.co\/colombia\/noticias\/a-la-carcel-tres-hermanos-quienes-al-parecer-se-dedicaban-al-abigeato-en-atlantico\/&amp;source=gmail&amp;ust=1695411091167000&amp;usg=AOvVaw1XfmScvajwxEe0vK3Vx6gQ\">A la c\u00e1rcel tres hermanos quienes, al parecer, se dedicaban al abigeato en Atl\u00e1ntico<\/a><\/u><\/p>\n<p><u><a id=\"m_6638770072007763839OWA9a9ac6cb-92ea-9d89-d460-4f76708f0150\" title=\"Asegurados siete presuntos integrantes del grupo delincuencial Los Finqueros, dedicados al hurto de ganado en varias zonas de La Guajira\" href=\"https:\/\/www.fiscalia.gov.co\/colombia\/noticias\/asegurados-siete-presuntos-integrantes-del-grupo-delincuencial-los-finqueros-dedicados-al-hurto-de-ganado-en-varias-zonas-de-la-guajira\/\" target=\"_blank\" rel=\"noopener\" data-saferedirecturl=\"https:\/\/www.google.com\/url?q=https:\/\/www.fiscalia.gov.co\/colombia\/noticias\/asegurados-siete-presuntos-integrantes-del-grupo-delincuencial-los-finqueros-dedicados-al-hurto-de-ganado-en-varias-zonas-de-la-guajira\/&amp;source=gmail&amp;ust=1695411091168000&amp;usg=AOvVaw1y0nemrlgw3LT4OIG_qko-\">Asegurados siete presuntos integrantes del grupo delincuencial Los Finqueros, dedicados al hurto de ganado en varias zonas de La Guajira<\/a><\/u><\/p>\n<p>&nbsp;<\/p>\n<p>&nbsp;<\/p>\n<p>&nbsp;<\/p>\n<p>&nbsp;<\/p>\n<p>&nbsp;<\/p>\n<p>MEVA\/MG\/ICHS\/DSB<\/p>\n<p>&nbsp;<\/p>\n<p align=\"center\">\n<p>&nbsp;<\/p>\n<p>&nbsp;<\/p>\n<p>&nbsp;<\/p>\n<div class=\"td-post-content tagdiv-type\">\n<p><em>La informaci\u00f3n contenida en este bolet\u00edn de prensa corresponde a la narraci\u00f3n de los hechos noticiosos objetivos, y las investigaciones penales al interior de la Fiscal\u00eda General de la Naci\u00f3n. Para el momento de la divulgaci\u00f3n de este comunicado, la situaci\u00f3n jur\u00eddica de la(s) persona(s) relacionada(s) se encuentra pendiente de resolver por la autoridad judicial competente, siempre bajo los preceptos de la presunci\u00f3n de inocencia, consagrados en el art\u00edculo 29 de la Constituci\u00f3n Pol\u00edtica y el art\u00edculo 7\u00ba de la Ley 906 de 2004.<\/em><\/p>\n<\/div>\n<footer>\n<div class=\"td-post-source-tags\"><\/div>\n<div class=\"td-post-sharing-bottom\"><\/div>\n<\/footer>\n\n<div class=\"twitter-share\"><a href=\"https:\/\/twitter.com\/intent\/tweet?via=fiscaliacol\" class=\"twitter-share-button\">Tweet<\/a><\/div>\n","protected":false},"excerpt":{"rendered":"<p>Entre los procesados se encuentran seis uniformados de la Polic\u00eda Nacional. Con este nuevo golpe a esta estructura criminal, la Fiscal\u00eda resolvi\u00f3 33 homicidios y un feminicidio.\u00a0 En un trabajo interinstitucional en la lucha contra el crimen organizado en Bol\u00edvar, la Fiscal\u00eda General de la Naci\u00f3n logr\u00f3 en el \u00faltimo mes impactar a la estructura [&hellip;]<\/p>\n","protected":false},"author":177,"featured_media":0,"comment_status":"closed","ping_status":"open","sticky":false,"template":"","format":"standard","meta":{"tdm_status":"","tdm_grid_status":"","footnotes":""},"categories":[1,325,303,24099],"tags":[23819,23998,18672,83,25012,24187,1047,558,24237,5448],"class_list":{"0":"post-279871","1":"post","2":"type-post","3":"status-publish","4":"format-standard","6":"category-noticias","7":"category-seccional-cartagena","8":"category-seccionales","9":"category-seguridad-territorial","10":"tag-cartagena","11":"tag-cartagena-bolivar","12":"tag-clan-del-golfo","13":"tag-concierto-para-delinquir","14":"tag-cuerpo-tecnico-de-investigacion","15":"tag-fiscalia-colombia","16":"tag-fiscalia-general-de-la-nacion","17":"tag-policia-nacional","18":"tag-prision","19":"tag-sicariato"},"yoast_head":"<!-- This site is optimized with the Yoast SEO plugin v24.3 - https:\/\/yoast.com\/wordpress\/plugins\/seo\/ -->\n<title>Fiscal\u00eda General de la Naci\u00f3n<\/title>\n<meta name=\"description\" content=\"P\u00e1gina oficial de la Fiscal\u00eda General de la Naci\u00f3n \u2013 Colombia. Garantizamos el acceso efectivo a la justicia, la verdad y la reparaci\u00f3n de las v\u00edctimas de los delitos.\" \/>\n<meta name=\"robots\" content=\"noindex, follow\" \/>\n<meta property=\"og:locale\" content=\"es_ES\" \/>\n<meta property=\"og:type\" content=\"article\" \/>\n<meta property=\"og:title\" content=\"Fiscal\u00eda General de la Naci\u00f3n\" \/>\n<meta property=\"og:description\" content=\"P\u00e1gina oficial de la Fiscal\u00eda General de la Naci\u00f3n \u2013 Colombia. Garantizamos el acceso efectivo a la justicia, la verdad y la reparaci\u00f3n de las v\u00edctimas de los delitos.\" \/>\n<meta property=\"og:url\" content=\"https:\/\/www.fiscalia.gov.co\/colombia\/noticias\/43-capturados-en-megaoperacion-contra-la-organizacion-criminal-clan-del-golfo-en-el-departamento-de-bolivar\/\" \/>\n<meta property=\"og:site_name\" content=\"Fiscal\u00eda General de la Naci\u00f3n\" \/>\n<meta property=\"article:publisher\" content=\"https:\/\/www.facebook.com\/FiscaliaCol\" \/>\n<meta property=\"article:published_time\" content=\"2023-09-21T21:20:34+00:00\" \/>\n<meta property=\"og:image\" content=\"https:\/\/www.fiscalia.gov.co\/colombia\/wp-content\/uploads\/Foto-1-Boletin-21-de-septiembre-Nicolas-Urango-Clan-del-Golfo--1024x372.jpeg\" \/>\n<meta name=\"author\" content=\"Jordan Leandro Oviedo Anzola\" \/>\n<meta name=\"twitter:card\" content=\"summary_large_image\" \/>\n<meta name=\"twitter:creator\" content=\"@FiscaliaCol\" \/>\n<meta name=\"twitter:site\" content=\"@FiscaliaCol\" \/>\n<meta name=\"twitter:label1\" content=\"Escrito por\" \/>\n\t<meta name=\"twitter:data1\" content=\"Jordan Leandro Oviedo Anzola\" \/>\n\t<meta name=\"twitter:label2\" content=\"Tiempo de lectura\" \/>\n\t<meta name=\"twitter:data2\" content=\"5 minutos\" \/>\n<script type=\"application\/ld+json\" class=\"yoast-schema-graph\">{\"@context\":\"https:\/\/schema.org\",\"@graph\":[{\"@type\":\"Article\",\"@id\":\"https:\/\/www.fiscalia.gov.co\/colombia\/noticias\/43-capturados-en-megaoperacion-contra-la-organizacion-criminal-clan-del-golfo-en-el-departamento-de-bolivar\/#article\",\"isPartOf\":{\"@id\":\"https:\/\/www.fiscalia.gov.co\/colombia\/noticias\/43-capturados-en-megaoperacion-contra-la-organizacion-criminal-clan-del-golfo-en-el-departamento-de-bolivar\/\"},\"author\":{\"name\":\"Jordan Leandro Oviedo Anzola\",\"@id\":\"https:\/\/www.fiscalia.gov.co\/colombia\/#\/schema\/person\/bf84402cf293a5393e9c70b111020b24\"},\"headline\":\"43 capturados en megaoperaci\u00f3n contra la organizaci\u00f3n criminal Clan del Golfo en el departamento de Bol\u00edvar\",\"datePublished\":\"2023-09-21T21:20:34+00:00\",\"dateModified\":\"2023-09-21T21:20:34+00:00\",\"mainEntityOfPage\":{\"@id\":\"https:\/\/www.fiscalia.gov.co\/colombia\/noticias\/43-capturados-en-megaoperacion-contra-la-organizacion-criminal-clan-del-golfo-en-el-departamento-de-bolivar\/\"},\"wordCount\":1031,\"publisher\":{\"@id\":\"https:\/\/www.fiscalia.gov.co\/colombia\/#organization\"},\"image\":{\"@id\":\"https:\/\/www.fiscalia.gov.co\/colombia\/noticias\/43-capturados-en-megaoperacion-contra-la-organizacion-criminal-clan-del-golfo-en-el-departamento-de-bolivar\/#primaryimage\"},\"thumbnailUrl\":\"https:\/\/www.fiscalia.gov.co\/colombia\/wp-content\/uploads\/Foto-1-Boletin-21-de-septiembre-Nicolas-Urango-Clan-del-Golfo--1024x372.jpeg\",\"keywords\":[\"Cartagena\",\"Cartagena (Bol\u00edvar)\",\"Clan del Golfo\",\"Concierto para delinquir\",\"cuerpo t\u00e9cnico de investigaci\u00f3n\",\"Fiscal\u00eda Colombia\",\"Fiscal\u00eda General de la Naci\u00f3n\",\"Polic\u00eda Nacional\",\"prisi\u00f3n\",\"Sicariato\"],\"articleSection\":[\"Noticias\",\"Seccional Cartagena\",\"Seccionales\",\"Seguridad territorial\"],\"inLanguage\":\"es-CO\"},{\"@type\":\"WebPage\",\"@id\":\"https:\/\/www.fiscalia.gov.co\/colombia\/noticias\/43-capturados-en-megaoperacion-contra-la-organizacion-criminal-clan-del-golfo-en-el-departamento-de-bolivar\/\",\"url\":\"https:\/\/www.fiscalia.gov.co\/colombia\/noticias\/43-capturados-en-megaoperacion-contra-la-organizacion-criminal-clan-del-golfo-en-el-departamento-de-bolivar\/\",\"name\":\"Fiscal\u00eda General de la Naci\u00f3n\",\"isPartOf\":{\"@id\":\"https:\/\/www.fiscalia.gov.co\/colombia\/#website\"},\"primaryImageOfPage\":{\"@id\":\"https:\/\/www.fiscalia.gov.co\/colombia\/noticias\/43-capturados-en-megaoperacion-contra-la-organizacion-criminal-clan-del-golfo-en-el-departamento-de-bolivar\/#primaryimage\"},\"image\":{\"@id\":\"https:\/\/www.fiscalia.gov.co\/colombia\/noticias\/43-capturados-en-megaoperacion-contra-la-organizacion-criminal-clan-del-golfo-en-el-departamento-de-bolivar\/#primaryimage\"},\"thumbnailUrl\":\"https:\/\/www.fiscalia.gov.co\/colombia\/wp-content\/uploads\/Foto-1-Boletin-21-de-septiembre-Nicolas-Urango-Clan-del-Golfo--1024x372.jpeg\",\"datePublished\":\"2023-09-21T21:20:34+00:00\",\"dateModified\":\"2023-09-21T21:20:34+00:00\",\"description\":\"P\u00e1gina oficial de la Fiscal\u00eda General de la Naci\u00f3n \u2013 Colombia. Garantizamos el acceso efectivo a la justicia, la verdad y la reparaci\u00f3n de las v\u00edctimas de los delitos.\",\"breadcrumb\":{\"@id\":\"https:\/\/www.fiscalia.gov.co\/colombia\/noticias\/43-capturados-en-megaoperacion-contra-la-organizacion-criminal-clan-del-golfo-en-el-departamento-de-bolivar\/#breadcrumb\"},\"inLanguage\":\"es-CO\",\"potentialAction\":[{\"@type\":\"ReadAction\",\"target\":[\"https:\/\/www.fiscalia.gov.co\/colombia\/noticias\/43-capturados-en-megaoperacion-contra-la-organizacion-criminal-clan-del-golfo-en-el-departamento-de-bolivar\/\"]}]},{\"@type\":\"ImageObject\",\"inLanguage\":\"es-CO\",\"@id\":\"https:\/\/www.fiscalia.gov.co\/colombia\/noticias\/43-capturados-en-megaoperacion-contra-la-organizacion-criminal-clan-del-golfo-en-el-departamento-de-bolivar\/#primaryimage\",\"url\":\"https:\/\/www.fiscalia.gov.co\/colombia\/wp-content\/uploads\/Foto-1-Boletin-21-de-septiembre-Nicolas-Urango-Clan-del-Golfo--1024x372.jpeg\",\"contentUrl\":\"https:\/\/www.fiscalia.gov.co\/colombia\/wp-content\/uploads\/Foto-1-Boletin-21-de-septiembre-Nicolas-Urango-Clan-del-Golfo--1024x372.jpeg\"},{\"@type\":\"BreadcrumbList\",\"@id\":\"https:\/\/www.fiscalia.gov.co\/colombia\/noticias\/43-capturados-en-megaoperacion-contra-la-organizacion-criminal-clan-del-golfo-en-el-departamento-de-bolivar\/#breadcrumb\",\"itemListElement\":[{\"@type\":\"ListItem\",\"position\":1,\"name\":\"Home\",\"item\":\"https:\/\/www.fiscalia.gov.co\/colombia\/\"},{\"@type\":\"ListItem\",\"position\":2,\"name\":\"43 capturados en megaoperaci\u00f3n contra la organizaci\u00f3n criminal Clan del Golfo en el departamento de Bol\u00edvar\"}]},{\"@type\":\"WebSite\",\"@id\":\"https:\/\/www.fiscalia.gov.co\/colombia\/#website\",\"url\":\"https:\/\/www.fiscalia.gov.co\/colombia\/\",\"name\":\"Fiscal\u00eda General de la Naci\u00f3n\",\"description\":\"P\u00e1gina oficial de la Fiscal\u00eda General de la Naci\u00f3n \u2013 Colombia. Garantizamos el acceso efectivo a la justicia, la verdad y la reparaci\u00f3n de las v\u00edctimas de los delitos.\",\"publisher\":{\"@id\":\"https:\/\/www.fiscalia.gov.co\/colombia\/#organization\"},\"potentialAction\":[{\"@type\":\"SearchAction\",\"target\":{\"@type\":\"EntryPoint\",\"urlTemplate\":\"https:\/\/www.fiscalia.gov.co\/colombia\/?s={search_term_string}\"},\"query-input\":{\"@type\":\"PropertyValueSpecification\",\"valueRequired\":true,\"valueName\":\"search_term_string\"}}],\"inLanguage\":\"es-CO\"},{\"@type\":\"Organization\",\"@id\":\"https:\/\/www.fiscalia.gov.co\/colombia\/#organization\",\"name\":\"Fiscal\u00eda General de la Naci\u00f3n\",\"url\":\"https:\/\/www.fiscalia.gov.co\/colombia\/\",\"logo\":{\"@type\":\"ImageObject\",\"inLanguage\":\"es-CO\",\"@id\":\"https:\/\/www.fiscalia.gov.co\/colombia\/#\/schema\/logo\/image\/\",\"url\":\"https:\/\/www.fiscalia.gov.co\/colombia\/wp-content\/uploads\/LogoHorizontal_1.jpg\",\"contentUrl\":\"https:\/\/www.fiscalia.gov.co\/colombia\/wp-content\/uploads\/LogoHorizontal_1.jpg\",\"width\":300,\"height\":90,\"caption\":\"Fiscal\u00eda General de la Naci\u00f3n\"},\"image\":{\"@id\":\"https:\/\/www.fiscalia.gov.co\/colombia\/#\/schema\/logo\/image\/\"},\"sameAs\":[\"https:\/\/www.facebook.com\/FiscaliaCol\",\"https:\/\/x.com\/FiscaliaCol\",\"https:\/\/www.instagram.com\/fiscaliacol\",\"https:\/\/www.linkedin.com\/company\/fiscalia-general-de-la-naci-n\/\",\"https:\/\/youtube.com\/@fiscaliageneraldelanacion-4668?si=6nN79nyQICPU5iTh\"]},{\"@type\":\"Person\",\"@id\":\"https:\/\/www.fiscalia.gov.co\/colombia\/#\/schema\/person\/bf84402cf293a5393e9c70b111020b24\",\"name\":\"Jordan Leandro Oviedo Anzola\",\"image\":{\"@type\":\"ImageObject\",\"inLanguage\":\"es-CO\",\"@id\":\"https:\/\/www.fiscalia.gov.co\/colombia\/#\/schema\/person\/image\/\",\"url\":\"https:\/\/secure.gravatar.com\/avatar\/dabba4346fa9b9207d96adafa8f92721?s=96&d=mm&r=g\",\"contentUrl\":\"https:\/\/secure.gravatar.com\/avatar\/dabba4346fa9b9207d96adafa8f92721?s=96&d=mm&r=g\",\"caption\":\"Jordan Leandro Oviedo Anzola\"},\"url\":\"https:\/\/www.fiscalia.gov.co\/colombia\/author\/joviedo\/\"}]}<\/script>\n<!-- \/ Yoast SEO plugin. -->","yoast_head_json":{"title":"Fiscal\u00eda General de la Naci\u00f3n","description":"P\u00e1gina oficial de la Fiscal\u00eda General de la Naci\u00f3n \u2013 Colombia. Garantizamos el acceso efectivo a la justicia, la verdad y la reparaci\u00f3n de las v\u00edctimas de los delitos.","robots":{"index":"noindex","follow":"follow"},"og_locale":"es_ES","og_type":"article","og_title":"Fiscal\u00eda General de la Naci\u00f3n","og_description":"P\u00e1gina oficial de la Fiscal\u00eda General de la Naci\u00f3n \u2013 Colombia. Garantizamos el acceso efectivo a la justicia, la verdad y la reparaci\u00f3n de las v\u00edctimas de los delitos.","og_url":"https:\/\/www.fiscalia.gov.co\/colombia\/noticias\/43-capturados-en-megaoperacion-contra-la-organizacion-criminal-clan-del-golfo-en-el-departamento-de-bolivar\/","og_site_name":"Fiscal\u00eda General de la Naci\u00f3n","article_publisher":"https:\/\/www.facebook.com\/FiscaliaCol","article_published_time":"2023-09-21T21:20:34+00:00","og_image":[{"url":"https:\/\/www.fiscalia.gov.co\/colombia\/wp-content\/uploads\/Foto-1-Boletin-21-de-septiembre-Nicolas-Urango-Clan-del-Golfo--1024x372.jpeg","type":"","width":"","height":""}],"author":"Jordan Leandro Oviedo Anzola","twitter_card":"summary_large_image","twitter_creator":"@FiscaliaCol","twitter_site":"@FiscaliaCol","twitter_misc":{"Escrito por":"Jordan Leandro Oviedo Anzola","Tiempo de lectura":"5 minutos"},"schema":{"@context":"https:\/\/schema.org","@graph":[{"@type":"Article","@id":"https:\/\/www.fiscalia.gov.co\/colombia\/noticias\/43-capturados-en-megaoperacion-contra-la-organizacion-criminal-clan-del-golfo-en-el-departamento-de-bolivar\/#article","isPartOf":{"@id":"https:\/\/www.fiscalia.gov.co\/colombia\/noticias\/43-capturados-en-megaoperacion-contra-la-organizacion-criminal-clan-del-golfo-en-el-departamento-de-bolivar\/"},"author":{"name":"Jordan Leandro Oviedo Anzola","@id":"https:\/\/www.fiscalia.gov.co\/colombia\/#\/schema\/person\/bf84402cf293a5393e9c70b111020b24"},"headline":"43 capturados en megaoperaci\u00f3n contra la organizaci\u00f3n criminal Clan del Golfo en el departamento de Bol\u00edvar","datePublished":"2023-09-21T21:20:34+00:00","dateModified":"2023-09-21T21:20:34+00:00","mainEntityOfPage":{"@id":"https:\/\/www.fiscalia.gov.co\/colombia\/noticias\/43-capturados-en-megaoperacion-contra-la-organizacion-criminal-clan-del-golfo-en-el-departamento-de-bolivar\/"},"wordCount":1031,"publisher":{"@id":"https:\/\/www.fiscalia.gov.co\/colombia\/#organization"},"image":{"@id":"https:\/\/www.fiscalia.gov.co\/colombia\/noticias\/43-capturados-en-megaoperacion-contra-la-organizacion-criminal-clan-del-golfo-en-el-departamento-de-bolivar\/#primaryimage"},"thumbnailUrl":"https:\/\/www.fiscalia.gov.co\/colombia\/wp-content\/uploads\/Foto-1-Boletin-21-de-septiembre-Nicolas-Urango-Clan-del-Golfo--1024x372.jpeg","keywords":["Cartagena","Cartagena (Bol\u00edvar)","Clan del Golfo","Concierto para delinquir","cuerpo t\u00e9cnico de investigaci\u00f3n","Fiscal\u00eda Colombia","Fiscal\u00eda General de la Naci\u00f3n","Polic\u00eda Nacional","prisi\u00f3n","Sicariato"],"articleSection":["Noticias","Seccional Cartagena","Seccionales","Seguridad territorial"],"inLanguage":"es-CO"},{"@type":"WebPage","@id":"https:\/\/www.fiscalia.gov.co\/colombia\/noticias\/43-capturados-en-megaoperacion-contra-la-organizacion-criminal-clan-del-golfo-en-el-departamento-de-bolivar\/","url":"https:\/\/www.fiscalia.gov.co\/colombia\/noticias\/43-capturados-en-megaoperacion-contra-la-organizacion-criminal-clan-del-golfo-en-el-departamento-de-bolivar\/","name":"Fiscal\u00eda General de la Naci\u00f3n","isPartOf":{"@id":"https:\/\/www.fiscalia.gov.co\/colombia\/#website"},"primaryImageOfPage":{"@id":"https:\/\/www.fiscalia.gov.co\/colombia\/noticias\/43-capturados-en-megaoperacion-contra-la-organizacion-criminal-clan-del-golfo-en-el-departamento-de-bolivar\/#primaryimage"},"image":{"@id":"https:\/\/www.fiscalia.gov.co\/colombia\/noticias\/43-capturados-en-megaoperacion-contra-la-organizacion-criminal-clan-del-golfo-en-el-departamento-de-bolivar\/#primaryimage"},"thumbnailUrl":"https:\/\/www.fiscalia.gov.co\/colombia\/wp-content\/uploads\/Foto-1-Boletin-21-de-septiembre-Nicolas-Urango-Clan-del-Golfo--1024x372.jpeg","datePublished":"2023-09-21T21:20:34+00:00","dateModified":"2023-09-21T21:20:34+00:00","description":"P\u00e1gina oficial de la Fiscal\u00eda General de la Naci\u00f3n \u2013 Colombia. Garantizamos el acceso efectivo a la justicia, la verdad y la reparaci\u00f3n de las v\u00edctimas de los delitos.","breadcrumb":{"@id":"https:\/\/www.fiscalia.gov.co\/colombia\/noticias\/43-capturados-en-megaoperacion-contra-la-organizacion-criminal-clan-del-golfo-en-el-departamento-de-bolivar\/#breadcrumb"},"inLanguage":"es-CO","potentialAction":[{"@type":"ReadAction","target":["https:\/\/www.fiscalia.gov.co\/colombia\/noticias\/43-capturados-en-megaoperacion-contra-la-organizacion-criminal-clan-del-golfo-en-el-departamento-de-bolivar\/"]}]},{"@type":"ImageObject","inLanguage":"es-CO","@id":"https:\/\/www.fiscalia.gov.co\/colombia\/noticias\/43-capturados-en-megaoperacion-contra-la-organizacion-criminal-clan-del-golfo-en-el-departamento-de-bolivar\/#primaryimage","url":"https:\/\/www.fiscalia.gov.co\/colombia\/wp-content\/uploads\/Foto-1-Boletin-21-de-septiembre-Nicolas-Urango-Clan-del-Golfo--1024x372.jpeg","contentUrl":"https:\/\/www.fiscalia.gov.co\/colombia\/wp-content\/uploads\/Foto-1-Boletin-21-de-septiembre-Nicolas-Urango-Clan-del-Golfo--1024x372.jpeg"},{"@type":"BreadcrumbList","@id":"https:\/\/www.fiscalia.gov.co\/colombia\/noticias\/43-capturados-en-megaoperacion-contra-la-organizacion-criminal-clan-del-golfo-en-el-departamento-de-bolivar\/#breadcrumb","itemListElement":[{"@type":"ListItem","position":1,"name":"Home","item":"https:\/\/www.fiscalia.gov.co\/colombia\/"},{"@type":"ListItem","position":2,"name":"43 capturados en megaoperaci\u00f3n contra la organizaci\u00f3n criminal Clan del Golfo en el departamento de Bol\u00edvar"}]},{"@type":"WebSite","@id":"https:\/\/www.fiscalia.gov.co\/colombia\/#website","url":"https:\/\/www.fiscalia.gov.co\/colombia\/","name":"Fiscal\u00eda General de la Naci\u00f3n","description":"P\u00e1gina oficial de la Fiscal\u00eda General de la Naci\u00f3n \u2013 Colombia. Garantizamos el acceso efectivo a la justicia, la verdad y la reparaci\u00f3n de las v\u00edctimas de los delitos.","publisher":{"@id":"https:\/\/www.fiscalia.gov.co\/colombia\/#organization"},"potentialAction":[{"@type":"SearchAction","target":{"@type":"EntryPoint","urlTemplate":"https:\/\/www.fiscalia.gov.co\/colombia\/?s={search_term_string}"},"query-input":{"@type":"PropertyValueSpecification","valueRequired":true,"valueName":"search_term_string"}}],"inLanguage":"es-CO"},{"@type":"Organization","@id":"https:\/\/www.fiscalia.gov.co\/colombia\/#organization","name":"Fiscal\u00eda General de la Naci\u00f3n","url":"https:\/\/www.fiscalia.gov.co\/colombia\/","logo":{"@type":"ImageObject","inLanguage":"es-CO","@id":"https:\/\/www.fiscalia.gov.co\/colombia\/#\/schema\/logo\/image\/","url":"https:\/\/www.fiscalia.gov.co\/colombia\/wp-content\/uploads\/LogoHorizontal_1.jpg","contentUrl":"https:\/\/www.fiscalia.gov.co\/colombia\/wp-content\/uploads\/LogoHorizontal_1.jpg","width":300,"height":90,"caption":"Fiscal\u00eda General de la Naci\u00f3n"},"image":{"@id":"https:\/\/www.fiscalia.gov.co\/colombia\/#\/schema\/logo\/image\/"},"sameAs":["https:\/\/www.facebook.com\/FiscaliaCol","https:\/\/x.com\/FiscaliaCol","https:\/\/www.instagram.com\/fiscaliacol","https:\/\/www.linkedin.com\/company\/fiscalia-general-de-la-naci-n\/","https:\/\/youtube.com\/@fiscaliageneraldelanacion-4668?si=6nN79nyQICPU5iTh"]},{"@type":"Person","@id":"https:\/\/www.fiscalia.gov.co\/colombia\/#\/schema\/person\/bf84402cf293a5393e9c70b111020b24","name":"Jordan Leandro Oviedo Anzola","image":{"@type":"ImageObject","inLanguage":"es-CO","@id":"https:\/\/www.fiscalia.gov.co\/colombia\/#\/schema\/person\/image\/","url":"https:\/\/secure.gravatar.com\/avatar\/dabba4346fa9b9207d96adafa8f92721?s=96&d=mm&r=g","contentUrl":"https:\/\/secure.gravatar.com\/avatar\/dabba4346fa9b9207d96adafa8f92721?s=96&d=mm&r=g","caption":"Jordan Leandro Oviedo Anzola"},"url":"https:\/\/www.fiscalia.gov.co\/colombia\/author\/joviedo\/"}]}},"_links":{"self":[{"href":"https:\/\/www.fiscalia.gov.co\/colombia\/wp-json\/wp\/v2\/posts\/279871","targetHints":{"allow":["GET"]}}],"collection":[{"href":"https:\/\/www.fiscalia.gov.co\/colombia\/wp-json\/wp\/v2\/posts"}],"about":[{"href":"https:\/\/www.fiscalia.gov.co\/colombia\/wp-json\/wp\/v2\/types\/post"}],"author":[{"embeddable":true,"href":"https:\/\/www.fiscalia.gov.co\/colombia\/wp-json\/wp\/v2\/users\/177"}],"replies":[{"embeddable":true,"href":"https:\/\/www.fiscalia.gov.co\/colombia\/wp-json\/wp\/v2\/comments?post=279871"}],"version-history":[{"count":1,"href":"https:\/\/www.fiscalia.gov.co\/colombia\/wp-json\/wp\/v2\/posts\/279871\/revisions"}],"predecessor-version":[{"id":279892,"href":"https:\/\/www.fiscalia.gov.co\/colombia\/wp-json\/wp\/v2\/posts\/279871\/revisions\/279892"}],"wp:attachment":[{"href":"https:\/\/www.fiscalia.gov.co\/colombia\/wp-json\/wp\/v2\/media?parent=279871"}],"wp:term":[{"taxonomy":"category","embeddable":true,"href":"https:\/\/www.fiscalia.gov.co\/colombia\/wp-json\/wp\/v2\/categories?post=279871"},{"taxonomy":"post_tag","embeddable":true,"href":"https:\/\/www.fiscalia.gov.co\/colombia\/wp-json\/wp\/v2\/tags?post=279871"}],"curies":[{"name":"wp","href":"https:\/\/api.w.org\/{rel}","templated":true}]}}