{"id":279610,"date":"2023-09-18T12:50:48","date_gmt":"2023-09-18T17:50:48","guid":{"rendered":"https:\/\/www.fiscalia.gov.co\/colombia\/?p=279610"},"modified":"2023-09-18T12:51:32","modified_gmt":"2023-09-18T17:51:32","slug":"detencion-carcelaria-para-un-hombre-por-presuntos-tocamientos-de-indole-sexual-a-su-hijastra-menor-de-edad","status":"publish","type":"post","link":"https:\/\/www.fiscalia.gov.co\/colombia\/noticias\/detencion-carcelaria-para-un-hombre-por-presuntos-tocamientos-de-indole-sexual-a-su-hijastra-menor-de-edad\/","title":{"rendered":"Detenci\u00f3n carcelaria para un hombre por presuntos tocamientos de \u00edndole sexual a su hijastra menor de edad"},"content":{"rendered":"<p>Al avalar los argumentos presentados por la Fiscal\u00eda en audiencias preliminares concentradas, un hombre de 44 a\u00f1os fue cobijado con medida de aseguramiento en centro de reclusi\u00f3n por presuntas conductas sexuales en contra de su hijastra de 11 a\u00f1os de edad, mismas que se habr\u00edan prolongado durante tres a\u00f1os.<\/p>\n<p>Los hechos que se investigan sucedieron entre 2018 y 2021 mientras la madre de la ni\u00f1a sal\u00eda a trabajar. Al parecer, el presunto implicado ingresaba de manera abusiva a la habitaci\u00f3n donde se encontraba la menor y la amenazaba, en ocasiones con arma cortopunzante, para que no contara lo sucedido y accediera a sus exigencias.<\/p>\n<p>Se presume que estos tocamientos de \u00edndole sexual sucedieron en las viviendas familiares que durante esos a\u00f1os habitaron en el barrio La Brisas de Pereira y tambi\u00e9n en el barrio Santa Isabel de Dosquebradas.<\/p>\n<p>Por estos hechos la Fiscal\u00eda imput\u00f3 al procesado por los delitos de actos sexuales con menor de 14 a\u00f1os agravado, cargos que no acept\u00f3 el imputado.<\/p>\n<p>Uniformados del Cuerpo T\u00e9cnico de Investigaci\u00f3n (CTI) y Polic\u00eda Nacional capturaron al investigado en v\u00eda p\u00fablica del barrio San Lu\u00eds de la capital risaraldense.<\/p>\n<p>&nbsp;<\/p>\n<p>Esta informaci\u00f3n se publica por razones de inter\u00e9s general<\/p>\n<p>&nbsp;<\/p>\n<p><strong>La Fiscal\u00eda habla con resultados.<\/strong><\/p>\n<p>&nbsp;<\/p>\n<p>&nbsp;<\/p>\n<p>CLCG\/LYBT\/ \/DSR<\/p>\n<p>&nbsp;<\/p>\n<p>&nbsp;<\/p>\n<p><i><span lang=\"ES\">La informaci\u00f3n contenida en este bolet\u00edn de prensa corresponde a la narraci\u00f3n de los hechos noticiosos objetivos, suministrados por los funcionarios encargados de adelantar las investigaciones penales al interior de la Fiscal\u00eda General de la Naci\u00f3n. Para el momento de la divulgaci\u00f3n de este comunicado, la situaci\u00f3n jur\u00eddica de la(s) persona(s) relacionada(s) se encuentra pendiente de resolver por la autoridad judicial competente, siempre bajo los preceptos de la presunci\u00f3n de inocencia, consagrados en el art\u00edculo 29 de la Constituci\u00f3n Pol\u00edtica y el art\u00edculo 7\u00ba de la Ley 906 de 2004.<\/span><\/i><\/p>\n<p>&nbsp;<\/p>\n\n<div class=\"twitter-share\"><a href=\"https:\/\/twitter.com\/intent\/tweet?via=fiscaliacol\" class=\"twitter-share-button\">Tweet<\/a><\/div>\n","protected":false},"excerpt":{"rendered":"<p>Al avalar los argumentos presentados por la Fiscal\u00eda en audiencias preliminares concentradas, un hombre de 44 a\u00f1os fue cobijado con medida de aseguramiento en centro de reclusi\u00f3n por presuntas conductas [&hellip;]<\/p>\n","protected":false},"author":179,"featured_media":0,"comment_status":"closed","ping_status":"open","sticky":false,"template":"","format":"standard","meta":{"tdm_status":"","tdm_grid_status":"","footnotes":""},"categories":[1,335,303,24127],"tags":[35626,33981,35625,24185,1047,693,932,35627,30778],"class_list":["post-279610","post","type-post","status-publish","format-standard","category-noticias","category-seccional-pereira","category-seccionales","category-violencia-sexual-e-intrafamiliar","tag-carcelaria","tag-cortopunzante","tag-detencion","tag-fiscal-barbosa","tag-fiscalia-general-de-la-nacion","tag-hijastra","tag-mensor-de-edad","tag-seccional-pereira","tag-tocamientos"],"yoast_head":"<!-- This site is optimized with the Yoast SEO plugin v24.3 - https:\/\/yoast.com\/wordpress\/plugins\/seo\/ -->\n<title>Fiscal\u00eda General de la Naci\u00f3n<\/title>\n<meta name=\"description\" content=\"P\u00e1gina oficial de la Fiscal\u00eda General de la Naci\u00f3n \u2013 Colombia. Garantizamos el acceso efectivo a la justicia, la verdad y la reparaci\u00f3n de las v\u00edctimas de los delitos.\" \/>\n<meta name=\"robots\" content=\"noindex, follow\" \/>\n<meta property=\"og:locale\" content=\"es_ES\" \/>\n<meta property=\"og:type\" content=\"article\" \/>\n<meta property=\"og:title\" content=\"Fiscal\u00eda General de la Naci\u00f3n\" \/>\n<meta property=\"og:description\" content=\"P\u00e1gina oficial de la Fiscal\u00eda General de la Naci\u00f3n \u2013 Colombia. Garantizamos el acceso efectivo a la justicia, la verdad y la reparaci\u00f3n de las v\u00edctimas de los delitos.\" \/>\n<meta property=\"og:url\" content=\"https:\/\/www.fiscalia.gov.co\/colombia\/noticias\/detencion-carcelaria-para-un-hombre-por-presuntos-tocamientos-de-indole-sexual-a-su-hijastra-menor-de-edad\/\" \/>\n<meta property=\"og:site_name\" content=\"Fiscal\u00eda General de la Naci\u00f3n\" \/>\n<meta property=\"article:publisher\" content=\"https:\/\/www.facebook.com\/FiscaliaCol\" \/>\n<meta property=\"article:published_time\" content=\"2023-09-18T17:50:48+00:00\" \/>\n<meta property=\"article:modified_time\" content=\"2023-09-18T17:51:32+00:00\" \/>\n<meta name=\"author\" content=\"Lesly Katherine Segura Camargo.\" \/>\n<meta name=\"twitter:card\" content=\"summary_large_image\" \/>\n<meta name=\"twitter:creator\" content=\"@FiscaliaCol\" \/>\n<meta name=\"twitter:site\" content=\"@FiscaliaCol\" \/>\n<meta name=\"twitter:label1\" content=\"Escrito por\" \/>\n\t<meta name=\"twitter:data1\" content=\"Lesly Katherine Segura Camargo.\" \/>\n\t<meta name=\"twitter:label2\" content=\"Tiempo de lectura\" \/>\n\t<meta name=\"twitter:data2\" content=\"1 minuto\" \/>\n<script type=\"application\/ld+json\" class=\"yoast-schema-graph\">{\"@context\":\"https:\/\/schema.org\",\"@graph\":[{\"@type\":\"Article\",\"@id\":\"https:\/\/www.fiscalia.gov.co\/colombia\/noticias\/detencion-carcelaria-para-un-hombre-por-presuntos-tocamientos-de-indole-sexual-a-su-hijastra-menor-de-edad\/#article\",\"isPartOf\":{\"@id\":\"https:\/\/www.fiscalia.gov.co\/colombia\/noticias\/detencion-carcelaria-para-un-hombre-por-presuntos-tocamientos-de-indole-sexual-a-su-hijastra-menor-de-edad\/\"},\"author\":{\"name\":\"Lesly Katherine Segura Camargo.\",\"@id\":\"https:\/\/www.fiscalia.gov.co\/colombia\/#\/schema\/person\/6be81acb78add0abcbda2c598c1d53e1\"},\"headline\":\"Detenci\u00f3n carcelaria para un hombre por presuntos tocamientos de \u00edndole sexual a su hijastra menor de edad\",\"datePublished\":\"2023-09-18T17:50:48+00:00\",\"dateModified\":\"2023-09-18T17:51:32+00:00\",\"mainEntityOfPage\":{\"@id\":\"https:\/\/www.fiscalia.gov.co\/colombia\/noticias\/detencion-carcelaria-para-un-hombre-por-presuntos-tocamientos-de-indole-sexual-a-su-hijastra-menor-de-edad\/\"},\"wordCount\":349,\"publisher\":{\"@id\":\"https:\/\/www.fiscalia.gov.co\/colombia\/#organization\"},\"keywords\":[\"carcelaria\",\"cortopunzante\",\"detenci\u00f3n\",\"Fiscal Barbosa\",\"Fiscal\u00eda General de la Naci\u00f3n\",\"Hijastra\",\"Menor de edad\",\"Seccional Pereira\",\"tocamientos\"],\"articleSection\":[\"Noticias\",\"Seccional Pereira\",\"Seccionales\",\"Violencia sexual e intrafamiliar\"],\"inLanguage\":\"es-CO\"},{\"@type\":\"WebPage\",\"@id\":\"https:\/\/www.fiscalia.gov.co\/colombia\/noticias\/detencion-carcelaria-para-un-hombre-por-presuntos-tocamientos-de-indole-sexual-a-su-hijastra-menor-de-edad\/\",\"url\":\"https:\/\/www.fiscalia.gov.co\/colombia\/noticias\/detencion-carcelaria-para-un-hombre-por-presuntos-tocamientos-de-indole-sexual-a-su-hijastra-menor-de-edad\/\",\"name\":\"Fiscal\u00eda General de la Naci\u00f3n\",\"isPartOf\":{\"@id\":\"https:\/\/www.fiscalia.gov.co\/colombia\/#website\"},\"datePublished\":\"2023-09-18T17:50:48+00:00\",\"dateModified\":\"2023-09-18T17:51:32+00:00\",\"description\":\"P\u00e1gina oficial de la Fiscal\u00eda General de la Naci\u00f3n \u2013 Colombia. Garantizamos el acceso efectivo a la justicia, la verdad y la reparaci\u00f3n de las v\u00edctimas de los delitos.\",\"breadcrumb\":{\"@id\":\"https:\/\/www.fiscalia.gov.co\/colombia\/noticias\/detencion-carcelaria-para-un-hombre-por-presuntos-tocamientos-de-indole-sexual-a-su-hijastra-menor-de-edad\/#breadcrumb\"},\"inLanguage\":\"es-CO\",\"potentialAction\":[{\"@type\":\"ReadAction\",\"target\":[\"https:\/\/www.fiscalia.gov.co\/colombia\/noticias\/detencion-carcelaria-para-un-hombre-por-presuntos-tocamientos-de-indole-sexual-a-su-hijastra-menor-de-edad\/\"]}]},{\"@type\":\"BreadcrumbList\",\"@id\":\"https:\/\/www.fiscalia.gov.co\/colombia\/noticias\/detencion-carcelaria-para-un-hombre-por-presuntos-tocamientos-de-indole-sexual-a-su-hijastra-menor-de-edad\/#breadcrumb\",\"itemListElement\":[{\"@type\":\"ListItem\",\"position\":1,\"name\":\"Home\",\"item\":\"https:\/\/www.fiscalia.gov.co\/colombia\/\"},{\"@type\":\"ListItem\",\"position\":2,\"name\":\"Detenci\u00f3n carcelaria para un hombre por presuntos tocamientos de \u00edndole sexual a su hijastra menor de edad\"}]},{\"@type\":\"WebSite\",\"@id\":\"https:\/\/www.fiscalia.gov.co\/colombia\/#website\",\"url\":\"https:\/\/www.fiscalia.gov.co\/colombia\/\",\"name\":\"Fiscal\u00eda General de la Naci\u00f3n\",\"description\":\"P\u00e1gina oficial de la Fiscal\u00eda General de la Naci\u00f3n \u2013 Colombia. Garantizamos el acceso efectivo a la justicia, la verdad y la reparaci\u00f3n de las v\u00edctimas de los delitos.\",\"publisher\":{\"@id\":\"https:\/\/www.fiscalia.gov.co\/colombia\/#organization\"},\"potentialAction\":[{\"@type\":\"SearchAction\",\"target\":{\"@type\":\"EntryPoint\",\"urlTemplate\":\"https:\/\/www.fiscalia.gov.co\/colombia\/?s={search_term_string}\"},\"query-input\":{\"@type\":\"PropertyValueSpecification\",\"valueRequired\":true,\"valueName\":\"search_term_string\"}}],\"inLanguage\":\"es-CO\"},{\"@type\":\"Organization\",\"@id\":\"https:\/\/www.fiscalia.gov.co\/colombia\/#organization\",\"name\":\"Fiscal\u00eda General de la Naci\u00f3n\",\"url\":\"https:\/\/www.fiscalia.gov.co\/colombia\/\",\"logo\":{\"@type\":\"ImageObject\",\"inLanguage\":\"es-CO\",\"@id\":\"https:\/\/www.fiscalia.gov.co\/colombia\/#\/schema\/logo\/image\/\",\"url\":\"https:\/\/www.fiscalia.gov.co\/colombia\/wp-content\/uploads\/LogoHorizontal_1.jpg\",\"contentUrl\":\"https:\/\/www.fiscalia.gov.co\/colombia\/wp-content\/uploads\/LogoHorizontal_1.jpg\",\"width\":300,\"height\":90,\"caption\":\"Fiscal\u00eda General de la Naci\u00f3n\"},\"image\":{\"@id\":\"https:\/\/www.fiscalia.gov.co\/colombia\/#\/schema\/logo\/image\/\"},\"sameAs\":[\"https:\/\/www.facebook.com\/FiscaliaCol\",\"https:\/\/x.com\/FiscaliaCol\",\"https:\/\/www.instagram.com\/fiscaliacol\",\"https:\/\/www.linkedin.com\/company\/fiscalia-general-de-la-naci-n\/\",\"https:\/\/youtube.com\/@fiscaliageneraldelanacion-4668?si=6nN79nyQICPU5iTh\"]},{\"@type\":\"Person\",\"@id\":\"https:\/\/www.fiscalia.gov.co\/colombia\/#\/schema\/person\/6be81acb78add0abcbda2c598c1d53e1\",\"name\":\"Lesly Katherine Segura Camargo.\",\"image\":{\"@type\":\"ImageObject\",\"inLanguage\":\"es-CO\",\"@id\":\"https:\/\/www.fiscalia.gov.co\/colombia\/#\/schema\/person\/image\/\",\"url\":\"https:\/\/secure.gravatar.com\/avatar\/1892091c53ef3b9c2fcb37ca6066e439?s=96&d=mm&r=g\",\"contentUrl\":\"https:\/\/secure.gravatar.com\/avatar\/1892091c53ef3b9c2fcb37ca6066e439?s=96&d=mm&r=g\",\"caption\":\"Lesly Katherine Segura Camargo.\"},\"url\":\"https:\/\/www.fiscalia.gov.co\/colombia\/author\/lesly-segura\/\"}]}<\/script>\n<!-- \/ Yoast SEO plugin. -->","yoast_head_json":{"title":"Fiscal\u00eda General de la Naci\u00f3n","description":"P\u00e1gina oficial de la Fiscal\u00eda General de la Naci\u00f3n \u2013 Colombia. Garantizamos el acceso efectivo a la justicia, la verdad y la reparaci\u00f3n de las v\u00edctimas de los delitos.","robots":{"index":"noindex","follow":"follow"},"og_locale":"es_ES","og_type":"article","og_title":"Fiscal\u00eda General de la Naci\u00f3n","og_description":"P\u00e1gina oficial de la Fiscal\u00eda General de la Naci\u00f3n \u2013 Colombia. Garantizamos el acceso efectivo a la justicia, la verdad y la reparaci\u00f3n de las v\u00edctimas de los delitos.","og_url":"https:\/\/www.fiscalia.gov.co\/colombia\/noticias\/detencion-carcelaria-para-un-hombre-por-presuntos-tocamientos-de-indole-sexual-a-su-hijastra-menor-de-edad\/","og_site_name":"Fiscal\u00eda General de la Naci\u00f3n","article_publisher":"https:\/\/www.facebook.com\/FiscaliaCol","article_published_time":"2023-09-18T17:50:48+00:00","article_modified_time":"2023-09-18T17:51:32+00:00","author":"Lesly Katherine Segura Camargo.","twitter_card":"summary_large_image","twitter_creator":"@FiscaliaCol","twitter_site":"@FiscaliaCol","twitter_misc":{"Escrito por":"Lesly Katherine Segura Camargo.","Tiempo de lectura":"1 minuto"},"schema":{"@context":"https:\/\/schema.org","@graph":[{"@type":"Article","@id":"https:\/\/www.fiscalia.gov.co\/colombia\/noticias\/detencion-carcelaria-para-un-hombre-por-presuntos-tocamientos-de-indole-sexual-a-su-hijastra-menor-de-edad\/#article","isPartOf":{"@id":"https:\/\/www.fiscalia.gov.co\/colombia\/noticias\/detencion-carcelaria-para-un-hombre-por-presuntos-tocamientos-de-indole-sexual-a-su-hijastra-menor-de-edad\/"},"author":{"name":"Lesly Katherine Segura Camargo.","@id":"https:\/\/www.fiscalia.gov.co\/colombia\/#\/schema\/person\/6be81acb78add0abcbda2c598c1d53e1"},"headline":"Detenci\u00f3n carcelaria para un hombre por presuntos tocamientos de \u00edndole sexual a su hijastra menor de edad","datePublished":"2023-09-18T17:50:48+00:00","dateModified":"2023-09-18T17:51:32+00:00","mainEntityOfPage":{"@id":"https:\/\/www.fiscalia.gov.co\/colombia\/noticias\/detencion-carcelaria-para-un-hombre-por-presuntos-tocamientos-de-indole-sexual-a-su-hijastra-menor-de-edad\/"},"wordCount":349,"publisher":{"@id":"https:\/\/www.fiscalia.gov.co\/colombia\/#organization"},"keywords":["carcelaria","cortopunzante","detenci\u00f3n","Fiscal Barbosa","Fiscal\u00eda General de la Naci\u00f3n","Hijastra","Menor de edad","Seccional Pereira","tocamientos"],"articleSection":["Noticias","Seccional Pereira","Seccionales","Violencia sexual e intrafamiliar"],"inLanguage":"es-CO"},{"@type":"WebPage","@id":"https:\/\/www.fiscalia.gov.co\/colombia\/noticias\/detencion-carcelaria-para-un-hombre-por-presuntos-tocamientos-de-indole-sexual-a-su-hijastra-menor-de-edad\/","url":"https:\/\/www.fiscalia.gov.co\/colombia\/noticias\/detencion-carcelaria-para-un-hombre-por-presuntos-tocamientos-de-indole-sexual-a-su-hijastra-menor-de-edad\/","name":"Fiscal\u00eda General de la Naci\u00f3n","isPartOf":{"@id":"https:\/\/www.fiscalia.gov.co\/colombia\/#website"},"datePublished":"2023-09-18T17:50:48+00:00","dateModified":"2023-09-18T17:51:32+00:00","description":"P\u00e1gina oficial de la Fiscal\u00eda General de la Naci\u00f3n \u2013 Colombia. Garantizamos el acceso efectivo a la justicia, la verdad y la reparaci\u00f3n de las v\u00edctimas de los delitos.","breadcrumb":{"@id":"https:\/\/www.fiscalia.gov.co\/colombia\/noticias\/detencion-carcelaria-para-un-hombre-por-presuntos-tocamientos-de-indole-sexual-a-su-hijastra-menor-de-edad\/#breadcrumb"},"inLanguage":"es-CO","potentialAction":[{"@type":"ReadAction","target":["https:\/\/www.fiscalia.gov.co\/colombia\/noticias\/detencion-carcelaria-para-un-hombre-por-presuntos-tocamientos-de-indole-sexual-a-su-hijastra-menor-de-edad\/"]}]},{"@type":"BreadcrumbList","@id":"https:\/\/www.fiscalia.gov.co\/colombia\/noticias\/detencion-carcelaria-para-un-hombre-por-presuntos-tocamientos-de-indole-sexual-a-su-hijastra-menor-de-edad\/#breadcrumb","itemListElement":[{"@type":"ListItem","position":1,"name":"Home","item":"https:\/\/www.fiscalia.gov.co\/colombia\/"},{"@type":"ListItem","position":2,"name":"Detenci\u00f3n carcelaria para un hombre por presuntos tocamientos de \u00edndole sexual a su hijastra menor de edad"}]},{"@type":"WebSite","@id":"https:\/\/www.fiscalia.gov.co\/colombia\/#website","url":"https:\/\/www.fiscalia.gov.co\/colombia\/","name":"Fiscal\u00eda General de la Naci\u00f3n","description":"P\u00e1gina oficial de la Fiscal\u00eda General de la Naci\u00f3n \u2013 Colombia. Garantizamos el acceso efectivo a la justicia, la verdad y la reparaci\u00f3n de las v\u00edctimas de los delitos.","publisher":{"@id":"https:\/\/www.fiscalia.gov.co\/colombia\/#organization"},"potentialAction":[{"@type":"SearchAction","target":{"@type":"EntryPoint","urlTemplate":"https:\/\/www.fiscalia.gov.co\/colombia\/?s={search_term_string}"},"query-input":{"@type":"PropertyValueSpecification","valueRequired":true,"valueName":"search_term_string"}}],"inLanguage":"es-CO"},{"@type":"Organization","@id":"https:\/\/www.fiscalia.gov.co\/colombia\/#organization","name":"Fiscal\u00eda General de la Naci\u00f3n","url":"https:\/\/www.fiscalia.gov.co\/colombia\/","logo":{"@type":"ImageObject","inLanguage":"es-CO","@id":"https:\/\/www.fiscalia.gov.co\/colombia\/#\/schema\/logo\/image\/","url":"https:\/\/www.fiscalia.gov.co\/colombia\/wp-content\/uploads\/LogoHorizontal_1.jpg","contentUrl":"https:\/\/www.fiscalia.gov.co\/colombia\/wp-content\/uploads\/LogoHorizontal_1.jpg","width":300,"height":90,"caption":"Fiscal\u00eda General de la Naci\u00f3n"},"image":{"@id":"https:\/\/www.fiscalia.gov.co\/colombia\/#\/schema\/logo\/image\/"},"sameAs":["https:\/\/www.facebook.com\/FiscaliaCol","https:\/\/x.com\/FiscaliaCol","https:\/\/www.instagram.com\/fiscaliacol","https:\/\/www.linkedin.com\/company\/fiscalia-general-de-la-naci-n\/","https:\/\/youtube.com\/@fiscaliageneraldelanacion-4668?si=6nN79nyQICPU5iTh"]},{"@type":"Person","@id":"https:\/\/www.fiscalia.gov.co\/colombia\/#\/schema\/person\/6be81acb78add0abcbda2c598c1d53e1","name":"Lesly Katherine Segura Camargo.","image":{"@type":"ImageObject","inLanguage":"es-CO","@id":"https:\/\/www.fiscalia.gov.co\/colombia\/#\/schema\/person\/image\/","url":"https:\/\/secure.gravatar.com\/avatar\/1892091c53ef3b9c2fcb37ca6066e439?s=96&d=mm&r=g","contentUrl":"https:\/\/secure.gravatar.com\/avatar\/1892091c53ef3b9c2fcb37ca6066e439?s=96&d=mm&r=g","caption":"Lesly Katherine Segura Camargo."},"url":"https:\/\/www.fiscalia.gov.co\/colombia\/author\/lesly-segura\/"}]}},"_links":{"self":[{"href":"https:\/\/www.fiscalia.gov.co\/colombia\/wp-json\/wp\/v2\/posts\/279610","targetHints":{"allow":["GET"]}}],"collection":[{"href":"https:\/\/www.fiscalia.gov.co\/colombia\/wp-json\/wp\/v2\/posts"}],"about":[{"href":"https:\/\/www.fiscalia.gov.co\/colombia\/wp-json\/wp\/v2\/types\/post"}],"author":[{"embeddable":true,"href":"https:\/\/www.fiscalia.gov.co\/colombia\/wp-json\/wp\/v2\/users\/179"}],"replies":[{"embeddable":true,"href":"https:\/\/www.fiscalia.gov.co\/colombia\/wp-json\/wp\/v2\/comments?post=279610"}],"version-history":[{"count":3,"href":"https:\/\/www.fiscalia.gov.co\/colombia\/wp-json\/wp\/v2\/posts\/279610\/revisions"}],"predecessor-version":[{"id":279613,"href":"https:\/\/www.fiscalia.gov.co\/colombia\/wp-json\/wp\/v2\/posts\/279610\/revisions\/279613"}],"wp:attachment":[{"href":"https:\/\/www.fiscalia.gov.co\/colombia\/wp-json\/wp\/v2\/media?parent=279610"}],"wp:term":[{"taxonomy":"category","embeddable":true,"href":"https:\/\/www.fiscalia.gov.co\/colombia\/wp-json\/wp\/v2\/categories?post=279610"},{"taxonomy":"post_tag","embeddable":true,"href":"https:\/\/www.fiscalia.gov.co\/colombia\/wp-json\/wp\/v2\/tags?post=279610"}],"curies":[{"name":"wp","href":"https:\/\/api.w.org\/{rel}","templated":true}]}}