{"id":279525,"date":"2023-09-16T07:09:19","date_gmt":"2023-09-16T12:09:19","guid":{"rendered":"https:\/\/www.fiscalia.gov.co\/colombia\/?p=279525"},"modified":"2023-09-16T07:09:19","modified_gmt":"2023-09-16T12:09:19","slug":"imputados-siete-exfuncionarios-de-la-agencia-nacional-de-infraestructura-que-habrian-realizado-maniobras-ilicitas-para-favorecer-al-concesionario-ruta-del-sol-ii","status":"publish","type":"post","link":"https:\/\/www.fiscalia.gov.co\/colombia\/noticias\/imputados-siete-exfuncionarios-de-la-agencia-nacional-de-infraestructura-que-habrian-realizado-maniobras-ilicitas-para-favorecer-al-concesionario-ruta-del-sol-ii\/","title":{"rendered":"Imputados siete exfuncionarios de la Agencia Nacional de Infraestructura que habr\u00edan realizado maniobras il\u00edcitas para favorecer al concesionario Ruta del Sol II"},"content":{"rendered":"<blockquote>\n<h4 style=\"text-align: left;\"><strong><em>La Fiscal\u00eda constat\u00f3 que los procesados, al parecer, aprobaron cinco adiciones al contrato de concesi\u00f3n 01 de 2010, dispuesto para construir un tramo vial de 528 kil\u00f3metros de la Ruta del Sol.<\/em><\/strong><\/h4>\n<\/blockquote>\n<p>&nbsp;<\/p>\n<p>Un fiscal del Grupo de Tareas Especiales para el caso Odebrecht, present\u00f3 ante un juez con funci\u00f3n de control de garant\u00edas de Bogot\u00e1 a siete exfuncionarios de la Agencia Nacional de Infraestructura (ANI), presuntamente implicados en irregularidades contractuales cometidas en la construcci\u00f3n de un tramo de 528 kil\u00f3metros entre los municipios de Puerto Salgar (Cundinamarca) y San Roque (Cesar), en la llamada Ruta del Sol II.<\/p>\n<p>Se trata de Alexandra Lozano Vergara, gerente de Proyectos y Gesti\u00f3n Contractual; Mar\u00eda Clara Garrido, vicepresidenta administrativa; y Beatriz Eugenia Morales V\u00e9lez, vicepresidenta de estructuraci\u00f3n. \u00a0Adem\u00e1s de los asesores Harbey Jos\u00e9 Carrascal Quintero, Marcelo Enrique Cano del Castillo, M\u00f3nica Roc\u00edo Adarme Manosalva y Nora Patricia Acero P\u00e9rez.<\/p>\n<p>La investigaci\u00f3n evidenci\u00f3 que estas personas, seg\u00fan sus responsabilidades individuales, habr\u00edan proyectado, revisado, tramitado y aprobado cinco otros\u00edes al contrato 01 de 2010, los cuales generaron beneficios t\u00e9cnicos, jur\u00eddicos y financieros al concesionario del cual hac\u00eda parte la constructora Odebrecht.<\/p>\n<p>Material de prueba en poder de la Fiscal\u00eda evidencia que los ahora judicializados habr\u00edan vulnerado los principios de trasparencia, econom\u00eda y responsabilidad debido a que los otros\u00edes no contaban con estudios solidos t\u00e9cnicos de conveniencia, ni de planeaci\u00f3n.<\/p>\n<p>Los procesados son se\u00f1alados de incurrir en maniobras il\u00edcitas para beneficiar econ\u00f3micamente al concesionario, mejorando su flujo de caja y permiti\u00e9ndole recibir giros por anticipado, sin terminar el proyecto; ni incurrir en cr\u00e9ditos, entre otras irregularidades.<\/p>\n<p>El material probatorio da cuenta que la Fiscal\u00eda constat\u00f3 que dos de los otros\u00edes ampliaron plazos para la ejecuci\u00f3n de algunos tramos de proyectos, con lo cual el concesionario evit\u00f3 procesos sancionatorios y dej\u00f3 de pagar multas superiores a 35.883 millones de pesos por incumplimientos.<\/p>\n<p>Adem\u00e1s, se presume que se modificaron aspectos t\u00e9cnicos y formas de pago, permiti\u00e9ndole al concesionario acceder a un anticipo de 17.823 millones de pesos al que no tenia derecho y obtener mayor flujo de caja. Esto habr\u00eda causado una afectaci\u00f3n financiera a la ANI por m\u00e1s de 2.227 millones de pesos.<\/p>\n<p>Por estos hechos, la Fiscal\u00eda imput\u00f3 a los presuntos responsables el delito de inter\u00e9s indebido en la celebraci\u00f3n de contratos. Cargo que no fue aceptado por ninguno de los procesados.<\/p>\n<p>Esta informaci\u00f3n se publica por razones de inter\u00e9s general.<\/p>\n<p>&nbsp;<\/p>\n<p>LAG\/MAGA\/MRC\/HS\/FDCSJ.<\/p>\n<p><strong><u>La Fiscal\u00eda habla con resultados<\/u><\/strong><strong>.<\/strong><\/p>\n<div class=\"td-post-content tagdiv-type\">\n<p><i>La informaci\u00f3n contenida en este bolet\u00edn de prensa corresponde a la narraci\u00f3n de los hechos noticiosos objetivos, suministrados por los funcionarios encargados de adelantar las investigaciones penales al interior de la Fiscal\u00eda General de la Naci\u00f3n. Para el momento de la divulgaci\u00f3n de este comunicado, la situaci\u00f3n jur\u00eddica de la(s) persona(s) relacionada(s) se encuentra pendiente de resolver por la autoridad judicial competente, siempre bajo los preceptos de la presunci\u00f3n de inocencia, consagrados en el art\u00edculo 29 de la Constituci\u00f3n Pol\u00edtica y el art\u00edculo 7\u00ba de la Ley 906 de 2004.<\/i><\/p>\n<\/div>\n<footer>\n<div class=\"td-post-source-tags\"><\/div>\n<div class=\"td-post-sharing-bottom\"><\/div>\n<\/footer>\n\n<div class=\"twitter-share\"><a href=\"https:\/\/twitter.com\/intent\/tweet?via=fiscaliacol\" class=\"twitter-share-button\">Tweet<\/a><\/div>\n","protected":false},"excerpt":{"rendered":"<p>La Fiscal\u00eda constat\u00f3 que los procesados, al parecer, aprobaron cinco adiciones al contrato de concesi\u00f3n 01 de 2010, dispuesto para construir un tramo vial de 528 kil\u00f3metros de la Ruta del Sol. &nbsp; Un fiscal del Grupo de Tareas Especiales para el caso Odebrecht, present\u00f3 ante un juez con funci\u00f3n de control de garant\u00edas de [&hellip;]<\/p>\n","protected":false},"author":175,"featured_media":0,"comment_status":"closed","ping_status":"open","sticky":false,"template":"","format":"standard","meta":{"tdm_status":"","tdm_grid_status":"","footnotes":""},"categories":[1],"tags":[],"class_list":{"0":"post-279525","1":"post","2":"type-post","3":"status-publish","4":"format-standard","6":"category-noticias"},"yoast_head":"<!-- This site is optimized with the Yoast SEO plugin v24.3 - https:\/\/yoast.com\/wordpress\/plugins\/seo\/ -->\n<title>Fiscal\u00eda General de la Naci\u00f3n<\/title>\n<meta name=\"description\" content=\"P\u00e1gina oficial de la Fiscal\u00eda General de la Naci\u00f3n \u2013 Colombia. Garantizamos el acceso efectivo a la justicia, la verdad y la reparaci\u00f3n de las v\u00edctimas de los delitos.\" \/>\n<meta name=\"robots\" content=\"noindex, follow\" \/>\n<meta property=\"og:locale\" content=\"es_ES\" \/>\n<meta property=\"og:type\" content=\"article\" \/>\n<meta property=\"og:title\" content=\"Fiscal\u00eda General de la Naci\u00f3n\" \/>\n<meta property=\"og:description\" content=\"P\u00e1gina oficial de la Fiscal\u00eda General de la Naci\u00f3n \u2013 Colombia. Garantizamos el acceso efectivo a la justicia, la verdad y la reparaci\u00f3n de las v\u00edctimas de los delitos.\" \/>\n<meta property=\"og:url\" content=\"https:\/\/www.fiscalia.gov.co\/colombia\/noticias\/imputados-siete-exfuncionarios-de-la-agencia-nacional-de-infraestructura-que-habrian-realizado-maniobras-ilicitas-para-favorecer-al-concesionario-ruta-del-sol-ii\/\" \/>\n<meta property=\"og:site_name\" content=\"Fiscal\u00eda General de la Naci\u00f3n\" \/>\n<meta property=\"article:publisher\" content=\"https:\/\/www.facebook.com\/FiscaliaCol\" \/>\n<meta property=\"article:published_time\" content=\"2023-09-16T12:09:19+00:00\" \/>\n<meta name=\"author\" content=\"Katherine Loaiza Mart\u00ednez\" \/>\n<meta name=\"twitter:card\" content=\"summary_large_image\" \/>\n<meta name=\"twitter:creator\" content=\"@FiscaliaCol\" \/>\n<meta name=\"twitter:site\" content=\"@FiscaliaCol\" \/>\n<meta name=\"twitter:label1\" content=\"Escrito por\" \/>\n\t<meta name=\"twitter:data1\" content=\"Katherine Loaiza Mart\u00ednez\" \/>\n\t<meta name=\"twitter:label2\" content=\"Tiempo de lectura\" \/>\n\t<meta name=\"twitter:data2\" content=\"3 minutos\" \/>\n<script type=\"application\/ld+json\" class=\"yoast-schema-graph\">{\"@context\":\"https:\/\/schema.org\",\"@graph\":[{\"@type\":\"Article\",\"@id\":\"https:\/\/www.fiscalia.gov.co\/colombia\/noticias\/imputados-siete-exfuncionarios-de-la-agencia-nacional-de-infraestructura-que-habrian-realizado-maniobras-ilicitas-para-favorecer-al-concesionario-ruta-del-sol-ii\/#article\",\"isPartOf\":{\"@id\":\"https:\/\/www.fiscalia.gov.co\/colombia\/noticias\/imputados-siete-exfuncionarios-de-la-agencia-nacional-de-infraestructura-que-habrian-realizado-maniobras-ilicitas-para-favorecer-al-concesionario-ruta-del-sol-ii\/\"},\"author\":{\"name\":\"Katherine Loaiza Mart\u00ednez\",\"@id\":\"https:\/\/www.fiscalia.gov.co\/colombia\/#\/schema\/person\/2e76b9aba5ecf875ed565ce4de0e0415\"},\"headline\":\"Imputados siete exfuncionarios de la Agencia Nacional de Infraestructura que habr\u00edan realizado maniobras il\u00edcitas para favorecer al concesionario Ruta del Sol II\",\"datePublished\":\"2023-09-16T12:09:19+00:00\",\"dateModified\":\"2023-09-16T12:09:19+00:00\",\"mainEntityOfPage\":{\"@id\":\"https:\/\/www.fiscalia.gov.co\/colombia\/noticias\/imputados-siete-exfuncionarios-de-la-agencia-nacional-de-infraestructura-que-habrian-realizado-maniobras-ilicitas-para-favorecer-al-concesionario-ruta-del-sol-ii\/\"},\"wordCount\":571,\"publisher\":{\"@id\":\"https:\/\/www.fiscalia.gov.co\/colombia\/#organization\"},\"articleSection\":[\"Noticias\"],\"inLanguage\":\"es-CO\"},{\"@type\":\"WebPage\",\"@id\":\"https:\/\/www.fiscalia.gov.co\/colombia\/noticias\/imputados-siete-exfuncionarios-de-la-agencia-nacional-de-infraestructura-que-habrian-realizado-maniobras-ilicitas-para-favorecer-al-concesionario-ruta-del-sol-ii\/\",\"url\":\"https:\/\/www.fiscalia.gov.co\/colombia\/noticias\/imputados-siete-exfuncionarios-de-la-agencia-nacional-de-infraestructura-que-habrian-realizado-maniobras-ilicitas-para-favorecer-al-concesionario-ruta-del-sol-ii\/\",\"name\":\"Fiscal\u00eda General de la Naci\u00f3n\",\"isPartOf\":{\"@id\":\"https:\/\/www.fiscalia.gov.co\/colombia\/#website\"},\"datePublished\":\"2023-09-16T12:09:19+00:00\",\"dateModified\":\"2023-09-16T12:09:19+00:00\",\"description\":\"P\u00e1gina oficial de la Fiscal\u00eda General de la Naci\u00f3n \u2013 Colombia. Garantizamos el acceso efectivo a la justicia, la verdad y la reparaci\u00f3n de las v\u00edctimas de los delitos.\",\"breadcrumb\":{\"@id\":\"https:\/\/www.fiscalia.gov.co\/colombia\/noticias\/imputados-siete-exfuncionarios-de-la-agencia-nacional-de-infraestructura-que-habrian-realizado-maniobras-ilicitas-para-favorecer-al-concesionario-ruta-del-sol-ii\/#breadcrumb\"},\"inLanguage\":\"es-CO\",\"potentialAction\":[{\"@type\":\"ReadAction\",\"target\":[\"https:\/\/www.fiscalia.gov.co\/colombia\/noticias\/imputados-siete-exfuncionarios-de-la-agencia-nacional-de-infraestructura-que-habrian-realizado-maniobras-ilicitas-para-favorecer-al-concesionario-ruta-del-sol-ii\/\"]}]},{\"@type\":\"BreadcrumbList\",\"@id\":\"https:\/\/www.fiscalia.gov.co\/colombia\/noticias\/imputados-siete-exfuncionarios-de-la-agencia-nacional-de-infraestructura-que-habrian-realizado-maniobras-ilicitas-para-favorecer-al-concesionario-ruta-del-sol-ii\/#breadcrumb\",\"itemListElement\":[{\"@type\":\"ListItem\",\"position\":1,\"name\":\"Home\",\"item\":\"https:\/\/www.fiscalia.gov.co\/colombia\/\"},{\"@type\":\"ListItem\",\"position\":2,\"name\":\"Imputados siete exfuncionarios de la Agencia Nacional de Infraestructura que habr\u00edan realizado maniobras il\u00edcitas para favorecer al concesionario Ruta del Sol II\"}]},{\"@type\":\"WebSite\",\"@id\":\"https:\/\/www.fiscalia.gov.co\/colombia\/#website\",\"url\":\"https:\/\/www.fiscalia.gov.co\/colombia\/\",\"name\":\"Fiscal\u00eda General de la Naci\u00f3n\",\"description\":\"P\u00e1gina oficial de la Fiscal\u00eda General de la Naci\u00f3n \u2013 Colombia. Garantizamos el acceso efectivo a la justicia, la verdad y la reparaci\u00f3n de las v\u00edctimas de los delitos.\",\"publisher\":{\"@id\":\"https:\/\/www.fiscalia.gov.co\/colombia\/#organization\"},\"potentialAction\":[{\"@type\":\"SearchAction\",\"target\":{\"@type\":\"EntryPoint\",\"urlTemplate\":\"https:\/\/www.fiscalia.gov.co\/colombia\/?s={search_term_string}\"},\"query-input\":{\"@type\":\"PropertyValueSpecification\",\"valueRequired\":true,\"valueName\":\"search_term_string\"}}],\"inLanguage\":\"es-CO\"},{\"@type\":\"Organization\",\"@id\":\"https:\/\/www.fiscalia.gov.co\/colombia\/#organization\",\"name\":\"Fiscal\u00eda General de la Naci\u00f3n\",\"url\":\"https:\/\/www.fiscalia.gov.co\/colombia\/\",\"logo\":{\"@type\":\"ImageObject\",\"inLanguage\":\"es-CO\",\"@id\":\"https:\/\/www.fiscalia.gov.co\/colombia\/#\/schema\/logo\/image\/\",\"url\":\"https:\/\/www.fiscalia.gov.co\/colombia\/wp-content\/uploads\/LogoHorizontal_1.jpg\",\"contentUrl\":\"https:\/\/www.fiscalia.gov.co\/colombia\/wp-content\/uploads\/LogoHorizontal_1.jpg\",\"width\":300,\"height\":90,\"caption\":\"Fiscal\u00eda General de la Naci\u00f3n\"},\"image\":{\"@id\":\"https:\/\/www.fiscalia.gov.co\/colombia\/#\/schema\/logo\/image\/\"},\"sameAs\":[\"https:\/\/www.facebook.com\/FiscaliaCol\",\"https:\/\/x.com\/FiscaliaCol\",\"https:\/\/www.instagram.com\/fiscaliacol\",\"https:\/\/www.linkedin.com\/company\/fiscalia-general-de-la-naci-n\/\",\"https:\/\/youtube.com\/@fiscaliageneraldelanacion-4668?si=6nN79nyQICPU5iTh\"]},{\"@type\":\"Person\",\"@id\":\"https:\/\/www.fiscalia.gov.co\/colombia\/#\/schema\/person\/2e76b9aba5ecf875ed565ce4de0e0415\",\"name\":\"Katherine Loaiza Mart\u00ednez\",\"image\":{\"@type\":\"ImageObject\",\"inLanguage\":\"es-CO\",\"@id\":\"https:\/\/www.fiscalia.gov.co\/colombia\/#\/schema\/person\/image\/\",\"url\":\"https:\/\/secure.gravatar.com\/avatar\/ab775a2f394c1b83b6d6f78680e57b50?s=96&d=mm&r=g\",\"contentUrl\":\"https:\/\/secure.gravatar.com\/avatar\/ab775a2f394c1b83b6d6f78680e57b50?s=96&d=mm&r=g\",\"caption\":\"Katherine Loaiza Mart\u00ednez\"},\"url\":\"https:\/\/www.fiscalia.gov.co\/colombia\/author\/kloaiza\/\"}]}<\/script>\n<!-- \/ Yoast SEO plugin. -->","yoast_head_json":{"title":"Fiscal\u00eda General de la Naci\u00f3n","description":"P\u00e1gina oficial de la Fiscal\u00eda General de la Naci\u00f3n \u2013 Colombia. Garantizamos el acceso efectivo a la justicia, la verdad y la reparaci\u00f3n de las v\u00edctimas de los delitos.","robots":{"index":"noindex","follow":"follow"},"og_locale":"es_ES","og_type":"article","og_title":"Fiscal\u00eda General de la Naci\u00f3n","og_description":"P\u00e1gina oficial de la Fiscal\u00eda General de la Naci\u00f3n \u2013 Colombia. Garantizamos el acceso efectivo a la justicia, la verdad y la reparaci\u00f3n de las v\u00edctimas de los delitos.","og_url":"https:\/\/www.fiscalia.gov.co\/colombia\/noticias\/imputados-siete-exfuncionarios-de-la-agencia-nacional-de-infraestructura-que-habrian-realizado-maniobras-ilicitas-para-favorecer-al-concesionario-ruta-del-sol-ii\/","og_site_name":"Fiscal\u00eda General de la Naci\u00f3n","article_publisher":"https:\/\/www.facebook.com\/FiscaliaCol","article_published_time":"2023-09-16T12:09:19+00:00","author":"Katherine Loaiza Mart\u00ednez","twitter_card":"summary_large_image","twitter_creator":"@FiscaliaCol","twitter_site":"@FiscaliaCol","twitter_misc":{"Escrito por":"Katherine Loaiza Mart\u00ednez","Tiempo de lectura":"3 minutos"},"schema":{"@context":"https:\/\/schema.org","@graph":[{"@type":"Article","@id":"https:\/\/www.fiscalia.gov.co\/colombia\/noticias\/imputados-siete-exfuncionarios-de-la-agencia-nacional-de-infraestructura-que-habrian-realizado-maniobras-ilicitas-para-favorecer-al-concesionario-ruta-del-sol-ii\/#article","isPartOf":{"@id":"https:\/\/www.fiscalia.gov.co\/colombia\/noticias\/imputados-siete-exfuncionarios-de-la-agencia-nacional-de-infraestructura-que-habrian-realizado-maniobras-ilicitas-para-favorecer-al-concesionario-ruta-del-sol-ii\/"},"author":{"name":"Katherine Loaiza Mart\u00ednez","@id":"https:\/\/www.fiscalia.gov.co\/colombia\/#\/schema\/person\/2e76b9aba5ecf875ed565ce4de0e0415"},"headline":"Imputados siete exfuncionarios de la Agencia Nacional de Infraestructura que habr\u00edan realizado maniobras il\u00edcitas para favorecer al concesionario Ruta del Sol II","datePublished":"2023-09-16T12:09:19+00:00","dateModified":"2023-09-16T12:09:19+00:00","mainEntityOfPage":{"@id":"https:\/\/www.fiscalia.gov.co\/colombia\/noticias\/imputados-siete-exfuncionarios-de-la-agencia-nacional-de-infraestructura-que-habrian-realizado-maniobras-ilicitas-para-favorecer-al-concesionario-ruta-del-sol-ii\/"},"wordCount":571,"publisher":{"@id":"https:\/\/www.fiscalia.gov.co\/colombia\/#organization"},"articleSection":["Noticias"],"inLanguage":"es-CO"},{"@type":"WebPage","@id":"https:\/\/www.fiscalia.gov.co\/colombia\/noticias\/imputados-siete-exfuncionarios-de-la-agencia-nacional-de-infraestructura-que-habrian-realizado-maniobras-ilicitas-para-favorecer-al-concesionario-ruta-del-sol-ii\/","url":"https:\/\/www.fiscalia.gov.co\/colombia\/noticias\/imputados-siete-exfuncionarios-de-la-agencia-nacional-de-infraestructura-que-habrian-realizado-maniobras-ilicitas-para-favorecer-al-concesionario-ruta-del-sol-ii\/","name":"Fiscal\u00eda General de la Naci\u00f3n","isPartOf":{"@id":"https:\/\/www.fiscalia.gov.co\/colombia\/#website"},"datePublished":"2023-09-16T12:09:19+00:00","dateModified":"2023-09-16T12:09:19+00:00","description":"P\u00e1gina oficial de la Fiscal\u00eda General de la Naci\u00f3n \u2013 Colombia. Garantizamos el acceso efectivo a la justicia, la verdad y la reparaci\u00f3n de las v\u00edctimas de los delitos.","breadcrumb":{"@id":"https:\/\/www.fiscalia.gov.co\/colombia\/noticias\/imputados-siete-exfuncionarios-de-la-agencia-nacional-de-infraestructura-que-habrian-realizado-maniobras-ilicitas-para-favorecer-al-concesionario-ruta-del-sol-ii\/#breadcrumb"},"inLanguage":"es-CO","potentialAction":[{"@type":"ReadAction","target":["https:\/\/www.fiscalia.gov.co\/colombia\/noticias\/imputados-siete-exfuncionarios-de-la-agencia-nacional-de-infraestructura-que-habrian-realizado-maniobras-ilicitas-para-favorecer-al-concesionario-ruta-del-sol-ii\/"]}]},{"@type":"BreadcrumbList","@id":"https:\/\/www.fiscalia.gov.co\/colombia\/noticias\/imputados-siete-exfuncionarios-de-la-agencia-nacional-de-infraestructura-que-habrian-realizado-maniobras-ilicitas-para-favorecer-al-concesionario-ruta-del-sol-ii\/#breadcrumb","itemListElement":[{"@type":"ListItem","position":1,"name":"Home","item":"https:\/\/www.fiscalia.gov.co\/colombia\/"},{"@type":"ListItem","position":2,"name":"Imputados siete exfuncionarios de la Agencia Nacional de Infraestructura que habr\u00edan realizado maniobras il\u00edcitas para favorecer al concesionario Ruta del Sol II"}]},{"@type":"WebSite","@id":"https:\/\/www.fiscalia.gov.co\/colombia\/#website","url":"https:\/\/www.fiscalia.gov.co\/colombia\/","name":"Fiscal\u00eda General de la Naci\u00f3n","description":"P\u00e1gina oficial de la Fiscal\u00eda General de la Naci\u00f3n \u2013 Colombia. Garantizamos el acceso efectivo a la justicia, la verdad y la reparaci\u00f3n de las v\u00edctimas de los delitos.","publisher":{"@id":"https:\/\/www.fiscalia.gov.co\/colombia\/#organization"},"potentialAction":[{"@type":"SearchAction","target":{"@type":"EntryPoint","urlTemplate":"https:\/\/www.fiscalia.gov.co\/colombia\/?s={search_term_string}"},"query-input":{"@type":"PropertyValueSpecification","valueRequired":true,"valueName":"search_term_string"}}],"inLanguage":"es-CO"},{"@type":"Organization","@id":"https:\/\/www.fiscalia.gov.co\/colombia\/#organization","name":"Fiscal\u00eda General de la Naci\u00f3n","url":"https:\/\/www.fiscalia.gov.co\/colombia\/","logo":{"@type":"ImageObject","inLanguage":"es-CO","@id":"https:\/\/www.fiscalia.gov.co\/colombia\/#\/schema\/logo\/image\/","url":"https:\/\/www.fiscalia.gov.co\/colombia\/wp-content\/uploads\/LogoHorizontal_1.jpg","contentUrl":"https:\/\/www.fiscalia.gov.co\/colombia\/wp-content\/uploads\/LogoHorizontal_1.jpg","width":300,"height":90,"caption":"Fiscal\u00eda General de la Naci\u00f3n"},"image":{"@id":"https:\/\/www.fiscalia.gov.co\/colombia\/#\/schema\/logo\/image\/"},"sameAs":["https:\/\/www.facebook.com\/FiscaliaCol","https:\/\/x.com\/FiscaliaCol","https:\/\/www.instagram.com\/fiscaliacol","https:\/\/www.linkedin.com\/company\/fiscalia-general-de-la-naci-n\/","https:\/\/youtube.com\/@fiscaliageneraldelanacion-4668?si=6nN79nyQICPU5iTh"]},{"@type":"Person","@id":"https:\/\/www.fiscalia.gov.co\/colombia\/#\/schema\/person\/2e76b9aba5ecf875ed565ce4de0e0415","name":"Katherine Loaiza Mart\u00ednez","image":{"@type":"ImageObject","inLanguage":"es-CO","@id":"https:\/\/www.fiscalia.gov.co\/colombia\/#\/schema\/person\/image\/","url":"https:\/\/secure.gravatar.com\/avatar\/ab775a2f394c1b83b6d6f78680e57b50?s=96&d=mm&r=g","contentUrl":"https:\/\/secure.gravatar.com\/avatar\/ab775a2f394c1b83b6d6f78680e57b50?s=96&d=mm&r=g","caption":"Katherine Loaiza Mart\u00ednez"},"url":"https:\/\/www.fiscalia.gov.co\/colombia\/author\/kloaiza\/"}]}},"_links":{"self":[{"href":"https:\/\/www.fiscalia.gov.co\/colombia\/wp-json\/wp\/v2\/posts\/279525","targetHints":{"allow":["GET"]}}],"collection":[{"href":"https:\/\/www.fiscalia.gov.co\/colombia\/wp-json\/wp\/v2\/posts"}],"about":[{"href":"https:\/\/www.fiscalia.gov.co\/colombia\/wp-json\/wp\/v2\/types\/post"}],"author":[{"embeddable":true,"href":"https:\/\/www.fiscalia.gov.co\/colombia\/wp-json\/wp\/v2\/users\/175"}],"replies":[{"embeddable":true,"href":"https:\/\/www.fiscalia.gov.co\/colombia\/wp-json\/wp\/v2\/comments?post=279525"}],"version-history":[{"count":1,"href":"https:\/\/www.fiscalia.gov.co\/colombia\/wp-json\/wp\/v2\/posts\/279525\/revisions"}],"predecessor-version":[{"id":279527,"href":"https:\/\/www.fiscalia.gov.co\/colombia\/wp-json\/wp\/v2\/posts\/279525\/revisions\/279527"}],"wp:attachment":[{"href":"https:\/\/www.fiscalia.gov.co\/colombia\/wp-json\/wp\/v2\/media?parent=279525"}],"wp:term":[{"taxonomy":"category","embeddable":true,"href":"https:\/\/www.fiscalia.gov.co\/colombia\/wp-json\/wp\/v2\/categories?post=279525"},{"taxonomy":"post_tag","embeddable":true,"href":"https:\/\/www.fiscalia.gov.co\/colombia\/wp-json\/wp\/v2\/tags?post=279525"}],"curies":[{"name":"wp","href":"https:\/\/api.w.org\/{rel}","templated":true}]}}