{"id":279408,"date":"2023-09-15T11:22:05","date_gmt":"2023-09-15T16:22:05","guid":{"rendered":"https:\/\/www.fiscalia.gov.co\/colombia\/?p=279408"},"modified":"2023-09-22T14:31:45","modified_gmt":"2023-09-22T19:31:45","slug":"carcel-para-hombre-que-habria-acabado-con-la-vida-de-una-adolescente-de-15-anos-en-san-antonio-tolima","status":"publish","type":"post","link":"https:\/\/www.fiscalia.gov.co\/colombia\/seccionales\/carcel-para-hombre-que-habria-acabado-con-la-vida-de-una-adolescente-de-15-anos-en-san-antonio-tolima\/","title":{"rendered":"C\u00e1rcel para hombre que habr\u00eda acabado con la vida de una adolescente de 15 a\u00f1os en San Antonio, Tolima"},"content":{"rendered":"<h4><em><strong>La joven se dirig\u00eda hacia su colegio ubicado en el casco urbano del municipio cuando fue sorprendida por el hombre, al parecer, bajo los efectos de sustancias psicoactivas.\u00a0<\/strong><\/em><\/h4>\n<p>Bajo el direccionamiento de un despacho seccional de la Unidad de Vida de la Fiscal\u00eda en el Tolima, en coordinaci\u00f3n con la Sij\u00edn de la Polic\u00eda, se logr\u00f3 la judicializaci\u00f3n de Diego Fernando Salazar G\u00f3mez, por su presunta responsabilidad en la muerte violenta de una adolescente de 15 a\u00f1os de edad, el 4 de septiembre pasado, en zona rural de San Antonio (Tolima).<\/p>\n<p>El hombre fue capturado en cumplimiento de una orden judicial que pesaba en su contra, este mi\u00e9rcoles 13 de septiembre, a las afueras de un conjunto residencial ubicado en el sector de Picale\u00f1a de Ibagu\u00e9.<\/p>\n<figure id=\"attachment_279413\" aria-describedby=\"caption-attachment-279413\" style=\"width: 386px\" class=\"wp-caption aligncenter\"><img loading=\"lazy\" decoding=\"async\" class=\"wp-image-279413 \" src=\"https:\/\/www.fiscalia.gov.co\/colombia\/wp-content\/uploads\/asegurado-por-feminicidio-nina-san-antonio-300x195.jpeg\" alt=\"en la imagen se ve una persona detenida en custodia de dos integrantes de la Ponal.\" width=\"386\" height=\"251\" srcset=\"https:\/\/www.fiscalia.gov.co\/colombia\/wp-content\/uploads\/asegurado-por-feminicidio-nina-san-antonio-300x195.jpeg 300w, https:\/\/www.fiscalia.gov.co\/colombia\/wp-content\/uploads\/asegurado-por-feminicidio-nina-san-antonio-1024x666.jpeg 1024w, https:\/\/www.fiscalia.gov.co\/colombia\/wp-content\/uploads\/asegurado-por-feminicidio-nina-san-antonio-768x500.jpeg 768w, https:\/\/www.fiscalia.gov.co\/colombia\/wp-content\/uploads\/asegurado-por-feminicidio-nina-san-antonio-1536x999.jpeg 1536w, https:\/\/www.fiscalia.gov.co\/colombia\/wp-content\/uploads\/asegurado-por-feminicidio-nina-san-antonio-696x453.jpeg 696w, https:\/\/www.fiscalia.gov.co\/colombia\/wp-content\/uploads\/asegurado-por-feminicidio-nina-san-antonio-1068x695.jpeg 1068w, https:\/\/www.fiscalia.gov.co\/colombia\/wp-content\/uploads\/asegurado-por-feminicidio-nina-san-antonio-646x420.jpeg 646w, https:\/\/www.fiscalia.gov.co\/colombia\/wp-content\/uploads\/asegurado-por-feminicidio-nina-san-antonio.jpeg 1600w\" sizes=\"auto, (max-width: 386px) 100vw, 386px\" \/><figcaption id=\"caption-attachment-279413\" class=\"wp-caption-text\">El hombre fue capturado en inmediaciones del sector Picale\u00f1a de Ibagu\u00e9 por la Polic\u00eda Nacional.<\/figcaption><\/figure>\n<p>Se tiene documentado que el d\u00eda de los hechos a eso de las 6:27 de la ma\u00f1ana, el procesado de 39 a\u00f1os de edad intercept\u00f3 a la joven cuando se desplazaba a la altura de la quebrada por la vereda La Leg\u00eda rumbo a su colegio.<\/p>\n<p>Luego de lanzarle un piropo, que ella rechaz\u00f3, se le habr\u00eda abalanzado para intentar besarla y en el forcejeo ella caer\u00eda sobre las rocas quedando inconsciente. Ante esto, el hoy privado de la libertad se pos\u00f3 sobre ella y procedi\u00f3 a golpearla con elementos contundentes y cortoconduntes en rostro y extremidades.<\/p>\n<p>Posteriormente la llevar\u00eda a una zona boscosa donde le retir\u00f3 la ropa y le har\u00eda tocamientos en sus partes \u00edntimas. Luego, seg\u00fan la Fiscal\u00eda, la dej\u00f3 a su suerte en el lecho del r\u00edo y se march\u00f3. Al d\u00eda siguiente fue encontrada muerta r\u00edo abajo, entre rocas y un tronco de \u00e1rbol que yac\u00eda en la quebrada.<\/p>\n<p>El ente investigador se\u00f1al\u00f3 que la menor de edad fue v\u00edctima de acoso, golpes, sometimiento e instrumentalizaci\u00f3n sexual para finalmente acabar con su vida.<\/p>\n<p>Por estos hechos la Fiscal\u00eda le imput\u00f3 durante las audiencias de rigor los delitos de feminicidio agravado, acceso carnal o actos sexuales abusivos con incapaz de resistir y ocultamiento, alteraci\u00f3n o destrucci\u00f3n de elemento material probatorio que no acept\u00f3 haber cometido.<\/p>\n<p>Debido a la gravedad y modalidad de las conductas cometidas, sumado a que era una menor de edad y que estaba en estado de indefensi\u00f3n, la delegada fiscal solicit\u00f3 a la juez de turno imponer medida de aseguramiento en centro carcelario la cual fue acogida por la togada.<\/p>\n<p>&nbsp;<\/p>\n<p><strong>La Fiscal\u00eda habla con resultados.<\/strong><\/p>\n<p>&nbsp;<\/p>\n<p>&nbsp;<\/p>\n<p>PAAM\/LYBT\/AMBV\/DST<\/p>\n<p>&nbsp;<\/p>\n<p>&nbsp;<\/p>\n<p><i>La informaci\u00f3n contenida e<\/i><i>n este bolet\u00edn de prensa corresponde a la narraci\u00f3n de los hechos noticiosos objetivos, suministrados por los funcionarios encargados de adelantar las investigaciones penales al interior de la Fiscal\u00eda General de la Naci\u00f3n. Para el momento de la divulgaci\u00f3n de este comunicado, la situaci\u00f3n jur\u00eddica de la(s) persona(s) relacionada(s) se encuentra pendiente de resolver por la autoridad judicial competente, siempre bajo los preceptos de la presunci\u00f3n de inocencia, consagrados en el art\u00edculo 29 de la Constituci\u00f3n Pol\u00edtica y el art\u00edculo 7\u00ba de la Ley 906 de 2004.\u00a0<\/i><\/p>\n\n<div class=\"twitter-share\"><a href=\"https:\/\/twitter.com\/intent\/tweet?via=fiscaliacol\" class=\"twitter-share-button\">Tweet<\/a><\/div>\n","protected":false},"excerpt":{"rendered":"<p>La joven se dirig\u00eda hacia su colegio ubicado en el casco urbano del municipio cuando fue sorprendida por el hombre, al parecer, bajo los efectos de sustancias psicoactivas.\u00a0 Bajo el [&hellip;]<\/p>\n","protected":false},"author":179,"featured_media":279982,"comment_status":"closed","ping_status":"open","sticky":false,"template":"","format":"video","meta":{"tdm_status":"","tdm_grid_status":"","footnotes":""},"categories":[1,329,303,24127],"tags":[35607,31042,2369,14729,24185,1047,932],"class_list":["post-279408","post","type-post","status-publish","format-video","has-post-thumbnail","category-noticias","category-seccional-ibague","category-seccionales","category-violencia-sexual-e-intrafamiliar","tag-acceso-carnal-o-actos-sexuales-abusivos-con-incapacidad-de-resistir-y-ocultamiento","tag-alteracion-o-destruccion-de-elemento-material-probatorio","tag-de4litos-sexuales","tag-feminicidio-agravado","tag-fiscal-barbosa","tag-fiscalia-general-de-la-nacion","tag-mensor-de-edad","post_format-post-format-video"],"yoast_head":"<!-- This site is optimized with the Yoast SEO plugin v24.3 - https:\/\/yoast.com\/wordpress\/plugins\/seo\/ -->\n<title>Fiscal\u00eda General de la Naci\u00f3n<\/title>\n<meta name=\"description\" content=\"P\u00e1gina oficial de la Fiscal\u00eda General de la Naci\u00f3n \u2013 Colombia. Garantizamos el acceso efectivo a la justicia, la verdad y la reparaci\u00f3n de las v\u00edctimas de los delitos.\" \/>\n<meta name=\"robots\" content=\"noindex, follow\" \/>\n<meta property=\"og:locale\" content=\"es_ES\" \/>\n<meta property=\"og:type\" content=\"article\" \/>\n<meta property=\"og:title\" content=\"Fiscal\u00eda General de la Naci\u00f3n\" \/>\n<meta property=\"og:description\" content=\"P\u00e1gina oficial de la Fiscal\u00eda General de la Naci\u00f3n \u2013 Colombia. Garantizamos el acceso efectivo a la justicia, la verdad y la reparaci\u00f3n de las v\u00edctimas de los delitos.\" \/>\n<meta property=\"og:url\" content=\"https:\/\/www.fiscalia.gov.co\/colombia\/seccionales\/carcel-para-hombre-que-habria-acabado-con-la-vida-de-una-adolescente-de-15-anos-en-san-antonio-tolima\/\" \/>\n<meta property=\"og:site_name\" content=\"Fiscal\u00eda General de la Naci\u00f3n\" \/>\n<meta property=\"article:publisher\" content=\"https:\/\/www.facebook.com\/FiscaliaCol\" \/>\n<meta property=\"article:published_time\" content=\"2023-09-15T16:22:05+00:00\" \/>\n<meta property=\"article:modified_time\" content=\"2023-09-22T19:31:45+00:00\" \/>\n<meta property=\"og:image\" content=\"https:\/\/www.fiscalia.gov.co\/colombia\/wp-content\/uploads\/maxresdefault-1183.jpg\" \/>\n\t<meta property=\"og:image:width\" content=\"1280\" \/>\n\t<meta property=\"og:image:height\" content=\"720\" \/>\n\t<meta property=\"og:image:type\" content=\"image\/jpeg\" \/>\n<meta name=\"author\" content=\"Lesly Katherine Segura Camargo.\" \/>\n<meta name=\"twitter:card\" content=\"summary_large_image\" \/>\n<meta name=\"twitter:creator\" content=\"@FiscaliaCol\" \/>\n<meta name=\"twitter:site\" content=\"@FiscaliaCol\" \/>\n<meta name=\"twitter:label1\" content=\"Escrito por\" \/>\n\t<meta name=\"twitter:data1\" content=\"Lesly Katherine Segura Camargo.\" \/>\n\t<meta name=\"twitter:label2\" content=\"Tiempo de lectura\" \/>\n\t<meta name=\"twitter:data2\" content=\"3 minutos\" \/>\n<script type=\"application\/ld+json\" class=\"yoast-schema-graph\">{\"@context\":\"https:\/\/schema.org\",\"@graph\":[{\"@type\":\"Article\",\"@id\":\"https:\/\/www.fiscalia.gov.co\/colombia\/seccionales\/carcel-para-hombre-que-habria-acabado-con-la-vida-de-una-adolescente-de-15-anos-en-san-antonio-tolima\/#article\",\"isPartOf\":{\"@id\":\"https:\/\/www.fiscalia.gov.co\/colombia\/seccionales\/carcel-para-hombre-que-habria-acabado-con-la-vida-de-una-adolescente-de-15-anos-en-san-antonio-tolima\/\"},\"author\":{\"name\":\"Lesly Katherine Segura Camargo.\",\"@id\":\"https:\/\/www.fiscalia.gov.co\/colombia\/#\/schema\/person\/6be81acb78add0abcbda2c598c1d53e1\"},\"headline\":\"C\u00e1rcel para hombre que habr\u00eda acabado con la vida de una adolescente de 15 a\u00f1os en San Antonio, Tolima\",\"datePublished\":\"2023-09-15T16:22:05+00:00\",\"dateModified\":\"2023-09-22T19:31:45+00:00\",\"mainEntityOfPage\":{\"@id\":\"https:\/\/www.fiscalia.gov.co\/colombia\/seccionales\/carcel-para-hombre-que-habria-acabado-con-la-vida-de-una-adolescente-de-15-anos-en-san-antonio-tolima\/\"},\"wordCount\":582,\"publisher\":{\"@id\":\"https:\/\/www.fiscalia.gov.co\/colombia\/#organization\"},\"image\":{\"@id\":\"https:\/\/www.fiscalia.gov.co\/colombia\/seccionales\/carcel-para-hombre-que-habria-acabado-con-la-vida-de-una-adolescente-de-15-anos-en-san-antonio-tolima\/#primaryimage\"},\"thumbnailUrl\":\"https:\/\/www.fiscalia.gov.co\/colombia\/wp-content\/uploads\/maxresdefault-1183.jpg\",\"keywords\":[\"acceso carnal o actos sexuales abusivos con incapacidad de resistir y ocultamiento\",\"alteraci\u00f3n o destrucci\u00f3n de elemento material probatorio\",\"Delitos sexuales\",\"Feminicidio agravado\",\"Fiscal Barbosa\",\"Fiscal\u00eda General de la Naci\u00f3n\",\"Menor de edad\"],\"articleSection\":[\"Noticias\",\"Seccional Ibagu\u00e9\",\"Seccionales\",\"Violencia sexual e intrafamiliar\"],\"inLanguage\":\"es-CO\"},{\"@type\":\"WebPage\",\"@id\":\"https:\/\/www.fiscalia.gov.co\/colombia\/seccionales\/carcel-para-hombre-que-habria-acabado-con-la-vida-de-una-adolescente-de-15-anos-en-san-antonio-tolima\/\",\"url\":\"https:\/\/www.fiscalia.gov.co\/colombia\/seccionales\/carcel-para-hombre-que-habria-acabado-con-la-vida-de-una-adolescente-de-15-anos-en-san-antonio-tolima\/\",\"name\":\"Fiscal\u00eda General de la Naci\u00f3n\",\"isPartOf\":{\"@id\":\"https:\/\/www.fiscalia.gov.co\/colombia\/#website\"},\"primaryImageOfPage\":{\"@id\":\"https:\/\/www.fiscalia.gov.co\/colombia\/seccionales\/carcel-para-hombre-que-habria-acabado-con-la-vida-de-una-adolescente-de-15-anos-en-san-antonio-tolima\/#primaryimage\"},\"image\":{\"@id\":\"https:\/\/www.fiscalia.gov.co\/colombia\/seccionales\/carcel-para-hombre-que-habria-acabado-con-la-vida-de-una-adolescente-de-15-anos-en-san-antonio-tolima\/#primaryimage\"},\"thumbnailUrl\":\"https:\/\/www.fiscalia.gov.co\/colombia\/wp-content\/uploads\/maxresdefault-1183.jpg\",\"datePublished\":\"2023-09-15T16:22:05+00:00\",\"dateModified\":\"2023-09-22T19:31:45+00:00\",\"description\":\"P\u00e1gina oficial de la Fiscal\u00eda General de la Naci\u00f3n \u2013 Colombia. Garantizamos el acceso efectivo a la justicia, la verdad y la reparaci\u00f3n de las v\u00edctimas de los delitos.\",\"breadcrumb\":{\"@id\":\"https:\/\/www.fiscalia.gov.co\/colombia\/seccionales\/carcel-para-hombre-que-habria-acabado-con-la-vida-de-una-adolescente-de-15-anos-en-san-antonio-tolima\/#breadcrumb\"},\"inLanguage\":\"es-CO\",\"potentialAction\":[{\"@type\":\"ReadAction\",\"target\":[\"https:\/\/www.fiscalia.gov.co\/colombia\/seccionales\/carcel-para-hombre-que-habria-acabado-con-la-vida-de-una-adolescente-de-15-anos-en-san-antonio-tolima\/\"]}]},{\"@type\":\"ImageObject\",\"inLanguage\":\"es-CO\",\"@id\":\"https:\/\/www.fiscalia.gov.co\/colombia\/seccionales\/carcel-para-hombre-que-habria-acabado-con-la-vida-de-una-adolescente-de-15-anos-en-san-antonio-tolima\/#primaryimage\",\"url\":\"https:\/\/www.fiscalia.gov.co\/colombia\/wp-content\/uploads\/maxresdefault-1183.jpg\",\"contentUrl\":\"https:\/\/www.fiscalia.gov.co\/colombia\/wp-content\/uploads\/maxresdefault-1183.jpg\",\"width\":1280,\"height\":720},{\"@type\":\"BreadcrumbList\",\"@id\":\"https:\/\/www.fiscalia.gov.co\/colombia\/seccionales\/carcel-para-hombre-que-habria-acabado-con-la-vida-de-una-adolescente-de-15-anos-en-san-antonio-tolima\/#breadcrumb\",\"itemListElement\":[{\"@type\":\"ListItem\",\"position\":1,\"name\":\"Home\",\"item\":\"https:\/\/www.fiscalia.gov.co\/colombia\/\"},{\"@type\":\"ListItem\",\"position\":2,\"name\":\"C\u00e1rcel para hombre que habr\u00eda acabado con la vida de una adolescente de 15 a\u00f1os en San Antonio, Tolima\"}]},{\"@type\":\"WebSite\",\"@id\":\"https:\/\/www.fiscalia.gov.co\/colombia\/#website\",\"url\":\"https:\/\/www.fiscalia.gov.co\/colombia\/\",\"name\":\"Fiscal\u00eda General de la Naci\u00f3n\",\"description\":\"P\u00e1gina oficial de la Fiscal\u00eda General de la Naci\u00f3n \u2013 Colombia. Garantizamos el acceso efectivo a la justicia, la verdad y la reparaci\u00f3n de las v\u00edctimas de los delitos.\",\"publisher\":{\"@id\":\"https:\/\/www.fiscalia.gov.co\/colombia\/#organization\"},\"potentialAction\":[{\"@type\":\"SearchAction\",\"target\":{\"@type\":\"EntryPoint\",\"urlTemplate\":\"https:\/\/www.fiscalia.gov.co\/colombia\/?s={search_term_string}\"},\"query-input\":{\"@type\":\"PropertyValueSpecification\",\"valueRequired\":true,\"valueName\":\"search_term_string\"}}],\"inLanguage\":\"es-CO\"},{\"@type\":\"Organization\",\"@id\":\"https:\/\/www.fiscalia.gov.co\/colombia\/#organization\",\"name\":\"Fiscal\u00eda General de la Naci\u00f3n\",\"url\":\"https:\/\/www.fiscalia.gov.co\/colombia\/\",\"logo\":{\"@type\":\"ImageObject\",\"inLanguage\":\"es-CO\",\"@id\":\"https:\/\/www.fiscalia.gov.co\/colombia\/#\/schema\/logo\/image\/\",\"url\":\"https:\/\/www.fiscalia.gov.co\/colombia\/wp-content\/uploads\/LogoHorizontal_1.jpg\",\"contentUrl\":\"https:\/\/www.fiscalia.gov.co\/colombia\/wp-content\/uploads\/LogoHorizontal_1.jpg\",\"width\":300,\"height\":90,\"caption\":\"Fiscal\u00eda General de la Naci\u00f3n\"},\"image\":{\"@id\":\"https:\/\/www.fiscalia.gov.co\/colombia\/#\/schema\/logo\/image\/\"},\"sameAs\":[\"https:\/\/www.facebook.com\/FiscaliaCol\",\"https:\/\/x.com\/FiscaliaCol\",\"https:\/\/www.instagram.com\/fiscaliacol\",\"https:\/\/www.linkedin.com\/company\/fiscalia-general-de-la-naci-n\/\",\"https:\/\/youtube.com\/@fiscaliageneraldelanacion-4668?si=6nN79nyQICPU5iTh\"]},{\"@type\":\"Person\",\"@id\":\"https:\/\/www.fiscalia.gov.co\/colombia\/#\/schema\/person\/6be81acb78add0abcbda2c598c1d53e1\",\"name\":\"Lesly Katherine Segura Camargo.\",\"image\":{\"@type\":\"ImageObject\",\"inLanguage\":\"es-CO\",\"@id\":\"https:\/\/www.fiscalia.gov.co\/colombia\/#\/schema\/person\/image\/\",\"url\":\"https:\/\/secure.gravatar.com\/avatar\/1892091c53ef3b9c2fcb37ca6066e439?s=96&d=mm&r=g\",\"contentUrl\":\"https:\/\/secure.gravatar.com\/avatar\/1892091c53ef3b9c2fcb37ca6066e439?s=96&d=mm&r=g\",\"caption\":\"Lesly Katherine Segura Camargo.\"},\"url\":\"https:\/\/www.fiscalia.gov.co\/colombia\/author\/lesly-segura\/\"}]}<\/script>\n<!-- \/ Yoast SEO plugin. -->","yoast_head_json":{"title":"Fiscal\u00eda General de la Naci\u00f3n","description":"P\u00e1gina oficial de la Fiscal\u00eda General de la Naci\u00f3n \u2013 Colombia. Garantizamos el acceso efectivo a la justicia, la verdad y la reparaci\u00f3n de las v\u00edctimas de los delitos.","robots":{"index":"noindex","follow":"follow"},"og_locale":"es_ES","og_type":"article","og_title":"Fiscal\u00eda General de la Naci\u00f3n","og_description":"P\u00e1gina oficial de la Fiscal\u00eda General de la Naci\u00f3n \u2013 Colombia. Garantizamos el acceso efectivo a la justicia, la verdad y la reparaci\u00f3n de las v\u00edctimas de los delitos.","og_url":"https:\/\/www.fiscalia.gov.co\/colombia\/seccionales\/carcel-para-hombre-que-habria-acabado-con-la-vida-de-una-adolescente-de-15-anos-en-san-antonio-tolima\/","og_site_name":"Fiscal\u00eda General de la Naci\u00f3n","article_publisher":"https:\/\/www.facebook.com\/FiscaliaCol","article_published_time":"2023-09-15T16:22:05+00:00","article_modified_time":"2023-09-22T19:31:45+00:00","og_image":[{"width":1280,"height":720,"url":"https:\/\/www.fiscalia.gov.co\/colombia\/wp-content\/uploads\/maxresdefault-1183.jpg","type":"image\/jpeg"}],"author":"Lesly Katherine Segura Camargo.","twitter_card":"summary_large_image","twitter_creator":"@FiscaliaCol","twitter_site":"@FiscaliaCol","twitter_misc":{"Escrito por":"Lesly Katherine Segura Camargo.","Tiempo de lectura":"3 minutos"},"schema":{"@context":"https:\/\/schema.org","@graph":[{"@type":"Article","@id":"https:\/\/www.fiscalia.gov.co\/colombia\/seccionales\/carcel-para-hombre-que-habria-acabado-con-la-vida-de-una-adolescente-de-15-anos-en-san-antonio-tolima\/#article","isPartOf":{"@id":"https:\/\/www.fiscalia.gov.co\/colombia\/seccionales\/carcel-para-hombre-que-habria-acabado-con-la-vida-de-una-adolescente-de-15-anos-en-san-antonio-tolima\/"},"author":{"name":"Lesly Katherine Segura Camargo.","@id":"https:\/\/www.fiscalia.gov.co\/colombia\/#\/schema\/person\/6be81acb78add0abcbda2c598c1d53e1"},"headline":"C\u00e1rcel para hombre que habr\u00eda acabado con la vida de una adolescente de 15 a\u00f1os en San Antonio, Tolima","datePublished":"2023-09-15T16:22:05+00:00","dateModified":"2023-09-22T19:31:45+00:00","mainEntityOfPage":{"@id":"https:\/\/www.fiscalia.gov.co\/colombia\/seccionales\/carcel-para-hombre-que-habria-acabado-con-la-vida-de-una-adolescente-de-15-anos-en-san-antonio-tolima\/"},"wordCount":582,"publisher":{"@id":"https:\/\/www.fiscalia.gov.co\/colombia\/#organization"},"image":{"@id":"https:\/\/www.fiscalia.gov.co\/colombia\/seccionales\/carcel-para-hombre-que-habria-acabado-con-la-vida-de-una-adolescente-de-15-anos-en-san-antonio-tolima\/#primaryimage"},"thumbnailUrl":"https:\/\/www.fiscalia.gov.co\/colombia\/wp-content\/uploads\/maxresdefault-1183.jpg","keywords":["acceso carnal o actos sexuales abusivos con incapacidad de resistir y ocultamiento","alteraci\u00f3n o destrucci\u00f3n de elemento material probatorio","Delitos sexuales","Feminicidio agravado","Fiscal Barbosa","Fiscal\u00eda General de la Naci\u00f3n","Menor de edad"],"articleSection":["Noticias","Seccional Ibagu\u00e9","Seccionales","Violencia sexual e intrafamiliar"],"inLanguage":"es-CO"},{"@type":"WebPage","@id":"https:\/\/www.fiscalia.gov.co\/colombia\/seccionales\/carcel-para-hombre-que-habria-acabado-con-la-vida-de-una-adolescente-de-15-anos-en-san-antonio-tolima\/","url":"https:\/\/www.fiscalia.gov.co\/colombia\/seccionales\/carcel-para-hombre-que-habria-acabado-con-la-vida-de-una-adolescente-de-15-anos-en-san-antonio-tolima\/","name":"Fiscal\u00eda General de la Naci\u00f3n","isPartOf":{"@id":"https:\/\/www.fiscalia.gov.co\/colombia\/#website"},"primaryImageOfPage":{"@id":"https:\/\/www.fiscalia.gov.co\/colombia\/seccionales\/carcel-para-hombre-que-habria-acabado-con-la-vida-de-una-adolescente-de-15-anos-en-san-antonio-tolima\/#primaryimage"},"image":{"@id":"https:\/\/www.fiscalia.gov.co\/colombia\/seccionales\/carcel-para-hombre-que-habria-acabado-con-la-vida-de-una-adolescente-de-15-anos-en-san-antonio-tolima\/#primaryimage"},"thumbnailUrl":"https:\/\/www.fiscalia.gov.co\/colombia\/wp-content\/uploads\/maxresdefault-1183.jpg","datePublished":"2023-09-15T16:22:05+00:00","dateModified":"2023-09-22T19:31:45+00:00","description":"P\u00e1gina oficial de la Fiscal\u00eda General de la Naci\u00f3n \u2013 Colombia. Garantizamos el acceso efectivo a la justicia, la verdad y la reparaci\u00f3n de las v\u00edctimas de los delitos.","breadcrumb":{"@id":"https:\/\/www.fiscalia.gov.co\/colombia\/seccionales\/carcel-para-hombre-que-habria-acabado-con-la-vida-de-una-adolescente-de-15-anos-en-san-antonio-tolima\/#breadcrumb"},"inLanguage":"es-CO","potentialAction":[{"@type":"ReadAction","target":["https:\/\/www.fiscalia.gov.co\/colombia\/seccionales\/carcel-para-hombre-que-habria-acabado-con-la-vida-de-una-adolescente-de-15-anos-en-san-antonio-tolima\/"]}]},{"@type":"ImageObject","inLanguage":"es-CO","@id":"https:\/\/www.fiscalia.gov.co\/colombia\/seccionales\/carcel-para-hombre-que-habria-acabado-con-la-vida-de-una-adolescente-de-15-anos-en-san-antonio-tolima\/#primaryimage","url":"https:\/\/www.fiscalia.gov.co\/colombia\/wp-content\/uploads\/maxresdefault-1183.jpg","contentUrl":"https:\/\/www.fiscalia.gov.co\/colombia\/wp-content\/uploads\/maxresdefault-1183.jpg","width":1280,"height":720},{"@type":"BreadcrumbList","@id":"https:\/\/www.fiscalia.gov.co\/colombia\/seccionales\/carcel-para-hombre-que-habria-acabado-con-la-vida-de-una-adolescente-de-15-anos-en-san-antonio-tolima\/#breadcrumb","itemListElement":[{"@type":"ListItem","position":1,"name":"Home","item":"https:\/\/www.fiscalia.gov.co\/colombia\/"},{"@type":"ListItem","position":2,"name":"C\u00e1rcel para hombre que habr\u00eda acabado con la vida de una adolescente de 15 a\u00f1os en San Antonio, Tolima"}]},{"@type":"WebSite","@id":"https:\/\/www.fiscalia.gov.co\/colombia\/#website","url":"https:\/\/www.fiscalia.gov.co\/colombia\/","name":"Fiscal\u00eda General de la Naci\u00f3n","description":"P\u00e1gina oficial de la Fiscal\u00eda General de la Naci\u00f3n \u2013 Colombia. Garantizamos el acceso efectivo a la justicia, la verdad y la reparaci\u00f3n de las v\u00edctimas de los delitos.","publisher":{"@id":"https:\/\/www.fiscalia.gov.co\/colombia\/#organization"},"potentialAction":[{"@type":"SearchAction","target":{"@type":"EntryPoint","urlTemplate":"https:\/\/www.fiscalia.gov.co\/colombia\/?s={search_term_string}"},"query-input":{"@type":"PropertyValueSpecification","valueRequired":true,"valueName":"search_term_string"}}],"inLanguage":"es-CO"},{"@type":"Organization","@id":"https:\/\/www.fiscalia.gov.co\/colombia\/#organization","name":"Fiscal\u00eda General de la Naci\u00f3n","url":"https:\/\/www.fiscalia.gov.co\/colombia\/","logo":{"@type":"ImageObject","inLanguage":"es-CO","@id":"https:\/\/www.fiscalia.gov.co\/colombia\/#\/schema\/logo\/image\/","url":"https:\/\/www.fiscalia.gov.co\/colombia\/wp-content\/uploads\/LogoHorizontal_1.jpg","contentUrl":"https:\/\/www.fiscalia.gov.co\/colombia\/wp-content\/uploads\/LogoHorizontal_1.jpg","width":300,"height":90,"caption":"Fiscal\u00eda General de la Naci\u00f3n"},"image":{"@id":"https:\/\/www.fiscalia.gov.co\/colombia\/#\/schema\/logo\/image\/"},"sameAs":["https:\/\/www.facebook.com\/FiscaliaCol","https:\/\/x.com\/FiscaliaCol","https:\/\/www.instagram.com\/fiscaliacol","https:\/\/www.linkedin.com\/company\/fiscalia-general-de-la-naci-n\/","https:\/\/youtube.com\/@fiscaliageneraldelanacion-4668?si=6nN79nyQICPU5iTh"]},{"@type":"Person","@id":"https:\/\/www.fiscalia.gov.co\/colombia\/#\/schema\/person\/6be81acb78add0abcbda2c598c1d53e1","name":"Lesly Katherine Segura Camargo.","image":{"@type":"ImageObject","inLanguage":"es-CO","@id":"https:\/\/www.fiscalia.gov.co\/colombia\/#\/schema\/person\/image\/","url":"https:\/\/secure.gravatar.com\/avatar\/1892091c53ef3b9c2fcb37ca6066e439?s=96&d=mm&r=g","contentUrl":"https:\/\/secure.gravatar.com\/avatar\/1892091c53ef3b9c2fcb37ca6066e439?s=96&d=mm&r=g","caption":"Lesly Katherine Segura Camargo."},"url":"https:\/\/www.fiscalia.gov.co\/colombia\/author\/lesly-segura\/"}]}},"_links":{"self":[{"href":"https:\/\/www.fiscalia.gov.co\/colombia\/wp-json\/wp\/v2\/posts\/279408","targetHints":{"allow":["GET"]}}],"collection":[{"href":"https:\/\/www.fiscalia.gov.co\/colombia\/wp-json\/wp\/v2\/posts"}],"about":[{"href":"https:\/\/www.fiscalia.gov.co\/colombia\/wp-json\/wp\/v2\/types\/post"}],"author":[{"embeddable":true,"href":"https:\/\/www.fiscalia.gov.co\/colombia\/wp-json\/wp\/v2\/users\/179"}],"replies":[{"embeddable":true,"href":"https:\/\/www.fiscalia.gov.co\/colombia\/wp-json\/wp\/v2\/comments?post=279408"}],"version-history":[{"count":3,"href":"https:\/\/www.fiscalia.gov.co\/colombia\/wp-json\/wp\/v2\/posts\/279408\/revisions"}],"predecessor-version":[{"id":279416,"href":"https:\/\/www.fiscalia.gov.co\/colombia\/wp-json\/wp\/v2\/posts\/279408\/revisions\/279416"}],"wp:featuredmedia":[{"embeddable":true,"href":"https:\/\/www.fiscalia.gov.co\/colombia\/wp-json\/wp\/v2\/media\/279982"}],"wp:attachment":[{"href":"https:\/\/www.fiscalia.gov.co\/colombia\/wp-json\/wp\/v2\/media?parent=279408"}],"wp:term":[{"taxonomy":"category","embeddable":true,"href":"https:\/\/www.fiscalia.gov.co\/colombia\/wp-json\/wp\/v2\/categories?post=279408"},{"taxonomy":"post_tag","embeddable":true,"href":"https:\/\/www.fiscalia.gov.co\/colombia\/wp-json\/wp\/v2\/tags?post=279408"}],"curies":[{"name":"wp","href":"https:\/\/api.w.org\/{rel}","templated":true}]}}