{"id":279291,"date":"2023-09-14T13:26:25","date_gmt":"2023-09-14T18:26:25","guid":{"rendered":"https:\/\/www.fiscalia.gov.co\/colombia\/?p=279291"},"modified":"2023-09-14T13:48:26","modified_gmt":"2023-09-14T18:48:26","slug":"estamos-ante-un-riesgo-electoral-en-donde-podemos-perder-el-estado-de-derecho-y-la-democracia-fiscal-francisco-barbosa-delgado","status":"publish","type":"post","link":"https:\/\/www.fiscalia.gov.co\/colombia\/noticias\/estamos-ante-un-riesgo-electoral-en-donde-podemos-perder-el-estado-de-derecho-y-la-democracia-fiscal-francisco-barbosa-delgado\/","title":{"rendered":"\u201cEstamos ante un riesgo electoral en donde podemos perder el Estado de Derecho y la democracia\u201d: Fiscal Francisco Barbosa Delgado"},"content":{"rendered":"<ul>\n<li data-leveltext=\"\uf0b7\" data-font=\"Symbol\" data-listid=\"1\" data-list-defn-props=\"{&quot;335552541&quot;:1,&quot;335559684&quot;:-2,&quot;335559685&quot;:720,&quot;335559991&quot;:360,&quot;469769226&quot;:&quot;Symbol&quot;,&quot;469769242&quot;:[8226],&quot;469777803&quot;:&quot;left&quot;,&quot;469777804&quot;:&quot;\uf0b7&quot;,&quot;469777815&quot;:&quot;hybridMultilevel&quot;}\" aria-setsize=\"-1\" data-aria-posinset=\"1\" data-aria-level=\"1\">\n<h4><strong><i>El jefe del ente investigador denunci\u00f3 que en las pr\u00f3ximas elecciones se pueden presentar casos, en algunos municipios, donde toda la poblaci\u00f3n vote por un candidato debido a presiones de grupos ilegales.\u00a0<\/i>\u00a0<\/strong><\/h4>\n<\/li>\n<\/ul>\n<ul>\n<li data-leveltext=\"\uf0b7\" data-font=\"Symbol\" data-listid=\"1\" data-list-defn-props=\"{&quot;335552541&quot;:1,&quot;335559684&quot;:-2,&quot;335559685&quot;:720,&quot;335559991&quot;:360,&quot;469769226&quot;:&quot;Symbol&quot;,&quot;469769242&quot;:[8226],&quot;469777803&quot;:&quot;left&quot;,&quot;469777804&quot;:&quot;\uf0b7&quot;,&quot;469777815&quot;:&quot;hybridMultilevel&quot;}\" aria-setsize=\"-1\" data-aria-posinset=\"2\" data-aria-level=\"1\">\n<h4><strong><i>\u201cTenemos en la Fiscal\u00eda un mapa de riesgo electoral donde hay m\u00e1s o menos unos 261 municipios en riesgo alto, 494 en riesgo medio, y 366 en riesgo bajo\u201d, dijo el Fiscal General de la Naci\u00f3n.<\/i>\u00a0<\/strong><\/h4>\n<\/li>\n<\/ul>\n<p><span data-contrast=\"auto\">En el marco del foro Garant\u00edas Electorales, el Fiscal General de la Naci\u00f3n, Francisco Barbosa Delgado, se\u00f1al\u00f3 que el ente investigador cuenta con un mapa de riesgos donde hay m\u00e1s de 1.100 municipios que presentan alg\u00fan tipo de amenaza de cara a las pr\u00f3ximas elecciones de octubre. En tal sentido, el funcionario hizo un llamado al Gobierno Nacional para que tome medidas de prevenci\u00f3n en dichas zonas.\u00a0<\/span><span data-ccp-props=\"{&quot;201341983&quot;:0,&quot;335551550&quot;:6,&quot;335551620&quot;:6,&quot;335559739&quot;:0,&quot;335559740&quot;:240}\">\u00a0<\/span><span data-ccp-props=\"{&quot;201341983&quot;:0,&quot;335551550&quot;:6,&quot;335551620&quot;:6,&quot;335559739&quot;:0,&quot;335559740&quot;:240}\">\u00a0<\/span><\/p>\n<p><span data-contrast=\"auto\">\u201cNosotros tenemos en la Fiscal\u00eda un mapa de riesgo electoral donde hay m\u00e1s o menos unos 261 municipios en riesgo alto, 494 en riesgo medio, y 366 en riesgo bajo en el pa\u00eds. \u00bfC\u00f3mo se determinan esas din\u00e1micas? A trav\u00e9s de las variables de orden p\u00fablico, las variables de control institucional de la Fuerza P\u00fablica, y las variables que tienen que ver con la administraci\u00f3n de justicia\u201d, manifest\u00f3 el jefe del ente acusador.<\/span><span data-ccp-props=\"{&quot;201341983&quot;:0,&quot;335551550&quot;:6,&quot;335551620&quot;:6,&quot;335559739&quot;:0,&quot;335559740&quot;:240}\">\u00a0<\/span><span data-ccp-props=\"{&quot;201341983&quot;:0,&quot;335551550&quot;:6,&quot;335551620&quot;:6,&quot;335559739&quot;:0,&quot;335559740&quot;:240}\">\u00a0<\/span><\/p>\n<div class=\"youtube-embed\" data-video_id=\"FetyhsipgRY\"><iframe loading=\"lazy\" title=\"Fiscal Francisco Barbosa: Hay m\u00e1s de 1.100 municipios que presentan amenaza de cara a las elecciones\" width=\"696\" height=\"392\" src=\"https:\/\/www.youtube.com\/embed\/FetyhsipgRY?feature=oembed&#038;enablejsapi=1\" frameborder=\"0\" allow=\"accelerometer; autoplay; clipboard-write; encrypted-media; gyroscope; picture-in-picture; web-share\" allowfullscreen><\/iframe><\/div>\n<p><span data-contrast=\"auto\">El Fiscal General recalc\u00f3 que los comicios del pr\u00f3ximo 29 de octubre no pueden estar solo a cargo del Registrador Nacional del Estado Civil, sino que deben contar con el concurso de todo el Estado para de esa manera garantizar su efectivo desarrollo.<\/span><span data-ccp-props=\"{&quot;201341983&quot;:0,&quot;335551550&quot;:6,&quot;335551620&quot;:6,&quot;335559739&quot;:0,&quot;335559740&quot;:240}\">\u00a0<\/span><span data-ccp-props=\"{&quot;201341983&quot;:0,&quot;335551550&quot;:6,&quot;335551620&quot;:6,&quot;335559739&quot;:0,&quot;335559740&quot;:240}\">\u00a0<\/span><\/p>\n<p><span data-contrast=\"auto\">\u201cRequiere la ayuda del Ej\u00e9rcito Nacional, de la Polic\u00eda Nacional, de nosotros que estamos ac\u00e1, porque lo que ha venido ocurriendo en el pa\u00eds, es que, ante la ausencia de pol\u00edtica de seguridad, (\u2026) no hay gerencia. Tenemos b\u00e1sicamente una atomizaci\u00f3n en las Fuerzas Militares, que llev\u00f3 a lo que ocurri\u00f3 hace dos d\u00edas con las Fuerzas Militares, en donde verdaderamente no sabemos cu\u00e1l es el rol y ni siquiera pudimos entrar nosotros como Fiscal\u00eda General y Procuradur\u00eda a la zona, a pesar de que el Ej\u00e9rcito s\u00ed lo pudo hacer\u201d, afirm\u00f3 el Fiscal General de la Naci\u00f3n.<\/span><span data-ccp-props=\"{&quot;201341983&quot;:0,&quot;335551550&quot;:6,&quot;335551620&quot;:6,&quot;335559739&quot;:0,&quot;335559740&quot;:240}\">\u00a0<\/span><span data-ccp-props=\"{&quot;201341983&quot;:0,&quot;335551550&quot;:6,&quot;335551620&quot;:6,&quot;335559739&quot;:0,&quot;335559740&quot;:240}\">\u00a0<\/span><\/p>\n<div class=\"youtube-embed\" data-video_id=\"sPTigX8KNII\"><iframe loading=\"lazy\" title=\"Fiscal Francisco Barbosa: Comicios no pueden estar solo a cargo del Registrador Nacional\" width=\"696\" height=\"392\" src=\"https:\/\/www.youtube.com\/embed\/sPTigX8KNII?feature=oembed&#038;enablejsapi=1\" frameborder=\"0\" allow=\"accelerometer; autoplay; clipboard-write; encrypted-media; gyroscope; picture-in-picture; web-share\" allowfullscreen><\/iframe><\/div>\n<p><span data-contrast=\"auto\">Tambi\u00e9n se\u00f1al\u00f3 que esta ausencia del Estado en diversas zonas del pa\u00eds va a llevar a que en muchos municipios con alto riesgo se generen casos en los que las poblaciones voten por un solo candidato, esto debido a las presiones de grupos armados.\u00a0\u00a0<\/span><span data-ccp-props=\"{&quot;201341983&quot;:0,&quot;335551550&quot;:6,&quot;335551620&quot;:6,&quot;335559739&quot;:0,&quot;335559740&quot;:240}\">\u00a0<\/span><span data-ccp-props=\"{&quot;201341983&quot;:0,&quot;335551550&quot;:6,&quot;335551620&quot;:6,&quot;335559739&quot;:0,&quot;335559740&quot;:240,&quot;469777462&quot;:[3360],&quot;469777927&quot;:[0],&quot;469777928&quot;:[1]}\">\u00a0<\/span><\/p>\n<p><span data-contrast=\"auto\">\u201cSeguramente ustedes van a ver urnas en muchos municipios del pa\u00eds en donde vot\u00f3 toda la poblaci\u00f3n por un candidato. Eso es lo que va a pasar. Eso es un elemento central para que haya procesos judiciales y que estemos hablando, en 2 o 3 a\u00f1os, de la bacrim-pol\u00edtica, de la parapol\u00edtica otra vez\u201d, recalc\u00f3 el funcionario.\u00a0<\/span><span data-ccp-props=\"{&quot;201341983&quot;:0,&quot;335551550&quot;:6,&quot;335551620&quot;:6,&quot;335559739&quot;:0,&quot;335559740&quot;:240}\">\u00a0<\/span><span data-ccp-props=\"{&quot;201341983&quot;:0,&quot;335551550&quot;:6,&quot;335551620&quot;:6,&quot;335559739&quot;:0,&quot;335559740&quot;:240}\">\u00a0<\/span><\/p>\n<div class=\"youtube-embed\" data-video_id=\"we7dTzO2O7Y\"><iframe loading=\"lazy\" title=\"Fiscal Barbosa: En municipios con alto riesgo habr\u00e1 casos en los que se vote por un solo candidato\" width=\"696\" height=\"392\" src=\"https:\/\/www.youtube.com\/embed\/we7dTzO2O7Y?feature=oembed&#038;enablejsapi=1\" frameborder=\"0\" allow=\"accelerometer; autoplay; clipboard-write; encrypted-media; gyroscope; picture-in-picture; web-share\" allowfullscreen><\/iframe><\/div>\n<p><span data-contrast=\"auto\">Asimismo, afirm\u00f3 que algunos de los hechos violentos registrados en el pa\u00eds tienen relaci\u00f3n con candidatos a quienes se les exigi\u00f3 renunciar a sus aspiraciones y terminaron sufriendo atentados contra su vida.<\/span><span data-ccp-props=\"{&quot;201341983&quot;:0,&quot;335551550&quot;:6,&quot;335551620&quot;:6,&quot;335559739&quot;:0,&quot;335559740&quot;:240}\">\u00a0<\/span><span data-ccp-props=\"{&quot;201341983&quot;:0,&quot;335551550&quot;:6,&quot;335551620&quot;:6,&quot;335559739&quot;:0,&quot;335559740&quot;:240}\">\u00a0<\/span><\/p>\n<p><span data-contrast=\"auto\">\u201cHay en este momento la posibilidad de que haya una pluralidad de partidos en 90 o 100 municipios, en donde hay 6 o 7 partidos oficiales que no han podido, y no pudieron inscribirse en esas zonas\u201d, dijo.<\/span><span data-ccp-props=\"{&quot;201341983&quot;:0,&quot;335551550&quot;:6,&quot;335551620&quot;:6,&quot;335559739&quot;:0,&quot;335559740&quot;:240}\">\u00a0<\/span><\/p>\n<p><span data-contrast=\"auto\">Adicionalmente manifest\u00f3 que, como parte de estas alertas, se est\u00e1 hablando de posibles cambios de urnas electorales, hecho que ni siquiera ocurri\u00f3 en las elecciones presidenciales del a\u00f1o pasado. \u201cNi siquiera ocurri\u00f3 durante la elecci\u00f3n del presidente Gustavo Petro, es decir, el presidente Gustavo Petro fue elegido gracias a que este Estado le garantiz\u00f3 las elecciones. Lo m\u00ednimo que uno le pide al pa\u00eds es que el presidente de la Rep\u00fablica y el gobierno nacional garanticen tambi\u00e9n las elecciones en los diferentes territorios porque son miles de colombianos que esperan votar libremente\u201d, sostuvo el Fiscal General.<\/span><span data-ccp-props=\"{&quot;201341983&quot;:0,&quot;335551550&quot;:6,&quot;335551620&quot;:6,&quot;335559739&quot;:0,&quot;335559740&quot;:240}\">\u00a0<\/span><span data-ccp-props=\"{&quot;201341983&quot;:0,&quot;335551550&quot;:6,&quot;335551620&quot;:6,&quot;335559739&quot;:0,&quot;335559740&quot;:240}\">\u00a0<\/span><\/p>\n<div class=\"youtube-embed\" data-video_id=\"d4KbNj5Tm9A\"><iframe loading=\"lazy\" title=\"Fiscal Barbosa advierte que se est\u00e1 hablando de posibles cambios de urnas electorales en comicios\" width=\"696\" height=\"392\" src=\"https:\/\/www.youtube.com\/embed\/d4KbNj5Tm9A?feature=oembed&#038;enablejsapi=1\" frameborder=\"0\" allow=\"accelerometer; autoplay; clipboard-write; encrypted-media; gyroscope; picture-in-picture; web-share\" allowfullscreen><\/iframe><\/div>\n<p><b><span data-contrast=\"auto\">Candidatos con posibles alianzas con grupos armados ilegales\u00a0<\/span><\/b><span data-ccp-props=\"{&quot;201341983&quot;:0,&quot;335551550&quot;:6,&quot;335551620&quot;:6,&quot;335559739&quot;:0,&quot;335559740&quot;:240}\">\u00a0<\/span><span data-ccp-props=\"{&quot;201341983&quot;:0,&quot;335551550&quot;:6,&quot;335551620&quot;:6,&quot;335559739&quot;:0,&quot;335559740&quot;:240}\">\u00a0<\/span><\/p>\n<p><span data-contrast=\"auto\">Con respecto a la denuncia que el Registrador Nacional anunci\u00f3 le entregar\u00eda a la Fiscal\u00eda, sobre posibles alianzas de candidatos con grupos armados ilegales en departamentos como Nari\u00f1o, Cauca, Norte de Santander y Sucre, el Fiscal General de la Naci\u00f3n indic\u00f3 que con dicha informaci\u00f3n se designaran fiscales para adelantar las investigaciones respectivas en el marco de las disposiciones adoptadas por el ente investigador.\u00a0<\/span><span data-ccp-props=\"{&quot;201341983&quot;:0,&quot;335551550&quot;:6,&quot;335551620&quot;:6,&quot;335559739&quot;:0,&quot;335559740&quot;:240}\">\u00a0<\/span><span data-ccp-props=\"{&quot;201341983&quot;:0,&quot;335551550&quot;:6,&quot;335551620&quot;:6,&quot;335559739&quot;:0,&quot;335559740&quot;:240}\">\u00a0<\/span><\/p>\n<p><span data-contrast=\"auto\">De esa manera, se determinar\u00e1n cu\u00e1les son los caminos m\u00e1s expeditos para judicializar con rapidez a los candidatos, posiblemente implicados en hechos delictivos. \u201cCreo que el trabajo es muy r\u00e1pido y eso podemos garantizar que est\u00e9 listo, incluso, antes del proceso de elecciones\u201d, afirm\u00f3 el jefe del ente investigador.<\/span><span data-ccp-props=\"{&quot;201341983&quot;:0,&quot;335551550&quot;:6,&quot;335551620&quot;:6,&quot;335559739&quot;:0,&quot;335559740&quot;:240}\">\u00a0<\/span><\/p>\n<div class=\"youtube-embed\" data-video_id=\"QYN0nHQwIxk\"><iframe loading=\"lazy\" title=\"Fiscal Barbosa dice que se designar\u00e1n fiscales para adelantar las investigaciones respectivas\" width=\"696\" height=\"392\" src=\"https:\/\/www.youtube.com\/embed\/QYN0nHQwIxk?feature=oembed&#038;enablejsapi=1\" frameborder=\"0\" allow=\"accelerometer; autoplay; clipboard-write; encrypted-media; gyroscope; picture-in-picture; web-share\" allowfullscreen><\/iframe><\/div>\n<p><span data-contrast=\"auto\">El funcionario tambi\u00e9n asegur\u00f3 que, ante las denuncias planteadas por el Registrador, el Contralor y el Defensor del Pueblo, el pa\u00eds est\u00e1 ante un riesgo electoral en donde se puede perder el Estado de Derecho y la democracia.<\/span><span data-ccp-props=\"{&quot;201341983&quot;:0,&quot;335551550&quot;:6,&quot;335551620&quot;:6,&quot;335559739&quot;:0,&quot;335559740&quot;:240}\">\u00a0<\/span><\/p>\n<p><span data-contrast=\"auto\">\u201cCreo que la democracia amerita un debate mucho m\u00e1s profundo, que una simple regla electoral. El problema no solamente son reglas electorales, (\u2026) son principios que tenemos que defender y creo que ese es el mensaje que planteo. Defendamos la institucionalidad\u201d, concluy\u00f3 el Fiscal General de la Naci\u00f3n.<\/span><span data-ccp-props=\"{&quot;201341983&quot;:0,&quot;335551550&quot;:6,&quot;335551620&quot;:6,&quot;335559739&quot;:0,&quot;335559740&quot;:240}\">\u00a0<\/span><\/p>\n<div class=\"youtube-embed\" data-video_id=\"7t2VutzlNvc\"><iframe loading=\"lazy\" title=\"Fiscal Barbosa: Estamos ante un riesgo electoral en donde se puede perder el Estado de Derecho\" width=\"696\" height=\"392\" src=\"https:\/\/www.youtube.com\/embed\/7t2VutzlNvc?feature=oembed&#038;enablejsapi=1\" frameborder=\"0\" allow=\"accelerometer; autoplay; clipboard-write; encrypted-media; gyroscope; picture-in-picture; web-share\" allowfullscreen><\/iframe><\/div>\n<p><b><span data-contrast=\"auto\">La Fiscal\u00eda habla con resultados<\/span><\/b><b><span data-contrast=\"auto\">.<\/span><\/b><span data-ccp-props=\"{&quot;201341983&quot;:0,&quot;335551550&quot;:2,&quot;335551620&quot;:2,&quot;335559739&quot;:0,&quot;335559740&quot;:240}\">\u00a0<\/span><\/p>\n<p>&nbsp;<\/p>\n<p>&nbsp;<\/p>\n<p><span data-ccp-props=\"{&quot;201341983&quot;:0,&quot;335551550&quot;:6,&quot;335551620&quot;:6,&quot;335559739&quot;:0,&quot;335559740&quot;:240}\">\u00a0<\/span><\/p>\n<p><span data-contrast=\"auto\">AMCJ\/MAGA\/MRC\/PATN\/<\/span><span data-ccp-props=\"{&quot;201341983&quot;:0,&quot;335551550&quot;:6,&quot;335551620&quot;:6,&quot;335559739&quot;:0,&quot;335559740&quot;:240}\">\u00a0<\/span><\/p>\n<p><span data-ccp-props=\"{&quot;201341983&quot;:0,&quot;335551550&quot;:6,&quot;335551620&quot;:6,&quot;335559739&quot;:0,&quot;335559740&quot;:240}\">\u00a0<\/span><\/p>\n<div class=\"td-post-content tagdiv-type\">\n<p><i>La informaci\u00f3n contenida en este bolet\u00edn de prensa corresponde a la narraci\u00f3n de los hechos noticiosos objetivos, suministrados por los funcionarios encargados de adelantar las investigaciones penales al interior de la Fiscal\u00eda General de la Naci\u00f3n. Para el momento de la divulgaci\u00f3n de este comunicado, la situaci\u00f3n jur\u00eddica de la(s) persona(s) relacionada(s) se encuentra pendiente de resolver por la autoridad judicial competente, siempre bajo los preceptos de la presunci\u00f3n de inocencia, consagrados en el art\u00edculo 29 de la Constituci\u00f3n Pol\u00edtica y el art\u00edculo 7\u00ba de la Ley 906 de 2004.\u00a0<\/i><\/p>\n<\/div>\n<footer>\n<div class=\"td-post-source-tags\"><\/div>\n<div class=\"td-post-sharing-bottom\"><\/div>\n<\/footer>\n\n<div class=\"twitter-share\"><a href=\"https:\/\/twitter.com\/intent\/tweet?via=fiscaliacol\" class=\"twitter-share-button\">Tweet<\/a><\/div>\n","protected":false},"excerpt":{"rendered":"<p>El jefe del ente investigador denunci\u00f3 que en las pr\u00f3ximas elecciones se pueden presentar casos, en algunos municipios, donde toda la poblaci\u00f3n vote por un candidato debido a presiones de grupos ilegales.\u00a0\u00a0 \u201cTenemos en la Fiscal\u00eda un mapa de riesgo electoral donde hay m\u00e1s o menos unos 261 municipios en riesgo alto, 494 en riesgo [&hellip;]<\/p>\n","protected":false},"author":178,"featured_media":0,"comment_status":"closed","ping_status":"open","sticky":false,"template":"","format":"standard","meta":{"tdm_status":"","tdm_grid_status":"","footnotes":""},"categories":[25128,24096,1],"tags":[33862,24188,1047],"class_list":{"0":"post-279291","1":"post","2":"type-post","3":"status-publish","4":"format-standard","6":"category-el-fiscal-en-los-territorios","7":"category-fiscal-general-de-la-nacion","8":"category-noticias","9":"tag-bogota-d-c","10":"tag-fiscal-francisco-barbosa","11":"tag-fiscalia-general-de-la-nacion"},"yoast_head":"<!-- This site is optimized with the Yoast SEO plugin v24.3 - https:\/\/yoast.com\/wordpress\/plugins\/seo\/ -->\n<title>Fiscal\u00eda General de la Naci\u00f3n<\/title>\n<meta name=\"description\" content=\"P\u00e1gina oficial de la Fiscal\u00eda General de la Naci\u00f3n \u2013 Colombia. Garantizamos el acceso efectivo a la justicia, la verdad y la reparaci\u00f3n de las v\u00edctimas de los delitos.\" \/>\n<meta name=\"robots\" content=\"noindex, follow\" \/>\n<meta property=\"og:locale\" content=\"es_ES\" \/>\n<meta property=\"og:type\" content=\"article\" \/>\n<meta property=\"og:title\" content=\"Fiscal\u00eda General de la Naci\u00f3n\" \/>\n<meta property=\"og:description\" content=\"P\u00e1gina oficial de la Fiscal\u00eda General de la Naci\u00f3n \u2013 Colombia. Garantizamos el acceso efectivo a la justicia, la verdad y la reparaci\u00f3n de las v\u00edctimas de los delitos.\" \/>\n<meta property=\"og:url\" content=\"https:\/\/www.fiscalia.gov.co\/colombia\/noticias\/estamos-ante-un-riesgo-electoral-en-donde-podemos-perder-el-estado-de-derecho-y-la-democracia-fiscal-francisco-barbosa-delgado\/\" \/>\n<meta property=\"og:site_name\" content=\"Fiscal\u00eda General de la Naci\u00f3n\" \/>\n<meta property=\"article:publisher\" content=\"https:\/\/www.facebook.com\/FiscaliaCol\" \/>\n<meta property=\"article:published_time\" content=\"2023-09-14T18:26:25+00:00\" \/>\n<meta property=\"article:modified_time\" content=\"2023-09-14T18:48:26+00:00\" \/>\n<meta name=\"author\" content=\"Winnie Geraldine Rodr\u00edguez Navarrete\" \/>\n<meta name=\"twitter:card\" content=\"summary_large_image\" \/>\n<meta name=\"twitter:creator\" content=\"@FiscaliaCol\" \/>\n<meta name=\"twitter:site\" content=\"@FiscaliaCol\" \/>\n<meta name=\"twitter:label1\" content=\"Escrito por\" \/>\n\t<meta name=\"twitter:data1\" content=\"Winnie Geraldine Rodr\u00edguez Navarrete\" \/>\n\t<meta name=\"twitter:label2\" content=\"Tiempo de lectura\" \/>\n\t<meta name=\"twitter:data2\" content=\"5 minutos\" \/>\n<script type=\"application\/ld+json\" class=\"yoast-schema-graph\">{\"@context\":\"https:\/\/schema.org\",\"@graph\":[{\"@type\":\"Article\",\"@id\":\"https:\/\/www.fiscalia.gov.co\/colombia\/noticias\/estamos-ante-un-riesgo-electoral-en-donde-podemos-perder-el-estado-de-derecho-y-la-democracia-fiscal-francisco-barbosa-delgado\/#article\",\"isPartOf\":{\"@id\":\"https:\/\/www.fiscalia.gov.co\/colombia\/noticias\/estamos-ante-un-riesgo-electoral-en-donde-podemos-perder-el-estado-de-derecho-y-la-democracia-fiscal-francisco-barbosa-delgado\/\"},\"author\":{\"name\":\"Winnie Geraldine Rodr\u00edguez Navarrete\",\"@id\":\"https:\/\/www.fiscalia.gov.co\/colombia\/#\/schema\/person\/176195b99ebab0a52aafa15197e1bf80\"},\"headline\":\"\u201cEstamos ante un riesgo electoral en donde podemos perder el Estado de Derecho y la democracia\u201d: Fiscal Francisco Barbosa Delgado\",\"datePublished\":\"2023-09-14T18:26:25+00:00\",\"dateModified\":\"2023-09-14T18:48:26+00:00\",\"mainEntityOfPage\":{\"@id\":\"https:\/\/www.fiscalia.gov.co\/colombia\/noticias\/estamos-ante-un-riesgo-electoral-en-donde-podemos-perder-el-estado-de-derecho-y-la-democracia-fiscal-francisco-barbosa-delgado\/\"},\"wordCount\":1055,\"publisher\":{\"@id\":\"https:\/\/www.fiscalia.gov.co\/colombia\/#organization\"},\"keywords\":[\"Bogot\u00e1 D.C.\",\"Fiscal Francisco Barbosa\",\"Fiscal\u00eda General de la Naci\u00f3n\"],\"articleSection\":[\"El Fiscal en los territorios\",\"Fiscal General de la Naci\u00f3n\",\"Noticias\"],\"inLanguage\":\"es-CO\"},{\"@type\":\"WebPage\",\"@id\":\"https:\/\/www.fiscalia.gov.co\/colombia\/noticias\/estamos-ante-un-riesgo-electoral-en-donde-podemos-perder-el-estado-de-derecho-y-la-democracia-fiscal-francisco-barbosa-delgado\/\",\"url\":\"https:\/\/www.fiscalia.gov.co\/colombia\/noticias\/estamos-ante-un-riesgo-electoral-en-donde-podemos-perder-el-estado-de-derecho-y-la-democracia-fiscal-francisco-barbosa-delgado\/\",\"name\":\"Fiscal\u00eda General de la Naci\u00f3n\",\"isPartOf\":{\"@id\":\"https:\/\/www.fiscalia.gov.co\/colombia\/#website\"},\"datePublished\":\"2023-09-14T18:26:25+00:00\",\"dateModified\":\"2023-09-14T18:48:26+00:00\",\"description\":\"P\u00e1gina oficial de la Fiscal\u00eda General de la Naci\u00f3n \u2013 Colombia. Garantizamos el acceso efectivo a la justicia, la verdad y la reparaci\u00f3n de las v\u00edctimas de los delitos.\",\"breadcrumb\":{\"@id\":\"https:\/\/www.fiscalia.gov.co\/colombia\/noticias\/estamos-ante-un-riesgo-electoral-en-donde-podemos-perder-el-estado-de-derecho-y-la-democracia-fiscal-francisco-barbosa-delgado\/#breadcrumb\"},\"inLanguage\":\"es-CO\",\"potentialAction\":[{\"@type\":\"ReadAction\",\"target\":[\"https:\/\/www.fiscalia.gov.co\/colombia\/noticias\/estamos-ante-un-riesgo-electoral-en-donde-podemos-perder-el-estado-de-derecho-y-la-democracia-fiscal-francisco-barbosa-delgado\/\"]}]},{\"@type\":\"BreadcrumbList\",\"@id\":\"https:\/\/www.fiscalia.gov.co\/colombia\/noticias\/estamos-ante-un-riesgo-electoral-en-donde-podemos-perder-el-estado-de-derecho-y-la-democracia-fiscal-francisco-barbosa-delgado\/#breadcrumb\",\"itemListElement\":[{\"@type\":\"ListItem\",\"position\":1,\"name\":\"Home\",\"item\":\"https:\/\/www.fiscalia.gov.co\/colombia\/\"},{\"@type\":\"ListItem\",\"position\":2,\"name\":\"\u201cEstamos ante un riesgo electoral en donde podemos perder el Estado de Derecho y la democracia\u201d: Fiscal Francisco Barbosa Delgado\"}]},{\"@type\":\"WebSite\",\"@id\":\"https:\/\/www.fiscalia.gov.co\/colombia\/#website\",\"url\":\"https:\/\/www.fiscalia.gov.co\/colombia\/\",\"name\":\"Fiscal\u00eda General de la Naci\u00f3n\",\"description\":\"P\u00e1gina oficial de la Fiscal\u00eda General de la Naci\u00f3n \u2013 Colombia. Garantizamos el acceso efectivo a la justicia, la verdad y la reparaci\u00f3n de las v\u00edctimas de los delitos.\",\"publisher\":{\"@id\":\"https:\/\/www.fiscalia.gov.co\/colombia\/#organization\"},\"potentialAction\":[{\"@type\":\"SearchAction\",\"target\":{\"@type\":\"EntryPoint\",\"urlTemplate\":\"https:\/\/www.fiscalia.gov.co\/colombia\/?s={search_term_string}\"},\"query-input\":{\"@type\":\"PropertyValueSpecification\",\"valueRequired\":true,\"valueName\":\"search_term_string\"}}],\"inLanguage\":\"es-CO\"},{\"@type\":\"Organization\",\"@id\":\"https:\/\/www.fiscalia.gov.co\/colombia\/#organization\",\"name\":\"Fiscal\u00eda General de la Naci\u00f3n\",\"url\":\"https:\/\/www.fiscalia.gov.co\/colombia\/\",\"logo\":{\"@type\":\"ImageObject\",\"inLanguage\":\"es-CO\",\"@id\":\"https:\/\/www.fiscalia.gov.co\/colombia\/#\/schema\/logo\/image\/\",\"url\":\"https:\/\/www.fiscalia.gov.co\/colombia\/wp-content\/uploads\/LogoHorizontal_1.jpg\",\"contentUrl\":\"https:\/\/www.fiscalia.gov.co\/colombia\/wp-content\/uploads\/LogoHorizontal_1.jpg\",\"width\":300,\"height\":90,\"caption\":\"Fiscal\u00eda General de la Naci\u00f3n\"},\"image\":{\"@id\":\"https:\/\/www.fiscalia.gov.co\/colombia\/#\/schema\/logo\/image\/\"},\"sameAs\":[\"https:\/\/www.facebook.com\/FiscaliaCol\",\"https:\/\/x.com\/FiscaliaCol\",\"https:\/\/www.instagram.com\/fiscaliacol\",\"https:\/\/www.linkedin.com\/company\/fiscalia-general-de-la-naci-n\/\",\"https:\/\/youtube.com\/@fiscaliageneraldelanacion-4668?si=6nN79nyQICPU5iTh\"]},{\"@type\":\"Person\",\"@id\":\"https:\/\/www.fiscalia.gov.co\/colombia\/#\/schema\/person\/176195b99ebab0a52aafa15197e1bf80\",\"name\":\"Winnie Geraldine Rodr\u00edguez Navarrete\",\"image\":{\"@type\":\"ImageObject\",\"inLanguage\":\"es-CO\",\"@id\":\"https:\/\/www.fiscalia.gov.co\/colombia\/#\/schema\/person\/image\/\",\"url\":\"https:\/\/secure.gravatar.com\/avatar\/c24cf8481dc84fa5e8c7b20bc95ab0c6?s=96&d=mm&r=g\",\"contentUrl\":\"https:\/\/secure.gravatar.com\/avatar\/c24cf8481dc84fa5e8c7b20bc95ab0c6?s=96&d=mm&r=g\",\"caption\":\"Winnie Geraldine Rodr\u00edguez Navarrete\"},\"url\":\"https:\/\/www.fiscalia.gov.co\/colombia\/author\/winnierodriguez\/\"}]}<\/script>\n<!-- \/ Yoast SEO plugin. -->","yoast_head_json":{"title":"Fiscal\u00eda General de la Naci\u00f3n","description":"P\u00e1gina oficial de la Fiscal\u00eda General de la Naci\u00f3n \u2013 Colombia. Garantizamos el acceso efectivo a la justicia, la verdad y la reparaci\u00f3n de las v\u00edctimas de los delitos.","robots":{"index":"noindex","follow":"follow"},"og_locale":"es_ES","og_type":"article","og_title":"Fiscal\u00eda General de la Naci\u00f3n","og_description":"P\u00e1gina oficial de la Fiscal\u00eda General de la Naci\u00f3n \u2013 Colombia. Garantizamos el acceso efectivo a la justicia, la verdad y la reparaci\u00f3n de las v\u00edctimas de los delitos.","og_url":"https:\/\/www.fiscalia.gov.co\/colombia\/noticias\/estamos-ante-un-riesgo-electoral-en-donde-podemos-perder-el-estado-de-derecho-y-la-democracia-fiscal-francisco-barbosa-delgado\/","og_site_name":"Fiscal\u00eda General de la Naci\u00f3n","article_publisher":"https:\/\/www.facebook.com\/FiscaliaCol","article_published_time":"2023-09-14T18:26:25+00:00","article_modified_time":"2023-09-14T18:48:26+00:00","author":"Winnie Geraldine Rodr\u00edguez Navarrete","twitter_card":"summary_large_image","twitter_creator":"@FiscaliaCol","twitter_site":"@FiscaliaCol","twitter_misc":{"Escrito por":"Winnie Geraldine Rodr\u00edguez Navarrete","Tiempo de lectura":"5 minutos"},"schema":{"@context":"https:\/\/schema.org","@graph":[{"@type":"Article","@id":"https:\/\/www.fiscalia.gov.co\/colombia\/noticias\/estamos-ante-un-riesgo-electoral-en-donde-podemos-perder-el-estado-de-derecho-y-la-democracia-fiscal-francisco-barbosa-delgado\/#article","isPartOf":{"@id":"https:\/\/www.fiscalia.gov.co\/colombia\/noticias\/estamos-ante-un-riesgo-electoral-en-donde-podemos-perder-el-estado-de-derecho-y-la-democracia-fiscal-francisco-barbosa-delgado\/"},"author":{"name":"Winnie Geraldine Rodr\u00edguez Navarrete","@id":"https:\/\/www.fiscalia.gov.co\/colombia\/#\/schema\/person\/176195b99ebab0a52aafa15197e1bf80"},"headline":"\u201cEstamos ante un riesgo electoral en donde podemos perder el Estado de Derecho y la democracia\u201d: Fiscal Francisco Barbosa Delgado","datePublished":"2023-09-14T18:26:25+00:00","dateModified":"2023-09-14T18:48:26+00:00","mainEntityOfPage":{"@id":"https:\/\/www.fiscalia.gov.co\/colombia\/noticias\/estamos-ante-un-riesgo-electoral-en-donde-podemos-perder-el-estado-de-derecho-y-la-democracia-fiscal-francisco-barbosa-delgado\/"},"wordCount":1055,"publisher":{"@id":"https:\/\/www.fiscalia.gov.co\/colombia\/#organization"},"keywords":["Bogot\u00e1 D.C.","Fiscal Francisco Barbosa","Fiscal\u00eda General de la Naci\u00f3n"],"articleSection":["El Fiscal en los territorios","Fiscal General de la Naci\u00f3n","Noticias"],"inLanguage":"es-CO"},{"@type":"WebPage","@id":"https:\/\/www.fiscalia.gov.co\/colombia\/noticias\/estamos-ante-un-riesgo-electoral-en-donde-podemos-perder-el-estado-de-derecho-y-la-democracia-fiscal-francisco-barbosa-delgado\/","url":"https:\/\/www.fiscalia.gov.co\/colombia\/noticias\/estamos-ante-un-riesgo-electoral-en-donde-podemos-perder-el-estado-de-derecho-y-la-democracia-fiscal-francisco-barbosa-delgado\/","name":"Fiscal\u00eda General de la Naci\u00f3n","isPartOf":{"@id":"https:\/\/www.fiscalia.gov.co\/colombia\/#website"},"datePublished":"2023-09-14T18:26:25+00:00","dateModified":"2023-09-14T18:48:26+00:00","description":"P\u00e1gina oficial de la Fiscal\u00eda General de la Naci\u00f3n \u2013 Colombia. Garantizamos el acceso efectivo a la justicia, la verdad y la reparaci\u00f3n de las v\u00edctimas de los delitos.","breadcrumb":{"@id":"https:\/\/www.fiscalia.gov.co\/colombia\/noticias\/estamos-ante-un-riesgo-electoral-en-donde-podemos-perder-el-estado-de-derecho-y-la-democracia-fiscal-francisco-barbosa-delgado\/#breadcrumb"},"inLanguage":"es-CO","potentialAction":[{"@type":"ReadAction","target":["https:\/\/www.fiscalia.gov.co\/colombia\/noticias\/estamos-ante-un-riesgo-electoral-en-donde-podemos-perder-el-estado-de-derecho-y-la-democracia-fiscal-francisco-barbosa-delgado\/"]}]},{"@type":"BreadcrumbList","@id":"https:\/\/www.fiscalia.gov.co\/colombia\/noticias\/estamos-ante-un-riesgo-electoral-en-donde-podemos-perder-el-estado-de-derecho-y-la-democracia-fiscal-francisco-barbosa-delgado\/#breadcrumb","itemListElement":[{"@type":"ListItem","position":1,"name":"Home","item":"https:\/\/www.fiscalia.gov.co\/colombia\/"},{"@type":"ListItem","position":2,"name":"\u201cEstamos ante un riesgo electoral en donde podemos perder el Estado de Derecho y la democracia\u201d: Fiscal Francisco Barbosa Delgado"}]},{"@type":"WebSite","@id":"https:\/\/www.fiscalia.gov.co\/colombia\/#website","url":"https:\/\/www.fiscalia.gov.co\/colombia\/","name":"Fiscal\u00eda General de la Naci\u00f3n","description":"P\u00e1gina oficial de la Fiscal\u00eda General de la Naci\u00f3n \u2013 Colombia. Garantizamos el acceso efectivo a la justicia, la verdad y la reparaci\u00f3n de las v\u00edctimas de los delitos.","publisher":{"@id":"https:\/\/www.fiscalia.gov.co\/colombia\/#organization"},"potentialAction":[{"@type":"SearchAction","target":{"@type":"EntryPoint","urlTemplate":"https:\/\/www.fiscalia.gov.co\/colombia\/?s={search_term_string}"},"query-input":{"@type":"PropertyValueSpecification","valueRequired":true,"valueName":"search_term_string"}}],"inLanguage":"es-CO"},{"@type":"Organization","@id":"https:\/\/www.fiscalia.gov.co\/colombia\/#organization","name":"Fiscal\u00eda General de la Naci\u00f3n","url":"https:\/\/www.fiscalia.gov.co\/colombia\/","logo":{"@type":"ImageObject","inLanguage":"es-CO","@id":"https:\/\/www.fiscalia.gov.co\/colombia\/#\/schema\/logo\/image\/","url":"https:\/\/www.fiscalia.gov.co\/colombia\/wp-content\/uploads\/LogoHorizontal_1.jpg","contentUrl":"https:\/\/www.fiscalia.gov.co\/colombia\/wp-content\/uploads\/LogoHorizontal_1.jpg","width":300,"height":90,"caption":"Fiscal\u00eda General de la Naci\u00f3n"},"image":{"@id":"https:\/\/www.fiscalia.gov.co\/colombia\/#\/schema\/logo\/image\/"},"sameAs":["https:\/\/www.facebook.com\/FiscaliaCol","https:\/\/x.com\/FiscaliaCol","https:\/\/www.instagram.com\/fiscaliacol","https:\/\/www.linkedin.com\/company\/fiscalia-general-de-la-naci-n\/","https:\/\/youtube.com\/@fiscaliageneraldelanacion-4668?si=6nN79nyQICPU5iTh"]},{"@type":"Person","@id":"https:\/\/www.fiscalia.gov.co\/colombia\/#\/schema\/person\/176195b99ebab0a52aafa15197e1bf80","name":"Winnie Geraldine Rodr\u00edguez Navarrete","image":{"@type":"ImageObject","inLanguage":"es-CO","@id":"https:\/\/www.fiscalia.gov.co\/colombia\/#\/schema\/person\/image\/","url":"https:\/\/secure.gravatar.com\/avatar\/c24cf8481dc84fa5e8c7b20bc95ab0c6?s=96&d=mm&r=g","contentUrl":"https:\/\/secure.gravatar.com\/avatar\/c24cf8481dc84fa5e8c7b20bc95ab0c6?s=96&d=mm&r=g","caption":"Winnie Geraldine Rodr\u00edguez Navarrete"},"url":"https:\/\/www.fiscalia.gov.co\/colombia\/author\/winnierodriguez\/"}]}},"_links":{"self":[{"href":"https:\/\/www.fiscalia.gov.co\/colombia\/wp-json\/wp\/v2\/posts\/279291","targetHints":{"allow":["GET"]}}],"collection":[{"href":"https:\/\/www.fiscalia.gov.co\/colombia\/wp-json\/wp\/v2\/posts"}],"about":[{"href":"https:\/\/www.fiscalia.gov.co\/colombia\/wp-json\/wp\/v2\/types\/post"}],"author":[{"embeddable":true,"href":"https:\/\/www.fiscalia.gov.co\/colombia\/wp-json\/wp\/v2\/users\/178"}],"replies":[{"embeddable":true,"href":"https:\/\/www.fiscalia.gov.co\/colombia\/wp-json\/wp\/v2\/comments?post=279291"}],"version-history":[{"count":9,"href":"https:\/\/www.fiscalia.gov.co\/colombia\/wp-json\/wp\/v2\/posts\/279291\/revisions"}],"predecessor-version":[{"id":279301,"href":"https:\/\/www.fiscalia.gov.co\/colombia\/wp-json\/wp\/v2\/posts\/279291\/revisions\/279301"}],"wp:attachment":[{"href":"https:\/\/www.fiscalia.gov.co\/colombia\/wp-json\/wp\/v2\/media?parent=279291"}],"wp:term":[{"taxonomy":"category","embeddable":true,"href":"https:\/\/www.fiscalia.gov.co\/colombia\/wp-json\/wp\/v2\/categories?post=279291"},{"taxonomy":"post_tag","embeddable":true,"href":"https:\/\/www.fiscalia.gov.co\/colombia\/wp-json\/wp\/v2\/tags?post=279291"}],"curies":[{"name":"wp","href":"https:\/\/api.w.org\/{rel}","templated":true}]}}