{"id":2786,"date":"2008-08-15T17:31:22","date_gmt":"2008-08-15T22:31:22","guid":{"rendered":"http:\/\/www.fiscalia.gov.co\/colombia\/?p=2786"},"modified":"2012-06-06T14:23:29","modified_gmt":"2012-06-06T19:23:29","slug":"a-juicio-el-ex-asesor-vladimiro-montesinos-y-48-personas-mas-por-los-diez-mil-fusiles-para-las-farc-2","status":"publish","type":"post","link":"https:\/\/www.fiscalia.gov.co\/colombia\/noticias\/a-juicio-el-ex-asesor-vladimiro-montesinos-y-48-personas-mas-por-los-diez-mil-fusiles-para-las-farc-2\/","title":{"rendered":"A juicio el ex asesor Vladimiro Montesinos, y 48 personas m\u00e1s por los diez mil fusiles para las Farc"},"content":{"rendered":"<p>La Fiscal\u00eda General profiri\u00f3 resoluci\u00f3n de acusaci\u00f3n en contra 48 personas, entre ellas el ex asesor presidencial peruano Vladimiro Montesinos Torres, los miembros de la c\u00fapula de las Farc, comandantes de frentes de esa guerrilla, y peruanos, rusos, y libaneses, por el tr\u00e1fico de diez mil fusiles AKM-47 adquiridos en Jordania, que fueron lanzados en paraca\u00eddas sobre las selvas colombianas para ese grupo insurgente.<\/p>\n<p>La decisi\u00f3n judicial fue adoptada por un fiscal de la Unidad Nacional Antiterrorismo, quien acopi\u00f3 pruebas testimoniales, t\u00e9cnicas y periciales para acusar a Montesinos Torres como presunto responsable de concierto para delinquir y tr\u00e1fico de armas de uso privativo de las Fuerzas Armadas.<\/p>\n<p>Por esos delitos tambi\u00e9n est\u00e1n acusados Pedro Antonio Mar\u00edn, alias &#8216;Manuel Marulanda V\u00e9lez&#8217;; Luis Edgar Devia Silva, Guillermo Le\u00f3n S\u00e1enz Vargas, Luciano Mar\u00edn, Tom\u00e1s Medina Caracas, entre otros subversivos. Igualmente, ser\u00e1n enjuiciados Sarkis Sorghan Norian, Charles Acelor Cokeran, V\u00edctor Ivaniche, Luis Frank Aybar Cancho, Jos\u00e9 Luis Aybar Cancho, Manuel L\u00f3pez Rodr\u00edguez, Santos Cenepo, Gregorio Quino, y Alejandro Delmar Colina.<\/p>\n<p>As\u00ed mismo, por el delito de tr\u00e1fico de armas de uso privativo de las Fuerzas Armadas est\u00e1n acusados Dimitri Nafikov, Ernest Sevostianov, Iouri Kaian, Borys Tymofeyep, Vyacheskav Zaryrdayev, Yevgen Napochatov, y Anatoli Galushko, entre otros ciudadanos rusos.<\/p>\n<p>De acuerdo con la investigaci\u00f3n, los procesados integraban una organizaci\u00f3n dedicada al tr\u00e1fico internacional de armas y entre marzo de 1999 y agosto de ese a\u00f1o, coordinaron cuatro vuelos para efectuar el lanzamiento de las armas en zona de Barrancominas (Vichada).<\/p>\n<p>Seg\u00fan lo establecido en 1988, Jos\u00e9 y Luis Frank Aybar Cancho por indicaciones, presuntamente, de Montesinos contactaron por medio del narcotraficante brasile\u00f1o Fernando Da Costa, alias  &#8216;Fernandinho&#8217;, a Medina Caracas, alias &#8216;El Negro Acacio&#8217;, jefe del frente 16 de las Farc, con quien pactaron la compra de los fusiles.  <\/p>\n<p>Acelor Cokeran, franco-americano, permiti\u00f3 el contracto de los Aybar con el liban\u00e9s Sarkis Shoganalian, quien se ofreci\u00f3 para conseguir las armas del Gobierno jordano. Luego Jos\u00e9 Aybar Cancho y Santos Cenepa se hicieron pasar ante las autoridades jornadas como oficiales activos del Ej\u00e9rcito peruano para suscribir la transacci\u00f3n destinada, supuestamente, a proveer con ese material b\u00e9lico a las fuerzas militares del Per\u00fa.<\/p>\n\n<div class=\"twitter-share\"><a href=\"https:\/\/twitter.com\/intent\/tweet?via=fiscaliacol\" class=\"twitter-share-button\">Tweet<\/a><\/div>\n","protected":false},"excerpt":{"rendered":"<p>La Fiscal\u00eda General profiri\u00f3 resoluci\u00f3n de acusaci\u00f3n en contra 48 personas, entre ellas el ex asesor presidencial peruano Vladimiro Montesinos Torres, los miembros de la c\u00fapula de las Farc, comandantes de frentes de esa guerrilla, y peruanos, rusos, y libaneses, por el tr\u00e1fico de diez mil fusiles AKM-47 adquiridos en Jordania, que fueron lanzados en [&hellip;]<\/p>\n","protected":false},"author":143,"featured_media":0,"comment_status":"open","ping_status":"open","sticky":false,"template":"","format":"standard","meta":{"tdm_status":"","tdm_grid_status":"","footnotes":""},"categories":[1],"tags":[23821],"class_list":{"0":"post-2786","1":"post","2":"type-post","3":"status-publish","4":"format-standard","6":"category-noticias","7":"tag-bogota"},"yoast_head":"<!-- This site is optimized with the Yoast SEO plugin v24.3 - https:\/\/yoast.com\/wordpress\/plugins\/seo\/ -->\n<title>Fiscal\u00eda General de la Naci\u00f3n<\/title>\n<meta name=\"description\" content=\"P\u00e1gina oficial de la Fiscal\u00eda General de la Naci\u00f3n \u2013 Colombia. Garantizamos el acceso efectivo a la justicia, la verdad y la reparaci\u00f3n de las v\u00edctimas de los delitos.\" \/>\n<meta name=\"robots\" content=\"noindex, follow\" \/>\n<meta property=\"og:locale\" content=\"es_ES\" \/>\n<meta property=\"og:type\" content=\"article\" \/>\n<meta property=\"og:title\" content=\"Fiscal\u00eda General de la Naci\u00f3n\" \/>\n<meta property=\"og:description\" content=\"P\u00e1gina oficial de la Fiscal\u00eda General de la Naci\u00f3n \u2013 Colombia. Garantizamos el acceso efectivo a la justicia, la verdad y la reparaci\u00f3n de las v\u00edctimas de los delitos.\" \/>\n<meta property=\"og:url\" content=\"https:\/\/www.fiscalia.gov.co\/colombia\/noticias\/a-juicio-el-ex-asesor-vladimiro-montesinos-y-48-personas-mas-por-los-diez-mil-fusiles-para-las-farc-2\/\" \/>\n<meta property=\"og:site_name\" content=\"Fiscal\u00eda General de la Naci\u00f3n\" \/>\n<meta property=\"article:publisher\" content=\"https:\/\/www.facebook.com\/FiscaliaCol\" \/>\n<meta property=\"article:published_time\" content=\"2008-08-15T22:31:22+00:00\" \/>\n<meta property=\"article:modified_time\" content=\"2012-06-06T19:23:29+00:00\" \/>\n<meta name=\"author\" content=\"dfgordillo\" \/>\n<meta name=\"twitter:card\" content=\"summary_large_image\" \/>\n<meta name=\"twitter:creator\" content=\"@FiscaliaCol\" \/>\n<meta name=\"twitter:site\" content=\"@FiscaliaCol\" \/>\n<meta name=\"twitter:label1\" content=\"Escrito por\" \/>\n\t<meta name=\"twitter:data1\" content=\"dfgordillo\" \/>\n\t<meta name=\"twitter:label2\" content=\"Tiempo de lectura\" \/>\n\t<meta name=\"twitter:data2\" content=\"2 minutos\" \/>\n<script type=\"application\/ld+json\" class=\"yoast-schema-graph\">{\"@context\":\"https:\/\/schema.org\",\"@graph\":[{\"@type\":\"Article\",\"@id\":\"https:\/\/www.fiscalia.gov.co\/colombia\/noticias\/a-juicio-el-ex-asesor-vladimiro-montesinos-y-48-personas-mas-por-los-diez-mil-fusiles-para-las-farc-2\/#article\",\"isPartOf\":{\"@id\":\"https:\/\/www.fiscalia.gov.co\/colombia\/noticias\/a-juicio-el-ex-asesor-vladimiro-montesinos-y-48-personas-mas-por-los-diez-mil-fusiles-para-las-farc-2\/\"},\"author\":{\"name\":\"dfgordillo\",\"@id\":\"https:\/\/www.fiscalia.gov.co\/colombia\/#\/schema\/person\/3903856a3ce2d54b094c69eb29247895\"},\"headline\":\"A juicio el ex asesor Vladimiro Montesinos, y 48 personas m\u00e1s por los diez mil fusiles para las Farc\",\"datePublished\":\"2008-08-15T22:31:22+00:00\",\"dateModified\":\"2012-06-06T19:23:29+00:00\",\"mainEntityOfPage\":{\"@id\":\"https:\/\/www.fiscalia.gov.co\/colombia\/noticias\/a-juicio-el-ex-asesor-vladimiro-montesinos-y-48-personas-mas-por-los-diez-mil-fusiles-para-las-farc-2\/\"},\"wordCount\":403,\"commentCount\":0,\"publisher\":{\"@id\":\"https:\/\/www.fiscalia.gov.co\/colombia\/#organization\"},\"keywords\":[\"Bogot\u00e1\"],\"articleSection\":[\"Noticias\"],\"inLanguage\":\"es-CO\",\"potentialAction\":[{\"@type\":\"CommentAction\",\"name\":\"Comment\",\"target\":[\"https:\/\/www.fiscalia.gov.co\/colombia\/noticias\/a-juicio-el-ex-asesor-vladimiro-montesinos-y-48-personas-mas-por-los-diez-mil-fusiles-para-las-farc-2\/#respond\"]}]},{\"@type\":\"WebPage\",\"@id\":\"https:\/\/www.fiscalia.gov.co\/colombia\/noticias\/a-juicio-el-ex-asesor-vladimiro-montesinos-y-48-personas-mas-por-los-diez-mil-fusiles-para-las-farc-2\/\",\"url\":\"https:\/\/www.fiscalia.gov.co\/colombia\/noticias\/a-juicio-el-ex-asesor-vladimiro-montesinos-y-48-personas-mas-por-los-diez-mil-fusiles-para-las-farc-2\/\",\"name\":\"Fiscal\u00eda General de la Naci\u00f3n\",\"isPartOf\":{\"@id\":\"https:\/\/www.fiscalia.gov.co\/colombia\/#website\"},\"datePublished\":\"2008-08-15T22:31:22+00:00\",\"dateModified\":\"2012-06-06T19:23:29+00:00\",\"description\":\"P\u00e1gina oficial de la Fiscal\u00eda General de la Naci\u00f3n \u2013 Colombia. Garantizamos el acceso efectivo a la justicia, la verdad y la reparaci\u00f3n de las v\u00edctimas de los delitos.\",\"breadcrumb\":{\"@id\":\"https:\/\/www.fiscalia.gov.co\/colombia\/noticias\/a-juicio-el-ex-asesor-vladimiro-montesinos-y-48-personas-mas-por-los-diez-mil-fusiles-para-las-farc-2\/#breadcrumb\"},\"inLanguage\":\"es-CO\",\"potentialAction\":[{\"@type\":\"ReadAction\",\"target\":[\"https:\/\/www.fiscalia.gov.co\/colombia\/noticias\/a-juicio-el-ex-asesor-vladimiro-montesinos-y-48-personas-mas-por-los-diez-mil-fusiles-para-las-farc-2\/\"]}]},{\"@type\":\"BreadcrumbList\",\"@id\":\"https:\/\/www.fiscalia.gov.co\/colombia\/noticias\/a-juicio-el-ex-asesor-vladimiro-montesinos-y-48-personas-mas-por-los-diez-mil-fusiles-para-las-farc-2\/#breadcrumb\",\"itemListElement\":[{\"@type\":\"ListItem\",\"position\":1,\"name\":\"Home\",\"item\":\"https:\/\/www.fiscalia.gov.co\/colombia\/\"},{\"@type\":\"ListItem\",\"position\":2,\"name\":\"A juicio el ex asesor Vladimiro Montesinos, y 48 personas m\u00e1s por los diez mil fusiles para las Farc\"}]},{\"@type\":\"WebSite\",\"@id\":\"https:\/\/www.fiscalia.gov.co\/colombia\/#website\",\"url\":\"https:\/\/www.fiscalia.gov.co\/colombia\/\",\"name\":\"Fiscal\u00eda General de la Naci\u00f3n\",\"description\":\"P\u00e1gina oficial de la Fiscal\u00eda General de la Naci\u00f3n \u2013 Colombia. Garantizamos el acceso efectivo a la justicia, la verdad y la reparaci\u00f3n de las v\u00edctimas de los delitos.\",\"publisher\":{\"@id\":\"https:\/\/www.fiscalia.gov.co\/colombia\/#organization\"},\"potentialAction\":[{\"@type\":\"SearchAction\",\"target\":{\"@type\":\"EntryPoint\",\"urlTemplate\":\"https:\/\/www.fiscalia.gov.co\/colombia\/?s={search_term_string}\"},\"query-input\":{\"@type\":\"PropertyValueSpecification\",\"valueRequired\":true,\"valueName\":\"search_term_string\"}}],\"inLanguage\":\"es-CO\"},{\"@type\":\"Organization\",\"@id\":\"https:\/\/www.fiscalia.gov.co\/colombia\/#organization\",\"name\":\"Fiscal\u00eda General de la Naci\u00f3n\",\"url\":\"https:\/\/www.fiscalia.gov.co\/colombia\/\",\"logo\":{\"@type\":\"ImageObject\",\"inLanguage\":\"es-CO\",\"@id\":\"https:\/\/www.fiscalia.gov.co\/colombia\/#\/schema\/logo\/image\/\",\"url\":\"https:\/\/www.fiscalia.gov.co\/colombia\/wp-content\/uploads\/LogoHorizontal_1.jpg\",\"contentUrl\":\"https:\/\/www.fiscalia.gov.co\/colombia\/wp-content\/uploads\/LogoHorizontal_1.jpg\",\"width\":300,\"height\":90,\"caption\":\"Fiscal\u00eda General de la Naci\u00f3n\"},\"image\":{\"@id\":\"https:\/\/www.fiscalia.gov.co\/colombia\/#\/schema\/logo\/image\/\"},\"sameAs\":[\"https:\/\/www.facebook.com\/FiscaliaCol\",\"https:\/\/x.com\/FiscaliaCol\",\"https:\/\/www.instagram.com\/fiscaliacol\",\"https:\/\/www.linkedin.com\/company\/fiscalia-general-de-la-naci-n\/\",\"https:\/\/youtube.com\/@fiscaliageneraldelanacion-4668?si=6nN79nyQICPU5iTh\"]},{\"@type\":\"Person\",\"@id\":\"https:\/\/www.fiscalia.gov.co\/colombia\/#\/schema\/person\/3903856a3ce2d54b094c69eb29247895\",\"name\":\"dfgordillo\",\"image\":{\"@type\":\"ImageObject\",\"inLanguage\":\"es-CO\",\"@id\":\"https:\/\/www.fiscalia.gov.co\/colombia\/#\/schema\/person\/image\/\",\"url\":\"https:\/\/secure.gravatar.com\/avatar\/b6356e21c5657c60757fe6fb9493e947?s=96&d=mm&r=g\",\"contentUrl\":\"https:\/\/secure.gravatar.com\/avatar\/b6356e21c5657c60757fe6fb9493e947?s=96&d=mm&r=g\",\"caption\":\"dfgordillo\"},\"sameAs\":[\"dfgordillo\"],\"url\":\"https:\/\/www.fiscalia.gov.co\/colombia\/author\/dfgordillo\/\"}]}<\/script>\n<!-- \/ Yoast SEO plugin. -->","yoast_head_json":{"title":"Fiscal\u00eda General de la Naci\u00f3n","description":"P\u00e1gina oficial de la Fiscal\u00eda General de la Naci\u00f3n \u2013 Colombia. Garantizamos el acceso efectivo a la justicia, la verdad y la reparaci\u00f3n de las v\u00edctimas de los delitos.","robots":{"index":"noindex","follow":"follow"},"og_locale":"es_ES","og_type":"article","og_title":"Fiscal\u00eda General de la Naci\u00f3n","og_description":"P\u00e1gina oficial de la Fiscal\u00eda General de la Naci\u00f3n \u2013 Colombia. Garantizamos el acceso efectivo a la justicia, la verdad y la reparaci\u00f3n de las v\u00edctimas de los delitos.","og_url":"https:\/\/www.fiscalia.gov.co\/colombia\/noticias\/a-juicio-el-ex-asesor-vladimiro-montesinos-y-48-personas-mas-por-los-diez-mil-fusiles-para-las-farc-2\/","og_site_name":"Fiscal\u00eda General de la Naci\u00f3n","article_publisher":"https:\/\/www.facebook.com\/FiscaliaCol","article_published_time":"2008-08-15T22:31:22+00:00","article_modified_time":"2012-06-06T19:23:29+00:00","author":"dfgordillo","twitter_card":"summary_large_image","twitter_creator":"@FiscaliaCol","twitter_site":"@FiscaliaCol","twitter_misc":{"Escrito por":"dfgordillo","Tiempo de lectura":"2 minutos"},"schema":{"@context":"https:\/\/schema.org","@graph":[{"@type":"Article","@id":"https:\/\/www.fiscalia.gov.co\/colombia\/noticias\/a-juicio-el-ex-asesor-vladimiro-montesinos-y-48-personas-mas-por-los-diez-mil-fusiles-para-las-farc-2\/#article","isPartOf":{"@id":"https:\/\/www.fiscalia.gov.co\/colombia\/noticias\/a-juicio-el-ex-asesor-vladimiro-montesinos-y-48-personas-mas-por-los-diez-mil-fusiles-para-las-farc-2\/"},"author":{"name":"dfgordillo","@id":"https:\/\/www.fiscalia.gov.co\/colombia\/#\/schema\/person\/3903856a3ce2d54b094c69eb29247895"},"headline":"A juicio el ex asesor Vladimiro Montesinos, y 48 personas m\u00e1s por los diez mil fusiles para las Farc","datePublished":"2008-08-15T22:31:22+00:00","dateModified":"2012-06-06T19:23:29+00:00","mainEntityOfPage":{"@id":"https:\/\/www.fiscalia.gov.co\/colombia\/noticias\/a-juicio-el-ex-asesor-vladimiro-montesinos-y-48-personas-mas-por-los-diez-mil-fusiles-para-las-farc-2\/"},"wordCount":403,"commentCount":0,"publisher":{"@id":"https:\/\/www.fiscalia.gov.co\/colombia\/#organization"},"keywords":["Bogot\u00e1"],"articleSection":["Noticias"],"inLanguage":"es-CO","potentialAction":[{"@type":"CommentAction","name":"Comment","target":["https:\/\/www.fiscalia.gov.co\/colombia\/noticias\/a-juicio-el-ex-asesor-vladimiro-montesinos-y-48-personas-mas-por-los-diez-mil-fusiles-para-las-farc-2\/#respond"]}]},{"@type":"WebPage","@id":"https:\/\/www.fiscalia.gov.co\/colombia\/noticias\/a-juicio-el-ex-asesor-vladimiro-montesinos-y-48-personas-mas-por-los-diez-mil-fusiles-para-las-farc-2\/","url":"https:\/\/www.fiscalia.gov.co\/colombia\/noticias\/a-juicio-el-ex-asesor-vladimiro-montesinos-y-48-personas-mas-por-los-diez-mil-fusiles-para-las-farc-2\/","name":"Fiscal\u00eda General de la Naci\u00f3n","isPartOf":{"@id":"https:\/\/www.fiscalia.gov.co\/colombia\/#website"},"datePublished":"2008-08-15T22:31:22+00:00","dateModified":"2012-06-06T19:23:29+00:00","description":"P\u00e1gina oficial de la Fiscal\u00eda General de la Naci\u00f3n \u2013 Colombia. Garantizamos el acceso efectivo a la justicia, la verdad y la reparaci\u00f3n de las v\u00edctimas de los delitos.","breadcrumb":{"@id":"https:\/\/www.fiscalia.gov.co\/colombia\/noticias\/a-juicio-el-ex-asesor-vladimiro-montesinos-y-48-personas-mas-por-los-diez-mil-fusiles-para-las-farc-2\/#breadcrumb"},"inLanguage":"es-CO","potentialAction":[{"@type":"ReadAction","target":["https:\/\/www.fiscalia.gov.co\/colombia\/noticias\/a-juicio-el-ex-asesor-vladimiro-montesinos-y-48-personas-mas-por-los-diez-mil-fusiles-para-las-farc-2\/"]}]},{"@type":"BreadcrumbList","@id":"https:\/\/www.fiscalia.gov.co\/colombia\/noticias\/a-juicio-el-ex-asesor-vladimiro-montesinos-y-48-personas-mas-por-los-diez-mil-fusiles-para-las-farc-2\/#breadcrumb","itemListElement":[{"@type":"ListItem","position":1,"name":"Home","item":"https:\/\/www.fiscalia.gov.co\/colombia\/"},{"@type":"ListItem","position":2,"name":"A juicio el ex asesor Vladimiro Montesinos, y 48 personas m\u00e1s por los diez mil fusiles para las Farc"}]},{"@type":"WebSite","@id":"https:\/\/www.fiscalia.gov.co\/colombia\/#website","url":"https:\/\/www.fiscalia.gov.co\/colombia\/","name":"Fiscal\u00eda General de la Naci\u00f3n","description":"P\u00e1gina oficial de la Fiscal\u00eda General de la Naci\u00f3n \u2013 Colombia. Garantizamos el acceso efectivo a la justicia, la verdad y la reparaci\u00f3n de las v\u00edctimas de los delitos.","publisher":{"@id":"https:\/\/www.fiscalia.gov.co\/colombia\/#organization"},"potentialAction":[{"@type":"SearchAction","target":{"@type":"EntryPoint","urlTemplate":"https:\/\/www.fiscalia.gov.co\/colombia\/?s={search_term_string}"},"query-input":{"@type":"PropertyValueSpecification","valueRequired":true,"valueName":"search_term_string"}}],"inLanguage":"es-CO"},{"@type":"Organization","@id":"https:\/\/www.fiscalia.gov.co\/colombia\/#organization","name":"Fiscal\u00eda General de la Naci\u00f3n","url":"https:\/\/www.fiscalia.gov.co\/colombia\/","logo":{"@type":"ImageObject","inLanguage":"es-CO","@id":"https:\/\/www.fiscalia.gov.co\/colombia\/#\/schema\/logo\/image\/","url":"https:\/\/www.fiscalia.gov.co\/colombia\/wp-content\/uploads\/LogoHorizontal_1.jpg","contentUrl":"https:\/\/www.fiscalia.gov.co\/colombia\/wp-content\/uploads\/LogoHorizontal_1.jpg","width":300,"height":90,"caption":"Fiscal\u00eda General de la Naci\u00f3n"},"image":{"@id":"https:\/\/www.fiscalia.gov.co\/colombia\/#\/schema\/logo\/image\/"},"sameAs":["https:\/\/www.facebook.com\/FiscaliaCol","https:\/\/x.com\/FiscaliaCol","https:\/\/www.instagram.com\/fiscaliacol","https:\/\/www.linkedin.com\/company\/fiscalia-general-de-la-naci-n\/","https:\/\/youtube.com\/@fiscaliageneraldelanacion-4668?si=6nN79nyQICPU5iTh"]},{"@type":"Person","@id":"https:\/\/www.fiscalia.gov.co\/colombia\/#\/schema\/person\/3903856a3ce2d54b094c69eb29247895","name":"dfgordillo","image":{"@type":"ImageObject","inLanguage":"es-CO","@id":"https:\/\/www.fiscalia.gov.co\/colombia\/#\/schema\/person\/image\/","url":"https:\/\/secure.gravatar.com\/avatar\/b6356e21c5657c60757fe6fb9493e947?s=96&d=mm&r=g","contentUrl":"https:\/\/secure.gravatar.com\/avatar\/b6356e21c5657c60757fe6fb9493e947?s=96&d=mm&r=g","caption":"dfgordillo"},"sameAs":["dfgordillo"],"url":"https:\/\/www.fiscalia.gov.co\/colombia\/author\/dfgordillo\/"}]}},"_links":{"self":[{"href":"https:\/\/www.fiscalia.gov.co\/colombia\/wp-json\/wp\/v2\/posts\/2786","targetHints":{"allow":["GET"]}}],"collection":[{"href":"https:\/\/www.fiscalia.gov.co\/colombia\/wp-json\/wp\/v2\/posts"}],"about":[{"href":"https:\/\/www.fiscalia.gov.co\/colombia\/wp-json\/wp\/v2\/types\/post"}],"author":[{"embeddable":true,"href":"https:\/\/www.fiscalia.gov.co\/colombia\/wp-json\/wp\/v2\/users\/143"}],"replies":[{"embeddable":true,"href":"https:\/\/www.fiscalia.gov.co\/colombia\/wp-json\/wp\/v2\/comments?post=2786"}],"version-history":[{"count":1,"href":"https:\/\/www.fiscalia.gov.co\/colombia\/wp-json\/wp\/v2\/posts\/2786\/revisions"}],"predecessor-version":[{"id":18893,"href":"https:\/\/www.fiscalia.gov.co\/colombia\/wp-json\/wp\/v2\/posts\/2786\/revisions\/18893"}],"wp:attachment":[{"href":"https:\/\/www.fiscalia.gov.co\/colombia\/wp-json\/wp\/v2\/media?parent=2786"}],"wp:term":[{"taxonomy":"category","embeddable":true,"href":"https:\/\/www.fiscalia.gov.co\/colombia\/wp-json\/wp\/v2\/categories?post=2786"},{"taxonomy":"post_tag","embeddable":true,"href":"https:\/\/www.fiscalia.gov.co\/colombia\/wp-json\/wp\/v2\/tags?post=2786"}],"curies":[{"name":"wp","href":"https:\/\/api.w.org\/{rel}","templated":true}]}}