{"id":278306,"date":"2023-09-04T16:12:55","date_gmt":"2023-09-04T21:12:55","guid":{"rendered":"https:\/\/www.fiscalia.gov.co\/colombia\/?p=278306"},"modified":"2023-09-15T12:31:18","modified_gmt":"2023-09-15T17:31:18","slug":"fiscalia-en-huila-logra-condenas-por-tres-asesinatos-y-una-tentativa-de-homicidio","status":"publish","type":"post","link":"https:\/\/www.fiscalia.gov.co\/colombia\/hay-justicia\/fiscalia-en-huila-logra-condenas-por-tres-asesinatos-y-una-tentativa-de-homicidio\/","title":{"rendered":"Fiscal\u00eda en Huila logra condenas por tres asesinatos y una tentativa de homicidio"},"content":{"rendered":"<h4><strong><em>Los hechos que motivaron las condenas ocurrieron de manera aislada.<\/em><\/strong><\/h4>\n<p>La Fiscal\u00eda General de la Naci\u00f3n, a trav\u00e9s de un despacho seccional de la Unidad de Vida en Huila logr\u00f3 tres condenas por homicidio y una sentencia m\u00e1s por la tentativa de homicidio de un docente. Se trata de hechos ocurridos de manera independiente.<\/p>\n<ul>\n<li>La primera condena cobija a Juan Carlos Buesaquillo Torres, quien fue sentenciado a 11 a\u00f1os de prisi\u00f3n por haber atendado contra el profesor V\u00edctor F\u00e9lix Vargas. Los hechos ocurrieron el pasado 12 de febrero cuando el docente estaba en un establecimiento p\u00fablico de La v\u00edctima fue herida con un arma blanca que le caus\u00f3 una hemorragia interna que oblig\u00f3 su intervenci\u00f3n m\u00e9dica de urgencia. Buesaquillo fue retenido por la comunidad y entregado a la Polic\u00eda Nacional. En poder del sentenciado fue encontrada el arma utilizada durante el ataque. La Fiscal\u00eda lo proces\u00f3 por tentativa de homicidio agravado.\n<figure id=\"attachment_278307\" aria-describedby=\"caption-attachment-278307\" style=\"width: 768px\" class=\"wp-caption aligncenter\"><img loading=\"lazy\" decoding=\"async\" class=\"size-full wp-image-278307\" src=\"https:\/\/www.fiscalia.gov.co\/colombia\/wp-content\/uploads\/JUAN-CARLOS-BUESAQUILLO-TORRES-tentativa-de-homicido-profesor.jpeg\" alt=\"En la imagen se ve una persona detenida bajo custodia de dos uniformados de la Polic\u00eda Nacional. Detr\u00e1s suyo un backing institucional.\" width=\"768\" height=\"576\" srcset=\"https:\/\/www.fiscalia.gov.co\/colombia\/wp-content\/uploads\/JUAN-CARLOS-BUESAQUILLO-TORRES-tentativa-de-homicido-profesor.jpeg 768w, https:\/\/www.fiscalia.gov.co\/colombia\/wp-content\/uploads\/JUAN-CARLOS-BUESAQUILLO-TORRES-tentativa-de-homicido-profesor-300x225.jpeg 300w, https:\/\/www.fiscalia.gov.co\/colombia\/wp-content\/uploads\/JUAN-CARLOS-BUESAQUILLO-TORRES-tentativa-de-homicido-profesor-696x522.jpeg 696w, https:\/\/www.fiscalia.gov.co\/colombia\/wp-content\/uploads\/JUAN-CARLOS-BUESAQUILLO-TORRES-tentativa-de-homicido-profesor-560x420.jpeg 560w, https:\/\/www.fiscalia.gov.co\/colombia\/wp-content\/uploads\/JUAN-CARLOS-BUESAQUILLO-TORRES-tentativa-de-homicido-profesor-80x60.jpeg 80w, https:\/\/www.fiscalia.gov.co\/colombia\/wp-content\/uploads\/JUAN-CARLOS-BUESAQUILLO-TORRES-tentativa-de-homicido-profesor-265x198.jpeg 265w\" sizes=\"auto, (max-width: 768px) 100vw, 768px\" \/><figcaption id=\"caption-attachment-278307\" class=\"wp-caption-text\">Juan Carlos Buesaquillo Torres, condenado a 11 a\u00f1os de prisi\u00f3n por homicidio tentado de un docente.<\/figcaption><\/figure><\/li>\n<li>El segundo fallo judicial implica a Jos\u00e9 Aleider Penagos Bravo, quien fue condenado a 17 a\u00f1os y 4 meses de prisi\u00f3n por el delito de homicidio Los hechos ocurrieron el pasado 26 de marzo en el barrio Las Palmas de Neiva. Penagos agredi\u00f3 a Leonardo Eli Pe\u00f1a M\u00e9ndez cuando se encontraba en compa\u00f1\u00eda de una mujer. La v\u00edctima falleci\u00f3 en un centro asistencial.<\/li>\n<\/ul>\n<figure id=\"attachment_278308\" aria-describedby=\"caption-attachment-278308\" style=\"width: 696px\" class=\"wp-caption aligncenter\"><img loading=\"lazy\" decoding=\"async\" class=\"size-large wp-image-278308\" src=\"https:\/\/www.fiscalia.gov.co\/colombia\/wp-content\/uploads\/JOSE-ALEIDER-PENAGOS-BRAVO-homicidoi-neiva-2-1024x754.jpeg\" alt=\" en la imagen se ve una persona detenida en custodia de dos uniformados de la Polic\u00eda Nacional. Detr\u00e1s suyo un backing institucional.\" width=\"696\" height=\"512\" srcset=\"https:\/\/www.fiscalia.gov.co\/colombia\/wp-content\/uploads\/JOSE-ALEIDER-PENAGOS-BRAVO-homicidoi-neiva-2-1024x754.jpeg 1024w, https:\/\/www.fiscalia.gov.co\/colombia\/wp-content\/uploads\/JOSE-ALEIDER-PENAGOS-BRAVO-homicidoi-neiva-2-300x221.jpeg 300w, https:\/\/www.fiscalia.gov.co\/colombia\/wp-content\/uploads\/JOSE-ALEIDER-PENAGOS-BRAVO-homicidoi-neiva-2-768x566.jpeg 768w, https:\/\/www.fiscalia.gov.co\/colombia\/wp-content\/uploads\/JOSE-ALEIDER-PENAGOS-BRAVO-homicidoi-neiva-2-696x513.jpeg 696w, https:\/\/www.fiscalia.gov.co\/colombia\/wp-content\/uploads\/JOSE-ALEIDER-PENAGOS-BRAVO-homicidoi-neiva-2-1068x787.jpeg 1068w, https:\/\/www.fiscalia.gov.co\/colombia\/wp-content\/uploads\/JOSE-ALEIDER-PENAGOS-BRAVO-homicidoi-neiva-2-570x420.jpeg 570w, https:\/\/www.fiscalia.gov.co\/colombia\/wp-content\/uploads\/JOSE-ALEIDER-PENAGOS-BRAVO-homicidoi-neiva-2-80x60.jpeg 80w, https:\/\/www.fiscalia.gov.co\/colombia\/wp-content\/uploads\/JOSE-ALEIDER-PENAGOS-BRAVO-homicidoi-neiva-2.jpeg 1390w\" sizes=\"auto, (max-width: 696px) 100vw, 696px\" \/><figcaption id=\"caption-attachment-278308\" class=\"wp-caption-text\">Jos\u00e9 Aleider Penagos Bravo, condenado a 17 a\u00f1os y 4 meses de prisi\u00f3n por el delito de homicidio agravado.<\/figcaption><\/figure>\n<ul>\n<li>La tercera decisi\u00f3n cobija a Andr\u00e9s Nasario Hern\u00e1ndez Tovar, condenado a 17 a\u00f1os y 4 meses de prisi\u00f3n por homicidio agravado. El hombre fue encontrado responsable del asesinato de \u00d3scar Fernando Hermosa; en hechos ocurridos en Algeciras (Huila) el 18 de marzo de 2023, en medio de una ri\u00f1a. La Polic\u00eda Nacional captur\u00f3 en flagrancia a Hern\u00e1ndez Tovar a quien adem\u00e1s le incautaron el arma usada en el crimen.<\/li>\n<\/ul>\n<figure id=\"attachment_278311\" aria-describedby=\"caption-attachment-278311\" style=\"width: 512px\" class=\"wp-caption aligncenter\"><img loading=\"lazy\" decoding=\"async\" class=\" wp-image-278311\" src=\"https:\/\/www.fiscalia.gov.co\/colombia\/wp-content\/uploads\/nasario-condenado-1-755x1024.jpeg\" alt=\"Andr\u00e9s Nasario Hern\u00e1ndez Tovar, condenado a 17 a\u00f1os y 4 meses de prisi\u00f3n por homicidio agravado\" width=\"512\" height=\"694\" srcset=\"https:\/\/www.fiscalia.gov.co\/colombia\/wp-content\/uploads\/nasario-condenado-1-755x1024.jpeg 755w, https:\/\/www.fiscalia.gov.co\/colombia\/wp-content\/uploads\/nasario-condenado-1-221x300.jpeg 221w, https:\/\/www.fiscalia.gov.co\/colombia\/wp-content\/uploads\/nasario-condenado-1-768x1042.jpeg 768w, https:\/\/www.fiscalia.gov.co\/colombia\/wp-content\/uploads\/nasario-condenado-1-1132x1536.jpeg 1132w, https:\/\/www.fiscalia.gov.co\/colombia\/wp-content\/uploads\/nasario-condenado-1-696x945.jpeg 696w, https:\/\/www.fiscalia.gov.co\/colombia\/wp-content\/uploads\/nasario-condenado-1-1068x1449.jpeg 1068w, https:\/\/www.fiscalia.gov.co\/colombia\/wp-content\/uploads\/nasario-condenado-1-309x420.jpeg 309w, https:\/\/www.fiscalia.gov.co\/colombia\/wp-content\/uploads\/nasario-condenado-1.jpeg 1179w\" sizes=\"auto, (max-width: 512px) 100vw, 512px\" \/><figcaption id=\"caption-attachment-278311\" class=\"wp-caption-text\">Andr\u00e9s Nasario Hern\u00e1ndez Tovar, condenado a 17 a\u00f1os y 4 meses de prisi\u00f3n por homicidio agravado<\/figcaption><\/figure>\n<ul>\n<li>Finalmente, Carlos Alfredo Arrigui, alias El El\u00e1stico, deber\u00e1 purgar una condena a 8 a\u00f1os y 8 meses de prisi\u00f3n por el punible de homicidio La sentencia corresponde a hechos ocurridos el pasado 5 de febrero en el barrio El Bosque de Neiva, donde se present\u00f3 una ri\u00f1a con Yan Carlos Gracia, alias Satan\u00e1s. La v\u00edctima fue traslada a un centro asistencial donde lleg\u00f3 sin signos vitales.<\/li>\n<\/ul>\n<p>Todas las sentencias quedaron en firme.<\/p>\n<p><strong><u>La Fiscal\u00eda habla con resultados.<\/u><\/strong><\/p>\n<p>&nbsp;<\/p>\n<p>&nbsp;<\/p>\n<p>&nbsp;<\/p>\n<p>&nbsp;<\/p>\n<p>&nbsp;<\/p>\n<p>&nbsp;<\/p>\n<p>PAAM\/MAGA\/FEP\/DFHI\/DSH<\/p>\n<p>&nbsp;<\/p>\n<p>&nbsp;<\/p>\n<p>&nbsp;<\/p>\n<p>&nbsp;<\/p>\n<p>&nbsp;<\/p>\n<p>&nbsp;<\/p>\n<div class=\"td-post-content tagdiv-type\">\n<div class=\"td-post-content tagdiv-type\">\n<div class=\"td-post-content tagdiv-type\">\n<div class=\"td-post-content tagdiv-type\">\n<div class=\"td-post-content tagdiv-type\">\n<div class=\"td-post-content tagdiv-type\">\n<div class=\"td-post-content tagdiv-type\">\n<div class=\"td-post-content tagdiv-type\">\n<div class=\"td-post-content tagdiv-type\">\n<div class=\"td-post-content tagdiv-type\">\n<p><em>La informaci\u00f3n contenida en este bolet\u00edn de prensa corresponde a la narraci\u00f3n de los hechos noticiosos objetivos, suministrados por los funcionarios encargados de adelantar las investigaciones penales al interior de la Fiscal\u00eda General de la Naci\u00f3n. Para el momento de la divulgaci\u00f3n de este comunicado, la situaci\u00f3n jur\u00eddica de la(s) persona(s) relacionada(s) se encuentra pendiente de resolver por la autoridad judicial competente, siempre bajo los preceptos de la presunci\u00f3n de inocencia, consagrados en el art\u00edculo 29 de la Constituci\u00f3n Pol\u00edtica y el art\u00edculo 7\u00ba de la Ley 906 de 2004.<\/em><\/p>\n<\/div>\n<\/div>\n<\/div>\n<\/div>\n<\/div>\n<\/div>\n<\/div>\n<\/div>\n<\/div>\n<\/div>\n\n<div class=\"twitter-share\"><a href=\"https:\/\/twitter.com\/intent\/tweet?via=fiscaliacol\" class=\"twitter-share-button\">Tweet<\/a><\/div>\n","protected":false},"excerpt":{"rendered":"<p>Los hechos que motivaron las condenas ocurrieron de manera aislada. La Fiscal\u00eda General de la Naci\u00f3n, a trav\u00e9s de un despacho seccional de la Unidad de Vida en Huila logr\u00f3 tres condenas por homicidio y una sentencia m\u00e1s por la tentativa de homicidio de un docente. Se trata de hechos ocurridos de manera independiente. La [&hellip;]<\/p>\n","protected":false},"author":177,"featured_media":279456,"comment_status":"closed","ping_status":"open","sticky":false,"template":"","format":"video","meta":{"_price":"","_stock":"","_tribe_ticket_header":"","_tribe_default_ticket_provider":"","_tribe_ticket_capacity":"0","_ticket_start_date":"","_ticket_end_date":"","_tribe_ticket_show_description":"","_tribe_ticket_show_not_going":false,"_tribe_ticket_use_global_stock":"","_tribe_ticket_global_stock_level":"","_global_stock_mode":"","_global_stock_cap":"","_tribe_rsvp_for_event":"","_tribe_ticket_going_count":"","_tribe_ticket_not_going_count":"","_tribe_tickets_list":"[]","_tribe_ticket_has_attendee_info_fields":false,"tdm_status":"","tdm_grid_status":"","footnotes":""},"categories":[24174,1,333,303,24099],"tags":[24367,45,20087,6188,24185,4614,1047,409,686,13256,16,10846,23833,31720,24734,23972,769,4348,30239,8859,3417],"class_list":{"0":"post-278306","1":"post","2":"type-post","3":"status-publish","4":"format-video","5":"has-post-thumbnail","7":"category-hay-justicia","8":"category-noticias","9":"category-seccional-neiva","10":"category-seccionales","11":"category-seguridad-territorial","12":"tag-celos","13":"tag-cti","14":"tag-discusion","15":"tag-docente","16":"tag-fiscal-barbosa","17":"tag-fiscalia-2","18":"tag-fiscalia-general-de-la-nacion","19":"tag-homicidio","20":"tag-homicidio-agravado","21":"tag-homicidio-agravado-tentado","22":"tag-huila","23":"tag-intolerancia","24":"tag-neiva","25":"tag-neiva-huila","26":"tag-pelea","27":"tag-policia","28":"tag-profesor","29":"tag-rina","30":"tag-seguridad-territorial","31":"tag-tentativa","32":"tag-unidad-de-vida","33":"post_format-post-format-video"},"yoast_head":"<!-- This site is optimized with the Yoast SEO plugin v24.3 - https:\/\/yoast.com\/wordpress\/plugins\/seo\/ -->\n<title>Fiscal\u00eda General de la Naci\u00f3n<\/title>\n<meta name=\"description\" content=\"P\u00e1gina oficial de la Fiscal\u00eda General de la Naci\u00f3n \u2013 Colombia. Garantizamos el acceso efectivo a la justicia, la verdad y la reparaci\u00f3n de las v\u00edctimas de los delitos.\" \/>\n<meta name=\"robots\" content=\"noindex, follow\" \/>\n<meta property=\"og:locale\" content=\"es_ES\" \/>\n<meta property=\"og:type\" content=\"article\" \/>\n<meta property=\"og:title\" content=\"Fiscal\u00eda General de la Naci\u00f3n\" \/>\n<meta property=\"og:description\" content=\"P\u00e1gina oficial de la Fiscal\u00eda General de la Naci\u00f3n \u2013 Colombia. Garantizamos el acceso efectivo a la justicia, la verdad y la reparaci\u00f3n de las v\u00edctimas de los delitos.\" \/>\n<meta property=\"og:url\" content=\"https:\/\/www.fiscalia.gov.co\/colombia\/hay-justicia\/fiscalia-en-huila-logra-condenas-por-tres-asesinatos-y-una-tentativa-de-homicidio\/\" \/>\n<meta property=\"og:site_name\" content=\"Fiscal\u00eda General de la Naci\u00f3n\" \/>\n<meta property=\"article:publisher\" content=\"https:\/\/www.facebook.com\/FiscaliaCol\" \/>\n<meta property=\"article:published_time\" content=\"2023-09-04T21:12:55+00:00\" \/>\n<meta property=\"article:modified_time\" content=\"2023-09-15T17:31:18+00:00\" \/>\n<meta property=\"og:image\" content=\"https:\/\/www.fiscalia.gov.co\/colombia\/wp-content\/uploads\/maxresdefault-1170.jpg\" \/>\n\t<meta property=\"og:image:width\" content=\"1280\" \/>\n\t<meta property=\"og:image:height\" content=\"720\" \/>\n\t<meta property=\"og:image:type\" content=\"image\/jpeg\" \/>\n<meta name=\"author\" content=\"Jordan Leandro Oviedo Anzola\" \/>\n<meta name=\"twitter:card\" content=\"summary_large_image\" \/>\n<meta name=\"twitter:creator\" content=\"@FiscaliaCol\" \/>\n<meta name=\"twitter:site\" content=\"@FiscaliaCol\" \/>\n<meta name=\"twitter:label1\" content=\"Escrito por\" \/>\n\t<meta name=\"twitter:data1\" content=\"Jordan Leandro Oviedo Anzola\" \/>\n\t<meta name=\"twitter:label2\" content=\"Tiempo de lectura\" \/>\n\t<meta name=\"twitter:data2\" content=\"3 minutos\" \/>\n<script type=\"application\/ld+json\" class=\"yoast-schema-graph\">{\"@context\":\"https:\/\/schema.org\",\"@graph\":[{\"@type\":\"Article\",\"@id\":\"https:\/\/www.fiscalia.gov.co\/colombia\/hay-justicia\/fiscalia-en-huila-logra-condenas-por-tres-asesinatos-y-una-tentativa-de-homicidio\/#article\",\"isPartOf\":{\"@id\":\"https:\/\/www.fiscalia.gov.co\/colombia\/hay-justicia\/fiscalia-en-huila-logra-condenas-por-tres-asesinatos-y-una-tentativa-de-homicidio\/\"},\"author\":{\"name\":\"Jordan Leandro Oviedo Anzola\",\"@id\":\"https:\/\/www.fiscalia.gov.co\/colombia\/#\/schema\/person\/bf84402cf293a5393e9c70b111020b24\"},\"headline\":\"Fiscal\u00eda en Huila logra condenas por tres asesinatos y una tentativa de homicidio\",\"datePublished\":\"2023-09-04T21:12:55+00:00\",\"dateModified\":\"2023-09-15T17:31:18+00:00\",\"mainEntityOfPage\":{\"@id\":\"https:\/\/www.fiscalia.gov.co\/colombia\/hay-justicia\/fiscalia-en-huila-logra-condenas-por-tres-asesinatos-y-una-tentativa-de-homicidio\/\"},\"wordCount\":592,\"publisher\":{\"@id\":\"https:\/\/www.fiscalia.gov.co\/colombia\/#organization\"},\"image\":{\"@id\":\"https:\/\/www.fiscalia.gov.co\/colombia\/hay-justicia\/fiscalia-en-huila-logra-condenas-por-tres-asesinatos-y-una-tentativa-de-homicidio\/#primaryimage\"},\"thumbnailUrl\":\"https:\/\/www.fiscalia.gov.co\/colombia\/wp-content\/uploads\/maxresdefault-1170.jpg\",\"keywords\":[\"celos\",\"CTI\",\"Discusi\u00f3n\",\"Docente\",\"Fiscal Barbosa\",\"Fiscal\u00eda\",\"Fiscal\u00eda General de la Naci\u00f3n\",\"Homicidio\",\"Homicidio agravado\",\"homicidio agravado tentado\",\"Huila\",\"Intolerancia\",\"Neiva\",\"Neiva (Huila)\",\"pelea\",\"Polic\u00eda\",\"Profesor\",\"Ri\u00f1a\",\"Seguridad territorial\",\"Tentativa\",\"Unidad de Vida\"],\"articleSection\":[\"Hay Justicia\",\"Noticias\",\"Seccional Neiva\",\"Seccionales\",\"Seguridad territorial\"],\"inLanguage\":\"es-CO\"},{\"@type\":\"WebPage\",\"@id\":\"https:\/\/www.fiscalia.gov.co\/colombia\/hay-justicia\/fiscalia-en-huila-logra-condenas-por-tres-asesinatos-y-una-tentativa-de-homicidio\/\",\"url\":\"https:\/\/www.fiscalia.gov.co\/colombia\/hay-justicia\/fiscalia-en-huila-logra-condenas-por-tres-asesinatos-y-una-tentativa-de-homicidio\/\",\"name\":\"Fiscal\u00eda General de la Naci\u00f3n\",\"isPartOf\":{\"@id\":\"https:\/\/www.fiscalia.gov.co\/colombia\/#website\"},\"primaryImageOfPage\":{\"@id\":\"https:\/\/www.fiscalia.gov.co\/colombia\/hay-justicia\/fiscalia-en-huila-logra-condenas-por-tres-asesinatos-y-una-tentativa-de-homicidio\/#primaryimage\"},\"image\":{\"@id\":\"https:\/\/www.fiscalia.gov.co\/colombia\/hay-justicia\/fiscalia-en-huila-logra-condenas-por-tres-asesinatos-y-una-tentativa-de-homicidio\/#primaryimage\"},\"thumbnailUrl\":\"https:\/\/www.fiscalia.gov.co\/colombia\/wp-content\/uploads\/maxresdefault-1170.jpg\",\"datePublished\":\"2023-09-04T21:12:55+00:00\",\"dateModified\":\"2023-09-15T17:31:18+00:00\",\"description\":\"P\u00e1gina oficial de la Fiscal\u00eda General de la Naci\u00f3n \u2013 Colombia. Garantizamos el acceso efectivo a la justicia, la verdad y la reparaci\u00f3n de las v\u00edctimas de los delitos.\",\"breadcrumb\":{\"@id\":\"https:\/\/www.fiscalia.gov.co\/colombia\/hay-justicia\/fiscalia-en-huila-logra-condenas-por-tres-asesinatos-y-una-tentativa-de-homicidio\/#breadcrumb\"},\"inLanguage\":\"es-CO\",\"potentialAction\":[{\"@type\":\"ReadAction\",\"target\":[\"https:\/\/www.fiscalia.gov.co\/colombia\/hay-justicia\/fiscalia-en-huila-logra-condenas-por-tres-asesinatos-y-una-tentativa-de-homicidio\/\"]}]},{\"@type\":\"ImageObject\",\"inLanguage\":\"es-CO\",\"@id\":\"https:\/\/www.fiscalia.gov.co\/colombia\/hay-justicia\/fiscalia-en-huila-logra-condenas-por-tres-asesinatos-y-una-tentativa-de-homicidio\/#primaryimage\",\"url\":\"https:\/\/www.fiscalia.gov.co\/colombia\/wp-content\/uploads\/maxresdefault-1170.jpg\",\"contentUrl\":\"https:\/\/www.fiscalia.gov.co\/colombia\/wp-content\/uploads\/maxresdefault-1170.jpg\",\"width\":1280,\"height\":720},{\"@type\":\"BreadcrumbList\",\"@id\":\"https:\/\/www.fiscalia.gov.co\/colombia\/hay-justicia\/fiscalia-en-huila-logra-condenas-por-tres-asesinatos-y-una-tentativa-de-homicidio\/#breadcrumb\",\"itemListElement\":[{\"@type\":\"ListItem\",\"position\":1,\"name\":\"Home\",\"item\":\"https:\/\/www.fiscalia.gov.co\/colombia\/\"},{\"@type\":\"ListItem\",\"position\":2,\"name\":\"Fiscal\u00eda en Huila logra condenas por tres asesinatos y una tentativa de homicidio\"}]},{\"@type\":\"WebSite\",\"@id\":\"https:\/\/www.fiscalia.gov.co\/colombia\/#website\",\"url\":\"https:\/\/www.fiscalia.gov.co\/colombia\/\",\"name\":\"Fiscal\u00eda General de la Naci\u00f3n\",\"description\":\"P\u00e1gina oficial de la Fiscal\u00eda General de la Naci\u00f3n \u2013 Colombia. Garantizamos el acceso efectivo a la justicia, la verdad y la reparaci\u00f3n de las v\u00edctimas de los delitos.\",\"publisher\":{\"@id\":\"https:\/\/www.fiscalia.gov.co\/colombia\/#organization\"},\"potentialAction\":[{\"@type\":\"SearchAction\",\"target\":{\"@type\":\"EntryPoint\",\"urlTemplate\":\"https:\/\/www.fiscalia.gov.co\/colombia\/?s={search_term_string}\"},\"query-input\":{\"@type\":\"PropertyValueSpecification\",\"valueRequired\":true,\"valueName\":\"search_term_string\"}}],\"inLanguage\":\"es-CO\"},{\"@type\":\"Organization\",\"@id\":\"https:\/\/www.fiscalia.gov.co\/colombia\/#organization\",\"name\":\"Fiscal\u00eda General de la Naci\u00f3n\",\"url\":\"https:\/\/www.fiscalia.gov.co\/colombia\/\",\"logo\":{\"@type\":\"ImageObject\",\"inLanguage\":\"es-CO\",\"@id\":\"https:\/\/www.fiscalia.gov.co\/colombia\/#\/schema\/logo\/image\/\",\"url\":\"https:\/\/www.fiscalia.gov.co\/colombia\/wp-content\/uploads\/LogoHorizontal_1.jpg\",\"contentUrl\":\"https:\/\/www.fiscalia.gov.co\/colombia\/wp-content\/uploads\/LogoHorizontal_1.jpg\",\"width\":300,\"height\":90,\"caption\":\"Fiscal\u00eda General de la Naci\u00f3n\"},\"image\":{\"@id\":\"https:\/\/www.fiscalia.gov.co\/colombia\/#\/schema\/logo\/image\/\"},\"sameAs\":[\"https:\/\/www.facebook.com\/FiscaliaCol\",\"https:\/\/x.com\/FiscaliaCol\",\"https:\/\/www.instagram.com\/fiscaliacol\",\"https:\/\/www.linkedin.com\/company\/fiscalia-general-de-la-naci-n\/\",\"https:\/\/youtube.com\/@fiscaliageneraldelanacion-4668?si=6nN79nyQICPU5iTh\"]},{\"@type\":\"Person\",\"@id\":\"https:\/\/www.fiscalia.gov.co\/colombia\/#\/schema\/person\/bf84402cf293a5393e9c70b111020b24\",\"name\":\"Jordan Leandro Oviedo Anzola\",\"image\":{\"@type\":\"ImageObject\",\"inLanguage\":\"es-CO\",\"@id\":\"https:\/\/www.fiscalia.gov.co\/colombia\/#\/schema\/person\/image\/\",\"url\":\"https:\/\/secure.gravatar.com\/avatar\/dabba4346fa9b9207d96adafa8f92721?s=96&d=mm&r=g\",\"contentUrl\":\"https:\/\/secure.gravatar.com\/avatar\/dabba4346fa9b9207d96adafa8f92721?s=96&d=mm&r=g\",\"caption\":\"Jordan Leandro Oviedo Anzola\"},\"url\":\"https:\/\/www.fiscalia.gov.co\/colombia\/author\/joviedo\/\"}]}<\/script>\n<!-- \/ Yoast SEO plugin. -->","yoast_head_json":{"title":"Fiscal\u00eda General de la Naci\u00f3n","description":"P\u00e1gina oficial de la Fiscal\u00eda General de la Naci\u00f3n \u2013 Colombia. Garantizamos el acceso efectivo a la justicia, la verdad y la reparaci\u00f3n de las v\u00edctimas de los delitos.","robots":{"index":"noindex","follow":"follow"},"og_locale":"es_ES","og_type":"article","og_title":"Fiscal\u00eda General de la Naci\u00f3n","og_description":"P\u00e1gina oficial de la Fiscal\u00eda General de la Naci\u00f3n \u2013 Colombia. Garantizamos el acceso efectivo a la justicia, la verdad y la reparaci\u00f3n de las v\u00edctimas de los delitos.","og_url":"https:\/\/www.fiscalia.gov.co\/colombia\/hay-justicia\/fiscalia-en-huila-logra-condenas-por-tres-asesinatos-y-una-tentativa-de-homicidio\/","og_site_name":"Fiscal\u00eda General de la Naci\u00f3n","article_publisher":"https:\/\/www.facebook.com\/FiscaliaCol","article_published_time":"2023-09-04T21:12:55+00:00","article_modified_time":"2023-09-15T17:31:18+00:00","og_image":[{"width":1280,"height":720,"url":"https:\/\/www.fiscalia.gov.co\/colombia\/wp-content\/uploads\/maxresdefault-1170.jpg","type":"image\/jpeg"}],"author":"Jordan Leandro Oviedo Anzola","twitter_card":"summary_large_image","twitter_creator":"@FiscaliaCol","twitter_site":"@FiscaliaCol","twitter_misc":{"Escrito por":"Jordan Leandro Oviedo Anzola","Tiempo de lectura":"3 minutos"},"schema":{"@context":"https:\/\/schema.org","@graph":[{"@type":"Article","@id":"https:\/\/www.fiscalia.gov.co\/colombia\/hay-justicia\/fiscalia-en-huila-logra-condenas-por-tres-asesinatos-y-una-tentativa-de-homicidio\/#article","isPartOf":{"@id":"https:\/\/www.fiscalia.gov.co\/colombia\/hay-justicia\/fiscalia-en-huila-logra-condenas-por-tres-asesinatos-y-una-tentativa-de-homicidio\/"},"author":{"name":"Jordan Leandro Oviedo Anzola","@id":"https:\/\/www.fiscalia.gov.co\/colombia\/#\/schema\/person\/bf84402cf293a5393e9c70b111020b24"},"headline":"Fiscal\u00eda en Huila logra condenas por tres asesinatos y una tentativa de homicidio","datePublished":"2023-09-04T21:12:55+00:00","dateModified":"2023-09-15T17:31:18+00:00","mainEntityOfPage":{"@id":"https:\/\/www.fiscalia.gov.co\/colombia\/hay-justicia\/fiscalia-en-huila-logra-condenas-por-tres-asesinatos-y-una-tentativa-de-homicidio\/"},"wordCount":592,"publisher":{"@id":"https:\/\/www.fiscalia.gov.co\/colombia\/#organization"},"image":{"@id":"https:\/\/www.fiscalia.gov.co\/colombia\/hay-justicia\/fiscalia-en-huila-logra-condenas-por-tres-asesinatos-y-una-tentativa-de-homicidio\/#primaryimage"},"thumbnailUrl":"https:\/\/www.fiscalia.gov.co\/colombia\/wp-content\/uploads\/maxresdefault-1170.jpg","keywords":["celos","CTI","Discusi\u00f3n","Docente","Fiscal Barbosa","Fiscal\u00eda","Fiscal\u00eda General de la Naci\u00f3n","Homicidio","Homicidio agravado","homicidio agravado tentado","Huila","Intolerancia","Neiva","Neiva (Huila)","pelea","Polic\u00eda","Profesor","Ri\u00f1a","Seguridad territorial","Tentativa","Unidad de Vida"],"articleSection":["Hay Justicia","Noticias","Seccional Neiva","Seccionales","Seguridad territorial"],"inLanguage":"es-CO"},{"@type":"WebPage","@id":"https:\/\/www.fiscalia.gov.co\/colombia\/hay-justicia\/fiscalia-en-huila-logra-condenas-por-tres-asesinatos-y-una-tentativa-de-homicidio\/","url":"https:\/\/www.fiscalia.gov.co\/colombia\/hay-justicia\/fiscalia-en-huila-logra-condenas-por-tres-asesinatos-y-una-tentativa-de-homicidio\/","name":"Fiscal\u00eda General de la Naci\u00f3n","isPartOf":{"@id":"https:\/\/www.fiscalia.gov.co\/colombia\/#website"},"primaryImageOfPage":{"@id":"https:\/\/www.fiscalia.gov.co\/colombia\/hay-justicia\/fiscalia-en-huila-logra-condenas-por-tres-asesinatos-y-una-tentativa-de-homicidio\/#primaryimage"},"image":{"@id":"https:\/\/www.fiscalia.gov.co\/colombia\/hay-justicia\/fiscalia-en-huila-logra-condenas-por-tres-asesinatos-y-una-tentativa-de-homicidio\/#primaryimage"},"thumbnailUrl":"https:\/\/www.fiscalia.gov.co\/colombia\/wp-content\/uploads\/maxresdefault-1170.jpg","datePublished":"2023-09-04T21:12:55+00:00","dateModified":"2023-09-15T17:31:18+00:00","description":"P\u00e1gina oficial de la Fiscal\u00eda General de la Naci\u00f3n \u2013 Colombia. Garantizamos el acceso efectivo a la justicia, la verdad y la reparaci\u00f3n de las v\u00edctimas de los delitos.","breadcrumb":{"@id":"https:\/\/www.fiscalia.gov.co\/colombia\/hay-justicia\/fiscalia-en-huila-logra-condenas-por-tres-asesinatos-y-una-tentativa-de-homicidio\/#breadcrumb"},"inLanguage":"es-CO","potentialAction":[{"@type":"ReadAction","target":["https:\/\/www.fiscalia.gov.co\/colombia\/hay-justicia\/fiscalia-en-huila-logra-condenas-por-tres-asesinatos-y-una-tentativa-de-homicidio\/"]}]},{"@type":"ImageObject","inLanguage":"es-CO","@id":"https:\/\/www.fiscalia.gov.co\/colombia\/hay-justicia\/fiscalia-en-huila-logra-condenas-por-tres-asesinatos-y-una-tentativa-de-homicidio\/#primaryimage","url":"https:\/\/www.fiscalia.gov.co\/colombia\/wp-content\/uploads\/maxresdefault-1170.jpg","contentUrl":"https:\/\/www.fiscalia.gov.co\/colombia\/wp-content\/uploads\/maxresdefault-1170.jpg","width":1280,"height":720},{"@type":"BreadcrumbList","@id":"https:\/\/www.fiscalia.gov.co\/colombia\/hay-justicia\/fiscalia-en-huila-logra-condenas-por-tres-asesinatos-y-una-tentativa-de-homicidio\/#breadcrumb","itemListElement":[{"@type":"ListItem","position":1,"name":"Home","item":"https:\/\/www.fiscalia.gov.co\/colombia\/"},{"@type":"ListItem","position":2,"name":"Fiscal\u00eda en Huila logra condenas por tres asesinatos y una tentativa de homicidio"}]},{"@type":"WebSite","@id":"https:\/\/www.fiscalia.gov.co\/colombia\/#website","url":"https:\/\/www.fiscalia.gov.co\/colombia\/","name":"Fiscal\u00eda General de la Naci\u00f3n","description":"P\u00e1gina oficial de la Fiscal\u00eda General de la Naci\u00f3n \u2013 Colombia. Garantizamos el acceso efectivo a la justicia, la verdad y la reparaci\u00f3n de las v\u00edctimas de los delitos.","publisher":{"@id":"https:\/\/www.fiscalia.gov.co\/colombia\/#organization"},"potentialAction":[{"@type":"SearchAction","target":{"@type":"EntryPoint","urlTemplate":"https:\/\/www.fiscalia.gov.co\/colombia\/?s={search_term_string}"},"query-input":{"@type":"PropertyValueSpecification","valueRequired":true,"valueName":"search_term_string"}}],"inLanguage":"es-CO"},{"@type":"Organization","@id":"https:\/\/www.fiscalia.gov.co\/colombia\/#organization","name":"Fiscal\u00eda General de la Naci\u00f3n","url":"https:\/\/www.fiscalia.gov.co\/colombia\/","logo":{"@type":"ImageObject","inLanguage":"es-CO","@id":"https:\/\/www.fiscalia.gov.co\/colombia\/#\/schema\/logo\/image\/","url":"https:\/\/www.fiscalia.gov.co\/colombia\/wp-content\/uploads\/LogoHorizontal_1.jpg","contentUrl":"https:\/\/www.fiscalia.gov.co\/colombia\/wp-content\/uploads\/LogoHorizontal_1.jpg","width":300,"height":90,"caption":"Fiscal\u00eda General de la Naci\u00f3n"},"image":{"@id":"https:\/\/www.fiscalia.gov.co\/colombia\/#\/schema\/logo\/image\/"},"sameAs":["https:\/\/www.facebook.com\/FiscaliaCol","https:\/\/x.com\/FiscaliaCol","https:\/\/www.instagram.com\/fiscaliacol","https:\/\/www.linkedin.com\/company\/fiscalia-general-de-la-naci-n\/","https:\/\/youtube.com\/@fiscaliageneraldelanacion-4668?si=6nN79nyQICPU5iTh"]},{"@type":"Person","@id":"https:\/\/www.fiscalia.gov.co\/colombia\/#\/schema\/person\/bf84402cf293a5393e9c70b111020b24","name":"Jordan Leandro Oviedo Anzola","image":{"@type":"ImageObject","inLanguage":"es-CO","@id":"https:\/\/www.fiscalia.gov.co\/colombia\/#\/schema\/person\/image\/","url":"https:\/\/secure.gravatar.com\/avatar\/dabba4346fa9b9207d96adafa8f92721?s=96&d=mm&r=g","contentUrl":"https:\/\/secure.gravatar.com\/avatar\/dabba4346fa9b9207d96adafa8f92721?s=96&d=mm&r=g","caption":"Jordan Leandro Oviedo Anzola"},"url":"https:\/\/www.fiscalia.gov.co\/colombia\/author\/joviedo\/"}]}},"_links":{"self":[{"href":"https:\/\/www.fiscalia.gov.co\/colombia\/wp-json\/wp\/v2\/posts\/278306","targetHints":{"allow":["GET"]}}],"collection":[{"href":"https:\/\/www.fiscalia.gov.co\/colombia\/wp-json\/wp\/v2\/posts"}],"about":[{"href":"https:\/\/www.fiscalia.gov.co\/colombia\/wp-json\/wp\/v2\/types\/post"}],"author":[{"embeddable":true,"href":"https:\/\/www.fiscalia.gov.co\/colombia\/wp-json\/wp\/v2\/users\/177"}],"replies":[{"embeddable":true,"href":"https:\/\/www.fiscalia.gov.co\/colombia\/wp-json\/wp\/v2\/comments?post=278306"}],"version-history":[{"count":3,"href":"https:\/\/www.fiscalia.gov.co\/colombia\/wp-json\/wp\/v2\/posts\/278306\/revisions"}],"predecessor-version":[{"id":278334,"href":"https:\/\/www.fiscalia.gov.co\/colombia\/wp-json\/wp\/v2\/posts\/278306\/revisions\/278334"}],"wp:featuredmedia":[{"embeddable":true,"href":"https:\/\/www.fiscalia.gov.co\/colombia\/wp-json\/wp\/v2\/media\/279456"}],"wp:attachment":[{"href":"https:\/\/www.fiscalia.gov.co\/colombia\/wp-json\/wp\/v2\/media?parent=278306"}],"wp:term":[{"taxonomy":"category","embeddable":true,"href":"https:\/\/www.fiscalia.gov.co\/colombia\/wp-json\/wp\/v2\/categories?post=278306"},{"taxonomy":"post_tag","embeddable":true,"href":"https:\/\/www.fiscalia.gov.co\/colombia\/wp-json\/wp\/v2\/tags?post=278306"}],"curies":[{"name":"wp","href":"https:\/\/api.w.org\/{rel}","templated":true}]}}