{"id":278224,"date":"2023-09-02T14:11:08","date_gmt":"2023-09-02T19:11:08","guid":{"rendered":"https:\/\/www.fiscalia.gov.co\/colombia\/?p=278224"},"modified":"2023-09-02T14:11:08","modified_gmt":"2023-09-02T19:11:08","slug":"condenados-los-articuladores-de-una-red-que-ingresaba-migrantes-al-pais-por-la-frontera-con-ecuador-y-garantizaba-su-salida-irregular-hacia-panama-por-las-costas-de-uraba","status":"publish","type":"post","link":"https:\/\/www.fiscalia.gov.co\/colombia\/hay-justicia\/condenados-los-articuladores-de-una-red-que-ingresaba-migrantes-al-pais-por-la-frontera-con-ecuador-y-garantizaba-su-salida-irregular-hacia-panama-por-las-costas-de-uraba\/","title":{"rendered":"Condenados los articuladores de una red que ingresaba migrantes al pa\u00eds por la frontera con Ecuador y garantizaba su salida irregular hacia Panam\u00e1 por las costas de Urab\u00e1"},"content":{"rendered":"<blockquote>\n<h4 style=\"text-align: left;\"><strong><em>En el curso de la investigaci\u00f3n se estableci\u00f3 que la organizaci\u00f3n cobraba cerca de 300 d\u00f3lares a cada migrante que entraba ilegalmente por Ipiales (Nari\u00f1o).<\/em><\/strong><\/h4>\n<\/blockquote>\n<p>&nbsp;<\/p>\n<p>Ante la contundencia de la evidencia obtenida por la Fiscal\u00eda General de la Naci\u00f3n, cinco integrantes de una red de tr\u00e1fico de migrantes aceptaron mediante preacuerdo su responsabilidad en un entramado criminal que garantizaba el ingreso ilegal de extranjeros al pa\u00eds y su salida por v\u00eda mar\u00edtima a Centroam\u00e9rica.<\/p>\n<p>Un juez penal de conocimiento de Medell\u00edn (Antioquia) aval\u00f3 la negociaci\u00f3n judicial y conden\u00f3 a estas personas por los delitos de tr\u00e1fico de migrantes y concierto para delinquir agravado. Los sentenciados son: Adri\u00e1n Ricardo Rojo Correa y Sebasti\u00e1n Carmona Mej\u00eda, se\u00f1alados articuladores de la organizaci\u00f3n que recibieron penas de algo m\u00e1s de seis a\u00f1os de prisi\u00f3n; y Elkin Alonso Soto Meneses, Luis Alexander Jim\u00e9nez Carmona y Dami\u00e1n Andr\u00e9s Murillo Usme, condenados a cuatro a\u00f1os de prisi\u00f3n.<\/p>\n<p>La organizaci\u00f3n a la que pertenecieron estas personas contactaba a ciudadanos extranjeros, especialmente haitianos y cubanos, y por 300 d\u00f3lares, aproximadamente, les brindaban transporte terrestre, manutenci\u00f3n, hospedaje en un hotel de Medell\u00edn y traslados a Capurgan\u00e1 (Choc\u00f3), donde eran recogidos en lanchas y llevados a Panam\u00e1 para que siguieran su camino a Estados Unidos.<\/p>\n<p>La investigaci\u00f3n liderada por una fiscal de la Direcci\u00f3n Especializada contra las Violaciones a los Derechos Humanos demostr\u00f3 que esta actividad ilegal la ejercieron entre julio de 2021 y mayo de 2022.<\/p>\n<p>Paralelo al proceso penal, en mayo de 2002, la Direcci\u00f3n Especializada de Extinci\u00f3n del Derecho de Dominio impuso medidas cautelares de suspensi\u00f3n del poder dispositivo, embargo, secuestro y toma de posesi\u00f3n sobre un hotel y tres veh\u00edculos, dos de servicio p\u00fablico y uno particular, que estar\u00edan al servicio de la red de tr\u00e1fico de migrantes. Las propiedades afectadas, cuyo valor supera los 2.500 millones de pesos, fueron puestas a disposici\u00f3n de la Sociedad de Activos Especiales (SAE).<\/p>\n<p>Esta informaci\u00f3n se publica por razones de inter\u00e9s general.<\/p>\n<p>LAGP\/JARG\/NC\/HTP\/DECVDH\/MRC\/<\/p>\n<p><strong><u>La Fiscal\u00eda habla con resultados<\/u><\/strong><strong>.<\/strong><\/p>\n<p>&nbsp;<\/p>\n<div class=\"td-post-content tagdiv-type\">\n<div class=\"td-post-content tagdiv-type\">\n<p><em>La informaci\u00f3n contenida en este bolet\u00edn de prensa corresponde a la narraci\u00f3n de los hechos noticiosos objetivos, suministrados por los funcionarios encargados de adelantar las investigaciones penales al interior de la Fiscal\u00eda General de la Naci\u00f3n. Para el momento de la divulgaci\u00f3n de este comunicado, la situaci\u00f3n jur\u00eddica de la(s) persona(s) relacionada(s) se encuentra pendiente de resolver por la autoridad judicial competente, siempre bajo los preceptos de la presunci\u00f3n de inocencia, consagrados en el art\u00edculo 29 de la Constituci\u00f3n Pol\u00edtica y el art\u00edculo 7\u00ba de la Ley 906 de 2004.<\/em><\/p>\n<\/div>\n<\/div>\n<footer>\n<div class=\"td-post-source-tags\"><\/div>\n<div class=\"td-post-sharing-bottom\"><\/div>\n<\/footer>\n\n<div class=\"twitter-share\"><a href=\"https:\/\/twitter.com\/intent\/tweet?via=fiscaliacol\" class=\"twitter-share-button\">Tweet<\/a><\/div>\n","protected":false},"excerpt":{"rendered":"<p>En el curso de la investigaci\u00f3n se estableci\u00f3 que la organizaci\u00f3n cobraba cerca de 300 d\u00f3lares a cada migrante que entraba ilegalmente por Ipiales (Nari\u00f1o). &nbsp; Ante la contundencia de la evidencia obtenida por la Fiscal\u00eda General de la Naci\u00f3n, cinco integrantes de una red de tr\u00e1fico de migrantes aceptaron mediante preacuerdo su responsabilidad en [&hellip;]<\/p>\n","protected":false},"author":175,"featured_media":0,"comment_status":"closed","ping_status":"open","sticky":false,"template":"","format":"standard","meta":{"tdm_status":"","tdm_grid_status":"","footnotes":""},"categories":[24102,24174,1],"tags":[24188,24526],"class_list":{"0":"post-278224","1":"post","2":"type-post","3":"status-publish","4":"format-standard","6":"category-derechos-humanos","7":"category-hay-justicia","8":"category-noticias","9":"tag-fiscal-francisco-barbosa","10":"tag-fiscal-general-francisco-barbosa-delgado"},"yoast_head":"<!-- This site is optimized with the Yoast SEO plugin v24.3 - https:\/\/yoast.com\/wordpress\/plugins\/seo\/ -->\n<title>Fiscal\u00eda General de la Naci\u00f3n<\/title>\n<meta name=\"description\" content=\"P\u00e1gina oficial de la Fiscal\u00eda General de la Naci\u00f3n \u2013 Colombia. Garantizamos el acceso efectivo a la justicia, la verdad y la reparaci\u00f3n de las v\u00edctimas de los delitos.\" \/>\n<meta name=\"robots\" content=\"noindex, follow\" \/>\n<meta property=\"og:locale\" content=\"es_ES\" \/>\n<meta property=\"og:type\" content=\"article\" \/>\n<meta property=\"og:title\" content=\"Fiscal\u00eda General de la Naci\u00f3n\" \/>\n<meta property=\"og:description\" content=\"P\u00e1gina oficial de la Fiscal\u00eda General de la Naci\u00f3n \u2013 Colombia. Garantizamos el acceso efectivo a la justicia, la verdad y la reparaci\u00f3n de las v\u00edctimas de los delitos.\" \/>\n<meta property=\"og:url\" content=\"https:\/\/www.fiscalia.gov.co\/colombia\/hay-justicia\/condenados-los-articuladores-de-una-red-que-ingresaba-migrantes-al-pais-por-la-frontera-con-ecuador-y-garantizaba-su-salida-irregular-hacia-panama-por-las-costas-de-uraba\/\" \/>\n<meta property=\"og:site_name\" content=\"Fiscal\u00eda General de la Naci\u00f3n\" \/>\n<meta property=\"article:publisher\" content=\"https:\/\/www.facebook.com\/FiscaliaCol\" \/>\n<meta property=\"article:published_time\" content=\"2023-09-02T19:11:08+00:00\" \/>\n<meta name=\"author\" content=\"Katherine Loaiza Mart\u00ednez\" \/>\n<meta name=\"twitter:card\" content=\"summary_large_image\" \/>\n<meta name=\"twitter:creator\" content=\"@FiscaliaCol\" \/>\n<meta name=\"twitter:site\" content=\"@FiscaliaCol\" \/>\n<meta name=\"twitter:label1\" content=\"Escrito por\" \/>\n\t<meta name=\"twitter:data1\" content=\"Katherine Loaiza Mart\u00ednez\" \/>\n\t<meta name=\"twitter:label2\" content=\"Tiempo de lectura\" \/>\n\t<meta name=\"twitter:data2\" content=\"2 minutos\" \/>\n<script type=\"application\/ld+json\" class=\"yoast-schema-graph\">{\"@context\":\"https:\/\/schema.org\",\"@graph\":[{\"@type\":\"Article\",\"@id\":\"https:\/\/www.fiscalia.gov.co\/colombia\/hay-justicia\/condenados-los-articuladores-de-una-red-que-ingresaba-migrantes-al-pais-por-la-frontera-con-ecuador-y-garantizaba-su-salida-irregular-hacia-panama-por-las-costas-de-uraba\/#article\",\"isPartOf\":{\"@id\":\"https:\/\/www.fiscalia.gov.co\/colombia\/hay-justicia\/condenados-los-articuladores-de-una-red-que-ingresaba-migrantes-al-pais-por-la-frontera-con-ecuador-y-garantizaba-su-salida-irregular-hacia-panama-por-las-costas-de-uraba\/\"},\"author\":{\"name\":\"Katherine Loaiza Mart\u00ednez\",\"@id\":\"https:\/\/www.fiscalia.gov.co\/colombia\/#\/schema\/person\/2e76b9aba5ecf875ed565ce4de0e0415\"},\"headline\":\"Condenados los articuladores de una red que ingresaba migrantes al pa\u00eds por la frontera con Ecuador y garantizaba su salida irregular hacia Panam\u00e1 por las costas de Urab\u00e1\",\"datePublished\":\"2023-09-02T19:11:08+00:00\",\"dateModified\":\"2023-09-02T19:11:08+00:00\",\"mainEntityOfPage\":{\"@id\":\"https:\/\/www.fiscalia.gov.co\/colombia\/hay-justicia\/condenados-los-articuladores-de-una-red-que-ingresaba-migrantes-al-pais-por-la-frontera-con-ecuador-y-garantizaba-su-salida-irregular-hacia-panama-por-las-costas-de-uraba\/\"},\"wordCount\":505,\"publisher\":{\"@id\":\"https:\/\/www.fiscalia.gov.co\/colombia\/#organization\"},\"keywords\":[\"Fiscal Francisco Barbosa\",\"Fiscal General Francisco Barbosa Delgado\"],\"articleSection\":[\"Derechos Humanos\",\"Hay Justicia\",\"Noticias\"],\"inLanguage\":\"es-CO\"},{\"@type\":\"WebPage\",\"@id\":\"https:\/\/www.fiscalia.gov.co\/colombia\/hay-justicia\/condenados-los-articuladores-de-una-red-que-ingresaba-migrantes-al-pais-por-la-frontera-con-ecuador-y-garantizaba-su-salida-irregular-hacia-panama-por-las-costas-de-uraba\/\",\"url\":\"https:\/\/www.fiscalia.gov.co\/colombia\/hay-justicia\/condenados-los-articuladores-de-una-red-que-ingresaba-migrantes-al-pais-por-la-frontera-con-ecuador-y-garantizaba-su-salida-irregular-hacia-panama-por-las-costas-de-uraba\/\",\"name\":\"Fiscal\u00eda General de la Naci\u00f3n\",\"isPartOf\":{\"@id\":\"https:\/\/www.fiscalia.gov.co\/colombia\/#website\"},\"datePublished\":\"2023-09-02T19:11:08+00:00\",\"dateModified\":\"2023-09-02T19:11:08+00:00\",\"description\":\"P\u00e1gina oficial de la Fiscal\u00eda General de la Naci\u00f3n \u2013 Colombia. Garantizamos el acceso efectivo a la justicia, la verdad y la reparaci\u00f3n de las v\u00edctimas de los delitos.\",\"breadcrumb\":{\"@id\":\"https:\/\/www.fiscalia.gov.co\/colombia\/hay-justicia\/condenados-los-articuladores-de-una-red-que-ingresaba-migrantes-al-pais-por-la-frontera-con-ecuador-y-garantizaba-su-salida-irregular-hacia-panama-por-las-costas-de-uraba\/#breadcrumb\"},\"inLanguage\":\"es-CO\",\"potentialAction\":[{\"@type\":\"ReadAction\",\"target\":[\"https:\/\/www.fiscalia.gov.co\/colombia\/hay-justicia\/condenados-los-articuladores-de-una-red-que-ingresaba-migrantes-al-pais-por-la-frontera-con-ecuador-y-garantizaba-su-salida-irregular-hacia-panama-por-las-costas-de-uraba\/\"]}]},{\"@type\":\"BreadcrumbList\",\"@id\":\"https:\/\/www.fiscalia.gov.co\/colombia\/hay-justicia\/condenados-los-articuladores-de-una-red-que-ingresaba-migrantes-al-pais-por-la-frontera-con-ecuador-y-garantizaba-su-salida-irregular-hacia-panama-por-las-costas-de-uraba\/#breadcrumb\",\"itemListElement\":[{\"@type\":\"ListItem\",\"position\":1,\"name\":\"Home\",\"item\":\"https:\/\/www.fiscalia.gov.co\/colombia\/\"},{\"@type\":\"ListItem\",\"position\":2,\"name\":\"Condenados los articuladores de una red que ingresaba migrantes al pa\u00eds por la frontera con Ecuador y garantizaba su salida irregular hacia Panam\u00e1 por las costas de Urab\u00e1\"}]},{\"@type\":\"WebSite\",\"@id\":\"https:\/\/www.fiscalia.gov.co\/colombia\/#website\",\"url\":\"https:\/\/www.fiscalia.gov.co\/colombia\/\",\"name\":\"Fiscal\u00eda General de la Naci\u00f3n\",\"description\":\"P\u00e1gina oficial de la Fiscal\u00eda General de la Naci\u00f3n \u2013 Colombia. Garantizamos el acceso efectivo a la justicia, la verdad y la reparaci\u00f3n de las v\u00edctimas de los delitos.\",\"publisher\":{\"@id\":\"https:\/\/www.fiscalia.gov.co\/colombia\/#organization\"},\"potentialAction\":[{\"@type\":\"SearchAction\",\"target\":{\"@type\":\"EntryPoint\",\"urlTemplate\":\"https:\/\/www.fiscalia.gov.co\/colombia\/?s={search_term_string}\"},\"query-input\":{\"@type\":\"PropertyValueSpecification\",\"valueRequired\":true,\"valueName\":\"search_term_string\"}}],\"inLanguage\":\"es-CO\"},{\"@type\":\"Organization\",\"@id\":\"https:\/\/www.fiscalia.gov.co\/colombia\/#organization\",\"name\":\"Fiscal\u00eda General de la Naci\u00f3n\",\"url\":\"https:\/\/www.fiscalia.gov.co\/colombia\/\",\"logo\":{\"@type\":\"ImageObject\",\"inLanguage\":\"es-CO\",\"@id\":\"https:\/\/www.fiscalia.gov.co\/colombia\/#\/schema\/logo\/image\/\",\"url\":\"https:\/\/www.fiscalia.gov.co\/colombia\/wp-content\/uploads\/LogoHorizontal_1.jpg\",\"contentUrl\":\"https:\/\/www.fiscalia.gov.co\/colombia\/wp-content\/uploads\/LogoHorizontal_1.jpg\",\"width\":300,\"height\":90,\"caption\":\"Fiscal\u00eda General de la Naci\u00f3n\"},\"image\":{\"@id\":\"https:\/\/www.fiscalia.gov.co\/colombia\/#\/schema\/logo\/image\/\"},\"sameAs\":[\"https:\/\/www.facebook.com\/FiscaliaCol\",\"https:\/\/x.com\/FiscaliaCol\",\"https:\/\/www.instagram.com\/fiscaliacol\",\"https:\/\/www.linkedin.com\/company\/fiscalia-general-de-la-naci-n\/\",\"https:\/\/youtube.com\/@fiscaliageneraldelanacion-4668?si=6nN79nyQICPU5iTh\"]},{\"@type\":\"Person\",\"@id\":\"https:\/\/www.fiscalia.gov.co\/colombia\/#\/schema\/person\/2e76b9aba5ecf875ed565ce4de0e0415\",\"name\":\"Katherine Loaiza Mart\u00ednez\",\"image\":{\"@type\":\"ImageObject\",\"inLanguage\":\"es-CO\",\"@id\":\"https:\/\/www.fiscalia.gov.co\/colombia\/#\/schema\/person\/image\/\",\"url\":\"https:\/\/secure.gravatar.com\/avatar\/ab775a2f394c1b83b6d6f78680e57b50?s=96&d=mm&r=g\",\"contentUrl\":\"https:\/\/secure.gravatar.com\/avatar\/ab775a2f394c1b83b6d6f78680e57b50?s=96&d=mm&r=g\",\"caption\":\"Katherine Loaiza Mart\u00ednez\"},\"url\":\"https:\/\/www.fiscalia.gov.co\/colombia\/author\/kloaiza\/\"}]}<\/script>\n<!-- \/ Yoast SEO plugin. -->","yoast_head_json":{"title":"Fiscal\u00eda General de la Naci\u00f3n","description":"P\u00e1gina oficial de la Fiscal\u00eda General de la Naci\u00f3n \u2013 Colombia. Garantizamos el acceso efectivo a la justicia, la verdad y la reparaci\u00f3n de las v\u00edctimas de los delitos.","robots":{"index":"noindex","follow":"follow"},"og_locale":"es_ES","og_type":"article","og_title":"Fiscal\u00eda General de la Naci\u00f3n","og_description":"P\u00e1gina oficial de la Fiscal\u00eda General de la Naci\u00f3n \u2013 Colombia. Garantizamos el acceso efectivo a la justicia, la verdad y la reparaci\u00f3n de las v\u00edctimas de los delitos.","og_url":"https:\/\/www.fiscalia.gov.co\/colombia\/hay-justicia\/condenados-los-articuladores-de-una-red-que-ingresaba-migrantes-al-pais-por-la-frontera-con-ecuador-y-garantizaba-su-salida-irregular-hacia-panama-por-las-costas-de-uraba\/","og_site_name":"Fiscal\u00eda General de la Naci\u00f3n","article_publisher":"https:\/\/www.facebook.com\/FiscaliaCol","article_published_time":"2023-09-02T19:11:08+00:00","author":"Katherine Loaiza Mart\u00ednez","twitter_card":"summary_large_image","twitter_creator":"@FiscaliaCol","twitter_site":"@FiscaliaCol","twitter_misc":{"Escrito por":"Katherine Loaiza Mart\u00ednez","Tiempo de lectura":"2 minutos"},"schema":{"@context":"https:\/\/schema.org","@graph":[{"@type":"Article","@id":"https:\/\/www.fiscalia.gov.co\/colombia\/hay-justicia\/condenados-los-articuladores-de-una-red-que-ingresaba-migrantes-al-pais-por-la-frontera-con-ecuador-y-garantizaba-su-salida-irregular-hacia-panama-por-las-costas-de-uraba\/#article","isPartOf":{"@id":"https:\/\/www.fiscalia.gov.co\/colombia\/hay-justicia\/condenados-los-articuladores-de-una-red-que-ingresaba-migrantes-al-pais-por-la-frontera-con-ecuador-y-garantizaba-su-salida-irregular-hacia-panama-por-las-costas-de-uraba\/"},"author":{"name":"Katherine Loaiza Mart\u00ednez","@id":"https:\/\/www.fiscalia.gov.co\/colombia\/#\/schema\/person\/2e76b9aba5ecf875ed565ce4de0e0415"},"headline":"Condenados los articuladores de una red que ingresaba migrantes al pa\u00eds por la frontera con Ecuador y garantizaba su salida irregular hacia Panam\u00e1 por las costas de Urab\u00e1","datePublished":"2023-09-02T19:11:08+00:00","dateModified":"2023-09-02T19:11:08+00:00","mainEntityOfPage":{"@id":"https:\/\/www.fiscalia.gov.co\/colombia\/hay-justicia\/condenados-los-articuladores-de-una-red-que-ingresaba-migrantes-al-pais-por-la-frontera-con-ecuador-y-garantizaba-su-salida-irregular-hacia-panama-por-las-costas-de-uraba\/"},"wordCount":505,"publisher":{"@id":"https:\/\/www.fiscalia.gov.co\/colombia\/#organization"},"keywords":["Fiscal Francisco Barbosa","Fiscal General Francisco Barbosa Delgado"],"articleSection":["Derechos Humanos","Hay Justicia","Noticias"],"inLanguage":"es-CO"},{"@type":"WebPage","@id":"https:\/\/www.fiscalia.gov.co\/colombia\/hay-justicia\/condenados-los-articuladores-de-una-red-que-ingresaba-migrantes-al-pais-por-la-frontera-con-ecuador-y-garantizaba-su-salida-irregular-hacia-panama-por-las-costas-de-uraba\/","url":"https:\/\/www.fiscalia.gov.co\/colombia\/hay-justicia\/condenados-los-articuladores-de-una-red-que-ingresaba-migrantes-al-pais-por-la-frontera-con-ecuador-y-garantizaba-su-salida-irregular-hacia-panama-por-las-costas-de-uraba\/","name":"Fiscal\u00eda General de la Naci\u00f3n","isPartOf":{"@id":"https:\/\/www.fiscalia.gov.co\/colombia\/#website"},"datePublished":"2023-09-02T19:11:08+00:00","dateModified":"2023-09-02T19:11:08+00:00","description":"P\u00e1gina oficial de la Fiscal\u00eda General de la Naci\u00f3n \u2013 Colombia. Garantizamos el acceso efectivo a la justicia, la verdad y la reparaci\u00f3n de las v\u00edctimas de los delitos.","breadcrumb":{"@id":"https:\/\/www.fiscalia.gov.co\/colombia\/hay-justicia\/condenados-los-articuladores-de-una-red-que-ingresaba-migrantes-al-pais-por-la-frontera-con-ecuador-y-garantizaba-su-salida-irregular-hacia-panama-por-las-costas-de-uraba\/#breadcrumb"},"inLanguage":"es-CO","potentialAction":[{"@type":"ReadAction","target":["https:\/\/www.fiscalia.gov.co\/colombia\/hay-justicia\/condenados-los-articuladores-de-una-red-que-ingresaba-migrantes-al-pais-por-la-frontera-con-ecuador-y-garantizaba-su-salida-irregular-hacia-panama-por-las-costas-de-uraba\/"]}]},{"@type":"BreadcrumbList","@id":"https:\/\/www.fiscalia.gov.co\/colombia\/hay-justicia\/condenados-los-articuladores-de-una-red-que-ingresaba-migrantes-al-pais-por-la-frontera-con-ecuador-y-garantizaba-su-salida-irregular-hacia-panama-por-las-costas-de-uraba\/#breadcrumb","itemListElement":[{"@type":"ListItem","position":1,"name":"Home","item":"https:\/\/www.fiscalia.gov.co\/colombia\/"},{"@type":"ListItem","position":2,"name":"Condenados los articuladores de una red que ingresaba migrantes al pa\u00eds por la frontera con Ecuador y garantizaba su salida irregular hacia Panam\u00e1 por las costas de Urab\u00e1"}]},{"@type":"WebSite","@id":"https:\/\/www.fiscalia.gov.co\/colombia\/#website","url":"https:\/\/www.fiscalia.gov.co\/colombia\/","name":"Fiscal\u00eda General de la Naci\u00f3n","description":"P\u00e1gina oficial de la Fiscal\u00eda General de la Naci\u00f3n \u2013 Colombia. Garantizamos el acceso efectivo a la justicia, la verdad y la reparaci\u00f3n de las v\u00edctimas de los delitos.","publisher":{"@id":"https:\/\/www.fiscalia.gov.co\/colombia\/#organization"},"potentialAction":[{"@type":"SearchAction","target":{"@type":"EntryPoint","urlTemplate":"https:\/\/www.fiscalia.gov.co\/colombia\/?s={search_term_string}"},"query-input":{"@type":"PropertyValueSpecification","valueRequired":true,"valueName":"search_term_string"}}],"inLanguage":"es-CO"},{"@type":"Organization","@id":"https:\/\/www.fiscalia.gov.co\/colombia\/#organization","name":"Fiscal\u00eda General de la Naci\u00f3n","url":"https:\/\/www.fiscalia.gov.co\/colombia\/","logo":{"@type":"ImageObject","inLanguage":"es-CO","@id":"https:\/\/www.fiscalia.gov.co\/colombia\/#\/schema\/logo\/image\/","url":"https:\/\/www.fiscalia.gov.co\/colombia\/wp-content\/uploads\/LogoHorizontal_1.jpg","contentUrl":"https:\/\/www.fiscalia.gov.co\/colombia\/wp-content\/uploads\/LogoHorizontal_1.jpg","width":300,"height":90,"caption":"Fiscal\u00eda General de la Naci\u00f3n"},"image":{"@id":"https:\/\/www.fiscalia.gov.co\/colombia\/#\/schema\/logo\/image\/"},"sameAs":["https:\/\/www.facebook.com\/FiscaliaCol","https:\/\/x.com\/FiscaliaCol","https:\/\/www.instagram.com\/fiscaliacol","https:\/\/www.linkedin.com\/company\/fiscalia-general-de-la-naci-n\/","https:\/\/youtube.com\/@fiscaliageneraldelanacion-4668?si=6nN79nyQICPU5iTh"]},{"@type":"Person","@id":"https:\/\/www.fiscalia.gov.co\/colombia\/#\/schema\/person\/2e76b9aba5ecf875ed565ce4de0e0415","name":"Katherine Loaiza Mart\u00ednez","image":{"@type":"ImageObject","inLanguage":"es-CO","@id":"https:\/\/www.fiscalia.gov.co\/colombia\/#\/schema\/person\/image\/","url":"https:\/\/secure.gravatar.com\/avatar\/ab775a2f394c1b83b6d6f78680e57b50?s=96&d=mm&r=g","contentUrl":"https:\/\/secure.gravatar.com\/avatar\/ab775a2f394c1b83b6d6f78680e57b50?s=96&d=mm&r=g","caption":"Katherine Loaiza Mart\u00ednez"},"url":"https:\/\/www.fiscalia.gov.co\/colombia\/author\/kloaiza\/"}]}},"_links":{"self":[{"href":"https:\/\/www.fiscalia.gov.co\/colombia\/wp-json\/wp\/v2\/posts\/278224","targetHints":{"allow":["GET"]}}],"collection":[{"href":"https:\/\/www.fiscalia.gov.co\/colombia\/wp-json\/wp\/v2\/posts"}],"about":[{"href":"https:\/\/www.fiscalia.gov.co\/colombia\/wp-json\/wp\/v2\/types\/post"}],"author":[{"embeddable":true,"href":"https:\/\/www.fiscalia.gov.co\/colombia\/wp-json\/wp\/v2\/users\/175"}],"replies":[{"embeddable":true,"href":"https:\/\/www.fiscalia.gov.co\/colombia\/wp-json\/wp\/v2\/comments?post=278224"}],"version-history":[{"count":1,"href":"https:\/\/www.fiscalia.gov.co\/colombia\/wp-json\/wp\/v2\/posts\/278224\/revisions"}],"predecessor-version":[{"id":278225,"href":"https:\/\/www.fiscalia.gov.co\/colombia\/wp-json\/wp\/v2\/posts\/278224\/revisions\/278225"}],"wp:attachment":[{"href":"https:\/\/www.fiscalia.gov.co\/colombia\/wp-json\/wp\/v2\/media?parent=278224"}],"wp:term":[{"taxonomy":"category","embeddable":true,"href":"https:\/\/www.fiscalia.gov.co\/colombia\/wp-json\/wp\/v2\/categories?post=278224"},{"taxonomy":"post_tag","embeddable":true,"href":"https:\/\/www.fiscalia.gov.co\/colombia\/wp-json\/wp\/v2\/tags?post=278224"}],"curies":[{"name":"wp","href":"https:\/\/api.w.org\/{rel}","templated":true}]}}