{"id":277770,"date":"2023-08-29T10:36:56","date_gmt":"2023-08-29T15:36:56","guid":{"rendered":"https:\/\/www.fiscalia.gov.co\/colombia\/?p=277770"},"modified":"2023-08-29T10:36:56","modified_gmt":"2023-08-29T15:36:56","slug":"fiscalia-judicializa-a-cuatro-barristas-que-habrian-promovido-actos-de-violencia-en-estadio-de-medellin","status":"publish","type":"post","link":"https:\/\/www.fiscalia.gov.co\/colombia\/noticias\/fiscalia-judicializa-a-cuatro-barristas-que-habrian-promovido-actos-de-violencia-en-estadio-de-medellin\/","title":{"rendered":"Fiscal\u00eda judicializa a cuatro barristas que habr\u00edan promovido actos de violencia en estadio de Medell\u00edn"},"content":{"rendered":"<ul>\n<li>\n<h4><strong><em>Los hechos investigados ocurrieron el pasado 16 de abril antes de un partido programado entre el equipo local y uno del Valle del Cauca.<\/em><\/strong><\/h4>\n<\/li>\n<li style=\"font-weight: 400;\">\n<h4><strong><em>Los procesados habr\u00edan promovido en redes sociales actos de violencia que dejaron 80 personas lesionadas y afectaciones econ\u00f3micas que superar\u00edan los 3.750 millones de pesos.<\/em><\/strong><\/h4>\n<\/li>\n<\/ul>\n<p style=\"font-weight: 400;\">Ante un juez con funci\u00f3n de control de garant\u00edas de Medell\u00edn, la Fiscal\u00eda General de la Naci\u00f3n imput\u00f3 a cuatro integrantes de la barra \u2018Los del Sur\u2019, como posibles responsables del delito de instigaci\u00f3n a delinquir agravada.<\/p>\n<p style=\"font-weight: 400;\">Se trata de Andr\u00e9s Felipe Mu\u00f1oz Lara, Andr\u00e9s Felipe Ospina Calle, Ramiro Andr\u00e9s Guti\u00e9rrez Pati\u00f1o y Ra\u00fal Eduardo Mart\u00ednez Hoyos quienes el 16 de abril pasado, antes de un partido de f\u00fatbol entre un equipo local y uno vallecaucano, habr\u00edan promovido una serie de desmanes que dejaron varios ciudadanos afectados y cuantiosos da\u00f1os materiales.<\/p>\n<p style=\"font-weight: 400;\">Seg\u00fan la investigaci\u00f3n, dos d\u00edas antes del evento deportivo los procesados habr\u00edan usado sus redes sociales para promover acciones vand\u00e1licas que dejaron 80 personas lesionadas, entre ellos 20 polic\u00edas y 12 trabajadores que se encargaban de la log\u00edstica del estadio.<\/p>\n<p style=\"font-weight: 400;\">C\u00e1lculos oficiales se\u00f1alan que los destrozos materiales causados en el estadio Atanasio Girardot de la capital antioque\u00f1a, superar\u00edan los 670 millones de pesos, mientras que los perjuicios econ\u00f3micos para el equipo antioque\u00f1o, por cuenta de las sanciones que debe afrontar, sobrepasan los 3.100 millones.<\/p>\n<p style=\"font-weight: 400;\">Ninguno de los procesados acept\u00f3 los cargos que les fueron imputados.<\/p>\n<p style=\"font-weight: 400;\">El juez de control de garant\u00edas les impuso a los cuatro procesados medidas de aseguramiento no privativas de la libertad como la prohibici\u00f3n para asistir al estadio Atanasio Girardot cuando juegue su equipo de f\u00fatbol.<\/p>\n<p style=\"font-weight: 400;\">Adem\u00e1s, no podr\u00e1n comunicarse entre ellos ni con los directivos del plantel deportivo. Por \u00faltimo, no podr\u00e1n usar las redes sociales para comentar asuntos de la hinchada.<\/p>\n<p style=\"font-weight: 400;\">La decisi\u00f3n fue apelada por las partes.<\/p>\n<p><strong><u>La Fiscal\u00eda habla con resultados.<\/u><\/strong><\/p>\n<p>&nbsp;<\/p>\n<p>&nbsp;<\/p>\n<p>&nbsp;<\/p>\n<p>&nbsp;<\/p>\n<p>&nbsp;<\/p>\n<p style=\"font-weight: 400;\">NAMT\/LFML\/MAGA\/LALB\/YMAS\/DSM\/MRC\/<\/p>\n<p style=\"font-weight: 400;\">\n<p>&nbsp;<\/p>\n<p>&nbsp;<\/p>\n<p>&nbsp;<\/p>\n<p>&nbsp;<\/p>\n<div class=\"td-post-content tagdiv-type\">\n<p><em>La informaci\u00f3n contenida en este bolet\u00edn de prensa corresponde a la narraci\u00f3n de los hechos noticiosos objetivos, suministrados por los funcionarios encargados de adelantar las investigaciones penales al interior de la Fiscal\u00eda General de la Naci\u00f3n. Para el momento de la divulgaci\u00f3n de este comunicado, la situaci\u00f3n jur\u00eddica de la(s) persona(s) relacionada(s) se encuentra pendiente de resolver por la autoridad judicial competente, siempre bajo los preceptos de la presunci\u00f3n de inocencia, consagrados en el art\u00edculo 29 de la Constituci\u00f3n Pol\u00edtica y el art\u00edculo 7\u00ba de la Ley 906 de 2004.<\/em><\/p>\n<\/div>\n\n<div class=\"twitter-share\"><a href=\"https:\/\/twitter.com\/intent\/tweet?via=fiscaliacol\" class=\"twitter-share-button\">Tweet<\/a><\/div>\n","protected":false},"excerpt":{"rendered":"<p>Los hechos investigados ocurrieron el pasado 16 de abril antes de un partido programado entre el equipo local y uno del Valle del Cauca. Los procesados habr\u00edan promovido en redes sociales actos de violencia que dejaron 80 personas lesionadas y afectaciones econ\u00f3micas que superar\u00edan los 3.750 millones de pesos. Ante un juez con funci\u00f3n de [&hellip;]<\/p>\n","protected":false},"author":177,"featured_media":0,"comment_status":"closed","ping_status":"open","sticky":false,"template":"","format":"standard","meta":{"_price":"","_stock":"","_tribe_ticket_header":"","_tribe_default_ticket_provider":"","_tribe_ticket_capacity":"0","_ticket_start_date":"","_ticket_end_date":"","_tribe_ticket_show_description":"","_tribe_ticket_show_not_going":false,"_tribe_ticket_use_global_stock":"","_tribe_ticket_global_stock_level":"","_global_stock_mode":"","_global_stock_cap":"","_tribe_rsvp_for_event":"","_tribe_ticket_going_count":"","_tribe_ticket_not_going_count":"","_tribe_tickets_list":"[]","_tribe_ticket_has_attendee_info_fields":false,"tdm_status":"","tdm_grid_status":"","footnotes":""},"categories":[1,318,331,303,24099],"tags":[35454,24185,1047,35453,23985,35451,35452],"class_list":{"0":"post-277770","1":"post","2":"type-post","3":"status-publish","4":"format-standard","6":"category-noticias","7":"category-seccional-antioquia","8":"category-seccional-medellin","9":"category-seccionales","10":"category-seguridad-territorial","11":"tag-desmanes-en-el-estadio-atanasio-girardot-de-medellin","12":"tag-fiscal-barbosa","13":"tag-fiscalia-general-de-la-nacion","14":"tag-instigacion-a-delinquir-agravada","15":"tag-medellin-antioquia","16":"tag-medida-no-privativa-de-la-libertad-para-lideres-de-barra-los-del-sur","17":"tag-prohibicion-de-asistir-al-estadio-cuando-juegue-el-equipo"},"yoast_head":"<!-- This site is optimized with the Yoast SEO plugin v24.3 - https:\/\/yoast.com\/wordpress\/plugins\/seo\/ -->\n<title>Fiscal\u00eda General de la Naci\u00f3n<\/title>\n<meta name=\"description\" content=\"P\u00e1gina oficial de la Fiscal\u00eda General de la Naci\u00f3n \u2013 Colombia. Garantizamos el acceso efectivo a la justicia, la verdad y la reparaci\u00f3n de las v\u00edctimas de los delitos.\" \/>\n<meta name=\"robots\" content=\"noindex, follow\" \/>\n<meta property=\"og:locale\" content=\"es_ES\" \/>\n<meta property=\"og:type\" content=\"article\" \/>\n<meta property=\"og:title\" content=\"Fiscal\u00eda General de la Naci\u00f3n\" \/>\n<meta property=\"og:description\" content=\"P\u00e1gina oficial de la Fiscal\u00eda General de la Naci\u00f3n \u2013 Colombia. Garantizamos el acceso efectivo a la justicia, la verdad y la reparaci\u00f3n de las v\u00edctimas de los delitos.\" \/>\n<meta property=\"og:url\" content=\"https:\/\/www.fiscalia.gov.co\/colombia\/noticias\/fiscalia-judicializa-a-cuatro-barristas-que-habrian-promovido-actos-de-violencia-en-estadio-de-medellin\/\" \/>\n<meta property=\"og:site_name\" content=\"Fiscal\u00eda General de la Naci\u00f3n\" \/>\n<meta property=\"article:publisher\" content=\"https:\/\/www.facebook.com\/FiscaliaCol\" \/>\n<meta property=\"article:published_time\" content=\"2023-08-29T15:36:56+00:00\" \/>\n<meta name=\"author\" content=\"Jordan Leandro Oviedo Anzola\" \/>\n<meta name=\"twitter:card\" content=\"summary_large_image\" \/>\n<meta name=\"twitter:creator\" content=\"@FiscaliaCol\" \/>\n<meta name=\"twitter:site\" content=\"@FiscaliaCol\" \/>\n<meta name=\"twitter:label1\" content=\"Escrito por\" \/>\n\t<meta name=\"twitter:data1\" content=\"Jordan Leandro Oviedo Anzola\" \/>\n\t<meta name=\"twitter:label2\" content=\"Tiempo de lectura\" \/>\n\t<meta name=\"twitter:data2\" content=\"2 minutos\" \/>\n<script type=\"application\/ld+json\" class=\"yoast-schema-graph\">{\"@context\":\"https:\/\/schema.org\",\"@graph\":[{\"@type\":\"Article\",\"@id\":\"https:\/\/www.fiscalia.gov.co\/colombia\/noticias\/fiscalia-judicializa-a-cuatro-barristas-que-habrian-promovido-actos-de-violencia-en-estadio-de-medellin\/#article\",\"isPartOf\":{\"@id\":\"https:\/\/www.fiscalia.gov.co\/colombia\/noticias\/fiscalia-judicializa-a-cuatro-barristas-que-habrian-promovido-actos-de-violencia-en-estadio-de-medellin\/\"},\"author\":{\"name\":\"Jordan Leandro Oviedo Anzola\",\"@id\":\"https:\/\/www.fiscalia.gov.co\/colombia\/#\/schema\/person\/bf84402cf293a5393e9c70b111020b24\"},\"headline\":\"Fiscal\u00eda judicializa a cuatro barristas que habr\u00edan promovido actos de violencia en estadio de Medell\u00edn\",\"datePublished\":\"2023-08-29T15:36:56+00:00\",\"dateModified\":\"2023-08-29T15:36:56+00:00\",\"mainEntityOfPage\":{\"@id\":\"https:\/\/www.fiscalia.gov.co\/colombia\/noticias\/fiscalia-judicializa-a-cuatro-barristas-que-habrian-promovido-actos-de-violencia-en-estadio-de-medellin\/\"},\"wordCount\":477,\"publisher\":{\"@id\":\"https:\/\/www.fiscalia.gov.co\/colombia\/#organization\"},\"keywords\":[\"desmanes en el estadio Atanasio Girardot de Medell\u00edn.\",\"Fiscal Barbosa\",\"Fiscal\u00eda General de la Naci\u00f3n\",\"instigaci\u00f3n a delinquir agravada\",\"Medell\u00edn (Antioquia)\",\"Medida no privativa de la libertad para lideres de barra Los del Sur\",\"prohibici\u00f3n de asistir al estadio cuando juegue el equipo\"],\"articleSection\":[\"Noticias\",\"Seccional Antioquia\",\"Seccional Medell\u00edn\",\"Seccionales\",\"Seguridad territorial\"],\"inLanguage\":\"es-CO\"},{\"@type\":\"WebPage\",\"@id\":\"https:\/\/www.fiscalia.gov.co\/colombia\/noticias\/fiscalia-judicializa-a-cuatro-barristas-que-habrian-promovido-actos-de-violencia-en-estadio-de-medellin\/\",\"url\":\"https:\/\/www.fiscalia.gov.co\/colombia\/noticias\/fiscalia-judicializa-a-cuatro-barristas-que-habrian-promovido-actos-de-violencia-en-estadio-de-medellin\/\",\"name\":\"Fiscal\u00eda General de la Naci\u00f3n\",\"isPartOf\":{\"@id\":\"https:\/\/www.fiscalia.gov.co\/colombia\/#website\"},\"datePublished\":\"2023-08-29T15:36:56+00:00\",\"dateModified\":\"2023-08-29T15:36:56+00:00\",\"description\":\"P\u00e1gina oficial de la Fiscal\u00eda General de la Naci\u00f3n \u2013 Colombia. Garantizamos el acceso efectivo a la justicia, la verdad y la reparaci\u00f3n de las v\u00edctimas de los delitos.\",\"breadcrumb\":{\"@id\":\"https:\/\/www.fiscalia.gov.co\/colombia\/noticias\/fiscalia-judicializa-a-cuatro-barristas-que-habrian-promovido-actos-de-violencia-en-estadio-de-medellin\/#breadcrumb\"},\"inLanguage\":\"es-CO\",\"potentialAction\":[{\"@type\":\"ReadAction\",\"target\":[\"https:\/\/www.fiscalia.gov.co\/colombia\/noticias\/fiscalia-judicializa-a-cuatro-barristas-que-habrian-promovido-actos-de-violencia-en-estadio-de-medellin\/\"]}]},{\"@type\":\"BreadcrumbList\",\"@id\":\"https:\/\/www.fiscalia.gov.co\/colombia\/noticias\/fiscalia-judicializa-a-cuatro-barristas-que-habrian-promovido-actos-de-violencia-en-estadio-de-medellin\/#breadcrumb\",\"itemListElement\":[{\"@type\":\"ListItem\",\"position\":1,\"name\":\"Home\",\"item\":\"https:\/\/www.fiscalia.gov.co\/colombia\/\"},{\"@type\":\"ListItem\",\"position\":2,\"name\":\"Fiscal\u00eda judicializa a cuatro barristas que habr\u00edan promovido actos de violencia en estadio de Medell\u00edn\"}]},{\"@type\":\"WebSite\",\"@id\":\"https:\/\/www.fiscalia.gov.co\/colombia\/#website\",\"url\":\"https:\/\/www.fiscalia.gov.co\/colombia\/\",\"name\":\"Fiscal\u00eda General de la Naci\u00f3n\",\"description\":\"P\u00e1gina oficial de la Fiscal\u00eda General de la Naci\u00f3n \u2013 Colombia. Garantizamos el acceso efectivo a la justicia, la verdad y la reparaci\u00f3n de las v\u00edctimas de los delitos.\",\"publisher\":{\"@id\":\"https:\/\/www.fiscalia.gov.co\/colombia\/#organization\"},\"potentialAction\":[{\"@type\":\"SearchAction\",\"target\":{\"@type\":\"EntryPoint\",\"urlTemplate\":\"https:\/\/www.fiscalia.gov.co\/colombia\/?s={search_term_string}\"},\"query-input\":{\"@type\":\"PropertyValueSpecification\",\"valueRequired\":true,\"valueName\":\"search_term_string\"}}],\"inLanguage\":\"es-CO\"},{\"@type\":\"Organization\",\"@id\":\"https:\/\/www.fiscalia.gov.co\/colombia\/#organization\",\"name\":\"Fiscal\u00eda General de la Naci\u00f3n\",\"url\":\"https:\/\/www.fiscalia.gov.co\/colombia\/\",\"logo\":{\"@type\":\"ImageObject\",\"inLanguage\":\"es-CO\",\"@id\":\"https:\/\/www.fiscalia.gov.co\/colombia\/#\/schema\/logo\/image\/\",\"url\":\"https:\/\/www.fiscalia.gov.co\/colombia\/wp-content\/uploads\/LogoHorizontal_1.jpg\",\"contentUrl\":\"https:\/\/www.fiscalia.gov.co\/colombia\/wp-content\/uploads\/LogoHorizontal_1.jpg\",\"width\":300,\"height\":90,\"caption\":\"Fiscal\u00eda General de la Naci\u00f3n\"},\"image\":{\"@id\":\"https:\/\/www.fiscalia.gov.co\/colombia\/#\/schema\/logo\/image\/\"},\"sameAs\":[\"https:\/\/www.facebook.com\/FiscaliaCol\",\"https:\/\/x.com\/FiscaliaCol\",\"https:\/\/www.instagram.com\/fiscaliacol\",\"https:\/\/www.linkedin.com\/company\/fiscalia-general-de-la-naci-n\/\",\"https:\/\/youtube.com\/@fiscaliageneraldelanacion-4668?si=6nN79nyQICPU5iTh\"]},{\"@type\":\"Person\",\"@id\":\"https:\/\/www.fiscalia.gov.co\/colombia\/#\/schema\/person\/bf84402cf293a5393e9c70b111020b24\",\"name\":\"Jordan Leandro Oviedo Anzola\",\"image\":{\"@type\":\"ImageObject\",\"inLanguage\":\"es-CO\",\"@id\":\"https:\/\/www.fiscalia.gov.co\/colombia\/#\/schema\/person\/image\/\",\"url\":\"https:\/\/secure.gravatar.com\/avatar\/dabba4346fa9b9207d96adafa8f92721?s=96&d=mm&r=g\",\"contentUrl\":\"https:\/\/secure.gravatar.com\/avatar\/dabba4346fa9b9207d96adafa8f92721?s=96&d=mm&r=g\",\"caption\":\"Jordan Leandro Oviedo Anzola\"},\"url\":\"https:\/\/www.fiscalia.gov.co\/colombia\/author\/joviedo\/\"}]}<\/script>\n<!-- \/ Yoast SEO plugin. -->","yoast_head_json":{"title":"Fiscal\u00eda General de la Naci\u00f3n","description":"P\u00e1gina oficial de la Fiscal\u00eda General de la Naci\u00f3n \u2013 Colombia. Garantizamos el acceso efectivo a la justicia, la verdad y la reparaci\u00f3n de las v\u00edctimas de los delitos.","robots":{"index":"noindex","follow":"follow"},"og_locale":"es_ES","og_type":"article","og_title":"Fiscal\u00eda General de la Naci\u00f3n","og_description":"P\u00e1gina oficial de la Fiscal\u00eda General de la Naci\u00f3n \u2013 Colombia. Garantizamos el acceso efectivo a la justicia, la verdad y la reparaci\u00f3n de las v\u00edctimas de los delitos.","og_url":"https:\/\/www.fiscalia.gov.co\/colombia\/noticias\/fiscalia-judicializa-a-cuatro-barristas-que-habrian-promovido-actos-de-violencia-en-estadio-de-medellin\/","og_site_name":"Fiscal\u00eda General de la Naci\u00f3n","article_publisher":"https:\/\/www.facebook.com\/FiscaliaCol","article_published_time":"2023-08-29T15:36:56+00:00","author":"Jordan Leandro Oviedo Anzola","twitter_card":"summary_large_image","twitter_creator":"@FiscaliaCol","twitter_site":"@FiscaliaCol","twitter_misc":{"Escrito por":"Jordan Leandro Oviedo Anzola","Tiempo de lectura":"2 minutos"},"schema":{"@context":"https:\/\/schema.org","@graph":[{"@type":"Article","@id":"https:\/\/www.fiscalia.gov.co\/colombia\/noticias\/fiscalia-judicializa-a-cuatro-barristas-que-habrian-promovido-actos-de-violencia-en-estadio-de-medellin\/#article","isPartOf":{"@id":"https:\/\/www.fiscalia.gov.co\/colombia\/noticias\/fiscalia-judicializa-a-cuatro-barristas-que-habrian-promovido-actos-de-violencia-en-estadio-de-medellin\/"},"author":{"name":"Jordan Leandro Oviedo Anzola","@id":"https:\/\/www.fiscalia.gov.co\/colombia\/#\/schema\/person\/bf84402cf293a5393e9c70b111020b24"},"headline":"Fiscal\u00eda judicializa a cuatro barristas que habr\u00edan promovido actos de violencia en estadio de Medell\u00edn","datePublished":"2023-08-29T15:36:56+00:00","dateModified":"2023-08-29T15:36:56+00:00","mainEntityOfPage":{"@id":"https:\/\/www.fiscalia.gov.co\/colombia\/noticias\/fiscalia-judicializa-a-cuatro-barristas-que-habrian-promovido-actos-de-violencia-en-estadio-de-medellin\/"},"wordCount":477,"publisher":{"@id":"https:\/\/www.fiscalia.gov.co\/colombia\/#organization"},"keywords":["desmanes en el estadio Atanasio Girardot de Medell\u00edn.","Fiscal Barbosa","Fiscal\u00eda General de la Naci\u00f3n","instigaci\u00f3n a delinquir agravada","Medell\u00edn (Antioquia)","Medida no privativa de la libertad para lideres de barra Los del Sur","prohibici\u00f3n de asistir al estadio cuando juegue el equipo"],"articleSection":["Noticias","Seccional Antioquia","Seccional Medell\u00edn","Seccionales","Seguridad territorial"],"inLanguage":"es-CO"},{"@type":"WebPage","@id":"https:\/\/www.fiscalia.gov.co\/colombia\/noticias\/fiscalia-judicializa-a-cuatro-barristas-que-habrian-promovido-actos-de-violencia-en-estadio-de-medellin\/","url":"https:\/\/www.fiscalia.gov.co\/colombia\/noticias\/fiscalia-judicializa-a-cuatro-barristas-que-habrian-promovido-actos-de-violencia-en-estadio-de-medellin\/","name":"Fiscal\u00eda General de la Naci\u00f3n","isPartOf":{"@id":"https:\/\/www.fiscalia.gov.co\/colombia\/#website"},"datePublished":"2023-08-29T15:36:56+00:00","dateModified":"2023-08-29T15:36:56+00:00","description":"P\u00e1gina oficial de la Fiscal\u00eda General de la Naci\u00f3n \u2013 Colombia. Garantizamos el acceso efectivo a la justicia, la verdad y la reparaci\u00f3n de las v\u00edctimas de los delitos.","breadcrumb":{"@id":"https:\/\/www.fiscalia.gov.co\/colombia\/noticias\/fiscalia-judicializa-a-cuatro-barristas-que-habrian-promovido-actos-de-violencia-en-estadio-de-medellin\/#breadcrumb"},"inLanguage":"es-CO","potentialAction":[{"@type":"ReadAction","target":["https:\/\/www.fiscalia.gov.co\/colombia\/noticias\/fiscalia-judicializa-a-cuatro-barristas-que-habrian-promovido-actos-de-violencia-en-estadio-de-medellin\/"]}]},{"@type":"BreadcrumbList","@id":"https:\/\/www.fiscalia.gov.co\/colombia\/noticias\/fiscalia-judicializa-a-cuatro-barristas-que-habrian-promovido-actos-de-violencia-en-estadio-de-medellin\/#breadcrumb","itemListElement":[{"@type":"ListItem","position":1,"name":"Home","item":"https:\/\/www.fiscalia.gov.co\/colombia\/"},{"@type":"ListItem","position":2,"name":"Fiscal\u00eda judicializa a cuatro barristas que habr\u00edan promovido actos de violencia en estadio de Medell\u00edn"}]},{"@type":"WebSite","@id":"https:\/\/www.fiscalia.gov.co\/colombia\/#website","url":"https:\/\/www.fiscalia.gov.co\/colombia\/","name":"Fiscal\u00eda General de la Naci\u00f3n","description":"P\u00e1gina oficial de la Fiscal\u00eda General de la Naci\u00f3n \u2013 Colombia. Garantizamos el acceso efectivo a la justicia, la verdad y la reparaci\u00f3n de las v\u00edctimas de los delitos.","publisher":{"@id":"https:\/\/www.fiscalia.gov.co\/colombia\/#organization"},"potentialAction":[{"@type":"SearchAction","target":{"@type":"EntryPoint","urlTemplate":"https:\/\/www.fiscalia.gov.co\/colombia\/?s={search_term_string}"},"query-input":{"@type":"PropertyValueSpecification","valueRequired":true,"valueName":"search_term_string"}}],"inLanguage":"es-CO"},{"@type":"Organization","@id":"https:\/\/www.fiscalia.gov.co\/colombia\/#organization","name":"Fiscal\u00eda General de la Naci\u00f3n","url":"https:\/\/www.fiscalia.gov.co\/colombia\/","logo":{"@type":"ImageObject","inLanguage":"es-CO","@id":"https:\/\/www.fiscalia.gov.co\/colombia\/#\/schema\/logo\/image\/","url":"https:\/\/www.fiscalia.gov.co\/colombia\/wp-content\/uploads\/LogoHorizontal_1.jpg","contentUrl":"https:\/\/www.fiscalia.gov.co\/colombia\/wp-content\/uploads\/LogoHorizontal_1.jpg","width":300,"height":90,"caption":"Fiscal\u00eda General de la Naci\u00f3n"},"image":{"@id":"https:\/\/www.fiscalia.gov.co\/colombia\/#\/schema\/logo\/image\/"},"sameAs":["https:\/\/www.facebook.com\/FiscaliaCol","https:\/\/x.com\/FiscaliaCol","https:\/\/www.instagram.com\/fiscaliacol","https:\/\/www.linkedin.com\/company\/fiscalia-general-de-la-naci-n\/","https:\/\/youtube.com\/@fiscaliageneraldelanacion-4668?si=6nN79nyQICPU5iTh"]},{"@type":"Person","@id":"https:\/\/www.fiscalia.gov.co\/colombia\/#\/schema\/person\/bf84402cf293a5393e9c70b111020b24","name":"Jordan Leandro Oviedo Anzola","image":{"@type":"ImageObject","inLanguage":"es-CO","@id":"https:\/\/www.fiscalia.gov.co\/colombia\/#\/schema\/person\/image\/","url":"https:\/\/secure.gravatar.com\/avatar\/dabba4346fa9b9207d96adafa8f92721?s=96&d=mm&r=g","contentUrl":"https:\/\/secure.gravatar.com\/avatar\/dabba4346fa9b9207d96adafa8f92721?s=96&d=mm&r=g","caption":"Jordan Leandro Oviedo Anzola"},"url":"https:\/\/www.fiscalia.gov.co\/colombia\/author\/joviedo\/"}]}},"_links":{"self":[{"href":"https:\/\/www.fiscalia.gov.co\/colombia\/wp-json\/wp\/v2\/posts\/277770","targetHints":{"allow":["GET"]}}],"collection":[{"href":"https:\/\/www.fiscalia.gov.co\/colombia\/wp-json\/wp\/v2\/posts"}],"about":[{"href":"https:\/\/www.fiscalia.gov.co\/colombia\/wp-json\/wp\/v2\/types\/post"}],"author":[{"embeddable":true,"href":"https:\/\/www.fiscalia.gov.co\/colombia\/wp-json\/wp\/v2\/users\/177"}],"replies":[{"embeddable":true,"href":"https:\/\/www.fiscalia.gov.co\/colombia\/wp-json\/wp\/v2\/comments?post=277770"}],"version-history":[{"count":1,"href":"https:\/\/www.fiscalia.gov.co\/colombia\/wp-json\/wp\/v2\/posts\/277770\/revisions"}],"predecessor-version":[{"id":277773,"href":"https:\/\/www.fiscalia.gov.co\/colombia\/wp-json\/wp\/v2\/posts\/277770\/revisions\/277773"}],"wp:attachment":[{"href":"https:\/\/www.fiscalia.gov.co\/colombia\/wp-json\/wp\/v2\/media?parent=277770"}],"wp:term":[{"taxonomy":"category","embeddable":true,"href":"https:\/\/www.fiscalia.gov.co\/colombia\/wp-json\/wp\/v2\/categories?post=277770"},{"taxonomy":"post_tag","embeddable":true,"href":"https:\/\/www.fiscalia.gov.co\/colombia\/wp-json\/wp\/v2\/tags?post=277770"}],"curies":[{"name":"wp","href":"https:\/\/api.w.org\/{rel}","templated":true}]}}