{"id":277685,"date":"2023-08-28T15:39:21","date_gmt":"2023-08-28T20:39:21","guid":{"rendered":"https:\/\/www.fiscalia.gov.co\/colombia\/?p=277685"},"modified":"2023-08-28T15:39:21","modified_gmt":"2023-08-28T20:39:21","slug":"en-cuatro-dias-la-fiscalia-resolvio-el-homicidio-de-una-menor-de-3-anos-en-cucuta-norte-de-santander","status":"publish","type":"post","link":"https:\/\/www.fiscalia.gov.co\/colombia\/noticias\/en-cuatro-dias-la-fiscalia-resolvio-el-homicidio-de-una-menor-de-3-anos-en-cucuta-norte-de-santander\/","title":{"rendered":"En cuatro d\u00edas la Fiscal\u00eda resolvi\u00f3 el homicidio de una menor de 3 a\u00f1os en C\u00facuta (Norte de Santander)"},"content":{"rendered":"<h4 style=\"font-weight: 400;\"><strong><em>El procesado habr\u00eda cometido el il\u00edcito por \u00f3rdenes de alias Porras, detenido en la c\u00e1rcel la Picota de Bogot\u00e1.\u00a0<\/em><\/strong><\/h4>\n<p style=\"font-weight: 400;\">Labores investigativas adelantadas por un fiscal seccional de la Unidad de Vida en articulaci\u00f3n con la el CTI y la Polic\u00eda Nacional, lograron\u00a0<a href=\"https:\/\/www.fiscalia.gov.co\/colombia\/noticias\/a-la-carcel-hombre-investigado-por-homicidio-en-zona-metropolitana-de-cucuta\/\" data-saferedirecturl=\"https:\/\/www.google.com\/url?q=https:\/\/www.fiscalia.gov.co\/colombia\/noticias\/a-la-carcel-hombre-investigado-por-homicidio-en-zona-metropolitana-de-cucuta\/&amp;source=gmail&amp;ust=1693336652727000&amp;usg=AOvVaw02ZtRF-GEix1xucIc6dPng\">resolver<\/a>\u00a0la agresi\u00f3n con arma de fuego que termin\u00f3 con la vida de una ni\u00f1a de tres a\u00f1os, de un hombre y heridas a la madre. Hechos ocurridos el pasado 20 de agosto en zona metropolitana de C\u00facuta (Norte de Santander).<\/p>\n<p style=\"font-weight: 400;\">Se trata de Oswaldo Alexander Gonz\u00e1lez Subero, alias Valencia, quien, de acuerdo con el material de prueba recopilado, como entrevistas a testigos y otras pruebas, habr\u00eda sido el\u00a0<a href=\"https:\/\/www.fiscalia.gov.co\/colombia\/noticias\/la-fiscalia-resolvio-tres-homicidios-ocurridos-en-zona-metropolitana-de-cucuta\/\" data-saferedirecturl=\"https:\/\/www.google.com\/url?q=https:\/\/www.fiscalia.gov.co\/colombia\/noticias\/la-fiscalia-resolvio-tres-homicidios-ocurridos-en-zona-metropolitana-de-cucuta\/&amp;source=gmail&amp;ust=1693336652727000&amp;usg=AOvVaw0T9zMEbBKv04Ug6FGeNo75\">autor<\/a>\u00a0material del ataque.<\/p>\n<p style=\"font-weight: 400;\">Seg\u00fan la investigaci\u00f3n, al parecer, el homicidio fue ordenado por alias Porras detenido en la c\u00e1rcel la Picota, contra la familia de alias Chanchiro con quien, al parecer, se disputan el control del patio 8 de la c\u00e1rcel Modelo de esta ciudad.<\/p>\n<p style=\"font-weight: 400;\">Alias Valencia,\u00a0presunto integrante del grupo delincuencial com\u00fan organizado conocido como\u00a0<a href=\"https:\/\/www.fiscalia.gov.co\/colombia\/noticias\/a-prision-presunto-integrante-del-grupo-delincuencial-los-porras-senalado-de-realizar-homicidios-en-cucuta-norte-de-santander\/\" data-saferedirecturl=\"https:\/\/www.google.com\/url?q=https:\/\/www.fiscalia.gov.co\/colombia\/noticias\/a-prision-presunto-integrante-del-grupo-delincuencial-los-porras-senalado-de-realizar-homicidios-en-cucuta-norte-de-santander\/&amp;source=gmail&amp;ust=1693336652727000&amp;usg=AOvVaw3-53apvhfIe5iwkIG9nx_E\">Los Porras<\/a>,\u00a0fue capturado mediante orden judicial este 25 de agosto, en el barrio Chapinero de esta ciudad.<\/p>\n<p style=\"font-weight: 400;\">Ante un juez con funciones de control de garant\u00edas, la Fiscal\u00eda le formul\u00f3 cargos por los delitos de\u00a0homicidio agravado en concurso homog\u00e9neo simultaneo, homicidio en grado de tentativa y fabricaci\u00f3n, tr\u00e1fico o porte de armas de fuego, los cuales no acept\u00f3.<\/p>\n<p style=\"font-weight: 400;\">Tras la imputaci\u00f3n, un juez con funcionades de control de garant\u00edas dict\u00f3 medida de aseguramiento privativa de la libertad en contra de Gonz\u00e1lez Subero, la cual cumplir\u00e1 en una c\u00e1rcel de m\u00e1xima seguridad.<\/p>\n<p>L<strong><u>a Fiscal\u00eda habla con resultados<\/u><\/strong><\/p>\n<p style=\"font-weight: 400;\">MPHA\/FAGH\/CHGA\/AOG\/DSNS<\/p>\n<p style=\"font-weight: 400;\">\n<p style=\"font-weight: 400;\"><em>La informaci\u00f3n contenida en este bolet\u00edn de prensa corresponde a la narraci\u00f3n de los hechos noticiosos objetivos, suministrados por los funcionarios encargados de adelantar las investigaciones penales al interior de la Fiscal\u00eda General de la Naci\u00f3n. Para el momento de la divulgaci\u00f3n de este comunicado, la situaci\u00f3n jur\u00eddica de la(s) persona(s) relacionada(s) se encuentra pendiente de resolver por la autoridad judicial competente, siempre bajo los preceptos de la presunci\u00f3n de inocencia, consagrados en el art\u00edculo 29 de la Constituci\u00f3n Pol\u00edtica y el art\u00edculo 7\u00ba de la Ley 906 de 2004.<\/em><\/p>\n<p style=\"font-weight: 400;\">\n\n<div class=\"twitter-share\"><a href=\"https:\/\/twitter.com\/intent\/tweet?via=fiscaliacol\" class=\"twitter-share-button\">Tweet<\/a><\/div>\n","protected":false},"excerpt":{"rendered":"<p>El procesado habr\u00eda cometido el il\u00edcito por \u00f3rdenes de alias Porras, detenido en la c\u00e1rcel la Picota de Bogot\u00e1.\u00a0 Labores investigativas adelantadas por un fiscal seccional de la Unidad de [&hellip;]<\/p>\n","protected":false},"author":178,"featured_media":0,"comment_status":"closed","ping_status":"open","sticky":false,"template":"","format":"standard","meta":{"tdm_status":"","tdm_grid_status":"","footnotes":""},"categories":[1,24099],"tags":[14550,31730,4614,31955,17967,2286,5448],"class_list":["post-277685","post","type-post","status-publish","format-standard","category-noticias","category-seguridad-territorial","tag-carcel","tag-cucuta-norte-de-santander","tag-fiscalia-2","tag-inmediatez","tag-investigacion","tag-justicia","tag-sicariato"],"yoast_head":"<!-- This site is optimized with the Yoast SEO plugin v24.3 - https:\/\/yoast.com\/wordpress\/plugins\/seo\/ -->\n<title>Fiscal\u00eda General de la Naci\u00f3n<\/title>\n<meta name=\"description\" content=\"P\u00e1gina oficial de la Fiscal\u00eda General de la Naci\u00f3n \u2013 Colombia. Garantizamos el acceso efectivo a la justicia, la verdad y la reparaci\u00f3n de las v\u00edctimas de los delitos.\" \/>\n<meta name=\"robots\" content=\"noindex, follow\" \/>\n<meta property=\"og:locale\" content=\"es_ES\" \/>\n<meta property=\"og:type\" content=\"article\" \/>\n<meta property=\"og:title\" content=\"Fiscal\u00eda General de la Naci\u00f3n\" \/>\n<meta property=\"og:description\" content=\"P\u00e1gina oficial de la Fiscal\u00eda General de la Naci\u00f3n \u2013 Colombia. Garantizamos el acceso efectivo a la justicia, la verdad y la reparaci\u00f3n de las v\u00edctimas de los delitos.\" \/>\n<meta property=\"og:url\" content=\"https:\/\/www.fiscalia.gov.co\/colombia\/noticias\/en-cuatro-dias-la-fiscalia-resolvio-el-homicidio-de-una-menor-de-3-anos-en-cucuta-norte-de-santander\/\" \/>\n<meta property=\"og:site_name\" content=\"Fiscal\u00eda General de la Naci\u00f3n\" \/>\n<meta property=\"article:publisher\" content=\"https:\/\/www.facebook.com\/FiscaliaCol\" \/>\n<meta property=\"article:published_time\" content=\"2023-08-28T20:39:21+00:00\" \/>\n<meta name=\"author\" content=\"Winnie Geraldine Rodr\u00edguez Navarrete\" \/>\n<meta name=\"twitter:card\" content=\"summary_large_image\" \/>\n<meta name=\"twitter:creator\" content=\"@FiscaliaCol\" \/>\n<meta name=\"twitter:site\" content=\"@FiscaliaCol\" \/>\n<meta name=\"twitter:label1\" content=\"Escrito por\" \/>\n\t<meta name=\"twitter:data1\" content=\"Winnie Geraldine Rodr\u00edguez Navarrete\" \/>\n\t<meta name=\"twitter:label2\" content=\"Tiempo de lectura\" \/>\n\t<meta name=\"twitter:data2\" content=\"2 minutos\" \/>\n<script type=\"application\/ld+json\" class=\"yoast-schema-graph\">{\"@context\":\"https:\/\/schema.org\",\"@graph\":[{\"@type\":\"Article\",\"@id\":\"https:\/\/www.fiscalia.gov.co\/colombia\/noticias\/en-cuatro-dias-la-fiscalia-resolvio-el-homicidio-de-una-menor-de-3-anos-en-cucuta-norte-de-santander\/#article\",\"isPartOf\":{\"@id\":\"https:\/\/www.fiscalia.gov.co\/colombia\/noticias\/en-cuatro-dias-la-fiscalia-resolvio-el-homicidio-de-una-menor-de-3-anos-en-cucuta-norte-de-santander\/\"},\"author\":{\"name\":\"Winnie Geraldine Rodr\u00edguez Navarrete\",\"@id\":\"https:\/\/www.fiscalia.gov.co\/colombia\/#\/schema\/person\/176195b99ebab0a52aafa15197e1bf80\"},\"headline\":\"En cuatro d\u00edas la Fiscal\u00eda resolvi\u00f3 el homicidio de una menor de 3 a\u00f1os en C\u00facuta (Norte de Santander)\",\"datePublished\":\"2023-08-28T20:39:21+00:00\",\"dateModified\":\"2023-08-28T20:39:21+00:00\",\"mainEntityOfPage\":{\"@id\":\"https:\/\/www.fiscalia.gov.co\/colombia\/noticias\/en-cuatro-dias-la-fiscalia-resolvio-el-homicidio-de-una-menor-de-3-anos-en-cucuta-norte-de-santander\/\"},\"wordCount\":420,\"publisher\":{\"@id\":\"https:\/\/www.fiscalia.gov.co\/colombia\/#organization\"},\"keywords\":[\"C\u00e1rcel\",\"C\u00facuta (Norte de Santander)\",\"Fiscal\u00eda\",\"inmediatez\",\"Investigaci\u00f3n\",\"Justicia\",\"Sicariato\"],\"articleSection\":[\"Noticias\",\"Seguridad territorial\"],\"inLanguage\":\"es-CO\"},{\"@type\":\"WebPage\",\"@id\":\"https:\/\/www.fiscalia.gov.co\/colombia\/noticias\/en-cuatro-dias-la-fiscalia-resolvio-el-homicidio-de-una-menor-de-3-anos-en-cucuta-norte-de-santander\/\",\"url\":\"https:\/\/www.fiscalia.gov.co\/colombia\/noticias\/en-cuatro-dias-la-fiscalia-resolvio-el-homicidio-de-una-menor-de-3-anos-en-cucuta-norte-de-santander\/\",\"name\":\"Fiscal\u00eda General de la Naci\u00f3n\",\"isPartOf\":{\"@id\":\"https:\/\/www.fiscalia.gov.co\/colombia\/#website\"},\"datePublished\":\"2023-08-28T20:39:21+00:00\",\"dateModified\":\"2023-08-28T20:39:21+00:00\",\"description\":\"P\u00e1gina oficial de la Fiscal\u00eda General de la Naci\u00f3n \u2013 Colombia. Garantizamos el acceso efectivo a la justicia, la verdad y la reparaci\u00f3n de las v\u00edctimas de los delitos.\",\"breadcrumb\":{\"@id\":\"https:\/\/www.fiscalia.gov.co\/colombia\/noticias\/en-cuatro-dias-la-fiscalia-resolvio-el-homicidio-de-una-menor-de-3-anos-en-cucuta-norte-de-santander\/#breadcrumb\"},\"inLanguage\":\"es-CO\",\"potentialAction\":[{\"@type\":\"ReadAction\",\"target\":[\"https:\/\/www.fiscalia.gov.co\/colombia\/noticias\/en-cuatro-dias-la-fiscalia-resolvio-el-homicidio-de-una-menor-de-3-anos-en-cucuta-norte-de-santander\/\"]}]},{\"@type\":\"BreadcrumbList\",\"@id\":\"https:\/\/www.fiscalia.gov.co\/colombia\/noticias\/en-cuatro-dias-la-fiscalia-resolvio-el-homicidio-de-una-menor-de-3-anos-en-cucuta-norte-de-santander\/#breadcrumb\",\"itemListElement\":[{\"@type\":\"ListItem\",\"position\":1,\"name\":\"Home\",\"item\":\"https:\/\/www.fiscalia.gov.co\/colombia\/\"},{\"@type\":\"ListItem\",\"position\":2,\"name\":\"En cuatro d\u00edas la Fiscal\u00eda resolvi\u00f3 el homicidio de una menor de 3 a\u00f1os en C\u00facuta (Norte de Santander)\"}]},{\"@type\":\"WebSite\",\"@id\":\"https:\/\/www.fiscalia.gov.co\/colombia\/#website\",\"url\":\"https:\/\/www.fiscalia.gov.co\/colombia\/\",\"name\":\"Fiscal\u00eda General de la Naci\u00f3n\",\"description\":\"P\u00e1gina oficial de la Fiscal\u00eda General de la Naci\u00f3n \u2013 Colombia. Garantizamos el acceso efectivo a la justicia, la verdad y la reparaci\u00f3n de las v\u00edctimas de los delitos.\",\"publisher\":{\"@id\":\"https:\/\/www.fiscalia.gov.co\/colombia\/#organization\"},\"potentialAction\":[{\"@type\":\"SearchAction\",\"target\":{\"@type\":\"EntryPoint\",\"urlTemplate\":\"https:\/\/www.fiscalia.gov.co\/colombia\/?s={search_term_string}\"},\"query-input\":{\"@type\":\"PropertyValueSpecification\",\"valueRequired\":true,\"valueName\":\"search_term_string\"}}],\"inLanguage\":\"es-CO\"},{\"@type\":\"Organization\",\"@id\":\"https:\/\/www.fiscalia.gov.co\/colombia\/#organization\",\"name\":\"Fiscal\u00eda General de la Naci\u00f3n\",\"url\":\"https:\/\/www.fiscalia.gov.co\/colombia\/\",\"logo\":{\"@type\":\"ImageObject\",\"inLanguage\":\"es-CO\",\"@id\":\"https:\/\/www.fiscalia.gov.co\/colombia\/#\/schema\/logo\/image\/\",\"url\":\"https:\/\/www.fiscalia.gov.co\/colombia\/wp-content\/uploads\/LogoHorizontal_1.jpg\",\"contentUrl\":\"https:\/\/www.fiscalia.gov.co\/colombia\/wp-content\/uploads\/LogoHorizontal_1.jpg\",\"width\":300,\"height\":90,\"caption\":\"Fiscal\u00eda General de la Naci\u00f3n\"},\"image\":{\"@id\":\"https:\/\/www.fiscalia.gov.co\/colombia\/#\/schema\/logo\/image\/\"},\"sameAs\":[\"https:\/\/www.facebook.com\/FiscaliaCol\",\"https:\/\/x.com\/FiscaliaCol\",\"https:\/\/www.instagram.com\/fiscaliacol\",\"https:\/\/www.linkedin.com\/company\/fiscalia-general-de-la-naci-n\/\",\"https:\/\/youtube.com\/@fiscaliageneraldelanacion-4668?si=6nN79nyQICPU5iTh\"]},{\"@type\":\"Person\",\"@id\":\"https:\/\/www.fiscalia.gov.co\/colombia\/#\/schema\/person\/176195b99ebab0a52aafa15197e1bf80\",\"name\":\"Winnie Geraldine Rodr\u00edguez Navarrete\",\"image\":{\"@type\":\"ImageObject\",\"inLanguage\":\"es-CO\",\"@id\":\"https:\/\/www.fiscalia.gov.co\/colombia\/#\/schema\/person\/image\/\",\"url\":\"https:\/\/secure.gravatar.com\/avatar\/c24cf8481dc84fa5e8c7b20bc95ab0c6?s=96&d=mm&r=g\",\"contentUrl\":\"https:\/\/secure.gravatar.com\/avatar\/c24cf8481dc84fa5e8c7b20bc95ab0c6?s=96&d=mm&r=g\",\"caption\":\"Winnie Geraldine Rodr\u00edguez Navarrete\"},\"url\":\"https:\/\/www.fiscalia.gov.co\/colombia\/author\/winnierodriguez\/\"}]}<\/script>\n<!-- \/ Yoast SEO plugin. -->","yoast_head_json":{"title":"Fiscal\u00eda General de la Naci\u00f3n","description":"P\u00e1gina oficial de la Fiscal\u00eda General de la Naci\u00f3n \u2013 Colombia. Garantizamos el acceso efectivo a la justicia, la verdad y la reparaci\u00f3n de las v\u00edctimas de los delitos.","robots":{"index":"noindex","follow":"follow"},"og_locale":"es_ES","og_type":"article","og_title":"Fiscal\u00eda General de la Naci\u00f3n","og_description":"P\u00e1gina oficial de la Fiscal\u00eda General de la Naci\u00f3n \u2013 Colombia. Garantizamos el acceso efectivo a la justicia, la verdad y la reparaci\u00f3n de las v\u00edctimas de los delitos.","og_url":"https:\/\/www.fiscalia.gov.co\/colombia\/noticias\/en-cuatro-dias-la-fiscalia-resolvio-el-homicidio-de-una-menor-de-3-anos-en-cucuta-norte-de-santander\/","og_site_name":"Fiscal\u00eda General de la Naci\u00f3n","article_publisher":"https:\/\/www.facebook.com\/FiscaliaCol","article_published_time":"2023-08-28T20:39:21+00:00","author":"Winnie Geraldine Rodr\u00edguez Navarrete","twitter_card":"summary_large_image","twitter_creator":"@FiscaliaCol","twitter_site":"@FiscaliaCol","twitter_misc":{"Escrito por":"Winnie Geraldine Rodr\u00edguez Navarrete","Tiempo de lectura":"2 minutos"},"schema":{"@context":"https:\/\/schema.org","@graph":[{"@type":"Article","@id":"https:\/\/www.fiscalia.gov.co\/colombia\/noticias\/en-cuatro-dias-la-fiscalia-resolvio-el-homicidio-de-una-menor-de-3-anos-en-cucuta-norte-de-santander\/#article","isPartOf":{"@id":"https:\/\/www.fiscalia.gov.co\/colombia\/noticias\/en-cuatro-dias-la-fiscalia-resolvio-el-homicidio-de-una-menor-de-3-anos-en-cucuta-norte-de-santander\/"},"author":{"name":"Winnie Geraldine Rodr\u00edguez Navarrete","@id":"https:\/\/www.fiscalia.gov.co\/colombia\/#\/schema\/person\/176195b99ebab0a52aafa15197e1bf80"},"headline":"En cuatro d\u00edas la Fiscal\u00eda resolvi\u00f3 el homicidio de una menor de 3 a\u00f1os en C\u00facuta (Norte de Santander)","datePublished":"2023-08-28T20:39:21+00:00","dateModified":"2023-08-28T20:39:21+00:00","mainEntityOfPage":{"@id":"https:\/\/www.fiscalia.gov.co\/colombia\/noticias\/en-cuatro-dias-la-fiscalia-resolvio-el-homicidio-de-una-menor-de-3-anos-en-cucuta-norte-de-santander\/"},"wordCount":420,"publisher":{"@id":"https:\/\/www.fiscalia.gov.co\/colombia\/#organization"},"keywords":["C\u00e1rcel","C\u00facuta (Norte de Santander)","Fiscal\u00eda","inmediatez","Investigaci\u00f3n","Justicia","Sicariato"],"articleSection":["Noticias","Seguridad territorial"],"inLanguage":"es-CO"},{"@type":"WebPage","@id":"https:\/\/www.fiscalia.gov.co\/colombia\/noticias\/en-cuatro-dias-la-fiscalia-resolvio-el-homicidio-de-una-menor-de-3-anos-en-cucuta-norte-de-santander\/","url":"https:\/\/www.fiscalia.gov.co\/colombia\/noticias\/en-cuatro-dias-la-fiscalia-resolvio-el-homicidio-de-una-menor-de-3-anos-en-cucuta-norte-de-santander\/","name":"Fiscal\u00eda General de la Naci\u00f3n","isPartOf":{"@id":"https:\/\/www.fiscalia.gov.co\/colombia\/#website"},"datePublished":"2023-08-28T20:39:21+00:00","dateModified":"2023-08-28T20:39:21+00:00","description":"P\u00e1gina oficial de la Fiscal\u00eda General de la Naci\u00f3n \u2013 Colombia. Garantizamos el acceso efectivo a la justicia, la verdad y la reparaci\u00f3n de las v\u00edctimas de los delitos.","breadcrumb":{"@id":"https:\/\/www.fiscalia.gov.co\/colombia\/noticias\/en-cuatro-dias-la-fiscalia-resolvio-el-homicidio-de-una-menor-de-3-anos-en-cucuta-norte-de-santander\/#breadcrumb"},"inLanguage":"es-CO","potentialAction":[{"@type":"ReadAction","target":["https:\/\/www.fiscalia.gov.co\/colombia\/noticias\/en-cuatro-dias-la-fiscalia-resolvio-el-homicidio-de-una-menor-de-3-anos-en-cucuta-norte-de-santander\/"]}]},{"@type":"BreadcrumbList","@id":"https:\/\/www.fiscalia.gov.co\/colombia\/noticias\/en-cuatro-dias-la-fiscalia-resolvio-el-homicidio-de-una-menor-de-3-anos-en-cucuta-norte-de-santander\/#breadcrumb","itemListElement":[{"@type":"ListItem","position":1,"name":"Home","item":"https:\/\/www.fiscalia.gov.co\/colombia\/"},{"@type":"ListItem","position":2,"name":"En cuatro d\u00edas la Fiscal\u00eda resolvi\u00f3 el homicidio de una menor de 3 a\u00f1os en C\u00facuta (Norte de Santander)"}]},{"@type":"WebSite","@id":"https:\/\/www.fiscalia.gov.co\/colombia\/#website","url":"https:\/\/www.fiscalia.gov.co\/colombia\/","name":"Fiscal\u00eda General de la Naci\u00f3n","description":"P\u00e1gina oficial de la Fiscal\u00eda General de la Naci\u00f3n \u2013 Colombia. Garantizamos el acceso efectivo a la justicia, la verdad y la reparaci\u00f3n de las v\u00edctimas de los delitos.","publisher":{"@id":"https:\/\/www.fiscalia.gov.co\/colombia\/#organization"},"potentialAction":[{"@type":"SearchAction","target":{"@type":"EntryPoint","urlTemplate":"https:\/\/www.fiscalia.gov.co\/colombia\/?s={search_term_string}"},"query-input":{"@type":"PropertyValueSpecification","valueRequired":true,"valueName":"search_term_string"}}],"inLanguage":"es-CO"},{"@type":"Organization","@id":"https:\/\/www.fiscalia.gov.co\/colombia\/#organization","name":"Fiscal\u00eda General de la Naci\u00f3n","url":"https:\/\/www.fiscalia.gov.co\/colombia\/","logo":{"@type":"ImageObject","inLanguage":"es-CO","@id":"https:\/\/www.fiscalia.gov.co\/colombia\/#\/schema\/logo\/image\/","url":"https:\/\/www.fiscalia.gov.co\/colombia\/wp-content\/uploads\/LogoHorizontal_1.jpg","contentUrl":"https:\/\/www.fiscalia.gov.co\/colombia\/wp-content\/uploads\/LogoHorizontal_1.jpg","width":300,"height":90,"caption":"Fiscal\u00eda General de la Naci\u00f3n"},"image":{"@id":"https:\/\/www.fiscalia.gov.co\/colombia\/#\/schema\/logo\/image\/"},"sameAs":["https:\/\/www.facebook.com\/FiscaliaCol","https:\/\/x.com\/FiscaliaCol","https:\/\/www.instagram.com\/fiscaliacol","https:\/\/www.linkedin.com\/company\/fiscalia-general-de-la-naci-n\/","https:\/\/youtube.com\/@fiscaliageneraldelanacion-4668?si=6nN79nyQICPU5iTh"]},{"@type":"Person","@id":"https:\/\/www.fiscalia.gov.co\/colombia\/#\/schema\/person\/176195b99ebab0a52aafa15197e1bf80","name":"Winnie Geraldine Rodr\u00edguez Navarrete","image":{"@type":"ImageObject","inLanguage":"es-CO","@id":"https:\/\/www.fiscalia.gov.co\/colombia\/#\/schema\/person\/image\/","url":"https:\/\/secure.gravatar.com\/avatar\/c24cf8481dc84fa5e8c7b20bc95ab0c6?s=96&d=mm&r=g","contentUrl":"https:\/\/secure.gravatar.com\/avatar\/c24cf8481dc84fa5e8c7b20bc95ab0c6?s=96&d=mm&r=g","caption":"Winnie Geraldine Rodr\u00edguez Navarrete"},"url":"https:\/\/www.fiscalia.gov.co\/colombia\/author\/winnierodriguez\/"}]}},"_links":{"self":[{"href":"https:\/\/www.fiscalia.gov.co\/colombia\/wp-json\/wp\/v2\/posts\/277685","targetHints":{"allow":["GET"]}}],"collection":[{"href":"https:\/\/www.fiscalia.gov.co\/colombia\/wp-json\/wp\/v2\/posts"}],"about":[{"href":"https:\/\/www.fiscalia.gov.co\/colombia\/wp-json\/wp\/v2\/types\/post"}],"author":[{"embeddable":true,"href":"https:\/\/www.fiscalia.gov.co\/colombia\/wp-json\/wp\/v2\/users\/178"}],"replies":[{"embeddable":true,"href":"https:\/\/www.fiscalia.gov.co\/colombia\/wp-json\/wp\/v2\/comments?post=277685"}],"version-history":[{"count":1,"href":"https:\/\/www.fiscalia.gov.co\/colombia\/wp-json\/wp\/v2\/posts\/277685\/revisions"}],"predecessor-version":[{"id":277686,"href":"https:\/\/www.fiscalia.gov.co\/colombia\/wp-json\/wp\/v2\/posts\/277685\/revisions\/277686"}],"wp:attachment":[{"href":"https:\/\/www.fiscalia.gov.co\/colombia\/wp-json\/wp\/v2\/media?parent=277685"}],"wp:term":[{"taxonomy":"category","embeddable":true,"href":"https:\/\/www.fiscalia.gov.co\/colombia\/wp-json\/wp\/v2\/categories?post=277685"},{"taxonomy":"post_tag","embeddable":true,"href":"https:\/\/www.fiscalia.gov.co\/colombia\/wp-json\/wp\/v2\/tags?post=277685"}],"curies":[{"name":"wp","href":"https:\/\/api.w.org\/{rel}","templated":true}]}}