{"id":277634,"date":"2023-08-28T10:22:48","date_gmt":"2023-08-28T15:22:48","guid":{"rendered":"https:\/\/www.fiscalia.gov.co\/colombia\/?p=277634"},"modified":"2023-08-28T10:22:48","modified_gmt":"2023-08-28T15:22:48","slug":"judicializados-y-enviados-a-la-carcel-dos-hombres-por-su-presunta-responsabilidad-en-la-comision-de-delitos-sexuales-en-inirida-guainia-y-mitu-vaupes","status":"publish","type":"post","link":"https:\/\/www.fiscalia.gov.co\/colombia\/noticias\/judicializados-y-enviados-a-la-carcel-dos-hombres-por-su-presunta-responsabilidad-en-la-comision-de-delitos-sexuales-en-inirida-guainia-y-mitu-vaupes\/","title":{"rendered":"Judicializados y enviados a la c\u00e1rcel dos hombres por su presunta responsabilidad en la comisi\u00f3n de delitos sexuales en In\u00edrida (Guain\u00eda) y Mit\u00fa (Vaup\u00e9s)"},"content":{"rendered":"<div>\n<h4 class=\"m_-4479633407246514744MsoNoSpacing\"><strong><span class=\"m_-4479633407246514744contentpasted5\"><i>La Fiscal\u00eda continua su labor para contrarrestar el accionar de los depredadores sexuales, y as\u00ed garantizar los derechos de las personas v\u00edctimas de este delito.\u00a0<\/i><\/span>\u00a0<u><\/u><u><\/u><span class=\"m_-4479633407246514744contentpasted5\">\u00a0\u00a0<\/span>\u00a0<\/strong><u><\/u><u><\/u><\/h4>\n<p class=\"m_-4479633407246514744MsoNoSpacing\"><span class=\"m_-4479633407246514744contentpasted5\">Un Fiscal adscrito a la Seccional Guain\u00eda Vaup\u00e9s, logr\u00f3 que un juez con funci\u00f3n de control de garant\u00edas impusiera medida carcelaria contra\u00a0<b>Faiber Alonso G\u00f3mez Rodr\u00edguez,\u00a0<\/b>por ser el presunto responsable de cometer el delito de\u00a0<\/span><span lang=\"EN-US\"><a href=\"https:\/\/www.fiscalia.gov.co\/colombia\/noticias\/carcel-a-hombre-integrante-de-la-etnia-arhuaca-presunto-responsable-del-delito-de-acceso-carnal-violento\/\" target=\"_blank\" rel=\"noopener\" data-saferedirecturl=\"https:\/\/www.google.com\/url?q=https:\/\/www.fiscalia.gov.co\/colombia\/noticias\/carcel-a-hombre-integrante-de-la-etnia-arhuaca-presunto-responsable-del-delito-de-acceso-carnal-violento\/&amp;source=gmail&amp;ust=1693317945463000&amp;usg=AOvVaw1pRcIpag5JwkEI324PQOja\"><b><span lang=\"ES-CO\">acceso carnal abusivo<\/span><\/b><\/a><\/span><span class=\"m_-4479633407246514744contentpasted5\"><b>\u00a0con incapaz de resistir.<\/b><\/span><span class=\"m_-4479633407246514744contentpasted5\">\u00a0\u00a0<\/span>\u00a0<u><\/u><u><\/u><span class=\"m_-4479633407246514744contentpasted5\">\u00a0<\/span>\u00a0<u><\/u><u><\/u><\/p>\n<p class=\"m_-4479633407246514744MsoNoSpacing\"><span class=\"m_-4479633407246514744contentpasted5\">Seg\u00fan las investigaciones, la v\u00edctima estaba en un establecimiento abierto al p\u00fablico departiendo con m\u00e1s personas, y que de un momento a otro se sinti\u00f3 mal y que solo recuerda ver el rostro de G\u00f3mez Rodr\u00edguez, en una escalera, luego se despert\u00f3 en la habitaci\u00f3n de un hotel, y con signos de haber sido\u00a0<\/span><span lang=\"EN-US\"><a href=\"https:\/\/www.fiscalia.gov.co\/colombia\/noticias\/detencion-carcelaria-contra-un-hombre-senalado-de-feminicidio-tentado-y-acceso-carnal-violento\/\" target=\"_blank\" rel=\"noopener\" data-saferedirecturl=\"https:\/\/www.google.com\/url?q=https:\/\/www.fiscalia.gov.co\/colombia\/noticias\/detencion-carcelaria-contra-un-hombre-senalado-de-feminicidio-tentado-y-acceso-carnal-violento\/&amp;source=gmail&amp;ust=1693317945463000&amp;usg=AOvVaw0JIAOtJ3W4DsMwGqIbCBno\"><b><span lang=\"ES-CO\">abusada<\/span><\/b><\/a><\/span><span class=\"m_-4479633407246514744contentpasted5\">\u00a0sexualmente.\u00a0<\/span>\u00a0<u><\/u><u><\/u><span class=\"m_-4479633407246514744contentpasted5\">\u00a0<\/span>\u00a0<u><\/u><u><\/u><\/p>\n<figure id=\"attachment_277639\" aria-describedby=\"caption-attachment-277639\" style=\"width: 364px\" class=\"wp-caption aligncenter\"><img loading=\"lazy\" decoding=\"async\" class=\" wp-image-277639\" src=\"https:\/\/www.fiscalia.gov.co\/colombia\/wp-content\/uploads\/FAIBER-ALONSO-GOMEZ-RODRIGUEZ-DELITOS-SEX-300x197.jpg\" alt=\"El capturado est\u00e1 de frente a la c\u00e1mara, son sus manos esposadas y custodiado por un servidor del DCT de la Fiscal\u00eda y un uniformado de la Polic\u00eda. \" width=\"364\" height=\"239\" srcset=\"https:\/\/www.fiscalia.gov.co\/colombia\/wp-content\/uploads\/FAIBER-ALONSO-GOMEZ-RODRIGUEZ-DELITOS-SEX-300x197.jpg 300w, https:\/\/www.fiscalia.gov.co\/colombia\/wp-content\/uploads\/FAIBER-ALONSO-GOMEZ-RODRIGUEZ-DELITOS-SEX-1024x673.jpg 1024w, https:\/\/www.fiscalia.gov.co\/colombia\/wp-content\/uploads\/FAIBER-ALONSO-GOMEZ-RODRIGUEZ-DELITOS-SEX-768x505.jpg 768w, https:\/\/www.fiscalia.gov.co\/colombia\/wp-content\/uploads\/FAIBER-ALONSO-GOMEZ-RODRIGUEZ-DELITOS-SEX-1536x1010.jpg 1536w, https:\/\/www.fiscalia.gov.co\/colombia\/wp-content\/uploads\/FAIBER-ALONSO-GOMEZ-RODRIGUEZ-DELITOS-SEX-696x458.jpg 696w, https:\/\/www.fiscalia.gov.co\/colombia\/wp-content\/uploads\/FAIBER-ALONSO-GOMEZ-RODRIGUEZ-DELITOS-SEX-1068x702.jpg 1068w, https:\/\/www.fiscalia.gov.co\/colombia\/wp-content\/uploads\/FAIBER-ALONSO-GOMEZ-RODRIGUEZ-DELITOS-SEX-639x420.jpg 639w, https:\/\/www.fiscalia.gov.co\/colombia\/wp-content\/uploads\/FAIBER-ALONSO-GOMEZ-RODRIGUEZ-DELITOS-SEX-741x486.jpg 741w, https:\/\/www.fiscalia.gov.co\/colombia\/wp-content\/uploads\/FAIBER-ALONSO-GOMEZ-RODRIGUEZ-DELITOS-SEX.jpg 1600w\" sizes=\"auto, (max-width: 364px) 100vw, 364px\" \/><figcaption id=\"caption-attachment-277639\" class=\"wp-caption-text\">Faiber Alonso G\u00f3mez Rodr\u00edguez, fue capturado por ser el presunto responsable de cometer el delito de acceso carnal abusivo, deber\u00e1 enfrentar el proceso judicial en una c\u00e1rcel por orden de un juez.<\/figcaption><\/figure>\n<p class=\"m_-4479633407246514744MsoNoSpacing\"><span class=\"m_-4479633407246514744contentpasted5\">Los hechos materia de investigaci\u00f3n ocurrieron el 9 de junio del 2023, cuando, al parecer, el capturado se habr\u00eda aprovechado del estado de inconciencia de una mujer de 25 a\u00f1os, para accederla carnalmente, y presuntamente, tomarle fotograf\u00edas.\u00a0<\/span>\u00a0<u><\/u><u><\/u><span class=\"m_-4479633407246514744contentpasted5\">\u00a0<\/span>\u00a0<u><\/u><u><\/u><\/p>\n<p class=\"m_-4479633407246514744MsoNoSpacing\"><span class=\"m_-4479633407246514744contentpasted5\">El Fiscal lo llev\u00f3 ante el juez, quien acogi\u00f3 todas las solicitudes, por lo que legaliz\u00f3 la captura y dict\u00f3 la medida restrictiva de su libertad. El imputado no acept\u00f3 los cargos en su contra.\u00a0<\/span>\u00a0<u><\/u><u><\/u><span class=\"m_-4479633407246514744contentpasted5\">\u00a0<\/span>\u00a0<u><\/u><u><\/u><\/p>\n<p class=\"m_-4479633407246514744MsoNoSpacing\"><span class=\"m_-4479633407246514744contentpasted5\"><b><i>Padrastro habr\u00eda abusado de su hija de 16 a\u00f1os.\u00a0<\/i><\/b><\/span>\u00a0<u><\/u><u><\/u><span class=\"m_-4479633407246514744contentpasted5\">\u00a0<\/span>\u00a0<u><\/u><u><\/u><\/p>\n<p class=\"m_-4479633407246514744MsoNoSpacing\"><span class=\"m_-4479633407246514744contentpasted5\">En otro caso ocurrido en In\u00edrida (Guain\u00eda), fue capturado un hombre por la posible comisi\u00f3n de delitos sexuales, quien, al parecer, habr\u00eda abusado de su hijastra de 16 a\u00f1os, cuando \u00e9sta se encontraba en su vivienda.\u00a0<\/span>\u00a0<u><\/u><u><\/u><span class=\"m_-4479633407246514744contentpasted5\">\u00a0<\/span>\u00a0<u><\/u><u><\/u><\/p>\n<p class=\"m_-4479633407246514744MsoNoSpacing\"><span class=\"m_-4479633407246514744contentpasted5\">Seg\u00fan la v\u00edctima, los hechos sucedieron el 10 de febrero de este a\u00f1o en el barrio Gal\u00e1n de la capital guainiana, y se habr\u00eda repetido en dos oportunidades, cuando el capturado la habr\u00eda realizado tocamientos en sus partes \u00edntimas de manera violenta.\u00a0<\/span>\u00a0<u><\/u><u><\/u><span class=\"m_-4479633407246514744contentpasted5\">\u00a0<\/span>\u00a0<u><\/u><u><\/u><\/p>\n<figure id=\"attachment_277640\" aria-describedby=\"caption-attachment-277640\" style=\"width: 353px\" class=\"wp-caption aligncenter\"><img loading=\"lazy\" decoding=\"async\" class=\" wp-image-277640\" src=\"https:\/\/www.fiscalia.gov.co\/colombia\/wp-content\/uploads\/FOTO-6D5D65B4-300x169.jpeg\" alt=\"El capturado tiene gorra negra y con su cara agachada, esposado con sus manos a la espalda y custodiado por dos polic\u00edas.\" width=\"353\" height=\"199\" srcset=\"https:\/\/www.fiscalia.gov.co\/colombia\/wp-content\/uploads\/FOTO-6D5D65B4-300x169.jpeg 300w, https:\/\/www.fiscalia.gov.co\/colombia\/wp-content\/uploads\/FOTO-6D5D65B4-1024x576.jpeg 1024w, https:\/\/www.fiscalia.gov.co\/colombia\/wp-content\/uploads\/FOTO-6D5D65B4-768x432.jpeg 768w, https:\/\/www.fiscalia.gov.co\/colombia\/wp-content\/uploads\/FOTO-6D5D65B4-1536x864.jpeg 1536w, https:\/\/www.fiscalia.gov.co\/colombia\/wp-content\/uploads\/FOTO-6D5D65B4-696x392.jpeg 696w, https:\/\/www.fiscalia.gov.co\/colombia\/wp-content\/uploads\/FOTO-6D5D65B4-1068x601.jpeg 1068w, https:\/\/www.fiscalia.gov.co\/colombia\/wp-content\/uploads\/FOTO-6D5D65B4-747x420.jpeg 747w, https:\/\/www.fiscalia.gov.co\/colombia\/wp-content\/uploads\/FOTO-6D5D65B4.jpeg 1600w\" sizes=\"auto, (max-width: 353px) 100vw, 353px\" \/><figcaption id=\"caption-attachment-277640\" class=\"wp-caption-text\">El capturado deber\u00e1 enfrentar la justicia por ser el presunto responsable de hacerle tocamientos de connotaci\u00f3n sexual a su hijastra de 16 a\u00f1os<\/figcaption><\/figure>\n<p class=\"m_-4479633407246514744MsoNoSpacing\"><span class=\"m_-4479633407246514744contentpasted5\">La Fiscal\u00eda lo imput\u00f3 por el delito de\u00a0<\/span><span lang=\"EN-US\"><a href=\"https:\/\/www.fiscalia.gov.co\/colombia\/noticias\/asegurado-presunto-responsable-de-acto-sexual-violento-contra-una-menor-de-5-anos\/\" target=\"_blank\" rel=\"noopener\" data-saferedirecturl=\"https:\/\/www.google.com\/url?q=https:\/\/www.fiscalia.gov.co\/colombia\/noticias\/asegurado-presunto-responsable-de-acto-sexual-violento-contra-una-menor-de-5-anos\/&amp;source=gmail&amp;ust=1693317945463000&amp;usg=AOvVaw1fZ8aR8Ag1UFIIqC43_8c6\"><b><span lang=\"ES-CO\">acto sexual<\/span><\/b><\/a><\/span><span class=\"m_-4479633407246514744contentpasted5\"><b>\u00a0violento con circunstancias de agravaci\u00f3n<\/b><\/span><span class=\"m_-4479633407246514744contentpasted5\">, y aunque no se acogi\u00f3 a los cargos, el juez lo cobij\u00f3 con medida en centro carcelario por petici\u00f3n del ente acusador.\u00a0<\/span>\u00a0<u><\/u><u><\/u>\u00a0<u><\/u><u><\/u><\/p>\n<p class=\"m_-4479633407246514744MsoNoSpacing\"><span class=\"m_-4479633407246514744contentpasted5\">Esta informaci\u00f3n se publica por razones de inter\u00e9s general.<\/span><\/p>\n<p class=\"m_-4479633407246514744MsoNoSpacing\"><span class=\"m_-4479633407246514744contentpasted5\"><b><u>La Fiscal\u00eda habla con resultados.<\/u><\/b>\u00a0<\/span><\/p>\n<p>&nbsp;<\/p>\n<p class=\"m_-4479633407246514744MsoNoSpacing\"><span class=\"m_-4479633407246514744contentpasted5\">\u00a0\u00a0\u00a0<\/span>\u00a0<u><\/u><u><\/u><\/p>\n<p class=\"m_-4479633407246514744MsoNoSpacing\"><span class=\"m_-4479633407246514744contentpasted5\">\u00a0\u00a0<\/span>\u00a0<u><\/u><u><\/u><\/p>\n<p class=\"m_-4479633407246514744MsoNoSpacing\"><span class=\"m_-4479633407246514744contentpasted5\">\u00a0<\/span>\u00a0<u><\/u><u><\/u><\/p>\n<p class=\"m_-4479633407246514744MsoNoSpacing\"><span class=\"m_-4479633407246514744contentpasted5\">LAZL\/FAGH\/LFRR\/DSGV\/\u00a0<\/span>\u00a0<u><\/u><u><\/u><\/p>\n<p class=\"m_-4479633407246514744MsoNoSpacing\"><span class=\"m_-4479633407246514744contentpasted5\">\u00a0<\/span>\u00a0<u><\/u><u><\/u><\/p>\n<p class=\"m_-4479633407246514744MsoNoSpacing\"><span class=\"m_-4479633407246514744contentpasted5\">\u00a0<\/span>\u00a0<u><\/u><u><\/u><\/p>\n<p class=\"m_-4479633407246514744xmsonospacing\"><span class=\"m_-4479633407246514744contentpasted4\">Le puede interesar:\u00a0<\/span><u><\/u><u><\/u><\/p>\n<p class=\"m_-4479633407246514744xmsonospacing\"><span class=\"m_-4479633407246514744contentpasted4\">\u00a0<\/span><u><\/u><u><\/u><\/p>\n<p class=\"m_-4479633407246514744xmsonospacing\"><span class=\"m_-4479633407246514744contentpasted4\"><u><a href=\"https:\/\/www.fiscalia.gov.co\/colombia\/noticias\/carcel-a-hombre-integrante-de-la-etnia-arhuaca-presunto-responsable-del-delito-de-acceso-carnal-violento\/\" target=\"_blank\" rel=\"noopener\" data-saferedirecturl=\"https:\/\/www.google.com\/url?q=https:\/\/www.fiscalia.gov.co\/colombia\/noticias\/carcel-a-hombre-integrante-de-la-etnia-arhuaca-presunto-responsable-del-delito-de-acceso-carnal-violento\/&amp;source=gmail&amp;ust=1693317945463000&amp;usg=AOvVaw1pRcIpag5JwkEI324PQOja\">https:\/\/www.fiscalia.gov.co\/<wbr \/>colombia\/noticias\/carcel-a-<wbr \/>hombre-integrante-de-la-etnia-<wbr \/>arhuaca-presunto-responsable-<wbr \/>del-delito-de-acceso-carnal-<wbr \/>violento\/<\/a>\u00a0<\/u><\/span><u><\/u><u><\/u><\/p>\n<p class=\"m_-4479633407246514744xmsonospacing\"><span class=\"m_-4479633407246514744contentpasted4\"><u>\u00a0<\/u><\/span><u><\/u><u><\/u><\/p>\n<p class=\"m_-4479633407246514744xmsonospacing\"><span class=\"m_-4479633407246514744contentpasted4\"><u><a href=\"https:\/\/www.fiscalia.gov.co\/colombia\/noticias\/detencion-carcelaria-contra-un-hombre-senalado-de-feminicidio-tentado-y-acceso-carnal-violento\/\" target=\"_blank\" rel=\"noopener\" data-saferedirecturl=\"https:\/\/www.google.com\/url?q=https:\/\/www.fiscalia.gov.co\/colombia\/noticias\/detencion-carcelaria-contra-un-hombre-senalado-de-feminicidio-tentado-y-acceso-carnal-violento\/&amp;source=gmail&amp;ust=1693317945464000&amp;usg=AOvVaw0Osrp0Ug72X1B_0k1jyBNl\">https:\/\/www.fiscalia.gov.co\/<wbr \/>colombia\/noticias\/detencion-<wbr \/>carcelaria-contra-un-hombre-<wbr \/>senalado-de-feminicidio-<wbr \/>tentado-y-acceso-carnal-<wbr \/>violento\/<\/a>\u00a0<\/u><\/span><u><\/u><u><\/u><\/p>\n<p class=\"m_-4479633407246514744xmsonospacing\"><span class=\"m_-4479633407246514744contentpasted4\"><u>\u00a0<\/u><\/span><u><\/u><u><\/u><\/p>\n<p class=\"m_-4479633407246514744xmsonospacing\"><span class=\"m_-4479633407246514744contentpasted4\"><u><a href=\"https:\/\/www.fiscalia.gov.co\/colombia\/noticias\/asegurado-presunto-responsable-de-acto-sexual-violento-contra-una-menor-de-5-anos\/\" target=\"_blank\" rel=\"noopener\" data-saferedirecturl=\"https:\/\/www.google.com\/url?q=https:\/\/www.fiscalia.gov.co\/colombia\/noticias\/asegurado-presunto-responsable-de-acto-sexual-violento-contra-una-menor-de-5-anos\/&amp;source=gmail&amp;ust=1693317945464000&amp;usg=AOvVaw0a0O5VQC4QoGSFGXWSJO83\">https:\/\/www.fiscalia.gov.co\/<wbr \/>colombia\/noticias\/asegurado-<wbr \/>presunto-responsable-de-acto-<wbr \/>sexual-violento-contra-una-<wbr \/>menor-de-5-anos\/<\/a>\u00a0<\/u><\/span><u><\/u><u><\/u><\/p>\n<p class=\"m_-4479633407246514744xmsonospacing\">\n<p class=\"m_-4479633407246514744MsoNoSpacing\">\u00a0<u><\/u><u><\/u><\/p>\n<\/div>\n<div>\n<div>\n<p class=\"m_-4479633407246514744xmsonospacing\"><span class=\"m_-4479633407246514744contentpasted4\"><i>\u00a0<\/i><\/span><u><\/u><u><\/u><\/p>\n<p class=\"m_-4479633407246514744xmsonospacing\"><span class=\"m_-4479633407246514744contentpasted4\"><i>La informaci\u00f3n contenida en este bolet\u00edn de prensa corresponde a la narraci\u00f3n de los hechos noticiosos objetivos, suministrados por los funcionarios encargados de adelantar las investigaciones penales al interior de la Fiscal\u00eda General de la Naci\u00f3n. Para el momento de la divulgaci\u00f3n de este comunicado, la situaci\u00f3n jur\u00eddica de la(s) persona(s) relacionada(s) se encuentra pendiente de resolver por la autoridad judicial competente, siempre bajo los preceptos de la presunci\u00f3n de inocencia, consagrados en el art\u00edculo 29 de la Constituci\u00f3n Pol\u00edtica y el art\u00edculo 7\u00ba de la Ley 906 de 2004.\u00a0<\/i><\/span><u><\/u><u><\/u><\/p>\n<p class=\"m_-4479633407246514744xmsonospacing\">\n<\/div>\n<div>\n<p class=\"m_-4479633407246514744xmsonormal\"><span class=\"m_-4479633407246514744contentpasted4\">\u00a0<\/span><\/p>\n<\/div>\n<\/div>\n\n<div class=\"twitter-share\"><a href=\"https:\/\/twitter.com\/intent\/tweet?via=fiscaliacol\" class=\"twitter-share-button\">Tweet<\/a><\/div>\n","protected":false},"excerpt":{"rendered":"<p>La Fiscal\u00eda continua su labor para contrarrestar el accionar de los depredadores sexuales, y as\u00ed garantizar los derechos de las personas v\u00edctimas de este delito.\u00a0\u00a0\u00a0\u00a0\u00a0 Un Fiscal adscrito a la Seccional Guain\u00eda Vaup\u00e9s, logr\u00f3 que un juez con funci\u00f3n de control de garant\u00edas impusiera medida carcelaria contra\u00a0Faiber Alonso G\u00f3mez Rodr\u00edguez,\u00a0por ser el presunto responsable de [&hellip;]<\/p>\n","protected":false},"author":178,"featured_media":0,"comment_status":"closed","ping_status":"open","sticky":false,"template":"","format":"standard","meta":{"_price":"","_stock":"","_tribe_ticket_header":"","_tribe_default_ticket_provider":"","_tribe_ticket_capacity":"0","_ticket_start_date":"","_ticket_end_date":"","_tribe_ticket_show_description":"","_tribe_ticket_show_not_going":false,"_tribe_ticket_use_global_stock":"","_tribe_ticket_global_stock_level":"","_global_stock_mode":"","_global_stock_cap":"","_tribe_rsvp_for_event":"","_tribe_ticket_going_count":"","_tribe_ticket_not_going_count":"","_tribe_tickets_list":"[]","_tribe_ticket_has_attendee_info_fields":false,"tdm_status":"","tdm_grid_status":"","footnotes":""},"categories":[1,24154,303,24099],"tags":[20254,924,1047,31740,1185],"class_list":{"0":"post-277634","1":"post","2":"type-post","3":"status-publish","4":"format-standard","6":"category-noticias","7":"category-seccional-inirida","8":"category-seccionales","9":"category-seguridad-territorial","10":"tag-actos-sexuales-con-menor-de-14-anos-agravado","11":"tag-captura","12":"tag-fiscalia-general-de-la-nacion","13":"tag-inirida-guainia","14":"tag-medida-de-aseguramiento"},"yoast_head":"<!-- This site is optimized with the Yoast SEO plugin v24.3 - https:\/\/yoast.com\/wordpress\/plugins\/seo\/ -->\n<title>Fiscal\u00eda General de la Naci\u00f3n<\/title>\n<meta name=\"description\" content=\"P\u00e1gina oficial de la Fiscal\u00eda General de la Naci\u00f3n \u2013 Colombia. Garantizamos el acceso efectivo a la justicia, la verdad y la reparaci\u00f3n de las v\u00edctimas de los delitos.\" \/>\n<meta name=\"robots\" content=\"noindex, follow\" \/>\n<meta property=\"og:locale\" content=\"es_ES\" \/>\n<meta property=\"og:type\" content=\"article\" \/>\n<meta property=\"og:title\" content=\"Fiscal\u00eda General de la Naci\u00f3n\" \/>\n<meta property=\"og:description\" content=\"P\u00e1gina oficial de la Fiscal\u00eda General de la Naci\u00f3n \u2013 Colombia. Garantizamos el acceso efectivo a la justicia, la verdad y la reparaci\u00f3n de las v\u00edctimas de los delitos.\" \/>\n<meta property=\"og:url\" content=\"https:\/\/www.fiscalia.gov.co\/colombia\/noticias\/judicializados-y-enviados-a-la-carcel-dos-hombres-por-su-presunta-responsabilidad-en-la-comision-de-delitos-sexuales-en-inirida-guainia-y-mitu-vaupes\/\" \/>\n<meta property=\"og:site_name\" content=\"Fiscal\u00eda General de la Naci\u00f3n\" \/>\n<meta property=\"article:publisher\" content=\"https:\/\/www.facebook.com\/FiscaliaCol\" \/>\n<meta property=\"article:published_time\" content=\"2023-08-28T15:22:48+00:00\" \/>\n<meta property=\"og:image\" content=\"https:\/\/www.fiscalia.gov.co\/colombia\/wp-content\/uploads\/FAIBER-ALONSO-GOMEZ-RODRIGUEZ-DELITOS-SEX-300x197.jpg\" \/>\n<meta name=\"author\" content=\"Winnie Geraldine Rodr\u00edguez Navarrete\" \/>\n<meta name=\"twitter:card\" content=\"summary_large_image\" \/>\n<meta name=\"twitter:creator\" content=\"@FiscaliaCol\" \/>\n<meta name=\"twitter:site\" content=\"@FiscaliaCol\" \/>\n<meta name=\"twitter:label1\" content=\"Escrito por\" \/>\n\t<meta name=\"twitter:data1\" content=\"Winnie Geraldine Rodr\u00edguez Navarrete\" \/>\n\t<meta name=\"twitter:label2\" content=\"Tiempo de lectura\" \/>\n\t<meta name=\"twitter:data2\" content=\"3 minutos\" \/>\n<script type=\"application\/ld+json\" class=\"yoast-schema-graph\">{\"@context\":\"https:\/\/schema.org\",\"@graph\":[{\"@type\":\"Article\",\"@id\":\"https:\/\/www.fiscalia.gov.co\/colombia\/noticias\/judicializados-y-enviados-a-la-carcel-dos-hombres-por-su-presunta-responsabilidad-en-la-comision-de-delitos-sexuales-en-inirida-guainia-y-mitu-vaupes\/#article\",\"isPartOf\":{\"@id\":\"https:\/\/www.fiscalia.gov.co\/colombia\/noticias\/judicializados-y-enviados-a-la-carcel-dos-hombres-por-su-presunta-responsabilidad-en-la-comision-de-delitos-sexuales-en-inirida-guainia-y-mitu-vaupes\/\"},\"author\":{\"name\":\"Winnie Geraldine Rodr\u00edguez Navarrete\",\"@id\":\"https:\/\/www.fiscalia.gov.co\/colombia\/#\/schema\/person\/176195b99ebab0a52aafa15197e1bf80\"},\"headline\":\"Judicializados y enviados a la c\u00e1rcel dos hombres por su presunta responsabilidad en la comisi\u00f3n de delitos sexuales en In\u00edrida (Guain\u00eda) y Mit\u00fa (Vaup\u00e9s)\",\"datePublished\":\"2023-08-28T15:22:48+00:00\",\"dateModified\":\"2023-08-28T15:22:48+00:00\",\"mainEntityOfPage\":{\"@id\":\"https:\/\/www.fiscalia.gov.co\/colombia\/noticias\/judicializados-y-enviados-a-la-carcel-dos-hombres-por-su-presunta-responsabilidad-en-la-comision-de-delitos-sexuales-en-inirida-guainia-y-mitu-vaupes\/\"},\"wordCount\":603,\"publisher\":{\"@id\":\"https:\/\/www.fiscalia.gov.co\/colombia\/#organization\"},\"image\":{\"@id\":\"https:\/\/www.fiscalia.gov.co\/colombia\/noticias\/judicializados-y-enviados-a-la-carcel-dos-hombres-por-su-presunta-responsabilidad-en-la-comision-de-delitos-sexuales-en-inirida-guainia-y-mitu-vaupes\/#primaryimage\"},\"thumbnailUrl\":\"https:\/\/www.fiscalia.gov.co\/colombia\/wp-content\/uploads\/FAIBER-ALONSO-GOMEZ-RODRIGUEZ-DELITOS-SEX-300x197.jpg\",\"keywords\":[\"actos sexuales con menor de 14 a\u00f1os agravado\",\"Captura\",\"Fiscal\u00eda General de la Naci\u00f3n\",\"In\u00edrida (Guain\u00eda)\",\"Medida de aseguramiento\"],\"articleSection\":[\"Noticias\",\"Seccional In\u00edrida\",\"Seccionales\",\"Seguridad territorial\"],\"inLanguage\":\"es-CO\"},{\"@type\":\"WebPage\",\"@id\":\"https:\/\/www.fiscalia.gov.co\/colombia\/noticias\/judicializados-y-enviados-a-la-carcel-dos-hombres-por-su-presunta-responsabilidad-en-la-comision-de-delitos-sexuales-en-inirida-guainia-y-mitu-vaupes\/\",\"url\":\"https:\/\/www.fiscalia.gov.co\/colombia\/noticias\/judicializados-y-enviados-a-la-carcel-dos-hombres-por-su-presunta-responsabilidad-en-la-comision-de-delitos-sexuales-en-inirida-guainia-y-mitu-vaupes\/\",\"name\":\"Fiscal\u00eda General de la Naci\u00f3n\",\"isPartOf\":{\"@id\":\"https:\/\/www.fiscalia.gov.co\/colombia\/#website\"},\"primaryImageOfPage\":{\"@id\":\"https:\/\/www.fiscalia.gov.co\/colombia\/noticias\/judicializados-y-enviados-a-la-carcel-dos-hombres-por-su-presunta-responsabilidad-en-la-comision-de-delitos-sexuales-en-inirida-guainia-y-mitu-vaupes\/#primaryimage\"},\"image\":{\"@id\":\"https:\/\/www.fiscalia.gov.co\/colombia\/noticias\/judicializados-y-enviados-a-la-carcel-dos-hombres-por-su-presunta-responsabilidad-en-la-comision-de-delitos-sexuales-en-inirida-guainia-y-mitu-vaupes\/#primaryimage\"},\"thumbnailUrl\":\"https:\/\/www.fiscalia.gov.co\/colombia\/wp-content\/uploads\/FAIBER-ALONSO-GOMEZ-RODRIGUEZ-DELITOS-SEX-300x197.jpg\",\"datePublished\":\"2023-08-28T15:22:48+00:00\",\"dateModified\":\"2023-08-28T15:22:48+00:00\",\"description\":\"P\u00e1gina oficial de la Fiscal\u00eda General de la Naci\u00f3n \u2013 Colombia. Garantizamos el acceso efectivo a la justicia, la verdad y la reparaci\u00f3n de las v\u00edctimas de los delitos.\",\"breadcrumb\":{\"@id\":\"https:\/\/www.fiscalia.gov.co\/colombia\/noticias\/judicializados-y-enviados-a-la-carcel-dos-hombres-por-su-presunta-responsabilidad-en-la-comision-de-delitos-sexuales-en-inirida-guainia-y-mitu-vaupes\/#breadcrumb\"},\"inLanguage\":\"es-CO\",\"potentialAction\":[{\"@type\":\"ReadAction\",\"target\":[\"https:\/\/www.fiscalia.gov.co\/colombia\/noticias\/judicializados-y-enviados-a-la-carcel-dos-hombres-por-su-presunta-responsabilidad-en-la-comision-de-delitos-sexuales-en-inirida-guainia-y-mitu-vaupes\/\"]}]},{\"@type\":\"ImageObject\",\"inLanguage\":\"es-CO\",\"@id\":\"https:\/\/www.fiscalia.gov.co\/colombia\/noticias\/judicializados-y-enviados-a-la-carcel-dos-hombres-por-su-presunta-responsabilidad-en-la-comision-de-delitos-sexuales-en-inirida-guainia-y-mitu-vaupes\/#primaryimage\",\"url\":\"https:\/\/www.fiscalia.gov.co\/colombia\/wp-content\/uploads\/FAIBER-ALONSO-GOMEZ-RODRIGUEZ-DELITOS-SEX.jpg\",\"contentUrl\":\"https:\/\/www.fiscalia.gov.co\/colombia\/wp-content\/uploads\/FAIBER-ALONSO-GOMEZ-RODRIGUEZ-DELITOS-SEX.jpg\",\"width\":1600,\"height\":1052,\"caption\":\"Faiber Alonso G\u00f3mez Rodr\u00edguez, fue capturado por ser el presunto responsable de cometer el delito de acceso carnal abusivo, deber\u00e1 enfrentar el proceso judicial en una c\u00e1rcel por orden de un juez.\"},{\"@type\":\"BreadcrumbList\",\"@id\":\"https:\/\/www.fiscalia.gov.co\/colombia\/noticias\/judicializados-y-enviados-a-la-carcel-dos-hombres-por-su-presunta-responsabilidad-en-la-comision-de-delitos-sexuales-en-inirida-guainia-y-mitu-vaupes\/#breadcrumb\",\"itemListElement\":[{\"@type\":\"ListItem\",\"position\":1,\"name\":\"Home\",\"item\":\"https:\/\/www.fiscalia.gov.co\/colombia\/\"},{\"@type\":\"ListItem\",\"position\":2,\"name\":\"Judicializados y enviados a la c\u00e1rcel dos hombres por su presunta responsabilidad en la comisi\u00f3n de delitos sexuales en In\u00edrida (Guain\u00eda) y Mit\u00fa (Vaup\u00e9s)\"}]},{\"@type\":\"WebSite\",\"@id\":\"https:\/\/www.fiscalia.gov.co\/colombia\/#website\",\"url\":\"https:\/\/www.fiscalia.gov.co\/colombia\/\",\"name\":\"Fiscal\u00eda General de la Naci\u00f3n\",\"description\":\"P\u00e1gina oficial de la Fiscal\u00eda General de la Naci\u00f3n \u2013 Colombia. Garantizamos el acceso efectivo a la justicia, la verdad y la reparaci\u00f3n de las v\u00edctimas de los delitos.\",\"publisher\":{\"@id\":\"https:\/\/www.fiscalia.gov.co\/colombia\/#organization\"},\"potentialAction\":[{\"@type\":\"SearchAction\",\"target\":{\"@type\":\"EntryPoint\",\"urlTemplate\":\"https:\/\/www.fiscalia.gov.co\/colombia\/?s={search_term_string}\"},\"query-input\":{\"@type\":\"PropertyValueSpecification\",\"valueRequired\":true,\"valueName\":\"search_term_string\"}}],\"inLanguage\":\"es-CO\"},{\"@type\":\"Organization\",\"@id\":\"https:\/\/www.fiscalia.gov.co\/colombia\/#organization\",\"name\":\"Fiscal\u00eda General de la Naci\u00f3n\",\"url\":\"https:\/\/www.fiscalia.gov.co\/colombia\/\",\"logo\":{\"@type\":\"ImageObject\",\"inLanguage\":\"es-CO\",\"@id\":\"https:\/\/www.fiscalia.gov.co\/colombia\/#\/schema\/logo\/image\/\",\"url\":\"https:\/\/www.fiscalia.gov.co\/colombia\/wp-content\/uploads\/LogoHorizontal_1.jpg\",\"contentUrl\":\"https:\/\/www.fiscalia.gov.co\/colombia\/wp-content\/uploads\/LogoHorizontal_1.jpg\",\"width\":300,\"height\":90,\"caption\":\"Fiscal\u00eda General de la Naci\u00f3n\"},\"image\":{\"@id\":\"https:\/\/www.fiscalia.gov.co\/colombia\/#\/schema\/logo\/image\/\"},\"sameAs\":[\"https:\/\/www.facebook.com\/FiscaliaCol\",\"https:\/\/x.com\/FiscaliaCol\",\"https:\/\/www.instagram.com\/fiscaliacol\",\"https:\/\/www.linkedin.com\/company\/fiscalia-general-de-la-naci-n\/\",\"https:\/\/youtube.com\/@fiscaliageneraldelanacion-4668?si=6nN79nyQICPU5iTh\"]},{\"@type\":\"Person\",\"@id\":\"https:\/\/www.fiscalia.gov.co\/colombia\/#\/schema\/person\/176195b99ebab0a52aafa15197e1bf80\",\"name\":\"Winnie Geraldine Rodr\u00edguez Navarrete\",\"image\":{\"@type\":\"ImageObject\",\"inLanguage\":\"es-CO\",\"@id\":\"https:\/\/www.fiscalia.gov.co\/colombia\/#\/schema\/person\/image\/\",\"url\":\"https:\/\/secure.gravatar.com\/avatar\/c24cf8481dc84fa5e8c7b20bc95ab0c6?s=96&d=mm&r=g\",\"contentUrl\":\"https:\/\/secure.gravatar.com\/avatar\/c24cf8481dc84fa5e8c7b20bc95ab0c6?s=96&d=mm&r=g\",\"caption\":\"Winnie Geraldine Rodr\u00edguez Navarrete\"},\"url\":\"https:\/\/www.fiscalia.gov.co\/colombia\/author\/winnierodriguez\/\"}]}<\/script>\n<!-- \/ Yoast SEO plugin. -->","yoast_head_json":{"title":"Fiscal\u00eda General de la Naci\u00f3n","description":"P\u00e1gina oficial de la Fiscal\u00eda General de la Naci\u00f3n \u2013 Colombia. Garantizamos el acceso efectivo a la justicia, la verdad y la reparaci\u00f3n de las v\u00edctimas de los delitos.","robots":{"index":"noindex","follow":"follow"},"og_locale":"es_ES","og_type":"article","og_title":"Fiscal\u00eda General de la Naci\u00f3n","og_description":"P\u00e1gina oficial de la Fiscal\u00eda General de la Naci\u00f3n \u2013 Colombia. Garantizamos el acceso efectivo a la justicia, la verdad y la reparaci\u00f3n de las v\u00edctimas de los delitos.","og_url":"https:\/\/www.fiscalia.gov.co\/colombia\/noticias\/judicializados-y-enviados-a-la-carcel-dos-hombres-por-su-presunta-responsabilidad-en-la-comision-de-delitos-sexuales-en-inirida-guainia-y-mitu-vaupes\/","og_site_name":"Fiscal\u00eda General de la Naci\u00f3n","article_publisher":"https:\/\/www.facebook.com\/FiscaliaCol","article_published_time":"2023-08-28T15:22:48+00:00","og_image":[{"url":"https:\/\/www.fiscalia.gov.co\/colombia\/wp-content\/uploads\/FAIBER-ALONSO-GOMEZ-RODRIGUEZ-DELITOS-SEX-300x197.jpg","type":"","width":"","height":""}],"author":"Winnie Geraldine Rodr\u00edguez Navarrete","twitter_card":"summary_large_image","twitter_creator":"@FiscaliaCol","twitter_site":"@FiscaliaCol","twitter_misc":{"Escrito por":"Winnie Geraldine Rodr\u00edguez Navarrete","Tiempo de lectura":"3 minutos"},"schema":{"@context":"https:\/\/schema.org","@graph":[{"@type":"Article","@id":"https:\/\/www.fiscalia.gov.co\/colombia\/noticias\/judicializados-y-enviados-a-la-carcel-dos-hombres-por-su-presunta-responsabilidad-en-la-comision-de-delitos-sexuales-en-inirida-guainia-y-mitu-vaupes\/#article","isPartOf":{"@id":"https:\/\/www.fiscalia.gov.co\/colombia\/noticias\/judicializados-y-enviados-a-la-carcel-dos-hombres-por-su-presunta-responsabilidad-en-la-comision-de-delitos-sexuales-en-inirida-guainia-y-mitu-vaupes\/"},"author":{"name":"Winnie Geraldine Rodr\u00edguez Navarrete","@id":"https:\/\/www.fiscalia.gov.co\/colombia\/#\/schema\/person\/176195b99ebab0a52aafa15197e1bf80"},"headline":"Judicializados y enviados a la c\u00e1rcel dos hombres por su presunta responsabilidad en la comisi\u00f3n de delitos sexuales en In\u00edrida (Guain\u00eda) y Mit\u00fa (Vaup\u00e9s)","datePublished":"2023-08-28T15:22:48+00:00","dateModified":"2023-08-28T15:22:48+00:00","mainEntityOfPage":{"@id":"https:\/\/www.fiscalia.gov.co\/colombia\/noticias\/judicializados-y-enviados-a-la-carcel-dos-hombres-por-su-presunta-responsabilidad-en-la-comision-de-delitos-sexuales-en-inirida-guainia-y-mitu-vaupes\/"},"wordCount":603,"publisher":{"@id":"https:\/\/www.fiscalia.gov.co\/colombia\/#organization"},"image":{"@id":"https:\/\/www.fiscalia.gov.co\/colombia\/noticias\/judicializados-y-enviados-a-la-carcel-dos-hombres-por-su-presunta-responsabilidad-en-la-comision-de-delitos-sexuales-en-inirida-guainia-y-mitu-vaupes\/#primaryimage"},"thumbnailUrl":"https:\/\/www.fiscalia.gov.co\/colombia\/wp-content\/uploads\/FAIBER-ALONSO-GOMEZ-RODRIGUEZ-DELITOS-SEX-300x197.jpg","keywords":["actos sexuales con menor de 14 a\u00f1os agravado","Captura","Fiscal\u00eda General de la Naci\u00f3n","In\u00edrida (Guain\u00eda)","Medida de aseguramiento"],"articleSection":["Noticias","Seccional In\u00edrida","Seccionales","Seguridad territorial"],"inLanguage":"es-CO"},{"@type":"WebPage","@id":"https:\/\/www.fiscalia.gov.co\/colombia\/noticias\/judicializados-y-enviados-a-la-carcel-dos-hombres-por-su-presunta-responsabilidad-en-la-comision-de-delitos-sexuales-en-inirida-guainia-y-mitu-vaupes\/","url":"https:\/\/www.fiscalia.gov.co\/colombia\/noticias\/judicializados-y-enviados-a-la-carcel-dos-hombres-por-su-presunta-responsabilidad-en-la-comision-de-delitos-sexuales-en-inirida-guainia-y-mitu-vaupes\/","name":"Fiscal\u00eda General de la Naci\u00f3n","isPartOf":{"@id":"https:\/\/www.fiscalia.gov.co\/colombia\/#website"},"primaryImageOfPage":{"@id":"https:\/\/www.fiscalia.gov.co\/colombia\/noticias\/judicializados-y-enviados-a-la-carcel-dos-hombres-por-su-presunta-responsabilidad-en-la-comision-de-delitos-sexuales-en-inirida-guainia-y-mitu-vaupes\/#primaryimage"},"image":{"@id":"https:\/\/www.fiscalia.gov.co\/colombia\/noticias\/judicializados-y-enviados-a-la-carcel-dos-hombres-por-su-presunta-responsabilidad-en-la-comision-de-delitos-sexuales-en-inirida-guainia-y-mitu-vaupes\/#primaryimage"},"thumbnailUrl":"https:\/\/www.fiscalia.gov.co\/colombia\/wp-content\/uploads\/FAIBER-ALONSO-GOMEZ-RODRIGUEZ-DELITOS-SEX-300x197.jpg","datePublished":"2023-08-28T15:22:48+00:00","dateModified":"2023-08-28T15:22:48+00:00","description":"P\u00e1gina oficial de la Fiscal\u00eda General de la Naci\u00f3n \u2013 Colombia. Garantizamos el acceso efectivo a la justicia, la verdad y la reparaci\u00f3n de las v\u00edctimas de los delitos.","breadcrumb":{"@id":"https:\/\/www.fiscalia.gov.co\/colombia\/noticias\/judicializados-y-enviados-a-la-carcel-dos-hombres-por-su-presunta-responsabilidad-en-la-comision-de-delitos-sexuales-en-inirida-guainia-y-mitu-vaupes\/#breadcrumb"},"inLanguage":"es-CO","potentialAction":[{"@type":"ReadAction","target":["https:\/\/www.fiscalia.gov.co\/colombia\/noticias\/judicializados-y-enviados-a-la-carcel-dos-hombres-por-su-presunta-responsabilidad-en-la-comision-de-delitos-sexuales-en-inirida-guainia-y-mitu-vaupes\/"]}]},{"@type":"ImageObject","inLanguage":"es-CO","@id":"https:\/\/www.fiscalia.gov.co\/colombia\/noticias\/judicializados-y-enviados-a-la-carcel-dos-hombres-por-su-presunta-responsabilidad-en-la-comision-de-delitos-sexuales-en-inirida-guainia-y-mitu-vaupes\/#primaryimage","url":"https:\/\/www.fiscalia.gov.co\/colombia\/wp-content\/uploads\/FAIBER-ALONSO-GOMEZ-RODRIGUEZ-DELITOS-SEX.jpg","contentUrl":"https:\/\/www.fiscalia.gov.co\/colombia\/wp-content\/uploads\/FAIBER-ALONSO-GOMEZ-RODRIGUEZ-DELITOS-SEX.jpg","width":1600,"height":1052,"caption":"Faiber Alonso G\u00f3mez Rodr\u00edguez, fue capturado por ser el presunto responsable de cometer el delito de acceso carnal abusivo, deber\u00e1 enfrentar el proceso judicial en una c\u00e1rcel por orden de un juez."},{"@type":"BreadcrumbList","@id":"https:\/\/www.fiscalia.gov.co\/colombia\/noticias\/judicializados-y-enviados-a-la-carcel-dos-hombres-por-su-presunta-responsabilidad-en-la-comision-de-delitos-sexuales-en-inirida-guainia-y-mitu-vaupes\/#breadcrumb","itemListElement":[{"@type":"ListItem","position":1,"name":"Home","item":"https:\/\/www.fiscalia.gov.co\/colombia\/"},{"@type":"ListItem","position":2,"name":"Judicializados y enviados a la c\u00e1rcel dos hombres por su presunta responsabilidad en la comisi\u00f3n de delitos sexuales en In\u00edrida (Guain\u00eda) y Mit\u00fa (Vaup\u00e9s)"}]},{"@type":"WebSite","@id":"https:\/\/www.fiscalia.gov.co\/colombia\/#website","url":"https:\/\/www.fiscalia.gov.co\/colombia\/","name":"Fiscal\u00eda General de la Naci\u00f3n","description":"P\u00e1gina oficial de la Fiscal\u00eda General de la Naci\u00f3n \u2013 Colombia. Garantizamos el acceso efectivo a la justicia, la verdad y la reparaci\u00f3n de las v\u00edctimas de los delitos.","publisher":{"@id":"https:\/\/www.fiscalia.gov.co\/colombia\/#organization"},"potentialAction":[{"@type":"SearchAction","target":{"@type":"EntryPoint","urlTemplate":"https:\/\/www.fiscalia.gov.co\/colombia\/?s={search_term_string}"},"query-input":{"@type":"PropertyValueSpecification","valueRequired":true,"valueName":"search_term_string"}}],"inLanguage":"es-CO"},{"@type":"Organization","@id":"https:\/\/www.fiscalia.gov.co\/colombia\/#organization","name":"Fiscal\u00eda General de la Naci\u00f3n","url":"https:\/\/www.fiscalia.gov.co\/colombia\/","logo":{"@type":"ImageObject","inLanguage":"es-CO","@id":"https:\/\/www.fiscalia.gov.co\/colombia\/#\/schema\/logo\/image\/","url":"https:\/\/www.fiscalia.gov.co\/colombia\/wp-content\/uploads\/LogoHorizontal_1.jpg","contentUrl":"https:\/\/www.fiscalia.gov.co\/colombia\/wp-content\/uploads\/LogoHorizontal_1.jpg","width":300,"height":90,"caption":"Fiscal\u00eda General de la Naci\u00f3n"},"image":{"@id":"https:\/\/www.fiscalia.gov.co\/colombia\/#\/schema\/logo\/image\/"},"sameAs":["https:\/\/www.facebook.com\/FiscaliaCol","https:\/\/x.com\/FiscaliaCol","https:\/\/www.instagram.com\/fiscaliacol","https:\/\/www.linkedin.com\/company\/fiscalia-general-de-la-naci-n\/","https:\/\/youtube.com\/@fiscaliageneraldelanacion-4668?si=6nN79nyQICPU5iTh"]},{"@type":"Person","@id":"https:\/\/www.fiscalia.gov.co\/colombia\/#\/schema\/person\/176195b99ebab0a52aafa15197e1bf80","name":"Winnie Geraldine Rodr\u00edguez Navarrete","image":{"@type":"ImageObject","inLanguage":"es-CO","@id":"https:\/\/www.fiscalia.gov.co\/colombia\/#\/schema\/person\/image\/","url":"https:\/\/secure.gravatar.com\/avatar\/c24cf8481dc84fa5e8c7b20bc95ab0c6?s=96&d=mm&r=g","contentUrl":"https:\/\/secure.gravatar.com\/avatar\/c24cf8481dc84fa5e8c7b20bc95ab0c6?s=96&d=mm&r=g","caption":"Winnie Geraldine Rodr\u00edguez Navarrete"},"url":"https:\/\/www.fiscalia.gov.co\/colombia\/author\/winnierodriguez\/"}]}},"_links":{"self":[{"href":"https:\/\/www.fiscalia.gov.co\/colombia\/wp-json\/wp\/v2\/posts\/277634","targetHints":{"allow":["GET"]}}],"collection":[{"href":"https:\/\/www.fiscalia.gov.co\/colombia\/wp-json\/wp\/v2\/posts"}],"about":[{"href":"https:\/\/www.fiscalia.gov.co\/colombia\/wp-json\/wp\/v2\/types\/post"}],"author":[{"embeddable":true,"href":"https:\/\/www.fiscalia.gov.co\/colombia\/wp-json\/wp\/v2\/users\/178"}],"replies":[{"embeddable":true,"href":"https:\/\/www.fiscalia.gov.co\/colombia\/wp-json\/wp\/v2\/comments?post=277634"}],"version-history":[{"count":1,"href":"https:\/\/www.fiscalia.gov.co\/colombia\/wp-json\/wp\/v2\/posts\/277634\/revisions"}],"predecessor-version":[{"id":277641,"href":"https:\/\/www.fiscalia.gov.co\/colombia\/wp-json\/wp\/v2\/posts\/277634\/revisions\/277641"}],"wp:attachment":[{"href":"https:\/\/www.fiscalia.gov.co\/colombia\/wp-json\/wp\/v2\/media?parent=277634"}],"wp:term":[{"taxonomy":"category","embeddable":true,"href":"https:\/\/www.fiscalia.gov.co\/colombia\/wp-json\/wp\/v2\/categories?post=277634"},{"taxonomy":"post_tag","embeddable":true,"href":"https:\/\/www.fiscalia.gov.co\/colombia\/wp-json\/wp\/v2\/tags?post=277634"}],"curies":[{"name":"wp","href":"https:\/\/api.w.org\/{rel}","templated":true}]}}