{"id":277183,"date":"2023-08-18T16:17:41","date_gmt":"2023-08-18T21:17:41","guid":{"rendered":"https:\/\/www.fiscalia.gov.co\/colombia\/?p=277183"},"modified":"2023-08-18T16:18:23","modified_gmt":"2023-08-18T21:18:23","slug":"fiscalia-logro-la-judicializacion-de-tres-personas-por-delitos-relacionados-con-trafico-de-estupefacientes-en-paz-de-ariporo-casanare","status":"publish","type":"post","link":"https:\/\/www.fiscalia.gov.co\/colombia\/noticias\/fiscalia-logro-la-judicializacion-de-tres-personas-por-delitos-relacionados-con-trafico-de-estupefacientes-en-paz-de-ariporo-casanare\/","title":{"rendered":"Fiscal\u00eda logr\u00f3 la judicializaci\u00f3n de tres personas por delitos relacionados con tr\u00e1fico de estupefacientes en Paz de Ariporo, Casanare"},"content":{"rendered":"<h4><strong><i>El ente acusador contin\u00faa con su lucha contra los factores que representen peligro para las comunidades, y los expendedores de sustancias psicoactivas en la jurisdicci\u00f3n de todo el departamento.\u00a0\u00a0\u00a0<\/i><\/strong><\/h4>\n<figure id=\"attachment_277187\" aria-describedby=\"caption-attachment-277187\" style=\"width: 696px\" class=\"wp-caption aligncenter\"><img loading=\"lazy\" decoding=\"async\" class=\"size-large wp-image-277187\" src=\"https:\/\/www.fiscalia.gov.co\/colombia\/wp-content\/uploads\/FOTO-87FH284376GF-1024x683.jpg\" alt=\"Los tres capturados est\u00e1n de espalda a la c\u00e1mara, esposados y custodiados por uniformados de la polic\u00eda nacional, y en una mesa, est\u00e1n los elementos incautados.\" width=\"696\" height=\"464\" srcset=\"https:\/\/www.fiscalia.gov.co\/colombia\/wp-content\/uploads\/FOTO-87FH284376GF-1024x683.jpg 1024w, https:\/\/www.fiscalia.gov.co\/colombia\/wp-content\/uploads\/FOTO-87FH284376GF-300x200.jpg 300w, https:\/\/www.fiscalia.gov.co\/colombia\/wp-content\/uploads\/FOTO-87FH284376GF-768x512.jpg 768w, https:\/\/www.fiscalia.gov.co\/colombia\/wp-content\/uploads\/FOTO-87FH284376GF-1536x1024.jpg 1536w, https:\/\/www.fiscalia.gov.co\/colombia\/wp-content\/uploads\/FOTO-87FH284376GF-696x464.jpg 696w, https:\/\/www.fiscalia.gov.co\/colombia\/wp-content\/uploads\/FOTO-87FH284376GF-1068x712.jpg 1068w, https:\/\/www.fiscalia.gov.co\/colombia\/wp-content\/uploads\/FOTO-87FH284376GF-630x420.jpg 630w, https:\/\/www.fiscalia.gov.co\/colombia\/wp-content\/uploads\/FOTO-87FH284376GF.jpg 1600w\" sizes=\"auto, (max-width: 696px) 100vw, 696px\" \/><figcaption id=\"caption-attachment-277187\" class=\"wp-caption-text\">A los tres capturados se les encontr\u00f3 en su poder alg\u00fan tipo de sustancia psicoactiva, por lo que fueron imputados por el delito de tr\u00e1fico fabricaci\u00f3n o porte de estupefacientes.<\/figcaption><\/figure>\n<p>En varios operativos desplegados por el ente acusador, se logr\u00f3 la captura y judicializaci\u00f3n de dos mujeres y un hombre, quienes al parecer estar\u00edan relacionados con delitos de tr\u00e1fico, fabricaci\u00f3n o porte de estupefacientes.<\/p>\n<p><strong>Pareja capturada en flagrancia\u00a0\u00a0\u00a0<\/strong><\/p>\n<p>Como G\u00e9nesis Naimar Garrido Pinto de nacionalidad extranjera y Pedro Manuel Gonz\u00e1lez Mercado, fueron identificadas las dos personas capturadas durante las diligencias de allanamiento en los barrios La Esperanza y Los Alel\u00edes de Paz de Ariporo (Casanare), donde fueron halladas sustancias como marihuana, bazuco, coca\u00edna, munici\u00f3n para armas de fuego de diferente calibre, un proveedor y elementos para la dosificaci\u00f3n de las drogas.<\/p>\n<p>Seg\u00fan las denuncias, Garrido Pinto y Gonz\u00e1lez Mercado, al parecer comercializaban estos productos mediante la modalidad de \u201colla\u201d o punto de distribuci\u00f3n.<\/p>\n<p>La Fiscal\u00eda logr\u00f3 que un juez con funci\u00f3n de control de garant\u00edas legalizara las diligencias de allanamientos, incautaci\u00f3n y la captura de estas dos personas, fueron imputados por los delitos de tr\u00e1fico, fabricaci\u00f3n o porte de estupefacientes y tr\u00e1fico fabricaci\u00f3n o porte de armas y municiones, cargos que no aceptaron.<\/p>\n<p>Cabe resaltar que estas personas tienen antecedentes por delitos como concierto para delinquir agravado, tr\u00e1fico de estupefacientes, hurto calificado y agravado, lesiones personales y violencia intrafamiliar, y Pedro Manuel Gonz\u00e1lez mercado, tiene una orden de captura vigente en su contra, para que cumpla una condena de 3 a\u00f1os por el delito de concierto para delinquir.<\/p>\n<p>En otro de los casos, un juez acogi\u00f3 las pretensiones de la Fiscal\u00eda y legaliz\u00f3 la captura de Yaneth Rafaela Vivas Castillo, capturada el 15 de agosto anterior en una vivienda ubicada en el barrio la Esperanza de Paz de Ariporo.<\/p>\n<p>Se le hall\u00f3 en su poder una cantidad de sustancia psicotr\u00f3pica, por lo que fue capturada en flagrancia, fue imputada por el delito de tr\u00e1fico, fabricaci\u00f3n o porte de estupefacientes.<\/p>\n<p>Esta informaci\u00f3n se publica por razones de inter\u00e9s general.<\/p>\n<p><b><u>La Fiscal\u00eda habla con resultados.\u00a0<\/u><\/b><\/p>\n<p>&nbsp;<\/p>\n<p>LAZL\/FAGH\/APS\/RVR\/DSC\/.<\/p>\n<p>&nbsp;<\/p>\n<p>&nbsp;<\/p>\n<p>&nbsp;<\/p>\n<p>&nbsp;<\/p>\n<p>&nbsp;<\/p>\n<p><i>La informaci\u00f3n contenida en este bolet\u00edn de prensa corresponde a la narraci\u00f3n de los hechos noticiosos objetivos, suministrados por los funcionarios encargados de adelantar las investigaciones penales al interior de la Fiscal\u00eda General de la Naci\u00f3n. Para el momento de la divulgaci\u00f3n de este comunicado, la situaci\u00f3n jur\u00eddica de la(s) persona(s) relacionada(s) se encuentra pendiente de resolver por la autoridad judicial competente, siempre bajo los preceptos de la presunci\u00f3n de inocencia, consagrados en el art\u00edculo 29 de la Constituci\u00f3n Pol\u00edtica y el art\u00edculo 7\u00ba de la Ley 906 de 2004.\u00a0<\/i><\/p>\n\n<div class=\"twitter-share\"><a href=\"https:\/\/twitter.com\/intent\/tweet?via=fiscaliacol\" class=\"twitter-share-button\">Tweet<\/a><\/div>\n","protected":false},"excerpt":{"rendered":"<p>El ente acusador contin\u00faa con su lucha contra los factores que representen peligro para las comunidades, y los expendedores de sustancias psicoactivas en la jurisdicci\u00f3n de todo el departamento.\u00a0\u00a0\u00a0 En varios operativos desplegados por el ente acusador, se logr\u00f3 la captura y judicializaci\u00f3n de dos mujeres y un hombre, quienes al parecer estar\u00edan relacionados con [&hellip;]<\/p>\n","protected":false},"author":177,"featured_media":0,"comment_status":"closed","ping_status":"open","sticky":false,"template":"","format":"standard","meta":{"_price":"","_stock":"","_tribe_ticket_header":"","_tribe_default_ticket_provider":"","_tribe_ticket_capacity":"0","_ticket_start_date":"","_ticket_end_date":"","_tribe_ticket_show_description":"","_tribe_ticket_show_not_going":false,"_tribe_ticket_use_global_stock":"","_tribe_ticket_global_stock_level":"","_global_stock_mode":"","_global_stock_cap":"","_tribe_rsvp_for_event":"","_tribe_ticket_going_count":"","_tribe_ticket_not_going_count":"","_tribe_tickets_list":"[]","_tribe_ticket_has_attendee_info_fields":false,"tdm_status":"","tdm_grid_status":"","footnotes":""},"categories":[1,24134,303,24103],"tags":[924,11533,1047,1185,916,24034],"class_list":{"0":"post-277183","1":"post","2":"type-post","3":"status-publish","4":"format-standard","6":"category-noticias","7":"category-seccional-yopal","8":"category-seccionales","9":"category-trafico-de-estupefacientes","10":"tag-captura","11":"tag-fabricacion-o-porte-de-estupefacientes","12":"tag-fiscalia-general-de-la-nacion","13":"tag-medida-de-aseguramiento","14":"tag-trafico","15":"tag-yopal-casanare"},"yoast_head":"<!-- This site is optimized with the Yoast SEO plugin v24.3 - https:\/\/yoast.com\/wordpress\/plugins\/seo\/ -->\n<title>Fiscal\u00eda General de la Naci\u00f3n<\/title>\n<meta name=\"description\" content=\"P\u00e1gina oficial de la Fiscal\u00eda General de la Naci\u00f3n \u2013 Colombia. Garantizamos el acceso efectivo a la justicia, la verdad y la reparaci\u00f3n de las v\u00edctimas de los delitos.\" \/>\n<meta name=\"robots\" content=\"noindex, follow\" \/>\n<meta property=\"og:locale\" content=\"es_ES\" \/>\n<meta property=\"og:type\" content=\"article\" \/>\n<meta property=\"og:title\" content=\"Fiscal\u00eda General de la Naci\u00f3n\" \/>\n<meta property=\"og:description\" content=\"P\u00e1gina oficial de la Fiscal\u00eda General de la Naci\u00f3n \u2013 Colombia. Garantizamos el acceso efectivo a la justicia, la verdad y la reparaci\u00f3n de las v\u00edctimas de los delitos.\" \/>\n<meta property=\"og:url\" content=\"https:\/\/www.fiscalia.gov.co\/colombia\/noticias\/fiscalia-logro-la-judicializacion-de-tres-personas-por-delitos-relacionados-con-trafico-de-estupefacientes-en-paz-de-ariporo-casanare\/\" \/>\n<meta property=\"og:site_name\" content=\"Fiscal\u00eda General de la Naci\u00f3n\" \/>\n<meta property=\"article:publisher\" content=\"https:\/\/www.facebook.com\/FiscaliaCol\" \/>\n<meta property=\"article:published_time\" content=\"2023-08-18T21:17:41+00:00\" \/>\n<meta property=\"article:modified_time\" content=\"2023-08-18T21:18:23+00:00\" \/>\n<meta property=\"og:image\" content=\"https:\/\/www.fiscalia.gov.co\/colombia\/wp-content\/uploads\/FOTO-87FH284376GF-1024x683.jpg\" \/>\n<meta name=\"author\" content=\"Jordan Leandro Oviedo Anzola\" \/>\n<meta name=\"twitter:card\" content=\"summary_large_image\" \/>\n<meta name=\"twitter:creator\" content=\"@FiscaliaCol\" \/>\n<meta name=\"twitter:site\" content=\"@FiscaliaCol\" \/>\n<meta name=\"twitter:label1\" content=\"Escrito por\" \/>\n\t<meta name=\"twitter:data1\" content=\"Jordan Leandro Oviedo Anzola\" \/>\n\t<meta name=\"twitter:label2\" content=\"Tiempo de lectura\" \/>\n\t<meta name=\"twitter:data2\" content=\"3 minutos\" \/>\n<script type=\"application\/ld+json\" class=\"yoast-schema-graph\">{\"@context\":\"https:\/\/schema.org\",\"@graph\":[{\"@type\":\"Article\",\"@id\":\"https:\/\/www.fiscalia.gov.co\/colombia\/noticias\/fiscalia-logro-la-judicializacion-de-tres-personas-por-delitos-relacionados-con-trafico-de-estupefacientes-en-paz-de-ariporo-casanare\/#article\",\"isPartOf\":{\"@id\":\"https:\/\/www.fiscalia.gov.co\/colombia\/noticias\/fiscalia-logro-la-judicializacion-de-tres-personas-por-delitos-relacionados-con-trafico-de-estupefacientes-en-paz-de-ariporo-casanare\/\"},\"author\":{\"name\":\"Jordan Leandro Oviedo Anzola\",\"@id\":\"https:\/\/www.fiscalia.gov.co\/colombia\/#\/schema\/person\/bf84402cf293a5393e9c70b111020b24\"},\"headline\":\"Fiscal\u00eda logr\u00f3 la judicializaci\u00f3n de tres personas por delitos relacionados con tr\u00e1fico de estupefacientes en Paz de Ariporo, Casanare\",\"datePublished\":\"2023-08-18T21:17:41+00:00\",\"dateModified\":\"2023-08-18T21:18:23+00:00\",\"mainEntityOfPage\":{\"@id\":\"https:\/\/www.fiscalia.gov.co\/colombia\/noticias\/fiscalia-logro-la-judicializacion-de-tres-personas-por-delitos-relacionados-con-trafico-de-estupefacientes-en-paz-de-ariporo-casanare\/\"},\"wordCount\":548,\"publisher\":{\"@id\":\"https:\/\/www.fiscalia.gov.co\/colombia\/#organization\"},\"image\":{\"@id\":\"https:\/\/www.fiscalia.gov.co\/colombia\/noticias\/fiscalia-logro-la-judicializacion-de-tres-personas-por-delitos-relacionados-con-trafico-de-estupefacientes-en-paz-de-ariporo-casanare\/#primaryimage\"},\"thumbnailUrl\":\"https:\/\/www.fiscalia.gov.co\/colombia\/wp-content\/uploads\/FOTO-87FH284376GF-1024x683.jpg\",\"keywords\":[\"Captura\",\"fabricaci\u00f3n o porte de estupefacientes\",\"Fiscal\u00eda General de la Naci\u00f3n\",\"Medida de aseguramiento\",\"Tr\u00e1fico\",\"Yopal (Casanare)\"],\"articleSection\":[\"Noticias\",\"Seccional Yopal\",\"Seccionales\",\"Tr\u00e1fico de estupefacientes\"],\"inLanguage\":\"es-CO\"},{\"@type\":\"WebPage\",\"@id\":\"https:\/\/www.fiscalia.gov.co\/colombia\/noticias\/fiscalia-logro-la-judicializacion-de-tres-personas-por-delitos-relacionados-con-trafico-de-estupefacientes-en-paz-de-ariporo-casanare\/\",\"url\":\"https:\/\/www.fiscalia.gov.co\/colombia\/noticias\/fiscalia-logro-la-judicializacion-de-tres-personas-por-delitos-relacionados-con-trafico-de-estupefacientes-en-paz-de-ariporo-casanare\/\",\"name\":\"Fiscal\u00eda General de la Naci\u00f3n\",\"isPartOf\":{\"@id\":\"https:\/\/www.fiscalia.gov.co\/colombia\/#website\"},\"primaryImageOfPage\":{\"@id\":\"https:\/\/www.fiscalia.gov.co\/colombia\/noticias\/fiscalia-logro-la-judicializacion-de-tres-personas-por-delitos-relacionados-con-trafico-de-estupefacientes-en-paz-de-ariporo-casanare\/#primaryimage\"},\"image\":{\"@id\":\"https:\/\/www.fiscalia.gov.co\/colombia\/noticias\/fiscalia-logro-la-judicializacion-de-tres-personas-por-delitos-relacionados-con-trafico-de-estupefacientes-en-paz-de-ariporo-casanare\/#primaryimage\"},\"thumbnailUrl\":\"https:\/\/www.fiscalia.gov.co\/colombia\/wp-content\/uploads\/FOTO-87FH284376GF-1024x683.jpg\",\"datePublished\":\"2023-08-18T21:17:41+00:00\",\"dateModified\":\"2023-08-18T21:18:23+00:00\",\"description\":\"P\u00e1gina oficial de la Fiscal\u00eda General de la Naci\u00f3n \u2013 Colombia. Garantizamos el acceso efectivo a la justicia, la verdad y la reparaci\u00f3n de las v\u00edctimas de los delitos.\",\"breadcrumb\":{\"@id\":\"https:\/\/www.fiscalia.gov.co\/colombia\/noticias\/fiscalia-logro-la-judicializacion-de-tres-personas-por-delitos-relacionados-con-trafico-de-estupefacientes-en-paz-de-ariporo-casanare\/#breadcrumb\"},\"inLanguage\":\"es-CO\",\"potentialAction\":[{\"@type\":\"ReadAction\",\"target\":[\"https:\/\/www.fiscalia.gov.co\/colombia\/noticias\/fiscalia-logro-la-judicializacion-de-tres-personas-por-delitos-relacionados-con-trafico-de-estupefacientes-en-paz-de-ariporo-casanare\/\"]}]},{\"@type\":\"ImageObject\",\"inLanguage\":\"es-CO\",\"@id\":\"https:\/\/www.fiscalia.gov.co\/colombia\/noticias\/fiscalia-logro-la-judicializacion-de-tres-personas-por-delitos-relacionados-con-trafico-de-estupefacientes-en-paz-de-ariporo-casanare\/#primaryimage\",\"url\":\"https:\/\/www.fiscalia.gov.co\/colombia\/wp-content\/uploads\/FOTO-87FH284376GF.jpg\",\"contentUrl\":\"https:\/\/www.fiscalia.gov.co\/colombia\/wp-content\/uploads\/FOTO-87FH284376GF.jpg\",\"width\":1600,\"height\":1067,\"caption\":\"A los tres capturados se les encontr\u00f3 en su poder alg\u00fan tipo de sustancia psicoactiva, por lo que fueron imputados por el delito de tr\u00e1fico fabricaci\u00f3n o porte de estupefacientes.\"},{\"@type\":\"BreadcrumbList\",\"@id\":\"https:\/\/www.fiscalia.gov.co\/colombia\/noticias\/fiscalia-logro-la-judicializacion-de-tres-personas-por-delitos-relacionados-con-trafico-de-estupefacientes-en-paz-de-ariporo-casanare\/#breadcrumb\",\"itemListElement\":[{\"@type\":\"ListItem\",\"position\":1,\"name\":\"Home\",\"item\":\"https:\/\/www.fiscalia.gov.co\/colombia\/\"},{\"@type\":\"ListItem\",\"position\":2,\"name\":\"Fiscal\u00eda logr\u00f3 la judicializaci\u00f3n de tres personas por delitos relacionados con tr\u00e1fico de estupefacientes en Paz de Ariporo, Casanare\"}]},{\"@type\":\"WebSite\",\"@id\":\"https:\/\/www.fiscalia.gov.co\/colombia\/#website\",\"url\":\"https:\/\/www.fiscalia.gov.co\/colombia\/\",\"name\":\"Fiscal\u00eda General de la Naci\u00f3n\",\"description\":\"P\u00e1gina oficial de la Fiscal\u00eda General de la Naci\u00f3n \u2013 Colombia. Garantizamos el acceso efectivo a la justicia, la verdad y la reparaci\u00f3n de las v\u00edctimas de los delitos.\",\"publisher\":{\"@id\":\"https:\/\/www.fiscalia.gov.co\/colombia\/#organization\"},\"potentialAction\":[{\"@type\":\"SearchAction\",\"target\":{\"@type\":\"EntryPoint\",\"urlTemplate\":\"https:\/\/www.fiscalia.gov.co\/colombia\/?s={search_term_string}\"},\"query-input\":{\"@type\":\"PropertyValueSpecification\",\"valueRequired\":true,\"valueName\":\"search_term_string\"}}],\"inLanguage\":\"es-CO\"},{\"@type\":\"Organization\",\"@id\":\"https:\/\/www.fiscalia.gov.co\/colombia\/#organization\",\"name\":\"Fiscal\u00eda General de la Naci\u00f3n\",\"url\":\"https:\/\/www.fiscalia.gov.co\/colombia\/\",\"logo\":{\"@type\":\"ImageObject\",\"inLanguage\":\"es-CO\",\"@id\":\"https:\/\/www.fiscalia.gov.co\/colombia\/#\/schema\/logo\/image\/\",\"url\":\"https:\/\/www.fiscalia.gov.co\/colombia\/wp-content\/uploads\/LogoHorizontal_1.jpg\",\"contentUrl\":\"https:\/\/www.fiscalia.gov.co\/colombia\/wp-content\/uploads\/LogoHorizontal_1.jpg\",\"width\":300,\"height\":90,\"caption\":\"Fiscal\u00eda General de la Naci\u00f3n\"},\"image\":{\"@id\":\"https:\/\/www.fiscalia.gov.co\/colombia\/#\/schema\/logo\/image\/\"},\"sameAs\":[\"https:\/\/www.facebook.com\/FiscaliaCol\",\"https:\/\/x.com\/FiscaliaCol\",\"https:\/\/www.instagram.com\/fiscaliacol\",\"https:\/\/www.linkedin.com\/company\/fiscalia-general-de-la-naci-n\/\",\"https:\/\/youtube.com\/@fiscaliageneraldelanacion-4668?si=6nN79nyQICPU5iTh\"]},{\"@type\":\"Person\",\"@id\":\"https:\/\/www.fiscalia.gov.co\/colombia\/#\/schema\/person\/bf84402cf293a5393e9c70b111020b24\",\"name\":\"Jordan Leandro Oviedo Anzola\",\"image\":{\"@type\":\"ImageObject\",\"inLanguage\":\"es-CO\",\"@id\":\"https:\/\/www.fiscalia.gov.co\/colombia\/#\/schema\/person\/image\/\",\"url\":\"https:\/\/secure.gravatar.com\/avatar\/dabba4346fa9b9207d96adafa8f92721?s=96&d=mm&r=g\",\"contentUrl\":\"https:\/\/secure.gravatar.com\/avatar\/dabba4346fa9b9207d96adafa8f92721?s=96&d=mm&r=g\",\"caption\":\"Jordan Leandro Oviedo Anzola\"},\"url\":\"https:\/\/www.fiscalia.gov.co\/colombia\/author\/joviedo\/\"}]}<\/script>\n<!-- \/ Yoast SEO plugin. -->","yoast_head_json":{"title":"Fiscal\u00eda General de la Naci\u00f3n","description":"P\u00e1gina oficial de la Fiscal\u00eda General de la Naci\u00f3n \u2013 Colombia. Garantizamos el acceso efectivo a la justicia, la verdad y la reparaci\u00f3n de las v\u00edctimas de los delitos.","robots":{"index":"noindex","follow":"follow"},"og_locale":"es_ES","og_type":"article","og_title":"Fiscal\u00eda General de la Naci\u00f3n","og_description":"P\u00e1gina oficial de la Fiscal\u00eda General de la Naci\u00f3n \u2013 Colombia. Garantizamos el acceso efectivo a la justicia, la verdad y la reparaci\u00f3n de las v\u00edctimas de los delitos.","og_url":"https:\/\/www.fiscalia.gov.co\/colombia\/noticias\/fiscalia-logro-la-judicializacion-de-tres-personas-por-delitos-relacionados-con-trafico-de-estupefacientes-en-paz-de-ariporo-casanare\/","og_site_name":"Fiscal\u00eda General de la Naci\u00f3n","article_publisher":"https:\/\/www.facebook.com\/FiscaliaCol","article_published_time":"2023-08-18T21:17:41+00:00","article_modified_time":"2023-08-18T21:18:23+00:00","og_image":[{"url":"https:\/\/www.fiscalia.gov.co\/colombia\/wp-content\/uploads\/FOTO-87FH284376GF-1024x683.jpg","type":"","width":"","height":""}],"author":"Jordan Leandro Oviedo Anzola","twitter_card":"summary_large_image","twitter_creator":"@FiscaliaCol","twitter_site":"@FiscaliaCol","twitter_misc":{"Escrito por":"Jordan Leandro Oviedo Anzola","Tiempo de lectura":"3 minutos"},"schema":{"@context":"https:\/\/schema.org","@graph":[{"@type":"Article","@id":"https:\/\/www.fiscalia.gov.co\/colombia\/noticias\/fiscalia-logro-la-judicializacion-de-tres-personas-por-delitos-relacionados-con-trafico-de-estupefacientes-en-paz-de-ariporo-casanare\/#article","isPartOf":{"@id":"https:\/\/www.fiscalia.gov.co\/colombia\/noticias\/fiscalia-logro-la-judicializacion-de-tres-personas-por-delitos-relacionados-con-trafico-de-estupefacientes-en-paz-de-ariporo-casanare\/"},"author":{"name":"Jordan Leandro Oviedo Anzola","@id":"https:\/\/www.fiscalia.gov.co\/colombia\/#\/schema\/person\/bf84402cf293a5393e9c70b111020b24"},"headline":"Fiscal\u00eda logr\u00f3 la judicializaci\u00f3n de tres personas por delitos relacionados con tr\u00e1fico de estupefacientes en Paz de Ariporo, Casanare","datePublished":"2023-08-18T21:17:41+00:00","dateModified":"2023-08-18T21:18:23+00:00","mainEntityOfPage":{"@id":"https:\/\/www.fiscalia.gov.co\/colombia\/noticias\/fiscalia-logro-la-judicializacion-de-tres-personas-por-delitos-relacionados-con-trafico-de-estupefacientes-en-paz-de-ariporo-casanare\/"},"wordCount":548,"publisher":{"@id":"https:\/\/www.fiscalia.gov.co\/colombia\/#organization"},"image":{"@id":"https:\/\/www.fiscalia.gov.co\/colombia\/noticias\/fiscalia-logro-la-judicializacion-de-tres-personas-por-delitos-relacionados-con-trafico-de-estupefacientes-en-paz-de-ariporo-casanare\/#primaryimage"},"thumbnailUrl":"https:\/\/www.fiscalia.gov.co\/colombia\/wp-content\/uploads\/FOTO-87FH284376GF-1024x683.jpg","keywords":["Captura","fabricaci\u00f3n o porte de estupefacientes","Fiscal\u00eda General de la Naci\u00f3n","Medida de aseguramiento","Tr\u00e1fico","Yopal (Casanare)"],"articleSection":["Noticias","Seccional Yopal","Seccionales","Tr\u00e1fico de estupefacientes"],"inLanguage":"es-CO"},{"@type":"WebPage","@id":"https:\/\/www.fiscalia.gov.co\/colombia\/noticias\/fiscalia-logro-la-judicializacion-de-tres-personas-por-delitos-relacionados-con-trafico-de-estupefacientes-en-paz-de-ariporo-casanare\/","url":"https:\/\/www.fiscalia.gov.co\/colombia\/noticias\/fiscalia-logro-la-judicializacion-de-tres-personas-por-delitos-relacionados-con-trafico-de-estupefacientes-en-paz-de-ariporo-casanare\/","name":"Fiscal\u00eda General de la Naci\u00f3n","isPartOf":{"@id":"https:\/\/www.fiscalia.gov.co\/colombia\/#website"},"primaryImageOfPage":{"@id":"https:\/\/www.fiscalia.gov.co\/colombia\/noticias\/fiscalia-logro-la-judicializacion-de-tres-personas-por-delitos-relacionados-con-trafico-de-estupefacientes-en-paz-de-ariporo-casanare\/#primaryimage"},"image":{"@id":"https:\/\/www.fiscalia.gov.co\/colombia\/noticias\/fiscalia-logro-la-judicializacion-de-tres-personas-por-delitos-relacionados-con-trafico-de-estupefacientes-en-paz-de-ariporo-casanare\/#primaryimage"},"thumbnailUrl":"https:\/\/www.fiscalia.gov.co\/colombia\/wp-content\/uploads\/FOTO-87FH284376GF-1024x683.jpg","datePublished":"2023-08-18T21:17:41+00:00","dateModified":"2023-08-18T21:18:23+00:00","description":"P\u00e1gina oficial de la Fiscal\u00eda General de la Naci\u00f3n \u2013 Colombia. Garantizamos el acceso efectivo a la justicia, la verdad y la reparaci\u00f3n de las v\u00edctimas de los delitos.","breadcrumb":{"@id":"https:\/\/www.fiscalia.gov.co\/colombia\/noticias\/fiscalia-logro-la-judicializacion-de-tres-personas-por-delitos-relacionados-con-trafico-de-estupefacientes-en-paz-de-ariporo-casanare\/#breadcrumb"},"inLanguage":"es-CO","potentialAction":[{"@type":"ReadAction","target":["https:\/\/www.fiscalia.gov.co\/colombia\/noticias\/fiscalia-logro-la-judicializacion-de-tres-personas-por-delitos-relacionados-con-trafico-de-estupefacientes-en-paz-de-ariporo-casanare\/"]}]},{"@type":"ImageObject","inLanguage":"es-CO","@id":"https:\/\/www.fiscalia.gov.co\/colombia\/noticias\/fiscalia-logro-la-judicializacion-de-tres-personas-por-delitos-relacionados-con-trafico-de-estupefacientes-en-paz-de-ariporo-casanare\/#primaryimage","url":"https:\/\/www.fiscalia.gov.co\/colombia\/wp-content\/uploads\/FOTO-87FH284376GF.jpg","contentUrl":"https:\/\/www.fiscalia.gov.co\/colombia\/wp-content\/uploads\/FOTO-87FH284376GF.jpg","width":1600,"height":1067,"caption":"A los tres capturados se les encontr\u00f3 en su poder alg\u00fan tipo de sustancia psicoactiva, por lo que fueron imputados por el delito de tr\u00e1fico fabricaci\u00f3n o porte de estupefacientes."},{"@type":"BreadcrumbList","@id":"https:\/\/www.fiscalia.gov.co\/colombia\/noticias\/fiscalia-logro-la-judicializacion-de-tres-personas-por-delitos-relacionados-con-trafico-de-estupefacientes-en-paz-de-ariporo-casanare\/#breadcrumb","itemListElement":[{"@type":"ListItem","position":1,"name":"Home","item":"https:\/\/www.fiscalia.gov.co\/colombia\/"},{"@type":"ListItem","position":2,"name":"Fiscal\u00eda logr\u00f3 la judicializaci\u00f3n de tres personas por delitos relacionados con tr\u00e1fico de estupefacientes en Paz de Ariporo, Casanare"}]},{"@type":"WebSite","@id":"https:\/\/www.fiscalia.gov.co\/colombia\/#website","url":"https:\/\/www.fiscalia.gov.co\/colombia\/","name":"Fiscal\u00eda General de la Naci\u00f3n","description":"P\u00e1gina oficial de la Fiscal\u00eda General de la Naci\u00f3n \u2013 Colombia. Garantizamos el acceso efectivo a la justicia, la verdad y la reparaci\u00f3n de las v\u00edctimas de los delitos.","publisher":{"@id":"https:\/\/www.fiscalia.gov.co\/colombia\/#organization"},"potentialAction":[{"@type":"SearchAction","target":{"@type":"EntryPoint","urlTemplate":"https:\/\/www.fiscalia.gov.co\/colombia\/?s={search_term_string}"},"query-input":{"@type":"PropertyValueSpecification","valueRequired":true,"valueName":"search_term_string"}}],"inLanguage":"es-CO"},{"@type":"Organization","@id":"https:\/\/www.fiscalia.gov.co\/colombia\/#organization","name":"Fiscal\u00eda General de la Naci\u00f3n","url":"https:\/\/www.fiscalia.gov.co\/colombia\/","logo":{"@type":"ImageObject","inLanguage":"es-CO","@id":"https:\/\/www.fiscalia.gov.co\/colombia\/#\/schema\/logo\/image\/","url":"https:\/\/www.fiscalia.gov.co\/colombia\/wp-content\/uploads\/LogoHorizontal_1.jpg","contentUrl":"https:\/\/www.fiscalia.gov.co\/colombia\/wp-content\/uploads\/LogoHorizontal_1.jpg","width":300,"height":90,"caption":"Fiscal\u00eda General de la Naci\u00f3n"},"image":{"@id":"https:\/\/www.fiscalia.gov.co\/colombia\/#\/schema\/logo\/image\/"},"sameAs":["https:\/\/www.facebook.com\/FiscaliaCol","https:\/\/x.com\/FiscaliaCol","https:\/\/www.instagram.com\/fiscaliacol","https:\/\/www.linkedin.com\/company\/fiscalia-general-de-la-naci-n\/","https:\/\/youtube.com\/@fiscaliageneraldelanacion-4668?si=6nN79nyQICPU5iTh"]},{"@type":"Person","@id":"https:\/\/www.fiscalia.gov.co\/colombia\/#\/schema\/person\/bf84402cf293a5393e9c70b111020b24","name":"Jordan Leandro Oviedo Anzola","image":{"@type":"ImageObject","inLanguage":"es-CO","@id":"https:\/\/www.fiscalia.gov.co\/colombia\/#\/schema\/person\/image\/","url":"https:\/\/secure.gravatar.com\/avatar\/dabba4346fa9b9207d96adafa8f92721?s=96&d=mm&r=g","contentUrl":"https:\/\/secure.gravatar.com\/avatar\/dabba4346fa9b9207d96adafa8f92721?s=96&d=mm&r=g","caption":"Jordan Leandro Oviedo Anzola"},"url":"https:\/\/www.fiscalia.gov.co\/colombia\/author\/joviedo\/"}]}},"_links":{"self":[{"href":"https:\/\/www.fiscalia.gov.co\/colombia\/wp-json\/wp\/v2\/posts\/277183","targetHints":{"allow":["GET"]}}],"collection":[{"href":"https:\/\/www.fiscalia.gov.co\/colombia\/wp-json\/wp\/v2\/posts"}],"about":[{"href":"https:\/\/www.fiscalia.gov.co\/colombia\/wp-json\/wp\/v2\/types\/post"}],"author":[{"embeddable":true,"href":"https:\/\/www.fiscalia.gov.co\/colombia\/wp-json\/wp\/v2\/users\/177"}],"replies":[{"embeddable":true,"href":"https:\/\/www.fiscalia.gov.co\/colombia\/wp-json\/wp\/v2\/comments?post=277183"}],"version-history":[{"count":2,"href":"https:\/\/www.fiscalia.gov.co\/colombia\/wp-json\/wp\/v2\/posts\/277183\/revisions"}],"predecessor-version":[{"id":277190,"href":"https:\/\/www.fiscalia.gov.co\/colombia\/wp-json\/wp\/v2\/posts\/277183\/revisions\/277190"}],"wp:attachment":[{"href":"https:\/\/www.fiscalia.gov.co\/colombia\/wp-json\/wp\/v2\/media?parent=277183"}],"wp:term":[{"taxonomy":"category","embeddable":true,"href":"https:\/\/www.fiscalia.gov.co\/colombia\/wp-json\/wp\/v2\/categories?post=277183"},{"taxonomy":"post_tag","embeddable":true,"href":"https:\/\/www.fiscalia.gov.co\/colombia\/wp-json\/wp\/v2\/tags?post=277183"}],"curies":[{"name":"wp","href":"https:\/\/api.w.org\/{rel}","templated":true}]}}