{"id":277154,"date":"2023-08-18T15:05:06","date_gmt":"2023-08-18T20:05:06","guid":{"rendered":"https:\/\/www.fiscalia.gov.co\/colombia\/?p=277154"},"modified":"2023-08-18T15:05:06","modified_gmt":"2023-08-18T20:05:06","slug":"a-la-carcel-por-presuntamente-haber-transportado-armamento-de-largo-alcance","status":"publish","type":"post","link":"https:\/\/www.fiscalia.gov.co\/colombia\/noticias\/a-la-carcel-por-presuntamente-haber-transportado-armamento-de-largo-alcance\/","title":{"rendered":"A la c\u00e1rcel por presuntamente haber transportado armamento de largo alcance"},"content":{"rendered":"<h4><strong><i>El procesado era requerido por la justicia desde el a\u00f1o 2020 cuando transportaba elementos y accesorios para armamento de largo alcance de uso exclusivo de las Fuerzas Armadas en v\u00edas del Huila. Fue detenido en Caquet\u00e1. \u00a0<\/i>\u00a0<\/strong><\/h4>\n<figure id=\"attachment_277155\" aria-describedby=\"caption-attachment-277155\" style=\"width: 696px\" class=\"wp-caption aligncenter\"><img loading=\"lazy\" decoding=\"async\" class=\"size-large wp-image-277155\" src=\"https:\/\/www.fiscalia.gov.co\/colombia\/wp-content\/uploads\/asegurado-por-porte-de-uso-privativo-huila-1024x780.jpeg\" alt=\"En la imagen se ve una persona detenida bajo custodia del CTI y el Ej\u00e9rcito. Detr\u00e1s suyo un backing de la Fiscal\u00eda.\" width=\"696\" height=\"530\" srcset=\"https:\/\/www.fiscalia.gov.co\/colombia\/wp-content\/uploads\/asegurado-por-porte-de-uso-privativo-huila-1024x780.jpeg 1024w, https:\/\/www.fiscalia.gov.co\/colombia\/wp-content\/uploads\/asegurado-por-porte-de-uso-privativo-huila-300x228.jpeg 300w, https:\/\/www.fiscalia.gov.co\/colombia\/wp-content\/uploads\/asegurado-por-porte-de-uso-privativo-huila-768x585.jpeg 768w, https:\/\/www.fiscalia.gov.co\/colombia\/wp-content\/uploads\/asegurado-por-porte-de-uso-privativo-huila-1536x1169.jpeg 1536w, https:\/\/www.fiscalia.gov.co\/colombia\/wp-content\/uploads\/asegurado-por-porte-de-uso-privativo-huila-696x530.jpeg 696w, https:\/\/www.fiscalia.gov.co\/colombia\/wp-content\/uploads\/asegurado-por-porte-de-uso-privativo-huila-1068x813.jpeg 1068w, https:\/\/www.fiscalia.gov.co\/colombia\/wp-content\/uploads\/asegurado-por-porte-de-uso-privativo-huila-552x420.jpeg 552w, https:\/\/www.fiscalia.gov.co\/colombia\/wp-content\/uploads\/asegurado-por-porte-de-uso-privativo-huila-80x60.jpeg 80w, https:\/\/www.fiscalia.gov.co\/colombia\/wp-content\/uploads\/asegurado-por-porte-de-uso-privativo-huila.jpeg 1600w\" sizes=\"auto, (max-width: 696px) 100vw, 696px\" \/><figcaption id=\"caption-attachment-277155\" class=\"wp-caption-text\">El hombre fue detenido en zona rural de La Monta\u00f1ita (Caquet\u00e1)por investigadores del CTI en coordinaci\u00f3n con integrantes del Ej\u00e9rcito en cumplimiento a la orden judicial que pesaba en su contra.<\/figcaption><\/figure>\n<div dir=\"ltr\">\n<p>En la vereda El Triunfo del municipio de La Monta\u00f1ita (Caquet\u00e1), investigadores del CTI en coordinaci\u00f3n con integrantes del Ej\u00e9rcito, lograron la captura por orden judicial de Alcibiades S\u00e1nchez Cerquera quien era requerido por hechos ocurridos en el a\u00f1o 2020 cuando fue descubierto en una camioneta con otra persona, transportando armas de largo alcance, en jurisdicci\u00f3n de Pitalito (Huila).<\/p>\n<p>Al ser presentado en audiencias de rigor por un fiscal especializado de la Seccional Huila que lidera la investigaci\u00f3n, fue imputado por los delitos de fabricaci\u00f3n, tr\u00e1fico, porte de armas y municiones de uso restringido de uso privativo de las Fuerzas Armadas o Explosivos agravado.<\/p>\n<p>Tambi\u00e9n le fue enrostrado el delito de cohecho por dar u ofrecer, pues en medio del procedimiento de captura le habr\u00eda ofrecido a las autoridades para que lo dejaran ir el pago con una vaca o un marrano. Sumado a ello se identificar\u00eda con un nombre falso.<\/p>\n<p><b>Los hechos\u00a0<\/b><\/p>\n<p>El 16 de julio del a\u00f1o 2020, d\u00eda de los hechos, S\u00e1nchez Cerquera huir\u00eda cuando soldados del Batall\u00f3n Magdalena le hicieron la se\u00f1al de pare al automotor para una revisi\u00f3n de rutina. En el operativo fue capturado Juan Carlos Castro Pe\u00f1uela quien ven\u00eda con \u00e9l y ya fue condenado a 23 a\u00f1os por estos hechos.<\/p>\n<p>El caso ocurri\u00f3 en el sector El Cable, vereda El Cedro, corregimiento de Bruselas, en Pitalito (Huila), cuando miembros del Ej\u00e9rcito Nacional adscritos al Batall\u00f3n de Infanter\u00eda No 27 Magdalena, en asocio con la Polic\u00eda Nacional, cumpl\u00edan labores de registro y control.<\/p>\n<p>Al revisar el automotor encontraron cerca del tanque de gasolina, cuatro fusiles de diferentes marcas un lanzagranadas y otros elementos y accesorios para armamento de largo alcance de uso exclusivo de las Fuerzas Armadas.<\/p>\n<p>El hombre no acept\u00f3 los cargos enrostrados por el delegado fiscal y permanecer\u00e1 en centro carcelario mientras avanza la investigaci\u00f3n.<\/p>\n<p><b><u>La Fiscal\u00eda habla con resultados.<\/u><\/b><\/p>\n<\/div>\n<p>&nbsp;<\/p>\n<p>&nbsp;<\/p>\n<p>&nbsp;<\/p>\n<p>&nbsp;<\/p>\n<p>&nbsp;<\/p>\n<p>&nbsp;<\/p>\n<div dir=\"ltr\">\n<p>PAAM\/LYBT\/MA\/DFHI\/DSH<\/p>\n<p>&nbsp;<\/p>\n<p align=\"center\">\n<p>&nbsp;<\/p>\n<div>\n<div class=\"td-post-content tagdiv-type\">\n<div class=\"td-post-content tagdiv-type\">\n<div class=\"td-post-content tagdiv-type\">\n<div class=\"td-post-content tagdiv-type\">\n<div class=\"td-post-content tagdiv-type\">\n<div dir=\"ltr\">\n<p><em>La informaci\u00f3n contenida en este bolet\u00edn de prensa corresponde a la narraci\u00f3n de los hechos noticiosos objetivos, y las investigaciones penales al interior de la Fiscal\u00eda General de la Naci\u00f3n. Para el momento de la divulgaci\u00f3n de este comunicado, la situaci\u00f3n jur\u00eddica de la(s) persona(s) relacionada(s) se encuentra pendiente de resolver por la autoridad judicial competente, siempre bajo los preceptos de la presunci\u00f3n de inocencia, consagrados en el art\u00edculo 29 de la Constituci\u00f3n Pol\u00edtica y el art\u00edculo 7\u00ba de la Ley 906 de 2004.<\/em><\/p>\n<\/div>\n<\/div>\n<\/div>\n<\/div>\n<\/div>\n<\/div>\n<footer>\n<div class=\"td-post-source-tags\"><\/div>\n<div class=\"td-post-sharing-bottom\"><\/div>\n<\/footer>\n<\/div>\n<\/div>\n\n<div class=\"twitter-share\"><a href=\"https:\/\/twitter.com\/intent\/tweet?via=fiscaliacol\" class=\"twitter-share-button\">Tweet<\/a><\/div>\n","protected":false},"excerpt":{"rendered":"<p>El procesado era requerido por la justicia desde el a\u00f1o 2020 cuando transportaba elementos y accesorios para armamento de largo alcance de uso exclusivo de las Fuerzas Armadas en v\u00edas del Huila. Fue detenido en Caquet\u00e1. \u00a0\u00a0 En la vereda El Triunfo del municipio de La Monta\u00f1ita (Caquet\u00e1), investigadores del CTI en coordinaci\u00f3n con integrantes [&hellip;]<\/p>\n","protected":false},"author":177,"featured_media":0,"comment_status":"closed","ping_status":"open","sticky":false,"template":"","format":"standard","meta":{"_price":"","_stock":"","_tribe_ticket_header":"","_tribe_default_ticket_provider":"","_tribe_ticket_capacity":"0","_ticket_start_date":"","_ticket_end_date":"","_tribe_ticket_show_description":"","_tribe_ticket_show_not_going":false,"_tribe_ticket_use_global_stock":"","_tribe_ticket_global_stock_level":"","_global_stock_mode":"","_global_stock_cap":"","_tribe_rsvp_for_event":"","_tribe_ticket_going_count":"","_tribe_ticket_not_going_count":"","_tribe_tickets_list":"[]","_tribe_ticket_has_attendee_info_fields":false,"tdm_status":"","tdm_grid_status":"","footnotes":""},"categories":[1,333,303,24099],"tags":[6489,15149,45,667,25268,1047,29592,16,35383,28214,24277,31720,16873,30239],"class_list":{"0":"post-277154","1":"post","2":"type-post","3":"status-publish","4":"format-standard","6":"category-noticias","7":"category-seccional-neiva","8":"category-seccionales","9":"category-seguridad-territorial","10":"tag-caqueta","11":"tag-cohecho-por-dar-u-ofrecer","12":"tag-cti","13":"tag-ejercito","14":"tag-fiscal-especializado","15":"tag-fiscalia-general-de-la-nacion","16":"tag-fusiles","17":"tag-huila","18":"tag-inspeccion","19":"tag-lanzagranadas","20":"tag-medida","21":"tag-neiva-huila","22":"tag-porte-de-armas-de-uso-privativo","23":"tag-seguridad-territorial"},"yoast_head":"<!-- This site is optimized with the Yoast SEO plugin v24.3 - https:\/\/yoast.com\/wordpress\/plugins\/seo\/ -->\n<title>Fiscal\u00eda General de la Naci\u00f3n<\/title>\n<meta name=\"description\" content=\"P\u00e1gina oficial de la Fiscal\u00eda General de la Naci\u00f3n \u2013 Colombia. Garantizamos el acceso efectivo a la justicia, la verdad y la reparaci\u00f3n de las v\u00edctimas de los delitos.\" \/>\n<meta name=\"robots\" content=\"noindex, follow\" \/>\n<meta property=\"og:locale\" content=\"es_ES\" \/>\n<meta property=\"og:type\" content=\"article\" \/>\n<meta property=\"og:title\" content=\"Fiscal\u00eda General de la Naci\u00f3n\" \/>\n<meta property=\"og:description\" content=\"P\u00e1gina oficial de la Fiscal\u00eda General de la Naci\u00f3n \u2013 Colombia. Garantizamos el acceso efectivo a la justicia, la verdad y la reparaci\u00f3n de las v\u00edctimas de los delitos.\" \/>\n<meta property=\"og:url\" content=\"https:\/\/www.fiscalia.gov.co\/colombia\/noticias\/a-la-carcel-por-presuntamente-haber-transportado-armamento-de-largo-alcance\/\" \/>\n<meta property=\"og:site_name\" content=\"Fiscal\u00eda General de la Naci\u00f3n\" \/>\n<meta property=\"article:publisher\" content=\"https:\/\/www.facebook.com\/FiscaliaCol\" \/>\n<meta property=\"article:published_time\" content=\"2023-08-18T20:05:06+00:00\" \/>\n<meta property=\"og:image\" content=\"https:\/\/www.fiscalia.gov.co\/colombia\/wp-content\/uploads\/asegurado-por-porte-de-uso-privativo-huila-1024x780.jpeg\" \/>\n<meta name=\"author\" content=\"Jordan Leandro Oviedo Anzola\" \/>\n<meta name=\"twitter:card\" content=\"summary_large_image\" \/>\n<meta name=\"twitter:creator\" content=\"@FiscaliaCol\" \/>\n<meta name=\"twitter:site\" content=\"@FiscaliaCol\" \/>\n<meta name=\"twitter:label1\" content=\"Escrito por\" \/>\n\t<meta name=\"twitter:data1\" content=\"Jordan Leandro Oviedo Anzola\" \/>\n\t<meta name=\"twitter:label2\" content=\"Tiempo de lectura\" \/>\n\t<meta name=\"twitter:data2\" content=\"3 minutos\" \/>\n<script type=\"application\/ld+json\" class=\"yoast-schema-graph\">{\"@context\":\"https:\/\/schema.org\",\"@graph\":[{\"@type\":\"Article\",\"@id\":\"https:\/\/www.fiscalia.gov.co\/colombia\/noticias\/a-la-carcel-por-presuntamente-haber-transportado-armamento-de-largo-alcance\/#article\",\"isPartOf\":{\"@id\":\"https:\/\/www.fiscalia.gov.co\/colombia\/noticias\/a-la-carcel-por-presuntamente-haber-transportado-armamento-de-largo-alcance\/\"},\"author\":{\"name\":\"Jordan Leandro Oviedo Anzola\",\"@id\":\"https:\/\/www.fiscalia.gov.co\/colombia\/#\/schema\/person\/bf84402cf293a5393e9c70b111020b24\"},\"headline\":\"A la c\u00e1rcel por presuntamente haber transportado armamento de largo alcance\",\"datePublished\":\"2023-08-18T20:05:06+00:00\",\"dateModified\":\"2023-08-18T20:05:06+00:00\",\"mainEntityOfPage\":{\"@id\":\"https:\/\/www.fiscalia.gov.co\/colombia\/noticias\/a-la-carcel-por-presuntamente-haber-transportado-armamento-de-largo-alcance\/\"},\"wordCount\":533,\"publisher\":{\"@id\":\"https:\/\/www.fiscalia.gov.co\/colombia\/#organization\"},\"image\":{\"@id\":\"https:\/\/www.fiscalia.gov.co\/colombia\/noticias\/a-la-carcel-por-presuntamente-haber-transportado-armamento-de-largo-alcance\/#primaryimage\"},\"thumbnailUrl\":\"https:\/\/www.fiscalia.gov.co\/colombia\/wp-content\/uploads\/asegurado-por-porte-de-uso-privativo-huila-1024x780.jpeg\",\"keywords\":[\"Caquet\u00e1\",\"cohecho por dar u ofrecer\",\"CTI\",\"Ej\u00e9rcito\",\"fiscal especializado\",\"Fiscal\u00eda General de la Naci\u00f3n\",\"fusiles\",\"Huila\",\"inspecci\u00f3n\",\"lanzagranadas\",\"medida\",\"Neiva (Huila)\",\"porte de armas de uso privativo\",\"Seguridad territorial\"],\"articleSection\":[\"Noticias\",\"Seccional Neiva\",\"Seccionales\",\"Seguridad territorial\"],\"inLanguage\":\"es-CO\"},{\"@type\":\"WebPage\",\"@id\":\"https:\/\/www.fiscalia.gov.co\/colombia\/noticias\/a-la-carcel-por-presuntamente-haber-transportado-armamento-de-largo-alcance\/\",\"url\":\"https:\/\/www.fiscalia.gov.co\/colombia\/noticias\/a-la-carcel-por-presuntamente-haber-transportado-armamento-de-largo-alcance\/\",\"name\":\"Fiscal\u00eda General de la Naci\u00f3n\",\"isPartOf\":{\"@id\":\"https:\/\/www.fiscalia.gov.co\/colombia\/#website\"},\"primaryImageOfPage\":{\"@id\":\"https:\/\/www.fiscalia.gov.co\/colombia\/noticias\/a-la-carcel-por-presuntamente-haber-transportado-armamento-de-largo-alcance\/#primaryimage\"},\"image\":{\"@id\":\"https:\/\/www.fiscalia.gov.co\/colombia\/noticias\/a-la-carcel-por-presuntamente-haber-transportado-armamento-de-largo-alcance\/#primaryimage\"},\"thumbnailUrl\":\"https:\/\/www.fiscalia.gov.co\/colombia\/wp-content\/uploads\/asegurado-por-porte-de-uso-privativo-huila-1024x780.jpeg\",\"datePublished\":\"2023-08-18T20:05:06+00:00\",\"dateModified\":\"2023-08-18T20:05:06+00:00\",\"description\":\"P\u00e1gina oficial de la Fiscal\u00eda General de la Naci\u00f3n \u2013 Colombia. Garantizamos el acceso efectivo a la justicia, la verdad y la reparaci\u00f3n de las v\u00edctimas de los delitos.\",\"breadcrumb\":{\"@id\":\"https:\/\/www.fiscalia.gov.co\/colombia\/noticias\/a-la-carcel-por-presuntamente-haber-transportado-armamento-de-largo-alcance\/#breadcrumb\"},\"inLanguage\":\"es-CO\",\"potentialAction\":[{\"@type\":\"ReadAction\",\"target\":[\"https:\/\/www.fiscalia.gov.co\/colombia\/noticias\/a-la-carcel-por-presuntamente-haber-transportado-armamento-de-largo-alcance\/\"]}]},{\"@type\":\"ImageObject\",\"inLanguage\":\"es-CO\",\"@id\":\"https:\/\/www.fiscalia.gov.co\/colombia\/noticias\/a-la-carcel-por-presuntamente-haber-transportado-armamento-de-largo-alcance\/#primaryimage\",\"url\":\"https:\/\/www.fiscalia.gov.co\/colombia\/wp-content\/uploads\/asegurado-por-porte-de-uso-privativo-huila-1024x780.jpeg\",\"contentUrl\":\"https:\/\/www.fiscalia.gov.co\/colombia\/wp-content\/uploads\/asegurado-por-porte-de-uso-privativo-huila-1024x780.jpeg\"},{\"@type\":\"BreadcrumbList\",\"@id\":\"https:\/\/www.fiscalia.gov.co\/colombia\/noticias\/a-la-carcel-por-presuntamente-haber-transportado-armamento-de-largo-alcance\/#breadcrumb\",\"itemListElement\":[{\"@type\":\"ListItem\",\"position\":1,\"name\":\"Home\",\"item\":\"https:\/\/www.fiscalia.gov.co\/colombia\/\"},{\"@type\":\"ListItem\",\"position\":2,\"name\":\"A la c\u00e1rcel por presuntamente haber transportado armamento de largo alcance\"}]},{\"@type\":\"WebSite\",\"@id\":\"https:\/\/www.fiscalia.gov.co\/colombia\/#website\",\"url\":\"https:\/\/www.fiscalia.gov.co\/colombia\/\",\"name\":\"Fiscal\u00eda General de la Naci\u00f3n\",\"description\":\"P\u00e1gina oficial de la Fiscal\u00eda General de la Naci\u00f3n \u2013 Colombia. Garantizamos el acceso efectivo a la justicia, la verdad y la reparaci\u00f3n de las v\u00edctimas de los delitos.\",\"publisher\":{\"@id\":\"https:\/\/www.fiscalia.gov.co\/colombia\/#organization\"},\"potentialAction\":[{\"@type\":\"SearchAction\",\"target\":{\"@type\":\"EntryPoint\",\"urlTemplate\":\"https:\/\/www.fiscalia.gov.co\/colombia\/?s={search_term_string}\"},\"query-input\":{\"@type\":\"PropertyValueSpecification\",\"valueRequired\":true,\"valueName\":\"search_term_string\"}}],\"inLanguage\":\"es-CO\"},{\"@type\":\"Organization\",\"@id\":\"https:\/\/www.fiscalia.gov.co\/colombia\/#organization\",\"name\":\"Fiscal\u00eda General de la Naci\u00f3n\",\"url\":\"https:\/\/www.fiscalia.gov.co\/colombia\/\",\"logo\":{\"@type\":\"ImageObject\",\"inLanguage\":\"es-CO\",\"@id\":\"https:\/\/www.fiscalia.gov.co\/colombia\/#\/schema\/logo\/image\/\",\"url\":\"https:\/\/www.fiscalia.gov.co\/colombia\/wp-content\/uploads\/LogoHorizontal_1.jpg\",\"contentUrl\":\"https:\/\/www.fiscalia.gov.co\/colombia\/wp-content\/uploads\/LogoHorizontal_1.jpg\",\"width\":300,\"height\":90,\"caption\":\"Fiscal\u00eda General de la Naci\u00f3n\"},\"image\":{\"@id\":\"https:\/\/www.fiscalia.gov.co\/colombia\/#\/schema\/logo\/image\/\"},\"sameAs\":[\"https:\/\/www.facebook.com\/FiscaliaCol\",\"https:\/\/x.com\/FiscaliaCol\",\"https:\/\/www.instagram.com\/fiscaliacol\",\"https:\/\/www.linkedin.com\/company\/fiscalia-general-de-la-naci-n\/\",\"https:\/\/youtube.com\/@fiscaliageneraldelanacion-4668?si=6nN79nyQICPU5iTh\"]},{\"@type\":\"Person\",\"@id\":\"https:\/\/www.fiscalia.gov.co\/colombia\/#\/schema\/person\/bf84402cf293a5393e9c70b111020b24\",\"name\":\"Jordan Leandro Oviedo Anzola\",\"image\":{\"@type\":\"ImageObject\",\"inLanguage\":\"es-CO\",\"@id\":\"https:\/\/www.fiscalia.gov.co\/colombia\/#\/schema\/person\/image\/\",\"url\":\"https:\/\/secure.gravatar.com\/avatar\/dabba4346fa9b9207d96adafa8f92721?s=96&d=mm&r=g\",\"contentUrl\":\"https:\/\/secure.gravatar.com\/avatar\/dabba4346fa9b9207d96adafa8f92721?s=96&d=mm&r=g\",\"caption\":\"Jordan Leandro Oviedo Anzola\"},\"url\":\"https:\/\/www.fiscalia.gov.co\/colombia\/author\/joviedo\/\"}]}<\/script>\n<!-- \/ Yoast SEO plugin. -->","yoast_head_json":{"title":"Fiscal\u00eda General de la Naci\u00f3n","description":"P\u00e1gina oficial de la Fiscal\u00eda General de la Naci\u00f3n \u2013 Colombia. Garantizamos el acceso efectivo a la justicia, la verdad y la reparaci\u00f3n de las v\u00edctimas de los delitos.","robots":{"index":"noindex","follow":"follow"},"og_locale":"es_ES","og_type":"article","og_title":"Fiscal\u00eda General de la Naci\u00f3n","og_description":"P\u00e1gina oficial de la Fiscal\u00eda General de la Naci\u00f3n \u2013 Colombia. Garantizamos el acceso efectivo a la justicia, la verdad y la reparaci\u00f3n de las v\u00edctimas de los delitos.","og_url":"https:\/\/www.fiscalia.gov.co\/colombia\/noticias\/a-la-carcel-por-presuntamente-haber-transportado-armamento-de-largo-alcance\/","og_site_name":"Fiscal\u00eda General de la Naci\u00f3n","article_publisher":"https:\/\/www.facebook.com\/FiscaliaCol","article_published_time":"2023-08-18T20:05:06+00:00","og_image":[{"url":"https:\/\/www.fiscalia.gov.co\/colombia\/wp-content\/uploads\/asegurado-por-porte-de-uso-privativo-huila-1024x780.jpeg","type":"","width":"","height":""}],"author":"Jordan Leandro Oviedo Anzola","twitter_card":"summary_large_image","twitter_creator":"@FiscaliaCol","twitter_site":"@FiscaliaCol","twitter_misc":{"Escrito por":"Jordan Leandro Oviedo Anzola","Tiempo de lectura":"3 minutos"},"schema":{"@context":"https:\/\/schema.org","@graph":[{"@type":"Article","@id":"https:\/\/www.fiscalia.gov.co\/colombia\/noticias\/a-la-carcel-por-presuntamente-haber-transportado-armamento-de-largo-alcance\/#article","isPartOf":{"@id":"https:\/\/www.fiscalia.gov.co\/colombia\/noticias\/a-la-carcel-por-presuntamente-haber-transportado-armamento-de-largo-alcance\/"},"author":{"name":"Jordan Leandro Oviedo Anzola","@id":"https:\/\/www.fiscalia.gov.co\/colombia\/#\/schema\/person\/bf84402cf293a5393e9c70b111020b24"},"headline":"A la c\u00e1rcel por presuntamente haber transportado armamento de largo alcance","datePublished":"2023-08-18T20:05:06+00:00","dateModified":"2023-08-18T20:05:06+00:00","mainEntityOfPage":{"@id":"https:\/\/www.fiscalia.gov.co\/colombia\/noticias\/a-la-carcel-por-presuntamente-haber-transportado-armamento-de-largo-alcance\/"},"wordCount":533,"publisher":{"@id":"https:\/\/www.fiscalia.gov.co\/colombia\/#organization"},"image":{"@id":"https:\/\/www.fiscalia.gov.co\/colombia\/noticias\/a-la-carcel-por-presuntamente-haber-transportado-armamento-de-largo-alcance\/#primaryimage"},"thumbnailUrl":"https:\/\/www.fiscalia.gov.co\/colombia\/wp-content\/uploads\/asegurado-por-porte-de-uso-privativo-huila-1024x780.jpeg","keywords":["Caquet\u00e1","cohecho por dar u ofrecer","CTI","Ej\u00e9rcito","fiscal especializado","Fiscal\u00eda General de la Naci\u00f3n","fusiles","Huila","inspecci\u00f3n","lanzagranadas","medida","Neiva (Huila)","porte de armas de uso privativo","Seguridad territorial"],"articleSection":["Noticias","Seccional Neiva","Seccionales","Seguridad territorial"],"inLanguage":"es-CO"},{"@type":"WebPage","@id":"https:\/\/www.fiscalia.gov.co\/colombia\/noticias\/a-la-carcel-por-presuntamente-haber-transportado-armamento-de-largo-alcance\/","url":"https:\/\/www.fiscalia.gov.co\/colombia\/noticias\/a-la-carcel-por-presuntamente-haber-transportado-armamento-de-largo-alcance\/","name":"Fiscal\u00eda General de la Naci\u00f3n","isPartOf":{"@id":"https:\/\/www.fiscalia.gov.co\/colombia\/#website"},"primaryImageOfPage":{"@id":"https:\/\/www.fiscalia.gov.co\/colombia\/noticias\/a-la-carcel-por-presuntamente-haber-transportado-armamento-de-largo-alcance\/#primaryimage"},"image":{"@id":"https:\/\/www.fiscalia.gov.co\/colombia\/noticias\/a-la-carcel-por-presuntamente-haber-transportado-armamento-de-largo-alcance\/#primaryimage"},"thumbnailUrl":"https:\/\/www.fiscalia.gov.co\/colombia\/wp-content\/uploads\/asegurado-por-porte-de-uso-privativo-huila-1024x780.jpeg","datePublished":"2023-08-18T20:05:06+00:00","dateModified":"2023-08-18T20:05:06+00:00","description":"P\u00e1gina oficial de la Fiscal\u00eda General de la Naci\u00f3n \u2013 Colombia. Garantizamos el acceso efectivo a la justicia, la verdad y la reparaci\u00f3n de las v\u00edctimas de los delitos.","breadcrumb":{"@id":"https:\/\/www.fiscalia.gov.co\/colombia\/noticias\/a-la-carcel-por-presuntamente-haber-transportado-armamento-de-largo-alcance\/#breadcrumb"},"inLanguage":"es-CO","potentialAction":[{"@type":"ReadAction","target":["https:\/\/www.fiscalia.gov.co\/colombia\/noticias\/a-la-carcel-por-presuntamente-haber-transportado-armamento-de-largo-alcance\/"]}]},{"@type":"ImageObject","inLanguage":"es-CO","@id":"https:\/\/www.fiscalia.gov.co\/colombia\/noticias\/a-la-carcel-por-presuntamente-haber-transportado-armamento-de-largo-alcance\/#primaryimage","url":"https:\/\/www.fiscalia.gov.co\/colombia\/wp-content\/uploads\/asegurado-por-porte-de-uso-privativo-huila-1024x780.jpeg","contentUrl":"https:\/\/www.fiscalia.gov.co\/colombia\/wp-content\/uploads\/asegurado-por-porte-de-uso-privativo-huila-1024x780.jpeg"},{"@type":"BreadcrumbList","@id":"https:\/\/www.fiscalia.gov.co\/colombia\/noticias\/a-la-carcel-por-presuntamente-haber-transportado-armamento-de-largo-alcance\/#breadcrumb","itemListElement":[{"@type":"ListItem","position":1,"name":"Home","item":"https:\/\/www.fiscalia.gov.co\/colombia\/"},{"@type":"ListItem","position":2,"name":"A la c\u00e1rcel por presuntamente haber transportado armamento de largo alcance"}]},{"@type":"WebSite","@id":"https:\/\/www.fiscalia.gov.co\/colombia\/#website","url":"https:\/\/www.fiscalia.gov.co\/colombia\/","name":"Fiscal\u00eda General de la Naci\u00f3n","description":"P\u00e1gina oficial de la Fiscal\u00eda General de la Naci\u00f3n \u2013 Colombia. Garantizamos el acceso efectivo a la justicia, la verdad y la reparaci\u00f3n de las v\u00edctimas de los delitos.","publisher":{"@id":"https:\/\/www.fiscalia.gov.co\/colombia\/#organization"},"potentialAction":[{"@type":"SearchAction","target":{"@type":"EntryPoint","urlTemplate":"https:\/\/www.fiscalia.gov.co\/colombia\/?s={search_term_string}"},"query-input":{"@type":"PropertyValueSpecification","valueRequired":true,"valueName":"search_term_string"}}],"inLanguage":"es-CO"},{"@type":"Organization","@id":"https:\/\/www.fiscalia.gov.co\/colombia\/#organization","name":"Fiscal\u00eda General de la Naci\u00f3n","url":"https:\/\/www.fiscalia.gov.co\/colombia\/","logo":{"@type":"ImageObject","inLanguage":"es-CO","@id":"https:\/\/www.fiscalia.gov.co\/colombia\/#\/schema\/logo\/image\/","url":"https:\/\/www.fiscalia.gov.co\/colombia\/wp-content\/uploads\/LogoHorizontal_1.jpg","contentUrl":"https:\/\/www.fiscalia.gov.co\/colombia\/wp-content\/uploads\/LogoHorizontal_1.jpg","width":300,"height":90,"caption":"Fiscal\u00eda General de la Naci\u00f3n"},"image":{"@id":"https:\/\/www.fiscalia.gov.co\/colombia\/#\/schema\/logo\/image\/"},"sameAs":["https:\/\/www.facebook.com\/FiscaliaCol","https:\/\/x.com\/FiscaliaCol","https:\/\/www.instagram.com\/fiscaliacol","https:\/\/www.linkedin.com\/company\/fiscalia-general-de-la-naci-n\/","https:\/\/youtube.com\/@fiscaliageneraldelanacion-4668?si=6nN79nyQICPU5iTh"]},{"@type":"Person","@id":"https:\/\/www.fiscalia.gov.co\/colombia\/#\/schema\/person\/bf84402cf293a5393e9c70b111020b24","name":"Jordan Leandro Oviedo Anzola","image":{"@type":"ImageObject","inLanguage":"es-CO","@id":"https:\/\/www.fiscalia.gov.co\/colombia\/#\/schema\/person\/image\/","url":"https:\/\/secure.gravatar.com\/avatar\/dabba4346fa9b9207d96adafa8f92721?s=96&d=mm&r=g","contentUrl":"https:\/\/secure.gravatar.com\/avatar\/dabba4346fa9b9207d96adafa8f92721?s=96&d=mm&r=g","caption":"Jordan Leandro Oviedo Anzola"},"url":"https:\/\/www.fiscalia.gov.co\/colombia\/author\/joviedo\/"}]}},"_links":{"self":[{"href":"https:\/\/www.fiscalia.gov.co\/colombia\/wp-json\/wp\/v2\/posts\/277154","targetHints":{"allow":["GET"]}}],"collection":[{"href":"https:\/\/www.fiscalia.gov.co\/colombia\/wp-json\/wp\/v2\/posts"}],"about":[{"href":"https:\/\/www.fiscalia.gov.co\/colombia\/wp-json\/wp\/v2\/types\/post"}],"author":[{"embeddable":true,"href":"https:\/\/www.fiscalia.gov.co\/colombia\/wp-json\/wp\/v2\/users\/177"}],"replies":[{"embeddable":true,"href":"https:\/\/www.fiscalia.gov.co\/colombia\/wp-json\/wp\/v2\/comments?post=277154"}],"version-history":[{"count":1,"href":"https:\/\/www.fiscalia.gov.co\/colombia\/wp-json\/wp\/v2\/posts\/277154\/revisions"}],"predecessor-version":[{"id":277156,"href":"https:\/\/www.fiscalia.gov.co\/colombia\/wp-json\/wp\/v2\/posts\/277154\/revisions\/277156"}],"wp:attachment":[{"href":"https:\/\/www.fiscalia.gov.co\/colombia\/wp-json\/wp\/v2\/media?parent=277154"}],"wp:term":[{"taxonomy":"category","embeddable":true,"href":"https:\/\/www.fiscalia.gov.co\/colombia\/wp-json\/wp\/v2\/categories?post=277154"},{"taxonomy":"post_tag","embeddable":true,"href":"https:\/\/www.fiscalia.gov.co\/colombia\/wp-json\/wp\/v2\/tags?post=277154"}],"curies":[{"name":"wp","href":"https:\/\/api.w.org\/{rel}","templated":true}]}}