{"id":276840,"date":"2023-08-15T08:40:01","date_gmt":"2023-08-15T13:40:01","guid":{"rendered":"https:\/\/www.fiscalia.gov.co\/colombia\/?p=276840"},"modified":"2023-08-15T08:43:13","modified_gmt":"2023-08-15T13:43:13","slug":"a-la-carcel-tras-ser-descubierto-transportando-cocaina-camuflada-en-el-tanque-de-gasolina-de-una-motocicleta","status":"publish","type":"post","link":"https:\/\/www.fiscalia.gov.co\/colombia\/noticias\/a-la-carcel-tras-ser-descubierto-transportando-cocaina-camuflada-en-el-tanque-de-gasolina-de-una-motocicleta\/","title":{"rendered":"A la c\u00e1rcel tras ser descubierto transportando coca\u00edna camuflada en el tanque de gasolina de una motocicleta"},"content":{"rendered":"<h4><strong><i>El hombre fue capturado con m\u00e1s de 3 kilos de la sustancia il\u00edcita en la v\u00eda que conduce de\u00a0<\/i>Mocoa (Putumayo) a Pitalito (Huila)<i>.\u00a0\u00a0<\/i><\/strong><\/h4>\n<p>Por los delitos de tr\u00e1fico, fabricaci\u00f3n o porte de estupefacientes, la Fiscal\u00eda en el Huila imput\u00f3 cargos y logr\u00f3 medida de aseguramiento preventiva en centro carcelario en contra de Miguel Alonso Ochoa, de 51 a\u00f1os de edad tras ser descubierto en flagrancia transportando 3 kilos con 200 gramos de coca\u00edna en el tanque de la moto que conduc\u00eda.<\/p>\n<p>El hombre fue detenido el pasado 9 de agosto por servidores del CTI de la unidad de Pitalito (Huila) con el apoyo del Ej\u00e9rcito Nacional en un puesto de control en el sector El Cable, vereda El Cedro, corregimiento Bruselas.<\/p>\n<figure id=\"attachment_276842\" aria-describedby=\"caption-attachment-276842\" style=\"width: 323px\" class=\"wp-caption aligncenter\"><img loading=\"lazy\" decoding=\"async\" class=\" wp-image-276842\" src=\"https:\/\/www.fiscalia.gov.co\/colombia\/wp-content\/uploads\/detenido-con-cocaina-en-moto-huila-300x225.jpeg\" alt=\"en la imagen se ve una persona detenida bajo custodia del Ej\u00e9rcito e investigadores del CTOI. Delante suyo una mesa con sustancia estupefaciente incautada. \" width=\"323\" height=\"242\" srcset=\"https:\/\/www.fiscalia.gov.co\/colombia\/wp-content\/uploads\/detenido-con-cocaina-en-moto-huila-300x225.jpeg 300w, https:\/\/www.fiscalia.gov.co\/colombia\/wp-content\/uploads\/detenido-con-cocaina-en-moto-huila-768x575.jpeg 768w, https:\/\/www.fiscalia.gov.co\/colombia\/wp-content\/uploads\/detenido-con-cocaina-en-moto-huila-696x521.jpeg 696w, https:\/\/www.fiscalia.gov.co\/colombia\/wp-content\/uploads\/detenido-con-cocaina-en-moto-huila-561x420.jpeg 561w, https:\/\/www.fiscalia.gov.co\/colombia\/wp-content\/uploads\/detenido-con-cocaina-en-moto-huila-80x60.jpeg 80w, https:\/\/www.fiscalia.gov.co\/colombia\/wp-content\/uploads\/detenido-con-cocaina-en-moto-huila-265x198.jpeg 265w, https:\/\/www.fiscalia.gov.co\/colombia\/wp-content\/uploads\/detenido-con-cocaina-en-moto-huila.jpeg 961w\" sizes=\"auto, (max-width: 323px) 100vw, 323px\" \/><figcaption id=\"caption-attachment-276842\" class=\"wp-caption-text\">El hombre fue detenido tras ser sorprendido en flagrancia transportando m\u00e1s de tres kilos de coca\u00edna.<\/figcaption><\/figure>\n<p>La captura se produjo en flagrancia cuando se movilizaba por la ruta Mocoa (Putumayo)-Pitalito (Huila).<\/p>\n<p>El hombre mostr\u00f3 una actitud nerviosa, por lo que se inici\u00f3 una inspecci\u00f3n de la moto observando una manipulaci\u00f3n reciente en el tanque de gasolina y all\u00ed fue hallada una caleta con 16 paquetes de diferentes tama\u00f1os que conten\u00edan sustancia color beige, a la cual se le practic\u00f3 la Prueba de Identificaci\u00f3n Preliminar Homologada (PIPH), arrojando positivo para coca\u00edna y sus derivados.<\/p>\n<figure id=\"attachment_276843\" aria-describedby=\"caption-attachment-276843\" style=\"width: 300px\" class=\"wp-caption aligncenter\"><img loading=\"lazy\" decoding=\"async\" class=\"size-medium wp-image-276843\" src=\"https:\/\/www.fiscalia.gov.co\/colombia\/wp-content\/uploads\/occaina-moto-huila-300x169.jpeg\" alt=\"en la imagen se ven bolsas con coca\u00edna en el piso.\" width=\"300\" height=\"169\" srcset=\"https:\/\/www.fiscalia.gov.co\/colombia\/wp-content\/uploads\/occaina-moto-huila-300x169.jpeg 300w, https:\/\/www.fiscalia.gov.co\/colombia\/wp-content\/uploads\/occaina-moto-huila-1024x576.jpeg 1024w, https:\/\/www.fiscalia.gov.co\/colombia\/wp-content\/uploads\/occaina-moto-huila-768x432.jpeg 768w, https:\/\/www.fiscalia.gov.co\/colombia\/wp-content\/uploads\/occaina-moto-huila-696x392.jpeg 696w, https:\/\/www.fiscalia.gov.co\/colombia\/wp-content\/uploads\/occaina-moto-huila-1068x601.jpeg 1068w, https:\/\/www.fiscalia.gov.co\/colombia\/wp-content\/uploads\/occaina-moto-huila-747x420.jpeg 747w, https:\/\/www.fiscalia.gov.co\/colombia\/wp-content\/uploads\/occaina-moto-huila.jpeg 1280w\" sizes=\"auto, (max-width: 300px) 100vw, 300px\" \/><figcaption id=\"caption-attachment-276843\" class=\"wp-caption-text\">en la imagen se ve una persona detenida bajo custodia del Ej\u00e9rcito e investigadores del CTOI. Delante suyo una mesa con sustancia estupefaciente incautada.<\/figcaption><\/figure>\n<p>Se logr\u00f3 establecer que la sustancia alucin\u00f3gena hallada en la motocicleta, ten\u00eda un peso neto de 3.200 gramos.<\/p>\n<p><b><u>La Fiscal\u00eda habla con resultados.<\/u><\/b><b><u>\u00a0<\/u><\/b><\/p>\n<p>&nbsp;<\/p>\n<p>PAAM\/LYBT\/SC\/DFHI\/DSH<\/p>\n<p>&nbsp;<\/p>\n<p><em>La informaci\u00f3n contenida en este bolet\u00edn de prensa corresponde a la narraci\u00f3n de los hechos noticiosos objetivos, y las investigaciones penales al interior de la Fiscal\u00eda General de la Naci\u00f3n. Para el momento de la divulgaci\u00f3n de este comunicado, la situaci\u00f3n jur\u00eddica de la(s) persona(s) relacionada(s) se encuentra pendiente de resolver por la autoridad judicial competente, siempre bajo los preceptos de la presunci\u00f3n de inocencia, consagrados en el art\u00edculo 29 de la Constituci\u00f3n Pol\u00edtica y el art\u00edculo 7\u00ba de la Ley 906 de 2004.<\/em><\/p>\n\n<div class=\"twitter-share\"><a href=\"https:\/\/twitter.com\/intent\/tweet?via=fiscaliacol\" class=\"twitter-share-button\">Tweet<\/a><\/div>\n","protected":false},"excerpt":{"rendered":"<p>El hombre fue capturado con m\u00e1s de 3 kilos de la sustancia il\u00edcita en la v\u00eda que conduce de\u00a0Mocoa (Putumayo) a Pitalito (Huila).\u00a0\u00a0 Por los delitos de tr\u00e1fico, fabricaci\u00f3n o porte de estupefacientes, la Fiscal\u00eda en el Huila imput\u00f3 cargos y logr\u00f3 medida de aseguramiento preventiva en centro carcelario en contra de Miguel Alonso Ochoa, [&hellip;]<\/p>\n","protected":false},"author":178,"featured_media":0,"comment_status":"closed","ping_status":"open","sticky":false,"template":"","format":"standard","meta":{"tdm_status":"","tdm_grid_status":"","footnotes":""},"categories":[1,333,303],"tags":[3439,24642,19,45,667,1047,16,1185,23889,28344,2723,31812,30239,35351],"class_list":{"0":"post-276840","1":"post","2":"type-post","3":"status-publish","4":"format-standard","6":"category-noticias","7":"category-seccional-neiva","8":"category-seccionales","9":"tag-caleta","10":"tag-camuflaje","11":"tag-cocaina","12":"tag-cti","13":"tag-ejercito","14":"tag-fiscalia-general-de-la-nacion","15":"tag-huila","16":"tag-medida-de-aseguramiento","17":"tag-mocoa","18":"tag-moto","19":"tag-pitalito","20":"tag-pitalito-huila","21":"tag-seguridad-territorial","22":"tag-sustancia-alucinogena"},"yoast_head":"<!-- This site is optimized with the Yoast SEO plugin v24.3 - https:\/\/yoast.com\/wordpress\/plugins\/seo\/ -->\n<title>Fiscal\u00eda General de la Naci\u00f3n<\/title>\n<meta name=\"description\" content=\"P\u00e1gina oficial de la Fiscal\u00eda General de la Naci\u00f3n \u2013 Colombia. Garantizamos el acceso efectivo a la justicia, la verdad y la reparaci\u00f3n de las v\u00edctimas de los delitos.\" \/>\n<meta name=\"robots\" content=\"noindex, follow\" \/>\n<meta property=\"og:locale\" content=\"es_ES\" \/>\n<meta property=\"og:type\" content=\"article\" \/>\n<meta property=\"og:title\" content=\"Fiscal\u00eda General de la Naci\u00f3n\" \/>\n<meta property=\"og:description\" content=\"P\u00e1gina oficial de la Fiscal\u00eda General de la Naci\u00f3n \u2013 Colombia. Garantizamos el acceso efectivo a la justicia, la verdad y la reparaci\u00f3n de las v\u00edctimas de los delitos.\" \/>\n<meta property=\"og:url\" content=\"https:\/\/www.fiscalia.gov.co\/colombia\/noticias\/a-la-carcel-tras-ser-descubierto-transportando-cocaina-camuflada-en-el-tanque-de-gasolina-de-una-motocicleta\/\" \/>\n<meta property=\"og:site_name\" content=\"Fiscal\u00eda General de la Naci\u00f3n\" \/>\n<meta property=\"article:publisher\" content=\"https:\/\/www.facebook.com\/FiscaliaCol\" \/>\n<meta property=\"article:published_time\" content=\"2023-08-15T13:40:01+00:00\" \/>\n<meta property=\"article:modified_time\" content=\"2023-08-15T13:43:13+00:00\" \/>\n<meta property=\"og:image\" content=\"https:\/\/www.fiscalia.gov.co\/colombia\/wp-content\/uploads\/detenido-con-cocaina-en-moto-huila-300x225.jpeg\" \/>\n<meta name=\"author\" content=\"Winnie Geraldine Rodr\u00edguez Navarrete\" \/>\n<meta name=\"twitter:card\" content=\"summary_large_image\" \/>\n<meta name=\"twitter:creator\" content=\"@FiscaliaCol\" \/>\n<meta name=\"twitter:site\" content=\"@FiscaliaCol\" \/>\n<meta name=\"twitter:label1\" content=\"Escrito por\" \/>\n\t<meta name=\"twitter:data1\" content=\"Winnie Geraldine Rodr\u00edguez Navarrete\" \/>\n\t<meta name=\"twitter:label2\" content=\"Tiempo de lectura\" \/>\n\t<meta name=\"twitter:data2\" content=\"2 minutos\" \/>\n<script type=\"application\/ld+json\" class=\"yoast-schema-graph\">{\"@context\":\"https:\/\/schema.org\",\"@graph\":[{\"@type\":\"Article\",\"@id\":\"https:\/\/www.fiscalia.gov.co\/colombia\/noticias\/a-la-carcel-tras-ser-descubierto-transportando-cocaina-camuflada-en-el-tanque-de-gasolina-de-una-motocicleta\/#article\",\"isPartOf\":{\"@id\":\"https:\/\/www.fiscalia.gov.co\/colombia\/noticias\/a-la-carcel-tras-ser-descubierto-transportando-cocaina-camuflada-en-el-tanque-de-gasolina-de-una-motocicleta\/\"},\"author\":{\"name\":\"Winnie Geraldine Rodr\u00edguez Navarrete\",\"@id\":\"https:\/\/www.fiscalia.gov.co\/colombia\/#\/schema\/person\/176195b99ebab0a52aafa15197e1bf80\"},\"headline\":\"A la c\u00e1rcel tras ser descubierto transportando coca\u00edna camuflada en el tanque de gasolina de una motocicleta\",\"datePublished\":\"2023-08-15T13:40:01+00:00\",\"dateModified\":\"2023-08-15T13:43:13+00:00\",\"mainEntityOfPage\":{\"@id\":\"https:\/\/www.fiscalia.gov.co\/colombia\/noticias\/a-la-carcel-tras-ser-descubierto-transportando-cocaina-camuflada-en-el-tanque-de-gasolina-de-una-motocicleta\/\"},\"wordCount\":414,\"publisher\":{\"@id\":\"https:\/\/www.fiscalia.gov.co\/colombia\/#organization\"},\"image\":{\"@id\":\"https:\/\/www.fiscalia.gov.co\/colombia\/noticias\/a-la-carcel-tras-ser-descubierto-transportando-cocaina-camuflada-en-el-tanque-de-gasolina-de-una-motocicleta\/#primaryimage\"},\"thumbnailUrl\":\"https:\/\/www.fiscalia.gov.co\/colombia\/wp-content\/uploads\/detenido-con-cocaina-en-moto-huila-300x225.jpeg\",\"keywords\":[\"Caleta\",\"camuflaje\",\"Coca\u00edna\",\"CTI\",\"Ej\u00e9rcito\",\"Fiscal\u00eda General de la Naci\u00f3n\",\"Huila\",\"Medida de aseguramiento\",\"Mocoa\",\"moto\",\"Pitalito\",\"Pitalito (Huila)\",\"Seguridad territorial\",\"sustancia alucin\u00f3gena\"],\"articleSection\":[\"Noticias\",\"Seccional Neiva\",\"Seccionales\"],\"inLanguage\":\"es-CO\"},{\"@type\":\"WebPage\",\"@id\":\"https:\/\/www.fiscalia.gov.co\/colombia\/noticias\/a-la-carcel-tras-ser-descubierto-transportando-cocaina-camuflada-en-el-tanque-de-gasolina-de-una-motocicleta\/\",\"url\":\"https:\/\/www.fiscalia.gov.co\/colombia\/noticias\/a-la-carcel-tras-ser-descubierto-transportando-cocaina-camuflada-en-el-tanque-de-gasolina-de-una-motocicleta\/\",\"name\":\"Fiscal\u00eda General de la Naci\u00f3n\",\"isPartOf\":{\"@id\":\"https:\/\/www.fiscalia.gov.co\/colombia\/#website\"},\"primaryImageOfPage\":{\"@id\":\"https:\/\/www.fiscalia.gov.co\/colombia\/noticias\/a-la-carcel-tras-ser-descubierto-transportando-cocaina-camuflada-en-el-tanque-de-gasolina-de-una-motocicleta\/#primaryimage\"},\"image\":{\"@id\":\"https:\/\/www.fiscalia.gov.co\/colombia\/noticias\/a-la-carcel-tras-ser-descubierto-transportando-cocaina-camuflada-en-el-tanque-de-gasolina-de-una-motocicleta\/#primaryimage\"},\"thumbnailUrl\":\"https:\/\/www.fiscalia.gov.co\/colombia\/wp-content\/uploads\/detenido-con-cocaina-en-moto-huila-300x225.jpeg\",\"datePublished\":\"2023-08-15T13:40:01+00:00\",\"dateModified\":\"2023-08-15T13:43:13+00:00\",\"description\":\"P\u00e1gina oficial de la Fiscal\u00eda General de la Naci\u00f3n \u2013 Colombia. Garantizamos el acceso efectivo a la justicia, la verdad y la reparaci\u00f3n de las v\u00edctimas de los delitos.\",\"breadcrumb\":{\"@id\":\"https:\/\/www.fiscalia.gov.co\/colombia\/noticias\/a-la-carcel-tras-ser-descubierto-transportando-cocaina-camuflada-en-el-tanque-de-gasolina-de-una-motocicleta\/#breadcrumb\"},\"inLanguage\":\"es-CO\",\"potentialAction\":[{\"@type\":\"ReadAction\",\"target\":[\"https:\/\/www.fiscalia.gov.co\/colombia\/noticias\/a-la-carcel-tras-ser-descubierto-transportando-cocaina-camuflada-en-el-tanque-de-gasolina-de-una-motocicleta\/\"]}]},{\"@type\":\"ImageObject\",\"inLanguage\":\"es-CO\",\"@id\":\"https:\/\/www.fiscalia.gov.co\/colombia\/noticias\/a-la-carcel-tras-ser-descubierto-transportando-cocaina-camuflada-en-el-tanque-de-gasolina-de-una-motocicleta\/#primaryimage\",\"url\":\"https:\/\/www.fiscalia.gov.co\/colombia\/wp-content\/uploads\/detenido-con-cocaina-en-moto-huila-300x225.jpeg\",\"contentUrl\":\"https:\/\/www.fiscalia.gov.co\/colombia\/wp-content\/uploads\/detenido-con-cocaina-en-moto-huila-300x225.jpeg\"},{\"@type\":\"BreadcrumbList\",\"@id\":\"https:\/\/www.fiscalia.gov.co\/colombia\/noticias\/a-la-carcel-tras-ser-descubierto-transportando-cocaina-camuflada-en-el-tanque-de-gasolina-de-una-motocicleta\/#breadcrumb\",\"itemListElement\":[{\"@type\":\"ListItem\",\"position\":1,\"name\":\"Home\",\"item\":\"https:\/\/www.fiscalia.gov.co\/colombia\/\"},{\"@type\":\"ListItem\",\"position\":2,\"name\":\"A la c\u00e1rcel tras ser descubierto transportando coca\u00edna camuflada en el tanque de gasolina de una motocicleta\"}]},{\"@type\":\"WebSite\",\"@id\":\"https:\/\/www.fiscalia.gov.co\/colombia\/#website\",\"url\":\"https:\/\/www.fiscalia.gov.co\/colombia\/\",\"name\":\"Fiscal\u00eda General de la Naci\u00f3n\",\"description\":\"P\u00e1gina oficial de la Fiscal\u00eda General de la Naci\u00f3n \u2013 Colombia. Garantizamos el acceso efectivo a la justicia, la verdad y la reparaci\u00f3n de las v\u00edctimas de los delitos.\",\"publisher\":{\"@id\":\"https:\/\/www.fiscalia.gov.co\/colombia\/#organization\"},\"potentialAction\":[{\"@type\":\"SearchAction\",\"target\":{\"@type\":\"EntryPoint\",\"urlTemplate\":\"https:\/\/www.fiscalia.gov.co\/colombia\/?s={search_term_string}\"},\"query-input\":{\"@type\":\"PropertyValueSpecification\",\"valueRequired\":true,\"valueName\":\"search_term_string\"}}],\"inLanguage\":\"es-CO\"},{\"@type\":\"Organization\",\"@id\":\"https:\/\/www.fiscalia.gov.co\/colombia\/#organization\",\"name\":\"Fiscal\u00eda General de la Naci\u00f3n\",\"url\":\"https:\/\/www.fiscalia.gov.co\/colombia\/\",\"logo\":{\"@type\":\"ImageObject\",\"inLanguage\":\"es-CO\",\"@id\":\"https:\/\/www.fiscalia.gov.co\/colombia\/#\/schema\/logo\/image\/\",\"url\":\"https:\/\/www.fiscalia.gov.co\/colombia\/wp-content\/uploads\/LogoHorizontal_1.jpg\",\"contentUrl\":\"https:\/\/www.fiscalia.gov.co\/colombia\/wp-content\/uploads\/LogoHorizontal_1.jpg\",\"width\":300,\"height\":90,\"caption\":\"Fiscal\u00eda General de la Naci\u00f3n\"},\"image\":{\"@id\":\"https:\/\/www.fiscalia.gov.co\/colombia\/#\/schema\/logo\/image\/\"},\"sameAs\":[\"https:\/\/www.facebook.com\/FiscaliaCol\",\"https:\/\/x.com\/FiscaliaCol\",\"https:\/\/www.instagram.com\/fiscaliacol\",\"https:\/\/www.linkedin.com\/company\/fiscalia-general-de-la-naci-n\/\",\"https:\/\/youtube.com\/@fiscaliageneraldelanacion-4668?si=6nN79nyQICPU5iTh\"]},{\"@type\":\"Person\",\"@id\":\"https:\/\/www.fiscalia.gov.co\/colombia\/#\/schema\/person\/176195b99ebab0a52aafa15197e1bf80\",\"name\":\"Winnie Geraldine Rodr\u00edguez Navarrete\",\"image\":{\"@type\":\"ImageObject\",\"inLanguage\":\"es-CO\",\"@id\":\"https:\/\/www.fiscalia.gov.co\/colombia\/#\/schema\/person\/image\/\",\"url\":\"https:\/\/secure.gravatar.com\/avatar\/c24cf8481dc84fa5e8c7b20bc95ab0c6?s=96&d=mm&r=g\",\"contentUrl\":\"https:\/\/secure.gravatar.com\/avatar\/c24cf8481dc84fa5e8c7b20bc95ab0c6?s=96&d=mm&r=g\",\"caption\":\"Winnie Geraldine Rodr\u00edguez Navarrete\"},\"url\":\"https:\/\/www.fiscalia.gov.co\/colombia\/author\/winnierodriguez\/\"}]}<\/script>\n<!-- \/ Yoast SEO plugin. -->","yoast_head_json":{"title":"Fiscal\u00eda General de la Naci\u00f3n","description":"P\u00e1gina oficial de la Fiscal\u00eda General de la Naci\u00f3n \u2013 Colombia. Garantizamos el acceso efectivo a la justicia, la verdad y la reparaci\u00f3n de las v\u00edctimas de los delitos.","robots":{"index":"noindex","follow":"follow"},"og_locale":"es_ES","og_type":"article","og_title":"Fiscal\u00eda General de la Naci\u00f3n","og_description":"P\u00e1gina oficial de la Fiscal\u00eda General de la Naci\u00f3n \u2013 Colombia. Garantizamos el acceso efectivo a la justicia, la verdad y la reparaci\u00f3n de las v\u00edctimas de los delitos.","og_url":"https:\/\/www.fiscalia.gov.co\/colombia\/noticias\/a-la-carcel-tras-ser-descubierto-transportando-cocaina-camuflada-en-el-tanque-de-gasolina-de-una-motocicleta\/","og_site_name":"Fiscal\u00eda General de la Naci\u00f3n","article_publisher":"https:\/\/www.facebook.com\/FiscaliaCol","article_published_time":"2023-08-15T13:40:01+00:00","article_modified_time":"2023-08-15T13:43:13+00:00","og_image":[{"url":"https:\/\/www.fiscalia.gov.co\/colombia\/wp-content\/uploads\/detenido-con-cocaina-en-moto-huila-300x225.jpeg","type":"","width":"","height":""}],"author":"Winnie Geraldine Rodr\u00edguez Navarrete","twitter_card":"summary_large_image","twitter_creator":"@FiscaliaCol","twitter_site":"@FiscaliaCol","twitter_misc":{"Escrito por":"Winnie Geraldine Rodr\u00edguez Navarrete","Tiempo de lectura":"2 minutos"},"schema":{"@context":"https:\/\/schema.org","@graph":[{"@type":"Article","@id":"https:\/\/www.fiscalia.gov.co\/colombia\/noticias\/a-la-carcel-tras-ser-descubierto-transportando-cocaina-camuflada-en-el-tanque-de-gasolina-de-una-motocicleta\/#article","isPartOf":{"@id":"https:\/\/www.fiscalia.gov.co\/colombia\/noticias\/a-la-carcel-tras-ser-descubierto-transportando-cocaina-camuflada-en-el-tanque-de-gasolina-de-una-motocicleta\/"},"author":{"name":"Winnie Geraldine Rodr\u00edguez Navarrete","@id":"https:\/\/www.fiscalia.gov.co\/colombia\/#\/schema\/person\/176195b99ebab0a52aafa15197e1bf80"},"headline":"A la c\u00e1rcel tras ser descubierto transportando coca\u00edna camuflada en el tanque de gasolina de una motocicleta","datePublished":"2023-08-15T13:40:01+00:00","dateModified":"2023-08-15T13:43:13+00:00","mainEntityOfPage":{"@id":"https:\/\/www.fiscalia.gov.co\/colombia\/noticias\/a-la-carcel-tras-ser-descubierto-transportando-cocaina-camuflada-en-el-tanque-de-gasolina-de-una-motocicleta\/"},"wordCount":414,"publisher":{"@id":"https:\/\/www.fiscalia.gov.co\/colombia\/#organization"},"image":{"@id":"https:\/\/www.fiscalia.gov.co\/colombia\/noticias\/a-la-carcel-tras-ser-descubierto-transportando-cocaina-camuflada-en-el-tanque-de-gasolina-de-una-motocicleta\/#primaryimage"},"thumbnailUrl":"https:\/\/www.fiscalia.gov.co\/colombia\/wp-content\/uploads\/detenido-con-cocaina-en-moto-huila-300x225.jpeg","keywords":["Caleta","camuflaje","Coca\u00edna","CTI","Ej\u00e9rcito","Fiscal\u00eda General de la Naci\u00f3n","Huila","Medida de aseguramiento","Mocoa","moto","Pitalito","Pitalito (Huila)","Seguridad territorial","sustancia alucin\u00f3gena"],"articleSection":["Noticias","Seccional Neiva","Seccionales"],"inLanguage":"es-CO"},{"@type":"WebPage","@id":"https:\/\/www.fiscalia.gov.co\/colombia\/noticias\/a-la-carcel-tras-ser-descubierto-transportando-cocaina-camuflada-en-el-tanque-de-gasolina-de-una-motocicleta\/","url":"https:\/\/www.fiscalia.gov.co\/colombia\/noticias\/a-la-carcel-tras-ser-descubierto-transportando-cocaina-camuflada-en-el-tanque-de-gasolina-de-una-motocicleta\/","name":"Fiscal\u00eda General de la Naci\u00f3n","isPartOf":{"@id":"https:\/\/www.fiscalia.gov.co\/colombia\/#website"},"primaryImageOfPage":{"@id":"https:\/\/www.fiscalia.gov.co\/colombia\/noticias\/a-la-carcel-tras-ser-descubierto-transportando-cocaina-camuflada-en-el-tanque-de-gasolina-de-una-motocicleta\/#primaryimage"},"image":{"@id":"https:\/\/www.fiscalia.gov.co\/colombia\/noticias\/a-la-carcel-tras-ser-descubierto-transportando-cocaina-camuflada-en-el-tanque-de-gasolina-de-una-motocicleta\/#primaryimage"},"thumbnailUrl":"https:\/\/www.fiscalia.gov.co\/colombia\/wp-content\/uploads\/detenido-con-cocaina-en-moto-huila-300x225.jpeg","datePublished":"2023-08-15T13:40:01+00:00","dateModified":"2023-08-15T13:43:13+00:00","description":"P\u00e1gina oficial de la Fiscal\u00eda General de la Naci\u00f3n \u2013 Colombia. Garantizamos el acceso efectivo a la justicia, la verdad y la reparaci\u00f3n de las v\u00edctimas de los delitos.","breadcrumb":{"@id":"https:\/\/www.fiscalia.gov.co\/colombia\/noticias\/a-la-carcel-tras-ser-descubierto-transportando-cocaina-camuflada-en-el-tanque-de-gasolina-de-una-motocicleta\/#breadcrumb"},"inLanguage":"es-CO","potentialAction":[{"@type":"ReadAction","target":["https:\/\/www.fiscalia.gov.co\/colombia\/noticias\/a-la-carcel-tras-ser-descubierto-transportando-cocaina-camuflada-en-el-tanque-de-gasolina-de-una-motocicleta\/"]}]},{"@type":"ImageObject","inLanguage":"es-CO","@id":"https:\/\/www.fiscalia.gov.co\/colombia\/noticias\/a-la-carcel-tras-ser-descubierto-transportando-cocaina-camuflada-en-el-tanque-de-gasolina-de-una-motocicleta\/#primaryimage","url":"https:\/\/www.fiscalia.gov.co\/colombia\/wp-content\/uploads\/detenido-con-cocaina-en-moto-huila-300x225.jpeg","contentUrl":"https:\/\/www.fiscalia.gov.co\/colombia\/wp-content\/uploads\/detenido-con-cocaina-en-moto-huila-300x225.jpeg"},{"@type":"BreadcrumbList","@id":"https:\/\/www.fiscalia.gov.co\/colombia\/noticias\/a-la-carcel-tras-ser-descubierto-transportando-cocaina-camuflada-en-el-tanque-de-gasolina-de-una-motocicleta\/#breadcrumb","itemListElement":[{"@type":"ListItem","position":1,"name":"Home","item":"https:\/\/www.fiscalia.gov.co\/colombia\/"},{"@type":"ListItem","position":2,"name":"A la c\u00e1rcel tras ser descubierto transportando coca\u00edna camuflada en el tanque de gasolina de una motocicleta"}]},{"@type":"WebSite","@id":"https:\/\/www.fiscalia.gov.co\/colombia\/#website","url":"https:\/\/www.fiscalia.gov.co\/colombia\/","name":"Fiscal\u00eda General de la Naci\u00f3n","description":"P\u00e1gina oficial de la Fiscal\u00eda General de la Naci\u00f3n \u2013 Colombia. Garantizamos el acceso efectivo a la justicia, la verdad y la reparaci\u00f3n de las v\u00edctimas de los delitos.","publisher":{"@id":"https:\/\/www.fiscalia.gov.co\/colombia\/#organization"},"potentialAction":[{"@type":"SearchAction","target":{"@type":"EntryPoint","urlTemplate":"https:\/\/www.fiscalia.gov.co\/colombia\/?s={search_term_string}"},"query-input":{"@type":"PropertyValueSpecification","valueRequired":true,"valueName":"search_term_string"}}],"inLanguage":"es-CO"},{"@type":"Organization","@id":"https:\/\/www.fiscalia.gov.co\/colombia\/#organization","name":"Fiscal\u00eda General de la Naci\u00f3n","url":"https:\/\/www.fiscalia.gov.co\/colombia\/","logo":{"@type":"ImageObject","inLanguage":"es-CO","@id":"https:\/\/www.fiscalia.gov.co\/colombia\/#\/schema\/logo\/image\/","url":"https:\/\/www.fiscalia.gov.co\/colombia\/wp-content\/uploads\/LogoHorizontal_1.jpg","contentUrl":"https:\/\/www.fiscalia.gov.co\/colombia\/wp-content\/uploads\/LogoHorizontal_1.jpg","width":300,"height":90,"caption":"Fiscal\u00eda General de la Naci\u00f3n"},"image":{"@id":"https:\/\/www.fiscalia.gov.co\/colombia\/#\/schema\/logo\/image\/"},"sameAs":["https:\/\/www.facebook.com\/FiscaliaCol","https:\/\/x.com\/FiscaliaCol","https:\/\/www.instagram.com\/fiscaliacol","https:\/\/www.linkedin.com\/company\/fiscalia-general-de-la-naci-n\/","https:\/\/youtube.com\/@fiscaliageneraldelanacion-4668?si=6nN79nyQICPU5iTh"]},{"@type":"Person","@id":"https:\/\/www.fiscalia.gov.co\/colombia\/#\/schema\/person\/176195b99ebab0a52aafa15197e1bf80","name":"Winnie Geraldine Rodr\u00edguez Navarrete","image":{"@type":"ImageObject","inLanguage":"es-CO","@id":"https:\/\/www.fiscalia.gov.co\/colombia\/#\/schema\/person\/image\/","url":"https:\/\/secure.gravatar.com\/avatar\/c24cf8481dc84fa5e8c7b20bc95ab0c6?s=96&d=mm&r=g","contentUrl":"https:\/\/secure.gravatar.com\/avatar\/c24cf8481dc84fa5e8c7b20bc95ab0c6?s=96&d=mm&r=g","caption":"Winnie Geraldine Rodr\u00edguez Navarrete"},"url":"https:\/\/www.fiscalia.gov.co\/colombia\/author\/winnierodriguez\/"}]}},"_links":{"self":[{"href":"https:\/\/www.fiscalia.gov.co\/colombia\/wp-json\/wp\/v2\/posts\/276840","targetHints":{"allow":["GET"]}}],"collection":[{"href":"https:\/\/www.fiscalia.gov.co\/colombia\/wp-json\/wp\/v2\/posts"}],"about":[{"href":"https:\/\/www.fiscalia.gov.co\/colombia\/wp-json\/wp\/v2\/types\/post"}],"author":[{"embeddable":true,"href":"https:\/\/www.fiscalia.gov.co\/colombia\/wp-json\/wp\/v2\/users\/178"}],"replies":[{"embeddable":true,"href":"https:\/\/www.fiscalia.gov.co\/colombia\/wp-json\/wp\/v2\/comments?post=276840"}],"version-history":[{"count":3,"href":"https:\/\/www.fiscalia.gov.co\/colombia\/wp-json\/wp\/v2\/posts\/276840\/revisions"}],"predecessor-version":[{"id":276848,"href":"https:\/\/www.fiscalia.gov.co\/colombia\/wp-json\/wp\/v2\/posts\/276840\/revisions\/276848"}],"wp:attachment":[{"href":"https:\/\/www.fiscalia.gov.co\/colombia\/wp-json\/wp\/v2\/media?parent=276840"}],"wp:term":[{"taxonomy":"category","embeddable":true,"href":"https:\/\/www.fiscalia.gov.co\/colombia\/wp-json\/wp\/v2\/categories?post=276840"},{"taxonomy":"post_tag","embeddable":true,"href":"https:\/\/www.fiscalia.gov.co\/colombia\/wp-json\/wp\/v2\/tags?post=276840"}],"curies":[{"name":"wp","href":"https:\/\/api.w.org\/{rel}","templated":true}]}}