{"id":276672,"date":"2023-08-11T15:53:23","date_gmt":"2023-08-11T20:53:23","guid":{"rendered":"https:\/\/www.fiscalia.gov.co\/colombia\/?p=276672"},"modified":"2023-08-11T15:53:23","modified_gmt":"2023-08-11T20:53:23","slug":"a-la-carcel-tio-y-vecino-por-presuntamente-abusar-de-menores-de-10-anos-de-edad-en-momil-cordoba","status":"publish","type":"post","link":"https:\/\/www.fiscalia.gov.co\/colombia\/noticias\/a-la-carcel-tio-y-vecino-por-presuntamente-abusar-de-menores-de-10-anos-de-edad-en-momil-cordoba\/","title":{"rendered":"A la c\u00e1rcel t\u00edo y vecino por presuntamente abusar de menores de 10 a\u00f1os de edad, en Momil, C\u00f3rdoba"},"content":{"rendered":"<h4 style=\"font-weight: 400;\"><strong><em>Seg\u00fan el ente investigador los dos imputados habr\u00edan realizado tocamientos libidinosos y cometido otro tipo de vej\u00e1menes contra las v\u00edctimas menores de edad.<\/em><\/strong><\/h4>\n<p style=\"font-weight: 400;\">El contundente material probatorio presentado por una fiscal del Centro de Atenci\u00f3n a V\u00edctimas de Abuso Sexual (Caivas), fue suficiente para que un juez con funciones de control de garant\u00edas dictara medida de aseguramiento intramural en contra de dos hombres de 48 y 51 a\u00f1os de edad por los delitos de actos sexuales con menor de 14 a\u00f1os agravado en concurso homog\u00e9neo.<\/p>\n<p style=\"font-weight: 400;\">El ente investigador pretende demostrar, en el primero de los casos, que el imputado, quien es t\u00edo del padre de la v\u00edctima de 10 a\u00f1os de edad, habr\u00eda realizado abusos sexuales que consistieron, seg\u00fan narraci\u00f3n de la menor, en tocamientos reiterados de tipo libidinosos.<\/p>\n<figure id=\"attachment_276676\" aria-describedby=\"caption-attachment-276676\" style=\"width: 696px\" class=\"wp-caption aligncenter\"><img loading=\"lazy\" decoding=\"async\" class=\"size-large wp-image-276676\" src=\"https:\/\/www.fiscalia.gov.co\/colombia\/wp-content\/uploads\/Foto-1-Presunto-tio-abusador-1024x932.jpeg\" alt=\"En la imagen se ve una persona capturada entre dos polic\u00edas.\" width=\"696\" height=\"633\" srcset=\"https:\/\/www.fiscalia.gov.co\/colombia\/wp-content\/uploads\/Foto-1-Presunto-tio-abusador-1024x932.jpeg 1024w, https:\/\/www.fiscalia.gov.co\/colombia\/wp-content\/uploads\/Foto-1-Presunto-tio-abusador-300x273.jpeg 300w, https:\/\/www.fiscalia.gov.co\/colombia\/wp-content\/uploads\/Foto-1-Presunto-tio-abusador-768x699.jpeg 768w, https:\/\/www.fiscalia.gov.co\/colombia\/wp-content\/uploads\/Foto-1-Presunto-tio-abusador-1536x1398.jpeg 1536w, https:\/\/www.fiscalia.gov.co\/colombia\/wp-content\/uploads\/Foto-1-Presunto-tio-abusador-696x633.jpeg 696w, https:\/\/www.fiscalia.gov.co\/colombia\/wp-content\/uploads\/Foto-1-Presunto-tio-abusador-1068x972.jpeg 1068w, https:\/\/www.fiscalia.gov.co\/colombia\/wp-content\/uploads\/Foto-1-Presunto-tio-abusador-462x420.jpeg 462w, https:\/\/www.fiscalia.gov.co\/colombia\/wp-content\/uploads\/Foto-1-Presunto-tio-abusador.jpeg 1600w\" sizes=\"auto, (max-width: 696px) 100vw, 696px\" \/><figcaption id=\"caption-attachment-276676\" class=\"wp-caption-text\">El indiciado habr\u00eda hecho tocamientos libidinosos a su sobrina.<\/figcaption><\/figure>\n<p style=\"font-weight: 400;\">Los hechos ocurrieron en el corregimiento Sabaneta de Momil (C\u00f3rdoba), de febrero a mayo del a\u00f1o en curso. El 3 de agosto en curso se materializ\u00f3 la orden de captura en su contra.<\/p>\n<p style=\"font-weight: 400;\">Por otra parte, un hombre de 51 a\u00f1os de edad, habr\u00eda abusado de una menor de edad, quien ser\u00eda su vecina.<\/p>\n<figure id=\"attachment_276680\" aria-describedby=\"caption-attachment-276680\" style=\"width: 696px\" class=\"wp-caption aligncenter\"><img loading=\"lazy\" decoding=\"async\" class=\"size-large wp-image-276680\" src=\"https:\/\/www.fiscalia.gov.co\/colombia\/wp-content\/uploads\/Foto-2-Presunto-vecino-abusador-Cordoba-858x1024.jpeg\" alt=\"En la imagen aparece una persona capturada entre dos funcionarios de la Polic\u00eda.\" width=\"696\" height=\"831\" srcset=\"https:\/\/www.fiscalia.gov.co\/colombia\/wp-content\/uploads\/Foto-2-Presunto-vecino-abusador-Cordoba-858x1024.jpeg 858w, https:\/\/www.fiscalia.gov.co\/colombia\/wp-content\/uploads\/Foto-2-Presunto-vecino-abusador-Cordoba-251x300.jpeg 251w, https:\/\/www.fiscalia.gov.co\/colombia\/wp-content\/uploads\/Foto-2-Presunto-vecino-abusador-Cordoba-768x916.jpeg 768w, https:\/\/www.fiscalia.gov.co\/colombia\/wp-content\/uploads\/Foto-2-Presunto-vecino-abusador-Cordoba-696x830.jpeg 696w, https:\/\/www.fiscalia.gov.co\/colombia\/wp-content\/uploads\/Foto-2-Presunto-vecino-abusador-Cordoba-352x420.jpeg 352w, https:\/\/www.fiscalia.gov.co\/colombia\/wp-content\/uploads\/Foto-2-Presunto-vecino-abusador-Cordoba.jpeg 942w\" sizes=\"auto, (max-width: 696px) 100vw, 696px\" \/><figcaption id=\"caption-attachment-276680\" class=\"wp-caption-text\">Aprovechando la cercan\u00eda con la familia de la v\u00edctima, el indiciado, al parecer, abus\u00f3 de una menor de 10 a\u00f1os de edad.<\/figcaption><\/figure>\n<p style=\"font-weight: 400;\">Los hechos materia de investigaci\u00f3n se presentaron el 16 de mayo del a\u00f1o anterior en el corregimiento Guaymaral, de Momil.<\/p>\n<p style=\"font-weight: 400;\">De acuerdo con la mam\u00e1 de la v\u00edctima, de 10 a\u00f1os de edad y quien coloc\u00f3 la denuncia, el indiciado habr\u00eda realizado tocamientos repetitivos de tipo libidinosos aprovechando que es vecino y amigo de la familia.<\/p>\n<p style=\"font-weight: 400;\">El imputado fue capturado el 31 de julio en curso en el mismo municipio donde se cometi\u00f3 el hecho.<\/p>\n<p style=\"font-weight: 400;\"><strong><u>La Fiscal\u00eda habla con resultados.<\/u><\/strong><\/p>\n<p><strong>Le puede interesar:<\/strong><\/p>\n<p><a href=\"https:\/\/www.fiscalia.gov.co\/colombia\/noticias\/condenada-una-mujer-a-13-anos-de-prision-por-permitir-el-abuso-sexual-del-que-fue-victima-su-hija-menor-de-edad\/\" data-saferedirecturl=\"https:\/\/www.google.com\/url?q=https:\/\/www.fiscalia.gov.co\/colombia\/noticias\/condenada-una-mujer-a-13-anos-de-prision-por-permitir-el-abuso-sexual-del-que-fue-victima-su-hija-menor-de-edad\/&amp;source=gmail&amp;ust=1691872537671000&amp;usg=AOvVaw027-VGcF7vGAs7Wd7c0dpL\">Condenada una mujer a 13 a\u00f1os de prisi\u00f3n por permitir el abuso sexual del que fue v\u00edctima su hija menor de edad<\/a><\/p>\n<p>&nbsp;<\/p>\n<p>&nbsp;<\/p>\n<p>&nbsp;<\/p>\n<p>&nbsp;<\/p>\n<p>&nbsp;<\/p>\n<p>&nbsp;<\/p>\n<p>&nbsp;<\/p>\n<p style=\"font-weight: 400;\">VHGB\/KEN\/CTVT\/DSC<\/p>\n<p style=\"font-weight: 400;\">\n<p style=\"font-weight: 400;\">\n<p>&nbsp;<\/p>\n<p>&nbsp;<\/p>\n<p>&nbsp;<\/p>\n<p style=\"font-weight: 400;\"><em>La informaci\u00f3n contenida en este bolet\u00edn de prensa corresponde a la narraci\u00f3n de los hechos noticiosos objetivos, suministrados por los funcionarios encargados de adelantar las investigaciones penales al interior de la Fiscal\u00eda General de la Naci\u00f3n. Para el momento de la divulgaci\u00f3n de este comunicado, la situaci\u00f3n jur\u00eddica de la(s) persona(s) relacionada(s) se encuentra pendiente de resolver por la autoridad judicial competente, siempre bajo los preceptos de la presunci\u00f3n de inocencia, consagrados en el art\u00edculo 29 de la Constituci\u00f3n Pol\u00edtica y el art\u00edculo 7\u00ba de la Ley 906 de 2004.<\/em><\/p>\n\n<div class=\"twitter-share\"><a href=\"https:\/\/twitter.com\/intent\/tweet?via=fiscaliacol\" class=\"twitter-share-button\">Tweet<\/a><\/div>\n","protected":false},"excerpt":{"rendered":"<p>Seg\u00fan el ente investigador los dos imputados habr\u00edan realizado tocamientos libidinosos y cometido otro tipo de vej\u00e1menes contra las v\u00edctimas menores de edad. El contundente material probatorio presentado por una fiscal del Centro de Atenci\u00f3n a V\u00edctimas de Abuso Sexual (Caivas), fue suficiente para que un juez con funciones de control de garant\u00edas dictara medida [&hellip;]<\/p>\n","protected":false},"author":177,"featured_media":0,"comment_status":"closed","ping_status":"open","sticky":false,"template":"","format":"standard","meta":{"_price":"","_stock":"","_tribe_ticket_header":"","_tribe_default_ticket_provider":"","_tribe_ticket_capacity":"0","_ticket_start_date":"","_ticket_end_date":"","_tribe_ticket_show_description":"","_tribe_ticket_show_not_going":false,"_tribe_ticket_use_global_stock":"","_tribe_ticket_global_stock_level":"","_global_stock_mode":"","_global_stock_cap":"","_tribe_rsvp_for_event":"","_tribe_ticket_going_count":"","_tribe_ticket_not_going_count":"","_tribe_tickets_list":"[]","_tribe_ticket_has_attendee_info_fields":false,"tdm_status":"","tdm_grid_status":"","footnotes":""},"categories":[1,332,303,24127],"tags":[801,13531,24187,1047,1185,932,27117,558,24517,30778,20085],"class_list":{"0":"post-276672","1":"post","2":"type-post","3":"status-publish","4":"format-standard","6":"category-noticias","7":"category-seccional-monteria","8":"category-seccionales","9":"category-violencia-sexual-e-intrafamiliar","10":"tag-abuso-sexual","11":"tag-cordoba","12":"tag-fiscalia-colombia","13":"tag-fiscalia-general-de-la-nacion","14":"tag-medida-de-aseguramiento","15":"tag-mensor-de-edad","16":"tag-monteria-cordoba","17":"tag-policia-nacional","18":"tag-tio","19":"tag-tocamientos","20":"tag-vecino"},"yoast_head":"<!-- This site is optimized with the Yoast SEO plugin v24.3 - https:\/\/yoast.com\/wordpress\/plugins\/seo\/ -->\n<title>Fiscal\u00eda General de la Naci\u00f3n<\/title>\n<meta name=\"description\" content=\"P\u00e1gina oficial de la Fiscal\u00eda General de la Naci\u00f3n \u2013 Colombia. Garantizamos el acceso efectivo a la justicia, la verdad y la reparaci\u00f3n de las v\u00edctimas de los delitos.\" \/>\n<meta name=\"robots\" content=\"noindex, follow\" \/>\n<meta property=\"og:locale\" content=\"es_ES\" \/>\n<meta property=\"og:type\" content=\"article\" \/>\n<meta property=\"og:title\" content=\"Fiscal\u00eda General de la Naci\u00f3n\" \/>\n<meta property=\"og:description\" content=\"P\u00e1gina oficial de la Fiscal\u00eda General de la Naci\u00f3n \u2013 Colombia. Garantizamos el acceso efectivo a la justicia, la verdad y la reparaci\u00f3n de las v\u00edctimas de los delitos.\" \/>\n<meta property=\"og:url\" content=\"https:\/\/www.fiscalia.gov.co\/colombia\/noticias\/a-la-carcel-tio-y-vecino-por-presuntamente-abusar-de-menores-de-10-anos-de-edad-en-momil-cordoba\/\" \/>\n<meta property=\"og:site_name\" content=\"Fiscal\u00eda General de la Naci\u00f3n\" \/>\n<meta property=\"article:publisher\" content=\"https:\/\/www.facebook.com\/FiscaliaCol\" \/>\n<meta property=\"article:published_time\" content=\"2023-08-11T20:53:23+00:00\" \/>\n<meta property=\"og:image\" content=\"https:\/\/www.fiscalia.gov.co\/colombia\/wp-content\/uploads\/Foto-1-Presunto-tio-abusador-1024x932.jpeg\" \/>\n<meta name=\"author\" content=\"Jordan Leandro Oviedo Anzola\" \/>\n<meta name=\"twitter:card\" content=\"summary_large_image\" \/>\n<meta name=\"twitter:creator\" content=\"@FiscaliaCol\" \/>\n<meta name=\"twitter:site\" content=\"@FiscaliaCol\" \/>\n<meta name=\"twitter:label1\" content=\"Escrito por\" \/>\n\t<meta name=\"twitter:data1\" content=\"Jordan Leandro Oviedo Anzola\" \/>\n\t<meta name=\"twitter:label2\" content=\"Tiempo de lectura\" \/>\n\t<meta name=\"twitter:data2\" content=\"3 minutos\" \/>\n<script type=\"application\/ld+json\" class=\"yoast-schema-graph\">{\"@context\":\"https:\/\/schema.org\",\"@graph\":[{\"@type\":\"Article\",\"@id\":\"https:\/\/www.fiscalia.gov.co\/colombia\/noticias\/a-la-carcel-tio-y-vecino-por-presuntamente-abusar-de-menores-de-10-anos-de-edad-en-momil-cordoba\/#article\",\"isPartOf\":{\"@id\":\"https:\/\/www.fiscalia.gov.co\/colombia\/noticias\/a-la-carcel-tio-y-vecino-por-presuntamente-abusar-de-menores-de-10-anos-de-edad-en-momil-cordoba\/\"},\"author\":{\"name\":\"Jordan Leandro Oviedo Anzola\",\"@id\":\"https:\/\/www.fiscalia.gov.co\/colombia\/#\/schema\/person\/bf84402cf293a5393e9c70b111020b24\"},\"headline\":\"A la c\u00e1rcel t\u00edo y vecino por presuntamente abusar de menores de 10 a\u00f1os de edad, en Momil, C\u00f3rdoba\",\"datePublished\":\"2023-08-11T20:53:23+00:00\",\"dateModified\":\"2023-08-11T20:53:23+00:00\",\"mainEntityOfPage\":{\"@id\":\"https:\/\/www.fiscalia.gov.co\/colombia\/noticias\/a-la-carcel-tio-y-vecino-por-presuntamente-abusar-de-menores-de-10-anos-de-edad-en-momil-cordoba\/\"},\"wordCount\":494,\"publisher\":{\"@id\":\"https:\/\/www.fiscalia.gov.co\/colombia\/#organization\"},\"image\":{\"@id\":\"https:\/\/www.fiscalia.gov.co\/colombia\/noticias\/a-la-carcel-tio-y-vecino-por-presuntamente-abusar-de-menores-de-10-anos-de-edad-en-momil-cordoba\/#primaryimage\"},\"thumbnailUrl\":\"https:\/\/www.fiscalia.gov.co\/colombia\/wp-content\/uploads\/Foto-1-Presunto-tio-abusador-1024x932.jpeg\",\"keywords\":[\"Abuso sexual\",\"C\u00f3rdoba\",\"Fiscal\u00eda Colombia\",\"Fiscal\u00eda General de la Naci\u00f3n\",\"Medida de aseguramiento\",\"Menor de edad\",\"Monter\u00eda -C\u00f3rdoba\",\"Polic\u00eda Nacional\",\"t\u00edo\",\"tocamientos\",\"Vecino\"],\"articleSection\":[\"Noticias\",\"Seccional Monter\u00eda\",\"Seccionales\",\"Violencia sexual e intrafamiliar\"],\"inLanguage\":\"es-CO\"},{\"@type\":\"WebPage\",\"@id\":\"https:\/\/www.fiscalia.gov.co\/colombia\/noticias\/a-la-carcel-tio-y-vecino-por-presuntamente-abusar-de-menores-de-10-anos-de-edad-en-momil-cordoba\/\",\"url\":\"https:\/\/www.fiscalia.gov.co\/colombia\/noticias\/a-la-carcel-tio-y-vecino-por-presuntamente-abusar-de-menores-de-10-anos-de-edad-en-momil-cordoba\/\",\"name\":\"Fiscal\u00eda General de la Naci\u00f3n\",\"isPartOf\":{\"@id\":\"https:\/\/www.fiscalia.gov.co\/colombia\/#website\"},\"primaryImageOfPage\":{\"@id\":\"https:\/\/www.fiscalia.gov.co\/colombia\/noticias\/a-la-carcel-tio-y-vecino-por-presuntamente-abusar-de-menores-de-10-anos-de-edad-en-momil-cordoba\/#primaryimage\"},\"image\":{\"@id\":\"https:\/\/www.fiscalia.gov.co\/colombia\/noticias\/a-la-carcel-tio-y-vecino-por-presuntamente-abusar-de-menores-de-10-anos-de-edad-en-momil-cordoba\/#primaryimage\"},\"thumbnailUrl\":\"https:\/\/www.fiscalia.gov.co\/colombia\/wp-content\/uploads\/Foto-1-Presunto-tio-abusador-1024x932.jpeg\",\"datePublished\":\"2023-08-11T20:53:23+00:00\",\"dateModified\":\"2023-08-11T20:53:23+00:00\",\"description\":\"P\u00e1gina oficial de la Fiscal\u00eda General de la Naci\u00f3n \u2013 Colombia. Garantizamos el acceso efectivo a la justicia, la verdad y la reparaci\u00f3n de las v\u00edctimas de los delitos.\",\"breadcrumb\":{\"@id\":\"https:\/\/www.fiscalia.gov.co\/colombia\/noticias\/a-la-carcel-tio-y-vecino-por-presuntamente-abusar-de-menores-de-10-anos-de-edad-en-momil-cordoba\/#breadcrumb\"},\"inLanguage\":\"es-CO\",\"potentialAction\":[{\"@type\":\"ReadAction\",\"target\":[\"https:\/\/www.fiscalia.gov.co\/colombia\/noticias\/a-la-carcel-tio-y-vecino-por-presuntamente-abusar-de-menores-de-10-anos-de-edad-en-momil-cordoba\/\"]}]},{\"@type\":\"ImageObject\",\"inLanguage\":\"es-CO\",\"@id\":\"https:\/\/www.fiscalia.gov.co\/colombia\/noticias\/a-la-carcel-tio-y-vecino-por-presuntamente-abusar-de-menores-de-10-anos-de-edad-en-momil-cordoba\/#primaryimage\",\"url\":\"https:\/\/www.fiscalia.gov.co\/colombia\/wp-content\/uploads\/Foto-1-Presunto-tio-abusador-1024x932.jpeg\",\"contentUrl\":\"https:\/\/www.fiscalia.gov.co\/colombia\/wp-content\/uploads\/Foto-1-Presunto-tio-abusador-1024x932.jpeg\"},{\"@type\":\"BreadcrumbList\",\"@id\":\"https:\/\/www.fiscalia.gov.co\/colombia\/noticias\/a-la-carcel-tio-y-vecino-por-presuntamente-abusar-de-menores-de-10-anos-de-edad-en-momil-cordoba\/#breadcrumb\",\"itemListElement\":[{\"@type\":\"ListItem\",\"position\":1,\"name\":\"Home\",\"item\":\"https:\/\/www.fiscalia.gov.co\/colombia\/\"},{\"@type\":\"ListItem\",\"position\":2,\"name\":\"A la c\u00e1rcel t\u00edo y vecino por presuntamente abusar de menores de 10 a\u00f1os de edad, en Momil, C\u00f3rdoba\"}]},{\"@type\":\"WebSite\",\"@id\":\"https:\/\/www.fiscalia.gov.co\/colombia\/#website\",\"url\":\"https:\/\/www.fiscalia.gov.co\/colombia\/\",\"name\":\"Fiscal\u00eda General de la Naci\u00f3n\",\"description\":\"P\u00e1gina oficial de la Fiscal\u00eda General de la Naci\u00f3n \u2013 Colombia. Garantizamos el acceso efectivo a la justicia, la verdad y la reparaci\u00f3n de las v\u00edctimas de los delitos.\",\"publisher\":{\"@id\":\"https:\/\/www.fiscalia.gov.co\/colombia\/#organization\"},\"potentialAction\":[{\"@type\":\"SearchAction\",\"target\":{\"@type\":\"EntryPoint\",\"urlTemplate\":\"https:\/\/www.fiscalia.gov.co\/colombia\/?s={search_term_string}\"},\"query-input\":{\"@type\":\"PropertyValueSpecification\",\"valueRequired\":true,\"valueName\":\"search_term_string\"}}],\"inLanguage\":\"es-CO\"},{\"@type\":\"Organization\",\"@id\":\"https:\/\/www.fiscalia.gov.co\/colombia\/#organization\",\"name\":\"Fiscal\u00eda General de la Naci\u00f3n\",\"url\":\"https:\/\/www.fiscalia.gov.co\/colombia\/\",\"logo\":{\"@type\":\"ImageObject\",\"inLanguage\":\"es-CO\",\"@id\":\"https:\/\/www.fiscalia.gov.co\/colombia\/#\/schema\/logo\/image\/\",\"url\":\"https:\/\/www.fiscalia.gov.co\/colombia\/wp-content\/uploads\/LogoHorizontal_1.jpg\",\"contentUrl\":\"https:\/\/www.fiscalia.gov.co\/colombia\/wp-content\/uploads\/LogoHorizontal_1.jpg\",\"width\":300,\"height\":90,\"caption\":\"Fiscal\u00eda General de la Naci\u00f3n\"},\"image\":{\"@id\":\"https:\/\/www.fiscalia.gov.co\/colombia\/#\/schema\/logo\/image\/\"},\"sameAs\":[\"https:\/\/www.facebook.com\/FiscaliaCol\",\"https:\/\/x.com\/FiscaliaCol\",\"https:\/\/www.instagram.com\/fiscaliacol\",\"https:\/\/www.linkedin.com\/company\/fiscalia-general-de-la-naci-n\/\",\"https:\/\/youtube.com\/@fiscaliageneraldelanacion-4668?si=6nN79nyQICPU5iTh\"]},{\"@type\":\"Person\",\"@id\":\"https:\/\/www.fiscalia.gov.co\/colombia\/#\/schema\/person\/bf84402cf293a5393e9c70b111020b24\",\"name\":\"Jordan Leandro Oviedo Anzola\",\"image\":{\"@type\":\"ImageObject\",\"inLanguage\":\"es-CO\",\"@id\":\"https:\/\/www.fiscalia.gov.co\/colombia\/#\/schema\/person\/image\/\",\"url\":\"https:\/\/secure.gravatar.com\/avatar\/dabba4346fa9b9207d96adafa8f92721?s=96&d=mm&r=g\",\"contentUrl\":\"https:\/\/secure.gravatar.com\/avatar\/dabba4346fa9b9207d96adafa8f92721?s=96&d=mm&r=g\",\"caption\":\"Jordan Leandro Oviedo Anzola\"},\"url\":\"https:\/\/www.fiscalia.gov.co\/colombia\/author\/joviedo\/\"}]}<\/script>\n<!-- \/ Yoast SEO plugin. -->","yoast_head_json":{"title":"Fiscal\u00eda General de la Naci\u00f3n","description":"P\u00e1gina oficial de la Fiscal\u00eda General de la Naci\u00f3n \u2013 Colombia. Garantizamos el acceso efectivo a la justicia, la verdad y la reparaci\u00f3n de las v\u00edctimas de los delitos.","robots":{"index":"noindex","follow":"follow"},"og_locale":"es_ES","og_type":"article","og_title":"Fiscal\u00eda General de la Naci\u00f3n","og_description":"P\u00e1gina oficial de la Fiscal\u00eda General de la Naci\u00f3n \u2013 Colombia. Garantizamos el acceso efectivo a la justicia, la verdad y la reparaci\u00f3n de las v\u00edctimas de los delitos.","og_url":"https:\/\/www.fiscalia.gov.co\/colombia\/noticias\/a-la-carcel-tio-y-vecino-por-presuntamente-abusar-de-menores-de-10-anos-de-edad-en-momil-cordoba\/","og_site_name":"Fiscal\u00eda General de la Naci\u00f3n","article_publisher":"https:\/\/www.facebook.com\/FiscaliaCol","article_published_time":"2023-08-11T20:53:23+00:00","og_image":[{"url":"https:\/\/www.fiscalia.gov.co\/colombia\/wp-content\/uploads\/Foto-1-Presunto-tio-abusador-1024x932.jpeg","type":"","width":"","height":""}],"author":"Jordan Leandro Oviedo Anzola","twitter_card":"summary_large_image","twitter_creator":"@FiscaliaCol","twitter_site":"@FiscaliaCol","twitter_misc":{"Escrito por":"Jordan Leandro Oviedo Anzola","Tiempo de lectura":"3 minutos"},"schema":{"@context":"https:\/\/schema.org","@graph":[{"@type":"Article","@id":"https:\/\/www.fiscalia.gov.co\/colombia\/noticias\/a-la-carcel-tio-y-vecino-por-presuntamente-abusar-de-menores-de-10-anos-de-edad-en-momil-cordoba\/#article","isPartOf":{"@id":"https:\/\/www.fiscalia.gov.co\/colombia\/noticias\/a-la-carcel-tio-y-vecino-por-presuntamente-abusar-de-menores-de-10-anos-de-edad-en-momil-cordoba\/"},"author":{"name":"Jordan Leandro Oviedo Anzola","@id":"https:\/\/www.fiscalia.gov.co\/colombia\/#\/schema\/person\/bf84402cf293a5393e9c70b111020b24"},"headline":"A la c\u00e1rcel t\u00edo y vecino por presuntamente abusar de menores de 10 a\u00f1os de edad, en Momil, C\u00f3rdoba","datePublished":"2023-08-11T20:53:23+00:00","dateModified":"2023-08-11T20:53:23+00:00","mainEntityOfPage":{"@id":"https:\/\/www.fiscalia.gov.co\/colombia\/noticias\/a-la-carcel-tio-y-vecino-por-presuntamente-abusar-de-menores-de-10-anos-de-edad-en-momil-cordoba\/"},"wordCount":494,"publisher":{"@id":"https:\/\/www.fiscalia.gov.co\/colombia\/#organization"},"image":{"@id":"https:\/\/www.fiscalia.gov.co\/colombia\/noticias\/a-la-carcel-tio-y-vecino-por-presuntamente-abusar-de-menores-de-10-anos-de-edad-en-momil-cordoba\/#primaryimage"},"thumbnailUrl":"https:\/\/www.fiscalia.gov.co\/colombia\/wp-content\/uploads\/Foto-1-Presunto-tio-abusador-1024x932.jpeg","keywords":["Abuso sexual","C\u00f3rdoba","Fiscal\u00eda Colombia","Fiscal\u00eda General de la Naci\u00f3n","Medida de aseguramiento","Menor de edad","Monter\u00eda -C\u00f3rdoba","Polic\u00eda Nacional","t\u00edo","tocamientos","Vecino"],"articleSection":["Noticias","Seccional Monter\u00eda","Seccionales","Violencia sexual e intrafamiliar"],"inLanguage":"es-CO"},{"@type":"WebPage","@id":"https:\/\/www.fiscalia.gov.co\/colombia\/noticias\/a-la-carcel-tio-y-vecino-por-presuntamente-abusar-de-menores-de-10-anos-de-edad-en-momil-cordoba\/","url":"https:\/\/www.fiscalia.gov.co\/colombia\/noticias\/a-la-carcel-tio-y-vecino-por-presuntamente-abusar-de-menores-de-10-anos-de-edad-en-momil-cordoba\/","name":"Fiscal\u00eda General de la Naci\u00f3n","isPartOf":{"@id":"https:\/\/www.fiscalia.gov.co\/colombia\/#website"},"primaryImageOfPage":{"@id":"https:\/\/www.fiscalia.gov.co\/colombia\/noticias\/a-la-carcel-tio-y-vecino-por-presuntamente-abusar-de-menores-de-10-anos-de-edad-en-momil-cordoba\/#primaryimage"},"image":{"@id":"https:\/\/www.fiscalia.gov.co\/colombia\/noticias\/a-la-carcel-tio-y-vecino-por-presuntamente-abusar-de-menores-de-10-anos-de-edad-en-momil-cordoba\/#primaryimage"},"thumbnailUrl":"https:\/\/www.fiscalia.gov.co\/colombia\/wp-content\/uploads\/Foto-1-Presunto-tio-abusador-1024x932.jpeg","datePublished":"2023-08-11T20:53:23+00:00","dateModified":"2023-08-11T20:53:23+00:00","description":"P\u00e1gina oficial de la Fiscal\u00eda General de la Naci\u00f3n \u2013 Colombia. Garantizamos el acceso efectivo a la justicia, la verdad y la reparaci\u00f3n de las v\u00edctimas de los delitos.","breadcrumb":{"@id":"https:\/\/www.fiscalia.gov.co\/colombia\/noticias\/a-la-carcel-tio-y-vecino-por-presuntamente-abusar-de-menores-de-10-anos-de-edad-en-momil-cordoba\/#breadcrumb"},"inLanguage":"es-CO","potentialAction":[{"@type":"ReadAction","target":["https:\/\/www.fiscalia.gov.co\/colombia\/noticias\/a-la-carcel-tio-y-vecino-por-presuntamente-abusar-de-menores-de-10-anos-de-edad-en-momil-cordoba\/"]}]},{"@type":"ImageObject","inLanguage":"es-CO","@id":"https:\/\/www.fiscalia.gov.co\/colombia\/noticias\/a-la-carcel-tio-y-vecino-por-presuntamente-abusar-de-menores-de-10-anos-de-edad-en-momil-cordoba\/#primaryimage","url":"https:\/\/www.fiscalia.gov.co\/colombia\/wp-content\/uploads\/Foto-1-Presunto-tio-abusador-1024x932.jpeg","contentUrl":"https:\/\/www.fiscalia.gov.co\/colombia\/wp-content\/uploads\/Foto-1-Presunto-tio-abusador-1024x932.jpeg"},{"@type":"BreadcrumbList","@id":"https:\/\/www.fiscalia.gov.co\/colombia\/noticias\/a-la-carcel-tio-y-vecino-por-presuntamente-abusar-de-menores-de-10-anos-de-edad-en-momil-cordoba\/#breadcrumb","itemListElement":[{"@type":"ListItem","position":1,"name":"Home","item":"https:\/\/www.fiscalia.gov.co\/colombia\/"},{"@type":"ListItem","position":2,"name":"A la c\u00e1rcel t\u00edo y vecino por presuntamente abusar de menores de 10 a\u00f1os de edad, en Momil, C\u00f3rdoba"}]},{"@type":"WebSite","@id":"https:\/\/www.fiscalia.gov.co\/colombia\/#website","url":"https:\/\/www.fiscalia.gov.co\/colombia\/","name":"Fiscal\u00eda General de la Naci\u00f3n","description":"P\u00e1gina oficial de la Fiscal\u00eda General de la Naci\u00f3n \u2013 Colombia. Garantizamos el acceso efectivo a la justicia, la verdad y la reparaci\u00f3n de las v\u00edctimas de los delitos.","publisher":{"@id":"https:\/\/www.fiscalia.gov.co\/colombia\/#organization"},"potentialAction":[{"@type":"SearchAction","target":{"@type":"EntryPoint","urlTemplate":"https:\/\/www.fiscalia.gov.co\/colombia\/?s={search_term_string}"},"query-input":{"@type":"PropertyValueSpecification","valueRequired":true,"valueName":"search_term_string"}}],"inLanguage":"es-CO"},{"@type":"Organization","@id":"https:\/\/www.fiscalia.gov.co\/colombia\/#organization","name":"Fiscal\u00eda General de la Naci\u00f3n","url":"https:\/\/www.fiscalia.gov.co\/colombia\/","logo":{"@type":"ImageObject","inLanguage":"es-CO","@id":"https:\/\/www.fiscalia.gov.co\/colombia\/#\/schema\/logo\/image\/","url":"https:\/\/www.fiscalia.gov.co\/colombia\/wp-content\/uploads\/LogoHorizontal_1.jpg","contentUrl":"https:\/\/www.fiscalia.gov.co\/colombia\/wp-content\/uploads\/LogoHorizontal_1.jpg","width":300,"height":90,"caption":"Fiscal\u00eda General de la Naci\u00f3n"},"image":{"@id":"https:\/\/www.fiscalia.gov.co\/colombia\/#\/schema\/logo\/image\/"},"sameAs":["https:\/\/www.facebook.com\/FiscaliaCol","https:\/\/x.com\/FiscaliaCol","https:\/\/www.instagram.com\/fiscaliacol","https:\/\/www.linkedin.com\/company\/fiscalia-general-de-la-naci-n\/","https:\/\/youtube.com\/@fiscaliageneraldelanacion-4668?si=6nN79nyQICPU5iTh"]},{"@type":"Person","@id":"https:\/\/www.fiscalia.gov.co\/colombia\/#\/schema\/person\/bf84402cf293a5393e9c70b111020b24","name":"Jordan Leandro Oviedo Anzola","image":{"@type":"ImageObject","inLanguage":"es-CO","@id":"https:\/\/www.fiscalia.gov.co\/colombia\/#\/schema\/person\/image\/","url":"https:\/\/secure.gravatar.com\/avatar\/dabba4346fa9b9207d96adafa8f92721?s=96&d=mm&r=g","contentUrl":"https:\/\/secure.gravatar.com\/avatar\/dabba4346fa9b9207d96adafa8f92721?s=96&d=mm&r=g","caption":"Jordan Leandro Oviedo Anzola"},"url":"https:\/\/www.fiscalia.gov.co\/colombia\/author\/joviedo\/"}]}},"_links":{"self":[{"href":"https:\/\/www.fiscalia.gov.co\/colombia\/wp-json\/wp\/v2\/posts\/276672","targetHints":{"allow":["GET"]}}],"collection":[{"href":"https:\/\/www.fiscalia.gov.co\/colombia\/wp-json\/wp\/v2\/posts"}],"about":[{"href":"https:\/\/www.fiscalia.gov.co\/colombia\/wp-json\/wp\/v2\/types\/post"}],"author":[{"embeddable":true,"href":"https:\/\/www.fiscalia.gov.co\/colombia\/wp-json\/wp\/v2\/users\/177"}],"replies":[{"embeddable":true,"href":"https:\/\/www.fiscalia.gov.co\/colombia\/wp-json\/wp\/v2\/comments?post=276672"}],"version-history":[{"count":1,"href":"https:\/\/www.fiscalia.gov.co\/colombia\/wp-json\/wp\/v2\/posts\/276672\/revisions"}],"predecessor-version":[{"id":276682,"href":"https:\/\/www.fiscalia.gov.co\/colombia\/wp-json\/wp\/v2\/posts\/276672\/revisions\/276682"}],"wp:attachment":[{"href":"https:\/\/www.fiscalia.gov.co\/colombia\/wp-json\/wp\/v2\/media?parent=276672"}],"wp:term":[{"taxonomy":"category","embeddable":true,"href":"https:\/\/www.fiscalia.gov.co\/colombia\/wp-json\/wp\/v2\/categories?post=276672"},{"taxonomy":"post_tag","embeddable":true,"href":"https:\/\/www.fiscalia.gov.co\/colombia\/wp-json\/wp\/v2\/tags?post=276672"}],"curies":[{"name":"wp","href":"https:\/\/api.w.org\/{rel}","templated":true}]}}