{"id":276655,"date":"2023-08-11T11:51:56","date_gmt":"2023-08-11T16:51:56","guid":{"rendered":"https:\/\/www.fiscalia.gov.co\/colombia\/?p=276655"},"modified":"2023-08-11T11:51:56","modified_gmt":"2023-08-11T16:51:56","slug":"asegurados-12-presuntos-integrantes-del-grupo-delincuencial-los-de-la-decima-dedicado-a-la-comercializacion-de-estupefacientes-en-yopal","status":"publish","type":"post","link":"https:\/\/www.fiscalia.gov.co\/colombia\/noticias\/asegurados-12-presuntos-integrantes-del-grupo-delincuencial-los-de-la-decima-dedicado-a-la-comercializacion-de-estupefacientes-en-yopal\/","title":{"rendered":"Asegurados 12 presuntos integrantes del grupo delincuencial Los de la D\u00e9cima, dedicado a la comercializaci\u00f3n de estupefacientes en Yopal"},"content":{"rendered":"<p>Ante un juez de control de garant\u00edas, la Fiscal\u00eda General de la Naci\u00f3n judicializ\u00f3 a 12 presuntos integrantes del grupo delincuencial Los de la D\u00e9cima, por su responsabilidad en los delitos de concierto\u00a0para delinquir\u00a0y\u00a0tr\u00e1fico fabricaci\u00f3n o porte de estupefacientes,\u00a0los cuales no aceptaron.<\/p>\n<p>En diligencias de allanamiento y registro, los hoy procesados fueron capturados por\u00a0uniformados de la Sij\u00edn de la Polic\u00eda Nacional, en cuatro viviendas,\u00a0ubicadas en los barrios Los Progresos III, Las Am\u00e9ricas, Villa Flor y Villa Vargas de Yopal (Casanare), as\u00ed como en lugares p\u00fablicos de la ciudad.<\/p>\n<p>En medio del operativo, las autoridades les incautaron celulares, marihuana, bazuco, una motocicleta, grameras, trilladoras, papel para dosificaci\u00f3n y dinero en efectivo.<\/p>\n<p>De acuerdo con las investigaciones adelantadas, &#8216;Los de la D\u00e9cima&#8217; se dedicaban a la venta de alucin\u00f3genos bajo la modalidad de venta al menudeo en una zona cercana a un colegio.<\/p>\n<p>Se trata de Wilmer Alexis\u00a0Velandia P\u00e9rez, J\u00e9sica Tatiana\u00a0Perdomo Guzm\u00e1n, Brayan Antonio Zea Berr\u00edo, Pedro Alonso Pinilla Cort\u00e9s, Rolfe Eli\u00e9cer Soler Su\u00e1rez, Valeria\u00a0Espinel Garc\u00eda, Zulma Mariln\u00a0Rodr\u00edguez M\u00e9ndez, V\u00edctor Manuel D\u00edaz Pacheco, Sujey Nosvelli Larrota Mu\u00f1oz, Jairo Afanador\u00a0Torres y Joel Antonio\u00a0Garc\u00eda Zapata, quienes por determinaci\u00f3n del juez fueron privados de la libertad\u00a0 en establecimiento carcelario.<\/p>\n<p>Mientras que, Linda Estefany\u00a0Perdomo Guzm\u00e1n fue afectada con detenci\u00f3n en lugar de residencia, por estar en estado de embarazo.<\/p>\n<p>Esta informaci\u00f3n se publica por razones de inter\u00e9s general.<\/p>\n<p><b><u>La Fiscal\u00eda habla con resultados.<\/u><\/b><\/p>\n<p>&nbsp;<\/p>\n<p>&nbsp;<\/p>\n<p>&nbsp;<\/p>\n<p>&nbsp;<\/p>\n<p>&nbsp;<\/p>\n<p>&nbsp;<\/p>\n<p>LAZL\/MG\/APS\/DSC\/.<\/p>\n<p>&nbsp;<\/p>\n<p>&nbsp;<\/p>\n<p align=\"center\">\n<p align=\"center\">\n<p align=\"center\">\n<div class=\"td-post-content tagdiv-type\">\n<div class=\"td-post-content tagdiv-type\">\n<div class=\"td-post-content tagdiv-type\">\n<div class=\"td-post-content tagdiv-type\">\n<p><em>La informaci\u00f3n contenida en este bolet\u00edn de prensa corresponde a la narraci\u00f3n de los hechos noticiosos objetivos, y las investigaciones penales al interior de la Fiscal\u00eda General de la Naci\u00f3n. Para el momento de la divulgaci\u00f3n de este comunicado, la situaci\u00f3n jur\u00eddica de la(s) persona(s) relacionada(s) se encuentra pendiente de resolver por la autoridad judicial competente, siempre bajo los preceptos de la presunci\u00f3n de inocencia, consagrados en el art\u00edculo 29 de la Constituci\u00f3n Pol\u00edtica y el art\u00edculo 7\u00ba de la Ley 906 de 2004.<\/em><\/p>\n<\/div>\n<\/div>\n<\/div>\n<footer>\n<div class=\"td-post-source-tags\"><\/div>\n<div class=\"td-post-sharing-bottom\"><\/div>\n<\/footer>\n<\/div>\n<footer>\n<div class=\"td-post-source-tags\"><\/div>\n<div class=\"td-post-sharing-bottom\"><\/div>\n<\/footer>\n\n<div class=\"twitter-share\"><a href=\"https:\/\/twitter.com\/intent\/tweet?via=fiscaliacol\" class=\"twitter-share-button\">Tweet<\/a><\/div>\n","protected":false},"excerpt":{"rendered":"<p>Ante un juez de control de garant\u00edas, la Fiscal\u00eda General de la Naci\u00f3n judicializ\u00f3 a 12 presuntos integrantes del grupo delincuencial Los de la D\u00e9cima, por su responsabilidad en los delitos de concierto\u00a0para delinquir\u00a0y\u00a0tr\u00e1fico fabricaci\u00f3n o porte de estupefacientes,\u00a0los cuales no aceptaron. En diligencias de allanamiento y registro, los hoy procesados fueron capturados por\u00a0uniformados de [&hellip;]<\/p>\n","protected":false},"author":177,"featured_media":0,"comment_status":"closed","ping_status":"open","sticky":false,"template":"","format":"standard","meta":{"_price":"","_stock":"","_tribe_ticket_header":"","_tribe_default_ticket_provider":"","_tribe_ticket_capacity":"0","_ticket_start_date":"","_ticket_end_date":"","_tribe_ticket_show_description":"","_tribe_ticket_show_not_going":false,"_tribe_ticket_use_global_stock":"","_tribe_ticket_global_stock_level":"","_global_stock_mode":"","_global_stock_cap":"","_tribe_rsvp_for_event":"","_tribe_ticket_going_count":"","_tribe_ticket_not_going_count":"","_tribe_tickets_list":"[]","_tribe_ticket_has_attendee_info_fields":false,"tdm_status":"","tdm_grid_status":"","footnotes":""},"categories":[1,24134,303,24103],"tags":[924,25532,11533,1047,1185,24034],"class_list":{"0":"post-276655","1":"post","2":"type-post","3":"status-publish","4":"format-standard","6":"category-noticias","7":"category-seccional-yopal","8":"category-seccionales","9":"category-trafico-de-estupefacientes","10":"tag-captura","11":"tag-concierto-para-delinquir-agravado-y-trafico","12":"tag-fabricacion-o-porte-de-estupefacientes","13":"tag-fiscalia-general-de-la-nacion","14":"tag-medida-de-aseguramiento","15":"tag-yopal-casanare"},"yoast_head":"<!-- This site is optimized with the Yoast SEO plugin v24.3 - https:\/\/yoast.com\/wordpress\/plugins\/seo\/ -->\n<title>Fiscal\u00eda General de la Naci\u00f3n<\/title>\n<meta name=\"description\" content=\"P\u00e1gina oficial de la Fiscal\u00eda General de la Naci\u00f3n \u2013 Colombia. Garantizamos el acceso efectivo a la justicia, la verdad y la reparaci\u00f3n de las v\u00edctimas de los delitos.\" \/>\n<meta name=\"robots\" content=\"noindex, follow\" \/>\n<meta property=\"og:locale\" content=\"es_ES\" \/>\n<meta property=\"og:type\" content=\"article\" \/>\n<meta property=\"og:title\" content=\"Fiscal\u00eda General de la Naci\u00f3n\" \/>\n<meta property=\"og:description\" content=\"P\u00e1gina oficial de la Fiscal\u00eda General de la Naci\u00f3n \u2013 Colombia. Garantizamos el acceso efectivo a la justicia, la verdad y la reparaci\u00f3n de las v\u00edctimas de los delitos.\" \/>\n<meta property=\"og:url\" content=\"https:\/\/www.fiscalia.gov.co\/colombia\/noticias\/asegurados-12-presuntos-integrantes-del-grupo-delincuencial-los-de-la-decima-dedicado-a-la-comercializacion-de-estupefacientes-en-yopal\/\" \/>\n<meta property=\"og:site_name\" content=\"Fiscal\u00eda General de la Naci\u00f3n\" \/>\n<meta property=\"article:publisher\" content=\"https:\/\/www.facebook.com\/FiscaliaCol\" \/>\n<meta property=\"article:published_time\" content=\"2023-08-11T16:51:56+00:00\" \/>\n<meta name=\"author\" content=\"Jordan Leandro Oviedo Anzola\" \/>\n<meta name=\"twitter:card\" content=\"summary_large_image\" \/>\n<meta name=\"twitter:creator\" content=\"@FiscaliaCol\" \/>\n<meta name=\"twitter:site\" content=\"@FiscaliaCol\" \/>\n<meta name=\"twitter:label1\" content=\"Escrito por\" \/>\n\t<meta name=\"twitter:data1\" content=\"Jordan Leandro Oviedo Anzola\" \/>\n\t<meta name=\"twitter:label2\" content=\"Tiempo de lectura\" \/>\n\t<meta name=\"twitter:data2\" content=\"2 minutos\" \/>\n<script type=\"application\/ld+json\" class=\"yoast-schema-graph\">{\"@context\":\"https:\/\/schema.org\",\"@graph\":[{\"@type\":\"Article\",\"@id\":\"https:\/\/www.fiscalia.gov.co\/colombia\/noticias\/asegurados-12-presuntos-integrantes-del-grupo-delincuencial-los-de-la-decima-dedicado-a-la-comercializacion-de-estupefacientes-en-yopal\/#article\",\"isPartOf\":{\"@id\":\"https:\/\/www.fiscalia.gov.co\/colombia\/noticias\/asegurados-12-presuntos-integrantes-del-grupo-delincuencial-los-de-la-decima-dedicado-a-la-comercializacion-de-estupefacientes-en-yopal\/\"},\"author\":{\"name\":\"Jordan Leandro Oviedo Anzola\",\"@id\":\"https:\/\/www.fiscalia.gov.co\/colombia\/#\/schema\/person\/bf84402cf293a5393e9c70b111020b24\"},\"headline\":\"Asegurados 12 presuntos integrantes del grupo delincuencial Los de la D\u00e9cima, dedicado a la comercializaci\u00f3n de estupefacientes en Yopal\",\"datePublished\":\"2023-08-11T16:51:56+00:00\",\"dateModified\":\"2023-08-11T16:51:56+00:00\",\"mainEntityOfPage\":{\"@id\":\"https:\/\/www.fiscalia.gov.co\/colombia\/noticias\/asegurados-12-presuntos-integrantes-del-grupo-delincuencial-los-de-la-decima-dedicado-a-la-comercializacion-de-estupefacientes-en-yopal\/\"},\"wordCount\":400,\"publisher\":{\"@id\":\"https:\/\/www.fiscalia.gov.co\/colombia\/#organization\"},\"keywords\":[\"Captura\",\"concierto para delinquir agravado y tr\u00e1fico\",\"fabricaci\u00f3n o porte de estupefacientes\",\"Fiscal\u00eda General de la Naci\u00f3n\",\"Medida de aseguramiento\",\"Yopal (Casanare)\"],\"articleSection\":[\"Noticias\",\"Seccional Yopal\",\"Seccionales\",\"Tr\u00e1fico de estupefacientes\"],\"inLanguage\":\"es-CO\"},{\"@type\":\"WebPage\",\"@id\":\"https:\/\/www.fiscalia.gov.co\/colombia\/noticias\/asegurados-12-presuntos-integrantes-del-grupo-delincuencial-los-de-la-decima-dedicado-a-la-comercializacion-de-estupefacientes-en-yopal\/\",\"url\":\"https:\/\/www.fiscalia.gov.co\/colombia\/noticias\/asegurados-12-presuntos-integrantes-del-grupo-delincuencial-los-de-la-decima-dedicado-a-la-comercializacion-de-estupefacientes-en-yopal\/\",\"name\":\"Fiscal\u00eda General de la Naci\u00f3n\",\"isPartOf\":{\"@id\":\"https:\/\/www.fiscalia.gov.co\/colombia\/#website\"},\"datePublished\":\"2023-08-11T16:51:56+00:00\",\"dateModified\":\"2023-08-11T16:51:56+00:00\",\"description\":\"P\u00e1gina oficial de la Fiscal\u00eda General de la Naci\u00f3n \u2013 Colombia. Garantizamos el acceso efectivo a la justicia, la verdad y la reparaci\u00f3n de las v\u00edctimas de los delitos.\",\"breadcrumb\":{\"@id\":\"https:\/\/www.fiscalia.gov.co\/colombia\/noticias\/asegurados-12-presuntos-integrantes-del-grupo-delincuencial-los-de-la-decima-dedicado-a-la-comercializacion-de-estupefacientes-en-yopal\/#breadcrumb\"},\"inLanguage\":\"es-CO\",\"potentialAction\":[{\"@type\":\"ReadAction\",\"target\":[\"https:\/\/www.fiscalia.gov.co\/colombia\/noticias\/asegurados-12-presuntos-integrantes-del-grupo-delincuencial-los-de-la-decima-dedicado-a-la-comercializacion-de-estupefacientes-en-yopal\/\"]}]},{\"@type\":\"BreadcrumbList\",\"@id\":\"https:\/\/www.fiscalia.gov.co\/colombia\/noticias\/asegurados-12-presuntos-integrantes-del-grupo-delincuencial-los-de-la-decima-dedicado-a-la-comercializacion-de-estupefacientes-en-yopal\/#breadcrumb\",\"itemListElement\":[{\"@type\":\"ListItem\",\"position\":1,\"name\":\"Home\",\"item\":\"https:\/\/www.fiscalia.gov.co\/colombia\/\"},{\"@type\":\"ListItem\",\"position\":2,\"name\":\"Asegurados 12 presuntos integrantes del grupo delincuencial Los de la D\u00e9cima, dedicado a la comercializaci\u00f3n de estupefacientes en Yopal\"}]},{\"@type\":\"WebSite\",\"@id\":\"https:\/\/www.fiscalia.gov.co\/colombia\/#website\",\"url\":\"https:\/\/www.fiscalia.gov.co\/colombia\/\",\"name\":\"Fiscal\u00eda General de la Naci\u00f3n\",\"description\":\"P\u00e1gina oficial de la Fiscal\u00eda General de la Naci\u00f3n \u2013 Colombia. Garantizamos el acceso efectivo a la justicia, la verdad y la reparaci\u00f3n de las v\u00edctimas de los delitos.\",\"publisher\":{\"@id\":\"https:\/\/www.fiscalia.gov.co\/colombia\/#organization\"},\"potentialAction\":[{\"@type\":\"SearchAction\",\"target\":{\"@type\":\"EntryPoint\",\"urlTemplate\":\"https:\/\/www.fiscalia.gov.co\/colombia\/?s={search_term_string}\"},\"query-input\":{\"@type\":\"PropertyValueSpecification\",\"valueRequired\":true,\"valueName\":\"search_term_string\"}}],\"inLanguage\":\"es-CO\"},{\"@type\":\"Organization\",\"@id\":\"https:\/\/www.fiscalia.gov.co\/colombia\/#organization\",\"name\":\"Fiscal\u00eda General de la Naci\u00f3n\",\"url\":\"https:\/\/www.fiscalia.gov.co\/colombia\/\",\"logo\":{\"@type\":\"ImageObject\",\"inLanguage\":\"es-CO\",\"@id\":\"https:\/\/www.fiscalia.gov.co\/colombia\/#\/schema\/logo\/image\/\",\"url\":\"https:\/\/www.fiscalia.gov.co\/colombia\/wp-content\/uploads\/LogoHorizontal_1.jpg\",\"contentUrl\":\"https:\/\/www.fiscalia.gov.co\/colombia\/wp-content\/uploads\/LogoHorizontal_1.jpg\",\"width\":300,\"height\":90,\"caption\":\"Fiscal\u00eda General de la Naci\u00f3n\"},\"image\":{\"@id\":\"https:\/\/www.fiscalia.gov.co\/colombia\/#\/schema\/logo\/image\/\"},\"sameAs\":[\"https:\/\/www.facebook.com\/FiscaliaCol\",\"https:\/\/x.com\/FiscaliaCol\",\"https:\/\/www.instagram.com\/fiscaliacol\",\"https:\/\/www.linkedin.com\/company\/fiscalia-general-de-la-naci-n\/\",\"https:\/\/youtube.com\/@fiscaliageneraldelanacion-4668?si=6nN79nyQICPU5iTh\"]},{\"@type\":\"Person\",\"@id\":\"https:\/\/www.fiscalia.gov.co\/colombia\/#\/schema\/person\/bf84402cf293a5393e9c70b111020b24\",\"name\":\"Jordan Leandro Oviedo Anzola\",\"image\":{\"@type\":\"ImageObject\",\"inLanguage\":\"es-CO\",\"@id\":\"https:\/\/www.fiscalia.gov.co\/colombia\/#\/schema\/person\/image\/\",\"url\":\"https:\/\/secure.gravatar.com\/avatar\/dabba4346fa9b9207d96adafa8f92721?s=96&d=mm&r=g\",\"contentUrl\":\"https:\/\/secure.gravatar.com\/avatar\/dabba4346fa9b9207d96adafa8f92721?s=96&d=mm&r=g\",\"caption\":\"Jordan Leandro Oviedo Anzola\"},\"url\":\"https:\/\/www.fiscalia.gov.co\/colombia\/author\/joviedo\/\"}]}<\/script>\n<!-- \/ Yoast SEO plugin. -->","yoast_head_json":{"title":"Fiscal\u00eda General de la Naci\u00f3n","description":"P\u00e1gina oficial de la Fiscal\u00eda General de la Naci\u00f3n \u2013 Colombia. Garantizamos el acceso efectivo a la justicia, la verdad y la reparaci\u00f3n de las v\u00edctimas de los delitos.","robots":{"index":"noindex","follow":"follow"},"og_locale":"es_ES","og_type":"article","og_title":"Fiscal\u00eda General de la Naci\u00f3n","og_description":"P\u00e1gina oficial de la Fiscal\u00eda General de la Naci\u00f3n \u2013 Colombia. Garantizamos el acceso efectivo a la justicia, la verdad y la reparaci\u00f3n de las v\u00edctimas de los delitos.","og_url":"https:\/\/www.fiscalia.gov.co\/colombia\/noticias\/asegurados-12-presuntos-integrantes-del-grupo-delincuencial-los-de-la-decima-dedicado-a-la-comercializacion-de-estupefacientes-en-yopal\/","og_site_name":"Fiscal\u00eda General de la Naci\u00f3n","article_publisher":"https:\/\/www.facebook.com\/FiscaliaCol","article_published_time":"2023-08-11T16:51:56+00:00","author":"Jordan Leandro Oviedo Anzola","twitter_card":"summary_large_image","twitter_creator":"@FiscaliaCol","twitter_site":"@FiscaliaCol","twitter_misc":{"Escrito por":"Jordan Leandro Oviedo Anzola","Tiempo de lectura":"2 minutos"},"schema":{"@context":"https:\/\/schema.org","@graph":[{"@type":"Article","@id":"https:\/\/www.fiscalia.gov.co\/colombia\/noticias\/asegurados-12-presuntos-integrantes-del-grupo-delincuencial-los-de-la-decima-dedicado-a-la-comercializacion-de-estupefacientes-en-yopal\/#article","isPartOf":{"@id":"https:\/\/www.fiscalia.gov.co\/colombia\/noticias\/asegurados-12-presuntos-integrantes-del-grupo-delincuencial-los-de-la-decima-dedicado-a-la-comercializacion-de-estupefacientes-en-yopal\/"},"author":{"name":"Jordan Leandro Oviedo Anzola","@id":"https:\/\/www.fiscalia.gov.co\/colombia\/#\/schema\/person\/bf84402cf293a5393e9c70b111020b24"},"headline":"Asegurados 12 presuntos integrantes del grupo delincuencial Los de la D\u00e9cima, dedicado a la comercializaci\u00f3n de estupefacientes en Yopal","datePublished":"2023-08-11T16:51:56+00:00","dateModified":"2023-08-11T16:51:56+00:00","mainEntityOfPage":{"@id":"https:\/\/www.fiscalia.gov.co\/colombia\/noticias\/asegurados-12-presuntos-integrantes-del-grupo-delincuencial-los-de-la-decima-dedicado-a-la-comercializacion-de-estupefacientes-en-yopal\/"},"wordCount":400,"publisher":{"@id":"https:\/\/www.fiscalia.gov.co\/colombia\/#organization"},"keywords":["Captura","concierto para delinquir agravado y tr\u00e1fico","fabricaci\u00f3n o porte de estupefacientes","Fiscal\u00eda General de la Naci\u00f3n","Medida de aseguramiento","Yopal (Casanare)"],"articleSection":["Noticias","Seccional Yopal","Seccionales","Tr\u00e1fico de estupefacientes"],"inLanguage":"es-CO"},{"@type":"WebPage","@id":"https:\/\/www.fiscalia.gov.co\/colombia\/noticias\/asegurados-12-presuntos-integrantes-del-grupo-delincuencial-los-de-la-decima-dedicado-a-la-comercializacion-de-estupefacientes-en-yopal\/","url":"https:\/\/www.fiscalia.gov.co\/colombia\/noticias\/asegurados-12-presuntos-integrantes-del-grupo-delincuencial-los-de-la-decima-dedicado-a-la-comercializacion-de-estupefacientes-en-yopal\/","name":"Fiscal\u00eda General de la Naci\u00f3n","isPartOf":{"@id":"https:\/\/www.fiscalia.gov.co\/colombia\/#website"},"datePublished":"2023-08-11T16:51:56+00:00","dateModified":"2023-08-11T16:51:56+00:00","description":"P\u00e1gina oficial de la Fiscal\u00eda General de la Naci\u00f3n \u2013 Colombia. Garantizamos el acceso efectivo a la justicia, la verdad y la reparaci\u00f3n de las v\u00edctimas de los delitos.","breadcrumb":{"@id":"https:\/\/www.fiscalia.gov.co\/colombia\/noticias\/asegurados-12-presuntos-integrantes-del-grupo-delincuencial-los-de-la-decima-dedicado-a-la-comercializacion-de-estupefacientes-en-yopal\/#breadcrumb"},"inLanguage":"es-CO","potentialAction":[{"@type":"ReadAction","target":["https:\/\/www.fiscalia.gov.co\/colombia\/noticias\/asegurados-12-presuntos-integrantes-del-grupo-delincuencial-los-de-la-decima-dedicado-a-la-comercializacion-de-estupefacientes-en-yopal\/"]}]},{"@type":"BreadcrumbList","@id":"https:\/\/www.fiscalia.gov.co\/colombia\/noticias\/asegurados-12-presuntos-integrantes-del-grupo-delincuencial-los-de-la-decima-dedicado-a-la-comercializacion-de-estupefacientes-en-yopal\/#breadcrumb","itemListElement":[{"@type":"ListItem","position":1,"name":"Home","item":"https:\/\/www.fiscalia.gov.co\/colombia\/"},{"@type":"ListItem","position":2,"name":"Asegurados 12 presuntos integrantes del grupo delincuencial Los de la D\u00e9cima, dedicado a la comercializaci\u00f3n de estupefacientes en Yopal"}]},{"@type":"WebSite","@id":"https:\/\/www.fiscalia.gov.co\/colombia\/#website","url":"https:\/\/www.fiscalia.gov.co\/colombia\/","name":"Fiscal\u00eda General de la Naci\u00f3n","description":"P\u00e1gina oficial de la Fiscal\u00eda General de la Naci\u00f3n \u2013 Colombia. Garantizamos el acceso efectivo a la justicia, la verdad y la reparaci\u00f3n de las v\u00edctimas de los delitos.","publisher":{"@id":"https:\/\/www.fiscalia.gov.co\/colombia\/#organization"},"potentialAction":[{"@type":"SearchAction","target":{"@type":"EntryPoint","urlTemplate":"https:\/\/www.fiscalia.gov.co\/colombia\/?s={search_term_string}"},"query-input":{"@type":"PropertyValueSpecification","valueRequired":true,"valueName":"search_term_string"}}],"inLanguage":"es-CO"},{"@type":"Organization","@id":"https:\/\/www.fiscalia.gov.co\/colombia\/#organization","name":"Fiscal\u00eda General de la Naci\u00f3n","url":"https:\/\/www.fiscalia.gov.co\/colombia\/","logo":{"@type":"ImageObject","inLanguage":"es-CO","@id":"https:\/\/www.fiscalia.gov.co\/colombia\/#\/schema\/logo\/image\/","url":"https:\/\/www.fiscalia.gov.co\/colombia\/wp-content\/uploads\/LogoHorizontal_1.jpg","contentUrl":"https:\/\/www.fiscalia.gov.co\/colombia\/wp-content\/uploads\/LogoHorizontal_1.jpg","width":300,"height":90,"caption":"Fiscal\u00eda General de la Naci\u00f3n"},"image":{"@id":"https:\/\/www.fiscalia.gov.co\/colombia\/#\/schema\/logo\/image\/"},"sameAs":["https:\/\/www.facebook.com\/FiscaliaCol","https:\/\/x.com\/FiscaliaCol","https:\/\/www.instagram.com\/fiscaliacol","https:\/\/www.linkedin.com\/company\/fiscalia-general-de-la-naci-n\/","https:\/\/youtube.com\/@fiscaliageneraldelanacion-4668?si=6nN79nyQICPU5iTh"]},{"@type":"Person","@id":"https:\/\/www.fiscalia.gov.co\/colombia\/#\/schema\/person\/bf84402cf293a5393e9c70b111020b24","name":"Jordan Leandro Oviedo Anzola","image":{"@type":"ImageObject","inLanguage":"es-CO","@id":"https:\/\/www.fiscalia.gov.co\/colombia\/#\/schema\/person\/image\/","url":"https:\/\/secure.gravatar.com\/avatar\/dabba4346fa9b9207d96adafa8f92721?s=96&d=mm&r=g","contentUrl":"https:\/\/secure.gravatar.com\/avatar\/dabba4346fa9b9207d96adafa8f92721?s=96&d=mm&r=g","caption":"Jordan Leandro Oviedo Anzola"},"url":"https:\/\/www.fiscalia.gov.co\/colombia\/author\/joviedo\/"}]}},"_links":{"self":[{"href":"https:\/\/www.fiscalia.gov.co\/colombia\/wp-json\/wp\/v2\/posts\/276655","targetHints":{"allow":["GET"]}}],"collection":[{"href":"https:\/\/www.fiscalia.gov.co\/colombia\/wp-json\/wp\/v2\/posts"}],"about":[{"href":"https:\/\/www.fiscalia.gov.co\/colombia\/wp-json\/wp\/v2\/types\/post"}],"author":[{"embeddable":true,"href":"https:\/\/www.fiscalia.gov.co\/colombia\/wp-json\/wp\/v2\/users\/177"}],"replies":[{"embeddable":true,"href":"https:\/\/www.fiscalia.gov.co\/colombia\/wp-json\/wp\/v2\/comments?post=276655"}],"version-history":[{"count":1,"href":"https:\/\/www.fiscalia.gov.co\/colombia\/wp-json\/wp\/v2\/posts\/276655\/revisions"}],"predecessor-version":[{"id":276656,"href":"https:\/\/www.fiscalia.gov.co\/colombia\/wp-json\/wp\/v2\/posts\/276655\/revisions\/276656"}],"wp:attachment":[{"href":"https:\/\/www.fiscalia.gov.co\/colombia\/wp-json\/wp\/v2\/media?parent=276655"}],"wp:term":[{"taxonomy":"category","embeddable":true,"href":"https:\/\/www.fiscalia.gov.co\/colombia\/wp-json\/wp\/v2\/categories?post=276655"},{"taxonomy":"post_tag","embeddable":true,"href":"https:\/\/www.fiscalia.gov.co\/colombia\/wp-json\/wp\/v2\/tags?post=276655"}],"curies":[{"name":"wp","href":"https:\/\/api.w.org\/{rel}","templated":true}]}}