{"id":276539,"date":"2023-08-10T09:00:51","date_gmt":"2023-08-10T14:00:51","guid":{"rendered":"https:\/\/www.fiscalia.gov.co\/colombia\/?p=276539"},"modified":"2023-08-10T09:00:51","modified_gmt":"2023-08-10T14:00:51","slug":"judicializadas-seis-personas-que-habrian-instrumentalizado-sexualmente-a-una-menor-en-guaviare","status":"publish","type":"post","link":"https:\/\/www.fiscalia.gov.co\/colombia\/noticias\/judicializadas-seis-personas-que-habrian-instrumentalizado-sexualmente-a-una-menor-en-guaviare\/","title":{"rendered":"Judicializadas seis personas que habr\u00edan instrumentalizado sexualmente a una menor en Guaviare"},"content":{"rendered":"<h4><strong><i>En el marco de diligencias judiciales las autoridades realizaron la extinci\u00f3n de dominio de dos casas, un bar y un hotel que estar\u00edan sido utilizados para la comisi\u00f3n de delitos contra la integridad personal de una menor de edad en el oriente colombiano.<\/i><\/strong><\/h4>\n<figure id=\"attachment_276540\" aria-describedby=\"caption-attachment-276540\" style=\"width: 696px\" class=\"wp-caption aligncenter\"><img loading=\"lazy\" decoding=\"async\" class=\"size-large wp-image-276540\" src=\"https:\/\/www.fiscalia.gov.co\/colombia\/wp-content\/uploads\/capturados-5-hombres-y-1-mujer-trata-y-otros-Guaviare-1024x570.jpg\" alt=\"est\u00e1n los capturados de f4ente con manos esposadas atr\u00e1s, custodiados por dos uniformados de a Polic\u00eda Nacional detr\u00e1s banner de la Polic\u00eda Nacional.\" width=\"696\" height=\"387\" srcset=\"https:\/\/www.fiscalia.gov.co\/colombia\/wp-content\/uploads\/capturados-5-hombres-y-1-mujer-trata-y-otros-Guaviare-1024x570.jpg 1024w, https:\/\/www.fiscalia.gov.co\/colombia\/wp-content\/uploads\/capturados-5-hombres-y-1-mujer-trata-y-otros-Guaviare-300x167.jpg 300w, https:\/\/www.fiscalia.gov.co\/colombia\/wp-content\/uploads\/capturados-5-hombres-y-1-mujer-trata-y-otros-Guaviare-768x427.jpg 768w, https:\/\/www.fiscalia.gov.co\/colombia\/wp-content\/uploads\/capturados-5-hombres-y-1-mujer-trata-y-otros-Guaviare-1536x854.jpg 1536w, https:\/\/www.fiscalia.gov.co\/colombia\/wp-content\/uploads\/capturados-5-hombres-y-1-mujer-trata-y-otros-Guaviare-696x387.jpg 696w, https:\/\/www.fiscalia.gov.co\/colombia\/wp-content\/uploads\/capturados-5-hombres-y-1-mujer-trata-y-otros-Guaviare-1068x594.jpg 1068w, https:\/\/www.fiscalia.gov.co\/colombia\/wp-content\/uploads\/capturados-5-hombres-y-1-mujer-trata-y-otros-Guaviare-755x420.jpg 755w, https:\/\/www.fiscalia.gov.co\/colombia\/wp-content\/uploads\/capturados-5-hombres-y-1-mujer-trata-y-otros-Guaviare.jpg 1600w\" sizes=\"auto, (max-width: 696px) 100vw, 696px\" \/><figcaption id=\"caption-attachment-276540\" class=\"wp-caption-text\">Capturados presuntos responsables de trata de personas.<\/figcaption><\/figure>\n<p>Por solicitud de un fiscal local fueron ordenadas medidas de aseguramiento privativas de la libertad para cinco hombres y una mujer, vinculados al proceso donde estar\u00edan instrumentalizando sexualmente a una menor de 13 a\u00f1os de edad, de nacionalidad venezolana, en hechos ocurridos entre febrero y marzo de 2023 en la capital del Guaviare.<\/p>\n<p>Seg\u00fan investigaci\u00f3n, la menor habr\u00eda sido\u00a0captada por una pareja, que la habr\u00eda llevado a su vivienda para ejercer la prostituci\u00f3n bajo su control, coordinaci\u00f3n y administraci\u00f3n.<\/p>\n<p>Estas personas, al parecer, contactaban mediante llamadas o mensajes de texto a los demandantes sexuales, a quienes les cobrar\u00edan determinada tarifa de dinero por el uso sexual de la v\u00edctima.<\/p>\n<p>La menor que habr\u00eda sido inducida al consumo de estupefacientes ser\u00eda, adem\u00e1s, obligada a sostener relaciones sexuales con la pareja de los presuntos tratantes donde viv\u00eda.<\/p>\n<p>En las acciones judiciales, la Fiscal\u00eda ejecut\u00f3 extinci\u00f3n\u00a0del derecho de dominio de\u00a0dos casas, un bar y un hotel que ser\u00edan utilizados para la\u00a0instrumentalizaci\u00f3n de la menor de edad y que se encuentran ubicados en los barrios La Esperanza y Reservas de la Paz, de esta ciudad.<\/p>\n<p>Mediante orden judicial fueron capturados por\u00a0investigadores del CTI de la Fiscal\u00eda y la Polic\u00eda de Infancia y Adolescencia: Dumar Yesid Amud M\u00f3squera de 40 a\u00f1os; Yerald\u00edn Land\u00e1zuri Garc\u00eda de 32 a\u00f1os; Ramiro Tabares Quintero alias Pocho, de 41 a\u00f1os; Pedro Fabi\u00e1n Melo Tunjano alias Guaviare, de 32 a\u00f1os; Jhonny Eduardo Bautista Cort\u00e9s alias Tauro de 41 a\u00f1os; y Carlos Mario V\u00e9lez Maya alias el Paisa, un hombre de 55 a\u00f1os.<\/p>\n<p>Ante un juzgado con funci\u00f3n de control de garant\u00edas,\u00a0seg\u00fan su presunta participaci\u00f3n en los hechos, la\u00a0Fiscal\u00eda imput\u00f3 cargos contra los procesados por los delitos de trata de personas agravado con aumento de pena por suministro de drogas, acceso carnal violento agravado, actos sexuales violento agravado, demanda de explotaci\u00f3n sexual comercial con persona menor de 18 a\u00f1os agravado y acceso carnal abusivo con menor de 14 a\u00f1os, los cuales no fueron aceptados.<\/p>\n<p>Ante la solicitud de medida de aseguramiento fueron asegurados con detenci\u00f3n intramural los presuntos tratantes como coautores Amud Mosquera, Landazuri Garc\u00eda y Tabares Quintero como c\u00f3mplice.<\/p>\n<p>As\u00edmismo, con detenci\u00f3n intramural fue cobijado Jhonny Eduardo Bautista Cort\u00e9s\u00a0\u00a0y con domiciliaria Melo Tunjano y V\u00e9lez Maya, presuntos demandantes de conductas sexuales ilegales.<\/p>\n<p><strong>La Fiscal\u00eda habla con resultados.<\/strong><\/p>\n<p>&nbsp;<\/p>\n<p>&nbsp;<\/p>\n<p>&nbsp;<\/p>\n<p>&nbsp;<\/p>\n<p>&nbsp;<\/p>\n<p>PYMP\/LYBT\/ICLH\/DSG<\/p>\n<p>&nbsp;<\/p>\n<p>&nbsp;<\/p>\n<p>&nbsp;<\/p>\n<p>&nbsp;<\/p>\n<p>&nbsp;<\/p>\n<div class=\"td-post-content tagdiv-type\">\n<div dir=\"ltr\">\n<p><i>La informaci\u00f3n contenida en este bolet\u00edn de prensa corresponde a la narraci\u00f3n de los hechos noticiosos objetivos, suministrados por los funcionarios encargados de adelantar las investigaciones penales al interior de la Fiscal\u00eda General de la Naci\u00f3n. Para el momento de la divulgaci\u00f3n de este comunicado, la situaci\u00f3n jur\u00eddica de la(s) persona(s) relacionada(s) se encuentra pendiente de resolver por la autoridad judicial competente, siempre bajo los preceptos de la presunci\u00f3n de inocencia, consagrados en el art\u00edculo 29 de la Constituci\u00f3n Pol\u00edtica y el art\u00edculo 7\u00ba de la Ley 906 de 2004.\u00a0<\/i><\/p>\n<\/div>\n<\/div>\n\n<div class=\"twitter-share\"><a href=\"https:\/\/twitter.com\/intent\/tweet?via=fiscaliacol\" class=\"twitter-share-button\">Tweet<\/a><\/div>\n","protected":false},"excerpt":{"rendered":"<p>En el marco de diligencias judiciales las autoridades realizaron la extinci\u00f3n de dominio de dos casas, un bar y un hotel que estar\u00edan sido utilizados para la comisi\u00f3n de delitos [&hellip;]<\/p>\n","protected":false},"author":177,"featured_media":0,"comment_status":"closed","ping_status":"open","sticky":false,"template":"","format":"standard","meta":{"tdm_status":"","tdm_grid_status":"","footnotes":""},"categories":[1,12689,303,24099],"tags":[11941,35325,35326,32134,34481,35323,26496,24584,31721,35324],"class_list":["post-276539","post","type-post","status-publish","format-standard","category-noticias","category-seccional-guaviare","category-seccionales","category-seguridad-territorial","tag-acceso-carnal-abusivo-con-menor-de-14-anos","tag-aceso-caranl-violento-agravado","tag-actos-sexuales-violento-agravado","tag-cinco-hombres-y-una-mujer","tag-demanda-de-explotacion-sexual-comercial-con-persona-menor-de-18-anos-agravado","tag-instrumentalizando-sexualmente","tag-menor-de-13-anos","tag-privativa-de-la-libertad","tag-san-jose-del-guaviare-guaviare","tag-trata-de-personas-agravado"],"yoast_head":"<!-- This site is optimized with the Yoast SEO plugin v24.3 - https:\/\/yoast.com\/wordpress\/plugins\/seo\/ -->\n<title>Fiscal\u00eda General de la Naci\u00f3n<\/title>\n<meta name=\"description\" content=\"P\u00e1gina oficial de la Fiscal\u00eda General de la Naci\u00f3n \u2013 Colombia. Garantizamos el acceso efectivo a la justicia, la verdad y la reparaci\u00f3n de las v\u00edctimas de los delitos.\" \/>\n<meta name=\"robots\" content=\"noindex, follow\" \/>\n<meta property=\"og:locale\" content=\"es_ES\" \/>\n<meta property=\"og:type\" content=\"article\" \/>\n<meta property=\"og:title\" content=\"Fiscal\u00eda General de la Naci\u00f3n\" \/>\n<meta property=\"og:description\" content=\"P\u00e1gina oficial de la Fiscal\u00eda General de la Naci\u00f3n \u2013 Colombia. Garantizamos el acceso efectivo a la justicia, la verdad y la reparaci\u00f3n de las v\u00edctimas de los delitos.\" \/>\n<meta property=\"og:url\" content=\"https:\/\/www.fiscalia.gov.co\/colombia\/noticias\/judicializadas-seis-personas-que-habrian-instrumentalizado-sexualmente-a-una-menor-en-guaviare\/\" \/>\n<meta property=\"og:site_name\" content=\"Fiscal\u00eda General de la Naci\u00f3n\" \/>\n<meta property=\"article:publisher\" content=\"https:\/\/www.facebook.com\/FiscaliaCol\" \/>\n<meta property=\"article:published_time\" content=\"2023-08-10T14:00:51+00:00\" \/>\n<meta property=\"og:image\" content=\"https:\/\/www.fiscalia.gov.co\/colombia\/wp-content\/uploads\/capturados-5-hombres-y-1-mujer-trata-y-otros-Guaviare-1024x570.jpg\" \/>\n<meta name=\"author\" content=\"Jordan Leandro Oviedo Anzola\" \/>\n<meta name=\"twitter:card\" content=\"summary_large_image\" \/>\n<meta name=\"twitter:creator\" content=\"@FiscaliaCol\" \/>\n<meta name=\"twitter:site\" content=\"@FiscaliaCol\" \/>\n<meta name=\"twitter:label1\" content=\"Escrito por\" \/>\n\t<meta name=\"twitter:data1\" content=\"Jordan Leandro Oviedo Anzola\" \/>\n\t<meta name=\"twitter:label2\" content=\"Tiempo de lectura\" \/>\n\t<meta name=\"twitter:data2\" content=\"3 minutos\" \/>\n<script type=\"application\/ld+json\" class=\"yoast-schema-graph\">{\"@context\":\"https:\/\/schema.org\",\"@graph\":[{\"@type\":\"Article\",\"@id\":\"https:\/\/www.fiscalia.gov.co\/colombia\/noticias\/judicializadas-seis-personas-que-habrian-instrumentalizado-sexualmente-a-una-menor-en-guaviare\/#article\",\"isPartOf\":{\"@id\":\"https:\/\/www.fiscalia.gov.co\/colombia\/noticias\/judicializadas-seis-personas-que-habrian-instrumentalizado-sexualmente-a-una-menor-en-guaviare\/\"},\"author\":{\"name\":\"Jordan Leandro Oviedo Anzola\",\"@id\":\"https:\/\/www.fiscalia.gov.co\/colombia\/#\/schema\/person\/bf84402cf293a5393e9c70b111020b24\"},\"headline\":\"Judicializadas seis personas que habr\u00edan instrumentalizado sexualmente a una menor en Guaviare\",\"datePublished\":\"2023-08-10T14:00:51+00:00\",\"dateModified\":\"2023-08-10T14:00:51+00:00\",\"mainEntityOfPage\":{\"@id\":\"https:\/\/www.fiscalia.gov.co\/colombia\/noticias\/judicializadas-seis-personas-que-habrian-instrumentalizado-sexualmente-a-una-menor-en-guaviare\/\"},\"wordCount\":613,\"publisher\":{\"@id\":\"https:\/\/www.fiscalia.gov.co\/colombia\/#organization\"},\"image\":{\"@id\":\"https:\/\/www.fiscalia.gov.co\/colombia\/noticias\/judicializadas-seis-personas-que-habrian-instrumentalizado-sexualmente-a-una-menor-en-guaviare\/#primaryimage\"},\"thumbnailUrl\":\"https:\/\/www.fiscalia.gov.co\/colombia\/wp-content\/uploads\/capturados-5-hombres-y-1-mujer-trata-y-otros-Guaviare-1024x570.jpg\",\"keywords\":[\"acceso carnal abusivo con menor de 14 a\u00f1os\",\"aceso caranl violento agravado\",\"actos sexuales violento agravado\",\"cinco hombres y una mujer\",\"demanda de explotaci\u00f3n sexual comercial con persona menor de 18 a\u00f1os agravado\",\"instrumentalizando sexualmente\",\"menor de 13 a\u00f1os\",\"privativa de la libertad.\",\"San Jos\u00e9 del Guaviare (Guaviare)\",\"trata de personas agravado\"],\"articleSection\":[\"Noticias\",\"Seccional Guaviare\",\"Seccionales\",\"Seguridad territorial\"],\"inLanguage\":\"es-CO\"},{\"@type\":\"WebPage\",\"@id\":\"https:\/\/www.fiscalia.gov.co\/colombia\/noticias\/judicializadas-seis-personas-que-habrian-instrumentalizado-sexualmente-a-una-menor-en-guaviare\/\",\"url\":\"https:\/\/www.fiscalia.gov.co\/colombia\/noticias\/judicializadas-seis-personas-que-habrian-instrumentalizado-sexualmente-a-una-menor-en-guaviare\/\",\"name\":\"Fiscal\u00eda General de la Naci\u00f3n\",\"isPartOf\":{\"@id\":\"https:\/\/www.fiscalia.gov.co\/colombia\/#website\"},\"primaryImageOfPage\":{\"@id\":\"https:\/\/www.fiscalia.gov.co\/colombia\/noticias\/judicializadas-seis-personas-que-habrian-instrumentalizado-sexualmente-a-una-menor-en-guaviare\/#primaryimage\"},\"image\":{\"@id\":\"https:\/\/www.fiscalia.gov.co\/colombia\/noticias\/judicializadas-seis-personas-que-habrian-instrumentalizado-sexualmente-a-una-menor-en-guaviare\/#primaryimage\"},\"thumbnailUrl\":\"https:\/\/www.fiscalia.gov.co\/colombia\/wp-content\/uploads\/capturados-5-hombres-y-1-mujer-trata-y-otros-Guaviare-1024x570.jpg\",\"datePublished\":\"2023-08-10T14:00:51+00:00\",\"dateModified\":\"2023-08-10T14:00:51+00:00\",\"description\":\"P\u00e1gina oficial de la Fiscal\u00eda General de la Naci\u00f3n \u2013 Colombia. Garantizamos el acceso efectivo a la justicia, la verdad y la reparaci\u00f3n de las v\u00edctimas de los delitos.\",\"breadcrumb\":{\"@id\":\"https:\/\/www.fiscalia.gov.co\/colombia\/noticias\/judicializadas-seis-personas-que-habrian-instrumentalizado-sexualmente-a-una-menor-en-guaviare\/#breadcrumb\"},\"inLanguage\":\"es-CO\",\"potentialAction\":[{\"@type\":\"ReadAction\",\"target\":[\"https:\/\/www.fiscalia.gov.co\/colombia\/noticias\/judicializadas-seis-personas-que-habrian-instrumentalizado-sexualmente-a-una-menor-en-guaviare\/\"]}]},{\"@type\":\"ImageObject\",\"inLanguage\":\"es-CO\",\"@id\":\"https:\/\/www.fiscalia.gov.co\/colombia\/noticias\/judicializadas-seis-personas-que-habrian-instrumentalizado-sexualmente-a-una-menor-en-guaviare\/#primaryimage\",\"url\":\"https:\/\/www.fiscalia.gov.co\/colombia\/wp-content\/uploads\/capturados-5-hombres-y-1-mujer-trata-y-otros-Guaviare.jpg\",\"contentUrl\":\"https:\/\/www.fiscalia.gov.co\/colombia\/wp-content\/uploads\/capturados-5-hombres-y-1-mujer-trata-y-otros-Guaviare.jpg\",\"width\":1600,\"height\":890,\"caption\":\"Capturados presuntos responsables de trata de personas.\"},{\"@type\":\"BreadcrumbList\",\"@id\":\"https:\/\/www.fiscalia.gov.co\/colombia\/noticias\/judicializadas-seis-personas-que-habrian-instrumentalizado-sexualmente-a-una-menor-en-guaviare\/#breadcrumb\",\"itemListElement\":[{\"@type\":\"ListItem\",\"position\":1,\"name\":\"Home\",\"item\":\"https:\/\/www.fiscalia.gov.co\/colombia\/\"},{\"@type\":\"ListItem\",\"position\":2,\"name\":\"Judicializadas seis personas que habr\u00edan instrumentalizado sexualmente a una menor en Guaviare\"}]},{\"@type\":\"WebSite\",\"@id\":\"https:\/\/www.fiscalia.gov.co\/colombia\/#website\",\"url\":\"https:\/\/www.fiscalia.gov.co\/colombia\/\",\"name\":\"Fiscal\u00eda General de la Naci\u00f3n\",\"description\":\"P\u00e1gina oficial de la Fiscal\u00eda General de la Naci\u00f3n \u2013 Colombia. Garantizamos el acceso efectivo a la justicia, la verdad y la reparaci\u00f3n de las v\u00edctimas de los delitos.\",\"publisher\":{\"@id\":\"https:\/\/www.fiscalia.gov.co\/colombia\/#organization\"},\"potentialAction\":[{\"@type\":\"SearchAction\",\"target\":{\"@type\":\"EntryPoint\",\"urlTemplate\":\"https:\/\/www.fiscalia.gov.co\/colombia\/?s={search_term_string}\"},\"query-input\":{\"@type\":\"PropertyValueSpecification\",\"valueRequired\":true,\"valueName\":\"search_term_string\"}}],\"inLanguage\":\"es-CO\"},{\"@type\":\"Organization\",\"@id\":\"https:\/\/www.fiscalia.gov.co\/colombia\/#organization\",\"name\":\"Fiscal\u00eda General de la Naci\u00f3n\",\"url\":\"https:\/\/www.fiscalia.gov.co\/colombia\/\",\"logo\":{\"@type\":\"ImageObject\",\"inLanguage\":\"es-CO\",\"@id\":\"https:\/\/www.fiscalia.gov.co\/colombia\/#\/schema\/logo\/image\/\",\"url\":\"https:\/\/www.fiscalia.gov.co\/colombia\/wp-content\/uploads\/LogoHorizontal_1.jpg\",\"contentUrl\":\"https:\/\/www.fiscalia.gov.co\/colombia\/wp-content\/uploads\/LogoHorizontal_1.jpg\",\"width\":300,\"height\":90,\"caption\":\"Fiscal\u00eda General de la Naci\u00f3n\"},\"image\":{\"@id\":\"https:\/\/www.fiscalia.gov.co\/colombia\/#\/schema\/logo\/image\/\"},\"sameAs\":[\"https:\/\/www.facebook.com\/FiscaliaCol\",\"https:\/\/x.com\/FiscaliaCol\",\"https:\/\/www.instagram.com\/fiscaliacol\",\"https:\/\/www.linkedin.com\/company\/fiscalia-general-de-la-naci-n\/\",\"https:\/\/youtube.com\/@fiscaliageneraldelanacion-4668?si=6nN79nyQICPU5iTh\"]},{\"@type\":\"Person\",\"@id\":\"https:\/\/www.fiscalia.gov.co\/colombia\/#\/schema\/person\/bf84402cf293a5393e9c70b111020b24\",\"name\":\"Jordan Leandro Oviedo Anzola\",\"image\":{\"@type\":\"ImageObject\",\"inLanguage\":\"es-CO\",\"@id\":\"https:\/\/www.fiscalia.gov.co\/colombia\/#\/schema\/person\/image\/\",\"url\":\"https:\/\/secure.gravatar.com\/avatar\/dabba4346fa9b9207d96adafa8f92721?s=96&d=mm&r=g\",\"contentUrl\":\"https:\/\/secure.gravatar.com\/avatar\/dabba4346fa9b9207d96adafa8f92721?s=96&d=mm&r=g\",\"caption\":\"Jordan Leandro Oviedo Anzola\"},\"url\":\"https:\/\/www.fiscalia.gov.co\/colombia\/author\/joviedo\/\"}]}<\/script>\n<!-- \/ Yoast SEO plugin. -->","yoast_head_json":{"title":"Fiscal\u00eda General de la Naci\u00f3n","description":"P\u00e1gina oficial de la Fiscal\u00eda General de la Naci\u00f3n \u2013 Colombia. Garantizamos el acceso efectivo a la justicia, la verdad y la reparaci\u00f3n de las v\u00edctimas de los delitos.","robots":{"index":"noindex","follow":"follow"},"og_locale":"es_ES","og_type":"article","og_title":"Fiscal\u00eda General de la Naci\u00f3n","og_description":"P\u00e1gina oficial de la Fiscal\u00eda General de la Naci\u00f3n \u2013 Colombia. Garantizamos el acceso efectivo a la justicia, la verdad y la reparaci\u00f3n de las v\u00edctimas de los delitos.","og_url":"https:\/\/www.fiscalia.gov.co\/colombia\/noticias\/judicializadas-seis-personas-que-habrian-instrumentalizado-sexualmente-a-una-menor-en-guaviare\/","og_site_name":"Fiscal\u00eda General de la Naci\u00f3n","article_publisher":"https:\/\/www.facebook.com\/FiscaliaCol","article_published_time":"2023-08-10T14:00:51+00:00","og_image":[{"url":"https:\/\/www.fiscalia.gov.co\/colombia\/wp-content\/uploads\/capturados-5-hombres-y-1-mujer-trata-y-otros-Guaviare-1024x570.jpg","type":"","width":"","height":""}],"author":"Jordan Leandro Oviedo Anzola","twitter_card":"summary_large_image","twitter_creator":"@FiscaliaCol","twitter_site":"@FiscaliaCol","twitter_misc":{"Escrito por":"Jordan Leandro Oviedo Anzola","Tiempo de lectura":"3 minutos"},"schema":{"@context":"https:\/\/schema.org","@graph":[{"@type":"Article","@id":"https:\/\/www.fiscalia.gov.co\/colombia\/noticias\/judicializadas-seis-personas-que-habrian-instrumentalizado-sexualmente-a-una-menor-en-guaviare\/#article","isPartOf":{"@id":"https:\/\/www.fiscalia.gov.co\/colombia\/noticias\/judicializadas-seis-personas-que-habrian-instrumentalizado-sexualmente-a-una-menor-en-guaviare\/"},"author":{"name":"Jordan Leandro Oviedo Anzola","@id":"https:\/\/www.fiscalia.gov.co\/colombia\/#\/schema\/person\/bf84402cf293a5393e9c70b111020b24"},"headline":"Judicializadas seis personas que habr\u00edan instrumentalizado sexualmente a una menor en Guaviare","datePublished":"2023-08-10T14:00:51+00:00","dateModified":"2023-08-10T14:00:51+00:00","mainEntityOfPage":{"@id":"https:\/\/www.fiscalia.gov.co\/colombia\/noticias\/judicializadas-seis-personas-que-habrian-instrumentalizado-sexualmente-a-una-menor-en-guaviare\/"},"wordCount":613,"publisher":{"@id":"https:\/\/www.fiscalia.gov.co\/colombia\/#organization"},"image":{"@id":"https:\/\/www.fiscalia.gov.co\/colombia\/noticias\/judicializadas-seis-personas-que-habrian-instrumentalizado-sexualmente-a-una-menor-en-guaviare\/#primaryimage"},"thumbnailUrl":"https:\/\/www.fiscalia.gov.co\/colombia\/wp-content\/uploads\/capturados-5-hombres-y-1-mujer-trata-y-otros-Guaviare-1024x570.jpg","keywords":["acceso carnal abusivo con menor de 14 a\u00f1os","aceso caranl violento agravado","actos sexuales violento agravado","cinco hombres y una mujer","demanda de explotaci\u00f3n sexual comercial con persona menor de 18 a\u00f1os agravado","instrumentalizando sexualmente","menor de 13 a\u00f1os","privativa de la libertad.","San Jos\u00e9 del Guaviare (Guaviare)","trata de personas agravado"],"articleSection":["Noticias","Seccional Guaviare","Seccionales","Seguridad territorial"],"inLanguage":"es-CO"},{"@type":"WebPage","@id":"https:\/\/www.fiscalia.gov.co\/colombia\/noticias\/judicializadas-seis-personas-que-habrian-instrumentalizado-sexualmente-a-una-menor-en-guaviare\/","url":"https:\/\/www.fiscalia.gov.co\/colombia\/noticias\/judicializadas-seis-personas-que-habrian-instrumentalizado-sexualmente-a-una-menor-en-guaviare\/","name":"Fiscal\u00eda General de la Naci\u00f3n","isPartOf":{"@id":"https:\/\/www.fiscalia.gov.co\/colombia\/#website"},"primaryImageOfPage":{"@id":"https:\/\/www.fiscalia.gov.co\/colombia\/noticias\/judicializadas-seis-personas-que-habrian-instrumentalizado-sexualmente-a-una-menor-en-guaviare\/#primaryimage"},"image":{"@id":"https:\/\/www.fiscalia.gov.co\/colombia\/noticias\/judicializadas-seis-personas-que-habrian-instrumentalizado-sexualmente-a-una-menor-en-guaviare\/#primaryimage"},"thumbnailUrl":"https:\/\/www.fiscalia.gov.co\/colombia\/wp-content\/uploads\/capturados-5-hombres-y-1-mujer-trata-y-otros-Guaviare-1024x570.jpg","datePublished":"2023-08-10T14:00:51+00:00","dateModified":"2023-08-10T14:00:51+00:00","description":"P\u00e1gina oficial de la Fiscal\u00eda General de la Naci\u00f3n \u2013 Colombia. Garantizamos el acceso efectivo a la justicia, la verdad y la reparaci\u00f3n de las v\u00edctimas de los delitos.","breadcrumb":{"@id":"https:\/\/www.fiscalia.gov.co\/colombia\/noticias\/judicializadas-seis-personas-que-habrian-instrumentalizado-sexualmente-a-una-menor-en-guaviare\/#breadcrumb"},"inLanguage":"es-CO","potentialAction":[{"@type":"ReadAction","target":["https:\/\/www.fiscalia.gov.co\/colombia\/noticias\/judicializadas-seis-personas-que-habrian-instrumentalizado-sexualmente-a-una-menor-en-guaviare\/"]}]},{"@type":"ImageObject","inLanguage":"es-CO","@id":"https:\/\/www.fiscalia.gov.co\/colombia\/noticias\/judicializadas-seis-personas-que-habrian-instrumentalizado-sexualmente-a-una-menor-en-guaviare\/#primaryimage","url":"https:\/\/www.fiscalia.gov.co\/colombia\/wp-content\/uploads\/capturados-5-hombres-y-1-mujer-trata-y-otros-Guaviare.jpg","contentUrl":"https:\/\/www.fiscalia.gov.co\/colombia\/wp-content\/uploads\/capturados-5-hombres-y-1-mujer-trata-y-otros-Guaviare.jpg","width":1600,"height":890,"caption":"Capturados presuntos responsables de trata de personas."},{"@type":"BreadcrumbList","@id":"https:\/\/www.fiscalia.gov.co\/colombia\/noticias\/judicializadas-seis-personas-que-habrian-instrumentalizado-sexualmente-a-una-menor-en-guaviare\/#breadcrumb","itemListElement":[{"@type":"ListItem","position":1,"name":"Home","item":"https:\/\/www.fiscalia.gov.co\/colombia\/"},{"@type":"ListItem","position":2,"name":"Judicializadas seis personas que habr\u00edan instrumentalizado sexualmente a una menor en Guaviare"}]},{"@type":"WebSite","@id":"https:\/\/www.fiscalia.gov.co\/colombia\/#website","url":"https:\/\/www.fiscalia.gov.co\/colombia\/","name":"Fiscal\u00eda General de la Naci\u00f3n","description":"P\u00e1gina oficial de la Fiscal\u00eda General de la Naci\u00f3n \u2013 Colombia. Garantizamos el acceso efectivo a la justicia, la verdad y la reparaci\u00f3n de las v\u00edctimas de los delitos.","publisher":{"@id":"https:\/\/www.fiscalia.gov.co\/colombia\/#organization"},"potentialAction":[{"@type":"SearchAction","target":{"@type":"EntryPoint","urlTemplate":"https:\/\/www.fiscalia.gov.co\/colombia\/?s={search_term_string}"},"query-input":{"@type":"PropertyValueSpecification","valueRequired":true,"valueName":"search_term_string"}}],"inLanguage":"es-CO"},{"@type":"Organization","@id":"https:\/\/www.fiscalia.gov.co\/colombia\/#organization","name":"Fiscal\u00eda General de la Naci\u00f3n","url":"https:\/\/www.fiscalia.gov.co\/colombia\/","logo":{"@type":"ImageObject","inLanguage":"es-CO","@id":"https:\/\/www.fiscalia.gov.co\/colombia\/#\/schema\/logo\/image\/","url":"https:\/\/www.fiscalia.gov.co\/colombia\/wp-content\/uploads\/LogoHorizontal_1.jpg","contentUrl":"https:\/\/www.fiscalia.gov.co\/colombia\/wp-content\/uploads\/LogoHorizontal_1.jpg","width":300,"height":90,"caption":"Fiscal\u00eda General de la Naci\u00f3n"},"image":{"@id":"https:\/\/www.fiscalia.gov.co\/colombia\/#\/schema\/logo\/image\/"},"sameAs":["https:\/\/www.facebook.com\/FiscaliaCol","https:\/\/x.com\/FiscaliaCol","https:\/\/www.instagram.com\/fiscaliacol","https:\/\/www.linkedin.com\/company\/fiscalia-general-de-la-naci-n\/","https:\/\/youtube.com\/@fiscaliageneraldelanacion-4668?si=6nN79nyQICPU5iTh"]},{"@type":"Person","@id":"https:\/\/www.fiscalia.gov.co\/colombia\/#\/schema\/person\/bf84402cf293a5393e9c70b111020b24","name":"Jordan Leandro Oviedo Anzola","image":{"@type":"ImageObject","inLanguage":"es-CO","@id":"https:\/\/www.fiscalia.gov.co\/colombia\/#\/schema\/person\/image\/","url":"https:\/\/secure.gravatar.com\/avatar\/dabba4346fa9b9207d96adafa8f92721?s=96&d=mm&r=g","contentUrl":"https:\/\/secure.gravatar.com\/avatar\/dabba4346fa9b9207d96adafa8f92721?s=96&d=mm&r=g","caption":"Jordan Leandro Oviedo Anzola"},"url":"https:\/\/www.fiscalia.gov.co\/colombia\/author\/joviedo\/"}]}},"_links":{"self":[{"href":"https:\/\/www.fiscalia.gov.co\/colombia\/wp-json\/wp\/v2\/posts\/276539","targetHints":{"allow":["GET"]}}],"collection":[{"href":"https:\/\/www.fiscalia.gov.co\/colombia\/wp-json\/wp\/v2\/posts"}],"about":[{"href":"https:\/\/www.fiscalia.gov.co\/colombia\/wp-json\/wp\/v2\/types\/post"}],"author":[{"embeddable":true,"href":"https:\/\/www.fiscalia.gov.co\/colombia\/wp-json\/wp\/v2\/users\/177"}],"replies":[{"embeddable":true,"href":"https:\/\/www.fiscalia.gov.co\/colombia\/wp-json\/wp\/v2\/comments?post=276539"}],"version-history":[{"count":1,"href":"https:\/\/www.fiscalia.gov.co\/colombia\/wp-json\/wp\/v2\/posts\/276539\/revisions"}],"predecessor-version":[{"id":276541,"href":"https:\/\/www.fiscalia.gov.co\/colombia\/wp-json\/wp\/v2\/posts\/276539\/revisions\/276541"}],"wp:attachment":[{"href":"https:\/\/www.fiscalia.gov.co\/colombia\/wp-json\/wp\/v2\/media?parent=276539"}],"wp:term":[{"taxonomy":"category","embeddable":true,"href":"https:\/\/www.fiscalia.gov.co\/colombia\/wp-json\/wp\/v2\/categories?post=276539"},{"taxonomy":"post_tag","embeddable":true,"href":"https:\/\/www.fiscalia.gov.co\/colombia\/wp-json\/wp\/v2\/tags?post=276539"}],"curies":[{"name":"wp","href":"https:\/\/api.w.org\/{rel}","templated":true}]}}