{"id":276447,"date":"2023-08-08T16:57:32","date_gmt":"2023-08-08T21:57:32","guid":{"rendered":"https:\/\/www.fiscalia.gov.co\/colombia\/?p=276447"},"modified":"2023-08-08T16:57:32","modified_gmt":"2023-08-08T21:57:32","slug":"a-la-carcel-tres-hermanos-quienes-al-parecer-se-dedicaban-al-abigeato-en-atlantico","status":"publish","type":"post","link":"https:\/\/www.fiscalia.gov.co\/colombia\/noticias\/a-la-carcel-tres-hermanos-quienes-al-parecer-se-dedicaban-al-abigeato-en-atlantico\/","title":{"rendered":"A la c\u00e1rcel tres hermanos quienes, al parecer, se dedicaban al abigeato en Atl\u00e1ntico"},"content":{"rendered":"<p style=\"font-weight: 400;\">La Fiscal\u00eda General de la Naci\u00f3n Seccional Atl\u00e1ntico judicializ\u00f3 a tres hermanos quienes, al parecer, se dedicaban al hurto de ganado en pie para su sacrificio.<\/p>\n<figure id=\"attachment_276448\" aria-describedby=\"caption-attachment-276448\" style=\"width: 696px\" class=\"wp-caption aligncenter\"><img loading=\"lazy\" decoding=\"async\" class=\"size-large wp-image-276448\" src=\"https:\/\/www.fiscalia.gov.co\/colombia\/wp-content\/uploads\/Los-hermanos-Roberto-Enrique-Oscar-Guillermo-y-Julio-Alberto-Jimenez-Lara-fueron-enviados-a-prision-como-presuntos-responsables-ed-abigeato-agravado-1024x576.jpeg\" alt=\"Dos unirfomados de la Polic\u00eda custodian a los tres hermanos implicados en abigetado en Campo de la Cruz.\" width=\"696\" height=\"392\" srcset=\"https:\/\/www.fiscalia.gov.co\/colombia\/wp-content\/uploads\/Los-hermanos-Roberto-Enrique-Oscar-Guillermo-y-Julio-Alberto-Jimenez-Lara-fueron-enviados-a-prision-como-presuntos-responsables-ed-abigeato-agravado-1024x576.jpeg 1024w, https:\/\/www.fiscalia.gov.co\/colombia\/wp-content\/uploads\/Los-hermanos-Roberto-Enrique-Oscar-Guillermo-y-Julio-Alberto-Jimenez-Lara-fueron-enviados-a-prision-como-presuntos-responsables-ed-abigeato-agravado-300x169.jpeg 300w, https:\/\/www.fiscalia.gov.co\/colombia\/wp-content\/uploads\/Los-hermanos-Roberto-Enrique-Oscar-Guillermo-y-Julio-Alberto-Jimenez-Lara-fueron-enviados-a-prision-como-presuntos-responsables-ed-abigeato-agravado-768x432.jpeg 768w, https:\/\/www.fiscalia.gov.co\/colombia\/wp-content\/uploads\/Los-hermanos-Roberto-Enrique-Oscar-Guillermo-y-Julio-Alberto-Jimenez-Lara-fueron-enviados-a-prision-como-presuntos-responsables-ed-abigeato-agravado-1536x864.jpeg 1536w, https:\/\/www.fiscalia.gov.co\/colombia\/wp-content\/uploads\/Los-hermanos-Roberto-Enrique-Oscar-Guillermo-y-Julio-Alberto-Jimenez-Lara-fueron-enviados-a-prision-como-presuntos-responsables-ed-abigeato-agravado-696x392.jpeg 696w, https:\/\/www.fiscalia.gov.co\/colombia\/wp-content\/uploads\/Los-hermanos-Roberto-Enrique-Oscar-Guillermo-y-Julio-Alberto-Jimenez-Lara-fueron-enviados-a-prision-como-presuntos-responsables-ed-abigeato-agravado-1068x601.jpeg 1068w, https:\/\/www.fiscalia.gov.co\/colombia\/wp-content\/uploads\/Los-hermanos-Roberto-Enrique-Oscar-Guillermo-y-Julio-Alberto-Jimenez-Lara-fueron-enviados-a-prision-como-presuntos-responsables-ed-abigeato-agravado-747x420.jpeg 747w, https:\/\/www.fiscalia.gov.co\/colombia\/wp-content\/uploads\/Los-hermanos-Roberto-Enrique-Oscar-Guillermo-y-Julio-Alberto-Jimenez-Lara-fueron-enviados-a-prision-como-presuntos-responsables-ed-abigeato-agravado.jpeg 1600w\" sizes=\"auto, (max-width: 696px) 100vw, 696px\" \/><figcaption id=\"caption-attachment-276448\" class=\"wp-caption-text\">Los hermanos Roberto Enrique, \u00d3scar Guillermo y Julio Alberto Jim\u00e9nez Lara, fueron enviados a prisi\u00f3n como presuntos responsables de abigeato agravado.<\/figcaption><\/figure>\n<p style=\"font-weight: 400;\">Luego de que se recibieran varias denuncias por parte de finqueros y ganaderos, quienes habr\u00edan sido v\u00edctimas de abigeato, la Fiscal\u00eda coordin\u00f3 con la Polic\u00eda Nacional, el 27 de julio en curso, un operativo de captura en contra de\u00a0Roberto Enrique, \u00d3scar Guillermo y Julio Alberto Jim\u00e9nez Lara.<\/p>\n<p style=\"font-weight: 400;\">Los hechos materia de investigaci\u00f3n se registraron el 2 de septiembre del a\u00f1o 2020, en una parcela ubicada en \u00e1rea rural del municipio de Campo de la Cruz, donde una de las v\u00edctimas al llegar al lugar encontr\u00f3 cinco pieles de sus semovientes.<\/p>\n<p style=\"font-weight: 400;\">Ante las pruebas recaudadas \u00e9stas personas les fueron imputados los delitos de abigeato agravado, los cuales no fueron aceptados por los hoy procesados.<\/p>\n<p style=\"font-weight: 400;\">La Fiscal\u00eda General habla con resultados<\/p>\n<p style=\"font-weight: 400;\"><strong>La Fiscal\u00eda habla con resultados.<\/strong><\/p>\n<p>&nbsp;<\/p>\n<p>&nbsp;<\/p>\n<p>&nbsp;<\/p>\n<p>&nbsp;<\/p>\n<p>&nbsp;<\/p>\n<p>&nbsp;<\/p>\n<p style=\"font-weight: 400;\">SKCR\/VHGB\/KEMO\/JMMM\/DSA<\/p>\n<p style=\"font-weight: 400;\">\n<p style=\"font-weight: 400;\">\n<p style=\"font-weight: 400;\">\n<p style=\"font-weight: 400;\">\n<div class=\"td-post-content tagdiv-type\">\n<div class=\"td-post-content tagdiv-type\">\n<div class=\"td-post-content tagdiv-type\">\n<div lang=\"ES-CO\">\n<p><i><span lang=\"ES\">La informaci\u00f3n contenida en este bolet\u00edn de prensa corresponde a la narraci\u00f3n de los hechos noticiosos objetivos, suministrados por los funcionarios encargados de adelantar las investigaciones penales al interior de la Fiscal\u00eda General de la Naci\u00f3n. Para el momento de la divulgaci\u00f3n de este comunicado, la situaci\u00f3n jur\u00eddica de la(s) persona(s) relacionada(s) se encuentra pendiente de resolver por la autoridad judicial competente, siempre bajo los preceptos de la presunci\u00f3n de inocencia, consagrados en el art\u00edculo 29 de la Constituci\u00f3n Pol\u00edtica y el art\u00edculo 7\u00ba de la Ley 906 de 2004.<\/span><\/i><\/p>\n<\/div>\n<\/div>\n<\/div>\n<footer>\n<div class=\"td-post-source-tags\"><\/div>\n<div class=\"td-post-sharing-bottom\"><\/div>\n<\/footer>\n<\/div>\n<footer>\n<div class=\"td-post-source-tags\"><\/div>\n<div class=\"td-post-sharing-bottom\"><\/div>\n<\/footer>\n\n<div class=\"twitter-share\"><a href=\"https:\/\/twitter.com\/intent\/tweet?via=fiscaliacol\" class=\"twitter-share-button\">Tweet<\/a><\/div>\n","protected":false},"excerpt":{"rendered":"<p>La Fiscal\u00eda General de la Naci\u00f3n Seccional Atl\u00e1ntico judicializ\u00f3 a tres hermanos quienes, al parecer, se dedicaban al hurto de ganado en pie para su sacrificio. Luego de que se [&hellip;]<\/p>\n","protected":false},"author":177,"featured_media":0,"comment_status":"closed","ping_status":"open","sticky":false,"template":"","format":"standard","meta":{"tdm_status":"","tdm_grid_status":"","footnotes":""},"categories":[1,320,303,24099],"tags":[27621,23982,27658,35310,35312,35311,27199],"class_list":["post-276447","post","type-post","status-publish","format-standard","category-noticias","category-seccional-barranquilla","category-seccionales","category-seguridad-territorial","tag-abigeato-agravado","tag-barranquilla-atlantico","tag-campo-de-la-cruz","tag-cargos-no-aceptados","tag-oscar-guillermo-y-julio-alberto-jimenez-lara","tag-roberto-enrique","tag-seccional-atlantico"],"yoast_head":"<!-- This site is optimized with the Yoast SEO plugin v24.3 - https:\/\/yoast.com\/wordpress\/plugins\/seo\/ -->\n<title>Fiscal\u00eda General de la Naci\u00f3n<\/title>\n<meta name=\"description\" content=\"P\u00e1gina oficial de la Fiscal\u00eda General de la Naci\u00f3n \u2013 Colombia. Garantizamos el acceso efectivo a la justicia, la verdad y la reparaci\u00f3n de las v\u00edctimas de los delitos.\" \/>\n<meta name=\"robots\" content=\"noindex, follow\" \/>\n<meta property=\"og:locale\" content=\"es_ES\" \/>\n<meta property=\"og:type\" content=\"article\" \/>\n<meta property=\"og:title\" content=\"Fiscal\u00eda General de la Naci\u00f3n\" \/>\n<meta property=\"og:description\" content=\"P\u00e1gina oficial de la Fiscal\u00eda General de la Naci\u00f3n \u2013 Colombia. Garantizamos el acceso efectivo a la justicia, la verdad y la reparaci\u00f3n de las v\u00edctimas de los delitos.\" \/>\n<meta property=\"og:url\" content=\"https:\/\/www.fiscalia.gov.co\/colombia\/noticias\/a-la-carcel-tres-hermanos-quienes-al-parecer-se-dedicaban-al-abigeato-en-atlantico\/\" \/>\n<meta property=\"og:site_name\" content=\"Fiscal\u00eda General de la Naci\u00f3n\" \/>\n<meta property=\"article:publisher\" content=\"https:\/\/www.facebook.com\/FiscaliaCol\" \/>\n<meta property=\"article:published_time\" content=\"2023-08-08T21:57:32+00:00\" \/>\n<meta property=\"og:image\" content=\"https:\/\/www.fiscalia.gov.co\/colombia\/wp-content\/uploads\/Los-hermanos-Roberto-Enrique-Oscar-Guillermo-y-Julio-Alberto-Jimenez-Lara-fueron-enviados-a-prision-como-presuntos-responsables-ed-abigeato-agravado-1024x576.jpeg\" \/>\n<meta name=\"author\" content=\"Jordan Leandro Oviedo Anzola\" \/>\n<meta name=\"twitter:card\" content=\"summary_large_image\" \/>\n<meta name=\"twitter:creator\" content=\"@FiscaliaCol\" \/>\n<meta name=\"twitter:site\" content=\"@FiscaliaCol\" \/>\n<meta name=\"twitter:label1\" content=\"Escrito por\" \/>\n\t<meta name=\"twitter:data1\" content=\"Jordan Leandro Oviedo Anzola\" \/>\n\t<meta name=\"twitter:label2\" content=\"Tiempo de lectura\" \/>\n\t<meta name=\"twitter:data2\" content=\"2 minutos\" \/>\n<script type=\"application\/ld+json\" class=\"yoast-schema-graph\">{\"@context\":\"https:\/\/schema.org\",\"@graph\":[{\"@type\":\"Article\",\"@id\":\"https:\/\/www.fiscalia.gov.co\/colombia\/noticias\/a-la-carcel-tres-hermanos-quienes-al-parecer-se-dedicaban-al-abigeato-en-atlantico\/#article\",\"isPartOf\":{\"@id\":\"https:\/\/www.fiscalia.gov.co\/colombia\/noticias\/a-la-carcel-tres-hermanos-quienes-al-parecer-se-dedicaban-al-abigeato-en-atlantico\/\"},\"author\":{\"name\":\"Jordan Leandro Oviedo Anzola\",\"@id\":\"https:\/\/www.fiscalia.gov.co\/colombia\/#\/schema\/person\/bf84402cf293a5393e9c70b111020b24\"},\"headline\":\"A la c\u00e1rcel tres hermanos quienes, al parecer, se dedicaban al abigeato en Atl\u00e1ntico\",\"datePublished\":\"2023-08-08T21:57:32+00:00\",\"dateModified\":\"2023-08-08T21:57:32+00:00\",\"mainEntityOfPage\":{\"@id\":\"https:\/\/www.fiscalia.gov.co\/colombia\/noticias\/a-la-carcel-tres-hermanos-quienes-al-parecer-se-dedicaban-al-abigeato-en-atlantico\/\"},\"wordCount\":320,\"publisher\":{\"@id\":\"https:\/\/www.fiscalia.gov.co\/colombia\/#organization\"},\"image\":{\"@id\":\"https:\/\/www.fiscalia.gov.co\/colombia\/noticias\/a-la-carcel-tres-hermanos-quienes-al-parecer-se-dedicaban-al-abigeato-en-atlantico\/#primaryimage\"},\"thumbnailUrl\":\"https:\/\/www.fiscalia.gov.co\/colombia\/wp-content\/uploads\/Los-hermanos-Roberto-Enrique-Oscar-Guillermo-y-Julio-Alberto-Jimenez-Lara-fueron-enviados-a-prision-como-presuntos-responsables-ed-abigeato-agravado-1024x576.jpeg\",\"keywords\":[\"abigeato agravado\",\"Barranquilla (Atl\u00e1ntico)\",\"Campo de la Cruz.\",\"cargos no aceptados\",\"\u00d3scar Guillermo y Julio Alberto Jim\u00e9nez Lara.\",\"Roberto Enrique\",\"Seccional Atl\u00e1ntico\"],\"articleSection\":[\"Noticias\",\"Seccional Barranquilla\",\"Seccionales\",\"Seguridad territorial\"],\"inLanguage\":\"es-CO\"},{\"@type\":\"WebPage\",\"@id\":\"https:\/\/www.fiscalia.gov.co\/colombia\/noticias\/a-la-carcel-tres-hermanos-quienes-al-parecer-se-dedicaban-al-abigeato-en-atlantico\/\",\"url\":\"https:\/\/www.fiscalia.gov.co\/colombia\/noticias\/a-la-carcel-tres-hermanos-quienes-al-parecer-se-dedicaban-al-abigeato-en-atlantico\/\",\"name\":\"Fiscal\u00eda General de la Naci\u00f3n\",\"isPartOf\":{\"@id\":\"https:\/\/www.fiscalia.gov.co\/colombia\/#website\"},\"primaryImageOfPage\":{\"@id\":\"https:\/\/www.fiscalia.gov.co\/colombia\/noticias\/a-la-carcel-tres-hermanos-quienes-al-parecer-se-dedicaban-al-abigeato-en-atlantico\/#primaryimage\"},\"image\":{\"@id\":\"https:\/\/www.fiscalia.gov.co\/colombia\/noticias\/a-la-carcel-tres-hermanos-quienes-al-parecer-se-dedicaban-al-abigeato-en-atlantico\/#primaryimage\"},\"thumbnailUrl\":\"https:\/\/www.fiscalia.gov.co\/colombia\/wp-content\/uploads\/Los-hermanos-Roberto-Enrique-Oscar-Guillermo-y-Julio-Alberto-Jimenez-Lara-fueron-enviados-a-prision-como-presuntos-responsables-ed-abigeato-agravado-1024x576.jpeg\",\"datePublished\":\"2023-08-08T21:57:32+00:00\",\"dateModified\":\"2023-08-08T21:57:32+00:00\",\"description\":\"P\u00e1gina oficial de la Fiscal\u00eda General de la Naci\u00f3n \u2013 Colombia. Garantizamos el acceso efectivo a la justicia, la verdad y la reparaci\u00f3n de las v\u00edctimas de los delitos.\",\"breadcrumb\":{\"@id\":\"https:\/\/www.fiscalia.gov.co\/colombia\/noticias\/a-la-carcel-tres-hermanos-quienes-al-parecer-se-dedicaban-al-abigeato-en-atlantico\/#breadcrumb\"},\"inLanguage\":\"es-CO\",\"potentialAction\":[{\"@type\":\"ReadAction\",\"target\":[\"https:\/\/www.fiscalia.gov.co\/colombia\/noticias\/a-la-carcel-tres-hermanos-quienes-al-parecer-se-dedicaban-al-abigeato-en-atlantico\/\"]}]},{\"@type\":\"ImageObject\",\"inLanguage\":\"es-CO\",\"@id\":\"https:\/\/www.fiscalia.gov.co\/colombia\/noticias\/a-la-carcel-tres-hermanos-quienes-al-parecer-se-dedicaban-al-abigeato-en-atlantico\/#primaryimage\",\"url\":\"https:\/\/www.fiscalia.gov.co\/colombia\/wp-content\/uploads\/Los-hermanos-Roberto-Enrique-Oscar-Guillermo-y-Julio-Alberto-Jimenez-Lara-fueron-enviados-a-prision-como-presuntos-responsables-ed-abigeato-agravado-1024x576.jpeg\",\"contentUrl\":\"https:\/\/www.fiscalia.gov.co\/colombia\/wp-content\/uploads\/Los-hermanos-Roberto-Enrique-Oscar-Guillermo-y-Julio-Alberto-Jimenez-Lara-fueron-enviados-a-prision-como-presuntos-responsables-ed-abigeato-agravado-1024x576.jpeg\"},{\"@type\":\"BreadcrumbList\",\"@id\":\"https:\/\/www.fiscalia.gov.co\/colombia\/noticias\/a-la-carcel-tres-hermanos-quienes-al-parecer-se-dedicaban-al-abigeato-en-atlantico\/#breadcrumb\",\"itemListElement\":[{\"@type\":\"ListItem\",\"position\":1,\"name\":\"Home\",\"item\":\"https:\/\/www.fiscalia.gov.co\/colombia\/\"},{\"@type\":\"ListItem\",\"position\":2,\"name\":\"A la c\u00e1rcel tres hermanos quienes, al parecer, se dedicaban al abigeato en Atl\u00e1ntico\"}]},{\"@type\":\"WebSite\",\"@id\":\"https:\/\/www.fiscalia.gov.co\/colombia\/#website\",\"url\":\"https:\/\/www.fiscalia.gov.co\/colombia\/\",\"name\":\"Fiscal\u00eda General de la Naci\u00f3n\",\"description\":\"P\u00e1gina oficial de la Fiscal\u00eda General de la Naci\u00f3n \u2013 Colombia. Garantizamos el acceso efectivo a la justicia, la verdad y la reparaci\u00f3n de las v\u00edctimas de los delitos.\",\"publisher\":{\"@id\":\"https:\/\/www.fiscalia.gov.co\/colombia\/#organization\"},\"potentialAction\":[{\"@type\":\"SearchAction\",\"target\":{\"@type\":\"EntryPoint\",\"urlTemplate\":\"https:\/\/www.fiscalia.gov.co\/colombia\/?s={search_term_string}\"},\"query-input\":{\"@type\":\"PropertyValueSpecification\",\"valueRequired\":true,\"valueName\":\"search_term_string\"}}],\"inLanguage\":\"es-CO\"},{\"@type\":\"Organization\",\"@id\":\"https:\/\/www.fiscalia.gov.co\/colombia\/#organization\",\"name\":\"Fiscal\u00eda General de la Naci\u00f3n\",\"url\":\"https:\/\/www.fiscalia.gov.co\/colombia\/\",\"logo\":{\"@type\":\"ImageObject\",\"inLanguage\":\"es-CO\",\"@id\":\"https:\/\/www.fiscalia.gov.co\/colombia\/#\/schema\/logo\/image\/\",\"url\":\"https:\/\/www.fiscalia.gov.co\/colombia\/wp-content\/uploads\/LogoHorizontal_1.jpg\",\"contentUrl\":\"https:\/\/www.fiscalia.gov.co\/colombia\/wp-content\/uploads\/LogoHorizontal_1.jpg\",\"width\":300,\"height\":90,\"caption\":\"Fiscal\u00eda General de la Naci\u00f3n\"},\"image\":{\"@id\":\"https:\/\/www.fiscalia.gov.co\/colombia\/#\/schema\/logo\/image\/\"},\"sameAs\":[\"https:\/\/www.facebook.com\/FiscaliaCol\",\"https:\/\/x.com\/FiscaliaCol\",\"https:\/\/www.instagram.com\/fiscaliacol\",\"https:\/\/www.linkedin.com\/company\/fiscalia-general-de-la-naci-n\/\",\"https:\/\/youtube.com\/@fiscaliageneraldelanacion-4668?si=6nN79nyQICPU5iTh\"]},{\"@type\":\"Person\",\"@id\":\"https:\/\/www.fiscalia.gov.co\/colombia\/#\/schema\/person\/bf84402cf293a5393e9c70b111020b24\",\"name\":\"Jordan Leandro Oviedo Anzola\",\"image\":{\"@type\":\"ImageObject\",\"inLanguage\":\"es-CO\",\"@id\":\"https:\/\/www.fiscalia.gov.co\/colombia\/#\/schema\/person\/image\/\",\"url\":\"https:\/\/secure.gravatar.com\/avatar\/dabba4346fa9b9207d96adafa8f92721?s=96&d=mm&r=g\",\"contentUrl\":\"https:\/\/secure.gravatar.com\/avatar\/dabba4346fa9b9207d96adafa8f92721?s=96&d=mm&r=g\",\"caption\":\"Jordan Leandro Oviedo Anzola\"},\"url\":\"https:\/\/www.fiscalia.gov.co\/colombia\/author\/joviedo\/\"}]}<\/script>\n<!-- \/ Yoast SEO plugin. -->","yoast_head_json":{"title":"Fiscal\u00eda General de la Naci\u00f3n","description":"P\u00e1gina oficial de la Fiscal\u00eda General de la Naci\u00f3n \u2013 Colombia. Garantizamos el acceso efectivo a la justicia, la verdad y la reparaci\u00f3n de las v\u00edctimas de los delitos.","robots":{"index":"noindex","follow":"follow"},"og_locale":"es_ES","og_type":"article","og_title":"Fiscal\u00eda General de la Naci\u00f3n","og_description":"P\u00e1gina oficial de la Fiscal\u00eda General de la Naci\u00f3n \u2013 Colombia. Garantizamos el acceso efectivo a la justicia, la verdad y la reparaci\u00f3n de las v\u00edctimas de los delitos.","og_url":"https:\/\/www.fiscalia.gov.co\/colombia\/noticias\/a-la-carcel-tres-hermanos-quienes-al-parecer-se-dedicaban-al-abigeato-en-atlantico\/","og_site_name":"Fiscal\u00eda General de la Naci\u00f3n","article_publisher":"https:\/\/www.facebook.com\/FiscaliaCol","article_published_time":"2023-08-08T21:57:32+00:00","og_image":[{"url":"https:\/\/www.fiscalia.gov.co\/colombia\/wp-content\/uploads\/Los-hermanos-Roberto-Enrique-Oscar-Guillermo-y-Julio-Alberto-Jimenez-Lara-fueron-enviados-a-prision-como-presuntos-responsables-ed-abigeato-agravado-1024x576.jpeg","type":"","width":"","height":""}],"author":"Jordan Leandro Oviedo Anzola","twitter_card":"summary_large_image","twitter_creator":"@FiscaliaCol","twitter_site":"@FiscaliaCol","twitter_misc":{"Escrito por":"Jordan Leandro Oviedo Anzola","Tiempo de lectura":"2 minutos"},"schema":{"@context":"https:\/\/schema.org","@graph":[{"@type":"Article","@id":"https:\/\/www.fiscalia.gov.co\/colombia\/noticias\/a-la-carcel-tres-hermanos-quienes-al-parecer-se-dedicaban-al-abigeato-en-atlantico\/#article","isPartOf":{"@id":"https:\/\/www.fiscalia.gov.co\/colombia\/noticias\/a-la-carcel-tres-hermanos-quienes-al-parecer-se-dedicaban-al-abigeato-en-atlantico\/"},"author":{"name":"Jordan Leandro Oviedo Anzola","@id":"https:\/\/www.fiscalia.gov.co\/colombia\/#\/schema\/person\/bf84402cf293a5393e9c70b111020b24"},"headline":"A la c\u00e1rcel tres hermanos quienes, al parecer, se dedicaban al abigeato en Atl\u00e1ntico","datePublished":"2023-08-08T21:57:32+00:00","dateModified":"2023-08-08T21:57:32+00:00","mainEntityOfPage":{"@id":"https:\/\/www.fiscalia.gov.co\/colombia\/noticias\/a-la-carcel-tres-hermanos-quienes-al-parecer-se-dedicaban-al-abigeato-en-atlantico\/"},"wordCount":320,"publisher":{"@id":"https:\/\/www.fiscalia.gov.co\/colombia\/#organization"},"image":{"@id":"https:\/\/www.fiscalia.gov.co\/colombia\/noticias\/a-la-carcel-tres-hermanos-quienes-al-parecer-se-dedicaban-al-abigeato-en-atlantico\/#primaryimage"},"thumbnailUrl":"https:\/\/www.fiscalia.gov.co\/colombia\/wp-content\/uploads\/Los-hermanos-Roberto-Enrique-Oscar-Guillermo-y-Julio-Alberto-Jimenez-Lara-fueron-enviados-a-prision-como-presuntos-responsables-ed-abigeato-agravado-1024x576.jpeg","keywords":["abigeato agravado","Barranquilla (Atl\u00e1ntico)","Campo de la Cruz.","cargos no aceptados","\u00d3scar Guillermo y Julio Alberto Jim\u00e9nez Lara.","Roberto Enrique","Seccional Atl\u00e1ntico"],"articleSection":["Noticias","Seccional Barranquilla","Seccionales","Seguridad territorial"],"inLanguage":"es-CO"},{"@type":"WebPage","@id":"https:\/\/www.fiscalia.gov.co\/colombia\/noticias\/a-la-carcel-tres-hermanos-quienes-al-parecer-se-dedicaban-al-abigeato-en-atlantico\/","url":"https:\/\/www.fiscalia.gov.co\/colombia\/noticias\/a-la-carcel-tres-hermanos-quienes-al-parecer-se-dedicaban-al-abigeato-en-atlantico\/","name":"Fiscal\u00eda General de la Naci\u00f3n","isPartOf":{"@id":"https:\/\/www.fiscalia.gov.co\/colombia\/#website"},"primaryImageOfPage":{"@id":"https:\/\/www.fiscalia.gov.co\/colombia\/noticias\/a-la-carcel-tres-hermanos-quienes-al-parecer-se-dedicaban-al-abigeato-en-atlantico\/#primaryimage"},"image":{"@id":"https:\/\/www.fiscalia.gov.co\/colombia\/noticias\/a-la-carcel-tres-hermanos-quienes-al-parecer-se-dedicaban-al-abigeato-en-atlantico\/#primaryimage"},"thumbnailUrl":"https:\/\/www.fiscalia.gov.co\/colombia\/wp-content\/uploads\/Los-hermanos-Roberto-Enrique-Oscar-Guillermo-y-Julio-Alberto-Jimenez-Lara-fueron-enviados-a-prision-como-presuntos-responsables-ed-abigeato-agravado-1024x576.jpeg","datePublished":"2023-08-08T21:57:32+00:00","dateModified":"2023-08-08T21:57:32+00:00","description":"P\u00e1gina oficial de la Fiscal\u00eda General de la Naci\u00f3n \u2013 Colombia. Garantizamos el acceso efectivo a la justicia, la verdad y la reparaci\u00f3n de las v\u00edctimas de los delitos.","breadcrumb":{"@id":"https:\/\/www.fiscalia.gov.co\/colombia\/noticias\/a-la-carcel-tres-hermanos-quienes-al-parecer-se-dedicaban-al-abigeato-en-atlantico\/#breadcrumb"},"inLanguage":"es-CO","potentialAction":[{"@type":"ReadAction","target":["https:\/\/www.fiscalia.gov.co\/colombia\/noticias\/a-la-carcel-tres-hermanos-quienes-al-parecer-se-dedicaban-al-abigeato-en-atlantico\/"]}]},{"@type":"ImageObject","inLanguage":"es-CO","@id":"https:\/\/www.fiscalia.gov.co\/colombia\/noticias\/a-la-carcel-tres-hermanos-quienes-al-parecer-se-dedicaban-al-abigeato-en-atlantico\/#primaryimage","url":"https:\/\/www.fiscalia.gov.co\/colombia\/wp-content\/uploads\/Los-hermanos-Roberto-Enrique-Oscar-Guillermo-y-Julio-Alberto-Jimenez-Lara-fueron-enviados-a-prision-como-presuntos-responsables-ed-abigeato-agravado-1024x576.jpeg","contentUrl":"https:\/\/www.fiscalia.gov.co\/colombia\/wp-content\/uploads\/Los-hermanos-Roberto-Enrique-Oscar-Guillermo-y-Julio-Alberto-Jimenez-Lara-fueron-enviados-a-prision-como-presuntos-responsables-ed-abigeato-agravado-1024x576.jpeg"},{"@type":"BreadcrumbList","@id":"https:\/\/www.fiscalia.gov.co\/colombia\/noticias\/a-la-carcel-tres-hermanos-quienes-al-parecer-se-dedicaban-al-abigeato-en-atlantico\/#breadcrumb","itemListElement":[{"@type":"ListItem","position":1,"name":"Home","item":"https:\/\/www.fiscalia.gov.co\/colombia\/"},{"@type":"ListItem","position":2,"name":"A la c\u00e1rcel tres hermanos quienes, al parecer, se dedicaban al abigeato en Atl\u00e1ntico"}]},{"@type":"WebSite","@id":"https:\/\/www.fiscalia.gov.co\/colombia\/#website","url":"https:\/\/www.fiscalia.gov.co\/colombia\/","name":"Fiscal\u00eda General de la Naci\u00f3n","description":"P\u00e1gina oficial de la Fiscal\u00eda General de la Naci\u00f3n \u2013 Colombia. Garantizamos el acceso efectivo a la justicia, la verdad y la reparaci\u00f3n de las v\u00edctimas de los delitos.","publisher":{"@id":"https:\/\/www.fiscalia.gov.co\/colombia\/#organization"},"potentialAction":[{"@type":"SearchAction","target":{"@type":"EntryPoint","urlTemplate":"https:\/\/www.fiscalia.gov.co\/colombia\/?s={search_term_string}"},"query-input":{"@type":"PropertyValueSpecification","valueRequired":true,"valueName":"search_term_string"}}],"inLanguage":"es-CO"},{"@type":"Organization","@id":"https:\/\/www.fiscalia.gov.co\/colombia\/#organization","name":"Fiscal\u00eda General de la Naci\u00f3n","url":"https:\/\/www.fiscalia.gov.co\/colombia\/","logo":{"@type":"ImageObject","inLanguage":"es-CO","@id":"https:\/\/www.fiscalia.gov.co\/colombia\/#\/schema\/logo\/image\/","url":"https:\/\/www.fiscalia.gov.co\/colombia\/wp-content\/uploads\/LogoHorizontal_1.jpg","contentUrl":"https:\/\/www.fiscalia.gov.co\/colombia\/wp-content\/uploads\/LogoHorizontal_1.jpg","width":300,"height":90,"caption":"Fiscal\u00eda General de la Naci\u00f3n"},"image":{"@id":"https:\/\/www.fiscalia.gov.co\/colombia\/#\/schema\/logo\/image\/"},"sameAs":["https:\/\/www.facebook.com\/FiscaliaCol","https:\/\/x.com\/FiscaliaCol","https:\/\/www.instagram.com\/fiscaliacol","https:\/\/www.linkedin.com\/company\/fiscalia-general-de-la-naci-n\/","https:\/\/youtube.com\/@fiscaliageneraldelanacion-4668?si=6nN79nyQICPU5iTh"]},{"@type":"Person","@id":"https:\/\/www.fiscalia.gov.co\/colombia\/#\/schema\/person\/bf84402cf293a5393e9c70b111020b24","name":"Jordan Leandro Oviedo Anzola","image":{"@type":"ImageObject","inLanguage":"es-CO","@id":"https:\/\/www.fiscalia.gov.co\/colombia\/#\/schema\/person\/image\/","url":"https:\/\/secure.gravatar.com\/avatar\/dabba4346fa9b9207d96adafa8f92721?s=96&d=mm&r=g","contentUrl":"https:\/\/secure.gravatar.com\/avatar\/dabba4346fa9b9207d96adafa8f92721?s=96&d=mm&r=g","caption":"Jordan Leandro Oviedo Anzola"},"url":"https:\/\/www.fiscalia.gov.co\/colombia\/author\/joviedo\/"}]}},"_links":{"self":[{"href":"https:\/\/www.fiscalia.gov.co\/colombia\/wp-json\/wp\/v2\/posts\/276447","targetHints":{"allow":["GET"]}}],"collection":[{"href":"https:\/\/www.fiscalia.gov.co\/colombia\/wp-json\/wp\/v2\/posts"}],"about":[{"href":"https:\/\/www.fiscalia.gov.co\/colombia\/wp-json\/wp\/v2\/types\/post"}],"author":[{"embeddable":true,"href":"https:\/\/www.fiscalia.gov.co\/colombia\/wp-json\/wp\/v2\/users\/177"}],"replies":[{"embeddable":true,"href":"https:\/\/www.fiscalia.gov.co\/colombia\/wp-json\/wp\/v2\/comments?post=276447"}],"version-history":[{"count":1,"href":"https:\/\/www.fiscalia.gov.co\/colombia\/wp-json\/wp\/v2\/posts\/276447\/revisions"}],"predecessor-version":[{"id":276449,"href":"https:\/\/www.fiscalia.gov.co\/colombia\/wp-json\/wp\/v2\/posts\/276447\/revisions\/276449"}],"wp:attachment":[{"href":"https:\/\/www.fiscalia.gov.co\/colombia\/wp-json\/wp\/v2\/media?parent=276447"}],"wp:term":[{"taxonomy":"category","embeddable":true,"href":"https:\/\/www.fiscalia.gov.co\/colombia\/wp-json\/wp\/v2\/categories?post=276447"},{"taxonomy":"post_tag","embeddable":true,"href":"https:\/\/www.fiscalia.gov.co\/colombia\/wp-json\/wp\/v2\/tags?post=276447"}],"curies":[{"name":"wp","href":"https:\/\/api.w.org\/{rel}","templated":true}]}}