{"id":276229,"date":"2023-08-03T11:31:43","date_gmt":"2023-08-03T16:31:43","guid":{"rendered":"https:\/\/www.fiscalia.gov.co\/colombia\/?p=276229"},"modified":"2023-08-03T11:31:43","modified_gmt":"2023-08-03T16:31:43","slug":"revocan-detencion-domiciliaria-y-envian-a-la-carcel-a-vigilante-de-colegio-del-libano-tolima-investigado-por-actos-sexuales-contra-6-estudiantes","status":"publish","type":"post","link":"https:\/\/www.fiscalia.gov.co\/colombia\/noticias\/revocan-detencion-domiciliaria-y-envian-a-la-carcel-a-vigilante-de-colegio-del-libano-tolima-investigado-por-actos-sexuales-contra-6-estudiantes\/","title":{"rendered":"Revocan detenci\u00f3n  domiciliaria y env\u00edan a la c\u00e1rcel a vigilante de colegio del L\u00edbano (Tolima) investigado por actos sexuales contra 6 estudiantes"},"content":{"rendered":"<p><span lang=\"ES\">El Juzgado Penal del Circuito de L\u00e9rida (Tolima) revoc\u00f3 la medida de aseguramiento domiciliaria impuesta por un juzgado del L\u00edbano a Hern\u00e1n Guillermo Usma Arboleda, y le impuso medida de aseguramiento en establecimiento de reclusi\u00f3n\u00a0 por los delitos de demanda de explotaci\u00f3n sexual comercial de persona menor de 18 a\u00f1os y actos sexuales con menor de 14 a\u00f1os.\u00a0<\/span><\/p>\n<p><span lang=\"ES\">Los hechos investigados ocurrieron, al parecer,\u00a0 entre los a\u00f1os 2017, 2018 y marzo de 2023 en un colegio del L\u00edbano (Tolima),\u00a0donde el procesado laboraba como vigilante.\u00a0\u00a0Las labores de polic\u00eda judicial evidenciaron que el hombre le habr\u00eda realizado tocamientos de car\u00e1cter sexual a 6 alumnas con edades que oscilaban entre los 11 y 18 a\u00f1os.\u00a0<\/span><\/p>\n<figure id=\"attachment_276230\" aria-describedby=\"caption-attachment-276230\" style=\"width: 222px\" class=\"wp-caption alignleft\"><img loading=\"lazy\" decoding=\"async\" class=\"size-medium wp-image-276230\" src=\"https:\/\/www.fiscalia.gov.co\/colombia\/wp-content\/uploads\/vigilante-abusador-colegio-libano-tolima-311x420-1-222x300.jpeg\" alt=\"En la imagen se ve una persona detenida bajo custodia de un investigador del CTI y un integrante de la Polic\u00eda Nacional. Detr\u00e1s suyo un backing del CTI. \" width=\"222\" height=\"300\" srcset=\"https:\/\/www.fiscalia.gov.co\/colombia\/wp-content\/uploads\/vigilante-abusador-colegio-libano-tolima-311x420-1-222x300.jpeg 222w, https:\/\/www.fiscalia.gov.co\/colombia\/wp-content\/uploads\/vigilante-abusador-colegio-libano-tolima-311x420-1.jpeg 311w\" sizes=\"auto, (max-width: 222px) 100vw, 222px\" \/><figcaption id=\"caption-attachment-276230\" class=\"wp-caption-text\">La Fiscal\u00eda logr\u00f3 que al hombre le fuera revocada la medida domiciliaria y fue enviado a la c\u00e1rcel de manera preventiva.<\/figcaption><\/figure>\n<p>La Fiscal\u00eda determin\u00f3 que el investigado habr\u00eda acosado a las v\u00edctimas para que sostuvieran relaciones sexuales a cambio de dinero, celulares, tabletas y otros elementos que, seg\u00fan \u00e9l, sus padres no estaban en condiciones econ\u00f3micas de\u00a0 ofrecerles.<\/p>\n<p>La medida domiciliaria fue proferida el mes pasado por un juez de control de garant\u00edas del municipio donde ocurrieron los hechos.\u00a0<span lang=\"ES\">\u00a0<\/span><\/p>\n<p><span lang=\"ES\">La Fiscal\u00eda apel\u00f3 la decisi\u00f3n inicial por considerar que no se ajustaba a la ley, debido a que las presuntas conductas delictivas se habr\u00edan cometido\u00a0 por una persona que se aprovech\u00f3 de su posici\u00f3n y de la confianza depositada en \u00e9l por parte de las ni\u00f1as, para vulnerar su integridad f\u00edsica y sexual.\u00a0<\/span>\u00a0<span lang=\"ES\">\u00a0<\/span><\/p>\n<p><span lang=\"ES\">La Fiscal\u00eda logr\u00f3 conexar las noticias criminales que lo involucraban y as\u00ed, solicitar la orden de captura del hombre que se hizo efectiva en un trabajo coordinado entre la Polic\u00eda Nacional y el CTI. <\/span><span lang=\"ES\">\u00a0<\/span><\/p>\n<p><span lang=\"ES\">\u00a0<\/span><span lang=\"ES\">El\u00a0 juez de segunda instancia orden\u00f3 al Inpec trasladar de inmediato al vigilante a la c\u00e1rcel para que cumpla la medida de aseguramiento impuesta. \u00a0<\/span><\/p>\n<p><b><u><span lang=\"ES\">La Fiscal\u00eda habla con resultados.<\/span><\/u><\/b><span lang=\"ES\">\u00a0<\/span><\/p>\n<p>&nbsp;<\/p>\n<p>&nbsp;<\/p>\n<p><span lang=\"ES\">\u00a0<\/span><\/p>\n<p><span lang=\"ES\">\u00a0<\/span><\/p>\n<p><span lang=\"ES\">PAAM\/LFM\/LMMS\/AMBV\/DST<\/span><\/p>\n<p><span lang=\"ES\">\u00a0<\/span><\/p>\n<p><span lang=\"ES\">\u00a0<\/span><\/p>\n<p align=\"center\">\n<p><span lang=\"ES-TRAD\">\u00a0<\/span><\/p>\n<p>&nbsp;<\/p>\n<p><b><em>La informaci\u00f3n contenida en este bolet\u00edn de prensa corresponde a la narraci\u00f3n de los hechos noticiosos objetivos, y las investigaciones penales al interior de la Fiscal\u00eda General de la Naci\u00f3n. Para el momento de la divulgaci\u00f3n de este comunicado, la situaci\u00f3n jur\u00eddica de la(s) persona(s) relacionada(s) se encuentra pendiente de resolver por la autoridad judicial competente, siempre bajo los preceptos de la presunci\u00f3n de inocencia, consagrados en el art\u00edculo 29 de la Constituci\u00f3n Pol\u00edtica y el art\u00edculo 7\u00ba de la Ley 906 de 2004.<\/em><\/b><\/p>\n\n<div class=\"twitter-share\"><a href=\"https:\/\/twitter.com\/intent\/tweet?via=fiscaliacol\" class=\"twitter-share-button\">Tweet<\/a><\/div>\n","protected":false},"excerpt":{"rendered":"<p>El Juzgado Penal del Circuito de L\u00e9rida (Tolima) revoc\u00f3 la medida de aseguramiento domiciliaria impuesta por un juzgado del L\u00edbano a Hern\u00e1n Guillermo Usma Arboleda, y le impuso medida de aseguramiento en establecimiento de reclusi\u00f3n\u00a0 por los delitos de demanda de explotaci\u00f3n sexual comercial de persona menor de 18 a\u00f1os y actos sexuales con menor [&hellip;]<\/p>\n","protected":false},"author":178,"featured_media":0,"comment_status":"closed","ping_status":"open","sticky":false,"template":"","format":"standard","meta":{"_price":"","_stock":"","_tribe_ticket_header":"","_tribe_default_ticket_provider":"","_tribe_ticket_capacity":"0","_ticket_start_date":"","_ticket_end_date":"","_tribe_ticket_show_description":"","_tribe_ticket_show_not_going":false,"_tribe_ticket_use_global_stock":"","_tribe_ticket_global_stock_level":"","_global_stock_mode":"","_global_stock_cap":"","_tribe_rsvp_for_event":"","_tribe_ticket_going_count":"","_tribe_ticket_not_going_count":"","_tribe_tickets_list":"[]","_tribe_ticket_has_attendee_info_fields":false,"tdm_status":"","tdm_grid_status":"","footnotes":""},"categories":[1,24127],"tags":[12642,14550,12848,45,35035,12504,30205,1047,25689,24626,32292,1628,35297,12189,19926,1176,2299],"class_list":{"0":"post-276229","1":"post","2":"type-post","3":"status-publish","4":"format-standard","6":"category-noticias","7":"category-violencia-sexual-e-intrafamiliar","8":"tag-actos-sexuales-con-menor-de-14-anos","9":"tag-carcel","10":"tag-colegio","11":"tag-cti","12":"tag-demanda-de-explotacion-sexual-comercial-con-persona-de-18-anos","13":"tag-estudiantes","14":"tag-fiscal-seccional","15":"tag-fiscalia-general-de-la-nacion","16":"tag-intimidacion","17":"tag-libano","18":"tag-libano-tolima","19":"tag-menores-de-edad","20":"tag-revocatoria-de-medida","21":"tag-tolima","22":"tag-vigilante","23":"tag-violencia-de-genero","24":"tag-violencia-sexual"},"yoast_head":"<!-- This site is optimized with the Yoast SEO plugin v24.3 - https:\/\/yoast.com\/wordpress\/plugins\/seo\/ -->\n<title>Fiscal\u00eda General de la Naci\u00f3n<\/title>\n<meta name=\"description\" content=\"P\u00e1gina oficial de la Fiscal\u00eda General de la Naci\u00f3n \u2013 Colombia. Garantizamos el acceso efectivo a la justicia, la verdad y la reparaci\u00f3n de las v\u00edctimas de los delitos.\" \/>\n<meta name=\"robots\" content=\"noindex, follow\" \/>\n<meta property=\"og:locale\" content=\"es_ES\" \/>\n<meta property=\"og:type\" content=\"article\" \/>\n<meta property=\"og:title\" content=\"Fiscal\u00eda General de la Naci\u00f3n\" \/>\n<meta property=\"og:description\" content=\"P\u00e1gina oficial de la Fiscal\u00eda General de la Naci\u00f3n \u2013 Colombia. Garantizamos el acceso efectivo a la justicia, la verdad y la reparaci\u00f3n de las v\u00edctimas de los delitos.\" \/>\n<meta property=\"og:url\" content=\"https:\/\/www.fiscalia.gov.co\/colombia\/noticias\/revocan-detencion-domiciliaria-y-envian-a-la-carcel-a-vigilante-de-colegio-del-libano-tolima-investigado-por-actos-sexuales-contra-6-estudiantes\/\" \/>\n<meta property=\"og:site_name\" content=\"Fiscal\u00eda General de la Naci\u00f3n\" \/>\n<meta property=\"article:publisher\" content=\"https:\/\/www.facebook.com\/FiscaliaCol\" \/>\n<meta property=\"article:published_time\" content=\"2023-08-03T16:31:43+00:00\" \/>\n<meta property=\"og:image\" content=\"https:\/\/www.fiscalia.gov.co\/colombia\/wp-content\/uploads\/vigilante-abusador-colegio-libano-tolima-311x420-1-222x300.jpeg\" \/>\n<meta name=\"author\" content=\"Winnie Geraldine Rodr\u00edguez Navarrete\" \/>\n<meta name=\"twitter:card\" content=\"summary_large_image\" \/>\n<meta name=\"twitter:creator\" content=\"@FiscaliaCol\" \/>\n<meta name=\"twitter:site\" content=\"@FiscaliaCol\" \/>\n<meta name=\"twitter:label1\" content=\"Escrito por\" \/>\n\t<meta name=\"twitter:data1\" content=\"Winnie Geraldine Rodr\u00edguez Navarrete\" \/>\n\t<meta name=\"twitter:label2\" content=\"Tiempo de lectura\" \/>\n\t<meta name=\"twitter:data2\" content=\"3 minutos\" \/>\n<script type=\"application\/ld+json\" class=\"yoast-schema-graph\">{\"@context\":\"https:\/\/schema.org\",\"@graph\":[{\"@type\":\"Article\",\"@id\":\"https:\/\/www.fiscalia.gov.co\/colombia\/noticias\/revocan-detencion-domiciliaria-y-envian-a-la-carcel-a-vigilante-de-colegio-del-libano-tolima-investigado-por-actos-sexuales-contra-6-estudiantes\/#article\",\"isPartOf\":{\"@id\":\"https:\/\/www.fiscalia.gov.co\/colombia\/noticias\/revocan-detencion-domiciliaria-y-envian-a-la-carcel-a-vigilante-de-colegio-del-libano-tolima-investigado-por-actos-sexuales-contra-6-estudiantes\/\"},\"author\":{\"name\":\"Winnie Geraldine Rodr\u00edguez Navarrete\",\"@id\":\"https:\/\/www.fiscalia.gov.co\/colombia\/#\/schema\/person\/176195b99ebab0a52aafa15197e1bf80\"},\"headline\":\"Revocan detenci\u00f3n domiciliaria y env\u00edan a la c\u00e1rcel a vigilante de colegio del L\u00edbano (Tolima) investigado por actos sexuales contra 6 estudiantes\",\"datePublished\":\"2023-08-03T16:31:43+00:00\",\"dateModified\":\"2023-08-03T16:31:43+00:00\",\"mainEntityOfPage\":{\"@id\":\"https:\/\/www.fiscalia.gov.co\/colombia\/noticias\/revocan-detencion-domiciliaria-y-envian-a-la-carcel-a-vigilante-de-colegio-del-libano-tolima-investigado-por-actos-sexuales-contra-6-estudiantes\/\"},\"wordCount\":468,\"publisher\":{\"@id\":\"https:\/\/www.fiscalia.gov.co\/colombia\/#organization\"},\"image\":{\"@id\":\"https:\/\/www.fiscalia.gov.co\/colombia\/noticias\/revocan-detencion-domiciliaria-y-envian-a-la-carcel-a-vigilante-de-colegio-del-libano-tolima-investigado-por-actos-sexuales-contra-6-estudiantes\/#primaryimage\"},\"thumbnailUrl\":\"https:\/\/www.fiscalia.gov.co\/colombia\/wp-content\/uploads\/vigilante-abusador-colegio-libano-tolima-311x420-1-222x300.jpeg\",\"keywords\":[\"actos sexuales con menor de 14 a\u00f1os\",\"C\u00e1rcel\",\"Colegio\",\"CTI\",\"demanda de explotaci\u00f3n sexual comercial con persona de 18 a\u00f1os\",\"Estudiantes\",\"fiscal seccional\",\"Fiscal\u00eda General de la Naci\u00f3n\",\"intimidaci\u00f3n.\",\"L\u00edbano\",\"L\u00edbano (Tolima)\",\"Menores de edad\",\"revocatoria de medida\",\"Tolima\",\"Vigilante\",\"Violencia de g\u00e9nero\",\"Violencia sexual\"],\"articleSection\":[\"Noticias\",\"Violencia sexual e intrafamiliar\"],\"inLanguage\":\"es-CO\"},{\"@type\":\"WebPage\",\"@id\":\"https:\/\/www.fiscalia.gov.co\/colombia\/noticias\/revocan-detencion-domiciliaria-y-envian-a-la-carcel-a-vigilante-de-colegio-del-libano-tolima-investigado-por-actos-sexuales-contra-6-estudiantes\/\",\"url\":\"https:\/\/www.fiscalia.gov.co\/colombia\/noticias\/revocan-detencion-domiciliaria-y-envian-a-la-carcel-a-vigilante-de-colegio-del-libano-tolima-investigado-por-actos-sexuales-contra-6-estudiantes\/\",\"name\":\"Fiscal\u00eda General de la Naci\u00f3n\",\"isPartOf\":{\"@id\":\"https:\/\/www.fiscalia.gov.co\/colombia\/#website\"},\"primaryImageOfPage\":{\"@id\":\"https:\/\/www.fiscalia.gov.co\/colombia\/noticias\/revocan-detencion-domiciliaria-y-envian-a-la-carcel-a-vigilante-de-colegio-del-libano-tolima-investigado-por-actos-sexuales-contra-6-estudiantes\/#primaryimage\"},\"image\":{\"@id\":\"https:\/\/www.fiscalia.gov.co\/colombia\/noticias\/revocan-detencion-domiciliaria-y-envian-a-la-carcel-a-vigilante-de-colegio-del-libano-tolima-investigado-por-actos-sexuales-contra-6-estudiantes\/#primaryimage\"},\"thumbnailUrl\":\"https:\/\/www.fiscalia.gov.co\/colombia\/wp-content\/uploads\/vigilante-abusador-colegio-libano-tolima-311x420-1-222x300.jpeg\",\"datePublished\":\"2023-08-03T16:31:43+00:00\",\"dateModified\":\"2023-08-03T16:31:43+00:00\",\"description\":\"P\u00e1gina oficial de la Fiscal\u00eda General de la Naci\u00f3n \u2013 Colombia. Garantizamos el acceso efectivo a la justicia, la verdad y la reparaci\u00f3n de las v\u00edctimas de los delitos.\",\"breadcrumb\":{\"@id\":\"https:\/\/www.fiscalia.gov.co\/colombia\/noticias\/revocan-detencion-domiciliaria-y-envian-a-la-carcel-a-vigilante-de-colegio-del-libano-tolima-investigado-por-actos-sexuales-contra-6-estudiantes\/#breadcrumb\"},\"inLanguage\":\"es-CO\",\"potentialAction\":[{\"@type\":\"ReadAction\",\"target\":[\"https:\/\/www.fiscalia.gov.co\/colombia\/noticias\/revocan-detencion-domiciliaria-y-envian-a-la-carcel-a-vigilante-de-colegio-del-libano-tolima-investigado-por-actos-sexuales-contra-6-estudiantes\/\"]}]},{\"@type\":\"ImageObject\",\"inLanguage\":\"es-CO\",\"@id\":\"https:\/\/www.fiscalia.gov.co\/colombia\/noticias\/revocan-detencion-domiciliaria-y-envian-a-la-carcel-a-vigilante-de-colegio-del-libano-tolima-investigado-por-actos-sexuales-contra-6-estudiantes\/#primaryimage\",\"url\":\"https:\/\/www.fiscalia.gov.co\/colombia\/wp-content\/uploads\/vigilante-abusador-colegio-libano-tolima-311x420-1-222x300.jpeg\",\"contentUrl\":\"https:\/\/www.fiscalia.gov.co\/colombia\/wp-content\/uploads\/vigilante-abusador-colegio-libano-tolima-311x420-1-222x300.jpeg\"},{\"@type\":\"BreadcrumbList\",\"@id\":\"https:\/\/www.fiscalia.gov.co\/colombia\/noticias\/revocan-detencion-domiciliaria-y-envian-a-la-carcel-a-vigilante-de-colegio-del-libano-tolima-investigado-por-actos-sexuales-contra-6-estudiantes\/#breadcrumb\",\"itemListElement\":[{\"@type\":\"ListItem\",\"position\":1,\"name\":\"Home\",\"item\":\"https:\/\/www.fiscalia.gov.co\/colombia\/\"},{\"@type\":\"ListItem\",\"position\":2,\"name\":\"Revocan detenci\u00f3n domiciliaria y env\u00edan a la c\u00e1rcel a vigilante de colegio del L\u00edbano (Tolima) investigado por actos sexuales contra 6 estudiantes\"}]},{\"@type\":\"WebSite\",\"@id\":\"https:\/\/www.fiscalia.gov.co\/colombia\/#website\",\"url\":\"https:\/\/www.fiscalia.gov.co\/colombia\/\",\"name\":\"Fiscal\u00eda General de la Naci\u00f3n\",\"description\":\"P\u00e1gina oficial de la Fiscal\u00eda General de la Naci\u00f3n \u2013 Colombia. Garantizamos el acceso efectivo a la justicia, la verdad y la reparaci\u00f3n de las v\u00edctimas de los delitos.\",\"publisher\":{\"@id\":\"https:\/\/www.fiscalia.gov.co\/colombia\/#organization\"},\"potentialAction\":[{\"@type\":\"SearchAction\",\"target\":{\"@type\":\"EntryPoint\",\"urlTemplate\":\"https:\/\/www.fiscalia.gov.co\/colombia\/?s={search_term_string}\"},\"query-input\":{\"@type\":\"PropertyValueSpecification\",\"valueRequired\":true,\"valueName\":\"search_term_string\"}}],\"inLanguage\":\"es-CO\"},{\"@type\":\"Organization\",\"@id\":\"https:\/\/www.fiscalia.gov.co\/colombia\/#organization\",\"name\":\"Fiscal\u00eda General de la Naci\u00f3n\",\"url\":\"https:\/\/www.fiscalia.gov.co\/colombia\/\",\"logo\":{\"@type\":\"ImageObject\",\"inLanguage\":\"es-CO\",\"@id\":\"https:\/\/www.fiscalia.gov.co\/colombia\/#\/schema\/logo\/image\/\",\"url\":\"https:\/\/www.fiscalia.gov.co\/colombia\/wp-content\/uploads\/LogoHorizontal_1.jpg\",\"contentUrl\":\"https:\/\/www.fiscalia.gov.co\/colombia\/wp-content\/uploads\/LogoHorizontal_1.jpg\",\"width\":300,\"height\":90,\"caption\":\"Fiscal\u00eda General de la Naci\u00f3n\"},\"image\":{\"@id\":\"https:\/\/www.fiscalia.gov.co\/colombia\/#\/schema\/logo\/image\/\"},\"sameAs\":[\"https:\/\/www.facebook.com\/FiscaliaCol\",\"https:\/\/x.com\/FiscaliaCol\",\"https:\/\/www.instagram.com\/fiscaliacol\",\"https:\/\/www.linkedin.com\/company\/fiscalia-general-de-la-naci-n\/\",\"https:\/\/youtube.com\/@fiscaliageneraldelanacion-4668?si=6nN79nyQICPU5iTh\"]},{\"@type\":\"Person\",\"@id\":\"https:\/\/www.fiscalia.gov.co\/colombia\/#\/schema\/person\/176195b99ebab0a52aafa15197e1bf80\",\"name\":\"Winnie Geraldine Rodr\u00edguez Navarrete\",\"image\":{\"@type\":\"ImageObject\",\"inLanguage\":\"es-CO\",\"@id\":\"https:\/\/www.fiscalia.gov.co\/colombia\/#\/schema\/person\/image\/\",\"url\":\"https:\/\/secure.gravatar.com\/avatar\/c24cf8481dc84fa5e8c7b20bc95ab0c6?s=96&d=mm&r=g\",\"contentUrl\":\"https:\/\/secure.gravatar.com\/avatar\/c24cf8481dc84fa5e8c7b20bc95ab0c6?s=96&d=mm&r=g\",\"caption\":\"Winnie Geraldine Rodr\u00edguez Navarrete\"},\"url\":\"https:\/\/www.fiscalia.gov.co\/colombia\/author\/winnierodriguez\/\"}]}<\/script>\n<!-- \/ Yoast SEO plugin. -->","yoast_head_json":{"title":"Fiscal\u00eda General de la Naci\u00f3n","description":"P\u00e1gina oficial de la Fiscal\u00eda General de la Naci\u00f3n \u2013 Colombia. Garantizamos el acceso efectivo a la justicia, la verdad y la reparaci\u00f3n de las v\u00edctimas de los delitos.","robots":{"index":"noindex","follow":"follow"},"og_locale":"es_ES","og_type":"article","og_title":"Fiscal\u00eda General de la Naci\u00f3n","og_description":"P\u00e1gina oficial de la Fiscal\u00eda General de la Naci\u00f3n \u2013 Colombia. Garantizamos el acceso efectivo a la justicia, la verdad y la reparaci\u00f3n de las v\u00edctimas de los delitos.","og_url":"https:\/\/www.fiscalia.gov.co\/colombia\/noticias\/revocan-detencion-domiciliaria-y-envian-a-la-carcel-a-vigilante-de-colegio-del-libano-tolima-investigado-por-actos-sexuales-contra-6-estudiantes\/","og_site_name":"Fiscal\u00eda General de la Naci\u00f3n","article_publisher":"https:\/\/www.facebook.com\/FiscaliaCol","article_published_time":"2023-08-03T16:31:43+00:00","og_image":[{"url":"https:\/\/www.fiscalia.gov.co\/colombia\/wp-content\/uploads\/vigilante-abusador-colegio-libano-tolima-311x420-1-222x300.jpeg","type":"","width":"","height":""}],"author":"Winnie Geraldine Rodr\u00edguez Navarrete","twitter_card":"summary_large_image","twitter_creator":"@FiscaliaCol","twitter_site":"@FiscaliaCol","twitter_misc":{"Escrito por":"Winnie Geraldine Rodr\u00edguez Navarrete","Tiempo de lectura":"3 minutos"},"schema":{"@context":"https:\/\/schema.org","@graph":[{"@type":"Article","@id":"https:\/\/www.fiscalia.gov.co\/colombia\/noticias\/revocan-detencion-domiciliaria-y-envian-a-la-carcel-a-vigilante-de-colegio-del-libano-tolima-investigado-por-actos-sexuales-contra-6-estudiantes\/#article","isPartOf":{"@id":"https:\/\/www.fiscalia.gov.co\/colombia\/noticias\/revocan-detencion-domiciliaria-y-envian-a-la-carcel-a-vigilante-de-colegio-del-libano-tolima-investigado-por-actos-sexuales-contra-6-estudiantes\/"},"author":{"name":"Winnie Geraldine Rodr\u00edguez Navarrete","@id":"https:\/\/www.fiscalia.gov.co\/colombia\/#\/schema\/person\/176195b99ebab0a52aafa15197e1bf80"},"headline":"Revocan detenci\u00f3n domiciliaria y env\u00edan a la c\u00e1rcel a vigilante de colegio del L\u00edbano (Tolima) investigado por actos sexuales contra 6 estudiantes","datePublished":"2023-08-03T16:31:43+00:00","dateModified":"2023-08-03T16:31:43+00:00","mainEntityOfPage":{"@id":"https:\/\/www.fiscalia.gov.co\/colombia\/noticias\/revocan-detencion-domiciliaria-y-envian-a-la-carcel-a-vigilante-de-colegio-del-libano-tolima-investigado-por-actos-sexuales-contra-6-estudiantes\/"},"wordCount":468,"publisher":{"@id":"https:\/\/www.fiscalia.gov.co\/colombia\/#organization"},"image":{"@id":"https:\/\/www.fiscalia.gov.co\/colombia\/noticias\/revocan-detencion-domiciliaria-y-envian-a-la-carcel-a-vigilante-de-colegio-del-libano-tolima-investigado-por-actos-sexuales-contra-6-estudiantes\/#primaryimage"},"thumbnailUrl":"https:\/\/www.fiscalia.gov.co\/colombia\/wp-content\/uploads\/vigilante-abusador-colegio-libano-tolima-311x420-1-222x300.jpeg","keywords":["actos sexuales con menor de 14 a\u00f1os","C\u00e1rcel","Colegio","CTI","demanda de explotaci\u00f3n sexual comercial con persona de 18 a\u00f1os","Estudiantes","fiscal seccional","Fiscal\u00eda General de la Naci\u00f3n","intimidaci\u00f3n.","L\u00edbano","L\u00edbano (Tolima)","Menores de edad","revocatoria de medida","Tolima","Vigilante","Violencia de g\u00e9nero","Violencia sexual"],"articleSection":["Noticias","Violencia sexual e intrafamiliar"],"inLanguage":"es-CO"},{"@type":"WebPage","@id":"https:\/\/www.fiscalia.gov.co\/colombia\/noticias\/revocan-detencion-domiciliaria-y-envian-a-la-carcel-a-vigilante-de-colegio-del-libano-tolima-investigado-por-actos-sexuales-contra-6-estudiantes\/","url":"https:\/\/www.fiscalia.gov.co\/colombia\/noticias\/revocan-detencion-domiciliaria-y-envian-a-la-carcel-a-vigilante-de-colegio-del-libano-tolima-investigado-por-actos-sexuales-contra-6-estudiantes\/","name":"Fiscal\u00eda General de la Naci\u00f3n","isPartOf":{"@id":"https:\/\/www.fiscalia.gov.co\/colombia\/#website"},"primaryImageOfPage":{"@id":"https:\/\/www.fiscalia.gov.co\/colombia\/noticias\/revocan-detencion-domiciliaria-y-envian-a-la-carcel-a-vigilante-de-colegio-del-libano-tolima-investigado-por-actos-sexuales-contra-6-estudiantes\/#primaryimage"},"image":{"@id":"https:\/\/www.fiscalia.gov.co\/colombia\/noticias\/revocan-detencion-domiciliaria-y-envian-a-la-carcel-a-vigilante-de-colegio-del-libano-tolima-investigado-por-actos-sexuales-contra-6-estudiantes\/#primaryimage"},"thumbnailUrl":"https:\/\/www.fiscalia.gov.co\/colombia\/wp-content\/uploads\/vigilante-abusador-colegio-libano-tolima-311x420-1-222x300.jpeg","datePublished":"2023-08-03T16:31:43+00:00","dateModified":"2023-08-03T16:31:43+00:00","description":"P\u00e1gina oficial de la Fiscal\u00eda General de la Naci\u00f3n \u2013 Colombia. Garantizamos el acceso efectivo a la justicia, la verdad y la reparaci\u00f3n de las v\u00edctimas de los delitos.","breadcrumb":{"@id":"https:\/\/www.fiscalia.gov.co\/colombia\/noticias\/revocan-detencion-domiciliaria-y-envian-a-la-carcel-a-vigilante-de-colegio-del-libano-tolima-investigado-por-actos-sexuales-contra-6-estudiantes\/#breadcrumb"},"inLanguage":"es-CO","potentialAction":[{"@type":"ReadAction","target":["https:\/\/www.fiscalia.gov.co\/colombia\/noticias\/revocan-detencion-domiciliaria-y-envian-a-la-carcel-a-vigilante-de-colegio-del-libano-tolima-investigado-por-actos-sexuales-contra-6-estudiantes\/"]}]},{"@type":"ImageObject","inLanguage":"es-CO","@id":"https:\/\/www.fiscalia.gov.co\/colombia\/noticias\/revocan-detencion-domiciliaria-y-envian-a-la-carcel-a-vigilante-de-colegio-del-libano-tolima-investigado-por-actos-sexuales-contra-6-estudiantes\/#primaryimage","url":"https:\/\/www.fiscalia.gov.co\/colombia\/wp-content\/uploads\/vigilante-abusador-colegio-libano-tolima-311x420-1-222x300.jpeg","contentUrl":"https:\/\/www.fiscalia.gov.co\/colombia\/wp-content\/uploads\/vigilante-abusador-colegio-libano-tolima-311x420-1-222x300.jpeg"},{"@type":"BreadcrumbList","@id":"https:\/\/www.fiscalia.gov.co\/colombia\/noticias\/revocan-detencion-domiciliaria-y-envian-a-la-carcel-a-vigilante-de-colegio-del-libano-tolima-investigado-por-actos-sexuales-contra-6-estudiantes\/#breadcrumb","itemListElement":[{"@type":"ListItem","position":1,"name":"Home","item":"https:\/\/www.fiscalia.gov.co\/colombia\/"},{"@type":"ListItem","position":2,"name":"Revocan detenci\u00f3n domiciliaria y env\u00edan a la c\u00e1rcel a vigilante de colegio del L\u00edbano (Tolima) investigado por actos sexuales contra 6 estudiantes"}]},{"@type":"WebSite","@id":"https:\/\/www.fiscalia.gov.co\/colombia\/#website","url":"https:\/\/www.fiscalia.gov.co\/colombia\/","name":"Fiscal\u00eda General de la Naci\u00f3n","description":"P\u00e1gina oficial de la Fiscal\u00eda General de la Naci\u00f3n \u2013 Colombia. Garantizamos el acceso efectivo a la justicia, la verdad y la reparaci\u00f3n de las v\u00edctimas de los delitos.","publisher":{"@id":"https:\/\/www.fiscalia.gov.co\/colombia\/#organization"},"potentialAction":[{"@type":"SearchAction","target":{"@type":"EntryPoint","urlTemplate":"https:\/\/www.fiscalia.gov.co\/colombia\/?s={search_term_string}"},"query-input":{"@type":"PropertyValueSpecification","valueRequired":true,"valueName":"search_term_string"}}],"inLanguage":"es-CO"},{"@type":"Organization","@id":"https:\/\/www.fiscalia.gov.co\/colombia\/#organization","name":"Fiscal\u00eda General de la Naci\u00f3n","url":"https:\/\/www.fiscalia.gov.co\/colombia\/","logo":{"@type":"ImageObject","inLanguage":"es-CO","@id":"https:\/\/www.fiscalia.gov.co\/colombia\/#\/schema\/logo\/image\/","url":"https:\/\/www.fiscalia.gov.co\/colombia\/wp-content\/uploads\/LogoHorizontal_1.jpg","contentUrl":"https:\/\/www.fiscalia.gov.co\/colombia\/wp-content\/uploads\/LogoHorizontal_1.jpg","width":300,"height":90,"caption":"Fiscal\u00eda General de la Naci\u00f3n"},"image":{"@id":"https:\/\/www.fiscalia.gov.co\/colombia\/#\/schema\/logo\/image\/"},"sameAs":["https:\/\/www.facebook.com\/FiscaliaCol","https:\/\/x.com\/FiscaliaCol","https:\/\/www.instagram.com\/fiscaliacol","https:\/\/www.linkedin.com\/company\/fiscalia-general-de-la-naci-n\/","https:\/\/youtube.com\/@fiscaliageneraldelanacion-4668?si=6nN79nyQICPU5iTh"]},{"@type":"Person","@id":"https:\/\/www.fiscalia.gov.co\/colombia\/#\/schema\/person\/176195b99ebab0a52aafa15197e1bf80","name":"Winnie Geraldine Rodr\u00edguez Navarrete","image":{"@type":"ImageObject","inLanguage":"es-CO","@id":"https:\/\/www.fiscalia.gov.co\/colombia\/#\/schema\/person\/image\/","url":"https:\/\/secure.gravatar.com\/avatar\/c24cf8481dc84fa5e8c7b20bc95ab0c6?s=96&d=mm&r=g","contentUrl":"https:\/\/secure.gravatar.com\/avatar\/c24cf8481dc84fa5e8c7b20bc95ab0c6?s=96&d=mm&r=g","caption":"Winnie Geraldine Rodr\u00edguez Navarrete"},"url":"https:\/\/www.fiscalia.gov.co\/colombia\/author\/winnierodriguez\/"}]}},"_links":{"self":[{"href":"https:\/\/www.fiscalia.gov.co\/colombia\/wp-json\/wp\/v2\/posts\/276229","targetHints":{"allow":["GET"]}}],"collection":[{"href":"https:\/\/www.fiscalia.gov.co\/colombia\/wp-json\/wp\/v2\/posts"}],"about":[{"href":"https:\/\/www.fiscalia.gov.co\/colombia\/wp-json\/wp\/v2\/types\/post"}],"author":[{"embeddable":true,"href":"https:\/\/www.fiscalia.gov.co\/colombia\/wp-json\/wp\/v2\/users\/178"}],"replies":[{"embeddable":true,"href":"https:\/\/www.fiscalia.gov.co\/colombia\/wp-json\/wp\/v2\/comments?post=276229"}],"version-history":[{"count":1,"href":"https:\/\/www.fiscalia.gov.co\/colombia\/wp-json\/wp\/v2\/posts\/276229\/revisions"}],"predecessor-version":[{"id":276231,"href":"https:\/\/www.fiscalia.gov.co\/colombia\/wp-json\/wp\/v2\/posts\/276229\/revisions\/276231"}],"wp:attachment":[{"href":"https:\/\/www.fiscalia.gov.co\/colombia\/wp-json\/wp\/v2\/media?parent=276229"}],"wp:term":[{"taxonomy":"category","embeddable":true,"href":"https:\/\/www.fiscalia.gov.co\/colombia\/wp-json\/wp\/v2\/categories?post=276229"},{"taxonomy":"post_tag","embeddable":true,"href":"https:\/\/www.fiscalia.gov.co\/colombia\/wp-json\/wp\/v2\/tags?post=276229"}],"curies":[{"name":"wp","href":"https:\/\/api.w.org\/{rel}","templated":true}]}}