{"id":276099,"date":"2023-08-01T16:27:39","date_gmt":"2023-08-01T21:27:39","guid":{"rendered":"https:\/\/www.fiscalia.gov.co\/colombia\/?p=276099"},"modified":"2023-08-01T16:27:39","modified_gmt":"2023-08-01T21:27:39","slug":"impactada-organizacion-ilegal-dedicada-al-hurto-violento-en-neiva-huila","status":"publish","type":"post","link":"https:\/\/www.fiscalia.gov.co\/colombia\/noticias\/impactada-organizacion-ilegal-dedicada-al-hurto-violento-en-neiva-huila\/","title":{"rendered":"Impactada organizaci\u00f3n ilegal dedicada al hurto violento en Neiva (Huila)"},"content":{"rendered":"<h4><strong><i><span lang=\"ES-TRAD\">Su lugar de injerencia ser\u00edan las comunas 2, 5, 7 y 10 de la capital del Huila. Los 5 imputados se transportaban, presuntamente, en motos \u2018se\u00f1oriteras\u2019. \u00a0<\/span><\/i><\/strong><\/h4>\n<p><span lang=\"ES-TRAD\">Gracias a un trabajo articulado entre la Fiscal\u00eda General dela Naci\u00f3n y la Polic\u00eda Metropolitana de Neiva (Huila) se logr\u00f3 este 29 de julio la captura y judicializaci\u00f3n de cuatro personas, se\u00f1aladas de pertenecer a un grupo de delincuencia organizada denominado Los Pochos, dedicado al hurto violento. \u00a0<\/span><\/p>\n<p><span lang=\"ES-TRAD\">Se trata de Brayan Stebeng Guevara Veru, Maicol Yorbin Buendia Serrano, Jhon Kevyn Veru Buendia, Johan Sebastian Veru Buendia y Marlon Estiven Vasquez Vidal quienes fueron imputados por los delitos de hurto calificado agravado en concurso heterog\u00e9neo y sucesivo con concierto para delinquir. \u00a0<\/span><span lang=\"ES-TRAD\">\u00a0<\/span><\/p>\n<p><span lang=\"ES-TRAD\">De acuerdo con los elementos materiales probatorios obtenidos por la Fiscal\u00eda, los investigados habr\u00edan\u00a0\u00a0participado en cuatro eventos ocurridos entre el segundo semestre del a\u00f1o 2022 y en la vigencia actual, en las comunas 2,6,7 y 10 de Neiva.\u00a0<\/span><span lang=\"ES-TRAD\">\u00a0<\/span><\/p>\n<p><span lang=\"ES-TRAD\">Su modus operandi consistir\u00eda en transportarse en motocicletas tipo \u00b4se\u00f1oriteras\u00b4 y tomar por sorpresa a sus v\u00edctimas en horas donde no hay mayor afluencia de personas y las intimidar\u00edan con arma de fuego tipo rev\u00f3lver, con las cuales les har\u00edan disparos para tratar de doblegarlos y generar terror en ellos.\u00a0\u00a0En algunos casos, las v\u00edctimas fueron agredidas\u00a0\u00a0con arma\u00a0\u00a0blanca. \u00a0<\/span><span lang=\"ES-TRAD\">\u00a0<\/span><\/p>\n<p><span lang=\"ES-TRAD\">Uno de los casos investigados ocurri\u00f3 la noche del 8 de mayo de este a\u00f1o,\u00a0\u00a0\u00a0cuando el afectado se encontraba estacionado abordo de su motocicleta en el barrio Altico en compa\u00f1\u00eda de otra persona, cuando fueron encerrados por\u00a0\u00a0tres motocicletas mientras intentaban salir del lugar.\u00a0<\/span><span lang=\"ES-TRAD\">\u00a0\u00a0<\/span><\/p>\n<figure id=\"attachment_276101\" aria-describedby=\"caption-attachment-276101\" style=\"width: 300px\" class=\"wp-caption aligncenter\"><img loading=\"lazy\" decoding=\"async\" class=\"size-medium wp-image-276101\" src=\"https:\/\/www.fiscalia.gov.co\/colombia\/wp-content\/uploads\/los-pochos-hurto-violento-neiva-300x169.jpeg\" alt=\"en la imagen se ven cuatro personas detenidas bajo custodia de la Polic\u00eda Nacional. Detr\u00e1s suyo un backing alusivo a la instituci\u00f3n. Al frente una mesa con elementos incautados como celulares.\" width=\"300\" height=\"169\" srcset=\"https:\/\/www.fiscalia.gov.co\/colombia\/wp-content\/uploads\/los-pochos-hurto-violento-neiva-300x169.jpeg 300w, https:\/\/www.fiscalia.gov.co\/colombia\/wp-content\/uploads\/los-pochos-hurto-violento-neiva-1024x576.jpeg 1024w, https:\/\/www.fiscalia.gov.co\/colombia\/wp-content\/uploads\/los-pochos-hurto-violento-neiva-768x432.jpeg 768w, https:\/\/www.fiscalia.gov.co\/colombia\/wp-content\/uploads\/los-pochos-hurto-violento-neiva-1536x864.jpeg 1536w, https:\/\/www.fiscalia.gov.co\/colombia\/wp-content\/uploads\/los-pochos-hurto-violento-neiva-696x392.jpeg 696w, https:\/\/www.fiscalia.gov.co\/colombia\/wp-content\/uploads\/los-pochos-hurto-violento-neiva-1068x601.jpeg 1068w, https:\/\/www.fiscalia.gov.co\/colombia\/wp-content\/uploads\/los-pochos-hurto-violento-neiva-747x420.jpeg 747w, https:\/\/www.fiscalia.gov.co\/colombia\/wp-content\/uploads\/los-pochos-hurto-violento-neiva.jpeg 1600w\" sizes=\"auto, (max-width: 300px) 100vw, 300px\" \/><figcaption id=\"caption-attachment-276101\" class=\"wp-caption-text\">Los procesados fueron detenidos por integrantes de la Polic\u00eda de Neiva en los barrios Obrero, Centro y el Vergel.<\/figcaption><\/figure>\n<p><span lang=\"ES-TRAD\">Seg\u00fan relat\u00f3 la v\u00edctima, los presuntos asaltantes se bajaron con navajas mientras los insultaban y les dec\u00edan \u201cno se vayan hacer matar\u201d.\u00a0\u00a0\u00a0El denunciante fue tomado de la camisa <\/span><span lang=\"ES-TRAD\">por uno de sus agresores,\u00a0\u00a0\u00a0mientras que\u00a0\u00a0otros despojaron a la persona que le acompa\u00f1aba del celular, documentos personales, dinero en efectivo y un reloj.\u00a0<\/span><span lang=\"ES-TRAD\">\u00a0\u00a0\u00a0\u00a0<\/span><\/p>\n<p><span lang=\"ES-TRAD\">Cabe anotar que los procesados Brayan y Jhon, cuentan con anotaciones por el delito de tentativa de homicidio.\u00a0<\/span><\/p>\n<p><span lang=\"ES-TRAD\">Ninguno de los procesados acept\u00f3 los cargos enrostrados por el delegado fiscal y permanecer\u00e1n en centro carcelario mientras avanza la investigaci\u00f3n.\u00a0<\/span><\/p>\n<p><b><u><span lang=\"ES-TRAD\">La Fiscal\u00eda habla con resultados.\u00a0<\/span><\/u><\/b><\/p>\n<p><span lang=\"ES-TRAD\">\u00a0<\/span><\/p>\n<p><span lang=\"ES-TRAD\">\u00a0<\/span><\/p>\n<p><span lang=\"ES-TRAD\">PAAM\/ LFML\/CC\/DFHI\/DSH\u00a0<\/span><\/p>\n<p><span lang=\"ES-TRAD\">\u00a0<\/span><\/p>\n<p><em>La informaci\u00f3n contenida en este bolet\u00edn de prensa corresponde a la narraci\u00f3n de los hechos noticiosos objetivos, y las investigaciones penales al interior de la Fiscal\u00eda General de la Naci\u00f3n. Para el momento de la divulgaci\u00f3n de este comunicado, la situaci\u00f3n jur\u00eddica de la(s) persona(s) relacionada(s) se encuentra pendiente de resolver por la autoridad judicial competente, siempre bajo los preceptos de la presunci\u00f3n de inocencia, consagrados en el art\u00edculo 29 de la Constituci\u00f3n Pol\u00edtica y el art\u00edculo 7\u00ba de la Ley 906 de 2004.<\/em><\/p>\n<p>&nbsp;<\/p>\n\n<div class=\"twitter-share\"><a href=\"https:\/\/twitter.com\/intent\/tweet?via=fiscaliacol\" class=\"twitter-share-button\">Tweet<\/a><\/div>\n","protected":false},"excerpt":{"rendered":"<p>Su lugar de injerencia ser\u00edan las comunas 2, 5, 7 y 10 de la capital del Huila. Los 5 imputados se transportaban, presuntamente, en motos \u2018se\u00f1oriteras\u2019. \u00a0 Gracias a un trabajo articulado entre la Fiscal\u00eda General dela Naci\u00f3n y la Polic\u00eda Metropolitana de Neiva (Huila) se logr\u00f3 este 29 de julio la captura y judicializaci\u00f3n [&hellip;]<\/p>\n","protected":false},"author":178,"featured_media":0,"comment_status":"closed","ping_status":"open","sticky":false,"template":"","format":"standard","meta":{"_price":"","_stock":"","_tribe_ticket_header":"","_tribe_default_ticket_provider":"","_tribe_ticket_capacity":"0","_ticket_start_date":"","_ticket_end_date":"","_tribe_ticket_show_description":"","_tribe_ticket_show_not_going":false,"_tribe_ticket_use_global_stock":"","_tribe_ticket_global_stock_level":"","_global_stock_mode":"","_global_stock_cap":"","_tribe_rsvp_for_event":"","_tribe_ticket_going_count":"","_tribe_ticket_not_going_count":"","_tribe_tickets_list":"[]","_tribe_ticket_has_attendee_info_fields":false,"tdm_status":"","tdm_grid_status":"","footnotes":""},"categories":[1,333,303,24099],"tags":[14298,5180,17947,83,45,25300,1047,16,7451,27672,23833,31720,558,25463,30239,35284],"class_list":{"0":"post-276099","1":"post","2":"type-post","3":"status-publish","4":"format-standard","6":"category-noticias","7":"category-seccional-neiva","8":"category-seccionales","9":"category-seguridad-territorial","10":"tag-agresion","11":"tag-arma-blanca","12":"tag-comunas","13":"tag-concierto-para-delinquir","14":"tag-cti","15":"tag-fiscal-local","16":"tag-fiscalia-general-de-la-nacion","17":"tag-huila","18":"tag-hurto-calificado-y-agravado","19":"tag-motos","20":"tag-neiva","21":"tag-neiva-huila","22":"tag-policia-nacional","23":"tag-revolver","24":"tag-seguridad-territorial","25":"tag-unidad-de-patrimonio"},"yoast_head":"<!-- This site is optimized with the Yoast SEO plugin v24.3 - https:\/\/yoast.com\/wordpress\/plugins\/seo\/ -->\n<title>Fiscal\u00eda General de la Naci\u00f3n<\/title>\n<meta name=\"description\" content=\"P\u00e1gina oficial de la Fiscal\u00eda General de la Naci\u00f3n \u2013 Colombia. Garantizamos el acceso efectivo a la justicia, la verdad y la reparaci\u00f3n de las v\u00edctimas de los delitos.\" \/>\n<meta name=\"robots\" content=\"noindex, follow\" \/>\n<meta property=\"og:locale\" content=\"es_ES\" \/>\n<meta property=\"og:type\" content=\"article\" \/>\n<meta property=\"og:title\" content=\"Fiscal\u00eda General de la Naci\u00f3n\" \/>\n<meta property=\"og:description\" content=\"P\u00e1gina oficial de la Fiscal\u00eda General de la Naci\u00f3n \u2013 Colombia. Garantizamos el acceso efectivo a la justicia, la verdad y la reparaci\u00f3n de las v\u00edctimas de los delitos.\" \/>\n<meta property=\"og:url\" content=\"https:\/\/www.fiscalia.gov.co\/colombia\/noticias\/impactada-organizacion-ilegal-dedicada-al-hurto-violento-en-neiva-huila\/\" \/>\n<meta property=\"og:site_name\" content=\"Fiscal\u00eda General de la Naci\u00f3n\" \/>\n<meta property=\"article:publisher\" content=\"https:\/\/www.facebook.com\/FiscaliaCol\" \/>\n<meta property=\"article:published_time\" content=\"2023-08-01T21:27:39+00:00\" \/>\n<meta property=\"og:image\" content=\"https:\/\/www.fiscalia.gov.co\/colombia\/wp-content\/uploads\/los-pochos-hurto-violento-neiva-300x169.jpeg\" \/>\n<meta name=\"author\" content=\"Winnie Geraldine Rodr\u00edguez Navarrete\" \/>\n<meta name=\"twitter:card\" content=\"summary_large_image\" \/>\n<meta name=\"twitter:creator\" content=\"@FiscaliaCol\" \/>\n<meta name=\"twitter:site\" content=\"@FiscaliaCol\" \/>\n<meta name=\"twitter:label1\" content=\"Escrito por\" \/>\n\t<meta name=\"twitter:data1\" content=\"Winnie Geraldine Rodr\u00edguez Navarrete\" \/>\n\t<meta name=\"twitter:label2\" content=\"Tiempo de lectura\" \/>\n\t<meta name=\"twitter:data2\" content=\"3 minutos\" \/>\n<script type=\"application\/ld+json\" class=\"yoast-schema-graph\">{\"@context\":\"https:\/\/schema.org\",\"@graph\":[{\"@type\":\"Article\",\"@id\":\"https:\/\/www.fiscalia.gov.co\/colombia\/noticias\/impactada-organizacion-ilegal-dedicada-al-hurto-violento-en-neiva-huila\/#article\",\"isPartOf\":{\"@id\":\"https:\/\/www.fiscalia.gov.co\/colombia\/noticias\/impactada-organizacion-ilegal-dedicada-al-hurto-violento-en-neiva-huila\/\"},\"author\":{\"name\":\"Winnie Geraldine Rodr\u00edguez Navarrete\",\"@id\":\"https:\/\/www.fiscalia.gov.co\/colombia\/#\/schema\/person\/176195b99ebab0a52aafa15197e1bf80\"},\"headline\":\"Impactada organizaci\u00f3n ilegal dedicada al hurto violento en Neiva (Huila)\",\"datePublished\":\"2023-08-01T21:27:39+00:00\",\"dateModified\":\"2023-08-01T21:27:39+00:00\",\"mainEntityOfPage\":{\"@id\":\"https:\/\/www.fiscalia.gov.co\/colombia\/noticias\/impactada-organizacion-ilegal-dedicada-al-hurto-violento-en-neiva-huila\/\"},\"wordCount\":515,\"publisher\":{\"@id\":\"https:\/\/www.fiscalia.gov.co\/colombia\/#organization\"},\"image\":{\"@id\":\"https:\/\/www.fiscalia.gov.co\/colombia\/noticias\/impactada-organizacion-ilegal-dedicada-al-hurto-violento-en-neiva-huila\/#primaryimage\"},\"thumbnailUrl\":\"https:\/\/www.fiscalia.gov.co\/colombia\/wp-content\/uploads\/los-pochos-hurto-violento-neiva-300x169.jpeg\",\"keywords\":[\"Agresi\u00f3n\",\"Arma Blanca\",\"Comunas\",\"Concierto para delinquir\",\"CTI\",\"fiscal local\",\"Fiscal\u00eda General de la Naci\u00f3n\",\"Huila\",\"hurto calificado y agravado\",\"motos\",\"Neiva\",\"Neiva (Huila)\",\"Polic\u00eda Nacional\",\"rev\u00f3lver\",\"Seguridad territorial\",\"unidad de patrimonio\"],\"articleSection\":[\"Noticias\",\"Seccional Neiva\",\"Seccionales\",\"Seguridad territorial\"],\"inLanguage\":\"es-CO\"},{\"@type\":\"WebPage\",\"@id\":\"https:\/\/www.fiscalia.gov.co\/colombia\/noticias\/impactada-organizacion-ilegal-dedicada-al-hurto-violento-en-neiva-huila\/\",\"url\":\"https:\/\/www.fiscalia.gov.co\/colombia\/noticias\/impactada-organizacion-ilegal-dedicada-al-hurto-violento-en-neiva-huila\/\",\"name\":\"Fiscal\u00eda General de la Naci\u00f3n\",\"isPartOf\":{\"@id\":\"https:\/\/www.fiscalia.gov.co\/colombia\/#website\"},\"primaryImageOfPage\":{\"@id\":\"https:\/\/www.fiscalia.gov.co\/colombia\/noticias\/impactada-organizacion-ilegal-dedicada-al-hurto-violento-en-neiva-huila\/#primaryimage\"},\"image\":{\"@id\":\"https:\/\/www.fiscalia.gov.co\/colombia\/noticias\/impactada-organizacion-ilegal-dedicada-al-hurto-violento-en-neiva-huila\/#primaryimage\"},\"thumbnailUrl\":\"https:\/\/www.fiscalia.gov.co\/colombia\/wp-content\/uploads\/los-pochos-hurto-violento-neiva-300x169.jpeg\",\"datePublished\":\"2023-08-01T21:27:39+00:00\",\"dateModified\":\"2023-08-01T21:27:39+00:00\",\"description\":\"P\u00e1gina oficial de la Fiscal\u00eda General de la Naci\u00f3n \u2013 Colombia. Garantizamos el acceso efectivo a la justicia, la verdad y la reparaci\u00f3n de las v\u00edctimas de los delitos.\",\"breadcrumb\":{\"@id\":\"https:\/\/www.fiscalia.gov.co\/colombia\/noticias\/impactada-organizacion-ilegal-dedicada-al-hurto-violento-en-neiva-huila\/#breadcrumb\"},\"inLanguage\":\"es-CO\",\"potentialAction\":[{\"@type\":\"ReadAction\",\"target\":[\"https:\/\/www.fiscalia.gov.co\/colombia\/noticias\/impactada-organizacion-ilegal-dedicada-al-hurto-violento-en-neiva-huila\/\"]}]},{\"@type\":\"ImageObject\",\"inLanguage\":\"es-CO\",\"@id\":\"https:\/\/www.fiscalia.gov.co\/colombia\/noticias\/impactada-organizacion-ilegal-dedicada-al-hurto-violento-en-neiva-huila\/#primaryimage\",\"url\":\"https:\/\/www.fiscalia.gov.co\/colombia\/wp-content\/uploads\/los-pochos-hurto-violento-neiva-300x169.jpeg\",\"contentUrl\":\"https:\/\/www.fiscalia.gov.co\/colombia\/wp-content\/uploads\/los-pochos-hurto-violento-neiva-300x169.jpeg\"},{\"@type\":\"BreadcrumbList\",\"@id\":\"https:\/\/www.fiscalia.gov.co\/colombia\/noticias\/impactada-organizacion-ilegal-dedicada-al-hurto-violento-en-neiva-huila\/#breadcrumb\",\"itemListElement\":[{\"@type\":\"ListItem\",\"position\":1,\"name\":\"Home\",\"item\":\"https:\/\/www.fiscalia.gov.co\/colombia\/\"},{\"@type\":\"ListItem\",\"position\":2,\"name\":\"Impactada organizaci\u00f3n ilegal dedicada al hurto violento en Neiva (Huila)\"}]},{\"@type\":\"WebSite\",\"@id\":\"https:\/\/www.fiscalia.gov.co\/colombia\/#website\",\"url\":\"https:\/\/www.fiscalia.gov.co\/colombia\/\",\"name\":\"Fiscal\u00eda General de la Naci\u00f3n\",\"description\":\"P\u00e1gina oficial de la Fiscal\u00eda General de la Naci\u00f3n \u2013 Colombia. Garantizamos el acceso efectivo a la justicia, la verdad y la reparaci\u00f3n de las v\u00edctimas de los delitos.\",\"publisher\":{\"@id\":\"https:\/\/www.fiscalia.gov.co\/colombia\/#organization\"},\"potentialAction\":[{\"@type\":\"SearchAction\",\"target\":{\"@type\":\"EntryPoint\",\"urlTemplate\":\"https:\/\/www.fiscalia.gov.co\/colombia\/?s={search_term_string}\"},\"query-input\":{\"@type\":\"PropertyValueSpecification\",\"valueRequired\":true,\"valueName\":\"search_term_string\"}}],\"inLanguage\":\"es-CO\"},{\"@type\":\"Organization\",\"@id\":\"https:\/\/www.fiscalia.gov.co\/colombia\/#organization\",\"name\":\"Fiscal\u00eda General de la Naci\u00f3n\",\"url\":\"https:\/\/www.fiscalia.gov.co\/colombia\/\",\"logo\":{\"@type\":\"ImageObject\",\"inLanguage\":\"es-CO\",\"@id\":\"https:\/\/www.fiscalia.gov.co\/colombia\/#\/schema\/logo\/image\/\",\"url\":\"https:\/\/www.fiscalia.gov.co\/colombia\/wp-content\/uploads\/LogoHorizontal_1.jpg\",\"contentUrl\":\"https:\/\/www.fiscalia.gov.co\/colombia\/wp-content\/uploads\/LogoHorizontal_1.jpg\",\"width\":300,\"height\":90,\"caption\":\"Fiscal\u00eda General de la Naci\u00f3n\"},\"image\":{\"@id\":\"https:\/\/www.fiscalia.gov.co\/colombia\/#\/schema\/logo\/image\/\"},\"sameAs\":[\"https:\/\/www.facebook.com\/FiscaliaCol\",\"https:\/\/x.com\/FiscaliaCol\",\"https:\/\/www.instagram.com\/fiscaliacol\",\"https:\/\/www.linkedin.com\/company\/fiscalia-general-de-la-naci-n\/\",\"https:\/\/youtube.com\/@fiscaliageneraldelanacion-4668?si=6nN79nyQICPU5iTh\"]},{\"@type\":\"Person\",\"@id\":\"https:\/\/www.fiscalia.gov.co\/colombia\/#\/schema\/person\/176195b99ebab0a52aafa15197e1bf80\",\"name\":\"Winnie Geraldine Rodr\u00edguez Navarrete\",\"image\":{\"@type\":\"ImageObject\",\"inLanguage\":\"es-CO\",\"@id\":\"https:\/\/www.fiscalia.gov.co\/colombia\/#\/schema\/person\/image\/\",\"url\":\"https:\/\/secure.gravatar.com\/avatar\/c24cf8481dc84fa5e8c7b20bc95ab0c6?s=96&d=mm&r=g\",\"contentUrl\":\"https:\/\/secure.gravatar.com\/avatar\/c24cf8481dc84fa5e8c7b20bc95ab0c6?s=96&d=mm&r=g\",\"caption\":\"Winnie Geraldine Rodr\u00edguez Navarrete\"},\"url\":\"https:\/\/www.fiscalia.gov.co\/colombia\/author\/winnierodriguez\/\"}]}<\/script>\n<!-- \/ Yoast SEO plugin. -->","yoast_head_json":{"title":"Fiscal\u00eda General de la Naci\u00f3n","description":"P\u00e1gina oficial de la Fiscal\u00eda General de la Naci\u00f3n \u2013 Colombia. Garantizamos el acceso efectivo a la justicia, la verdad y la reparaci\u00f3n de las v\u00edctimas de los delitos.","robots":{"index":"noindex","follow":"follow"},"og_locale":"es_ES","og_type":"article","og_title":"Fiscal\u00eda General de la Naci\u00f3n","og_description":"P\u00e1gina oficial de la Fiscal\u00eda General de la Naci\u00f3n \u2013 Colombia. Garantizamos el acceso efectivo a la justicia, la verdad y la reparaci\u00f3n de las v\u00edctimas de los delitos.","og_url":"https:\/\/www.fiscalia.gov.co\/colombia\/noticias\/impactada-organizacion-ilegal-dedicada-al-hurto-violento-en-neiva-huila\/","og_site_name":"Fiscal\u00eda General de la Naci\u00f3n","article_publisher":"https:\/\/www.facebook.com\/FiscaliaCol","article_published_time":"2023-08-01T21:27:39+00:00","og_image":[{"url":"https:\/\/www.fiscalia.gov.co\/colombia\/wp-content\/uploads\/los-pochos-hurto-violento-neiva-300x169.jpeg","type":"","width":"","height":""}],"author":"Winnie Geraldine Rodr\u00edguez Navarrete","twitter_card":"summary_large_image","twitter_creator":"@FiscaliaCol","twitter_site":"@FiscaliaCol","twitter_misc":{"Escrito por":"Winnie Geraldine Rodr\u00edguez Navarrete","Tiempo de lectura":"3 minutos"},"schema":{"@context":"https:\/\/schema.org","@graph":[{"@type":"Article","@id":"https:\/\/www.fiscalia.gov.co\/colombia\/noticias\/impactada-organizacion-ilegal-dedicada-al-hurto-violento-en-neiva-huila\/#article","isPartOf":{"@id":"https:\/\/www.fiscalia.gov.co\/colombia\/noticias\/impactada-organizacion-ilegal-dedicada-al-hurto-violento-en-neiva-huila\/"},"author":{"name":"Winnie Geraldine Rodr\u00edguez Navarrete","@id":"https:\/\/www.fiscalia.gov.co\/colombia\/#\/schema\/person\/176195b99ebab0a52aafa15197e1bf80"},"headline":"Impactada organizaci\u00f3n ilegal dedicada al hurto violento en Neiva (Huila)","datePublished":"2023-08-01T21:27:39+00:00","dateModified":"2023-08-01T21:27:39+00:00","mainEntityOfPage":{"@id":"https:\/\/www.fiscalia.gov.co\/colombia\/noticias\/impactada-organizacion-ilegal-dedicada-al-hurto-violento-en-neiva-huila\/"},"wordCount":515,"publisher":{"@id":"https:\/\/www.fiscalia.gov.co\/colombia\/#organization"},"image":{"@id":"https:\/\/www.fiscalia.gov.co\/colombia\/noticias\/impactada-organizacion-ilegal-dedicada-al-hurto-violento-en-neiva-huila\/#primaryimage"},"thumbnailUrl":"https:\/\/www.fiscalia.gov.co\/colombia\/wp-content\/uploads\/los-pochos-hurto-violento-neiva-300x169.jpeg","keywords":["Agresi\u00f3n","Arma Blanca","Comunas","Concierto para delinquir","CTI","fiscal local","Fiscal\u00eda General de la Naci\u00f3n","Huila","hurto calificado y agravado","motos","Neiva","Neiva (Huila)","Polic\u00eda Nacional","rev\u00f3lver","Seguridad territorial","unidad de patrimonio"],"articleSection":["Noticias","Seccional Neiva","Seccionales","Seguridad territorial"],"inLanguage":"es-CO"},{"@type":"WebPage","@id":"https:\/\/www.fiscalia.gov.co\/colombia\/noticias\/impactada-organizacion-ilegal-dedicada-al-hurto-violento-en-neiva-huila\/","url":"https:\/\/www.fiscalia.gov.co\/colombia\/noticias\/impactada-organizacion-ilegal-dedicada-al-hurto-violento-en-neiva-huila\/","name":"Fiscal\u00eda General de la Naci\u00f3n","isPartOf":{"@id":"https:\/\/www.fiscalia.gov.co\/colombia\/#website"},"primaryImageOfPage":{"@id":"https:\/\/www.fiscalia.gov.co\/colombia\/noticias\/impactada-organizacion-ilegal-dedicada-al-hurto-violento-en-neiva-huila\/#primaryimage"},"image":{"@id":"https:\/\/www.fiscalia.gov.co\/colombia\/noticias\/impactada-organizacion-ilegal-dedicada-al-hurto-violento-en-neiva-huila\/#primaryimage"},"thumbnailUrl":"https:\/\/www.fiscalia.gov.co\/colombia\/wp-content\/uploads\/los-pochos-hurto-violento-neiva-300x169.jpeg","datePublished":"2023-08-01T21:27:39+00:00","dateModified":"2023-08-01T21:27:39+00:00","description":"P\u00e1gina oficial de la Fiscal\u00eda General de la Naci\u00f3n \u2013 Colombia. Garantizamos el acceso efectivo a la justicia, la verdad y la reparaci\u00f3n de las v\u00edctimas de los delitos.","breadcrumb":{"@id":"https:\/\/www.fiscalia.gov.co\/colombia\/noticias\/impactada-organizacion-ilegal-dedicada-al-hurto-violento-en-neiva-huila\/#breadcrumb"},"inLanguage":"es-CO","potentialAction":[{"@type":"ReadAction","target":["https:\/\/www.fiscalia.gov.co\/colombia\/noticias\/impactada-organizacion-ilegal-dedicada-al-hurto-violento-en-neiva-huila\/"]}]},{"@type":"ImageObject","inLanguage":"es-CO","@id":"https:\/\/www.fiscalia.gov.co\/colombia\/noticias\/impactada-organizacion-ilegal-dedicada-al-hurto-violento-en-neiva-huila\/#primaryimage","url":"https:\/\/www.fiscalia.gov.co\/colombia\/wp-content\/uploads\/los-pochos-hurto-violento-neiva-300x169.jpeg","contentUrl":"https:\/\/www.fiscalia.gov.co\/colombia\/wp-content\/uploads\/los-pochos-hurto-violento-neiva-300x169.jpeg"},{"@type":"BreadcrumbList","@id":"https:\/\/www.fiscalia.gov.co\/colombia\/noticias\/impactada-organizacion-ilegal-dedicada-al-hurto-violento-en-neiva-huila\/#breadcrumb","itemListElement":[{"@type":"ListItem","position":1,"name":"Home","item":"https:\/\/www.fiscalia.gov.co\/colombia\/"},{"@type":"ListItem","position":2,"name":"Impactada organizaci\u00f3n ilegal dedicada al hurto violento en Neiva (Huila)"}]},{"@type":"WebSite","@id":"https:\/\/www.fiscalia.gov.co\/colombia\/#website","url":"https:\/\/www.fiscalia.gov.co\/colombia\/","name":"Fiscal\u00eda General de la Naci\u00f3n","description":"P\u00e1gina oficial de la Fiscal\u00eda General de la Naci\u00f3n \u2013 Colombia. Garantizamos el acceso efectivo a la justicia, la verdad y la reparaci\u00f3n de las v\u00edctimas de los delitos.","publisher":{"@id":"https:\/\/www.fiscalia.gov.co\/colombia\/#organization"},"potentialAction":[{"@type":"SearchAction","target":{"@type":"EntryPoint","urlTemplate":"https:\/\/www.fiscalia.gov.co\/colombia\/?s={search_term_string}"},"query-input":{"@type":"PropertyValueSpecification","valueRequired":true,"valueName":"search_term_string"}}],"inLanguage":"es-CO"},{"@type":"Organization","@id":"https:\/\/www.fiscalia.gov.co\/colombia\/#organization","name":"Fiscal\u00eda General de la Naci\u00f3n","url":"https:\/\/www.fiscalia.gov.co\/colombia\/","logo":{"@type":"ImageObject","inLanguage":"es-CO","@id":"https:\/\/www.fiscalia.gov.co\/colombia\/#\/schema\/logo\/image\/","url":"https:\/\/www.fiscalia.gov.co\/colombia\/wp-content\/uploads\/LogoHorizontal_1.jpg","contentUrl":"https:\/\/www.fiscalia.gov.co\/colombia\/wp-content\/uploads\/LogoHorizontal_1.jpg","width":300,"height":90,"caption":"Fiscal\u00eda General de la Naci\u00f3n"},"image":{"@id":"https:\/\/www.fiscalia.gov.co\/colombia\/#\/schema\/logo\/image\/"},"sameAs":["https:\/\/www.facebook.com\/FiscaliaCol","https:\/\/x.com\/FiscaliaCol","https:\/\/www.instagram.com\/fiscaliacol","https:\/\/www.linkedin.com\/company\/fiscalia-general-de-la-naci-n\/","https:\/\/youtube.com\/@fiscaliageneraldelanacion-4668?si=6nN79nyQICPU5iTh"]},{"@type":"Person","@id":"https:\/\/www.fiscalia.gov.co\/colombia\/#\/schema\/person\/176195b99ebab0a52aafa15197e1bf80","name":"Winnie Geraldine Rodr\u00edguez Navarrete","image":{"@type":"ImageObject","inLanguage":"es-CO","@id":"https:\/\/www.fiscalia.gov.co\/colombia\/#\/schema\/person\/image\/","url":"https:\/\/secure.gravatar.com\/avatar\/c24cf8481dc84fa5e8c7b20bc95ab0c6?s=96&d=mm&r=g","contentUrl":"https:\/\/secure.gravatar.com\/avatar\/c24cf8481dc84fa5e8c7b20bc95ab0c6?s=96&d=mm&r=g","caption":"Winnie Geraldine Rodr\u00edguez Navarrete"},"url":"https:\/\/www.fiscalia.gov.co\/colombia\/author\/winnierodriguez\/"}]}},"_links":{"self":[{"href":"https:\/\/www.fiscalia.gov.co\/colombia\/wp-json\/wp\/v2\/posts\/276099","targetHints":{"allow":["GET"]}}],"collection":[{"href":"https:\/\/www.fiscalia.gov.co\/colombia\/wp-json\/wp\/v2\/posts"}],"about":[{"href":"https:\/\/www.fiscalia.gov.co\/colombia\/wp-json\/wp\/v2\/types\/post"}],"author":[{"embeddable":true,"href":"https:\/\/www.fiscalia.gov.co\/colombia\/wp-json\/wp\/v2\/users\/178"}],"replies":[{"embeddable":true,"href":"https:\/\/www.fiscalia.gov.co\/colombia\/wp-json\/wp\/v2\/comments?post=276099"}],"version-history":[{"count":2,"href":"https:\/\/www.fiscalia.gov.co\/colombia\/wp-json\/wp\/v2\/posts\/276099\/revisions"}],"predecessor-version":[{"id":276102,"href":"https:\/\/www.fiscalia.gov.co\/colombia\/wp-json\/wp\/v2\/posts\/276099\/revisions\/276102"}],"wp:attachment":[{"href":"https:\/\/www.fiscalia.gov.co\/colombia\/wp-json\/wp\/v2\/media?parent=276099"}],"wp:term":[{"taxonomy":"category","embeddable":true,"href":"https:\/\/www.fiscalia.gov.co\/colombia\/wp-json\/wp\/v2\/categories?post=276099"},{"taxonomy":"post_tag","embeddable":true,"href":"https:\/\/www.fiscalia.gov.co\/colombia\/wp-json\/wp\/v2\/tags?post=276099"}],"curies":[{"name":"wp","href":"https:\/\/api.w.org\/{rel}","templated":true}]}}