{"id":275899,"date":"2023-07-28T14:03:49","date_gmt":"2023-07-28T19:03:49","guid":{"rendered":"https:\/\/www.fiscalia.gov.co\/colombia\/?p=275899"},"modified":"2023-07-28T14:03:49","modified_gmt":"2023-07-28T19:03:49","slug":"fiscalia-continua-llevando-a-la-carcel-a-quienes-cometen-delitos-sexuales-contra-menores-de-14-anos-en-guainia-y-vaupes","status":"publish","type":"post","link":"https:\/\/www.fiscalia.gov.co\/colombia\/noticias\/fiscalia-continua-llevando-a-la-carcel-a-quienes-cometen-delitos-sexuales-contra-menores-de-14-anos-en-guainia-y-vaupes\/","title":{"rendered":"Fiscal\u00eda contin\u00faa llevando a la c\u00e1rcel a quienes cometen delitos sexuales contra menores de 14 a\u00f1os en Guain\u00eda y Vaup\u00e9s"},"content":{"rendered":"<h4><strong><i>En dos casos aislados, el ente acusador logr\u00f3 una condena contra un hombre responsable de someter a vej\u00e1menes de tipo sexual a una menor de 9 a\u00f1os, y una medida carcelaria en contra de un presunto agresor sexual contra una menor de 2 a\u00f1os.<\/i><\/strong><\/h4>\n<figure id=\"attachment_275900\" aria-describedby=\"caption-attachment-275900\" style=\"width: 696px\" class=\"wp-caption aligncenter\"><img loading=\"lazy\" decoding=\"async\" class=\"size-large wp-image-275900\" src=\"https:\/\/www.fiscalia.gov.co\/colombia\/wp-content\/uploads\/FOTO-89L7Y0TJ651-1024x573.jpg\" alt=\"El captuado est\u00e1 de espalda, tiene sus mabnos esposadas y est\u00e1 custodiado por dos uniformados de la polic\u00eda nacional.\" width=\"696\" height=\"389\" srcset=\"https:\/\/www.fiscalia.gov.co\/colombia\/wp-content\/uploads\/FOTO-89L7Y0TJ651-1024x573.jpg 1024w, https:\/\/www.fiscalia.gov.co\/colombia\/wp-content\/uploads\/FOTO-89L7Y0TJ651-300x168.jpg 300w, https:\/\/www.fiscalia.gov.co\/colombia\/wp-content\/uploads\/FOTO-89L7Y0TJ651-768x430.jpg 768w, https:\/\/www.fiscalia.gov.co\/colombia\/wp-content\/uploads\/FOTO-89L7Y0TJ651-1536x859.jpg 1536w, https:\/\/www.fiscalia.gov.co\/colombia\/wp-content\/uploads\/FOTO-89L7Y0TJ651-696x389.jpg 696w, https:\/\/www.fiscalia.gov.co\/colombia\/wp-content\/uploads\/FOTO-89L7Y0TJ651-1068x597.jpg 1068w, https:\/\/www.fiscalia.gov.co\/colombia\/wp-content\/uploads\/FOTO-89L7Y0TJ651-751x420.jpg 751w, https:\/\/www.fiscalia.gov.co\/colombia\/wp-content\/uploads\/FOTO-89L7Y0TJ651.jpg 1600w\" sizes=\"auto, (max-width: 696px) 100vw, 696px\" \/><figcaption id=\"caption-attachment-275900\" class=\"wp-caption-text\">El hombre capturado es el abuelastro de la v\u00edctima de dos a\u00f1os, qued\u00f3 con medida de aseguramiento el centro carcelario.<\/figcaption><\/figure>\n<p>La Fiscal\u00eda en la seccional Guain\u00eda \u2013 Vaup\u00e9s, contin\u00faa su lucha en contra de aquellas personas que han violentado los derechos de ni\u00f1os, ni\u00f1as y j\u00f3venes, y los han sometido a\u00a0<a href=\"https:\/\/www.fiscalia.gov.co\/colombia\/noticias\/dos-hombres-fueron-enviados-a-la-carcel-por-acceso-carnal-violento-y-actos-sexuales-con-dos-menores-de-14-anos\/\" target=\"_blank\" rel=\"noopener\" data-saferedirecturl=\"https:\/\/www.google.com\/url?q=https:\/\/www.fiscalia.gov.co\/colombia\/noticias\/dos-hombres-fueron-enviados-a-la-carcel-por-acceso-carnal-violento-y-actos-sexuales-con-dos-menores-de-14-anos\/&amp;source=gmail&amp;ust=1690651741653000&amp;usg=AOvVaw0LPiHANgpIuhKOTfcBdfjH\">delitos<\/a>\u00a0sexuales.<\/p>\n<p>En el primero de los casos y luego de recopilar los elementos materiales probatorios, un Fiscal logr\u00f3 demostrar ante un juez de conocimiento, que Carlos Antonio P\u00e9rez Garc\u00eda es el responsable de cometer\u00a0<a href=\"https:\/\/www.fiscalia.gov.co\/colombia\/noticias\/fiscalia-judicializo-a-presunto-responsable-de-acceso-carnal-violento-y-pornografia-con-menor-de-14-anos\/\" target=\"_blank\" rel=\"noopener\" data-saferedirecturl=\"https:\/\/www.google.com\/url?q=https:\/\/www.fiscalia.gov.co\/colombia\/noticias\/fiscalia-judicializo-a-presunto-responsable-de-acceso-carnal-violento-y-pornografia-con-menor-de-14-anos\/&amp;source=gmail&amp;ust=1690651741653000&amp;usg=AOvVaw2EcRgvPR3bJoBID3S5v76G\"><b>delitos de tipo sexual<\/b><\/a>, contra una ni\u00f1a de 9 a\u00f1os, en julio del 2020.<\/p>\n<p>La progenitora fue quien denunci\u00f3 ante las autoridades, por lo que de inmediato se inici\u00f3 el proceso, argumenta ella que el hoy condenado, llev\u00f3 a la v\u00edctima hasta un paraje solitario en su motocarro dici\u00e9ndole que le iba a regalar algunos productos, y all\u00ed perpetr\u00f3 el abuso sexual.<\/p>\n<p>El juez del caso, acogi\u00f3 la solicitud del ente acusador y le impuso una condena de 12.5 a\u00f1os de prisi\u00f3n, adicionalmente, a la pena accesoria de inhabilitaci\u00f3n para el ejercicio de sus derechos y funciones p\u00fablicas por un lapso de tiempo igual a la pena principal.<\/p>\n<p><b><i><u>Abuelastro enviado a la c\u00e1rcel por presuntamente agredir sexualmente a su nieta de 2 a\u00f1os.\u00a0\u00a0<\/u><\/i><\/b><\/p>\n<p>En otro de los casos, un juez con funci\u00f3n de control de garant\u00edas acogi\u00f3 las pretensiones de la Fiscal\u00eda y legaliz\u00f3 la captura y envi\u00f3 a la c\u00e1rcel a un hombre por el delito de\u00a0<a href=\"https:\/\/www.fiscalia.gov.co\/colombia\/noticias\/medida-de-aseguramiento-contra-una-mujer-por-presunta-coautoria-en-acceso-carnal-abusivo-de-su-hija\/\" target=\"_blank\" rel=\"noopener\" data-saferedirecturl=\"https:\/\/www.google.com\/url?q=https:\/\/www.fiscalia.gov.co\/colombia\/noticias\/medida-de-aseguramiento-contra-una-mujer-por-presunta-coautoria-en-acceso-carnal-abusivo-de-su-hija\/&amp;source=gmail&amp;ust=1690651741653000&amp;usg=AOvVaw0kK-pyLzha96MgZKtdzJS4\"><b><span lang=\"ES\">acceso<\/span><\/b><\/a><b><span lang=\"ES\">\u00a0carnal abusivo con menor de 14 a\u00f1os.<\/span><\/b><\/p>\n<p>El caso se present\u00f3 en la comunidad ind\u00edgena Concordia ubicada en zona rural de In\u00edrida (Guain\u00eda), donde, presuntamente, el abuelastro de la v\u00edctima quien, para la fecha de los hechos ten\u00eda 2 a\u00f1os, y la habr\u00eda accedido, por lo que fue vinculado al proceso judicial.<\/p>\n<p>El ente acusador lo imput\u00f3 como responsable del delito antes mencionado, y, aunque no se allan\u00f3 a los cargos, el juez consider\u00f3 ajustada a la norma la petici\u00f3n del ente acusador y lo envi\u00f3 a la c\u00e1rcel.<\/p>\n<p>Esta informaci\u00f3n se publica por razones de inter\u00e9s general.<\/p>\n<p><b><u>La Fiscal\u00eda habla con resultados.<\/u><\/b><\/p>\n<p>&nbsp;<\/p>\n<p>&nbsp;<\/p>\n<p>&nbsp;<\/p>\n<p>&nbsp;<\/p>\n<p>&nbsp;<\/p>\n<p>&nbsp;<\/p>\n<p>LAZL\/FAGH\/LFRR\/DSGV\/<\/p>\n<p>&nbsp;<\/p>\n<p align=\"center\">\n<p style=\"text-align: left;\" align=\"center\">\n<p align=\"center\">\n<p align=\"center\">\n<p align=\"center\">\n<div class=\"td-post-content tagdiv-type\">\n<p><i>La informaci\u00f3n contenida en este bolet\u00edn de prensa corresponde a la narraci\u00f3n de los hechos noticiosos objetivos, suministrados por los funcionarios encargados de adelantar las investigaciones penales al interior de la Fiscal\u00eda General de la Naci\u00f3n. Para el momento de la divulgaci\u00f3n de este comunicado, la situaci\u00f3n jur\u00eddica de la(s) persona(s) relacionada(s) se encuentra pendiente de resolver por la autoridad judicial competente, siempre bajo los preceptos de la presunci\u00f3n de inocencia, consagrados en el art\u00edculo 29 de la Constituci\u00f3n Pol\u00edtica y el art\u00edculo 7\u00ba de la Ley 906 de 2004.\u00a0<\/i><\/p>\n<\/div>\n<footer>\n<div class=\"td-post-source-tags\"><\/div>\n<div class=\"td-post-sharing-bottom\"><\/div>\n<\/footer>\n\n<div class=\"twitter-share\"><a href=\"https:\/\/twitter.com\/intent\/tweet?via=fiscaliacol\" class=\"twitter-share-button\">Tweet<\/a><\/div>\n","protected":false},"excerpt":{"rendered":"<p>En dos casos aislados, el ente acusador logr\u00f3 una condena contra un hombre responsable de someter a vej\u00e1menes de tipo sexual a una menor de 9 a\u00f1os, y una medida carcelaria en contra de un presunto agresor sexual contra una menor de 2 a\u00f1os. La Fiscal\u00eda en la seccional Guain\u00eda \u2013 Vaup\u00e9s, contin\u00faa su lucha [&hellip;]<\/p>\n","protected":false},"author":177,"featured_media":0,"comment_status":"closed","ping_status":"open","sticky":false,"template":"","format":"standard","meta":{"_price":"","_stock":"","_tribe_ticket_header":"","_tribe_default_ticket_provider":"","_tribe_ticket_capacity":"0","_ticket_start_date":"","_ticket_end_date":"","_tribe_ticket_show_description":"","_tribe_ticket_show_not_going":false,"_tribe_ticket_use_global_stock":"","_tribe_ticket_global_stock_level":"","_global_stock_mode":"","_global_stock_cap":"","_tribe_rsvp_for_event":"","_tribe_ticket_going_count":"","_tribe_ticket_not_going_count":"","_tribe_tickets_list":"[]","_tribe_ticket_has_attendee_info_fields":false,"tdm_status":"","tdm_grid_status":"","footnotes":""},"categories":[1,24154,303],"tags":[2369,24185,1047,31740],"class_list":{"0":"post-275899","1":"post","2":"type-post","3":"status-publish","4":"format-standard","6":"category-noticias","7":"category-seccional-inirida","8":"category-seccionales","9":"tag-de4litos-sexuales","10":"tag-fiscal-barbosa","11":"tag-fiscalia-general-de-la-nacion","12":"tag-inirida-guainia"},"yoast_head":"<!-- This site is optimized with the Yoast SEO plugin v24.3 - https:\/\/yoast.com\/wordpress\/plugins\/seo\/ -->\n<title>Fiscal\u00eda General de la Naci\u00f3n<\/title>\n<meta name=\"description\" content=\"P\u00e1gina oficial de la Fiscal\u00eda General de la Naci\u00f3n \u2013 Colombia. Garantizamos el acceso efectivo a la justicia, la verdad y la reparaci\u00f3n de las v\u00edctimas de los delitos.\" \/>\n<meta name=\"robots\" content=\"noindex, follow\" \/>\n<meta property=\"og:locale\" content=\"es_ES\" \/>\n<meta property=\"og:type\" content=\"article\" \/>\n<meta property=\"og:title\" content=\"Fiscal\u00eda General de la Naci\u00f3n\" \/>\n<meta property=\"og:description\" content=\"P\u00e1gina oficial de la Fiscal\u00eda General de la Naci\u00f3n \u2013 Colombia. Garantizamos el acceso efectivo a la justicia, la verdad y la reparaci\u00f3n de las v\u00edctimas de los delitos.\" \/>\n<meta property=\"og:url\" content=\"https:\/\/www.fiscalia.gov.co\/colombia\/noticias\/fiscalia-continua-llevando-a-la-carcel-a-quienes-cometen-delitos-sexuales-contra-menores-de-14-anos-en-guainia-y-vaupes\/\" \/>\n<meta property=\"og:site_name\" content=\"Fiscal\u00eda General de la Naci\u00f3n\" \/>\n<meta property=\"article:publisher\" content=\"https:\/\/www.facebook.com\/FiscaliaCol\" \/>\n<meta property=\"article:published_time\" content=\"2023-07-28T19:03:49+00:00\" \/>\n<meta property=\"og:image\" content=\"https:\/\/www.fiscalia.gov.co\/colombia\/wp-content\/uploads\/FOTO-89L7Y0TJ651-1024x573.jpg\" \/>\n<meta name=\"author\" content=\"Jordan Leandro Oviedo Anzola\" \/>\n<meta name=\"twitter:card\" content=\"summary_large_image\" \/>\n<meta name=\"twitter:creator\" content=\"@FiscaliaCol\" \/>\n<meta name=\"twitter:site\" content=\"@FiscaliaCol\" \/>\n<meta name=\"twitter:label1\" content=\"Escrito por\" \/>\n\t<meta name=\"twitter:data1\" content=\"Jordan Leandro Oviedo Anzola\" \/>\n\t<meta name=\"twitter:label2\" content=\"Tiempo de lectura\" \/>\n\t<meta name=\"twitter:data2\" content=\"3 minutos\" \/>\n<script type=\"application\/ld+json\" class=\"yoast-schema-graph\">{\"@context\":\"https:\/\/schema.org\",\"@graph\":[{\"@type\":\"Article\",\"@id\":\"https:\/\/www.fiscalia.gov.co\/colombia\/noticias\/fiscalia-continua-llevando-a-la-carcel-a-quienes-cometen-delitos-sexuales-contra-menores-de-14-anos-en-guainia-y-vaupes\/#article\",\"isPartOf\":{\"@id\":\"https:\/\/www.fiscalia.gov.co\/colombia\/noticias\/fiscalia-continua-llevando-a-la-carcel-a-quienes-cometen-delitos-sexuales-contra-menores-de-14-anos-en-guainia-y-vaupes\/\"},\"author\":{\"name\":\"Jordan Leandro Oviedo Anzola\",\"@id\":\"https:\/\/www.fiscalia.gov.co\/colombia\/#\/schema\/person\/bf84402cf293a5393e9c70b111020b24\"},\"headline\":\"Fiscal\u00eda contin\u00faa llevando a la c\u00e1rcel a quienes cometen delitos sexuales contra menores de 14 a\u00f1os en Guain\u00eda y Vaup\u00e9s\",\"datePublished\":\"2023-07-28T19:03:49+00:00\",\"dateModified\":\"2023-07-28T19:03:49+00:00\",\"mainEntityOfPage\":{\"@id\":\"https:\/\/www.fiscalia.gov.co\/colombia\/noticias\/fiscalia-continua-llevando-a-la-carcel-a-quienes-cometen-delitos-sexuales-contra-menores-de-14-anos-en-guainia-y-vaupes\/\"},\"wordCount\":569,\"publisher\":{\"@id\":\"https:\/\/www.fiscalia.gov.co\/colombia\/#organization\"},\"image\":{\"@id\":\"https:\/\/www.fiscalia.gov.co\/colombia\/noticias\/fiscalia-continua-llevando-a-la-carcel-a-quienes-cometen-delitos-sexuales-contra-menores-de-14-anos-en-guainia-y-vaupes\/#primaryimage\"},\"thumbnailUrl\":\"https:\/\/www.fiscalia.gov.co\/colombia\/wp-content\/uploads\/FOTO-89L7Y0TJ651-1024x573.jpg\",\"keywords\":[\"Delitos sexuales\",\"Fiscal Barbosa\",\"Fiscal\u00eda General de la Naci\u00f3n\",\"In\u00edrida (Guain\u00eda)\"],\"articleSection\":[\"Noticias\",\"Seccional In\u00edrida\",\"Seccionales\"],\"inLanguage\":\"es-CO\"},{\"@type\":\"WebPage\",\"@id\":\"https:\/\/www.fiscalia.gov.co\/colombia\/noticias\/fiscalia-continua-llevando-a-la-carcel-a-quienes-cometen-delitos-sexuales-contra-menores-de-14-anos-en-guainia-y-vaupes\/\",\"url\":\"https:\/\/www.fiscalia.gov.co\/colombia\/noticias\/fiscalia-continua-llevando-a-la-carcel-a-quienes-cometen-delitos-sexuales-contra-menores-de-14-anos-en-guainia-y-vaupes\/\",\"name\":\"Fiscal\u00eda General de la Naci\u00f3n\",\"isPartOf\":{\"@id\":\"https:\/\/www.fiscalia.gov.co\/colombia\/#website\"},\"primaryImageOfPage\":{\"@id\":\"https:\/\/www.fiscalia.gov.co\/colombia\/noticias\/fiscalia-continua-llevando-a-la-carcel-a-quienes-cometen-delitos-sexuales-contra-menores-de-14-anos-en-guainia-y-vaupes\/#primaryimage\"},\"image\":{\"@id\":\"https:\/\/www.fiscalia.gov.co\/colombia\/noticias\/fiscalia-continua-llevando-a-la-carcel-a-quienes-cometen-delitos-sexuales-contra-menores-de-14-anos-en-guainia-y-vaupes\/#primaryimage\"},\"thumbnailUrl\":\"https:\/\/www.fiscalia.gov.co\/colombia\/wp-content\/uploads\/FOTO-89L7Y0TJ651-1024x573.jpg\",\"datePublished\":\"2023-07-28T19:03:49+00:00\",\"dateModified\":\"2023-07-28T19:03:49+00:00\",\"description\":\"P\u00e1gina oficial de la Fiscal\u00eda General de la Naci\u00f3n \u2013 Colombia. Garantizamos el acceso efectivo a la justicia, la verdad y la reparaci\u00f3n de las v\u00edctimas de los delitos.\",\"breadcrumb\":{\"@id\":\"https:\/\/www.fiscalia.gov.co\/colombia\/noticias\/fiscalia-continua-llevando-a-la-carcel-a-quienes-cometen-delitos-sexuales-contra-menores-de-14-anos-en-guainia-y-vaupes\/#breadcrumb\"},\"inLanguage\":\"es-CO\",\"potentialAction\":[{\"@type\":\"ReadAction\",\"target\":[\"https:\/\/www.fiscalia.gov.co\/colombia\/noticias\/fiscalia-continua-llevando-a-la-carcel-a-quienes-cometen-delitos-sexuales-contra-menores-de-14-anos-en-guainia-y-vaupes\/\"]}]},{\"@type\":\"ImageObject\",\"inLanguage\":\"es-CO\",\"@id\":\"https:\/\/www.fiscalia.gov.co\/colombia\/noticias\/fiscalia-continua-llevando-a-la-carcel-a-quienes-cometen-delitos-sexuales-contra-menores-de-14-anos-en-guainia-y-vaupes\/#primaryimage\",\"url\":\"https:\/\/www.fiscalia.gov.co\/colombia\/wp-content\/uploads\/FOTO-89L7Y0TJ651.jpg\",\"contentUrl\":\"https:\/\/www.fiscalia.gov.co\/colombia\/wp-content\/uploads\/FOTO-89L7Y0TJ651.jpg\",\"width\":1600,\"height\":895,\"caption\":\"El hombre capturado es el abuelastro de la v\u00edctima de dos a\u00f1os, qued\u00f3 con medida de aseguramiento el centro carcelario.\"},{\"@type\":\"BreadcrumbList\",\"@id\":\"https:\/\/www.fiscalia.gov.co\/colombia\/noticias\/fiscalia-continua-llevando-a-la-carcel-a-quienes-cometen-delitos-sexuales-contra-menores-de-14-anos-en-guainia-y-vaupes\/#breadcrumb\",\"itemListElement\":[{\"@type\":\"ListItem\",\"position\":1,\"name\":\"Home\",\"item\":\"https:\/\/www.fiscalia.gov.co\/colombia\/\"},{\"@type\":\"ListItem\",\"position\":2,\"name\":\"Fiscal\u00eda contin\u00faa llevando a la c\u00e1rcel a quienes cometen delitos sexuales contra menores de 14 a\u00f1os en Guain\u00eda y Vaup\u00e9s\"}]},{\"@type\":\"WebSite\",\"@id\":\"https:\/\/www.fiscalia.gov.co\/colombia\/#website\",\"url\":\"https:\/\/www.fiscalia.gov.co\/colombia\/\",\"name\":\"Fiscal\u00eda General de la Naci\u00f3n\",\"description\":\"P\u00e1gina oficial de la Fiscal\u00eda General de la Naci\u00f3n \u2013 Colombia. Garantizamos el acceso efectivo a la justicia, la verdad y la reparaci\u00f3n de las v\u00edctimas de los delitos.\",\"publisher\":{\"@id\":\"https:\/\/www.fiscalia.gov.co\/colombia\/#organization\"},\"potentialAction\":[{\"@type\":\"SearchAction\",\"target\":{\"@type\":\"EntryPoint\",\"urlTemplate\":\"https:\/\/www.fiscalia.gov.co\/colombia\/?s={search_term_string}\"},\"query-input\":{\"@type\":\"PropertyValueSpecification\",\"valueRequired\":true,\"valueName\":\"search_term_string\"}}],\"inLanguage\":\"es-CO\"},{\"@type\":\"Organization\",\"@id\":\"https:\/\/www.fiscalia.gov.co\/colombia\/#organization\",\"name\":\"Fiscal\u00eda General de la Naci\u00f3n\",\"url\":\"https:\/\/www.fiscalia.gov.co\/colombia\/\",\"logo\":{\"@type\":\"ImageObject\",\"inLanguage\":\"es-CO\",\"@id\":\"https:\/\/www.fiscalia.gov.co\/colombia\/#\/schema\/logo\/image\/\",\"url\":\"https:\/\/www.fiscalia.gov.co\/colombia\/wp-content\/uploads\/LogoHorizontal_1.jpg\",\"contentUrl\":\"https:\/\/www.fiscalia.gov.co\/colombia\/wp-content\/uploads\/LogoHorizontal_1.jpg\",\"width\":300,\"height\":90,\"caption\":\"Fiscal\u00eda General de la Naci\u00f3n\"},\"image\":{\"@id\":\"https:\/\/www.fiscalia.gov.co\/colombia\/#\/schema\/logo\/image\/\"},\"sameAs\":[\"https:\/\/www.facebook.com\/FiscaliaCol\",\"https:\/\/x.com\/FiscaliaCol\",\"https:\/\/www.instagram.com\/fiscaliacol\",\"https:\/\/www.linkedin.com\/company\/fiscalia-general-de-la-naci-n\/\",\"https:\/\/youtube.com\/@fiscaliageneraldelanacion-4668?si=6nN79nyQICPU5iTh\"]},{\"@type\":\"Person\",\"@id\":\"https:\/\/www.fiscalia.gov.co\/colombia\/#\/schema\/person\/bf84402cf293a5393e9c70b111020b24\",\"name\":\"Jordan Leandro Oviedo Anzola\",\"image\":{\"@type\":\"ImageObject\",\"inLanguage\":\"es-CO\",\"@id\":\"https:\/\/www.fiscalia.gov.co\/colombia\/#\/schema\/person\/image\/\",\"url\":\"https:\/\/secure.gravatar.com\/avatar\/dabba4346fa9b9207d96adafa8f92721?s=96&d=mm&r=g\",\"contentUrl\":\"https:\/\/secure.gravatar.com\/avatar\/dabba4346fa9b9207d96adafa8f92721?s=96&d=mm&r=g\",\"caption\":\"Jordan Leandro Oviedo Anzola\"},\"url\":\"https:\/\/www.fiscalia.gov.co\/colombia\/author\/joviedo\/\"}]}<\/script>\n<!-- \/ Yoast SEO plugin. -->","yoast_head_json":{"title":"Fiscal\u00eda General de la Naci\u00f3n","description":"P\u00e1gina oficial de la Fiscal\u00eda General de la Naci\u00f3n \u2013 Colombia. Garantizamos el acceso efectivo a la justicia, la verdad y la reparaci\u00f3n de las v\u00edctimas de los delitos.","robots":{"index":"noindex","follow":"follow"},"og_locale":"es_ES","og_type":"article","og_title":"Fiscal\u00eda General de la Naci\u00f3n","og_description":"P\u00e1gina oficial de la Fiscal\u00eda General de la Naci\u00f3n \u2013 Colombia. Garantizamos el acceso efectivo a la justicia, la verdad y la reparaci\u00f3n de las v\u00edctimas de los delitos.","og_url":"https:\/\/www.fiscalia.gov.co\/colombia\/noticias\/fiscalia-continua-llevando-a-la-carcel-a-quienes-cometen-delitos-sexuales-contra-menores-de-14-anos-en-guainia-y-vaupes\/","og_site_name":"Fiscal\u00eda General de la Naci\u00f3n","article_publisher":"https:\/\/www.facebook.com\/FiscaliaCol","article_published_time":"2023-07-28T19:03:49+00:00","og_image":[{"url":"https:\/\/www.fiscalia.gov.co\/colombia\/wp-content\/uploads\/FOTO-89L7Y0TJ651-1024x573.jpg","type":"","width":"","height":""}],"author":"Jordan Leandro Oviedo Anzola","twitter_card":"summary_large_image","twitter_creator":"@FiscaliaCol","twitter_site":"@FiscaliaCol","twitter_misc":{"Escrito por":"Jordan Leandro Oviedo Anzola","Tiempo de lectura":"3 minutos"},"schema":{"@context":"https:\/\/schema.org","@graph":[{"@type":"Article","@id":"https:\/\/www.fiscalia.gov.co\/colombia\/noticias\/fiscalia-continua-llevando-a-la-carcel-a-quienes-cometen-delitos-sexuales-contra-menores-de-14-anos-en-guainia-y-vaupes\/#article","isPartOf":{"@id":"https:\/\/www.fiscalia.gov.co\/colombia\/noticias\/fiscalia-continua-llevando-a-la-carcel-a-quienes-cometen-delitos-sexuales-contra-menores-de-14-anos-en-guainia-y-vaupes\/"},"author":{"name":"Jordan Leandro Oviedo Anzola","@id":"https:\/\/www.fiscalia.gov.co\/colombia\/#\/schema\/person\/bf84402cf293a5393e9c70b111020b24"},"headline":"Fiscal\u00eda contin\u00faa llevando a la c\u00e1rcel a quienes cometen delitos sexuales contra menores de 14 a\u00f1os en Guain\u00eda y Vaup\u00e9s","datePublished":"2023-07-28T19:03:49+00:00","dateModified":"2023-07-28T19:03:49+00:00","mainEntityOfPage":{"@id":"https:\/\/www.fiscalia.gov.co\/colombia\/noticias\/fiscalia-continua-llevando-a-la-carcel-a-quienes-cometen-delitos-sexuales-contra-menores-de-14-anos-en-guainia-y-vaupes\/"},"wordCount":569,"publisher":{"@id":"https:\/\/www.fiscalia.gov.co\/colombia\/#organization"},"image":{"@id":"https:\/\/www.fiscalia.gov.co\/colombia\/noticias\/fiscalia-continua-llevando-a-la-carcel-a-quienes-cometen-delitos-sexuales-contra-menores-de-14-anos-en-guainia-y-vaupes\/#primaryimage"},"thumbnailUrl":"https:\/\/www.fiscalia.gov.co\/colombia\/wp-content\/uploads\/FOTO-89L7Y0TJ651-1024x573.jpg","keywords":["Delitos sexuales","Fiscal Barbosa","Fiscal\u00eda General de la Naci\u00f3n","In\u00edrida (Guain\u00eda)"],"articleSection":["Noticias","Seccional In\u00edrida","Seccionales"],"inLanguage":"es-CO"},{"@type":"WebPage","@id":"https:\/\/www.fiscalia.gov.co\/colombia\/noticias\/fiscalia-continua-llevando-a-la-carcel-a-quienes-cometen-delitos-sexuales-contra-menores-de-14-anos-en-guainia-y-vaupes\/","url":"https:\/\/www.fiscalia.gov.co\/colombia\/noticias\/fiscalia-continua-llevando-a-la-carcel-a-quienes-cometen-delitos-sexuales-contra-menores-de-14-anos-en-guainia-y-vaupes\/","name":"Fiscal\u00eda General de la Naci\u00f3n","isPartOf":{"@id":"https:\/\/www.fiscalia.gov.co\/colombia\/#website"},"primaryImageOfPage":{"@id":"https:\/\/www.fiscalia.gov.co\/colombia\/noticias\/fiscalia-continua-llevando-a-la-carcel-a-quienes-cometen-delitos-sexuales-contra-menores-de-14-anos-en-guainia-y-vaupes\/#primaryimage"},"image":{"@id":"https:\/\/www.fiscalia.gov.co\/colombia\/noticias\/fiscalia-continua-llevando-a-la-carcel-a-quienes-cometen-delitos-sexuales-contra-menores-de-14-anos-en-guainia-y-vaupes\/#primaryimage"},"thumbnailUrl":"https:\/\/www.fiscalia.gov.co\/colombia\/wp-content\/uploads\/FOTO-89L7Y0TJ651-1024x573.jpg","datePublished":"2023-07-28T19:03:49+00:00","dateModified":"2023-07-28T19:03:49+00:00","description":"P\u00e1gina oficial de la Fiscal\u00eda General de la Naci\u00f3n \u2013 Colombia. Garantizamos el acceso efectivo a la justicia, la verdad y la reparaci\u00f3n de las v\u00edctimas de los delitos.","breadcrumb":{"@id":"https:\/\/www.fiscalia.gov.co\/colombia\/noticias\/fiscalia-continua-llevando-a-la-carcel-a-quienes-cometen-delitos-sexuales-contra-menores-de-14-anos-en-guainia-y-vaupes\/#breadcrumb"},"inLanguage":"es-CO","potentialAction":[{"@type":"ReadAction","target":["https:\/\/www.fiscalia.gov.co\/colombia\/noticias\/fiscalia-continua-llevando-a-la-carcel-a-quienes-cometen-delitos-sexuales-contra-menores-de-14-anos-en-guainia-y-vaupes\/"]}]},{"@type":"ImageObject","inLanguage":"es-CO","@id":"https:\/\/www.fiscalia.gov.co\/colombia\/noticias\/fiscalia-continua-llevando-a-la-carcel-a-quienes-cometen-delitos-sexuales-contra-menores-de-14-anos-en-guainia-y-vaupes\/#primaryimage","url":"https:\/\/www.fiscalia.gov.co\/colombia\/wp-content\/uploads\/FOTO-89L7Y0TJ651.jpg","contentUrl":"https:\/\/www.fiscalia.gov.co\/colombia\/wp-content\/uploads\/FOTO-89L7Y0TJ651.jpg","width":1600,"height":895,"caption":"El hombre capturado es el abuelastro de la v\u00edctima de dos a\u00f1os, qued\u00f3 con medida de aseguramiento el centro carcelario."},{"@type":"BreadcrumbList","@id":"https:\/\/www.fiscalia.gov.co\/colombia\/noticias\/fiscalia-continua-llevando-a-la-carcel-a-quienes-cometen-delitos-sexuales-contra-menores-de-14-anos-en-guainia-y-vaupes\/#breadcrumb","itemListElement":[{"@type":"ListItem","position":1,"name":"Home","item":"https:\/\/www.fiscalia.gov.co\/colombia\/"},{"@type":"ListItem","position":2,"name":"Fiscal\u00eda contin\u00faa llevando a la c\u00e1rcel a quienes cometen delitos sexuales contra menores de 14 a\u00f1os en Guain\u00eda y Vaup\u00e9s"}]},{"@type":"WebSite","@id":"https:\/\/www.fiscalia.gov.co\/colombia\/#website","url":"https:\/\/www.fiscalia.gov.co\/colombia\/","name":"Fiscal\u00eda General de la Naci\u00f3n","description":"P\u00e1gina oficial de la Fiscal\u00eda General de la Naci\u00f3n \u2013 Colombia. Garantizamos el acceso efectivo a la justicia, la verdad y la reparaci\u00f3n de las v\u00edctimas de los delitos.","publisher":{"@id":"https:\/\/www.fiscalia.gov.co\/colombia\/#organization"},"potentialAction":[{"@type":"SearchAction","target":{"@type":"EntryPoint","urlTemplate":"https:\/\/www.fiscalia.gov.co\/colombia\/?s={search_term_string}"},"query-input":{"@type":"PropertyValueSpecification","valueRequired":true,"valueName":"search_term_string"}}],"inLanguage":"es-CO"},{"@type":"Organization","@id":"https:\/\/www.fiscalia.gov.co\/colombia\/#organization","name":"Fiscal\u00eda General de la Naci\u00f3n","url":"https:\/\/www.fiscalia.gov.co\/colombia\/","logo":{"@type":"ImageObject","inLanguage":"es-CO","@id":"https:\/\/www.fiscalia.gov.co\/colombia\/#\/schema\/logo\/image\/","url":"https:\/\/www.fiscalia.gov.co\/colombia\/wp-content\/uploads\/LogoHorizontal_1.jpg","contentUrl":"https:\/\/www.fiscalia.gov.co\/colombia\/wp-content\/uploads\/LogoHorizontal_1.jpg","width":300,"height":90,"caption":"Fiscal\u00eda General de la Naci\u00f3n"},"image":{"@id":"https:\/\/www.fiscalia.gov.co\/colombia\/#\/schema\/logo\/image\/"},"sameAs":["https:\/\/www.facebook.com\/FiscaliaCol","https:\/\/x.com\/FiscaliaCol","https:\/\/www.instagram.com\/fiscaliacol","https:\/\/www.linkedin.com\/company\/fiscalia-general-de-la-naci-n\/","https:\/\/youtube.com\/@fiscaliageneraldelanacion-4668?si=6nN79nyQICPU5iTh"]},{"@type":"Person","@id":"https:\/\/www.fiscalia.gov.co\/colombia\/#\/schema\/person\/bf84402cf293a5393e9c70b111020b24","name":"Jordan Leandro Oviedo Anzola","image":{"@type":"ImageObject","inLanguage":"es-CO","@id":"https:\/\/www.fiscalia.gov.co\/colombia\/#\/schema\/person\/image\/","url":"https:\/\/secure.gravatar.com\/avatar\/dabba4346fa9b9207d96adafa8f92721?s=96&d=mm&r=g","contentUrl":"https:\/\/secure.gravatar.com\/avatar\/dabba4346fa9b9207d96adafa8f92721?s=96&d=mm&r=g","caption":"Jordan Leandro Oviedo Anzola"},"url":"https:\/\/www.fiscalia.gov.co\/colombia\/author\/joviedo\/"}]}},"_links":{"self":[{"href":"https:\/\/www.fiscalia.gov.co\/colombia\/wp-json\/wp\/v2\/posts\/275899","targetHints":{"allow":["GET"]}}],"collection":[{"href":"https:\/\/www.fiscalia.gov.co\/colombia\/wp-json\/wp\/v2\/posts"}],"about":[{"href":"https:\/\/www.fiscalia.gov.co\/colombia\/wp-json\/wp\/v2\/types\/post"}],"author":[{"embeddable":true,"href":"https:\/\/www.fiscalia.gov.co\/colombia\/wp-json\/wp\/v2\/users\/177"}],"replies":[{"embeddable":true,"href":"https:\/\/www.fiscalia.gov.co\/colombia\/wp-json\/wp\/v2\/comments?post=275899"}],"version-history":[{"count":1,"href":"https:\/\/www.fiscalia.gov.co\/colombia\/wp-json\/wp\/v2\/posts\/275899\/revisions"}],"predecessor-version":[{"id":275901,"href":"https:\/\/www.fiscalia.gov.co\/colombia\/wp-json\/wp\/v2\/posts\/275899\/revisions\/275901"}],"wp:attachment":[{"href":"https:\/\/www.fiscalia.gov.co\/colombia\/wp-json\/wp\/v2\/media?parent=275899"}],"wp:term":[{"taxonomy":"category","embeddable":true,"href":"https:\/\/www.fiscalia.gov.co\/colombia\/wp-json\/wp\/v2\/categories?post=275899"},{"taxonomy":"post_tag","embeddable":true,"href":"https:\/\/www.fiscalia.gov.co\/colombia\/wp-json\/wp\/v2\/tags?post=275899"}],"curies":[{"name":"wp","href":"https:\/\/api.w.org\/{rel}","templated":true}]}}