{"id":275880,"date":"2023-07-28T10:35:13","date_gmt":"2023-07-28T15:35:13","guid":{"rendered":"https:\/\/www.fiscalia.gov.co\/colombia\/?p=275880"},"modified":"2023-08-11T09:40:20","modified_gmt":"2023-08-11T14:40:20","slug":"imputadas-cuatro-personas-por-presunta-apropiacion-de-mas-de-2-000-millones-de-pesos-en-contrato-para-proyecto-de-subsidios-de-vivienda-de-interes-social-rural-en-tarqui-y-suaza-huila","status":"publish","type":"post","link":"https:\/\/www.fiscalia.gov.co\/colombia\/noticias\/imputadas-cuatro-personas-por-presunta-apropiacion-de-mas-de-2-000-millones-de-pesos-en-contrato-para-proyecto-de-subsidios-de-vivienda-de-interes-social-rural-en-tarqui-y-suaza-huila\/","title":{"rendered":"Imputadas cuatro personas por presunta apropiaci\u00f3n de m\u00e1s de 2.000 millones de pesos en contrato para proyecto de subsidios de vivienda de inter\u00e9s social rural en Tarqui y Suaza, Huila"},"content":{"rendered":"<p>Un despacho de la Unidad de Administraci\u00f3n P\u00fablica de la Seccional Huila imput\u00f3 cargos por el delito de peculado por apropiaci\u00f3n a cuatro personas, de las cuales tres son integrantes de una misma familia, por el caso de la gerencia de vivienda que el Banco Agrario ofert\u00f3 para los subsidios de inter\u00e9s social rural de Tarqui y Suaza (Huila) en el 2015, que no se ejecut\u00f3 en su totalidad.<\/p>\n<p>Se trata de Adriana Marcela Pe\u00f1a Saavedra, su madre Alicia Saavedra Perdomo, su t\u00edo Jaime Saavedra Perdomo y<strong>\u00a0<\/strong>Diana Cede\u00f1o Chicaiza, quienes desempe\u00f1aron diferentes roles en el caso.\u00a0El peculado, seg\u00fan lo estimado por los peritos del Grupo de Administraci\u00f3n P\u00fablica y de Criminal\u00edstica del CTI, asciende a m\u00e1s de 2.000 millones de pesos.<\/p>\n<p>Se estableci\u00f3 que de 289 viviendas solo 64 fueron intervenidas; 29 en Tarqui y en Suaza 35, por un valor superior a los 900 millones de pesos.<\/p>\n<p>Las irregularidades seg\u00fan los expertos, habr\u00edan incidido en el manejo inapropiado de las 8 cuentas en las que el banco gir\u00f3 los recursos para igual n\u00famero de proyectos (m\u00e1s de 3.000 millones de pesos), pues qued\u00f3 la firma de\u00a0Jaime Saavedra Perdomo como \u00fanica persona autorizada para realizar giros, cuando era Adriana Marcela Pe\u00f1a Saavedra, la contratista y representante del consorcio quien deb\u00eda tener esta potestad.<\/p>\n<p>Fue as\u00ed como el procesado presuntamente firm\u00f3 la emisi\u00f3n de 70 cheques que en su mayor\u00eda fueron girados a nombre de diversas personas naturales, entre ellos hermanos y sobrinos, y personas jur\u00eddicas, que no tuvieron ninguna relaci\u00f3n con la ejecuci\u00f3n del objeto convenido.<\/p>\n<p>De igual manera se gir\u00f3 as\u00ed mismo y a la contratista. Tambi\u00e9n se registraron abonos para la compra de veh\u00edculos y de equipos de oficina; elementos que no aportaban a la ejecuci\u00f3n del contrato.<\/p>\n<p><strong>El proyecto\u00a0<\/strong><\/p>\n<p>Los hechos imputados habr\u00edan ocurrido<strong>\u00a0<\/strong>entre los meses de septiembre del a\u00f1o 2014 a abril del a\u00f1o 2016, cuando la entidad crediticia en menci\u00f3n, la cual tiene la condici\u00f3n de otorgar y administrar el subsidio familiar de vivienda rural, dio apertura al procedimiento de solicitud p\u00fablica de ofertas\u00a0<strong>GV VISR-2014-004<\/strong>, para quienes estuvieran interesados en contratar las funciones de Gerencia Integral, que se encargar\u00eda de desarrollar y administrar los recursos de los mencionados subsidios.<\/p>\n<p>La gerencia le fue otorgada a un consorcio representado por Adriana Marcela, con quien el Banco Agrario de Colombia, el 29 de mayo de 2015 en Bogot\u00e1, suscribi\u00f3 el contrato de Gerencia Integral C-GV2014-106 a trav\u00e9s del cual la contratista se comprometi\u00f3 a realizar las funciones de Gerencia Integral para la administraci\u00f3n de los recursos p\u00fablicos destinados a 8 proyectos en dos municipios del Huila, como lo son Tarqui y Suaza.<\/p>\n<p>El consorcio fue conformado por una cooperativa de profesionales representada en su momento por Jaime Saavedra Perdomo y una entidad sin \u00e1nimo de lucro, representada por Diana Paola Cede\u00f1o Chicaiza.<\/p>\n<p>Para este caso le correspondi\u00f3 la administraci\u00f3n y el manejo de los recursos de vivienda de inter\u00e9s social rural para 289 soluciones de vivienda, divididos en ocho proyectos: cuatro para Suaza y cuatro para Tarqui.<\/p>\n<p>Los recursos destinados proven\u00edan del Presupuesto General de la Naci\u00f3n y del Sistema General de Regal\u00edas, cuyo valor fue de $5.264.532.964.42 por concepto del subsidio y la contrapartida, y $137.287.000 por concepto de comisi\u00f3n por administrar esos recursos p\u00fablicos, con t\u00e9rmino de ejecuci\u00f3n de 8 meses contabilizados a partir del primer desembolso.<\/p>\n<p>Ninguno acept\u00f3 los cargos enrostrados por la delegada fiscal.<\/p>\n<p><strong>La Fiscal\u00eda habla con resultados.\u00a0<\/strong><\/p>\n<p>&nbsp;<\/p>\n<p>&nbsp;<\/p>\n<p>&nbsp;<\/p>\n<p>&nbsp;<\/p>\n<p>&nbsp;<\/p>\n<p>PAAM\/LYBT\/AV\/DFHI\/DSH<\/p>\n<p>&nbsp;<\/p>\n<p>&nbsp;<\/p>\n<p>&nbsp;<\/p>\n<p>&nbsp;<\/p>\n<p>&nbsp;<\/p>\n<p>&nbsp;<\/p>\n<div class=\"td-post-content tagdiv-type\">\n<p><i>La informaci\u00f3n contenida en este bolet\u00edn de prensa corresponde a la narraci\u00f3n de los hechos noticiosos objetivos, suministrados por los funcionarios encargados de adelantar las investigaciones penales al interior de la Fiscal\u00eda General de la Naci\u00f3n. Para el momento de la divulgaci\u00f3n de este comunicado, la situaci\u00f3n jur\u00eddica de la(s) persona(s) relacionada(s) se encuentra pendiente de resolver por la autoridad judicial competente, siempre bajo los preceptos de la presunci\u00f3n de inocencia, consagrados en el art\u00edculo 29 de la Constituci\u00f3n Pol\u00edtica y el art\u00edculo 7\u00ba de la Ley 906 de 2004.<\/i><\/p>\n<\/div>\n\n<div class=\"twitter-share\"><a href=\"https:\/\/twitter.com\/intent\/tweet?via=fiscaliacol\" class=\"twitter-share-button\">Tweet<\/a><\/div>\n","protected":false},"excerpt":{"rendered":"<p>Un despacho de la Unidad de Administraci\u00f3n P\u00fablica de la Seccional Huila imput\u00f3 cargos por el delito de peculado por apropiaci\u00f3n a cuatro personas, de las cuales tres son integrantes de una misma familia, por el caso de la gerencia de vivienda que el Banco Agrario ofert\u00f3 para los subsidios de inter\u00e9s social rural de [&hellip;]<\/p>\n","protected":false},"author":177,"featured_media":0,"comment_status":"closed","ping_status":"open","sticky":false,"template":"","format":"video","meta":{"_price":"","_stock":"","_tribe_ticket_header":"","_tribe_default_ticket_provider":"","_tribe_ticket_capacity":"0","_ticket_start_date":"","_ticket_end_date":"","_tribe_ticket_show_description":"","_tribe_ticket_show_not_going":false,"_tribe_ticket_use_global_stock":"","_tribe_ticket_global_stock_level":"","_global_stock_mode":"","_global_stock_cap":"","_tribe_rsvp_for_event":"","_tribe_ticket_going_count":"","_tribe_ticket_not_going_count":"","_tribe_tickets_list":"[]","_tribe_ticket_has_attendee_info_fields":false,"tdm_status":"","tdm_grid_status":"","footnotes":""},"categories":[1,333,303,24099],"tags":[465,32548,35238,427,30214,45,17338,1047,16,31720,1229,25289,15,29249,35239],"class_list":{"0":"post-275880","1":"post","2":"type-post","3":"status-publish","4":"format-video","6":"category-noticias","7":"category-seccional-neiva","8":"category-seccionales","9":"category-seguridad-territorial","10":"tag-administracion-publica","11":"tag-banco-agrario","12":"tag-contrato-de-gerencia-de-vivienda","13":"tag-corrupcion","14":"tag-criminalistica","15":"tag-cti","16":"tag-familiares","17":"tag-fiscalia-general-de-la-nacion","18":"tag-huila","19":"tag-neiva-huila","20":"tag-peculado-por-apropiacion","21":"tag-suaza","22":"tag-tarqui","23":"tag-viviendas-de-interes-social-rural","24":"tag-viviendas-inconclusas","25":"post_format-post-format-video"},"yoast_head":"<!-- This site is optimized with the Yoast SEO plugin v24.3 - https:\/\/yoast.com\/wordpress\/plugins\/seo\/ -->\n<title>Fiscal\u00eda General de la Naci\u00f3n<\/title>\n<meta name=\"description\" content=\"P\u00e1gina oficial de la Fiscal\u00eda General de la Naci\u00f3n \u2013 Colombia. Garantizamos el acceso efectivo a la justicia, la verdad y la reparaci\u00f3n de las v\u00edctimas de los delitos.\" \/>\n<meta name=\"robots\" content=\"noindex, follow\" \/>\n<meta property=\"og:locale\" content=\"es_ES\" \/>\n<meta property=\"og:type\" content=\"article\" \/>\n<meta property=\"og:title\" content=\"Fiscal\u00eda General de la Naci\u00f3n\" \/>\n<meta property=\"og:description\" content=\"P\u00e1gina oficial de la Fiscal\u00eda General de la Naci\u00f3n \u2013 Colombia. Garantizamos el acceso efectivo a la justicia, la verdad y la reparaci\u00f3n de las v\u00edctimas de los delitos.\" \/>\n<meta property=\"og:url\" content=\"https:\/\/www.fiscalia.gov.co\/colombia\/noticias\/imputadas-cuatro-personas-por-presunta-apropiacion-de-mas-de-2-000-millones-de-pesos-en-contrato-para-proyecto-de-subsidios-de-vivienda-de-interes-social-rural-en-tarqui-y-suaza-huila\/\" \/>\n<meta property=\"og:site_name\" content=\"Fiscal\u00eda General de la Naci\u00f3n\" \/>\n<meta property=\"article:publisher\" content=\"https:\/\/www.facebook.com\/FiscaliaCol\" \/>\n<meta property=\"article:published_time\" content=\"2023-07-28T15:35:13+00:00\" \/>\n<meta property=\"article:modified_time\" content=\"2023-08-11T14:40:20+00:00\" \/>\n<meta name=\"author\" content=\"Jordan Leandro Oviedo Anzola\" \/>\n<meta name=\"twitter:card\" content=\"summary_large_image\" \/>\n<meta name=\"twitter:creator\" content=\"@FiscaliaCol\" \/>\n<meta name=\"twitter:site\" content=\"@FiscaliaCol\" \/>\n<meta name=\"twitter:label1\" content=\"Escrito por\" \/>\n\t<meta name=\"twitter:data1\" content=\"Jordan Leandro Oviedo Anzola\" \/>\n\t<meta name=\"twitter:label2\" content=\"Tiempo de lectura\" \/>\n\t<meta name=\"twitter:data2\" content=\"4 minutos\" \/>\n<script type=\"application\/ld+json\" class=\"yoast-schema-graph\">{\"@context\":\"https:\/\/schema.org\",\"@graph\":[{\"@type\":\"Article\",\"@id\":\"https:\/\/www.fiscalia.gov.co\/colombia\/noticias\/imputadas-cuatro-personas-por-presunta-apropiacion-de-mas-de-2-000-millones-de-pesos-en-contrato-para-proyecto-de-subsidios-de-vivienda-de-interes-social-rural-en-tarqui-y-suaza-huila\/#article\",\"isPartOf\":{\"@id\":\"https:\/\/www.fiscalia.gov.co\/colombia\/noticias\/imputadas-cuatro-personas-por-presunta-apropiacion-de-mas-de-2-000-millones-de-pesos-en-contrato-para-proyecto-de-subsidios-de-vivienda-de-interes-social-rural-en-tarqui-y-suaza-huila\/\"},\"author\":{\"name\":\"Jordan Leandro Oviedo Anzola\",\"@id\":\"https:\/\/www.fiscalia.gov.co\/colombia\/#\/schema\/person\/bf84402cf293a5393e9c70b111020b24\"},\"headline\":\"Imputadas cuatro personas por presunta apropiaci\u00f3n de m\u00e1s de 2.000 millones de pesos en contrato para proyecto de subsidios de vivienda de inter\u00e9s social rural en Tarqui y Suaza, Huila\",\"datePublished\":\"2023-07-28T15:35:13+00:00\",\"dateModified\":\"2023-08-11T14:40:20+00:00\",\"mainEntityOfPage\":{\"@id\":\"https:\/\/www.fiscalia.gov.co\/colombia\/noticias\/imputadas-cuatro-personas-por-presunta-apropiacion-de-mas-de-2-000-millones-de-pesos-en-contrato-para-proyecto-de-subsidios-de-vivienda-de-interes-social-rural-en-tarqui-y-suaza-huila\/\"},\"wordCount\":752,\"publisher\":{\"@id\":\"https:\/\/www.fiscalia.gov.co\/colombia\/#organization\"},\"keywords\":[\"Administraci\u00f3n p\u00fablica\",\"Banco Agrario\",\"contrato de gerencia de vivienda\",\"Corrupci\u00f3n\",\"criminal\u00edstica\",\"CTI\",\"Familiares\",\"Fiscal\u00eda General de la Naci\u00f3n\",\"Huila\",\"Neiva (Huila)\",\"Peculado por apropiaci\u00f3n\",\"Suaza\",\"Tarqui\",\"viviendas de inter\u00e9s social rural\",\"viviendas inconclusas\"],\"articleSection\":[\"Noticias\",\"Seccional Neiva\",\"Seccionales\",\"Seguridad territorial\"],\"inLanguage\":\"es-CO\"},{\"@type\":\"WebPage\",\"@id\":\"https:\/\/www.fiscalia.gov.co\/colombia\/noticias\/imputadas-cuatro-personas-por-presunta-apropiacion-de-mas-de-2-000-millones-de-pesos-en-contrato-para-proyecto-de-subsidios-de-vivienda-de-interes-social-rural-en-tarqui-y-suaza-huila\/\",\"url\":\"https:\/\/www.fiscalia.gov.co\/colombia\/noticias\/imputadas-cuatro-personas-por-presunta-apropiacion-de-mas-de-2-000-millones-de-pesos-en-contrato-para-proyecto-de-subsidios-de-vivienda-de-interes-social-rural-en-tarqui-y-suaza-huila\/\",\"name\":\"Fiscal\u00eda General de la Naci\u00f3n\",\"isPartOf\":{\"@id\":\"https:\/\/www.fiscalia.gov.co\/colombia\/#website\"},\"datePublished\":\"2023-07-28T15:35:13+00:00\",\"dateModified\":\"2023-08-11T14:40:20+00:00\",\"description\":\"P\u00e1gina oficial de la Fiscal\u00eda General de la Naci\u00f3n \u2013 Colombia. Garantizamos el acceso efectivo a la justicia, la verdad y la reparaci\u00f3n de las v\u00edctimas de los delitos.\",\"breadcrumb\":{\"@id\":\"https:\/\/www.fiscalia.gov.co\/colombia\/noticias\/imputadas-cuatro-personas-por-presunta-apropiacion-de-mas-de-2-000-millones-de-pesos-en-contrato-para-proyecto-de-subsidios-de-vivienda-de-interes-social-rural-en-tarqui-y-suaza-huila\/#breadcrumb\"},\"inLanguage\":\"es-CO\",\"potentialAction\":[{\"@type\":\"ReadAction\",\"target\":[\"https:\/\/www.fiscalia.gov.co\/colombia\/noticias\/imputadas-cuatro-personas-por-presunta-apropiacion-de-mas-de-2-000-millones-de-pesos-en-contrato-para-proyecto-de-subsidios-de-vivienda-de-interes-social-rural-en-tarqui-y-suaza-huila\/\"]}]},{\"@type\":\"BreadcrumbList\",\"@id\":\"https:\/\/www.fiscalia.gov.co\/colombia\/noticias\/imputadas-cuatro-personas-por-presunta-apropiacion-de-mas-de-2-000-millones-de-pesos-en-contrato-para-proyecto-de-subsidios-de-vivienda-de-interes-social-rural-en-tarqui-y-suaza-huila\/#breadcrumb\",\"itemListElement\":[{\"@type\":\"ListItem\",\"position\":1,\"name\":\"Home\",\"item\":\"https:\/\/www.fiscalia.gov.co\/colombia\/\"},{\"@type\":\"ListItem\",\"position\":2,\"name\":\"Imputadas cuatro personas por presunta apropiaci\u00f3n de m\u00e1s de 2.000 millones de pesos en contrato para proyecto de subsidios de vivienda de inter\u00e9s social rural en Tarqui y Suaza, Huila\"}]},{\"@type\":\"WebSite\",\"@id\":\"https:\/\/www.fiscalia.gov.co\/colombia\/#website\",\"url\":\"https:\/\/www.fiscalia.gov.co\/colombia\/\",\"name\":\"Fiscal\u00eda General de la Naci\u00f3n\",\"description\":\"P\u00e1gina oficial de la Fiscal\u00eda General de la Naci\u00f3n \u2013 Colombia. Garantizamos el acceso efectivo a la justicia, la verdad y la reparaci\u00f3n de las v\u00edctimas de los delitos.\",\"publisher\":{\"@id\":\"https:\/\/www.fiscalia.gov.co\/colombia\/#organization\"},\"potentialAction\":[{\"@type\":\"SearchAction\",\"target\":{\"@type\":\"EntryPoint\",\"urlTemplate\":\"https:\/\/www.fiscalia.gov.co\/colombia\/?s={search_term_string}\"},\"query-input\":{\"@type\":\"PropertyValueSpecification\",\"valueRequired\":true,\"valueName\":\"search_term_string\"}}],\"inLanguage\":\"es-CO\"},{\"@type\":\"Organization\",\"@id\":\"https:\/\/www.fiscalia.gov.co\/colombia\/#organization\",\"name\":\"Fiscal\u00eda General de la Naci\u00f3n\",\"url\":\"https:\/\/www.fiscalia.gov.co\/colombia\/\",\"logo\":{\"@type\":\"ImageObject\",\"inLanguage\":\"es-CO\",\"@id\":\"https:\/\/www.fiscalia.gov.co\/colombia\/#\/schema\/logo\/image\/\",\"url\":\"https:\/\/www.fiscalia.gov.co\/colombia\/wp-content\/uploads\/LogoHorizontal_1.jpg\",\"contentUrl\":\"https:\/\/www.fiscalia.gov.co\/colombia\/wp-content\/uploads\/LogoHorizontal_1.jpg\",\"width\":300,\"height\":90,\"caption\":\"Fiscal\u00eda General de la Naci\u00f3n\"},\"image\":{\"@id\":\"https:\/\/www.fiscalia.gov.co\/colombia\/#\/schema\/logo\/image\/\"},\"sameAs\":[\"https:\/\/www.facebook.com\/FiscaliaCol\",\"https:\/\/x.com\/FiscaliaCol\",\"https:\/\/www.instagram.com\/fiscaliacol\",\"https:\/\/www.linkedin.com\/company\/fiscalia-general-de-la-naci-n\/\",\"https:\/\/youtube.com\/@fiscaliageneraldelanacion-4668?si=6nN79nyQICPU5iTh\"]},{\"@type\":\"Person\",\"@id\":\"https:\/\/www.fiscalia.gov.co\/colombia\/#\/schema\/person\/bf84402cf293a5393e9c70b111020b24\",\"name\":\"Jordan Leandro Oviedo Anzola\",\"image\":{\"@type\":\"ImageObject\",\"inLanguage\":\"es-CO\",\"@id\":\"https:\/\/www.fiscalia.gov.co\/colombia\/#\/schema\/person\/image\/\",\"url\":\"https:\/\/secure.gravatar.com\/avatar\/dabba4346fa9b9207d96adafa8f92721?s=96&d=mm&r=g\",\"contentUrl\":\"https:\/\/secure.gravatar.com\/avatar\/dabba4346fa9b9207d96adafa8f92721?s=96&d=mm&r=g\",\"caption\":\"Jordan Leandro Oviedo Anzola\"},\"url\":\"https:\/\/www.fiscalia.gov.co\/colombia\/author\/joviedo\/\"}]}<\/script>\n<!-- \/ Yoast SEO plugin. -->","yoast_head_json":{"title":"Fiscal\u00eda General de la Naci\u00f3n","description":"P\u00e1gina oficial de la Fiscal\u00eda General de la Naci\u00f3n \u2013 Colombia. Garantizamos el acceso efectivo a la justicia, la verdad y la reparaci\u00f3n de las v\u00edctimas de los delitos.","robots":{"index":"noindex","follow":"follow"},"og_locale":"es_ES","og_type":"article","og_title":"Fiscal\u00eda General de la Naci\u00f3n","og_description":"P\u00e1gina oficial de la Fiscal\u00eda General de la Naci\u00f3n \u2013 Colombia. Garantizamos el acceso efectivo a la justicia, la verdad y la reparaci\u00f3n de las v\u00edctimas de los delitos.","og_url":"https:\/\/www.fiscalia.gov.co\/colombia\/noticias\/imputadas-cuatro-personas-por-presunta-apropiacion-de-mas-de-2-000-millones-de-pesos-en-contrato-para-proyecto-de-subsidios-de-vivienda-de-interes-social-rural-en-tarqui-y-suaza-huila\/","og_site_name":"Fiscal\u00eda General de la Naci\u00f3n","article_publisher":"https:\/\/www.facebook.com\/FiscaliaCol","article_published_time":"2023-07-28T15:35:13+00:00","article_modified_time":"2023-08-11T14:40:20+00:00","author":"Jordan Leandro Oviedo Anzola","twitter_card":"summary_large_image","twitter_creator":"@FiscaliaCol","twitter_site":"@FiscaliaCol","twitter_misc":{"Escrito por":"Jordan Leandro Oviedo Anzola","Tiempo de lectura":"4 minutos"},"schema":{"@context":"https:\/\/schema.org","@graph":[{"@type":"Article","@id":"https:\/\/www.fiscalia.gov.co\/colombia\/noticias\/imputadas-cuatro-personas-por-presunta-apropiacion-de-mas-de-2-000-millones-de-pesos-en-contrato-para-proyecto-de-subsidios-de-vivienda-de-interes-social-rural-en-tarqui-y-suaza-huila\/#article","isPartOf":{"@id":"https:\/\/www.fiscalia.gov.co\/colombia\/noticias\/imputadas-cuatro-personas-por-presunta-apropiacion-de-mas-de-2-000-millones-de-pesos-en-contrato-para-proyecto-de-subsidios-de-vivienda-de-interes-social-rural-en-tarqui-y-suaza-huila\/"},"author":{"name":"Jordan Leandro Oviedo Anzola","@id":"https:\/\/www.fiscalia.gov.co\/colombia\/#\/schema\/person\/bf84402cf293a5393e9c70b111020b24"},"headline":"Imputadas cuatro personas por presunta apropiaci\u00f3n de m\u00e1s de 2.000 millones de pesos en contrato para proyecto de subsidios de vivienda de inter\u00e9s social rural en Tarqui y Suaza, Huila","datePublished":"2023-07-28T15:35:13+00:00","dateModified":"2023-08-11T14:40:20+00:00","mainEntityOfPage":{"@id":"https:\/\/www.fiscalia.gov.co\/colombia\/noticias\/imputadas-cuatro-personas-por-presunta-apropiacion-de-mas-de-2-000-millones-de-pesos-en-contrato-para-proyecto-de-subsidios-de-vivienda-de-interes-social-rural-en-tarqui-y-suaza-huila\/"},"wordCount":752,"publisher":{"@id":"https:\/\/www.fiscalia.gov.co\/colombia\/#organization"},"keywords":["Administraci\u00f3n p\u00fablica","Banco Agrario","contrato de gerencia de vivienda","Corrupci\u00f3n","criminal\u00edstica","CTI","Familiares","Fiscal\u00eda General de la Naci\u00f3n","Huila","Neiva (Huila)","Peculado por apropiaci\u00f3n","Suaza","Tarqui","viviendas de inter\u00e9s social rural","viviendas inconclusas"],"articleSection":["Noticias","Seccional Neiva","Seccionales","Seguridad territorial"],"inLanguage":"es-CO"},{"@type":"WebPage","@id":"https:\/\/www.fiscalia.gov.co\/colombia\/noticias\/imputadas-cuatro-personas-por-presunta-apropiacion-de-mas-de-2-000-millones-de-pesos-en-contrato-para-proyecto-de-subsidios-de-vivienda-de-interes-social-rural-en-tarqui-y-suaza-huila\/","url":"https:\/\/www.fiscalia.gov.co\/colombia\/noticias\/imputadas-cuatro-personas-por-presunta-apropiacion-de-mas-de-2-000-millones-de-pesos-en-contrato-para-proyecto-de-subsidios-de-vivienda-de-interes-social-rural-en-tarqui-y-suaza-huila\/","name":"Fiscal\u00eda General de la Naci\u00f3n","isPartOf":{"@id":"https:\/\/www.fiscalia.gov.co\/colombia\/#website"},"datePublished":"2023-07-28T15:35:13+00:00","dateModified":"2023-08-11T14:40:20+00:00","description":"P\u00e1gina oficial de la Fiscal\u00eda General de la Naci\u00f3n \u2013 Colombia. Garantizamos el acceso efectivo a la justicia, la verdad y la reparaci\u00f3n de las v\u00edctimas de los delitos.","breadcrumb":{"@id":"https:\/\/www.fiscalia.gov.co\/colombia\/noticias\/imputadas-cuatro-personas-por-presunta-apropiacion-de-mas-de-2-000-millones-de-pesos-en-contrato-para-proyecto-de-subsidios-de-vivienda-de-interes-social-rural-en-tarqui-y-suaza-huila\/#breadcrumb"},"inLanguage":"es-CO","potentialAction":[{"@type":"ReadAction","target":["https:\/\/www.fiscalia.gov.co\/colombia\/noticias\/imputadas-cuatro-personas-por-presunta-apropiacion-de-mas-de-2-000-millones-de-pesos-en-contrato-para-proyecto-de-subsidios-de-vivienda-de-interes-social-rural-en-tarqui-y-suaza-huila\/"]}]},{"@type":"BreadcrumbList","@id":"https:\/\/www.fiscalia.gov.co\/colombia\/noticias\/imputadas-cuatro-personas-por-presunta-apropiacion-de-mas-de-2-000-millones-de-pesos-en-contrato-para-proyecto-de-subsidios-de-vivienda-de-interes-social-rural-en-tarqui-y-suaza-huila\/#breadcrumb","itemListElement":[{"@type":"ListItem","position":1,"name":"Home","item":"https:\/\/www.fiscalia.gov.co\/colombia\/"},{"@type":"ListItem","position":2,"name":"Imputadas cuatro personas por presunta apropiaci\u00f3n de m\u00e1s de 2.000 millones de pesos en contrato para proyecto de subsidios de vivienda de inter\u00e9s social rural en Tarqui y Suaza, Huila"}]},{"@type":"WebSite","@id":"https:\/\/www.fiscalia.gov.co\/colombia\/#website","url":"https:\/\/www.fiscalia.gov.co\/colombia\/","name":"Fiscal\u00eda General de la Naci\u00f3n","description":"P\u00e1gina oficial de la Fiscal\u00eda General de la Naci\u00f3n \u2013 Colombia. Garantizamos el acceso efectivo a la justicia, la verdad y la reparaci\u00f3n de las v\u00edctimas de los delitos.","publisher":{"@id":"https:\/\/www.fiscalia.gov.co\/colombia\/#organization"},"potentialAction":[{"@type":"SearchAction","target":{"@type":"EntryPoint","urlTemplate":"https:\/\/www.fiscalia.gov.co\/colombia\/?s={search_term_string}"},"query-input":{"@type":"PropertyValueSpecification","valueRequired":true,"valueName":"search_term_string"}}],"inLanguage":"es-CO"},{"@type":"Organization","@id":"https:\/\/www.fiscalia.gov.co\/colombia\/#organization","name":"Fiscal\u00eda General de la Naci\u00f3n","url":"https:\/\/www.fiscalia.gov.co\/colombia\/","logo":{"@type":"ImageObject","inLanguage":"es-CO","@id":"https:\/\/www.fiscalia.gov.co\/colombia\/#\/schema\/logo\/image\/","url":"https:\/\/www.fiscalia.gov.co\/colombia\/wp-content\/uploads\/LogoHorizontal_1.jpg","contentUrl":"https:\/\/www.fiscalia.gov.co\/colombia\/wp-content\/uploads\/LogoHorizontal_1.jpg","width":300,"height":90,"caption":"Fiscal\u00eda General de la Naci\u00f3n"},"image":{"@id":"https:\/\/www.fiscalia.gov.co\/colombia\/#\/schema\/logo\/image\/"},"sameAs":["https:\/\/www.facebook.com\/FiscaliaCol","https:\/\/x.com\/FiscaliaCol","https:\/\/www.instagram.com\/fiscaliacol","https:\/\/www.linkedin.com\/company\/fiscalia-general-de-la-naci-n\/","https:\/\/youtube.com\/@fiscaliageneraldelanacion-4668?si=6nN79nyQICPU5iTh"]},{"@type":"Person","@id":"https:\/\/www.fiscalia.gov.co\/colombia\/#\/schema\/person\/bf84402cf293a5393e9c70b111020b24","name":"Jordan Leandro Oviedo Anzola","image":{"@type":"ImageObject","inLanguage":"es-CO","@id":"https:\/\/www.fiscalia.gov.co\/colombia\/#\/schema\/person\/image\/","url":"https:\/\/secure.gravatar.com\/avatar\/dabba4346fa9b9207d96adafa8f92721?s=96&d=mm&r=g","contentUrl":"https:\/\/secure.gravatar.com\/avatar\/dabba4346fa9b9207d96adafa8f92721?s=96&d=mm&r=g","caption":"Jordan Leandro Oviedo Anzola"},"url":"https:\/\/www.fiscalia.gov.co\/colombia\/author\/joviedo\/"}]}},"_links":{"self":[{"href":"https:\/\/www.fiscalia.gov.co\/colombia\/wp-json\/wp\/v2\/posts\/275880","targetHints":{"allow":["GET"]}}],"collection":[{"href":"https:\/\/www.fiscalia.gov.co\/colombia\/wp-json\/wp\/v2\/posts"}],"about":[{"href":"https:\/\/www.fiscalia.gov.co\/colombia\/wp-json\/wp\/v2\/types\/post"}],"author":[{"embeddable":true,"href":"https:\/\/www.fiscalia.gov.co\/colombia\/wp-json\/wp\/v2\/users\/177"}],"replies":[{"embeddable":true,"href":"https:\/\/www.fiscalia.gov.co\/colombia\/wp-json\/wp\/v2\/comments?post=275880"}],"version-history":[{"count":1,"href":"https:\/\/www.fiscalia.gov.co\/colombia\/wp-json\/wp\/v2\/posts\/275880\/revisions"}],"predecessor-version":[{"id":275881,"href":"https:\/\/www.fiscalia.gov.co\/colombia\/wp-json\/wp\/v2\/posts\/275880\/revisions\/275881"}],"wp:attachment":[{"href":"https:\/\/www.fiscalia.gov.co\/colombia\/wp-json\/wp\/v2\/media?parent=275880"}],"wp:term":[{"taxonomy":"category","embeddable":true,"href":"https:\/\/www.fiscalia.gov.co\/colombia\/wp-json\/wp\/v2\/categories?post=275880"},{"taxonomy":"post_tag","embeddable":true,"href":"https:\/\/www.fiscalia.gov.co\/colombia\/wp-json\/wp\/v2\/tags?post=275880"}],"curies":[{"name":"wp","href":"https:\/\/api.w.org\/{rel}","templated":true}]}}