{"id":275871,"date":"2023-07-28T09:47:24","date_gmt":"2023-07-28T14:47:24","guid":{"rendered":"https:\/\/www.fiscalia.gov.co\/colombia\/?p=275871"},"modified":"2023-08-11T09:40:08","modified_gmt":"2023-08-11T14:40:08","slug":"judicializadas-dos-personas-que-habrian-atentado-contra-menores-arauca","status":"publish","type":"post","link":"https:\/\/www.fiscalia.gov.co\/colombia\/noticias\/judicializadas-dos-personas-que-habrian-atentado-contra-menores-arauca\/","title":{"rendered":"Judicializadas dos personas que habr\u00edan atentado contra menores Arauca"},"content":{"rendered":"<p><span lang=\"ES\">La Fiscal\u00eda General de la Naci\u00f3n en su estrategia de priorizar los delitos que atentan contra la integridad de los ni\u00f1os, ni\u00f1as y adolescentes, en Arauca en los \u00faltimos d\u00edas logr\u00f3 la captura de dos personas investigadas por su presunta responsabilidad en delitos de\u00a0<\/span><a href=\"https:\/\/www.fiscalia.gov.co\/colombia\/noticias\/en-arauca-la-fiscalia-obtuvo-sentenciascondenatoriaspor-violencia-intrafamiliar-y-violencia-de-genero\/\" target=\"_blank\" rel=\"noopener\" data-saferedirecturl=\"https:\/\/www.google.com\/url?q=https:\/\/www.fiscalia.gov.co\/colombia\/noticias\/en-arauca-la-fiscalia-obtuvo-sentenciascondenatoriaspor-violencia-intrafamiliar-y-violencia-de-genero\/&amp;source=gmail&amp;ust=1690641766594000&amp;usg=AOvVaw1P6GdWkj2uUHrd32e8gU_V\"><span lang=\"ES\">violencia intrafamiliar<\/span><\/a><span lang=\"ES\">\u00a0y sexuales.<\/span><\/p>\n<p><strong><u><span lang=\"ES\">Violencia intrafamiliar<\/span><\/u><\/strong><\/p>\n<p><span lang=\"ES\">Un Fiscal de la Seccional Arauca, logr\u00f3 que un juez con funciones de control de garant\u00edas judicializara a una madre como presunta responsable del delito de violencia intrafamiliar agravada.<\/span><\/p>\n<figure id=\"attachment_275872\" aria-describedby=\"caption-attachment-275872\" style=\"width: 854px\" class=\"wp-caption aligncenter\"><img loading=\"lazy\" decoding=\"async\" class=\"size-full wp-image-275872\" src=\"https:\/\/www.fiscalia.gov.co\/colombia\/wp-content\/uploads\/image001-41.jpg\" alt=\"En la imagen se observa la capturada de espaldas junto a un investigador del CTI y uniformados de la Polic\u00eda y Ej\u00e9rcito Nacional. En la parte posterior se observan los banners que identifican a la Fiscal\u00eda General de la Naci\u00f3n y al Gaula Militar.\" width=\"854\" height=\"729\" srcset=\"https:\/\/www.fiscalia.gov.co\/colombia\/wp-content\/uploads\/image001-41.jpg 854w, https:\/\/www.fiscalia.gov.co\/colombia\/wp-content\/uploads\/image001-41-300x256.jpg 300w, https:\/\/www.fiscalia.gov.co\/colombia\/wp-content\/uploads\/image001-41-768x656.jpg 768w, https:\/\/www.fiscalia.gov.co\/colombia\/wp-content\/uploads\/image001-41-696x594.jpg 696w, https:\/\/www.fiscalia.gov.co\/colombia\/wp-content\/uploads\/image001-41-492x420.jpg 492w\" sizes=\"auto, (max-width: 854px) 100vw, 854px\" \/><figcaption id=\"caption-attachment-275872\" class=\"wp-caption-text\">La mujer habr\u00eda agredido a su hija de cinco a\u00f1os en zona rural de Arauca<\/figcaption><\/figure>\n<p><span lang=\"ES\">Seg\u00fan la investigaci\u00f3n, los hechos se habr\u00eda registrado el pasado 14 de julio, en el corregimiento Ca\u00f1as Bravas, jurisdicci\u00f3n del municipio de Arauquita (Arauca), cuando la mujer le habr\u00eda agredido a su hija de cinco a\u00f1os quem\u00e1ndole las manos con un cuchillo, al parecer por no hacerle caso.<\/span><\/p>\n<p><span lang=\"ES\">Una vez conocido el caso a trav\u00e9s de las redes sociales, en un trabajo articulado investigadores del CTI y la Polic\u00eda Nacional, lograron identificar a la madre e hicieron efectiva la captura este 26 de julio en v\u00eda p\u00fablica de la capital araucana.<\/span><\/p>\n<p><strong><u><span lang=\"ES\">Delitos sexuales<\/span><\/u><\/strong><\/p>\n<p><span lang=\"ES\">Por otra, parte el 19 de julio fue capturado en el aeropuerto internacional El Dorado, un hombre que ingresaba al pa\u00eds proveniente de la ciudad de M\u00e9xico, quien era requerido por su presunta responsabilidad en el delito de acceso carnal abusivo con menor de 14 a\u00f1os agravado en concurso homog\u00e9neo y sucesivo con actos sexuales abusivo con menor de 14 a\u00f1os agravado.<\/span><\/p>\n<figure id=\"attachment_275873\" aria-describedby=\"caption-attachment-275873\" style=\"width: 589px\" class=\"wp-caption aligncenter\"><img loading=\"lazy\" decoding=\"async\" class=\"size-full wp-image-275873\" src=\"https:\/\/www.fiscalia.gov.co\/colombia\/wp-content\/uploads\/image002-13.jpg\" alt=\"En la imagen aparece el capturado con el rostro difuminado junto a un uniformado de la Polic\u00eda Nacional. En la parte posterior se observa el banner que identifica a la Polic\u00eda Nacional.\" width=\"589\" height=\"551\" srcset=\"https:\/\/www.fiscalia.gov.co\/colombia\/wp-content\/uploads\/image002-13.jpg 589w, https:\/\/www.fiscalia.gov.co\/colombia\/wp-content\/uploads\/image002-13-300x281.jpg 300w, https:\/\/www.fiscalia.gov.co\/colombia\/wp-content\/uploads\/image002-13-449x420.jpg 449w\" sizes=\"auto, (max-width: 589px) 100vw, 589px\" \/><figcaption id=\"caption-attachment-275873\" class=\"wp-caption-text\">El hombre capturado en el aeropuerto internacional el Dorado, habr\u00eda abusado de una menor en los meses de junio y julio de 2022 en zona rural de Arauca.<\/figcaption><\/figure>\n<p><span lang=\"ES\">Las indagaciones adelantadas por la Fiscal\u00eda evidenciaron que el hoy procesado, al parecer, en junio y julio de 2022 abuso de una menor de 12 a\u00f1os que resid\u00eda en su casa bajo el cuidado de su esposa.<\/span><\/p>\n<p><span lang=\"ES\">El hombre, habr\u00eda aprovechado los momentos en que quedaba solo con la menor para realizarle todo tipo de\u00a0<\/span><a href=\"https:\/\/www.fiscalia.gov.co\/colombia\/noticias\/a-la-carcel-tres-hombres-investigados-por-delitos-sexuales-en-arauca\/\" target=\"_blank\" rel=\"noopener\" data-saferedirecturl=\"https:\/\/www.google.com\/url?q=https:\/\/www.fiscalia.gov.co\/colombia\/noticias\/a-la-carcel-tres-hombres-investigados-por-delitos-sexuales-en-arauca\/&amp;source=gmail&amp;ust=1690641766594000&amp;usg=AOvVaw2khuI1U5D75iLmPvmA6wi-\"><span lang=\"ES\">vej\u00e1menes sexuales<\/span><\/a><span lang=\"ES\">. Como resultado de esta acci\u00f3n delictiva la menor qued\u00f3 en estado de gestaci\u00f3n.<\/span><\/p>\n<p><span lang=\"ES\">En el desarrollo de las audiencias los procesados no aceptaron los cargos y se les impuso medida de aseguramiento.<\/span><\/p>\n<p><b><u><span lang=\"ES\">La Fiscal\u00eda habla con resultados<\/span><\/u><\/b><\/p>\n<p>&nbsp;<\/p>\n<p>&nbsp;<\/p>\n<p>&nbsp;<\/p>\n<p>&nbsp;<\/p>\n<p>&nbsp;<\/p>\n<p><span lang=\"ES\">MPHA\/MG\/HMCR\/DSA<\/span><\/p>\n<p><i><span lang=\"ES\">La informaci\u00f3n contenida en este bolet\u00edn de prensa corresponde a la narraci\u00f3n de los hechos noticiosos objetivos, suministrados por los funcionarios encargados de adelantar las investigaciones penales al interior de la Fiscal\u00eda General de la Naci\u00f3n. Para el momento de la divulgaci\u00f3n de este comunicado, la situaci\u00f3n jur\u00eddica de la(s) persona(s) relacionada(s) se encuentra pendiente de resolver por la autoridad judicial competente, siempre bajo los preceptos de la presunci\u00f3n de inocencia, consagrados en el art\u00edculo 29 de la Constituci\u00f3n Pol\u00edtica y el art\u00edculo 7\u00ba de la Ley 906 de 2004.<\/span><\/i><\/p>\n\n<div class=\"twitter-share\"><a href=\"https:\/\/twitter.com\/intent\/tweet?via=fiscaliacol\" class=\"twitter-share-button\">Tweet<\/a><\/div>\n","protected":false},"excerpt":{"rendered":"<p>La Fiscal\u00eda General de la Naci\u00f3n en su estrategia de priorizar los delitos que atentan contra la integridad de los ni\u00f1os, ni\u00f1as y adolescentes, en Arauca en los \u00faltimos d\u00edas [&hellip;]<\/p>\n","protected":false},"author":177,"featured_media":0,"comment_status":"closed","ping_status":"open","sticky":false,"template":"","format":"video","meta":{"tdm_status":"","tdm_grid_status":"","footnotes":""},"categories":[1,12632,303,24127],"tags":[31726,24185,4614,1047,31955,2286,711,1176],"class_list":["post-275871","post","type-post","status-publish","format-video","category-noticias","category-seccional-arauca","category-seccionales","category-violencia-sexual-e-intrafamiliar","tag-arauca-arauca","tag-fiscal-barbosa","tag-fiscalia-2","tag-fiscalia-general-de-la-nacion","tag-inmediatez","tag-justicia","tag-proteccion","tag-violencia-de-genero","post_format-post-format-video"],"yoast_head":"<!-- This site is optimized with the Yoast SEO plugin v24.3 - https:\/\/yoast.com\/wordpress\/plugins\/seo\/ -->\n<title>Fiscal\u00eda General de la Naci\u00f3n<\/title>\n<meta name=\"description\" content=\"P\u00e1gina oficial de la Fiscal\u00eda General de la Naci\u00f3n \u2013 Colombia. Garantizamos el acceso efectivo a la justicia, la verdad y la reparaci\u00f3n de las v\u00edctimas de los delitos.\" \/>\n<meta name=\"robots\" content=\"noindex, follow\" \/>\n<meta property=\"og:locale\" content=\"es_ES\" \/>\n<meta property=\"og:type\" content=\"article\" \/>\n<meta property=\"og:title\" content=\"Fiscal\u00eda General de la Naci\u00f3n\" \/>\n<meta property=\"og:description\" content=\"P\u00e1gina oficial de la Fiscal\u00eda General de la Naci\u00f3n \u2013 Colombia. Garantizamos el acceso efectivo a la justicia, la verdad y la reparaci\u00f3n de las v\u00edctimas de los delitos.\" \/>\n<meta property=\"og:url\" content=\"https:\/\/www.fiscalia.gov.co\/colombia\/noticias\/judicializadas-dos-personas-que-habrian-atentado-contra-menores-arauca\/\" \/>\n<meta property=\"og:site_name\" content=\"Fiscal\u00eda General de la Naci\u00f3n\" \/>\n<meta property=\"article:publisher\" content=\"https:\/\/www.facebook.com\/FiscaliaCol\" \/>\n<meta property=\"article:published_time\" content=\"2023-07-28T14:47:24+00:00\" \/>\n<meta property=\"article:modified_time\" content=\"2023-08-11T14:40:08+00:00\" \/>\n<meta property=\"og:image\" content=\"https:\/\/www.fiscalia.gov.co\/colombia\/wp-content\/uploads\/image001-41.jpg\" \/>\n<meta name=\"author\" content=\"Jordan Leandro Oviedo Anzola\" \/>\n<meta name=\"twitter:card\" content=\"summary_large_image\" \/>\n<meta name=\"twitter:creator\" content=\"@FiscaliaCol\" \/>\n<meta name=\"twitter:site\" content=\"@FiscaliaCol\" \/>\n<meta name=\"twitter:label1\" content=\"Escrito por\" \/>\n\t<meta name=\"twitter:data1\" content=\"Jordan Leandro Oviedo Anzola\" \/>\n\t<meta name=\"twitter:label2\" content=\"Tiempo de lectura\" \/>\n\t<meta name=\"twitter:data2\" content=\"3 minutos\" \/>\n<script type=\"application\/ld+json\" class=\"yoast-schema-graph\">{\"@context\":\"https:\/\/schema.org\",\"@graph\":[{\"@type\":\"Article\",\"@id\":\"https:\/\/www.fiscalia.gov.co\/colombia\/noticias\/judicializadas-dos-personas-que-habrian-atentado-contra-menores-arauca\/#article\",\"isPartOf\":{\"@id\":\"https:\/\/www.fiscalia.gov.co\/colombia\/noticias\/judicializadas-dos-personas-que-habrian-atentado-contra-menores-arauca\/\"},\"author\":{\"name\":\"Jordan Leandro Oviedo Anzola\",\"@id\":\"https:\/\/www.fiscalia.gov.co\/colombia\/#\/schema\/person\/bf84402cf293a5393e9c70b111020b24\"},\"headline\":\"Judicializadas dos personas que habr\u00edan atentado contra menores Arauca\",\"datePublished\":\"2023-07-28T14:47:24+00:00\",\"dateModified\":\"2023-08-11T14:40:08+00:00\",\"mainEntityOfPage\":{\"@id\":\"https:\/\/www.fiscalia.gov.co\/colombia\/noticias\/judicializadas-dos-personas-que-habrian-atentado-contra-menores-arauca\/\"},\"wordCount\":532,\"publisher\":{\"@id\":\"https:\/\/www.fiscalia.gov.co\/colombia\/#organization\"},\"image\":{\"@id\":\"https:\/\/www.fiscalia.gov.co\/colombia\/noticias\/judicializadas-dos-personas-que-habrian-atentado-contra-menores-arauca\/#primaryimage\"},\"thumbnailUrl\":\"https:\/\/www.fiscalia.gov.co\/colombia\/wp-content\/uploads\/image001-41.jpg\",\"keywords\":[\"Arauca (Arauca)\",\"Fiscal Barbosa\",\"Fiscal\u00eda\",\"Fiscal\u00eda General de la Naci\u00f3n\",\"inmediatez\",\"Justicia\",\"Protecci\u00f3n\",\"Violencia de g\u00e9nero\"],\"articleSection\":[\"Noticias\",\"Seccional Arauca\",\"Seccionales\",\"Violencia sexual e intrafamiliar\"],\"inLanguage\":\"es-CO\"},{\"@type\":\"WebPage\",\"@id\":\"https:\/\/www.fiscalia.gov.co\/colombia\/noticias\/judicializadas-dos-personas-que-habrian-atentado-contra-menores-arauca\/\",\"url\":\"https:\/\/www.fiscalia.gov.co\/colombia\/noticias\/judicializadas-dos-personas-que-habrian-atentado-contra-menores-arauca\/\",\"name\":\"Fiscal\u00eda General de la Naci\u00f3n\",\"isPartOf\":{\"@id\":\"https:\/\/www.fiscalia.gov.co\/colombia\/#website\"},\"primaryImageOfPage\":{\"@id\":\"https:\/\/www.fiscalia.gov.co\/colombia\/noticias\/judicializadas-dos-personas-que-habrian-atentado-contra-menores-arauca\/#primaryimage\"},\"image\":{\"@id\":\"https:\/\/www.fiscalia.gov.co\/colombia\/noticias\/judicializadas-dos-personas-que-habrian-atentado-contra-menores-arauca\/#primaryimage\"},\"thumbnailUrl\":\"https:\/\/www.fiscalia.gov.co\/colombia\/wp-content\/uploads\/image001-41.jpg\",\"datePublished\":\"2023-07-28T14:47:24+00:00\",\"dateModified\":\"2023-08-11T14:40:08+00:00\",\"description\":\"P\u00e1gina oficial de la Fiscal\u00eda General de la Naci\u00f3n \u2013 Colombia. Garantizamos el acceso efectivo a la justicia, la verdad y la reparaci\u00f3n de las v\u00edctimas de los delitos.\",\"breadcrumb\":{\"@id\":\"https:\/\/www.fiscalia.gov.co\/colombia\/noticias\/judicializadas-dos-personas-que-habrian-atentado-contra-menores-arauca\/#breadcrumb\"},\"inLanguage\":\"es-CO\",\"potentialAction\":[{\"@type\":\"ReadAction\",\"target\":[\"https:\/\/www.fiscalia.gov.co\/colombia\/noticias\/judicializadas-dos-personas-que-habrian-atentado-contra-menores-arauca\/\"]}]},{\"@type\":\"ImageObject\",\"inLanguage\":\"es-CO\",\"@id\":\"https:\/\/www.fiscalia.gov.co\/colombia\/noticias\/judicializadas-dos-personas-que-habrian-atentado-contra-menores-arauca\/#primaryimage\",\"url\":\"https:\/\/www.fiscalia.gov.co\/colombia\/wp-content\/uploads\/image001-41.jpg\",\"contentUrl\":\"https:\/\/www.fiscalia.gov.co\/colombia\/wp-content\/uploads\/image001-41.jpg\",\"width\":854,\"height\":729,\"caption\":\"La mujer habr\u00eda agredido a su hija de cinco a\u00f1os en zona rural de Arauca\"},{\"@type\":\"BreadcrumbList\",\"@id\":\"https:\/\/www.fiscalia.gov.co\/colombia\/noticias\/judicializadas-dos-personas-que-habrian-atentado-contra-menores-arauca\/#breadcrumb\",\"itemListElement\":[{\"@type\":\"ListItem\",\"position\":1,\"name\":\"Home\",\"item\":\"https:\/\/www.fiscalia.gov.co\/colombia\/\"},{\"@type\":\"ListItem\",\"position\":2,\"name\":\"Judicializadas dos personas que habr\u00edan atentado contra menores Arauca\"}]},{\"@type\":\"WebSite\",\"@id\":\"https:\/\/www.fiscalia.gov.co\/colombia\/#website\",\"url\":\"https:\/\/www.fiscalia.gov.co\/colombia\/\",\"name\":\"Fiscal\u00eda General de la Naci\u00f3n\",\"description\":\"P\u00e1gina oficial de la Fiscal\u00eda General de la Naci\u00f3n \u2013 Colombia. Garantizamos el acceso efectivo a la justicia, la verdad y la reparaci\u00f3n de las v\u00edctimas de los delitos.\",\"publisher\":{\"@id\":\"https:\/\/www.fiscalia.gov.co\/colombia\/#organization\"},\"potentialAction\":[{\"@type\":\"SearchAction\",\"target\":{\"@type\":\"EntryPoint\",\"urlTemplate\":\"https:\/\/www.fiscalia.gov.co\/colombia\/?s={search_term_string}\"},\"query-input\":{\"@type\":\"PropertyValueSpecification\",\"valueRequired\":true,\"valueName\":\"search_term_string\"}}],\"inLanguage\":\"es-CO\"},{\"@type\":\"Organization\",\"@id\":\"https:\/\/www.fiscalia.gov.co\/colombia\/#organization\",\"name\":\"Fiscal\u00eda General de la Naci\u00f3n\",\"url\":\"https:\/\/www.fiscalia.gov.co\/colombia\/\",\"logo\":{\"@type\":\"ImageObject\",\"inLanguage\":\"es-CO\",\"@id\":\"https:\/\/www.fiscalia.gov.co\/colombia\/#\/schema\/logo\/image\/\",\"url\":\"https:\/\/www.fiscalia.gov.co\/colombia\/wp-content\/uploads\/LogoHorizontal_1.jpg\",\"contentUrl\":\"https:\/\/www.fiscalia.gov.co\/colombia\/wp-content\/uploads\/LogoHorizontal_1.jpg\",\"width\":300,\"height\":90,\"caption\":\"Fiscal\u00eda General de la Naci\u00f3n\"},\"image\":{\"@id\":\"https:\/\/www.fiscalia.gov.co\/colombia\/#\/schema\/logo\/image\/\"},\"sameAs\":[\"https:\/\/www.facebook.com\/FiscaliaCol\",\"https:\/\/x.com\/FiscaliaCol\",\"https:\/\/www.instagram.com\/fiscaliacol\",\"https:\/\/www.linkedin.com\/company\/fiscalia-general-de-la-naci-n\/\",\"https:\/\/youtube.com\/@fiscaliageneraldelanacion-4668?si=6nN79nyQICPU5iTh\"]},{\"@type\":\"Person\",\"@id\":\"https:\/\/www.fiscalia.gov.co\/colombia\/#\/schema\/person\/bf84402cf293a5393e9c70b111020b24\",\"name\":\"Jordan Leandro Oviedo Anzola\",\"image\":{\"@type\":\"ImageObject\",\"inLanguage\":\"es-CO\",\"@id\":\"https:\/\/www.fiscalia.gov.co\/colombia\/#\/schema\/person\/image\/\",\"url\":\"https:\/\/secure.gravatar.com\/avatar\/dabba4346fa9b9207d96adafa8f92721?s=96&d=mm&r=g\",\"contentUrl\":\"https:\/\/secure.gravatar.com\/avatar\/dabba4346fa9b9207d96adafa8f92721?s=96&d=mm&r=g\",\"caption\":\"Jordan Leandro Oviedo Anzola\"},\"url\":\"https:\/\/www.fiscalia.gov.co\/colombia\/author\/joviedo\/\"}]}<\/script>\n<!-- \/ Yoast SEO plugin. -->","yoast_head_json":{"title":"Fiscal\u00eda General de la Naci\u00f3n","description":"P\u00e1gina oficial de la Fiscal\u00eda General de la Naci\u00f3n \u2013 Colombia. Garantizamos el acceso efectivo a la justicia, la verdad y la reparaci\u00f3n de las v\u00edctimas de los delitos.","robots":{"index":"noindex","follow":"follow"},"og_locale":"es_ES","og_type":"article","og_title":"Fiscal\u00eda General de la Naci\u00f3n","og_description":"P\u00e1gina oficial de la Fiscal\u00eda General de la Naci\u00f3n \u2013 Colombia. Garantizamos el acceso efectivo a la justicia, la verdad y la reparaci\u00f3n de las v\u00edctimas de los delitos.","og_url":"https:\/\/www.fiscalia.gov.co\/colombia\/noticias\/judicializadas-dos-personas-que-habrian-atentado-contra-menores-arauca\/","og_site_name":"Fiscal\u00eda General de la Naci\u00f3n","article_publisher":"https:\/\/www.facebook.com\/FiscaliaCol","article_published_time":"2023-07-28T14:47:24+00:00","article_modified_time":"2023-08-11T14:40:08+00:00","og_image":[{"url":"https:\/\/www.fiscalia.gov.co\/colombia\/wp-content\/uploads\/image001-41.jpg","type":"","width":"","height":""}],"author":"Jordan Leandro Oviedo Anzola","twitter_card":"summary_large_image","twitter_creator":"@FiscaliaCol","twitter_site":"@FiscaliaCol","twitter_misc":{"Escrito por":"Jordan Leandro Oviedo Anzola","Tiempo de lectura":"3 minutos"},"schema":{"@context":"https:\/\/schema.org","@graph":[{"@type":"Article","@id":"https:\/\/www.fiscalia.gov.co\/colombia\/noticias\/judicializadas-dos-personas-que-habrian-atentado-contra-menores-arauca\/#article","isPartOf":{"@id":"https:\/\/www.fiscalia.gov.co\/colombia\/noticias\/judicializadas-dos-personas-que-habrian-atentado-contra-menores-arauca\/"},"author":{"name":"Jordan Leandro Oviedo Anzola","@id":"https:\/\/www.fiscalia.gov.co\/colombia\/#\/schema\/person\/bf84402cf293a5393e9c70b111020b24"},"headline":"Judicializadas dos personas que habr\u00edan atentado contra menores Arauca","datePublished":"2023-07-28T14:47:24+00:00","dateModified":"2023-08-11T14:40:08+00:00","mainEntityOfPage":{"@id":"https:\/\/www.fiscalia.gov.co\/colombia\/noticias\/judicializadas-dos-personas-que-habrian-atentado-contra-menores-arauca\/"},"wordCount":532,"publisher":{"@id":"https:\/\/www.fiscalia.gov.co\/colombia\/#organization"},"image":{"@id":"https:\/\/www.fiscalia.gov.co\/colombia\/noticias\/judicializadas-dos-personas-que-habrian-atentado-contra-menores-arauca\/#primaryimage"},"thumbnailUrl":"https:\/\/www.fiscalia.gov.co\/colombia\/wp-content\/uploads\/image001-41.jpg","keywords":["Arauca (Arauca)","Fiscal Barbosa","Fiscal\u00eda","Fiscal\u00eda General de la Naci\u00f3n","inmediatez","Justicia","Protecci\u00f3n","Violencia de g\u00e9nero"],"articleSection":["Noticias","Seccional Arauca","Seccionales","Violencia sexual e intrafamiliar"],"inLanguage":"es-CO"},{"@type":"WebPage","@id":"https:\/\/www.fiscalia.gov.co\/colombia\/noticias\/judicializadas-dos-personas-que-habrian-atentado-contra-menores-arauca\/","url":"https:\/\/www.fiscalia.gov.co\/colombia\/noticias\/judicializadas-dos-personas-que-habrian-atentado-contra-menores-arauca\/","name":"Fiscal\u00eda General de la Naci\u00f3n","isPartOf":{"@id":"https:\/\/www.fiscalia.gov.co\/colombia\/#website"},"primaryImageOfPage":{"@id":"https:\/\/www.fiscalia.gov.co\/colombia\/noticias\/judicializadas-dos-personas-que-habrian-atentado-contra-menores-arauca\/#primaryimage"},"image":{"@id":"https:\/\/www.fiscalia.gov.co\/colombia\/noticias\/judicializadas-dos-personas-que-habrian-atentado-contra-menores-arauca\/#primaryimage"},"thumbnailUrl":"https:\/\/www.fiscalia.gov.co\/colombia\/wp-content\/uploads\/image001-41.jpg","datePublished":"2023-07-28T14:47:24+00:00","dateModified":"2023-08-11T14:40:08+00:00","description":"P\u00e1gina oficial de la Fiscal\u00eda General de la Naci\u00f3n \u2013 Colombia. Garantizamos el acceso efectivo a la justicia, la verdad y la reparaci\u00f3n de las v\u00edctimas de los delitos.","breadcrumb":{"@id":"https:\/\/www.fiscalia.gov.co\/colombia\/noticias\/judicializadas-dos-personas-que-habrian-atentado-contra-menores-arauca\/#breadcrumb"},"inLanguage":"es-CO","potentialAction":[{"@type":"ReadAction","target":["https:\/\/www.fiscalia.gov.co\/colombia\/noticias\/judicializadas-dos-personas-que-habrian-atentado-contra-menores-arauca\/"]}]},{"@type":"ImageObject","inLanguage":"es-CO","@id":"https:\/\/www.fiscalia.gov.co\/colombia\/noticias\/judicializadas-dos-personas-que-habrian-atentado-contra-menores-arauca\/#primaryimage","url":"https:\/\/www.fiscalia.gov.co\/colombia\/wp-content\/uploads\/image001-41.jpg","contentUrl":"https:\/\/www.fiscalia.gov.co\/colombia\/wp-content\/uploads\/image001-41.jpg","width":854,"height":729,"caption":"La mujer habr\u00eda agredido a su hija de cinco a\u00f1os en zona rural de Arauca"},{"@type":"BreadcrumbList","@id":"https:\/\/www.fiscalia.gov.co\/colombia\/noticias\/judicializadas-dos-personas-que-habrian-atentado-contra-menores-arauca\/#breadcrumb","itemListElement":[{"@type":"ListItem","position":1,"name":"Home","item":"https:\/\/www.fiscalia.gov.co\/colombia\/"},{"@type":"ListItem","position":2,"name":"Judicializadas dos personas que habr\u00edan atentado contra menores Arauca"}]},{"@type":"WebSite","@id":"https:\/\/www.fiscalia.gov.co\/colombia\/#website","url":"https:\/\/www.fiscalia.gov.co\/colombia\/","name":"Fiscal\u00eda General de la Naci\u00f3n","description":"P\u00e1gina oficial de la Fiscal\u00eda General de la Naci\u00f3n \u2013 Colombia. Garantizamos el acceso efectivo a la justicia, la verdad y la reparaci\u00f3n de las v\u00edctimas de los delitos.","publisher":{"@id":"https:\/\/www.fiscalia.gov.co\/colombia\/#organization"},"potentialAction":[{"@type":"SearchAction","target":{"@type":"EntryPoint","urlTemplate":"https:\/\/www.fiscalia.gov.co\/colombia\/?s={search_term_string}"},"query-input":{"@type":"PropertyValueSpecification","valueRequired":true,"valueName":"search_term_string"}}],"inLanguage":"es-CO"},{"@type":"Organization","@id":"https:\/\/www.fiscalia.gov.co\/colombia\/#organization","name":"Fiscal\u00eda General de la Naci\u00f3n","url":"https:\/\/www.fiscalia.gov.co\/colombia\/","logo":{"@type":"ImageObject","inLanguage":"es-CO","@id":"https:\/\/www.fiscalia.gov.co\/colombia\/#\/schema\/logo\/image\/","url":"https:\/\/www.fiscalia.gov.co\/colombia\/wp-content\/uploads\/LogoHorizontal_1.jpg","contentUrl":"https:\/\/www.fiscalia.gov.co\/colombia\/wp-content\/uploads\/LogoHorizontal_1.jpg","width":300,"height":90,"caption":"Fiscal\u00eda General de la Naci\u00f3n"},"image":{"@id":"https:\/\/www.fiscalia.gov.co\/colombia\/#\/schema\/logo\/image\/"},"sameAs":["https:\/\/www.facebook.com\/FiscaliaCol","https:\/\/x.com\/FiscaliaCol","https:\/\/www.instagram.com\/fiscaliacol","https:\/\/www.linkedin.com\/company\/fiscalia-general-de-la-naci-n\/","https:\/\/youtube.com\/@fiscaliageneraldelanacion-4668?si=6nN79nyQICPU5iTh"]},{"@type":"Person","@id":"https:\/\/www.fiscalia.gov.co\/colombia\/#\/schema\/person\/bf84402cf293a5393e9c70b111020b24","name":"Jordan Leandro Oviedo Anzola","image":{"@type":"ImageObject","inLanguage":"es-CO","@id":"https:\/\/www.fiscalia.gov.co\/colombia\/#\/schema\/person\/image\/","url":"https:\/\/secure.gravatar.com\/avatar\/dabba4346fa9b9207d96adafa8f92721?s=96&d=mm&r=g","contentUrl":"https:\/\/secure.gravatar.com\/avatar\/dabba4346fa9b9207d96adafa8f92721?s=96&d=mm&r=g","caption":"Jordan Leandro Oviedo Anzola"},"url":"https:\/\/www.fiscalia.gov.co\/colombia\/author\/joviedo\/"}]}},"_links":{"self":[{"href":"https:\/\/www.fiscalia.gov.co\/colombia\/wp-json\/wp\/v2\/posts\/275871","targetHints":{"allow":["GET"]}}],"collection":[{"href":"https:\/\/www.fiscalia.gov.co\/colombia\/wp-json\/wp\/v2\/posts"}],"about":[{"href":"https:\/\/www.fiscalia.gov.co\/colombia\/wp-json\/wp\/v2\/types\/post"}],"author":[{"embeddable":true,"href":"https:\/\/www.fiscalia.gov.co\/colombia\/wp-json\/wp\/v2\/users\/177"}],"replies":[{"embeddable":true,"href":"https:\/\/www.fiscalia.gov.co\/colombia\/wp-json\/wp\/v2\/comments?post=275871"}],"version-history":[{"count":3,"href":"https:\/\/www.fiscalia.gov.co\/colombia\/wp-json\/wp\/v2\/posts\/275871\/revisions"}],"predecessor-version":[{"id":276792,"href":"https:\/\/www.fiscalia.gov.co\/colombia\/wp-json\/wp\/v2\/posts\/275871\/revisions\/276792"}],"wp:attachment":[{"href":"https:\/\/www.fiscalia.gov.co\/colombia\/wp-json\/wp\/v2\/media?parent=275871"}],"wp:term":[{"taxonomy":"category","embeddable":true,"href":"https:\/\/www.fiscalia.gov.co\/colombia\/wp-json\/wp\/v2\/categories?post=275871"},{"taxonomy":"post_tag","embeddable":true,"href":"https:\/\/www.fiscalia.gov.co\/colombia\/wp-json\/wp\/v2\/tags?post=275871"}],"curies":[{"name":"wp","href":"https:\/\/api.w.org\/{rel}","templated":true}]}}