{"id":275805,"date":"2023-07-27T09:33:22","date_gmt":"2023-07-27T14:33:22","guid":{"rendered":"https:\/\/www.fiscalia.gov.co\/colombia\/?p=275805"},"modified":"2023-08-08T14:45:40","modified_gmt":"2023-08-08T19:45:40","slug":"carcel-para-alias-salchicha-presunto-integrante-del-clan-del-golfo-que-habria-constrenido-a-la-poblacion-en-el-bajo-cauca-en-las-manifestaciones-mineras-de-marzo-2023","status":"publish","type":"post","link":"https:\/\/www.fiscalia.gov.co\/colombia\/crimen-organizado\/carcel-para-alias-salchicha-presunto-integrante-del-clan-del-golfo-que-habria-constrenido-a-la-poblacion-en-el-bajo-cauca-en-las-manifestaciones-mineras-de-marzo-2023\/","title":{"rendered":"C\u00e1rcel para alias Salchicha, presunto integrante del \u2018Clan del Golfo\u2019 que habr\u00eda constre\u00f1ido a la poblaci\u00f3n en el Bajo Cauca en las manifestaciones mineras de marzo 2023"},"content":{"rendered":"<h4><em><strong>Al\u00edas Salchicha tambi\u00e9n habr\u00eda llevado a cabo los cobros de extorsiones a comerciantes, mineros y empresas privadas en Zaragoza (Antioquia), lo que le dejar\u00eda una renta criminal mensual superior a los 150 millones de pesos.3<\/strong><\/em><\/h4>\n<figure id=\"attachment_275806\" aria-describedby=\"caption-attachment-275806\" style=\"width: 696px\" class=\"wp-caption aligncenter\"><img loading=\"lazy\" decoding=\"async\" class=\"size-large wp-image-275806\" src=\"https:\/\/www.fiscalia.gov.co\/colombia\/wp-content\/uploads\/IMG-20230725-WA0011-1024x576.jpg\" alt=\"Alias Salchicha ser\u00eda el responsable de constre\u00f1ir a la poblacion del Bajo Cauca antioque\u00f1o en las manifestaciones de marzo de 2023.\" width=\"696\" height=\"392\" srcset=\"https:\/\/www.fiscalia.gov.co\/colombia\/wp-content\/uploads\/IMG-20230725-WA0011-1024x576.jpg 1024w, https:\/\/www.fiscalia.gov.co\/colombia\/wp-content\/uploads\/IMG-20230725-WA0011-300x169.jpg 300w, https:\/\/www.fiscalia.gov.co\/colombia\/wp-content\/uploads\/IMG-20230725-WA0011-768x432.jpg 768w, https:\/\/www.fiscalia.gov.co\/colombia\/wp-content\/uploads\/IMG-20230725-WA0011-696x392.jpg 696w, https:\/\/www.fiscalia.gov.co\/colombia\/wp-content\/uploads\/IMG-20230725-WA0011-1068x601.jpg 1068w, https:\/\/www.fiscalia.gov.co\/colombia\/wp-content\/uploads\/IMG-20230725-WA0011-747x420.jpg 747w, https:\/\/www.fiscalia.gov.co\/colombia\/wp-content\/uploads\/IMG-20230725-WA0011.jpg 1280w\" sizes=\"auto, (max-width: 696px) 100vw, 696px\" \/><figcaption id=\"caption-attachment-275806\" class=\"wp-caption-text\">Captura de alias &#8216;Salchicha&#8217;, presunto integrante de subestructura del &#8216;Clan del Golfo&#8217; en Antioquia.<\/figcaption><\/figure>\n<p>La labor investigativa de la Fiscal\u00eda General de la Naci\u00f3n, en articulaci\u00f3n con las capacidades de la Polic\u00eda Nacional, permiti\u00f3 efectuar la orden de captura en contra de Janer Luis Fl\u00f3rez Ram\u00edrez, alias Salchicha, presunto integrante de una subestructura del \u2018Clan del Golfo\u2019 en Antioquia, quien ser\u00eda el responsable de las rentas criminales en esa zona.<\/p>\n<p>En una audiencia ante un juez de control de garant\u00edas, un fiscal adscrito a la Direcci\u00f3n Especializada contra las Organizaciones Criminales le imput\u00f3 al capturado el delito de concierto para delinquir agravado. Alias Salchicha no acept\u00f3 el cargo, y deber\u00e1 someterse a una medida de aseguramiento en centro carcelario.<\/p>\n<p>De acuerdo con el material probatorio, el presunto integrante de la subestructura Uldar Cardona Rueda ser\u00eda el responsable de constre\u00f1ir a la poblaci\u00f3n del Bajo Cauca antioque\u00f1o durante las manifestaciones de los mineros en marzo de 2023.<\/p>\n<p>Fl\u00f3rez Ram\u00edrez tambi\u00e9n habr\u00eda amedrentado a los comerciantes de la zona para que no abrieran los locales comerciales durante las manifestaciones mineras en esa zona.<\/p>\n<p>Tambi\u00e9n se cree que el imputado ser\u00eda el encargado del cobro de las rentas criminales en el Bajo Cauca, producto de las extorsiones a ganaderos, comerciantes y empresas privadas, con las que recolectar\u00eda mensualmente 150 millones de pesos.<\/p>\n<p>Esta informaci\u00f3n se publica por razones de inter\u00e9s general.<\/p>\n<p><strong><u>La Fiscal\u00eda habla con resultados.<\/u><\/strong><\/p>\n<p>&nbsp;<\/p>\n<p>&nbsp;<\/p>\n<p>&nbsp;<\/p>\n<p>&nbsp;<\/p>\n<p>&nbsp;<\/p>\n<p>&nbsp;<\/p>\n<p>JMSV\/JARG\/YBR\/DECOC\/MRC<\/p>\n<p>&nbsp;<\/p>\n<p>&nbsp;<\/p>\n<p>&nbsp;<\/p>\n<p>&nbsp;<\/p>\n<p>&nbsp;<\/p>\n<div class=\"td-post-content tagdiv-type\">\n<div class=\"td-post-content tagdiv-type\">\n<div class=\"td-post-content tagdiv-type\">\n<div class=\"td-post-content tagdiv-type\">\n<div class=\"td-post-content tagdiv-type\">\n<p><em><span lang=\"ES\">La informaci\u00f3n contenida en este bolet\u00edn de prensa corresponde a la narraci\u00f3n de los hechos noticiosos objetivos, suministrados por los funcionarios encargados de adelantar las investigaciones penales al interior de la Fiscal\u00eda General de la Naci\u00f3n. Para el momento de la divulgaci\u00f3n de este comunicado, la situaci\u00f3n jur\u00eddica de la(s) persona(s) relacionada(s) se encuentra pendiente de resolver por la autoridad judicial competente, siempre bajo los preceptos de la presunci\u00f3n de inocencia, consagrados en el art\u00edculo 29 de la Constituci\u00f3n Pol\u00edtica y el art\u00edculo 7\u00ba de la Ley 906 de 2004.<\/span><\/em><\/p>\n<\/div>\n<\/div>\n<\/div>\n<\/div>\n<\/div>\n\n<div class=\"twitter-share\"><a href=\"https:\/\/twitter.com\/intent\/tweet?via=fiscaliacol\" class=\"twitter-share-button\">Tweet<\/a><\/div>\n","protected":false},"excerpt":{"rendered":"<p>Al\u00edas Salchicha tambi\u00e9n habr\u00eda llevado a cabo los cobros de extorsiones a comerciantes, mineros y empresas privadas en Zaragoza (Antioquia), lo que le dejar\u00eda una renta criminal mensual superior a [&hellip;]<\/p>\n","protected":false},"author":177,"featured_media":0,"comment_status":"closed","ping_status":"open","sticky":false,"template":"","format":"video","meta":{"tdm_status":"","tdm_grid_status":"","footnotes":""},"categories":[24098,1],"tags":[13047,18672,7484,24185,1047,25369,35226],"class_list":["post-275805","post","type-post","status-publish","format-video","category-crimen-organizado","category-noticias","tag-bajo-cauca","tag-clan-del-golfo","tag-crimen-organizado","tag-fiscal-barbosa","tag-fiscalia-general-de-la-nacion","tag-manifestaciones","tag-mineria","post_format-post-format-video"],"yoast_head":"<!-- This site is optimized with the Yoast SEO plugin v24.3 - https:\/\/yoast.com\/wordpress\/plugins\/seo\/ -->\n<title>Fiscal\u00eda General de la Naci\u00f3n<\/title>\n<meta name=\"description\" content=\"P\u00e1gina oficial de la Fiscal\u00eda General de la Naci\u00f3n \u2013 Colombia. Garantizamos el acceso efectivo a la justicia, la verdad y la reparaci\u00f3n de las v\u00edctimas de los delitos.\" \/>\n<meta name=\"robots\" content=\"noindex, follow\" \/>\n<meta property=\"og:locale\" content=\"es_ES\" \/>\n<meta property=\"og:type\" content=\"article\" \/>\n<meta property=\"og:title\" content=\"Fiscal\u00eda General de la Naci\u00f3n\" \/>\n<meta property=\"og:description\" content=\"P\u00e1gina oficial de la Fiscal\u00eda General de la Naci\u00f3n \u2013 Colombia. Garantizamos el acceso efectivo a la justicia, la verdad y la reparaci\u00f3n de las v\u00edctimas de los delitos.\" \/>\n<meta property=\"og:url\" content=\"https:\/\/www.fiscalia.gov.co\/colombia\/crimen-organizado\/carcel-para-alias-salchicha-presunto-integrante-del-clan-del-golfo-que-habria-constrenido-a-la-poblacion-en-el-bajo-cauca-en-las-manifestaciones-mineras-de-marzo-2023\/\" \/>\n<meta property=\"og:site_name\" content=\"Fiscal\u00eda General de la Naci\u00f3n\" \/>\n<meta property=\"article:publisher\" content=\"https:\/\/www.facebook.com\/FiscaliaCol\" \/>\n<meta property=\"article:published_time\" content=\"2023-07-27T14:33:22+00:00\" \/>\n<meta property=\"article:modified_time\" content=\"2023-08-08T19:45:40+00:00\" \/>\n<meta property=\"og:image\" content=\"https:\/\/www.fiscalia.gov.co\/colombia\/wp-content\/uploads\/IMG-20230725-WA0011-1024x576.jpg\" \/>\n<meta name=\"author\" content=\"Jordan Leandro Oviedo Anzola\" \/>\n<meta name=\"twitter:card\" content=\"summary_large_image\" \/>\n<meta name=\"twitter:creator\" content=\"@FiscaliaCol\" \/>\n<meta name=\"twitter:site\" content=\"@FiscaliaCol\" \/>\n<meta name=\"twitter:label1\" content=\"Escrito por\" \/>\n\t<meta name=\"twitter:data1\" content=\"Jordan Leandro Oviedo Anzola\" \/>\n\t<meta name=\"twitter:label2\" content=\"Tiempo de lectura\" \/>\n\t<meta name=\"twitter:data2\" content=\"2 minutos\" \/>\n<script type=\"application\/ld+json\" class=\"yoast-schema-graph\">{\"@context\":\"https:\/\/schema.org\",\"@graph\":[{\"@type\":\"Article\",\"@id\":\"https:\/\/www.fiscalia.gov.co\/colombia\/crimen-organizado\/carcel-para-alias-salchicha-presunto-integrante-del-clan-del-golfo-que-habria-constrenido-a-la-poblacion-en-el-bajo-cauca-en-las-manifestaciones-mineras-de-marzo-2023\/#article\",\"isPartOf\":{\"@id\":\"https:\/\/www.fiscalia.gov.co\/colombia\/crimen-organizado\/carcel-para-alias-salchicha-presunto-integrante-del-clan-del-golfo-que-habria-constrenido-a-la-poblacion-en-el-bajo-cauca-en-las-manifestaciones-mineras-de-marzo-2023\/\"},\"author\":{\"name\":\"Jordan Leandro Oviedo Anzola\",\"@id\":\"https:\/\/www.fiscalia.gov.co\/colombia\/#\/schema\/person\/bf84402cf293a5393e9c70b111020b24\"},\"headline\":\"C\u00e1rcel para alias Salchicha, presunto integrante del \u2018Clan del Golfo\u2019 que habr\u00eda constre\u00f1ido a la poblaci\u00f3n en el Bajo Cauca en las manifestaciones mineras de marzo 2023\",\"datePublished\":\"2023-07-27T14:33:22+00:00\",\"dateModified\":\"2023-08-08T19:45:40+00:00\",\"mainEntityOfPage\":{\"@id\":\"https:\/\/www.fiscalia.gov.co\/colombia\/crimen-organizado\/carcel-para-alias-salchicha-presunto-integrante-del-clan-del-golfo-que-habria-constrenido-a-la-poblacion-en-el-bajo-cauca-en-las-manifestaciones-mineras-de-marzo-2023\/\"},\"wordCount\":447,\"publisher\":{\"@id\":\"https:\/\/www.fiscalia.gov.co\/colombia\/#organization\"},\"image\":{\"@id\":\"https:\/\/www.fiscalia.gov.co\/colombia\/crimen-organizado\/carcel-para-alias-salchicha-presunto-integrante-del-clan-del-golfo-que-habria-constrenido-a-la-poblacion-en-el-bajo-cauca-en-las-manifestaciones-mineras-de-marzo-2023\/#primaryimage\"},\"thumbnailUrl\":\"https:\/\/www.fiscalia.gov.co\/colombia\/wp-content\/uploads\/IMG-20230725-WA0011-1024x576.jpg\",\"keywords\":[\"Bajo Cauca\",\"Clan del Golfo\",\"Crimen organizado\",\"Fiscal Barbosa\",\"Fiscal\u00eda General de la Naci\u00f3n\",\"manifestaciones\",\"mineria\"],\"articleSection\":[\"Crimen organizado\",\"Noticias\"],\"inLanguage\":\"es-CO\"},{\"@type\":\"WebPage\",\"@id\":\"https:\/\/www.fiscalia.gov.co\/colombia\/crimen-organizado\/carcel-para-alias-salchicha-presunto-integrante-del-clan-del-golfo-que-habria-constrenido-a-la-poblacion-en-el-bajo-cauca-en-las-manifestaciones-mineras-de-marzo-2023\/\",\"url\":\"https:\/\/www.fiscalia.gov.co\/colombia\/crimen-organizado\/carcel-para-alias-salchicha-presunto-integrante-del-clan-del-golfo-que-habria-constrenido-a-la-poblacion-en-el-bajo-cauca-en-las-manifestaciones-mineras-de-marzo-2023\/\",\"name\":\"Fiscal\u00eda General de la Naci\u00f3n\",\"isPartOf\":{\"@id\":\"https:\/\/www.fiscalia.gov.co\/colombia\/#website\"},\"primaryImageOfPage\":{\"@id\":\"https:\/\/www.fiscalia.gov.co\/colombia\/crimen-organizado\/carcel-para-alias-salchicha-presunto-integrante-del-clan-del-golfo-que-habria-constrenido-a-la-poblacion-en-el-bajo-cauca-en-las-manifestaciones-mineras-de-marzo-2023\/#primaryimage\"},\"image\":{\"@id\":\"https:\/\/www.fiscalia.gov.co\/colombia\/crimen-organizado\/carcel-para-alias-salchicha-presunto-integrante-del-clan-del-golfo-que-habria-constrenido-a-la-poblacion-en-el-bajo-cauca-en-las-manifestaciones-mineras-de-marzo-2023\/#primaryimage\"},\"thumbnailUrl\":\"https:\/\/www.fiscalia.gov.co\/colombia\/wp-content\/uploads\/IMG-20230725-WA0011-1024x576.jpg\",\"datePublished\":\"2023-07-27T14:33:22+00:00\",\"dateModified\":\"2023-08-08T19:45:40+00:00\",\"description\":\"P\u00e1gina oficial de la Fiscal\u00eda General de la Naci\u00f3n \u2013 Colombia. Garantizamos el acceso efectivo a la justicia, la verdad y la reparaci\u00f3n de las v\u00edctimas de los delitos.\",\"breadcrumb\":{\"@id\":\"https:\/\/www.fiscalia.gov.co\/colombia\/crimen-organizado\/carcel-para-alias-salchicha-presunto-integrante-del-clan-del-golfo-que-habria-constrenido-a-la-poblacion-en-el-bajo-cauca-en-las-manifestaciones-mineras-de-marzo-2023\/#breadcrumb\"},\"inLanguage\":\"es-CO\",\"potentialAction\":[{\"@type\":\"ReadAction\",\"target\":[\"https:\/\/www.fiscalia.gov.co\/colombia\/crimen-organizado\/carcel-para-alias-salchicha-presunto-integrante-del-clan-del-golfo-que-habria-constrenido-a-la-poblacion-en-el-bajo-cauca-en-las-manifestaciones-mineras-de-marzo-2023\/\"]}]},{\"@type\":\"ImageObject\",\"inLanguage\":\"es-CO\",\"@id\":\"https:\/\/www.fiscalia.gov.co\/colombia\/crimen-organizado\/carcel-para-alias-salchicha-presunto-integrante-del-clan-del-golfo-que-habria-constrenido-a-la-poblacion-en-el-bajo-cauca-en-las-manifestaciones-mineras-de-marzo-2023\/#primaryimage\",\"url\":\"https:\/\/www.fiscalia.gov.co\/colombia\/wp-content\/uploads\/IMG-20230725-WA0011.jpg\",\"contentUrl\":\"https:\/\/www.fiscalia.gov.co\/colombia\/wp-content\/uploads\/IMG-20230725-WA0011.jpg\",\"width\":1280,\"height\":720,\"caption\":\"Captura de alias 'Salchicha', presunto integrante de subestructura del 'Clan del Golfo' en Antioquia.\"},{\"@type\":\"BreadcrumbList\",\"@id\":\"https:\/\/www.fiscalia.gov.co\/colombia\/crimen-organizado\/carcel-para-alias-salchicha-presunto-integrante-del-clan-del-golfo-que-habria-constrenido-a-la-poblacion-en-el-bajo-cauca-en-las-manifestaciones-mineras-de-marzo-2023\/#breadcrumb\",\"itemListElement\":[{\"@type\":\"ListItem\",\"position\":1,\"name\":\"Home\",\"item\":\"https:\/\/www.fiscalia.gov.co\/colombia\/\"},{\"@type\":\"ListItem\",\"position\":2,\"name\":\"C\u00e1rcel para alias Salchicha, presunto integrante del \u2018Clan del Golfo\u2019 que habr\u00eda constre\u00f1ido a la poblaci\u00f3n en el Bajo Cauca en las manifestaciones mineras de marzo 2023\"}]},{\"@type\":\"WebSite\",\"@id\":\"https:\/\/www.fiscalia.gov.co\/colombia\/#website\",\"url\":\"https:\/\/www.fiscalia.gov.co\/colombia\/\",\"name\":\"Fiscal\u00eda General de la Naci\u00f3n\",\"description\":\"P\u00e1gina oficial de la Fiscal\u00eda General de la Naci\u00f3n \u2013 Colombia. Garantizamos el acceso efectivo a la justicia, la verdad y la reparaci\u00f3n de las v\u00edctimas de los delitos.\",\"publisher\":{\"@id\":\"https:\/\/www.fiscalia.gov.co\/colombia\/#organization\"},\"potentialAction\":[{\"@type\":\"SearchAction\",\"target\":{\"@type\":\"EntryPoint\",\"urlTemplate\":\"https:\/\/www.fiscalia.gov.co\/colombia\/?s={search_term_string}\"},\"query-input\":{\"@type\":\"PropertyValueSpecification\",\"valueRequired\":true,\"valueName\":\"search_term_string\"}}],\"inLanguage\":\"es-CO\"},{\"@type\":\"Organization\",\"@id\":\"https:\/\/www.fiscalia.gov.co\/colombia\/#organization\",\"name\":\"Fiscal\u00eda General de la Naci\u00f3n\",\"url\":\"https:\/\/www.fiscalia.gov.co\/colombia\/\",\"logo\":{\"@type\":\"ImageObject\",\"inLanguage\":\"es-CO\",\"@id\":\"https:\/\/www.fiscalia.gov.co\/colombia\/#\/schema\/logo\/image\/\",\"url\":\"https:\/\/www.fiscalia.gov.co\/colombia\/wp-content\/uploads\/LogoHorizontal_1.jpg\",\"contentUrl\":\"https:\/\/www.fiscalia.gov.co\/colombia\/wp-content\/uploads\/LogoHorizontal_1.jpg\",\"width\":300,\"height\":90,\"caption\":\"Fiscal\u00eda General de la Naci\u00f3n\"},\"image\":{\"@id\":\"https:\/\/www.fiscalia.gov.co\/colombia\/#\/schema\/logo\/image\/\"},\"sameAs\":[\"https:\/\/www.facebook.com\/FiscaliaCol\",\"https:\/\/x.com\/FiscaliaCol\",\"https:\/\/www.instagram.com\/fiscaliacol\",\"https:\/\/www.linkedin.com\/company\/fiscalia-general-de-la-naci-n\/\",\"https:\/\/youtube.com\/@fiscaliageneraldelanacion-4668?si=6nN79nyQICPU5iTh\"]},{\"@type\":\"Person\",\"@id\":\"https:\/\/www.fiscalia.gov.co\/colombia\/#\/schema\/person\/bf84402cf293a5393e9c70b111020b24\",\"name\":\"Jordan Leandro Oviedo Anzola\",\"image\":{\"@type\":\"ImageObject\",\"inLanguage\":\"es-CO\",\"@id\":\"https:\/\/www.fiscalia.gov.co\/colombia\/#\/schema\/person\/image\/\",\"url\":\"https:\/\/secure.gravatar.com\/avatar\/dabba4346fa9b9207d96adafa8f92721?s=96&d=mm&r=g\",\"contentUrl\":\"https:\/\/secure.gravatar.com\/avatar\/dabba4346fa9b9207d96adafa8f92721?s=96&d=mm&r=g\",\"caption\":\"Jordan Leandro Oviedo Anzola\"},\"url\":\"https:\/\/www.fiscalia.gov.co\/colombia\/author\/joviedo\/\"}]}<\/script>\n<!-- \/ Yoast SEO plugin. -->","yoast_head_json":{"title":"Fiscal\u00eda General de la Naci\u00f3n","description":"P\u00e1gina oficial de la Fiscal\u00eda General de la Naci\u00f3n \u2013 Colombia. Garantizamos el acceso efectivo a la justicia, la verdad y la reparaci\u00f3n de las v\u00edctimas de los delitos.","robots":{"index":"noindex","follow":"follow"},"og_locale":"es_ES","og_type":"article","og_title":"Fiscal\u00eda General de la Naci\u00f3n","og_description":"P\u00e1gina oficial de la Fiscal\u00eda General de la Naci\u00f3n \u2013 Colombia. Garantizamos el acceso efectivo a la justicia, la verdad y la reparaci\u00f3n de las v\u00edctimas de los delitos.","og_url":"https:\/\/www.fiscalia.gov.co\/colombia\/crimen-organizado\/carcel-para-alias-salchicha-presunto-integrante-del-clan-del-golfo-que-habria-constrenido-a-la-poblacion-en-el-bajo-cauca-en-las-manifestaciones-mineras-de-marzo-2023\/","og_site_name":"Fiscal\u00eda General de la Naci\u00f3n","article_publisher":"https:\/\/www.facebook.com\/FiscaliaCol","article_published_time":"2023-07-27T14:33:22+00:00","article_modified_time":"2023-08-08T19:45:40+00:00","og_image":[{"url":"https:\/\/www.fiscalia.gov.co\/colombia\/wp-content\/uploads\/IMG-20230725-WA0011-1024x576.jpg","type":"","width":"","height":""}],"author":"Jordan Leandro Oviedo Anzola","twitter_card":"summary_large_image","twitter_creator":"@FiscaliaCol","twitter_site":"@FiscaliaCol","twitter_misc":{"Escrito por":"Jordan Leandro Oviedo Anzola","Tiempo de lectura":"2 minutos"},"schema":{"@context":"https:\/\/schema.org","@graph":[{"@type":"Article","@id":"https:\/\/www.fiscalia.gov.co\/colombia\/crimen-organizado\/carcel-para-alias-salchicha-presunto-integrante-del-clan-del-golfo-que-habria-constrenido-a-la-poblacion-en-el-bajo-cauca-en-las-manifestaciones-mineras-de-marzo-2023\/#article","isPartOf":{"@id":"https:\/\/www.fiscalia.gov.co\/colombia\/crimen-organizado\/carcel-para-alias-salchicha-presunto-integrante-del-clan-del-golfo-que-habria-constrenido-a-la-poblacion-en-el-bajo-cauca-en-las-manifestaciones-mineras-de-marzo-2023\/"},"author":{"name":"Jordan Leandro Oviedo Anzola","@id":"https:\/\/www.fiscalia.gov.co\/colombia\/#\/schema\/person\/bf84402cf293a5393e9c70b111020b24"},"headline":"C\u00e1rcel para alias Salchicha, presunto integrante del \u2018Clan del Golfo\u2019 que habr\u00eda constre\u00f1ido a la poblaci\u00f3n en el Bajo Cauca en las manifestaciones mineras de marzo 2023","datePublished":"2023-07-27T14:33:22+00:00","dateModified":"2023-08-08T19:45:40+00:00","mainEntityOfPage":{"@id":"https:\/\/www.fiscalia.gov.co\/colombia\/crimen-organizado\/carcel-para-alias-salchicha-presunto-integrante-del-clan-del-golfo-que-habria-constrenido-a-la-poblacion-en-el-bajo-cauca-en-las-manifestaciones-mineras-de-marzo-2023\/"},"wordCount":447,"publisher":{"@id":"https:\/\/www.fiscalia.gov.co\/colombia\/#organization"},"image":{"@id":"https:\/\/www.fiscalia.gov.co\/colombia\/crimen-organizado\/carcel-para-alias-salchicha-presunto-integrante-del-clan-del-golfo-que-habria-constrenido-a-la-poblacion-en-el-bajo-cauca-en-las-manifestaciones-mineras-de-marzo-2023\/#primaryimage"},"thumbnailUrl":"https:\/\/www.fiscalia.gov.co\/colombia\/wp-content\/uploads\/IMG-20230725-WA0011-1024x576.jpg","keywords":["Bajo Cauca","Clan del Golfo","Crimen organizado","Fiscal Barbosa","Fiscal\u00eda General de la Naci\u00f3n","manifestaciones","mineria"],"articleSection":["Crimen organizado","Noticias"],"inLanguage":"es-CO"},{"@type":"WebPage","@id":"https:\/\/www.fiscalia.gov.co\/colombia\/crimen-organizado\/carcel-para-alias-salchicha-presunto-integrante-del-clan-del-golfo-que-habria-constrenido-a-la-poblacion-en-el-bajo-cauca-en-las-manifestaciones-mineras-de-marzo-2023\/","url":"https:\/\/www.fiscalia.gov.co\/colombia\/crimen-organizado\/carcel-para-alias-salchicha-presunto-integrante-del-clan-del-golfo-que-habria-constrenido-a-la-poblacion-en-el-bajo-cauca-en-las-manifestaciones-mineras-de-marzo-2023\/","name":"Fiscal\u00eda General de la Naci\u00f3n","isPartOf":{"@id":"https:\/\/www.fiscalia.gov.co\/colombia\/#website"},"primaryImageOfPage":{"@id":"https:\/\/www.fiscalia.gov.co\/colombia\/crimen-organizado\/carcel-para-alias-salchicha-presunto-integrante-del-clan-del-golfo-que-habria-constrenido-a-la-poblacion-en-el-bajo-cauca-en-las-manifestaciones-mineras-de-marzo-2023\/#primaryimage"},"image":{"@id":"https:\/\/www.fiscalia.gov.co\/colombia\/crimen-organizado\/carcel-para-alias-salchicha-presunto-integrante-del-clan-del-golfo-que-habria-constrenido-a-la-poblacion-en-el-bajo-cauca-en-las-manifestaciones-mineras-de-marzo-2023\/#primaryimage"},"thumbnailUrl":"https:\/\/www.fiscalia.gov.co\/colombia\/wp-content\/uploads\/IMG-20230725-WA0011-1024x576.jpg","datePublished":"2023-07-27T14:33:22+00:00","dateModified":"2023-08-08T19:45:40+00:00","description":"P\u00e1gina oficial de la Fiscal\u00eda General de la Naci\u00f3n \u2013 Colombia. Garantizamos el acceso efectivo a la justicia, la verdad y la reparaci\u00f3n de las v\u00edctimas de los delitos.","breadcrumb":{"@id":"https:\/\/www.fiscalia.gov.co\/colombia\/crimen-organizado\/carcel-para-alias-salchicha-presunto-integrante-del-clan-del-golfo-que-habria-constrenido-a-la-poblacion-en-el-bajo-cauca-en-las-manifestaciones-mineras-de-marzo-2023\/#breadcrumb"},"inLanguage":"es-CO","potentialAction":[{"@type":"ReadAction","target":["https:\/\/www.fiscalia.gov.co\/colombia\/crimen-organizado\/carcel-para-alias-salchicha-presunto-integrante-del-clan-del-golfo-que-habria-constrenido-a-la-poblacion-en-el-bajo-cauca-en-las-manifestaciones-mineras-de-marzo-2023\/"]}]},{"@type":"ImageObject","inLanguage":"es-CO","@id":"https:\/\/www.fiscalia.gov.co\/colombia\/crimen-organizado\/carcel-para-alias-salchicha-presunto-integrante-del-clan-del-golfo-que-habria-constrenido-a-la-poblacion-en-el-bajo-cauca-en-las-manifestaciones-mineras-de-marzo-2023\/#primaryimage","url":"https:\/\/www.fiscalia.gov.co\/colombia\/wp-content\/uploads\/IMG-20230725-WA0011.jpg","contentUrl":"https:\/\/www.fiscalia.gov.co\/colombia\/wp-content\/uploads\/IMG-20230725-WA0011.jpg","width":1280,"height":720,"caption":"Captura de alias 'Salchicha', presunto integrante de subestructura del 'Clan del Golfo' en Antioquia."},{"@type":"BreadcrumbList","@id":"https:\/\/www.fiscalia.gov.co\/colombia\/crimen-organizado\/carcel-para-alias-salchicha-presunto-integrante-del-clan-del-golfo-que-habria-constrenido-a-la-poblacion-en-el-bajo-cauca-en-las-manifestaciones-mineras-de-marzo-2023\/#breadcrumb","itemListElement":[{"@type":"ListItem","position":1,"name":"Home","item":"https:\/\/www.fiscalia.gov.co\/colombia\/"},{"@type":"ListItem","position":2,"name":"C\u00e1rcel para alias Salchicha, presunto integrante del \u2018Clan del Golfo\u2019 que habr\u00eda constre\u00f1ido a la poblaci\u00f3n en el Bajo Cauca en las manifestaciones mineras de marzo 2023"}]},{"@type":"WebSite","@id":"https:\/\/www.fiscalia.gov.co\/colombia\/#website","url":"https:\/\/www.fiscalia.gov.co\/colombia\/","name":"Fiscal\u00eda General de la Naci\u00f3n","description":"P\u00e1gina oficial de la Fiscal\u00eda General de la Naci\u00f3n \u2013 Colombia. Garantizamos el acceso efectivo a la justicia, la verdad y la reparaci\u00f3n de las v\u00edctimas de los delitos.","publisher":{"@id":"https:\/\/www.fiscalia.gov.co\/colombia\/#organization"},"potentialAction":[{"@type":"SearchAction","target":{"@type":"EntryPoint","urlTemplate":"https:\/\/www.fiscalia.gov.co\/colombia\/?s={search_term_string}"},"query-input":{"@type":"PropertyValueSpecification","valueRequired":true,"valueName":"search_term_string"}}],"inLanguage":"es-CO"},{"@type":"Organization","@id":"https:\/\/www.fiscalia.gov.co\/colombia\/#organization","name":"Fiscal\u00eda General de la Naci\u00f3n","url":"https:\/\/www.fiscalia.gov.co\/colombia\/","logo":{"@type":"ImageObject","inLanguage":"es-CO","@id":"https:\/\/www.fiscalia.gov.co\/colombia\/#\/schema\/logo\/image\/","url":"https:\/\/www.fiscalia.gov.co\/colombia\/wp-content\/uploads\/LogoHorizontal_1.jpg","contentUrl":"https:\/\/www.fiscalia.gov.co\/colombia\/wp-content\/uploads\/LogoHorizontal_1.jpg","width":300,"height":90,"caption":"Fiscal\u00eda General de la Naci\u00f3n"},"image":{"@id":"https:\/\/www.fiscalia.gov.co\/colombia\/#\/schema\/logo\/image\/"},"sameAs":["https:\/\/www.facebook.com\/FiscaliaCol","https:\/\/x.com\/FiscaliaCol","https:\/\/www.instagram.com\/fiscaliacol","https:\/\/www.linkedin.com\/company\/fiscalia-general-de-la-naci-n\/","https:\/\/youtube.com\/@fiscaliageneraldelanacion-4668?si=6nN79nyQICPU5iTh"]},{"@type":"Person","@id":"https:\/\/www.fiscalia.gov.co\/colombia\/#\/schema\/person\/bf84402cf293a5393e9c70b111020b24","name":"Jordan Leandro Oviedo Anzola","image":{"@type":"ImageObject","inLanguage":"es-CO","@id":"https:\/\/www.fiscalia.gov.co\/colombia\/#\/schema\/person\/image\/","url":"https:\/\/secure.gravatar.com\/avatar\/dabba4346fa9b9207d96adafa8f92721?s=96&d=mm&r=g","contentUrl":"https:\/\/secure.gravatar.com\/avatar\/dabba4346fa9b9207d96adafa8f92721?s=96&d=mm&r=g","caption":"Jordan Leandro Oviedo Anzola"},"url":"https:\/\/www.fiscalia.gov.co\/colombia\/author\/joviedo\/"}]}},"_links":{"self":[{"href":"https:\/\/www.fiscalia.gov.co\/colombia\/wp-json\/wp\/v2\/posts\/275805","targetHints":{"allow":["GET"]}}],"collection":[{"href":"https:\/\/www.fiscalia.gov.co\/colombia\/wp-json\/wp\/v2\/posts"}],"about":[{"href":"https:\/\/www.fiscalia.gov.co\/colombia\/wp-json\/wp\/v2\/types\/post"}],"author":[{"embeddable":true,"href":"https:\/\/www.fiscalia.gov.co\/colombia\/wp-json\/wp\/v2\/users\/177"}],"replies":[{"embeddable":true,"href":"https:\/\/www.fiscalia.gov.co\/colombia\/wp-json\/wp\/v2\/comments?post=275805"}],"version-history":[{"count":1,"href":"https:\/\/www.fiscalia.gov.co\/colombia\/wp-json\/wp\/v2\/posts\/275805\/revisions"}],"predecessor-version":[{"id":275807,"href":"https:\/\/www.fiscalia.gov.co\/colombia\/wp-json\/wp\/v2\/posts\/275805\/revisions\/275807"}],"wp:attachment":[{"href":"https:\/\/www.fiscalia.gov.co\/colombia\/wp-json\/wp\/v2\/media?parent=275805"}],"wp:term":[{"taxonomy":"category","embeddable":true,"href":"https:\/\/www.fiscalia.gov.co\/colombia\/wp-json\/wp\/v2\/categories?post=275805"},{"taxonomy":"post_tag","embeddable":true,"href":"https:\/\/www.fiscalia.gov.co\/colombia\/wp-json\/wp\/v2\/tags?post=275805"}],"curies":[{"name":"wp","href":"https:\/\/api.w.org\/{rel}","templated":true}]}}