{"id":275743,"date":"2023-07-26T10:37:38","date_gmt":"2023-07-26T15:37:38","guid":{"rendered":"https:\/\/www.fiscalia.gov.co\/colombia\/?p=275743"},"modified":"2023-07-26T10:37:38","modified_gmt":"2023-07-26T15:37:38","slug":"judicializados-tres-hombres-por-estafa-agravada-en-el-tolima-por-hechos-aislados","status":"publish","type":"post","link":"https:\/\/www.fiscalia.gov.co\/colombia\/noticias\/judicializados-tres-hombres-por-estafa-agravada-en-el-tolima-por-hechos-aislados\/","title":{"rendered":"Judicializados tres hombres por estafa agravada en el Tolima por hechos aislados"},"content":{"rendered":"<div>\n<h4><strong><i><span lang=\"ES-TRAD\">Habr\u00edan enga\u00f1ado a varios ciudadanos mediante diferentes modalidades con el fin de despojarlos de sus bienes o dinero.\u00a0<\/span><\/i><\/strong><\/h4>\n<p><span lang=\"ES-TRAD\">Jes\u00fas Andr\u00e9s Torrado Ar\u00e9valo, Oswaldo Ortiz Valencia y John Sebasti\u00e1n Ru\u00edz L\u00f3pez, fueron judicializados por la Fiscal\u00eda General de la Naci\u00f3n por el delito de estafa agravada, que habr\u00edan cometido en hechos aislados contra ciudadanos que enga\u00f1ar\u00edan bajo diferentes modalidades, comprometi\u00e9ndose con entregarles a cambio dinero o automotores, lo cual jam\u00e1s sucedi\u00f3.\u00a0<\/span><\/p>\n<p><span lang=\"ES-TRAD\">Sus capturas se hicieron efectivas por investigadores del CTI del Grupo EDA de la Seccional Tolima, con el apoyo de la Polic\u00eda Nacional y el Ej\u00e9rcito en diferentes puntos de Ibagu\u00e9.\u00a0<\/span><\/p>\n<p><b><span lang=\"ES-TRAD\">Los casos \u00a0<\/span><\/b><\/p>\n<p><span lang=\"ES-TRAD\">A Jes\u00fas Andr\u00e9s Torrado Ar\u00e9valo, de 34 a\u00f1os de edad, le fueron imputados hechos ocurridos en octubre de 2022 en la capital tolimense, cuando mediante enga\u00f1os, habr\u00eda obtenido para su provecho un veh\u00edculo particular tras hacer una permuta con un joven de 25 a\u00f1os de edad a quien le entreg\u00f3 otro veh\u00edculo, el cual contaba con una orden de inmovilizaci\u00f3n a causa de un embargo.\u00a0<\/span><\/p>\n<figure id=\"attachment_275744\" aria-describedby=\"caption-attachment-275744\" style=\"width: 655px\" class=\"wp-caption aligncenter\"><img loading=\"lazy\" decoding=\"async\" class=\"size-full wp-image-275744\" src=\"https:\/\/www.fiscalia.gov.co\/colombia\/wp-content\/uploads\/Jesus-Andres-Torrado-Arevalo-estafa-tolima.jpeg\" alt=\"en la imagen se ve una persona detenida bajo custodia de investigadores del CTI, Polic\u00eda y Ej\u00e9rcito. Detr\u00e1s suyo un backing de la Fiscal\u00eda.  \" width=\"655\" height=\"511\" srcset=\"https:\/\/www.fiscalia.gov.co\/colombia\/wp-content\/uploads\/Jesus-Andres-Torrado-Arevalo-estafa-tolima.jpeg 655w, https:\/\/www.fiscalia.gov.co\/colombia\/wp-content\/uploads\/Jesus-Andres-Torrado-Arevalo-estafa-tolima-300x234.jpeg 300w, https:\/\/www.fiscalia.gov.co\/colombia\/wp-content\/uploads\/Jesus-Andres-Torrado-Arevalo-estafa-tolima-538x420.jpeg 538w\" sizes=\"auto, (max-width: 655px) 100vw, 655px\" \/><figcaption id=\"caption-attachment-275744\" class=\"wp-caption-text\">Jes\u00fas Andr\u00e9s Torrado Ar\u00e9valo fue detenido por personal del Cuerpo T\u00e9cnico de Investigaci\u00f3n (CTI) adscrito al grupo de Estructura de Apoyo (EDA) de la Seccional Tolima con el apoyo de polic\u00eda de vigilancia y el Ej\u00e9rcito Nacional en v\u00eda p\u00fablica de la Avenida Ambal\u00e1 con calle 100 de Ibagu\u00e9.<\/figcaption><\/figure>\n<p><span lang=\"ES-TRAD\">Posteriormente, desaparecer\u00eda con el automotor de la v\u00edctima e igualmente lo habr\u00eda comercializado. Por estos hechos le fue impuesta medida de aseguramiento domiciliaria.\u00a0<\/span><\/p>\n<p><span lang=\"ES-TRAD\">Por su parte, Oswaldo Ortiz Valencia, est\u00e1 siendo investigado por presuntamente ofertar mediante redes sociales veh\u00edculos, los cuales, al parecer, comercializaba de manera irregular rodantes que no eran de su propiedad, y se presentar\u00eda con diferentes nombres ante las v\u00edctimas.\u00a0<\/span><\/p>\n<p><span lang=\"ES-TRAD\">Con posterioridad lo rodantes transados eran incautados a sus v\u00edctimas, acumulando bajo este modus operandi cinco casos donde resultar\u00edan afectados igual n\u00famero de ciudadanos.\u00a0<\/span><\/p>\n<p><span lang=\"ES-TRAD\">Debido a la gravedad de la conducta cometida le fue impuesta medida de aseguramiento en centro carcelario, de manera preventiva.\u00a0<\/span><\/p>\n<p><span lang=\"ES-TRAD\">Finalmente, la Fiscal\u00eda present\u00f3 ante un juez con funciones de control de garant\u00edas a John Sebasti\u00e1n Ru\u00edz L\u00f3pez, de 28 a\u00f1os de edad, por presuntamente comercializar veh\u00edculos con pendientes judiciales.\u00a0<\/span><\/p>\n<figure id=\"attachment_275745\" aria-describedby=\"caption-attachment-275745\" style=\"width: 642px\" class=\"wp-caption aligncenter\"><img loading=\"lazy\" decoding=\"async\" class=\" wp-image-275745\" src=\"https:\/\/www.fiscalia.gov.co\/colombia\/wp-content\/uploads\/John-Sebastian-Ruiz-Lopez-estafa-tolima.jpeg\" alt=\"en la imagen se ve una persona detenida bajo custodia de la Polic\u00eda y el CTI. Detr\u00e1s suyo un backing de la Fiscal\u00eda.  \" width=\"642\" height=\"592\" srcset=\"https:\/\/www.fiscalia.gov.co\/colombia\/wp-content\/uploads\/John-Sebastian-Ruiz-Lopez-estafa-tolima.jpeg 476w, https:\/\/www.fiscalia.gov.co\/colombia\/wp-content\/uploads\/John-Sebastian-Ruiz-Lopez-estafa-tolima-300x277.jpeg 300w, https:\/\/www.fiscalia.gov.co\/colombia\/wp-content\/uploads\/John-Sebastian-Ruiz-Lopez-estafa-tolima-455x420.jpeg 455w\" sizes=\"auto, (max-width: 642px) 100vw, 642px\" \/><figcaption id=\"caption-attachment-275745\" class=\"wp-caption-text\">John Sebasti\u00e1n Ruiz L\u00f3pez fue detenido en inmediaciones del hospital San Francisco de Ibagu\u00e9, por investigadores del CTI y la Polic\u00eda de Vigilancia.<\/figcaption><\/figure>\n<p><span lang=\"ES-TRAD\">Algunos de ellos estaban pignorados a nombre de entidades bancarias; otros les pertenecer\u00edan a empresas dedicadas a rentarlos, que finalmente eran comercializados en la capital Tolimense. Finalmente les eran incautados a las v\u00edctimas por \u00f3rdenes de inmovilizaci\u00f3n de diferentes autoridades, afectando as\u00ed el patrimonio de por lo menos 7 personas.\u00a0\u00a0\u00a0\u00a0\u00a0\u00a0\u00a0<\/span><\/p>\n<p><span lang=\"ES-TRAD\">Una de ellas fue un hombre residente en otra ciudad quien habr\u00eda entregado al investigado la suma de $ 29.000.000 en agosto del a\u00f1o 2022.\u00a0<\/span><\/p>\n<p><span lang=\"ES-TRAD\">A este procesado tambi\u00e9n le fue impuesta medida de aseguramiento intramuros.\u00a0<\/span><\/p>\n<p><b><u><span lang=\"ES-TRAD\">La Fiscal\u00eda habla con resultados<\/span><\/u><\/b><\/p>\n<\/div>\n<p>&nbsp;<\/p>\n<p>&nbsp;<\/p>\n<p>&nbsp;<\/p>\n<p>&nbsp;<\/p>\n<p>&nbsp;<\/p>\n<div>\n<p>&nbsp;<\/p>\n<p><span lang=\"ES-TRAD\">PAAM\/LFM\/AMG\/AMBV\/DST\u00a0<\/span><\/p>\n<\/div>\n<div><\/div>\n<div><\/div>\n<div><\/div>\n<div><\/div>\n<div><\/div>\n<div><\/div>\n<div><b><u><span lang=\"ES-TRAD\">\u00a0<\/span><\/u><\/b><\/div>\n<div><b><u><span lang=\"ES-TRAD\">\u00a0<\/span><\/u><\/b><\/div>\n<div>\n<div class=\"td-post-content tagdiv-type\">\n<div class=\"td-post-content tagdiv-type\">\n<div class=\"td-post-content tagdiv-type\">\n<div class=\"td-post-content tagdiv-type\">\n<div class=\"td-post-content tagdiv-type\">\n<div class=\"td-post-content tagdiv-type\">\n<p><em>La informaci\u00f3n contenida en este bolet\u00edn de prensa corresponde a la narraci\u00f3n de los hechos noticiosos objetivos, suministrados por los funcionarios encargados de adelantar las investigaciones penales al interior de la Fiscal\u00eda General de la Naci\u00f3n. Para el momento de la divulgaci\u00f3n de este comunicado, la situaci\u00f3n jur\u00eddica de la(s) persona(s) relacionada(s) se encuentra pendiente de resolver por la autoridad judicial competente, siempre bajo los preceptos de la presunci\u00f3n de inocencia, consagrados en el art\u00edculo 29 de la Constituci\u00f3n Pol\u00edtica y el art\u00edculo 7\u00ba de la Ley 906 de 2004.<\/em><\/p>\n<\/div>\n<\/div>\n<\/div>\n<\/div>\n<footer>\n<div class=\"td-post-source-tags\"><\/div>\n<div class=\"td-post-sharing-bottom\"><\/div>\n<\/footer>\n<\/div>\n<footer>\n<div class=\"td-post-source-tags\"><\/div>\n<div class=\"td-post-sharing-bottom\"><\/div>\n<\/footer>\n<\/div>\n<footer>\n<div class=\"td-post-source-tags\"><\/div>\n<div class=\"td-post-sharing-bottom\"><\/div>\n<\/footer>\n<\/div>\n\n<div class=\"twitter-share\"><a href=\"https:\/\/twitter.com\/intent\/tweet?via=fiscaliacol\" class=\"twitter-share-button\">Tweet<\/a><\/div>\n","protected":false},"excerpt":{"rendered":"<p>Habr\u00edan enga\u00f1ado a varios ciudadanos mediante diferentes modalidades con el fin de despojarlos de sus bienes o dinero.\u00a0 Jes\u00fas Andr\u00e9s Torrado Ar\u00e9valo, Oswaldo Ortiz Valencia y John Sebasti\u00e1n Ru\u00edz L\u00f3pez, fueron judicializados por la Fiscal\u00eda General de la Naci\u00f3n por el delito de estafa agravada, que habr\u00edan cometido en hechos aislados contra ciudadanos que enga\u00f1ar\u00edan [&hellip;]<\/p>\n","protected":false},"author":177,"featured_media":0,"comment_status":"closed","ping_status":"open","sticky":false,"template":"","format":"standard","meta":{"_price":"","_stock":"","_tribe_ticket_header":"","_tribe_default_ticket_provider":"","_tribe_ticket_capacity":"0","_ticket_start_date":"","_ticket_end_date":"","_tribe_ticket_show_description":"","_tribe_ticket_show_not_going":false,"_tribe_ticket_use_global_stock":"","_tribe_ticket_global_stock_level":"","_global_stock_mode":"","_global_stock_cap":"","_tribe_rsvp_for_event":"","_tribe_ticket_going_count":"","_tribe_ticket_not_going_count":"","_tribe_tickets_list":"[]","_tribe_ticket_has_attendee_info_fields":false,"tdm_status":"","tdm_grid_status":"","footnotes":""},"categories":[1,329,303,24099],"tags":[42,45,667,24347,7393,1047,23838,23990,35219,558,30239,2138,35220],"class_list":{"0":"post-275743","1":"post","2":"type-post","3":"status-publish","4":"format-standard","6":"category-noticias","7":"category-seccional-ibague","8":"category-seccionales","9":"category-seguridad-territorial","10":"tag-automotores","11":"tag-cti","12":"tag-ejercito","13":"tag-engano","14":"tag-estafa-agravada","15":"tag-fiscalia-general-de-la-nacion","16":"tag-ibague","17":"tag-ibague-tolima","18":"tag-permuta","19":"tag-policia-nacional","20":"tag-seguridad-territorial","21":"tag-vehiculos","22":"tag-ventas"},"yoast_head":"<!-- This site is optimized with the Yoast SEO plugin v24.3 - https:\/\/yoast.com\/wordpress\/plugins\/seo\/ -->\n<title>Fiscal\u00eda General de la Naci\u00f3n<\/title>\n<meta name=\"description\" content=\"P\u00e1gina oficial de la Fiscal\u00eda General de la Naci\u00f3n \u2013 Colombia. Garantizamos el acceso efectivo a la justicia, la verdad y la reparaci\u00f3n de las v\u00edctimas de los delitos.\" \/>\n<meta name=\"robots\" content=\"noindex, follow\" \/>\n<meta property=\"og:locale\" content=\"es_ES\" \/>\n<meta property=\"og:type\" content=\"article\" \/>\n<meta property=\"og:title\" content=\"Fiscal\u00eda General de la Naci\u00f3n\" \/>\n<meta property=\"og:description\" content=\"P\u00e1gina oficial de la Fiscal\u00eda General de la Naci\u00f3n \u2013 Colombia. Garantizamos el acceso efectivo a la justicia, la verdad y la reparaci\u00f3n de las v\u00edctimas de los delitos.\" \/>\n<meta property=\"og:url\" content=\"https:\/\/www.fiscalia.gov.co\/colombia\/noticias\/judicializados-tres-hombres-por-estafa-agravada-en-el-tolima-por-hechos-aislados\/\" \/>\n<meta property=\"og:site_name\" content=\"Fiscal\u00eda General de la Naci\u00f3n\" \/>\n<meta property=\"article:publisher\" content=\"https:\/\/www.facebook.com\/FiscaliaCol\" \/>\n<meta property=\"article:published_time\" content=\"2023-07-26T15:37:38+00:00\" \/>\n<meta property=\"og:image\" content=\"https:\/\/www.fiscalia.gov.co\/colombia\/wp-content\/uploads\/Jesus-Andres-Torrado-Arevalo-estafa-tolima.jpeg\" \/>\n<meta name=\"author\" content=\"Jordan Leandro Oviedo Anzola\" \/>\n<meta name=\"twitter:card\" content=\"summary_large_image\" \/>\n<meta name=\"twitter:creator\" content=\"@FiscaliaCol\" \/>\n<meta name=\"twitter:site\" content=\"@FiscaliaCol\" \/>\n<meta name=\"twitter:label1\" content=\"Escrito por\" \/>\n\t<meta name=\"twitter:data1\" content=\"Jordan Leandro Oviedo Anzola\" \/>\n\t<meta name=\"twitter:label2\" content=\"Tiempo de lectura\" \/>\n\t<meta name=\"twitter:data2\" content=\"4 minutos\" \/>\n<script type=\"application\/ld+json\" class=\"yoast-schema-graph\">{\"@context\":\"https:\/\/schema.org\",\"@graph\":[{\"@type\":\"Article\",\"@id\":\"https:\/\/www.fiscalia.gov.co\/colombia\/noticias\/judicializados-tres-hombres-por-estafa-agravada-en-el-tolima-por-hechos-aislados\/#article\",\"isPartOf\":{\"@id\":\"https:\/\/www.fiscalia.gov.co\/colombia\/noticias\/judicializados-tres-hombres-por-estafa-agravada-en-el-tolima-por-hechos-aislados\/\"},\"author\":{\"name\":\"Jordan Leandro Oviedo Anzola\",\"@id\":\"https:\/\/www.fiscalia.gov.co\/colombia\/#\/schema\/person\/bf84402cf293a5393e9c70b111020b24\"},\"headline\":\"Judicializados tres hombres por estafa agravada en el Tolima por hechos aislados\",\"datePublished\":\"2023-07-26T15:37:38+00:00\",\"dateModified\":\"2023-07-26T15:37:38+00:00\",\"mainEntityOfPage\":{\"@id\":\"https:\/\/www.fiscalia.gov.co\/colombia\/noticias\/judicializados-tres-hombres-por-estafa-agravada-en-el-tolima-por-hechos-aislados\/\"},\"wordCount\":660,\"publisher\":{\"@id\":\"https:\/\/www.fiscalia.gov.co\/colombia\/#organization\"},\"image\":{\"@id\":\"https:\/\/www.fiscalia.gov.co\/colombia\/noticias\/judicializados-tres-hombres-por-estafa-agravada-en-el-tolima-por-hechos-aislados\/#primaryimage\"},\"thumbnailUrl\":\"https:\/\/www.fiscalia.gov.co\/colombia\/wp-content\/uploads\/Jesus-Andres-Torrado-Arevalo-estafa-tolima.jpeg\",\"keywords\":[\"Automotores\",\"CTI\",\"Ej\u00e9rcito\",\"enga\u00f1o\",\"Estafa agravada\",\"Fiscal\u00eda General de la Naci\u00f3n\",\"Ibagu\u00e9\",\"Ibagu\u00e9 (Tolima)\",\"permuta\",\"Polic\u00eda Nacional\",\"Seguridad territorial\",\"Veh\u00edculos\",\"ventas\"],\"articleSection\":[\"Noticias\",\"Seccional Ibagu\u00e9\",\"Seccionales\",\"Seguridad territorial\"],\"inLanguage\":\"es-CO\"},{\"@type\":\"WebPage\",\"@id\":\"https:\/\/www.fiscalia.gov.co\/colombia\/noticias\/judicializados-tres-hombres-por-estafa-agravada-en-el-tolima-por-hechos-aislados\/\",\"url\":\"https:\/\/www.fiscalia.gov.co\/colombia\/noticias\/judicializados-tres-hombres-por-estafa-agravada-en-el-tolima-por-hechos-aislados\/\",\"name\":\"Fiscal\u00eda General de la Naci\u00f3n\",\"isPartOf\":{\"@id\":\"https:\/\/www.fiscalia.gov.co\/colombia\/#website\"},\"primaryImageOfPage\":{\"@id\":\"https:\/\/www.fiscalia.gov.co\/colombia\/noticias\/judicializados-tres-hombres-por-estafa-agravada-en-el-tolima-por-hechos-aislados\/#primaryimage\"},\"image\":{\"@id\":\"https:\/\/www.fiscalia.gov.co\/colombia\/noticias\/judicializados-tres-hombres-por-estafa-agravada-en-el-tolima-por-hechos-aislados\/#primaryimage\"},\"thumbnailUrl\":\"https:\/\/www.fiscalia.gov.co\/colombia\/wp-content\/uploads\/Jesus-Andres-Torrado-Arevalo-estafa-tolima.jpeg\",\"datePublished\":\"2023-07-26T15:37:38+00:00\",\"dateModified\":\"2023-07-26T15:37:38+00:00\",\"description\":\"P\u00e1gina oficial de la Fiscal\u00eda General de la Naci\u00f3n \u2013 Colombia. Garantizamos el acceso efectivo a la justicia, la verdad y la reparaci\u00f3n de las v\u00edctimas de los delitos.\",\"breadcrumb\":{\"@id\":\"https:\/\/www.fiscalia.gov.co\/colombia\/noticias\/judicializados-tres-hombres-por-estafa-agravada-en-el-tolima-por-hechos-aislados\/#breadcrumb\"},\"inLanguage\":\"es-CO\",\"potentialAction\":[{\"@type\":\"ReadAction\",\"target\":[\"https:\/\/www.fiscalia.gov.co\/colombia\/noticias\/judicializados-tres-hombres-por-estafa-agravada-en-el-tolima-por-hechos-aislados\/\"]}]},{\"@type\":\"ImageObject\",\"inLanguage\":\"es-CO\",\"@id\":\"https:\/\/www.fiscalia.gov.co\/colombia\/noticias\/judicializados-tres-hombres-por-estafa-agravada-en-el-tolima-por-hechos-aislados\/#primaryimage\",\"url\":\"https:\/\/www.fiscalia.gov.co\/colombia\/wp-content\/uploads\/Jesus-Andres-Torrado-Arevalo-estafa-tolima.jpeg\",\"contentUrl\":\"https:\/\/www.fiscalia.gov.co\/colombia\/wp-content\/uploads\/Jesus-Andres-Torrado-Arevalo-estafa-tolima.jpeg\",\"width\":655,\"height\":511,\"caption\":\"Jes\u00fas Andr\u00e9s Torrado Ar\u00e9valo fue detenido por personal del Cuerpo T\u00e9cnico de Investigaci\u00f3n (CTI) adscrito al grupo de Estructura de Apoyo (EDA) de la Seccional Tolima con el apoyo de polic\u00eda de vigilancia y el Ej\u00e9rcito Nacional en v\u00eda p\u00fablica de la Avenida Ambal\u00e1 con calle 100 de Ibagu\u00e9.\"},{\"@type\":\"BreadcrumbList\",\"@id\":\"https:\/\/www.fiscalia.gov.co\/colombia\/noticias\/judicializados-tres-hombres-por-estafa-agravada-en-el-tolima-por-hechos-aislados\/#breadcrumb\",\"itemListElement\":[{\"@type\":\"ListItem\",\"position\":1,\"name\":\"Home\",\"item\":\"https:\/\/www.fiscalia.gov.co\/colombia\/\"},{\"@type\":\"ListItem\",\"position\":2,\"name\":\"Judicializados tres hombres por estafa agravada en el Tolima por hechos aislados\"}]},{\"@type\":\"WebSite\",\"@id\":\"https:\/\/www.fiscalia.gov.co\/colombia\/#website\",\"url\":\"https:\/\/www.fiscalia.gov.co\/colombia\/\",\"name\":\"Fiscal\u00eda General de la Naci\u00f3n\",\"description\":\"P\u00e1gina oficial de la Fiscal\u00eda General de la Naci\u00f3n \u2013 Colombia. Garantizamos el acceso efectivo a la justicia, la verdad y la reparaci\u00f3n de las v\u00edctimas de los delitos.\",\"publisher\":{\"@id\":\"https:\/\/www.fiscalia.gov.co\/colombia\/#organization\"},\"potentialAction\":[{\"@type\":\"SearchAction\",\"target\":{\"@type\":\"EntryPoint\",\"urlTemplate\":\"https:\/\/www.fiscalia.gov.co\/colombia\/?s={search_term_string}\"},\"query-input\":{\"@type\":\"PropertyValueSpecification\",\"valueRequired\":true,\"valueName\":\"search_term_string\"}}],\"inLanguage\":\"es-CO\"},{\"@type\":\"Organization\",\"@id\":\"https:\/\/www.fiscalia.gov.co\/colombia\/#organization\",\"name\":\"Fiscal\u00eda General de la Naci\u00f3n\",\"url\":\"https:\/\/www.fiscalia.gov.co\/colombia\/\",\"logo\":{\"@type\":\"ImageObject\",\"inLanguage\":\"es-CO\",\"@id\":\"https:\/\/www.fiscalia.gov.co\/colombia\/#\/schema\/logo\/image\/\",\"url\":\"https:\/\/www.fiscalia.gov.co\/colombia\/wp-content\/uploads\/LogoHorizontal_1.jpg\",\"contentUrl\":\"https:\/\/www.fiscalia.gov.co\/colombia\/wp-content\/uploads\/LogoHorizontal_1.jpg\",\"width\":300,\"height\":90,\"caption\":\"Fiscal\u00eda General de la Naci\u00f3n\"},\"image\":{\"@id\":\"https:\/\/www.fiscalia.gov.co\/colombia\/#\/schema\/logo\/image\/\"},\"sameAs\":[\"https:\/\/www.facebook.com\/FiscaliaCol\",\"https:\/\/x.com\/FiscaliaCol\",\"https:\/\/www.instagram.com\/fiscaliacol\",\"https:\/\/www.linkedin.com\/company\/fiscalia-general-de-la-naci-n\/\",\"https:\/\/youtube.com\/@fiscaliageneraldelanacion-4668?si=6nN79nyQICPU5iTh\"]},{\"@type\":\"Person\",\"@id\":\"https:\/\/www.fiscalia.gov.co\/colombia\/#\/schema\/person\/bf84402cf293a5393e9c70b111020b24\",\"name\":\"Jordan Leandro Oviedo Anzola\",\"image\":{\"@type\":\"ImageObject\",\"inLanguage\":\"es-CO\",\"@id\":\"https:\/\/www.fiscalia.gov.co\/colombia\/#\/schema\/person\/image\/\",\"url\":\"https:\/\/secure.gravatar.com\/avatar\/dabba4346fa9b9207d96adafa8f92721?s=96&d=mm&r=g\",\"contentUrl\":\"https:\/\/secure.gravatar.com\/avatar\/dabba4346fa9b9207d96adafa8f92721?s=96&d=mm&r=g\",\"caption\":\"Jordan Leandro Oviedo Anzola\"},\"url\":\"https:\/\/www.fiscalia.gov.co\/colombia\/author\/joviedo\/\"}]}<\/script>\n<!-- \/ Yoast SEO plugin. -->","yoast_head_json":{"title":"Fiscal\u00eda General de la Naci\u00f3n","description":"P\u00e1gina oficial de la Fiscal\u00eda General de la Naci\u00f3n \u2013 Colombia. Garantizamos el acceso efectivo a la justicia, la verdad y la reparaci\u00f3n de las v\u00edctimas de los delitos.","robots":{"index":"noindex","follow":"follow"},"og_locale":"es_ES","og_type":"article","og_title":"Fiscal\u00eda General de la Naci\u00f3n","og_description":"P\u00e1gina oficial de la Fiscal\u00eda General de la Naci\u00f3n \u2013 Colombia. Garantizamos el acceso efectivo a la justicia, la verdad y la reparaci\u00f3n de las v\u00edctimas de los delitos.","og_url":"https:\/\/www.fiscalia.gov.co\/colombia\/noticias\/judicializados-tres-hombres-por-estafa-agravada-en-el-tolima-por-hechos-aislados\/","og_site_name":"Fiscal\u00eda General de la Naci\u00f3n","article_publisher":"https:\/\/www.facebook.com\/FiscaliaCol","article_published_time":"2023-07-26T15:37:38+00:00","og_image":[{"url":"https:\/\/www.fiscalia.gov.co\/colombia\/wp-content\/uploads\/Jesus-Andres-Torrado-Arevalo-estafa-tolima.jpeg","type":"","width":"","height":""}],"author":"Jordan Leandro Oviedo Anzola","twitter_card":"summary_large_image","twitter_creator":"@FiscaliaCol","twitter_site":"@FiscaliaCol","twitter_misc":{"Escrito por":"Jordan Leandro Oviedo Anzola","Tiempo de lectura":"4 minutos"},"schema":{"@context":"https:\/\/schema.org","@graph":[{"@type":"Article","@id":"https:\/\/www.fiscalia.gov.co\/colombia\/noticias\/judicializados-tres-hombres-por-estafa-agravada-en-el-tolima-por-hechos-aislados\/#article","isPartOf":{"@id":"https:\/\/www.fiscalia.gov.co\/colombia\/noticias\/judicializados-tres-hombres-por-estafa-agravada-en-el-tolima-por-hechos-aislados\/"},"author":{"name":"Jordan Leandro Oviedo Anzola","@id":"https:\/\/www.fiscalia.gov.co\/colombia\/#\/schema\/person\/bf84402cf293a5393e9c70b111020b24"},"headline":"Judicializados tres hombres por estafa agravada en el Tolima por hechos aislados","datePublished":"2023-07-26T15:37:38+00:00","dateModified":"2023-07-26T15:37:38+00:00","mainEntityOfPage":{"@id":"https:\/\/www.fiscalia.gov.co\/colombia\/noticias\/judicializados-tres-hombres-por-estafa-agravada-en-el-tolima-por-hechos-aislados\/"},"wordCount":660,"publisher":{"@id":"https:\/\/www.fiscalia.gov.co\/colombia\/#organization"},"image":{"@id":"https:\/\/www.fiscalia.gov.co\/colombia\/noticias\/judicializados-tres-hombres-por-estafa-agravada-en-el-tolima-por-hechos-aislados\/#primaryimage"},"thumbnailUrl":"https:\/\/www.fiscalia.gov.co\/colombia\/wp-content\/uploads\/Jesus-Andres-Torrado-Arevalo-estafa-tolima.jpeg","keywords":["Automotores","CTI","Ej\u00e9rcito","enga\u00f1o","Estafa agravada","Fiscal\u00eda General de la Naci\u00f3n","Ibagu\u00e9","Ibagu\u00e9 (Tolima)","permuta","Polic\u00eda Nacional","Seguridad territorial","Veh\u00edculos","ventas"],"articleSection":["Noticias","Seccional Ibagu\u00e9","Seccionales","Seguridad territorial"],"inLanguage":"es-CO"},{"@type":"WebPage","@id":"https:\/\/www.fiscalia.gov.co\/colombia\/noticias\/judicializados-tres-hombres-por-estafa-agravada-en-el-tolima-por-hechos-aislados\/","url":"https:\/\/www.fiscalia.gov.co\/colombia\/noticias\/judicializados-tres-hombres-por-estafa-agravada-en-el-tolima-por-hechos-aislados\/","name":"Fiscal\u00eda General de la Naci\u00f3n","isPartOf":{"@id":"https:\/\/www.fiscalia.gov.co\/colombia\/#website"},"primaryImageOfPage":{"@id":"https:\/\/www.fiscalia.gov.co\/colombia\/noticias\/judicializados-tres-hombres-por-estafa-agravada-en-el-tolima-por-hechos-aislados\/#primaryimage"},"image":{"@id":"https:\/\/www.fiscalia.gov.co\/colombia\/noticias\/judicializados-tres-hombres-por-estafa-agravada-en-el-tolima-por-hechos-aislados\/#primaryimage"},"thumbnailUrl":"https:\/\/www.fiscalia.gov.co\/colombia\/wp-content\/uploads\/Jesus-Andres-Torrado-Arevalo-estafa-tolima.jpeg","datePublished":"2023-07-26T15:37:38+00:00","dateModified":"2023-07-26T15:37:38+00:00","description":"P\u00e1gina oficial de la Fiscal\u00eda General de la Naci\u00f3n \u2013 Colombia. Garantizamos el acceso efectivo a la justicia, la verdad y la reparaci\u00f3n de las v\u00edctimas de los delitos.","breadcrumb":{"@id":"https:\/\/www.fiscalia.gov.co\/colombia\/noticias\/judicializados-tres-hombres-por-estafa-agravada-en-el-tolima-por-hechos-aislados\/#breadcrumb"},"inLanguage":"es-CO","potentialAction":[{"@type":"ReadAction","target":["https:\/\/www.fiscalia.gov.co\/colombia\/noticias\/judicializados-tres-hombres-por-estafa-agravada-en-el-tolima-por-hechos-aislados\/"]}]},{"@type":"ImageObject","inLanguage":"es-CO","@id":"https:\/\/www.fiscalia.gov.co\/colombia\/noticias\/judicializados-tres-hombres-por-estafa-agravada-en-el-tolima-por-hechos-aislados\/#primaryimage","url":"https:\/\/www.fiscalia.gov.co\/colombia\/wp-content\/uploads\/Jesus-Andres-Torrado-Arevalo-estafa-tolima.jpeg","contentUrl":"https:\/\/www.fiscalia.gov.co\/colombia\/wp-content\/uploads\/Jesus-Andres-Torrado-Arevalo-estafa-tolima.jpeg","width":655,"height":511,"caption":"Jes\u00fas Andr\u00e9s Torrado Ar\u00e9valo fue detenido por personal del Cuerpo T\u00e9cnico de Investigaci\u00f3n (CTI) adscrito al grupo de Estructura de Apoyo (EDA) de la Seccional Tolima con el apoyo de polic\u00eda de vigilancia y el Ej\u00e9rcito Nacional en v\u00eda p\u00fablica de la Avenida Ambal\u00e1 con calle 100 de Ibagu\u00e9."},{"@type":"BreadcrumbList","@id":"https:\/\/www.fiscalia.gov.co\/colombia\/noticias\/judicializados-tres-hombres-por-estafa-agravada-en-el-tolima-por-hechos-aislados\/#breadcrumb","itemListElement":[{"@type":"ListItem","position":1,"name":"Home","item":"https:\/\/www.fiscalia.gov.co\/colombia\/"},{"@type":"ListItem","position":2,"name":"Judicializados tres hombres por estafa agravada en el Tolima por hechos aislados"}]},{"@type":"WebSite","@id":"https:\/\/www.fiscalia.gov.co\/colombia\/#website","url":"https:\/\/www.fiscalia.gov.co\/colombia\/","name":"Fiscal\u00eda General de la Naci\u00f3n","description":"P\u00e1gina oficial de la Fiscal\u00eda General de la Naci\u00f3n \u2013 Colombia. Garantizamos el acceso efectivo a la justicia, la verdad y la reparaci\u00f3n de las v\u00edctimas de los delitos.","publisher":{"@id":"https:\/\/www.fiscalia.gov.co\/colombia\/#organization"},"potentialAction":[{"@type":"SearchAction","target":{"@type":"EntryPoint","urlTemplate":"https:\/\/www.fiscalia.gov.co\/colombia\/?s={search_term_string}"},"query-input":{"@type":"PropertyValueSpecification","valueRequired":true,"valueName":"search_term_string"}}],"inLanguage":"es-CO"},{"@type":"Organization","@id":"https:\/\/www.fiscalia.gov.co\/colombia\/#organization","name":"Fiscal\u00eda General de la Naci\u00f3n","url":"https:\/\/www.fiscalia.gov.co\/colombia\/","logo":{"@type":"ImageObject","inLanguage":"es-CO","@id":"https:\/\/www.fiscalia.gov.co\/colombia\/#\/schema\/logo\/image\/","url":"https:\/\/www.fiscalia.gov.co\/colombia\/wp-content\/uploads\/LogoHorizontal_1.jpg","contentUrl":"https:\/\/www.fiscalia.gov.co\/colombia\/wp-content\/uploads\/LogoHorizontal_1.jpg","width":300,"height":90,"caption":"Fiscal\u00eda General de la Naci\u00f3n"},"image":{"@id":"https:\/\/www.fiscalia.gov.co\/colombia\/#\/schema\/logo\/image\/"},"sameAs":["https:\/\/www.facebook.com\/FiscaliaCol","https:\/\/x.com\/FiscaliaCol","https:\/\/www.instagram.com\/fiscaliacol","https:\/\/www.linkedin.com\/company\/fiscalia-general-de-la-naci-n\/","https:\/\/youtube.com\/@fiscaliageneraldelanacion-4668?si=6nN79nyQICPU5iTh"]},{"@type":"Person","@id":"https:\/\/www.fiscalia.gov.co\/colombia\/#\/schema\/person\/bf84402cf293a5393e9c70b111020b24","name":"Jordan Leandro Oviedo Anzola","image":{"@type":"ImageObject","inLanguage":"es-CO","@id":"https:\/\/www.fiscalia.gov.co\/colombia\/#\/schema\/person\/image\/","url":"https:\/\/secure.gravatar.com\/avatar\/dabba4346fa9b9207d96adafa8f92721?s=96&d=mm&r=g","contentUrl":"https:\/\/secure.gravatar.com\/avatar\/dabba4346fa9b9207d96adafa8f92721?s=96&d=mm&r=g","caption":"Jordan Leandro Oviedo Anzola"},"url":"https:\/\/www.fiscalia.gov.co\/colombia\/author\/joviedo\/"}]}},"_links":{"self":[{"href":"https:\/\/www.fiscalia.gov.co\/colombia\/wp-json\/wp\/v2\/posts\/275743","targetHints":{"allow":["GET"]}}],"collection":[{"href":"https:\/\/www.fiscalia.gov.co\/colombia\/wp-json\/wp\/v2\/posts"}],"about":[{"href":"https:\/\/www.fiscalia.gov.co\/colombia\/wp-json\/wp\/v2\/types\/post"}],"author":[{"embeddable":true,"href":"https:\/\/www.fiscalia.gov.co\/colombia\/wp-json\/wp\/v2\/users\/177"}],"replies":[{"embeddable":true,"href":"https:\/\/www.fiscalia.gov.co\/colombia\/wp-json\/wp\/v2\/comments?post=275743"}],"version-history":[{"count":1,"href":"https:\/\/www.fiscalia.gov.co\/colombia\/wp-json\/wp\/v2\/posts\/275743\/revisions"}],"predecessor-version":[{"id":275746,"href":"https:\/\/www.fiscalia.gov.co\/colombia\/wp-json\/wp\/v2\/posts\/275743\/revisions\/275746"}],"wp:attachment":[{"href":"https:\/\/www.fiscalia.gov.co\/colombia\/wp-json\/wp\/v2\/media?parent=275743"}],"wp:term":[{"taxonomy":"category","embeddable":true,"href":"https:\/\/www.fiscalia.gov.co\/colombia\/wp-json\/wp\/v2\/categories?post=275743"},{"taxonomy":"post_tag","embeddable":true,"href":"https:\/\/www.fiscalia.gov.co\/colombia\/wp-json\/wp\/v2\/tags?post=275743"}],"curies":[{"name":"wp","href":"https:\/\/api.w.org\/{rel}","templated":true}]}}