{"id":275632,"date":"2023-07-25T10:07:52","date_gmt":"2023-07-25T15:07:52","guid":{"rendered":"https:\/\/www.fiscalia.gov.co\/colombia\/?p=275632"},"modified":"2023-08-04T12:45:23","modified_gmt":"2023-08-04T17:45:23","slug":"carcel-para-cuatro-personas-quienes-grabaron-video-atribuyendose-homicidio-ocurrido-en-puerto-colombia","status":"publish","type":"post","link":"https:\/\/www.fiscalia.gov.co\/colombia\/noticias\/carcel-para-cuatro-personas-quienes-grabaron-video-atribuyendose-homicidio-ocurrido-en-puerto-colombia\/","title":{"rendered":"C\u00e1rcel para cuatro personas quienes grabaron v\u00eddeo atribuy\u00e9ndose homicidio ocurrido en Puerto Colombia"},"content":{"rendered":"<h4><u><\/u><strong><i>Tres de los imputados se registraron encapuchados y convirtieron en una tendencia viral el registro audiovisual que fue subido a redes sociales y donde se hac\u00edan responsables de un crimen colectivo ocurrido el mes anterior.\u00a0<\/i><\/strong><u><\/u><u><\/u><\/h4>\n<figure id=\"attachment_275633\" aria-describedby=\"caption-attachment-275633\" style=\"width: 696px\" class=\"wp-caption aligncenter\"><img loading=\"lazy\" decoding=\"async\" class=\"size-large wp-image-275633\" src=\"https:\/\/www.fiscalia.gov.co\/colombia\/wp-content\/uploads\/Image-1-5-1024x766.jpeg\" alt=\"Uniformados del Gaula de la Polic\u00eda Nacional custodian a los procesados quienes fueron capturados en diligencias de allanamiento y registro realizada a un inmueble en Barranquilla. \" width=\"696\" height=\"521\" srcset=\"https:\/\/www.fiscalia.gov.co\/colombia\/wp-content\/uploads\/Image-1-5-1024x766.jpeg 1024w, https:\/\/www.fiscalia.gov.co\/colombia\/wp-content\/uploads\/Image-1-5-300x224.jpeg 300w, https:\/\/www.fiscalia.gov.co\/colombia\/wp-content\/uploads\/Image-1-5-768x575.jpeg 768w, https:\/\/www.fiscalia.gov.co\/colombia\/wp-content\/uploads\/Image-1-5-1536x1149.jpeg 1536w, https:\/\/www.fiscalia.gov.co\/colombia\/wp-content\/uploads\/Image-1-5-696x521.jpeg 696w, https:\/\/www.fiscalia.gov.co\/colombia\/wp-content\/uploads\/Image-1-5-1068x799.jpeg 1068w, https:\/\/www.fiscalia.gov.co\/colombia\/wp-content\/uploads\/Image-1-5-561x420.jpeg 561w, https:\/\/www.fiscalia.gov.co\/colombia\/wp-content\/uploads\/Image-1-5-80x60.jpeg 80w, https:\/\/www.fiscalia.gov.co\/colombia\/wp-content\/uploads\/Image-1-5-265x198.jpeg 265w, https:\/\/www.fiscalia.gov.co\/colombia\/wp-content\/uploads\/Image-1-5.jpeg 1600w\" sizes=\"auto, (max-width: 696px) 100vw, 696px\" \/><figcaption id=\"caption-attachment-275633\" class=\"wp-caption-text\">Ray Jos\u00e9 G\u00f3mez Cantillo, alias &#8216;Ray&#8217;, Yeison Ca\u00f1as Fl\u00f3rez, Elder Joel Daza P\u00e9rez y Esteven Rodr\u00edguez Coronado.<\/figcaption><\/figure>\n<p>Por solicitud de un fiscal de la Seccional Atl\u00e1ntico un juez con funciones de control de garant\u00edas dict\u00f3 medida de aseguramiento intramural contra tres hombres quienes encapuchados grabaron un v\u00eddeo que se viraliz\u00f3 en redes sociales atribuy\u00e9ndose el homicidio colectivo registrado el 29 de junio en curso en Villa Campestre, jurisdicci\u00f3n de Puerto Colombia (Atl\u00e1ntico).\u00a0<u><\/u><u><\/u><\/p>\n<p>Asimismo, fue privado de la libertad en centro carcelario el due\u00f1o del inmueble donde se presume grabaron el audiovisual.\u00a0<u><\/u><u><\/u><\/p>\n<p>De acuerdo con la investigaci\u00f3n, los procesados habr\u00edan registrado y publicado este v\u00eddeo el 5 de julio en curso d\u00f3nde adem\u00e1s hicieron presuntas amenazas a 17 personas generando zozobra y terror en la ciudadan\u00eda.\u00a0<u><\/u><u><\/u><\/p>\n<p>Su captura fue materializada por funcionarios de la Polic\u00eda Nacional 12 horas despu\u00e9s de haber grabado el audiovisual.\u00a0Los detenidos son: Ray Jos\u00e9 G\u00f3mez Cantillo, alias &#8216;Ray&#8217;, Yeison Ca\u00f1as Fl\u00f3rez, Elder Joel Daza P\u00e9rez y Esteven Rodr\u00edguez Coronado.\u00a0<u><\/u><u><\/u><\/p>\n<p>Por estos hechos las Fiscal\u00eda los encontr\u00f3 presuntos responsables\u00a0\u00a0en su grado de responsabilidad de los delitos de concierto para delinquir con fines de terrorismo y extorsi\u00f3n, terrorismo, porte ilegal de armas de uso privativo de las Fuerzas Militares y porte ilegal de armas de uso de defensa personal.<u><\/u><u><\/u><\/p>\n<p>Los tres imputados ser\u00e1n trasladados a la c\u00e1rcel Modelo de Barranquilla para cumplir la medida de aseguramiento.\u00a0<u><\/u><u><\/u><\/p>\n<p><b><u>La Fiscal\u00eda habla con resultados.\u00a0<\/u><\/b><\/p>\n<p>&nbsp;<\/p>\n<p>&nbsp;<\/p>\n<p>&nbsp;<\/p>\n<p>SKCR\/VHGB\/DA\/JRS\/JMMM\/DSA<\/p>\n<p>&nbsp;<\/p>\n<p><u><\/u>\u00a0<u><\/u><\/p>\n<p><u><\/u>\u00a0<u><\/u><\/p>\n<div class=\"td-post-content tagdiv-type\">\n<p><i><span lang=\"ES\">La informaci\u00f3n contenida en este bolet\u00edn de prensa corresponde a la narraci\u00f3n de los hechos noticiosos objetivos, suministrados por los funcionarios encargados de adelantar las investigaciones penales al interior de la Fiscal\u00eda General de la Naci\u00f3n. Para el momento de la divulgaci\u00f3n de este comunicado, la situaci\u00f3n jur\u00eddica de la(s) persona(s) relacionada(s) se encuentra pendiente de resolver por la autoridad judicial competente, siempre bajo los preceptos de la presunci\u00f3n de inocencia, consagrados en el art\u00edculo 29 de la Constituci\u00f3n Pol\u00edtica y el art\u00edculo 7\u00ba de la Ley 906 de 2004.<\/span><\/i><\/p>\n<\/div>\n<footer>\n<div class=\"td-post-source-tags\"><\/div>\n<div class=\"td-post-sharing-bottom\"><\/div>\n<\/footer>\n\n<div class=\"twitter-share\"><a href=\"https:\/\/twitter.com\/intent\/tweet?via=fiscaliacol\" class=\"twitter-share-button\">Tweet<\/a><\/div>\n","protected":false},"excerpt":{"rendered":"<p>Tres de los imputados se registraron encapuchados y convirtieron en una tendencia viral el registro audiovisual que fue subido a redes sociales y donde se hac\u00edan responsables de un crimen colectivo ocurrido el mes anterior.\u00a0 Por solicitud de un fiscal de la Seccional Atl\u00e1ntico un juez con funciones de control de garant\u00edas dict\u00f3 medida de [&hellip;]<\/p>\n","protected":false},"author":177,"featured_media":0,"comment_status":"closed","ping_status":"open","sticky":false,"template":"","format":"video","meta":{"_price":"","_stock":"","_tribe_ticket_header":"","_tribe_default_ticket_provider":"","_tribe_ticket_capacity":"0","_ticket_start_date":"","_ticket_end_date":"","_tribe_ticket_show_description":"","_tribe_ticket_show_not_going":false,"_tribe_ticket_use_global_stock":"","_tribe_ticket_global_stock_level":"","_global_stock_mode":"","_global_stock_cap":"","_tribe_rsvp_for_event":"","_tribe_ticket_going_count":"","_tribe_ticket_not_going_count":"","_tribe_tickets_list":"[]","_tribe_ticket_has_attendee_info_fields":false,"tdm_status":"","tdm_grid_status":"","footnotes":""},"categories":[1],"tags":[23982,31126,33930,24849,29104,3029,27199,35211,381,32710,35210,35212],"class_list":{"0":"post-275632","1":"post","2":"type-post","3":"status-publish","4":"format-video","6":"category-noticias","7":"tag-barranquilla-atlantico","8":"tag-cuatro-personas","9":"tag-encapuchados","10":"tag-homicidio-colectivo","11":"tag-puerto-colombia","12":"tag-redes-sociales","13":"tag-seccional-atlantico","14":"tag-terror","15":"tag-terrorismo","16":"tag-video","17":"tag-villa-campestre","18":"tag-zozobra","19":"post_format-post-format-video"},"yoast_head":"<!-- This site is optimized with the Yoast SEO plugin v24.3 - https:\/\/yoast.com\/wordpress\/plugins\/seo\/ -->\n<title>Fiscal\u00eda General de la Naci\u00f3n<\/title>\n<meta name=\"description\" content=\"P\u00e1gina oficial de la Fiscal\u00eda General de la Naci\u00f3n \u2013 Colombia. Garantizamos el acceso efectivo a la justicia, la verdad y la reparaci\u00f3n de las v\u00edctimas de los delitos.\" \/>\n<meta name=\"robots\" content=\"noindex, follow\" \/>\n<meta property=\"og:locale\" content=\"es_ES\" \/>\n<meta property=\"og:type\" content=\"article\" \/>\n<meta property=\"og:title\" content=\"Fiscal\u00eda General de la Naci\u00f3n\" \/>\n<meta property=\"og:description\" content=\"P\u00e1gina oficial de la Fiscal\u00eda General de la Naci\u00f3n \u2013 Colombia. Garantizamos el acceso efectivo a la justicia, la verdad y la reparaci\u00f3n de las v\u00edctimas de los delitos.\" \/>\n<meta property=\"og:url\" content=\"https:\/\/www.fiscalia.gov.co\/colombia\/noticias\/carcel-para-cuatro-personas-quienes-grabaron-video-atribuyendose-homicidio-ocurrido-en-puerto-colombia\/\" \/>\n<meta property=\"og:site_name\" content=\"Fiscal\u00eda General de la Naci\u00f3n\" \/>\n<meta property=\"article:publisher\" content=\"https:\/\/www.facebook.com\/FiscaliaCol\" \/>\n<meta property=\"article:published_time\" content=\"2023-07-25T15:07:52+00:00\" \/>\n<meta property=\"article:modified_time\" content=\"2023-08-04T17:45:23+00:00\" \/>\n<meta property=\"og:image\" content=\"https:\/\/www.fiscalia.gov.co\/colombia\/wp-content\/uploads\/Image-1-5-1024x766.jpeg\" \/>\n<meta name=\"author\" content=\"Jordan Leandro Oviedo Anzola\" \/>\n<meta name=\"twitter:card\" content=\"summary_large_image\" \/>\n<meta name=\"twitter:creator\" content=\"@FiscaliaCol\" \/>\n<meta name=\"twitter:site\" content=\"@FiscaliaCol\" \/>\n<meta name=\"twitter:label1\" content=\"Escrito por\" \/>\n\t<meta name=\"twitter:data1\" content=\"Jordan Leandro Oviedo Anzola\" \/>\n\t<meta name=\"twitter:label2\" content=\"Tiempo de lectura\" \/>\n\t<meta name=\"twitter:data2\" content=\"2 minutos\" \/>\n<script type=\"application\/ld+json\" class=\"yoast-schema-graph\">{\"@context\":\"https:\/\/schema.org\",\"@graph\":[{\"@type\":\"Article\",\"@id\":\"https:\/\/www.fiscalia.gov.co\/colombia\/noticias\/carcel-para-cuatro-personas-quienes-grabaron-video-atribuyendose-homicidio-ocurrido-en-puerto-colombia\/#article\",\"isPartOf\":{\"@id\":\"https:\/\/www.fiscalia.gov.co\/colombia\/noticias\/carcel-para-cuatro-personas-quienes-grabaron-video-atribuyendose-homicidio-ocurrido-en-puerto-colombia\/\"},\"author\":{\"name\":\"Jordan Leandro Oviedo Anzola\",\"@id\":\"https:\/\/www.fiscalia.gov.co\/colombia\/#\/schema\/person\/bf84402cf293a5393e9c70b111020b24\"},\"headline\":\"C\u00e1rcel para cuatro personas quienes grabaron v\u00eddeo atribuy\u00e9ndose homicidio ocurrido en Puerto Colombia\",\"datePublished\":\"2023-07-25T15:07:52+00:00\",\"dateModified\":\"2023-08-04T17:45:23+00:00\",\"mainEntityOfPage\":{\"@id\":\"https:\/\/www.fiscalia.gov.co\/colombia\/noticias\/carcel-para-cuatro-personas-quienes-grabaron-video-atribuyendose-homicidio-ocurrido-en-puerto-colombia\/\"},\"wordCount\":431,\"publisher\":{\"@id\":\"https:\/\/www.fiscalia.gov.co\/colombia\/#organization\"},\"image\":{\"@id\":\"https:\/\/www.fiscalia.gov.co\/colombia\/noticias\/carcel-para-cuatro-personas-quienes-grabaron-video-atribuyendose-homicidio-ocurrido-en-puerto-colombia\/#primaryimage\"},\"thumbnailUrl\":\"https:\/\/www.fiscalia.gov.co\/colombia\/wp-content\/uploads\/Image-1-5-1024x766.jpeg\",\"keywords\":[\"Barranquilla (Atl\u00e1ntico)\",\"cuatro personas.\",\"encapuchados\",\"homicidio colectivo\",\"Puerto Colombia\",\"Redes sociales\",\"Seccional Atl\u00e1ntico\",\"terror\",\"Terrorismo\",\"v\u00eddeo\",\"Villa Campestre\",\"zozobra.\"],\"articleSection\":[\"Noticias\"],\"inLanguage\":\"es-CO\"},{\"@type\":\"WebPage\",\"@id\":\"https:\/\/www.fiscalia.gov.co\/colombia\/noticias\/carcel-para-cuatro-personas-quienes-grabaron-video-atribuyendose-homicidio-ocurrido-en-puerto-colombia\/\",\"url\":\"https:\/\/www.fiscalia.gov.co\/colombia\/noticias\/carcel-para-cuatro-personas-quienes-grabaron-video-atribuyendose-homicidio-ocurrido-en-puerto-colombia\/\",\"name\":\"Fiscal\u00eda General de la Naci\u00f3n\",\"isPartOf\":{\"@id\":\"https:\/\/www.fiscalia.gov.co\/colombia\/#website\"},\"primaryImageOfPage\":{\"@id\":\"https:\/\/www.fiscalia.gov.co\/colombia\/noticias\/carcel-para-cuatro-personas-quienes-grabaron-video-atribuyendose-homicidio-ocurrido-en-puerto-colombia\/#primaryimage\"},\"image\":{\"@id\":\"https:\/\/www.fiscalia.gov.co\/colombia\/noticias\/carcel-para-cuatro-personas-quienes-grabaron-video-atribuyendose-homicidio-ocurrido-en-puerto-colombia\/#primaryimage\"},\"thumbnailUrl\":\"https:\/\/www.fiscalia.gov.co\/colombia\/wp-content\/uploads\/Image-1-5-1024x766.jpeg\",\"datePublished\":\"2023-07-25T15:07:52+00:00\",\"dateModified\":\"2023-08-04T17:45:23+00:00\",\"description\":\"P\u00e1gina oficial de la Fiscal\u00eda General de la Naci\u00f3n \u2013 Colombia. Garantizamos el acceso efectivo a la justicia, la verdad y la reparaci\u00f3n de las v\u00edctimas de los delitos.\",\"breadcrumb\":{\"@id\":\"https:\/\/www.fiscalia.gov.co\/colombia\/noticias\/carcel-para-cuatro-personas-quienes-grabaron-video-atribuyendose-homicidio-ocurrido-en-puerto-colombia\/#breadcrumb\"},\"inLanguage\":\"es-CO\",\"potentialAction\":[{\"@type\":\"ReadAction\",\"target\":[\"https:\/\/www.fiscalia.gov.co\/colombia\/noticias\/carcel-para-cuatro-personas-quienes-grabaron-video-atribuyendose-homicidio-ocurrido-en-puerto-colombia\/\"]}]},{\"@type\":\"ImageObject\",\"inLanguage\":\"es-CO\",\"@id\":\"https:\/\/www.fiscalia.gov.co\/colombia\/noticias\/carcel-para-cuatro-personas-quienes-grabaron-video-atribuyendose-homicidio-ocurrido-en-puerto-colombia\/#primaryimage\",\"url\":\"https:\/\/www.fiscalia.gov.co\/colombia\/wp-content\/uploads\/Image-1-5-1024x766.jpeg\",\"contentUrl\":\"https:\/\/www.fiscalia.gov.co\/colombia\/wp-content\/uploads\/Image-1-5-1024x766.jpeg\"},{\"@type\":\"BreadcrumbList\",\"@id\":\"https:\/\/www.fiscalia.gov.co\/colombia\/noticias\/carcel-para-cuatro-personas-quienes-grabaron-video-atribuyendose-homicidio-ocurrido-en-puerto-colombia\/#breadcrumb\",\"itemListElement\":[{\"@type\":\"ListItem\",\"position\":1,\"name\":\"Home\",\"item\":\"https:\/\/www.fiscalia.gov.co\/colombia\/\"},{\"@type\":\"ListItem\",\"position\":2,\"name\":\"C\u00e1rcel para cuatro personas quienes grabaron v\u00eddeo atribuy\u00e9ndose homicidio ocurrido en Puerto Colombia\"}]},{\"@type\":\"WebSite\",\"@id\":\"https:\/\/www.fiscalia.gov.co\/colombia\/#website\",\"url\":\"https:\/\/www.fiscalia.gov.co\/colombia\/\",\"name\":\"Fiscal\u00eda General de la Naci\u00f3n\",\"description\":\"P\u00e1gina oficial de la Fiscal\u00eda General de la Naci\u00f3n \u2013 Colombia. Garantizamos el acceso efectivo a la justicia, la verdad y la reparaci\u00f3n de las v\u00edctimas de los delitos.\",\"publisher\":{\"@id\":\"https:\/\/www.fiscalia.gov.co\/colombia\/#organization\"},\"potentialAction\":[{\"@type\":\"SearchAction\",\"target\":{\"@type\":\"EntryPoint\",\"urlTemplate\":\"https:\/\/www.fiscalia.gov.co\/colombia\/?s={search_term_string}\"},\"query-input\":{\"@type\":\"PropertyValueSpecification\",\"valueRequired\":true,\"valueName\":\"search_term_string\"}}],\"inLanguage\":\"es-CO\"},{\"@type\":\"Organization\",\"@id\":\"https:\/\/www.fiscalia.gov.co\/colombia\/#organization\",\"name\":\"Fiscal\u00eda General de la Naci\u00f3n\",\"url\":\"https:\/\/www.fiscalia.gov.co\/colombia\/\",\"logo\":{\"@type\":\"ImageObject\",\"inLanguage\":\"es-CO\",\"@id\":\"https:\/\/www.fiscalia.gov.co\/colombia\/#\/schema\/logo\/image\/\",\"url\":\"https:\/\/www.fiscalia.gov.co\/colombia\/wp-content\/uploads\/LogoHorizontal_1.jpg\",\"contentUrl\":\"https:\/\/www.fiscalia.gov.co\/colombia\/wp-content\/uploads\/LogoHorizontal_1.jpg\",\"width\":300,\"height\":90,\"caption\":\"Fiscal\u00eda General de la Naci\u00f3n\"},\"image\":{\"@id\":\"https:\/\/www.fiscalia.gov.co\/colombia\/#\/schema\/logo\/image\/\"},\"sameAs\":[\"https:\/\/www.facebook.com\/FiscaliaCol\",\"https:\/\/x.com\/FiscaliaCol\",\"https:\/\/www.instagram.com\/fiscaliacol\",\"https:\/\/www.linkedin.com\/company\/fiscalia-general-de-la-naci-n\/\",\"https:\/\/youtube.com\/@fiscaliageneraldelanacion-4668?si=6nN79nyQICPU5iTh\"]},{\"@type\":\"Person\",\"@id\":\"https:\/\/www.fiscalia.gov.co\/colombia\/#\/schema\/person\/bf84402cf293a5393e9c70b111020b24\",\"name\":\"Jordan Leandro Oviedo Anzola\",\"image\":{\"@type\":\"ImageObject\",\"inLanguage\":\"es-CO\",\"@id\":\"https:\/\/www.fiscalia.gov.co\/colombia\/#\/schema\/person\/image\/\",\"url\":\"https:\/\/secure.gravatar.com\/avatar\/dabba4346fa9b9207d96adafa8f92721?s=96&d=mm&r=g\",\"contentUrl\":\"https:\/\/secure.gravatar.com\/avatar\/dabba4346fa9b9207d96adafa8f92721?s=96&d=mm&r=g\",\"caption\":\"Jordan Leandro Oviedo Anzola\"},\"url\":\"https:\/\/www.fiscalia.gov.co\/colombia\/author\/joviedo\/\"}]}<\/script>\n<!-- \/ Yoast SEO plugin. -->","yoast_head_json":{"title":"Fiscal\u00eda General de la Naci\u00f3n","description":"P\u00e1gina oficial de la Fiscal\u00eda General de la Naci\u00f3n \u2013 Colombia. Garantizamos el acceso efectivo a la justicia, la verdad y la reparaci\u00f3n de las v\u00edctimas de los delitos.","robots":{"index":"noindex","follow":"follow"},"og_locale":"es_ES","og_type":"article","og_title":"Fiscal\u00eda General de la Naci\u00f3n","og_description":"P\u00e1gina oficial de la Fiscal\u00eda General de la Naci\u00f3n \u2013 Colombia. Garantizamos el acceso efectivo a la justicia, la verdad y la reparaci\u00f3n de las v\u00edctimas de los delitos.","og_url":"https:\/\/www.fiscalia.gov.co\/colombia\/noticias\/carcel-para-cuatro-personas-quienes-grabaron-video-atribuyendose-homicidio-ocurrido-en-puerto-colombia\/","og_site_name":"Fiscal\u00eda General de la Naci\u00f3n","article_publisher":"https:\/\/www.facebook.com\/FiscaliaCol","article_published_time":"2023-07-25T15:07:52+00:00","article_modified_time":"2023-08-04T17:45:23+00:00","og_image":[{"url":"https:\/\/www.fiscalia.gov.co\/colombia\/wp-content\/uploads\/Image-1-5-1024x766.jpeg","type":"","width":"","height":""}],"author":"Jordan Leandro Oviedo Anzola","twitter_card":"summary_large_image","twitter_creator":"@FiscaliaCol","twitter_site":"@FiscaliaCol","twitter_misc":{"Escrito por":"Jordan Leandro Oviedo Anzola","Tiempo de lectura":"2 minutos"},"schema":{"@context":"https:\/\/schema.org","@graph":[{"@type":"Article","@id":"https:\/\/www.fiscalia.gov.co\/colombia\/noticias\/carcel-para-cuatro-personas-quienes-grabaron-video-atribuyendose-homicidio-ocurrido-en-puerto-colombia\/#article","isPartOf":{"@id":"https:\/\/www.fiscalia.gov.co\/colombia\/noticias\/carcel-para-cuatro-personas-quienes-grabaron-video-atribuyendose-homicidio-ocurrido-en-puerto-colombia\/"},"author":{"name":"Jordan Leandro Oviedo Anzola","@id":"https:\/\/www.fiscalia.gov.co\/colombia\/#\/schema\/person\/bf84402cf293a5393e9c70b111020b24"},"headline":"C\u00e1rcel para cuatro personas quienes grabaron v\u00eddeo atribuy\u00e9ndose homicidio ocurrido en Puerto Colombia","datePublished":"2023-07-25T15:07:52+00:00","dateModified":"2023-08-04T17:45:23+00:00","mainEntityOfPage":{"@id":"https:\/\/www.fiscalia.gov.co\/colombia\/noticias\/carcel-para-cuatro-personas-quienes-grabaron-video-atribuyendose-homicidio-ocurrido-en-puerto-colombia\/"},"wordCount":431,"publisher":{"@id":"https:\/\/www.fiscalia.gov.co\/colombia\/#organization"},"image":{"@id":"https:\/\/www.fiscalia.gov.co\/colombia\/noticias\/carcel-para-cuatro-personas-quienes-grabaron-video-atribuyendose-homicidio-ocurrido-en-puerto-colombia\/#primaryimage"},"thumbnailUrl":"https:\/\/www.fiscalia.gov.co\/colombia\/wp-content\/uploads\/Image-1-5-1024x766.jpeg","keywords":["Barranquilla (Atl\u00e1ntico)","cuatro personas.","encapuchados","homicidio colectivo","Puerto Colombia","Redes sociales","Seccional Atl\u00e1ntico","terror","Terrorismo","v\u00eddeo","Villa Campestre","zozobra."],"articleSection":["Noticias"],"inLanguage":"es-CO"},{"@type":"WebPage","@id":"https:\/\/www.fiscalia.gov.co\/colombia\/noticias\/carcel-para-cuatro-personas-quienes-grabaron-video-atribuyendose-homicidio-ocurrido-en-puerto-colombia\/","url":"https:\/\/www.fiscalia.gov.co\/colombia\/noticias\/carcel-para-cuatro-personas-quienes-grabaron-video-atribuyendose-homicidio-ocurrido-en-puerto-colombia\/","name":"Fiscal\u00eda General de la Naci\u00f3n","isPartOf":{"@id":"https:\/\/www.fiscalia.gov.co\/colombia\/#website"},"primaryImageOfPage":{"@id":"https:\/\/www.fiscalia.gov.co\/colombia\/noticias\/carcel-para-cuatro-personas-quienes-grabaron-video-atribuyendose-homicidio-ocurrido-en-puerto-colombia\/#primaryimage"},"image":{"@id":"https:\/\/www.fiscalia.gov.co\/colombia\/noticias\/carcel-para-cuatro-personas-quienes-grabaron-video-atribuyendose-homicidio-ocurrido-en-puerto-colombia\/#primaryimage"},"thumbnailUrl":"https:\/\/www.fiscalia.gov.co\/colombia\/wp-content\/uploads\/Image-1-5-1024x766.jpeg","datePublished":"2023-07-25T15:07:52+00:00","dateModified":"2023-08-04T17:45:23+00:00","description":"P\u00e1gina oficial de la Fiscal\u00eda General de la Naci\u00f3n \u2013 Colombia. Garantizamos el acceso efectivo a la justicia, la verdad y la reparaci\u00f3n de las v\u00edctimas de los delitos.","breadcrumb":{"@id":"https:\/\/www.fiscalia.gov.co\/colombia\/noticias\/carcel-para-cuatro-personas-quienes-grabaron-video-atribuyendose-homicidio-ocurrido-en-puerto-colombia\/#breadcrumb"},"inLanguage":"es-CO","potentialAction":[{"@type":"ReadAction","target":["https:\/\/www.fiscalia.gov.co\/colombia\/noticias\/carcel-para-cuatro-personas-quienes-grabaron-video-atribuyendose-homicidio-ocurrido-en-puerto-colombia\/"]}]},{"@type":"ImageObject","inLanguage":"es-CO","@id":"https:\/\/www.fiscalia.gov.co\/colombia\/noticias\/carcel-para-cuatro-personas-quienes-grabaron-video-atribuyendose-homicidio-ocurrido-en-puerto-colombia\/#primaryimage","url":"https:\/\/www.fiscalia.gov.co\/colombia\/wp-content\/uploads\/Image-1-5-1024x766.jpeg","contentUrl":"https:\/\/www.fiscalia.gov.co\/colombia\/wp-content\/uploads\/Image-1-5-1024x766.jpeg"},{"@type":"BreadcrumbList","@id":"https:\/\/www.fiscalia.gov.co\/colombia\/noticias\/carcel-para-cuatro-personas-quienes-grabaron-video-atribuyendose-homicidio-ocurrido-en-puerto-colombia\/#breadcrumb","itemListElement":[{"@type":"ListItem","position":1,"name":"Home","item":"https:\/\/www.fiscalia.gov.co\/colombia\/"},{"@type":"ListItem","position":2,"name":"C\u00e1rcel para cuatro personas quienes grabaron v\u00eddeo atribuy\u00e9ndose homicidio ocurrido en Puerto Colombia"}]},{"@type":"WebSite","@id":"https:\/\/www.fiscalia.gov.co\/colombia\/#website","url":"https:\/\/www.fiscalia.gov.co\/colombia\/","name":"Fiscal\u00eda General de la Naci\u00f3n","description":"P\u00e1gina oficial de la Fiscal\u00eda General de la Naci\u00f3n \u2013 Colombia. Garantizamos el acceso efectivo a la justicia, la verdad y la reparaci\u00f3n de las v\u00edctimas de los delitos.","publisher":{"@id":"https:\/\/www.fiscalia.gov.co\/colombia\/#organization"},"potentialAction":[{"@type":"SearchAction","target":{"@type":"EntryPoint","urlTemplate":"https:\/\/www.fiscalia.gov.co\/colombia\/?s={search_term_string}"},"query-input":{"@type":"PropertyValueSpecification","valueRequired":true,"valueName":"search_term_string"}}],"inLanguage":"es-CO"},{"@type":"Organization","@id":"https:\/\/www.fiscalia.gov.co\/colombia\/#organization","name":"Fiscal\u00eda General de la Naci\u00f3n","url":"https:\/\/www.fiscalia.gov.co\/colombia\/","logo":{"@type":"ImageObject","inLanguage":"es-CO","@id":"https:\/\/www.fiscalia.gov.co\/colombia\/#\/schema\/logo\/image\/","url":"https:\/\/www.fiscalia.gov.co\/colombia\/wp-content\/uploads\/LogoHorizontal_1.jpg","contentUrl":"https:\/\/www.fiscalia.gov.co\/colombia\/wp-content\/uploads\/LogoHorizontal_1.jpg","width":300,"height":90,"caption":"Fiscal\u00eda General de la Naci\u00f3n"},"image":{"@id":"https:\/\/www.fiscalia.gov.co\/colombia\/#\/schema\/logo\/image\/"},"sameAs":["https:\/\/www.facebook.com\/FiscaliaCol","https:\/\/x.com\/FiscaliaCol","https:\/\/www.instagram.com\/fiscaliacol","https:\/\/www.linkedin.com\/company\/fiscalia-general-de-la-naci-n\/","https:\/\/youtube.com\/@fiscaliageneraldelanacion-4668?si=6nN79nyQICPU5iTh"]},{"@type":"Person","@id":"https:\/\/www.fiscalia.gov.co\/colombia\/#\/schema\/person\/bf84402cf293a5393e9c70b111020b24","name":"Jordan Leandro Oviedo Anzola","image":{"@type":"ImageObject","inLanguage":"es-CO","@id":"https:\/\/www.fiscalia.gov.co\/colombia\/#\/schema\/person\/image\/","url":"https:\/\/secure.gravatar.com\/avatar\/dabba4346fa9b9207d96adafa8f92721?s=96&d=mm&r=g","contentUrl":"https:\/\/secure.gravatar.com\/avatar\/dabba4346fa9b9207d96adafa8f92721?s=96&d=mm&r=g","caption":"Jordan Leandro Oviedo Anzola"},"url":"https:\/\/www.fiscalia.gov.co\/colombia\/author\/joviedo\/"}]}},"_links":{"self":[{"href":"https:\/\/www.fiscalia.gov.co\/colombia\/wp-json\/wp\/v2\/posts\/275632","targetHints":{"allow":["GET"]}}],"collection":[{"href":"https:\/\/www.fiscalia.gov.co\/colombia\/wp-json\/wp\/v2\/posts"}],"about":[{"href":"https:\/\/www.fiscalia.gov.co\/colombia\/wp-json\/wp\/v2\/types\/post"}],"author":[{"embeddable":true,"href":"https:\/\/www.fiscalia.gov.co\/colombia\/wp-json\/wp\/v2\/users\/177"}],"replies":[{"embeddable":true,"href":"https:\/\/www.fiscalia.gov.co\/colombia\/wp-json\/wp\/v2\/comments?post=275632"}],"version-history":[{"count":3,"href":"https:\/\/www.fiscalia.gov.co\/colombia\/wp-json\/wp\/v2\/posts\/275632\/revisions"}],"predecessor-version":[{"id":275636,"href":"https:\/\/www.fiscalia.gov.co\/colombia\/wp-json\/wp\/v2\/posts\/275632\/revisions\/275636"}],"wp:attachment":[{"href":"https:\/\/www.fiscalia.gov.co\/colombia\/wp-json\/wp\/v2\/media?parent=275632"}],"wp:term":[{"taxonomy":"category","embeddable":true,"href":"https:\/\/www.fiscalia.gov.co\/colombia\/wp-json\/wp\/v2\/categories?post=275632"},{"taxonomy":"post_tag","embeddable":true,"href":"https:\/\/www.fiscalia.gov.co\/colombia\/wp-json\/wp\/v2\/tags?post=275632"}],"curies":[{"name":"wp","href":"https:\/\/api.w.org\/{rel}","templated":true}]}}