{"id":275602,"date":"2023-07-24T18:07:37","date_gmt":"2023-07-24T23:07:37","guid":{"rendered":"https:\/\/www.fiscalia.gov.co\/colombia\/?p=275602"},"modified":"2023-08-02T09:37:08","modified_gmt":"2023-08-02T14:37:08","slug":"carcel-para-exfuncionario-del-invima-que-haria-parte-de-una-red-senalada-de-alterar-medicamentos-para-tratar-el-cancer-el-vih-la-artritis-y-las-denominadas-enfermedades-huerfanas","status":"publish","type":"post","link":"https:\/\/www.fiscalia.gov.co\/colombia\/noticias\/carcel-para-exfuncionario-del-invima-que-haria-parte-de-una-red-senalada-de-alterar-medicamentos-para-tratar-el-cancer-el-vih-la-artritis-y-las-denominadas-enfermedades-huerfanas\/","title":{"rendered":"C\u00e1rcel para exfuncionario del Invima que har\u00eda parte de una red se\u00f1alada de alterar medicamentos para tratar el c\u00e1ncer, el VIH, la artritis y las denominadas enfermedades hu\u00e9rfanas"},"content":{"rendered":"<h4><strong><em>Sergio Fabi\u00e1n Su\u00e1rez Ram\u00edrez habr\u00eda participado en la expedici\u00f3n de registros sanitarios y licencias de importaci\u00f3n, entre otros tr\u00e1mites, para favorecer a una comercializadora farmac\u00e9utica involucrada en la venta de los medicamentos modificados.<\/em><\/strong><\/h4>\n<p>La Fiscal\u00eda General de la Naci\u00f3n present\u00f3 ante un juez de control de garant\u00edas a Sergio Fabi\u00e1n Su\u00e1rez Ram\u00edrez, un exfuncionario del Instituto Nacional de Vigilancia de Medicamentos y Alimentos (Invima) que har\u00eda parte de una red se\u00f1alada de adquirir, alterar y comercializar medicamentos de uso institucional o los catalogados como vitales, que no son distribuidos masivamente por su alto costo.<\/p>\n<p>Esta persona, en su condici\u00f3n de profesional universitario adscrito al Direcci\u00f3n de Medicamentos y Productos Biol\u00f3gicos del Invima, habr\u00eda intervenido para que otros servidores de la entidad otorgaran registros sanitarios y resoluciones de importaci\u00f3n a una comercializadora farmac\u00e9utica y particulares que no cumpl\u00edan con los requisitos sanitarios exigidos por la ley.<\/p>\n<p>Entre enero de 2021 y julio de 2023, Su\u00e1rez Ram\u00edrez presuntamente intercedi\u00f3 en 15 oportunidades para lograr la expedici\u00f3n ilegal de los documentos, los cuales eran utilizados para soportar la venta de los medicamentos que alteraba la estructura delictiva.<\/p>\n<p>Los elementos de prueba indican que estos productos ingresaban vencidos y descompuestos al pa\u00eds. Posteriormente, los trasladaban en precarias condiciones y como encomiendas a Bogot\u00e1; y les modificaban las fechas de caducidad, lotes de fabricaci\u00f3n y registros para darles la apariencia de un medicamento aut\u00e9ntico para tratar enfermedades como el c\u00e1ncer, el VIH, la artritis, entre otras.<\/p>\n<p>De esta manera, la organizaci\u00f3n ilegal los comercializaba a cl\u00ednicas, hospitales, hogares geri\u00e1tricos y proveedores de Bogot\u00e1, Cauca, Valle del Cauca, Nari\u00f1o y Caquet\u00e1.<\/p>\n<p>Por estos hechos, una fiscal del Grupo de Propiedad Intelectual de la Direcci\u00f3n Especializada contra las Violaciones a los Derechos Humanos imput\u00f3 al exfuncionario los delitos de concierto para delinquir y tr\u00e1fico de influencias de servidor p\u00fablico. Los cargos no fueron aceptados por el procesado, que deber\u00e1 cumplir medida de aseguramiento en c\u00e1rcel.<\/p>\n<p>Sergio Fabi\u00e1n Su\u00e1rez Ram\u00edrez fue capturado por funcionarios del CTI, luego de que se presentara para atender una orden judicial en su contra.<\/p>\n<p>Por este entramado ilegal, la Fiscal\u00eda judicializ\u00f3 recientemente a 13 personas, entre ellas los representantes y trabajadores de farmac\u00e9uticas, comercializadoras e Institutos Prestadores de Salud (IPS).<\/p>\n<p>Esta informaci\u00f3n se publica por razones de inter\u00e9s general.<\/p>\n<p><strong><u>La Fiscal\u00eda habla con resultados.<\/u><\/strong><\/p>\n<p>&nbsp;<\/p>\n<p>&nbsp;<\/p>\n<p>&nbsp;<\/p>\n<p>&nbsp;<\/p>\n<p>&nbsp;<\/p>\n<p>LAGP\/JARG\/MADC\/HATP\/DECVDH\/MRC.<\/p>\n<p>&nbsp;<\/p>\n<p>&nbsp;<\/p>\n<p>&nbsp;<\/p>\n<p>&nbsp;<\/p>\n<p>&nbsp;<\/p>\n<p>&nbsp;<\/p>\n<div class=\"td-post-content tagdiv-type\">\n<div class=\"td-post-content tagdiv-type\">\n<div class=\"td-post-content tagdiv-type\">\n<p><em>La informaci\u00f3n contenida en este bolet\u00edn de prensa corresponde a la narraci\u00f3n de los hechos noticiosos objetivos, y las investigaciones penales al interior de la Fiscal\u00eda General de la Naci\u00f3n. Para el momento de la divulgaci\u00f3n de este comunicado, la situaci\u00f3n jur\u00eddica de la(s) persona(s) relacionada(s) se encuentra pendiente de resolver por la autoridad judicial competente, siempre bajo los preceptos de la presunci\u00f3n de inocencia, consagrados en el art\u00edculo 29 de la Constituci\u00f3n Pol\u00edtica y el art\u00edculo 7\u00ba de la Ley 906 de 2004.<\/em><\/p>\n<\/div>\n<\/div>\n<\/div>\n\n<div class=\"twitter-share\"><a href=\"https:\/\/twitter.com\/intent\/tweet?via=fiscaliacol\" class=\"twitter-share-button\">Tweet<\/a><\/div>\n","protected":false},"excerpt":{"rendered":"<p>Sergio Fabi\u00e1n Su\u00e1rez Ram\u00edrez habr\u00eda participado en la expedici\u00f3n de registros sanitarios y licencias de importaci\u00f3n, entre otros tr\u00e1mites, para favorecer a una comercializadora farmac\u00e9utica involucrada en la venta de los medicamentos modificados. La Fiscal\u00eda General de la Naci\u00f3n present\u00f3 ante un juez de control de garant\u00edas a Sergio Fabi\u00e1n Su\u00e1rez Ram\u00edrez, un exfuncionario del [&hellip;]<\/p>\n","protected":false},"author":177,"featured_media":0,"comment_status":"closed","ping_status":"open","sticky":false,"template":"","format":"video","meta":{"tdm_status":"","tdm_grid_status":"","footnotes":""},"categories":[24102,1],"tags":[35208,1050,35070,24185,1047,8648,2063,4950],"class_list":{"0":"post-275602","1":"post","2":"type-post","3":"status-publish","4":"format-video","6":"category-derechos-humanos","7":"category-noticias","8":"tag-alteracion","9":"tag-derechoa-humanos","10":"tag-enfermedades-huerfanas","11":"tag-fiscal-barbosa","12":"tag-fiscalia-general-de-la-nacion","13":"tag-invima","14":"tag-medicamentos","15":"tag-vih","16":"post_format-post-format-video"},"yoast_head":"<!-- This site is optimized with the Yoast SEO plugin v24.3 - https:\/\/yoast.com\/wordpress\/plugins\/seo\/ -->\n<title>Fiscal\u00eda General de la Naci\u00f3n<\/title>\n<meta name=\"description\" content=\"P\u00e1gina oficial de la Fiscal\u00eda General de la Naci\u00f3n \u2013 Colombia. Garantizamos el acceso efectivo a la justicia, la verdad y la reparaci\u00f3n de las v\u00edctimas de los delitos.\" \/>\n<meta name=\"robots\" content=\"noindex, follow\" \/>\n<meta property=\"og:locale\" content=\"es_ES\" \/>\n<meta property=\"og:type\" content=\"article\" \/>\n<meta property=\"og:title\" content=\"Fiscal\u00eda General de la Naci\u00f3n\" \/>\n<meta property=\"og:description\" content=\"P\u00e1gina oficial de la Fiscal\u00eda General de la Naci\u00f3n \u2013 Colombia. Garantizamos el acceso efectivo a la justicia, la verdad y la reparaci\u00f3n de las v\u00edctimas de los delitos.\" \/>\n<meta property=\"og:url\" content=\"https:\/\/www.fiscalia.gov.co\/colombia\/noticias\/carcel-para-exfuncionario-del-invima-que-haria-parte-de-una-red-senalada-de-alterar-medicamentos-para-tratar-el-cancer-el-vih-la-artritis-y-las-denominadas-enfermedades-huerfanas\/\" \/>\n<meta property=\"og:site_name\" content=\"Fiscal\u00eda General de la Naci\u00f3n\" \/>\n<meta property=\"article:publisher\" content=\"https:\/\/www.facebook.com\/FiscaliaCol\" \/>\n<meta property=\"article:published_time\" content=\"2023-07-24T23:07:37+00:00\" \/>\n<meta property=\"article:modified_time\" content=\"2023-08-02T14:37:08+00:00\" \/>\n<meta name=\"author\" content=\"Jordan Leandro Oviedo Anzola\" \/>\n<meta name=\"twitter:card\" content=\"summary_large_image\" \/>\n<meta name=\"twitter:creator\" content=\"@FiscaliaCol\" \/>\n<meta name=\"twitter:site\" content=\"@FiscaliaCol\" \/>\n<meta name=\"twitter:label1\" content=\"Escrito por\" \/>\n\t<meta name=\"twitter:data1\" content=\"Jordan Leandro Oviedo Anzola\" \/>\n\t<meta name=\"twitter:label2\" content=\"Tiempo de lectura\" \/>\n\t<meta name=\"twitter:data2\" content=\"3 minutos\" \/>\n<script type=\"application\/ld+json\" class=\"yoast-schema-graph\">{\"@context\":\"https:\/\/schema.org\",\"@graph\":[{\"@type\":\"Article\",\"@id\":\"https:\/\/www.fiscalia.gov.co\/colombia\/noticias\/carcel-para-exfuncionario-del-invima-que-haria-parte-de-una-red-senalada-de-alterar-medicamentos-para-tratar-el-cancer-el-vih-la-artritis-y-las-denominadas-enfermedades-huerfanas\/#article\",\"isPartOf\":{\"@id\":\"https:\/\/www.fiscalia.gov.co\/colombia\/noticias\/carcel-para-exfuncionario-del-invima-que-haria-parte-de-una-red-senalada-de-alterar-medicamentos-para-tratar-el-cancer-el-vih-la-artritis-y-las-denominadas-enfermedades-huerfanas\/\"},\"author\":{\"name\":\"Jordan Leandro Oviedo Anzola\",\"@id\":\"https:\/\/www.fiscalia.gov.co\/colombia\/#\/schema\/person\/bf84402cf293a5393e9c70b111020b24\"},\"headline\":\"C\u00e1rcel para exfuncionario del Invima que har\u00eda parte de una red se\u00f1alada de alterar medicamentos para tratar el c\u00e1ncer, el VIH, la artritis y las denominadas enfermedades hu\u00e9rfanas\",\"datePublished\":\"2023-07-24T23:07:37+00:00\",\"dateModified\":\"2023-08-02T14:37:08+00:00\",\"mainEntityOfPage\":{\"@id\":\"https:\/\/www.fiscalia.gov.co\/colombia\/noticias\/carcel-para-exfuncionario-del-invima-que-haria-parte-de-una-red-senalada-de-alterar-medicamentos-para-tratar-el-cancer-el-vih-la-artritis-y-las-denominadas-enfermedades-huerfanas\/\"},\"wordCount\":569,\"publisher\":{\"@id\":\"https:\/\/www.fiscalia.gov.co\/colombia\/#organization\"},\"keywords\":[\"alteraci\u00f3n\",\"Derechos Humanos\",\"enfermedades huerfanas\",\"Fiscal Barbosa\",\"Fiscal\u00eda General de la Naci\u00f3n\",\"Invima\",\"Medicamentos\",\"VIH\"],\"articleSection\":[\"Derechos Humanos\",\"Noticias\"],\"inLanguage\":\"es-CO\"},{\"@type\":\"WebPage\",\"@id\":\"https:\/\/www.fiscalia.gov.co\/colombia\/noticias\/carcel-para-exfuncionario-del-invima-que-haria-parte-de-una-red-senalada-de-alterar-medicamentos-para-tratar-el-cancer-el-vih-la-artritis-y-las-denominadas-enfermedades-huerfanas\/\",\"url\":\"https:\/\/www.fiscalia.gov.co\/colombia\/noticias\/carcel-para-exfuncionario-del-invima-que-haria-parte-de-una-red-senalada-de-alterar-medicamentos-para-tratar-el-cancer-el-vih-la-artritis-y-las-denominadas-enfermedades-huerfanas\/\",\"name\":\"Fiscal\u00eda General de la Naci\u00f3n\",\"isPartOf\":{\"@id\":\"https:\/\/www.fiscalia.gov.co\/colombia\/#website\"},\"datePublished\":\"2023-07-24T23:07:37+00:00\",\"dateModified\":\"2023-08-02T14:37:08+00:00\",\"description\":\"P\u00e1gina oficial de la Fiscal\u00eda General de la Naci\u00f3n \u2013 Colombia. Garantizamos el acceso efectivo a la justicia, la verdad y la reparaci\u00f3n de las v\u00edctimas de los delitos.\",\"breadcrumb\":{\"@id\":\"https:\/\/www.fiscalia.gov.co\/colombia\/noticias\/carcel-para-exfuncionario-del-invima-que-haria-parte-de-una-red-senalada-de-alterar-medicamentos-para-tratar-el-cancer-el-vih-la-artritis-y-las-denominadas-enfermedades-huerfanas\/#breadcrumb\"},\"inLanguage\":\"es-CO\",\"potentialAction\":[{\"@type\":\"ReadAction\",\"target\":[\"https:\/\/www.fiscalia.gov.co\/colombia\/noticias\/carcel-para-exfuncionario-del-invima-que-haria-parte-de-una-red-senalada-de-alterar-medicamentos-para-tratar-el-cancer-el-vih-la-artritis-y-las-denominadas-enfermedades-huerfanas\/\"]}]},{\"@type\":\"BreadcrumbList\",\"@id\":\"https:\/\/www.fiscalia.gov.co\/colombia\/noticias\/carcel-para-exfuncionario-del-invima-que-haria-parte-de-una-red-senalada-de-alterar-medicamentos-para-tratar-el-cancer-el-vih-la-artritis-y-las-denominadas-enfermedades-huerfanas\/#breadcrumb\",\"itemListElement\":[{\"@type\":\"ListItem\",\"position\":1,\"name\":\"Home\",\"item\":\"https:\/\/www.fiscalia.gov.co\/colombia\/\"},{\"@type\":\"ListItem\",\"position\":2,\"name\":\"C\u00e1rcel para exfuncionario del Invima que har\u00eda parte de una red se\u00f1alada de alterar medicamentos para tratar el c\u00e1ncer, el VIH, la artritis y las denominadas enfermedades hu\u00e9rfanas\"}]},{\"@type\":\"WebSite\",\"@id\":\"https:\/\/www.fiscalia.gov.co\/colombia\/#website\",\"url\":\"https:\/\/www.fiscalia.gov.co\/colombia\/\",\"name\":\"Fiscal\u00eda General de la Naci\u00f3n\",\"description\":\"P\u00e1gina oficial de la Fiscal\u00eda General de la Naci\u00f3n \u2013 Colombia. Garantizamos el acceso efectivo a la justicia, la verdad y la reparaci\u00f3n de las v\u00edctimas de los delitos.\",\"publisher\":{\"@id\":\"https:\/\/www.fiscalia.gov.co\/colombia\/#organization\"},\"potentialAction\":[{\"@type\":\"SearchAction\",\"target\":{\"@type\":\"EntryPoint\",\"urlTemplate\":\"https:\/\/www.fiscalia.gov.co\/colombia\/?s={search_term_string}\"},\"query-input\":{\"@type\":\"PropertyValueSpecification\",\"valueRequired\":true,\"valueName\":\"search_term_string\"}}],\"inLanguage\":\"es-CO\"},{\"@type\":\"Organization\",\"@id\":\"https:\/\/www.fiscalia.gov.co\/colombia\/#organization\",\"name\":\"Fiscal\u00eda General de la Naci\u00f3n\",\"url\":\"https:\/\/www.fiscalia.gov.co\/colombia\/\",\"logo\":{\"@type\":\"ImageObject\",\"inLanguage\":\"es-CO\",\"@id\":\"https:\/\/www.fiscalia.gov.co\/colombia\/#\/schema\/logo\/image\/\",\"url\":\"https:\/\/www.fiscalia.gov.co\/colombia\/wp-content\/uploads\/LogoHorizontal_1.jpg\",\"contentUrl\":\"https:\/\/www.fiscalia.gov.co\/colombia\/wp-content\/uploads\/LogoHorizontal_1.jpg\",\"width\":300,\"height\":90,\"caption\":\"Fiscal\u00eda General de la Naci\u00f3n\"},\"image\":{\"@id\":\"https:\/\/www.fiscalia.gov.co\/colombia\/#\/schema\/logo\/image\/\"},\"sameAs\":[\"https:\/\/www.facebook.com\/FiscaliaCol\",\"https:\/\/x.com\/FiscaliaCol\",\"https:\/\/www.instagram.com\/fiscaliacol\",\"https:\/\/www.linkedin.com\/company\/fiscalia-general-de-la-naci-n\/\",\"https:\/\/youtube.com\/@fiscaliageneraldelanacion-4668?si=6nN79nyQICPU5iTh\"]},{\"@type\":\"Person\",\"@id\":\"https:\/\/www.fiscalia.gov.co\/colombia\/#\/schema\/person\/bf84402cf293a5393e9c70b111020b24\",\"name\":\"Jordan Leandro Oviedo Anzola\",\"image\":{\"@type\":\"ImageObject\",\"inLanguage\":\"es-CO\",\"@id\":\"https:\/\/www.fiscalia.gov.co\/colombia\/#\/schema\/person\/image\/\",\"url\":\"https:\/\/secure.gravatar.com\/avatar\/dabba4346fa9b9207d96adafa8f92721?s=96&d=mm&r=g\",\"contentUrl\":\"https:\/\/secure.gravatar.com\/avatar\/dabba4346fa9b9207d96adafa8f92721?s=96&d=mm&r=g\",\"caption\":\"Jordan Leandro Oviedo Anzola\"},\"url\":\"https:\/\/www.fiscalia.gov.co\/colombia\/author\/joviedo\/\"}]}<\/script>\n<!-- \/ Yoast SEO plugin. -->","yoast_head_json":{"title":"Fiscal\u00eda General de la Naci\u00f3n","description":"P\u00e1gina oficial de la Fiscal\u00eda General de la Naci\u00f3n \u2013 Colombia. Garantizamos el acceso efectivo a la justicia, la verdad y la reparaci\u00f3n de las v\u00edctimas de los delitos.","robots":{"index":"noindex","follow":"follow"},"og_locale":"es_ES","og_type":"article","og_title":"Fiscal\u00eda General de la Naci\u00f3n","og_description":"P\u00e1gina oficial de la Fiscal\u00eda General de la Naci\u00f3n \u2013 Colombia. Garantizamos el acceso efectivo a la justicia, la verdad y la reparaci\u00f3n de las v\u00edctimas de los delitos.","og_url":"https:\/\/www.fiscalia.gov.co\/colombia\/noticias\/carcel-para-exfuncionario-del-invima-que-haria-parte-de-una-red-senalada-de-alterar-medicamentos-para-tratar-el-cancer-el-vih-la-artritis-y-las-denominadas-enfermedades-huerfanas\/","og_site_name":"Fiscal\u00eda General de la Naci\u00f3n","article_publisher":"https:\/\/www.facebook.com\/FiscaliaCol","article_published_time":"2023-07-24T23:07:37+00:00","article_modified_time":"2023-08-02T14:37:08+00:00","author":"Jordan Leandro Oviedo Anzola","twitter_card":"summary_large_image","twitter_creator":"@FiscaliaCol","twitter_site":"@FiscaliaCol","twitter_misc":{"Escrito por":"Jordan Leandro Oviedo Anzola","Tiempo de lectura":"3 minutos"},"schema":{"@context":"https:\/\/schema.org","@graph":[{"@type":"Article","@id":"https:\/\/www.fiscalia.gov.co\/colombia\/noticias\/carcel-para-exfuncionario-del-invima-que-haria-parte-de-una-red-senalada-de-alterar-medicamentos-para-tratar-el-cancer-el-vih-la-artritis-y-las-denominadas-enfermedades-huerfanas\/#article","isPartOf":{"@id":"https:\/\/www.fiscalia.gov.co\/colombia\/noticias\/carcel-para-exfuncionario-del-invima-que-haria-parte-de-una-red-senalada-de-alterar-medicamentos-para-tratar-el-cancer-el-vih-la-artritis-y-las-denominadas-enfermedades-huerfanas\/"},"author":{"name":"Jordan Leandro Oviedo Anzola","@id":"https:\/\/www.fiscalia.gov.co\/colombia\/#\/schema\/person\/bf84402cf293a5393e9c70b111020b24"},"headline":"C\u00e1rcel para exfuncionario del Invima que har\u00eda parte de una red se\u00f1alada de alterar medicamentos para tratar el c\u00e1ncer, el VIH, la artritis y las denominadas enfermedades hu\u00e9rfanas","datePublished":"2023-07-24T23:07:37+00:00","dateModified":"2023-08-02T14:37:08+00:00","mainEntityOfPage":{"@id":"https:\/\/www.fiscalia.gov.co\/colombia\/noticias\/carcel-para-exfuncionario-del-invima-que-haria-parte-de-una-red-senalada-de-alterar-medicamentos-para-tratar-el-cancer-el-vih-la-artritis-y-las-denominadas-enfermedades-huerfanas\/"},"wordCount":569,"publisher":{"@id":"https:\/\/www.fiscalia.gov.co\/colombia\/#organization"},"keywords":["alteraci\u00f3n","Derechos Humanos","enfermedades huerfanas","Fiscal Barbosa","Fiscal\u00eda General de la Naci\u00f3n","Invima","Medicamentos","VIH"],"articleSection":["Derechos Humanos","Noticias"],"inLanguage":"es-CO"},{"@type":"WebPage","@id":"https:\/\/www.fiscalia.gov.co\/colombia\/noticias\/carcel-para-exfuncionario-del-invima-que-haria-parte-de-una-red-senalada-de-alterar-medicamentos-para-tratar-el-cancer-el-vih-la-artritis-y-las-denominadas-enfermedades-huerfanas\/","url":"https:\/\/www.fiscalia.gov.co\/colombia\/noticias\/carcel-para-exfuncionario-del-invima-que-haria-parte-de-una-red-senalada-de-alterar-medicamentos-para-tratar-el-cancer-el-vih-la-artritis-y-las-denominadas-enfermedades-huerfanas\/","name":"Fiscal\u00eda General de la Naci\u00f3n","isPartOf":{"@id":"https:\/\/www.fiscalia.gov.co\/colombia\/#website"},"datePublished":"2023-07-24T23:07:37+00:00","dateModified":"2023-08-02T14:37:08+00:00","description":"P\u00e1gina oficial de la Fiscal\u00eda General de la Naci\u00f3n \u2013 Colombia. Garantizamos el acceso efectivo a la justicia, la verdad y la reparaci\u00f3n de las v\u00edctimas de los delitos.","breadcrumb":{"@id":"https:\/\/www.fiscalia.gov.co\/colombia\/noticias\/carcel-para-exfuncionario-del-invima-que-haria-parte-de-una-red-senalada-de-alterar-medicamentos-para-tratar-el-cancer-el-vih-la-artritis-y-las-denominadas-enfermedades-huerfanas\/#breadcrumb"},"inLanguage":"es-CO","potentialAction":[{"@type":"ReadAction","target":["https:\/\/www.fiscalia.gov.co\/colombia\/noticias\/carcel-para-exfuncionario-del-invima-que-haria-parte-de-una-red-senalada-de-alterar-medicamentos-para-tratar-el-cancer-el-vih-la-artritis-y-las-denominadas-enfermedades-huerfanas\/"]}]},{"@type":"BreadcrumbList","@id":"https:\/\/www.fiscalia.gov.co\/colombia\/noticias\/carcel-para-exfuncionario-del-invima-que-haria-parte-de-una-red-senalada-de-alterar-medicamentos-para-tratar-el-cancer-el-vih-la-artritis-y-las-denominadas-enfermedades-huerfanas\/#breadcrumb","itemListElement":[{"@type":"ListItem","position":1,"name":"Home","item":"https:\/\/www.fiscalia.gov.co\/colombia\/"},{"@type":"ListItem","position":2,"name":"C\u00e1rcel para exfuncionario del Invima que har\u00eda parte de una red se\u00f1alada de alterar medicamentos para tratar el c\u00e1ncer, el VIH, la artritis y las denominadas enfermedades hu\u00e9rfanas"}]},{"@type":"WebSite","@id":"https:\/\/www.fiscalia.gov.co\/colombia\/#website","url":"https:\/\/www.fiscalia.gov.co\/colombia\/","name":"Fiscal\u00eda General de la Naci\u00f3n","description":"P\u00e1gina oficial de la Fiscal\u00eda General de la Naci\u00f3n \u2013 Colombia. Garantizamos el acceso efectivo a la justicia, la verdad y la reparaci\u00f3n de las v\u00edctimas de los delitos.","publisher":{"@id":"https:\/\/www.fiscalia.gov.co\/colombia\/#organization"},"potentialAction":[{"@type":"SearchAction","target":{"@type":"EntryPoint","urlTemplate":"https:\/\/www.fiscalia.gov.co\/colombia\/?s={search_term_string}"},"query-input":{"@type":"PropertyValueSpecification","valueRequired":true,"valueName":"search_term_string"}}],"inLanguage":"es-CO"},{"@type":"Organization","@id":"https:\/\/www.fiscalia.gov.co\/colombia\/#organization","name":"Fiscal\u00eda General de la Naci\u00f3n","url":"https:\/\/www.fiscalia.gov.co\/colombia\/","logo":{"@type":"ImageObject","inLanguage":"es-CO","@id":"https:\/\/www.fiscalia.gov.co\/colombia\/#\/schema\/logo\/image\/","url":"https:\/\/www.fiscalia.gov.co\/colombia\/wp-content\/uploads\/LogoHorizontal_1.jpg","contentUrl":"https:\/\/www.fiscalia.gov.co\/colombia\/wp-content\/uploads\/LogoHorizontal_1.jpg","width":300,"height":90,"caption":"Fiscal\u00eda General de la Naci\u00f3n"},"image":{"@id":"https:\/\/www.fiscalia.gov.co\/colombia\/#\/schema\/logo\/image\/"},"sameAs":["https:\/\/www.facebook.com\/FiscaliaCol","https:\/\/x.com\/FiscaliaCol","https:\/\/www.instagram.com\/fiscaliacol","https:\/\/www.linkedin.com\/company\/fiscalia-general-de-la-naci-n\/","https:\/\/youtube.com\/@fiscaliageneraldelanacion-4668?si=6nN79nyQICPU5iTh"]},{"@type":"Person","@id":"https:\/\/www.fiscalia.gov.co\/colombia\/#\/schema\/person\/bf84402cf293a5393e9c70b111020b24","name":"Jordan Leandro Oviedo Anzola","image":{"@type":"ImageObject","inLanguage":"es-CO","@id":"https:\/\/www.fiscalia.gov.co\/colombia\/#\/schema\/person\/image\/","url":"https:\/\/secure.gravatar.com\/avatar\/dabba4346fa9b9207d96adafa8f92721?s=96&d=mm&r=g","contentUrl":"https:\/\/secure.gravatar.com\/avatar\/dabba4346fa9b9207d96adafa8f92721?s=96&d=mm&r=g","caption":"Jordan Leandro Oviedo Anzola"},"url":"https:\/\/www.fiscalia.gov.co\/colombia\/author\/joviedo\/"}]}},"_links":{"self":[{"href":"https:\/\/www.fiscalia.gov.co\/colombia\/wp-json\/wp\/v2\/posts\/275602","targetHints":{"allow":["GET"]}}],"collection":[{"href":"https:\/\/www.fiscalia.gov.co\/colombia\/wp-json\/wp\/v2\/posts"}],"about":[{"href":"https:\/\/www.fiscalia.gov.co\/colombia\/wp-json\/wp\/v2\/types\/post"}],"author":[{"embeddable":true,"href":"https:\/\/www.fiscalia.gov.co\/colombia\/wp-json\/wp\/v2\/users\/177"}],"replies":[{"embeddable":true,"href":"https:\/\/www.fiscalia.gov.co\/colombia\/wp-json\/wp\/v2\/comments?post=275602"}],"version-history":[{"count":1,"href":"https:\/\/www.fiscalia.gov.co\/colombia\/wp-json\/wp\/v2\/posts\/275602\/revisions"}],"predecessor-version":[{"id":275603,"href":"https:\/\/www.fiscalia.gov.co\/colombia\/wp-json\/wp\/v2\/posts\/275602\/revisions\/275603"}],"wp:attachment":[{"href":"https:\/\/www.fiscalia.gov.co\/colombia\/wp-json\/wp\/v2\/media?parent=275602"}],"wp:term":[{"taxonomy":"category","embeddable":true,"href":"https:\/\/www.fiscalia.gov.co\/colombia\/wp-json\/wp\/v2\/categories?post=275602"},{"taxonomy":"post_tag","embeddable":true,"href":"https:\/\/www.fiscalia.gov.co\/colombia\/wp-json\/wp\/v2\/tags?post=275602"}],"curies":[{"name":"wp","href":"https:\/\/api.w.org\/{rel}","templated":true}]}}