{"id":275598,"date":"2023-07-24T18:00:52","date_gmt":"2023-07-24T23:00:52","guid":{"rendered":"https:\/\/www.fiscalia.gov.co\/colombia\/?p=275598"},"modified":"2023-08-04T12:44:17","modified_gmt":"2023-08-04T17:44:17","slug":"fiscalia-en-choco-judicializo-a-cinco-hombres-presuntamente-implicados-en-delitos-sexuales-contra-menores-de-edad","status":"publish","type":"post","link":"https:\/\/www.fiscalia.gov.co\/colombia\/noticias\/fiscalia-en-choco-judicializo-a-cinco-hombres-presuntamente-implicados-en-delitos-sexuales-contra-menores-de-edad\/","title":{"rendered":"Fiscal\u00eda en Choc\u00f3 judicializ\u00f3 a cinco hombres presuntamente implicados en delitos sexuales contra menores de edad"},"content":{"rendered":"<p><span lang=\"ES\">Como resultado de la lucha frontal contra los posibles responsables de delitos contra mujeres; ni\u00f1os, ni\u00f1as y adolescentes,\u00a0la Seccional Choc\u00f3 de la Fiscal\u00eda General de la Naci\u00f3n judicializ\u00f3 a cinco hombres; al parecer, por atentar contra la integridad sexual de varios menores de edad.<\/span>\u00a0<b><\/b><\/p>\n<p><span lang=\"ES\">Los siguientes son los casos, uno a uno.\u00a0<\/span><\/p>\n<p><span lang=\"ES\">\u00b7\u00a0\u00a0\u00a0\u00a0\u00a0\u00a0<\/span>Como posible responsable del delito de acceso carnal abusivo con menor de 14 a\u00f1os agravado, fue judicializado un hombre que habr\u00eda agredido sexualmente en; al menos, en dos oportunidades a una menor de edad. Los hechos investigados se registraron en 25 de diciembre de 2022 en el municipio de Llor\u00f3; el otro, el 15 de enero de 2023 en el barrio La Playita de Quibd\u00f3. Producto de los vej\u00e1menes cometidos la v\u00edctima, de 13 a\u00f1os, qued\u00f3 en embarazo.<\/p>\n<p><span lang=\"ES\">\u00b7\u00a0\u00a0\u00a0\u00a0\u00a0<\/span>Luis Eduardo C\u00f3rdoba Lizcano fue judicializado como posible responsable de los delitos de acceso carnal violento y violencia intrafamiliar. El procesado fue denunciado por su compa\u00f1era sentimental, quien afirm\u00f3 haber sido agredida f\u00edsica y psicol\u00f3gicamente. Tambi\u00e9n se\u00f1al\u00f3 haber sido obligada a sostener relaciones \u00edntimas con el posible agresor.<\/p>\n<p><span lang=\"ES\">\u00b7\u00a0\u00a0\u00a0\u00a0\u00a0<\/span>Como posible responsable de haber abusado de una menor de edad, un fiscal de la Seccional Choc\u00f3 imput\u00f3 al presunto responsable el delito de acceso carnal violento. Los hechos se presentaron en el corregimiento de Tutunendo de Quibd\u00f3 (Choc\u00f3), el 7 de febrero de 2023.<\/p>\n<p><span lang=\"ES\">\u00b7\u00a0\u00a0\u00a0\u00a0\u00a0\u00a0<\/span><span lang=\"ES\">Darwin Dayan Roma\u00f1a Mosquera\u00a0<\/span>fue judicializado por el delito de acceso carnal o acto sexual con incapaz de resistir. Al parecer, el procesado habr\u00eda aprovechado el estado de embriaguez de la v\u00edctima para accederla carnalmente. Los hechos ocurrieron el 15 de mayo de 2023.<\/p>\n<p><span lang=\"ES\">\u00b7\u00a0\u00a0\u00a0\u00a0\u00a0\u00a0<\/span>Una adulta mayor en Bah\u00eda Solano denunci\u00f3 ante las autoridades al esposo de una de sus hijas por, presuntamente haber abusado sexualmente de su nieta de 7 a\u00f1os. El investigado, al parecer, aprovech\u00f3 la cercan\u00eda con la v\u00edctima para cometer el delito.\u00a0Los hechos ocurrieron el 23 de abril de 2023.<\/p>\n<p><span lang=\"ES\">El material de prueba aportado por la Fiscal\u00eda General de la Naci\u00f3n fue suficiente para que los jueces de control de garant\u00edas avalaran las judicializaciones de los procesados.<\/span><\/p>\n<p><span lang=\"ES\"><b><u>La Fiscal\u00eda habla con resultados.<\/u><\/b>\u00a0<\/span><\/p>\n<p><span lang=\"ES\">Tambi\u00e9n le puede interesar:<\/span><\/p>\n<p><a href=\"https:\/\/www.fiscalia.gov.co\/colombia\/noticias\/exdirector-de-desarrollo-sostenible-del-choco-y-tres-personas-mas-fueron-judicializados-por-presuntos-delitos-sexuales-contra-dos-menores-de-edad\/\" target=\"_blank\" rel=\"noopener\" data-saferedirecturl=\"https:\/\/www.google.com\/url?q=https:\/\/www.fiscalia.gov.co\/colombia\/noticias\/exdirector-de-desarrollo-sostenible-del-choco-y-tres-personas-mas-fueron-judicializados-por-presuntos-delitos-sexuales-contra-dos-menores-de-edad\/&amp;source=gmail&amp;ust=1690321451946000&amp;usg=AOvVaw2OwCtBEIuZdknKT5wVraXL\">Exdirector de\u00a0desarrollo sostenible del Choc\u00f3 y tres personas m\u00e1s fueron judicializados por presuntos delitos sexuales contra dos menores de edad.<\/a><\/p>\n<p>&nbsp;<\/p>\n<p>&nbsp;<\/p>\n<p>&nbsp;<\/p>\n<p>&nbsp;<\/p>\n<p>&nbsp;<\/p>\n<p><span lang=\"ES\">JLH\/MAGA\/JFA\/DSCH<\/span><\/p>\n<p><span lang=\"ES\">\u00a0<\/span><\/p>\n<p>&nbsp;<\/p>\n<p>&nbsp;<\/p>\n<p>&nbsp;<\/p>\n<div class=\"td-post-content tagdiv-type\">\n<div class=\"td-post-content tagdiv-type\">\n<p><em>La informaci\u00f3n contenida en este bolet\u00edn de prensa corresponde a la narraci\u00f3n de los hechos noticiosos objetivos, y las investigaciones penales al interior de la Fiscal\u00eda General de la Naci\u00f3n. Para el momento de la divulgaci\u00f3n de este comunicado, la situaci\u00f3n jur\u00eddica de la(s) persona(s) relacionada(s) se encuentra pendiente de resolver por la autoridad judicial competente, siempre bajo los preceptos de la presunci\u00f3n de inocencia, consagrados en el art\u00edculo 29 de la Constituci\u00f3n Pol\u00edtica y el art\u00edculo 7\u00ba de la Ley 906 de 2004.<\/em><\/p>\n<\/div>\n<\/div>\n\n<div class=\"twitter-share\"><a href=\"https:\/\/twitter.com\/intent\/tweet?via=fiscaliacol\" class=\"twitter-share-button\">Tweet<\/a><\/div>\n","protected":false},"excerpt":{"rendered":"<p>Como resultado de la lucha frontal contra los posibles responsables de delitos contra mujeres; ni\u00f1os, ni\u00f1as y adolescentes,\u00a0la Seccional Choc\u00f3 de la Fiscal\u00eda General de la Naci\u00f3n judicializ\u00f3 a cinco hombres; al parecer, por atentar contra la integridad sexual de varios menores de edad.\u00a0 Los siguientes son los casos, uno a uno.\u00a0 \u00b7\u00a0\u00a0\u00a0\u00a0\u00a0\u00a0Como posible responsable [&hellip;]<\/p>\n","protected":false},"author":177,"featured_media":276320,"comment_status":"closed","ping_status":"open","sticky":false,"template":"","format":"video","meta":{"tdm_status":"","tdm_grid_status":"","footnotes":""},"categories":[1,2336,303,24127],"tags":[35196,35198,35199,35197,35195,25613,35200,35194],"class_list":{"0":"post-275598","1":"post","2":"type-post","3":"status-publish","4":"format-video","5":"has-post-thumbnail","7":"category-noticias","8":"category-seccional-quibdo","9":"category-seccionales","10":"category-violencia-sexual-e-intrafamiliar","11":"tag-barrio-la-playita-de-quibdo","12":"tag-corregimiento-de-tutunendo-de-quibdo-choco","13":"tag-darwin-dayan","14":"tag-luis-eduardo-cordoba-lizcano","15":"tag-municipio-de-lloro","16":"tag-quibdo-choco","17":"tag-romana-mosquera","18":"tag-seccional-choco-de-la-fiscalia-general-de-la-nacion","19":"post_format-post-format-video"},"yoast_head":"<!-- This site is optimized with the Yoast SEO plugin v24.3 - https:\/\/yoast.com\/wordpress\/plugins\/seo\/ -->\n<title>Fiscal\u00eda General de la Naci\u00f3n<\/title>\n<meta name=\"description\" content=\"P\u00e1gina oficial de la Fiscal\u00eda General de la Naci\u00f3n \u2013 Colombia. Garantizamos el acceso efectivo a la justicia, la verdad y la reparaci\u00f3n de las v\u00edctimas de los delitos.\" \/>\n<meta name=\"robots\" content=\"noindex, follow\" \/>\n<meta property=\"og:locale\" content=\"es_ES\" \/>\n<meta property=\"og:type\" content=\"article\" \/>\n<meta property=\"og:title\" content=\"Fiscal\u00eda General de la Naci\u00f3n\" \/>\n<meta property=\"og:description\" content=\"P\u00e1gina oficial de la Fiscal\u00eda General de la Naci\u00f3n \u2013 Colombia. Garantizamos el acceso efectivo a la justicia, la verdad y la reparaci\u00f3n de las v\u00edctimas de los delitos.\" \/>\n<meta property=\"og:url\" content=\"https:\/\/www.fiscalia.gov.co\/colombia\/noticias\/fiscalia-en-choco-judicializo-a-cinco-hombres-presuntamente-implicados-en-delitos-sexuales-contra-menores-de-edad\/\" \/>\n<meta property=\"og:site_name\" content=\"Fiscal\u00eda General de la Naci\u00f3n\" \/>\n<meta property=\"article:publisher\" content=\"https:\/\/www.facebook.com\/FiscaliaCol\" \/>\n<meta property=\"article:published_time\" content=\"2023-07-24T23:00:52+00:00\" \/>\n<meta property=\"article:modified_time\" content=\"2023-08-04T17:44:17+00:00\" \/>\n<meta property=\"og:image\" content=\"https:\/\/www.fiscalia.gov.co\/colombia\/wp-content\/uploads\/maxresdefault-1119.jpg\" \/>\n\t<meta property=\"og:image:width\" content=\"1280\" \/>\n\t<meta property=\"og:image:height\" content=\"720\" \/>\n\t<meta property=\"og:image:type\" content=\"image\/jpeg\" \/>\n<meta name=\"author\" content=\"Jordan Leandro Oviedo Anzola\" \/>\n<meta name=\"twitter:card\" content=\"summary_large_image\" \/>\n<meta name=\"twitter:creator\" content=\"@FiscaliaCol\" \/>\n<meta name=\"twitter:site\" content=\"@FiscaliaCol\" \/>\n<meta name=\"twitter:label1\" content=\"Escrito por\" \/>\n\t<meta name=\"twitter:data1\" content=\"Jordan Leandro Oviedo Anzola\" \/>\n\t<meta name=\"twitter:label2\" content=\"Tiempo de lectura\" \/>\n\t<meta name=\"twitter:data2\" content=\"3 minutos\" \/>\n<script type=\"application\/ld+json\" class=\"yoast-schema-graph\">{\"@context\":\"https:\/\/schema.org\",\"@graph\":[{\"@type\":\"Article\",\"@id\":\"https:\/\/www.fiscalia.gov.co\/colombia\/noticias\/fiscalia-en-choco-judicializo-a-cinco-hombres-presuntamente-implicados-en-delitos-sexuales-contra-menores-de-edad\/#article\",\"isPartOf\":{\"@id\":\"https:\/\/www.fiscalia.gov.co\/colombia\/noticias\/fiscalia-en-choco-judicializo-a-cinco-hombres-presuntamente-implicados-en-delitos-sexuales-contra-menores-de-edad\/\"},\"author\":{\"name\":\"Jordan Leandro Oviedo Anzola\",\"@id\":\"https:\/\/www.fiscalia.gov.co\/colombia\/#\/schema\/person\/bf84402cf293a5393e9c70b111020b24\"},\"headline\":\"Fiscal\u00eda en Choc\u00f3 judicializ\u00f3 a cinco hombres presuntamente implicados en delitos sexuales contra menores de edad\",\"datePublished\":\"2023-07-24T23:00:52+00:00\",\"dateModified\":\"2023-08-04T17:44:17+00:00\",\"mainEntityOfPage\":{\"@id\":\"https:\/\/www.fiscalia.gov.co\/colombia\/noticias\/fiscalia-en-choco-judicializo-a-cinco-hombres-presuntamente-implicados-en-delitos-sexuales-contra-menores-de-edad\/\"},\"wordCount\":517,\"publisher\":{\"@id\":\"https:\/\/www.fiscalia.gov.co\/colombia\/#organization\"},\"image\":{\"@id\":\"https:\/\/www.fiscalia.gov.co\/colombia\/noticias\/fiscalia-en-choco-judicializo-a-cinco-hombres-presuntamente-implicados-en-delitos-sexuales-contra-menores-de-edad\/#primaryimage\"},\"thumbnailUrl\":\"https:\/\/www.fiscalia.gov.co\/colombia\/wp-content\/uploads\/maxresdefault-1119.jpg\",\"keywords\":[\"barrio La Playita de Quibd\u00f3\",\"corregimiento de Tutunendo de Quibd\u00f3 (Choc\u00f3)\",\"Darwin Dayan\",\"Luis Eduardo C\u00f3rdoba Lizcano\",\"municipio de Llor\u00f3\",\"QUIBD\u00d3-CHOC\u00d3\",\"Roma\u00f1a Mosquera.\",\"Seccional Choc\u00f3 de la Fiscal\u00eda General de la Naci\u00f3n\"],\"articleSection\":[\"Noticias\",\"Seccional Quibd\u00f3\",\"Seccionales\",\"Violencia sexual e intrafamiliar\"],\"inLanguage\":\"es-CO\"},{\"@type\":\"WebPage\",\"@id\":\"https:\/\/www.fiscalia.gov.co\/colombia\/noticias\/fiscalia-en-choco-judicializo-a-cinco-hombres-presuntamente-implicados-en-delitos-sexuales-contra-menores-de-edad\/\",\"url\":\"https:\/\/www.fiscalia.gov.co\/colombia\/noticias\/fiscalia-en-choco-judicializo-a-cinco-hombres-presuntamente-implicados-en-delitos-sexuales-contra-menores-de-edad\/\",\"name\":\"Fiscal\u00eda General de la Naci\u00f3n\",\"isPartOf\":{\"@id\":\"https:\/\/www.fiscalia.gov.co\/colombia\/#website\"},\"primaryImageOfPage\":{\"@id\":\"https:\/\/www.fiscalia.gov.co\/colombia\/noticias\/fiscalia-en-choco-judicializo-a-cinco-hombres-presuntamente-implicados-en-delitos-sexuales-contra-menores-de-edad\/#primaryimage\"},\"image\":{\"@id\":\"https:\/\/www.fiscalia.gov.co\/colombia\/noticias\/fiscalia-en-choco-judicializo-a-cinco-hombres-presuntamente-implicados-en-delitos-sexuales-contra-menores-de-edad\/#primaryimage\"},\"thumbnailUrl\":\"https:\/\/www.fiscalia.gov.co\/colombia\/wp-content\/uploads\/maxresdefault-1119.jpg\",\"datePublished\":\"2023-07-24T23:00:52+00:00\",\"dateModified\":\"2023-08-04T17:44:17+00:00\",\"description\":\"P\u00e1gina oficial de la Fiscal\u00eda General de la Naci\u00f3n \u2013 Colombia. Garantizamos el acceso efectivo a la justicia, la verdad y la reparaci\u00f3n de las v\u00edctimas de los delitos.\",\"breadcrumb\":{\"@id\":\"https:\/\/www.fiscalia.gov.co\/colombia\/noticias\/fiscalia-en-choco-judicializo-a-cinco-hombres-presuntamente-implicados-en-delitos-sexuales-contra-menores-de-edad\/#breadcrumb\"},\"inLanguage\":\"es-CO\",\"potentialAction\":[{\"@type\":\"ReadAction\",\"target\":[\"https:\/\/www.fiscalia.gov.co\/colombia\/noticias\/fiscalia-en-choco-judicializo-a-cinco-hombres-presuntamente-implicados-en-delitos-sexuales-contra-menores-de-edad\/\"]}]},{\"@type\":\"ImageObject\",\"inLanguage\":\"es-CO\",\"@id\":\"https:\/\/www.fiscalia.gov.co\/colombia\/noticias\/fiscalia-en-choco-judicializo-a-cinco-hombres-presuntamente-implicados-en-delitos-sexuales-contra-menores-de-edad\/#primaryimage\",\"url\":\"https:\/\/www.fiscalia.gov.co\/colombia\/wp-content\/uploads\/maxresdefault-1119.jpg\",\"contentUrl\":\"https:\/\/www.fiscalia.gov.co\/colombia\/wp-content\/uploads\/maxresdefault-1119.jpg\",\"width\":1280,\"height\":720},{\"@type\":\"BreadcrumbList\",\"@id\":\"https:\/\/www.fiscalia.gov.co\/colombia\/noticias\/fiscalia-en-choco-judicializo-a-cinco-hombres-presuntamente-implicados-en-delitos-sexuales-contra-menores-de-edad\/#breadcrumb\",\"itemListElement\":[{\"@type\":\"ListItem\",\"position\":1,\"name\":\"Home\",\"item\":\"https:\/\/www.fiscalia.gov.co\/colombia\/\"},{\"@type\":\"ListItem\",\"position\":2,\"name\":\"Fiscal\u00eda en Choc\u00f3 judicializ\u00f3 a cinco hombres presuntamente implicados en delitos sexuales contra menores de edad\"}]},{\"@type\":\"WebSite\",\"@id\":\"https:\/\/www.fiscalia.gov.co\/colombia\/#website\",\"url\":\"https:\/\/www.fiscalia.gov.co\/colombia\/\",\"name\":\"Fiscal\u00eda General de la Naci\u00f3n\",\"description\":\"P\u00e1gina oficial de la Fiscal\u00eda General de la Naci\u00f3n \u2013 Colombia. Garantizamos el acceso efectivo a la justicia, la verdad y la reparaci\u00f3n de las v\u00edctimas de los delitos.\",\"publisher\":{\"@id\":\"https:\/\/www.fiscalia.gov.co\/colombia\/#organization\"},\"potentialAction\":[{\"@type\":\"SearchAction\",\"target\":{\"@type\":\"EntryPoint\",\"urlTemplate\":\"https:\/\/www.fiscalia.gov.co\/colombia\/?s={search_term_string}\"},\"query-input\":{\"@type\":\"PropertyValueSpecification\",\"valueRequired\":true,\"valueName\":\"search_term_string\"}}],\"inLanguage\":\"es-CO\"},{\"@type\":\"Organization\",\"@id\":\"https:\/\/www.fiscalia.gov.co\/colombia\/#organization\",\"name\":\"Fiscal\u00eda General de la Naci\u00f3n\",\"url\":\"https:\/\/www.fiscalia.gov.co\/colombia\/\",\"logo\":{\"@type\":\"ImageObject\",\"inLanguage\":\"es-CO\",\"@id\":\"https:\/\/www.fiscalia.gov.co\/colombia\/#\/schema\/logo\/image\/\",\"url\":\"https:\/\/www.fiscalia.gov.co\/colombia\/wp-content\/uploads\/LogoHorizontal_1.jpg\",\"contentUrl\":\"https:\/\/www.fiscalia.gov.co\/colombia\/wp-content\/uploads\/LogoHorizontal_1.jpg\",\"width\":300,\"height\":90,\"caption\":\"Fiscal\u00eda General de la Naci\u00f3n\"},\"image\":{\"@id\":\"https:\/\/www.fiscalia.gov.co\/colombia\/#\/schema\/logo\/image\/\"},\"sameAs\":[\"https:\/\/www.facebook.com\/FiscaliaCol\",\"https:\/\/x.com\/FiscaliaCol\",\"https:\/\/www.instagram.com\/fiscaliacol\",\"https:\/\/www.linkedin.com\/company\/fiscalia-general-de-la-naci-n\/\",\"https:\/\/youtube.com\/@fiscaliageneraldelanacion-4668?si=6nN79nyQICPU5iTh\"]},{\"@type\":\"Person\",\"@id\":\"https:\/\/www.fiscalia.gov.co\/colombia\/#\/schema\/person\/bf84402cf293a5393e9c70b111020b24\",\"name\":\"Jordan Leandro Oviedo Anzola\",\"image\":{\"@type\":\"ImageObject\",\"inLanguage\":\"es-CO\",\"@id\":\"https:\/\/www.fiscalia.gov.co\/colombia\/#\/schema\/person\/image\/\",\"url\":\"https:\/\/secure.gravatar.com\/avatar\/dabba4346fa9b9207d96adafa8f92721?s=96&d=mm&r=g\",\"contentUrl\":\"https:\/\/secure.gravatar.com\/avatar\/dabba4346fa9b9207d96adafa8f92721?s=96&d=mm&r=g\",\"caption\":\"Jordan Leandro Oviedo Anzola\"},\"url\":\"https:\/\/www.fiscalia.gov.co\/colombia\/author\/joviedo\/\"}]}<\/script>\n<!-- \/ Yoast SEO plugin. -->","yoast_head_json":{"title":"Fiscal\u00eda General de la Naci\u00f3n","description":"P\u00e1gina oficial de la Fiscal\u00eda General de la Naci\u00f3n \u2013 Colombia. Garantizamos el acceso efectivo a la justicia, la verdad y la reparaci\u00f3n de las v\u00edctimas de los delitos.","robots":{"index":"noindex","follow":"follow"},"og_locale":"es_ES","og_type":"article","og_title":"Fiscal\u00eda General de la Naci\u00f3n","og_description":"P\u00e1gina oficial de la Fiscal\u00eda General de la Naci\u00f3n \u2013 Colombia. Garantizamos el acceso efectivo a la justicia, la verdad y la reparaci\u00f3n de las v\u00edctimas de los delitos.","og_url":"https:\/\/www.fiscalia.gov.co\/colombia\/noticias\/fiscalia-en-choco-judicializo-a-cinco-hombres-presuntamente-implicados-en-delitos-sexuales-contra-menores-de-edad\/","og_site_name":"Fiscal\u00eda General de la Naci\u00f3n","article_publisher":"https:\/\/www.facebook.com\/FiscaliaCol","article_published_time":"2023-07-24T23:00:52+00:00","article_modified_time":"2023-08-04T17:44:17+00:00","og_image":[{"width":1280,"height":720,"url":"https:\/\/www.fiscalia.gov.co\/colombia\/wp-content\/uploads\/maxresdefault-1119.jpg","type":"image\/jpeg"}],"author":"Jordan Leandro Oviedo Anzola","twitter_card":"summary_large_image","twitter_creator":"@FiscaliaCol","twitter_site":"@FiscaliaCol","twitter_misc":{"Escrito por":"Jordan Leandro Oviedo Anzola","Tiempo de lectura":"3 minutos"},"schema":{"@context":"https:\/\/schema.org","@graph":[{"@type":"Article","@id":"https:\/\/www.fiscalia.gov.co\/colombia\/noticias\/fiscalia-en-choco-judicializo-a-cinco-hombres-presuntamente-implicados-en-delitos-sexuales-contra-menores-de-edad\/#article","isPartOf":{"@id":"https:\/\/www.fiscalia.gov.co\/colombia\/noticias\/fiscalia-en-choco-judicializo-a-cinco-hombres-presuntamente-implicados-en-delitos-sexuales-contra-menores-de-edad\/"},"author":{"name":"Jordan Leandro Oviedo Anzola","@id":"https:\/\/www.fiscalia.gov.co\/colombia\/#\/schema\/person\/bf84402cf293a5393e9c70b111020b24"},"headline":"Fiscal\u00eda en Choc\u00f3 judicializ\u00f3 a cinco hombres presuntamente implicados en delitos sexuales contra menores de edad","datePublished":"2023-07-24T23:00:52+00:00","dateModified":"2023-08-04T17:44:17+00:00","mainEntityOfPage":{"@id":"https:\/\/www.fiscalia.gov.co\/colombia\/noticias\/fiscalia-en-choco-judicializo-a-cinco-hombres-presuntamente-implicados-en-delitos-sexuales-contra-menores-de-edad\/"},"wordCount":517,"publisher":{"@id":"https:\/\/www.fiscalia.gov.co\/colombia\/#organization"},"image":{"@id":"https:\/\/www.fiscalia.gov.co\/colombia\/noticias\/fiscalia-en-choco-judicializo-a-cinco-hombres-presuntamente-implicados-en-delitos-sexuales-contra-menores-de-edad\/#primaryimage"},"thumbnailUrl":"https:\/\/www.fiscalia.gov.co\/colombia\/wp-content\/uploads\/maxresdefault-1119.jpg","keywords":["barrio La Playita de Quibd\u00f3","corregimiento de Tutunendo de Quibd\u00f3 (Choc\u00f3)","Darwin Dayan","Luis Eduardo C\u00f3rdoba Lizcano","municipio de Llor\u00f3","QUIBD\u00d3-CHOC\u00d3","Roma\u00f1a Mosquera.","Seccional Choc\u00f3 de la Fiscal\u00eda General de la Naci\u00f3n"],"articleSection":["Noticias","Seccional Quibd\u00f3","Seccionales","Violencia sexual e intrafamiliar"],"inLanguage":"es-CO"},{"@type":"WebPage","@id":"https:\/\/www.fiscalia.gov.co\/colombia\/noticias\/fiscalia-en-choco-judicializo-a-cinco-hombres-presuntamente-implicados-en-delitos-sexuales-contra-menores-de-edad\/","url":"https:\/\/www.fiscalia.gov.co\/colombia\/noticias\/fiscalia-en-choco-judicializo-a-cinco-hombres-presuntamente-implicados-en-delitos-sexuales-contra-menores-de-edad\/","name":"Fiscal\u00eda General de la Naci\u00f3n","isPartOf":{"@id":"https:\/\/www.fiscalia.gov.co\/colombia\/#website"},"primaryImageOfPage":{"@id":"https:\/\/www.fiscalia.gov.co\/colombia\/noticias\/fiscalia-en-choco-judicializo-a-cinco-hombres-presuntamente-implicados-en-delitos-sexuales-contra-menores-de-edad\/#primaryimage"},"image":{"@id":"https:\/\/www.fiscalia.gov.co\/colombia\/noticias\/fiscalia-en-choco-judicializo-a-cinco-hombres-presuntamente-implicados-en-delitos-sexuales-contra-menores-de-edad\/#primaryimage"},"thumbnailUrl":"https:\/\/www.fiscalia.gov.co\/colombia\/wp-content\/uploads\/maxresdefault-1119.jpg","datePublished":"2023-07-24T23:00:52+00:00","dateModified":"2023-08-04T17:44:17+00:00","description":"P\u00e1gina oficial de la Fiscal\u00eda General de la Naci\u00f3n \u2013 Colombia. Garantizamos el acceso efectivo a la justicia, la verdad y la reparaci\u00f3n de las v\u00edctimas de los delitos.","breadcrumb":{"@id":"https:\/\/www.fiscalia.gov.co\/colombia\/noticias\/fiscalia-en-choco-judicializo-a-cinco-hombres-presuntamente-implicados-en-delitos-sexuales-contra-menores-de-edad\/#breadcrumb"},"inLanguage":"es-CO","potentialAction":[{"@type":"ReadAction","target":["https:\/\/www.fiscalia.gov.co\/colombia\/noticias\/fiscalia-en-choco-judicializo-a-cinco-hombres-presuntamente-implicados-en-delitos-sexuales-contra-menores-de-edad\/"]}]},{"@type":"ImageObject","inLanguage":"es-CO","@id":"https:\/\/www.fiscalia.gov.co\/colombia\/noticias\/fiscalia-en-choco-judicializo-a-cinco-hombres-presuntamente-implicados-en-delitos-sexuales-contra-menores-de-edad\/#primaryimage","url":"https:\/\/www.fiscalia.gov.co\/colombia\/wp-content\/uploads\/maxresdefault-1119.jpg","contentUrl":"https:\/\/www.fiscalia.gov.co\/colombia\/wp-content\/uploads\/maxresdefault-1119.jpg","width":1280,"height":720},{"@type":"BreadcrumbList","@id":"https:\/\/www.fiscalia.gov.co\/colombia\/noticias\/fiscalia-en-choco-judicializo-a-cinco-hombres-presuntamente-implicados-en-delitos-sexuales-contra-menores-de-edad\/#breadcrumb","itemListElement":[{"@type":"ListItem","position":1,"name":"Home","item":"https:\/\/www.fiscalia.gov.co\/colombia\/"},{"@type":"ListItem","position":2,"name":"Fiscal\u00eda en Choc\u00f3 judicializ\u00f3 a cinco hombres presuntamente implicados en delitos sexuales contra menores de edad"}]},{"@type":"WebSite","@id":"https:\/\/www.fiscalia.gov.co\/colombia\/#website","url":"https:\/\/www.fiscalia.gov.co\/colombia\/","name":"Fiscal\u00eda General de la Naci\u00f3n","description":"P\u00e1gina oficial de la Fiscal\u00eda General de la Naci\u00f3n \u2013 Colombia. Garantizamos el acceso efectivo a la justicia, la verdad y la reparaci\u00f3n de las v\u00edctimas de los delitos.","publisher":{"@id":"https:\/\/www.fiscalia.gov.co\/colombia\/#organization"},"potentialAction":[{"@type":"SearchAction","target":{"@type":"EntryPoint","urlTemplate":"https:\/\/www.fiscalia.gov.co\/colombia\/?s={search_term_string}"},"query-input":{"@type":"PropertyValueSpecification","valueRequired":true,"valueName":"search_term_string"}}],"inLanguage":"es-CO"},{"@type":"Organization","@id":"https:\/\/www.fiscalia.gov.co\/colombia\/#organization","name":"Fiscal\u00eda General de la Naci\u00f3n","url":"https:\/\/www.fiscalia.gov.co\/colombia\/","logo":{"@type":"ImageObject","inLanguage":"es-CO","@id":"https:\/\/www.fiscalia.gov.co\/colombia\/#\/schema\/logo\/image\/","url":"https:\/\/www.fiscalia.gov.co\/colombia\/wp-content\/uploads\/LogoHorizontal_1.jpg","contentUrl":"https:\/\/www.fiscalia.gov.co\/colombia\/wp-content\/uploads\/LogoHorizontal_1.jpg","width":300,"height":90,"caption":"Fiscal\u00eda General de la Naci\u00f3n"},"image":{"@id":"https:\/\/www.fiscalia.gov.co\/colombia\/#\/schema\/logo\/image\/"},"sameAs":["https:\/\/www.facebook.com\/FiscaliaCol","https:\/\/x.com\/FiscaliaCol","https:\/\/www.instagram.com\/fiscaliacol","https:\/\/www.linkedin.com\/company\/fiscalia-general-de-la-naci-n\/","https:\/\/youtube.com\/@fiscaliageneraldelanacion-4668?si=6nN79nyQICPU5iTh"]},{"@type":"Person","@id":"https:\/\/www.fiscalia.gov.co\/colombia\/#\/schema\/person\/bf84402cf293a5393e9c70b111020b24","name":"Jordan Leandro Oviedo Anzola","image":{"@type":"ImageObject","inLanguage":"es-CO","@id":"https:\/\/www.fiscalia.gov.co\/colombia\/#\/schema\/person\/image\/","url":"https:\/\/secure.gravatar.com\/avatar\/dabba4346fa9b9207d96adafa8f92721?s=96&d=mm&r=g","contentUrl":"https:\/\/secure.gravatar.com\/avatar\/dabba4346fa9b9207d96adafa8f92721?s=96&d=mm&r=g","caption":"Jordan Leandro Oviedo Anzola"},"url":"https:\/\/www.fiscalia.gov.co\/colombia\/author\/joviedo\/"}]}},"_links":{"self":[{"href":"https:\/\/www.fiscalia.gov.co\/colombia\/wp-json\/wp\/v2\/posts\/275598","targetHints":{"allow":["GET"]}}],"collection":[{"href":"https:\/\/www.fiscalia.gov.co\/colombia\/wp-json\/wp\/v2\/posts"}],"about":[{"href":"https:\/\/www.fiscalia.gov.co\/colombia\/wp-json\/wp\/v2\/types\/post"}],"author":[{"embeddable":true,"href":"https:\/\/www.fiscalia.gov.co\/colombia\/wp-json\/wp\/v2\/users\/177"}],"replies":[{"embeddable":true,"href":"https:\/\/www.fiscalia.gov.co\/colombia\/wp-json\/wp\/v2\/comments?post=275598"}],"version-history":[{"count":2,"href":"https:\/\/www.fiscalia.gov.co\/colombia\/wp-json\/wp\/v2\/posts\/275598\/revisions"}],"predecessor-version":[{"id":275610,"href":"https:\/\/www.fiscalia.gov.co\/colombia\/wp-json\/wp\/v2\/posts\/275598\/revisions\/275610"}],"wp:featuredmedia":[{"embeddable":true,"href":"https:\/\/www.fiscalia.gov.co\/colombia\/wp-json\/wp\/v2\/media\/276320"}],"wp:attachment":[{"href":"https:\/\/www.fiscalia.gov.co\/colombia\/wp-json\/wp\/v2\/media?parent=275598"}],"wp:term":[{"taxonomy":"category","embeddable":true,"href":"https:\/\/www.fiscalia.gov.co\/colombia\/wp-json\/wp\/v2\/categories?post=275598"},{"taxonomy":"post_tag","embeddable":true,"href":"https:\/\/www.fiscalia.gov.co\/colombia\/wp-json\/wp\/v2\/tags?post=275598"}],"curies":[{"name":"wp","href":"https:\/\/api.w.org\/{rel}","templated":true}]}}