{"id":275587,"date":"2023-07-24T16:23:24","date_gmt":"2023-07-24T21:23:24","guid":{"rendered":"https:\/\/www.fiscalia.gov.co\/colombia\/?p=275587"},"modified":"2023-08-04T12:44:00","modified_gmt":"2023-08-04T17:44:00","slug":"en-tiempo-record-fiscalia-resuelve-homicidio-ocurrido-en-soledad-que-quedo-registrado-en-video","status":"publish","type":"post","link":"https:\/\/www.fiscalia.gov.co\/colombia\/noticias\/en-tiempo-record-fiscalia-resuelve-homicidio-ocurrido-en-soledad-que-quedo-registrado-en-video\/","title":{"rendered":"En tiempo r\u00e9cord Fiscal\u00eda resuelve homicidio ocurrido en Soledad que qued\u00f3 registrado en v\u00eddeo"},"content":{"rendered":"<p style=\"font-weight: 400;\">La Fiscal\u00eda a trav\u00e9s de su Seccional Atl\u00e1ntico, en tiempo r\u00e9cord de tres d\u00edas resolvi\u00f3 el homicidio de Jairo Manuel Cantillo Fl\u00f3rez que se registr\u00f3 el 14 de julio en curso en Soledad (Atl\u00e1ntico).<\/p>\n<figure id=\"attachment_275588\" aria-describedby=\"caption-attachment-275588\" style=\"width: 1024px\" class=\"wp-caption aligncenter\"><img loading=\"lazy\" decoding=\"async\" class=\"size-full wp-image-275588\" src=\"https:\/\/www.fiscalia.gov.co\/colombia\/wp-content\/uploads\/A-prision-Jairo-Javier-Arroyo-de-la-Hoz-y-Mauro-Andres-Caro-Ibarra-los-delitos-de-homicidio-agravado-y-fabricacion-trafico-y-porte-de-armas-de-fuego-los-cuales-no-aceptaron.jpeg\" alt=\"Un investigador del CTI Atl\u00e1ntico y un uniformado de Ej\u00e9rcito Nacional custodian a los dos procesados capturados por su presuntas responsabilidad en un homicidio registrado en Soledad\" width=\"1024\" height=\"768\" srcset=\"https:\/\/www.fiscalia.gov.co\/colombia\/wp-content\/uploads\/A-prision-Jairo-Javier-Arroyo-de-la-Hoz-y-Mauro-Andres-Caro-Ibarra-los-delitos-de-homicidio-agravado-y-fabricacion-trafico-y-porte-de-armas-de-fuego-los-cuales-no-aceptaron.jpeg 1024w, https:\/\/www.fiscalia.gov.co\/colombia\/wp-content\/uploads\/A-prision-Jairo-Javier-Arroyo-de-la-Hoz-y-Mauro-Andres-Caro-Ibarra-los-delitos-de-homicidio-agravado-y-fabricacion-trafico-y-porte-de-armas-de-fuego-los-cuales-no-aceptaron-300x225.jpeg 300w, https:\/\/www.fiscalia.gov.co\/colombia\/wp-content\/uploads\/A-prision-Jairo-Javier-Arroyo-de-la-Hoz-y-Mauro-Andres-Caro-Ibarra-los-delitos-de-homicidio-agravado-y-fabricacion-trafico-y-porte-de-armas-de-fuego-los-cuales-no-aceptaron-768x576.jpeg 768w, https:\/\/www.fiscalia.gov.co\/colombia\/wp-content\/uploads\/A-prision-Jairo-Javier-Arroyo-de-la-Hoz-y-Mauro-Andres-Caro-Ibarra-los-delitos-de-homicidio-agravado-y-fabricacion-trafico-y-porte-de-armas-de-fuego-los-cuales-no-aceptaron-696x522.jpeg 696w, https:\/\/www.fiscalia.gov.co\/colombia\/wp-content\/uploads\/A-prision-Jairo-Javier-Arroyo-de-la-Hoz-y-Mauro-Andres-Caro-Ibarra-los-delitos-de-homicidio-agravado-y-fabricacion-trafico-y-porte-de-armas-de-fuego-los-cuales-no-aceptaron-560x420.jpeg 560w, https:\/\/www.fiscalia.gov.co\/colombia\/wp-content\/uploads\/A-prision-Jairo-Javier-Arroyo-de-la-Hoz-y-Mauro-Andres-Caro-Ibarra-los-delitos-de-homicidio-agravado-y-fabricacion-trafico-y-porte-de-armas-de-fuego-los-cuales-no-aceptaron-80x60.jpeg 80w, https:\/\/www.fiscalia.gov.co\/colombia\/wp-content\/uploads\/A-prision-Jairo-Javier-Arroyo-de-la-Hoz-y-Mauro-Andres-Caro-Ibarra-los-delitos-de-homicidio-agravado-y-fabricacion-trafico-y-porte-de-armas-de-fuego-los-cuales-no-aceptaron-265x198.jpeg 265w\" sizes=\"auto, (max-width: 1024px) 100vw, 1024px\" \/><figcaption id=\"caption-attachment-275588\" class=\"wp-caption-text\">A prisi\u00f3n Jairo Javier Arroyo de la Hoz y Mauro Andr\u00e9s Caro Ibarra, los delitos de homicidio agravado y fabricaci\u00f3n, tr\u00e1fico y porte de armas de fuego, los cuales no aceptaron.<\/figcaption><\/figure>\n<p style=\"font-weight: 400;\">Las labores investigativas desarrolladas por servidores del Cuerpo T\u00e9cnico de Investigaci\u00f3n (CTI) permitieron materializar la captura de los dos presuntos responsables del se\u00f1alado crimen.<\/p>\n<p style=\"font-weight: 400;\">La investigaci\u00f3n indic\u00f3 que la fecha en menci\u00f3n, la v\u00edctima se encontraba en un and\u00e9n de una vivienda del citado municipio, cuando fue impactado con arma de fuego en la cabeza, al parecer, por uno de los capturados quien huy\u00f3 del lugar en una motocicleta. El hecho qued\u00f3 grabado en una c\u00e1mara de seguridad del sector.<\/p>\n<p style=\"font-weight: 400;\">La Fiscal\u00eda imput\u00f3 a Jairo Javier Arroyo de la Hoz y Mauro Andr\u00e9s Caro Ibarra, los delitos de homicidio agravado y fabricaci\u00f3n, tr\u00e1fico y porte de armas de fuego, los cuales no aceptaron.<\/p>\n<p style=\"font-weight: 400;\">Ante la suficiencia probatoria aportada por el ente acusador, un juez de control de garant\u00edas envi\u00f3 a prisi\u00f3n a los dos imputados, quienes ser\u00e1n trasladados a la c\u00e1rcel Modelo de la ciudad de Barranquilla.<\/p>\n<p style=\"font-weight: 400;\">Esta informaci\u00f3n se publica por razones de inter\u00e9s general.<\/p>\n<p style=\"font-weight: 400;\"><strong><u>La Fiscal\u00eda habla con resultados.<\/u><\/strong><\/p>\n<p>&nbsp;<\/p>\n<p>&nbsp;<\/p>\n<p>&nbsp;<\/p>\n<p>&nbsp;<\/p>\n<p>&nbsp;<\/p>\n<p>&nbsp;<\/p>\n<p style=\"font-weight: 400;\">SKCR\/VHGB\/FJCM\/JRS\/JMMM\/DSA<\/p>\n<p>&nbsp;<\/p>\n<p>&nbsp;<\/p>\n<p>&nbsp;<\/p>\n<div class=\"td-post-content tagdiv-type\">\n<p><em>La informaci\u00f3n contenida en este bolet\u00edn de prensa corresponde a la narraci\u00f3n de los hechos noticiosos objetivos, y las investigaciones penales al interior de la Fiscal\u00eda General de la Naci\u00f3n. Para el momento de la divulgaci\u00f3n de este comunicado, la situaci\u00f3n jur\u00eddica de la(s) persona(s) relacionada(s) se encuentra pendiente de resolver por la autoridad judicial competente, siempre bajo los preceptos de la presunci\u00f3n de inocencia, consagrados en el art\u00edculo 29 de la Constituci\u00f3n Pol\u00edtica y el art\u00edculo 7\u00ba de la Ley 906 de 2004.<\/em><\/p>\n<\/div>\n\n<div class=\"twitter-share\"><a href=\"https:\/\/twitter.com\/intent\/tweet?via=fiscaliacol\" class=\"twitter-share-button\">Tweet<\/a><\/div>\n","protected":false},"excerpt":{"rendered":"<p>La Fiscal\u00eda a trav\u00e9s de su Seccional Atl\u00e1ntico, en tiempo r\u00e9cord de tres d\u00edas resolvi\u00f3 el homicidio de Jairo Manuel Cantillo Fl\u00f3rez que se registr\u00f3 el 14 de julio en curso en Soledad (Atl\u00e1ntico). Las labores investigativas desarrolladas por servidores del Cuerpo T\u00e9cnico de Investigaci\u00f3n (CTI) permitieron materializar la captura de los dos presuntos responsables [&hellip;]<\/p>\n","protected":false},"author":177,"featured_media":0,"comment_status":"closed","ping_status":"open","sticky":false,"template":"","format":"video","meta":{"_price":"","_stock":"","_tribe_ticket_header":"","_tribe_default_ticket_provider":"","_tribe_ticket_capacity":"0","_ticket_start_date":"","_ticket_end_date":"","_tribe_ticket_show_description":"","_tribe_ticket_show_not_going":false,"_tribe_ticket_use_global_stock":"","_tribe_ticket_global_stock_level":"","_global_stock_mode":"","_global_stock_cap":"","_tribe_rsvp_for_event":"","_tribe_ticket_going_count":"","_tribe_ticket_not_going_count":"","_tribe_tickets_list":"[]","_tribe_ticket_has_attendee_info_fields":false,"tdm_status":"","tdm_grid_status":"","footnotes":""},"categories":[1,320,303,24099],"tags":[12163,23982,35188,45,34217,35191,409,35189,35190,27199,23901],"class_list":{"0":"post-275587","1":"post","2":"type-post","3":"status-publish","4":"format-video","6":"category-noticias","7":"category-seccional-barranquilla","8":"category-seccionales","9":"category-seguridad-territorial","10":"tag-arma-de-fuego","11":"tag-barranquilla-atlantico","12":"tag-crimen-registrado-en-video","13":"tag-cti","14":"tag-dos-procesados","15":"tag-fiscal-de-homicidios","16":"tag-homicidio","17":"tag-media-de-aseguramiento-intramural","18":"tag-operativo-cti","19":"tag-seccional-atlantico","20":"tag-soledad","21":"post_format-post-format-video"},"yoast_head":"<!-- This site is optimized with the Yoast SEO plugin v24.3 - https:\/\/yoast.com\/wordpress\/plugins\/seo\/ -->\n<title>Fiscal\u00eda General de la Naci\u00f3n<\/title>\n<meta name=\"description\" content=\"P\u00e1gina oficial de la Fiscal\u00eda General de la Naci\u00f3n \u2013 Colombia. Garantizamos el acceso efectivo a la justicia, la verdad y la reparaci\u00f3n de las v\u00edctimas de los delitos.\" \/>\n<meta name=\"robots\" content=\"noindex, follow\" \/>\n<meta property=\"og:locale\" content=\"es_ES\" \/>\n<meta property=\"og:type\" content=\"article\" \/>\n<meta property=\"og:title\" content=\"Fiscal\u00eda General de la Naci\u00f3n\" \/>\n<meta property=\"og:description\" content=\"P\u00e1gina oficial de la Fiscal\u00eda General de la Naci\u00f3n \u2013 Colombia. Garantizamos el acceso efectivo a la justicia, la verdad y la reparaci\u00f3n de las v\u00edctimas de los delitos.\" \/>\n<meta property=\"og:url\" content=\"https:\/\/www.fiscalia.gov.co\/colombia\/noticias\/en-tiempo-record-fiscalia-resuelve-homicidio-ocurrido-en-soledad-que-quedo-registrado-en-video\/\" \/>\n<meta property=\"og:site_name\" content=\"Fiscal\u00eda General de la Naci\u00f3n\" \/>\n<meta property=\"article:publisher\" content=\"https:\/\/www.facebook.com\/FiscaliaCol\" \/>\n<meta property=\"article:published_time\" content=\"2023-07-24T21:23:24+00:00\" \/>\n<meta property=\"article:modified_time\" content=\"2023-08-04T17:44:00+00:00\" \/>\n<meta property=\"og:image\" content=\"https:\/\/www.fiscalia.gov.co\/colombia\/wp-content\/uploads\/A-prision-Jairo-Javier-Arroyo-de-la-Hoz-y-Mauro-Andres-Caro-Ibarra-los-delitos-de-homicidio-agravado-y-fabricacion-trafico-y-porte-de-armas-de-fuego-los-cuales-no-aceptaron.jpeg\" \/>\n<meta name=\"author\" content=\"Jordan Leandro Oviedo Anzola\" \/>\n<meta name=\"twitter:card\" content=\"summary_large_image\" \/>\n<meta name=\"twitter:creator\" content=\"@FiscaliaCol\" \/>\n<meta name=\"twitter:site\" content=\"@FiscaliaCol\" \/>\n<meta name=\"twitter:label1\" content=\"Escrito por\" \/>\n\t<meta name=\"twitter:data1\" content=\"Jordan Leandro Oviedo Anzola\" \/>\n\t<meta name=\"twitter:label2\" content=\"Tiempo de lectura\" \/>\n\t<meta name=\"twitter:data2\" content=\"2 minutos\" \/>\n<script type=\"application\/ld+json\" class=\"yoast-schema-graph\">{\"@context\":\"https:\/\/schema.org\",\"@graph\":[{\"@type\":\"Article\",\"@id\":\"https:\/\/www.fiscalia.gov.co\/colombia\/noticias\/en-tiempo-record-fiscalia-resuelve-homicidio-ocurrido-en-soledad-que-quedo-registrado-en-video\/#article\",\"isPartOf\":{\"@id\":\"https:\/\/www.fiscalia.gov.co\/colombia\/noticias\/en-tiempo-record-fiscalia-resuelve-homicidio-ocurrido-en-soledad-que-quedo-registrado-en-video\/\"},\"author\":{\"name\":\"Jordan Leandro Oviedo Anzola\",\"@id\":\"https:\/\/www.fiscalia.gov.co\/colombia\/#\/schema\/person\/bf84402cf293a5393e9c70b111020b24\"},\"headline\":\"En tiempo r\u00e9cord Fiscal\u00eda resuelve homicidio ocurrido en Soledad que qued\u00f3 registrado en v\u00eddeo\",\"datePublished\":\"2023-07-24T21:23:24+00:00\",\"dateModified\":\"2023-08-04T17:44:00+00:00\",\"mainEntityOfPage\":{\"@id\":\"https:\/\/www.fiscalia.gov.co\/colombia\/noticias\/en-tiempo-record-fiscalia-resuelve-homicidio-ocurrido-en-soledad-que-quedo-registrado-en-video\/\"},\"wordCount\":390,\"publisher\":{\"@id\":\"https:\/\/www.fiscalia.gov.co\/colombia\/#organization\"},\"image\":{\"@id\":\"https:\/\/www.fiscalia.gov.co\/colombia\/noticias\/en-tiempo-record-fiscalia-resuelve-homicidio-ocurrido-en-soledad-que-quedo-registrado-en-video\/#primaryimage\"},\"thumbnailUrl\":\"https:\/\/www.fiscalia.gov.co\/colombia\/wp-content\/uploads\/A-prision-Jairo-Javier-Arroyo-de-la-Hoz-y-Mauro-Andres-Caro-Ibarra-los-delitos-de-homicidio-agravado-y-fabricacion-trafico-y-porte-de-armas-de-fuego-los-cuales-no-aceptaron.jpeg\",\"keywords\":[\"Arma de fuego\",\"Barranquilla (Atl\u00e1ntico)\",\"crimen registrado en video\",\"CTI\",\"dos procesados\",\"fiscal de homicidios.\",\"Homicidio\",\"media de aseguramiento intramural\",\"operativo CTI\",\"Seccional Atl\u00e1ntico\",\"Soledad\"],\"articleSection\":[\"Noticias\",\"Seccional Barranquilla\",\"Seccionales\",\"Seguridad territorial\"],\"inLanguage\":\"es-CO\"},{\"@type\":\"WebPage\",\"@id\":\"https:\/\/www.fiscalia.gov.co\/colombia\/noticias\/en-tiempo-record-fiscalia-resuelve-homicidio-ocurrido-en-soledad-que-quedo-registrado-en-video\/\",\"url\":\"https:\/\/www.fiscalia.gov.co\/colombia\/noticias\/en-tiempo-record-fiscalia-resuelve-homicidio-ocurrido-en-soledad-que-quedo-registrado-en-video\/\",\"name\":\"Fiscal\u00eda General de la Naci\u00f3n\",\"isPartOf\":{\"@id\":\"https:\/\/www.fiscalia.gov.co\/colombia\/#website\"},\"primaryImageOfPage\":{\"@id\":\"https:\/\/www.fiscalia.gov.co\/colombia\/noticias\/en-tiempo-record-fiscalia-resuelve-homicidio-ocurrido-en-soledad-que-quedo-registrado-en-video\/#primaryimage\"},\"image\":{\"@id\":\"https:\/\/www.fiscalia.gov.co\/colombia\/noticias\/en-tiempo-record-fiscalia-resuelve-homicidio-ocurrido-en-soledad-que-quedo-registrado-en-video\/#primaryimage\"},\"thumbnailUrl\":\"https:\/\/www.fiscalia.gov.co\/colombia\/wp-content\/uploads\/A-prision-Jairo-Javier-Arroyo-de-la-Hoz-y-Mauro-Andres-Caro-Ibarra-los-delitos-de-homicidio-agravado-y-fabricacion-trafico-y-porte-de-armas-de-fuego-los-cuales-no-aceptaron.jpeg\",\"datePublished\":\"2023-07-24T21:23:24+00:00\",\"dateModified\":\"2023-08-04T17:44:00+00:00\",\"description\":\"P\u00e1gina oficial de la Fiscal\u00eda General de la Naci\u00f3n \u2013 Colombia. Garantizamos el acceso efectivo a la justicia, la verdad y la reparaci\u00f3n de las v\u00edctimas de los delitos.\",\"breadcrumb\":{\"@id\":\"https:\/\/www.fiscalia.gov.co\/colombia\/noticias\/en-tiempo-record-fiscalia-resuelve-homicidio-ocurrido-en-soledad-que-quedo-registrado-en-video\/#breadcrumb\"},\"inLanguage\":\"es-CO\",\"potentialAction\":[{\"@type\":\"ReadAction\",\"target\":[\"https:\/\/www.fiscalia.gov.co\/colombia\/noticias\/en-tiempo-record-fiscalia-resuelve-homicidio-ocurrido-en-soledad-que-quedo-registrado-en-video\/\"]}]},{\"@type\":\"ImageObject\",\"inLanguage\":\"es-CO\",\"@id\":\"https:\/\/www.fiscalia.gov.co\/colombia\/noticias\/en-tiempo-record-fiscalia-resuelve-homicidio-ocurrido-en-soledad-que-quedo-registrado-en-video\/#primaryimage\",\"url\":\"https:\/\/www.fiscalia.gov.co\/colombia\/wp-content\/uploads\/A-prision-Jairo-Javier-Arroyo-de-la-Hoz-y-Mauro-Andres-Caro-Ibarra-los-delitos-de-homicidio-agravado-y-fabricacion-trafico-y-porte-de-armas-de-fuego-los-cuales-no-aceptaron.jpeg\",\"contentUrl\":\"https:\/\/www.fiscalia.gov.co\/colombia\/wp-content\/uploads\/A-prision-Jairo-Javier-Arroyo-de-la-Hoz-y-Mauro-Andres-Caro-Ibarra-los-delitos-de-homicidio-agravado-y-fabricacion-trafico-y-porte-de-armas-de-fuego-los-cuales-no-aceptaron.jpeg\",\"width\":1024,\"height\":768,\"caption\":\"A prisi\u00f3n Jairo Javier Arroyo de la Hoz y Mauro Andr\u00e9s Caro Ibarra, los delitos de homicidio agravado y fabricaci\u00f3n, tr\u00e1fico y porte de armas de fuego, los cuales no aceptaron.\"},{\"@type\":\"BreadcrumbList\",\"@id\":\"https:\/\/www.fiscalia.gov.co\/colombia\/noticias\/en-tiempo-record-fiscalia-resuelve-homicidio-ocurrido-en-soledad-que-quedo-registrado-en-video\/#breadcrumb\",\"itemListElement\":[{\"@type\":\"ListItem\",\"position\":1,\"name\":\"Home\",\"item\":\"https:\/\/www.fiscalia.gov.co\/colombia\/\"},{\"@type\":\"ListItem\",\"position\":2,\"name\":\"En tiempo r\u00e9cord Fiscal\u00eda resuelve homicidio ocurrido en Soledad que qued\u00f3 registrado en v\u00eddeo\"}]},{\"@type\":\"WebSite\",\"@id\":\"https:\/\/www.fiscalia.gov.co\/colombia\/#website\",\"url\":\"https:\/\/www.fiscalia.gov.co\/colombia\/\",\"name\":\"Fiscal\u00eda General de la Naci\u00f3n\",\"description\":\"P\u00e1gina oficial de la Fiscal\u00eda General de la Naci\u00f3n \u2013 Colombia. Garantizamos el acceso efectivo a la justicia, la verdad y la reparaci\u00f3n de las v\u00edctimas de los delitos.\",\"publisher\":{\"@id\":\"https:\/\/www.fiscalia.gov.co\/colombia\/#organization\"},\"potentialAction\":[{\"@type\":\"SearchAction\",\"target\":{\"@type\":\"EntryPoint\",\"urlTemplate\":\"https:\/\/www.fiscalia.gov.co\/colombia\/?s={search_term_string}\"},\"query-input\":{\"@type\":\"PropertyValueSpecification\",\"valueRequired\":true,\"valueName\":\"search_term_string\"}}],\"inLanguage\":\"es-CO\"},{\"@type\":\"Organization\",\"@id\":\"https:\/\/www.fiscalia.gov.co\/colombia\/#organization\",\"name\":\"Fiscal\u00eda General de la Naci\u00f3n\",\"url\":\"https:\/\/www.fiscalia.gov.co\/colombia\/\",\"logo\":{\"@type\":\"ImageObject\",\"inLanguage\":\"es-CO\",\"@id\":\"https:\/\/www.fiscalia.gov.co\/colombia\/#\/schema\/logo\/image\/\",\"url\":\"https:\/\/www.fiscalia.gov.co\/colombia\/wp-content\/uploads\/LogoHorizontal_1.jpg\",\"contentUrl\":\"https:\/\/www.fiscalia.gov.co\/colombia\/wp-content\/uploads\/LogoHorizontal_1.jpg\",\"width\":300,\"height\":90,\"caption\":\"Fiscal\u00eda General de la Naci\u00f3n\"},\"image\":{\"@id\":\"https:\/\/www.fiscalia.gov.co\/colombia\/#\/schema\/logo\/image\/\"},\"sameAs\":[\"https:\/\/www.facebook.com\/FiscaliaCol\",\"https:\/\/x.com\/FiscaliaCol\",\"https:\/\/www.instagram.com\/fiscaliacol\",\"https:\/\/www.linkedin.com\/company\/fiscalia-general-de-la-naci-n\/\",\"https:\/\/youtube.com\/@fiscaliageneraldelanacion-4668?si=6nN79nyQICPU5iTh\"]},{\"@type\":\"Person\",\"@id\":\"https:\/\/www.fiscalia.gov.co\/colombia\/#\/schema\/person\/bf84402cf293a5393e9c70b111020b24\",\"name\":\"Jordan Leandro Oviedo Anzola\",\"image\":{\"@type\":\"ImageObject\",\"inLanguage\":\"es-CO\",\"@id\":\"https:\/\/www.fiscalia.gov.co\/colombia\/#\/schema\/person\/image\/\",\"url\":\"https:\/\/secure.gravatar.com\/avatar\/dabba4346fa9b9207d96adafa8f92721?s=96&d=mm&r=g\",\"contentUrl\":\"https:\/\/secure.gravatar.com\/avatar\/dabba4346fa9b9207d96adafa8f92721?s=96&d=mm&r=g\",\"caption\":\"Jordan Leandro Oviedo Anzola\"},\"url\":\"https:\/\/www.fiscalia.gov.co\/colombia\/author\/joviedo\/\"}]}<\/script>\n<!-- \/ Yoast SEO plugin. -->","yoast_head_json":{"title":"Fiscal\u00eda General de la Naci\u00f3n","description":"P\u00e1gina oficial de la Fiscal\u00eda General de la Naci\u00f3n \u2013 Colombia. Garantizamos el acceso efectivo a la justicia, la verdad y la reparaci\u00f3n de las v\u00edctimas de los delitos.","robots":{"index":"noindex","follow":"follow"},"og_locale":"es_ES","og_type":"article","og_title":"Fiscal\u00eda General de la Naci\u00f3n","og_description":"P\u00e1gina oficial de la Fiscal\u00eda General de la Naci\u00f3n \u2013 Colombia. Garantizamos el acceso efectivo a la justicia, la verdad y la reparaci\u00f3n de las v\u00edctimas de los delitos.","og_url":"https:\/\/www.fiscalia.gov.co\/colombia\/noticias\/en-tiempo-record-fiscalia-resuelve-homicidio-ocurrido-en-soledad-que-quedo-registrado-en-video\/","og_site_name":"Fiscal\u00eda General de la Naci\u00f3n","article_publisher":"https:\/\/www.facebook.com\/FiscaliaCol","article_published_time":"2023-07-24T21:23:24+00:00","article_modified_time":"2023-08-04T17:44:00+00:00","og_image":[{"url":"https:\/\/www.fiscalia.gov.co\/colombia\/wp-content\/uploads\/A-prision-Jairo-Javier-Arroyo-de-la-Hoz-y-Mauro-Andres-Caro-Ibarra-los-delitos-de-homicidio-agravado-y-fabricacion-trafico-y-porte-de-armas-de-fuego-los-cuales-no-aceptaron.jpeg","type":"","width":"","height":""}],"author":"Jordan Leandro Oviedo Anzola","twitter_card":"summary_large_image","twitter_creator":"@FiscaliaCol","twitter_site":"@FiscaliaCol","twitter_misc":{"Escrito por":"Jordan Leandro Oviedo Anzola","Tiempo de lectura":"2 minutos"},"schema":{"@context":"https:\/\/schema.org","@graph":[{"@type":"Article","@id":"https:\/\/www.fiscalia.gov.co\/colombia\/noticias\/en-tiempo-record-fiscalia-resuelve-homicidio-ocurrido-en-soledad-que-quedo-registrado-en-video\/#article","isPartOf":{"@id":"https:\/\/www.fiscalia.gov.co\/colombia\/noticias\/en-tiempo-record-fiscalia-resuelve-homicidio-ocurrido-en-soledad-que-quedo-registrado-en-video\/"},"author":{"name":"Jordan Leandro Oviedo Anzola","@id":"https:\/\/www.fiscalia.gov.co\/colombia\/#\/schema\/person\/bf84402cf293a5393e9c70b111020b24"},"headline":"En tiempo r\u00e9cord Fiscal\u00eda resuelve homicidio ocurrido en Soledad que qued\u00f3 registrado en v\u00eddeo","datePublished":"2023-07-24T21:23:24+00:00","dateModified":"2023-08-04T17:44:00+00:00","mainEntityOfPage":{"@id":"https:\/\/www.fiscalia.gov.co\/colombia\/noticias\/en-tiempo-record-fiscalia-resuelve-homicidio-ocurrido-en-soledad-que-quedo-registrado-en-video\/"},"wordCount":390,"publisher":{"@id":"https:\/\/www.fiscalia.gov.co\/colombia\/#organization"},"image":{"@id":"https:\/\/www.fiscalia.gov.co\/colombia\/noticias\/en-tiempo-record-fiscalia-resuelve-homicidio-ocurrido-en-soledad-que-quedo-registrado-en-video\/#primaryimage"},"thumbnailUrl":"https:\/\/www.fiscalia.gov.co\/colombia\/wp-content\/uploads\/A-prision-Jairo-Javier-Arroyo-de-la-Hoz-y-Mauro-Andres-Caro-Ibarra-los-delitos-de-homicidio-agravado-y-fabricacion-trafico-y-porte-de-armas-de-fuego-los-cuales-no-aceptaron.jpeg","keywords":["Arma de fuego","Barranquilla (Atl\u00e1ntico)","crimen registrado en video","CTI","dos procesados","fiscal de homicidios.","Homicidio","media de aseguramiento intramural","operativo CTI","Seccional Atl\u00e1ntico","Soledad"],"articleSection":["Noticias","Seccional Barranquilla","Seccionales","Seguridad territorial"],"inLanguage":"es-CO"},{"@type":"WebPage","@id":"https:\/\/www.fiscalia.gov.co\/colombia\/noticias\/en-tiempo-record-fiscalia-resuelve-homicidio-ocurrido-en-soledad-que-quedo-registrado-en-video\/","url":"https:\/\/www.fiscalia.gov.co\/colombia\/noticias\/en-tiempo-record-fiscalia-resuelve-homicidio-ocurrido-en-soledad-que-quedo-registrado-en-video\/","name":"Fiscal\u00eda General de la Naci\u00f3n","isPartOf":{"@id":"https:\/\/www.fiscalia.gov.co\/colombia\/#website"},"primaryImageOfPage":{"@id":"https:\/\/www.fiscalia.gov.co\/colombia\/noticias\/en-tiempo-record-fiscalia-resuelve-homicidio-ocurrido-en-soledad-que-quedo-registrado-en-video\/#primaryimage"},"image":{"@id":"https:\/\/www.fiscalia.gov.co\/colombia\/noticias\/en-tiempo-record-fiscalia-resuelve-homicidio-ocurrido-en-soledad-que-quedo-registrado-en-video\/#primaryimage"},"thumbnailUrl":"https:\/\/www.fiscalia.gov.co\/colombia\/wp-content\/uploads\/A-prision-Jairo-Javier-Arroyo-de-la-Hoz-y-Mauro-Andres-Caro-Ibarra-los-delitos-de-homicidio-agravado-y-fabricacion-trafico-y-porte-de-armas-de-fuego-los-cuales-no-aceptaron.jpeg","datePublished":"2023-07-24T21:23:24+00:00","dateModified":"2023-08-04T17:44:00+00:00","description":"P\u00e1gina oficial de la Fiscal\u00eda General de la Naci\u00f3n \u2013 Colombia. Garantizamos el acceso efectivo a la justicia, la verdad y la reparaci\u00f3n de las v\u00edctimas de los delitos.","breadcrumb":{"@id":"https:\/\/www.fiscalia.gov.co\/colombia\/noticias\/en-tiempo-record-fiscalia-resuelve-homicidio-ocurrido-en-soledad-que-quedo-registrado-en-video\/#breadcrumb"},"inLanguage":"es-CO","potentialAction":[{"@type":"ReadAction","target":["https:\/\/www.fiscalia.gov.co\/colombia\/noticias\/en-tiempo-record-fiscalia-resuelve-homicidio-ocurrido-en-soledad-que-quedo-registrado-en-video\/"]}]},{"@type":"ImageObject","inLanguage":"es-CO","@id":"https:\/\/www.fiscalia.gov.co\/colombia\/noticias\/en-tiempo-record-fiscalia-resuelve-homicidio-ocurrido-en-soledad-que-quedo-registrado-en-video\/#primaryimage","url":"https:\/\/www.fiscalia.gov.co\/colombia\/wp-content\/uploads\/A-prision-Jairo-Javier-Arroyo-de-la-Hoz-y-Mauro-Andres-Caro-Ibarra-los-delitos-de-homicidio-agravado-y-fabricacion-trafico-y-porte-de-armas-de-fuego-los-cuales-no-aceptaron.jpeg","contentUrl":"https:\/\/www.fiscalia.gov.co\/colombia\/wp-content\/uploads\/A-prision-Jairo-Javier-Arroyo-de-la-Hoz-y-Mauro-Andres-Caro-Ibarra-los-delitos-de-homicidio-agravado-y-fabricacion-trafico-y-porte-de-armas-de-fuego-los-cuales-no-aceptaron.jpeg","width":1024,"height":768,"caption":"A prisi\u00f3n Jairo Javier Arroyo de la Hoz y Mauro Andr\u00e9s Caro Ibarra, los delitos de homicidio agravado y fabricaci\u00f3n, tr\u00e1fico y porte de armas de fuego, los cuales no aceptaron."},{"@type":"BreadcrumbList","@id":"https:\/\/www.fiscalia.gov.co\/colombia\/noticias\/en-tiempo-record-fiscalia-resuelve-homicidio-ocurrido-en-soledad-que-quedo-registrado-en-video\/#breadcrumb","itemListElement":[{"@type":"ListItem","position":1,"name":"Home","item":"https:\/\/www.fiscalia.gov.co\/colombia\/"},{"@type":"ListItem","position":2,"name":"En tiempo r\u00e9cord Fiscal\u00eda resuelve homicidio ocurrido en Soledad que qued\u00f3 registrado en v\u00eddeo"}]},{"@type":"WebSite","@id":"https:\/\/www.fiscalia.gov.co\/colombia\/#website","url":"https:\/\/www.fiscalia.gov.co\/colombia\/","name":"Fiscal\u00eda General de la Naci\u00f3n","description":"P\u00e1gina oficial de la Fiscal\u00eda General de la Naci\u00f3n \u2013 Colombia. Garantizamos el acceso efectivo a la justicia, la verdad y la reparaci\u00f3n de las v\u00edctimas de los delitos.","publisher":{"@id":"https:\/\/www.fiscalia.gov.co\/colombia\/#organization"},"potentialAction":[{"@type":"SearchAction","target":{"@type":"EntryPoint","urlTemplate":"https:\/\/www.fiscalia.gov.co\/colombia\/?s={search_term_string}"},"query-input":{"@type":"PropertyValueSpecification","valueRequired":true,"valueName":"search_term_string"}}],"inLanguage":"es-CO"},{"@type":"Organization","@id":"https:\/\/www.fiscalia.gov.co\/colombia\/#organization","name":"Fiscal\u00eda General de la Naci\u00f3n","url":"https:\/\/www.fiscalia.gov.co\/colombia\/","logo":{"@type":"ImageObject","inLanguage":"es-CO","@id":"https:\/\/www.fiscalia.gov.co\/colombia\/#\/schema\/logo\/image\/","url":"https:\/\/www.fiscalia.gov.co\/colombia\/wp-content\/uploads\/LogoHorizontal_1.jpg","contentUrl":"https:\/\/www.fiscalia.gov.co\/colombia\/wp-content\/uploads\/LogoHorizontal_1.jpg","width":300,"height":90,"caption":"Fiscal\u00eda General de la Naci\u00f3n"},"image":{"@id":"https:\/\/www.fiscalia.gov.co\/colombia\/#\/schema\/logo\/image\/"},"sameAs":["https:\/\/www.facebook.com\/FiscaliaCol","https:\/\/x.com\/FiscaliaCol","https:\/\/www.instagram.com\/fiscaliacol","https:\/\/www.linkedin.com\/company\/fiscalia-general-de-la-naci-n\/","https:\/\/youtube.com\/@fiscaliageneraldelanacion-4668?si=6nN79nyQICPU5iTh"]},{"@type":"Person","@id":"https:\/\/www.fiscalia.gov.co\/colombia\/#\/schema\/person\/bf84402cf293a5393e9c70b111020b24","name":"Jordan Leandro Oviedo Anzola","image":{"@type":"ImageObject","inLanguage":"es-CO","@id":"https:\/\/www.fiscalia.gov.co\/colombia\/#\/schema\/person\/image\/","url":"https:\/\/secure.gravatar.com\/avatar\/dabba4346fa9b9207d96adafa8f92721?s=96&d=mm&r=g","contentUrl":"https:\/\/secure.gravatar.com\/avatar\/dabba4346fa9b9207d96adafa8f92721?s=96&d=mm&r=g","caption":"Jordan Leandro Oviedo Anzola"},"url":"https:\/\/www.fiscalia.gov.co\/colombia\/author\/joviedo\/"}]}},"_links":{"self":[{"href":"https:\/\/www.fiscalia.gov.co\/colombia\/wp-json\/wp\/v2\/posts\/275587","targetHints":{"allow":["GET"]}}],"collection":[{"href":"https:\/\/www.fiscalia.gov.co\/colombia\/wp-json\/wp\/v2\/posts"}],"about":[{"href":"https:\/\/www.fiscalia.gov.co\/colombia\/wp-json\/wp\/v2\/types\/post"}],"author":[{"embeddable":true,"href":"https:\/\/www.fiscalia.gov.co\/colombia\/wp-json\/wp\/v2\/users\/177"}],"replies":[{"embeddable":true,"href":"https:\/\/www.fiscalia.gov.co\/colombia\/wp-json\/wp\/v2\/comments?post=275587"}],"version-history":[{"count":2,"href":"https:\/\/www.fiscalia.gov.co\/colombia\/wp-json\/wp\/v2\/posts\/275587\/revisions"}],"predecessor-version":[{"id":276318,"href":"https:\/\/www.fiscalia.gov.co\/colombia\/wp-json\/wp\/v2\/posts\/275587\/revisions\/276318"}],"wp:attachment":[{"href":"https:\/\/www.fiscalia.gov.co\/colombia\/wp-json\/wp\/v2\/media?parent=275587"}],"wp:term":[{"taxonomy":"category","embeddable":true,"href":"https:\/\/www.fiscalia.gov.co\/colombia\/wp-json\/wp\/v2\/categories?post=275587"},{"taxonomy":"post_tag","embeddable":true,"href":"https:\/\/www.fiscalia.gov.co\/colombia\/wp-json\/wp\/v2\/tags?post=275587"}],"curies":[{"name":"wp","href":"https:\/\/api.w.org\/{rel}","templated":true}]}}