{"id":275547,"date":"2023-07-24T15:03:03","date_gmt":"2023-07-24T20:03:03","guid":{"rendered":"https:\/\/www.fiscalia.gov.co\/colombia\/?p=275547"},"modified":"2023-08-04T12:42:19","modified_gmt":"2023-08-04T17:42:19","slug":"judicializados-dos-presuntos-implicados-en-el-homicidio-de-dos-menores-de-edad-en-neiva-huila","status":"publish","type":"post","link":"https:\/\/www.fiscalia.gov.co\/colombia\/noticias\/judicializados-dos-presuntos-implicados-en-el-homicidio-de-dos-menores-de-edad-en-neiva-huila\/","title":{"rendered":"Judicializados dos presuntos implicados en el homicidio de dos menores de edad en Neiva (Huila)"},"content":{"rendered":"<h4><strong><i><span lang=\"ES\">Uno de los procesados es un\u00a0 adolescente de 17 a\u00f1os.<\/span><\/i><\/strong><\/h4>\n<p><span lang=\"ES\">La Fiscal\u00eda General de la Naci\u00f3n con su polic\u00eda judicial del CTI, en un trabajo articulado con la Polic\u00eda Nacional, logr\u00f3 la captura de Brandon Camilo Hern\u00e1ndez Mesa, investigado por los delitos de\u00a0 homicidio agravado, porte ilegal de armas de fuego de defensa personal\u00a0agravado y uso de menores para la comisi\u00f3n de delitos.<\/span><\/p>\n<figure id=\"attachment_275555\" aria-describedby=\"caption-attachment-275555\" style=\"width: 696px\" class=\"wp-caption aligncenter\"><img loading=\"lazy\" decoding=\"async\" class=\"size-large wp-image-275555\" src=\"https:\/\/www.fiscalia.gov.co\/colombia\/wp-content\/uploads\/capturado-por-homicidio-de-menores-Huila-1024x772.jpeg\" alt=\"en la imagen se ve una persona detenida bajo custodia de un investigador del CTI y un integrante de la Polic\u00eda Nacional. Detr\u00e1s suyo un backing de cada una de las instituciones.\" width=\"696\" height=\"525\" srcset=\"https:\/\/www.fiscalia.gov.co\/colombia\/wp-content\/uploads\/capturado-por-homicidio-de-menores-Huila-1024x772.jpeg 1024w, https:\/\/www.fiscalia.gov.co\/colombia\/wp-content\/uploads\/capturado-por-homicidio-de-menores-Huila-300x226.jpeg 300w, https:\/\/www.fiscalia.gov.co\/colombia\/wp-content\/uploads\/capturado-por-homicidio-de-menores-Huila-768x579.jpeg 768w, https:\/\/www.fiscalia.gov.co\/colombia\/wp-content\/uploads\/capturado-por-homicidio-de-menores-Huila-696x525.jpeg 696w, https:\/\/www.fiscalia.gov.co\/colombia\/wp-content\/uploads\/capturado-por-homicidio-de-menores-Huila-1068x805.jpeg 1068w, https:\/\/www.fiscalia.gov.co\/colombia\/wp-content\/uploads\/capturado-por-homicidio-de-menores-Huila-557x420.jpeg 557w, https:\/\/www.fiscalia.gov.co\/colombia\/wp-content\/uploads\/capturado-por-homicidio-de-menores-Huila-80x60.jpeg 80w, https:\/\/www.fiscalia.gov.co\/colombia\/wp-content\/uploads\/capturado-por-homicidio-de-menores-Huila.jpeg 1194w\" sizes=\"auto, (max-width: 696px) 100vw, 696px\" \/><figcaption id=\"caption-attachment-275555\" class=\"wp-caption-text\">El hombre fue detenido en cumplimiento a la orden judicial que pesaba en su contra en un sector de Ibagu\u00e9, Tolima, por investigadores del CTI y la Polic\u00eda Metropolitana de Neiva, Huila.<\/figcaption><\/figure>\n<p><span lang=\"ES\">Los hechos investigados ocurrieron en el barrio Los Alpes de Neiva (Huila), el pasado 19 de junio,\u00a0 cuando fueron asesinados con arma de fuego una ni\u00f1a de 9 a\u00f1os y un adolescente de 15 a\u00f1os.<\/span><\/p>\n<p><span lang=\"ES\">Actividades investigativas dan cuenta que los menores de edad fueron atacados por dos hombres que se movilizaban en motocicleta, mientras se encontraban con otras personas.\u00a0 La polic\u00eda judicial logr\u00f3 establecer que<\/span>\u00a0Hern\u00e1ndez Mesa, de 25 a\u00f1os,\u00a0 ser\u00eda\u00a0 el conductor del rodante y que el adolescente, al parecer, fue quien accion\u00f3 el arma de fuego en varias oportunidades.<\/p>\n<p>Producto de las lesiones recibidas en al cabeza, las victimas fallecieron d\u00edas despu\u00e9s en un centro asistencial de la capital del Huila.<\/p>\n<p><span lang=\"ES\">Durante las audiencias de rigor el adulto\u00a0no acept\u00f3 los cargos enrostrados por el delegado fiscal que lidera la investigaci\u00f3n y fue afectado con medida de aseguramiento en centro carcelario.<\/span><\/p>\n<p><span lang=\"ES\">Al adolescente, quien se encuentra cumpliendo<\/span>\u00a0medida de internamiento preventivo en centro especial, por otros hechos, en los pr\u00f3ximos d\u00edas se le imputar\u00e1n cargos por los punibles de homicidio agravado en concurso homog\u00e9neo y sucesivo y porte ilegal de armas de fuego de defensa personal.<\/p>\n<p><b><u><span lang=\"ES\">La Fiscal\u00eda habla con resultados.<\/span><\/u><\/b><\/p>\n<p>&nbsp;<\/p>\n<p>&nbsp;<\/p>\n<p>&nbsp;<\/p>\n<p>&nbsp;<\/p>\n<p>&nbsp;<\/p>\n<p>&nbsp;<\/p>\n<p><span lang=\"ES\">PAAM\/LFML\/OH\/HP\/DFHI\/DSH<\/span><\/p>\n<p>&nbsp;<\/p>\n<p>&nbsp;<\/p>\n<p>&nbsp;<\/p>\n<p>&nbsp;<\/p>\n<div class=\"td-post-content tagdiv-type\">\n<div class=\"td-post-content tagdiv-type\">\n<div class=\"td-post-content tagdiv-type\">\n<div class=\"td-post-content tagdiv-type\">\n<p><em>La informaci\u00f3n contenida en este bolet\u00edn de prensa corresponde a la narraci\u00f3n de los hechos noticiosos objetivos, suministrados por los funcionarios encargados de adelantar las investigaciones penales al interior de la Fiscal\u00eda General de la Naci\u00f3n. Para el momento de la divulgaci\u00f3n de este comunicado, la situaci\u00f3n jur\u00eddica de la(s) persona(s) relacionada(s) se encuentra pendiente de resolver por la autoridad judicial competente, siempre bajo los preceptos de la presunci\u00f3n de inocencia, consagrados en el art\u00edculo 29 de la Constituci\u00f3n Pol\u00edtica y el art\u00edculo 7\u00ba de la Ley 906 de 2004.<\/em><\/p>\n<\/div>\n<\/div>\n<\/div>\n<\/div>\n<footer><\/footer>\n<p>&nbsp;<\/p>\n\n<div class=\"twitter-share\"><a href=\"https:\/\/twitter.com\/intent\/tweet?via=fiscaliacol\" class=\"twitter-share-button\">Tweet<\/a><\/div>\n","protected":false},"excerpt":{"rendered":"<p>Uno de los procesados es un\u00a0 adolescente de 17 a\u00f1os. La Fiscal\u00eda General de la Naci\u00f3n con su polic\u00eda judicial del CTI, en un trabajo articulado con la Polic\u00eda Nacional, logr\u00f3 la captura de Brandon Camilo Hern\u00e1ndez Mesa, investigado por los delitos de\u00a0 homicidio agravado, porte ilegal de armas de fuego de defensa personal\u00a0agravado y [&hellip;]<\/p>\n","protected":false},"author":177,"featured_media":0,"comment_status":"closed","ping_status":"open","sticky":false,"template":"","format":"video","meta":{"_price":"","_stock":"","_tribe_ticket_header":"","_tribe_default_ticket_provider":"","_tribe_ticket_capacity":"0","_ticket_start_date":"","_ticket_end_date":"","_tribe_ticket_show_description":"","_tribe_ticket_show_not_going":false,"_tribe_ticket_use_global_stock":"","_tribe_ticket_global_stock_level":"","_global_stock_mode":"","_global_stock_cap":"","_tribe_rsvp_for_event":"","_tribe_ticket_going_count":"","_tribe_ticket_not_going_count":"","_tribe_tickets_list":"[]","_tribe_ticket_has_attendee_info_fields":false,"tdm_status":"","tdm_grid_status":"","footnotes":""},"categories":[1,333,303,24099],"tags":[45,25842,1047,686,16,1628,23833,31720,558,7061,24485,30239,5448,24233],"class_list":{"0":"post-275547","1":"post","2":"type-post","3":"status-publish","4":"format-video","6":"category-noticias","7":"category-seccional-neiva","8":"category-seccionales","9":"category-seguridad-territorial","10":"tag-cti","11":"tag-delitos-contra-la-vida","12":"tag-fiscalia-general-de-la-nacion","13":"tag-homicidio-agravado","14":"tag-huila","15":"tag-menores-de-edad","16":"tag-neiva","17":"tag-neiva-huila","18":"tag-policia-nacional","19":"tag-porte-de-armas-de-fuego","20":"tag-seccional-huila","21":"tag-seguridad-territorial","22":"tag-sicariato","23":"tag-uso-de-menores","24":"post_format-post-format-video"},"yoast_head":"<!-- This site is optimized with the Yoast SEO plugin v24.3 - https:\/\/yoast.com\/wordpress\/plugins\/seo\/ -->\n<title>Fiscal\u00eda General de la Naci\u00f3n<\/title>\n<meta name=\"description\" content=\"P\u00e1gina oficial de la Fiscal\u00eda General de la Naci\u00f3n \u2013 Colombia. Garantizamos el acceso efectivo a la justicia, la verdad y la reparaci\u00f3n de las v\u00edctimas de los delitos.\" \/>\n<meta name=\"robots\" content=\"noindex, follow\" \/>\n<meta property=\"og:locale\" content=\"es_ES\" \/>\n<meta property=\"og:type\" content=\"article\" \/>\n<meta property=\"og:title\" content=\"Fiscal\u00eda General de la Naci\u00f3n\" \/>\n<meta property=\"og:description\" content=\"P\u00e1gina oficial de la Fiscal\u00eda General de la Naci\u00f3n \u2013 Colombia. Garantizamos el acceso efectivo a la justicia, la verdad y la reparaci\u00f3n de las v\u00edctimas de los delitos.\" \/>\n<meta property=\"og:url\" content=\"https:\/\/www.fiscalia.gov.co\/colombia\/noticias\/judicializados-dos-presuntos-implicados-en-el-homicidio-de-dos-menores-de-edad-en-neiva-huila\/\" \/>\n<meta property=\"og:site_name\" content=\"Fiscal\u00eda General de la Naci\u00f3n\" \/>\n<meta property=\"article:publisher\" content=\"https:\/\/www.facebook.com\/FiscaliaCol\" \/>\n<meta property=\"article:published_time\" content=\"2023-07-24T20:03:03+00:00\" \/>\n<meta property=\"article:modified_time\" content=\"2023-08-04T17:42:19+00:00\" \/>\n<meta property=\"og:image\" content=\"https:\/\/www.fiscalia.gov.co\/colombia\/wp-content\/uploads\/capturado-por-homicidio-de-menores-Huila-1024x772.jpeg\" \/>\n<meta name=\"author\" content=\"Jordan Leandro Oviedo Anzola\" \/>\n<meta name=\"twitter:card\" content=\"summary_large_image\" \/>\n<meta name=\"twitter:creator\" content=\"@FiscaliaCol\" \/>\n<meta name=\"twitter:site\" content=\"@FiscaliaCol\" \/>\n<meta name=\"twitter:label1\" content=\"Escrito por\" \/>\n\t<meta name=\"twitter:data1\" content=\"Jordan Leandro Oviedo Anzola\" \/>\n\t<meta name=\"twitter:label2\" content=\"Tiempo de lectura\" \/>\n\t<meta name=\"twitter:data2\" content=\"2 minutos\" \/>\n<script type=\"application\/ld+json\" class=\"yoast-schema-graph\">{\"@context\":\"https:\/\/schema.org\",\"@graph\":[{\"@type\":\"Article\",\"@id\":\"https:\/\/www.fiscalia.gov.co\/colombia\/noticias\/judicializados-dos-presuntos-implicados-en-el-homicidio-de-dos-menores-de-edad-en-neiva-huila\/#article\",\"isPartOf\":{\"@id\":\"https:\/\/www.fiscalia.gov.co\/colombia\/noticias\/judicializados-dos-presuntos-implicados-en-el-homicidio-de-dos-menores-de-edad-en-neiva-huila\/\"},\"author\":{\"name\":\"Jordan Leandro Oviedo Anzola\",\"@id\":\"https:\/\/www.fiscalia.gov.co\/colombia\/#\/schema\/person\/bf84402cf293a5393e9c70b111020b24\"},\"headline\":\"Judicializados dos presuntos implicados en el homicidio de dos menores de edad en Neiva (Huila)\",\"datePublished\":\"2023-07-24T20:03:03+00:00\",\"dateModified\":\"2023-08-04T17:42:19+00:00\",\"mainEntityOfPage\":{\"@id\":\"https:\/\/www.fiscalia.gov.co\/colombia\/noticias\/judicializados-dos-presuntos-implicados-en-el-homicidio-de-dos-menores-de-edad-en-neiva-huila\/\"},\"wordCount\":449,\"publisher\":{\"@id\":\"https:\/\/www.fiscalia.gov.co\/colombia\/#organization\"},\"image\":{\"@id\":\"https:\/\/www.fiscalia.gov.co\/colombia\/noticias\/judicializados-dos-presuntos-implicados-en-el-homicidio-de-dos-menores-de-edad-en-neiva-huila\/#primaryimage\"},\"thumbnailUrl\":\"https:\/\/www.fiscalia.gov.co\/colombia\/wp-content\/uploads\/capturado-por-homicidio-de-menores-Huila-1024x772.jpeg\",\"keywords\":[\"CTI\",\"delitos contra la vida\",\"Fiscal\u00eda General de la Naci\u00f3n\",\"Homicidio agravado\",\"Huila\",\"Menores de edad\",\"Neiva\",\"Neiva (Huila)\",\"Polic\u00eda Nacional\",\"Porte de armas de fuego\",\"Seccional Huila\",\"Seguridad territorial\",\"Sicariato\",\"uso de menores\"],\"articleSection\":[\"Noticias\",\"Seccional Neiva\",\"Seccionales\",\"Seguridad territorial\"],\"inLanguage\":\"es-CO\"},{\"@type\":\"WebPage\",\"@id\":\"https:\/\/www.fiscalia.gov.co\/colombia\/noticias\/judicializados-dos-presuntos-implicados-en-el-homicidio-de-dos-menores-de-edad-en-neiva-huila\/\",\"url\":\"https:\/\/www.fiscalia.gov.co\/colombia\/noticias\/judicializados-dos-presuntos-implicados-en-el-homicidio-de-dos-menores-de-edad-en-neiva-huila\/\",\"name\":\"Fiscal\u00eda General de la Naci\u00f3n\",\"isPartOf\":{\"@id\":\"https:\/\/www.fiscalia.gov.co\/colombia\/#website\"},\"primaryImageOfPage\":{\"@id\":\"https:\/\/www.fiscalia.gov.co\/colombia\/noticias\/judicializados-dos-presuntos-implicados-en-el-homicidio-de-dos-menores-de-edad-en-neiva-huila\/#primaryimage\"},\"image\":{\"@id\":\"https:\/\/www.fiscalia.gov.co\/colombia\/noticias\/judicializados-dos-presuntos-implicados-en-el-homicidio-de-dos-menores-de-edad-en-neiva-huila\/#primaryimage\"},\"thumbnailUrl\":\"https:\/\/www.fiscalia.gov.co\/colombia\/wp-content\/uploads\/capturado-por-homicidio-de-menores-Huila-1024x772.jpeg\",\"datePublished\":\"2023-07-24T20:03:03+00:00\",\"dateModified\":\"2023-08-04T17:42:19+00:00\",\"description\":\"P\u00e1gina oficial de la Fiscal\u00eda General de la Naci\u00f3n \u2013 Colombia. Garantizamos el acceso efectivo a la justicia, la verdad y la reparaci\u00f3n de las v\u00edctimas de los delitos.\",\"breadcrumb\":{\"@id\":\"https:\/\/www.fiscalia.gov.co\/colombia\/noticias\/judicializados-dos-presuntos-implicados-en-el-homicidio-de-dos-menores-de-edad-en-neiva-huila\/#breadcrumb\"},\"inLanguage\":\"es-CO\",\"potentialAction\":[{\"@type\":\"ReadAction\",\"target\":[\"https:\/\/www.fiscalia.gov.co\/colombia\/noticias\/judicializados-dos-presuntos-implicados-en-el-homicidio-de-dos-menores-de-edad-en-neiva-huila\/\"]}]},{\"@type\":\"ImageObject\",\"inLanguage\":\"es-CO\",\"@id\":\"https:\/\/www.fiscalia.gov.co\/colombia\/noticias\/judicializados-dos-presuntos-implicados-en-el-homicidio-de-dos-menores-de-edad-en-neiva-huila\/#primaryimage\",\"url\":\"https:\/\/www.fiscalia.gov.co\/colombia\/wp-content\/uploads\/capturado-por-homicidio-de-menores-Huila-1024x772.jpeg\",\"contentUrl\":\"https:\/\/www.fiscalia.gov.co\/colombia\/wp-content\/uploads\/capturado-por-homicidio-de-menores-Huila-1024x772.jpeg\"},{\"@type\":\"BreadcrumbList\",\"@id\":\"https:\/\/www.fiscalia.gov.co\/colombia\/noticias\/judicializados-dos-presuntos-implicados-en-el-homicidio-de-dos-menores-de-edad-en-neiva-huila\/#breadcrumb\",\"itemListElement\":[{\"@type\":\"ListItem\",\"position\":1,\"name\":\"Home\",\"item\":\"https:\/\/www.fiscalia.gov.co\/colombia\/\"},{\"@type\":\"ListItem\",\"position\":2,\"name\":\"Judicializados dos presuntos implicados en el homicidio de dos menores de edad en Neiva (Huila)\"}]},{\"@type\":\"WebSite\",\"@id\":\"https:\/\/www.fiscalia.gov.co\/colombia\/#website\",\"url\":\"https:\/\/www.fiscalia.gov.co\/colombia\/\",\"name\":\"Fiscal\u00eda General de la Naci\u00f3n\",\"description\":\"P\u00e1gina oficial de la Fiscal\u00eda General de la Naci\u00f3n \u2013 Colombia. Garantizamos el acceso efectivo a la justicia, la verdad y la reparaci\u00f3n de las v\u00edctimas de los delitos.\",\"publisher\":{\"@id\":\"https:\/\/www.fiscalia.gov.co\/colombia\/#organization\"},\"potentialAction\":[{\"@type\":\"SearchAction\",\"target\":{\"@type\":\"EntryPoint\",\"urlTemplate\":\"https:\/\/www.fiscalia.gov.co\/colombia\/?s={search_term_string}\"},\"query-input\":{\"@type\":\"PropertyValueSpecification\",\"valueRequired\":true,\"valueName\":\"search_term_string\"}}],\"inLanguage\":\"es-CO\"},{\"@type\":\"Organization\",\"@id\":\"https:\/\/www.fiscalia.gov.co\/colombia\/#organization\",\"name\":\"Fiscal\u00eda General de la Naci\u00f3n\",\"url\":\"https:\/\/www.fiscalia.gov.co\/colombia\/\",\"logo\":{\"@type\":\"ImageObject\",\"inLanguage\":\"es-CO\",\"@id\":\"https:\/\/www.fiscalia.gov.co\/colombia\/#\/schema\/logo\/image\/\",\"url\":\"https:\/\/www.fiscalia.gov.co\/colombia\/wp-content\/uploads\/LogoHorizontal_1.jpg\",\"contentUrl\":\"https:\/\/www.fiscalia.gov.co\/colombia\/wp-content\/uploads\/LogoHorizontal_1.jpg\",\"width\":300,\"height\":90,\"caption\":\"Fiscal\u00eda General de la Naci\u00f3n\"},\"image\":{\"@id\":\"https:\/\/www.fiscalia.gov.co\/colombia\/#\/schema\/logo\/image\/\"},\"sameAs\":[\"https:\/\/www.facebook.com\/FiscaliaCol\",\"https:\/\/x.com\/FiscaliaCol\",\"https:\/\/www.instagram.com\/fiscaliacol\",\"https:\/\/www.linkedin.com\/company\/fiscalia-general-de-la-naci-n\/\",\"https:\/\/youtube.com\/@fiscaliageneraldelanacion-4668?si=6nN79nyQICPU5iTh\"]},{\"@type\":\"Person\",\"@id\":\"https:\/\/www.fiscalia.gov.co\/colombia\/#\/schema\/person\/bf84402cf293a5393e9c70b111020b24\",\"name\":\"Jordan Leandro Oviedo Anzola\",\"image\":{\"@type\":\"ImageObject\",\"inLanguage\":\"es-CO\",\"@id\":\"https:\/\/www.fiscalia.gov.co\/colombia\/#\/schema\/person\/image\/\",\"url\":\"https:\/\/secure.gravatar.com\/avatar\/dabba4346fa9b9207d96adafa8f92721?s=96&d=mm&r=g\",\"contentUrl\":\"https:\/\/secure.gravatar.com\/avatar\/dabba4346fa9b9207d96adafa8f92721?s=96&d=mm&r=g\",\"caption\":\"Jordan Leandro Oviedo Anzola\"},\"url\":\"https:\/\/www.fiscalia.gov.co\/colombia\/author\/joviedo\/\"}]}<\/script>\n<!-- \/ Yoast SEO plugin. -->","yoast_head_json":{"title":"Fiscal\u00eda General de la Naci\u00f3n","description":"P\u00e1gina oficial de la Fiscal\u00eda General de la Naci\u00f3n \u2013 Colombia. Garantizamos el acceso efectivo a la justicia, la verdad y la reparaci\u00f3n de las v\u00edctimas de los delitos.","robots":{"index":"noindex","follow":"follow"},"og_locale":"es_ES","og_type":"article","og_title":"Fiscal\u00eda General de la Naci\u00f3n","og_description":"P\u00e1gina oficial de la Fiscal\u00eda General de la Naci\u00f3n \u2013 Colombia. Garantizamos el acceso efectivo a la justicia, la verdad y la reparaci\u00f3n de las v\u00edctimas de los delitos.","og_url":"https:\/\/www.fiscalia.gov.co\/colombia\/noticias\/judicializados-dos-presuntos-implicados-en-el-homicidio-de-dos-menores-de-edad-en-neiva-huila\/","og_site_name":"Fiscal\u00eda General de la Naci\u00f3n","article_publisher":"https:\/\/www.facebook.com\/FiscaliaCol","article_published_time":"2023-07-24T20:03:03+00:00","article_modified_time":"2023-08-04T17:42:19+00:00","og_image":[{"url":"https:\/\/www.fiscalia.gov.co\/colombia\/wp-content\/uploads\/capturado-por-homicidio-de-menores-Huila-1024x772.jpeg","type":"","width":"","height":""}],"author":"Jordan Leandro Oviedo Anzola","twitter_card":"summary_large_image","twitter_creator":"@FiscaliaCol","twitter_site":"@FiscaliaCol","twitter_misc":{"Escrito por":"Jordan Leandro Oviedo Anzola","Tiempo de lectura":"2 minutos"},"schema":{"@context":"https:\/\/schema.org","@graph":[{"@type":"Article","@id":"https:\/\/www.fiscalia.gov.co\/colombia\/noticias\/judicializados-dos-presuntos-implicados-en-el-homicidio-de-dos-menores-de-edad-en-neiva-huila\/#article","isPartOf":{"@id":"https:\/\/www.fiscalia.gov.co\/colombia\/noticias\/judicializados-dos-presuntos-implicados-en-el-homicidio-de-dos-menores-de-edad-en-neiva-huila\/"},"author":{"name":"Jordan Leandro Oviedo Anzola","@id":"https:\/\/www.fiscalia.gov.co\/colombia\/#\/schema\/person\/bf84402cf293a5393e9c70b111020b24"},"headline":"Judicializados dos presuntos implicados en el homicidio de dos menores de edad en Neiva (Huila)","datePublished":"2023-07-24T20:03:03+00:00","dateModified":"2023-08-04T17:42:19+00:00","mainEntityOfPage":{"@id":"https:\/\/www.fiscalia.gov.co\/colombia\/noticias\/judicializados-dos-presuntos-implicados-en-el-homicidio-de-dos-menores-de-edad-en-neiva-huila\/"},"wordCount":449,"publisher":{"@id":"https:\/\/www.fiscalia.gov.co\/colombia\/#organization"},"image":{"@id":"https:\/\/www.fiscalia.gov.co\/colombia\/noticias\/judicializados-dos-presuntos-implicados-en-el-homicidio-de-dos-menores-de-edad-en-neiva-huila\/#primaryimage"},"thumbnailUrl":"https:\/\/www.fiscalia.gov.co\/colombia\/wp-content\/uploads\/capturado-por-homicidio-de-menores-Huila-1024x772.jpeg","keywords":["CTI","delitos contra la vida","Fiscal\u00eda General de la Naci\u00f3n","Homicidio agravado","Huila","Menores de edad","Neiva","Neiva (Huila)","Polic\u00eda Nacional","Porte de armas de fuego","Seccional Huila","Seguridad territorial","Sicariato","uso de menores"],"articleSection":["Noticias","Seccional Neiva","Seccionales","Seguridad territorial"],"inLanguage":"es-CO"},{"@type":"WebPage","@id":"https:\/\/www.fiscalia.gov.co\/colombia\/noticias\/judicializados-dos-presuntos-implicados-en-el-homicidio-de-dos-menores-de-edad-en-neiva-huila\/","url":"https:\/\/www.fiscalia.gov.co\/colombia\/noticias\/judicializados-dos-presuntos-implicados-en-el-homicidio-de-dos-menores-de-edad-en-neiva-huila\/","name":"Fiscal\u00eda General de la Naci\u00f3n","isPartOf":{"@id":"https:\/\/www.fiscalia.gov.co\/colombia\/#website"},"primaryImageOfPage":{"@id":"https:\/\/www.fiscalia.gov.co\/colombia\/noticias\/judicializados-dos-presuntos-implicados-en-el-homicidio-de-dos-menores-de-edad-en-neiva-huila\/#primaryimage"},"image":{"@id":"https:\/\/www.fiscalia.gov.co\/colombia\/noticias\/judicializados-dos-presuntos-implicados-en-el-homicidio-de-dos-menores-de-edad-en-neiva-huila\/#primaryimage"},"thumbnailUrl":"https:\/\/www.fiscalia.gov.co\/colombia\/wp-content\/uploads\/capturado-por-homicidio-de-menores-Huila-1024x772.jpeg","datePublished":"2023-07-24T20:03:03+00:00","dateModified":"2023-08-04T17:42:19+00:00","description":"P\u00e1gina oficial de la Fiscal\u00eda General de la Naci\u00f3n \u2013 Colombia. Garantizamos el acceso efectivo a la justicia, la verdad y la reparaci\u00f3n de las v\u00edctimas de los delitos.","breadcrumb":{"@id":"https:\/\/www.fiscalia.gov.co\/colombia\/noticias\/judicializados-dos-presuntos-implicados-en-el-homicidio-de-dos-menores-de-edad-en-neiva-huila\/#breadcrumb"},"inLanguage":"es-CO","potentialAction":[{"@type":"ReadAction","target":["https:\/\/www.fiscalia.gov.co\/colombia\/noticias\/judicializados-dos-presuntos-implicados-en-el-homicidio-de-dos-menores-de-edad-en-neiva-huila\/"]}]},{"@type":"ImageObject","inLanguage":"es-CO","@id":"https:\/\/www.fiscalia.gov.co\/colombia\/noticias\/judicializados-dos-presuntos-implicados-en-el-homicidio-de-dos-menores-de-edad-en-neiva-huila\/#primaryimage","url":"https:\/\/www.fiscalia.gov.co\/colombia\/wp-content\/uploads\/capturado-por-homicidio-de-menores-Huila-1024x772.jpeg","contentUrl":"https:\/\/www.fiscalia.gov.co\/colombia\/wp-content\/uploads\/capturado-por-homicidio-de-menores-Huila-1024x772.jpeg"},{"@type":"BreadcrumbList","@id":"https:\/\/www.fiscalia.gov.co\/colombia\/noticias\/judicializados-dos-presuntos-implicados-en-el-homicidio-de-dos-menores-de-edad-en-neiva-huila\/#breadcrumb","itemListElement":[{"@type":"ListItem","position":1,"name":"Home","item":"https:\/\/www.fiscalia.gov.co\/colombia\/"},{"@type":"ListItem","position":2,"name":"Judicializados dos presuntos implicados en el homicidio de dos menores de edad en Neiva (Huila)"}]},{"@type":"WebSite","@id":"https:\/\/www.fiscalia.gov.co\/colombia\/#website","url":"https:\/\/www.fiscalia.gov.co\/colombia\/","name":"Fiscal\u00eda General de la Naci\u00f3n","description":"P\u00e1gina oficial de la Fiscal\u00eda General de la Naci\u00f3n \u2013 Colombia. Garantizamos el acceso efectivo a la justicia, la verdad y la reparaci\u00f3n de las v\u00edctimas de los delitos.","publisher":{"@id":"https:\/\/www.fiscalia.gov.co\/colombia\/#organization"},"potentialAction":[{"@type":"SearchAction","target":{"@type":"EntryPoint","urlTemplate":"https:\/\/www.fiscalia.gov.co\/colombia\/?s={search_term_string}"},"query-input":{"@type":"PropertyValueSpecification","valueRequired":true,"valueName":"search_term_string"}}],"inLanguage":"es-CO"},{"@type":"Organization","@id":"https:\/\/www.fiscalia.gov.co\/colombia\/#organization","name":"Fiscal\u00eda General de la Naci\u00f3n","url":"https:\/\/www.fiscalia.gov.co\/colombia\/","logo":{"@type":"ImageObject","inLanguage":"es-CO","@id":"https:\/\/www.fiscalia.gov.co\/colombia\/#\/schema\/logo\/image\/","url":"https:\/\/www.fiscalia.gov.co\/colombia\/wp-content\/uploads\/LogoHorizontal_1.jpg","contentUrl":"https:\/\/www.fiscalia.gov.co\/colombia\/wp-content\/uploads\/LogoHorizontal_1.jpg","width":300,"height":90,"caption":"Fiscal\u00eda General de la Naci\u00f3n"},"image":{"@id":"https:\/\/www.fiscalia.gov.co\/colombia\/#\/schema\/logo\/image\/"},"sameAs":["https:\/\/www.facebook.com\/FiscaliaCol","https:\/\/x.com\/FiscaliaCol","https:\/\/www.instagram.com\/fiscaliacol","https:\/\/www.linkedin.com\/company\/fiscalia-general-de-la-naci-n\/","https:\/\/youtube.com\/@fiscaliageneraldelanacion-4668?si=6nN79nyQICPU5iTh"]},{"@type":"Person","@id":"https:\/\/www.fiscalia.gov.co\/colombia\/#\/schema\/person\/bf84402cf293a5393e9c70b111020b24","name":"Jordan Leandro Oviedo Anzola","image":{"@type":"ImageObject","inLanguage":"es-CO","@id":"https:\/\/www.fiscalia.gov.co\/colombia\/#\/schema\/person\/image\/","url":"https:\/\/secure.gravatar.com\/avatar\/dabba4346fa9b9207d96adafa8f92721?s=96&d=mm&r=g","contentUrl":"https:\/\/secure.gravatar.com\/avatar\/dabba4346fa9b9207d96adafa8f92721?s=96&d=mm&r=g","caption":"Jordan Leandro Oviedo Anzola"},"url":"https:\/\/www.fiscalia.gov.co\/colombia\/author\/joviedo\/"}]}},"_links":{"self":[{"href":"https:\/\/www.fiscalia.gov.co\/colombia\/wp-json\/wp\/v2\/posts\/275547","targetHints":{"allow":["GET"]}}],"collection":[{"href":"https:\/\/www.fiscalia.gov.co\/colombia\/wp-json\/wp\/v2\/posts"}],"about":[{"href":"https:\/\/www.fiscalia.gov.co\/colombia\/wp-json\/wp\/v2\/types\/post"}],"author":[{"embeddable":true,"href":"https:\/\/www.fiscalia.gov.co\/colombia\/wp-json\/wp\/v2\/users\/177"}],"replies":[{"embeddable":true,"href":"https:\/\/www.fiscalia.gov.co\/colombia\/wp-json\/wp\/v2\/comments?post=275547"}],"version-history":[{"count":2,"href":"https:\/\/www.fiscalia.gov.co\/colombia\/wp-json\/wp\/v2\/posts\/275547\/revisions"}],"predecessor-version":[{"id":276316,"href":"https:\/\/www.fiscalia.gov.co\/colombia\/wp-json\/wp\/v2\/posts\/275547\/revisions\/276316"}],"wp:attachment":[{"href":"https:\/\/www.fiscalia.gov.co\/colombia\/wp-json\/wp\/v2\/media?parent=275547"}],"wp:term":[{"taxonomy":"category","embeddable":true,"href":"https:\/\/www.fiscalia.gov.co\/colombia\/wp-json\/wp\/v2\/categories?post=275547"},{"taxonomy":"post_tag","embeddable":true,"href":"https:\/\/www.fiscalia.gov.co\/colombia\/wp-json\/wp\/v2\/tags?post=275547"}],"curies":[{"name":"wp","href":"https:\/\/api.w.org\/{rel}","templated":true}]}}