{"id":275369,"date":"2023-07-19T11:07:06","date_gmt":"2023-07-19T16:07:06","guid":{"rendered":"https:\/\/www.fiscalia.gov.co\/colombia\/?p=275369"},"modified":"2023-07-27T12:27:42","modified_gmt":"2023-07-27T17:27:42","slug":"carcel-para-presuntos-integrantes-del-eln-que-estarian-involucrados-en-el-secuestro-de-un-funcionario-de-la-personeria-de-cali","status":"publish","type":"post","link":"https:\/\/www.fiscalia.gov.co\/colombia\/noticias\/carcel-para-presuntos-integrantes-del-eln-que-estarian-involucrados-en-el-secuestro-de-un-funcionario-de-la-personeria-de-cali\/","title":{"rendered":"C\u00e1rcel para presuntos integrantes del ELN que estar\u00edan involucrados en el secuestro de un funcionario de la personer\u00eda de Cali"},"content":{"rendered":"<h4><strong><em>La v\u00edctima fue <\/em><em>interceptados por<\/em><em> hombres armados y llevada a un lugar donde permaneci\u00f3 en cautiverio durante 37 d\u00edas. Por su liberaci\u00f3n exig\u00edan 1.000 millones de pesos.<\/em><\/strong><\/h4>\n<p>La Fiscal\u00eda General de\u00a0la Naci\u00f3n present\u00f3 ante un juez de control de garant\u00edas a cinco presuntos integrantes\u00a0de la estructura Omar Salgado del frente Ernesto &#8216;Che&#8217; Guevara del ELN, que habr\u00edan participado en el secuestro de un funcionario de la Personer\u00eda de Cali (Valle del Cauca).<\/p>\n<p>Se trata de\u00a0Efr\u00e9n Castillo Mosquera, alias Juancho; Jair Micolta Caicedo, alias Tayson; Jos\u00e9 Iver Silva Sol\u00eds, alias Primo; Raymer Rafael Navas Zanoja, alias Raimer; y Ricardo Jos\u00e9 Cardona Gasca, alias Vitamina. Estas personas, al parecer, hicieron parte del grupo armado que intercept\u00f3 a la v\u00edctima el pasado 10 de junio en Restrepo (Valle del Cauca), y se lo llev\u00f3 en contra de su voluntad.<\/p>\n<p>Los elementos de prueba dan cuenta de que el ELN exigi\u00f3 a los familiares de la v\u00edctima 1.000 millones de pesos para dejarla en libertad. Finalmente, el reciente 17 de julio, luego de 37 d\u00edas de encierro, la dejaron libre.<\/p>\n<figure id=\"attachment_275372\" aria-describedby=\"caption-attachment-275372\" style=\"width: 389px\" class=\"wp-caption aligncenter\"><img loading=\"lazy\" decoding=\"async\" class=\" wp-image-275372\" src=\"https:\/\/www.fiscalia.gov.co\/colombia\/wp-content\/uploads\/WhatsApp-Image-2023-07-19-at-11.10.37-AM-300x169.jpeg\" alt=\"En la foto hay cuatro de los cinco capturados con las manos hacia atr\u00e1s custodiados por uniformados del Ej\u00e9rcito Nacional y Polic\u00eda Nacional. \" width=\"389\" height=\"219\" srcset=\"https:\/\/www.fiscalia.gov.co\/colombia\/wp-content\/uploads\/WhatsApp-Image-2023-07-19-at-11.10.37-AM-300x169.jpeg 300w, https:\/\/www.fiscalia.gov.co\/colombia\/wp-content\/uploads\/WhatsApp-Image-2023-07-19-at-11.10.37-AM-1024x576.jpeg 1024w, https:\/\/www.fiscalia.gov.co\/colombia\/wp-content\/uploads\/WhatsApp-Image-2023-07-19-at-11.10.37-AM-768x432.jpeg 768w, https:\/\/www.fiscalia.gov.co\/colombia\/wp-content\/uploads\/WhatsApp-Image-2023-07-19-at-11.10.37-AM-1536x864.jpeg 1536w, https:\/\/www.fiscalia.gov.co\/colombia\/wp-content\/uploads\/WhatsApp-Image-2023-07-19-at-11.10.37-AM-696x392.jpeg 696w, https:\/\/www.fiscalia.gov.co\/colombia\/wp-content\/uploads\/WhatsApp-Image-2023-07-19-at-11.10.37-AM-1068x601.jpeg 1068w, https:\/\/www.fiscalia.gov.co\/colombia\/wp-content\/uploads\/WhatsApp-Image-2023-07-19-at-11.10.37-AM-747x420.jpeg 747w, https:\/\/www.fiscalia.gov.co\/colombia\/wp-content\/uploads\/WhatsApp-Image-2023-07-19-at-11.10.37-AM.jpeg 1600w\" sizes=\"auto, (max-width: 389px) 100vw, 389px\" \/><figcaption id=\"caption-attachment-275372\" class=\"wp-caption-text\">Captura de cinco presuntos integrantes de la estructura Omar Salgado del frente Ernesto &#8216;Che&#8217; Guevara del ELN, que habr\u00edan participado en el secuestro de un funcionario de la Personer\u00eda de Cali (Valle del Cauca).<\/figcaption><\/figure>\n<p>La labor investigativa de la Fiscal\u00eda, y el trabajo conjunto con la fuerza p\u00fablica, permiti\u00f3 identificar a los se\u00f1alados responsables de la acci\u00f3n criminal. En ese sentido, fueron capturados en diligencias de registro y allanamiento realizadas en Cali, Calima \u2013 Dari\u00e9n y Buenaventura (Valle del Cauca).<\/p>\n<p>Un fiscal de la\u00a0Estructura de Apoyo de la Seccional Valle del Cauca les\u00a0imput\u00f3, de acuerdo con el posible rol il\u00edcito que ejercieron, los delitos de secuestro extorsivo, rebeli\u00f3n; y fabricaci\u00f3n, tr\u00e1fico, porte o tenencia de armas de fuego, accesorios, partes o municiones. Los investigados no aceptaron los cargos y deber\u00e1n cumplir medida de aseguramiento privativa de la libertad en centro carcelario.<\/p>\n<p>Esta informaci\u00f3n se publica por razones de inter\u00e9s general.<\/p>\n<p><strong><u>La Fiscal\u00eda habla con resultados.<\/u><\/strong><\/p>\n<p>&nbsp;<\/p>\n<p>&nbsp;<\/p>\n<p>&nbsp;<\/p>\n<p>MAP\/DHS\/DSVC\/JARG<\/p>\n<p>&nbsp;<\/p>\n<p>&nbsp;<\/p>\n<p>&nbsp;<\/p>\n<p><i>La informaci\u00f3n contenida en este bolet\u00edn de prensa corresponde a la narraci\u00f3n de los hechos noticiosos objetivos, suministrados por los funcionarios encargados de adelantar las investigaciones penales al interior de la Fiscal\u00eda General de la Naci\u00f3n. Para el momento de la divulgaci\u00f3n de este comunicado, la situaci\u00f3n jur\u00eddica de la(s) persona(s) relacionada(s) se encuentra pendiente de resolver por la autoridad judicial competente, siempre bajo los preceptos de la presunci\u00f3n de inocencia, consagrados en el art\u00edculo 29 de la Constituci\u00f3n Pol\u00edtica y el art\u00edculo 7\u00ba de la Ley 906 de 2004.<\/i><\/p>\n\n<div class=\"twitter-share\"><a href=\"https:\/\/twitter.com\/intent\/tweet?via=fiscaliacol\" class=\"twitter-share-button\">Tweet<\/a><\/div>\n","protected":false},"excerpt":{"rendered":"<p>La v\u00edctima fue interceptados por hombres armados y llevada a un lugar donde permaneci\u00f3 en cautiverio durante 37 d\u00edas. Por su liberaci\u00f3n exig\u00edan 1.000 millones de pesos. La Fiscal\u00eda General [&hellip;]<\/p>\n","protected":false},"author":178,"featured_media":0,"comment_status":"closed","ping_status":"open","sticky":false,"template":"","format":"video","meta":{"tdm_status":"","tdm_grid_status":"","footnotes":""},"categories":[1,324,303,24099],"tags":[8010,24551,35177,35176,762,78,24187,1185,24549,24584,32911,29437,35175],"class_list":["post-275369","post","type-post","status-publish","format-video","category-noticias","category-seccional-cali","category-seccionales","category-seguridad-territorial","tag-capturados","tag-centro-carcelario","tag-che-guevara","tag-compania-omar-silgado","tag-eln","tag-fiscal-general-de-la-nacion","tag-fiscalia-colombia","tag-medida-de-aseguramiento","tag-orden-judicial","tag-privativa-de-la-libertad","tag-restrepo-valle-del-cauca","tag-seccional-valle-del-cauca","tag-secuestro-extorsivo-y-rebelion","post_format-post-format-video"],"yoast_head":"<!-- This site is optimized with the Yoast SEO plugin v24.3 - https:\/\/yoast.com\/wordpress\/plugins\/seo\/ -->\n<title>Fiscal\u00eda General de la Naci\u00f3n<\/title>\n<meta name=\"description\" content=\"P\u00e1gina oficial de la Fiscal\u00eda General de la Naci\u00f3n \u2013 Colombia. Garantizamos el acceso efectivo a la justicia, la verdad y la reparaci\u00f3n de las v\u00edctimas de los delitos.\" \/>\n<meta name=\"robots\" content=\"noindex, follow\" \/>\n<meta property=\"og:locale\" content=\"es_ES\" \/>\n<meta property=\"og:type\" content=\"article\" \/>\n<meta property=\"og:title\" content=\"Fiscal\u00eda General de la Naci\u00f3n\" \/>\n<meta property=\"og:description\" content=\"P\u00e1gina oficial de la Fiscal\u00eda General de la Naci\u00f3n \u2013 Colombia. Garantizamos el acceso efectivo a la justicia, la verdad y la reparaci\u00f3n de las v\u00edctimas de los delitos.\" \/>\n<meta property=\"og:url\" content=\"https:\/\/www.fiscalia.gov.co\/colombia\/noticias\/carcel-para-presuntos-integrantes-del-eln-que-estarian-involucrados-en-el-secuestro-de-un-funcionario-de-la-personeria-de-cali\/\" \/>\n<meta property=\"og:site_name\" content=\"Fiscal\u00eda General de la Naci\u00f3n\" \/>\n<meta property=\"article:publisher\" content=\"https:\/\/www.facebook.com\/FiscaliaCol\" \/>\n<meta property=\"article:published_time\" content=\"2023-07-19T16:07:06+00:00\" \/>\n<meta property=\"article:modified_time\" content=\"2023-07-27T17:27:42+00:00\" \/>\n<meta property=\"og:image\" content=\"https:\/\/www.fiscalia.gov.co\/colombia\/wp-content\/uploads\/WhatsApp-Image-2023-07-19-at-11.10.37-AM-300x169.jpeg\" \/>\n<meta name=\"author\" content=\"Winnie Geraldine Rodr\u00edguez Navarrete\" \/>\n<meta name=\"twitter:card\" content=\"summary_large_image\" \/>\n<meta name=\"twitter:creator\" content=\"@FiscaliaCol\" \/>\n<meta name=\"twitter:site\" content=\"@FiscaliaCol\" \/>\n<meta name=\"twitter:label1\" content=\"Escrito por\" \/>\n\t<meta name=\"twitter:data1\" content=\"Winnie Geraldine Rodr\u00edguez Navarrete\" \/>\n\t<meta name=\"twitter:label2\" content=\"Tiempo de lectura\" \/>\n\t<meta name=\"twitter:data2\" content=\"3 minutos\" \/>\n<script type=\"application\/ld+json\" class=\"yoast-schema-graph\">{\"@context\":\"https:\/\/schema.org\",\"@graph\":[{\"@type\":\"Article\",\"@id\":\"https:\/\/www.fiscalia.gov.co\/colombia\/noticias\/carcel-para-presuntos-integrantes-del-eln-que-estarian-involucrados-en-el-secuestro-de-un-funcionario-de-la-personeria-de-cali\/#article\",\"isPartOf\":{\"@id\":\"https:\/\/www.fiscalia.gov.co\/colombia\/noticias\/carcel-para-presuntos-integrantes-del-eln-que-estarian-involucrados-en-el-secuestro-de-un-funcionario-de-la-personeria-de-cali\/\"},\"author\":{\"name\":\"Winnie Geraldine Rodr\u00edguez Navarrete\",\"@id\":\"https:\/\/www.fiscalia.gov.co\/colombia\/#\/schema\/person\/176195b99ebab0a52aafa15197e1bf80\"},\"headline\":\"C\u00e1rcel para presuntos integrantes del ELN que estar\u00edan involucrados en el secuestro de un funcionario de la personer\u00eda de Cali\",\"datePublished\":\"2023-07-19T16:07:06+00:00\",\"dateModified\":\"2023-07-27T17:27:42+00:00\",\"mainEntityOfPage\":{\"@id\":\"https:\/\/www.fiscalia.gov.co\/colombia\/noticias\/carcel-para-presuntos-integrantes-del-eln-que-estarian-involucrados-en-el-secuestro-de-un-funcionario-de-la-personeria-de-cali\/\"},\"wordCount\":500,\"publisher\":{\"@id\":\"https:\/\/www.fiscalia.gov.co\/colombia\/#organization\"},\"image\":{\"@id\":\"https:\/\/www.fiscalia.gov.co\/colombia\/noticias\/carcel-para-presuntos-integrantes-del-eln-que-estarian-involucrados-en-el-secuestro-de-un-funcionario-de-la-personeria-de-cali\/#primaryimage\"},\"thumbnailUrl\":\"https:\/\/www.fiscalia.gov.co\/colombia\/wp-content\/uploads\/WhatsApp-Image-2023-07-19-at-11.10.37-AM-300x169.jpeg\",\"keywords\":[\"Capturados\",\"centro carcelario\",\"Che Guevara\",\"compa\u00f1\u00eda Omar Silgado\",\"Eln\",\"Fiscal General de la Naci\u00f3n\",\"Fiscal\u00eda Colombia\",\"Medida de aseguramiento\",\"orden judicial\",\"privativa de la libertad.\",\"Restrepo (Valle del Cauca)\",\"Seccional Valle del Cauca\",\"secuestro extorsivo y rebeli\u00f3n\"],\"articleSection\":[\"Noticias\",\"Seccional Cali\",\"Seccionales\",\"Seguridad territorial\"],\"inLanguage\":\"es-CO\"},{\"@type\":\"WebPage\",\"@id\":\"https:\/\/www.fiscalia.gov.co\/colombia\/noticias\/carcel-para-presuntos-integrantes-del-eln-que-estarian-involucrados-en-el-secuestro-de-un-funcionario-de-la-personeria-de-cali\/\",\"url\":\"https:\/\/www.fiscalia.gov.co\/colombia\/noticias\/carcel-para-presuntos-integrantes-del-eln-que-estarian-involucrados-en-el-secuestro-de-un-funcionario-de-la-personeria-de-cali\/\",\"name\":\"Fiscal\u00eda General de la Naci\u00f3n\",\"isPartOf\":{\"@id\":\"https:\/\/www.fiscalia.gov.co\/colombia\/#website\"},\"primaryImageOfPage\":{\"@id\":\"https:\/\/www.fiscalia.gov.co\/colombia\/noticias\/carcel-para-presuntos-integrantes-del-eln-que-estarian-involucrados-en-el-secuestro-de-un-funcionario-de-la-personeria-de-cali\/#primaryimage\"},\"image\":{\"@id\":\"https:\/\/www.fiscalia.gov.co\/colombia\/noticias\/carcel-para-presuntos-integrantes-del-eln-que-estarian-involucrados-en-el-secuestro-de-un-funcionario-de-la-personeria-de-cali\/#primaryimage\"},\"thumbnailUrl\":\"https:\/\/www.fiscalia.gov.co\/colombia\/wp-content\/uploads\/WhatsApp-Image-2023-07-19-at-11.10.37-AM-300x169.jpeg\",\"datePublished\":\"2023-07-19T16:07:06+00:00\",\"dateModified\":\"2023-07-27T17:27:42+00:00\",\"description\":\"P\u00e1gina oficial de la Fiscal\u00eda General de la Naci\u00f3n \u2013 Colombia. Garantizamos el acceso efectivo a la justicia, la verdad y la reparaci\u00f3n de las v\u00edctimas de los delitos.\",\"breadcrumb\":{\"@id\":\"https:\/\/www.fiscalia.gov.co\/colombia\/noticias\/carcel-para-presuntos-integrantes-del-eln-que-estarian-involucrados-en-el-secuestro-de-un-funcionario-de-la-personeria-de-cali\/#breadcrumb\"},\"inLanguage\":\"es-CO\",\"potentialAction\":[{\"@type\":\"ReadAction\",\"target\":[\"https:\/\/www.fiscalia.gov.co\/colombia\/noticias\/carcel-para-presuntos-integrantes-del-eln-que-estarian-involucrados-en-el-secuestro-de-un-funcionario-de-la-personeria-de-cali\/\"]}]},{\"@type\":\"ImageObject\",\"inLanguage\":\"es-CO\",\"@id\":\"https:\/\/www.fiscalia.gov.co\/colombia\/noticias\/carcel-para-presuntos-integrantes-del-eln-que-estarian-involucrados-en-el-secuestro-de-un-funcionario-de-la-personeria-de-cali\/#primaryimage\",\"url\":\"https:\/\/www.fiscalia.gov.co\/colombia\/wp-content\/uploads\/WhatsApp-Image-2023-07-19-at-11.10.37-AM-300x169.jpeg\",\"contentUrl\":\"https:\/\/www.fiscalia.gov.co\/colombia\/wp-content\/uploads\/WhatsApp-Image-2023-07-19-at-11.10.37-AM-300x169.jpeg\"},{\"@type\":\"BreadcrumbList\",\"@id\":\"https:\/\/www.fiscalia.gov.co\/colombia\/noticias\/carcel-para-presuntos-integrantes-del-eln-que-estarian-involucrados-en-el-secuestro-de-un-funcionario-de-la-personeria-de-cali\/#breadcrumb\",\"itemListElement\":[{\"@type\":\"ListItem\",\"position\":1,\"name\":\"Home\",\"item\":\"https:\/\/www.fiscalia.gov.co\/colombia\/\"},{\"@type\":\"ListItem\",\"position\":2,\"name\":\"C\u00e1rcel para presuntos integrantes del ELN que estar\u00edan involucrados en el secuestro de un funcionario de la personer\u00eda de Cali\"}]},{\"@type\":\"WebSite\",\"@id\":\"https:\/\/www.fiscalia.gov.co\/colombia\/#website\",\"url\":\"https:\/\/www.fiscalia.gov.co\/colombia\/\",\"name\":\"Fiscal\u00eda General de la Naci\u00f3n\",\"description\":\"P\u00e1gina oficial de la Fiscal\u00eda General de la Naci\u00f3n \u2013 Colombia. Garantizamos el acceso efectivo a la justicia, la verdad y la reparaci\u00f3n de las v\u00edctimas de los delitos.\",\"publisher\":{\"@id\":\"https:\/\/www.fiscalia.gov.co\/colombia\/#organization\"},\"potentialAction\":[{\"@type\":\"SearchAction\",\"target\":{\"@type\":\"EntryPoint\",\"urlTemplate\":\"https:\/\/www.fiscalia.gov.co\/colombia\/?s={search_term_string}\"},\"query-input\":{\"@type\":\"PropertyValueSpecification\",\"valueRequired\":true,\"valueName\":\"search_term_string\"}}],\"inLanguage\":\"es-CO\"},{\"@type\":\"Organization\",\"@id\":\"https:\/\/www.fiscalia.gov.co\/colombia\/#organization\",\"name\":\"Fiscal\u00eda General de la Naci\u00f3n\",\"url\":\"https:\/\/www.fiscalia.gov.co\/colombia\/\",\"logo\":{\"@type\":\"ImageObject\",\"inLanguage\":\"es-CO\",\"@id\":\"https:\/\/www.fiscalia.gov.co\/colombia\/#\/schema\/logo\/image\/\",\"url\":\"https:\/\/www.fiscalia.gov.co\/colombia\/wp-content\/uploads\/LogoHorizontal_1.jpg\",\"contentUrl\":\"https:\/\/www.fiscalia.gov.co\/colombia\/wp-content\/uploads\/LogoHorizontal_1.jpg\",\"width\":300,\"height\":90,\"caption\":\"Fiscal\u00eda General de la Naci\u00f3n\"},\"image\":{\"@id\":\"https:\/\/www.fiscalia.gov.co\/colombia\/#\/schema\/logo\/image\/\"},\"sameAs\":[\"https:\/\/www.facebook.com\/FiscaliaCol\",\"https:\/\/x.com\/FiscaliaCol\",\"https:\/\/www.instagram.com\/fiscaliacol\",\"https:\/\/www.linkedin.com\/company\/fiscalia-general-de-la-naci-n\/\",\"https:\/\/youtube.com\/@fiscaliageneraldelanacion-4668?si=6nN79nyQICPU5iTh\"]},{\"@type\":\"Person\",\"@id\":\"https:\/\/www.fiscalia.gov.co\/colombia\/#\/schema\/person\/176195b99ebab0a52aafa15197e1bf80\",\"name\":\"Winnie Geraldine Rodr\u00edguez Navarrete\",\"image\":{\"@type\":\"ImageObject\",\"inLanguage\":\"es-CO\",\"@id\":\"https:\/\/www.fiscalia.gov.co\/colombia\/#\/schema\/person\/image\/\",\"url\":\"https:\/\/secure.gravatar.com\/avatar\/c24cf8481dc84fa5e8c7b20bc95ab0c6?s=96&d=mm&r=g\",\"contentUrl\":\"https:\/\/secure.gravatar.com\/avatar\/c24cf8481dc84fa5e8c7b20bc95ab0c6?s=96&d=mm&r=g\",\"caption\":\"Winnie Geraldine Rodr\u00edguez Navarrete\"},\"url\":\"https:\/\/www.fiscalia.gov.co\/colombia\/author\/winnierodriguez\/\"}]}<\/script>\n<!-- \/ Yoast SEO plugin. -->","yoast_head_json":{"title":"Fiscal\u00eda General de la Naci\u00f3n","description":"P\u00e1gina oficial de la Fiscal\u00eda General de la Naci\u00f3n \u2013 Colombia. Garantizamos el acceso efectivo a la justicia, la verdad y la reparaci\u00f3n de las v\u00edctimas de los delitos.","robots":{"index":"noindex","follow":"follow"},"og_locale":"es_ES","og_type":"article","og_title":"Fiscal\u00eda General de la Naci\u00f3n","og_description":"P\u00e1gina oficial de la Fiscal\u00eda General de la Naci\u00f3n \u2013 Colombia. Garantizamos el acceso efectivo a la justicia, la verdad y la reparaci\u00f3n de las v\u00edctimas de los delitos.","og_url":"https:\/\/www.fiscalia.gov.co\/colombia\/noticias\/carcel-para-presuntos-integrantes-del-eln-que-estarian-involucrados-en-el-secuestro-de-un-funcionario-de-la-personeria-de-cali\/","og_site_name":"Fiscal\u00eda General de la Naci\u00f3n","article_publisher":"https:\/\/www.facebook.com\/FiscaliaCol","article_published_time":"2023-07-19T16:07:06+00:00","article_modified_time":"2023-07-27T17:27:42+00:00","og_image":[{"url":"https:\/\/www.fiscalia.gov.co\/colombia\/wp-content\/uploads\/WhatsApp-Image-2023-07-19-at-11.10.37-AM-300x169.jpeg","type":"","width":"","height":""}],"author":"Winnie Geraldine Rodr\u00edguez Navarrete","twitter_card":"summary_large_image","twitter_creator":"@FiscaliaCol","twitter_site":"@FiscaliaCol","twitter_misc":{"Escrito por":"Winnie Geraldine Rodr\u00edguez Navarrete","Tiempo de lectura":"3 minutos"},"schema":{"@context":"https:\/\/schema.org","@graph":[{"@type":"Article","@id":"https:\/\/www.fiscalia.gov.co\/colombia\/noticias\/carcel-para-presuntos-integrantes-del-eln-que-estarian-involucrados-en-el-secuestro-de-un-funcionario-de-la-personeria-de-cali\/#article","isPartOf":{"@id":"https:\/\/www.fiscalia.gov.co\/colombia\/noticias\/carcel-para-presuntos-integrantes-del-eln-que-estarian-involucrados-en-el-secuestro-de-un-funcionario-de-la-personeria-de-cali\/"},"author":{"name":"Winnie Geraldine Rodr\u00edguez Navarrete","@id":"https:\/\/www.fiscalia.gov.co\/colombia\/#\/schema\/person\/176195b99ebab0a52aafa15197e1bf80"},"headline":"C\u00e1rcel para presuntos integrantes del ELN que estar\u00edan involucrados en el secuestro de un funcionario de la personer\u00eda de Cali","datePublished":"2023-07-19T16:07:06+00:00","dateModified":"2023-07-27T17:27:42+00:00","mainEntityOfPage":{"@id":"https:\/\/www.fiscalia.gov.co\/colombia\/noticias\/carcel-para-presuntos-integrantes-del-eln-que-estarian-involucrados-en-el-secuestro-de-un-funcionario-de-la-personeria-de-cali\/"},"wordCount":500,"publisher":{"@id":"https:\/\/www.fiscalia.gov.co\/colombia\/#organization"},"image":{"@id":"https:\/\/www.fiscalia.gov.co\/colombia\/noticias\/carcel-para-presuntos-integrantes-del-eln-que-estarian-involucrados-en-el-secuestro-de-un-funcionario-de-la-personeria-de-cali\/#primaryimage"},"thumbnailUrl":"https:\/\/www.fiscalia.gov.co\/colombia\/wp-content\/uploads\/WhatsApp-Image-2023-07-19-at-11.10.37-AM-300x169.jpeg","keywords":["Capturados","centro carcelario","Che Guevara","compa\u00f1\u00eda Omar Silgado","Eln","Fiscal General de la Naci\u00f3n","Fiscal\u00eda Colombia","Medida de aseguramiento","orden judicial","privativa de la libertad.","Restrepo (Valle del Cauca)","Seccional Valle del Cauca","secuestro extorsivo y rebeli\u00f3n"],"articleSection":["Noticias","Seccional Cali","Seccionales","Seguridad territorial"],"inLanguage":"es-CO"},{"@type":"WebPage","@id":"https:\/\/www.fiscalia.gov.co\/colombia\/noticias\/carcel-para-presuntos-integrantes-del-eln-que-estarian-involucrados-en-el-secuestro-de-un-funcionario-de-la-personeria-de-cali\/","url":"https:\/\/www.fiscalia.gov.co\/colombia\/noticias\/carcel-para-presuntos-integrantes-del-eln-que-estarian-involucrados-en-el-secuestro-de-un-funcionario-de-la-personeria-de-cali\/","name":"Fiscal\u00eda General de la Naci\u00f3n","isPartOf":{"@id":"https:\/\/www.fiscalia.gov.co\/colombia\/#website"},"primaryImageOfPage":{"@id":"https:\/\/www.fiscalia.gov.co\/colombia\/noticias\/carcel-para-presuntos-integrantes-del-eln-que-estarian-involucrados-en-el-secuestro-de-un-funcionario-de-la-personeria-de-cali\/#primaryimage"},"image":{"@id":"https:\/\/www.fiscalia.gov.co\/colombia\/noticias\/carcel-para-presuntos-integrantes-del-eln-que-estarian-involucrados-en-el-secuestro-de-un-funcionario-de-la-personeria-de-cali\/#primaryimage"},"thumbnailUrl":"https:\/\/www.fiscalia.gov.co\/colombia\/wp-content\/uploads\/WhatsApp-Image-2023-07-19-at-11.10.37-AM-300x169.jpeg","datePublished":"2023-07-19T16:07:06+00:00","dateModified":"2023-07-27T17:27:42+00:00","description":"P\u00e1gina oficial de la Fiscal\u00eda General de la Naci\u00f3n \u2013 Colombia. Garantizamos el acceso efectivo a la justicia, la verdad y la reparaci\u00f3n de las v\u00edctimas de los delitos.","breadcrumb":{"@id":"https:\/\/www.fiscalia.gov.co\/colombia\/noticias\/carcel-para-presuntos-integrantes-del-eln-que-estarian-involucrados-en-el-secuestro-de-un-funcionario-de-la-personeria-de-cali\/#breadcrumb"},"inLanguage":"es-CO","potentialAction":[{"@type":"ReadAction","target":["https:\/\/www.fiscalia.gov.co\/colombia\/noticias\/carcel-para-presuntos-integrantes-del-eln-que-estarian-involucrados-en-el-secuestro-de-un-funcionario-de-la-personeria-de-cali\/"]}]},{"@type":"ImageObject","inLanguage":"es-CO","@id":"https:\/\/www.fiscalia.gov.co\/colombia\/noticias\/carcel-para-presuntos-integrantes-del-eln-que-estarian-involucrados-en-el-secuestro-de-un-funcionario-de-la-personeria-de-cali\/#primaryimage","url":"https:\/\/www.fiscalia.gov.co\/colombia\/wp-content\/uploads\/WhatsApp-Image-2023-07-19-at-11.10.37-AM-300x169.jpeg","contentUrl":"https:\/\/www.fiscalia.gov.co\/colombia\/wp-content\/uploads\/WhatsApp-Image-2023-07-19-at-11.10.37-AM-300x169.jpeg"},{"@type":"BreadcrumbList","@id":"https:\/\/www.fiscalia.gov.co\/colombia\/noticias\/carcel-para-presuntos-integrantes-del-eln-que-estarian-involucrados-en-el-secuestro-de-un-funcionario-de-la-personeria-de-cali\/#breadcrumb","itemListElement":[{"@type":"ListItem","position":1,"name":"Home","item":"https:\/\/www.fiscalia.gov.co\/colombia\/"},{"@type":"ListItem","position":2,"name":"C\u00e1rcel para presuntos integrantes del ELN que estar\u00edan involucrados en el secuestro de un funcionario de la personer\u00eda de Cali"}]},{"@type":"WebSite","@id":"https:\/\/www.fiscalia.gov.co\/colombia\/#website","url":"https:\/\/www.fiscalia.gov.co\/colombia\/","name":"Fiscal\u00eda General de la Naci\u00f3n","description":"P\u00e1gina oficial de la Fiscal\u00eda General de la Naci\u00f3n \u2013 Colombia. Garantizamos el acceso efectivo a la justicia, la verdad y la reparaci\u00f3n de las v\u00edctimas de los delitos.","publisher":{"@id":"https:\/\/www.fiscalia.gov.co\/colombia\/#organization"},"potentialAction":[{"@type":"SearchAction","target":{"@type":"EntryPoint","urlTemplate":"https:\/\/www.fiscalia.gov.co\/colombia\/?s={search_term_string}"},"query-input":{"@type":"PropertyValueSpecification","valueRequired":true,"valueName":"search_term_string"}}],"inLanguage":"es-CO"},{"@type":"Organization","@id":"https:\/\/www.fiscalia.gov.co\/colombia\/#organization","name":"Fiscal\u00eda General de la Naci\u00f3n","url":"https:\/\/www.fiscalia.gov.co\/colombia\/","logo":{"@type":"ImageObject","inLanguage":"es-CO","@id":"https:\/\/www.fiscalia.gov.co\/colombia\/#\/schema\/logo\/image\/","url":"https:\/\/www.fiscalia.gov.co\/colombia\/wp-content\/uploads\/LogoHorizontal_1.jpg","contentUrl":"https:\/\/www.fiscalia.gov.co\/colombia\/wp-content\/uploads\/LogoHorizontal_1.jpg","width":300,"height":90,"caption":"Fiscal\u00eda General de la Naci\u00f3n"},"image":{"@id":"https:\/\/www.fiscalia.gov.co\/colombia\/#\/schema\/logo\/image\/"},"sameAs":["https:\/\/www.facebook.com\/FiscaliaCol","https:\/\/x.com\/FiscaliaCol","https:\/\/www.instagram.com\/fiscaliacol","https:\/\/www.linkedin.com\/company\/fiscalia-general-de-la-naci-n\/","https:\/\/youtube.com\/@fiscaliageneraldelanacion-4668?si=6nN79nyQICPU5iTh"]},{"@type":"Person","@id":"https:\/\/www.fiscalia.gov.co\/colombia\/#\/schema\/person\/176195b99ebab0a52aafa15197e1bf80","name":"Winnie Geraldine Rodr\u00edguez Navarrete","image":{"@type":"ImageObject","inLanguage":"es-CO","@id":"https:\/\/www.fiscalia.gov.co\/colombia\/#\/schema\/person\/image\/","url":"https:\/\/secure.gravatar.com\/avatar\/c24cf8481dc84fa5e8c7b20bc95ab0c6?s=96&d=mm&r=g","contentUrl":"https:\/\/secure.gravatar.com\/avatar\/c24cf8481dc84fa5e8c7b20bc95ab0c6?s=96&d=mm&r=g","caption":"Winnie Geraldine Rodr\u00edguez Navarrete"},"url":"https:\/\/www.fiscalia.gov.co\/colombia\/author\/winnierodriguez\/"}]}},"_links":{"self":[{"href":"https:\/\/www.fiscalia.gov.co\/colombia\/wp-json\/wp\/v2\/posts\/275369","targetHints":{"allow":["GET"]}}],"collection":[{"href":"https:\/\/www.fiscalia.gov.co\/colombia\/wp-json\/wp\/v2\/posts"}],"about":[{"href":"https:\/\/www.fiscalia.gov.co\/colombia\/wp-json\/wp\/v2\/types\/post"}],"author":[{"embeddable":true,"href":"https:\/\/www.fiscalia.gov.co\/colombia\/wp-json\/wp\/v2\/users\/178"}],"replies":[{"embeddable":true,"href":"https:\/\/www.fiscalia.gov.co\/colombia\/wp-json\/wp\/v2\/comments?post=275369"}],"version-history":[{"count":3,"href":"https:\/\/www.fiscalia.gov.co\/colombia\/wp-json\/wp\/v2\/posts\/275369\/revisions"}],"predecessor-version":[{"id":275374,"href":"https:\/\/www.fiscalia.gov.co\/colombia\/wp-json\/wp\/v2\/posts\/275369\/revisions\/275374"}],"wp:attachment":[{"href":"https:\/\/www.fiscalia.gov.co\/colombia\/wp-json\/wp\/v2\/media?parent=275369"}],"wp:term":[{"taxonomy":"category","embeddable":true,"href":"https:\/\/www.fiscalia.gov.co\/colombia\/wp-json\/wp\/v2\/categories?post=275369"},{"taxonomy":"post_tag","embeddable":true,"href":"https:\/\/www.fiscalia.gov.co\/colombia\/wp-json\/wp\/v2\/tags?post=275369"}],"curies":[{"name":"wp","href":"https:\/\/api.w.org\/{rel}","templated":true}]}}