{"id":275213,"date":"2023-07-17T08:20:33","date_gmt":"2023-07-17T13:20:33","guid":{"rendered":"https:\/\/www.fiscalia.gov.co\/colombia\/?p=275213"},"modified":"2023-07-24T15:30:42","modified_gmt":"2023-07-24T20:30:42","slug":"a-la-carcel-profesor-por-el-presunto-abuso-de-dos-hermanitos-del-libano-tolima","status":"publish","type":"post","link":"https:\/\/www.fiscalia.gov.co\/colombia\/noticias\/a-la-carcel-profesor-por-el-presunto-abuso-de-dos-hermanitos-del-libano-tolima\/","title":{"rendered":"A la c\u00e1rcel profesor por el presunto abuso de dos hermanitos del L\u00edbano (Tolima)"},"content":{"rendered":"<h4><strong><i>La Fiscal\u00eda le imput\u00f3 cargos por\u00a0acceso carnal abusivo con menor de 14 a\u00f1os y actos sexuales abusivos con menor de 14 a\u00f1os, ambas conductas en concurso homog\u00e9neo y sucesivo.<\/i><\/strong><\/h4>\n<p>Un profesor de 52 a\u00f1os de edad fue capturado por investigadores del CTI en coordinaci\u00f3n con la Polic\u00eda del Departamento del Tolima a la salida de un colegio de El Espinal (Tolima), por su presunta responsabilidad en el abuso sexual de dos hermanos menores de edad, cuando ejerc\u00eda como su maestro en una instituci\u00f3n educativa en zona rural del municipio de L\u00edbano.<\/p>\n<p>Los elementos materiales probatorios y evidencia f\u00edsica recopilados por el ente acusador mediante las laborares de su polic\u00eda judicial, dan cuenta que los hechos habr\u00edan ocurrido en el a\u00f1o 2018 cuando Fernando Perdomo Castro, aprovechando su posici\u00f3n como maestro de toda la primaria, habr\u00eda abusado sexualmente de las v\u00edctimas de 7 y 10 a\u00f1os de edad.<\/p>\n<figure id=\"attachment_275215\" aria-describedby=\"caption-attachment-275215\" style=\"width: 300px\" class=\"wp-caption aligncenter\"><img loading=\"lazy\" decoding=\"async\" class=\"size-medium wp-image-275215\" src=\"https:\/\/www.fiscalia.gov.co\/colombia\/wp-content\/uploads\/profesor-busador-libano-tolima-300x286.jpeg\" alt=\"en la imagen se ve una persona detenida bajo custodia de un investigador del CTI y de la Polic\u00eda Nacional. Detr\u00e1s suyo un backing de ambas instituciones. \" width=\"300\" height=\"286\" srcset=\"https:\/\/www.fiscalia.gov.co\/colombia\/wp-content\/uploads\/profesor-busador-libano-tolima-300x286.jpeg 300w, https:\/\/www.fiscalia.gov.co\/colombia\/wp-content\/uploads\/profesor-busador-libano-tolima.jpeg 417w\" sizes=\"auto, (max-width: 300px) 100vw, 300px\" \/><figcaption id=\"caption-attachment-275215\" class=\"wp-caption-text\">El profesor fue enviado a la c\u00e1rcel como medida de aseguramiento preventiva. Se le investiga por abusar de dos hermanos a quienes golpear\u00eda y amenazar\u00eda para que no contaran lo sucedido. Todo ocurri\u00f3 en 2018 en el L\u00edbano, Tolima.<\/figcaption><\/figure>\n<p>La Fiscal\u00eda estableci\u00f3 que el hombre tambi\u00e9n habr\u00eda ejercido maltrato infantil sobre los peque\u00f1os cuando estos se rehusaban a dejarse tocar o cuando, seg\u00fan \u00e9l, no llevaban los cuadernos o no cumpl\u00edan con sus compromisos acad\u00e9micos.<\/p>\n<p>Seg\u00fan el ni\u00f1o mayor, lo obligaba a cargar piedras y a veces a subir una cuesta para que se cansara. Tambi\u00e9n indic\u00f3 que lo met\u00eda al tanque de agua de la escuela y que a ambos los habr\u00eda golpeado con una regla.<\/p>\n<p>Esto suced\u00eda al medio d\u00eda y en horas de la tarde cuando no hab\u00eda nadie en el colegio.\u00a0 Se evidenci\u00f3 adem\u00e1s que los menores eran obligados a quedarse en la instituci\u00f3n educativa despu\u00e9s de la jornada escolar, con el pretexto de reforzar algunas materias por bajo rendimiento acad\u00e9mico<\/p>\n<p>Seg\u00f9n la investigaci\u00f3n, Perdomo Castro amenazaba al peque\u00f1o de 7 a\u00f1os con atentar contra la vida de su madre si contaba lo sucedido.<\/p>\n<p>El hombre no se allan\u00f3 a los cargos imputados y fue afectado con medida de aseguramiento intramuros.<\/p>\n<p><b><u>La Fiscal\u00eda habla con resultados.<\/u><\/b><\/p>\n<p>&nbsp;<\/p>\n<p>&nbsp;<\/p>\n<p>&nbsp;<\/p>\n<p>PAAM\/LFM\/LMMS\/AMBV\/DST<\/p>\n<p>&nbsp;<\/p>\n<p>&nbsp;<\/p>\n<p>&nbsp;<\/p>\n<p><i>La informaci\u00f3n contenida en este bolet\u00edn de prensa corresponde a la narraci\u00f3n de los hechos noticiosos objetivos, suministrados por los funcionarios encargados de adelantar las investigaciones penales al interior de la Fiscal\u00eda General de la Naci\u00f3n. Para el momento de la divulgaci\u00f3n de este comunicado, la situaci\u00f3n jur\u00eddica de la(s) persona(s) relacionada(s) se encuentra pendiente de resolver por la autoridad judicial competente, siempre bajo los preceptos de la presunci\u00f3n de inocencia, consagrados en el art\u00edculo 29 de la Constituci\u00f3n Pol\u00edtica y el art\u00edculo 7\u00ba de la Ley 906 de 2004.<\/i><\/p>\n\n<div class=\"twitter-share\"><a href=\"https:\/\/twitter.com\/intent\/tweet?via=fiscaliacol\" class=\"twitter-share-button\">Tweet<\/a><\/div>\n","protected":false},"excerpt":{"rendered":"<p>La Fiscal\u00eda le imput\u00f3 cargos por\u00a0acceso carnal abusivo con menor de 14 a\u00f1os y actos sexuales abusivos con menor de 14 a\u00f1os, ambas conductas en concurso homog\u00e9neo y sucesivo. Un profesor de 52 a\u00f1os de edad fue capturado por investigadores del CTI en coordinaci\u00f3n con la Polic\u00eda del Departamento del Tolima a la salida de [&hellip;]<\/p>\n","protected":false},"author":178,"featured_media":0,"comment_status":"closed","ping_status":"open","sticky":false,"template":"","format":"video","meta":{"_price":"","_stock":"","_tribe_ticket_header":"","_tribe_default_ticket_provider":"","_tribe_ticket_capacity":"0","_ticket_start_date":"","_ticket_end_date":"","_tribe_ticket_show_description":"","_tribe_ticket_show_not_going":false,"_tribe_ticket_use_global_stock":"","_tribe_ticket_global_stock_level":"","_global_stock_mode":"","_global_stock_cap":"","_tribe_rsvp_for_event":"","_tribe_ticket_going_count":"","_tribe_ticket_not_going_count":"","_tribe_tickets_list":"[]","_tribe_ticket_has_attendee_info_fields":false,"tdm_status":"","tdm_grid_status":"","footnotes":""},"categories":[1,24127],"tags":[696,13159,6841,14550,45,24536,1047,25841,390,23990,24626,35147,3332,1185,558,35148,769,12189],"class_list":{"0":"post-275213","1":"post","2":"type-post","3":"status-publish","4":"format-video","6":"category-noticias","7":"category-violencia-sexual-e-intrafamiliar","8":"tag-abuso","9":"tag-acceso-carnal-con-menor-de-14-anos","10":"tag-acto-sexual","11":"tag-carcel","12":"tag-cti","13":"tag-el-espinal","14":"tag-fiscalia-general-de-la-nacion","15":"tag-golpiza","16":"tag-hermanos","17":"tag-ibague-tolima","18":"tag-libano","19":"tag-maestro","20":"tag-maltrato-infantil","21":"tag-medida-de-aseguramiento","22":"tag-policia-nacional","23":"tag-primaria","24":"tag-profesor","25":"tag-tolima","26":"post_format-post-format-video"},"yoast_head":"<!-- This site is optimized with the Yoast SEO plugin v24.3 - https:\/\/yoast.com\/wordpress\/plugins\/seo\/ -->\n<title>Fiscal\u00eda General de la Naci\u00f3n<\/title>\n<meta name=\"description\" content=\"P\u00e1gina oficial de la Fiscal\u00eda General de la Naci\u00f3n \u2013 Colombia. Garantizamos el acceso efectivo a la justicia, la verdad y la reparaci\u00f3n de las v\u00edctimas de los delitos.\" \/>\n<meta name=\"robots\" content=\"noindex, follow\" \/>\n<meta property=\"og:locale\" content=\"es_ES\" \/>\n<meta property=\"og:type\" content=\"article\" \/>\n<meta property=\"og:title\" content=\"Fiscal\u00eda General de la Naci\u00f3n\" \/>\n<meta property=\"og:description\" content=\"P\u00e1gina oficial de la Fiscal\u00eda General de la Naci\u00f3n \u2013 Colombia. Garantizamos el acceso efectivo a la justicia, la verdad y la reparaci\u00f3n de las v\u00edctimas de los delitos.\" \/>\n<meta property=\"og:url\" content=\"https:\/\/www.fiscalia.gov.co\/colombia\/noticias\/a-la-carcel-profesor-por-el-presunto-abuso-de-dos-hermanitos-del-libano-tolima\/\" \/>\n<meta property=\"og:site_name\" content=\"Fiscal\u00eda General de la Naci\u00f3n\" \/>\n<meta property=\"article:publisher\" content=\"https:\/\/www.facebook.com\/FiscaliaCol\" \/>\n<meta property=\"article:published_time\" content=\"2023-07-17T13:20:33+00:00\" \/>\n<meta property=\"article:modified_time\" content=\"2023-07-24T20:30:42+00:00\" \/>\n<meta property=\"og:image\" content=\"https:\/\/www.fiscalia.gov.co\/colombia\/wp-content\/uploads\/profesor-busador-libano-tolima-300x286.jpeg\" \/>\n<meta name=\"author\" content=\"Winnie Geraldine Rodr\u00edguez Navarrete\" \/>\n<meta name=\"twitter:card\" content=\"summary_large_image\" \/>\n<meta name=\"twitter:creator\" content=\"@FiscaliaCol\" \/>\n<meta name=\"twitter:site\" content=\"@FiscaliaCol\" \/>\n<meta name=\"twitter:label1\" content=\"Escrito por\" \/>\n\t<meta name=\"twitter:data1\" content=\"Winnie Geraldine Rodr\u00edguez Navarrete\" \/>\n\t<meta name=\"twitter:label2\" content=\"Tiempo de lectura\" \/>\n\t<meta name=\"twitter:data2\" content=\"3 minutos\" \/>\n<script type=\"application\/ld+json\" class=\"yoast-schema-graph\">{\"@context\":\"https:\/\/schema.org\",\"@graph\":[{\"@type\":\"Article\",\"@id\":\"https:\/\/www.fiscalia.gov.co\/colombia\/noticias\/a-la-carcel-profesor-por-el-presunto-abuso-de-dos-hermanitos-del-libano-tolima\/#article\",\"isPartOf\":{\"@id\":\"https:\/\/www.fiscalia.gov.co\/colombia\/noticias\/a-la-carcel-profesor-por-el-presunto-abuso-de-dos-hermanitos-del-libano-tolima\/\"},\"author\":{\"name\":\"Winnie Geraldine Rodr\u00edguez Navarrete\",\"@id\":\"https:\/\/www.fiscalia.gov.co\/colombia\/#\/schema\/person\/176195b99ebab0a52aafa15197e1bf80\"},\"headline\":\"A la c\u00e1rcel profesor por el presunto abuso de dos hermanitos del L\u00edbano (Tolima)\",\"datePublished\":\"2023-07-17T13:20:33+00:00\",\"dateModified\":\"2023-07-24T20:30:42+00:00\",\"mainEntityOfPage\":{\"@id\":\"https:\/\/www.fiscalia.gov.co\/colombia\/noticias\/a-la-carcel-profesor-por-el-presunto-abuso-de-dos-hermanitos-del-libano-tolima\/\"},\"wordCount\":532,\"publisher\":{\"@id\":\"https:\/\/www.fiscalia.gov.co\/colombia\/#organization\"},\"image\":{\"@id\":\"https:\/\/www.fiscalia.gov.co\/colombia\/noticias\/a-la-carcel-profesor-por-el-presunto-abuso-de-dos-hermanitos-del-libano-tolima\/#primaryimage\"},\"thumbnailUrl\":\"https:\/\/www.fiscalia.gov.co\/colombia\/wp-content\/uploads\/profesor-busador-libano-tolima-300x286.jpeg\",\"keywords\":[\"Abuso\",\"Acceso carnal con menor de 14 a\u00f1os\",\"Acto sexual\",\"C\u00e1rcel\",\"CTI\",\"El Espinal\",\"Fiscal\u00eda General de la Naci\u00f3n\",\"golpiza\",\"Hermanos\",\"Ibagu\u00e9 (Tolima)\",\"L\u00edbano\",\"maestro\",\"Maltrato infantil\",\"Medida de aseguramiento\",\"Polic\u00eda Nacional\",\"primaria\",\"Profesor\",\"Tolima\"],\"articleSection\":[\"Noticias\",\"Violencia sexual e intrafamiliar\"],\"inLanguage\":\"es-CO\"},{\"@type\":\"WebPage\",\"@id\":\"https:\/\/www.fiscalia.gov.co\/colombia\/noticias\/a-la-carcel-profesor-por-el-presunto-abuso-de-dos-hermanitos-del-libano-tolima\/\",\"url\":\"https:\/\/www.fiscalia.gov.co\/colombia\/noticias\/a-la-carcel-profesor-por-el-presunto-abuso-de-dos-hermanitos-del-libano-tolima\/\",\"name\":\"Fiscal\u00eda General de la Naci\u00f3n\",\"isPartOf\":{\"@id\":\"https:\/\/www.fiscalia.gov.co\/colombia\/#website\"},\"primaryImageOfPage\":{\"@id\":\"https:\/\/www.fiscalia.gov.co\/colombia\/noticias\/a-la-carcel-profesor-por-el-presunto-abuso-de-dos-hermanitos-del-libano-tolima\/#primaryimage\"},\"image\":{\"@id\":\"https:\/\/www.fiscalia.gov.co\/colombia\/noticias\/a-la-carcel-profesor-por-el-presunto-abuso-de-dos-hermanitos-del-libano-tolima\/#primaryimage\"},\"thumbnailUrl\":\"https:\/\/www.fiscalia.gov.co\/colombia\/wp-content\/uploads\/profesor-busador-libano-tolima-300x286.jpeg\",\"datePublished\":\"2023-07-17T13:20:33+00:00\",\"dateModified\":\"2023-07-24T20:30:42+00:00\",\"description\":\"P\u00e1gina oficial de la Fiscal\u00eda General de la Naci\u00f3n \u2013 Colombia. Garantizamos el acceso efectivo a la justicia, la verdad y la reparaci\u00f3n de las v\u00edctimas de los delitos.\",\"breadcrumb\":{\"@id\":\"https:\/\/www.fiscalia.gov.co\/colombia\/noticias\/a-la-carcel-profesor-por-el-presunto-abuso-de-dos-hermanitos-del-libano-tolima\/#breadcrumb\"},\"inLanguage\":\"es-CO\",\"potentialAction\":[{\"@type\":\"ReadAction\",\"target\":[\"https:\/\/www.fiscalia.gov.co\/colombia\/noticias\/a-la-carcel-profesor-por-el-presunto-abuso-de-dos-hermanitos-del-libano-tolima\/\"]}]},{\"@type\":\"ImageObject\",\"inLanguage\":\"es-CO\",\"@id\":\"https:\/\/www.fiscalia.gov.co\/colombia\/noticias\/a-la-carcel-profesor-por-el-presunto-abuso-de-dos-hermanitos-del-libano-tolima\/#primaryimage\",\"url\":\"https:\/\/www.fiscalia.gov.co\/colombia\/wp-content\/uploads\/profesor-busador-libano-tolima-300x286.jpeg\",\"contentUrl\":\"https:\/\/www.fiscalia.gov.co\/colombia\/wp-content\/uploads\/profesor-busador-libano-tolima-300x286.jpeg\"},{\"@type\":\"BreadcrumbList\",\"@id\":\"https:\/\/www.fiscalia.gov.co\/colombia\/noticias\/a-la-carcel-profesor-por-el-presunto-abuso-de-dos-hermanitos-del-libano-tolima\/#breadcrumb\",\"itemListElement\":[{\"@type\":\"ListItem\",\"position\":1,\"name\":\"Home\",\"item\":\"https:\/\/www.fiscalia.gov.co\/colombia\/\"},{\"@type\":\"ListItem\",\"position\":2,\"name\":\"A la c\u00e1rcel profesor por el presunto abuso de dos hermanitos del L\u00edbano (Tolima)\"}]},{\"@type\":\"WebSite\",\"@id\":\"https:\/\/www.fiscalia.gov.co\/colombia\/#website\",\"url\":\"https:\/\/www.fiscalia.gov.co\/colombia\/\",\"name\":\"Fiscal\u00eda General de la Naci\u00f3n\",\"description\":\"P\u00e1gina oficial de la Fiscal\u00eda General de la Naci\u00f3n \u2013 Colombia. Garantizamos el acceso efectivo a la justicia, la verdad y la reparaci\u00f3n de las v\u00edctimas de los delitos.\",\"publisher\":{\"@id\":\"https:\/\/www.fiscalia.gov.co\/colombia\/#organization\"},\"potentialAction\":[{\"@type\":\"SearchAction\",\"target\":{\"@type\":\"EntryPoint\",\"urlTemplate\":\"https:\/\/www.fiscalia.gov.co\/colombia\/?s={search_term_string}\"},\"query-input\":{\"@type\":\"PropertyValueSpecification\",\"valueRequired\":true,\"valueName\":\"search_term_string\"}}],\"inLanguage\":\"es-CO\"},{\"@type\":\"Organization\",\"@id\":\"https:\/\/www.fiscalia.gov.co\/colombia\/#organization\",\"name\":\"Fiscal\u00eda General de la Naci\u00f3n\",\"url\":\"https:\/\/www.fiscalia.gov.co\/colombia\/\",\"logo\":{\"@type\":\"ImageObject\",\"inLanguage\":\"es-CO\",\"@id\":\"https:\/\/www.fiscalia.gov.co\/colombia\/#\/schema\/logo\/image\/\",\"url\":\"https:\/\/www.fiscalia.gov.co\/colombia\/wp-content\/uploads\/LogoHorizontal_1.jpg\",\"contentUrl\":\"https:\/\/www.fiscalia.gov.co\/colombia\/wp-content\/uploads\/LogoHorizontal_1.jpg\",\"width\":300,\"height\":90,\"caption\":\"Fiscal\u00eda General de la Naci\u00f3n\"},\"image\":{\"@id\":\"https:\/\/www.fiscalia.gov.co\/colombia\/#\/schema\/logo\/image\/\"},\"sameAs\":[\"https:\/\/www.facebook.com\/FiscaliaCol\",\"https:\/\/x.com\/FiscaliaCol\",\"https:\/\/www.instagram.com\/fiscaliacol\",\"https:\/\/www.linkedin.com\/company\/fiscalia-general-de-la-naci-n\/\",\"https:\/\/youtube.com\/@fiscaliageneraldelanacion-4668?si=6nN79nyQICPU5iTh\"]},{\"@type\":\"Person\",\"@id\":\"https:\/\/www.fiscalia.gov.co\/colombia\/#\/schema\/person\/176195b99ebab0a52aafa15197e1bf80\",\"name\":\"Winnie Geraldine Rodr\u00edguez Navarrete\",\"image\":{\"@type\":\"ImageObject\",\"inLanguage\":\"es-CO\",\"@id\":\"https:\/\/www.fiscalia.gov.co\/colombia\/#\/schema\/person\/image\/\",\"url\":\"https:\/\/secure.gravatar.com\/avatar\/c24cf8481dc84fa5e8c7b20bc95ab0c6?s=96&d=mm&r=g\",\"contentUrl\":\"https:\/\/secure.gravatar.com\/avatar\/c24cf8481dc84fa5e8c7b20bc95ab0c6?s=96&d=mm&r=g\",\"caption\":\"Winnie Geraldine Rodr\u00edguez Navarrete\"},\"url\":\"https:\/\/www.fiscalia.gov.co\/colombia\/author\/winnierodriguez\/\"}]}<\/script>\n<!-- \/ Yoast SEO plugin. -->","yoast_head_json":{"title":"Fiscal\u00eda General de la Naci\u00f3n","description":"P\u00e1gina oficial de la Fiscal\u00eda General de la Naci\u00f3n \u2013 Colombia. Garantizamos el acceso efectivo a la justicia, la verdad y la reparaci\u00f3n de las v\u00edctimas de los delitos.","robots":{"index":"noindex","follow":"follow"},"og_locale":"es_ES","og_type":"article","og_title":"Fiscal\u00eda General de la Naci\u00f3n","og_description":"P\u00e1gina oficial de la Fiscal\u00eda General de la Naci\u00f3n \u2013 Colombia. Garantizamos el acceso efectivo a la justicia, la verdad y la reparaci\u00f3n de las v\u00edctimas de los delitos.","og_url":"https:\/\/www.fiscalia.gov.co\/colombia\/noticias\/a-la-carcel-profesor-por-el-presunto-abuso-de-dos-hermanitos-del-libano-tolima\/","og_site_name":"Fiscal\u00eda General de la Naci\u00f3n","article_publisher":"https:\/\/www.facebook.com\/FiscaliaCol","article_published_time":"2023-07-17T13:20:33+00:00","article_modified_time":"2023-07-24T20:30:42+00:00","og_image":[{"url":"https:\/\/www.fiscalia.gov.co\/colombia\/wp-content\/uploads\/profesor-busador-libano-tolima-300x286.jpeg","type":"","width":"","height":""}],"author":"Winnie Geraldine Rodr\u00edguez Navarrete","twitter_card":"summary_large_image","twitter_creator":"@FiscaliaCol","twitter_site":"@FiscaliaCol","twitter_misc":{"Escrito por":"Winnie Geraldine Rodr\u00edguez Navarrete","Tiempo de lectura":"3 minutos"},"schema":{"@context":"https:\/\/schema.org","@graph":[{"@type":"Article","@id":"https:\/\/www.fiscalia.gov.co\/colombia\/noticias\/a-la-carcel-profesor-por-el-presunto-abuso-de-dos-hermanitos-del-libano-tolima\/#article","isPartOf":{"@id":"https:\/\/www.fiscalia.gov.co\/colombia\/noticias\/a-la-carcel-profesor-por-el-presunto-abuso-de-dos-hermanitos-del-libano-tolima\/"},"author":{"name":"Winnie Geraldine Rodr\u00edguez Navarrete","@id":"https:\/\/www.fiscalia.gov.co\/colombia\/#\/schema\/person\/176195b99ebab0a52aafa15197e1bf80"},"headline":"A la c\u00e1rcel profesor por el presunto abuso de dos hermanitos del L\u00edbano (Tolima)","datePublished":"2023-07-17T13:20:33+00:00","dateModified":"2023-07-24T20:30:42+00:00","mainEntityOfPage":{"@id":"https:\/\/www.fiscalia.gov.co\/colombia\/noticias\/a-la-carcel-profesor-por-el-presunto-abuso-de-dos-hermanitos-del-libano-tolima\/"},"wordCount":532,"publisher":{"@id":"https:\/\/www.fiscalia.gov.co\/colombia\/#organization"},"image":{"@id":"https:\/\/www.fiscalia.gov.co\/colombia\/noticias\/a-la-carcel-profesor-por-el-presunto-abuso-de-dos-hermanitos-del-libano-tolima\/#primaryimage"},"thumbnailUrl":"https:\/\/www.fiscalia.gov.co\/colombia\/wp-content\/uploads\/profesor-busador-libano-tolima-300x286.jpeg","keywords":["Abuso","Acceso carnal con menor de 14 a\u00f1os","Acto sexual","C\u00e1rcel","CTI","El Espinal","Fiscal\u00eda General de la Naci\u00f3n","golpiza","Hermanos","Ibagu\u00e9 (Tolima)","L\u00edbano","maestro","Maltrato infantil","Medida de aseguramiento","Polic\u00eda Nacional","primaria","Profesor","Tolima"],"articleSection":["Noticias","Violencia sexual e intrafamiliar"],"inLanguage":"es-CO"},{"@type":"WebPage","@id":"https:\/\/www.fiscalia.gov.co\/colombia\/noticias\/a-la-carcel-profesor-por-el-presunto-abuso-de-dos-hermanitos-del-libano-tolima\/","url":"https:\/\/www.fiscalia.gov.co\/colombia\/noticias\/a-la-carcel-profesor-por-el-presunto-abuso-de-dos-hermanitos-del-libano-tolima\/","name":"Fiscal\u00eda General de la Naci\u00f3n","isPartOf":{"@id":"https:\/\/www.fiscalia.gov.co\/colombia\/#website"},"primaryImageOfPage":{"@id":"https:\/\/www.fiscalia.gov.co\/colombia\/noticias\/a-la-carcel-profesor-por-el-presunto-abuso-de-dos-hermanitos-del-libano-tolima\/#primaryimage"},"image":{"@id":"https:\/\/www.fiscalia.gov.co\/colombia\/noticias\/a-la-carcel-profesor-por-el-presunto-abuso-de-dos-hermanitos-del-libano-tolima\/#primaryimage"},"thumbnailUrl":"https:\/\/www.fiscalia.gov.co\/colombia\/wp-content\/uploads\/profesor-busador-libano-tolima-300x286.jpeg","datePublished":"2023-07-17T13:20:33+00:00","dateModified":"2023-07-24T20:30:42+00:00","description":"P\u00e1gina oficial de la Fiscal\u00eda General de la Naci\u00f3n \u2013 Colombia. Garantizamos el acceso efectivo a la justicia, la verdad y la reparaci\u00f3n de las v\u00edctimas de los delitos.","breadcrumb":{"@id":"https:\/\/www.fiscalia.gov.co\/colombia\/noticias\/a-la-carcel-profesor-por-el-presunto-abuso-de-dos-hermanitos-del-libano-tolima\/#breadcrumb"},"inLanguage":"es-CO","potentialAction":[{"@type":"ReadAction","target":["https:\/\/www.fiscalia.gov.co\/colombia\/noticias\/a-la-carcel-profesor-por-el-presunto-abuso-de-dos-hermanitos-del-libano-tolima\/"]}]},{"@type":"ImageObject","inLanguage":"es-CO","@id":"https:\/\/www.fiscalia.gov.co\/colombia\/noticias\/a-la-carcel-profesor-por-el-presunto-abuso-de-dos-hermanitos-del-libano-tolima\/#primaryimage","url":"https:\/\/www.fiscalia.gov.co\/colombia\/wp-content\/uploads\/profesor-busador-libano-tolima-300x286.jpeg","contentUrl":"https:\/\/www.fiscalia.gov.co\/colombia\/wp-content\/uploads\/profesor-busador-libano-tolima-300x286.jpeg"},{"@type":"BreadcrumbList","@id":"https:\/\/www.fiscalia.gov.co\/colombia\/noticias\/a-la-carcel-profesor-por-el-presunto-abuso-de-dos-hermanitos-del-libano-tolima\/#breadcrumb","itemListElement":[{"@type":"ListItem","position":1,"name":"Home","item":"https:\/\/www.fiscalia.gov.co\/colombia\/"},{"@type":"ListItem","position":2,"name":"A la c\u00e1rcel profesor por el presunto abuso de dos hermanitos del L\u00edbano (Tolima)"}]},{"@type":"WebSite","@id":"https:\/\/www.fiscalia.gov.co\/colombia\/#website","url":"https:\/\/www.fiscalia.gov.co\/colombia\/","name":"Fiscal\u00eda General de la Naci\u00f3n","description":"P\u00e1gina oficial de la Fiscal\u00eda General de la Naci\u00f3n \u2013 Colombia. Garantizamos el acceso efectivo a la justicia, la verdad y la reparaci\u00f3n de las v\u00edctimas de los delitos.","publisher":{"@id":"https:\/\/www.fiscalia.gov.co\/colombia\/#organization"},"potentialAction":[{"@type":"SearchAction","target":{"@type":"EntryPoint","urlTemplate":"https:\/\/www.fiscalia.gov.co\/colombia\/?s={search_term_string}"},"query-input":{"@type":"PropertyValueSpecification","valueRequired":true,"valueName":"search_term_string"}}],"inLanguage":"es-CO"},{"@type":"Organization","@id":"https:\/\/www.fiscalia.gov.co\/colombia\/#organization","name":"Fiscal\u00eda General de la Naci\u00f3n","url":"https:\/\/www.fiscalia.gov.co\/colombia\/","logo":{"@type":"ImageObject","inLanguage":"es-CO","@id":"https:\/\/www.fiscalia.gov.co\/colombia\/#\/schema\/logo\/image\/","url":"https:\/\/www.fiscalia.gov.co\/colombia\/wp-content\/uploads\/LogoHorizontal_1.jpg","contentUrl":"https:\/\/www.fiscalia.gov.co\/colombia\/wp-content\/uploads\/LogoHorizontal_1.jpg","width":300,"height":90,"caption":"Fiscal\u00eda General de la Naci\u00f3n"},"image":{"@id":"https:\/\/www.fiscalia.gov.co\/colombia\/#\/schema\/logo\/image\/"},"sameAs":["https:\/\/www.facebook.com\/FiscaliaCol","https:\/\/x.com\/FiscaliaCol","https:\/\/www.instagram.com\/fiscaliacol","https:\/\/www.linkedin.com\/company\/fiscalia-general-de-la-naci-n\/","https:\/\/youtube.com\/@fiscaliageneraldelanacion-4668?si=6nN79nyQICPU5iTh"]},{"@type":"Person","@id":"https:\/\/www.fiscalia.gov.co\/colombia\/#\/schema\/person\/176195b99ebab0a52aafa15197e1bf80","name":"Winnie Geraldine Rodr\u00edguez Navarrete","image":{"@type":"ImageObject","inLanguage":"es-CO","@id":"https:\/\/www.fiscalia.gov.co\/colombia\/#\/schema\/person\/image\/","url":"https:\/\/secure.gravatar.com\/avatar\/c24cf8481dc84fa5e8c7b20bc95ab0c6?s=96&d=mm&r=g","contentUrl":"https:\/\/secure.gravatar.com\/avatar\/c24cf8481dc84fa5e8c7b20bc95ab0c6?s=96&d=mm&r=g","caption":"Winnie Geraldine Rodr\u00edguez Navarrete"},"url":"https:\/\/www.fiscalia.gov.co\/colombia\/author\/winnierodriguez\/"}]}},"_links":{"self":[{"href":"https:\/\/www.fiscalia.gov.co\/colombia\/wp-json\/wp\/v2\/posts\/275213","targetHints":{"allow":["GET"]}}],"collection":[{"href":"https:\/\/www.fiscalia.gov.co\/colombia\/wp-json\/wp\/v2\/posts"}],"about":[{"href":"https:\/\/www.fiscalia.gov.co\/colombia\/wp-json\/wp\/v2\/types\/post"}],"author":[{"embeddable":true,"href":"https:\/\/www.fiscalia.gov.co\/colombia\/wp-json\/wp\/v2\/users\/178"}],"replies":[{"embeddable":true,"href":"https:\/\/www.fiscalia.gov.co\/colombia\/wp-json\/wp\/v2\/comments?post=275213"}],"version-history":[{"count":3,"href":"https:\/\/www.fiscalia.gov.co\/colombia\/wp-json\/wp\/v2\/posts\/275213\/revisions"}],"predecessor-version":[{"id":275573,"href":"https:\/\/www.fiscalia.gov.co\/colombia\/wp-json\/wp\/v2\/posts\/275213\/revisions\/275573"}],"wp:attachment":[{"href":"https:\/\/www.fiscalia.gov.co\/colombia\/wp-json\/wp\/v2\/media?parent=275213"}],"wp:term":[{"taxonomy":"category","embeddable":true,"href":"https:\/\/www.fiscalia.gov.co\/colombia\/wp-json\/wp\/v2\/categories?post=275213"},{"taxonomy":"post_tag","embeddable":true,"href":"https:\/\/www.fiscalia.gov.co\/colombia\/wp-json\/wp\/v2\/tags?post=275213"}],"curies":[{"name":"wp","href":"https:\/\/api.w.org\/{rel}","templated":true}]}}