{"id":275141,"date":"2023-07-14T15:24:08","date_gmt":"2023-07-14T20:24:08","guid":{"rendered":"https:\/\/www.fiscalia.gov.co\/colombia\/?p=275141"},"modified":"2023-07-14T15:24:08","modified_gmt":"2023-07-14T20:24:08","slug":"fiscalia-obtuvo-dos-sentencias-condenatorias-de-9-y-8-anos-de-prision-por-el-delito-de-homicidio","status":"publish","type":"post","link":"https:\/\/www.fiscalia.gov.co\/colombia\/noticias\/fiscalia-obtuvo-dos-sentencias-condenatorias-de-9-y-8-anos-de-prision-por-el-delito-de-homicidio\/","title":{"rendered":"Fiscal\u00eda obtuvo dos sentencias condenatorias de 9 y 8 a\u00f1os de prisi\u00f3n por el delito de homicidio"},"content":{"rendered":"<h4 style=\"font-weight: 400;\"><strong><em>Uno de los sentenciados acept\u00f3 un preacuerdo con el ente investigador. Los dos cr\u00edmenes ocurrieron durante ri\u00f1as en la capital de Nari\u00f1o.\u00a0\u00a0<\/em><\/strong><\/h4>\n<p style=\"font-weight: 400;\">La Fiscal\u00eda General de la Naci\u00f3n logr\u00f3 que jueces penales del circuito de Pasto condenaran a dos personas a 9 y 8 a\u00f1os de prisi\u00f3n por cometer homicidio, durante hechos aislados en la capital de Nari\u00f1o.<\/p>\n<p style=\"font-weight: 400;\">En el primer caso, a 9 a\u00f1os de prisi\u00f3n fue condenado Jhon David Cort\u00e9s Cort\u00e9s, quien mediante preacuerdo con la Fiscal\u00eda Seccional acept\u00f3 su responsabilidad por el\u00a0<a href=\"https:\/\/www.fiscalia.gov.co\/colombia\/noticias\/un-hombre-fue-sentenciado-a-21-anos-y-5-meses-de-prision-por-un-homicidio-en-el-centro-de-cucuta\/\" data-saferedirecturl=\"https:\/\/www.google.com\/url?q=https:\/\/www.fiscalia.gov.co\/colombia\/noticias\/un-hombre-fue-sentenciado-a-21-anos-y-5-meses-de-prision-por-un-homicidio-en-el-centro-de-cucuta\/&amp;source=gmail&amp;ust=1689452106456000&amp;usg=AOvVaw2I03N597m0kfNedbVpLNZ_\">homicidio<\/a>\u00a0del ciudadano Edinson Andr\u00e9s Mart\u00ednez Matabanchoy.<\/p>\n<p style=\"font-weight: 400;\">Los hechos por los que Cort\u00e9s Cort\u00e9s fue sentenciado, ocurrieron el 15 de abril de 2023, en el barrio Santa M\u00f3nica de esta ciudad, en un establecimiento comercial. Ese d\u00eda hasta el sitio lleg\u00f3 un grupo de personas, entre las que se encontraban el agresor y la v\u00edctima, quienes habr\u00edan tenido un enfrentamiento semanas atr\u00e1s, y debido a la ingesta de licor reiniciaron una fuerte discusi\u00f3n verbal.<\/p>\n<p style=\"font-weight: 400;\">Seg\u00fan el proceso, los dos hombres salieron a la calle y en medio de la disputa, Cort\u00e9s Cort\u00e9s desenfund\u00f3 una arma cortopunzante y le propin\u00f3 varias pu\u00f1aladas a \u00c9dison Andr\u00e9s Mart\u00ednez, provoc\u00e1ndole la muerte.<\/p>\n<p style=\"font-weight: 400;\">Cometido el crimen, el sentenciado huy\u00f3 del lugar hacia el barrio Mercedario de esta ciudad, en donde fue capturado por agentes de la Polic\u00eda Nacional, siendo puesto a disposici\u00f3n de las autoridades competentes.<\/p>\n<p style=\"font-weight: 400;\">Un juez penal del circuito de Pasto Aval\u00f3 el preacuerdo entre el ente investigador y Jhon David Cort\u00e9s, siendo impuesta la pena de 108 meses de prisi\u00f3n, que qued\u00f3 en firme.<\/p>\n<p style=\"font-weight: 400;\"><strong>En una ri\u00f1a\u00a0<\/strong><\/p>\n<p style=\"font-weight: 400;\">Por su parte, un fiscal seccional de la Unidad de Vida logr\u00f3 que un juez penal del Circuito de Pasto (Nari\u00f1o) sentenciara a 8 a\u00f1os y 6 meses de prisi\u00f3n a Norelkis del Carmen Naranjo Figuera, a quien le fue imputado el delito de homicidio.<\/p>\n<p style=\"font-weight: 400;\">Los hechos ocurrieron el 23 de noviembre de 2023 dentro de una vivienda ubicada en el barrio Villa Oriente de la capital de departamento, donde se registr\u00f3 una ri\u00f1a entre Carlos Alberto Jojoa Pardo y Wilson Oswaldo Arteaga Pardo, este \u00faltimo compa\u00f1ero sentimental de la condenada, de nacionalidad extranjera.<\/p>\n<p style=\"font-weight: 400;\">De acuerdo con el proceso, en el enfrentamiento verbal y f\u00edsico, Carlos Alberto Jojoa tom\u00f3 una parrilla de asar para golpear a la mujer, quien tom\u00f3 un\u00a0<a href=\"https:\/\/www.fiscalia.gov.co\/colombia\/noticias\/privado-de-la-libertad-un-hombre-quien-habria-agredido-a-un-adulto-mayor-con-un-cuchillo-en-buenaventura\/\" data-saferedirecturl=\"https:\/\/www.google.com\/url?q=https:\/\/www.fiscalia.gov.co\/colombia\/noticias\/privado-de-la-libertad-un-hombre-quien-habria-agredido-a-un-adulto-mayor-con-un-cuchillo-en-buenaventura\/&amp;source=gmail&amp;ust=1689452106456000&amp;usg=AOvVaw18JTlpR0Bz9_75DsfRxLs-\">cuchillo<\/a>\u00a0y le propin\u00f3 seis pu\u00f1aladas al presunto agresor.<\/p>\n<p style=\"font-weight: 400;\">La v\u00edctima alcanz\u00f3 a ser trasladada a un centro hospitalario donde recibi\u00f3 atenci\u00f3n m\u00e9dica especializada, pero d\u00edas despu\u00e9s falleci\u00f3.<\/p>\n<p style=\"font-weight: 400;\">La condena contra Norelkis Naranjo Figuera se impuso el 10 de julio de 2023 y qued\u00f3 en firme.<\/p>\n<p><strong><u>La\u00a0Fiscal\u00eda habla con resultados<\/u><\/strong><u>\u00a0<\/u><\/p>\n<p>&nbsp;<\/p>\n<p>&nbsp;<\/p>\n<p>&nbsp;<\/p>\n<p>&nbsp;<\/p>\n<p>&nbsp;<\/p>\n<p>&nbsp;<\/p>\n<p style=\"font-weight: 400;\">JGPV\/FAGH \/GAMM\/DSN<\/p>\n<p>&nbsp;<\/p>\n<p>&nbsp;<\/p>\n<p>&nbsp;<\/p>\n<p>&nbsp;<\/p>\n<p style=\"font-weight: 400;\">\n<div class=\"td-post-content tagdiv-type\">\n<p><em>La informaci\u00f3n contenida en este bolet\u00edn de prensa corresponde a la narraci\u00f3n de los hechos noticiosos objetivos, suministrados por los funcionarios encargados de adelantar las investigaciones penales al interior de la Fiscal\u00eda General de la Naci\u00f3n. Para el momento de la divulgaci\u00f3n de este comunicado, la situaci\u00f3n jur\u00eddica de la(s) persona(s) relacionada(s) se encuentra pendiente de resolver por la autoridad judicial competente, siempre bajo los preceptos de la presunci\u00f3n de inocencia, consagrados en el art\u00edculo 29 de la Constituci\u00f3n Pol\u00edtica y el art\u00edculo 7\u00ba de la Ley 906 de 2004.<\/em><\/p>\n<\/div>\n<footer>\n<div class=\"td-post-sharing-bottom\"><\/div>\n<\/footer>\n\n<div class=\"twitter-share\"><a href=\"https:\/\/twitter.com\/intent\/tweet?via=fiscaliacol\" class=\"twitter-share-button\">Tweet<\/a><\/div>\n","protected":false},"excerpt":{"rendered":"<p>Uno de los sentenciados acept\u00f3 un preacuerdo con el ente investigador. Los dos cr\u00edmenes ocurrieron durante ri\u00f1as en la capital de Nari\u00f1o.\u00a0\u00a0 La Fiscal\u00eda General de la Naci\u00f3n logr\u00f3 que [&hellip;]<\/p>\n","protected":false},"author":177,"featured_media":0,"comment_status":"closed","ping_status":"open","sticky":false,"template":"","format":"standard","meta":{"tdm_status":"","tdm_grid_status":"","footnotes":""},"categories":[1,334,303,24099],"tags":[24185,1047,409,23992],"class_list":["post-275141","post","type-post","status-publish","format-standard","category-noticias","category-seccional-pasto","category-seccionales","category-seguridad-territorial","tag-fiscal-barbosa","tag-fiscalia-general-de-la-nacion","tag-homicidio","tag-pasto-narino"],"yoast_head":"<!-- This site is optimized with the Yoast SEO plugin v24.3 - https:\/\/yoast.com\/wordpress\/plugins\/seo\/ -->\n<title>Fiscal\u00eda General de la Naci\u00f3n<\/title>\n<meta name=\"description\" content=\"P\u00e1gina oficial de la Fiscal\u00eda General de la Naci\u00f3n \u2013 Colombia. Garantizamos el acceso efectivo a la justicia, la verdad y la reparaci\u00f3n de las v\u00edctimas de los delitos.\" \/>\n<meta name=\"robots\" content=\"noindex, follow\" \/>\n<meta property=\"og:locale\" content=\"es_ES\" \/>\n<meta property=\"og:type\" content=\"article\" \/>\n<meta property=\"og:title\" content=\"Fiscal\u00eda General de la Naci\u00f3n\" \/>\n<meta property=\"og:description\" content=\"P\u00e1gina oficial de la Fiscal\u00eda General de la Naci\u00f3n \u2013 Colombia. Garantizamos el acceso efectivo a la justicia, la verdad y la reparaci\u00f3n de las v\u00edctimas de los delitos.\" \/>\n<meta property=\"og:url\" content=\"https:\/\/www.fiscalia.gov.co\/colombia\/noticias\/fiscalia-obtuvo-dos-sentencias-condenatorias-de-9-y-8-anos-de-prision-por-el-delito-de-homicidio\/\" \/>\n<meta property=\"og:site_name\" content=\"Fiscal\u00eda General de la Naci\u00f3n\" \/>\n<meta property=\"article:publisher\" content=\"https:\/\/www.facebook.com\/FiscaliaCol\" \/>\n<meta property=\"article:published_time\" content=\"2023-07-14T20:24:08+00:00\" \/>\n<meta name=\"author\" content=\"Jordan Leandro Oviedo Anzola\" \/>\n<meta name=\"twitter:card\" content=\"summary_large_image\" \/>\n<meta name=\"twitter:creator\" content=\"@FiscaliaCol\" \/>\n<meta name=\"twitter:site\" content=\"@FiscaliaCol\" \/>\n<meta name=\"twitter:label1\" content=\"Escrito por\" \/>\n\t<meta name=\"twitter:data1\" content=\"Jordan Leandro Oviedo Anzola\" \/>\n\t<meta name=\"twitter:label2\" content=\"Tiempo de lectura\" \/>\n\t<meta name=\"twitter:data2\" content=\"3 minutos\" \/>\n<script type=\"application\/ld+json\" class=\"yoast-schema-graph\">{\"@context\":\"https:\/\/schema.org\",\"@graph\":[{\"@type\":\"Article\",\"@id\":\"https:\/\/www.fiscalia.gov.co\/colombia\/noticias\/fiscalia-obtuvo-dos-sentencias-condenatorias-de-9-y-8-anos-de-prision-por-el-delito-de-homicidio\/#article\",\"isPartOf\":{\"@id\":\"https:\/\/www.fiscalia.gov.co\/colombia\/noticias\/fiscalia-obtuvo-dos-sentencias-condenatorias-de-9-y-8-anos-de-prision-por-el-delito-de-homicidio\/\"},\"author\":{\"name\":\"Jordan Leandro Oviedo Anzola\",\"@id\":\"https:\/\/www.fiscalia.gov.co\/colombia\/#\/schema\/person\/bf84402cf293a5393e9c70b111020b24\"},\"headline\":\"Fiscal\u00eda obtuvo dos sentencias condenatorias de 9 y 8 a\u00f1os de prisi\u00f3n por el delito de homicidio\",\"datePublished\":\"2023-07-14T20:24:08+00:00\",\"dateModified\":\"2023-07-14T20:24:08+00:00\",\"mainEntityOfPage\":{\"@id\":\"https:\/\/www.fiscalia.gov.co\/colombia\/noticias\/fiscalia-obtuvo-dos-sentencias-condenatorias-de-9-y-8-anos-de-prision-por-el-delito-de-homicidio\/\"},\"wordCount\":602,\"publisher\":{\"@id\":\"https:\/\/www.fiscalia.gov.co\/colombia\/#organization\"},\"keywords\":[\"Fiscal Barbosa\",\"Fiscal\u00eda General de la Naci\u00f3n\",\"Homicidio\",\"Pasto (Nari\u00f1o)\"],\"articleSection\":[\"Noticias\",\"Seccional Pasto\",\"Seccionales\",\"Seguridad territorial\"],\"inLanguage\":\"es-CO\"},{\"@type\":\"WebPage\",\"@id\":\"https:\/\/www.fiscalia.gov.co\/colombia\/noticias\/fiscalia-obtuvo-dos-sentencias-condenatorias-de-9-y-8-anos-de-prision-por-el-delito-de-homicidio\/\",\"url\":\"https:\/\/www.fiscalia.gov.co\/colombia\/noticias\/fiscalia-obtuvo-dos-sentencias-condenatorias-de-9-y-8-anos-de-prision-por-el-delito-de-homicidio\/\",\"name\":\"Fiscal\u00eda General de la Naci\u00f3n\",\"isPartOf\":{\"@id\":\"https:\/\/www.fiscalia.gov.co\/colombia\/#website\"},\"datePublished\":\"2023-07-14T20:24:08+00:00\",\"dateModified\":\"2023-07-14T20:24:08+00:00\",\"description\":\"P\u00e1gina oficial de la Fiscal\u00eda General de la Naci\u00f3n \u2013 Colombia. Garantizamos el acceso efectivo a la justicia, la verdad y la reparaci\u00f3n de las v\u00edctimas de los delitos.\",\"breadcrumb\":{\"@id\":\"https:\/\/www.fiscalia.gov.co\/colombia\/noticias\/fiscalia-obtuvo-dos-sentencias-condenatorias-de-9-y-8-anos-de-prision-por-el-delito-de-homicidio\/#breadcrumb\"},\"inLanguage\":\"es-CO\",\"potentialAction\":[{\"@type\":\"ReadAction\",\"target\":[\"https:\/\/www.fiscalia.gov.co\/colombia\/noticias\/fiscalia-obtuvo-dos-sentencias-condenatorias-de-9-y-8-anos-de-prision-por-el-delito-de-homicidio\/\"]}]},{\"@type\":\"BreadcrumbList\",\"@id\":\"https:\/\/www.fiscalia.gov.co\/colombia\/noticias\/fiscalia-obtuvo-dos-sentencias-condenatorias-de-9-y-8-anos-de-prision-por-el-delito-de-homicidio\/#breadcrumb\",\"itemListElement\":[{\"@type\":\"ListItem\",\"position\":1,\"name\":\"Home\",\"item\":\"https:\/\/www.fiscalia.gov.co\/colombia\/\"},{\"@type\":\"ListItem\",\"position\":2,\"name\":\"Fiscal\u00eda obtuvo dos sentencias condenatorias de 9 y 8 a\u00f1os de prisi\u00f3n por el delito de homicidio\"}]},{\"@type\":\"WebSite\",\"@id\":\"https:\/\/www.fiscalia.gov.co\/colombia\/#website\",\"url\":\"https:\/\/www.fiscalia.gov.co\/colombia\/\",\"name\":\"Fiscal\u00eda General de la Naci\u00f3n\",\"description\":\"P\u00e1gina oficial de la Fiscal\u00eda General de la Naci\u00f3n \u2013 Colombia. Garantizamos el acceso efectivo a la justicia, la verdad y la reparaci\u00f3n de las v\u00edctimas de los delitos.\",\"publisher\":{\"@id\":\"https:\/\/www.fiscalia.gov.co\/colombia\/#organization\"},\"potentialAction\":[{\"@type\":\"SearchAction\",\"target\":{\"@type\":\"EntryPoint\",\"urlTemplate\":\"https:\/\/www.fiscalia.gov.co\/colombia\/?s={search_term_string}\"},\"query-input\":{\"@type\":\"PropertyValueSpecification\",\"valueRequired\":true,\"valueName\":\"search_term_string\"}}],\"inLanguage\":\"es-CO\"},{\"@type\":\"Organization\",\"@id\":\"https:\/\/www.fiscalia.gov.co\/colombia\/#organization\",\"name\":\"Fiscal\u00eda General de la Naci\u00f3n\",\"url\":\"https:\/\/www.fiscalia.gov.co\/colombia\/\",\"logo\":{\"@type\":\"ImageObject\",\"inLanguage\":\"es-CO\",\"@id\":\"https:\/\/www.fiscalia.gov.co\/colombia\/#\/schema\/logo\/image\/\",\"url\":\"https:\/\/www.fiscalia.gov.co\/colombia\/wp-content\/uploads\/LogoHorizontal_1.jpg\",\"contentUrl\":\"https:\/\/www.fiscalia.gov.co\/colombia\/wp-content\/uploads\/LogoHorizontal_1.jpg\",\"width\":300,\"height\":90,\"caption\":\"Fiscal\u00eda General de la Naci\u00f3n\"},\"image\":{\"@id\":\"https:\/\/www.fiscalia.gov.co\/colombia\/#\/schema\/logo\/image\/\"},\"sameAs\":[\"https:\/\/www.facebook.com\/FiscaliaCol\",\"https:\/\/x.com\/FiscaliaCol\",\"https:\/\/www.instagram.com\/fiscaliacol\",\"https:\/\/www.linkedin.com\/company\/fiscalia-general-de-la-naci-n\/\",\"https:\/\/youtube.com\/@fiscaliageneraldelanacion-4668?si=6nN79nyQICPU5iTh\"]},{\"@type\":\"Person\",\"@id\":\"https:\/\/www.fiscalia.gov.co\/colombia\/#\/schema\/person\/bf84402cf293a5393e9c70b111020b24\",\"name\":\"Jordan Leandro Oviedo Anzola\",\"image\":{\"@type\":\"ImageObject\",\"inLanguage\":\"es-CO\",\"@id\":\"https:\/\/www.fiscalia.gov.co\/colombia\/#\/schema\/person\/image\/\",\"url\":\"https:\/\/secure.gravatar.com\/avatar\/dabba4346fa9b9207d96adafa8f92721?s=96&d=mm&r=g\",\"contentUrl\":\"https:\/\/secure.gravatar.com\/avatar\/dabba4346fa9b9207d96adafa8f92721?s=96&d=mm&r=g\",\"caption\":\"Jordan Leandro Oviedo Anzola\"},\"url\":\"https:\/\/www.fiscalia.gov.co\/colombia\/author\/joviedo\/\"}]}<\/script>\n<!-- \/ Yoast SEO plugin. -->","yoast_head_json":{"title":"Fiscal\u00eda General de la Naci\u00f3n","description":"P\u00e1gina oficial de la Fiscal\u00eda General de la Naci\u00f3n \u2013 Colombia. Garantizamos el acceso efectivo a la justicia, la verdad y la reparaci\u00f3n de las v\u00edctimas de los delitos.","robots":{"index":"noindex","follow":"follow"},"og_locale":"es_ES","og_type":"article","og_title":"Fiscal\u00eda General de la Naci\u00f3n","og_description":"P\u00e1gina oficial de la Fiscal\u00eda General de la Naci\u00f3n \u2013 Colombia. Garantizamos el acceso efectivo a la justicia, la verdad y la reparaci\u00f3n de las v\u00edctimas de los delitos.","og_url":"https:\/\/www.fiscalia.gov.co\/colombia\/noticias\/fiscalia-obtuvo-dos-sentencias-condenatorias-de-9-y-8-anos-de-prision-por-el-delito-de-homicidio\/","og_site_name":"Fiscal\u00eda General de la Naci\u00f3n","article_publisher":"https:\/\/www.facebook.com\/FiscaliaCol","article_published_time":"2023-07-14T20:24:08+00:00","author":"Jordan Leandro Oviedo Anzola","twitter_card":"summary_large_image","twitter_creator":"@FiscaliaCol","twitter_site":"@FiscaliaCol","twitter_misc":{"Escrito por":"Jordan Leandro Oviedo Anzola","Tiempo de lectura":"3 minutos"},"schema":{"@context":"https:\/\/schema.org","@graph":[{"@type":"Article","@id":"https:\/\/www.fiscalia.gov.co\/colombia\/noticias\/fiscalia-obtuvo-dos-sentencias-condenatorias-de-9-y-8-anos-de-prision-por-el-delito-de-homicidio\/#article","isPartOf":{"@id":"https:\/\/www.fiscalia.gov.co\/colombia\/noticias\/fiscalia-obtuvo-dos-sentencias-condenatorias-de-9-y-8-anos-de-prision-por-el-delito-de-homicidio\/"},"author":{"name":"Jordan Leandro Oviedo Anzola","@id":"https:\/\/www.fiscalia.gov.co\/colombia\/#\/schema\/person\/bf84402cf293a5393e9c70b111020b24"},"headline":"Fiscal\u00eda obtuvo dos sentencias condenatorias de 9 y 8 a\u00f1os de prisi\u00f3n por el delito de homicidio","datePublished":"2023-07-14T20:24:08+00:00","dateModified":"2023-07-14T20:24:08+00:00","mainEntityOfPage":{"@id":"https:\/\/www.fiscalia.gov.co\/colombia\/noticias\/fiscalia-obtuvo-dos-sentencias-condenatorias-de-9-y-8-anos-de-prision-por-el-delito-de-homicidio\/"},"wordCount":602,"publisher":{"@id":"https:\/\/www.fiscalia.gov.co\/colombia\/#organization"},"keywords":["Fiscal Barbosa","Fiscal\u00eda General de la Naci\u00f3n","Homicidio","Pasto (Nari\u00f1o)"],"articleSection":["Noticias","Seccional Pasto","Seccionales","Seguridad territorial"],"inLanguage":"es-CO"},{"@type":"WebPage","@id":"https:\/\/www.fiscalia.gov.co\/colombia\/noticias\/fiscalia-obtuvo-dos-sentencias-condenatorias-de-9-y-8-anos-de-prision-por-el-delito-de-homicidio\/","url":"https:\/\/www.fiscalia.gov.co\/colombia\/noticias\/fiscalia-obtuvo-dos-sentencias-condenatorias-de-9-y-8-anos-de-prision-por-el-delito-de-homicidio\/","name":"Fiscal\u00eda General de la Naci\u00f3n","isPartOf":{"@id":"https:\/\/www.fiscalia.gov.co\/colombia\/#website"},"datePublished":"2023-07-14T20:24:08+00:00","dateModified":"2023-07-14T20:24:08+00:00","description":"P\u00e1gina oficial de la Fiscal\u00eda General de la Naci\u00f3n \u2013 Colombia. Garantizamos el acceso efectivo a la justicia, la verdad y la reparaci\u00f3n de las v\u00edctimas de los delitos.","breadcrumb":{"@id":"https:\/\/www.fiscalia.gov.co\/colombia\/noticias\/fiscalia-obtuvo-dos-sentencias-condenatorias-de-9-y-8-anos-de-prision-por-el-delito-de-homicidio\/#breadcrumb"},"inLanguage":"es-CO","potentialAction":[{"@type":"ReadAction","target":["https:\/\/www.fiscalia.gov.co\/colombia\/noticias\/fiscalia-obtuvo-dos-sentencias-condenatorias-de-9-y-8-anos-de-prision-por-el-delito-de-homicidio\/"]}]},{"@type":"BreadcrumbList","@id":"https:\/\/www.fiscalia.gov.co\/colombia\/noticias\/fiscalia-obtuvo-dos-sentencias-condenatorias-de-9-y-8-anos-de-prision-por-el-delito-de-homicidio\/#breadcrumb","itemListElement":[{"@type":"ListItem","position":1,"name":"Home","item":"https:\/\/www.fiscalia.gov.co\/colombia\/"},{"@type":"ListItem","position":2,"name":"Fiscal\u00eda obtuvo dos sentencias condenatorias de 9 y 8 a\u00f1os de prisi\u00f3n por el delito de homicidio"}]},{"@type":"WebSite","@id":"https:\/\/www.fiscalia.gov.co\/colombia\/#website","url":"https:\/\/www.fiscalia.gov.co\/colombia\/","name":"Fiscal\u00eda General de la Naci\u00f3n","description":"P\u00e1gina oficial de la Fiscal\u00eda General de la Naci\u00f3n \u2013 Colombia. Garantizamos el acceso efectivo a la justicia, la verdad y la reparaci\u00f3n de las v\u00edctimas de los delitos.","publisher":{"@id":"https:\/\/www.fiscalia.gov.co\/colombia\/#organization"},"potentialAction":[{"@type":"SearchAction","target":{"@type":"EntryPoint","urlTemplate":"https:\/\/www.fiscalia.gov.co\/colombia\/?s={search_term_string}"},"query-input":{"@type":"PropertyValueSpecification","valueRequired":true,"valueName":"search_term_string"}}],"inLanguage":"es-CO"},{"@type":"Organization","@id":"https:\/\/www.fiscalia.gov.co\/colombia\/#organization","name":"Fiscal\u00eda General de la Naci\u00f3n","url":"https:\/\/www.fiscalia.gov.co\/colombia\/","logo":{"@type":"ImageObject","inLanguage":"es-CO","@id":"https:\/\/www.fiscalia.gov.co\/colombia\/#\/schema\/logo\/image\/","url":"https:\/\/www.fiscalia.gov.co\/colombia\/wp-content\/uploads\/LogoHorizontal_1.jpg","contentUrl":"https:\/\/www.fiscalia.gov.co\/colombia\/wp-content\/uploads\/LogoHorizontal_1.jpg","width":300,"height":90,"caption":"Fiscal\u00eda General de la Naci\u00f3n"},"image":{"@id":"https:\/\/www.fiscalia.gov.co\/colombia\/#\/schema\/logo\/image\/"},"sameAs":["https:\/\/www.facebook.com\/FiscaliaCol","https:\/\/x.com\/FiscaliaCol","https:\/\/www.instagram.com\/fiscaliacol","https:\/\/www.linkedin.com\/company\/fiscalia-general-de-la-naci-n\/","https:\/\/youtube.com\/@fiscaliageneraldelanacion-4668?si=6nN79nyQICPU5iTh"]},{"@type":"Person","@id":"https:\/\/www.fiscalia.gov.co\/colombia\/#\/schema\/person\/bf84402cf293a5393e9c70b111020b24","name":"Jordan Leandro Oviedo Anzola","image":{"@type":"ImageObject","inLanguage":"es-CO","@id":"https:\/\/www.fiscalia.gov.co\/colombia\/#\/schema\/person\/image\/","url":"https:\/\/secure.gravatar.com\/avatar\/dabba4346fa9b9207d96adafa8f92721?s=96&d=mm&r=g","contentUrl":"https:\/\/secure.gravatar.com\/avatar\/dabba4346fa9b9207d96adafa8f92721?s=96&d=mm&r=g","caption":"Jordan Leandro Oviedo Anzola"},"url":"https:\/\/www.fiscalia.gov.co\/colombia\/author\/joviedo\/"}]}},"_links":{"self":[{"href":"https:\/\/www.fiscalia.gov.co\/colombia\/wp-json\/wp\/v2\/posts\/275141","targetHints":{"allow":["GET"]}}],"collection":[{"href":"https:\/\/www.fiscalia.gov.co\/colombia\/wp-json\/wp\/v2\/posts"}],"about":[{"href":"https:\/\/www.fiscalia.gov.co\/colombia\/wp-json\/wp\/v2\/types\/post"}],"author":[{"embeddable":true,"href":"https:\/\/www.fiscalia.gov.co\/colombia\/wp-json\/wp\/v2\/users\/177"}],"replies":[{"embeddable":true,"href":"https:\/\/www.fiscalia.gov.co\/colombia\/wp-json\/wp\/v2\/comments?post=275141"}],"version-history":[{"count":1,"href":"https:\/\/www.fiscalia.gov.co\/colombia\/wp-json\/wp\/v2\/posts\/275141\/revisions"}],"predecessor-version":[{"id":275142,"href":"https:\/\/www.fiscalia.gov.co\/colombia\/wp-json\/wp\/v2\/posts\/275141\/revisions\/275142"}],"wp:attachment":[{"href":"https:\/\/www.fiscalia.gov.co\/colombia\/wp-json\/wp\/v2\/media?parent=275141"}],"wp:term":[{"taxonomy":"category","embeddable":true,"href":"https:\/\/www.fiscalia.gov.co\/colombia\/wp-json\/wp\/v2\/categories?post=275141"},{"taxonomy":"post_tag","embeddable":true,"href":"https:\/\/www.fiscalia.gov.co\/colombia\/wp-json\/wp\/v2\/tags?post=275141"}],"curies":[{"name":"wp","href":"https:\/\/api.w.org\/{rel}","templated":true}]}}