{"id":275029,"date":"2023-07-13T11:40:28","date_gmt":"2023-07-13T16:40:28","guid":{"rendered":"https:\/\/www.fiscalia.gov.co\/colombia\/?p=275029"},"modified":"2023-07-13T11:40:28","modified_gmt":"2023-07-13T16:40:28","slug":"a-prision-hombre-quien-presuntamente-golpeo-amenazo-y-abuso-sexualmente-a-su-expareja-sentimental","status":"publish","type":"post","link":"https:\/\/www.fiscalia.gov.co\/colombia\/noticias\/a-prision-hombre-quien-presuntamente-golpeo-amenazo-y-abuso-sexualmente-a-su-expareja-sentimental\/","title":{"rendered":"A prisi\u00f3n hombre quien presuntamente golpe\u00f3, amenaz\u00f3 y abus\u00f3 sexualmente a su expareja sentimental"},"content":{"rendered":"<h4 style=\"font-weight: 400;\"><strong><em>De acuerdo al ente investigador el indiciado, al parecer, le peg\u00f3 en el rostro a su excompa\u00f1era, le rompi\u00f3 el tabique, la hiri\u00f3 con un destornillador y luego la oblig\u00f3 a tener relaciones sexuales.<\/em><\/strong><\/h4>\n<figure id=\"attachment_275030\" aria-describedby=\"caption-attachment-275030\" style=\"width: 696px\" class=\"wp-caption aligncenter\"><img loading=\"lazy\" decoding=\"async\" class=\"size-large wp-image-275030\" src=\"https:\/\/www.fiscalia.gov.co\/colombia\/wp-content\/uploads\/Oscar-Arizal-violencia-intrafamiliar-1024x756.jpeg\" alt=\"En la imagen se ve una persona capturada entre dos uniformados de la Polic\u00eda Nacional. \" width=\"696\" height=\"514\" srcset=\"https:\/\/www.fiscalia.gov.co\/colombia\/wp-content\/uploads\/Oscar-Arizal-violencia-intrafamiliar-1024x756.jpeg 1024w, https:\/\/www.fiscalia.gov.co\/colombia\/wp-content\/uploads\/Oscar-Arizal-violencia-intrafamiliar-300x221.jpeg 300w, https:\/\/www.fiscalia.gov.co\/colombia\/wp-content\/uploads\/Oscar-Arizal-violencia-intrafamiliar-768x567.jpeg 768w, https:\/\/www.fiscalia.gov.co\/colombia\/wp-content\/uploads\/Oscar-Arizal-violencia-intrafamiliar-1536x1134.jpeg 1536w, https:\/\/www.fiscalia.gov.co\/colombia\/wp-content\/uploads\/Oscar-Arizal-violencia-intrafamiliar-696x514.jpeg 696w, https:\/\/www.fiscalia.gov.co\/colombia\/wp-content\/uploads\/Oscar-Arizal-violencia-intrafamiliar-1068x788.jpeg 1068w, https:\/\/www.fiscalia.gov.co\/colombia\/wp-content\/uploads\/Oscar-Arizal-violencia-intrafamiliar-569x420.jpeg 569w, https:\/\/www.fiscalia.gov.co\/colombia\/wp-content\/uploads\/Oscar-Arizal-violencia-intrafamiliar-80x60.jpeg 80w, https:\/\/www.fiscalia.gov.co\/colombia\/wp-content\/uploads\/Oscar-Arizal-violencia-intrafamiliar.jpeg 1600w\" sizes=\"auto, (max-width: 696px) 100vw, 696px\" \/><figcaption id=\"caption-attachment-275030\" class=\"wp-caption-text\">El indiciado habr\u00eda abusado sexualmente de su expareja despu\u00e9s de agredirla f\u00edsicamente y dejarla herida.<\/figcaption><\/figure>\n<p style=\"font-weight: 400;\">Tras el acervo probatorio presentado por una fiscal del Centro de Atenci\u00f3n a V\u00edctimas de Violencia Intrafamiliar (Cavif), un juez dict\u00f3 medida de aseguramiento intramural en contra de \u00d3scar Mauricio Arizal Santos por el delito de violencia intrafamiliar con enfoque de g\u00e9nero.<\/p>\n<p style=\"font-weight: 400;\">Seg\u00fan los hechos materia de investigaci\u00f3n el 18 de junio del a\u00f1o en curso, el imputado habr\u00eda maltratado f\u00edsica, verbal, psicol\u00f3gica y sexualmente a su expareja con quien dur\u00f3 viviendo 16 a\u00f1os y con la cual tuvo tres hijos en com\u00fan.<\/p>\n<p style=\"font-weight: 400;\">Ese d\u00eda, seg\u00fan el expediente, Arizal Santo habr\u00eda golpeado a la v\u00edctima en el rostro rompi\u00e9ndole la boca y la nariz. Tambi\u00e9n le hizo una herida en la mano con un destornillador y en la cadera le peg\u00f3 mientras le gritaba groser\u00edas delante de una de sus hijas.<\/p>\n<p style=\"font-weight: 400;\">Cuando la mujer quiso escapar, al parecer, el imputado se par\u00f3 en la entrada de la vivienda ubicada en el barrio Nueva Esperanza, de Monter\u00eda y tras amenazarla de nuevo con el destornillador la oblig\u00f3 a tener relaciones sexuales, estando ella a\u00fan herida y sangrando.<\/p>\n<p style=\"font-weight: 400;\">Debido a las agresiones la v\u00edctima tuvo que ser llevada a un centro cl\u00ednico. Tras la valoraci\u00f3n m\u00e9dico legal fue incapacitada por 40 d\u00edas y debe regresar a nuevo reconocimiento para determinar posibles secuelas.<\/p>\n<p style=\"font-weight: 400;\">Funcionarios de la Polic\u00eda Nacional capturaron el 7 de julio en curso al imputado y tras las audiencias concentradas, donde no se allan\u00f3 a cargos, un juez lo envi\u00f3 a prisi\u00f3n.<\/p>\n<p><strong><u>La Fiscal\u00eda habla con resultados.<\/u><\/strong><\/p>\n<p style=\"font-weight: 400;\"><strong>Le puede interesar:<\/strong><\/p>\n<p style=\"font-weight: 400;\"><a href=\"https:\/\/www.fiscalia.gov.co\/colombia\/noticias\/a-la-carcel-dos-hombres-investigados-por-su-presunta-responsabilidad-en-delito-de-violencia-intrafamiliar\/\" data-saferedirecturl=\"https:\/\/www.google.com\/url?q=https:\/\/www.fiscalia.gov.co\/colombia\/noticias\/a-la-carcel-dos-hombres-investigados-por-su-presunta-responsabilidad-en-delito-de-violencia-intrafamiliar\/&amp;source=gmail&amp;ust=1689349314746000&amp;usg=AOvVaw3SQW3y0o5msNo14AvgRU42\">A la c\u00e1rcel dos hombres investigados por su presunta responsabilidad en delito de violencia intrafamiliar<\/a><\/p>\n<p><a href=\"https:\/\/www.fiscalia.gov.co\/colombia\/noticias\/a-la-carcel-un-hombre-investigado-por-abuso-sexual-y-violencia-intrafamiliar-contra-su-excompanera-sentimental\/\" data-saferedirecturl=\"https:\/\/www.google.com\/url?q=https:\/\/www.fiscalia.gov.co\/colombia\/noticias\/a-la-carcel-un-hombre-investigado-por-abuso-sexual-y-violencia-intrafamiliar-contra-su-excompanera-sentimental\/&amp;source=gmail&amp;ust=1689349314746000&amp;usg=AOvVaw0YHkhmluhPzJPPUuux2UQZ\">A la c\u00e1rcel un hombre investigado por abuso sexual y violencia intrafamiliar contra su excompa\u00f1era sentimental<\/a><\/p>\n<p>&nbsp;<\/p>\n<p>&nbsp;<\/p>\n<p>&nbsp;<\/p>\n<p>&nbsp;<\/p>\n<p>&nbsp;<\/p>\n<p>&nbsp;<\/p>\n<p style=\"font-weight: 400;\">VHGB\/SNF\/CTVT\/DSC<\/p>\n<p style=\"font-weight: 400;\">\n<p>&nbsp;<\/p>\n<p>&nbsp;<\/p>\n<p>&nbsp;<\/p>\n<p style=\"font-weight: 400;\"><em>La informaci\u00f3n contenida en este bolet\u00edn de prensa corresponde a la narraci\u00f3n de los hechos noticiosos objetivos, suministrados por los funcionarios encargados de adelantar las investigaciones penales al interior de la Fiscal\u00eda General de la Naci\u00f3n. Para el momento de la divulgaci\u00f3n de este comunicado, la situaci\u00f3n jur\u00eddica de la(s) persona(s) relacionada(s) se encuentra pendiente de resolver por la autoridad judicial competente, siempre bajo los preceptos de la presunci\u00f3n de inocencia, consagrados en el art\u00edculo 29 de la Constituci\u00f3n Pol\u00edtica y el art\u00edculo 7\u00ba de la Ley 906 de 2004.<\/em><\/p>\n\n<div class=\"twitter-share\"><a href=\"https:\/\/twitter.com\/intent\/tweet?via=fiscaliacol\" class=\"twitter-share-button\">Tweet<\/a><\/div>\n","protected":false},"excerpt":{"rendered":"<p>De acuerdo al ente investigador el indiciado, al parecer, le peg\u00f3 en el rostro a su excompa\u00f1era, le rompi\u00f3 el tabique, la hiri\u00f3 con un destornillador y luego la oblig\u00f3 a tener relaciones sexuales. Tras el acervo probatorio presentado por una fiscal del Centro de Atenci\u00f3n a V\u00edctimas de Violencia Intrafamiliar (Cavif), un juez dict\u00f3 [&hellip;]<\/p>\n","protected":false},"author":177,"featured_media":0,"comment_status":"closed","ping_status":"open","sticky":false,"template":"","format":"standard","meta":{"_price":"","_stock":"","_tribe_ticket_header":"","_tribe_default_ticket_provider":"","_tribe_ticket_capacity":"0","_ticket_start_date":"","_ticket_end_date":"","_tribe_ticket_show_description":"","_tribe_ticket_show_not_going":false,"_tribe_ticket_use_global_stock":"","_tribe_ticket_global_stock_level":"","_global_stock_mode":"","_global_stock_cap":"","_tribe_rsvp_for_event":"","_tribe_ticket_going_count":"","_tribe_ticket_not_going_count":"","_tribe_tickets_list":"[]","_tribe_ticket_has_attendee_info_fields":false,"tdm_status":"","tdm_grid_status":"","footnotes":""},"categories":[1,332,303,24127],"tags":[801,13531,13065,24187,1047,1185,23824,27117,558,682],"class_list":{"0":"post-275029","1":"post","2":"type-post","3":"status-publish","4":"format-standard","6":"category-noticias","7":"category-seccional-monteria","8":"category-seccionales","9":"category-violencia-sexual-e-intrafamiliar","10":"tag-abuso-sexual","11":"tag-cordoba","12":"tag-expareja","13":"tag-fiscalia-colombia","14":"tag-fiscalia-general-de-la-nacion","15":"tag-medida-de-aseguramiento","16":"tag-monteria","17":"tag-monteria-cordoba","18":"tag-policia-nacional","19":"tag-violencia-intrafamiliar"},"yoast_head":"<!-- This site is optimized with the Yoast SEO plugin v24.3 - https:\/\/yoast.com\/wordpress\/plugins\/seo\/ -->\n<title>Fiscal\u00eda General de la Naci\u00f3n<\/title>\n<meta name=\"description\" content=\"P\u00e1gina oficial de la Fiscal\u00eda General de la Naci\u00f3n \u2013 Colombia. Garantizamos el acceso efectivo a la justicia, la verdad y la reparaci\u00f3n de las v\u00edctimas de los delitos.\" \/>\n<meta name=\"robots\" content=\"noindex, follow\" \/>\n<meta property=\"og:locale\" content=\"es_ES\" \/>\n<meta property=\"og:type\" content=\"article\" \/>\n<meta property=\"og:title\" content=\"Fiscal\u00eda General de la Naci\u00f3n\" \/>\n<meta property=\"og:description\" content=\"P\u00e1gina oficial de la Fiscal\u00eda General de la Naci\u00f3n \u2013 Colombia. Garantizamos el acceso efectivo a la justicia, la verdad y la reparaci\u00f3n de las v\u00edctimas de los delitos.\" \/>\n<meta property=\"og:url\" content=\"https:\/\/www.fiscalia.gov.co\/colombia\/noticias\/a-prision-hombre-quien-presuntamente-golpeo-amenazo-y-abuso-sexualmente-a-su-expareja-sentimental\/\" \/>\n<meta property=\"og:site_name\" content=\"Fiscal\u00eda General de la Naci\u00f3n\" \/>\n<meta property=\"article:publisher\" content=\"https:\/\/www.facebook.com\/FiscaliaCol\" \/>\n<meta property=\"article:published_time\" content=\"2023-07-13T16:40:28+00:00\" \/>\n<meta property=\"og:image\" content=\"https:\/\/www.fiscalia.gov.co\/colombia\/wp-content\/uploads\/Oscar-Arizal-violencia-intrafamiliar-1024x756.jpeg\" \/>\n<meta name=\"author\" content=\"Jordan Leandro Oviedo Anzola\" \/>\n<meta name=\"twitter:card\" content=\"summary_large_image\" \/>\n<meta name=\"twitter:creator\" content=\"@FiscaliaCol\" \/>\n<meta name=\"twitter:site\" content=\"@FiscaliaCol\" \/>\n<meta name=\"twitter:label1\" content=\"Escrito por\" \/>\n\t<meta name=\"twitter:data1\" content=\"Jordan Leandro Oviedo Anzola\" \/>\n\t<meta name=\"twitter:label2\" content=\"Tiempo de lectura\" \/>\n\t<meta name=\"twitter:data2\" content=\"3 minutos\" \/>\n<script type=\"application\/ld+json\" class=\"yoast-schema-graph\">{\"@context\":\"https:\/\/schema.org\",\"@graph\":[{\"@type\":\"Article\",\"@id\":\"https:\/\/www.fiscalia.gov.co\/colombia\/noticias\/a-prision-hombre-quien-presuntamente-golpeo-amenazo-y-abuso-sexualmente-a-su-expareja-sentimental\/#article\",\"isPartOf\":{\"@id\":\"https:\/\/www.fiscalia.gov.co\/colombia\/noticias\/a-prision-hombre-quien-presuntamente-golpeo-amenazo-y-abuso-sexualmente-a-su-expareja-sentimental\/\"},\"author\":{\"name\":\"Jordan Leandro Oviedo Anzola\",\"@id\":\"https:\/\/www.fiscalia.gov.co\/colombia\/#\/schema\/person\/bf84402cf293a5393e9c70b111020b24\"},\"headline\":\"A prisi\u00f3n hombre quien presuntamente golpe\u00f3, amenaz\u00f3 y abus\u00f3 sexualmente a su expareja sentimental\",\"datePublished\":\"2023-07-13T16:40:28+00:00\",\"dateModified\":\"2023-07-13T16:40:28+00:00\",\"mainEntityOfPage\":{\"@id\":\"https:\/\/www.fiscalia.gov.co\/colombia\/noticias\/a-prision-hombre-quien-presuntamente-golpeo-amenazo-y-abuso-sexualmente-a-su-expareja-sentimental\/\"},\"wordCount\":497,\"publisher\":{\"@id\":\"https:\/\/www.fiscalia.gov.co\/colombia\/#organization\"},\"image\":{\"@id\":\"https:\/\/www.fiscalia.gov.co\/colombia\/noticias\/a-prision-hombre-quien-presuntamente-golpeo-amenazo-y-abuso-sexualmente-a-su-expareja-sentimental\/#primaryimage\"},\"thumbnailUrl\":\"https:\/\/www.fiscalia.gov.co\/colombia\/wp-content\/uploads\/Oscar-Arizal-violencia-intrafamiliar-1024x756.jpeg\",\"keywords\":[\"Abuso sexual\",\"C\u00f3rdoba\",\"Expareja\",\"Fiscal\u00eda Colombia\",\"Fiscal\u00eda General de la Naci\u00f3n\",\"Medida de aseguramiento\",\"Monter\u00eda\",\"Monter\u00eda -C\u00f3rdoba\",\"Polic\u00eda Nacional\",\"Violencia intrafamiliar\"],\"articleSection\":[\"Noticias\",\"Seccional Monter\u00eda\",\"Seccionales\",\"Violencia sexual e intrafamiliar\"],\"inLanguage\":\"es-CO\"},{\"@type\":\"WebPage\",\"@id\":\"https:\/\/www.fiscalia.gov.co\/colombia\/noticias\/a-prision-hombre-quien-presuntamente-golpeo-amenazo-y-abuso-sexualmente-a-su-expareja-sentimental\/\",\"url\":\"https:\/\/www.fiscalia.gov.co\/colombia\/noticias\/a-prision-hombre-quien-presuntamente-golpeo-amenazo-y-abuso-sexualmente-a-su-expareja-sentimental\/\",\"name\":\"Fiscal\u00eda General de la Naci\u00f3n\",\"isPartOf\":{\"@id\":\"https:\/\/www.fiscalia.gov.co\/colombia\/#website\"},\"primaryImageOfPage\":{\"@id\":\"https:\/\/www.fiscalia.gov.co\/colombia\/noticias\/a-prision-hombre-quien-presuntamente-golpeo-amenazo-y-abuso-sexualmente-a-su-expareja-sentimental\/#primaryimage\"},\"image\":{\"@id\":\"https:\/\/www.fiscalia.gov.co\/colombia\/noticias\/a-prision-hombre-quien-presuntamente-golpeo-amenazo-y-abuso-sexualmente-a-su-expareja-sentimental\/#primaryimage\"},\"thumbnailUrl\":\"https:\/\/www.fiscalia.gov.co\/colombia\/wp-content\/uploads\/Oscar-Arizal-violencia-intrafamiliar-1024x756.jpeg\",\"datePublished\":\"2023-07-13T16:40:28+00:00\",\"dateModified\":\"2023-07-13T16:40:28+00:00\",\"description\":\"P\u00e1gina oficial de la Fiscal\u00eda General de la Naci\u00f3n \u2013 Colombia. Garantizamos el acceso efectivo a la justicia, la verdad y la reparaci\u00f3n de las v\u00edctimas de los delitos.\",\"breadcrumb\":{\"@id\":\"https:\/\/www.fiscalia.gov.co\/colombia\/noticias\/a-prision-hombre-quien-presuntamente-golpeo-amenazo-y-abuso-sexualmente-a-su-expareja-sentimental\/#breadcrumb\"},\"inLanguage\":\"es-CO\",\"potentialAction\":[{\"@type\":\"ReadAction\",\"target\":[\"https:\/\/www.fiscalia.gov.co\/colombia\/noticias\/a-prision-hombre-quien-presuntamente-golpeo-amenazo-y-abuso-sexualmente-a-su-expareja-sentimental\/\"]}]},{\"@type\":\"ImageObject\",\"inLanguage\":\"es-CO\",\"@id\":\"https:\/\/www.fiscalia.gov.co\/colombia\/noticias\/a-prision-hombre-quien-presuntamente-golpeo-amenazo-y-abuso-sexualmente-a-su-expareja-sentimental\/#primaryimage\",\"url\":\"https:\/\/www.fiscalia.gov.co\/colombia\/wp-content\/uploads\/Oscar-Arizal-violencia-intrafamiliar-1024x756.jpeg\",\"contentUrl\":\"https:\/\/www.fiscalia.gov.co\/colombia\/wp-content\/uploads\/Oscar-Arizal-violencia-intrafamiliar-1024x756.jpeg\"},{\"@type\":\"BreadcrumbList\",\"@id\":\"https:\/\/www.fiscalia.gov.co\/colombia\/noticias\/a-prision-hombre-quien-presuntamente-golpeo-amenazo-y-abuso-sexualmente-a-su-expareja-sentimental\/#breadcrumb\",\"itemListElement\":[{\"@type\":\"ListItem\",\"position\":1,\"name\":\"Home\",\"item\":\"https:\/\/www.fiscalia.gov.co\/colombia\/\"},{\"@type\":\"ListItem\",\"position\":2,\"name\":\"A prisi\u00f3n hombre quien presuntamente golpe\u00f3, amenaz\u00f3 y abus\u00f3 sexualmente a su expareja sentimental\"}]},{\"@type\":\"WebSite\",\"@id\":\"https:\/\/www.fiscalia.gov.co\/colombia\/#website\",\"url\":\"https:\/\/www.fiscalia.gov.co\/colombia\/\",\"name\":\"Fiscal\u00eda General de la Naci\u00f3n\",\"description\":\"P\u00e1gina oficial de la Fiscal\u00eda General de la Naci\u00f3n \u2013 Colombia. Garantizamos el acceso efectivo a la justicia, la verdad y la reparaci\u00f3n de las v\u00edctimas de los delitos.\",\"publisher\":{\"@id\":\"https:\/\/www.fiscalia.gov.co\/colombia\/#organization\"},\"potentialAction\":[{\"@type\":\"SearchAction\",\"target\":{\"@type\":\"EntryPoint\",\"urlTemplate\":\"https:\/\/www.fiscalia.gov.co\/colombia\/?s={search_term_string}\"},\"query-input\":{\"@type\":\"PropertyValueSpecification\",\"valueRequired\":true,\"valueName\":\"search_term_string\"}}],\"inLanguage\":\"es-CO\"},{\"@type\":\"Organization\",\"@id\":\"https:\/\/www.fiscalia.gov.co\/colombia\/#organization\",\"name\":\"Fiscal\u00eda General de la Naci\u00f3n\",\"url\":\"https:\/\/www.fiscalia.gov.co\/colombia\/\",\"logo\":{\"@type\":\"ImageObject\",\"inLanguage\":\"es-CO\",\"@id\":\"https:\/\/www.fiscalia.gov.co\/colombia\/#\/schema\/logo\/image\/\",\"url\":\"https:\/\/www.fiscalia.gov.co\/colombia\/wp-content\/uploads\/LogoHorizontal_1.jpg\",\"contentUrl\":\"https:\/\/www.fiscalia.gov.co\/colombia\/wp-content\/uploads\/LogoHorizontal_1.jpg\",\"width\":300,\"height\":90,\"caption\":\"Fiscal\u00eda General de la Naci\u00f3n\"},\"image\":{\"@id\":\"https:\/\/www.fiscalia.gov.co\/colombia\/#\/schema\/logo\/image\/\"},\"sameAs\":[\"https:\/\/www.facebook.com\/FiscaliaCol\",\"https:\/\/x.com\/FiscaliaCol\",\"https:\/\/www.instagram.com\/fiscaliacol\",\"https:\/\/www.linkedin.com\/company\/fiscalia-general-de-la-naci-n\/\",\"https:\/\/youtube.com\/@fiscaliageneraldelanacion-4668?si=6nN79nyQICPU5iTh\"]},{\"@type\":\"Person\",\"@id\":\"https:\/\/www.fiscalia.gov.co\/colombia\/#\/schema\/person\/bf84402cf293a5393e9c70b111020b24\",\"name\":\"Jordan Leandro Oviedo Anzola\",\"image\":{\"@type\":\"ImageObject\",\"inLanguage\":\"es-CO\",\"@id\":\"https:\/\/www.fiscalia.gov.co\/colombia\/#\/schema\/person\/image\/\",\"url\":\"https:\/\/secure.gravatar.com\/avatar\/dabba4346fa9b9207d96adafa8f92721?s=96&d=mm&r=g\",\"contentUrl\":\"https:\/\/secure.gravatar.com\/avatar\/dabba4346fa9b9207d96adafa8f92721?s=96&d=mm&r=g\",\"caption\":\"Jordan Leandro Oviedo Anzola\"},\"url\":\"https:\/\/www.fiscalia.gov.co\/colombia\/author\/joviedo\/\"}]}<\/script>\n<!-- \/ Yoast SEO plugin. -->","yoast_head_json":{"title":"Fiscal\u00eda General de la Naci\u00f3n","description":"P\u00e1gina oficial de la Fiscal\u00eda General de la Naci\u00f3n \u2013 Colombia. Garantizamos el acceso efectivo a la justicia, la verdad y la reparaci\u00f3n de las v\u00edctimas de los delitos.","robots":{"index":"noindex","follow":"follow"},"og_locale":"es_ES","og_type":"article","og_title":"Fiscal\u00eda General de la Naci\u00f3n","og_description":"P\u00e1gina oficial de la Fiscal\u00eda General de la Naci\u00f3n \u2013 Colombia. Garantizamos el acceso efectivo a la justicia, la verdad y la reparaci\u00f3n de las v\u00edctimas de los delitos.","og_url":"https:\/\/www.fiscalia.gov.co\/colombia\/noticias\/a-prision-hombre-quien-presuntamente-golpeo-amenazo-y-abuso-sexualmente-a-su-expareja-sentimental\/","og_site_name":"Fiscal\u00eda General de la Naci\u00f3n","article_publisher":"https:\/\/www.facebook.com\/FiscaliaCol","article_published_time":"2023-07-13T16:40:28+00:00","og_image":[{"url":"https:\/\/www.fiscalia.gov.co\/colombia\/wp-content\/uploads\/Oscar-Arizal-violencia-intrafamiliar-1024x756.jpeg","type":"","width":"","height":""}],"author":"Jordan Leandro Oviedo Anzola","twitter_card":"summary_large_image","twitter_creator":"@FiscaliaCol","twitter_site":"@FiscaliaCol","twitter_misc":{"Escrito por":"Jordan Leandro Oviedo Anzola","Tiempo de lectura":"3 minutos"},"schema":{"@context":"https:\/\/schema.org","@graph":[{"@type":"Article","@id":"https:\/\/www.fiscalia.gov.co\/colombia\/noticias\/a-prision-hombre-quien-presuntamente-golpeo-amenazo-y-abuso-sexualmente-a-su-expareja-sentimental\/#article","isPartOf":{"@id":"https:\/\/www.fiscalia.gov.co\/colombia\/noticias\/a-prision-hombre-quien-presuntamente-golpeo-amenazo-y-abuso-sexualmente-a-su-expareja-sentimental\/"},"author":{"name":"Jordan Leandro Oviedo Anzola","@id":"https:\/\/www.fiscalia.gov.co\/colombia\/#\/schema\/person\/bf84402cf293a5393e9c70b111020b24"},"headline":"A prisi\u00f3n hombre quien presuntamente golpe\u00f3, amenaz\u00f3 y abus\u00f3 sexualmente a su expareja sentimental","datePublished":"2023-07-13T16:40:28+00:00","dateModified":"2023-07-13T16:40:28+00:00","mainEntityOfPage":{"@id":"https:\/\/www.fiscalia.gov.co\/colombia\/noticias\/a-prision-hombre-quien-presuntamente-golpeo-amenazo-y-abuso-sexualmente-a-su-expareja-sentimental\/"},"wordCount":497,"publisher":{"@id":"https:\/\/www.fiscalia.gov.co\/colombia\/#organization"},"image":{"@id":"https:\/\/www.fiscalia.gov.co\/colombia\/noticias\/a-prision-hombre-quien-presuntamente-golpeo-amenazo-y-abuso-sexualmente-a-su-expareja-sentimental\/#primaryimage"},"thumbnailUrl":"https:\/\/www.fiscalia.gov.co\/colombia\/wp-content\/uploads\/Oscar-Arizal-violencia-intrafamiliar-1024x756.jpeg","keywords":["Abuso sexual","C\u00f3rdoba","Expareja","Fiscal\u00eda Colombia","Fiscal\u00eda General de la Naci\u00f3n","Medida de aseguramiento","Monter\u00eda","Monter\u00eda -C\u00f3rdoba","Polic\u00eda Nacional","Violencia intrafamiliar"],"articleSection":["Noticias","Seccional Monter\u00eda","Seccionales","Violencia sexual e intrafamiliar"],"inLanguage":"es-CO"},{"@type":"WebPage","@id":"https:\/\/www.fiscalia.gov.co\/colombia\/noticias\/a-prision-hombre-quien-presuntamente-golpeo-amenazo-y-abuso-sexualmente-a-su-expareja-sentimental\/","url":"https:\/\/www.fiscalia.gov.co\/colombia\/noticias\/a-prision-hombre-quien-presuntamente-golpeo-amenazo-y-abuso-sexualmente-a-su-expareja-sentimental\/","name":"Fiscal\u00eda General de la Naci\u00f3n","isPartOf":{"@id":"https:\/\/www.fiscalia.gov.co\/colombia\/#website"},"primaryImageOfPage":{"@id":"https:\/\/www.fiscalia.gov.co\/colombia\/noticias\/a-prision-hombre-quien-presuntamente-golpeo-amenazo-y-abuso-sexualmente-a-su-expareja-sentimental\/#primaryimage"},"image":{"@id":"https:\/\/www.fiscalia.gov.co\/colombia\/noticias\/a-prision-hombre-quien-presuntamente-golpeo-amenazo-y-abuso-sexualmente-a-su-expareja-sentimental\/#primaryimage"},"thumbnailUrl":"https:\/\/www.fiscalia.gov.co\/colombia\/wp-content\/uploads\/Oscar-Arizal-violencia-intrafamiliar-1024x756.jpeg","datePublished":"2023-07-13T16:40:28+00:00","dateModified":"2023-07-13T16:40:28+00:00","description":"P\u00e1gina oficial de la Fiscal\u00eda General de la Naci\u00f3n \u2013 Colombia. Garantizamos el acceso efectivo a la justicia, la verdad y la reparaci\u00f3n de las v\u00edctimas de los delitos.","breadcrumb":{"@id":"https:\/\/www.fiscalia.gov.co\/colombia\/noticias\/a-prision-hombre-quien-presuntamente-golpeo-amenazo-y-abuso-sexualmente-a-su-expareja-sentimental\/#breadcrumb"},"inLanguage":"es-CO","potentialAction":[{"@type":"ReadAction","target":["https:\/\/www.fiscalia.gov.co\/colombia\/noticias\/a-prision-hombre-quien-presuntamente-golpeo-amenazo-y-abuso-sexualmente-a-su-expareja-sentimental\/"]}]},{"@type":"ImageObject","inLanguage":"es-CO","@id":"https:\/\/www.fiscalia.gov.co\/colombia\/noticias\/a-prision-hombre-quien-presuntamente-golpeo-amenazo-y-abuso-sexualmente-a-su-expareja-sentimental\/#primaryimage","url":"https:\/\/www.fiscalia.gov.co\/colombia\/wp-content\/uploads\/Oscar-Arizal-violencia-intrafamiliar-1024x756.jpeg","contentUrl":"https:\/\/www.fiscalia.gov.co\/colombia\/wp-content\/uploads\/Oscar-Arizal-violencia-intrafamiliar-1024x756.jpeg"},{"@type":"BreadcrumbList","@id":"https:\/\/www.fiscalia.gov.co\/colombia\/noticias\/a-prision-hombre-quien-presuntamente-golpeo-amenazo-y-abuso-sexualmente-a-su-expareja-sentimental\/#breadcrumb","itemListElement":[{"@type":"ListItem","position":1,"name":"Home","item":"https:\/\/www.fiscalia.gov.co\/colombia\/"},{"@type":"ListItem","position":2,"name":"A prisi\u00f3n hombre quien presuntamente golpe\u00f3, amenaz\u00f3 y abus\u00f3 sexualmente a su expareja sentimental"}]},{"@type":"WebSite","@id":"https:\/\/www.fiscalia.gov.co\/colombia\/#website","url":"https:\/\/www.fiscalia.gov.co\/colombia\/","name":"Fiscal\u00eda General de la Naci\u00f3n","description":"P\u00e1gina oficial de la Fiscal\u00eda General de la Naci\u00f3n \u2013 Colombia. Garantizamos el acceso efectivo a la justicia, la verdad y la reparaci\u00f3n de las v\u00edctimas de los delitos.","publisher":{"@id":"https:\/\/www.fiscalia.gov.co\/colombia\/#organization"},"potentialAction":[{"@type":"SearchAction","target":{"@type":"EntryPoint","urlTemplate":"https:\/\/www.fiscalia.gov.co\/colombia\/?s={search_term_string}"},"query-input":{"@type":"PropertyValueSpecification","valueRequired":true,"valueName":"search_term_string"}}],"inLanguage":"es-CO"},{"@type":"Organization","@id":"https:\/\/www.fiscalia.gov.co\/colombia\/#organization","name":"Fiscal\u00eda General de la Naci\u00f3n","url":"https:\/\/www.fiscalia.gov.co\/colombia\/","logo":{"@type":"ImageObject","inLanguage":"es-CO","@id":"https:\/\/www.fiscalia.gov.co\/colombia\/#\/schema\/logo\/image\/","url":"https:\/\/www.fiscalia.gov.co\/colombia\/wp-content\/uploads\/LogoHorizontal_1.jpg","contentUrl":"https:\/\/www.fiscalia.gov.co\/colombia\/wp-content\/uploads\/LogoHorizontal_1.jpg","width":300,"height":90,"caption":"Fiscal\u00eda General de la Naci\u00f3n"},"image":{"@id":"https:\/\/www.fiscalia.gov.co\/colombia\/#\/schema\/logo\/image\/"},"sameAs":["https:\/\/www.facebook.com\/FiscaliaCol","https:\/\/x.com\/FiscaliaCol","https:\/\/www.instagram.com\/fiscaliacol","https:\/\/www.linkedin.com\/company\/fiscalia-general-de-la-naci-n\/","https:\/\/youtube.com\/@fiscaliageneraldelanacion-4668?si=6nN79nyQICPU5iTh"]},{"@type":"Person","@id":"https:\/\/www.fiscalia.gov.co\/colombia\/#\/schema\/person\/bf84402cf293a5393e9c70b111020b24","name":"Jordan Leandro Oviedo Anzola","image":{"@type":"ImageObject","inLanguage":"es-CO","@id":"https:\/\/www.fiscalia.gov.co\/colombia\/#\/schema\/person\/image\/","url":"https:\/\/secure.gravatar.com\/avatar\/dabba4346fa9b9207d96adafa8f92721?s=96&d=mm&r=g","contentUrl":"https:\/\/secure.gravatar.com\/avatar\/dabba4346fa9b9207d96adafa8f92721?s=96&d=mm&r=g","caption":"Jordan Leandro Oviedo Anzola"},"url":"https:\/\/www.fiscalia.gov.co\/colombia\/author\/joviedo\/"}]}},"_links":{"self":[{"href":"https:\/\/www.fiscalia.gov.co\/colombia\/wp-json\/wp\/v2\/posts\/275029","targetHints":{"allow":["GET"]}}],"collection":[{"href":"https:\/\/www.fiscalia.gov.co\/colombia\/wp-json\/wp\/v2\/posts"}],"about":[{"href":"https:\/\/www.fiscalia.gov.co\/colombia\/wp-json\/wp\/v2\/types\/post"}],"author":[{"embeddable":true,"href":"https:\/\/www.fiscalia.gov.co\/colombia\/wp-json\/wp\/v2\/users\/177"}],"replies":[{"embeddable":true,"href":"https:\/\/www.fiscalia.gov.co\/colombia\/wp-json\/wp\/v2\/comments?post=275029"}],"version-history":[{"count":1,"href":"https:\/\/www.fiscalia.gov.co\/colombia\/wp-json\/wp\/v2\/posts\/275029\/revisions"}],"predecessor-version":[{"id":275031,"href":"https:\/\/www.fiscalia.gov.co\/colombia\/wp-json\/wp\/v2\/posts\/275029\/revisions\/275031"}],"wp:attachment":[{"href":"https:\/\/www.fiscalia.gov.co\/colombia\/wp-json\/wp\/v2\/media?parent=275029"}],"wp:term":[{"taxonomy":"category","embeddable":true,"href":"https:\/\/www.fiscalia.gov.co\/colombia\/wp-json\/wp\/v2\/categories?post=275029"},{"taxonomy":"post_tag","embeddable":true,"href":"https:\/\/www.fiscalia.gov.co\/colombia\/wp-json\/wp\/v2\/tags?post=275029"}],"curies":[{"name":"wp","href":"https:\/\/api.w.org\/{rel}","templated":true}]}}