{"id":274963,"date":"2023-07-12T08:34:14","date_gmt":"2023-07-12T13:34:14","guid":{"rendered":"https:\/\/www.fiscalia.gov.co\/colombia\/?p=274963"},"modified":"2023-07-12T08:34:14","modified_gmt":"2023-07-12T13:34:14","slug":"enviados-a-la-carcel-tres-hombres-por-casos-de-violencia-intrafamiliar-y-delitos-sexuales","status":"publish","type":"post","link":"https:\/\/www.fiscalia.gov.co\/colombia\/noticias\/enviados-a-la-carcel-tres-hombres-por-casos-de-violencia-intrafamiliar-y-delitos-sexuales\/","title":{"rendered":"Enviados a la c\u00e1rcel tres hombres por casos de violencia intrafamiliar y delitos sexuales"},"content":{"rendered":"<h4 class=\"m_-3512184423912373678xmsonormal\"><u><\/u><u><\/u><strong><i>Los padres biol\u00f3gicos de uno de los imputados y ex\u00a0compa\u00f1eras sentimentales de los detenidos, v\u00edctimas de los capturados por hechos ocurridos\u00a0en Yopal y Aguazul (Casanare).<\/i><\/strong><u><\/u><u><\/u><\/h4>\n<p class=\"m_-3512184423912373678xmsonormal\">Por solicitud de la Fiscal\u00eda General de la Naci\u00f3n fueron asegurados con detenci\u00f3n intramural tres hombres, quienes fueron capturados durante el fin de semana, por presuntas agresiones f\u00edsicas y sicol\u00f3gicas contra integrantes de sus familias.<u><\/u><u><\/u><\/p>\n<p class=\"m_-3512184423912373678xmsonormal\">Uno de los detenidos fue capturado en flagrancia. Por su parte, a dos personas m\u00e1s se les materializ\u00f3 las \u00f3rdenes de captura expedidas en su contra,\u00a0por uniformados de la Polic\u00eda y del Ej\u00e9rcito Nacional. Ninguno de los indiciados acept\u00f3 los cargos imputados por la Fiscal\u00eda.<u><\/u><u><\/u><\/p>\n<p class=\"m_-3512184423912373678xmsonormal\">Por presunto delito sexual, en el primero de los casos fue capturado en flagrancia Carlos Carre\u00f1o Ortega, la madrugada del 6 de julio en curso,\u00a0en una residencia del barrio Villa Flor de Yopal, hasta donde acudi\u00f3 la Polic\u00eda de vigilancia, ante los llamados de auxilio de la v\u00edctima y excompa\u00f1era del procesado.<u><\/u><u><\/u><\/p>\n<figure id=\"attachment_274964\" aria-describedby=\"caption-attachment-274964\" style=\"width: 696px\" class=\"wp-caption aligncenter\"><img loading=\"lazy\" decoding=\"async\" class=\"size-large wp-image-274964\" src=\"https:\/\/www.fiscalia.gov.co\/colombia\/wp-content\/uploads\/Carlos-Carreno-Ortega-delito-sexual-Casanare-1024x774.jpg\" alt=\"capturado de frente en pantaloneta y esposado manos atr\u00e1s, custodiado por dos uniformados de la Polic\u00eda Nacional. Detr\u00e1s banner de la Polic\u00eda Nacional.\" width=\"696\" height=\"526\" srcset=\"https:\/\/www.fiscalia.gov.co\/colombia\/wp-content\/uploads\/Carlos-Carreno-Ortega-delito-sexual-Casanare-1024x774.jpg 1024w, https:\/\/www.fiscalia.gov.co\/colombia\/wp-content\/uploads\/Carlos-Carreno-Ortega-delito-sexual-Casanare-300x227.jpg 300w, https:\/\/www.fiscalia.gov.co\/colombia\/wp-content\/uploads\/Carlos-Carreno-Ortega-delito-sexual-Casanare-768x581.jpg 768w, https:\/\/www.fiscalia.gov.co\/colombia\/wp-content\/uploads\/Carlos-Carreno-Ortega-delito-sexual-Casanare-1536x1162.jpg 1536w, https:\/\/www.fiscalia.gov.co\/colombia\/wp-content\/uploads\/Carlos-Carreno-Ortega-delito-sexual-Casanare-696x526.jpg 696w, https:\/\/www.fiscalia.gov.co\/colombia\/wp-content\/uploads\/Carlos-Carreno-Ortega-delito-sexual-Casanare-1068x808.jpg 1068w, https:\/\/www.fiscalia.gov.co\/colombia\/wp-content\/uploads\/Carlos-Carreno-Ortega-delito-sexual-Casanare-555x420.jpg 555w, https:\/\/www.fiscalia.gov.co\/colombia\/wp-content\/uploads\/Carlos-Carreno-Ortega-delito-sexual-Casanare-80x60.jpg 80w, https:\/\/www.fiscalia.gov.co\/colombia\/wp-content\/uploads\/Carlos-Carreno-Ortega-delito-sexual-Casanare.jpg 1600w\" sizes=\"auto, (max-width: 696px) 100vw, 696px\" \/><figcaption id=\"caption-attachment-274964\" class=\"wp-caption-text\">Capturado Carlos Carre\u00f1o Ortega por presunto delito sexual contra su expareja.<\/figcaption><\/figure>\n<p class=\"m_-3512184423912373678xmsonormal\">Seg\u00fan informaci\u00f3n Carre\u00f1o Ortega, de 26 a\u00f1os de edad, habr\u00eda ingresado sin autorizaci\u00f3n a la residencia de la v\u00edctima de 30 a\u00f1os, quien se encontraba durmiendo y luego de acusarla\u00a0de estar con otra persona le habr\u00eda realizado tocamientos violentos de \u00edndole sexual.\u00a0La Fiscal\u00eda imput\u00f3 cargos contra el presunto agresor por el delito de acceso carnal violento.<u><\/u><u><\/u><\/p>\n<p class=\"m_-3512184423912373678xmsonormal\">A su vez, por\u00a0presunta agresi\u00f3n f\u00edsica y verbal en contra de sus padres biol\u00f3gicos fue capturado Luis Freydith V\u00e1squez Monta\u00f1ez de 44 a\u00f1os, en hechos ocurridos en julio de 2021. Autoridades lo capturaron por\u00a0orden judicial,\u00a0el 6 de julio en v\u00eda p\u00fablica\u00a0del barrio El Para\u00edso.\u00a0<u><\/u><u><\/u><\/p>\n<figure id=\"attachment_274965\" aria-describedby=\"caption-attachment-274965\" style=\"width: 696px\" class=\"wp-caption aligncenter\"><img loading=\"lazy\" decoding=\"async\" class=\"size-large wp-image-274965\" src=\"https:\/\/www.fiscalia.gov.co\/colombia\/wp-content\/uploads\/Luis-Freydith-Vasquez-Montanez-violencia-intrafamiliar-Casanare-1024x948.jpg\" alt=\"Capturado en pantaloneta de frente esposado manos atr\u00e1s, custodiado por uniformados de la Polic\u00eda Nacional. Detr\u00e1s banner de la Polic\u00eda Nacional.\" width=\"696\" height=\"644\" srcset=\"https:\/\/www.fiscalia.gov.co\/colombia\/wp-content\/uploads\/Luis-Freydith-Vasquez-Montanez-violencia-intrafamiliar-Casanare-1024x948.jpg 1024w, https:\/\/www.fiscalia.gov.co\/colombia\/wp-content\/uploads\/Luis-Freydith-Vasquez-Montanez-violencia-intrafamiliar-Casanare-300x278.jpg 300w, https:\/\/www.fiscalia.gov.co\/colombia\/wp-content\/uploads\/Luis-Freydith-Vasquez-Montanez-violencia-intrafamiliar-Casanare-768x711.jpg 768w, https:\/\/www.fiscalia.gov.co\/colombia\/wp-content\/uploads\/Luis-Freydith-Vasquez-Montanez-violencia-intrafamiliar-Casanare-1536x1422.jpg 1536w, https:\/\/www.fiscalia.gov.co\/colombia\/wp-content\/uploads\/Luis-Freydith-Vasquez-Montanez-violencia-intrafamiliar-Casanare-696x644.jpg 696w, https:\/\/www.fiscalia.gov.co\/colombia\/wp-content\/uploads\/Luis-Freydith-Vasquez-Montanez-violencia-intrafamiliar-Casanare-1068x989.jpg 1068w, https:\/\/www.fiscalia.gov.co\/colombia\/wp-content\/uploads\/Luis-Freydith-Vasquez-Montanez-violencia-intrafamiliar-Casanare-454x420.jpg 454w, https:\/\/www.fiscalia.gov.co\/colombia\/wp-content\/uploads\/Luis-Freydith-Vasquez-Montanez-violencia-intrafamiliar-Casanare.jpg 1600w\" sizes=\"auto, (max-width: 696px) 100vw, 696px\" \/><figcaption id=\"caption-attachment-274965\" class=\"wp-caption-text\">Capturado Luis Freydith V\u00e1squez Monta\u00f1ez por presunta agresi\u00f3n a sus padres adultos mayores.<\/figcaption><\/figure>\n<p class=\"m_-3512184423912373678xmsonormal\">Se investiga si a pesar de haber\u00a0sido expulsado de su casa familiar les habr\u00eda causado da\u00f1o en\u00a0una visita. Fue imputado por\u00a0violencia intrafamiliar agravada con circunstancias de mayor punibilidad al haberse utilizado arma blanca en la comisi\u00f3n de la conducta delictiva.<u><\/u><u><\/u><\/p>\n<p class=\"m_-3512184423912373678xmsonormal\">Finalmente James Balmaceda Calder\u00f3n fue capturado, este 7 de julio por orden judicial, como presunto responsable de amenazar de muerte y golpear a su pareja, el 30 de mayo y 14 de junio del a\u00f1o en curso.<\/p>\n<figure id=\"attachment_274966\" aria-describedby=\"caption-attachment-274966\" style=\"width: 696px\" class=\"wp-caption aligncenter\"><img loading=\"lazy\" decoding=\"async\" class=\"size-large wp-image-274966\" src=\"https:\/\/www.fiscalia.gov.co\/colombia\/wp-content\/uploads\/James-Balmaceda-Calderon-violencia-intrafamiliar-Casanare-1024x724.jpg\" alt=\"Capturado de espaldas esposado, custodiado por dos uniformados de la Polic\u00eda Nacional. Detr\u00e1s banner de la Polic\u00eda Nacional.\" width=\"696\" height=\"492\" srcset=\"https:\/\/www.fiscalia.gov.co\/colombia\/wp-content\/uploads\/James-Balmaceda-Calderon-violencia-intrafamiliar-Casanare-1024x724.jpg 1024w, https:\/\/www.fiscalia.gov.co\/colombia\/wp-content\/uploads\/James-Balmaceda-Calderon-violencia-intrafamiliar-Casanare-300x212.jpg 300w, https:\/\/www.fiscalia.gov.co\/colombia\/wp-content\/uploads\/James-Balmaceda-Calderon-violencia-intrafamiliar-Casanare-768x543.jpg 768w, https:\/\/www.fiscalia.gov.co\/colombia\/wp-content\/uploads\/James-Balmaceda-Calderon-violencia-intrafamiliar-Casanare-1536x1086.jpg 1536w, https:\/\/www.fiscalia.gov.co\/colombia\/wp-content\/uploads\/James-Balmaceda-Calderon-violencia-intrafamiliar-Casanare-696x492.jpg 696w, https:\/\/www.fiscalia.gov.co\/colombia\/wp-content\/uploads\/James-Balmaceda-Calderon-violencia-intrafamiliar-Casanare-1068x755.jpg 1068w, https:\/\/www.fiscalia.gov.co\/colombia\/wp-content\/uploads\/James-Balmaceda-Calderon-violencia-intrafamiliar-Casanare-594x420.jpg 594w, https:\/\/www.fiscalia.gov.co\/colombia\/wp-content\/uploads\/James-Balmaceda-Calderon-violencia-intrafamiliar-Casanare-100x70.jpg 100w, https:\/\/www.fiscalia.gov.co\/colombia\/wp-content\/uploads\/James-Balmaceda-Calderon-violencia-intrafamiliar-Casanare.jpg 1600w\" sizes=\"auto, (max-width: 696px) 100vw, 696px\" \/><figcaption id=\"caption-attachment-274966\" class=\"wp-caption-text\">Capturado James Balmaceda Calder\u00f3n por presunta agresi\u00f3n f\u00edsica a su pareja.<\/figcaption><\/figure>\n<p class=\"m_-3512184423912373678xmsonormal\">El detenido, capturado en\u00a0el parque central de Aguazul,\u00a0habr\u00eda causado laceraciones de consideraci\u00f3n en el cuerpo de la\u00a0v\u00edctima y seg\u00fan la Fiscal\u00eda se encuentra en riesgo extremo. El victimario\u00a0tiene registrados cinco procesos por violencia intrafamiliar, dos por hurto y uno m\u00e1s por lesiones personales.<u><\/u><u><\/u><\/p>\n<p class=\"m_-3512184423912373678xmsonormal\">Deber\u00e1 responder el delito de\u00a0violencia intrafamiliar agravada.<u><\/u><u><\/u><\/p>\n<p><strong>La Fiscal\u00eda habla con resultados.<\/strong><\/p>\n<p>&nbsp;<\/p>\n<p>&nbsp;<\/p>\n<p>&nbsp;<\/p>\n<p>&nbsp;<\/p>\n<p>&nbsp;<\/p>\n<p>&nbsp;<\/p>\n<p class=\"m_-3512184423912373678xmsonormal\">PYMP\/VHGB\/APS\/DSC<u><\/u><u><\/u><\/p>\n<p class=\"m_-3512184423912373678xmsonormal\"><u><\/u>\u00a0<u><\/u><\/p>\n<p>&nbsp;<\/p>\n<p class=\"m_-3512184423912373678xmsonormal\"><u><\/u>\u00a0<u><\/u><\/p>\n<p class=\"m_-3512184423912373678xmsonormal\">\n<p>&nbsp;<\/p>\n<p>&nbsp;<\/p>\n<div class=\"td-post-content tagdiv-type\">\n<div class=\"td-post-content tagdiv-type\">\n<div class=\"td-post-content tagdiv-type\">\n<div class=\"td-post-content tagdiv-type\">\n<p><i>La informaci\u00f3n contenida en este bolet\u00edn de prensa corresponde a la narraci\u00f3n de los hechos noticiosos objetivos, suministrados por los funcionarios encargados de adelantar las investigaciones penales al interior de la Fiscal\u00eda General de la Naci\u00f3n. Para el momento de la divulgaci\u00f3n de este comunicado, la situaci\u00f3n jur\u00eddica de la(s) persona(s) relacionada(s) se encuentra pendiente de resolver por la autoridad judicial competente, siempre bajo los preceptos de la presunci\u00f3n de inocencia, consagrados en el art\u00edculo 29 de la Constituci\u00f3n Pol\u00edtica y el art\u00edculo 7\u00ba de la Ley 906 de 2004.\u00a0<\/i><\/p>\n<\/div>\n<\/div>\n<\/div>\n<\/div>\n\n<div class=\"twitter-share\"><a href=\"https:\/\/twitter.com\/intent\/tweet?via=fiscaliacol\" class=\"twitter-share-button\">Tweet<\/a><\/div>\n","protected":false},"excerpt":{"rendered":"<p>Los padres biol\u00f3gicos de uno de los imputados y ex\u00a0compa\u00f1eras sentimentales de los detenidos, v\u00edctimas de los capturados por hechos ocurridos\u00a0en Yopal y Aguazul (Casanare). Por solicitud de la Fiscal\u00eda [&hellip;]<\/p>\n","protected":false},"author":177,"featured_media":0,"comment_status":"closed","ping_status":"open","sticky":false,"template":"","format":"standard","meta":{"tdm_status":"","tdm_grid_status":"","footnotes":""},"categories":[1],"tags":[23966,5180,24841,35110,25853,28865,14766,31117,30836,682,24034],"class_list":["post-274963","post","type-post","status-publish","format-standard","category-noticias","tag-acceso-carnal-violento","tag-arma-blanca","tag-delito-sexual","tag-detencion-intramural","tag-excompanera","tag-padres-biologicos","tag-pareja","tag-riesgo-extremo","tag-tres-hombres","tag-violencia-intrafamiliar","tag-yopal-casanare"],"yoast_head":"<!-- This site is optimized with the Yoast SEO plugin v24.3 - https:\/\/yoast.com\/wordpress\/plugins\/seo\/ -->\n<title>Fiscal\u00eda General de la Naci\u00f3n<\/title>\n<meta name=\"description\" content=\"P\u00e1gina oficial de la Fiscal\u00eda General de la Naci\u00f3n \u2013 Colombia. Garantizamos el acceso efectivo a la justicia, la verdad y la reparaci\u00f3n de las v\u00edctimas de los delitos.\" \/>\n<meta name=\"robots\" content=\"noindex, follow\" \/>\n<meta property=\"og:locale\" content=\"es_ES\" \/>\n<meta property=\"og:type\" content=\"article\" \/>\n<meta property=\"og:title\" content=\"Fiscal\u00eda General de la Naci\u00f3n\" \/>\n<meta property=\"og:description\" content=\"P\u00e1gina oficial de la Fiscal\u00eda General de la Naci\u00f3n \u2013 Colombia. Garantizamos el acceso efectivo a la justicia, la verdad y la reparaci\u00f3n de las v\u00edctimas de los delitos.\" \/>\n<meta property=\"og:url\" content=\"https:\/\/www.fiscalia.gov.co\/colombia\/noticias\/enviados-a-la-carcel-tres-hombres-por-casos-de-violencia-intrafamiliar-y-delitos-sexuales\/\" \/>\n<meta property=\"og:site_name\" content=\"Fiscal\u00eda General de la Naci\u00f3n\" \/>\n<meta property=\"article:publisher\" content=\"https:\/\/www.facebook.com\/FiscaliaCol\" \/>\n<meta property=\"article:published_time\" content=\"2023-07-12T13:34:14+00:00\" \/>\n<meta property=\"og:image\" content=\"https:\/\/www.fiscalia.gov.co\/colombia\/wp-content\/uploads\/Carlos-Carreno-Ortega-delito-sexual-Casanare-1024x774.jpg\" \/>\n<meta name=\"author\" content=\"Jordan Leandro Oviedo Anzola\" \/>\n<meta name=\"twitter:card\" content=\"summary_large_image\" \/>\n<meta name=\"twitter:creator\" content=\"@FiscaliaCol\" \/>\n<meta name=\"twitter:site\" content=\"@FiscaliaCol\" \/>\n<meta name=\"twitter:label1\" content=\"Escrito por\" \/>\n\t<meta name=\"twitter:data1\" content=\"Jordan Leandro Oviedo Anzola\" \/>\n\t<meta name=\"twitter:label2\" content=\"Tiempo de lectura\" \/>\n\t<meta name=\"twitter:data2\" content=\"3 minutos\" \/>\n<script type=\"application\/ld+json\" class=\"yoast-schema-graph\">{\"@context\":\"https:\/\/schema.org\",\"@graph\":[{\"@type\":\"Article\",\"@id\":\"https:\/\/www.fiscalia.gov.co\/colombia\/noticias\/enviados-a-la-carcel-tres-hombres-por-casos-de-violencia-intrafamiliar-y-delitos-sexuales\/#article\",\"isPartOf\":{\"@id\":\"https:\/\/www.fiscalia.gov.co\/colombia\/noticias\/enviados-a-la-carcel-tres-hombres-por-casos-de-violencia-intrafamiliar-y-delitos-sexuales\/\"},\"author\":{\"name\":\"Jordan Leandro Oviedo Anzola\",\"@id\":\"https:\/\/www.fiscalia.gov.co\/colombia\/#\/schema\/person\/bf84402cf293a5393e9c70b111020b24\"},\"headline\":\"Enviados a la c\u00e1rcel tres hombres por casos de violencia intrafamiliar y delitos sexuales\",\"datePublished\":\"2023-07-12T13:34:14+00:00\",\"dateModified\":\"2023-07-12T13:34:14+00:00\",\"mainEntityOfPage\":{\"@id\":\"https:\/\/www.fiscalia.gov.co\/colombia\/noticias\/enviados-a-la-carcel-tres-hombres-por-casos-de-violencia-intrafamiliar-y-delitos-sexuales\/\"},\"wordCount\":638,\"publisher\":{\"@id\":\"https:\/\/www.fiscalia.gov.co\/colombia\/#organization\"},\"image\":{\"@id\":\"https:\/\/www.fiscalia.gov.co\/colombia\/noticias\/enviados-a-la-carcel-tres-hombres-por-casos-de-violencia-intrafamiliar-y-delitos-sexuales\/#primaryimage\"},\"thumbnailUrl\":\"https:\/\/www.fiscalia.gov.co\/colombia\/wp-content\/uploads\/Carlos-Carreno-Ortega-delito-sexual-Casanare-1024x774.jpg\",\"keywords\":[\"Acceso carnal violento\",\"Arma Blanca\",\"delito sexual\",\"detenci\u00f3n intramural\",\"excompa\u00f1era\",\"padres biol\u00f3gicos\",\"Pareja\",\"riesgo extremo\",\"tres hombres\",\"Violencia intrafamiliar\",\"Yopal (Casanare)\"],\"articleSection\":[\"Noticias\"],\"inLanguage\":\"es-CO\"},{\"@type\":\"WebPage\",\"@id\":\"https:\/\/www.fiscalia.gov.co\/colombia\/noticias\/enviados-a-la-carcel-tres-hombres-por-casos-de-violencia-intrafamiliar-y-delitos-sexuales\/\",\"url\":\"https:\/\/www.fiscalia.gov.co\/colombia\/noticias\/enviados-a-la-carcel-tres-hombres-por-casos-de-violencia-intrafamiliar-y-delitos-sexuales\/\",\"name\":\"Fiscal\u00eda General de la Naci\u00f3n\",\"isPartOf\":{\"@id\":\"https:\/\/www.fiscalia.gov.co\/colombia\/#website\"},\"primaryImageOfPage\":{\"@id\":\"https:\/\/www.fiscalia.gov.co\/colombia\/noticias\/enviados-a-la-carcel-tres-hombres-por-casos-de-violencia-intrafamiliar-y-delitos-sexuales\/#primaryimage\"},\"image\":{\"@id\":\"https:\/\/www.fiscalia.gov.co\/colombia\/noticias\/enviados-a-la-carcel-tres-hombres-por-casos-de-violencia-intrafamiliar-y-delitos-sexuales\/#primaryimage\"},\"thumbnailUrl\":\"https:\/\/www.fiscalia.gov.co\/colombia\/wp-content\/uploads\/Carlos-Carreno-Ortega-delito-sexual-Casanare-1024x774.jpg\",\"datePublished\":\"2023-07-12T13:34:14+00:00\",\"dateModified\":\"2023-07-12T13:34:14+00:00\",\"description\":\"P\u00e1gina oficial de la Fiscal\u00eda General de la Naci\u00f3n \u2013 Colombia. Garantizamos el acceso efectivo a la justicia, la verdad y la reparaci\u00f3n de las v\u00edctimas de los delitos.\",\"breadcrumb\":{\"@id\":\"https:\/\/www.fiscalia.gov.co\/colombia\/noticias\/enviados-a-la-carcel-tres-hombres-por-casos-de-violencia-intrafamiliar-y-delitos-sexuales\/#breadcrumb\"},\"inLanguage\":\"es-CO\",\"potentialAction\":[{\"@type\":\"ReadAction\",\"target\":[\"https:\/\/www.fiscalia.gov.co\/colombia\/noticias\/enviados-a-la-carcel-tres-hombres-por-casos-de-violencia-intrafamiliar-y-delitos-sexuales\/\"]}]},{\"@type\":\"ImageObject\",\"inLanguage\":\"es-CO\",\"@id\":\"https:\/\/www.fiscalia.gov.co\/colombia\/noticias\/enviados-a-la-carcel-tres-hombres-por-casos-de-violencia-intrafamiliar-y-delitos-sexuales\/#primaryimage\",\"url\":\"https:\/\/www.fiscalia.gov.co\/colombia\/wp-content\/uploads\/Carlos-Carreno-Ortega-delito-sexual-Casanare.jpg\",\"contentUrl\":\"https:\/\/www.fiscalia.gov.co\/colombia\/wp-content\/uploads\/Carlos-Carreno-Ortega-delito-sexual-Casanare.jpg\",\"width\":1600,\"height\":1210,\"caption\":\"Capturado Carlos Carre\u00f1o Ortega por presunto delito sexual contra su expareja.\"},{\"@type\":\"BreadcrumbList\",\"@id\":\"https:\/\/www.fiscalia.gov.co\/colombia\/noticias\/enviados-a-la-carcel-tres-hombres-por-casos-de-violencia-intrafamiliar-y-delitos-sexuales\/#breadcrumb\",\"itemListElement\":[{\"@type\":\"ListItem\",\"position\":1,\"name\":\"Home\",\"item\":\"https:\/\/www.fiscalia.gov.co\/colombia\/\"},{\"@type\":\"ListItem\",\"position\":2,\"name\":\"Enviados a la c\u00e1rcel tres hombres por casos de violencia intrafamiliar y delitos sexuales\"}]},{\"@type\":\"WebSite\",\"@id\":\"https:\/\/www.fiscalia.gov.co\/colombia\/#website\",\"url\":\"https:\/\/www.fiscalia.gov.co\/colombia\/\",\"name\":\"Fiscal\u00eda General de la Naci\u00f3n\",\"description\":\"P\u00e1gina oficial de la Fiscal\u00eda General de la Naci\u00f3n \u2013 Colombia. Garantizamos el acceso efectivo a la justicia, la verdad y la reparaci\u00f3n de las v\u00edctimas de los delitos.\",\"publisher\":{\"@id\":\"https:\/\/www.fiscalia.gov.co\/colombia\/#organization\"},\"potentialAction\":[{\"@type\":\"SearchAction\",\"target\":{\"@type\":\"EntryPoint\",\"urlTemplate\":\"https:\/\/www.fiscalia.gov.co\/colombia\/?s={search_term_string}\"},\"query-input\":{\"@type\":\"PropertyValueSpecification\",\"valueRequired\":true,\"valueName\":\"search_term_string\"}}],\"inLanguage\":\"es-CO\"},{\"@type\":\"Organization\",\"@id\":\"https:\/\/www.fiscalia.gov.co\/colombia\/#organization\",\"name\":\"Fiscal\u00eda General de la Naci\u00f3n\",\"url\":\"https:\/\/www.fiscalia.gov.co\/colombia\/\",\"logo\":{\"@type\":\"ImageObject\",\"inLanguage\":\"es-CO\",\"@id\":\"https:\/\/www.fiscalia.gov.co\/colombia\/#\/schema\/logo\/image\/\",\"url\":\"https:\/\/www.fiscalia.gov.co\/colombia\/wp-content\/uploads\/LogoHorizontal_1.jpg\",\"contentUrl\":\"https:\/\/www.fiscalia.gov.co\/colombia\/wp-content\/uploads\/LogoHorizontal_1.jpg\",\"width\":300,\"height\":90,\"caption\":\"Fiscal\u00eda General de la Naci\u00f3n\"},\"image\":{\"@id\":\"https:\/\/www.fiscalia.gov.co\/colombia\/#\/schema\/logo\/image\/\"},\"sameAs\":[\"https:\/\/www.facebook.com\/FiscaliaCol\",\"https:\/\/x.com\/FiscaliaCol\",\"https:\/\/www.instagram.com\/fiscaliacol\",\"https:\/\/www.linkedin.com\/company\/fiscalia-general-de-la-naci-n\/\",\"https:\/\/youtube.com\/@fiscaliageneraldelanacion-4668?si=6nN79nyQICPU5iTh\"]},{\"@type\":\"Person\",\"@id\":\"https:\/\/www.fiscalia.gov.co\/colombia\/#\/schema\/person\/bf84402cf293a5393e9c70b111020b24\",\"name\":\"Jordan Leandro Oviedo Anzola\",\"image\":{\"@type\":\"ImageObject\",\"inLanguage\":\"es-CO\",\"@id\":\"https:\/\/www.fiscalia.gov.co\/colombia\/#\/schema\/person\/image\/\",\"url\":\"https:\/\/secure.gravatar.com\/avatar\/dabba4346fa9b9207d96adafa8f92721?s=96&d=mm&r=g\",\"contentUrl\":\"https:\/\/secure.gravatar.com\/avatar\/dabba4346fa9b9207d96adafa8f92721?s=96&d=mm&r=g\",\"caption\":\"Jordan Leandro Oviedo Anzola\"},\"url\":\"https:\/\/www.fiscalia.gov.co\/colombia\/author\/joviedo\/\"}]}<\/script>\n<!-- \/ Yoast SEO plugin. -->","yoast_head_json":{"title":"Fiscal\u00eda General de la Naci\u00f3n","description":"P\u00e1gina oficial de la Fiscal\u00eda General de la Naci\u00f3n \u2013 Colombia. Garantizamos el acceso efectivo a la justicia, la verdad y la reparaci\u00f3n de las v\u00edctimas de los delitos.","robots":{"index":"noindex","follow":"follow"},"og_locale":"es_ES","og_type":"article","og_title":"Fiscal\u00eda General de la Naci\u00f3n","og_description":"P\u00e1gina oficial de la Fiscal\u00eda General de la Naci\u00f3n \u2013 Colombia. Garantizamos el acceso efectivo a la justicia, la verdad y la reparaci\u00f3n de las v\u00edctimas de los delitos.","og_url":"https:\/\/www.fiscalia.gov.co\/colombia\/noticias\/enviados-a-la-carcel-tres-hombres-por-casos-de-violencia-intrafamiliar-y-delitos-sexuales\/","og_site_name":"Fiscal\u00eda General de la Naci\u00f3n","article_publisher":"https:\/\/www.facebook.com\/FiscaliaCol","article_published_time":"2023-07-12T13:34:14+00:00","og_image":[{"url":"https:\/\/www.fiscalia.gov.co\/colombia\/wp-content\/uploads\/Carlos-Carreno-Ortega-delito-sexual-Casanare-1024x774.jpg","type":"","width":"","height":""}],"author":"Jordan Leandro Oviedo Anzola","twitter_card":"summary_large_image","twitter_creator":"@FiscaliaCol","twitter_site":"@FiscaliaCol","twitter_misc":{"Escrito por":"Jordan Leandro Oviedo Anzola","Tiempo de lectura":"3 minutos"},"schema":{"@context":"https:\/\/schema.org","@graph":[{"@type":"Article","@id":"https:\/\/www.fiscalia.gov.co\/colombia\/noticias\/enviados-a-la-carcel-tres-hombres-por-casos-de-violencia-intrafamiliar-y-delitos-sexuales\/#article","isPartOf":{"@id":"https:\/\/www.fiscalia.gov.co\/colombia\/noticias\/enviados-a-la-carcel-tres-hombres-por-casos-de-violencia-intrafamiliar-y-delitos-sexuales\/"},"author":{"name":"Jordan Leandro Oviedo Anzola","@id":"https:\/\/www.fiscalia.gov.co\/colombia\/#\/schema\/person\/bf84402cf293a5393e9c70b111020b24"},"headline":"Enviados a la c\u00e1rcel tres hombres por casos de violencia intrafamiliar y delitos sexuales","datePublished":"2023-07-12T13:34:14+00:00","dateModified":"2023-07-12T13:34:14+00:00","mainEntityOfPage":{"@id":"https:\/\/www.fiscalia.gov.co\/colombia\/noticias\/enviados-a-la-carcel-tres-hombres-por-casos-de-violencia-intrafamiliar-y-delitos-sexuales\/"},"wordCount":638,"publisher":{"@id":"https:\/\/www.fiscalia.gov.co\/colombia\/#organization"},"image":{"@id":"https:\/\/www.fiscalia.gov.co\/colombia\/noticias\/enviados-a-la-carcel-tres-hombres-por-casos-de-violencia-intrafamiliar-y-delitos-sexuales\/#primaryimage"},"thumbnailUrl":"https:\/\/www.fiscalia.gov.co\/colombia\/wp-content\/uploads\/Carlos-Carreno-Ortega-delito-sexual-Casanare-1024x774.jpg","keywords":["Acceso carnal violento","Arma Blanca","delito sexual","detenci\u00f3n intramural","excompa\u00f1era","padres biol\u00f3gicos","Pareja","riesgo extremo","tres hombres","Violencia intrafamiliar","Yopal (Casanare)"],"articleSection":["Noticias"],"inLanguage":"es-CO"},{"@type":"WebPage","@id":"https:\/\/www.fiscalia.gov.co\/colombia\/noticias\/enviados-a-la-carcel-tres-hombres-por-casos-de-violencia-intrafamiliar-y-delitos-sexuales\/","url":"https:\/\/www.fiscalia.gov.co\/colombia\/noticias\/enviados-a-la-carcel-tres-hombres-por-casos-de-violencia-intrafamiliar-y-delitos-sexuales\/","name":"Fiscal\u00eda General de la Naci\u00f3n","isPartOf":{"@id":"https:\/\/www.fiscalia.gov.co\/colombia\/#website"},"primaryImageOfPage":{"@id":"https:\/\/www.fiscalia.gov.co\/colombia\/noticias\/enviados-a-la-carcel-tres-hombres-por-casos-de-violencia-intrafamiliar-y-delitos-sexuales\/#primaryimage"},"image":{"@id":"https:\/\/www.fiscalia.gov.co\/colombia\/noticias\/enviados-a-la-carcel-tres-hombres-por-casos-de-violencia-intrafamiliar-y-delitos-sexuales\/#primaryimage"},"thumbnailUrl":"https:\/\/www.fiscalia.gov.co\/colombia\/wp-content\/uploads\/Carlos-Carreno-Ortega-delito-sexual-Casanare-1024x774.jpg","datePublished":"2023-07-12T13:34:14+00:00","dateModified":"2023-07-12T13:34:14+00:00","description":"P\u00e1gina oficial de la Fiscal\u00eda General de la Naci\u00f3n \u2013 Colombia. Garantizamos el acceso efectivo a la justicia, la verdad y la reparaci\u00f3n de las v\u00edctimas de los delitos.","breadcrumb":{"@id":"https:\/\/www.fiscalia.gov.co\/colombia\/noticias\/enviados-a-la-carcel-tres-hombres-por-casos-de-violencia-intrafamiliar-y-delitos-sexuales\/#breadcrumb"},"inLanguage":"es-CO","potentialAction":[{"@type":"ReadAction","target":["https:\/\/www.fiscalia.gov.co\/colombia\/noticias\/enviados-a-la-carcel-tres-hombres-por-casos-de-violencia-intrafamiliar-y-delitos-sexuales\/"]}]},{"@type":"ImageObject","inLanguage":"es-CO","@id":"https:\/\/www.fiscalia.gov.co\/colombia\/noticias\/enviados-a-la-carcel-tres-hombres-por-casos-de-violencia-intrafamiliar-y-delitos-sexuales\/#primaryimage","url":"https:\/\/www.fiscalia.gov.co\/colombia\/wp-content\/uploads\/Carlos-Carreno-Ortega-delito-sexual-Casanare.jpg","contentUrl":"https:\/\/www.fiscalia.gov.co\/colombia\/wp-content\/uploads\/Carlos-Carreno-Ortega-delito-sexual-Casanare.jpg","width":1600,"height":1210,"caption":"Capturado Carlos Carre\u00f1o Ortega por presunto delito sexual contra su expareja."},{"@type":"BreadcrumbList","@id":"https:\/\/www.fiscalia.gov.co\/colombia\/noticias\/enviados-a-la-carcel-tres-hombres-por-casos-de-violencia-intrafamiliar-y-delitos-sexuales\/#breadcrumb","itemListElement":[{"@type":"ListItem","position":1,"name":"Home","item":"https:\/\/www.fiscalia.gov.co\/colombia\/"},{"@type":"ListItem","position":2,"name":"Enviados a la c\u00e1rcel tres hombres por casos de violencia intrafamiliar y delitos sexuales"}]},{"@type":"WebSite","@id":"https:\/\/www.fiscalia.gov.co\/colombia\/#website","url":"https:\/\/www.fiscalia.gov.co\/colombia\/","name":"Fiscal\u00eda General de la Naci\u00f3n","description":"P\u00e1gina oficial de la Fiscal\u00eda General de la Naci\u00f3n \u2013 Colombia. Garantizamos el acceso efectivo a la justicia, la verdad y la reparaci\u00f3n de las v\u00edctimas de los delitos.","publisher":{"@id":"https:\/\/www.fiscalia.gov.co\/colombia\/#organization"},"potentialAction":[{"@type":"SearchAction","target":{"@type":"EntryPoint","urlTemplate":"https:\/\/www.fiscalia.gov.co\/colombia\/?s={search_term_string}"},"query-input":{"@type":"PropertyValueSpecification","valueRequired":true,"valueName":"search_term_string"}}],"inLanguage":"es-CO"},{"@type":"Organization","@id":"https:\/\/www.fiscalia.gov.co\/colombia\/#organization","name":"Fiscal\u00eda General de la Naci\u00f3n","url":"https:\/\/www.fiscalia.gov.co\/colombia\/","logo":{"@type":"ImageObject","inLanguage":"es-CO","@id":"https:\/\/www.fiscalia.gov.co\/colombia\/#\/schema\/logo\/image\/","url":"https:\/\/www.fiscalia.gov.co\/colombia\/wp-content\/uploads\/LogoHorizontal_1.jpg","contentUrl":"https:\/\/www.fiscalia.gov.co\/colombia\/wp-content\/uploads\/LogoHorizontal_1.jpg","width":300,"height":90,"caption":"Fiscal\u00eda General de la Naci\u00f3n"},"image":{"@id":"https:\/\/www.fiscalia.gov.co\/colombia\/#\/schema\/logo\/image\/"},"sameAs":["https:\/\/www.facebook.com\/FiscaliaCol","https:\/\/x.com\/FiscaliaCol","https:\/\/www.instagram.com\/fiscaliacol","https:\/\/www.linkedin.com\/company\/fiscalia-general-de-la-naci-n\/","https:\/\/youtube.com\/@fiscaliageneraldelanacion-4668?si=6nN79nyQICPU5iTh"]},{"@type":"Person","@id":"https:\/\/www.fiscalia.gov.co\/colombia\/#\/schema\/person\/bf84402cf293a5393e9c70b111020b24","name":"Jordan Leandro Oviedo Anzola","image":{"@type":"ImageObject","inLanguage":"es-CO","@id":"https:\/\/www.fiscalia.gov.co\/colombia\/#\/schema\/person\/image\/","url":"https:\/\/secure.gravatar.com\/avatar\/dabba4346fa9b9207d96adafa8f92721?s=96&d=mm&r=g","contentUrl":"https:\/\/secure.gravatar.com\/avatar\/dabba4346fa9b9207d96adafa8f92721?s=96&d=mm&r=g","caption":"Jordan Leandro Oviedo Anzola"},"url":"https:\/\/www.fiscalia.gov.co\/colombia\/author\/joviedo\/"}]}},"_links":{"self":[{"href":"https:\/\/www.fiscalia.gov.co\/colombia\/wp-json\/wp\/v2\/posts\/274963","targetHints":{"allow":["GET"]}}],"collection":[{"href":"https:\/\/www.fiscalia.gov.co\/colombia\/wp-json\/wp\/v2\/posts"}],"about":[{"href":"https:\/\/www.fiscalia.gov.co\/colombia\/wp-json\/wp\/v2\/types\/post"}],"author":[{"embeddable":true,"href":"https:\/\/www.fiscalia.gov.co\/colombia\/wp-json\/wp\/v2\/users\/177"}],"replies":[{"embeddable":true,"href":"https:\/\/www.fiscalia.gov.co\/colombia\/wp-json\/wp\/v2\/comments?post=274963"}],"version-history":[{"count":1,"href":"https:\/\/www.fiscalia.gov.co\/colombia\/wp-json\/wp\/v2\/posts\/274963\/revisions"}],"predecessor-version":[{"id":274967,"href":"https:\/\/www.fiscalia.gov.co\/colombia\/wp-json\/wp\/v2\/posts\/274963\/revisions\/274967"}],"wp:attachment":[{"href":"https:\/\/www.fiscalia.gov.co\/colombia\/wp-json\/wp\/v2\/media?parent=274963"}],"wp:term":[{"taxonomy":"category","embeddable":true,"href":"https:\/\/www.fiscalia.gov.co\/colombia\/wp-json\/wp\/v2\/categories?post=274963"},{"taxonomy":"post_tag","embeddable":true,"href":"https:\/\/www.fiscalia.gov.co\/colombia\/wp-json\/wp\/v2\/tags?post=274963"}],"curies":[{"name":"wp","href":"https:\/\/api.w.org\/{rel}","templated":true}]}}